{"id":41579,"date":"2017-10-23T08:03:17","date_gmt":"2017-10-23T05:03:17","guid":{"rendered":"https:\/\/www.imobiliare.ro\/?p=41579"},"modified":"2017-10-23T08:03:17","modified_gmt":"2017-10-23T05:03:17","slug":"terencladire-in-centrul-bucurestiului-scoase-la-licitatie-vezi-pretul-de-pornire","status":"publish","type":"post","link":"https:\/\/www.imobiliare.ro\/imoexpert\/terencladire-in-centrul-bucurestiului-scoase-la-licitatie-vezi-pretul-de-pornire_db\/","title":{"rendered":"Teren+cl\u0103dire \u00een centrul Bucure\u0219tiului, scoase la licita\u021bie! Vezi pre\u021bul de pornire"},"content":{"rendered":"<div id=\"ez-toc-container\" class=\"ez-toc-v2_0_81 counter-hierarchy ez-toc-counter ez-toc-grey ez-toc-container-direction\">\n<p class=\"ez-toc-title\" style=\"cursor:inherit\">Table of Contents<\/p>\n<label for=\"ez-toc-cssicon-toggle-item-69ef1cb69919a\" class=\"ez-toc-cssicon-toggle-label\"><span class=\"ez-toc-cssicon\"><span class=\"eztoc-hide\" style=\"display:none;\">Toggle<\/span><span class=\"ez-toc-icon-toggle-span\"><svg style=\"fill: #999;color:#999\" xmlns=\"http:\/\/www.w3.org\/2000\/svg\" class=\"list-377408\" width=\"20px\" height=\"20px\" viewBox=\"0 0 24 24\" fill=\"none\"><path d=\"M6 6H4v2h2V6zm14 0H8v2h12V6zM4 11h2v2H4v-2zm16 0H8v2h12v-2zM4 16h2v2H4v-2zm16 0H8v2h12v-2z\" fill=\"currentColor\"><\/path><\/svg><svg style=\"fill: #999;color:#999\" class=\"arrow-unsorted-368013\" xmlns=\"http:\/\/www.w3.org\/2000\/svg\" width=\"10px\" height=\"10px\" viewBox=\"0 0 24 24\" version=\"1.2\" baseProfile=\"tiny\"><path d=\"M18.2 9.3l-6.2-6.3-6.2 6.3c-.2.2-.3.4-.3.7s.1.5.3.7c.2.2.4.3.7.3h11c.3 0 .5-.1.7-.3.2-.2.3-.5.3-.7s-.1-.5-.3-.7zM5.8 14.7l6.2 6.3 6.2-6.3c.2-.2.3-.5.3-.7s-.1-.5-.3-.7c-.2-.2-.4-.3-.7-.3h-11c-.3 0-.5.1-.7.3-.2.2-.3.5-.3.7s.1.5.3.7z\"\/><\/svg><\/span><\/span><\/label><input type=\"checkbox\"  id=\"ez-toc-cssicon-toggle-item-69ef1cb69919a\"  aria-label=\"Toggle\" \/><nav><ul class='ez-toc-list ez-toc-list-level-1 ' ><li class='ez-toc-page-1 ez-toc-heading-level-2'><a class=\"ez-toc-link ez-toc-heading-1\" href=\"https:\/\/www.imobiliare.ro\/imoexpert\/terencladire-in-centrul-bucurestiului-scoase-la-licitatie-vezi-pretul-de-pornire_db\/#Datorita_localizarii_favorabile_in_zona_Calea_Victoriei_oferta_a_atras_deja_interesul_catorva_zeci_de_potentiali_cumparatori\" >Datorit\u0103 localiz\u0103rii favorabile, \u00een zona Calea Victoriei, oferta a atras deja interesul c\u00e2torva zeci de poten\u021biali cump\u0103r\u0103tori.<\/a><\/li><li class='ez-toc-page-1 ez-toc-heading-level-2'><a class=\"ez-toc-link ez-toc-heading-2\" href=\"https:\/\/www.imobiliare.ro\/imoexpert\/terencladire-in-centrul-bucurestiului-scoase-la-licitatie-vezi-pretul-de-pornire_db\/#O_noua_constructie_in_locul_celei_actuale\" >O nou\u0103 construc\u021bie \u00een locul celei actuale<\/a><\/li><li class='ez-toc-page-1 ez-toc-heading-level-2'><a class=\"ez-toc-link ez-toc-heading-3\" href=\"https:\/\/www.imobiliare.ro\/imoexpert\/terencladire-in-centrul-bucurestiului-scoase-la-licitatie-vezi-pretul-de-pornire_db\/#Palatul_Telefoanelor_va_fi_consolidat\" >Palatul Telefoanelor va fi consolidat<\/a><\/li><\/ul><\/nav><\/div>\n<h2><span class=\"ez-toc-section\" id=\"Datorita_localizarii_favorabile_in_zona_Calea_Victoriei_oferta_a_atras_deja_interesul_catorva_zeci_de_potentiali_cumparatori\"><\/span><span style=\"color: #000000;\"><span style=\"font-size: small;\">Datorit\u0103 localiz\u0103rii favorabile, \u00een zona Calea Victoriei, oferta a atras deja interesul c\u00e2torva zeci de poten\u021biali cump\u0103r\u0103tori.<\/span><\/span><span class=\"ez-toc-section-end\"><\/span><\/h2>\n<p>Telekom Romania Communications a organizat s\u0103pt\u0103m\u00e2na trecut\u0103 o \u00eent\u00e2lnire cu peste 30 investitori de pe pia\u021ba imobiliar\u0103, pentru a prezenta \u00een detaliu oferta de v\u00e2nzare a unei propriet\u0103\u021bi situate \u00een centrul Capitalei, \u00een apropierea emblematicului Palat al Telefoanelor. Este vorba despre a\u0219a-numita \u201eCl\u0103dire Tandem\u201d <strong>(foto)<\/strong>, situat\u0103 pe, Str. Matei Millo, nr. 5, sectorul 1. \u201e\u00cen urma acestei \u00eent\u00e2lniri, Telekom Romania Communications va definitiva caietul de sarcini aferent licita\u021biei cu plic \u00eenchis, estimat\u0103 s\u0103 \u00eenceap\u0103 pe data de 1 noiembrie 2017\u201d, au precizat reprezentan\u021bii companiei.<\/p>\n<p><a class=\"article-body-links\"href=\"https:\/\/www.imobiliare.ro\/imoexpert\/wp-content\/uploads\/2017\/10\/cladirea-tandem.jpg\"><img loading=\"lazy\" decoding=\"async\" src=\"https:\/\/www.imobiliare.ro\/imoexpert\/wp-content\/uploads\/2017\/10\/cladirea-tandem.jpg\" alt=\"teren+cladire in centrul Bucurestiului, scoase la licitatie\" width=\"600\" height=\"450\" class=\"aligncenter size-full wp-image-41581\" srcset=\"https:\/\/www.imobiliare.ro\/imoexpert\/wp-content\/uploads\/2017\/10\/cladirea-tandem.jpg 600w, https:\/\/www.imobiliare.ro\/imoexpert\/wp-content\/uploads\/2017\/10\/cladirea-tandem-300x225.jpg 300w, https:\/\/www.imobiliare.ro\/imoexpert\/wp-content\/uploads\/2017\/10\/cladirea-tandem-130x97.jpg 130w\" sizes=\"auto, (max-width: 600px) 100vw, 600px\" \/><\/a><\/p>\n<h2><span class=\"ez-toc-section\" id=\"O_noua_constructie_in_locul_celei_actuale\"><\/span><span style=\"color: #000000;\"><span style=\"font-size: small;\">O nou\u0103 construc\u021bie \u00een locul celei actuale<\/span><\/span><span class=\"ez-toc-section-end\"><\/span><\/h2>\n<p>Proprietatea men\u021bionat\u0103 este compus\u0103 din teren intravilan, av\u00e2nd o suprafa\u021b\u0103 de 4.740 de metri p\u0103tra\u021bi, al\u0103turi de construc\u021bii (cu o suprafa\u021b\u0103 construit\u0103 la sol de 2.030 de metri p\u0103tra\u021bi), din care o cl\u0103dire de birouri cu un regim de \u00een\u0103l\u021bime de 2S+P+7 etaje \u0219i anexe. Suprafa\u021ba util\u0103 total\u0103 a propriet\u0103\u021bii este de 13.250 de metri p\u0103tra\u021bi, iar <em><strong>pre\u021bul de pornire pentru licita\u021bie este estimat la opt milioane de euro<\/strong><\/em>. <\/p>\n<blockquote><p><em>\u201eVariantele pe care Telekom Romania Communications le are \u00een vedere pentru aceast\u0103 tranzac\u021bie sunt v\u00e2nzarea \u0219i \u00eenchirierea ulterioar\u0103 de c\u0103tre companie a unui spa\u021biu din cl\u0103direa care va fi construit\u0103 de c\u0103tre cump\u0103r\u0103torul imobilului \u00een locul cl\u0103dirii existente sau v\u00e2nzarea simpl\u0103 a imobilului (teren \u0219i construc\u021bie existent\u0103). Valoarea de pia\u021b\u0103 a acestui imobil a fost stabilit\u0103 de evaluatori internationali independen\u021bi, iar c\u00e2\u0219tig\u0103torul licita\u021biei va fi entitatea cu cea mai avantajoas\u0103 ofert\u0103, at\u00e2t \u00een ceea ce prive\u0219te pre\u021bul, c\u00e2t \u0219i celelalte condi\u021bii relevante.\u201d<\/em><\/p>\n<p><em><strong>Telekom Romania Communications<\/strong><\/em><\/p><\/blockquote>\n<h2><span class=\"ez-toc-section\" id=\"Palatul_Telefoanelor_va_fi_consolidat\"><\/span><span style=\"color: #000000;\"><span style=\"font-size: small;\">Palatul Telefoanelor va fi consolidat<\/span><\/span><span class=\"ez-toc-section-end\"><\/span><\/h2>\n<p>Pe parcursul acestui an, divizia de imobiliare a companiei de telecomunica\u021bii a capitalizat 23 propriet\u0103\u021bi imobiliare, cu o valoare total\u0103 este de peste 10 milioane euro. Ca parte a aceleia\u0219i strategii de valorificare a activelor de care dispune, compania a demarat procedurile de ob\u021binere a autoriza\u021biei de construire pentru consolidarea Palatului Telefoanelor \u2013 o cl\u0103dire-simbol a Bucure\u0219tiului, construit\u0103 \u00een stilul art deco, \u00een anii &#8217;30. \u201eLa finalizarea lucr\u0103rilor de consolidare, Palatul Telefoanelor va fi folosit ca spa\u021biu de lucru pentru angaja\u021bii companiei, dar este luat\u0103 \u00een considerare \u0219i \u00eenchirierea spa\u021biului respectiv c\u0103tre poten\u021biali clien\u021bi de pe pia\u021b\u0103\u201d, precizeaz\u0103 reprezentan\u021bii Telekom.<\/p>\n","protected":false},"excerpt":{"rendered":"<p>Datorit\u0103 localiz\u0103rii favorabile, \u00een zona Calea Victoriei, oferta a atras deja interesul c\u00e2torva zeci de poten\u021biali cump\u0103r\u0103tori. Telekom Romania Communications a organizat s\u0103pt\u0103m\u00e2na trecut\u0103 o \u00eent\u00e2lnire cu peste 30 investitori de pe pia\u021ba imobiliar\u0103, pentru a prezenta \u00een detaliu oferta de v\u00e2nzare a unei propriet\u0103\u021bi situate \u00een centrul Capitalei, \u00een apropierea emblematicului Palat al Telefoanelor. [&hellip;]<\/p>\n","protected":false},"author":829,"featured_media":41581,"comment_status":"open","ping_status":"open","sticky":false,"template":"","format":"standard","meta":{"footnotes":""},"categories":[1406,259],"tags":[1455,1410,1411],"content_author":[],"class_list":["post-41579","post","type-post","status-publish","format-standard","has-post-thumbnail","hentry","category-concursuri","category-stiri","tag-lifestyle","tag-newsletter","tag-principal"],"yoast_head":"<!-- This site is optimized with the Yoast SEO Premium plugin v27.0 (Yoast SEO v27.0) - https:\/\/yoast.com\/product\/yoast-seo-premium-wordpress\/ -->\n<title>Teren+cl\u0103dire \u00een centrul Bucure\u0219tiului, scoase la licita\u021bie! Vezi pre\u021bul de pornire - Concursuri, \u0218tiri - ImoExpert<\/title>\n<meta name=\"description\" content=\"Datorit\u0103 localiz\u0103rii favorabile, \u00een zona Calea Victoriei, oferta a atras deja interesul c\u00e2torva zeci de poten\u021biali cump\u0103r\u0103tori. Telekom Romania\" \/>\n<meta name=\"robots\" content=\"index, follow\" \/>\n<link rel=\"canonical\" href=\"https:\/\/www.imobiliare.ro\/imoexpert\/terencladire-in-centrul-bucurestiului-scoase-la-licitatie-vezi-pretul-de-pornire_db\/\" \/>\n<meta property=\"og:locale\" content=\"ro_RO\" \/>\n<meta property=\"og:type\" content=\"article\" \/>\n<meta property=\"og:title\" content=\"Teren+cl\u0103dire \u00een centrul Bucure\u0219tiului, scoase la licita\u021bie! Vezi pre\u021bul de pornire\" \/>\n<meta property=\"og:description\" content=\"Datorit\u0103 localiz\u0103rii favorabile, \u00een zona Calea Victoriei, oferta a atras deja interesul c\u00e2torva zeci de poten\u021biali cump\u0103r\u0103tori. Telekom Romania\" \/>\n<meta property=\"og:url\" content=\"https:\/\/www.imobiliare.ro\/imoexpert\/terencladire-in-centrul-bucurestiului-scoase-la-licitatie-vezi-pretul-de-pornire_db\/\" \/>\n<meta property=\"og:site_name\" content=\"ImoExpert\" \/>\n<meta property=\"article:published_time\" content=\"2017-10-23T05:03:17+00:00\" \/>\n<meta property=\"og:image\" content=\"https:\/\/www.imobiliare.ro\/imoexpert\/wp-content\/uploads\/2017\/10\/cladirea-tandem.jpg\" \/>\n\t<meta property=\"og:image:width\" content=\"600\" \/>\n\t<meta property=\"og:image:height\" content=\"450\" \/>\n\t<meta property=\"og:image:type\" content=\"image\/jpeg\" \/>\n<meta name=\"author\" content=\"Adriana Dr\u0103gu\u0219in\" \/>\n<meta name=\"twitter:card\" content=\"summary_large_image\" \/>\n<meta name=\"twitter:label1\" content=\"Written by\" \/>\n\t<meta name=\"twitter:data1\" content=\"Adriana Dr\u0103gu\u0219in\" \/>\n\t<meta name=\"twitter:label2\" content=\"Est. reading time\" \/>\n\t<meta name=\"twitter:data2\" content=\"2 minute\" \/>\n<script type=\"application\/ld+json\" class=\"yoast-schema-graph\">{\"@context\":\"https:\/\/schema.org\",\"@graph\":[{\"@type\":\"Article\",\"@id\":\"https:\/\/www.imobiliare.ro\/imoexpert\/terencladire-in-centrul-bucurestiului-scoase-la-licitatie-vezi-pretul-de-pornire_db\/#article\",\"isPartOf\":{\"@id\":\"https:\/\/www.imobiliare.ro\/imoexpert\/terencladire-in-centrul-bucurestiului-scoase-la-licitatie-vezi-pretul-de-pornire_db\/\"},\"author\":{\"name\":\"Adriana Dr\u0103gu\u0219in\",\"@id\":\"https:\/\/www.imobiliare.ro\/imoexpert\/#\/schema\/person\/8c13b0297075010b896471fabf0d7790\"},\"headline\":\"Teren+cl\u0103dire \u00een centrul Bucure\u0219tiului, scoase la licita\u021bie! Vezi pre\u021bul de pornire\",\"datePublished\":\"2017-10-23T05:03:17+00:00\",\"mainEntityOfPage\":{\"@id\":\"https:\/\/www.imobiliare.ro\/imoexpert\/terencladire-in-centrul-bucurestiului-scoase-la-licitatie-vezi-pretul-de-pornire_db\/\"},\"wordCount\":442,\"commentCount\":0,\"publisher\":{\"@id\":\"https:\/\/www.imobiliare.ro\/imoexpert\/#organization\"},\"image\":{\"@id\":\"https:\/\/www.imobiliare.ro\/imoexpert\/terencladire-in-centrul-bucurestiului-scoase-la-licitatie-vezi-pretul-de-pornire_db\/#primaryimage\"},\"thumbnailUrl\":\"https:\/\/www.imobiliare.ro\/imoexpert\/wp-content\/uploads\/2017\/10\/cladirea-tandem.jpg\",\"keywords\":[\"Lifestyle\",\"newsletter\",\"principal\"],\"articleSection\":[\"Concursuri\",\"\u0218tiri\"],\"inLanguage\":\"en\",\"potentialAction\":[{\"@type\":\"CommentAction\",\"name\":\"Comment\",\"target\":[\"https:\/\/www.imobiliare.ro\/imoexpert\/terencladire-in-centrul-bucurestiului-scoase-la-licitatie-vezi-pretul-de-pornire_db\/#respond\"]}],\"copyrightYear\":\"2017\",\"copyrightHolder\":{\"@id\":\"https:\/\/www.imobiliare.ro\/imoexpert\/#organization\"}},{\"@type\":\"WebPage\",\"@id\":\"https:\/\/www.imobiliare.ro\/imoexpert\/terencladire-in-centrul-bucurestiului-scoase-la-licitatie-vezi-pretul-de-pornire_db\/\",\"url\":\"https:\/\/www.imobiliare.ro\/imoexpert\/terencladire-in-centrul-bucurestiului-scoase-la-licitatie-vezi-pretul-de-pornire_db\/\",\"name\":\"Teren+cl\u0103dire \u00een centrul Bucure\u0219tiului, scoase la licita\u021bie! Vezi pre\u021bul de pornire - Concursuri, \u0218tiri - ImoExpert\",\"isPartOf\":{\"@id\":\"https:\/\/www.imobiliare.ro\/imoexpert\/#website\"},\"primaryImageOfPage\":{\"@id\":\"https:\/\/www.imobiliare.ro\/imoexpert\/terencladire-in-centrul-bucurestiului-scoase-la-licitatie-vezi-pretul-de-pornire_db\/#primaryimage\"},\"image\":{\"@id\":\"https:\/\/www.imobiliare.ro\/imoexpert\/terencladire-in-centrul-bucurestiului-scoase-la-licitatie-vezi-pretul-de-pornire_db\/#primaryimage\"},\"thumbnailUrl\":\"https:\/\/www.imobiliare.ro\/imoexpert\/wp-content\/uploads\/2017\/10\/cladirea-tandem.jpg\",\"datePublished\":\"2017-10-23T05:03:17+00:00\",\"description\":\"Datorit\u0103 localiz\u0103rii favorabile, \u00een zona Calea Victoriei, oferta a atras deja interesul c\u00e2torva zeci de poten\u021biali cump\u0103r\u0103tori. Telekom Romania\",\"breadcrumb\":{\"@id\":\"https:\/\/www.imobiliare.ro\/imoexpert\/terencladire-in-centrul-bucurestiului-scoase-la-licitatie-vezi-pretul-de-pornire_db\/#breadcrumb\"},\"inLanguage\":\"en\",\"potentialAction\":[{\"@type\":\"ReadAction\",\"target\":[\"https:\/\/www.imobiliare.ro\/imoexpert\/terencladire-in-centrul-bucurestiului-scoase-la-licitatie-vezi-pretul-de-pornire_db\/\"]}]},{\"@type\":\"ImageObject\",\"inLanguage\":\"en\",\"@id\":\"https:\/\/www.imobiliare.ro\/imoexpert\/terencladire-in-centrul-bucurestiului-scoase-la-licitatie-vezi-pretul-de-pornire_db\/#primaryimage\",\"url\":\"https:\/\/www.imobiliare.ro\/imoexpert\/wp-content\/uploads\/2017\/10\/cladirea-tandem.jpg\",\"contentUrl\":\"https:\/\/www.imobiliare.ro\/imoexpert\/wp-content\/uploads\/2017\/10\/cladirea-tandem.jpg\",\"width\":600,\"height\":450,\"caption\":\"teren+cladire in centrul Bucurestiului, scoase la licitatie\"},{\"@type\":\"BreadcrumbList\",\"@id\":\"https:\/\/www.imobiliare.ro\/imoexpert\/terencladire-in-centrul-bucurestiului-scoase-la-licitatie-vezi-pretul-de-pornire_db\/#breadcrumb\",\"itemListElement\":[{\"@type\":\"ListItem\",\"position\":1,\"name\":\"Imoradar24\",\"item\":\"https:\/\/www.imoradar24.ro\"},{\"@type\":\"ListItem\",\"position\":2,\"name\":\"ImoExpert\",\"item\":\"https:\/\/www.imobiliare.ro\/imoexpert\/\"},{\"@type\":\"ListItem\",\"position\":3,\"name\":\"Concursuri\",\"item\":\"https:\/\/www.imobiliare.ro\/imoexpert\/concursuri\/\"},{\"@type\":\"ListItem\",\"position\":4,\"name\":\"Teren+cl\u0103dire \u00een centrul Bucure\u0219tiului, scoase la licita\u021bie! Vezi pre\u021bul de pornire\"}]},{\"@type\":\"WebSite\",\"@id\":\"https:\/\/www.imobiliare.ro\/imoexpert\/#website\",\"url\":\"https:\/\/www.imobiliare.ro\/imoexpert\/\",\"name\":\"ImoExpert\",\"description\":\"cele mai importante \u015ftiri din domeniul imobiliar\",\"publisher\":{\"@id\":\"https:\/\/www.imobiliare.ro\/imoexpert\/#organization\"},\"inLanguage\":\"en\"},{\"@type\":\"Organization\",\"@id\":\"https:\/\/www.imobiliare.ro\/imoexpert\/#organization\",\"name\":\"Imobiliare.ro\",\"alternateName\":\"Realmedia Network SA\",\"url\":\"https:\/\/www.imobiliare.ro\/imoexpert\/\",\"logo\":{\"@type\":\"ImageObject\",\"inLanguage\":\"en\",\"@id\":\"https:\/\/www.imobiliare.ro\/imoexpert\/#\/schema\/logo\/image\/\",\"url\":\"https:\/\/www.imobiliare.ro\/imoexpert\/wp-content\/uploads\/2025\/05\/imobiliare_logo.png\",\"contentUrl\":\"https:\/\/www.imobiliare.ro\/imoexpert\/wp-content\/uploads\/2025\/05\/imobiliare_logo.png\",\"width\":237,\"height\":29,\"caption\":\"Imobiliare.ro\"},\"image\":{\"@id\":\"https:\/\/www.imobiliare.ro\/imoexpert\/#\/schema\/logo\/image\/\"}},{\"@type\":\"Person\",\"@id\":\"https:\/\/www.imobiliare.ro\/imoexpert\/#\/schema\/person\/8c13b0297075010b896471fabf0d7790\",\"name\":\"Adriana Dr\u0103gu\u0219in\",\"image\":{\"@type\":\"ImageObject\",\"inLanguage\":\"en\",\"@id\":\"https:\/\/www.imobiliare.ro\/imoexpert\/#\/schema\/person\/image\/\",\"url\":\"https:\/\/secure.gravatar.com\/avatar\/ba4762f7517e50e679ed7f11207102d1150120f2f5800c0da98f8a15305bf514?s=96&d=mm&r=g\",\"contentUrl\":\"https:\/\/secure.gravatar.com\/avatar\/ba4762f7517e50e679ed7f11207102d1150120f2f5800c0da98f8a15305bf514?s=96&d=mm&r=g\",\"caption\":\"Adriana Dr\u0103gu\u0219in\"},\"jobTitle\":\"Editor\",\"url\":\"https:\/\/www.imobiliare.ro\/imoexpert\/author\/adriana-dragusin\/\"}]}<\/script>\n<!-- \/ Yoast SEO Premium plugin. -->","yoast_head_json":{"title":"Teren+cl\u0103dire \u00een centrul Bucure\u0219tiului, scoase la licita\u021bie! Vezi pre\u021bul de pornire - Concursuri, \u0218tiri - ImoExpert","description":"Datorit\u0103 localiz\u0103rii favorabile, \u00een zona Calea Victoriei, oferta a atras deja interesul c\u00e2torva zeci de poten\u021biali cump\u0103r\u0103tori. Telekom Romania","robots":{"index":"index","follow":"follow"},"canonical":"https:\/\/www.imobiliare.ro\/imoexpert\/terencladire-in-centrul-bucurestiului-scoase-la-licitatie-vezi-pretul-de-pornire_db\/","og_locale":"ro_RO","og_type":"article","og_title":"Teren+cl\u0103dire \u00een centrul Bucure\u0219tiului, scoase la licita\u021bie! Vezi pre\u021bul de pornire","og_description":"Datorit\u0103 localiz\u0103rii favorabile, \u00een zona Calea Victoriei, oferta a atras deja interesul c\u00e2torva zeci de poten\u021biali cump\u0103r\u0103tori. Telekom Romania","og_url":"https:\/\/www.imobiliare.ro\/imoexpert\/terencladire-in-centrul-bucurestiului-scoase-la-licitatie-vezi-pretul-de-pornire_db\/","og_site_name":"ImoExpert","article_published_time":"2017-10-23T05:03:17+00:00","og_image":[{"width":600,"height":450,"url":"https:\/\/www.imobiliare.ro\/imoexpert\/wp-content\/uploads\/2017\/10\/cladirea-tandem.jpg","type":"image\/jpeg"}],"author":"Adriana Dr\u0103gu\u0219in","twitter_card":"summary_large_image","twitter_misc":{"Written by":"Adriana Dr\u0103gu\u0219in","Est. reading time":"2 minute"},"schema":{"@context":"https:\/\/schema.org","@graph":[{"@type":"Article","@id":"https:\/\/www.imobiliare.ro\/imoexpert\/terencladire-in-centrul-bucurestiului-scoase-la-licitatie-vezi-pretul-de-pornire_db\/#article","isPartOf":{"@id":"https:\/\/www.imobiliare.ro\/imoexpert\/terencladire-in-centrul-bucurestiului-scoase-la-licitatie-vezi-pretul-de-pornire_db\/"},"author":{"name":"Adriana Dr\u0103gu\u0219in","@id":"https:\/\/www.imobiliare.ro\/imoexpert\/#\/schema\/person\/8c13b0297075010b896471fabf0d7790"},"headline":"Teren+cl\u0103dire \u00een centrul Bucure\u0219tiului, scoase la licita\u021bie! Vezi pre\u021bul de pornire","datePublished":"2017-10-23T05:03:17+00:00","mainEntityOfPage":{"@id":"https:\/\/www.imobiliare.ro\/imoexpert\/terencladire-in-centrul-bucurestiului-scoase-la-licitatie-vezi-pretul-de-pornire_db\/"},"wordCount":442,"commentCount":0,"publisher":{"@id":"https:\/\/www.imobiliare.ro\/imoexpert\/#organization"},"image":{"@id":"https:\/\/www.imobiliare.ro\/imoexpert\/terencladire-in-centrul-bucurestiului-scoase-la-licitatie-vezi-pretul-de-pornire_db\/#primaryimage"},"thumbnailUrl":"https:\/\/www.imobiliare.ro\/imoexpert\/wp-content\/uploads\/2017\/10\/cladirea-tandem.jpg","keywords":["Lifestyle","newsletter","principal"],"articleSection":["Concursuri","\u0218tiri"],"inLanguage":"en","potentialAction":[{"@type":"CommentAction","name":"Comment","target":["https:\/\/www.imobiliare.ro\/imoexpert\/terencladire-in-centrul-bucurestiului-scoase-la-licitatie-vezi-pretul-de-pornire_db\/#respond"]}],"copyrightYear":"2017","copyrightHolder":{"@id":"https:\/\/www.imobiliare.ro\/imoexpert\/#organization"}},{"@type":"WebPage","@id":"https:\/\/www.imobiliare.ro\/imoexpert\/terencladire-in-centrul-bucurestiului-scoase-la-licitatie-vezi-pretul-de-pornire_db\/","url":"https:\/\/www.imobiliare.ro\/imoexpert\/terencladire-in-centrul-bucurestiului-scoase-la-licitatie-vezi-pretul-de-pornire_db\/","name":"Teren+cl\u0103dire \u00een centrul Bucure\u0219tiului, scoase la licita\u021bie! Vezi pre\u021bul de pornire - Concursuri, \u0218tiri - ImoExpert","isPartOf":{"@id":"https:\/\/www.imobiliare.ro\/imoexpert\/#website"},"primaryImageOfPage":{"@id":"https:\/\/www.imobiliare.ro\/imoexpert\/terencladire-in-centrul-bucurestiului-scoase-la-licitatie-vezi-pretul-de-pornire_db\/#primaryimage"},"image":{"@id":"https:\/\/www.imobiliare.ro\/imoexpert\/terencladire-in-centrul-bucurestiului-scoase-la-licitatie-vezi-pretul-de-pornire_db\/#primaryimage"},"thumbnailUrl":"https:\/\/www.imobiliare.ro\/imoexpert\/wp-content\/uploads\/2017\/10\/cladirea-tandem.jpg","datePublished":"2017-10-23T05:03:17+00:00","description":"Datorit\u0103 localiz\u0103rii favorabile, \u00een zona Calea Victoriei, oferta a atras deja interesul c\u00e2torva zeci de poten\u021biali cump\u0103r\u0103tori. Telekom Romania","breadcrumb":{"@id":"https:\/\/www.imobiliare.ro\/imoexpert\/terencladire-in-centrul-bucurestiului-scoase-la-licitatie-vezi-pretul-de-pornire_db\/#breadcrumb"},"inLanguage":"en","potentialAction":[{"@type":"ReadAction","target":["https:\/\/www.imobiliare.ro\/imoexpert\/terencladire-in-centrul-bucurestiului-scoase-la-licitatie-vezi-pretul-de-pornire_db\/"]}]},{"@type":"ImageObject","inLanguage":"en","@id":"https:\/\/www.imobiliare.ro\/imoexpert\/terencladire-in-centrul-bucurestiului-scoase-la-licitatie-vezi-pretul-de-pornire_db\/#primaryimage","url":"https:\/\/www.imobiliare.ro\/imoexpert\/wp-content\/uploads\/2017\/10\/cladirea-tandem.jpg","contentUrl":"https:\/\/www.imobiliare.ro\/imoexpert\/wp-content\/uploads\/2017\/10\/cladirea-tandem.jpg","width":600,"height":450,"caption":"teren+cladire in centrul Bucurestiului, scoase la licitatie"},{"@type":"BreadcrumbList","@id":"https:\/\/www.imobiliare.ro\/imoexpert\/terencladire-in-centrul-bucurestiului-scoase-la-licitatie-vezi-pretul-de-pornire_db\/#breadcrumb","itemListElement":[{"@type":"ListItem","position":1,"name":"Imoradar24","item":"https:\/\/www.imoradar24.ro"},{"@type":"ListItem","position":2,"name":"ImoExpert","item":"https:\/\/www.imobiliare.ro\/imoexpert\/"},{"@type":"ListItem","position":3,"name":"Concursuri","item":"https:\/\/www.imobiliare.ro\/imoexpert\/concursuri\/"},{"@type":"ListItem","position":4,"name":"Teren+cl\u0103dire \u00een centrul Bucure\u0219tiului, scoase la licita\u021bie! Vezi pre\u021bul de pornire"}]},{"@type":"WebSite","@id":"https:\/\/www.imobiliare.ro\/imoexpert\/#website","url":"https:\/\/www.imobiliare.ro\/imoexpert\/","name":"ImoExpert","description":"cele mai importante \u015ftiri din domeniul imobiliar","publisher":{"@id":"https:\/\/www.imobiliare.ro\/imoexpert\/#organization"},"inLanguage":"en"},{"@type":"Organization","@id":"https:\/\/www.imobiliare.ro\/imoexpert\/#organization","name":"Imobiliare.ro","alternateName":"Realmedia Network SA","url":"https:\/\/www.imobiliare.ro\/imoexpert\/","logo":{"@type":"ImageObject","inLanguage":"en","@id":"https:\/\/www.imobiliare.ro\/imoexpert\/#\/schema\/logo\/image\/","url":"https:\/\/www.imobiliare.ro\/imoexpert\/wp-content\/uploads\/2025\/05\/imobiliare_logo.png","contentUrl":"https:\/\/www.imobiliare.ro\/imoexpert\/wp-content\/uploads\/2025\/05\/imobiliare_logo.png","width":237,"height":29,"caption":"Imobiliare.ro"},"image":{"@id":"https:\/\/www.imobiliare.ro\/imoexpert\/#\/schema\/logo\/image\/"}},{"@type":"Person","@id":"https:\/\/www.imobiliare.ro\/imoexpert\/#\/schema\/person\/8c13b0297075010b896471fabf0d7790","name":"Adriana Dr\u0103gu\u0219in","image":{"@type":"ImageObject","inLanguage":"en","@id":"https:\/\/www.imobiliare.ro\/imoexpert\/#\/schema\/person\/image\/","url":"https:\/\/secure.gravatar.com\/avatar\/ba4762f7517e50e679ed7f11207102d1150120f2f5800c0da98f8a15305bf514?s=96&d=mm&r=g","contentUrl":"https:\/\/secure.gravatar.com\/avatar\/ba4762f7517e50e679ed7f11207102d1150120f2f5800c0da98f8a15305bf514?s=96&d=mm&r=g","caption":"Adriana Dr\u0103gu\u0219in"},"jobTitle":"Editor","url":"https:\/\/www.imobiliare.ro\/imoexpert\/author\/adriana-dragusin\/"}]}},"_links":{"self":[{"href":"https:\/\/www.imobiliare.ro\/imoexpert\/wp-json\/wp\/v2\/posts\/41579","targetHints":{"allow":["GET"]}}],"collection":[{"href":"https:\/\/www.imobiliare.ro\/imoexpert\/wp-json\/wp\/v2\/posts"}],"about":[{"href":"https:\/\/www.imobiliare.ro\/imoexpert\/wp-json\/wp\/v2\/types\/post"}],"author":[{"embeddable":true,"href":"https:\/\/www.imobiliare.ro\/imoexpert\/wp-json\/wp\/v2\/users\/829"}],"replies":[{"embeddable":true,"href":"https:\/\/www.imobiliare.ro\/imoexpert\/wp-json\/wp\/v2\/comments?post=41579"}],"version-history":[{"count":0,"href":"https:\/\/www.imobiliare.ro\/imoexpert\/wp-json\/wp\/v2\/posts\/41579\/revisions"}],"wp:featuredmedia":[{"embeddable":true,"href":"https:\/\/www.imobiliare.ro\/imoexpert\/wp-json\/wp\/v2\/media\/41581"}],"wp:attachment":[{"href":"https:\/\/www.imobiliare.ro\/imoexpert\/wp-json\/wp\/v2\/media?parent=41579"}],"wp:term":[{"taxonomy":"category","embeddable":true,"href":"https:\/\/www.imobiliare.ro\/imoexpert\/wp-json\/wp\/v2\/categories?post=41579"},{"taxonomy":"post_tag","embeddable":true,"href":"https:\/\/www.imobiliare.ro\/imoexpert\/wp-json\/wp\/v2\/tags?post=41579"},{"taxonomy":"content_author","embeddable":true,"href":"https:\/\/www.imobiliare.ro\/imoexpert\/wp-json\/wp\/v2\/content_author?post=41579"}],"curies":[{"name":"wp","href":"https:\/\/api.w.org\/{rel}","templated":true}]}}