{"id":41648,"date":"2017-10-30T07:41:15","date_gmt":"2017-10-30T05:41:15","guid":{"rendered":"https:\/\/www.imobiliare.ro\/?p=41648"},"modified":"2017-10-30T07:41:15","modified_gmt":"2017-10-30T05:41:15","slug":"roma-confort-minimalist-intr-o-amenajare-contemporana","status":"publish","type":"post","link":"https:\/\/www.imobiliare.ro\/imoexpert\/roma-confort-minimalist-intr-o-amenajare-contemporana_db\/","title":{"rendered":"Roma: confort minimalist \u00eentr-o amenajare contemporan\u0103"},"content":{"rendered":"<div id=\"ez-toc-container\" class=\"ez-toc-v2_0_81 counter-hierarchy ez-toc-counter ez-toc-grey ez-toc-container-direction\">\n<p class=\"ez-toc-title\" style=\"cursor:inherit\">Table of Contents<\/p>\n<label for=\"ez-toc-cssicon-toggle-item-69f1b4b6e1058\" class=\"ez-toc-cssicon-toggle-label\"><span class=\"ez-toc-cssicon\"><span class=\"eztoc-hide\" style=\"display:none;\">Toggle<\/span><span class=\"ez-toc-icon-toggle-span\"><svg style=\"fill: #999;color:#999\" xmlns=\"http:\/\/www.w3.org\/2000\/svg\" class=\"list-377408\" width=\"20px\" height=\"20px\" viewBox=\"0 0 24 24\" fill=\"none\"><path d=\"M6 6H4v2h2V6zm14 0H8v2h12V6zM4 11h2v2H4v-2zm16 0H8v2h12v-2zM4 16h2v2H4v-2zm16 0H8v2h12v-2z\" fill=\"currentColor\"><\/path><\/svg><svg style=\"fill: #999;color:#999\" class=\"arrow-unsorted-368013\" xmlns=\"http:\/\/www.w3.org\/2000\/svg\" width=\"10px\" height=\"10px\" viewBox=\"0 0 24 24\" version=\"1.2\" baseProfile=\"tiny\"><path d=\"M18.2 9.3l-6.2-6.3-6.2 6.3c-.2.2-.3.4-.3.7s.1.5.3.7c.2.2.4.3.7.3h11c.3 0 .5-.1.7-.3.2-.2.3-.5.3-.7s-.1-.5-.3-.7zM5.8 14.7l6.2 6.3 6.2-6.3c.2-.2.3-.5.3-.7s-.1-.5-.3-.7c-.2-.2-.4-.3-.7-.3h-11c-.3 0-.5.1-.7.3-.2.2-.3.5-.3.7s.1.5.3.7z\"\/><\/svg><\/span><\/span><\/label><input type=\"checkbox\"  id=\"ez-toc-cssicon-toggle-item-69f1b4b6e1058\"  aria-label=\"Toggle\" \/><nav><ul class='ez-toc-list ez-toc-list-level-1 ' ><li class='ez-toc-page-1 ez-toc-heading-level-2'><a class=\"ez-toc-link ez-toc-heading-1\" href=\"https:\/\/www.imobiliare.ro\/imoexpert\/roma-confort-minimalist-intr-o-amenajare-contemporana_db\/#Acest_stil_se_preteaza_atat_locuintelor_de_mici_dimensiuni_cat_si_celor_mai_spatioase\" >Acest stil se preteaz\u0103 at\u00e2t locuin\u021belor de mici dimensiuni, c\u00e2t \u0219i celor mai spa\u021bioase.<\/a><\/li><li class='ez-toc-page-1 ez-toc-heading-level-2'><a class=\"ez-toc-link ez-toc-heading-2\" href=\"https:\/\/www.imobiliare.ro\/imoexpert\/roma-confort-minimalist-intr-o-amenajare-contemporana_db\/#Bucatarie_separata_dar_nu_prin_pereti\" >Buc\u0103t\u0103rie separat\u0103, dar nu prin pere\u021bi<\/a><\/li><li class='ez-toc-page-1 ez-toc-heading-level-2'><a class=\"ez-toc-link ez-toc-heading-3\" href=\"https:\/\/www.imobiliare.ro\/imoexpert\/roma-confort-minimalist-intr-o-amenajare-contemporana_db\/#Albul_da_impresia_unui_spatiu_mai_mare\" >Albul d\u0103 impresia unui spa\u021biu mai mare<\/a><\/li><\/ul><\/nav><\/div>\n<h2><span class=\"ez-toc-section\" id=\"Acest_stil_se_preteaza_atat_locuintelor_de_mici_dimensiuni_cat_si_celor_mai_spatioase\"><\/span><span style=\"color: #000000;\"><span style=\"font-size: small;\">Acest stil se preteaz\u0103 at\u00e2t locuin\u021belor de mici dimensiuni, c\u00e2t \u0219i celor mai spa\u021bioase.<\/span><\/span><span class=\"ez-toc-section-end\"><\/span><\/h2>\n<p>Te g\u00e2nde\u0219ti la o (re)amenajare a locuin\u021bei, dar nu \u0219tii ce stil s\u0103 alegi? Dac\u0103 e\u0219ti genul de persoan\u0103 care pre\u021buie\u0219te confortul \u0219i, totodat\u0103, simplitatea, proprietatea din imagini poate fi o bun\u0103 surs\u0103 de inspira\u021bie!<\/p>\n<p><a class=\"article-body-links\"href=\"https:\/\/www.imobiliare.ro\/imoexpert\/wp-content\/uploads\/2017\/10\/apartament-Roma-1.jpg\"><img loading=\"lazy\" decoding=\"async\" src=\"https:\/\/www.imobiliare.ro\/imoexpert\/wp-content\/uploads\/2017\/10\/apartament-Roma-1.jpg\" alt=\"apartament Roma 1\" width=\"600\" height=\"400\" class=\"aligncenter size-full wp-image-41650\" srcset=\"https:\/\/www.imobiliare.ro\/imoexpert\/wp-content\/uploads\/2017\/10\/apartament-Roma-1.jpg 600w, https:\/\/www.imobiliare.ro\/imoexpert\/wp-content\/uploads\/2017\/10\/apartament-Roma-1-300x200.jpg 300w, https:\/\/www.imobiliare.ro\/imoexpert\/wp-content\/uploads\/2017\/10\/apartament-Roma-1-87x57.jpg 87w, https:\/\/www.imobiliare.ro\/imoexpert\/wp-content\/uploads\/2017\/10\/apartament-Roma-1-65x43.jpg 65w, https:\/\/www.imobiliare.ro\/imoexpert\/wp-content\/uploads\/2017\/10\/apartament-Roma-1-154x103.jpg 154w\" sizes=\"auto, (max-width: 600px) 100vw, 600px\" \/><\/a><\/p>\n<p>Prezentat pe <strong><a class=\"article-body-links\"href=\"https:\/\/freshome.com\/\">Freshome.com<\/a><\/strong>, acest apartament are o suprafa\u021b\u0103 de 80 de metri p\u0103tra\u021bi \u0219i a fost amenajat de biroul Brain Factory \u00een Roma, Italia. Unul dintre principalele obiective ale designerilor a fost acela de a crea un ambient cu un grad c\u00e2t mai \u00eenalt de func\u021bionalitate \u2013 fapt pentru care stilul ales este unul modern, cu evidente tendin\u021be minimaliste. <\/p>\n<p><a class=\"article-body-links\"href=\"https:\/\/www.imobiliare.ro\/imoexpert\/wp-content\/uploads\/2017\/10\/apartment-Roma-2.jpg\"><img loading=\"lazy\" decoding=\"async\" src=\"https:\/\/www.imobiliare.ro\/imoexpert\/wp-content\/uploads\/2017\/10\/apartment-Roma-2.jpg\" alt=\"apartment Roma 2\" width=\"600\" height=\"400\" class=\"aligncenter size-full wp-image-41651\" srcset=\"https:\/\/www.imobiliare.ro\/imoexpert\/wp-content\/uploads\/2017\/10\/apartment-Roma-2.jpg 600w, https:\/\/www.imobiliare.ro\/imoexpert\/wp-content\/uploads\/2017\/10\/apartment-Roma-2-300x200.jpg 300w, https:\/\/www.imobiliare.ro\/imoexpert\/wp-content\/uploads\/2017\/10\/apartment-Roma-2-87x57.jpg 87w, https:\/\/www.imobiliare.ro\/imoexpert\/wp-content\/uploads\/2017\/10\/apartment-Roma-2-65x43.jpg 65w, https:\/\/www.imobiliare.ro\/imoexpert\/wp-content\/uploads\/2017\/10\/apartment-Roma-2-154x103.jpg 154w\" sizes=\"auto, (max-width: 600px) 100vw, 600px\" \/><\/a><br \/>\n<a class=\"article-body-links\"href=\"https:\/\/www.imobiliare.ro\/imoexpert\/wp-content\/uploads\/2017\/10\/apartament-Roma-3.jpg\"><img loading=\"lazy\" decoding=\"async\" src=\"https:\/\/www.imobiliare.ro\/imoexpert\/wp-content\/uploads\/2017\/10\/apartament-Roma-3.jpg\" alt=\"apartament Roma 3\" width=\"600\" height=\"400\" class=\"aligncenter size-full wp-image-41652\" srcset=\"https:\/\/www.imobiliare.ro\/imoexpert\/wp-content\/uploads\/2017\/10\/apartament-Roma-3.jpg 600w, https:\/\/www.imobiliare.ro\/imoexpert\/wp-content\/uploads\/2017\/10\/apartament-Roma-3-300x200.jpg 300w, https:\/\/www.imobiliare.ro\/imoexpert\/wp-content\/uploads\/2017\/10\/apartament-Roma-3-87x57.jpg 87w, https:\/\/www.imobiliare.ro\/imoexpert\/wp-content\/uploads\/2017\/10\/apartament-Roma-3-65x43.jpg 65w, https:\/\/www.imobiliare.ro\/imoexpert\/wp-content\/uploads\/2017\/10\/apartament-Roma-3-154x103.jpg 154w\" sizes=\"auto, (max-width: 600px) 100vw, 600px\" \/><\/a><br \/>\n<a class=\"article-body-links\"href=\"https:\/\/www.imobiliare.ro\/imoexpert\/wp-content\/uploads\/2017\/10\/apartament-Roma-5.jpg\"><img loading=\"lazy\" decoding=\"async\" src=\"https:\/\/www.imobiliare.ro\/imoexpert\/wp-content\/uploads\/2017\/10\/apartament-Roma-5.jpg\" alt=\"apartament Roma 5\" width=\"600\" height=\"400\" class=\"aligncenter size-full wp-image-41653\" srcset=\"https:\/\/www.imobiliare.ro\/imoexpert\/wp-content\/uploads\/2017\/10\/apartament-Roma-5.jpg 600w, https:\/\/www.imobiliare.ro\/imoexpert\/wp-content\/uploads\/2017\/10\/apartament-Roma-5-300x200.jpg 300w, https:\/\/www.imobiliare.ro\/imoexpert\/wp-content\/uploads\/2017\/10\/apartament-Roma-5-87x57.jpg 87w, https:\/\/www.imobiliare.ro\/imoexpert\/wp-content\/uploads\/2017\/10\/apartament-Roma-5-65x43.jpg 65w, https:\/\/www.imobiliare.ro\/imoexpert\/wp-content\/uploads\/2017\/10\/apartament-Roma-5-154x103.jpg 154w\" sizes=\"auto, (max-width: 600px) 100vw, 600px\" \/><\/a><\/p>\n<h2><span class=\"ez-toc-section\" id=\"Bucatarie_separata_dar_nu_prin_pereti\"><\/span><span style=\"color: #000000;\"><span style=\"font-size: small;\">Buc\u0103t\u0103rie separat\u0103, dar nu prin pere\u021bi<\/span><\/span><span class=\"ez-toc-section-end\"><\/span><\/h2>\n<p>\u00cen deplin\u0103 conformitate cu principiile designului contemporan, cerin\u021ba beneficiarilor acestui proiect a fost aceea de a avea un living deschis \u0219i luminos, pentru a pune astfel c\u00e2t mai bine \u00een valoare spa\u021biul avut la dispozi\u021bie. Totodat\u0103 \u00eens\u0103, ace\u0219tia \u0219i-au dorit ca buc\u0103t\u0103ria s\u0103 fie oarecum separat\u0103 de zona de zi a casei, r\u0103m\u00e2n\u00e2nd \u00eens\u0103 conectat\u0103 cu aceasta. Solu\u021bia g\u0103sit\u0103 de designeri a fost \u201e\u00eenchiderea\u201d vizual\u0103 a buc\u0103t\u0103riei printr-un grilaj vitrat, ce \u00eendepline\u0219te perfect aceast\u0103 cerin\u021b\u0103, asigur\u00e2nd \u201efluiditatea\u201d spa\u021biului. <\/p>\n<p><a class=\"article-body-links\"href=\"https:\/\/www.imobiliare.ro\/imoexpert\/wp-content\/uploads\/2017\/10\/apartament-Roma-6.jpg\"><img loading=\"lazy\" decoding=\"async\" src=\"https:\/\/www.imobiliare.ro\/imoexpert\/wp-content\/uploads\/2017\/10\/apartament-Roma-6.jpg\" alt=\"apartament Roma 6\" width=\"600\" height=\"900\" class=\"aligncenter size-full wp-image-41654\" srcset=\"https:\/\/www.imobiliare.ro\/imoexpert\/wp-content\/uploads\/2017\/10\/apartament-Roma-6.jpg 600w, https:\/\/www.imobiliare.ro\/imoexpert\/wp-content\/uploads\/2017\/10\/apartament-Roma-6-200x300.jpg 200w\" sizes=\"auto, (max-width: 600px) 100vw, 600px\" \/><\/a><br \/>\n<a class=\"article-body-links\"href=\"https:\/\/www.imobiliare.ro\/imoexpert\/wp-content\/uploads\/2017\/10\/apartament-Roma-7.jpg\"><img loading=\"lazy\" decoding=\"async\" src=\"https:\/\/www.imobiliare.ro\/imoexpert\/wp-content\/uploads\/2017\/10\/apartament-Roma-7.jpg\" alt=\"apartament Roma 7\" width=\"600\" height=\"900\" class=\"aligncenter size-full wp-image-41655\" srcset=\"https:\/\/www.imobiliare.ro\/imoexpert\/wp-content\/uploads\/2017\/10\/apartament-Roma-7.jpg 600w, https:\/\/www.imobiliare.ro\/imoexpert\/wp-content\/uploads\/2017\/10\/apartament-Roma-7-200x300.jpg 200w\" sizes=\"auto, (max-width: 600px) 100vw, 600px\" \/><\/a><\/p>\n<h2><span class=\"ez-toc-section\" id=\"Albul_da_impresia_unui_spatiu_mai_mare\"><\/span><span style=\"color: #000000;\"><span style=\"font-size: small;\">Albul d\u0103 impresia unui spa\u021biu mai mare<\/span><\/span><span class=\"ez-toc-section-end\"><\/span><\/h2>\n<p>Din punct de vedere cromatic, contrastul dintre alb \u0219i (\u00een mai mic\u0103 m\u0103sur\u0103) negru,  \u00een consonan\u021b\u0103 cu nuan\u021bele pl\u0103cute de gri rezultate din combina\u021bia celor dou\u0103 non-culori, confer\u0103 ambientului un aer de elegan\u021b\u0103 \u0219i, totodat\u0103, simplitate. Predominan\u021ba albului contribuie la accentuarea luminozit\u0103\u021bii naturale, \u00een vreme ce tonurile deschise de lemn dau o not\u0103 de c\u0103ldur\u0103 \u0219i intimitate acestuia.<\/p>\n<p><a class=\"article-body-links\"href=\"https:\/\/www.imobiliare.ro\/imoexpert\/wp-content\/uploads\/2017\/10\/apartament-Roma-8.jpg\"><img loading=\"lazy\" decoding=\"async\" src=\"https:\/\/www.imobiliare.ro\/imoexpert\/wp-content\/uploads\/2017\/10\/apartament-Roma-8.jpg\" alt=\"apartament Roma 8\" width=\"600\" height=\"400\" class=\"aligncenter size-full wp-image-41656\" srcset=\"https:\/\/www.imobiliare.ro\/imoexpert\/wp-content\/uploads\/2017\/10\/apartament-Roma-8.jpg 600w, https:\/\/www.imobiliare.ro\/imoexpert\/wp-content\/uploads\/2017\/10\/apartament-Roma-8-300x200.jpg 300w, https:\/\/www.imobiliare.ro\/imoexpert\/wp-content\/uploads\/2017\/10\/apartament-Roma-8-87x57.jpg 87w, https:\/\/www.imobiliare.ro\/imoexpert\/wp-content\/uploads\/2017\/10\/apartament-Roma-8-65x43.jpg 65w, https:\/\/www.imobiliare.ro\/imoexpert\/wp-content\/uploads\/2017\/10\/apartament-Roma-8-154x103.jpg 154w\" sizes=\"auto, (max-width: 600px) 100vw, 600px\" \/><\/a><br \/>\n<a class=\"article-body-links\"href=\"https:\/\/www.imobiliare.ro\/imoexpert\/wp-content\/uploads\/2017\/10\/apartament-Roma-9.jpg\"><img loading=\"lazy\" decoding=\"async\" src=\"https:\/\/www.imobiliare.ro\/imoexpert\/wp-content\/uploads\/2017\/10\/apartament-Roma-9.jpg\" alt=\"apartament Roma 9\" width=\"600\" height=\"900\" class=\"aligncenter size-full wp-image-41657\" srcset=\"https:\/\/www.imobiliare.ro\/imoexpert\/wp-content\/uploads\/2017\/10\/apartament-Roma-9.jpg 600w, https:\/\/www.imobiliare.ro\/imoexpert\/wp-content\/uploads\/2017\/10\/apartament-Roma-9-200x300.jpg 200w\" sizes=\"auto, (max-width: 600px) 100vw, 600px\" \/><\/a><\/p>\n<p><em><strong>Surs\u0103 foto: <a class=\"article-body-links\"href=\"https:\/\/freshome.com\/grid-apartment-Rome\/\">Freshome.com<\/a><\/strong><\/em><\/p>\n","protected":false},"excerpt":{"rendered":"<p>Acest stil se preteaz\u0103 at\u00e2t locuin\u021belor de mici dimensiuni, c\u00e2t \u0219i celor mai spa\u021bioase. Te g\u00e2nde\u0219ti la o (re)amenajare a locuin\u021bei, dar nu \u0219tii ce stil s\u0103 alegi? Dac\u0103 e\u0219ti genul de persoan\u0103 care pre\u021buie\u0219te confortul \u0219i, totodat\u0103, simplitatea, proprietatea din imagini poate fi o bun\u0103 surs\u0103 de inspira\u021bie! Prezentat pe Freshome.com, acest apartament are [&hellip;]<\/p>\n","protected":false},"author":829,"featured_media":41650,"comment_status":"open","ping_status":"open","sticky":false,"template":"","format":"standard","meta":{"footnotes":""},"categories":[259],"tags":[1022,1410,1411],"content_author":[],"class_list":["post-41648","post","type-post","status-publish","format-standard","has-post-thumbnail","hentry","category-stiri","tag-homedeco","tag-newsletter","tag-principal"],"yoast_head":"<!-- This site is optimized with the Yoast SEO Premium plugin v27.0 (Yoast SEO v27.0) - https:\/\/yoast.com\/product\/yoast-seo-premium-wordpress\/ -->\n<title>Roma: confort minimalist \u00eentr-o amenajare contemporan\u0103 - \u0218tiri - ImoExpert<\/title>\n<meta name=\"description\" content=\"Acest stil se preteaz\u0103 at\u00e2t locuin\u021belor de mici dimensiuni, c\u00e2t \u0219i celor mai spa\u021bioase. Te g\u00e2nde\u0219ti la o (re)amenajare a locuin\u021bei, dar nu \u0219tii ce stil s\u0103\" \/>\n<meta name=\"robots\" content=\"index, follow\" \/>\n<link rel=\"canonical\" href=\"https:\/\/www.imobiliare.ro\/imoexpert\/roma-confort-minimalist-intr-o-amenajare-contemporana_db\/\" \/>\n<meta property=\"og:locale\" content=\"ro_RO\" \/>\n<meta property=\"og:type\" content=\"article\" \/>\n<meta property=\"og:title\" content=\"Roma: confort minimalist \u00eentr-o amenajare contemporan\u0103\" \/>\n<meta property=\"og:description\" content=\"Acest stil se preteaz\u0103 at\u00e2t locuin\u021belor de mici dimensiuni, c\u00e2t \u0219i celor mai spa\u021bioase. Te g\u00e2nde\u0219ti la o (re)amenajare a locuin\u021bei, dar nu \u0219tii ce stil s\u0103\" \/>\n<meta property=\"og:url\" content=\"https:\/\/www.imobiliare.ro\/imoexpert\/roma-confort-minimalist-intr-o-amenajare-contemporana_db\/\" \/>\n<meta property=\"og:site_name\" content=\"ImoExpert\" \/>\n<meta property=\"article:published_time\" content=\"2017-10-30T05:41:15+00:00\" \/>\n<meta property=\"og:image\" content=\"https:\/\/www.imobiliare.ro\/imoexpert\/wp-content\/uploads\/2017\/10\/apartament-Roma-1.jpg\" \/>\n\t<meta property=\"og:image:width\" content=\"600\" \/>\n\t<meta property=\"og:image:height\" content=\"400\" \/>\n\t<meta property=\"og:image:type\" content=\"image\/jpeg\" \/>\n<meta name=\"author\" content=\"Adriana Dr\u0103gu\u0219in\" \/>\n<meta name=\"twitter:card\" content=\"summary_large_image\" \/>\n<meta name=\"twitter:label1\" content=\"Written by\" \/>\n\t<meta name=\"twitter:data1\" content=\"Adriana Dr\u0103gu\u0219in\" \/>\n\t<meta name=\"twitter:label2\" content=\"Est. reading time\" \/>\n\t<meta name=\"twitter:data2\" content=\"2 minute\" \/>\n<script type=\"application\/ld+json\" class=\"yoast-schema-graph\">{\"@context\":\"https:\/\/schema.org\",\"@graph\":[{\"@type\":\"Article\",\"@id\":\"https:\/\/www.imobiliare.ro\/imoexpert\/roma-confort-minimalist-intr-o-amenajare-contemporana_db\/#article\",\"isPartOf\":{\"@id\":\"https:\/\/www.imobiliare.ro\/imoexpert\/roma-confort-minimalist-intr-o-amenajare-contemporana_db\/\"},\"author\":{\"name\":\"Adriana Dr\u0103gu\u0219in\",\"@id\":\"https:\/\/www.imobiliare.ro\/imoexpert\/#\/schema\/person\/8c13b0297075010b896471fabf0d7790\"},\"headline\":\"Roma: confort minimalist \u00eentr-o amenajare contemporan\u0103\",\"datePublished\":\"2017-10-30T05:41:15+00:00\",\"mainEntityOfPage\":{\"@id\":\"https:\/\/www.imobiliare.ro\/imoexpert\/roma-confort-minimalist-intr-o-amenajare-contemporana_db\/\"},\"wordCount\":311,\"commentCount\":0,\"publisher\":{\"@id\":\"https:\/\/www.imobiliare.ro\/imoexpert\/#organization\"},\"image\":{\"@id\":\"https:\/\/www.imobiliare.ro\/imoexpert\/roma-confort-minimalist-intr-o-amenajare-contemporana_db\/#primaryimage\"},\"thumbnailUrl\":\"https:\/\/www.imobiliare.ro\/imoexpert\/wp-content\/uploads\/2017\/10\/apartament-Roma-1.jpg\",\"keywords\":[\"Home&amp;Deco\",\"newsletter\",\"principal\"],\"articleSection\":[\"\u0218tiri\"],\"inLanguage\":\"en\",\"potentialAction\":[{\"@type\":\"CommentAction\",\"name\":\"Comment\",\"target\":[\"https:\/\/www.imobiliare.ro\/imoexpert\/roma-confort-minimalist-intr-o-amenajare-contemporana_db\/#respond\"]}],\"copyrightYear\":\"2017\",\"copyrightHolder\":{\"@id\":\"https:\/\/www.imobiliare.ro\/imoexpert\/#organization\"}},{\"@type\":\"WebPage\",\"@id\":\"https:\/\/www.imobiliare.ro\/imoexpert\/roma-confort-minimalist-intr-o-amenajare-contemporana_db\/\",\"url\":\"https:\/\/www.imobiliare.ro\/imoexpert\/roma-confort-minimalist-intr-o-amenajare-contemporana_db\/\",\"name\":\"Roma: confort minimalist \u00eentr-o amenajare contemporan\u0103 - \u0218tiri - ImoExpert\",\"isPartOf\":{\"@id\":\"https:\/\/www.imobiliare.ro\/imoexpert\/#website\"},\"primaryImageOfPage\":{\"@id\":\"https:\/\/www.imobiliare.ro\/imoexpert\/roma-confort-minimalist-intr-o-amenajare-contemporana_db\/#primaryimage\"},\"image\":{\"@id\":\"https:\/\/www.imobiliare.ro\/imoexpert\/roma-confort-minimalist-intr-o-amenajare-contemporana_db\/#primaryimage\"},\"thumbnailUrl\":\"https:\/\/www.imobiliare.ro\/imoexpert\/wp-content\/uploads\/2017\/10\/apartament-Roma-1.jpg\",\"datePublished\":\"2017-10-30T05:41:15+00:00\",\"description\":\"Acest stil se preteaz\u0103 at\u00e2t locuin\u021belor de mici dimensiuni, c\u00e2t \u0219i celor mai spa\u021bioase. Te g\u00e2nde\u0219ti la o (re)amenajare a locuin\u021bei, dar nu \u0219tii ce stil s\u0103\",\"breadcrumb\":{\"@id\":\"https:\/\/www.imobiliare.ro\/imoexpert\/roma-confort-minimalist-intr-o-amenajare-contemporana_db\/#breadcrumb\"},\"inLanguage\":\"en\",\"potentialAction\":[{\"@type\":\"ReadAction\",\"target\":[\"https:\/\/www.imobiliare.ro\/imoexpert\/roma-confort-minimalist-intr-o-amenajare-contemporana_db\/\"]}]},{\"@type\":\"ImageObject\",\"inLanguage\":\"en\",\"@id\":\"https:\/\/www.imobiliare.ro\/imoexpert\/roma-confort-minimalist-intr-o-amenajare-contemporana_db\/#primaryimage\",\"url\":\"https:\/\/www.imobiliare.ro\/imoexpert\/wp-content\/uploads\/2017\/10\/apartament-Roma-1.jpg\",\"contentUrl\":\"https:\/\/www.imobiliare.ro\/imoexpert\/wp-content\/uploads\/2017\/10\/apartament-Roma-1.jpg\",\"width\":600,\"height\":400},{\"@type\":\"BreadcrumbList\",\"@id\":\"https:\/\/www.imobiliare.ro\/imoexpert\/roma-confort-minimalist-intr-o-amenajare-contemporana_db\/#breadcrumb\",\"itemListElement\":[{\"@type\":\"ListItem\",\"position\":1,\"name\":\"Imoradar24\",\"item\":\"https:\/\/www.imoradar24.ro\"},{\"@type\":\"ListItem\",\"position\":2,\"name\":\"ImoExpert\",\"item\":\"https:\/\/www.imobiliare.ro\/imoexpert\/\"},{\"@type\":\"ListItem\",\"position\":3,\"name\":\"\u0218tiri\",\"item\":\"https:\/\/www.imobiliare.ro\/imoexpert\/stiri\/\"},{\"@type\":\"ListItem\",\"position\":4,\"name\":\"Roma: confort minimalist \u00eentr-o amenajare contemporan\u0103\"}]},{\"@type\":\"WebSite\",\"@id\":\"https:\/\/www.imobiliare.ro\/imoexpert\/#website\",\"url\":\"https:\/\/www.imobiliare.ro\/imoexpert\/\",\"name\":\"ImoExpert\",\"description\":\"cele mai importante \u015ftiri din domeniul imobiliar\",\"publisher\":{\"@id\":\"https:\/\/www.imobiliare.ro\/imoexpert\/#organization\"},\"inLanguage\":\"en\"},{\"@type\":\"Organization\",\"@id\":\"https:\/\/www.imobiliare.ro\/imoexpert\/#organization\",\"name\":\"Imobiliare.ro\",\"alternateName\":\"Realmedia Network SA\",\"url\":\"https:\/\/www.imobiliare.ro\/imoexpert\/\",\"logo\":{\"@type\":\"ImageObject\",\"inLanguage\":\"en\",\"@id\":\"https:\/\/www.imobiliare.ro\/imoexpert\/#\/schema\/logo\/image\/\",\"url\":\"https:\/\/www.imobiliare.ro\/imoexpert\/wp-content\/uploads\/2025\/05\/imobiliare_logo.png\",\"contentUrl\":\"https:\/\/www.imobiliare.ro\/imoexpert\/wp-content\/uploads\/2025\/05\/imobiliare_logo.png\",\"width\":237,\"height\":29,\"caption\":\"Imobiliare.ro\"},\"image\":{\"@id\":\"https:\/\/www.imobiliare.ro\/imoexpert\/#\/schema\/logo\/image\/\"}},{\"@type\":\"Person\",\"@id\":\"https:\/\/www.imobiliare.ro\/imoexpert\/#\/schema\/person\/8c13b0297075010b896471fabf0d7790\",\"name\":\"Adriana Dr\u0103gu\u0219in\",\"image\":{\"@type\":\"ImageObject\",\"inLanguage\":\"en\",\"@id\":\"https:\/\/www.imobiliare.ro\/imoexpert\/#\/schema\/person\/image\/\",\"url\":\"https:\/\/secure.gravatar.com\/avatar\/ba4762f7517e50e679ed7f11207102d1150120f2f5800c0da98f8a15305bf514?s=96&d=mm&r=g\",\"contentUrl\":\"https:\/\/secure.gravatar.com\/avatar\/ba4762f7517e50e679ed7f11207102d1150120f2f5800c0da98f8a15305bf514?s=96&d=mm&r=g\",\"caption\":\"Adriana Dr\u0103gu\u0219in\"},\"jobTitle\":\"Editor\",\"url\":\"https:\/\/www.imobiliare.ro\/imoexpert\/author\/adriana-dragusin\/\"}]}<\/script>\n<!-- \/ Yoast SEO Premium plugin. -->","yoast_head_json":{"title":"Roma: confort minimalist \u00eentr-o amenajare contemporan\u0103 - \u0218tiri - ImoExpert","description":"Acest stil se preteaz\u0103 at\u00e2t locuin\u021belor de mici dimensiuni, c\u00e2t \u0219i celor mai spa\u021bioase. Te g\u00e2nde\u0219ti la o (re)amenajare a locuin\u021bei, dar nu \u0219tii ce stil s\u0103","robots":{"index":"index","follow":"follow"},"canonical":"https:\/\/www.imobiliare.ro\/imoexpert\/roma-confort-minimalist-intr-o-amenajare-contemporana_db\/","og_locale":"ro_RO","og_type":"article","og_title":"Roma: confort minimalist \u00eentr-o amenajare contemporan\u0103","og_description":"Acest stil se preteaz\u0103 at\u00e2t locuin\u021belor de mici dimensiuni, c\u00e2t \u0219i celor mai spa\u021bioase. Te g\u00e2nde\u0219ti la o (re)amenajare a locuin\u021bei, dar nu \u0219tii ce stil s\u0103","og_url":"https:\/\/www.imobiliare.ro\/imoexpert\/roma-confort-minimalist-intr-o-amenajare-contemporana_db\/","og_site_name":"ImoExpert","article_published_time":"2017-10-30T05:41:15+00:00","og_image":[{"width":600,"height":400,"url":"https:\/\/www.imobiliare.ro\/imoexpert\/wp-content\/uploads\/2017\/10\/apartament-Roma-1.jpg","type":"image\/jpeg"}],"author":"Adriana Dr\u0103gu\u0219in","twitter_card":"summary_large_image","twitter_misc":{"Written by":"Adriana Dr\u0103gu\u0219in","Est. reading time":"2 minute"},"schema":{"@context":"https:\/\/schema.org","@graph":[{"@type":"Article","@id":"https:\/\/www.imobiliare.ro\/imoexpert\/roma-confort-minimalist-intr-o-amenajare-contemporana_db\/#article","isPartOf":{"@id":"https:\/\/www.imobiliare.ro\/imoexpert\/roma-confort-minimalist-intr-o-amenajare-contemporana_db\/"},"author":{"name":"Adriana Dr\u0103gu\u0219in","@id":"https:\/\/www.imobiliare.ro\/imoexpert\/#\/schema\/person\/8c13b0297075010b896471fabf0d7790"},"headline":"Roma: confort minimalist \u00eentr-o amenajare contemporan\u0103","datePublished":"2017-10-30T05:41:15+00:00","mainEntityOfPage":{"@id":"https:\/\/www.imobiliare.ro\/imoexpert\/roma-confort-minimalist-intr-o-amenajare-contemporana_db\/"},"wordCount":311,"commentCount":0,"publisher":{"@id":"https:\/\/www.imobiliare.ro\/imoexpert\/#organization"},"image":{"@id":"https:\/\/www.imobiliare.ro\/imoexpert\/roma-confort-minimalist-intr-o-amenajare-contemporana_db\/#primaryimage"},"thumbnailUrl":"https:\/\/www.imobiliare.ro\/imoexpert\/wp-content\/uploads\/2017\/10\/apartament-Roma-1.jpg","keywords":["Home&amp;Deco","newsletter","principal"],"articleSection":["\u0218tiri"],"inLanguage":"en","potentialAction":[{"@type":"CommentAction","name":"Comment","target":["https:\/\/www.imobiliare.ro\/imoexpert\/roma-confort-minimalist-intr-o-amenajare-contemporana_db\/#respond"]}],"copyrightYear":"2017","copyrightHolder":{"@id":"https:\/\/www.imobiliare.ro\/imoexpert\/#organization"}},{"@type":"WebPage","@id":"https:\/\/www.imobiliare.ro\/imoexpert\/roma-confort-minimalist-intr-o-amenajare-contemporana_db\/","url":"https:\/\/www.imobiliare.ro\/imoexpert\/roma-confort-minimalist-intr-o-amenajare-contemporana_db\/","name":"Roma: confort minimalist \u00eentr-o amenajare contemporan\u0103 - \u0218tiri - ImoExpert","isPartOf":{"@id":"https:\/\/www.imobiliare.ro\/imoexpert\/#website"},"primaryImageOfPage":{"@id":"https:\/\/www.imobiliare.ro\/imoexpert\/roma-confort-minimalist-intr-o-amenajare-contemporana_db\/#primaryimage"},"image":{"@id":"https:\/\/www.imobiliare.ro\/imoexpert\/roma-confort-minimalist-intr-o-amenajare-contemporana_db\/#primaryimage"},"thumbnailUrl":"https:\/\/www.imobiliare.ro\/imoexpert\/wp-content\/uploads\/2017\/10\/apartament-Roma-1.jpg","datePublished":"2017-10-30T05:41:15+00:00","description":"Acest stil se preteaz\u0103 at\u00e2t locuin\u021belor de mici dimensiuni, c\u00e2t \u0219i celor mai spa\u021bioase. Te g\u00e2nde\u0219ti la o (re)amenajare a locuin\u021bei, dar nu \u0219tii ce stil s\u0103","breadcrumb":{"@id":"https:\/\/www.imobiliare.ro\/imoexpert\/roma-confort-minimalist-intr-o-amenajare-contemporana_db\/#breadcrumb"},"inLanguage":"en","potentialAction":[{"@type":"ReadAction","target":["https:\/\/www.imobiliare.ro\/imoexpert\/roma-confort-minimalist-intr-o-amenajare-contemporana_db\/"]}]},{"@type":"ImageObject","inLanguage":"en","@id":"https:\/\/www.imobiliare.ro\/imoexpert\/roma-confort-minimalist-intr-o-amenajare-contemporana_db\/#primaryimage","url":"https:\/\/www.imobiliare.ro\/imoexpert\/wp-content\/uploads\/2017\/10\/apartament-Roma-1.jpg","contentUrl":"https:\/\/www.imobiliare.ro\/imoexpert\/wp-content\/uploads\/2017\/10\/apartament-Roma-1.jpg","width":600,"height":400},{"@type":"BreadcrumbList","@id":"https:\/\/www.imobiliare.ro\/imoexpert\/roma-confort-minimalist-intr-o-amenajare-contemporana_db\/#breadcrumb","itemListElement":[{"@type":"ListItem","position":1,"name":"Imoradar24","item":"https:\/\/www.imoradar24.ro"},{"@type":"ListItem","position":2,"name":"ImoExpert","item":"https:\/\/www.imobiliare.ro\/imoexpert\/"},{"@type":"ListItem","position":3,"name":"\u0218tiri","item":"https:\/\/www.imobiliare.ro\/imoexpert\/stiri\/"},{"@type":"ListItem","position":4,"name":"Roma: confort minimalist \u00eentr-o amenajare contemporan\u0103"}]},{"@type":"WebSite","@id":"https:\/\/www.imobiliare.ro\/imoexpert\/#website","url":"https:\/\/www.imobiliare.ro\/imoexpert\/","name":"ImoExpert","description":"cele mai importante \u015ftiri din domeniul imobiliar","publisher":{"@id":"https:\/\/www.imobiliare.ro\/imoexpert\/#organization"},"inLanguage":"en"},{"@type":"Organization","@id":"https:\/\/www.imobiliare.ro\/imoexpert\/#organization","name":"Imobiliare.ro","alternateName":"Realmedia Network SA","url":"https:\/\/www.imobiliare.ro\/imoexpert\/","logo":{"@type":"ImageObject","inLanguage":"en","@id":"https:\/\/www.imobiliare.ro\/imoexpert\/#\/schema\/logo\/image\/","url":"https:\/\/www.imobiliare.ro\/imoexpert\/wp-content\/uploads\/2025\/05\/imobiliare_logo.png","contentUrl":"https:\/\/www.imobiliare.ro\/imoexpert\/wp-content\/uploads\/2025\/05\/imobiliare_logo.png","width":237,"height":29,"caption":"Imobiliare.ro"},"image":{"@id":"https:\/\/www.imobiliare.ro\/imoexpert\/#\/schema\/logo\/image\/"}},{"@type":"Person","@id":"https:\/\/www.imobiliare.ro\/imoexpert\/#\/schema\/person\/8c13b0297075010b896471fabf0d7790","name":"Adriana Dr\u0103gu\u0219in","image":{"@type":"ImageObject","inLanguage":"en","@id":"https:\/\/www.imobiliare.ro\/imoexpert\/#\/schema\/person\/image\/","url":"https:\/\/secure.gravatar.com\/avatar\/ba4762f7517e50e679ed7f11207102d1150120f2f5800c0da98f8a15305bf514?s=96&d=mm&r=g","contentUrl":"https:\/\/secure.gravatar.com\/avatar\/ba4762f7517e50e679ed7f11207102d1150120f2f5800c0da98f8a15305bf514?s=96&d=mm&r=g","caption":"Adriana Dr\u0103gu\u0219in"},"jobTitle":"Editor","url":"https:\/\/www.imobiliare.ro\/imoexpert\/author\/adriana-dragusin\/"}]}},"_links":{"self":[{"href":"https:\/\/www.imobiliare.ro\/imoexpert\/wp-json\/wp\/v2\/posts\/41648","targetHints":{"allow":["GET"]}}],"collection":[{"href":"https:\/\/www.imobiliare.ro\/imoexpert\/wp-json\/wp\/v2\/posts"}],"about":[{"href":"https:\/\/www.imobiliare.ro\/imoexpert\/wp-json\/wp\/v2\/types\/post"}],"author":[{"embeddable":true,"href":"https:\/\/www.imobiliare.ro\/imoexpert\/wp-json\/wp\/v2\/users\/829"}],"replies":[{"embeddable":true,"href":"https:\/\/www.imobiliare.ro\/imoexpert\/wp-json\/wp\/v2\/comments?post=41648"}],"version-history":[{"count":0,"href":"https:\/\/www.imobiliare.ro\/imoexpert\/wp-json\/wp\/v2\/posts\/41648\/revisions"}],"wp:featuredmedia":[{"embeddable":true,"href":"https:\/\/www.imobiliare.ro\/imoexpert\/wp-json\/wp\/v2\/media\/41650"}],"wp:attachment":[{"href":"https:\/\/www.imobiliare.ro\/imoexpert\/wp-json\/wp\/v2\/media?parent=41648"}],"wp:term":[{"taxonomy":"category","embeddable":true,"href":"https:\/\/www.imobiliare.ro\/imoexpert\/wp-json\/wp\/v2\/categories?post=41648"},{"taxonomy":"post_tag","embeddable":true,"href":"https:\/\/www.imobiliare.ro\/imoexpert\/wp-json\/wp\/v2\/tags?post=41648"},{"taxonomy":"content_author","embeddable":true,"href":"https:\/\/www.imobiliare.ro\/imoexpert\/wp-json\/wp\/v2\/content_author?post=41648"}],"curies":[{"name":"wp","href":"https:\/\/api.w.org\/{rel}","templated":true}]}}