{"id":4395,"date":"2010-05-10T13:19:25","date_gmt":"2010-05-10T10:19:25","guid":{"rendered":"https:\/\/www.imobiliare.ro\/imoexpert\/?p=4395"},"modified":"2010-05-10T13:19:25","modified_gmt":"2010-05-10T10:19:25","slug":"2010-plus-de-280000-de-metri-patrati-de-birouri-in-capitala","status":"publish","type":"post","link":"https:\/\/www.imobiliare.ro\/imoexpert\/2010-plus-de-280000-de-metri-patrati-de-birouri-in-capitala_db\/","title":{"rendered":"2010: Plus de 280.000 de metri p\u0103tra\u0163i de birouri \u00een Capital\u0103"},"content":{"rendered":"<p><a class=\"article-body-links\"href=\"https:\/\/www.imobiliare.ro\/imoexpert\/wp-content\/uploads\/2010\/05\/cladire-de-birouri.jpg\"><img loading=\"lazy\" decoding=\"async\" src=\"https:\/\/www.imobiliare.ro\/imoexpert\/wp-content\/uploads\/2010\/05\/cladire-de-birouri-300x200.jpg\" alt=\"\" width=\"300\" height=\"200\" class=\"alignleft size-medium wp-image-4398\" srcset=\"https:\/\/www.imobiliare.ro\/imoexpert\/wp-content\/uploads\/2010\/05\/cladire-de-birouri-300x200.jpg 300w, https:\/\/www.imobiliare.ro\/imoexpert\/wp-content\/uploads\/2010\/05\/cladire-de-birouri-87x57.jpg 87w, https:\/\/www.imobiliare.ro\/imoexpert\/wp-content\/uploads\/2010\/05\/cladire-de-birouri-65x43.jpg 65w, https:\/\/www.imobiliare.ro\/imoexpert\/wp-content\/uploads\/2010\/05\/cladire-de-birouri.jpg 480w\" sizes=\"auto, (max-width: 300px) 100vw, 300px\" \/><\/a><strong>P\u00e2n\u0103 la sf\u00e2r\u015fitul acestui an oferta bucure\u015ftean\u0103 de spa\u0163ii office se va suplimenta cu aproximativ 280.000 de metri p\u0103tra\u0163i, cea mai parte din aceast\u0103 suprafa\u0163\u0103 fiind programat\u0103 spre livrare \u00een zonele secundare \u015fi periferice ale Capitalei. <\/strong><\/p>\n<p>Potrivit unui raport realizat de BNP Paribas, aceste zone sunt cele mai pu\u0163in c\u0103utate de c\u0103tre chiria\u015fi la ora actual\u0103, \u00een mare parte din cauza infrastructurii de proast\u0103 calitate \u015fi a distan\u0163ei mari fa\u0163\u0103 de mijloacele de transport \u00een comun. Oferta \u00een cre\u015ftere \u015fi cererea sc\u0103zut\u0103 nu vor face dec\u00e2t s\u0103 alimenteze trendul descendent al chiriilor. \u00cen prezent, spa\u0163iile situate \u00een zonele secundare ale Capitalei se situeaz\u0103 la un nivel de 120-140 de euro pe metru p\u0103trat pe an.<\/p>\n<p>Pentru propriet\u0103\u0163ile de clasa B situate \u00een zone atractive, costurile de ocupare variaz\u0103 \u00eentre 140 \u015fi 140 de euro pe metru p\u0103trat pe an, \u00een vreme ce birourile din centrul Bucure\u015ftiului se \u00eenchiriaz\u0103 cu 190 p\u00e2n\u0103 la 220 de euro pe metru p\u0103trat pe an.<\/p>\n<p><strong>Noul stoc, greu de absorbit \u00een pia\u0163\u0103<\/strong><br \/>\nReprezentan\u0163ii BNP Paribas subliniaz\u0103 c\u0103, de\u015fi stocul anun\u0163at pentru 2010 este unul redus comparativ cu anii trecu\u0163i, el reprezint\u0103 totu\u015fi un volum semnificativ, ce nu va putea fi absorbit \u00een condi\u0163iile actuale ale pie\u0163ei. \u00cencep\u00e2nd cu al doilea semestru din 2008 absorb\u0163ia net\u0103 a spa\u0163iilor office s-a \u00eenscris pe un trend vizibil descendent, \u00een vreme ce livr\u0103rile s-au men\u0163inut la un nivel ridicat, ca urmare a proiectelor lansate \u00een perioada de boom. \u00cen consecin\u0163\u0103, rata de neocupare a birourilor din Capital\u0103 s-a triplat \u00een aceast\u0103 perioad\u0103, ceea ce a dus \u015fi la o sc\u0103dere semnificativ\u0103 a chiriilor. De\u015fi suprafa\u0163a de birouri total\u0103 ocupat\u0103 va fi mai mare \u00een 2010, rata de neocupare  \u00ee\u015fi va continua, cel mai probabil, trendul ascendent. O alt\u0103 schimbare adus\u0103 de recesiune pe pia\u0163a bucure\u015ftean\u0103 const\u0103 \u00een preferin\u0163a chiria\u015filor pentru cl\u0103dirile finalizate, \u00een detrimentul pre\u00eenchirierilor. Extrem de populare \u00een perioada de boom, acestea sunt considerate riscante \u00een actuala situa\u0163ie economic\u0103.<\/p>\n","protected":false},"excerpt":{"rendered":"<p>P\u00e2n\u0103 la sf\u00e2r\u015fitul acestui an oferta bucure\u015ftean\u0103 de spa\u0163ii office se va suplimenta cu aproximativ 280.000 de metri p\u0103tra\u0163i, cea mai parte din aceast\u0103 suprafa\u0163\u0103 fiind programat\u0103 spre livrare \u00een zonele secundare \u015fi periferice ale Capitalei. Potrivit unui raport realizat de BNP Paribas, aceste zone sunt cele mai pu\u0163in c\u0103utate de c\u0103tre chiria\u015fi la ora [&hellip;]<\/p>\n","protected":false},"author":829,"featured_media":0,"comment_status":"open","ping_status":"open","sticky":false,"template":"","format":"standard","meta":{"footnotes":""},"categories":[259],"tags":[306],"content_author":[],"class_list":["post-4395","post","type-post","status-publish","format-standard","hentry","category-stiri","tag-articole"],"yoast_head":"<!-- This site is optimized with the Yoast SEO Premium plugin v27.0 (Yoast SEO v27.0) - https:\/\/yoast.com\/product\/yoast-seo-premium-wordpress\/ -->\n<title>2010: Plus de 280.000 de metri p\u0103tra\u0163i de birouri \u00een Capital\u0103 - \u0218tiri - ImoExpert<\/title>\n<meta name=\"description\" content=\"P\u00e2n\u0103 la sf\u00e2r\u015fitul acestui an oferta bucure\u015ftean\u0103 de spa\u0163ii office se va suplimenta cu aproximativ 280.000 de metri p\u0103tra\u0163i, cea mai parte din aceast\u0103\" \/>\n<meta name=\"robots\" content=\"index, follow\" \/>\n<link rel=\"canonical\" href=\"https:\/\/www.imobiliare.ro\/imoexpert\/2010-plus-de-280000-de-metri-patrati-de-birouri-in-capitala_db\/\" \/>\n<meta property=\"og:locale\" content=\"ro_RO\" \/>\n<meta property=\"og:type\" content=\"article\" \/>\n<meta property=\"og:title\" content=\"2010: Plus de 280.000 de metri p\u0103tra\u0163i de birouri \u00een Capital\u0103\" \/>\n<meta property=\"og:description\" content=\"P\u00e2n\u0103 la sf\u00e2r\u015fitul acestui an oferta bucure\u015ftean\u0103 de spa\u0163ii office se va suplimenta cu aproximativ 280.000 de metri p\u0103tra\u0163i, cea mai parte din aceast\u0103\" \/>\n<meta property=\"og:url\" content=\"https:\/\/www.imobiliare.ro\/imoexpert\/2010-plus-de-280000-de-metri-patrati-de-birouri-in-capitala_db\/\" \/>\n<meta property=\"og:site_name\" content=\"ImoExpert\" \/>\n<meta property=\"article:published_time\" content=\"2010-05-10T10:19:25+00:00\" \/>\n<meta property=\"og:image\" content=\"https:\/\/www.imobiliare.ro\/imoexpert\/wp-content\/uploads\/2010\/05\/cladire-de-birouri.jpg\" \/>\n\t<meta property=\"og:image:width\" content=\"480\" \/>\n\t<meta property=\"og:image:height\" content=\"320\" \/>\n\t<meta property=\"og:image:type\" content=\"image\/jpeg\" \/>\n<meta name=\"author\" content=\"Adriana Dr\u0103gu\u0219in\" \/>\n<meta name=\"twitter:card\" content=\"summary_large_image\" \/>\n<meta name=\"twitter:label1\" content=\"Written by\" \/>\n\t<meta name=\"twitter:data1\" content=\"Adriana Dr\u0103gu\u0219in\" \/>\n\t<meta name=\"twitter:label2\" content=\"Est. reading time\" \/>\n\t<meta name=\"twitter:data2\" content=\"2 minute\" \/>\n<script type=\"application\/ld+json\" class=\"yoast-schema-graph\">{\"@context\":\"https:\/\/schema.org\",\"@graph\":[{\"@type\":\"Article\",\"@id\":\"https:\/\/www.imobiliare.ro\/imoexpert\/2010-plus-de-280000-de-metri-patrati-de-birouri-in-capitala_db\/#article\",\"isPartOf\":{\"@id\":\"https:\/\/www.imobiliare.ro\/imoexpert\/2010-plus-de-280000-de-metri-patrati-de-birouri-in-capitala_db\/\"},\"author\":{\"name\":\"Adriana Dr\u0103gu\u0219in\",\"@id\":\"https:\/\/www.imobiliare.ro\/imoexpert\/#\/schema\/person\/8c13b0297075010b896471fabf0d7790\"},\"headline\":\"2010: Plus de 280.000 de metri p\u0103tra\u0163i de birouri \u00een Capital\u0103\",\"datePublished\":\"2010-05-10T10:19:25+00:00\",\"mainEntityOfPage\":{\"@id\":\"https:\/\/www.imobiliare.ro\/imoexpert\/2010-plus-de-280000-de-metri-patrati-de-birouri-in-capitala_db\/\"},\"wordCount\":368,\"commentCount\":0,\"publisher\":{\"@id\":\"https:\/\/www.imobiliare.ro\/imoexpert\/#organization\"},\"image\":{\"@id\":\"https:\/\/www.imobiliare.ro\/imoexpert\/2010-plus-de-280000-de-metri-patrati-de-birouri-in-capitala_db\/#primaryimage\"},\"thumbnailUrl\":\"https:\/\/www.imobiliare.ro\/imoexpert\/wp-content\/uploads\/2010\/05\/cladire-de-birouri-300x200.jpg\",\"keywords\":[\"articole\"],\"articleSection\":[\"\u0218tiri\"],\"inLanguage\":\"en\",\"potentialAction\":[{\"@type\":\"CommentAction\",\"name\":\"Comment\",\"target\":[\"https:\/\/www.imobiliare.ro\/imoexpert\/2010-plus-de-280000-de-metri-patrati-de-birouri-in-capitala_db\/#respond\"]}],\"copyrightYear\":\"2010\",\"copyrightHolder\":{\"@id\":\"https:\/\/www.imobiliare.ro\/imoexpert\/#organization\"}},{\"@type\":\"WebPage\",\"@id\":\"https:\/\/www.imobiliare.ro\/imoexpert\/2010-plus-de-280000-de-metri-patrati-de-birouri-in-capitala_db\/\",\"url\":\"https:\/\/www.imobiliare.ro\/imoexpert\/2010-plus-de-280000-de-metri-patrati-de-birouri-in-capitala_db\/\",\"name\":\"2010: Plus de 280.000 de metri p\u0103tra\u0163i de birouri \u00een Capital\u0103 - \u0218tiri - ImoExpert\",\"isPartOf\":{\"@id\":\"https:\/\/www.imobiliare.ro\/imoexpert\/#website\"},\"primaryImageOfPage\":{\"@id\":\"https:\/\/www.imobiliare.ro\/imoexpert\/2010-plus-de-280000-de-metri-patrati-de-birouri-in-capitala_db\/#primaryimage\"},\"image\":{\"@id\":\"https:\/\/www.imobiliare.ro\/imoexpert\/2010-plus-de-280000-de-metri-patrati-de-birouri-in-capitala_db\/#primaryimage\"},\"thumbnailUrl\":\"https:\/\/www.imobiliare.ro\/imoexpert\/wp-content\/uploads\/2010\/05\/cladire-de-birouri-300x200.jpg\",\"datePublished\":\"2010-05-10T10:19:25+00:00\",\"description\":\"P\u00e2n\u0103 la sf\u00e2r\u015fitul acestui an oferta bucure\u015ftean\u0103 de spa\u0163ii office se va suplimenta cu aproximativ 280.000 de metri p\u0103tra\u0163i, cea mai parte din aceast\u0103\",\"breadcrumb\":{\"@id\":\"https:\/\/www.imobiliare.ro\/imoexpert\/2010-plus-de-280000-de-metri-patrati-de-birouri-in-capitala_db\/#breadcrumb\"},\"inLanguage\":\"en\",\"potentialAction\":[{\"@type\":\"ReadAction\",\"target\":[\"https:\/\/www.imobiliare.ro\/imoexpert\/2010-plus-de-280000-de-metri-patrati-de-birouri-in-capitala_db\/\"]}]},{\"@type\":\"ImageObject\",\"inLanguage\":\"en\",\"@id\":\"https:\/\/www.imobiliare.ro\/imoexpert\/2010-plus-de-280000-de-metri-patrati-de-birouri-in-capitala_db\/#primaryimage\",\"url\":\"https:\/\/www.imobiliare.ro\/imoexpert\/wp-content\/uploads\/2010\/05\/cladire-de-birouri.jpg\",\"contentUrl\":\"https:\/\/www.imobiliare.ro\/imoexpert\/wp-content\/uploads\/2010\/05\/cladire-de-birouri.jpg\",\"width\":480,\"height\":320},{\"@type\":\"BreadcrumbList\",\"@id\":\"https:\/\/www.imobiliare.ro\/imoexpert\/2010-plus-de-280000-de-metri-patrati-de-birouri-in-capitala_db\/#breadcrumb\",\"itemListElement\":[{\"@type\":\"ListItem\",\"position\":1,\"name\":\"Imoradar24\",\"item\":\"https:\/\/www.imoradar24.ro\"},{\"@type\":\"ListItem\",\"position\":2,\"name\":\"ImoExpert\",\"item\":\"https:\/\/www.imobiliare.ro\/imoexpert\/\"},{\"@type\":\"ListItem\",\"position\":3,\"name\":\"\u0218tiri\",\"item\":\"https:\/\/www.imobiliare.ro\/imoexpert\/stiri\/\"},{\"@type\":\"ListItem\",\"position\":4,\"name\":\"2010: Plus de 280.000 de metri p\u0103tra\u0163i de birouri \u00een Capital\u0103\"}]},{\"@type\":\"WebSite\",\"@id\":\"https:\/\/www.imobiliare.ro\/imoexpert\/#website\",\"url\":\"https:\/\/www.imobiliare.ro\/imoexpert\/\",\"name\":\"ImoExpert\",\"description\":\"cele mai importante \u015ftiri din domeniul imobiliar\",\"publisher\":{\"@id\":\"https:\/\/www.imobiliare.ro\/imoexpert\/#organization\"},\"inLanguage\":\"en\"},{\"@type\":\"Organization\",\"@id\":\"https:\/\/www.imobiliare.ro\/imoexpert\/#organization\",\"name\":\"Imobiliare.ro\",\"alternateName\":\"Realmedia Network SA\",\"url\":\"https:\/\/www.imobiliare.ro\/imoexpert\/\",\"logo\":{\"@type\":\"ImageObject\",\"inLanguage\":\"en\",\"@id\":\"https:\/\/www.imobiliare.ro\/imoexpert\/#\/schema\/logo\/image\/\",\"url\":\"https:\/\/www.imobiliare.ro\/imoexpert\/wp-content\/uploads\/2025\/05\/imobiliare_logo.png\",\"contentUrl\":\"https:\/\/www.imobiliare.ro\/imoexpert\/wp-content\/uploads\/2025\/05\/imobiliare_logo.png\",\"width\":237,\"height\":29,\"caption\":\"Imobiliare.ro\"},\"image\":{\"@id\":\"https:\/\/www.imobiliare.ro\/imoexpert\/#\/schema\/logo\/image\/\"}},{\"@type\":\"Person\",\"@id\":\"https:\/\/www.imobiliare.ro\/imoexpert\/#\/schema\/person\/8c13b0297075010b896471fabf0d7790\",\"name\":\"Adriana Dr\u0103gu\u0219in\",\"image\":{\"@type\":\"ImageObject\",\"inLanguage\":\"en\",\"@id\":\"https:\/\/www.imobiliare.ro\/imoexpert\/#\/schema\/person\/image\/\",\"url\":\"https:\/\/secure.gravatar.com\/avatar\/ba4762f7517e50e679ed7f11207102d1150120f2f5800c0da98f8a15305bf514?s=96&d=mm&r=g\",\"contentUrl\":\"https:\/\/secure.gravatar.com\/avatar\/ba4762f7517e50e679ed7f11207102d1150120f2f5800c0da98f8a15305bf514?s=96&d=mm&r=g\",\"caption\":\"Adriana Dr\u0103gu\u0219in\"},\"jobTitle\":\"Editor\",\"url\":\"https:\/\/www.imobiliare.ro\/imoexpert\/author\/adriana-dragusin\/\"}]}<\/script>\n<!-- \/ Yoast SEO Premium plugin. -->","yoast_head_json":{"title":"2010: Plus de 280.000 de metri p\u0103tra\u0163i de birouri \u00een Capital\u0103 - \u0218tiri - ImoExpert","description":"P\u00e2n\u0103 la sf\u00e2r\u015fitul acestui an oferta bucure\u015ftean\u0103 de spa\u0163ii office se va suplimenta cu aproximativ 280.000 de metri p\u0103tra\u0163i, cea mai parte din aceast\u0103","robots":{"index":"index","follow":"follow"},"canonical":"https:\/\/www.imobiliare.ro\/imoexpert\/2010-plus-de-280000-de-metri-patrati-de-birouri-in-capitala_db\/","og_locale":"ro_RO","og_type":"article","og_title":"2010: Plus de 280.000 de metri p\u0103tra\u0163i de birouri \u00een Capital\u0103","og_description":"P\u00e2n\u0103 la sf\u00e2r\u015fitul acestui an oferta bucure\u015ftean\u0103 de spa\u0163ii office se va suplimenta cu aproximativ 280.000 de metri p\u0103tra\u0163i, cea mai parte din aceast\u0103","og_url":"https:\/\/www.imobiliare.ro\/imoexpert\/2010-plus-de-280000-de-metri-patrati-de-birouri-in-capitala_db\/","og_site_name":"ImoExpert","article_published_time":"2010-05-10T10:19:25+00:00","og_image":[{"width":480,"height":320,"url":"https:\/\/www.imobiliare.ro\/imoexpert\/wp-content\/uploads\/2010\/05\/cladire-de-birouri.jpg","type":"image\/jpeg"}],"author":"Adriana Dr\u0103gu\u0219in","twitter_card":"summary_large_image","twitter_misc":{"Written by":"Adriana Dr\u0103gu\u0219in","Est. reading time":"2 minute"},"schema":{"@context":"https:\/\/schema.org","@graph":[{"@type":"Article","@id":"https:\/\/www.imobiliare.ro\/imoexpert\/2010-plus-de-280000-de-metri-patrati-de-birouri-in-capitala_db\/#article","isPartOf":{"@id":"https:\/\/www.imobiliare.ro\/imoexpert\/2010-plus-de-280000-de-metri-patrati-de-birouri-in-capitala_db\/"},"author":{"name":"Adriana Dr\u0103gu\u0219in","@id":"https:\/\/www.imobiliare.ro\/imoexpert\/#\/schema\/person\/8c13b0297075010b896471fabf0d7790"},"headline":"2010: Plus de 280.000 de metri p\u0103tra\u0163i de birouri \u00een Capital\u0103","datePublished":"2010-05-10T10:19:25+00:00","mainEntityOfPage":{"@id":"https:\/\/www.imobiliare.ro\/imoexpert\/2010-plus-de-280000-de-metri-patrati-de-birouri-in-capitala_db\/"},"wordCount":368,"commentCount":0,"publisher":{"@id":"https:\/\/www.imobiliare.ro\/imoexpert\/#organization"},"image":{"@id":"https:\/\/www.imobiliare.ro\/imoexpert\/2010-plus-de-280000-de-metri-patrati-de-birouri-in-capitala_db\/#primaryimage"},"thumbnailUrl":"https:\/\/www.imobiliare.ro\/imoexpert\/wp-content\/uploads\/2010\/05\/cladire-de-birouri-300x200.jpg","keywords":["articole"],"articleSection":["\u0218tiri"],"inLanguage":"en","potentialAction":[{"@type":"CommentAction","name":"Comment","target":["https:\/\/www.imobiliare.ro\/imoexpert\/2010-plus-de-280000-de-metri-patrati-de-birouri-in-capitala_db\/#respond"]}],"copyrightYear":"2010","copyrightHolder":{"@id":"https:\/\/www.imobiliare.ro\/imoexpert\/#organization"}},{"@type":"WebPage","@id":"https:\/\/www.imobiliare.ro\/imoexpert\/2010-plus-de-280000-de-metri-patrati-de-birouri-in-capitala_db\/","url":"https:\/\/www.imobiliare.ro\/imoexpert\/2010-plus-de-280000-de-metri-patrati-de-birouri-in-capitala_db\/","name":"2010: Plus de 280.000 de metri p\u0103tra\u0163i de birouri \u00een Capital\u0103 - \u0218tiri - ImoExpert","isPartOf":{"@id":"https:\/\/www.imobiliare.ro\/imoexpert\/#website"},"primaryImageOfPage":{"@id":"https:\/\/www.imobiliare.ro\/imoexpert\/2010-plus-de-280000-de-metri-patrati-de-birouri-in-capitala_db\/#primaryimage"},"image":{"@id":"https:\/\/www.imobiliare.ro\/imoexpert\/2010-plus-de-280000-de-metri-patrati-de-birouri-in-capitala_db\/#primaryimage"},"thumbnailUrl":"https:\/\/www.imobiliare.ro\/imoexpert\/wp-content\/uploads\/2010\/05\/cladire-de-birouri-300x200.jpg","datePublished":"2010-05-10T10:19:25+00:00","description":"P\u00e2n\u0103 la sf\u00e2r\u015fitul acestui an oferta bucure\u015ftean\u0103 de spa\u0163ii office se va suplimenta cu aproximativ 280.000 de metri p\u0103tra\u0163i, cea mai parte din aceast\u0103","breadcrumb":{"@id":"https:\/\/www.imobiliare.ro\/imoexpert\/2010-plus-de-280000-de-metri-patrati-de-birouri-in-capitala_db\/#breadcrumb"},"inLanguage":"en","potentialAction":[{"@type":"ReadAction","target":["https:\/\/www.imobiliare.ro\/imoexpert\/2010-plus-de-280000-de-metri-patrati-de-birouri-in-capitala_db\/"]}]},{"@type":"ImageObject","inLanguage":"en","@id":"https:\/\/www.imobiliare.ro\/imoexpert\/2010-plus-de-280000-de-metri-patrati-de-birouri-in-capitala_db\/#primaryimage","url":"https:\/\/www.imobiliare.ro\/imoexpert\/wp-content\/uploads\/2010\/05\/cladire-de-birouri.jpg","contentUrl":"https:\/\/www.imobiliare.ro\/imoexpert\/wp-content\/uploads\/2010\/05\/cladire-de-birouri.jpg","width":480,"height":320},{"@type":"BreadcrumbList","@id":"https:\/\/www.imobiliare.ro\/imoexpert\/2010-plus-de-280000-de-metri-patrati-de-birouri-in-capitala_db\/#breadcrumb","itemListElement":[{"@type":"ListItem","position":1,"name":"Imoradar24","item":"https:\/\/www.imoradar24.ro"},{"@type":"ListItem","position":2,"name":"ImoExpert","item":"https:\/\/www.imobiliare.ro\/imoexpert\/"},{"@type":"ListItem","position":3,"name":"\u0218tiri","item":"https:\/\/www.imobiliare.ro\/imoexpert\/stiri\/"},{"@type":"ListItem","position":4,"name":"2010: Plus de 280.000 de metri p\u0103tra\u0163i de birouri \u00een Capital\u0103"}]},{"@type":"WebSite","@id":"https:\/\/www.imobiliare.ro\/imoexpert\/#website","url":"https:\/\/www.imobiliare.ro\/imoexpert\/","name":"ImoExpert","description":"cele mai importante \u015ftiri din domeniul imobiliar","publisher":{"@id":"https:\/\/www.imobiliare.ro\/imoexpert\/#organization"},"inLanguage":"en"},{"@type":"Organization","@id":"https:\/\/www.imobiliare.ro\/imoexpert\/#organization","name":"Imobiliare.ro","alternateName":"Realmedia Network SA","url":"https:\/\/www.imobiliare.ro\/imoexpert\/","logo":{"@type":"ImageObject","inLanguage":"en","@id":"https:\/\/www.imobiliare.ro\/imoexpert\/#\/schema\/logo\/image\/","url":"https:\/\/www.imobiliare.ro\/imoexpert\/wp-content\/uploads\/2025\/05\/imobiliare_logo.png","contentUrl":"https:\/\/www.imobiliare.ro\/imoexpert\/wp-content\/uploads\/2025\/05\/imobiliare_logo.png","width":237,"height":29,"caption":"Imobiliare.ro"},"image":{"@id":"https:\/\/www.imobiliare.ro\/imoexpert\/#\/schema\/logo\/image\/"}},{"@type":"Person","@id":"https:\/\/www.imobiliare.ro\/imoexpert\/#\/schema\/person\/8c13b0297075010b896471fabf0d7790","name":"Adriana Dr\u0103gu\u0219in","image":{"@type":"ImageObject","inLanguage":"en","@id":"https:\/\/www.imobiliare.ro\/imoexpert\/#\/schema\/person\/image\/","url":"https:\/\/secure.gravatar.com\/avatar\/ba4762f7517e50e679ed7f11207102d1150120f2f5800c0da98f8a15305bf514?s=96&d=mm&r=g","contentUrl":"https:\/\/secure.gravatar.com\/avatar\/ba4762f7517e50e679ed7f11207102d1150120f2f5800c0da98f8a15305bf514?s=96&d=mm&r=g","caption":"Adriana Dr\u0103gu\u0219in"},"jobTitle":"Editor","url":"https:\/\/www.imobiliare.ro\/imoexpert\/author\/adriana-dragusin\/"}]}},"_links":{"self":[{"href":"https:\/\/www.imobiliare.ro\/imoexpert\/wp-json\/wp\/v2\/posts\/4395","targetHints":{"allow":["GET"]}}],"collection":[{"href":"https:\/\/www.imobiliare.ro\/imoexpert\/wp-json\/wp\/v2\/posts"}],"about":[{"href":"https:\/\/www.imobiliare.ro\/imoexpert\/wp-json\/wp\/v2\/types\/post"}],"author":[{"embeddable":true,"href":"https:\/\/www.imobiliare.ro\/imoexpert\/wp-json\/wp\/v2\/users\/829"}],"replies":[{"embeddable":true,"href":"https:\/\/www.imobiliare.ro\/imoexpert\/wp-json\/wp\/v2\/comments?post=4395"}],"version-history":[{"count":0,"href":"https:\/\/www.imobiliare.ro\/imoexpert\/wp-json\/wp\/v2\/posts\/4395\/revisions"}],"wp:attachment":[{"href":"https:\/\/www.imobiliare.ro\/imoexpert\/wp-json\/wp\/v2\/media?parent=4395"}],"wp:term":[{"taxonomy":"category","embeddable":true,"href":"https:\/\/www.imobiliare.ro\/imoexpert\/wp-json\/wp\/v2\/categories?post=4395"},{"taxonomy":"post_tag","embeddable":true,"href":"https:\/\/www.imobiliare.ro\/imoexpert\/wp-json\/wp\/v2\/tags?post=4395"},{"taxonomy":"content_author","embeddable":true,"href":"https:\/\/www.imobiliare.ro\/imoexpert\/wp-json\/wp\/v2\/content_author?post=4395"}],"curies":[{"name":"wp","href":"https:\/\/api.w.org\/{rel}","templated":true}]}}