{"id":5005,"date":"2010-06-29T10:03:28","date_gmt":"2010-06-29T07:03:28","guid":{"rendered":"https:\/\/www.imobiliare.ro\/imoexpert\/?p=5005"},"modified":"2010-06-29T10:03:28","modified_gmt":"2010-06-29T07:03:28","slug":"romanii-pe-al-doilea-loc-la-tva-in-ue","status":"publish","type":"post","link":"https:\/\/www.imobiliare.ro\/imoexpert\/romanii-pe-al-doilea-loc-la-tva-in-ue_db\/","title":{"rendered":"Rom\u00e2nii, pe al doilea loc la TVA \u00een UE"},"content":{"rendered":"<p><a class=\"article-body-links\"href=\"https:\/\/www.imobiliare.ro\/imoexpert\/wp-content\/uploads\/2010\/06\/ue.jpg\"><img loading=\"lazy\" decoding=\"async\" src=\"https:\/\/www.imobiliare.ro\/imoexpert\/wp-content\/uploads\/2010\/06\/ue-300x300.jpg\" alt=\"\" width=\"300\" height=\"300\" class=\"alignleft size-medium wp-image-5007\" srcset=\"https:\/\/www.imobiliare.ro\/imoexpert\/wp-content\/uploads\/2010\/06\/ue-300x300.jpg 300w, https:\/\/www.imobiliare.ro\/imoexpert\/wp-content\/uploads\/2010\/06\/ue-140x140.jpg 140w, https:\/\/www.imobiliare.ro\/imoexpert\/wp-content\/uploads\/2010\/06\/ue-150x150.jpg 150w, https:\/\/www.imobiliare.ro\/imoexpert\/wp-content\/uploads\/2010\/06\/ue-250x250.jpg 250w, https:\/\/www.imobiliare.ro\/imoexpert\/wp-content\/uploads\/2010\/06\/ue.jpg 480w\" sizes=\"auto, (max-width: 300px) 100vw, 300px\" \/><\/a><strong>Hot\u0103r\u00e2rea Guvernului de a majora TVA la 24% \u00eencep\u00e2nd cu 1 iulie plaseaz\u0103 Rom\u00e2nia pe al doilea loc \u00een Uniunea European\u0103 (UE) \u00een clasamentul celor mai mari taxe pe valoare ad\u0103ugat\u0103. <\/strong><\/p>\n<p>Potrivit unui raport al Eurostat, doar trei state din cele 27 membre ale UE au \u00een prezent o TVA mai mare de 24%.<\/p>\n<p>Astfel, \u00een Danemarca, Suedia \u015fi Ungaria valoarea acestei taxe se ridic\u0103 la 25%. La nivelul Uniunii Europene, valoarea medie a TVA este de 20,2%, fa\u0163\u0103 de nivelul \u00eenregistrat anul trecut, de 19,8%.<\/p>\n<p>\u00cen regiune, cele mai mici valori ale TVA sunt \u00eenregistrate \u00een Cipru \u015fi Luxemburg, cu taxe de 15%, dar \u015fi \u00een Marea Britanie, cu 17,5%.<\/p>\n<p><strong>Majorarea aplicat\u0103 de Guvernul rom\u00e2n este cea mai mare \u00eenregistrat\u0103 la nivelul Uniunii Europene \u00een 2010.<\/strong><\/p>\n<p>Printre statele care au luat aceast\u0103 m\u0103sur\u0103 de austeritate anul acesta se num\u0103r\u0103 Spania, cu o cre\u015ftere de 2% (p\u00e2n\u0103 la 18%), Portugalia, cu o majorare de 1% (p\u00e2n\u0103 la 21%) \u015fi Finlanda, cu un plus de 1% (p\u00e2n\u0103 la 23%).<\/p>\n<p>\u00cen acela\u015fi timp, tot la 1 iulie 2010, Grecia va \u00eenregistra cea de-a doua majorare a TVA de anul acesta, ajung\u00e2nd la un nivel de impozitare de 23%, cu 4% mai mult dec\u00e2t anul trecut.<\/p>\n<p>O cre\u015ftere similar\u0103 a taxei pe valoare ad\u0103ugat\u0103 a fost \u00eenregistrat\u0103 \u00een iulie anul trecut \u00een Ungaria. Astfel, \u0163ara vecin\u0103 a ajuns la o TVA de 25%, fa\u0163\u0103 de 20%.<\/p>\n","protected":false},"excerpt":{"rendered":"<p>Hot\u0103r\u00e2rea Guvernului de a majora TVA la 24% \u00eencep\u00e2nd cu 1 iulie plaseaz\u0103 Rom\u00e2nia pe al doilea loc \u00een Uniunea European\u0103 (UE) \u00een clasamentul celor mai mari taxe pe valoare ad\u0103ugat\u0103. Potrivit unui raport al Eurostat, doar trei state din cele 27 membre ale UE au \u00een prezent o TVA mai mare de 24%. Astfel, [&hellip;]<\/p>\n","protected":false},"author":829,"featured_media":0,"comment_status":"open","ping_status":"open","sticky":false,"template":"","format":"standard","meta":{"footnotes":""},"categories":[259],"tags":[306],"content_author":[],"class_list":["post-5005","post","type-post","status-publish","format-standard","hentry","category-stiri","tag-articole"],"yoast_head":"<!-- This site is optimized with the Yoast SEO Premium plugin v27.0 (Yoast SEO v27.0) - https:\/\/yoast.com\/product\/yoast-seo-premium-wordpress\/ -->\n<title>Rom\u00e2nii, pe al doilea loc la TVA \u00een UE - \u0218tiri - ImoExpert<\/title>\n<meta name=\"description\" content=\"Hot\u0103r\u00e2rea Guvernului de a majora TVA la 24% \u00eencep\u00e2nd cu 1 iulie plaseaz\u0103 Rom\u00e2nia pe al doilea loc \u00een Uniunea European\u0103 (UE) \u00een clasamentul celor mai mari\" \/>\n<meta name=\"robots\" content=\"index, follow\" \/>\n<link rel=\"canonical\" href=\"https:\/\/www.imobiliare.ro\/imoexpert\/romanii-pe-al-doilea-loc-la-tva-in-ue_db\/\" \/>\n<meta property=\"og:locale\" content=\"ro_RO\" \/>\n<meta property=\"og:type\" content=\"article\" \/>\n<meta property=\"og:title\" content=\"Rom\u00e2nii, pe al doilea loc la TVA \u00een UE\" \/>\n<meta property=\"og:description\" content=\"Hot\u0103r\u00e2rea Guvernului de a majora TVA la 24% \u00eencep\u00e2nd cu 1 iulie plaseaz\u0103 Rom\u00e2nia pe al doilea loc \u00een Uniunea European\u0103 (UE) \u00een clasamentul celor mai mari\" \/>\n<meta property=\"og:url\" content=\"https:\/\/www.imobiliare.ro\/imoexpert\/romanii-pe-al-doilea-loc-la-tva-in-ue_db\/\" \/>\n<meta property=\"og:site_name\" content=\"ImoExpert\" \/>\n<meta property=\"article:published_time\" content=\"2010-06-29T07:03:28+00:00\" \/>\n<meta property=\"og:image\" content=\"https:\/\/www.imobiliare.ro\/imoexpert\/wp-content\/uploads\/2010\/06\/ue.jpg\" \/>\n\t<meta property=\"og:image:width\" content=\"480\" \/>\n\t<meta property=\"og:image:height\" content=\"480\" \/>\n\t<meta property=\"og:image:type\" content=\"image\/jpeg\" \/>\n<meta name=\"author\" content=\"Adriana Dr\u0103gu\u0219in\" \/>\n<meta name=\"twitter:card\" content=\"summary_large_image\" \/>\n<meta name=\"twitter:label1\" content=\"Written by\" \/>\n\t<meta name=\"twitter:data1\" content=\"Adriana Dr\u0103gu\u0219in\" \/>\n\t<meta name=\"twitter:label2\" content=\"Est. reading time\" \/>\n\t<meta name=\"twitter:data2\" content=\"1 minut\" \/>\n<script type=\"application\/ld+json\" class=\"yoast-schema-graph\">{\"@context\":\"https:\/\/schema.org\",\"@graph\":[{\"@type\":\"Article\",\"@id\":\"https:\/\/www.imobiliare.ro\/imoexpert\/romanii-pe-al-doilea-loc-la-tva-in-ue_db\/#article\",\"isPartOf\":{\"@id\":\"https:\/\/www.imobiliare.ro\/imoexpert\/romanii-pe-al-doilea-loc-la-tva-in-ue_db\/\"},\"author\":{\"name\":\"Adriana Dr\u0103gu\u0219in\",\"@id\":\"https:\/\/www.imobiliare.ro\/imoexpert\/#\/schema\/person\/8c13b0297075010b896471fabf0d7790\"},\"headline\":\"Rom\u00e2nii, pe al doilea loc la TVA \u00een UE\",\"datePublished\":\"2010-06-29T07:03:28+00:00\",\"mainEntityOfPage\":{\"@id\":\"https:\/\/www.imobiliare.ro\/imoexpert\/romanii-pe-al-doilea-loc-la-tva-in-ue_db\/\"},\"wordCount\":238,\"commentCount\":0,\"publisher\":{\"@id\":\"https:\/\/www.imobiliare.ro\/imoexpert\/#organization\"},\"image\":{\"@id\":\"https:\/\/www.imobiliare.ro\/imoexpert\/romanii-pe-al-doilea-loc-la-tva-in-ue_db\/#primaryimage\"},\"thumbnailUrl\":\"https:\/\/www.imobiliare.ro\/imoexpert\/wp-content\/uploads\/2010\/06\/ue-300x300.jpg\",\"keywords\":[\"articole\"],\"articleSection\":[\"\u0218tiri\"],\"inLanguage\":\"en\",\"potentialAction\":[{\"@type\":\"CommentAction\",\"name\":\"Comment\",\"target\":[\"https:\/\/www.imobiliare.ro\/imoexpert\/romanii-pe-al-doilea-loc-la-tva-in-ue_db\/#respond\"]}],\"copyrightYear\":\"2010\",\"copyrightHolder\":{\"@id\":\"https:\/\/www.imobiliare.ro\/imoexpert\/#organization\"}},{\"@type\":\"WebPage\",\"@id\":\"https:\/\/www.imobiliare.ro\/imoexpert\/romanii-pe-al-doilea-loc-la-tva-in-ue_db\/\",\"url\":\"https:\/\/www.imobiliare.ro\/imoexpert\/romanii-pe-al-doilea-loc-la-tva-in-ue_db\/\",\"name\":\"Rom\u00e2nii, pe al doilea loc la TVA \u00een UE - \u0218tiri - ImoExpert\",\"isPartOf\":{\"@id\":\"https:\/\/www.imobiliare.ro\/imoexpert\/#website\"},\"primaryImageOfPage\":{\"@id\":\"https:\/\/www.imobiliare.ro\/imoexpert\/romanii-pe-al-doilea-loc-la-tva-in-ue_db\/#primaryimage\"},\"image\":{\"@id\":\"https:\/\/www.imobiliare.ro\/imoexpert\/romanii-pe-al-doilea-loc-la-tva-in-ue_db\/#primaryimage\"},\"thumbnailUrl\":\"https:\/\/www.imobiliare.ro\/imoexpert\/wp-content\/uploads\/2010\/06\/ue-300x300.jpg\",\"datePublished\":\"2010-06-29T07:03:28+00:00\",\"description\":\"Hot\u0103r\u00e2rea Guvernului de a majora TVA la 24% \u00eencep\u00e2nd cu 1 iulie plaseaz\u0103 Rom\u00e2nia pe al doilea loc \u00een Uniunea European\u0103 (UE) \u00een clasamentul celor mai mari\",\"breadcrumb\":{\"@id\":\"https:\/\/www.imobiliare.ro\/imoexpert\/romanii-pe-al-doilea-loc-la-tva-in-ue_db\/#breadcrumb\"},\"inLanguage\":\"en\",\"potentialAction\":[{\"@type\":\"ReadAction\",\"target\":[\"https:\/\/www.imobiliare.ro\/imoexpert\/romanii-pe-al-doilea-loc-la-tva-in-ue_db\/\"]}]},{\"@type\":\"ImageObject\",\"inLanguage\":\"en\",\"@id\":\"https:\/\/www.imobiliare.ro\/imoexpert\/romanii-pe-al-doilea-loc-la-tva-in-ue_db\/#primaryimage\",\"url\":\"https:\/\/www.imobiliare.ro\/imoexpert\/wp-content\/uploads\/2010\/06\/ue.jpg\",\"contentUrl\":\"https:\/\/www.imobiliare.ro\/imoexpert\/wp-content\/uploads\/2010\/06\/ue.jpg\",\"width\":480,\"height\":480},{\"@type\":\"BreadcrumbList\",\"@id\":\"https:\/\/www.imobiliare.ro\/imoexpert\/romanii-pe-al-doilea-loc-la-tva-in-ue_db\/#breadcrumb\",\"itemListElement\":[{\"@type\":\"ListItem\",\"position\":1,\"name\":\"Imoradar24\",\"item\":\"https:\/\/www.imoradar24.ro\"},{\"@type\":\"ListItem\",\"position\":2,\"name\":\"ImoExpert\",\"item\":\"https:\/\/www.imobiliare.ro\/imoexpert\/\"},{\"@type\":\"ListItem\",\"position\":3,\"name\":\"\u0218tiri\",\"item\":\"https:\/\/www.imobiliare.ro\/imoexpert\/stiri\/\"},{\"@type\":\"ListItem\",\"position\":4,\"name\":\"Rom\u00e2nii, pe al doilea loc la TVA \u00een UE\"}]},{\"@type\":\"WebSite\",\"@id\":\"https:\/\/www.imobiliare.ro\/imoexpert\/#website\",\"url\":\"https:\/\/www.imobiliare.ro\/imoexpert\/\",\"name\":\"ImoExpert\",\"description\":\"cele mai importante \u015ftiri din domeniul imobiliar\",\"publisher\":{\"@id\":\"https:\/\/www.imobiliare.ro\/imoexpert\/#organization\"},\"inLanguage\":\"en\"},{\"@type\":\"Organization\",\"@id\":\"https:\/\/www.imobiliare.ro\/imoexpert\/#organization\",\"name\":\"Imobiliare.ro\",\"alternateName\":\"Realmedia Network SA\",\"url\":\"https:\/\/www.imobiliare.ro\/imoexpert\/\",\"logo\":{\"@type\":\"ImageObject\",\"inLanguage\":\"en\",\"@id\":\"https:\/\/www.imobiliare.ro\/imoexpert\/#\/schema\/logo\/image\/\",\"url\":\"https:\/\/www.imobiliare.ro\/imoexpert\/wp-content\/uploads\/2025\/05\/imobiliare_logo.png\",\"contentUrl\":\"https:\/\/www.imobiliare.ro\/imoexpert\/wp-content\/uploads\/2025\/05\/imobiliare_logo.png\",\"width\":237,\"height\":29,\"caption\":\"Imobiliare.ro\"},\"image\":{\"@id\":\"https:\/\/www.imobiliare.ro\/imoexpert\/#\/schema\/logo\/image\/\"}},{\"@type\":\"Person\",\"@id\":\"https:\/\/www.imobiliare.ro\/imoexpert\/#\/schema\/person\/8c13b0297075010b896471fabf0d7790\",\"name\":\"Adriana Dr\u0103gu\u0219in\",\"image\":{\"@type\":\"ImageObject\",\"inLanguage\":\"en\",\"@id\":\"https:\/\/www.imobiliare.ro\/imoexpert\/#\/schema\/person\/image\/\",\"url\":\"https:\/\/secure.gravatar.com\/avatar\/ba4762f7517e50e679ed7f11207102d1150120f2f5800c0da98f8a15305bf514?s=96&d=mm&r=g\",\"contentUrl\":\"https:\/\/secure.gravatar.com\/avatar\/ba4762f7517e50e679ed7f11207102d1150120f2f5800c0da98f8a15305bf514?s=96&d=mm&r=g\",\"caption\":\"Adriana Dr\u0103gu\u0219in\"},\"jobTitle\":\"Editor\",\"url\":\"https:\/\/www.imobiliare.ro\/imoexpert\/author\/adriana-dragusin\/\"}]}<\/script>\n<!-- \/ Yoast SEO Premium plugin. -->","yoast_head_json":{"title":"Rom\u00e2nii, pe al doilea loc la TVA \u00een UE - \u0218tiri - ImoExpert","description":"Hot\u0103r\u00e2rea Guvernului de a majora TVA la 24% \u00eencep\u00e2nd cu 1 iulie plaseaz\u0103 Rom\u00e2nia pe al doilea loc \u00een Uniunea European\u0103 (UE) \u00een clasamentul celor mai mari","robots":{"index":"index","follow":"follow"},"canonical":"https:\/\/www.imobiliare.ro\/imoexpert\/romanii-pe-al-doilea-loc-la-tva-in-ue_db\/","og_locale":"ro_RO","og_type":"article","og_title":"Rom\u00e2nii, pe al doilea loc la TVA \u00een UE","og_description":"Hot\u0103r\u00e2rea Guvernului de a majora TVA la 24% \u00eencep\u00e2nd cu 1 iulie plaseaz\u0103 Rom\u00e2nia pe al doilea loc \u00een Uniunea European\u0103 (UE) \u00een clasamentul celor mai mari","og_url":"https:\/\/www.imobiliare.ro\/imoexpert\/romanii-pe-al-doilea-loc-la-tva-in-ue_db\/","og_site_name":"ImoExpert","article_published_time":"2010-06-29T07:03:28+00:00","og_image":[{"width":480,"height":480,"url":"https:\/\/www.imobiliare.ro\/imoexpert\/wp-content\/uploads\/2010\/06\/ue.jpg","type":"image\/jpeg"}],"author":"Adriana Dr\u0103gu\u0219in","twitter_card":"summary_large_image","twitter_misc":{"Written by":"Adriana Dr\u0103gu\u0219in","Est. reading time":"1 minut"},"schema":{"@context":"https:\/\/schema.org","@graph":[{"@type":"Article","@id":"https:\/\/www.imobiliare.ro\/imoexpert\/romanii-pe-al-doilea-loc-la-tva-in-ue_db\/#article","isPartOf":{"@id":"https:\/\/www.imobiliare.ro\/imoexpert\/romanii-pe-al-doilea-loc-la-tva-in-ue_db\/"},"author":{"name":"Adriana Dr\u0103gu\u0219in","@id":"https:\/\/www.imobiliare.ro\/imoexpert\/#\/schema\/person\/8c13b0297075010b896471fabf0d7790"},"headline":"Rom\u00e2nii, pe al doilea loc la TVA \u00een UE","datePublished":"2010-06-29T07:03:28+00:00","mainEntityOfPage":{"@id":"https:\/\/www.imobiliare.ro\/imoexpert\/romanii-pe-al-doilea-loc-la-tva-in-ue_db\/"},"wordCount":238,"commentCount":0,"publisher":{"@id":"https:\/\/www.imobiliare.ro\/imoexpert\/#organization"},"image":{"@id":"https:\/\/www.imobiliare.ro\/imoexpert\/romanii-pe-al-doilea-loc-la-tva-in-ue_db\/#primaryimage"},"thumbnailUrl":"https:\/\/www.imobiliare.ro\/imoexpert\/wp-content\/uploads\/2010\/06\/ue-300x300.jpg","keywords":["articole"],"articleSection":["\u0218tiri"],"inLanguage":"en","potentialAction":[{"@type":"CommentAction","name":"Comment","target":["https:\/\/www.imobiliare.ro\/imoexpert\/romanii-pe-al-doilea-loc-la-tva-in-ue_db\/#respond"]}],"copyrightYear":"2010","copyrightHolder":{"@id":"https:\/\/www.imobiliare.ro\/imoexpert\/#organization"}},{"@type":"WebPage","@id":"https:\/\/www.imobiliare.ro\/imoexpert\/romanii-pe-al-doilea-loc-la-tva-in-ue_db\/","url":"https:\/\/www.imobiliare.ro\/imoexpert\/romanii-pe-al-doilea-loc-la-tva-in-ue_db\/","name":"Rom\u00e2nii, pe al doilea loc la TVA \u00een UE - \u0218tiri - ImoExpert","isPartOf":{"@id":"https:\/\/www.imobiliare.ro\/imoexpert\/#website"},"primaryImageOfPage":{"@id":"https:\/\/www.imobiliare.ro\/imoexpert\/romanii-pe-al-doilea-loc-la-tva-in-ue_db\/#primaryimage"},"image":{"@id":"https:\/\/www.imobiliare.ro\/imoexpert\/romanii-pe-al-doilea-loc-la-tva-in-ue_db\/#primaryimage"},"thumbnailUrl":"https:\/\/www.imobiliare.ro\/imoexpert\/wp-content\/uploads\/2010\/06\/ue-300x300.jpg","datePublished":"2010-06-29T07:03:28+00:00","description":"Hot\u0103r\u00e2rea Guvernului de a majora TVA la 24% \u00eencep\u00e2nd cu 1 iulie plaseaz\u0103 Rom\u00e2nia pe al doilea loc \u00een Uniunea European\u0103 (UE) \u00een clasamentul celor mai mari","breadcrumb":{"@id":"https:\/\/www.imobiliare.ro\/imoexpert\/romanii-pe-al-doilea-loc-la-tva-in-ue_db\/#breadcrumb"},"inLanguage":"en","potentialAction":[{"@type":"ReadAction","target":["https:\/\/www.imobiliare.ro\/imoexpert\/romanii-pe-al-doilea-loc-la-tva-in-ue_db\/"]}]},{"@type":"ImageObject","inLanguage":"en","@id":"https:\/\/www.imobiliare.ro\/imoexpert\/romanii-pe-al-doilea-loc-la-tva-in-ue_db\/#primaryimage","url":"https:\/\/www.imobiliare.ro\/imoexpert\/wp-content\/uploads\/2010\/06\/ue.jpg","contentUrl":"https:\/\/www.imobiliare.ro\/imoexpert\/wp-content\/uploads\/2010\/06\/ue.jpg","width":480,"height":480},{"@type":"BreadcrumbList","@id":"https:\/\/www.imobiliare.ro\/imoexpert\/romanii-pe-al-doilea-loc-la-tva-in-ue_db\/#breadcrumb","itemListElement":[{"@type":"ListItem","position":1,"name":"Imoradar24","item":"https:\/\/www.imoradar24.ro"},{"@type":"ListItem","position":2,"name":"ImoExpert","item":"https:\/\/www.imobiliare.ro\/imoexpert\/"},{"@type":"ListItem","position":3,"name":"\u0218tiri","item":"https:\/\/www.imobiliare.ro\/imoexpert\/stiri\/"},{"@type":"ListItem","position":4,"name":"Rom\u00e2nii, pe al doilea loc la TVA \u00een UE"}]},{"@type":"WebSite","@id":"https:\/\/www.imobiliare.ro\/imoexpert\/#website","url":"https:\/\/www.imobiliare.ro\/imoexpert\/","name":"ImoExpert","description":"cele mai importante \u015ftiri din domeniul imobiliar","publisher":{"@id":"https:\/\/www.imobiliare.ro\/imoexpert\/#organization"},"inLanguage":"en"},{"@type":"Organization","@id":"https:\/\/www.imobiliare.ro\/imoexpert\/#organization","name":"Imobiliare.ro","alternateName":"Realmedia Network SA","url":"https:\/\/www.imobiliare.ro\/imoexpert\/","logo":{"@type":"ImageObject","inLanguage":"en","@id":"https:\/\/www.imobiliare.ro\/imoexpert\/#\/schema\/logo\/image\/","url":"https:\/\/www.imobiliare.ro\/imoexpert\/wp-content\/uploads\/2025\/05\/imobiliare_logo.png","contentUrl":"https:\/\/www.imobiliare.ro\/imoexpert\/wp-content\/uploads\/2025\/05\/imobiliare_logo.png","width":237,"height":29,"caption":"Imobiliare.ro"},"image":{"@id":"https:\/\/www.imobiliare.ro\/imoexpert\/#\/schema\/logo\/image\/"}},{"@type":"Person","@id":"https:\/\/www.imobiliare.ro\/imoexpert\/#\/schema\/person\/8c13b0297075010b896471fabf0d7790","name":"Adriana Dr\u0103gu\u0219in","image":{"@type":"ImageObject","inLanguage":"en","@id":"https:\/\/www.imobiliare.ro\/imoexpert\/#\/schema\/person\/image\/","url":"https:\/\/secure.gravatar.com\/avatar\/ba4762f7517e50e679ed7f11207102d1150120f2f5800c0da98f8a15305bf514?s=96&d=mm&r=g","contentUrl":"https:\/\/secure.gravatar.com\/avatar\/ba4762f7517e50e679ed7f11207102d1150120f2f5800c0da98f8a15305bf514?s=96&d=mm&r=g","caption":"Adriana Dr\u0103gu\u0219in"},"jobTitle":"Editor","url":"https:\/\/www.imobiliare.ro\/imoexpert\/author\/adriana-dragusin\/"}]}},"_links":{"self":[{"href":"https:\/\/www.imobiliare.ro\/imoexpert\/wp-json\/wp\/v2\/posts\/5005","targetHints":{"allow":["GET"]}}],"collection":[{"href":"https:\/\/www.imobiliare.ro\/imoexpert\/wp-json\/wp\/v2\/posts"}],"about":[{"href":"https:\/\/www.imobiliare.ro\/imoexpert\/wp-json\/wp\/v2\/types\/post"}],"author":[{"embeddable":true,"href":"https:\/\/www.imobiliare.ro\/imoexpert\/wp-json\/wp\/v2\/users\/829"}],"replies":[{"embeddable":true,"href":"https:\/\/www.imobiliare.ro\/imoexpert\/wp-json\/wp\/v2\/comments?post=5005"}],"version-history":[{"count":0,"href":"https:\/\/www.imobiliare.ro\/imoexpert\/wp-json\/wp\/v2\/posts\/5005\/revisions"}],"wp:attachment":[{"href":"https:\/\/www.imobiliare.ro\/imoexpert\/wp-json\/wp\/v2\/media?parent=5005"}],"wp:term":[{"taxonomy":"category","embeddable":true,"href":"https:\/\/www.imobiliare.ro\/imoexpert\/wp-json\/wp\/v2\/categories?post=5005"},{"taxonomy":"post_tag","embeddable":true,"href":"https:\/\/www.imobiliare.ro\/imoexpert\/wp-json\/wp\/v2\/tags?post=5005"},{"taxonomy":"content_author","embeddable":true,"href":"https:\/\/www.imobiliare.ro\/imoexpert\/wp-json\/wp\/v2\/content_author?post=5005"}],"curies":[{"name":"wp","href":"https:\/\/api.w.org\/{rel}","templated":true}]}}