{"id":522,"date":"2008-10-16T16:55:58","date_gmt":"2008-10-16T13:55:58","guid":{"rendered":"https:\/\/www.imobiliare.ro\/ghid-imobiliar\/?p=522"},"modified":"2008-10-16T16:55:58","modified_gmt":"2008-10-16T13:55:58","slug":"combinarea-culorilor-in-casa-dumneavoastra","status":"publish","type":"post","link":"https:\/\/www.imobiliare.ro\/imoexpert\/combinarea-culorilor-in-casa-dumneavoastra_db\/","title":{"rendered":"Combinarea culorilor \u00een casa dumneavoastr\u0103"},"content":{"rendered":"<p><img loading=\"lazy\" decoding=\"async\" class=\"alignleft size-full wp-image-523\" src=\"https:\/\/www.imobiliare.ro\/imoexpert\/wp-content\/uploads\/2008\/10\/combinarea-culorilor.jpg\" alt=\"\" width=\"325\" height=\"217\" srcset=\"https:\/\/www.imobiliare.ro\/imoexpert\/wp-content\/uploads\/2008\/10\/combinarea-culorilor.jpg 325w, https:\/\/www.imobiliare.ro\/imoexpert\/wp-content\/uploads\/2008\/10\/combinarea-culorilor-300x200.jpg 300w, https:\/\/www.imobiliare.ro\/imoexpert\/wp-content\/uploads\/2008\/10\/combinarea-culorilor-87x57.jpg 87w, https:\/\/www.imobiliare.ro\/imoexpert\/wp-content\/uploads\/2008\/10\/combinarea-culorilor-65x43.jpg 65w\" sizes=\"auto, (max-width: 325px) 100vw, 325px\" \/>\u015etim c\u0103 v\u0103 plac culorile, \u00eens\u0103 acest lucru nu \u00eenseamn\u0103 c\u0103 trebuie s\u0103 le aduce\u0163i pe toate \u00een casa dumneavoastr\u0103. Tenta\u0163ia s\u0103 face\u0163i prea multe combina\u0163ii sau prea pu\u0163ine \u015fi deloc reu\u015fite este mare.<\/p>\n<p><strong>Pentru living <\/strong><\/p>\n<p>Un perete \u00een nuan\u0163a cerului \u00eel pute\u0163i asorta cu o canapea albastr\u0103 \u015fi cu un covor \u00een nuan\u0163e de bleu, portocaliu, galben.<br \/>\nImaginea apei \u015fi a plajei v\u0103 poate inspira noua culoare pentru pere\u0163ii din livingul sau din sufrageria dumneavoastr\u0103: jum\u0103tate galben, jum\u0103tate albastru, la care adauga\u0163i aceea\u015fi canapea de mai sus \u015fi acela\u015fi covor.<\/p>\n<p>Dac\u0103 preferin\u0163ele dumneavoastr\u0103 cromatice tind spre mov, atunci combina\u0163ia ideal\u0103 este: pere\u0163ii albi, parchetul \u00eentr-o nuan\u0163a de lemn natur, perdele mov.<\/p>\n<p><strong>Pentru buc\u0103t\u0103rie &amp; baie <\/strong><\/p>\n<p>Se poart\u0103 mobilierul negru lucios \u00een buc\u0103t\u0103rie. Pute\u0163i ob\u0163ine o imagine sofisticat\u0103 dac\u0103 adauga\u0163i detalii cromatice sau aurite. O astfel de buc\u0103t\u0103rie, \u00eenchis\u0103 la culoare, se \u00eensufle\u0163e\u015fte cu mici detalii colorate care s\u0103 o lumineze: un set de c\u0103ni cu motive geometrice, o olivier\u0103 colorat\u0103 sau un set de tort.<br \/>\nDac\u0103 din contra, vre\u0163i o buc\u0103t\u0103rie colorat\u0103, portocaliul este r\u0103spunsul. Merge s\u0103 \u00eel combina\u0163i cu detalii gri \u015fi metalice.<br \/>\nB\u0103ile moderne ale acestui an se caracterizeaz\u0103 prin forme sculpturale care fur\u0103 privirea. Alege\u0163i combina\u0163ia negru-alb sau ro\u015fu-alb, neap\u0103rat lucios.<\/p>\n<p><strong>Pentru dormitor <\/strong><\/p>\n<p>S\u0103 zicem c\u0103 vre\u0163i un dormitor vesel, atunci v\u0103 propunem ro\u015fu combinat cu alb. Mai precis, pute\u0163i alege pere\u0163i albi, la care adauga\u0163i perdele albe, draperii ro\u015fii \u015fi lenjerie de pat tot ro\u015fie. Efectul este garantat. Formula se completeaz\u0103 cu mobil\u0103 \u00een culoarea natural\u0103 a lemnului.<\/p>\n<p>Mai multe informa\u0163ii pute\u0163i g\u0103si aici: <a class=\"article-body-links\"href=\"http:\/\/www.casa-gradina.ro\">casa-gradina.ro<\/a><\/p>\n","protected":false},"excerpt":{"rendered":"<p>\u015etim c\u0103 v\u0103 plac culorile, \u00eens\u0103 acest lucru nu \u00eenseamn\u0103 c\u0103 trebuie s\u0103 le aduce\u0163i pe toate \u00een casa dumneavoastr\u0103. Tenta\u0163ia s\u0103 face\u0163i prea multe combina\u0163ii sau prea pu\u0163ine \u015fi deloc reu\u015fite este mare. Pentru living Un perete \u00een nuan\u0163a cerului \u00eel pute\u0163i asorta cu o canapea albastr\u0103 \u015fi cu un covor \u00een nuan\u0163e de [&hellip;]<\/p>\n","protected":false},"author":831,"featured_media":0,"comment_status":"open","ping_status":"open","sticky":false,"template":"","format":"standard","meta":{"footnotes":""},"categories":[255],"tags":[306],"content_author":[],"class_list":["post-522","post","type-post","status-publish","format-standard","hentry","category-home-deco","tag-articole"],"yoast_head":"<!-- This site is optimized with the Yoast SEO Premium plugin v27.0 (Yoast SEO v27.0) - https:\/\/yoast.com\/product\/yoast-seo-premium-wordpress\/ -->\n<title>Combinarea culorilor \u00een casa dumneavoastr\u0103 - Home &amp; Deco - ImoExpert<\/title>\n<meta name=\"description\" content=\"\u015etim c\u0103 v\u0103 plac culorile, \u00eens\u0103 acest lucru nu \u00eenseamn\u0103 c\u0103 trebuie s\u0103 le aduce\u0163i pe toate \u00een casa dumneavoastr\u0103. Tenta\u0163ia s\u0103 face\u0163i prea multe combina\u0163ii\" \/>\n<meta name=\"robots\" content=\"index, follow\" \/>\n<link rel=\"canonical\" href=\"https:\/\/www.imobiliare.ro\/imoexpert\/combinarea-culorilor-in-casa-dumneavoastra_db\/\" \/>\n<meta property=\"og:locale\" content=\"ro_RO\" \/>\n<meta property=\"og:type\" content=\"article\" \/>\n<meta property=\"og:title\" content=\"Combinarea culorilor \u00een casa dumneavoastr\u0103\" \/>\n<meta property=\"og:description\" content=\"\u015etim c\u0103 v\u0103 plac culorile, \u00eens\u0103 acest lucru nu \u00eenseamn\u0103 c\u0103 trebuie s\u0103 le aduce\u0163i pe toate \u00een casa dumneavoastr\u0103. Tenta\u0163ia s\u0103 face\u0163i prea multe combina\u0163ii\" \/>\n<meta property=\"og:url\" content=\"https:\/\/www.imobiliare.ro\/imoexpert\/combinarea-culorilor-in-casa-dumneavoastra_db\/\" \/>\n<meta property=\"og:site_name\" content=\"ImoExpert\" \/>\n<meta property=\"article:published_time\" content=\"2008-10-16T13:55:58+00:00\" \/>\n<meta property=\"og:image\" content=\"https:\/\/www.imobiliare.ro\/imoexpert\/wp-content\/uploads\/2008\/10\/combinarea-culorilor.jpg\" \/>\n\t<meta property=\"og:image:width\" content=\"325\" \/>\n\t<meta property=\"og:image:height\" content=\"217\" \/>\n\t<meta property=\"og:image:type\" content=\"image\/jpeg\" \/>\n<meta name=\"author\" content=\"casa-gradina.ro\" \/>\n<meta name=\"twitter:card\" content=\"summary_large_image\" \/>\n<meta name=\"twitter:label1\" content=\"Written by\" \/>\n\t<meta name=\"twitter:data1\" content=\"casa-gradina.ro\" \/>\n\t<meta name=\"twitter:label2\" content=\"Est. reading time\" \/>\n\t<meta name=\"twitter:data2\" content=\"2 minute\" \/>\n<script type=\"application\/ld+json\" class=\"yoast-schema-graph\">{\"@context\":\"https:\/\/schema.org\",\"@graph\":[{\"@type\":\"Article\",\"@id\":\"https:\/\/www.imobiliare.ro\/imoexpert\/combinarea-culorilor-in-casa-dumneavoastra_db\/#article\",\"isPartOf\":{\"@id\":\"https:\/\/www.imobiliare.ro\/imoexpert\/combinarea-culorilor-in-casa-dumneavoastra_db\/\"},\"author\":{\"name\":\"casa-gradina.ro\",\"@id\":\"https:\/\/www.imobiliare.ro\/imoexpert\/#\/schema\/person\/516323919636276b6294dc116d3bfcf1\"},\"headline\":\"Combinarea culorilor \u00een casa dumneavoastr\u0103\",\"datePublished\":\"2008-10-16T13:55:58+00:00\",\"mainEntityOfPage\":{\"@id\":\"https:\/\/www.imobiliare.ro\/imoexpert\/combinarea-culorilor-in-casa-dumneavoastra_db\/\"},\"wordCount\":317,\"commentCount\":7,\"publisher\":{\"@id\":\"https:\/\/www.imobiliare.ro\/imoexpert\/#organization\"},\"image\":{\"@id\":\"https:\/\/www.imobiliare.ro\/imoexpert\/combinarea-culorilor-in-casa-dumneavoastra_db\/#primaryimage\"},\"thumbnailUrl\":\"https:\/\/www.imobiliare.ro\/imoexpert\/wp-content\/uploads\/2008\/10\/combinarea-culorilor.jpg\",\"keywords\":[\"articole\"],\"articleSection\":[\"Home &amp; Deco\"],\"inLanguage\":\"en\",\"potentialAction\":[{\"@type\":\"CommentAction\",\"name\":\"Comment\",\"target\":[\"https:\/\/www.imobiliare.ro\/imoexpert\/combinarea-culorilor-in-casa-dumneavoastra_db\/#respond\"]}],\"copyrightYear\":\"2008\",\"copyrightHolder\":{\"@id\":\"https:\/\/www.imobiliare.ro\/imoexpert\/#organization\"}},{\"@type\":\"WebPage\",\"@id\":\"https:\/\/www.imobiliare.ro\/imoexpert\/combinarea-culorilor-in-casa-dumneavoastra_db\/\",\"url\":\"https:\/\/www.imobiliare.ro\/imoexpert\/combinarea-culorilor-in-casa-dumneavoastra_db\/\",\"name\":\"Combinarea culorilor \u00een casa dumneavoastr\u0103 - Home &amp; Deco - ImoExpert\",\"isPartOf\":{\"@id\":\"https:\/\/www.imobiliare.ro\/imoexpert\/#website\"},\"primaryImageOfPage\":{\"@id\":\"https:\/\/www.imobiliare.ro\/imoexpert\/combinarea-culorilor-in-casa-dumneavoastra_db\/#primaryimage\"},\"image\":{\"@id\":\"https:\/\/www.imobiliare.ro\/imoexpert\/combinarea-culorilor-in-casa-dumneavoastra_db\/#primaryimage\"},\"thumbnailUrl\":\"https:\/\/www.imobiliare.ro\/imoexpert\/wp-content\/uploads\/2008\/10\/combinarea-culorilor.jpg\",\"datePublished\":\"2008-10-16T13:55:58+00:00\",\"description\":\"\u015etim c\u0103 v\u0103 plac culorile, \u00eens\u0103 acest lucru nu \u00eenseamn\u0103 c\u0103 trebuie s\u0103 le aduce\u0163i pe toate \u00een casa dumneavoastr\u0103. Tenta\u0163ia s\u0103 face\u0163i prea multe combina\u0163ii\",\"breadcrumb\":{\"@id\":\"https:\/\/www.imobiliare.ro\/imoexpert\/combinarea-culorilor-in-casa-dumneavoastra_db\/#breadcrumb\"},\"inLanguage\":\"en\",\"potentialAction\":[{\"@type\":\"ReadAction\",\"target\":[\"https:\/\/www.imobiliare.ro\/imoexpert\/combinarea-culorilor-in-casa-dumneavoastra_db\/\"]}]},{\"@type\":\"ImageObject\",\"inLanguage\":\"en\",\"@id\":\"https:\/\/www.imobiliare.ro\/imoexpert\/combinarea-culorilor-in-casa-dumneavoastra_db\/#primaryimage\",\"url\":\"https:\/\/www.imobiliare.ro\/imoexpert\/wp-content\/uploads\/2008\/10\/combinarea-culorilor.jpg\",\"contentUrl\":\"https:\/\/www.imobiliare.ro\/imoexpert\/wp-content\/uploads\/2008\/10\/combinarea-culorilor.jpg\",\"width\":325,\"height\":217},{\"@type\":\"BreadcrumbList\",\"@id\":\"https:\/\/www.imobiliare.ro\/imoexpert\/combinarea-culorilor-in-casa-dumneavoastra_db\/#breadcrumb\",\"itemListElement\":[{\"@type\":\"ListItem\",\"position\":1,\"name\":\"Imoradar24\",\"item\":\"https:\/\/www.imoradar24.ro\"},{\"@type\":\"ListItem\",\"position\":2,\"name\":\"ImoExpert\",\"item\":\"https:\/\/www.imobiliare.ro\/imoexpert\/\"},{\"@type\":\"ListItem\",\"position\":3,\"name\":\"Sfaturi\",\"item\":\"https:\/\/www.imobiliare.ro\/imoexpert\/ghid-imobiliar\/\"},{\"@type\":\"ListItem\",\"position\":4,\"name\":\"Home &amp; Deco\",\"item\":\"https:\/\/www.imobiliare.ro\/imoexpert\/ghid-imobiliar\/home-deco\/\"},{\"@type\":\"ListItem\",\"position\":5,\"name\":\"Combinarea culorilor \u00een casa dumneavoastr\u0103\"}]},{\"@type\":\"WebSite\",\"@id\":\"https:\/\/www.imobiliare.ro\/imoexpert\/#website\",\"url\":\"https:\/\/www.imobiliare.ro\/imoexpert\/\",\"name\":\"ImoExpert\",\"description\":\"cele mai importante \u015ftiri din domeniul imobiliar\",\"publisher\":{\"@id\":\"https:\/\/www.imobiliare.ro\/imoexpert\/#organization\"},\"inLanguage\":\"en\"},{\"@type\":\"Organization\",\"@id\":\"https:\/\/www.imobiliare.ro\/imoexpert\/#organization\",\"name\":\"Imobiliare.ro\",\"alternateName\":\"Realmedia Network SA\",\"url\":\"https:\/\/www.imobiliare.ro\/imoexpert\/\",\"logo\":{\"@type\":\"ImageObject\",\"inLanguage\":\"en\",\"@id\":\"https:\/\/www.imobiliare.ro\/imoexpert\/#\/schema\/logo\/image\/\",\"url\":\"https:\/\/www.imobiliare.ro\/imoexpert\/wp-content\/uploads\/2025\/05\/imobiliare_logo.png\",\"contentUrl\":\"https:\/\/www.imobiliare.ro\/imoexpert\/wp-content\/uploads\/2025\/05\/imobiliare_logo.png\",\"width\":237,\"height\":29,\"caption\":\"Imobiliare.ro\"},\"image\":{\"@id\":\"https:\/\/www.imobiliare.ro\/imoexpert\/#\/schema\/logo\/image\/\"}},{\"@type\":\"Person\",\"@id\":\"https:\/\/www.imobiliare.ro\/imoexpert\/#\/schema\/person\/516323919636276b6294dc116d3bfcf1\",\"name\":\" \",\"image\":{\"@type\":\"ImageObject\",\"inLanguage\":\"en\",\"@id\":\"https:\/\/www.imobiliare.ro\/imoexpert\/#\/schema\/person\/image\/\",\"url\":\"https:\/\/secure.gravatar.com\/avatar\/8ca403a2c946d65e1726ebff5a8dfff91c13985314e2eca736f3531fc6231c31?s=96&d=mm&r=g\",\"contentUrl\":\"https:\/\/secure.gravatar.com\/avatar\/8ca403a2c946d65e1726ebff5a8dfff91c13985314e2eca736f3531fc6231c31?s=96&d=mm&r=g\",\"caption\":\"casa-gradina.ro\"},\"url\":\"https:\/\/www.imobiliare.ro\/imoexpert\/author\/casa-gradina\/\"}]}<\/script>\n<!-- \/ Yoast SEO Premium plugin. -->","yoast_head_json":{"title":"Combinarea culorilor \u00een casa dumneavoastr\u0103 - Home &amp; Deco - ImoExpert","description":"\u015etim c\u0103 v\u0103 plac culorile, \u00eens\u0103 acest lucru nu \u00eenseamn\u0103 c\u0103 trebuie s\u0103 le aduce\u0163i pe toate \u00een casa dumneavoastr\u0103. Tenta\u0163ia s\u0103 face\u0163i prea multe combina\u0163ii","robots":{"index":"index","follow":"follow"},"canonical":"https:\/\/www.imobiliare.ro\/imoexpert\/combinarea-culorilor-in-casa-dumneavoastra_db\/","og_locale":"ro_RO","og_type":"article","og_title":"Combinarea culorilor \u00een casa dumneavoastr\u0103","og_description":"\u015etim c\u0103 v\u0103 plac culorile, \u00eens\u0103 acest lucru nu \u00eenseamn\u0103 c\u0103 trebuie s\u0103 le aduce\u0163i pe toate \u00een casa dumneavoastr\u0103. Tenta\u0163ia s\u0103 face\u0163i prea multe combina\u0163ii","og_url":"https:\/\/www.imobiliare.ro\/imoexpert\/combinarea-culorilor-in-casa-dumneavoastra_db\/","og_site_name":"ImoExpert","article_published_time":"2008-10-16T13:55:58+00:00","og_image":[{"width":325,"height":217,"url":"https:\/\/www.imobiliare.ro\/imoexpert\/wp-content\/uploads\/2008\/10\/combinarea-culorilor.jpg","type":"image\/jpeg"}],"author":"casa-gradina.ro","twitter_card":"summary_large_image","twitter_misc":{"Written by":"casa-gradina.ro","Est. reading time":"2 minute"},"schema":{"@context":"https:\/\/schema.org","@graph":[{"@type":"Article","@id":"https:\/\/www.imobiliare.ro\/imoexpert\/combinarea-culorilor-in-casa-dumneavoastra_db\/#article","isPartOf":{"@id":"https:\/\/www.imobiliare.ro\/imoexpert\/combinarea-culorilor-in-casa-dumneavoastra_db\/"},"author":{"name":"casa-gradina.ro","@id":"https:\/\/www.imobiliare.ro\/imoexpert\/#\/schema\/person\/516323919636276b6294dc116d3bfcf1"},"headline":"Combinarea culorilor \u00een casa dumneavoastr\u0103","datePublished":"2008-10-16T13:55:58+00:00","mainEntityOfPage":{"@id":"https:\/\/www.imobiliare.ro\/imoexpert\/combinarea-culorilor-in-casa-dumneavoastra_db\/"},"wordCount":317,"commentCount":7,"publisher":{"@id":"https:\/\/www.imobiliare.ro\/imoexpert\/#organization"},"image":{"@id":"https:\/\/www.imobiliare.ro\/imoexpert\/combinarea-culorilor-in-casa-dumneavoastra_db\/#primaryimage"},"thumbnailUrl":"https:\/\/www.imobiliare.ro\/imoexpert\/wp-content\/uploads\/2008\/10\/combinarea-culorilor.jpg","keywords":["articole"],"articleSection":["Home &amp; Deco"],"inLanguage":"en","potentialAction":[{"@type":"CommentAction","name":"Comment","target":["https:\/\/www.imobiliare.ro\/imoexpert\/combinarea-culorilor-in-casa-dumneavoastra_db\/#respond"]}],"copyrightYear":"2008","copyrightHolder":{"@id":"https:\/\/www.imobiliare.ro\/imoexpert\/#organization"}},{"@type":"WebPage","@id":"https:\/\/www.imobiliare.ro\/imoexpert\/combinarea-culorilor-in-casa-dumneavoastra_db\/","url":"https:\/\/www.imobiliare.ro\/imoexpert\/combinarea-culorilor-in-casa-dumneavoastra_db\/","name":"Combinarea culorilor \u00een casa dumneavoastr\u0103 - Home &amp; Deco - ImoExpert","isPartOf":{"@id":"https:\/\/www.imobiliare.ro\/imoexpert\/#website"},"primaryImageOfPage":{"@id":"https:\/\/www.imobiliare.ro\/imoexpert\/combinarea-culorilor-in-casa-dumneavoastra_db\/#primaryimage"},"image":{"@id":"https:\/\/www.imobiliare.ro\/imoexpert\/combinarea-culorilor-in-casa-dumneavoastra_db\/#primaryimage"},"thumbnailUrl":"https:\/\/www.imobiliare.ro\/imoexpert\/wp-content\/uploads\/2008\/10\/combinarea-culorilor.jpg","datePublished":"2008-10-16T13:55:58+00:00","description":"\u015etim c\u0103 v\u0103 plac culorile, \u00eens\u0103 acest lucru nu \u00eenseamn\u0103 c\u0103 trebuie s\u0103 le aduce\u0163i pe toate \u00een casa dumneavoastr\u0103. Tenta\u0163ia s\u0103 face\u0163i prea multe combina\u0163ii","breadcrumb":{"@id":"https:\/\/www.imobiliare.ro\/imoexpert\/combinarea-culorilor-in-casa-dumneavoastra_db\/#breadcrumb"},"inLanguage":"en","potentialAction":[{"@type":"ReadAction","target":["https:\/\/www.imobiliare.ro\/imoexpert\/combinarea-culorilor-in-casa-dumneavoastra_db\/"]}]},{"@type":"ImageObject","inLanguage":"en","@id":"https:\/\/www.imobiliare.ro\/imoexpert\/combinarea-culorilor-in-casa-dumneavoastra_db\/#primaryimage","url":"https:\/\/www.imobiliare.ro\/imoexpert\/wp-content\/uploads\/2008\/10\/combinarea-culorilor.jpg","contentUrl":"https:\/\/www.imobiliare.ro\/imoexpert\/wp-content\/uploads\/2008\/10\/combinarea-culorilor.jpg","width":325,"height":217},{"@type":"BreadcrumbList","@id":"https:\/\/www.imobiliare.ro\/imoexpert\/combinarea-culorilor-in-casa-dumneavoastra_db\/#breadcrumb","itemListElement":[{"@type":"ListItem","position":1,"name":"Imoradar24","item":"https:\/\/www.imoradar24.ro"},{"@type":"ListItem","position":2,"name":"ImoExpert","item":"https:\/\/www.imobiliare.ro\/imoexpert\/"},{"@type":"ListItem","position":3,"name":"Sfaturi","item":"https:\/\/www.imobiliare.ro\/imoexpert\/ghid-imobiliar\/"},{"@type":"ListItem","position":4,"name":"Home &amp; Deco","item":"https:\/\/www.imobiliare.ro\/imoexpert\/ghid-imobiliar\/home-deco\/"},{"@type":"ListItem","position":5,"name":"Combinarea culorilor \u00een casa dumneavoastr\u0103"}]},{"@type":"WebSite","@id":"https:\/\/www.imobiliare.ro\/imoexpert\/#website","url":"https:\/\/www.imobiliare.ro\/imoexpert\/","name":"ImoExpert","description":"cele mai importante \u015ftiri din domeniul imobiliar","publisher":{"@id":"https:\/\/www.imobiliare.ro\/imoexpert\/#organization"},"inLanguage":"en"},{"@type":"Organization","@id":"https:\/\/www.imobiliare.ro\/imoexpert\/#organization","name":"Imobiliare.ro","alternateName":"Realmedia Network SA","url":"https:\/\/www.imobiliare.ro\/imoexpert\/","logo":{"@type":"ImageObject","inLanguage":"en","@id":"https:\/\/www.imobiliare.ro\/imoexpert\/#\/schema\/logo\/image\/","url":"https:\/\/www.imobiliare.ro\/imoexpert\/wp-content\/uploads\/2025\/05\/imobiliare_logo.png","contentUrl":"https:\/\/www.imobiliare.ro\/imoexpert\/wp-content\/uploads\/2025\/05\/imobiliare_logo.png","width":237,"height":29,"caption":"Imobiliare.ro"},"image":{"@id":"https:\/\/www.imobiliare.ro\/imoexpert\/#\/schema\/logo\/image\/"}},{"@type":"Person","@id":"https:\/\/www.imobiliare.ro\/imoexpert\/#\/schema\/person\/516323919636276b6294dc116d3bfcf1","name":" ","image":{"@type":"ImageObject","inLanguage":"en","@id":"https:\/\/www.imobiliare.ro\/imoexpert\/#\/schema\/person\/image\/","url":"https:\/\/secure.gravatar.com\/avatar\/8ca403a2c946d65e1726ebff5a8dfff91c13985314e2eca736f3531fc6231c31?s=96&d=mm&r=g","contentUrl":"https:\/\/secure.gravatar.com\/avatar\/8ca403a2c946d65e1726ebff5a8dfff91c13985314e2eca736f3531fc6231c31?s=96&d=mm&r=g","caption":"casa-gradina.ro"},"url":"https:\/\/www.imobiliare.ro\/imoexpert\/author\/casa-gradina\/"}]}},"_links":{"self":[{"href":"https:\/\/www.imobiliare.ro\/imoexpert\/wp-json\/wp\/v2\/posts\/522","targetHints":{"allow":["GET"]}}],"collection":[{"href":"https:\/\/www.imobiliare.ro\/imoexpert\/wp-json\/wp\/v2\/posts"}],"about":[{"href":"https:\/\/www.imobiliare.ro\/imoexpert\/wp-json\/wp\/v2\/types\/post"}],"author":[{"embeddable":true,"href":"https:\/\/www.imobiliare.ro\/imoexpert\/wp-json\/wp\/v2\/users\/831"}],"replies":[{"embeddable":true,"href":"https:\/\/www.imobiliare.ro\/imoexpert\/wp-json\/wp\/v2\/comments?post=522"}],"version-history":[{"count":0,"href":"https:\/\/www.imobiliare.ro\/imoexpert\/wp-json\/wp\/v2\/posts\/522\/revisions"}],"wp:attachment":[{"href":"https:\/\/www.imobiliare.ro\/imoexpert\/wp-json\/wp\/v2\/media?parent=522"}],"wp:term":[{"taxonomy":"category","embeddable":true,"href":"https:\/\/www.imobiliare.ro\/imoexpert\/wp-json\/wp\/v2\/categories?post=522"},{"taxonomy":"post_tag","embeddable":true,"href":"https:\/\/www.imobiliare.ro\/imoexpert\/wp-json\/wp\/v2\/tags?post=522"},{"taxonomy":"content_author","embeddable":true,"href":"https:\/\/www.imobiliare.ro\/imoexpert\/wp-json\/wp\/v2\/content_author?post=522"}],"curies":[{"name":"wp","href":"https:\/\/api.w.org\/{rel}","templated":true}]}}