{"id":52571,"date":"2018-04-20T11:03:53","date_gmt":"2018-04-20T08:03:53","guid":{"rendered":"https:\/\/www.imobiliare.ro\/imoexpert\/?p=52571"},"modified":"2018-04-20T11:03:53","modified_gmt":"2018-04-20T08:03:53","slug":"palatul-copiilor-din-arad-a-fost-scos-la-vanzare","status":"publish","type":"post","link":"https:\/\/www.imobiliare.ro\/imoexpert\/palatul-copiilor-din-arad-a-fost-scos-la-vanzare_db\/","title":{"rendered":"C\u00e2t trebuie s\u0103 pl\u0103te\u0219ti pentru a deveni proprietarul Palatului Copiilor din Arad? Se afl\u0103 la doi pa\u0219i de prim\u0103rie \u0219i cuprinde aproape 40 de camere"},"content":{"rendered":"<p><img loading=\"lazy\" decoding=\"async\" class=\"alignnone size-large wp-image-52662\" src=\"https:\/\/www.imobiliare.ro\/imoexpert\/wp-content\/uploads\/2018\/04\/palat-arad-1024x703.jpg\" alt=\"palat arad\" width=\"1024\" height=\"703\" srcset=\"https:\/\/www.imobiliare.ro\/imoexpert\/wp-content\/uploads\/2018\/04\/palat-arad-1024x703.jpg 1024w, https:\/\/www.imobiliare.ro\/imoexpert\/wp-content\/uploads\/2018\/04\/palat-arad-300x206.jpg 300w, https:\/\/www.imobiliare.ro\/imoexpert\/wp-content\/uploads\/2018\/04\/palat-arad-768x527.jpg 768w, https:\/\/www.imobiliare.ro\/imoexpert\/wp-content\/uploads\/2018\/04\/palat-arad.jpg 1396w\" sizes=\"auto, (max-width: 1024px) 100vw, 1024px\" \/><\/p>\n<h2>Impresionanta cl\u0103dire care a g\u0103zduit Palatul Copiilor din Arad a fost scoas\u0103 la v\u00e2nzare pentru suma de 2,49 milioane de euro.<\/h2>\n<p>Imobilul a fost construit \u00een perioada 1880-1890 de c\u0103tre membrii familiei de comercian\u021bi Andrenyi. Acesta este situat \u00een zona central\u0103 a ora\u0219ului, pe Bulevardul Revolu\u021biei, la doi pa\u0219i de Prim\u0103ria Arad \u0219i de Parcul Mihai Eminescu.<\/p>\n<p>Detaliile arhitecturale realizate \u00een stil neoroman \u0219i neoromantic dau un farmec deosebit palatului\u00a0amplasat pe un teren de 2.495 de mp, care dispune de o suprafa\u021b\u0103 util\u0103 de 2.220 de m \u0219i\u00a0cuprinde 37 de camere.<\/p>\n<p><a class=\"article-body-links\"href=\"https:\/\/www.imobiliare.ro\/vanzare-case-vile\/arad\/ultracentral\/casa-de-vanzare-37-camere-X41E1100B\" target=\"_blank\" rel=\"noopener\"><strong>Vezi AICI imagini din interiorul acestei propriet\u0103\u021bi spectaculoase<\/strong><\/a><\/p>\n<p>La subsol suprafa\u021ba construit\u0103 ajunge la aproape 569 de mp, la fel ca la parterul imobilului, \u00een cazul acestui nivel ad\u0103ug\u00e2ndu-se \u0219i o teras\u0103 de 76 de mp. Al\u021bi aproape 237 de mp sunt disponibili la mansard\u0103.<\/p>\n<p>Suprafa\u021ba extrem de generoas\u0103 a imobilului \u00eel fac potrivit pentru cei care \u00ee\u0219i doresc s\u0103 investeasc\u0103 \u00eentr-un spa\u021biu de birouri aparte sau \u00eentr-un hotel cu restaurant, spun reprezentan\u021bii RE\/MAX Gold, parte a re\u021belei de agen\u021bii imobiliare RE\/MAX Rom\u00e2nia, cei care au \u00een portofoliu imobilul.<\/p>\n<p><a class=\"article-body-links\"href=\"https:\/\/www.imobiliare.ro\/vanzare-case-vile\/arad\/ultracentral\/casa-de-vanzare-37-camere-X41E1100B\" target=\"_blank\" rel=\"noopener\"><strong>Vezi AICI mai multe detalii despre palatul din Arad\u00a0<\/strong><\/a><\/p>\n<p>Palatul din Arad ar putea fi de interes \u0219i pentru utilizatorii priva\u021bi care \u00ee\u0219i desf\u0103\u0219oar\u0103 activitatea \u00een domeniul s\u0103n\u0103t\u0103\u021bii sau \u00een cel financiar-bancar, dar \u0219i pentru cei interesa\u021bi de deschiderea unui centru de educa\u021bie.<\/p>\n<p>O alt\u0103 op\u021biune ar fi, desigur, achizi\u021bionarea cl\u0103dirii \u00een vederea \u00eenchirierii acesteia. \u00cen acest caz, reprezentan\u021bii RE\/MAX Gold estimeaz\u0103 c\u0103 randamentele medii pentru cl\u0103direa din zona central\u0103 a ora\u0219ului ar fi de 7%-8%.<\/p>\n","protected":false},"excerpt":{"rendered":"<p>Impresionanta cl\u0103dire care a g\u0103zduit Palatul Copiilor din Arad a fost scoas\u0103 la v\u00e2nzare pentru suma de 2,49 milioane de euro. Imobilul a fost construit \u00een perioada 1880-1890 de c\u0103tre membrii familiei de comercian\u021bi Andrenyi. Acesta este situat \u00een zona central\u0103 a ora\u0219ului, pe Bulevardul Revolu\u021biei, la doi pa\u0219i de Prim\u0103ria Arad \u0219i de Parcul [&hellip;]<\/p>\n","protected":false},"author":5891,"featured_media":52662,"comment_status":"open","ping_status":"open","sticky":false,"template":"","format":"standard","meta":{"footnotes":""},"categories":[253,259],"tags":[465,518,1748],"content_author":[],"class_list":["post-52571","post","type-post","status-publish","format-standard","has-post-thumbnail","hentry","category-parteneri","category-stiri","tag-arad","tag-palat","tag-re-max-romania"],"yoast_head":"<!-- This site is optimized with the Yoast SEO Premium plugin v27.0 (Yoast SEO v27.0) - https:\/\/yoast.com\/product\/yoast-seo-premium-wordpress\/ -->\n<title>Palatul Copiilor din Arad a fost scos la v\u00e2nzare<\/title>\n<meta name=\"description\" content=\"Impresionanta cl\u0103dire care a g\u0103zduit Palatul Copiilor din Arad a fost scoas\u0103 la v\u00e2nzare. Aceasta a fost construit\u0103 \u00een perioada 1880-1890 de c\u0103tre membrii familiei de comercian\u021bi Andrenyi \u0219i este considerat\u0103 a fi un edificiu semnificativ pentru ora\u0219. Cl\u0103direa este situat\u0103 pe Bulevardul Revolu\u021biei.\" \/>\n<meta name=\"robots\" content=\"index, follow\" \/>\n<link rel=\"canonical\" href=\"https:\/\/www.imobiliare.ro\/imoexpert\/palatul-copiilor-din-arad-a-fost-scos-la-vanzare_db\/\" \/>\n<meta property=\"og:locale\" content=\"ro_RO\" \/>\n<meta property=\"og:type\" content=\"article\" \/>\n<meta property=\"og:title\" content=\"C\u00e2t trebuie s\u0103 pl\u0103te\u0219ti pentru a deveni proprietarul Palatului Copiilor din Arad? Se afl\u0103 la doi pa\u0219i de prim\u0103rie \u0219i cuprinde aproape 40 de camere\" \/>\n<meta property=\"og:description\" content=\"Impresionanta cl\u0103dire care a g\u0103zduit Palatul Copiilor din Arad a fost scoas\u0103 la v\u00e2nzare. Aceasta a fost construit\u0103 \u00een perioada 1880-1890 de c\u0103tre membrii familiei de comercian\u021bi Andrenyi \u0219i este considerat\u0103 a fi un edificiu semnificativ pentru ora\u0219. Cl\u0103direa este situat\u0103 pe Bulevardul Revolu\u021biei.\" \/>\n<meta property=\"og:url\" content=\"https:\/\/www.imobiliare.ro\/imoexpert\/palatul-copiilor-din-arad-a-fost-scos-la-vanzare_db\/\" \/>\n<meta property=\"og:site_name\" content=\"ImoExpert\" \/>\n<meta property=\"article:published_time\" content=\"2018-04-20T08:03:53+00:00\" \/>\n<meta property=\"og:image\" content=\"https:\/\/www.imobiliare.ro\/imoexpert\/wp-content\/uploads\/2018\/04\/palat-arad.jpg\" \/>\n\t<meta property=\"og:image:width\" content=\"1396\" \/>\n\t<meta property=\"og:image:height\" content=\"958\" \/>\n\t<meta property=\"og:image:type\" content=\"image\/jpeg\" \/>\n<meta name=\"author\" content=\"Corina V\u00e2rlan\" \/>\n<meta name=\"twitter:card\" content=\"summary_large_image\" \/>\n<meta name=\"twitter:label1\" content=\"Written by\" \/>\n\t<meta name=\"twitter:data1\" content=\"Corina V\u00e2rlan\" \/>\n\t<meta name=\"twitter:label2\" content=\"Est. reading time\" \/>\n\t<meta name=\"twitter:data2\" content=\"1 minut\" \/>\n<script type=\"application\/ld+json\" class=\"yoast-schema-graph\">{\"@context\":\"https:\/\/schema.org\",\"@graph\":[{\"@type\":\"Article\",\"@id\":\"https:\/\/www.imobiliare.ro\/imoexpert\/palatul-copiilor-din-arad-a-fost-scos-la-vanzare_db\/#article\",\"isPartOf\":{\"@id\":\"https:\/\/www.imobiliare.ro\/imoexpert\/palatul-copiilor-din-arad-a-fost-scos-la-vanzare_db\/\"},\"author\":{\"name\":\"Corina V\u00e2rlan\",\"@id\":\"https:\/\/www.imobiliare.ro\/imoexpert\/#\/schema\/person\/9ffdfbf24b82f39fc75a2fc6c19e4e99\"},\"headline\":\"C\u00e2t trebuie s\u0103 pl\u0103te\u0219ti pentru a deveni proprietarul Palatului Copiilor din Arad? Se afl\u0103 la doi pa\u0219i de prim\u0103rie \u0219i cuprinde aproape 40 de camere\",\"datePublished\":\"2018-04-20T08:03:53+00:00\",\"mainEntityOfPage\":{\"@id\":\"https:\/\/www.imobiliare.ro\/imoexpert\/palatul-copiilor-din-arad-a-fost-scos-la-vanzare_db\/\"},\"wordCount\":316,\"commentCount\":0,\"publisher\":{\"@id\":\"https:\/\/www.imobiliare.ro\/imoexpert\/#organization\"},\"image\":{\"@id\":\"https:\/\/www.imobiliare.ro\/imoexpert\/palatul-copiilor-din-arad-a-fost-scos-la-vanzare_db\/#primaryimage\"},\"thumbnailUrl\":\"https:\/\/www.imobiliare.ro\/imoexpert\/wp-content\/uploads\/2018\/04\/palat-arad.jpg\",\"keywords\":[\"Arad\",\"palat\",\"RE\/MAX Rom\u00e2nia\"],\"articleSection\":[\"Parteneri\",\"\u0218tiri\"],\"inLanguage\":\"en\",\"potentialAction\":[{\"@type\":\"CommentAction\",\"name\":\"Comment\",\"target\":[\"https:\/\/www.imobiliare.ro\/imoexpert\/palatul-copiilor-din-arad-a-fost-scos-la-vanzare_db\/#respond\"]}],\"copyrightYear\":\"2018\",\"copyrightHolder\":{\"@id\":\"https:\/\/www.imobiliare.ro\/imoexpert\/#organization\"}},{\"@type\":\"WebPage\",\"@id\":\"https:\/\/www.imobiliare.ro\/imoexpert\/palatul-copiilor-din-arad-a-fost-scos-la-vanzare_db\/\",\"url\":\"https:\/\/www.imobiliare.ro\/imoexpert\/palatul-copiilor-din-arad-a-fost-scos-la-vanzare_db\/\",\"name\":\"Palatul Copiilor din Arad a fost scos la v\u00e2nzare\",\"isPartOf\":{\"@id\":\"https:\/\/www.imobiliare.ro\/imoexpert\/#website\"},\"primaryImageOfPage\":{\"@id\":\"https:\/\/www.imobiliare.ro\/imoexpert\/palatul-copiilor-din-arad-a-fost-scos-la-vanzare_db\/#primaryimage\"},\"image\":{\"@id\":\"https:\/\/www.imobiliare.ro\/imoexpert\/palatul-copiilor-din-arad-a-fost-scos-la-vanzare_db\/#primaryimage\"},\"thumbnailUrl\":\"https:\/\/www.imobiliare.ro\/imoexpert\/wp-content\/uploads\/2018\/04\/palat-arad.jpg\",\"datePublished\":\"2018-04-20T08:03:53+00:00\",\"description\":\"Impresionanta cl\u0103dire care a g\u0103zduit Palatul Copiilor din Arad a fost scoas\u0103 la v\u00e2nzare. Aceasta a fost construit\u0103 \u00een perioada 1880-1890 de c\u0103tre membrii familiei de comercian\u021bi Andrenyi \u0219i este considerat\u0103 a fi un edificiu semnificativ pentru ora\u0219. Cl\u0103direa este situat\u0103 pe Bulevardul Revolu\u021biei.\",\"breadcrumb\":{\"@id\":\"https:\/\/www.imobiliare.ro\/imoexpert\/palatul-copiilor-din-arad-a-fost-scos-la-vanzare_db\/#breadcrumb\"},\"inLanguage\":\"en\",\"potentialAction\":[{\"@type\":\"ReadAction\",\"target\":[\"https:\/\/www.imobiliare.ro\/imoexpert\/palatul-copiilor-din-arad-a-fost-scos-la-vanzare_db\/\"]}]},{\"@type\":\"ImageObject\",\"inLanguage\":\"en\",\"@id\":\"https:\/\/www.imobiliare.ro\/imoexpert\/palatul-copiilor-din-arad-a-fost-scos-la-vanzare_db\/#primaryimage\",\"url\":\"https:\/\/www.imobiliare.ro\/imoexpert\/wp-content\/uploads\/2018\/04\/palat-arad.jpg\",\"contentUrl\":\"https:\/\/www.imobiliare.ro\/imoexpert\/wp-content\/uploads\/2018\/04\/palat-arad.jpg\",\"width\":1396,\"height\":958,\"caption\":\"palat arad\"},{\"@type\":\"BreadcrumbList\",\"@id\":\"https:\/\/www.imobiliare.ro\/imoexpert\/palatul-copiilor-din-arad-a-fost-scos-la-vanzare_db\/#breadcrumb\",\"itemListElement\":[{\"@type\":\"ListItem\",\"position\":1,\"name\":\"Imoradar24\",\"item\":\"https:\/\/www.imoradar24.ro\"},{\"@type\":\"ListItem\",\"position\":2,\"name\":\"ImoExpert\",\"item\":\"https:\/\/www.imobiliare.ro\/imoexpert\/\"},{\"@type\":\"ListItem\",\"position\":3,\"name\":\"Parteneri\",\"item\":\"https:\/\/www.imobiliare.ro\/imoexpert\/parteneri\/\"},{\"@type\":\"ListItem\",\"position\":4,\"name\":\"C\u00e2t trebuie s\u0103 pl\u0103te\u0219ti pentru a deveni proprietarul Palatului Copiilor din Arad? Se afl\u0103 la doi pa\u0219i de prim\u0103rie \u0219i cuprinde aproape 40 de camere\"}]},{\"@type\":\"WebSite\",\"@id\":\"https:\/\/www.imobiliare.ro\/imoexpert\/#website\",\"url\":\"https:\/\/www.imobiliare.ro\/imoexpert\/\",\"name\":\"ImoExpert\",\"description\":\"cele mai importante \u015ftiri din domeniul imobiliar\",\"publisher\":{\"@id\":\"https:\/\/www.imobiliare.ro\/imoexpert\/#organization\"},\"inLanguage\":\"en\"},{\"@type\":\"Organization\",\"@id\":\"https:\/\/www.imobiliare.ro\/imoexpert\/#organization\",\"name\":\"Imobiliare.ro\",\"alternateName\":\"Realmedia Network SA\",\"url\":\"https:\/\/www.imobiliare.ro\/imoexpert\/\",\"logo\":{\"@type\":\"ImageObject\",\"inLanguage\":\"en\",\"@id\":\"https:\/\/www.imobiliare.ro\/imoexpert\/#\/schema\/logo\/image\/\",\"url\":\"https:\/\/www.imobiliare.ro\/imoexpert\/wp-content\/uploads\/2025\/05\/imobiliare_logo.png\",\"contentUrl\":\"https:\/\/www.imobiliare.ro\/imoexpert\/wp-content\/uploads\/2025\/05\/imobiliare_logo.png\",\"width\":237,\"height\":29,\"caption\":\"Imobiliare.ro\"},\"image\":{\"@id\":\"https:\/\/www.imobiliare.ro\/imoexpert\/#\/schema\/logo\/image\/\"}},{\"@type\":\"Person\",\"@id\":\"https:\/\/www.imobiliare.ro\/imoexpert\/#\/schema\/person\/9ffdfbf24b82f39fc75a2fc6c19e4e99\",\"name\":\"Corina V\u00e2rlan\",\"image\":{\"@type\":\"ImageObject\",\"inLanguage\":\"en\",\"@id\":\"https:\/\/www.imobiliare.ro\/imoexpert\/#\/schema\/person\/image\/\",\"url\":\"https:\/\/www.imobiliare.ro\/imoexpert\/wp-content\/uploads\/2026\/02\/12-02-2025-5-rezumat-brasov-thumb-reels-1-1-96x96.png\",\"contentUrl\":\"https:\/\/www.imobiliare.ro\/imoexpert\/wp-content\/uploads\/2026\/02\/12-02-2025-5-rezumat-brasov-thumb-reels-1-1-96x96.png\",\"caption\":\"Corina V\u00e2rlan\"},\"description\":\"Cu o experien\u021b\u0103 de 14 ani \u00een presa online, comunicare \u0219i content marketing, Corina V\u00e2rlan s-a al\u0103turat echipei Imobiliare.ro \u00een urm\u0103 cu 8 ani \u0219i ocup\u0103, \u00een prezent, func\u021bia de Content Manager. Ea este gazda emisiunii \\\"\u00centreab\u0103 expertul\\\" \u0219i a seriei 5 \u0218tiri Imobiliare.ro, realizate \u00een parteneriat cu Libertatea. Corina \u00ee\u0219i concentreaz\u0103 activitatea pe analiza datelor de pia\u021b\u0103 \u0219i pe subiecte de interes at\u00e2t pentru cei afla\u021bi \u00een c\u0103utarea unei locuin\u021be, c\u00e2t \u0219i pentru proprietari sau chiria\u0219i.\",\"alternateName\":\"Corina\",\"jobTitle\":\"Content Manager\",\"url\":\"https:\/\/www.imobiliare.ro\/imoexpert\/author\/corina-varlan\/\"}]}<\/script>\n<!-- \/ Yoast SEO Premium plugin. -->","yoast_head_json":{"title":"Palatul Copiilor din Arad a fost scos la v\u00e2nzare","description":"Impresionanta cl\u0103dire care a g\u0103zduit Palatul Copiilor din Arad a fost scoas\u0103 la v\u00e2nzare. Aceasta a fost construit\u0103 \u00een perioada 1880-1890 de c\u0103tre membrii familiei de comercian\u021bi Andrenyi \u0219i este considerat\u0103 a fi un edificiu semnificativ pentru ora\u0219. Cl\u0103direa este situat\u0103 pe Bulevardul Revolu\u021biei.","robots":{"index":"index","follow":"follow"},"canonical":"https:\/\/www.imobiliare.ro\/imoexpert\/palatul-copiilor-din-arad-a-fost-scos-la-vanzare_db\/","og_locale":"ro_RO","og_type":"article","og_title":"C\u00e2t trebuie s\u0103 pl\u0103te\u0219ti pentru a deveni proprietarul Palatului Copiilor din Arad? Se afl\u0103 la doi pa\u0219i de prim\u0103rie \u0219i cuprinde aproape 40 de camere","og_description":"Impresionanta cl\u0103dire care a g\u0103zduit Palatul Copiilor din Arad a fost scoas\u0103 la v\u00e2nzare. Aceasta a fost construit\u0103 \u00een perioada 1880-1890 de c\u0103tre membrii familiei de comercian\u021bi Andrenyi \u0219i este considerat\u0103 a fi un edificiu semnificativ pentru ora\u0219. Cl\u0103direa este situat\u0103 pe Bulevardul Revolu\u021biei.","og_url":"https:\/\/www.imobiliare.ro\/imoexpert\/palatul-copiilor-din-arad-a-fost-scos-la-vanzare_db\/","og_site_name":"ImoExpert","article_published_time":"2018-04-20T08:03:53+00:00","og_image":[{"width":1396,"height":958,"url":"https:\/\/www.imobiliare.ro\/imoexpert\/wp-content\/uploads\/2018\/04\/palat-arad.jpg","type":"image\/jpeg"}],"author":"Corina V\u00e2rlan","twitter_card":"summary_large_image","twitter_misc":{"Written by":"Corina V\u00e2rlan","Est. reading time":"1 minut"},"schema":{"@context":"https:\/\/schema.org","@graph":[{"@type":"Article","@id":"https:\/\/www.imobiliare.ro\/imoexpert\/palatul-copiilor-din-arad-a-fost-scos-la-vanzare_db\/#article","isPartOf":{"@id":"https:\/\/www.imobiliare.ro\/imoexpert\/palatul-copiilor-din-arad-a-fost-scos-la-vanzare_db\/"},"author":{"name":"Corina V\u00e2rlan","@id":"https:\/\/www.imobiliare.ro\/imoexpert\/#\/schema\/person\/9ffdfbf24b82f39fc75a2fc6c19e4e99"},"headline":"C\u00e2t trebuie s\u0103 pl\u0103te\u0219ti pentru a deveni proprietarul Palatului Copiilor din Arad? Se afl\u0103 la doi pa\u0219i de prim\u0103rie \u0219i cuprinde aproape 40 de camere","datePublished":"2018-04-20T08:03:53+00:00","mainEntityOfPage":{"@id":"https:\/\/www.imobiliare.ro\/imoexpert\/palatul-copiilor-din-arad-a-fost-scos-la-vanzare_db\/"},"wordCount":316,"commentCount":0,"publisher":{"@id":"https:\/\/www.imobiliare.ro\/imoexpert\/#organization"},"image":{"@id":"https:\/\/www.imobiliare.ro\/imoexpert\/palatul-copiilor-din-arad-a-fost-scos-la-vanzare_db\/#primaryimage"},"thumbnailUrl":"https:\/\/www.imobiliare.ro\/imoexpert\/wp-content\/uploads\/2018\/04\/palat-arad.jpg","keywords":["Arad","palat","RE\/MAX Rom\u00e2nia"],"articleSection":["Parteneri","\u0218tiri"],"inLanguage":"en","potentialAction":[{"@type":"CommentAction","name":"Comment","target":["https:\/\/www.imobiliare.ro\/imoexpert\/palatul-copiilor-din-arad-a-fost-scos-la-vanzare_db\/#respond"]}],"copyrightYear":"2018","copyrightHolder":{"@id":"https:\/\/www.imobiliare.ro\/imoexpert\/#organization"}},{"@type":"WebPage","@id":"https:\/\/www.imobiliare.ro\/imoexpert\/palatul-copiilor-din-arad-a-fost-scos-la-vanzare_db\/","url":"https:\/\/www.imobiliare.ro\/imoexpert\/palatul-copiilor-din-arad-a-fost-scos-la-vanzare_db\/","name":"Palatul Copiilor din Arad a fost scos la v\u00e2nzare","isPartOf":{"@id":"https:\/\/www.imobiliare.ro\/imoexpert\/#website"},"primaryImageOfPage":{"@id":"https:\/\/www.imobiliare.ro\/imoexpert\/palatul-copiilor-din-arad-a-fost-scos-la-vanzare_db\/#primaryimage"},"image":{"@id":"https:\/\/www.imobiliare.ro\/imoexpert\/palatul-copiilor-din-arad-a-fost-scos-la-vanzare_db\/#primaryimage"},"thumbnailUrl":"https:\/\/www.imobiliare.ro\/imoexpert\/wp-content\/uploads\/2018\/04\/palat-arad.jpg","datePublished":"2018-04-20T08:03:53+00:00","description":"Impresionanta cl\u0103dire care a g\u0103zduit Palatul Copiilor din Arad a fost scoas\u0103 la v\u00e2nzare. Aceasta a fost construit\u0103 \u00een perioada 1880-1890 de c\u0103tre membrii familiei de comercian\u021bi Andrenyi \u0219i este considerat\u0103 a fi un edificiu semnificativ pentru ora\u0219. Cl\u0103direa este situat\u0103 pe Bulevardul Revolu\u021biei.","breadcrumb":{"@id":"https:\/\/www.imobiliare.ro\/imoexpert\/palatul-copiilor-din-arad-a-fost-scos-la-vanzare_db\/#breadcrumb"},"inLanguage":"en","potentialAction":[{"@type":"ReadAction","target":["https:\/\/www.imobiliare.ro\/imoexpert\/palatul-copiilor-din-arad-a-fost-scos-la-vanzare_db\/"]}]},{"@type":"ImageObject","inLanguage":"en","@id":"https:\/\/www.imobiliare.ro\/imoexpert\/palatul-copiilor-din-arad-a-fost-scos-la-vanzare_db\/#primaryimage","url":"https:\/\/www.imobiliare.ro\/imoexpert\/wp-content\/uploads\/2018\/04\/palat-arad.jpg","contentUrl":"https:\/\/www.imobiliare.ro\/imoexpert\/wp-content\/uploads\/2018\/04\/palat-arad.jpg","width":1396,"height":958,"caption":"palat arad"},{"@type":"BreadcrumbList","@id":"https:\/\/www.imobiliare.ro\/imoexpert\/palatul-copiilor-din-arad-a-fost-scos-la-vanzare_db\/#breadcrumb","itemListElement":[{"@type":"ListItem","position":1,"name":"Imoradar24","item":"https:\/\/www.imoradar24.ro"},{"@type":"ListItem","position":2,"name":"ImoExpert","item":"https:\/\/www.imobiliare.ro\/imoexpert\/"},{"@type":"ListItem","position":3,"name":"Parteneri","item":"https:\/\/www.imobiliare.ro\/imoexpert\/parteneri\/"},{"@type":"ListItem","position":4,"name":"C\u00e2t trebuie s\u0103 pl\u0103te\u0219ti pentru a deveni proprietarul Palatului Copiilor din Arad? Se afl\u0103 la doi pa\u0219i de prim\u0103rie \u0219i cuprinde aproape 40 de camere"}]},{"@type":"WebSite","@id":"https:\/\/www.imobiliare.ro\/imoexpert\/#website","url":"https:\/\/www.imobiliare.ro\/imoexpert\/","name":"ImoExpert","description":"cele mai importante \u015ftiri din domeniul imobiliar","publisher":{"@id":"https:\/\/www.imobiliare.ro\/imoexpert\/#organization"},"inLanguage":"en"},{"@type":"Organization","@id":"https:\/\/www.imobiliare.ro\/imoexpert\/#organization","name":"Imobiliare.ro","alternateName":"Realmedia Network SA","url":"https:\/\/www.imobiliare.ro\/imoexpert\/","logo":{"@type":"ImageObject","inLanguage":"en","@id":"https:\/\/www.imobiliare.ro\/imoexpert\/#\/schema\/logo\/image\/","url":"https:\/\/www.imobiliare.ro\/imoexpert\/wp-content\/uploads\/2025\/05\/imobiliare_logo.png","contentUrl":"https:\/\/www.imobiliare.ro\/imoexpert\/wp-content\/uploads\/2025\/05\/imobiliare_logo.png","width":237,"height":29,"caption":"Imobiliare.ro"},"image":{"@id":"https:\/\/www.imobiliare.ro\/imoexpert\/#\/schema\/logo\/image\/"}},{"@type":"Person","@id":"https:\/\/www.imobiliare.ro\/imoexpert\/#\/schema\/person\/9ffdfbf24b82f39fc75a2fc6c19e4e99","name":"Corina V\u00e2rlan","image":{"@type":"ImageObject","inLanguage":"en","@id":"https:\/\/www.imobiliare.ro\/imoexpert\/#\/schema\/person\/image\/","url":"https:\/\/www.imobiliare.ro\/imoexpert\/wp-content\/uploads\/2026\/02\/12-02-2025-5-rezumat-brasov-thumb-reels-1-1-96x96.png","contentUrl":"https:\/\/www.imobiliare.ro\/imoexpert\/wp-content\/uploads\/2026\/02\/12-02-2025-5-rezumat-brasov-thumb-reels-1-1-96x96.png","caption":"Corina V\u00e2rlan"},"description":"Cu o experien\u021b\u0103 de 14 ani \u00een presa online, comunicare \u0219i content marketing, Corina V\u00e2rlan s-a al\u0103turat echipei Imobiliare.ro \u00een urm\u0103 cu 8 ani \u0219i ocup\u0103, \u00een prezent, func\u021bia de Content Manager. Ea este gazda emisiunii \"\u00centreab\u0103 expertul\" \u0219i a seriei 5 \u0218tiri Imobiliare.ro, realizate \u00een parteneriat cu Libertatea. Corina \u00ee\u0219i concentreaz\u0103 activitatea pe analiza datelor de pia\u021b\u0103 \u0219i pe subiecte de interes at\u00e2t pentru cei afla\u021bi \u00een c\u0103utarea unei locuin\u021be, c\u00e2t \u0219i pentru proprietari sau chiria\u0219i.","alternateName":"Corina","jobTitle":"Content Manager","url":"https:\/\/www.imobiliare.ro\/imoexpert\/author\/corina-varlan\/"}]}},"_links":{"self":[{"href":"https:\/\/www.imobiliare.ro\/imoexpert\/wp-json\/wp\/v2\/posts\/52571","targetHints":{"allow":["GET"]}}],"collection":[{"href":"https:\/\/www.imobiliare.ro\/imoexpert\/wp-json\/wp\/v2\/posts"}],"about":[{"href":"https:\/\/www.imobiliare.ro\/imoexpert\/wp-json\/wp\/v2\/types\/post"}],"author":[{"embeddable":true,"href":"https:\/\/www.imobiliare.ro\/imoexpert\/wp-json\/wp\/v2\/users\/5891"}],"replies":[{"embeddable":true,"href":"https:\/\/www.imobiliare.ro\/imoexpert\/wp-json\/wp\/v2\/comments?post=52571"}],"version-history":[{"count":0,"href":"https:\/\/www.imobiliare.ro\/imoexpert\/wp-json\/wp\/v2\/posts\/52571\/revisions"}],"wp:featuredmedia":[{"embeddable":true,"href":"https:\/\/www.imobiliare.ro\/imoexpert\/wp-json\/wp\/v2\/media\/52662"}],"wp:attachment":[{"href":"https:\/\/www.imobiliare.ro\/imoexpert\/wp-json\/wp\/v2\/media?parent=52571"}],"wp:term":[{"taxonomy":"category","embeddable":true,"href":"https:\/\/www.imobiliare.ro\/imoexpert\/wp-json\/wp\/v2\/categories?post=52571"},{"taxonomy":"post_tag","embeddable":true,"href":"https:\/\/www.imobiliare.ro\/imoexpert\/wp-json\/wp\/v2\/tags?post=52571"},{"taxonomy":"content_author","embeddable":true,"href":"https:\/\/www.imobiliare.ro\/imoexpert\/wp-json\/wp\/v2\/content_author?post=52571"}],"curies":[{"name":"wp","href":"https:\/\/api.w.org\/{rel}","templated":true}]}}