{"id":52837,"date":"2018-05-07T16:25:20","date_gmt":"2018-05-07T13:25:20","guid":{"rendered":"https:\/\/www.imobiliare.ro\/imoexpert\/?p=52837"},"modified":"2018-05-07T16:25:20","modified_gmt":"2018-05-07T13:25:20","slug":"cat-costa-o-vila-noua-in-zona-centrala-a-bucurestiului","status":"publish","type":"post","link":"https:\/\/www.imobiliare.ro\/imoexpert\/cat-costa-o-vila-noua-in-zona-centrala-a-bucurestiului_db\/","title":{"rendered":"C\u00e2t cost\u0103 o vil\u0103 nou\u0103 \u00een zona central\u0103 a Bucure\u0219tiului? Ar putea fi cea mai bun\u0103 op\u021biune pentru familia ta"},"content":{"rendered":"<p><img loading=\"lazy\" decoding=\"async\" class=\"alignnone wp-image-52839\" src=\"https:\/\/www.imobiliare.ro\/imoexpert\/wp-content\/uploads\/2018\/05\/vila-eminescu-bucuresti-1024x684.jpg\" alt=\"\" width=\"800\" height=\"534\" srcset=\"https:\/\/www.imobiliare.ro\/imoexpert\/wp-content\/uploads\/2018\/05\/vila-eminescu-bucuresti-1024x684.jpg 1024w, https:\/\/www.imobiliare.ro\/imoexpert\/wp-content\/uploads\/2018\/05\/vila-eminescu-bucuresti-300x200.jpg 300w, https:\/\/www.imobiliare.ro\/imoexpert\/wp-content\/uploads\/2018\/05\/vila-eminescu-bucuresti-768x513.jpg 768w, https:\/\/www.imobiliare.ro\/imoexpert\/wp-content\/uploads\/2018\/05\/vila-eminescu-bucuresti-1536x1025.jpg 1536w, https:\/\/www.imobiliare.ro\/imoexpert\/wp-content\/uploads\/2018\/05\/vila-eminescu-bucuresti.jpg 1618w\" sizes=\"auto, (max-width: 800px) 100vw, 800px\" \/><\/p>\n<h2>O proprietate \u00een zona central\u0103 a Capitalei vine cu multiple avantaje. Aceasta va fi \u00eentotdeauna valoroas\u0103, dar este \u0219i o alegere ideal\u0103 pentru cei care au un program foarte \u00eenc\u0103rcat \u0219i \u00ee\u0219i doresc s\u0103 petreac\u0103 mai mult timp al\u0103turi de familie, av\u00e2nd \u00een vedere faptul c\u0103 proximitatea sa fa\u021b\u0103 de punctele-cheie ale ora\u0219ului \u00eei ajut\u0103 pe proprietari s\u0103 scape de orele petrecute zilnic \u00een trafic.<\/h2>\n<p>O cas\u0103 nou\u0103 \u00eentr-o astfel de zon\u0103 unde predomin\u0103 imobilele vechi poate reprezenta un avantaj \u00een plus pentru cei care \u00ee\u0219i doresc o loca\u021bie bun\u0103, dar vor s\u0103 beneficieze de siguran\u021ba \u0219i de confortul unei cl\u0103diri cu design modern.<\/p>\n<p>O astfel de proprietate a fost scoas\u0103 recent la v\u00e2nzare \u00een apropierea Bulevardului Dacia, \u00eentr-o zon\u0103 frumoas\u0103 \u0219i lini\u0219tit\u0103 din Bucure\u0219ti, situat\u0103 la doi pa\u0219i de Pia\u021ba Roman\u0103.<\/p>\n<p>Vila poate fi cump\u0103rat\u0103 cu 585.000 de euro, cuprinde 11 camere \u0219i dispune, \u00een total, de o suprafa\u021b\u0103 util\u0103 de 251 de mp. Fiind foarte spa\u021bioas\u0103, aceasta permite transformarea unor camere \u00eentr-un birou amenajat dup\u0103 preferin\u021bele proprii pentru a-i oferi proprietarului posibilitatea de a lucra chiar \u0219i din confortul locuin\u021bei sale.<\/p>\n<p><a class=\"article-body-links\"href=\"https:\/\/www.imobiliare.ro\/vanzare-case-vile\/bucuresti\/eminescu\/casa-de-vanzare-11-camere-X9ON11004\" target=\"_blank\" rel=\"noopener\"><strong>Galerie foto complet\u0103 cu proprietatea AICI<\/strong><\/a><\/p>\n<p>Un avantaj \u00een plus pentru cei care pun siguran\u021ba familiei pe primul loc este acela c\u0103 imobilul a fost construit integral din beton, ceea ce \u00eei ofer\u0103 o rezisten\u021b\u0103 sporit\u0103 chiar \u0219i la cutremure de peste 8 grade pe scara Richter.<\/p>\n<p><img loading=\"lazy\" decoding=\"async\" class=\"alignnone wp-image-52838\" src=\"https:\/\/www.imobiliare.ro\/imoexpert\/wp-content\/uploads\/2018\/05\/vila-eminescu-1024x684.jpg\" alt=\"vila eminescu\" width=\"800\" height=\"534\" srcset=\"https:\/\/www.imobiliare.ro\/imoexpert\/wp-content\/uploads\/2018\/05\/vila-eminescu-1024x684.jpg 1024w, https:\/\/www.imobiliare.ro\/imoexpert\/wp-content\/uploads\/2018\/05\/vila-eminescu-300x200.jpg 300w, https:\/\/www.imobiliare.ro\/imoexpert\/wp-content\/uploads\/2018\/05\/vila-eminescu-768x513.jpg 768w, https:\/\/www.imobiliare.ro\/imoexpert\/wp-content\/uploads\/2018\/05\/vila-eminescu-1536x1025.jpg 1536w, https:\/\/www.imobiliare.ro\/imoexpert\/wp-content\/uploads\/2018\/05\/vila-eminescu.jpg 1618w\" sizes=\"auto, (max-width: 800px) 100vw, 800px\" \/><\/p>\n<p>&#8222;Vila \u00een ansamblul s\u0103u reprezint\u0103 o alegere ideal\u0103 pentru cei care doresc s\u0103 locuiasc\u0103 \u00eentr-o cl\u0103dire solid\u0103, \u00eentr-o zon\u0103 central\u0103 a ora\u0219ului, pentru o via\u021b\u0103 lini\u0219tit\u0103 de familie \u0219i pentru un spa\u021biu productiv de lucru&#8221;, explic\u0103 reprezentan\u021bii RE\/MAX Freedom Group, parte a re\u021belei de agen\u021bii RE\/MAX Rom\u00e2nia, cei care au \u00een portofoliu aceast\u0103 proprietate.<\/p>\n<p><iframe loading=\"lazy\" src=\"https:\/\/www.youtube.com\/embed\/LfaUSpV1qv8\" width=\"560\" height=\"315\" frameborder=\"0\" allowfullscreen=\"allowfullscreen\"><\/iframe><\/p>\n<p>Terasa aflat\u0103 la ultimul etaj care ofer\u0103 o priveli\u0219te deosebit\u0103, garajul \u0219i curtea generoas\u0103 \u00een care pot fi parcare p\u00e2n\u0103 la trei ma\u0219ini se num\u0103r\u0103 \u0219i ele printre punctele forte ale vilei.<strong> <a class=\"article-body-links\"href=\"https:\/\/www.imobiliare.ro\/vanzare-case-vile\/bucuresti\/eminescu\/casa-de-vanzare-11-camere-X9ON11004\" target=\"_blank\" rel=\"noopener\">Afl\u0103 mai multe detalii despre aceast\u0103 proprietate AICI<\/a><\/strong><\/p>\n","protected":false},"excerpt":{"rendered":"<p>O proprietate \u00een zona central\u0103 a Capitalei vine cu multiple avantaje. Aceasta va fi \u00eentotdeauna valoroas\u0103, dar este \u0219i o alegere ideal\u0103 pentru cei care au un program foarte \u00eenc\u0103rcat \u0219i \u00ee\u0219i doresc s\u0103 petreac\u0103 mai mult timp al\u0103turi de familie, av\u00e2nd \u00een vedere faptul c\u0103 proximitatea sa fa\u021b\u0103 de punctele-cheie ale ora\u0219ului \u00eei ajut\u0103 [&hellip;]<\/p>\n","protected":false},"author":5891,"featured_media":52839,"comment_status":"open","ping_status":"open","sticky":false,"template":"","format":"standard","meta":{"footnotes":""},"categories":[253,259],"tags":[337,986],"content_author":[],"class_list":["post-52837","post","type-post","status-publish","format-standard","has-post-thumbnail","hentry","category-parteneri","category-stiri","tag-bucuresti","tag-vila"],"yoast_head":"<!-- This site is optimized with the Yoast SEO Premium plugin v27.0 (Yoast SEO v27.0) - https:\/\/yoast.com\/product\/yoast-seo-premium-wordpress\/ -->\n<title>C\u00e2t cost\u0103 o vil\u0103 nou\u0103 \u00een zona central\u0103 a Bucure\u0219tiului? Ar putea fi cea mai bun\u0103 op\u021biune pentru familia ta - Parteneri, \u0218tiri - ImoExpert<\/title>\n<meta name=\"description\" content=\"O proprietate \u00een zona central\u0103 a Capitalei vine cu multiple avantaje. Aceasta va fi \u00eentotdeauna valoroas\u0103, dar este \u0219i o alegere ideal\u0103 pentru cei care au\" \/>\n<meta name=\"robots\" content=\"index, follow\" \/>\n<link rel=\"canonical\" href=\"https:\/\/www.imobiliare.ro\/imoexpert\/cat-costa-o-vila-noua-in-zona-centrala-a-bucurestiului_db\/\" \/>\n<meta property=\"og:locale\" content=\"ro_RO\" \/>\n<meta property=\"og:type\" content=\"article\" \/>\n<meta property=\"og:title\" content=\"C\u00e2t cost\u0103 o vil\u0103 nou\u0103 \u00een zona central\u0103 a Bucure\u0219tiului? Ar putea fi cea mai bun\u0103 op\u021biune pentru familia ta\" \/>\n<meta property=\"og:description\" content=\"O proprietate \u00een zona central\u0103 a Capitalei vine cu multiple avantaje. Aceasta va fi \u00eentotdeauna valoroas\u0103, dar este \u0219i o alegere ideal\u0103 pentru cei care au\" \/>\n<meta property=\"og:url\" content=\"https:\/\/www.imobiliare.ro\/imoexpert\/cat-costa-o-vila-noua-in-zona-centrala-a-bucurestiului_db\/\" \/>\n<meta property=\"og:site_name\" content=\"ImoExpert\" \/>\n<meta property=\"article:published_time\" content=\"2018-05-07T13:25:20+00:00\" \/>\n<meta property=\"og:image\" content=\"https:\/\/www.imobiliare.ro\/imoexpert\/wp-content\/uploads\/2018\/05\/vila-eminescu-bucuresti.jpg\" \/>\n\t<meta property=\"og:image:width\" content=\"1618\" \/>\n\t<meta property=\"og:image:height\" content=\"1080\" \/>\n\t<meta property=\"og:image:type\" content=\"image\/jpeg\" \/>\n<meta name=\"author\" content=\"Corina V\u00e2rlan\" \/>\n<meta name=\"twitter:card\" content=\"summary_large_image\" \/>\n<meta name=\"twitter:label1\" content=\"Written by\" \/>\n\t<meta name=\"twitter:data1\" content=\"Corina V\u00e2rlan\" \/>\n\t<meta name=\"twitter:label2\" content=\"Est. reading time\" \/>\n\t<meta name=\"twitter:data2\" content=\"2 minute\" \/>\n<script type=\"application\/ld+json\" class=\"yoast-schema-graph\">{\"@context\":\"https:\/\/schema.org\",\"@graph\":[{\"@type\":\"Article\",\"@id\":\"https:\/\/www.imobiliare.ro\/imoexpert\/cat-costa-o-vila-noua-in-zona-centrala-a-bucurestiului_db\/#article\",\"isPartOf\":{\"@id\":\"https:\/\/www.imobiliare.ro\/imoexpert\/cat-costa-o-vila-noua-in-zona-centrala-a-bucurestiului_db\/\"},\"author\":{\"name\":\"Corina V\u00e2rlan\",\"@id\":\"https:\/\/www.imobiliare.ro\/imoexpert\/#\/schema\/person\/9ffdfbf24b82f39fc75a2fc6c19e4e99\"},\"headline\":\"C\u00e2t cost\u0103 o vil\u0103 nou\u0103 \u00een zona central\u0103 a Bucure\u0219tiului? Ar putea fi cea mai bun\u0103 op\u021biune pentru familia ta\",\"datePublished\":\"2018-05-07T13:25:20+00:00\",\"mainEntityOfPage\":{\"@id\":\"https:\/\/www.imobiliare.ro\/imoexpert\/cat-costa-o-vila-noua-in-zona-centrala-a-bucurestiului_db\/\"},\"wordCount\":375,\"commentCount\":1,\"publisher\":{\"@id\":\"https:\/\/www.imobiliare.ro\/imoexpert\/#organization\"},\"image\":{\"@id\":\"https:\/\/www.imobiliare.ro\/imoexpert\/cat-costa-o-vila-noua-in-zona-centrala-a-bucurestiului_db\/#primaryimage\"},\"thumbnailUrl\":\"https:\/\/www.imobiliare.ro\/imoexpert\/wp-content\/uploads\/2018\/05\/vila-eminescu-bucuresti.jpg\",\"keywords\":[\"Bucure\u015fti\",\"vila\"],\"articleSection\":[\"Parteneri\",\"\u0218tiri\"],\"inLanguage\":\"en\",\"potentialAction\":[{\"@type\":\"CommentAction\",\"name\":\"Comment\",\"target\":[\"https:\/\/www.imobiliare.ro\/imoexpert\/cat-costa-o-vila-noua-in-zona-centrala-a-bucurestiului_db\/#respond\"]}],\"copyrightYear\":\"2018\",\"copyrightHolder\":{\"@id\":\"https:\/\/www.imobiliare.ro\/imoexpert\/#organization\"}},{\"@type\":\"WebPage\",\"@id\":\"https:\/\/www.imobiliare.ro\/imoexpert\/cat-costa-o-vila-noua-in-zona-centrala-a-bucurestiului_db\/\",\"url\":\"https:\/\/www.imobiliare.ro\/imoexpert\/cat-costa-o-vila-noua-in-zona-centrala-a-bucurestiului_db\/\",\"name\":\"C\u00e2t cost\u0103 o vil\u0103 nou\u0103 \u00een zona central\u0103 a Bucure\u0219tiului? Ar putea fi cea mai bun\u0103 op\u021biune pentru familia ta - Parteneri, \u0218tiri - ImoExpert\",\"isPartOf\":{\"@id\":\"https:\/\/www.imobiliare.ro\/imoexpert\/#website\"},\"primaryImageOfPage\":{\"@id\":\"https:\/\/www.imobiliare.ro\/imoexpert\/cat-costa-o-vila-noua-in-zona-centrala-a-bucurestiului_db\/#primaryimage\"},\"image\":{\"@id\":\"https:\/\/www.imobiliare.ro\/imoexpert\/cat-costa-o-vila-noua-in-zona-centrala-a-bucurestiului_db\/#primaryimage\"},\"thumbnailUrl\":\"https:\/\/www.imobiliare.ro\/imoexpert\/wp-content\/uploads\/2018\/05\/vila-eminescu-bucuresti.jpg\",\"datePublished\":\"2018-05-07T13:25:20+00:00\",\"description\":\"O proprietate \u00een zona central\u0103 a Capitalei vine cu multiple avantaje. Aceasta va fi \u00eentotdeauna valoroas\u0103, dar este \u0219i o alegere ideal\u0103 pentru cei care au\",\"breadcrumb\":{\"@id\":\"https:\/\/www.imobiliare.ro\/imoexpert\/cat-costa-o-vila-noua-in-zona-centrala-a-bucurestiului_db\/#breadcrumb\"},\"inLanguage\":\"en\",\"potentialAction\":[{\"@type\":\"ReadAction\",\"target\":[\"https:\/\/www.imobiliare.ro\/imoexpert\/cat-costa-o-vila-noua-in-zona-centrala-a-bucurestiului_db\/\"]}]},{\"@type\":\"ImageObject\",\"inLanguage\":\"en\",\"@id\":\"https:\/\/www.imobiliare.ro\/imoexpert\/cat-costa-o-vila-noua-in-zona-centrala-a-bucurestiului_db\/#primaryimage\",\"url\":\"https:\/\/www.imobiliare.ro\/imoexpert\/wp-content\/uploads\/2018\/05\/vila-eminescu-bucuresti.jpg\",\"contentUrl\":\"https:\/\/www.imobiliare.ro\/imoexpert\/wp-content\/uploads\/2018\/05\/vila-eminescu-bucuresti.jpg\",\"width\":1618,\"height\":1080},{\"@type\":\"BreadcrumbList\",\"@id\":\"https:\/\/www.imobiliare.ro\/imoexpert\/cat-costa-o-vila-noua-in-zona-centrala-a-bucurestiului_db\/#breadcrumb\",\"itemListElement\":[{\"@type\":\"ListItem\",\"position\":1,\"name\":\"Imoradar24\",\"item\":\"https:\/\/www.imoradar24.ro\"},{\"@type\":\"ListItem\",\"position\":2,\"name\":\"ImoExpert\",\"item\":\"https:\/\/www.imobiliare.ro\/imoexpert\/\"},{\"@type\":\"ListItem\",\"position\":3,\"name\":\"Parteneri\",\"item\":\"https:\/\/www.imobiliare.ro\/imoexpert\/parteneri\/\"},{\"@type\":\"ListItem\",\"position\":4,\"name\":\"C\u00e2t cost\u0103 o vil\u0103 nou\u0103 \u00een zona central\u0103 a Bucure\u0219tiului? Ar putea fi cea mai bun\u0103 op\u021biune pentru familia ta\"}]},{\"@type\":\"WebSite\",\"@id\":\"https:\/\/www.imobiliare.ro\/imoexpert\/#website\",\"url\":\"https:\/\/www.imobiliare.ro\/imoexpert\/\",\"name\":\"ImoExpert\",\"description\":\"cele mai importante \u015ftiri din domeniul imobiliar\",\"publisher\":{\"@id\":\"https:\/\/www.imobiliare.ro\/imoexpert\/#organization\"},\"inLanguage\":\"en\"},{\"@type\":\"Organization\",\"@id\":\"https:\/\/www.imobiliare.ro\/imoexpert\/#organization\",\"name\":\"Imobiliare.ro\",\"alternateName\":\"Realmedia Network SA\",\"url\":\"https:\/\/www.imobiliare.ro\/imoexpert\/\",\"logo\":{\"@type\":\"ImageObject\",\"inLanguage\":\"en\",\"@id\":\"https:\/\/www.imobiliare.ro\/imoexpert\/#\/schema\/logo\/image\/\",\"url\":\"https:\/\/www.imobiliare.ro\/imoexpert\/wp-content\/uploads\/2025\/05\/imobiliare_logo.png\",\"contentUrl\":\"https:\/\/www.imobiliare.ro\/imoexpert\/wp-content\/uploads\/2025\/05\/imobiliare_logo.png\",\"width\":237,\"height\":29,\"caption\":\"Imobiliare.ro\"},\"image\":{\"@id\":\"https:\/\/www.imobiliare.ro\/imoexpert\/#\/schema\/logo\/image\/\"}},{\"@type\":\"Person\",\"@id\":\"https:\/\/www.imobiliare.ro\/imoexpert\/#\/schema\/person\/9ffdfbf24b82f39fc75a2fc6c19e4e99\",\"name\":\"Corina V\u00e2rlan\",\"image\":{\"@type\":\"ImageObject\",\"inLanguage\":\"en\",\"@id\":\"https:\/\/www.imobiliare.ro\/imoexpert\/#\/schema\/person\/image\/\",\"url\":\"https:\/\/www.imobiliare.ro\/imoexpert\/wp-content\/uploads\/2026\/02\/12-02-2025-5-rezumat-brasov-thumb-reels-1-1-96x96.png\",\"contentUrl\":\"https:\/\/www.imobiliare.ro\/imoexpert\/wp-content\/uploads\/2026\/02\/12-02-2025-5-rezumat-brasov-thumb-reels-1-1-96x96.png\",\"caption\":\"Corina V\u00e2rlan\"},\"description\":\"Cu o experien\u021b\u0103 de 14 ani \u00een presa online, comunicare \u0219i content marketing, Corina V\u00e2rlan s-a al\u0103turat echipei Imobiliare.ro \u00een urm\u0103 cu 8 ani \u0219i ocup\u0103, \u00een prezent, func\u021bia de Content Manager. Ea este gazda emisiunii \\\"\u00centreab\u0103 expertul\\\" \u0219i a seriei 5 \u0218tiri Imobiliare.ro, realizate \u00een parteneriat cu Libertatea. Corina \u00ee\u0219i concentreaz\u0103 activitatea pe analiza datelor de pia\u021b\u0103 \u0219i pe subiecte de interes at\u00e2t pentru cei afla\u021bi \u00een c\u0103utarea unei locuin\u021be, c\u00e2t \u0219i pentru proprietari sau chiria\u0219i.\",\"alternateName\":\"Corina\",\"jobTitle\":\"Content Manager\",\"url\":\"https:\/\/www.imobiliare.ro\/imoexpert\/author\/corina-varlan\/\"}]}<\/script>\n<!-- \/ Yoast SEO Premium plugin. -->","yoast_head_json":{"title":"C\u00e2t cost\u0103 o vil\u0103 nou\u0103 \u00een zona central\u0103 a Bucure\u0219tiului? Ar putea fi cea mai bun\u0103 op\u021biune pentru familia ta - Parteneri, \u0218tiri - ImoExpert","description":"O proprietate \u00een zona central\u0103 a Capitalei vine cu multiple avantaje. Aceasta va fi \u00eentotdeauna valoroas\u0103, dar este \u0219i o alegere ideal\u0103 pentru cei care au","robots":{"index":"index","follow":"follow"},"canonical":"https:\/\/www.imobiliare.ro\/imoexpert\/cat-costa-o-vila-noua-in-zona-centrala-a-bucurestiului_db\/","og_locale":"ro_RO","og_type":"article","og_title":"C\u00e2t cost\u0103 o vil\u0103 nou\u0103 \u00een zona central\u0103 a Bucure\u0219tiului? Ar putea fi cea mai bun\u0103 op\u021biune pentru familia ta","og_description":"O proprietate \u00een zona central\u0103 a Capitalei vine cu multiple avantaje. Aceasta va fi \u00eentotdeauna valoroas\u0103, dar este \u0219i o alegere ideal\u0103 pentru cei care au","og_url":"https:\/\/www.imobiliare.ro\/imoexpert\/cat-costa-o-vila-noua-in-zona-centrala-a-bucurestiului_db\/","og_site_name":"ImoExpert","article_published_time":"2018-05-07T13:25:20+00:00","og_image":[{"width":1618,"height":1080,"url":"https:\/\/www.imobiliare.ro\/imoexpert\/wp-content\/uploads\/2018\/05\/vila-eminescu-bucuresti.jpg","type":"image\/jpeg"}],"author":"Corina V\u00e2rlan","twitter_card":"summary_large_image","twitter_misc":{"Written by":"Corina V\u00e2rlan","Est. reading time":"2 minute"},"schema":{"@context":"https:\/\/schema.org","@graph":[{"@type":"Article","@id":"https:\/\/www.imobiliare.ro\/imoexpert\/cat-costa-o-vila-noua-in-zona-centrala-a-bucurestiului_db\/#article","isPartOf":{"@id":"https:\/\/www.imobiliare.ro\/imoexpert\/cat-costa-o-vila-noua-in-zona-centrala-a-bucurestiului_db\/"},"author":{"name":"Corina V\u00e2rlan","@id":"https:\/\/www.imobiliare.ro\/imoexpert\/#\/schema\/person\/9ffdfbf24b82f39fc75a2fc6c19e4e99"},"headline":"C\u00e2t cost\u0103 o vil\u0103 nou\u0103 \u00een zona central\u0103 a Bucure\u0219tiului? Ar putea fi cea mai bun\u0103 op\u021biune pentru familia ta","datePublished":"2018-05-07T13:25:20+00:00","mainEntityOfPage":{"@id":"https:\/\/www.imobiliare.ro\/imoexpert\/cat-costa-o-vila-noua-in-zona-centrala-a-bucurestiului_db\/"},"wordCount":375,"commentCount":1,"publisher":{"@id":"https:\/\/www.imobiliare.ro\/imoexpert\/#organization"},"image":{"@id":"https:\/\/www.imobiliare.ro\/imoexpert\/cat-costa-o-vila-noua-in-zona-centrala-a-bucurestiului_db\/#primaryimage"},"thumbnailUrl":"https:\/\/www.imobiliare.ro\/imoexpert\/wp-content\/uploads\/2018\/05\/vila-eminescu-bucuresti.jpg","keywords":["Bucure\u015fti","vila"],"articleSection":["Parteneri","\u0218tiri"],"inLanguage":"en","potentialAction":[{"@type":"CommentAction","name":"Comment","target":["https:\/\/www.imobiliare.ro\/imoexpert\/cat-costa-o-vila-noua-in-zona-centrala-a-bucurestiului_db\/#respond"]}],"copyrightYear":"2018","copyrightHolder":{"@id":"https:\/\/www.imobiliare.ro\/imoexpert\/#organization"}},{"@type":"WebPage","@id":"https:\/\/www.imobiliare.ro\/imoexpert\/cat-costa-o-vila-noua-in-zona-centrala-a-bucurestiului_db\/","url":"https:\/\/www.imobiliare.ro\/imoexpert\/cat-costa-o-vila-noua-in-zona-centrala-a-bucurestiului_db\/","name":"C\u00e2t cost\u0103 o vil\u0103 nou\u0103 \u00een zona central\u0103 a Bucure\u0219tiului? Ar putea fi cea mai bun\u0103 op\u021biune pentru familia ta - Parteneri, \u0218tiri - ImoExpert","isPartOf":{"@id":"https:\/\/www.imobiliare.ro\/imoexpert\/#website"},"primaryImageOfPage":{"@id":"https:\/\/www.imobiliare.ro\/imoexpert\/cat-costa-o-vila-noua-in-zona-centrala-a-bucurestiului_db\/#primaryimage"},"image":{"@id":"https:\/\/www.imobiliare.ro\/imoexpert\/cat-costa-o-vila-noua-in-zona-centrala-a-bucurestiului_db\/#primaryimage"},"thumbnailUrl":"https:\/\/www.imobiliare.ro\/imoexpert\/wp-content\/uploads\/2018\/05\/vila-eminescu-bucuresti.jpg","datePublished":"2018-05-07T13:25:20+00:00","description":"O proprietate \u00een zona central\u0103 a Capitalei vine cu multiple avantaje. Aceasta va fi \u00eentotdeauna valoroas\u0103, dar este \u0219i o alegere ideal\u0103 pentru cei care au","breadcrumb":{"@id":"https:\/\/www.imobiliare.ro\/imoexpert\/cat-costa-o-vila-noua-in-zona-centrala-a-bucurestiului_db\/#breadcrumb"},"inLanguage":"en","potentialAction":[{"@type":"ReadAction","target":["https:\/\/www.imobiliare.ro\/imoexpert\/cat-costa-o-vila-noua-in-zona-centrala-a-bucurestiului_db\/"]}]},{"@type":"ImageObject","inLanguage":"en","@id":"https:\/\/www.imobiliare.ro\/imoexpert\/cat-costa-o-vila-noua-in-zona-centrala-a-bucurestiului_db\/#primaryimage","url":"https:\/\/www.imobiliare.ro\/imoexpert\/wp-content\/uploads\/2018\/05\/vila-eminescu-bucuresti.jpg","contentUrl":"https:\/\/www.imobiliare.ro\/imoexpert\/wp-content\/uploads\/2018\/05\/vila-eminescu-bucuresti.jpg","width":1618,"height":1080},{"@type":"BreadcrumbList","@id":"https:\/\/www.imobiliare.ro\/imoexpert\/cat-costa-o-vila-noua-in-zona-centrala-a-bucurestiului_db\/#breadcrumb","itemListElement":[{"@type":"ListItem","position":1,"name":"Imoradar24","item":"https:\/\/www.imoradar24.ro"},{"@type":"ListItem","position":2,"name":"ImoExpert","item":"https:\/\/www.imobiliare.ro\/imoexpert\/"},{"@type":"ListItem","position":3,"name":"Parteneri","item":"https:\/\/www.imobiliare.ro\/imoexpert\/parteneri\/"},{"@type":"ListItem","position":4,"name":"C\u00e2t cost\u0103 o vil\u0103 nou\u0103 \u00een zona central\u0103 a Bucure\u0219tiului? Ar putea fi cea mai bun\u0103 op\u021biune pentru familia ta"}]},{"@type":"WebSite","@id":"https:\/\/www.imobiliare.ro\/imoexpert\/#website","url":"https:\/\/www.imobiliare.ro\/imoexpert\/","name":"ImoExpert","description":"cele mai importante \u015ftiri din domeniul imobiliar","publisher":{"@id":"https:\/\/www.imobiliare.ro\/imoexpert\/#organization"},"inLanguage":"en"},{"@type":"Organization","@id":"https:\/\/www.imobiliare.ro\/imoexpert\/#organization","name":"Imobiliare.ro","alternateName":"Realmedia Network SA","url":"https:\/\/www.imobiliare.ro\/imoexpert\/","logo":{"@type":"ImageObject","inLanguage":"en","@id":"https:\/\/www.imobiliare.ro\/imoexpert\/#\/schema\/logo\/image\/","url":"https:\/\/www.imobiliare.ro\/imoexpert\/wp-content\/uploads\/2025\/05\/imobiliare_logo.png","contentUrl":"https:\/\/www.imobiliare.ro\/imoexpert\/wp-content\/uploads\/2025\/05\/imobiliare_logo.png","width":237,"height":29,"caption":"Imobiliare.ro"},"image":{"@id":"https:\/\/www.imobiliare.ro\/imoexpert\/#\/schema\/logo\/image\/"}},{"@type":"Person","@id":"https:\/\/www.imobiliare.ro\/imoexpert\/#\/schema\/person\/9ffdfbf24b82f39fc75a2fc6c19e4e99","name":"Corina V\u00e2rlan","image":{"@type":"ImageObject","inLanguage":"en","@id":"https:\/\/www.imobiliare.ro\/imoexpert\/#\/schema\/person\/image\/","url":"https:\/\/www.imobiliare.ro\/imoexpert\/wp-content\/uploads\/2026\/02\/12-02-2025-5-rezumat-brasov-thumb-reels-1-1-96x96.png","contentUrl":"https:\/\/www.imobiliare.ro\/imoexpert\/wp-content\/uploads\/2026\/02\/12-02-2025-5-rezumat-brasov-thumb-reels-1-1-96x96.png","caption":"Corina V\u00e2rlan"},"description":"Cu o experien\u021b\u0103 de 14 ani \u00een presa online, comunicare \u0219i content marketing, Corina V\u00e2rlan s-a al\u0103turat echipei Imobiliare.ro \u00een urm\u0103 cu 8 ani \u0219i ocup\u0103, \u00een prezent, func\u021bia de Content Manager. Ea este gazda emisiunii \"\u00centreab\u0103 expertul\" \u0219i a seriei 5 \u0218tiri Imobiliare.ro, realizate \u00een parteneriat cu Libertatea. Corina \u00ee\u0219i concentreaz\u0103 activitatea pe analiza datelor de pia\u021b\u0103 \u0219i pe subiecte de interes at\u00e2t pentru cei afla\u021bi \u00een c\u0103utarea unei locuin\u021be, c\u00e2t \u0219i pentru proprietari sau chiria\u0219i.","alternateName":"Corina","jobTitle":"Content Manager","url":"https:\/\/www.imobiliare.ro\/imoexpert\/author\/corina-varlan\/"}]}},"_links":{"self":[{"href":"https:\/\/www.imobiliare.ro\/imoexpert\/wp-json\/wp\/v2\/posts\/52837","targetHints":{"allow":["GET"]}}],"collection":[{"href":"https:\/\/www.imobiliare.ro\/imoexpert\/wp-json\/wp\/v2\/posts"}],"about":[{"href":"https:\/\/www.imobiliare.ro\/imoexpert\/wp-json\/wp\/v2\/types\/post"}],"author":[{"embeddable":true,"href":"https:\/\/www.imobiliare.ro\/imoexpert\/wp-json\/wp\/v2\/users\/5891"}],"replies":[{"embeddable":true,"href":"https:\/\/www.imobiliare.ro\/imoexpert\/wp-json\/wp\/v2\/comments?post=52837"}],"version-history":[{"count":0,"href":"https:\/\/www.imobiliare.ro\/imoexpert\/wp-json\/wp\/v2\/posts\/52837\/revisions"}],"wp:featuredmedia":[{"embeddable":true,"href":"https:\/\/www.imobiliare.ro\/imoexpert\/wp-json\/wp\/v2\/media\/52839"}],"wp:attachment":[{"href":"https:\/\/www.imobiliare.ro\/imoexpert\/wp-json\/wp\/v2\/media?parent=52837"}],"wp:term":[{"taxonomy":"category","embeddable":true,"href":"https:\/\/www.imobiliare.ro\/imoexpert\/wp-json\/wp\/v2\/categories?post=52837"},{"taxonomy":"post_tag","embeddable":true,"href":"https:\/\/www.imobiliare.ro\/imoexpert\/wp-json\/wp\/v2\/tags?post=52837"},{"taxonomy":"content_author","embeddable":true,"href":"https:\/\/www.imobiliare.ro\/imoexpert\/wp-json\/wp\/v2\/content_author?post=52837"}],"curies":[{"name":"wp","href":"https:\/\/api.w.org\/{rel}","templated":true}]}}