{"id":52985,"date":"2018-05-28T19:06:29","date_gmt":"2018-05-28T16:06:29","guid":{"rendered":"https:\/\/www.imobiliare.ro\/imoexpert\/?p=52985"},"modified":"2018-05-28T19:06:29","modified_gmt":"2018-05-28T16:06:29","slug":"proiectele-de-locuinte-verzi-urmatorul-nivel-al-pietei-rezidentiale","status":"publish","type":"post","link":"https:\/\/www.imobiliare.ro\/imoexpert\/proiectele-de-locuinte-verzi-urmatorul-nivel-al-pietei-rezidentiale_db\/","title":{"rendered":"Proiectele de locuin\u021be \u201everzi\u201d, urm\u0103torul nivel al pie\u021bei reziden\u021biale?"},"content":{"rendered":"<p><a class=\"article-body-links\"href=\"https:\/\/www.imobiliare.ro\/imoexpert\/wp-content\/uploads\/2018\/05\/locuinte-verzi.jpg\"><img loading=\"lazy\" decoding=\"async\" src=\"https:\/\/www.imobiliare.ro\/imoexpert\/wp-content\/uploads\/2018\/05\/locuinte-verzi.jpg\" alt=\"\" width=\"600\" height=\"409\" class=\"aligncenter size-full wp-image-52986\" srcset=\"https:\/\/www.imobiliare.ro\/imoexpert\/wp-content\/uploads\/2018\/05\/locuinte-verzi.jpg 600w, https:\/\/www.imobiliare.ro\/imoexpert\/wp-content\/uploads\/2018\/05\/locuinte-verzi-300x205.jpg 300w\" sizes=\"auto, (max-width: 600px) 100vw, 600px\" \/><\/a><\/p>\n<div id=\"ez-toc-container\" class=\"ez-toc-v2_0_81 counter-hierarchy ez-toc-counter ez-toc-grey ez-toc-container-direction\">\n<p class=\"ez-toc-title\" style=\"cursor:inherit\">Table of Contents<\/p>\n<label for=\"ez-toc-cssicon-toggle-item-69f1e5a084db1\" class=\"ez-toc-cssicon-toggle-label\"><span class=\"ez-toc-cssicon\"><span class=\"eztoc-hide\" style=\"display:none;\">Toggle<\/span><span class=\"ez-toc-icon-toggle-span\"><svg style=\"fill: #999;color:#999\" xmlns=\"http:\/\/www.w3.org\/2000\/svg\" class=\"list-377408\" width=\"20px\" height=\"20px\" viewBox=\"0 0 24 24\" fill=\"none\"><path d=\"M6 6H4v2h2V6zm14 0H8v2h12V6zM4 11h2v2H4v-2zm16 0H8v2h12v-2zM4 16h2v2H4v-2zm16 0H8v2h12v-2z\" fill=\"currentColor\"><\/path><\/svg><svg style=\"fill: #999;color:#999\" class=\"arrow-unsorted-368013\" xmlns=\"http:\/\/www.w3.org\/2000\/svg\" width=\"10px\" height=\"10px\" viewBox=\"0 0 24 24\" version=\"1.2\" baseProfile=\"tiny\"><path d=\"M18.2 9.3l-6.2-6.3-6.2 6.3c-.2.2-.3.4-.3.7s.1.5.3.7c.2.2.4.3.7.3h11c.3 0 .5-.1.7-.3.2-.2.3-.5.3-.7s-.1-.5-.3-.7zM5.8 14.7l6.2 6.3 6.2-6.3c.2-.2.3-.5.3-.7s-.1-.5-.3-.7c-.2-.2-.4-.3-.7-.3h-11c-.3 0-.5.1-.7.3-.2.2-.3.5-.3.7s.1.5.3.7z\"\/><\/svg><\/span><\/span><\/label><input type=\"checkbox\"  id=\"ez-toc-cssicon-toggle-item-69f1e5a084db1\"  aria-label=\"Toggle\" \/><nav><ul class='ez-toc-list ez-toc-list-level-1 ' ><li class='ez-toc-page-1 ez-toc-heading-level-2'><a class=\"ez-toc-link ez-toc-heading-1\" href=\"https:\/\/www.imobiliare.ro\/imoexpert\/proiectele-de-locuinte-verzi-urmatorul-nivel-al-pietei-rezidentiale_db\/#Dezvoltarea_de_ansambluri_de_locuinte_%E2%80%9Everzi%E2%80%9D_va_prinde_avant_in_perioada_urmatoare_pe_fondul_prevederilor_UE_in_materie_de_protectie_a_mediului\" >Dezvoltarea de ansambluri de locuin\u021be \u201everzi\u201d va prinde av\u00e2nt \u00een perioada urm\u0103toare, pe fondul prevederilor UE \u00een materie de protec\u021bie a mediului.<\/a><\/li><li class='ez-toc-page-1 ez-toc-heading-level-2'><a class=\"ez-toc-link ez-toc-heading-2\" href=\"https:\/\/www.imobiliare.ro\/imoexpert\/proiectele-de-locuinte-verzi-urmatorul-nivel-al-pietei-rezidentiale_db\/#De_la_birouri_si_comercial_la_rezidential\" >De la birouri \u0219i comercial la reziden\u021bial<\/a><\/li><li class='ez-toc-page-1 ez-toc-heading-level-2'><a class=\"ez-toc-link ez-toc-heading-3\" href=\"https:\/\/www.imobiliare.ro\/imoexpert\/proiectele-de-locuinte-verzi-urmatorul-nivel-al-pietei-rezidentiale_db\/#Proiecte_mixte_sustenabile\" >Proiecte mixte sustenabile<\/a><\/li><\/ul><\/nav><\/div>\n<h2><span class=\"ez-toc-section\" id=\"Dezvoltarea_de_ansambluri_de_locuinte_%E2%80%9Everzi%E2%80%9D_va_prinde_avant_in_perioada_urmatoare_pe_fondul_prevederilor_UE_in_materie_de_protectie_a_mediului\"><\/span>Dezvoltarea de ansambluri de locuin\u021be \u201everzi\u201d va prinde av\u00e2nt \u00een perioada urm\u0103toare, pe fondul prevederilor UE \u00een materie de protec\u021bie a mediului.<span class=\"ez-toc-section-end\"><\/span><\/h2>\n<p>Anul 2020 se apropie cu pa\u0219i repezi, la fel ca \u0219i termenul de implementare a noilor norme privind protec\u021bia mediului \u00een domeniul construc\u021biilor. \u00cen acest context, juc\u0103torii de pe pia\u021ba imobiliar\u0103 local\u0103 fac eforturi s\u0103 se alinieze la cerin\u021bele Uniunii Europene. Potrivit datelor BuildGreen, peste 40 de proiecte imobiliare din Rom\u00e2nia, at\u00e2t noi c\u00e2t \u0219i existente, au fost certificate ca fiind \u201esustenabile\u201d pe parcursul anului trecut.<\/p>\n<p>\u201ePia\u021ba imobiliar\u0103 local\u0103 s-a dezvoltat semnificativ \u00een ultimii ani din punct de vedere al sustenabilit\u0103\u021bii \u0219i suntem din acest punct de vedere la nivelul altor \u021b\u0103ri din regiune, fie c\u0103 vorbim de Republica Ceh\u0103, Slovac\u0103 sau de Polonia \u0219i Ungaria. Asist\u0103m deja la o trecere c\u0103tre un nivel superior de sustenabilitate, care pune acccent nu doar pe niveluri de performan\u021b\u0103 energetic\u0103 c\u00e2t mai ridicate c\u00e2t \u0219i pe implementarea de noi tehnologii \u0219i pe crearea unui mediu de lucru care pune accent pe bun\u0103starea angaja\u021bilor\u201d, explic\u0103 R\u0103zvan Nica, managing director BuildGreen.<\/p>\n<h2><span class=\"ez-toc-section\" id=\"De_la_birouri_si_comercial_la_rezidential\"><\/span>De la birouri \u0219i comercial la reziden\u021bial<span class=\"ez-toc-section-end\"><\/span><\/h2>\n<p>Potrivit reprezentan\u021bilor companiei, ob\u021binerea unei certific\u0103ri sustenabile dup\u0103 normele BREEAM \u0219i LEED a devenit \u00een ultimii ani o practic\u0103 pe segmentul cl\u0103dirilor de birouri, ca \u0219i pe cel al centrelor comerciale de mari dimensiuni. \u201e\u00cen acela\u0219i timp, numero\u0219i proprietari de proiecte deja finalizate decid s\u0103 implementeze solu\u021bii de eficientizare a consumurilor de energie, \u021bintind ob\u021binerea unei certific\u0103ri sustenabile de tipul In Use din dorin\u021ba de a \u00ee\u0219i p\u0103stra proiectele relevante pe pia\u021b\u0103, comparativ cu noile proiecte care au de regul\u0103 niveluri ridicate de performan\u021b\u0103\u201d, puncteaz\u0103 ace\u0219tia.<\/p>\n<p>\u00cen acest context, \u201eurm\u0103toarea etap\u0103\u201d a implement\u0103rii principiilor de dezvoltare durabil\u0103 pe pia\u021ba imobiliar\u0103 local\u0103 va fi reprezentat\u0103 de apari\u021bia primelor proiecte reziden\u021biale certificate sustenabil. \u201e\u00cen acest moment exist\u0103 deja mai multe proiecte care au ob\u021binut o astfel de certificare din partea unor foruri interne iar perioada urm\u0103toare va aduce \u0219i ob\u021binerea primelor certific\u0103ri BREEAM sau LEED\u201d, puncteaz\u0103 oficialii BuildGreen. <\/p>\n<h2><span class=\"ez-toc-section\" id=\"Proiecte_mixte_sustenabile\"><\/span>Proiecte mixte sustenabile<span class=\"ez-toc-section-end\"><\/span><\/h2>\n<p>Potrivit acestora, apari\u021bia mai multor proiecte imobiliare mixte se va concretiza \u0219i prin certific\u0103ri de tip \u201ecommunities\u201d, care pot aduce beneficii \u00eenc\u0103 din etapele de elaborare a master-planurilor, rezult\u00e2nd astfel comunit\u0103\u021bi ample, unde componentele locative, profesionale, comerciale \u0219i de recreere vor fi \u00eembinate armonios. De asemenea, dorin\u021ba investitorilor de a ob\u021bine randamente energetice ridicate va duce \u0219i la dezvoltarea primelor proiecte \u00een conformitate cu normele EDGE, care pun accent pe utilizarea eficient\u0103 a resurselor, at\u00e2t \u00een procesul de dezvoltare, c\u00e2t \u0219i pe perioada administr\u0103rii. \u201eEficientizarea consumurilor de energie va fi dublat\u0103 \u00een perioada imediat\u0103 de implementarea unei multitudini de solu\u021bii menite s\u0103 majoreze semnificativ bun\u0103starea angaja\u021bilor la locul de munc\u0103, m\u0103suri care se vor transpune \u00eentr-un final prin cre\u0219terea gradului de satisfac\u021bie dar \u0219i a productivit\u0103\u021bii angaja\u021bilor\u201d, subliniaz\u0103 R\u0103zvan Nica.<\/p>\n","protected":false},"excerpt":{"rendered":"<p>Dezvoltarea de ansambluri de locuin\u021be \u201everzi\u201d va prinde av\u00e2nt \u00een perioada urm\u0103toare, pe fondul prevederilor UE \u00een materie de protec\u021bie a mediului. Anul 2020 se apropie cu pa\u0219i repezi, la fel ca \u0219i termenul de implementare a noilor norme privind protec\u021bia mediului \u00een domeniul construc\u021biilor. \u00cen acest context, juc\u0103torii de pe pia\u021ba imobiliar\u0103 local\u0103 fac [&hellip;]<\/p>\n","protected":false},"author":829,"featured_media":52986,"comment_status":"open","ping_status":"open","sticky":false,"template":"","format":"standard","meta":{"footnotes":""},"categories":[259],"tags":[480,1569,1410,1411],"content_author":[],"class_list":["post-52985","post","type-post","status-publish","format-standard","has-post-thumbnail","hentry","category-stiri","tag-cumparator","tag-locuinte-verzi","tag-newsletter","tag-principal"],"yoast_head":"<!-- This site is optimized with the Yoast SEO Premium plugin v27.0 (Yoast SEO v27.0) - https:\/\/yoast.com\/product\/yoast-seo-premium-wordpress\/ -->\n<title>Proiectele de locuin\u021be \u201everzi\u201d, urm\u0103torul nivel al pie\u021bei reziden\u021biale?<\/title>\n<meta name=\"description\" content=\"Anul 2020 se apropie cu pa\u0219i repezi, la fel ca \u0219i termenul de implementare a noilor norme privind protec\u021bia mediului \u00een domeniul construc\u021biilor. \u00cen acest context, juc\u0103torii de pe pia\u021ba imobiliar\u0103 local\u0103 fac eforturi s\u0103 se alinieze la cerin\u021bele Uniunii Europene.\" \/>\n<meta name=\"robots\" content=\"index, follow\" \/>\n<link rel=\"canonical\" href=\"https:\/\/www.imobiliare.ro\/imoexpert\/proiectele-de-locuinte-verzi-urmatorul-nivel-al-pietei-rezidentiale_db\/\" \/>\n<meta property=\"og:locale\" content=\"ro_RO\" \/>\n<meta property=\"og:type\" content=\"article\" \/>\n<meta property=\"og:title\" content=\"Proiectele de locuin\u021be \u201everzi\u201d, urm\u0103torul nivel al pie\u021bei reziden\u021biale?\" \/>\n<meta property=\"og:description\" content=\"Anul 2020 se apropie cu pa\u0219i repezi, la fel ca \u0219i termenul de implementare a noilor norme privind protec\u021bia mediului \u00een domeniul construc\u021biilor. \u00cen acest context, juc\u0103torii de pe pia\u021ba imobiliar\u0103 local\u0103 fac eforturi s\u0103 se alinieze la cerin\u021bele Uniunii Europene.\" \/>\n<meta property=\"og:url\" content=\"https:\/\/www.imobiliare.ro\/imoexpert\/proiectele-de-locuinte-verzi-urmatorul-nivel-al-pietei-rezidentiale_db\/\" \/>\n<meta property=\"og:site_name\" content=\"ImoExpert\" \/>\n<meta property=\"article:published_time\" content=\"2018-05-28T16:06:29+00:00\" \/>\n<meta property=\"og:image\" content=\"https:\/\/www.imobiliare.ro\/imoexpert\/wp-content\/uploads\/2018\/05\/locuinte-verzi.jpg\" \/>\n\t<meta property=\"og:image:width\" content=\"600\" \/>\n\t<meta property=\"og:image:height\" content=\"409\" \/>\n\t<meta property=\"og:image:type\" content=\"image\/jpeg\" \/>\n<meta name=\"author\" content=\"Adriana Dr\u0103gu\u0219in\" \/>\n<meta name=\"twitter:card\" content=\"summary_large_image\" \/>\n<meta name=\"twitter:label1\" content=\"Written by\" \/>\n\t<meta name=\"twitter:data1\" content=\"Adriana Dr\u0103gu\u0219in\" \/>\n\t<meta name=\"twitter:label2\" content=\"Est. reading time\" \/>\n\t<meta name=\"twitter:data2\" content=\"3 minute\" \/>\n<script type=\"application\/ld+json\" class=\"yoast-schema-graph\">{\"@context\":\"https:\/\/schema.org\",\"@graph\":[{\"@type\":\"Article\",\"@id\":\"https:\/\/www.imobiliare.ro\/imoexpert\/proiectele-de-locuinte-verzi-urmatorul-nivel-al-pietei-rezidentiale_db\/#article\",\"isPartOf\":{\"@id\":\"https:\/\/www.imobiliare.ro\/imoexpert\/proiectele-de-locuinte-verzi-urmatorul-nivel-al-pietei-rezidentiale_db\/\"},\"author\":{\"name\":\"Adriana Dr\u0103gu\u0219in\",\"@id\":\"https:\/\/www.imobiliare.ro\/imoexpert\/#\/schema\/person\/8c13b0297075010b896471fabf0d7790\"},\"headline\":\"Proiectele de locuin\u021be \u201everzi\u201d, urm\u0103torul nivel al pie\u021bei reziden\u021biale?\",\"datePublished\":\"2018-05-28T16:06:29+00:00\",\"mainEntityOfPage\":{\"@id\":\"https:\/\/www.imobiliare.ro\/imoexpert\/proiectele-de-locuinte-verzi-urmatorul-nivel-al-pietei-rezidentiale_db\/\"},\"wordCount\":537,\"commentCount\":2,\"publisher\":{\"@id\":\"https:\/\/www.imobiliare.ro\/imoexpert\/#organization\"},\"image\":{\"@id\":\"https:\/\/www.imobiliare.ro\/imoexpert\/proiectele-de-locuinte-verzi-urmatorul-nivel-al-pietei-rezidentiale_db\/#primaryimage\"},\"thumbnailUrl\":\"https:\/\/www.imobiliare.ro\/imoexpert\/wp-content\/uploads\/2018\/05\/locuinte-verzi.jpg\",\"keywords\":[\"cumparator\",\"locuinte verzi\",\"newsletter\",\"principal\"],\"articleSection\":[\"\u0218tiri\"],\"inLanguage\":\"en\",\"potentialAction\":[{\"@type\":\"CommentAction\",\"name\":\"Comment\",\"target\":[\"https:\/\/www.imobiliare.ro\/imoexpert\/proiectele-de-locuinte-verzi-urmatorul-nivel-al-pietei-rezidentiale_db\/#respond\"]}],\"copyrightYear\":\"2018\",\"copyrightHolder\":{\"@id\":\"https:\/\/www.imobiliare.ro\/imoexpert\/#organization\"}},{\"@type\":\"WebPage\",\"@id\":\"https:\/\/www.imobiliare.ro\/imoexpert\/proiectele-de-locuinte-verzi-urmatorul-nivel-al-pietei-rezidentiale_db\/\",\"url\":\"https:\/\/www.imobiliare.ro\/imoexpert\/proiectele-de-locuinte-verzi-urmatorul-nivel-al-pietei-rezidentiale_db\/\",\"name\":\"Proiectele de locuin\u021be \u201everzi\u201d, urm\u0103torul nivel al pie\u021bei reziden\u021biale?\",\"isPartOf\":{\"@id\":\"https:\/\/www.imobiliare.ro\/imoexpert\/#website\"},\"primaryImageOfPage\":{\"@id\":\"https:\/\/www.imobiliare.ro\/imoexpert\/proiectele-de-locuinte-verzi-urmatorul-nivel-al-pietei-rezidentiale_db\/#primaryimage\"},\"image\":{\"@id\":\"https:\/\/www.imobiliare.ro\/imoexpert\/proiectele-de-locuinte-verzi-urmatorul-nivel-al-pietei-rezidentiale_db\/#primaryimage\"},\"thumbnailUrl\":\"https:\/\/www.imobiliare.ro\/imoexpert\/wp-content\/uploads\/2018\/05\/locuinte-verzi.jpg\",\"datePublished\":\"2018-05-28T16:06:29+00:00\",\"description\":\"Anul 2020 se apropie cu pa\u0219i repezi, la fel ca \u0219i termenul de implementare a noilor norme privind protec\u021bia mediului \u00een domeniul construc\u021biilor. \u00cen acest context, juc\u0103torii de pe pia\u021ba imobiliar\u0103 local\u0103 fac eforturi s\u0103 se alinieze la cerin\u021bele Uniunii Europene.\",\"breadcrumb\":{\"@id\":\"https:\/\/www.imobiliare.ro\/imoexpert\/proiectele-de-locuinte-verzi-urmatorul-nivel-al-pietei-rezidentiale_db\/#breadcrumb\"},\"inLanguage\":\"en\",\"potentialAction\":[{\"@type\":\"ReadAction\",\"target\":[\"https:\/\/www.imobiliare.ro\/imoexpert\/proiectele-de-locuinte-verzi-urmatorul-nivel-al-pietei-rezidentiale_db\/\"]}]},{\"@type\":\"ImageObject\",\"inLanguage\":\"en\",\"@id\":\"https:\/\/www.imobiliare.ro\/imoexpert\/proiectele-de-locuinte-verzi-urmatorul-nivel-al-pietei-rezidentiale_db\/#primaryimage\",\"url\":\"https:\/\/www.imobiliare.ro\/imoexpert\/wp-content\/uploads\/2018\/05\/locuinte-verzi.jpg\",\"contentUrl\":\"https:\/\/www.imobiliare.ro\/imoexpert\/wp-content\/uploads\/2018\/05\/locuinte-verzi.jpg\",\"width\":600,\"height\":409},{\"@type\":\"BreadcrumbList\",\"@id\":\"https:\/\/www.imobiliare.ro\/imoexpert\/proiectele-de-locuinte-verzi-urmatorul-nivel-al-pietei-rezidentiale_db\/#breadcrumb\",\"itemListElement\":[{\"@type\":\"ListItem\",\"position\":1,\"name\":\"Imoradar24\",\"item\":\"https:\/\/www.imoradar24.ro\"},{\"@type\":\"ListItem\",\"position\":2,\"name\":\"ImoExpert\",\"item\":\"https:\/\/www.imobiliare.ro\/imoexpert\/\"},{\"@type\":\"ListItem\",\"position\":3,\"name\":\"\u0218tiri\",\"item\":\"https:\/\/www.imobiliare.ro\/imoexpert\/stiri\/\"},{\"@type\":\"ListItem\",\"position\":4,\"name\":\"Proiectele de locuin\u021be \u201everzi\u201d, urm\u0103torul nivel al pie\u021bei reziden\u021biale?\"}]},{\"@type\":\"WebSite\",\"@id\":\"https:\/\/www.imobiliare.ro\/imoexpert\/#website\",\"url\":\"https:\/\/www.imobiliare.ro\/imoexpert\/\",\"name\":\"ImoExpert\",\"description\":\"cele mai importante \u015ftiri din domeniul imobiliar\",\"publisher\":{\"@id\":\"https:\/\/www.imobiliare.ro\/imoexpert\/#organization\"},\"inLanguage\":\"en\"},{\"@type\":\"Organization\",\"@id\":\"https:\/\/www.imobiliare.ro\/imoexpert\/#organization\",\"name\":\"Imobiliare.ro\",\"alternateName\":\"Realmedia Network SA\",\"url\":\"https:\/\/www.imobiliare.ro\/imoexpert\/\",\"logo\":{\"@type\":\"ImageObject\",\"inLanguage\":\"en\",\"@id\":\"https:\/\/www.imobiliare.ro\/imoexpert\/#\/schema\/logo\/image\/\",\"url\":\"https:\/\/www.imobiliare.ro\/imoexpert\/wp-content\/uploads\/2025\/05\/imobiliare_logo.png\",\"contentUrl\":\"https:\/\/www.imobiliare.ro\/imoexpert\/wp-content\/uploads\/2025\/05\/imobiliare_logo.png\",\"width\":237,\"height\":29,\"caption\":\"Imobiliare.ro\"},\"image\":{\"@id\":\"https:\/\/www.imobiliare.ro\/imoexpert\/#\/schema\/logo\/image\/\"}},{\"@type\":\"Person\",\"@id\":\"https:\/\/www.imobiliare.ro\/imoexpert\/#\/schema\/person\/8c13b0297075010b896471fabf0d7790\",\"name\":\"Adriana Dr\u0103gu\u0219in\",\"image\":{\"@type\":\"ImageObject\",\"inLanguage\":\"en\",\"@id\":\"https:\/\/www.imobiliare.ro\/imoexpert\/#\/schema\/person\/image\/\",\"url\":\"https:\/\/secure.gravatar.com\/avatar\/ba4762f7517e50e679ed7f11207102d1150120f2f5800c0da98f8a15305bf514?s=96&d=mm&r=g\",\"contentUrl\":\"https:\/\/secure.gravatar.com\/avatar\/ba4762f7517e50e679ed7f11207102d1150120f2f5800c0da98f8a15305bf514?s=96&d=mm&r=g\",\"caption\":\"Adriana Dr\u0103gu\u0219in\"},\"jobTitle\":\"Editor\",\"url\":\"https:\/\/www.imobiliare.ro\/imoexpert\/author\/adriana-dragusin\/\"}]}<\/script>\n<!-- \/ Yoast SEO Premium plugin. -->","yoast_head_json":{"title":"Proiectele de locuin\u021be \u201everzi\u201d, urm\u0103torul nivel al pie\u021bei reziden\u021biale?","description":"Anul 2020 se apropie cu pa\u0219i repezi, la fel ca \u0219i termenul de implementare a noilor norme privind protec\u021bia mediului \u00een domeniul construc\u021biilor. \u00cen acest context, juc\u0103torii de pe pia\u021ba imobiliar\u0103 local\u0103 fac eforturi s\u0103 se alinieze la cerin\u021bele Uniunii Europene.","robots":{"index":"index","follow":"follow"},"canonical":"https:\/\/www.imobiliare.ro\/imoexpert\/proiectele-de-locuinte-verzi-urmatorul-nivel-al-pietei-rezidentiale_db\/","og_locale":"ro_RO","og_type":"article","og_title":"Proiectele de locuin\u021be \u201everzi\u201d, urm\u0103torul nivel al pie\u021bei reziden\u021biale?","og_description":"Anul 2020 se apropie cu pa\u0219i repezi, la fel ca \u0219i termenul de implementare a noilor norme privind protec\u021bia mediului \u00een domeniul construc\u021biilor. \u00cen acest context, juc\u0103torii de pe pia\u021ba imobiliar\u0103 local\u0103 fac eforturi s\u0103 se alinieze la cerin\u021bele Uniunii Europene.","og_url":"https:\/\/www.imobiliare.ro\/imoexpert\/proiectele-de-locuinte-verzi-urmatorul-nivel-al-pietei-rezidentiale_db\/","og_site_name":"ImoExpert","article_published_time":"2018-05-28T16:06:29+00:00","og_image":[{"width":600,"height":409,"url":"https:\/\/www.imobiliare.ro\/imoexpert\/wp-content\/uploads\/2018\/05\/locuinte-verzi.jpg","type":"image\/jpeg"}],"author":"Adriana Dr\u0103gu\u0219in","twitter_card":"summary_large_image","twitter_misc":{"Written by":"Adriana Dr\u0103gu\u0219in","Est. reading time":"3 minute"},"schema":{"@context":"https:\/\/schema.org","@graph":[{"@type":"Article","@id":"https:\/\/www.imobiliare.ro\/imoexpert\/proiectele-de-locuinte-verzi-urmatorul-nivel-al-pietei-rezidentiale_db\/#article","isPartOf":{"@id":"https:\/\/www.imobiliare.ro\/imoexpert\/proiectele-de-locuinte-verzi-urmatorul-nivel-al-pietei-rezidentiale_db\/"},"author":{"name":"Adriana Dr\u0103gu\u0219in","@id":"https:\/\/www.imobiliare.ro\/imoexpert\/#\/schema\/person\/8c13b0297075010b896471fabf0d7790"},"headline":"Proiectele de locuin\u021be \u201everzi\u201d, urm\u0103torul nivel al pie\u021bei reziden\u021biale?","datePublished":"2018-05-28T16:06:29+00:00","mainEntityOfPage":{"@id":"https:\/\/www.imobiliare.ro\/imoexpert\/proiectele-de-locuinte-verzi-urmatorul-nivel-al-pietei-rezidentiale_db\/"},"wordCount":537,"commentCount":2,"publisher":{"@id":"https:\/\/www.imobiliare.ro\/imoexpert\/#organization"},"image":{"@id":"https:\/\/www.imobiliare.ro\/imoexpert\/proiectele-de-locuinte-verzi-urmatorul-nivel-al-pietei-rezidentiale_db\/#primaryimage"},"thumbnailUrl":"https:\/\/www.imobiliare.ro\/imoexpert\/wp-content\/uploads\/2018\/05\/locuinte-verzi.jpg","keywords":["cumparator","locuinte verzi","newsletter","principal"],"articleSection":["\u0218tiri"],"inLanguage":"en","potentialAction":[{"@type":"CommentAction","name":"Comment","target":["https:\/\/www.imobiliare.ro\/imoexpert\/proiectele-de-locuinte-verzi-urmatorul-nivel-al-pietei-rezidentiale_db\/#respond"]}],"copyrightYear":"2018","copyrightHolder":{"@id":"https:\/\/www.imobiliare.ro\/imoexpert\/#organization"}},{"@type":"WebPage","@id":"https:\/\/www.imobiliare.ro\/imoexpert\/proiectele-de-locuinte-verzi-urmatorul-nivel-al-pietei-rezidentiale_db\/","url":"https:\/\/www.imobiliare.ro\/imoexpert\/proiectele-de-locuinte-verzi-urmatorul-nivel-al-pietei-rezidentiale_db\/","name":"Proiectele de locuin\u021be \u201everzi\u201d, urm\u0103torul nivel al pie\u021bei reziden\u021biale?","isPartOf":{"@id":"https:\/\/www.imobiliare.ro\/imoexpert\/#website"},"primaryImageOfPage":{"@id":"https:\/\/www.imobiliare.ro\/imoexpert\/proiectele-de-locuinte-verzi-urmatorul-nivel-al-pietei-rezidentiale_db\/#primaryimage"},"image":{"@id":"https:\/\/www.imobiliare.ro\/imoexpert\/proiectele-de-locuinte-verzi-urmatorul-nivel-al-pietei-rezidentiale_db\/#primaryimage"},"thumbnailUrl":"https:\/\/www.imobiliare.ro\/imoexpert\/wp-content\/uploads\/2018\/05\/locuinte-verzi.jpg","datePublished":"2018-05-28T16:06:29+00:00","description":"Anul 2020 se apropie cu pa\u0219i repezi, la fel ca \u0219i termenul de implementare a noilor norme privind protec\u021bia mediului \u00een domeniul construc\u021biilor. \u00cen acest context, juc\u0103torii de pe pia\u021ba imobiliar\u0103 local\u0103 fac eforturi s\u0103 se alinieze la cerin\u021bele Uniunii Europene.","breadcrumb":{"@id":"https:\/\/www.imobiliare.ro\/imoexpert\/proiectele-de-locuinte-verzi-urmatorul-nivel-al-pietei-rezidentiale_db\/#breadcrumb"},"inLanguage":"en","potentialAction":[{"@type":"ReadAction","target":["https:\/\/www.imobiliare.ro\/imoexpert\/proiectele-de-locuinte-verzi-urmatorul-nivel-al-pietei-rezidentiale_db\/"]}]},{"@type":"ImageObject","inLanguage":"en","@id":"https:\/\/www.imobiliare.ro\/imoexpert\/proiectele-de-locuinte-verzi-urmatorul-nivel-al-pietei-rezidentiale_db\/#primaryimage","url":"https:\/\/www.imobiliare.ro\/imoexpert\/wp-content\/uploads\/2018\/05\/locuinte-verzi.jpg","contentUrl":"https:\/\/www.imobiliare.ro\/imoexpert\/wp-content\/uploads\/2018\/05\/locuinte-verzi.jpg","width":600,"height":409},{"@type":"BreadcrumbList","@id":"https:\/\/www.imobiliare.ro\/imoexpert\/proiectele-de-locuinte-verzi-urmatorul-nivel-al-pietei-rezidentiale_db\/#breadcrumb","itemListElement":[{"@type":"ListItem","position":1,"name":"Imoradar24","item":"https:\/\/www.imoradar24.ro"},{"@type":"ListItem","position":2,"name":"ImoExpert","item":"https:\/\/www.imobiliare.ro\/imoexpert\/"},{"@type":"ListItem","position":3,"name":"\u0218tiri","item":"https:\/\/www.imobiliare.ro\/imoexpert\/stiri\/"},{"@type":"ListItem","position":4,"name":"Proiectele de locuin\u021be \u201everzi\u201d, urm\u0103torul nivel al pie\u021bei reziden\u021biale?"}]},{"@type":"WebSite","@id":"https:\/\/www.imobiliare.ro\/imoexpert\/#website","url":"https:\/\/www.imobiliare.ro\/imoexpert\/","name":"ImoExpert","description":"cele mai importante \u015ftiri din domeniul imobiliar","publisher":{"@id":"https:\/\/www.imobiliare.ro\/imoexpert\/#organization"},"inLanguage":"en"},{"@type":"Organization","@id":"https:\/\/www.imobiliare.ro\/imoexpert\/#organization","name":"Imobiliare.ro","alternateName":"Realmedia Network SA","url":"https:\/\/www.imobiliare.ro\/imoexpert\/","logo":{"@type":"ImageObject","inLanguage":"en","@id":"https:\/\/www.imobiliare.ro\/imoexpert\/#\/schema\/logo\/image\/","url":"https:\/\/www.imobiliare.ro\/imoexpert\/wp-content\/uploads\/2025\/05\/imobiliare_logo.png","contentUrl":"https:\/\/www.imobiliare.ro\/imoexpert\/wp-content\/uploads\/2025\/05\/imobiliare_logo.png","width":237,"height":29,"caption":"Imobiliare.ro"},"image":{"@id":"https:\/\/www.imobiliare.ro\/imoexpert\/#\/schema\/logo\/image\/"}},{"@type":"Person","@id":"https:\/\/www.imobiliare.ro\/imoexpert\/#\/schema\/person\/8c13b0297075010b896471fabf0d7790","name":"Adriana Dr\u0103gu\u0219in","image":{"@type":"ImageObject","inLanguage":"en","@id":"https:\/\/www.imobiliare.ro\/imoexpert\/#\/schema\/person\/image\/","url":"https:\/\/secure.gravatar.com\/avatar\/ba4762f7517e50e679ed7f11207102d1150120f2f5800c0da98f8a15305bf514?s=96&d=mm&r=g","contentUrl":"https:\/\/secure.gravatar.com\/avatar\/ba4762f7517e50e679ed7f11207102d1150120f2f5800c0da98f8a15305bf514?s=96&d=mm&r=g","caption":"Adriana Dr\u0103gu\u0219in"},"jobTitle":"Editor","url":"https:\/\/www.imobiliare.ro\/imoexpert\/author\/adriana-dragusin\/"}]}},"_links":{"self":[{"href":"https:\/\/www.imobiliare.ro\/imoexpert\/wp-json\/wp\/v2\/posts\/52985","targetHints":{"allow":["GET"]}}],"collection":[{"href":"https:\/\/www.imobiliare.ro\/imoexpert\/wp-json\/wp\/v2\/posts"}],"about":[{"href":"https:\/\/www.imobiliare.ro\/imoexpert\/wp-json\/wp\/v2\/types\/post"}],"author":[{"embeddable":true,"href":"https:\/\/www.imobiliare.ro\/imoexpert\/wp-json\/wp\/v2\/users\/829"}],"replies":[{"embeddable":true,"href":"https:\/\/www.imobiliare.ro\/imoexpert\/wp-json\/wp\/v2\/comments?post=52985"}],"version-history":[{"count":0,"href":"https:\/\/www.imobiliare.ro\/imoexpert\/wp-json\/wp\/v2\/posts\/52985\/revisions"}],"wp:featuredmedia":[{"embeddable":true,"href":"https:\/\/www.imobiliare.ro\/imoexpert\/wp-json\/wp\/v2\/media\/52986"}],"wp:attachment":[{"href":"https:\/\/www.imobiliare.ro\/imoexpert\/wp-json\/wp\/v2\/media?parent=52985"}],"wp:term":[{"taxonomy":"category","embeddable":true,"href":"https:\/\/www.imobiliare.ro\/imoexpert\/wp-json\/wp\/v2\/categories?post=52985"},{"taxonomy":"post_tag","embeddable":true,"href":"https:\/\/www.imobiliare.ro\/imoexpert\/wp-json\/wp\/v2\/tags?post=52985"},{"taxonomy":"content_author","embeddable":true,"href":"https:\/\/www.imobiliare.ro\/imoexpert\/wp-json\/wp\/v2\/content_author?post=52985"}],"curies":[{"name":"wp","href":"https:\/\/api.w.org\/{rel}","templated":true}]}}