{"id":53068,"date":"2018-06-08T13:28:29","date_gmt":"2018-06-08T10:28:29","guid":{"rendered":"https:\/\/www.imobiliare.ro\/imoexpert\/?p=53068"},"modified":"2018-06-08T13:28:29","modified_gmt":"2018-06-08T10:28:29","slug":"5-lucruri-pe-care-le-poti-face-pentru-a-transforma-o-locuinta-in-propriul-tau-acasa","status":"publish","type":"post","link":"https:\/\/www.imobiliare.ro\/imoexpert\/5-lucruri-pe-care-le-poti-face-pentru-a-transforma-o-locuinta-in-propriul-tau-acasa_db\/","title":{"rendered":"5 lucruri pe care le po\u021bi face pentru a transforma o locuin\u021b\u0103 \u00een &#8222;acas\u0103&#8221;"},"content":{"rendered":"<h2><img loading=\"lazy\" decoding=\"async\" class=\"alignnone wp-image-53072\" src=\"https:\/\/www.imobiliare.ro\/imoexpert\/wp-content\/uploads\/2018\/06\/design-interior-locuinta-1024x707.jpg\" alt=\"design interior locuinta\" width=\"800\" height=\"553\" srcset=\"https:\/\/www.imobiliare.ro\/imoexpert\/wp-content\/uploads\/2018\/06\/design-interior-locuinta-1024x707.jpg 1024w, https:\/\/www.imobiliare.ro\/imoexpert\/wp-content\/uploads\/2018\/06\/design-interior-locuinta-300x207.jpg 300w, https:\/\/www.imobiliare.ro\/imoexpert\/wp-content\/uploads\/2018\/06\/design-interior-locuinta-768x530.jpg 768w, https:\/\/www.imobiliare.ro\/imoexpert\/wp-content\/uploads\/2018\/06\/design-interior-locuinta.jpg 1280w\" sizes=\"auto, (max-width: 800px) 100vw, 800px\" \/><\/h2>\n<h2>Locuin\u021ba trebuie s\u0103 reflecte personalitea, stilul de via\u021b\u0103 \u0219i obiceiurile tale, altfel po\u021bi ajunge rapid s\u0103 te sim\u021bi un str\u0103in \u00een propria cas\u0103 sau s\u0103 ai senza\u021bia de ne\u00eemplinire \u0219i dezm\u0103gire, sunt de p\u0103rere speciali\u0219tii \u00een design interior. Exist\u0103 \u00eens\u0103 o serie de lucruri pe care le po\u021bi schimba u\u0219or \u0219i care te vor ajuta s\u0103 \u00ee\u021bi pui amprenta pe o locuin\u021b\u0103 \u0219i s\u0103 o transformi \u00een &#8222;acas\u0103&#8221;.<\/h2>\n<p>&#8222;Atunci c\u00e2nd locuin\u021ba nu este adaptat\u0103 nevoilor \u0219i aspira\u021biilor celor care locuiesc \u00een ea apar frust\u0103rile, dezam\u0103girile, ne\u00eemplinirile. Deseori se poate ajunge la depresie pentru c\u0103 locuin\u021ba este \u0219i o extensie a personalit\u0103\u021bii noastre \u0219i o panoplie a amintirilor, dar \u0219i a realiz\u0103rilor noastre&#8221;, a declarat pentru <span style=\"color: #ff0000;\"><strong>Imobiliare.ro<\/strong> <\/span>designerul Adela P\u00e2rvu,\u00a0fost redactor-\u0219ef pentru unele dintre cele mai cunoscute titluri \u00een domeniul amenaj\u0103rilor interioare \u0219i co-prezentator al emisiunii \u201eVisuri la cheie\u201d.<\/p>\n<figure id=\"attachment_53055\" aria-describedby=\"caption-attachment-53055\" style=\"width: 800px\" class=\"wp-caption alignnone\"><img loading=\"lazy\" decoding=\"async\" class=\"wp-image-53055\" src=\"https:\/\/www.imobiliare.ro\/imoexpert\/wp-content\/uploads\/2018\/06\/adela-parvu-design-interior-e1528454593430.jpg\" alt=\"adela parvu design interior\" width=\"800\" height=\"609\" srcset=\"https:\/\/www.imobiliare.ro\/imoexpert\/wp-content\/uploads\/2018\/06\/adela-parvu-design-interior-e1528454593430.jpg 625w, https:\/\/www.imobiliare.ro\/imoexpert\/wp-content\/uploads\/2018\/06\/adela-parvu-design-interior-e1528454593430-300x228.jpg 300w\" sizes=\"auto, (max-width: 800px) 100vw, 800px\" \/><figcaption id=\"caption-attachment-53055\" class=\"wp-caption-text\"><em>Foto: Adela P\u00e2rvu<\/em><\/figcaption><\/figure>\n<p>&#8222;C\u00e2nd deschizi u\u0219a casei p\u0103\u0219e\u0219ti \u00een memoria min\u021bii \u0219i sufletului t\u0103u, iar dac\u0103 \u00een acest spa\u021biu e doar o colec\u021bie dezordonat\u0103 de obiecte, care nu te definesc, evident c\u0103 nu te reg\u0103se\u0219ti \u00een ea \u0219i ajungi s\u0103 te sim\u021bi ne\u00eemplinit. Eu cred cu t\u0103rie c\u0103 atunci c\u00e2nd vezi frumosul, tr\u0103ie\u0219ti frumos, iar mai departe tr\u0103ind frumos ajungi s\u0103 fii o persoan\u0103 mai echilibrat\u0103, mai bun\u0103, mai atent\u0103 \u0219i mai altruist\u0103 cu ceilal\u021bi&#8221;, a mai ad\u0103ugat P\u00e2rvu.<\/p>\n<p>\u0218i designerul \u0218tefania \u021aiplea este de acord c\u0103 locuin\u021ba trebuie s\u0103 se plieze perfect pe stilul de via\u021b\u0103 al proprietarului.<\/p>\n<figure id=\"attachment_53071\" aria-describedby=\"caption-attachment-53071\" style=\"width: 800px\" class=\"wp-caption alignnone\"><img loading=\"lazy\" decoding=\"async\" class=\"wp-image-53071\" src=\"https:\/\/www.imobiliare.ro\/imoexpert\/wp-content\/uploads\/2018\/06\/stefania-tiplea-designer.jpg\" alt=\"stefania tiplea designer\" width=\"800\" height=\"602\" srcset=\"https:\/\/www.imobiliare.ro\/imoexpert\/wp-content\/uploads\/2018\/06\/stefania-tiplea-designer.jpg 960w, https:\/\/www.imobiliare.ro\/imoexpert\/wp-content\/uploads\/2018\/06\/stefania-tiplea-designer-300x226.jpg 300w, https:\/\/www.imobiliare.ro\/imoexpert\/wp-content\/uploads\/2018\/06\/stefania-tiplea-designer-768x578.jpg 768w\" sizes=\"auto, (max-width: 800px) 100vw, 800px\" \/><figcaption id=\"caption-attachment-53071\" class=\"wp-caption-text\"><em>Foto: \u0218tefania \u021aiplea<\/em><\/figcaption><\/figure>\n<p>&#8222;Consider c\u0103 interiorul unei locuin\u021be reflect\u0103 personalitatea \u0219i obiceiurile proprietarilor, exact a\u0219a cum \u00eembr\u0103c\u0103mintea ne reprezint\u0103 pe fiecare \u00een partea; \u00eemb\u0103c\u0103minte pe care o alegem pentru o anumit\u0103 func\u021bionalitate, form\u0103 sau estetic\u0103&#8221;, ne-a explicat ea.<\/p>\n<p>&#8222;\u00cen caz contrar, destul de repede, proprietarul nu se va sim\u021bi acas\u0103, ci mai degrab\u0103 un str\u0103in \u00een propria locuin\u021b\u0103. Dac\u0103 vorbim de stil de via\u021b\u0103, probabil proprietarul va realiza, de exemplu, c\u0103 a investit o sum\u0103 considerabil\u0103 \u00eentr-o buc\u0103t\u0103rie extraordinar\u0103, dar pe care nu o folose\u0219te des pentru c\u0103 nu \u00eei place sau nu are timp s\u0103 g\u0103teasc\u0103&#8221;, a mai men\u021bionat designerul.<\/p>\n<p>Exist\u0103, \u00eens\u0103, o serie de lucrurile pe care orice persoan\u0103 le poate face pentru a transforma o locuin\u021b\u0103 \u00eentr-un loc pe care s\u0103 \u00eel numeasc\u0103 &#8222;acas\u0103&#8221;, \u00een opinia \u0218tefaniei \u021aiplea.<\/p>\n<p><strong>1. G\u00e2nde\u0219te-te cum po\u021bi s\u0103 \u00eembun\u0103t\u0103\u021be\u0219ti camera \u00een care \u00ee\u021bi petreci cea mai mare parte a timpului atunci c\u00e2nd e\u0219ti acas\u0103.<\/strong><\/p>\n<p><img loading=\"lazy\" decoding=\"async\" class=\"alignnone wp-image-53073\" src=\"https:\/\/www.imobiliare.ro\/imoexpert\/wp-content\/uploads\/2018\/06\/design-interior-pentru-locuinta-ta-1024x682.jpg\" alt=\"design interior pentru locuinta ta\" width=\"800\" height=\"533\" srcset=\"https:\/\/www.imobiliare.ro\/imoexpert\/wp-content\/uploads\/2018\/06\/design-interior-pentru-locuinta-ta-1024x682.jpg 1024w, https:\/\/www.imobiliare.ro\/imoexpert\/wp-content\/uploads\/2018\/06\/design-interior-pentru-locuinta-ta-300x200.jpg 300w, https:\/\/www.imobiliare.ro\/imoexpert\/wp-content\/uploads\/2018\/06\/design-interior-pentru-locuinta-ta-768x512.jpg 768w, https:\/\/www.imobiliare.ro\/imoexpert\/wp-content\/uploads\/2018\/06\/design-interior-pentru-locuinta-ta.jpg 1280w\" sizes=\"auto, (max-width: 800px) 100vw, 800px\" \/><\/p>\n<p>&#8222;Analizeaz\u0103 foarte bine spa\u021biul \u00een care petreci cel mai mult timp pentru a vedea ce func\u021bioneaz\u0103 \u0219i ce nu \u0219i \u00eembun\u0103t\u0103\u021be\u0219te acea zon\u0103, fie c\u0103 acest lucru \u00eenseamn\u0103 ad\u0103ugarea sau eliminarea unui obiect de mobilier sau doar achizi\u021bia de perne decorative pentru a face canapeaua mai comod\u0103&#8221;, sugereaz\u0103 designerul \u0218tefania \u021aiplea.<\/p>\n<p><strong>2. Decoreaz\u0103 spa\u021biile cu propriile fotografii.<\/strong><\/p>\n<p><img loading=\"lazy\" decoding=\"async\" class=\"alignnone wp-image-53074\" src=\"https:\/\/www.imobiliare.ro\/imoexpert\/wp-content\/uploads\/2018\/06\/design-interior-fotografii-1024x682.jpg\" alt=\"design interior fotografii\" width=\"800\" height=\"533\" srcset=\"https:\/\/www.imobiliare.ro\/imoexpert\/wp-content\/uploads\/2018\/06\/design-interior-fotografii-1024x682.jpg 1024w, https:\/\/www.imobiliare.ro\/imoexpert\/wp-content\/uploads\/2018\/06\/design-interior-fotografii-300x200.jpg 300w, https:\/\/www.imobiliare.ro\/imoexpert\/wp-content\/uploads\/2018\/06\/design-interior-fotografii-768x512.jpg 768w, https:\/\/www.imobiliare.ro\/imoexpert\/wp-content\/uploads\/2018\/06\/design-interior-fotografii.jpg 1280w\" sizes=\"auto, (max-width: 800px) 100vw, 800px\" \/><\/p>\n<p>&#8222;C\u00e2nd vine vorba de arta decorativ\u0103, po\u021bi \u00eencerca s\u0103 \u00eenr\u0103mezi imagini pe care le-ai f\u0103cut \u00een vacan\u021b\u0103 sau citate care \u00eenseamn\u0103 ceva pentru tine&#8221;, spune \u021aiplea.<\/p>\n<p><strong>3. \u00cencearc\u0103 s\u0103 aduci natura \u00een casa ta.<\/strong><\/p>\n<p><img loading=\"lazy\" decoding=\"async\" class=\"alignnone wp-image-53075\" src=\"https:\/\/www.imobiliare.ro\/imoexpert\/wp-content\/uploads\/2018\/06\/design-interior-plante-1024x681.jpg\" alt=\"design interior plante\" width=\"800\" height=\"532\" srcset=\"https:\/\/www.imobiliare.ro\/imoexpert\/wp-content\/uploads\/2018\/06\/design-interior-plante-1024x681.jpg 1024w, https:\/\/www.imobiliare.ro\/imoexpert\/wp-content\/uploads\/2018\/06\/design-interior-plante-300x199.jpg 300w, https:\/\/www.imobiliare.ro\/imoexpert\/wp-content\/uploads\/2018\/06\/design-interior-plante-768x511.jpg 768w, https:\/\/www.imobiliare.ro\/imoexpert\/wp-content\/uploads\/2018\/06\/design-interior-plante.jpg 1280w\" sizes=\"auto, (max-width: 800px) 100vw, 800px\" \/><\/p>\n<p>Po\u021bi face acest lucru cump\u0103r\u00e2nd c\u00e2teva plante. Acestea ofer\u0103 locuin\u021bei o senza\u021bie de prospe\u021bime, \u00een opinia designerului.<\/p>\n<p><strong>4. Lumina este important\u0103.<\/strong><\/p>\n<p><img loading=\"lazy\" decoding=\"async\" class=\"alignnone wp-image-53076\" src=\"https:\/\/www.imobiliare.ro\/imoexpert\/wp-content\/uploads\/2018\/06\/design-interior-corpuri-de-iluminat-1024x684.jpg\" alt=\"design interior corpuri de iluminat\" width=\"800\" height=\"534\" srcset=\"https:\/\/www.imobiliare.ro\/imoexpert\/wp-content\/uploads\/2018\/06\/design-interior-corpuri-de-iluminat-1024x684.jpg 1024w, https:\/\/www.imobiliare.ro\/imoexpert\/wp-content\/uploads\/2018\/06\/design-interior-corpuri-de-iluminat-300x200.jpg 300w, https:\/\/www.imobiliare.ro\/imoexpert\/wp-content\/uploads\/2018\/06\/design-interior-corpuri-de-iluminat-768x513.jpg 768w, https:\/\/www.imobiliare.ro\/imoexpert\/wp-content\/uploads\/2018\/06\/design-interior-corpuri-de-iluminat.jpg 1280w\" sizes=\"auto, (max-width: 800px) 100vw, 800px\" \/><\/p>\n<p>Nu ignora corpurile de iluminat, atunci c\u00e2nd analizezi modalit\u0103\u021bile prin care \u00ee\u021bi po\u021bi face c\u0103minul mai primitor. Po\u021bi schimba corpurile vechi sau po\u021bi ad\u0103uga unele noi.<\/p>\n<p><strong>5.\u00a0 Evit\u0103 seturile de mobilier.<\/strong><\/p>\n<p><img loading=\"lazy\" decoding=\"async\" class=\"alignnone size-full wp-image-53056\" src=\"https:\/\/www.imobiliare.ro\/imoexpert\/wp-content\/uploads\/2018\/06\/cost-design-interior.jpg\" alt=\"cost design interior\" width=\"800\" height=\"533\" srcset=\"https:\/\/www.imobiliare.ro\/imoexpert\/wp-content\/uploads\/2018\/06\/cost-design-interior.jpg 800w, https:\/\/www.imobiliare.ro\/imoexpert\/wp-content\/uploads\/2018\/06\/cost-design-interior-300x200.jpg 300w, https:\/\/www.imobiliare.ro\/imoexpert\/wp-content\/uploads\/2018\/06\/cost-design-interior-768x512.jpg 768w\" sizes=\"auto, (max-width: 800px) 100vw, 800px\" \/><\/p>\n<p>&#8222;Nu alege seturi complete de mobilier. O s\u0103 te sim\u021bi mai tot timpul ca \u00eentr-un magazin de mobil\u0103 \u00een loc de &lt;acas\u0103&gt;&#8221;, explic\u0103 \u0218tefania \u021aiplea.<\/p>\n<p>Adela P\u00e2rvu \u0219i \u0218tefania \u021aiplea vor participa ca speakeri la evenimentul anului \u00een domeniul construc\u021biilor civile &#8211; CUIB.<strong><span style=\"color: #ff0000;\"> Imobiliare.ro<\/span><\/strong> este partener oficial al acestui eveniment care se va desf\u0103\u0219ura, \u00een perioada 8-10 iunie, la Timi\u0219oara.<\/p>\n<p>CUIB va cuprinde\u00a0trei zile de conferin\u021be \u0219i workshop-uri la care vor fi prezen\u021bi 24 de speakeri care le vor oferi participan\u021bilor informa\u021bii utile despre cele mai bune materiale pentru construc\u021bii \u0219i despre noile trenduri \u00een design \u0219i amenajare interioar\u0103. G\u0103se\u0219ti <a class=\"article-body-links\"href=\"https:\/\/cuib.biz\/program\/\" target=\"_blank\" rel=\"noopener\"><strong>AICI<\/strong><\/a> programul complet \u0219i lista invita\u021bilor.<\/p>\n<p><strong>Cite\u0219te \u0219i:\u00a0<a class=\"article-body-links\"href=\"https:\/\/www.imobiliare.ro\/imoexpert\/care-este-costul-real-al-amenajarii-unei-locuinte-adela-parvu-designer-de-regula-romanii-nu-sunt-realisti-cu-privire-la-buget-pentru-ca-iau-in-calcul_db\/\" target=\"_blank\" rel=\"noopener\">Care este costul real al amenaj\u0103rii unei locuin\u021be? Adela P\u00e2rvu, designer: \u201eDe regul\u0103, rom\u00e2nii nu sunt reali\u0219ti cu privire la buget\u201d<\/a><\/strong><\/p>\n<p><strong>Cite\u0219te \u0219i:\u00a0<a class=\"article-body-links\"href=\"https:\/\/www.imobiliare.ro\/imoexpert\/6-lucruri-pe-care-trebuie-sa-le-verifice-un-cumparator-pentru-a-se-asigura-ca-locuinta-de-care-este-interesat-dispune-de-finisaje-interioare-de-calitate_db\/\" target=\"_blank\" rel=\"noopener\">6 lucruri pe care trebuie s\u0103 le verifice un cump\u0103r\u0103tor pentru a se asigura c\u0103 locuin\u021ba de care este interesat dispune de finisaje interioare de calitate<\/a><\/strong><\/p>\n<p><strong>Cite\u0219te \u0219i:\u00a0<a class=\"article-body-links\"href=\"https:\/\/www.imobiliare.ro\/imoexpert\/vrei-sa-iti-construiesti-o-casa-sau-sa-afli-trendurile-in-design-interior-participa-la-cuib-evenimentul-anului-in-domeniul-constructiilor-civile-si-afla-sfaturile-specialistilor_db\/\" target=\"_blank\" rel=\"noopener\">Vrei s\u0103 \u00ee\u021bi construie\u0219ti o cas\u0103 sau s\u0103 afli trendurile \u00een design interior? Particip\u0103 la CUIB, evenimentul anului \u00een domeniul construc\u021biilor civile, \u0219i afl\u0103 sfaturile speciali\u0219tilor<\/a><\/strong><\/p>\n<p><strong>Cite\u0219te \u0219i:\u00a0<a class=\"article-body-links\"href=\"https:\/\/www.imobiliare.ro\/imoexpert\/care-sunt-tendintele-anului-2018-in-materie-de-finisaje-evolutia-pietei-de-profil-in-ultimii-ani_db\/\" target=\"_blank\" rel=\"noopener\">Care sunt tendin\u021bele anului 2018 \u00een materie de finisaje. Evolu\u021bia pie\u021bei de profil \u00een ultimii ani<\/a><\/strong><\/p>\n<p><strong>Cite\u0219te \u0219i:\u00a0<a class=\"article-body-links\"href=\"https:\/\/www.imobiliare.ro\/imoexpert\/care-sunt-cele-mai-importante-aspecte-ale-unei-case-din-punctul-de-vedere-al-arhitectilor_db\/\" target=\"_blank\" rel=\"noopener\">Care sunt cele mai importante aspecte ale unei case, \u00een opinia arhitec\u021bilor<\/a><\/strong><\/p>\n","protected":false},"excerpt":{"rendered":"<p>Locuin\u021ba trebuie s\u0103 reflecte personalitea, stilul de via\u021b\u0103 \u0219i obiceiurile tale, altfel po\u021bi ajunge rapid s\u0103 te sim\u021bi un str\u0103in \u00een propria cas\u0103 sau s\u0103 ai senza\u021bia de ne\u00eemplinire \u0219i dezm\u0103gire, sunt de p\u0103rere speciali\u0219tii \u00een design interior. Exist\u0103 \u00eens\u0103 o serie de lucruri pe care le po\u021bi schimba u\u0219or \u0219i care te vor ajuta [&hellip;]<\/p>\n","protected":false},"author":5891,"featured_media":53072,"comment_status":"open","ping_status":"open","sticky":false,"template":"","format":"standard","meta":{"footnotes":""},"categories":[1406],"tags":[1557],"content_author":[],"class_list":["post-53068","post","type-post","status-publish","format-standard","has-post-thumbnail","hentry","category-concursuri","tag-design-interior"],"yoast_head":"<!-- This site is optimized with the Yoast SEO Premium plugin v27.0 (Yoast SEO v27.0) - https:\/\/yoast.com\/product\/yoast-seo-premium-wordpress\/ -->\n<title>5 lucruri pe care le po\u021bi face pentru a transforma o locuin\u021b\u0103 \u00een &quot;acas\u0103&quot; - Concursuri - ImoExpert<\/title>\n<meta name=\"description\" content=\"Locuin\u021ba trebuie s\u0103 reflecte personalitea, stilul de via\u021b\u0103 \u0219i obiceiurile tale, altfel po\u021bi ajunge rapid s\u0103 te sim\u021bi un str\u0103in \u00een propria cas\u0103 sau s\u0103 ai\" \/>\n<meta name=\"robots\" content=\"index, follow\" \/>\n<link rel=\"canonical\" href=\"https:\/\/www.imobiliare.ro\/imoexpert\/5-lucruri-pe-care-le-poti-face-pentru-a-transforma-o-locuinta-in-propriul-tau-acasa_db\/\" \/>\n<meta property=\"og:locale\" content=\"ro_RO\" \/>\n<meta property=\"og:type\" content=\"article\" \/>\n<meta property=\"og:title\" content=\"5 lucruri pe care le po\u021bi face pentru a transforma o locuin\u021b\u0103 \u00een &quot;acas\u0103&quot;\" \/>\n<meta property=\"og:description\" content=\"Locuin\u021ba trebuie s\u0103 reflecte personalitea, stilul de via\u021b\u0103 \u0219i obiceiurile tale, altfel po\u021bi ajunge rapid s\u0103 te sim\u021bi un str\u0103in \u00een propria cas\u0103 sau s\u0103 ai\" \/>\n<meta property=\"og:url\" content=\"https:\/\/www.imobiliare.ro\/imoexpert\/5-lucruri-pe-care-le-poti-face-pentru-a-transforma-o-locuinta-in-propriul-tau-acasa_db\/\" \/>\n<meta property=\"og:site_name\" content=\"ImoExpert\" \/>\n<meta property=\"article:published_time\" content=\"2018-06-08T10:28:29+00:00\" \/>\n<meta property=\"og:image\" content=\"https:\/\/www.imobiliare.ro\/imoexpert\/wp-content\/uploads\/2018\/06\/design-interior-locuinta.jpg\" \/>\n\t<meta property=\"og:image:width\" content=\"1280\" \/>\n\t<meta property=\"og:image:height\" content=\"884\" \/>\n\t<meta property=\"og:image:type\" content=\"image\/jpeg\" \/>\n<meta name=\"author\" content=\"Corina V\u00e2rlan\" \/>\n<meta name=\"twitter:card\" content=\"summary_large_image\" \/>\n<meta name=\"twitter:label1\" content=\"Written by\" \/>\n\t<meta name=\"twitter:data1\" content=\"Corina V\u00e2rlan\" \/>\n\t<meta name=\"twitter:label2\" content=\"Est. reading time\" \/>\n\t<meta name=\"twitter:data2\" content=\"4 minute\" \/>\n<script type=\"application\/ld+json\" class=\"yoast-schema-graph\">{\"@context\":\"https:\/\/schema.org\",\"@graph\":[{\"@type\":\"Article\",\"@id\":\"https:\/\/www.imobiliare.ro\/imoexpert\/5-lucruri-pe-care-le-poti-face-pentru-a-transforma-o-locuinta-in-propriul-tau-acasa_db\/#article\",\"isPartOf\":{\"@id\":\"https:\/\/www.imobiliare.ro\/imoexpert\/5-lucruri-pe-care-le-poti-face-pentru-a-transforma-o-locuinta-in-propriul-tau-acasa_db\/\"},\"author\":{\"name\":\"Corina V\u00e2rlan\",\"@id\":\"https:\/\/www.imobiliare.ro\/imoexpert\/#\/schema\/person\/9ffdfbf24b82f39fc75a2fc6c19e4e99\"},\"headline\":\"5 lucruri pe care le po\u021bi face pentru a transforma o locuin\u021b\u0103 \u00een &#8222;acas\u0103&#8221;\",\"datePublished\":\"2018-06-08T10:28:29+00:00\",\"mainEntityOfPage\":{\"@id\":\"https:\/\/www.imobiliare.ro\/imoexpert\/5-lucruri-pe-care-le-poti-face-pentru-a-transforma-o-locuinta-in-propriul-tau-acasa_db\/\"},\"wordCount\":901,\"commentCount\":3,\"publisher\":{\"@id\":\"https:\/\/www.imobiliare.ro\/imoexpert\/#organization\"},\"image\":{\"@id\":\"https:\/\/www.imobiliare.ro\/imoexpert\/5-lucruri-pe-care-le-poti-face-pentru-a-transforma-o-locuinta-in-propriul-tau-acasa_db\/#primaryimage\"},\"thumbnailUrl\":\"https:\/\/www.imobiliare.ro\/imoexpert\/wp-content\/uploads\/2018\/06\/design-interior-locuinta.jpg\",\"keywords\":[\"design interior\"],\"articleSection\":[\"Concursuri\"],\"inLanguage\":\"en\",\"potentialAction\":[{\"@type\":\"CommentAction\",\"name\":\"Comment\",\"target\":[\"https:\/\/www.imobiliare.ro\/imoexpert\/5-lucruri-pe-care-le-poti-face-pentru-a-transforma-o-locuinta-in-propriul-tau-acasa_db\/#respond\"]}],\"copyrightYear\":\"2018\",\"copyrightHolder\":{\"@id\":\"https:\/\/www.imobiliare.ro\/imoexpert\/#organization\"}},{\"@type\":\"WebPage\",\"@id\":\"https:\/\/www.imobiliare.ro\/imoexpert\/5-lucruri-pe-care-le-poti-face-pentru-a-transforma-o-locuinta-in-propriul-tau-acasa_db\/\",\"url\":\"https:\/\/www.imobiliare.ro\/imoexpert\/5-lucruri-pe-care-le-poti-face-pentru-a-transforma-o-locuinta-in-propriul-tau-acasa_db\/\",\"name\":\"5 lucruri pe care le po\u021bi face pentru a transforma o locuin\u021b\u0103 \u00een \\\"acas\u0103\\\" - Concursuri - ImoExpert\",\"isPartOf\":{\"@id\":\"https:\/\/www.imobiliare.ro\/imoexpert\/#website\"},\"primaryImageOfPage\":{\"@id\":\"https:\/\/www.imobiliare.ro\/imoexpert\/5-lucruri-pe-care-le-poti-face-pentru-a-transforma-o-locuinta-in-propriul-tau-acasa_db\/#primaryimage\"},\"image\":{\"@id\":\"https:\/\/www.imobiliare.ro\/imoexpert\/5-lucruri-pe-care-le-poti-face-pentru-a-transforma-o-locuinta-in-propriul-tau-acasa_db\/#primaryimage\"},\"thumbnailUrl\":\"https:\/\/www.imobiliare.ro\/imoexpert\/wp-content\/uploads\/2018\/06\/design-interior-locuinta.jpg\",\"datePublished\":\"2018-06-08T10:28:29+00:00\",\"description\":\"Locuin\u021ba trebuie s\u0103 reflecte personalitea, stilul de via\u021b\u0103 \u0219i obiceiurile tale, altfel po\u021bi ajunge rapid s\u0103 te sim\u021bi un str\u0103in \u00een propria cas\u0103 sau s\u0103 ai\",\"breadcrumb\":{\"@id\":\"https:\/\/www.imobiliare.ro\/imoexpert\/5-lucruri-pe-care-le-poti-face-pentru-a-transforma-o-locuinta-in-propriul-tau-acasa_db\/#breadcrumb\"},\"inLanguage\":\"en\",\"potentialAction\":[{\"@type\":\"ReadAction\",\"target\":[\"https:\/\/www.imobiliare.ro\/imoexpert\/5-lucruri-pe-care-le-poti-face-pentru-a-transforma-o-locuinta-in-propriul-tau-acasa_db\/\"]}]},{\"@type\":\"ImageObject\",\"inLanguage\":\"en\",\"@id\":\"https:\/\/www.imobiliare.ro\/imoexpert\/5-lucruri-pe-care-le-poti-face-pentru-a-transforma-o-locuinta-in-propriul-tau-acasa_db\/#primaryimage\",\"url\":\"https:\/\/www.imobiliare.ro\/imoexpert\/wp-content\/uploads\/2018\/06\/design-interior-locuinta.jpg\",\"contentUrl\":\"https:\/\/www.imobiliare.ro\/imoexpert\/wp-content\/uploads\/2018\/06\/design-interior-locuinta.jpg\",\"width\":1280,\"height\":884,\"caption\":\"design interior locuinta\"},{\"@type\":\"BreadcrumbList\",\"@id\":\"https:\/\/www.imobiliare.ro\/imoexpert\/5-lucruri-pe-care-le-poti-face-pentru-a-transforma-o-locuinta-in-propriul-tau-acasa_db\/#breadcrumb\",\"itemListElement\":[{\"@type\":\"ListItem\",\"position\":1,\"name\":\"Imoradar24\",\"item\":\"https:\/\/www.imoradar24.ro\"},{\"@type\":\"ListItem\",\"position\":2,\"name\":\"ImoExpert\",\"item\":\"https:\/\/www.imobiliare.ro\/imoexpert\/\"},{\"@type\":\"ListItem\",\"position\":3,\"name\":\"Concursuri\",\"item\":\"https:\/\/www.imobiliare.ro\/imoexpert\/concursuri\/\"},{\"@type\":\"ListItem\",\"position\":4,\"name\":\"5 lucruri pe care le po\u021bi face pentru a transforma o locuin\u021b\u0103 \u00een &#8222;acas\u0103&#8221;\"}]},{\"@type\":\"WebSite\",\"@id\":\"https:\/\/www.imobiliare.ro\/imoexpert\/#website\",\"url\":\"https:\/\/www.imobiliare.ro\/imoexpert\/\",\"name\":\"ImoExpert\",\"description\":\"cele mai importante \u015ftiri din domeniul imobiliar\",\"publisher\":{\"@id\":\"https:\/\/www.imobiliare.ro\/imoexpert\/#organization\"},\"inLanguage\":\"en\"},{\"@type\":\"Organization\",\"@id\":\"https:\/\/www.imobiliare.ro\/imoexpert\/#organization\",\"name\":\"Imobiliare.ro\",\"alternateName\":\"Realmedia Network SA\",\"url\":\"https:\/\/www.imobiliare.ro\/imoexpert\/\",\"logo\":{\"@type\":\"ImageObject\",\"inLanguage\":\"en\",\"@id\":\"https:\/\/www.imobiliare.ro\/imoexpert\/#\/schema\/logo\/image\/\",\"url\":\"https:\/\/www.imobiliare.ro\/imoexpert\/wp-content\/uploads\/2025\/05\/imobiliare_logo.png\",\"contentUrl\":\"https:\/\/www.imobiliare.ro\/imoexpert\/wp-content\/uploads\/2025\/05\/imobiliare_logo.png\",\"width\":237,\"height\":29,\"caption\":\"Imobiliare.ro\"},\"image\":{\"@id\":\"https:\/\/www.imobiliare.ro\/imoexpert\/#\/schema\/logo\/image\/\"}},{\"@type\":\"Person\",\"@id\":\"https:\/\/www.imobiliare.ro\/imoexpert\/#\/schema\/person\/9ffdfbf24b82f39fc75a2fc6c19e4e99\",\"name\":\"Corina V\u00e2rlan\",\"image\":{\"@type\":\"ImageObject\",\"inLanguage\":\"en\",\"@id\":\"https:\/\/www.imobiliare.ro\/imoexpert\/#\/schema\/person\/image\/\",\"url\":\"https:\/\/www.imobiliare.ro\/imoexpert\/wp-content\/uploads\/2026\/02\/12-02-2025-5-rezumat-brasov-thumb-reels-1-1-96x96.png\",\"contentUrl\":\"https:\/\/www.imobiliare.ro\/imoexpert\/wp-content\/uploads\/2026\/02\/12-02-2025-5-rezumat-brasov-thumb-reels-1-1-96x96.png\",\"caption\":\"Corina V\u00e2rlan\"},\"description\":\"Cu o experien\u021b\u0103 de 14 ani \u00een presa online, comunicare \u0219i content marketing, Corina V\u00e2rlan s-a al\u0103turat echipei Imobiliare.ro \u00een urm\u0103 cu 8 ani \u0219i ocup\u0103, \u00een prezent, func\u021bia de Content Manager. Ea este gazda emisiunii \\\"\u00centreab\u0103 expertul\\\" \u0219i a seriei 5 \u0218tiri Imobiliare.ro, realizate \u00een parteneriat cu Libertatea. Corina \u00ee\u0219i concentreaz\u0103 activitatea pe analiza datelor de pia\u021b\u0103 \u0219i pe subiecte de interes at\u00e2t pentru cei afla\u021bi \u00een c\u0103utarea unei locuin\u021be, c\u00e2t \u0219i pentru proprietari sau chiria\u0219i.\",\"alternateName\":\"Corina\",\"jobTitle\":\"Content Manager\",\"url\":\"https:\/\/www.imobiliare.ro\/imoexpert\/author\/corina-varlan\/\"}]}<\/script>\n<!-- \/ Yoast SEO Premium plugin. -->","yoast_head_json":{"title":"5 lucruri pe care le po\u021bi face pentru a transforma o locuin\u021b\u0103 \u00een \"acas\u0103\" - Concursuri - ImoExpert","description":"Locuin\u021ba trebuie s\u0103 reflecte personalitea, stilul de via\u021b\u0103 \u0219i obiceiurile tale, altfel po\u021bi ajunge rapid s\u0103 te sim\u021bi un str\u0103in \u00een propria cas\u0103 sau s\u0103 ai","robots":{"index":"index","follow":"follow"},"canonical":"https:\/\/www.imobiliare.ro\/imoexpert\/5-lucruri-pe-care-le-poti-face-pentru-a-transforma-o-locuinta-in-propriul-tau-acasa_db\/","og_locale":"ro_RO","og_type":"article","og_title":"5 lucruri pe care le po\u021bi face pentru a transforma o locuin\u021b\u0103 \u00een \"acas\u0103\"","og_description":"Locuin\u021ba trebuie s\u0103 reflecte personalitea, stilul de via\u021b\u0103 \u0219i obiceiurile tale, altfel po\u021bi ajunge rapid s\u0103 te sim\u021bi un str\u0103in \u00een propria cas\u0103 sau s\u0103 ai","og_url":"https:\/\/www.imobiliare.ro\/imoexpert\/5-lucruri-pe-care-le-poti-face-pentru-a-transforma-o-locuinta-in-propriul-tau-acasa_db\/","og_site_name":"ImoExpert","article_published_time":"2018-06-08T10:28:29+00:00","og_image":[{"width":1280,"height":884,"url":"https:\/\/www.imobiliare.ro\/imoexpert\/wp-content\/uploads\/2018\/06\/design-interior-locuinta.jpg","type":"image\/jpeg"}],"author":"Corina V\u00e2rlan","twitter_card":"summary_large_image","twitter_misc":{"Written by":"Corina V\u00e2rlan","Est. reading time":"4 minute"},"schema":{"@context":"https:\/\/schema.org","@graph":[{"@type":"Article","@id":"https:\/\/www.imobiliare.ro\/imoexpert\/5-lucruri-pe-care-le-poti-face-pentru-a-transforma-o-locuinta-in-propriul-tau-acasa_db\/#article","isPartOf":{"@id":"https:\/\/www.imobiliare.ro\/imoexpert\/5-lucruri-pe-care-le-poti-face-pentru-a-transforma-o-locuinta-in-propriul-tau-acasa_db\/"},"author":{"name":"Corina V\u00e2rlan","@id":"https:\/\/www.imobiliare.ro\/imoexpert\/#\/schema\/person\/9ffdfbf24b82f39fc75a2fc6c19e4e99"},"headline":"5 lucruri pe care le po\u021bi face pentru a transforma o locuin\u021b\u0103 \u00een &#8222;acas\u0103&#8221;","datePublished":"2018-06-08T10:28:29+00:00","mainEntityOfPage":{"@id":"https:\/\/www.imobiliare.ro\/imoexpert\/5-lucruri-pe-care-le-poti-face-pentru-a-transforma-o-locuinta-in-propriul-tau-acasa_db\/"},"wordCount":901,"commentCount":3,"publisher":{"@id":"https:\/\/www.imobiliare.ro\/imoexpert\/#organization"},"image":{"@id":"https:\/\/www.imobiliare.ro\/imoexpert\/5-lucruri-pe-care-le-poti-face-pentru-a-transforma-o-locuinta-in-propriul-tau-acasa_db\/#primaryimage"},"thumbnailUrl":"https:\/\/www.imobiliare.ro\/imoexpert\/wp-content\/uploads\/2018\/06\/design-interior-locuinta.jpg","keywords":["design interior"],"articleSection":["Concursuri"],"inLanguage":"en","potentialAction":[{"@type":"CommentAction","name":"Comment","target":["https:\/\/www.imobiliare.ro\/imoexpert\/5-lucruri-pe-care-le-poti-face-pentru-a-transforma-o-locuinta-in-propriul-tau-acasa_db\/#respond"]}],"copyrightYear":"2018","copyrightHolder":{"@id":"https:\/\/www.imobiliare.ro\/imoexpert\/#organization"}},{"@type":"WebPage","@id":"https:\/\/www.imobiliare.ro\/imoexpert\/5-lucruri-pe-care-le-poti-face-pentru-a-transforma-o-locuinta-in-propriul-tau-acasa_db\/","url":"https:\/\/www.imobiliare.ro\/imoexpert\/5-lucruri-pe-care-le-poti-face-pentru-a-transforma-o-locuinta-in-propriul-tau-acasa_db\/","name":"5 lucruri pe care le po\u021bi face pentru a transforma o locuin\u021b\u0103 \u00een \"acas\u0103\" - Concursuri - ImoExpert","isPartOf":{"@id":"https:\/\/www.imobiliare.ro\/imoexpert\/#website"},"primaryImageOfPage":{"@id":"https:\/\/www.imobiliare.ro\/imoexpert\/5-lucruri-pe-care-le-poti-face-pentru-a-transforma-o-locuinta-in-propriul-tau-acasa_db\/#primaryimage"},"image":{"@id":"https:\/\/www.imobiliare.ro\/imoexpert\/5-lucruri-pe-care-le-poti-face-pentru-a-transforma-o-locuinta-in-propriul-tau-acasa_db\/#primaryimage"},"thumbnailUrl":"https:\/\/www.imobiliare.ro\/imoexpert\/wp-content\/uploads\/2018\/06\/design-interior-locuinta.jpg","datePublished":"2018-06-08T10:28:29+00:00","description":"Locuin\u021ba trebuie s\u0103 reflecte personalitea, stilul de via\u021b\u0103 \u0219i obiceiurile tale, altfel po\u021bi ajunge rapid s\u0103 te sim\u021bi un str\u0103in \u00een propria cas\u0103 sau s\u0103 ai","breadcrumb":{"@id":"https:\/\/www.imobiliare.ro\/imoexpert\/5-lucruri-pe-care-le-poti-face-pentru-a-transforma-o-locuinta-in-propriul-tau-acasa_db\/#breadcrumb"},"inLanguage":"en","potentialAction":[{"@type":"ReadAction","target":["https:\/\/www.imobiliare.ro\/imoexpert\/5-lucruri-pe-care-le-poti-face-pentru-a-transforma-o-locuinta-in-propriul-tau-acasa_db\/"]}]},{"@type":"ImageObject","inLanguage":"en","@id":"https:\/\/www.imobiliare.ro\/imoexpert\/5-lucruri-pe-care-le-poti-face-pentru-a-transforma-o-locuinta-in-propriul-tau-acasa_db\/#primaryimage","url":"https:\/\/www.imobiliare.ro\/imoexpert\/wp-content\/uploads\/2018\/06\/design-interior-locuinta.jpg","contentUrl":"https:\/\/www.imobiliare.ro\/imoexpert\/wp-content\/uploads\/2018\/06\/design-interior-locuinta.jpg","width":1280,"height":884,"caption":"design interior locuinta"},{"@type":"BreadcrumbList","@id":"https:\/\/www.imobiliare.ro\/imoexpert\/5-lucruri-pe-care-le-poti-face-pentru-a-transforma-o-locuinta-in-propriul-tau-acasa_db\/#breadcrumb","itemListElement":[{"@type":"ListItem","position":1,"name":"Imoradar24","item":"https:\/\/www.imoradar24.ro"},{"@type":"ListItem","position":2,"name":"ImoExpert","item":"https:\/\/www.imobiliare.ro\/imoexpert\/"},{"@type":"ListItem","position":3,"name":"Concursuri","item":"https:\/\/www.imobiliare.ro\/imoexpert\/concursuri\/"},{"@type":"ListItem","position":4,"name":"5 lucruri pe care le po\u021bi face pentru a transforma o locuin\u021b\u0103 \u00een &#8222;acas\u0103&#8221;"}]},{"@type":"WebSite","@id":"https:\/\/www.imobiliare.ro\/imoexpert\/#website","url":"https:\/\/www.imobiliare.ro\/imoexpert\/","name":"ImoExpert","description":"cele mai importante \u015ftiri din domeniul imobiliar","publisher":{"@id":"https:\/\/www.imobiliare.ro\/imoexpert\/#organization"},"inLanguage":"en"},{"@type":"Organization","@id":"https:\/\/www.imobiliare.ro\/imoexpert\/#organization","name":"Imobiliare.ro","alternateName":"Realmedia Network SA","url":"https:\/\/www.imobiliare.ro\/imoexpert\/","logo":{"@type":"ImageObject","inLanguage":"en","@id":"https:\/\/www.imobiliare.ro\/imoexpert\/#\/schema\/logo\/image\/","url":"https:\/\/www.imobiliare.ro\/imoexpert\/wp-content\/uploads\/2025\/05\/imobiliare_logo.png","contentUrl":"https:\/\/www.imobiliare.ro\/imoexpert\/wp-content\/uploads\/2025\/05\/imobiliare_logo.png","width":237,"height":29,"caption":"Imobiliare.ro"},"image":{"@id":"https:\/\/www.imobiliare.ro\/imoexpert\/#\/schema\/logo\/image\/"}},{"@type":"Person","@id":"https:\/\/www.imobiliare.ro\/imoexpert\/#\/schema\/person\/9ffdfbf24b82f39fc75a2fc6c19e4e99","name":"Corina V\u00e2rlan","image":{"@type":"ImageObject","inLanguage":"en","@id":"https:\/\/www.imobiliare.ro\/imoexpert\/#\/schema\/person\/image\/","url":"https:\/\/www.imobiliare.ro\/imoexpert\/wp-content\/uploads\/2026\/02\/12-02-2025-5-rezumat-brasov-thumb-reels-1-1-96x96.png","contentUrl":"https:\/\/www.imobiliare.ro\/imoexpert\/wp-content\/uploads\/2026\/02\/12-02-2025-5-rezumat-brasov-thumb-reels-1-1-96x96.png","caption":"Corina V\u00e2rlan"},"description":"Cu o experien\u021b\u0103 de 14 ani \u00een presa online, comunicare \u0219i content marketing, Corina V\u00e2rlan s-a al\u0103turat echipei Imobiliare.ro \u00een urm\u0103 cu 8 ani \u0219i ocup\u0103, \u00een prezent, func\u021bia de Content Manager. Ea este gazda emisiunii \"\u00centreab\u0103 expertul\" \u0219i a seriei 5 \u0218tiri Imobiliare.ro, realizate \u00een parteneriat cu Libertatea. Corina \u00ee\u0219i concentreaz\u0103 activitatea pe analiza datelor de pia\u021b\u0103 \u0219i pe subiecte de interes at\u00e2t pentru cei afla\u021bi \u00een c\u0103utarea unei locuin\u021be, c\u00e2t \u0219i pentru proprietari sau chiria\u0219i.","alternateName":"Corina","jobTitle":"Content Manager","url":"https:\/\/www.imobiliare.ro\/imoexpert\/author\/corina-varlan\/"}]}},"_links":{"self":[{"href":"https:\/\/www.imobiliare.ro\/imoexpert\/wp-json\/wp\/v2\/posts\/53068","targetHints":{"allow":["GET"]}}],"collection":[{"href":"https:\/\/www.imobiliare.ro\/imoexpert\/wp-json\/wp\/v2\/posts"}],"about":[{"href":"https:\/\/www.imobiliare.ro\/imoexpert\/wp-json\/wp\/v2\/types\/post"}],"author":[{"embeddable":true,"href":"https:\/\/www.imobiliare.ro\/imoexpert\/wp-json\/wp\/v2\/users\/5891"}],"replies":[{"embeddable":true,"href":"https:\/\/www.imobiliare.ro\/imoexpert\/wp-json\/wp\/v2\/comments?post=53068"}],"version-history":[{"count":0,"href":"https:\/\/www.imobiliare.ro\/imoexpert\/wp-json\/wp\/v2\/posts\/53068\/revisions"}],"wp:featuredmedia":[{"embeddable":true,"href":"https:\/\/www.imobiliare.ro\/imoexpert\/wp-json\/wp\/v2\/media\/53072"}],"wp:attachment":[{"href":"https:\/\/www.imobiliare.ro\/imoexpert\/wp-json\/wp\/v2\/media?parent=53068"}],"wp:term":[{"taxonomy":"category","embeddable":true,"href":"https:\/\/www.imobiliare.ro\/imoexpert\/wp-json\/wp\/v2\/categories?post=53068"},{"taxonomy":"post_tag","embeddable":true,"href":"https:\/\/www.imobiliare.ro\/imoexpert\/wp-json\/wp\/v2\/tags?post=53068"},{"taxonomy":"content_author","embeddable":true,"href":"https:\/\/www.imobiliare.ro\/imoexpert\/wp-json\/wp\/v2\/content_author?post=53068"}],"curies":[{"name":"wp","href":"https:\/\/api.w.org\/{rel}","templated":true}]}}