{"id":53079,"date":"2018-06-08T16:51:38","date_gmt":"2018-06-08T13:51:38","guid":{"rendered":"https:\/\/www.imobiliare.ro\/imoexpert\/?p=53079"},"modified":"2018-06-08T16:51:38","modified_gmt":"2018-06-08T13:51:38","slug":"care-sunt-tendintele-anului-2018-in-materie-de-finisaje-evolutia-pietei-de-profil-in-ultimii-ani","status":"publish","type":"post","link":"https:\/\/www.imobiliare.ro\/imoexpert\/care-sunt-tendintele-anului-2018-in-materie-de-finisaje-evolutia-pietei-de-profil-in-ultimii-ani_db\/","title":{"rendered":"Care sunt tendin\u021bele anului 2018 \u00een materie de finisaje. Evolu\u021bia pie\u021bei de profil \u00een ultimii ani"},"content":{"rendered":"<h2><img loading=\"lazy\" decoding=\"async\" class=\"alignnone wp-image-53082\" src=\"https:\/\/www.imobiliare.ro\/imoexpert\/wp-content\/uploads\/2018\/06\/finisaje-1024x642.jpg\" alt=\"\" width=\"800\" height=\"502\" srcset=\"https:\/\/www.imobiliare.ro\/imoexpert\/wp-content\/uploads\/2018\/06\/finisaje-1024x642.jpg 1024w, https:\/\/www.imobiliare.ro\/imoexpert\/wp-content\/uploads\/2018\/06\/finisaje-300x188.jpg 300w, https:\/\/www.imobiliare.ro\/imoexpert\/wp-content\/uploads\/2018\/06\/finisaje-384x242.jpg 384w, https:\/\/www.imobiliare.ro\/imoexpert\/wp-content\/uploads\/2018\/06\/finisaje-768x482.jpg 768w, https:\/\/www.imobiliare.ro\/imoexpert\/wp-content\/uploads\/2018\/06\/finisaje.jpg 1280w\" sizes=\"auto, (max-width: 800px) 100vw, 800px\" \/><\/h2>\n<div id=\"ez-toc-container\" class=\"ez-toc-v2_0_81 counter-hierarchy ez-toc-counter ez-toc-grey ez-toc-container-direction\">\n<p class=\"ez-toc-title\" style=\"cursor:inherit\">Table of Contents<\/p>\n<label for=\"ez-toc-cssicon-toggle-item-69f460fb1d3ce\" class=\"ez-toc-cssicon-toggle-label\"><span class=\"ez-toc-cssicon\"><span class=\"eztoc-hide\" style=\"display:none;\">Toggle<\/span><span class=\"ez-toc-icon-toggle-span\"><svg style=\"fill: #999;color:#999\" xmlns=\"http:\/\/www.w3.org\/2000\/svg\" class=\"list-377408\" width=\"20px\" height=\"20px\" viewBox=\"0 0 24 24\" fill=\"none\"><path d=\"M6 6H4v2h2V6zm14 0H8v2h12V6zM4 11h2v2H4v-2zm16 0H8v2h12v-2zM4 16h2v2H4v-2zm16 0H8v2h12v-2z\" fill=\"currentColor\"><\/path><\/svg><svg style=\"fill: #999;color:#999\" class=\"arrow-unsorted-368013\" xmlns=\"http:\/\/www.w3.org\/2000\/svg\" width=\"10px\" height=\"10px\" viewBox=\"0 0 24 24\" version=\"1.2\" baseProfile=\"tiny\"><path d=\"M18.2 9.3l-6.2-6.3-6.2 6.3c-.2.2-.3.4-.3.7s.1.5.3.7c.2.2.4.3.7.3h11c.3 0 .5-.1.7-.3.2-.2.3-.5.3-.7s-.1-.5-.3-.7zM5.8 14.7l6.2 6.3 6.2-6.3c.2-.2.3-.5.3-.7s-.1-.5-.3-.7c-.2-.2-.4-.3-.7-.3h-11c-.3 0-.5.1-.7.3-.2.2-.3.5-.3.7s.1.5.3.7z\"\/><\/svg><\/span><\/span><\/label><input type=\"checkbox\"  id=\"ez-toc-cssicon-toggle-item-69f460fb1d3ce\"  aria-label=\"Toggle\" \/><nav><ul class='ez-toc-list ez-toc-list-level-1 ' ><li class='ez-toc-page-1 ez-toc-heading-level-2'><a class=\"ez-toc-link ez-toc-heading-1\" href=\"https:\/\/www.imobiliare.ro\/imoexpert\/care-sunt-tendintele-anului-2018-in-materie-de-finisaje-evolutia-pietei-de-profil-in-ultimii-ani_db\/#Vrei_sa_iti_amenajezi_locuinta_dupa_cele_mai_noi_tendinte_in_materie_de_finisaje_Nimic_mai_simplu_Iata_aspectele_pe_care_trebuie_sa_le_ai_in_vedere_pentru_a_obtine_un_spatiu_cat_mai_modern\" >Vrei s\u0103 \u00ee\u021bi amenajezi locuin\u021ba dup\u0103 cele mai noi tendin\u021be \u00een materie de finisaje? Nimic mai simplu. Iat\u0103 aspectele pe care trebuie s\u0103 le ai \u00een vedere pentru a ob\u021bine un spa\u021biu c\u00e2t mai modern.<\/a><\/li><li class='ez-toc-page-1 ez-toc-heading-level-2'><a class=\"ez-toc-link ez-toc-heading-2\" href=\"https:\/\/www.imobiliare.ro\/imoexpert\/care-sunt-tendintele-anului-2018-in-materie-de-finisaje-evolutia-pietei-de-profil-in-ultimii-ani_db\/#Piata_finisajelor_in_crestere\" >Pia\u021ba finisajelor, \u00een cre\u0219tere<\/a><\/li><\/ul><\/nav><\/div>\n<h2><span class=\"ez-toc-section\" id=\"Vrei_sa_iti_amenajezi_locuinta_dupa_cele_mai_noi_tendinte_in_materie_de_finisaje_Nimic_mai_simplu_Iata_aspectele_pe_care_trebuie_sa_le_ai_in_vedere_pentru_a_obtine_un_spatiu_cat_mai_modern\"><\/span>Vrei s\u0103 \u00ee\u021bi amenajezi locuin\u021ba dup\u0103 cele mai noi tendin\u021be \u00een materie de finisaje? Nimic mai simplu. Iat\u0103 aspectele pe care trebuie s\u0103 le ai \u00een vedere pentru a ob\u021bine un spa\u021biu c\u00e2t mai modern.<span class=\"ez-toc-section-end\"><\/span><\/h2>\n<ol>\n<li><strong>Pl\u0103cile ceramice de dimensiuni mari sunt tot mai populare.<\/strong><\/li>\n<\/ol>\n<p>\u201c\u00cen pia\u021ba de pl\u0103ci ceramice dimensiunile mari -80X240cm \u2013 continu\u0103 s\u0103 acapareze din ce \u00een ce mai mult aten\u021bia clien\u021bilor. Avantajul oferit de suprafe\u021bele continue f\u0103r\u0103 rosturi face din aceste pl\u0103ci, din punctul meu de vedere, tendin\u021ba viitorului\u201d, a declarat pentru <span style=\"color: #ff0000;\"><strong>Imobiliare.ro<\/strong><\/span> Gigi Nacev, managerul Tempini Rom\u00e2nia, unul dintre cele mai cunoscute branduri locale din domeniul designului ambiental \u0219i arhitecturii.<\/p>\n<figure id=\"attachment_53081\" aria-describedby=\"caption-attachment-53081\" style=\"width: 800px\" class=\"wp-caption alignnone\"><img loading=\"lazy\" decoding=\"async\" class=\"wp-image-53081\" src=\"https:\/\/www.imobiliare.ro\/imoexpert\/wp-content\/uploads\/2018\/06\/gigi-nacev-tempini-romania-e1528465792762.jpg\" alt=\"gigi nacev tempini romania\" width=\"800\" height=\"589\" srcset=\"https:\/\/www.imobiliare.ro\/imoexpert\/wp-content\/uploads\/2018\/06\/gigi-nacev-tempini-romania-e1528465792762.jpg 919w, https:\/\/www.imobiliare.ro\/imoexpert\/wp-content\/uploads\/2018\/06\/gigi-nacev-tempini-romania-e1528465792762-300x221.jpg 300w, https:\/\/www.imobiliare.ro\/imoexpert\/wp-content\/uploads\/2018\/06\/gigi-nacev-tempini-romania-e1528465792762-768x566.jpg 768w\" sizes=\"auto, (max-width: 800px) 100vw, 800px\" \/><figcaption id=\"caption-attachment-53081\" class=\"wp-caption-text\"><em>Foto: Gigi Nacev<\/em><\/figcaption><\/figure>\n<p>Totodat\u0103, noutatea anului 2018 este reprezentat\u0103 de pl\u0103cile ceramice cu efect de mozaic vene\u021bian.<\/p>\n<ol start=\"2\">\n<li><strong>Parchetul cu forme neregulate, un punct de atrac\u021bie la t\u00e2rgurile de profil.<\/strong><\/li>\n<\/ol>\n<p>Nacev sus\u021bine c\u0103, atunci c\u00e2nd vine vorba despre placajele calde, pl\u0103cile de parchet cu forme neregulate sau geometrice au reprezentat, \u00een ultima perioad\u0103, un punct de atrac\u021bie la t\u00e2rgurile de profil.<\/p>\n<p>Nu trebuie s\u0103 trecem \u00eens\u0103 cu vederea nici parchetul cu imprimeuri. \u201dAm remarcat \u0219i o \u00eencercare a mai multor produc\u0103tori de a propune pl\u0103ci de parchet cu imprimeuri, trend care dore\u0219te s\u0103 recupereze zonele pierdute de plac\u0103rile calde \u00een detrimentul plac\u0103rilor ceramice odat\u0103 cu apari\u021bia parchetului ceramic, mai exact acele pl\u0103ci ceramice cu efect de lemn\u201d, ne-a explicat managerul Tempini Rom\u00e2nia.<\/p>\n<ol start=\"3\">\n<li><strong>Obiectele sanitare de tip freestanding transform\u0103 baia.<\/strong><\/li>\n<\/ol>\n<p><img loading=\"lazy\" decoding=\"async\" class=\"alignnone wp-image-53080\" src=\"https:\/\/www.imobiliare.ro\/imoexpert\/wp-content\/uploads\/2018\/06\/finisaje-obiecte-sanitare-1024x922.jpg\" alt=\"finisaje obiecte sanitare\" width=\"800\" height=\"720\" srcset=\"https:\/\/www.imobiliare.ro\/imoexpert\/wp-content\/uploads\/2018\/06\/finisaje-obiecte-sanitare-1024x922.jpg 1024w, https:\/\/www.imobiliare.ro\/imoexpert\/wp-content\/uploads\/2018\/06\/finisaje-obiecte-sanitare-300x270.jpg 300w, https:\/\/www.imobiliare.ro\/imoexpert\/wp-content\/uploads\/2018\/06\/finisaje-obiecte-sanitare-768x691.jpg 768w, https:\/\/www.imobiliare.ro\/imoexpert\/wp-content\/uploads\/2018\/06\/finisaje-obiecte-sanitare.jpg 1280w\" sizes=\"auto, (max-width: 800px) 100vw, 800px\" \/><\/p>\n<p>\u201cPiesele freestanding sunt cele care transform\u0103 un spa\u021biu cu rol func\u021bional \u00eentr-un spa\u021biu romantic \u0219i relaxat. Observ tot mai frecvent abordarea arhitectural\u0103 \u00een care baia matrimonial\u0103 face corp comun cu dormitorul, solu\u021bie care era greu de realizat p\u00e2n\u0103 la apari\u021bia acestor piese principale\u201d, ne-a mai spus Gigi Nacev.<\/p>\n<h2><span class=\"ez-toc-section\" id=\"Piata_finisajelor_in_crestere\"><\/span>Pia\u021ba finisajelor, \u00een cre\u0219tere<span class=\"ez-toc-section-end\"><\/span><\/h2>\n<p>Pia\u021ba finisajelor se afl\u0103 pe un trend ascendent \u00een ultimii trei ani, iar speciali\u0219tii \u00een domeniu prev\u0103d o cre\u0219tere de 10%-15% a acesteia \u00een 2018 fa\u021b\u0103 de anul precedent.<\/p>\n<p>Zona premium este \u0219i ea \u00een cre\u0219tere de la 15% \u00een 2014 la 18% \u00een prezent.<\/p>\n<p>Gigi Nacev particip\u0103 ca speaker la cel mai important eveniment al anului \u00een domeniul construc\u021biilor civile \u2013 CUIB, care se organizeaz\u0103 \u00een perioada 8-10 iunie la Timi\u0219oara \u0219i cuprinde trei zile de conferin\u021be \u0219i workshop-uri.<\/p>\n<p><span style=\"color: #ff0000;\"><strong>Imobiliare.ro<\/strong><\/span> este partener oficial al CUIB. G\u0103se\u0219ti <a class=\"article-body-links\"href=\"https:\/\/cuib.biz\/program\/\" target=\"_blank\" rel=\"noopener\"><strong>AICI<\/strong><\/a> programul complet \u0219i lista speakerilor.<\/p>\n<p><strong>Cite\u0219te \u0219i:<a class=\"article-body-links\"href=\"https:\/\/www.imobiliare.ro\/imoexpert\/5-lucruri-pe-care-le-poti-face-pentru-a-transforma-o-locuinta-in-propriul-tau-acasa_db\/\" target=\"_blank\" rel=\"noopener\">\u00a05 lucruri pe care le po\u021bi face pentru a transforma o locuin\u021b\u0103 \u00een \u201eacas\u0103\u201d<\/a><\/strong><\/p>\n<p><strong>Cite\u0219te \u0219i:\u00a0<a class=\"article-body-links\"href=\"https:\/\/www.imobiliare.ro\/imoexpert\/6-lucruri-pe-care-trebuie-sa-le-verifice-un-cumparator-pentru-a-se-asigura-ca-locuinta-de-care-este-interesat-dispune-de-finisaje-interioare-de-calitate_db\/\" target=\"_blank\" rel=\"noopener\">6 lucruri pe care trebuie s\u0103 le verifice un cump\u0103r\u0103tor pentru a se asigura c\u0103 locuin\u021ba de care este interesat dispune de finisaje interioare de calitate<\/a><\/strong><\/p>\n<p><strong>Cite\u0219te \u0219i:\u00a0<a class=\"article-body-links\"href=\"https:\/\/www.imobiliare.ro\/imoexpert\/care-este-costul-real-al-amenajarii-unei-locuinte-adela-parvu-designer-de-regula-romanii-nu-sunt-realisti-cu-privire-la-buget-pentru-ca-iau-in-calcul_db\/\" target=\"_blank\" rel=\"noopener\">Care este costul real al amenaj\u0103rii unei locuin\u021be? Adela P\u00e2rvu, designer: \u201eDe regul\u0103, rom\u00e2nii nu sunt reali\u0219ti cu privire la buget\u201d<\/a><\/strong><\/p>\n<p><strong>Cite\u0219te \u0219i:<a class=\"article-body-links\"href=\"https:\/\/www.imobiliare.ro\/imoexpert\/vrei-sa-iti-construiesti-o-casa-sau-sa-afli-trendurile-in-design-interior-participa-la-cuib-evenimentul-anului-in-domeniul-constructiilor-civile-si-afla-sfaturile-specialistilor_db\/\" target=\"_blank\" rel=\"noopener\">\u00a0Vrei s\u0103 \u00ee\u021bi construie\u0219ti o cas\u0103 sau s\u0103 afli trendurile \u00een design interior? Particip\u0103 la CUIB, evenimentul anului \u00een domeniul construc\u021biilor civile, \u0219i afl\u0103 sfaturile speciali\u0219tilor<\/a><\/strong><\/p>\n<p><strong>Cite\u0219te \u0219i:\u00a0<a class=\"article-body-links\"href=\"https:\/\/www.imobiliare.ro\/imoexpert\/care-sunt-cele-mai-importante-aspecte-ale-unei-case-din-punctul-de-vedere-al-arhitectilor_db\/\" target=\"_blank\" rel=\"noopener\">Care sunt cele mai importante aspecte ale unei case, \u00een opinia arhitec\u021bilor<\/a><\/strong><\/p>\n","protected":false},"excerpt":{"rendered":"<p>Vrei s\u0103 \u00ee\u021bi amenajezi locuin\u021ba dup\u0103 cele mai noi tendin\u021be \u00een materie de finisaje? Nimic mai simplu. Iat\u0103 aspectele pe care trebuie s\u0103 le ai \u00een vedere pentru a ob\u021bine un spa\u021biu c\u00e2t mai modern. Pl\u0103cile ceramice de dimensiuni mari sunt tot mai populare. \u201c\u00cen pia\u021ba de pl\u0103ci ceramice dimensiunile mari -80X240cm \u2013 continu\u0103 s\u0103 [&hellip;]<\/p>\n","protected":false},"author":5891,"featured_media":53082,"comment_status":"open","ping_status":"open","sticky":false,"template":"","format":"standard","meta":{"footnotes":""},"categories":[1406],"tags":[755],"content_author":[],"class_list":["post-53079","post","type-post","status-publish","format-standard","has-post-thumbnail","hentry","category-concursuri","tag-finisaje"],"yoast_head":"<!-- This site is optimized with the Yoast SEO Premium plugin v27.0 (Yoast SEO v27.0) - https:\/\/yoast.com\/product\/yoast-seo-premium-wordpress\/ -->\n<title>Care sunt tendin\u021bele anului 2018 \u00een materie de finisaje. Evolu\u021bia pie\u021bei de profil \u00een ultimii ani - Concursuri - ImoExpert<\/title>\n<meta name=\"description\" content=\"Vrei s\u0103 \u00ee\u021bi amenajezi locuin\u021ba dup\u0103 cele mai noi tendin\u021be \u00een materie de finisaje? Nimic mai simplu. Iat\u0103 aspectele pe care trebuie s\u0103 le ai \u00een vedere\" \/>\n<meta name=\"robots\" content=\"index, follow\" \/>\n<link rel=\"canonical\" href=\"https:\/\/www.imobiliare.ro\/imoexpert\/care-sunt-tendintele-anului-2018-in-materie-de-finisaje-evolutia-pietei-de-profil-in-ultimii-ani_db\/\" \/>\n<meta property=\"og:locale\" content=\"ro_RO\" \/>\n<meta property=\"og:type\" content=\"article\" \/>\n<meta property=\"og:title\" content=\"Care sunt tendin\u021bele anului 2018 \u00een materie de finisaje. Evolu\u021bia pie\u021bei de profil \u00een ultimii ani\" \/>\n<meta property=\"og:description\" content=\"Vrei s\u0103 \u00ee\u021bi amenajezi locuin\u021ba dup\u0103 cele mai noi tendin\u021be \u00een materie de finisaje? Nimic mai simplu. Iat\u0103 aspectele pe care trebuie s\u0103 le ai \u00een vedere\" \/>\n<meta property=\"og:url\" content=\"https:\/\/www.imobiliare.ro\/imoexpert\/care-sunt-tendintele-anului-2018-in-materie-de-finisaje-evolutia-pietei-de-profil-in-ultimii-ani_db\/\" \/>\n<meta property=\"og:site_name\" content=\"ImoExpert\" \/>\n<meta property=\"article:published_time\" content=\"2018-06-08T13:51:38+00:00\" \/>\n<meta property=\"og:image\" content=\"https:\/\/www.imobiliare.ro\/imoexpert\/wp-content\/uploads\/2018\/06\/finisaje.jpg\" \/>\n\t<meta property=\"og:image:width\" content=\"1280\" \/>\n\t<meta property=\"og:image:height\" content=\"803\" \/>\n\t<meta property=\"og:image:type\" content=\"image\/jpeg\" \/>\n<meta name=\"author\" content=\"Corina V\u00e2rlan\" \/>\n<meta name=\"twitter:card\" content=\"summary_large_image\" \/>\n<meta name=\"twitter:label1\" content=\"Written by\" \/>\n\t<meta name=\"twitter:data1\" content=\"Corina V\u00e2rlan\" \/>\n\t<meta name=\"twitter:label2\" content=\"Est. reading time\" \/>\n\t<meta name=\"twitter:data2\" content=\"3 minute\" \/>\n<script type=\"application\/ld+json\" class=\"yoast-schema-graph\">{\"@context\":\"https:\/\/schema.org\",\"@graph\":[{\"@type\":\"Article\",\"@id\":\"https:\/\/www.imobiliare.ro\/imoexpert\/care-sunt-tendintele-anului-2018-in-materie-de-finisaje-evolutia-pietei-de-profil-in-ultimii-ani_db\/#article\",\"isPartOf\":{\"@id\":\"https:\/\/www.imobiliare.ro\/imoexpert\/care-sunt-tendintele-anului-2018-in-materie-de-finisaje-evolutia-pietei-de-profil-in-ultimii-ani_db\/\"},\"author\":{\"name\":\"Corina V\u00e2rlan\",\"@id\":\"https:\/\/www.imobiliare.ro\/imoexpert\/#\/schema\/person\/9ffdfbf24b82f39fc75a2fc6c19e4e99\"},\"headline\":\"Care sunt tendin\u021bele anului 2018 \u00een materie de finisaje. Evolu\u021bia pie\u021bei de profil \u00een ultimii ani\",\"datePublished\":\"2018-06-08T13:51:38+00:00\",\"mainEntityOfPage\":{\"@id\":\"https:\/\/www.imobiliare.ro\/imoexpert\/care-sunt-tendintele-anului-2018-in-materie-de-finisaje-evolutia-pietei-de-profil-in-ultimii-ani_db\/\"},\"wordCount\":574,\"commentCount\":2,\"publisher\":{\"@id\":\"https:\/\/www.imobiliare.ro\/imoexpert\/#organization\"},\"image\":{\"@id\":\"https:\/\/www.imobiliare.ro\/imoexpert\/care-sunt-tendintele-anului-2018-in-materie-de-finisaje-evolutia-pietei-de-profil-in-ultimii-ani_db\/#primaryimage\"},\"thumbnailUrl\":\"https:\/\/www.imobiliare.ro\/imoexpert\/wp-content\/uploads\/2018\/06\/finisaje.jpg\",\"keywords\":[\"finisaje\"],\"articleSection\":[\"Concursuri\"],\"inLanguage\":\"en\",\"potentialAction\":[{\"@type\":\"CommentAction\",\"name\":\"Comment\",\"target\":[\"https:\/\/www.imobiliare.ro\/imoexpert\/care-sunt-tendintele-anului-2018-in-materie-de-finisaje-evolutia-pietei-de-profil-in-ultimii-ani_db\/#respond\"]}],\"copyrightYear\":\"2018\",\"copyrightHolder\":{\"@id\":\"https:\/\/www.imobiliare.ro\/imoexpert\/#organization\"}},{\"@type\":\"WebPage\",\"@id\":\"https:\/\/www.imobiliare.ro\/imoexpert\/care-sunt-tendintele-anului-2018-in-materie-de-finisaje-evolutia-pietei-de-profil-in-ultimii-ani_db\/\",\"url\":\"https:\/\/www.imobiliare.ro\/imoexpert\/care-sunt-tendintele-anului-2018-in-materie-de-finisaje-evolutia-pietei-de-profil-in-ultimii-ani_db\/\",\"name\":\"Care sunt tendin\u021bele anului 2018 \u00een materie de finisaje. Evolu\u021bia pie\u021bei de profil \u00een ultimii ani - Concursuri - ImoExpert\",\"isPartOf\":{\"@id\":\"https:\/\/www.imobiliare.ro\/imoexpert\/#website\"},\"primaryImageOfPage\":{\"@id\":\"https:\/\/www.imobiliare.ro\/imoexpert\/care-sunt-tendintele-anului-2018-in-materie-de-finisaje-evolutia-pietei-de-profil-in-ultimii-ani_db\/#primaryimage\"},\"image\":{\"@id\":\"https:\/\/www.imobiliare.ro\/imoexpert\/care-sunt-tendintele-anului-2018-in-materie-de-finisaje-evolutia-pietei-de-profil-in-ultimii-ani_db\/#primaryimage\"},\"thumbnailUrl\":\"https:\/\/www.imobiliare.ro\/imoexpert\/wp-content\/uploads\/2018\/06\/finisaje.jpg\",\"datePublished\":\"2018-06-08T13:51:38+00:00\",\"description\":\"Vrei s\u0103 \u00ee\u021bi amenajezi locuin\u021ba dup\u0103 cele mai noi tendin\u021be \u00een materie de finisaje? Nimic mai simplu. Iat\u0103 aspectele pe care trebuie s\u0103 le ai \u00een vedere\",\"breadcrumb\":{\"@id\":\"https:\/\/www.imobiliare.ro\/imoexpert\/care-sunt-tendintele-anului-2018-in-materie-de-finisaje-evolutia-pietei-de-profil-in-ultimii-ani_db\/#breadcrumb\"},\"inLanguage\":\"en\",\"potentialAction\":[{\"@type\":\"ReadAction\",\"target\":[\"https:\/\/www.imobiliare.ro\/imoexpert\/care-sunt-tendintele-anului-2018-in-materie-de-finisaje-evolutia-pietei-de-profil-in-ultimii-ani_db\/\"]}]},{\"@type\":\"ImageObject\",\"inLanguage\":\"en\",\"@id\":\"https:\/\/www.imobiliare.ro\/imoexpert\/care-sunt-tendintele-anului-2018-in-materie-de-finisaje-evolutia-pietei-de-profil-in-ultimii-ani_db\/#primaryimage\",\"url\":\"https:\/\/www.imobiliare.ro\/imoexpert\/wp-content\/uploads\/2018\/06\/finisaje.jpg\",\"contentUrl\":\"https:\/\/www.imobiliare.ro\/imoexpert\/wp-content\/uploads\/2018\/06\/finisaje.jpg\",\"width\":1280,\"height\":803,\"caption\":\"finisaje\"},{\"@type\":\"BreadcrumbList\",\"@id\":\"https:\/\/www.imobiliare.ro\/imoexpert\/care-sunt-tendintele-anului-2018-in-materie-de-finisaje-evolutia-pietei-de-profil-in-ultimii-ani_db\/#breadcrumb\",\"itemListElement\":[{\"@type\":\"ListItem\",\"position\":1,\"name\":\"Imoradar24\",\"item\":\"https:\/\/www.imoradar24.ro\"},{\"@type\":\"ListItem\",\"position\":2,\"name\":\"ImoExpert\",\"item\":\"https:\/\/www.imobiliare.ro\/imoexpert\/\"},{\"@type\":\"ListItem\",\"position\":3,\"name\":\"Concursuri\",\"item\":\"https:\/\/www.imobiliare.ro\/imoexpert\/concursuri\/\"},{\"@type\":\"ListItem\",\"position\":4,\"name\":\"Care sunt tendin\u021bele anului 2018 \u00een materie de finisaje. Evolu\u021bia pie\u021bei de profil \u00een ultimii ani\"}]},{\"@type\":\"WebSite\",\"@id\":\"https:\/\/www.imobiliare.ro\/imoexpert\/#website\",\"url\":\"https:\/\/www.imobiliare.ro\/imoexpert\/\",\"name\":\"ImoExpert\",\"description\":\"cele mai importante \u015ftiri din domeniul imobiliar\",\"publisher\":{\"@id\":\"https:\/\/www.imobiliare.ro\/imoexpert\/#organization\"},\"inLanguage\":\"en\"},{\"@type\":\"Organization\",\"@id\":\"https:\/\/www.imobiliare.ro\/imoexpert\/#organization\",\"name\":\"Imobiliare.ro\",\"alternateName\":\"Realmedia Network SA\",\"url\":\"https:\/\/www.imobiliare.ro\/imoexpert\/\",\"logo\":{\"@type\":\"ImageObject\",\"inLanguage\":\"en\",\"@id\":\"https:\/\/www.imobiliare.ro\/imoexpert\/#\/schema\/logo\/image\/\",\"url\":\"https:\/\/www.imobiliare.ro\/imoexpert\/wp-content\/uploads\/2025\/05\/imobiliare_logo.png\",\"contentUrl\":\"https:\/\/www.imobiliare.ro\/imoexpert\/wp-content\/uploads\/2025\/05\/imobiliare_logo.png\",\"width\":237,\"height\":29,\"caption\":\"Imobiliare.ro\"},\"image\":{\"@id\":\"https:\/\/www.imobiliare.ro\/imoexpert\/#\/schema\/logo\/image\/\"}},{\"@type\":\"Person\",\"@id\":\"https:\/\/www.imobiliare.ro\/imoexpert\/#\/schema\/person\/9ffdfbf24b82f39fc75a2fc6c19e4e99\",\"name\":\"Corina V\u00e2rlan\",\"image\":{\"@type\":\"ImageObject\",\"inLanguage\":\"en\",\"@id\":\"https:\/\/www.imobiliare.ro\/imoexpert\/#\/schema\/person\/image\/\",\"url\":\"https:\/\/www.imobiliare.ro\/imoexpert\/wp-content\/uploads\/2026\/02\/12-02-2025-5-rezumat-brasov-thumb-reels-1-1-96x96.png\",\"contentUrl\":\"https:\/\/www.imobiliare.ro\/imoexpert\/wp-content\/uploads\/2026\/02\/12-02-2025-5-rezumat-brasov-thumb-reels-1-1-96x96.png\",\"caption\":\"Corina V\u00e2rlan\"},\"description\":\"Cu o experien\u021b\u0103 de 14 ani \u00een presa online, comunicare \u0219i content marketing, Corina V\u00e2rlan s-a al\u0103turat echipei Imobiliare.ro \u00een urm\u0103 cu 8 ani \u0219i ocup\u0103, \u00een prezent, func\u021bia de Content Manager. Ea este gazda emisiunii \\\"\u00centreab\u0103 expertul\\\" \u0219i a seriei 5 \u0218tiri Imobiliare.ro, realizate \u00een parteneriat cu Libertatea. Corina \u00ee\u0219i concentreaz\u0103 activitatea pe analiza datelor de pia\u021b\u0103 \u0219i pe subiecte de interes at\u00e2t pentru cei afla\u021bi \u00een c\u0103utarea unei locuin\u021be, c\u00e2t \u0219i pentru proprietari sau chiria\u0219i.\",\"alternateName\":\"Corina\",\"jobTitle\":\"Content Manager\",\"url\":\"https:\/\/www.imobiliare.ro\/imoexpert\/author\/corina-varlan\/\"}]}<\/script>\n<!-- \/ Yoast SEO Premium plugin. -->","yoast_head_json":{"title":"Care sunt tendin\u021bele anului 2018 \u00een materie de finisaje. Evolu\u021bia pie\u021bei de profil \u00een ultimii ani - Concursuri - ImoExpert","description":"Vrei s\u0103 \u00ee\u021bi amenajezi locuin\u021ba dup\u0103 cele mai noi tendin\u021be \u00een materie de finisaje? Nimic mai simplu. Iat\u0103 aspectele pe care trebuie s\u0103 le ai \u00een vedere","robots":{"index":"index","follow":"follow"},"canonical":"https:\/\/www.imobiliare.ro\/imoexpert\/care-sunt-tendintele-anului-2018-in-materie-de-finisaje-evolutia-pietei-de-profil-in-ultimii-ani_db\/","og_locale":"ro_RO","og_type":"article","og_title":"Care sunt tendin\u021bele anului 2018 \u00een materie de finisaje. Evolu\u021bia pie\u021bei de profil \u00een ultimii ani","og_description":"Vrei s\u0103 \u00ee\u021bi amenajezi locuin\u021ba dup\u0103 cele mai noi tendin\u021be \u00een materie de finisaje? Nimic mai simplu. Iat\u0103 aspectele pe care trebuie s\u0103 le ai \u00een vedere","og_url":"https:\/\/www.imobiliare.ro\/imoexpert\/care-sunt-tendintele-anului-2018-in-materie-de-finisaje-evolutia-pietei-de-profil-in-ultimii-ani_db\/","og_site_name":"ImoExpert","article_published_time":"2018-06-08T13:51:38+00:00","og_image":[{"width":1280,"height":803,"url":"https:\/\/www.imobiliare.ro\/imoexpert\/wp-content\/uploads\/2018\/06\/finisaje.jpg","type":"image\/jpeg"}],"author":"Corina V\u00e2rlan","twitter_card":"summary_large_image","twitter_misc":{"Written by":"Corina V\u00e2rlan","Est. reading time":"3 minute"},"schema":{"@context":"https:\/\/schema.org","@graph":[{"@type":"Article","@id":"https:\/\/www.imobiliare.ro\/imoexpert\/care-sunt-tendintele-anului-2018-in-materie-de-finisaje-evolutia-pietei-de-profil-in-ultimii-ani_db\/#article","isPartOf":{"@id":"https:\/\/www.imobiliare.ro\/imoexpert\/care-sunt-tendintele-anului-2018-in-materie-de-finisaje-evolutia-pietei-de-profil-in-ultimii-ani_db\/"},"author":{"name":"Corina V\u00e2rlan","@id":"https:\/\/www.imobiliare.ro\/imoexpert\/#\/schema\/person\/9ffdfbf24b82f39fc75a2fc6c19e4e99"},"headline":"Care sunt tendin\u021bele anului 2018 \u00een materie de finisaje. Evolu\u021bia pie\u021bei de profil \u00een ultimii ani","datePublished":"2018-06-08T13:51:38+00:00","mainEntityOfPage":{"@id":"https:\/\/www.imobiliare.ro\/imoexpert\/care-sunt-tendintele-anului-2018-in-materie-de-finisaje-evolutia-pietei-de-profil-in-ultimii-ani_db\/"},"wordCount":574,"commentCount":2,"publisher":{"@id":"https:\/\/www.imobiliare.ro\/imoexpert\/#organization"},"image":{"@id":"https:\/\/www.imobiliare.ro\/imoexpert\/care-sunt-tendintele-anului-2018-in-materie-de-finisaje-evolutia-pietei-de-profil-in-ultimii-ani_db\/#primaryimage"},"thumbnailUrl":"https:\/\/www.imobiliare.ro\/imoexpert\/wp-content\/uploads\/2018\/06\/finisaje.jpg","keywords":["finisaje"],"articleSection":["Concursuri"],"inLanguage":"en","potentialAction":[{"@type":"CommentAction","name":"Comment","target":["https:\/\/www.imobiliare.ro\/imoexpert\/care-sunt-tendintele-anului-2018-in-materie-de-finisaje-evolutia-pietei-de-profil-in-ultimii-ani_db\/#respond"]}],"copyrightYear":"2018","copyrightHolder":{"@id":"https:\/\/www.imobiliare.ro\/imoexpert\/#organization"}},{"@type":"WebPage","@id":"https:\/\/www.imobiliare.ro\/imoexpert\/care-sunt-tendintele-anului-2018-in-materie-de-finisaje-evolutia-pietei-de-profil-in-ultimii-ani_db\/","url":"https:\/\/www.imobiliare.ro\/imoexpert\/care-sunt-tendintele-anului-2018-in-materie-de-finisaje-evolutia-pietei-de-profil-in-ultimii-ani_db\/","name":"Care sunt tendin\u021bele anului 2018 \u00een materie de finisaje. Evolu\u021bia pie\u021bei de profil \u00een ultimii ani - Concursuri - ImoExpert","isPartOf":{"@id":"https:\/\/www.imobiliare.ro\/imoexpert\/#website"},"primaryImageOfPage":{"@id":"https:\/\/www.imobiliare.ro\/imoexpert\/care-sunt-tendintele-anului-2018-in-materie-de-finisaje-evolutia-pietei-de-profil-in-ultimii-ani_db\/#primaryimage"},"image":{"@id":"https:\/\/www.imobiliare.ro\/imoexpert\/care-sunt-tendintele-anului-2018-in-materie-de-finisaje-evolutia-pietei-de-profil-in-ultimii-ani_db\/#primaryimage"},"thumbnailUrl":"https:\/\/www.imobiliare.ro\/imoexpert\/wp-content\/uploads\/2018\/06\/finisaje.jpg","datePublished":"2018-06-08T13:51:38+00:00","description":"Vrei s\u0103 \u00ee\u021bi amenajezi locuin\u021ba dup\u0103 cele mai noi tendin\u021be \u00een materie de finisaje? Nimic mai simplu. Iat\u0103 aspectele pe care trebuie s\u0103 le ai \u00een vedere","breadcrumb":{"@id":"https:\/\/www.imobiliare.ro\/imoexpert\/care-sunt-tendintele-anului-2018-in-materie-de-finisaje-evolutia-pietei-de-profil-in-ultimii-ani_db\/#breadcrumb"},"inLanguage":"en","potentialAction":[{"@type":"ReadAction","target":["https:\/\/www.imobiliare.ro\/imoexpert\/care-sunt-tendintele-anului-2018-in-materie-de-finisaje-evolutia-pietei-de-profil-in-ultimii-ani_db\/"]}]},{"@type":"ImageObject","inLanguage":"en","@id":"https:\/\/www.imobiliare.ro\/imoexpert\/care-sunt-tendintele-anului-2018-in-materie-de-finisaje-evolutia-pietei-de-profil-in-ultimii-ani_db\/#primaryimage","url":"https:\/\/www.imobiliare.ro\/imoexpert\/wp-content\/uploads\/2018\/06\/finisaje.jpg","contentUrl":"https:\/\/www.imobiliare.ro\/imoexpert\/wp-content\/uploads\/2018\/06\/finisaje.jpg","width":1280,"height":803,"caption":"finisaje"},{"@type":"BreadcrumbList","@id":"https:\/\/www.imobiliare.ro\/imoexpert\/care-sunt-tendintele-anului-2018-in-materie-de-finisaje-evolutia-pietei-de-profil-in-ultimii-ani_db\/#breadcrumb","itemListElement":[{"@type":"ListItem","position":1,"name":"Imoradar24","item":"https:\/\/www.imoradar24.ro"},{"@type":"ListItem","position":2,"name":"ImoExpert","item":"https:\/\/www.imobiliare.ro\/imoexpert\/"},{"@type":"ListItem","position":3,"name":"Concursuri","item":"https:\/\/www.imobiliare.ro\/imoexpert\/concursuri\/"},{"@type":"ListItem","position":4,"name":"Care sunt tendin\u021bele anului 2018 \u00een materie de finisaje. Evolu\u021bia pie\u021bei de profil \u00een ultimii ani"}]},{"@type":"WebSite","@id":"https:\/\/www.imobiliare.ro\/imoexpert\/#website","url":"https:\/\/www.imobiliare.ro\/imoexpert\/","name":"ImoExpert","description":"cele mai importante \u015ftiri din domeniul imobiliar","publisher":{"@id":"https:\/\/www.imobiliare.ro\/imoexpert\/#organization"},"inLanguage":"en"},{"@type":"Organization","@id":"https:\/\/www.imobiliare.ro\/imoexpert\/#organization","name":"Imobiliare.ro","alternateName":"Realmedia Network SA","url":"https:\/\/www.imobiliare.ro\/imoexpert\/","logo":{"@type":"ImageObject","inLanguage":"en","@id":"https:\/\/www.imobiliare.ro\/imoexpert\/#\/schema\/logo\/image\/","url":"https:\/\/www.imobiliare.ro\/imoexpert\/wp-content\/uploads\/2025\/05\/imobiliare_logo.png","contentUrl":"https:\/\/www.imobiliare.ro\/imoexpert\/wp-content\/uploads\/2025\/05\/imobiliare_logo.png","width":237,"height":29,"caption":"Imobiliare.ro"},"image":{"@id":"https:\/\/www.imobiliare.ro\/imoexpert\/#\/schema\/logo\/image\/"}},{"@type":"Person","@id":"https:\/\/www.imobiliare.ro\/imoexpert\/#\/schema\/person\/9ffdfbf24b82f39fc75a2fc6c19e4e99","name":"Corina V\u00e2rlan","image":{"@type":"ImageObject","inLanguage":"en","@id":"https:\/\/www.imobiliare.ro\/imoexpert\/#\/schema\/person\/image\/","url":"https:\/\/www.imobiliare.ro\/imoexpert\/wp-content\/uploads\/2026\/02\/12-02-2025-5-rezumat-brasov-thumb-reels-1-1-96x96.png","contentUrl":"https:\/\/www.imobiliare.ro\/imoexpert\/wp-content\/uploads\/2026\/02\/12-02-2025-5-rezumat-brasov-thumb-reels-1-1-96x96.png","caption":"Corina V\u00e2rlan"},"description":"Cu o experien\u021b\u0103 de 14 ani \u00een presa online, comunicare \u0219i content marketing, Corina V\u00e2rlan s-a al\u0103turat echipei Imobiliare.ro \u00een urm\u0103 cu 8 ani \u0219i ocup\u0103, \u00een prezent, func\u021bia de Content Manager. Ea este gazda emisiunii \"\u00centreab\u0103 expertul\" \u0219i a seriei 5 \u0218tiri Imobiliare.ro, realizate \u00een parteneriat cu Libertatea. Corina \u00ee\u0219i concentreaz\u0103 activitatea pe analiza datelor de pia\u021b\u0103 \u0219i pe subiecte de interes at\u00e2t pentru cei afla\u021bi \u00een c\u0103utarea unei locuin\u021be, c\u00e2t \u0219i pentru proprietari sau chiria\u0219i.","alternateName":"Corina","jobTitle":"Content Manager","url":"https:\/\/www.imobiliare.ro\/imoexpert\/author\/corina-varlan\/"}]}},"_links":{"self":[{"href":"https:\/\/www.imobiliare.ro\/imoexpert\/wp-json\/wp\/v2\/posts\/53079","targetHints":{"allow":["GET"]}}],"collection":[{"href":"https:\/\/www.imobiliare.ro\/imoexpert\/wp-json\/wp\/v2\/posts"}],"about":[{"href":"https:\/\/www.imobiliare.ro\/imoexpert\/wp-json\/wp\/v2\/types\/post"}],"author":[{"embeddable":true,"href":"https:\/\/www.imobiliare.ro\/imoexpert\/wp-json\/wp\/v2\/users\/5891"}],"replies":[{"embeddable":true,"href":"https:\/\/www.imobiliare.ro\/imoexpert\/wp-json\/wp\/v2\/comments?post=53079"}],"version-history":[{"count":0,"href":"https:\/\/www.imobiliare.ro\/imoexpert\/wp-json\/wp\/v2\/posts\/53079\/revisions"}],"wp:featuredmedia":[{"embeddable":true,"href":"https:\/\/www.imobiliare.ro\/imoexpert\/wp-json\/wp\/v2\/media\/53082"}],"wp:attachment":[{"href":"https:\/\/www.imobiliare.ro\/imoexpert\/wp-json\/wp\/v2\/media?parent=53079"}],"wp:term":[{"taxonomy":"category","embeddable":true,"href":"https:\/\/www.imobiliare.ro\/imoexpert\/wp-json\/wp\/v2\/categories?post=53079"},{"taxonomy":"post_tag","embeddable":true,"href":"https:\/\/www.imobiliare.ro\/imoexpert\/wp-json\/wp\/v2\/tags?post=53079"},{"taxonomy":"content_author","embeddable":true,"href":"https:\/\/www.imobiliare.ro\/imoexpert\/wp-json\/wp\/v2\/content_author?post=53079"}],"curies":[{"name":"wp","href":"https:\/\/api.w.org\/{rel}","templated":true}]}}