{"id":53579,"date":"2018-08-13T16:59:12","date_gmt":"2018-08-13T13:59:12","guid":{"rendered":"https:\/\/www.imobiliare.ro\/imoexpert\/?p=53579"},"modified":"2018-08-13T16:59:12","modified_gmt":"2018-08-13T13:59:12","slug":"imobiliare-ro-da-startul-vizionarilor-live-de-apartamente-in-cadrul-targului-de-chirii","status":"publish","type":"post","link":"https:\/\/www.imobiliare.ro\/imoexpert\/imobiliare-ro-da-startul-vizionarilor-live-de-apartamente-in-cadrul-targului-de-chirii_db\/","title":{"rendered":"Imobiliare.ro d\u0103 startul vizion\u0103rilor live de apartamente \u00een cadrul T\u00e2rgului de Chirii"},"content":{"rendered":"<p><a class=\"article-body-links\"href=\"https:\/\/www.imobiliare.ro\/imoexpert\/wp-content\/uploads\/2018\/08\/Targul-de-Chirii.jpg\"><img loading=\"lazy\" decoding=\"async\" src=\"https:\/\/www.imobiliare.ro\/imoexpert\/wp-content\/uploads\/2018\/08\/Targul-de-Chirii.jpg\" alt=\"Imobiliare.ro da startul vizionarilor live de apartamente in cadrul Targului de Chirii\" width=\"1000\" height=\"466\" class=\"aligncenter size-full wp-image-53626\" srcset=\"https:\/\/www.imobiliare.ro\/imoexpert\/wp-content\/uploads\/2018\/08\/Targul-de-Chirii.jpg 1000w, https:\/\/www.imobiliare.ro\/imoexpert\/wp-content\/uploads\/2018\/08\/Targul-de-Chirii-300x140.jpg 300w, https:\/\/www.imobiliare.ro\/imoexpert\/wp-content\/uploads\/2018\/08\/Targul-de-Chirii-768x358.jpg 768w\" sizes=\"auto, (max-width: 1000px) 100vw, 1000px\" \/><\/a><\/p>\n<h2><strong>\u00cen ultimii ani, a devenit un obicei ca studen\u021bii din marile centre universitare ale \u021b\u0103rii s\u0103 \u00eenceap\u0103 s\u0103-\u0219i caute chirie \u00eenc\u0103 din perioada de var\u0103, astfel c\u0103 \u00een luna septembrie au loc, de regul\u0103, cam ultimele astfel de tranzac\u021bii. Acesta este motivul pentru care<a class=\"article-body-links\"href=\"https:\/\/www.imobiliare.ro\/\" target=\"_blank\" rel=\"noopener\">\u00a0Imobiliare.ro\u00a0<\/a>a decis s\u0103 lanseze cea de-a patra edi\u021bie a<a class=\"article-body-links\"href=\"https:\/\/www.imobiliare.ro\/targuldechirii\" target=\"_blank\" rel=\"noopener\">\u00a0T\u00e2rgului de Chirii<\/a>\u00a0\u2013 iar pentru a veni \u00een \u00eent\u00e2mpinarea c\u00e2t mai multor tineri afla\u021bi \u00een c\u0103utarea unei locuin\u021be de \u00eenchiriat (studen\u021bi, dar nu numai), platforma va fi func\u021bional\u0103 p\u00e2n\u0103 la \u00eenceputul lunii octombrie.<\/strong><\/h2>\n<p>Edi\u021bia de anul acesta a t\u00e2rgului aduce \u00eenc\u0103 o noutate pentru pia\u021ba imobiliar\u0103 din Rom\u00e2nia: din 13 august, cei interesa\u021bi de g\u0103sirea unei chirii vor putea urm\u0103ri, pe\u00a0<a class=\"article-body-links\"href=\"https:\/\/www.facebook.com\/TarguldeChirii\/\" target=\"_blank\" rel=\"noopener\">pagina de Facebook<\/a>\u00a0a evenimentului, o serie de vizion\u0103ri de apartamente realizate de c\u0103tre studentExper\u021bii Imobiliare.ro, adic\u0103 studen\u021bi care cunosc foarte bine ora\u0219ele respective \u0219i realizeaz\u0103 vizion\u0103ri pe care le transmit live pentru colegii lor afla\u021bi \u00een alte ora\u0219e. \u00cen fiecare zi vor avea loc mai multe asemenea prezent\u0103ri de propriet\u0103\u021bi \u2013 ele vor fi transmise, live, din cele patru mari centre universitare, respectiv Bucure\u0219ti, Cluj-Napoca, Ia\u0219i \u0219i Timi\u0219oara. Prin intermediul acestor vizion\u0103ri, studen\u021bii vor avea ocazia de a-\u0219i forma o imagine c\u00e2t mai realist\u0103 asupra ofertei disponibile \u00een ora\u0219ul care \u00eei intereseaz\u0103 \u2013 \u0219i, de ce nu, chiar de a identifica o locuin\u021b\u0103 potrivit\u0103 pentru nevoile lor (\u0219i de a intra, ulterior, \u00een leg\u0103tur\u0103 cu proprietarul acesteia).<\/p>\n<p>Comparativ cu anul trecut, \u00een 2018\u00a0<strong><a class=\"article-body-links\"href=\"https:\/\/www.imobiliare.ro\/targuldechirii\" target=\"_blank\" rel=\"noopener\">T\u00e2rgul de Chirii<\/a><\/strong>\u00a0reune\u0219te mai multe propriet\u0103\u021bi, respectiv 10.000 de apartamente cu una, dou\u0103 \u0219i trei camere (acestea fiind cele mai c\u0103utate pe segmentul \u00eenchirierilor \u00een general \u0219i de c\u0103tre studen\u021bi \u00een mod special). Ofertele prezentate pornesc de la un pre\u021b de 125-130 de euro pe lun\u0103 \u2013 at\u00e2t cost\u0103, spre exemplu, o garsonier\u0103 cu o suprafa\u021b\u0103 de 17 metri p\u0103tra\u021bi disponibil\u0103 \u00een zona Complex Studen\u021besc, din Timi\u0219oara.<\/p>\n<p>Pentru a r\u0103spunde c\u00e2t mai bine nevoilor studen\u021bilor, t\u00e2rgul ofer\u0103 posibilitatea ordon\u0103rii propriet\u0103\u021bilor \u00een func\u021bie de distan\u021ba fa\u021b\u0103 de facult\u0103\u021bi, vizitatorii av\u00e2nd la dispozi\u021bie \u0219i o hart\u0103 cu amplasamentul exact al acestora. \u00cen plus, ofertele au fost selectate \u00een func\u021bie de o limit\u0103 superioar\u0103 de pre\u021b: 350 de euro pe lun\u0103 pentru garsoniere, 500 de euro pe lun\u0103 pentru apartamentele cu dou\u0103 camere \u0219i, respectiv, 600 de euro pe lun\u0103 pentru unit\u0103\u021bile locative cu trei camere. Cei interesa\u021bi \u0219i de ofertele mai scumpe pot anula, \u00eens\u0103, cu u\u0219urin\u021b\u0103 aceast\u0103 presetare, av\u00e2nd, astfel, acces la toate ofertele disponibile pe site.<\/p>\n<p>Din 2015 \u00eencoace, chiriile apartamentelor din marile ora\u0219e ale \u021b\u0103rii au revenit, potrivit datelor\u00a0<strong><a class=\"article-body-links\"href=\"https:\/\/www.imobiliare.ro\/\" target=\"_blank\" rel=\"noopener\">Imobiliare.ro<\/a><\/strong>, pe un trend general ascendent, \u00een consonan\u021b\u0103 cu tendin\u021ba general\u0103 a pie\u021bei imobiliare autohtone. 2018 nu face excep\u021bie de la regul\u0103, statisticile portalului relev\u00e2nd c\u0103 nivelul chiriilor din marile centre universitare este deja mai mare dec\u00e2t \u00een perioada similar\u0103 a anului trecut. Majorarea preten\u021biilor proprietarilor are loc, \u00een mod tradi\u021bional, toamna \u2013 sau, mai nou, \u00een ultimele luni de var\u0103 \u2013, pe fondul cre\u0219terii sensibile a cererii pe acest segment, ce ajunge la 15-20% comparativ cu restul anului.<\/p>\n","protected":false},"excerpt":{"rendered":"<p>\u00cen ultimii ani, a devenit un obicei ca studen\u021bii din marile centre universitare ale \u021b\u0103rii s\u0103 \u00eenceap\u0103 s\u0103-\u0219i caute chirie \u00eenc\u0103 din perioada de var\u0103, astfel c\u0103 \u00een luna septembrie au loc, de regul\u0103, cam ultimele astfel de tranzac\u021bii. Acesta este motivul pentru care\u00a0Imobiliare.ro\u00a0a decis s\u0103 lanseze cea de-a patra edi\u021bie a\u00a0T\u00e2rgului de Chirii\u00a0\u2013 iar [&hellip;]<\/p>\n","protected":false},"author":5891,"featured_media":0,"comment_status":"open","ping_status":"open","sticky":false,"template":"","format":"standard","meta":{"footnotes":""},"categories":[],"tags":[],"content_author":[],"class_list":["post-53579","post","type-post","status-publish","format-standard","hentry"],"yoast_head":"<!-- This site is optimized with the Yoast SEO Premium plugin v27.0 (Yoast SEO v27.0) - https:\/\/yoast.com\/product\/yoast-seo-premium-wordpress\/ -->\n<title>T\u00e2rgul de Chirii: Imobiliare.ro d\u0103 startul vizion\u0103rilor live de apartamente!<\/title>\n<meta name=\"description\" content=\"Edi\u021bia de anul acesta a T\u00e2rgului de Chirii aduce \u00eenc\u0103 o noutate pentru pia\u021ba imobiliar\u0103 din Rom\u00e2nia: din 13 august, cei interesa\u021bi de g\u0103sirea unei chirii vor putea urm\u0103ri, pe\u00a0pagina de Facebook\u00a0a evenimentului, o serie de vizion\u0103ri de apartamente realizate de c\u0103tre studen\u021bi afla\u021bi la fa\u021ba locului.\" \/>\n<meta name=\"robots\" content=\"index, follow\" \/>\n<link rel=\"canonical\" href=\"https:\/\/www.imobiliare.ro\/imoexpert\/imobiliare-ro-da-startul-vizionarilor-live-de-apartamente-in-cadrul-targului-de-chirii_db\/\" \/>\n<meta property=\"og:locale\" content=\"ro_RO\" \/>\n<meta property=\"og:type\" content=\"article\" \/>\n<meta property=\"og:title\" content=\"Imobiliare.ro d\u0103 startul vizion\u0103rilor live de apartamente \u00een cadrul T\u00e2rgului de Chirii\" \/>\n<meta property=\"og:description\" content=\"Edi\u021bia de anul acesta a T\u00e2rgului de Chirii aduce \u00eenc\u0103 o noutate pentru pia\u021ba imobiliar\u0103 din Rom\u00e2nia: din 13 august, cei interesa\u021bi de g\u0103sirea unei chirii vor putea urm\u0103ri, pe\u00a0pagina de Facebook\u00a0a evenimentului, o serie de vizion\u0103ri de apartamente realizate de c\u0103tre studen\u021bi afla\u021bi la fa\u021ba locului.\" \/>\n<meta property=\"og:url\" content=\"https:\/\/www.imobiliare.ro\/imoexpert\/imobiliare-ro-da-startul-vizionarilor-live-de-apartamente-in-cadrul-targului-de-chirii_db\/\" \/>\n<meta property=\"og:site_name\" content=\"ImoExpert\" \/>\n<meta property=\"article:published_time\" content=\"2018-08-13T13:59:12+00:00\" \/>\n<meta property=\"og:image\" content=\"https:\/\/www.imobiliare.ro\/imoexpert\/wp-content\/uploads\/2018\/08\/Targul-de-Chirii.jpg\" \/>\n\t<meta property=\"og:image:width\" content=\"1000\" \/>\n\t<meta property=\"og:image:height\" content=\"466\" \/>\n\t<meta property=\"og:image:type\" content=\"image\/jpeg\" \/>\n<meta name=\"author\" content=\"Corina V\u00e2rlan\" \/>\n<meta name=\"twitter:card\" content=\"summary_large_image\" \/>\n<meta name=\"twitter:label1\" content=\"Written by\" \/>\n\t<meta name=\"twitter:data1\" content=\"Corina V\u00e2rlan\" \/>\n\t<meta name=\"twitter:label2\" content=\"Est. reading time\" \/>\n\t<meta name=\"twitter:data2\" content=\"3 minute\" \/>\n<script type=\"application\/ld+json\" class=\"yoast-schema-graph\">{\"@context\":\"https:\/\/schema.org\",\"@graph\":[{\"@type\":\"Article\",\"@id\":\"https:\/\/www.imobiliare.ro\/imoexpert\/imobiliare-ro-da-startul-vizionarilor-live-de-apartamente-in-cadrul-targului-de-chirii_db\/#article\",\"isPartOf\":{\"@id\":\"https:\/\/www.imobiliare.ro\/imoexpert\/imobiliare-ro-da-startul-vizionarilor-live-de-apartamente-in-cadrul-targului-de-chirii_db\/\"},\"author\":{\"name\":\"Corina V\u00e2rlan\",\"@id\":\"https:\/\/www.imobiliare.ro\/imoexpert\/#\/schema\/person\/9ffdfbf24b82f39fc75a2fc6c19e4e99\"},\"headline\":\"Imobiliare.ro d\u0103 startul vizion\u0103rilor live de apartamente \u00een cadrul T\u00e2rgului de Chirii\",\"datePublished\":\"2018-08-13T13:59:12+00:00\",\"mainEntityOfPage\":{\"@id\":\"https:\/\/www.imobiliare.ro\/imoexpert\/imobiliare-ro-da-startul-vizionarilor-live-de-apartamente-in-cadrul-targului-de-chirii_db\/\"},\"wordCount\":579,\"commentCount\":1,\"publisher\":{\"@id\":\"https:\/\/www.imobiliare.ro\/imoexpert\/#organization\"},\"image\":{\"@id\":\"https:\/\/www.imobiliare.ro\/imoexpert\/imobiliare-ro-da-startul-vizionarilor-live-de-apartamente-in-cadrul-targului-de-chirii_db\/#primaryimage\"},\"thumbnailUrl\":\"https:\/\/www.imobiliare.ro\/imoexpert\/wp-content\/uploads\/2018\/08\/Targul-de-Chirii.jpg\",\"inLanguage\":\"en\",\"potentialAction\":[{\"@type\":\"CommentAction\",\"name\":\"Comment\",\"target\":[\"https:\/\/www.imobiliare.ro\/imoexpert\/imobiliare-ro-da-startul-vizionarilor-live-de-apartamente-in-cadrul-targului-de-chirii_db\/#respond\"]}],\"copyrightYear\":\"2018\",\"copyrightHolder\":{\"@id\":\"https:\/\/www.imobiliare.ro\/imoexpert\/#organization\"}},{\"@type\":\"WebPage\",\"@id\":\"https:\/\/www.imobiliare.ro\/imoexpert\/imobiliare-ro-da-startul-vizionarilor-live-de-apartamente-in-cadrul-targului-de-chirii_db\/\",\"url\":\"https:\/\/www.imobiliare.ro\/imoexpert\/imobiliare-ro-da-startul-vizionarilor-live-de-apartamente-in-cadrul-targului-de-chirii_db\/\",\"name\":\"T\u00e2rgul de Chirii: Imobiliare.ro d\u0103 startul vizion\u0103rilor live de apartamente!\",\"isPartOf\":{\"@id\":\"https:\/\/www.imobiliare.ro\/imoexpert\/#website\"},\"primaryImageOfPage\":{\"@id\":\"https:\/\/www.imobiliare.ro\/imoexpert\/imobiliare-ro-da-startul-vizionarilor-live-de-apartamente-in-cadrul-targului-de-chirii_db\/#primaryimage\"},\"image\":{\"@id\":\"https:\/\/www.imobiliare.ro\/imoexpert\/imobiliare-ro-da-startul-vizionarilor-live-de-apartamente-in-cadrul-targului-de-chirii_db\/#primaryimage\"},\"thumbnailUrl\":\"https:\/\/www.imobiliare.ro\/imoexpert\/wp-content\/uploads\/2018\/08\/Targul-de-Chirii.jpg\",\"datePublished\":\"2018-08-13T13:59:12+00:00\",\"description\":\"Edi\u021bia de anul acesta a T\u00e2rgului de Chirii aduce \u00eenc\u0103 o noutate pentru pia\u021ba imobiliar\u0103 din Rom\u00e2nia: din 13 august, cei interesa\u021bi de g\u0103sirea unei chirii vor putea urm\u0103ri, pe\u00a0pagina de Facebook\u00a0a evenimentului, o serie de vizion\u0103ri de apartamente realizate de c\u0103tre studen\u021bi afla\u021bi la fa\u021ba locului.\",\"breadcrumb\":{\"@id\":\"https:\/\/www.imobiliare.ro\/imoexpert\/imobiliare-ro-da-startul-vizionarilor-live-de-apartamente-in-cadrul-targului-de-chirii_db\/#breadcrumb\"},\"inLanguage\":\"en\",\"potentialAction\":[{\"@type\":\"ReadAction\",\"target\":[\"https:\/\/www.imobiliare.ro\/imoexpert\/imobiliare-ro-da-startul-vizionarilor-live-de-apartamente-in-cadrul-targului-de-chirii_db\/\"]}]},{\"@type\":\"ImageObject\",\"inLanguage\":\"en\",\"@id\":\"https:\/\/www.imobiliare.ro\/imoexpert\/imobiliare-ro-da-startul-vizionarilor-live-de-apartamente-in-cadrul-targului-de-chirii_db\/#primaryimage\",\"url\":\"https:\/\/www.imobiliare.ro\/imoexpert\/wp-content\/uploads\/2018\/08\/Targul-de-Chirii.jpg\",\"contentUrl\":\"https:\/\/www.imobiliare.ro\/imoexpert\/wp-content\/uploads\/2018\/08\/Targul-de-Chirii.jpg\"},{\"@type\":\"BreadcrumbList\",\"@id\":\"https:\/\/www.imobiliare.ro\/imoexpert\/imobiliare-ro-da-startul-vizionarilor-live-de-apartamente-in-cadrul-targului-de-chirii_db\/#breadcrumb\",\"itemListElement\":[{\"@type\":\"ListItem\",\"position\":1,\"name\":\"Imoradar24\",\"item\":\"https:\/\/www.imoradar24.ro\"},{\"@type\":\"ListItem\",\"position\":2,\"name\":\"ImoExpert\",\"item\":\"https:\/\/www.imobiliare.ro\/imoexpert\/\"},{\"@type\":\"ListItem\",\"position\":3,\"name\":\"\u0218tiri\",\"item\":\"https:\/\/www.imobiliare.ro\/imoexpert\/stiri\/\"},{\"@type\":\"ListItem\",\"position\":4,\"name\":\"Imobiliare.ro d\u0103 startul vizion\u0103rilor live de apartamente \u00een cadrul T\u00e2rgului de Chirii\"}]},{\"@type\":\"WebSite\",\"@id\":\"https:\/\/www.imobiliare.ro\/imoexpert\/#website\",\"url\":\"https:\/\/www.imobiliare.ro\/imoexpert\/\",\"name\":\"ImoExpert\",\"description\":\"cele mai importante \u015ftiri din domeniul imobiliar\",\"publisher\":{\"@id\":\"https:\/\/www.imobiliare.ro\/imoexpert\/#organization\"},\"inLanguage\":\"en\"},{\"@type\":\"Organization\",\"@id\":\"https:\/\/www.imobiliare.ro\/imoexpert\/#organization\",\"name\":\"Imobiliare.ro\",\"alternateName\":\"Realmedia Network SA\",\"url\":\"https:\/\/www.imobiliare.ro\/imoexpert\/\",\"logo\":{\"@type\":\"ImageObject\",\"inLanguage\":\"en\",\"@id\":\"https:\/\/www.imobiliare.ro\/imoexpert\/#\/schema\/logo\/image\/\",\"url\":\"https:\/\/www.imobiliare.ro\/imoexpert\/wp-content\/uploads\/2025\/05\/imobiliare_logo.png\",\"contentUrl\":\"https:\/\/www.imobiliare.ro\/imoexpert\/wp-content\/uploads\/2025\/05\/imobiliare_logo.png\",\"width\":237,\"height\":29,\"caption\":\"Imobiliare.ro\"},\"image\":{\"@id\":\"https:\/\/www.imobiliare.ro\/imoexpert\/#\/schema\/logo\/image\/\"}},{\"@type\":\"Person\",\"@id\":\"https:\/\/www.imobiliare.ro\/imoexpert\/#\/schema\/person\/9ffdfbf24b82f39fc75a2fc6c19e4e99\",\"name\":\"Corina V\u00e2rlan\",\"image\":{\"@type\":\"ImageObject\",\"inLanguage\":\"en\",\"@id\":\"https:\/\/www.imobiliare.ro\/imoexpert\/#\/schema\/person\/image\/\",\"url\":\"https:\/\/www.imobiliare.ro\/imoexpert\/wp-content\/uploads\/2026\/02\/12-02-2025-5-rezumat-brasov-thumb-reels-1-1-96x96.png\",\"contentUrl\":\"https:\/\/www.imobiliare.ro\/imoexpert\/wp-content\/uploads\/2026\/02\/12-02-2025-5-rezumat-brasov-thumb-reels-1-1-96x96.png\",\"caption\":\"Corina V\u00e2rlan\"},\"description\":\"Cu o experien\u021b\u0103 de 14 ani \u00een presa online, comunicare \u0219i content marketing, Corina V\u00e2rlan s-a al\u0103turat echipei Imobiliare.ro \u00een urm\u0103 cu 8 ani \u0219i ocup\u0103, \u00een prezent, func\u021bia de Content Manager. Ea este gazda emisiunii \\\"\u00centreab\u0103 expertul\\\" \u0219i a seriei 5 \u0218tiri Imobiliare.ro, realizate \u00een parteneriat cu Libertatea. Corina \u00ee\u0219i concentreaz\u0103 activitatea pe analiza datelor de pia\u021b\u0103 \u0219i pe subiecte de interes at\u00e2t pentru cei afla\u021bi \u00een c\u0103utarea unei locuin\u021be, c\u00e2t \u0219i pentru proprietari sau chiria\u0219i.\",\"alternateName\":\"Corina\",\"jobTitle\":\"Content Manager\",\"url\":\"https:\/\/www.imobiliare.ro\/imoexpert\/author\/corina-varlan\/\"}]}<\/script>\n<!-- \/ Yoast SEO Premium plugin. -->","yoast_head_json":{"title":"T\u00e2rgul de Chirii: Imobiliare.ro d\u0103 startul vizion\u0103rilor live de apartamente!","description":"Edi\u021bia de anul acesta a T\u00e2rgului de Chirii aduce \u00eenc\u0103 o noutate pentru pia\u021ba imobiliar\u0103 din Rom\u00e2nia: din 13 august, cei interesa\u021bi de g\u0103sirea unei chirii vor putea urm\u0103ri, pe\u00a0pagina de Facebook\u00a0a evenimentului, o serie de vizion\u0103ri de apartamente realizate de c\u0103tre studen\u021bi afla\u021bi la fa\u021ba locului.","robots":{"index":"index","follow":"follow"},"canonical":"https:\/\/www.imobiliare.ro\/imoexpert\/imobiliare-ro-da-startul-vizionarilor-live-de-apartamente-in-cadrul-targului-de-chirii_db\/","og_locale":"ro_RO","og_type":"article","og_title":"Imobiliare.ro d\u0103 startul vizion\u0103rilor live de apartamente \u00een cadrul T\u00e2rgului de Chirii","og_description":"Edi\u021bia de anul acesta a T\u00e2rgului de Chirii aduce \u00eenc\u0103 o noutate pentru pia\u021ba imobiliar\u0103 din Rom\u00e2nia: din 13 august, cei interesa\u021bi de g\u0103sirea unei chirii vor putea urm\u0103ri, pe\u00a0pagina de Facebook\u00a0a evenimentului, o serie de vizion\u0103ri de apartamente realizate de c\u0103tre studen\u021bi afla\u021bi la fa\u021ba locului.","og_url":"https:\/\/www.imobiliare.ro\/imoexpert\/imobiliare-ro-da-startul-vizionarilor-live-de-apartamente-in-cadrul-targului-de-chirii_db\/","og_site_name":"ImoExpert","article_published_time":"2018-08-13T13:59:12+00:00","og_image":[{"width":1000,"height":466,"url":"https:\/\/www.imobiliare.ro\/imoexpert\/wp-content\/uploads\/2018\/08\/Targul-de-Chirii.jpg","type":"image\/jpeg"}],"author":"Corina V\u00e2rlan","twitter_card":"summary_large_image","twitter_misc":{"Written by":"Corina V\u00e2rlan","Est. reading time":"3 minute"},"schema":{"@context":"https:\/\/schema.org","@graph":[{"@type":"Article","@id":"https:\/\/www.imobiliare.ro\/imoexpert\/imobiliare-ro-da-startul-vizionarilor-live-de-apartamente-in-cadrul-targului-de-chirii_db\/#article","isPartOf":{"@id":"https:\/\/www.imobiliare.ro\/imoexpert\/imobiliare-ro-da-startul-vizionarilor-live-de-apartamente-in-cadrul-targului-de-chirii_db\/"},"author":{"name":"Corina V\u00e2rlan","@id":"https:\/\/www.imobiliare.ro\/imoexpert\/#\/schema\/person\/9ffdfbf24b82f39fc75a2fc6c19e4e99"},"headline":"Imobiliare.ro d\u0103 startul vizion\u0103rilor live de apartamente \u00een cadrul T\u00e2rgului de Chirii","datePublished":"2018-08-13T13:59:12+00:00","mainEntityOfPage":{"@id":"https:\/\/www.imobiliare.ro\/imoexpert\/imobiliare-ro-da-startul-vizionarilor-live-de-apartamente-in-cadrul-targului-de-chirii_db\/"},"wordCount":579,"commentCount":1,"publisher":{"@id":"https:\/\/www.imobiliare.ro\/imoexpert\/#organization"},"image":{"@id":"https:\/\/www.imobiliare.ro\/imoexpert\/imobiliare-ro-da-startul-vizionarilor-live-de-apartamente-in-cadrul-targului-de-chirii_db\/#primaryimage"},"thumbnailUrl":"https:\/\/www.imobiliare.ro\/imoexpert\/wp-content\/uploads\/2018\/08\/Targul-de-Chirii.jpg","inLanguage":"en","potentialAction":[{"@type":"CommentAction","name":"Comment","target":["https:\/\/www.imobiliare.ro\/imoexpert\/imobiliare-ro-da-startul-vizionarilor-live-de-apartamente-in-cadrul-targului-de-chirii_db\/#respond"]}],"copyrightYear":"2018","copyrightHolder":{"@id":"https:\/\/www.imobiliare.ro\/imoexpert\/#organization"}},{"@type":"WebPage","@id":"https:\/\/www.imobiliare.ro\/imoexpert\/imobiliare-ro-da-startul-vizionarilor-live-de-apartamente-in-cadrul-targului-de-chirii_db\/","url":"https:\/\/www.imobiliare.ro\/imoexpert\/imobiliare-ro-da-startul-vizionarilor-live-de-apartamente-in-cadrul-targului-de-chirii_db\/","name":"T\u00e2rgul de Chirii: Imobiliare.ro d\u0103 startul vizion\u0103rilor live de apartamente!","isPartOf":{"@id":"https:\/\/www.imobiliare.ro\/imoexpert\/#website"},"primaryImageOfPage":{"@id":"https:\/\/www.imobiliare.ro\/imoexpert\/imobiliare-ro-da-startul-vizionarilor-live-de-apartamente-in-cadrul-targului-de-chirii_db\/#primaryimage"},"image":{"@id":"https:\/\/www.imobiliare.ro\/imoexpert\/imobiliare-ro-da-startul-vizionarilor-live-de-apartamente-in-cadrul-targului-de-chirii_db\/#primaryimage"},"thumbnailUrl":"https:\/\/www.imobiliare.ro\/imoexpert\/wp-content\/uploads\/2018\/08\/Targul-de-Chirii.jpg","datePublished":"2018-08-13T13:59:12+00:00","description":"Edi\u021bia de anul acesta a T\u00e2rgului de Chirii aduce \u00eenc\u0103 o noutate pentru pia\u021ba imobiliar\u0103 din Rom\u00e2nia: din 13 august, cei interesa\u021bi de g\u0103sirea unei chirii vor putea urm\u0103ri, pe\u00a0pagina de Facebook\u00a0a evenimentului, o serie de vizion\u0103ri de apartamente realizate de c\u0103tre studen\u021bi afla\u021bi la fa\u021ba locului.","breadcrumb":{"@id":"https:\/\/www.imobiliare.ro\/imoexpert\/imobiliare-ro-da-startul-vizionarilor-live-de-apartamente-in-cadrul-targului-de-chirii_db\/#breadcrumb"},"inLanguage":"en","potentialAction":[{"@type":"ReadAction","target":["https:\/\/www.imobiliare.ro\/imoexpert\/imobiliare-ro-da-startul-vizionarilor-live-de-apartamente-in-cadrul-targului-de-chirii_db\/"]}]},{"@type":"ImageObject","inLanguage":"en","@id":"https:\/\/www.imobiliare.ro\/imoexpert\/imobiliare-ro-da-startul-vizionarilor-live-de-apartamente-in-cadrul-targului-de-chirii_db\/#primaryimage","url":"https:\/\/www.imobiliare.ro\/imoexpert\/wp-content\/uploads\/2018\/08\/Targul-de-Chirii.jpg","contentUrl":"https:\/\/www.imobiliare.ro\/imoexpert\/wp-content\/uploads\/2018\/08\/Targul-de-Chirii.jpg"},{"@type":"BreadcrumbList","@id":"https:\/\/www.imobiliare.ro\/imoexpert\/imobiliare-ro-da-startul-vizionarilor-live-de-apartamente-in-cadrul-targului-de-chirii_db\/#breadcrumb","itemListElement":[{"@type":"ListItem","position":1,"name":"Imoradar24","item":"https:\/\/www.imoradar24.ro"},{"@type":"ListItem","position":2,"name":"ImoExpert","item":"https:\/\/www.imobiliare.ro\/imoexpert\/"},{"@type":"ListItem","position":3,"name":"\u0218tiri","item":"https:\/\/www.imobiliare.ro\/imoexpert\/stiri\/"},{"@type":"ListItem","position":4,"name":"Imobiliare.ro d\u0103 startul vizion\u0103rilor live de apartamente \u00een cadrul T\u00e2rgului de Chirii"}]},{"@type":"WebSite","@id":"https:\/\/www.imobiliare.ro\/imoexpert\/#website","url":"https:\/\/www.imobiliare.ro\/imoexpert\/","name":"ImoExpert","description":"cele mai importante \u015ftiri din domeniul imobiliar","publisher":{"@id":"https:\/\/www.imobiliare.ro\/imoexpert\/#organization"},"inLanguage":"en"},{"@type":"Organization","@id":"https:\/\/www.imobiliare.ro\/imoexpert\/#organization","name":"Imobiliare.ro","alternateName":"Realmedia Network SA","url":"https:\/\/www.imobiliare.ro\/imoexpert\/","logo":{"@type":"ImageObject","inLanguage":"en","@id":"https:\/\/www.imobiliare.ro\/imoexpert\/#\/schema\/logo\/image\/","url":"https:\/\/www.imobiliare.ro\/imoexpert\/wp-content\/uploads\/2025\/05\/imobiliare_logo.png","contentUrl":"https:\/\/www.imobiliare.ro\/imoexpert\/wp-content\/uploads\/2025\/05\/imobiliare_logo.png","width":237,"height":29,"caption":"Imobiliare.ro"},"image":{"@id":"https:\/\/www.imobiliare.ro\/imoexpert\/#\/schema\/logo\/image\/"}},{"@type":"Person","@id":"https:\/\/www.imobiliare.ro\/imoexpert\/#\/schema\/person\/9ffdfbf24b82f39fc75a2fc6c19e4e99","name":"Corina V\u00e2rlan","image":{"@type":"ImageObject","inLanguage":"en","@id":"https:\/\/www.imobiliare.ro\/imoexpert\/#\/schema\/person\/image\/","url":"https:\/\/www.imobiliare.ro\/imoexpert\/wp-content\/uploads\/2026\/02\/12-02-2025-5-rezumat-brasov-thumb-reels-1-1-96x96.png","contentUrl":"https:\/\/www.imobiliare.ro\/imoexpert\/wp-content\/uploads\/2026\/02\/12-02-2025-5-rezumat-brasov-thumb-reels-1-1-96x96.png","caption":"Corina V\u00e2rlan"},"description":"Cu o experien\u021b\u0103 de 14 ani \u00een presa online, comunicare \u0219i content marketing, Corina V\u00e2rlan s-a al\u0103turat echipei Imobiliare.ro \u00een urm\u0103 cu 8 ani \u0219i ocup\u0103, \u00een prezent, func\u021bia de Content Manager. Ea este gazda emisiunii \"\u00centreab\u0103 expertul\" \u0219i a seriei 5 \u0218tiri Imobiliare.ro, realizate \u00een parteneriat cu Libertatea. Corina \u00ee\u0219i concentreaz\u0103 activitatea pe analiza datelor de pia\u021b\u0103 \u0219i pe subiecte de interes at\u00e2t pentru cei afla\u021bi \u00een c\u0103utarea unei locuin\u021be, c\u00e2t \u0219i pentru proprietari sau chiria\u0219i.","alternateName":"Corina","jobTitle":"Content Manager","url":"https:\/\/www.imobiliare.ro\/imoexpert\/author\/corina-varlan\/"}]}},"_links":{"self":[{"href":"https:\/\/www.imobiliare.ro\/imoexpert\/wp-json\/wp\/v2\/posts\/53579","targetHints":{"allow":["GET"]}}],"collection":[{"href":"https:\/\/www.imobiliare.ro\/imoexpert\/wp-json\/wp\/v2\/posts"}],"about":[{"href":"https:\/\/www.imobiliare.ro\/imoexpert\/wp-json\/wp\/v2\/types\/post"}],"author":[{"embeddable":true,"href":"https:\/\/www.imobiliare.ro\/imoexpert\/wp-json\/wp\/v2\/users\/5891"}],"replies":[{"embeddable":true,"href":"https:\/\/www.imobiliare.ro\/imoexpert\/wp-json\/wp\/v2\/comments?post=53579"}],"version-history":[{"count":0,"href":"https:\/\/www.imobiliare.ro\/imoexpert\/wp-json\/wp\/v2\/posts\/53579\/revisions"}],"wp:attachment":[{"href":"https:\/\/www.imobiliare.ro\/imoexpert\/wp-json\/wp\/v2\/media?parent=53579"}],"wp:term":[{"taxonomy":"category","embeddable":true,"href":"https:\/\/www.imobiliare.ro\/imoexpert\/wp-json\/wp\/v2\/categories?post=53579"},{"taxonomy":"post_tag","embeddable":true,"href":"https:\/\/www.imobiliare.ro\/imoexpert\/wp-json\/wp\/v2\/tags?post=53579"},{"taxonomy":"content_author","embeddable":true,"href":"https:\/\/www.imobiliare.ro\/imoexpert\/wp-json\/wp\/v2\/content_author?post=53579"}],"curies":[{"name":"wp","href":"https:\/\/api.w.org\/{rel}","templated":true}]}}