{"id":54043,"date":"2018-10-11T19:19:04","date_gmt":"2018-10-11T16:19:04","guid":{"rendered":"https:\/\/www.imobiliare.ro\/imoexpert\/?p=54043"},"modified":"2018-10-11T19:19:04","modified_gmt":"2018-10-11T16:19:04","slug":"preturile-apartamentelor-au-urcat-in-septembrie-2018-vezi-unde-si-cu-cat","status":"publish","type":"post","link":"https:\/\/www.imobiliare.ro\/imoexpert\/preturile-apartamentelor-au-urcat-in-septembrie-2018-vezi-unde-si-cu-cat_db\/","title":{"rendered":"Pre\u021burile apartamentelor au urcat \u00een septembrie 2018. Vezi unde \u0219i cu c\u00e2t"},"content":{"rendered":"<p><a class=\"article-body-links\"href=\"https:\/\/www.imobiliare.ro\/imoexpert\/wp-content\/uploads\/2018\/10\/Preturile-apartamentelor-au-urcat-in-septembrie-2018.-Vezi-unde-si-cu-cat.jpg\"><img loading=\"lazy\" decoding=\"async\" src=\"https:\/\/www.imobiliare.ro\/imoexpert\/wp-content\/uploads\/2018\/10\/Preturile-apartamentelor-au-urcat-in-septembrie-2018.-Vezi-unde-si-cu-cat.jpg\" alt=\"Preturile apartamentelor au urcat in septembrie 2018. Vezi unde si cu cat\" width=\"800\" height=\"450\" class=\"aligncenter size-full wp-image-54044\" srcset=\"https:\/\/www.imobiliare.ro\/imoexpert\/wp-content\/uploads\/2018\/10\/Preturile-apartamentelor-au-urcat-in-septembrie-2018.-Vezi-unde-si-cu-cat.jpg 800w, https:\/\/www.imobiliare.ro\/imoexpert\/wp-content\/uploads\/2018\/10\/Preturile-apartamentelor-au-urcat-in-septembrie-2018.-Vezi-unde-si-cu-cat-300x169.jpg 300w, https:\/\/www.imobiliare.ro\/imoexpert\/wp-content\/uploads\/2018\/10\/Preturile-apartamentelor-au-urcat-in-septembrie-2018.-Vezi-unde-si-cu-cat-768x432.jpg 768w\" sizes=\"auto, (max-width: 800px) 100vw, 800px\" \/><\/a><\/p>\n<div id=\"ez-toc-container\" class=\"ez-toc-v2_0_81 counter-hierarchy ez-toc-counter ez-toc-grey ez-toc-container-direction\">\n<p class=\"ez-toc-title\" style=\"cursor:inherit\">Table of Contents<\/p>\n<label for=\"ez-toc-cssicon-toggle-item-69eddd82a6845\" class=\"ez-toc-cssicon-toggle-label\"><span class=\"ez-toc-cssicon\"><span class=\"eztoc-hide\" style=\"display:none;\">Toggle<\/span><span class=\"ez-toc-icon-toggle-span\"><svg style=\"fill: #999;color:#999\" xmlns=\"http:\/\/www.w3.org\/2000\/svg\" class=\"list-377408\" width=\"20px\" height=\"20px\" viewBox=\"0 0 24 24\" fill=\"none\"><path d=\"M6 6H4v2h2V6zm14 0H8v2h12V6zM4 11h2v2H4v-2zm16 0H8v2h12v-2zM4 16h2v2H4v-2zm16 0H8v2h12v-2z\" fill=\"currentColor\"><\/path><\/svg><svg style=\"fill: #999;color:#999\" class=\"arrow-unsorted-368013\" xmlns=\"http:\/\/www.w3.org\/2000\/svg\" width=\"10px\" height=\"10px\" viewBox=\"0 0 24 24\" version=\"1.2\" baseProfile=\"tiny\"><path d=\"M18.2 9.3l-6.2-6.3-6.2 6.3c-.2.2-.3.4-.3.7s.1.5.3.7c.2.2.4.3.7.3h11c.3 0 .5-.1.7-.3.2-.2.3-.5.3-.7s-.1-.5-.3-.7zM5.8 14.7l6.2 6.3 6.2-6.3c.2-.2.3-.5.3-.7s-.1-.5-.3-.7c-.2-.2-.4-.3-.7-.3h-11c-.3 0-.5.1-.7.3-.2.2-.3.5-.3.7s.1.5.3.7z\"\/><\/svg><\/span><\/span><\/label><input type=\"checkbox\"  id=\"ez-toc-cssicon-toggle-item-69eddd82a6845\"  aria-label=\"Toggle\" \/><nav><ul class='ez-toc-list ez-toc-list-level-1 ' ><li class='ez-toc-page-1 ez-toc-heading-level-2'><a class=\"ez-toc-link ez-toc-heading-1\" href=\"https:\/\/www.imobiliare.ro\/imoexpert\/preturile-apartamentelor-au-urcat-in-septembrie-2018-vezi-unde-si-cu-cat_db\/#In_septembrie_2018_interesul_pentru_achizitia_de_apartamente_a_crescut_%E2%80%93_si_la_fel_s-a_intamplat_cu_preturile_apartamentelor_disponibile_spre_vanzare_In_marile_orase_tendinta_de_majorare_a_fost_resimtita_in_special_pe_piata_noua\" >\u00cen septembrie 2018, interesul pentru achizi\u021bia de apartamente a crescut \u2013 \u0219i la fel s-a \u00eent\u00e2mplat cu pre\u021burile apartamentelor disponibile spre v\u00e2nzare. \u00cen marile ora\u0219e, tendin\u021ba de majorare a fost resim\u021bit\u0103 \u00een special pe pia\u021ba nou\u0103.<\/a><\/li><li class='ez-toc-page-1 ez-toc-heading-level-2'><a class=\"ez-toc-link ez-toc-heading-2\" href=\"https:\/\/www.imobiliare.ro\/imoexpert\/preturile-apartamentelor-au-urcat-in-septembrie-2018-vezi-unde-si-cu-cat_db\/#Bucuresti\" >Bucure\u0219ti:<\/a><\/li><li class='ez-toc-page-1 ez-toc-heading-level-2'><a class=\"ez-toc-link ez-toc-heading-3\" href=\"https:\/\/www.imobiliare.ro\/imoexpert\/preturile-apartamentelor-au-urcat-in-septembrie-2018-vezi-unde-si-cu-cat_db\/#Brasov\" >Bra\u0219ov:<\/a><\/li><li class='ez-toc-page-1 ez-toc-heading-level-2'><a class=\"ez-toc-link ez-toc-heading-4\" href=\"https:\/\/www.imobiliare.ro\/imoexpert\/preturile-apartamentelor-au-urcat-in-septembrie-2018-vezi-unde-si-cu-cat_db\/#Cluj-Napoca\" >Cluj-Napoca:<\/a><\/li><li class='ez-toc-page-1 ez-toc-heading-level-2'><a class=\"ez-toc-link ez-toc-heading-5\" href=\"https:\/\/www.imobiliare.ro\/imoexpert\/preturile-apartamentelor-au-urcat-in-septembrie-2018-vezi-unde-si-cu-cat_db\/#Constanta\" >Constan\u021ba:<\/a><\/li><li class='ez-toc-page-1 ez-toc-heading-level-2'><a class=\"ez-toc-link ez-toc-heading-6\" href=\"https:\/\/www.imobiliare.ro\/imoexpert\/preturile-apartamentelor-au-urcat-in-septembrie-2018-vezi-unde-si-cu-cat_db\/#Iasi\" >Ia\u0219i:<\/a><\/li><li class='ez-toc-page-1 ez-toc-heading-level-2'><a class=\"ez-toc-link ez-toc-heading-7\" href=\"https:\/\/www.imobiliare.ro\/imoexpert\/preturile-apartamentelor-au-urcat-in-septembrie-2018-vezi-unde-si-cu-cat_db\/#Timisoara\" >Timi\u0219oara:<\/a><\/li><\/ul><\/nav><\/div>\n<h2><span class=\"ez-toc-section\" id=\"In_septembrie_2018_interesul_pentru_achizitia_de_apartamente_a_crescut_%E2%80%93_si_la_fel_s-a_intamplat_cu_preturile_apartamentelor_disponibile_spre_vanzare_In_marile_orase_tendinta_de_majorare_a_fost_resimtita_in_special_pe_piata_noua\"><\/span>\u00cen septembrie 2018, interesul pentru achizi\u021bia de apartamente a crescut \u2013 \u0219i la fel s-a \u00eent\u00e2mplat cu pre\u021burile apartamentelor disponibile spre v\u00e2nzare. \u00cen marile ora\u0219e, tendin\u021ba de majorare a fost resim\u021bit\u0103 \u00een special pe pia\u021ba nou\u0103.<span class=\"ez-toc-section-end\"><\/span><\/h2>\n<p>Se \u0219tie c\u0103, \u00een luna septembrie, activitatea de tranzac\u021bionare cu propriet\u0103\u021bi reziden\u021biale (at\u00e2t v\u00e2nzare, c\u00e2t \u0219i \u00eenchiriere), cunoa\u0219te o intensificare semnificativ\u0103 comparativ cu lunile de var\u0103. \u00cen acest context, apartamentele disponibile spre achizi\u021bie pe pia\u021ba autohton\u0103 au recuperat declinul consemnat \u00een august. \u00cen perioada men\u021bionat\u0103, Indicele Imobiliare.ro a \u00eenregistrat, pe plan na\u021bional, un avans de 1,9%, de la nivelul de 1.197 de euro pe metru p\u0103trat util valabil la finele lunii precedente, p\u00e2n\u0103 la 1.220 de euro pe metru p\u0103trat util. \u00cen special sub influen\u021ba segmentului nou, tendin\u021ba de cre\u0219tere a fost resim\u021bit\u0103 \u00een toate centrele regionale analizate, chiar dac\u0103 aceasta a fost mai temperat\u0103 comparativ cu evolu\u021bia la nivel de \u021bar\u0103.<\/p>\n<h2><span class=\"ez-toc-section\" id=\"Bucuresti\"><\/span>Bucure\u0219ti:<span class=\"ez-toc-section-end\"><\/span><\/h2>\n<p>Dintre cele \u0219ase mari ora\u0219e monitorizate constant de Imobiliare.ro, Capitala se situeaz\u0103 pe primul loc \u00een clasamentul lunar al cre\u0219terilor de pre\u021b. Aici, v\u00e2nz\u0103torii \u0219i-au majorat preten\u021biile cu 1,3% \u00een septembrie, ajung\u00e2nd, astfel, la un nivel de 1.319 euro pe metru p\u0103trat util (fa\u021b\u0103 de 1.302 euro pe metru p\u0103trat util la sf\u00e2r\u0219itul lui august). Interesant\u0103 este evolu\u021bia contrastant\u0103 a celor dou\u0103 segmente de pia\u021b\u0103 analizate: dac\u0103  apartamentele vechi s-au ieftinit \u00een acest r\u0103stimp cu 0,7% (de la 1.231 la 1.222 de euro pe metru p\u0103trat), cele noi s-au apreciat cu nu mai pu\u021bin de 3% (de la 1.346 la 1.386 de euro pe metru p\u0103trat util).<\/p>\n<h2><span class=\"ez-toc-section\" id=\"Brasov\"><\/span>Bra\u0219ov:<span class=\"ez-toc-section-end\"><\/span><\/h2>\n<p>\u00cen ora\u0219ul de la poalele T\u00e2mpei, pre\u021bul mediu solicitat pentru apartamentele disponibile spre v\u00e2nzare (indiferent de anul de construc\u021bie) s-a majorat u\u0219or \u00een septembrie, anume cu 0,3%, de la 1.062 la 1.065 de euro pe metru p\u0103trat util. \u00cen vreme ce locuin\u021bele vechi din ora\u0219 s-au men\u021binut, practic, la acela\u0219i nivel de pre\u021b (acestea au consemnat o sc\u0103dere de doar 0,1%, de la 1.054 la 1.053 de euro pe metru p\u0103trat), cele nou-construite s-au scumpit cu 0,9% (de la 1.085 la 1.095 de euro pe metru p\u0103trat). <\/p>\n<h2><span class=\"ez-toc-section\" id=\"Cluj-Napoca\"><\/span>Cluj-Napoca:<span class=\"ez-toc-section-end\"><\/span><\/h2>\n<p>\u00cen capitala Transilvaniei, a\u0219tept\u0103rile v\u00e2nz\u0103torilor de apartamente s-au majorat, per ansamblu, cu 0,4% \u00een prima lun\u0103 de toamn\u0103, de la 1.525 la 1.531 de euro pe metru p\u0103trat util. \u0218i aici, locuin\u021bele din blocurile vechi s-au depreciat u\u0219or, respectiv cu 0,3% (de la 1.566 la 1.561 de euro pe metru p\u0103trat util); cele din cadrul noilor ansambluri reziden\u021biale, pe de alt\u0103 parte, au consemnat un avans important, anume de 1,2% (de la o valoare de 1.483 euro pe metru p\u0103trat util, p\u00e2n\u0103 la 1.501 euro pe metru p\u0103trat).  <\/p>\n<h2><span class=\"ez-toc-section\" id=\"Constanta\"><\/span>Constan\u021ba:<span class=\"ez-toc-section-end\"><\/span><\/h2>\n<p>\u00cen ora\u0219ul de la malul m\u0103rii, Indicele Imobiliare.ro a \u00eenregistrat un avans de 0,6% \u00een septembrie, preten\u021biile v\u00e2nz\u0103torilor de apartamente major\u00e2ndu-se, per ansamblu, de la 1.141 la 1.148 de euro pe metru p\u0103trat util. Al\u0103turi de Timi\u0219oara, Constan\u021ba este unul dintre cele dou\u0103 mari centre regionale \u00een care apartamentele vechi nu s-au ieftinit luna trecut\u0103 \u2013 acestea au consemnat, \u00een schimb, o cre\u0219tere de 0,5%, de la 1.138 la 1.144 de euro pe metru p\u0103trat. \u00cen acela\u0219i timp, locuin\u021bele nou-construite din ora\u0219 s-au apreciat cu 1%, de la 1.150 la 1.162 de euro pe metru p\u0103trat.<\/p>\n<h2><span class=\"ez-toc-section\" id=\"Iasi\"><\/span>Ia\u0219i:<span class=\"ez-toc-section-end\"><\/span><\/h2>\n<p>\u00cen ora\u0219ul din nord-estul \u021b\u0103rii, pre\u021bul mediu solicitat pentru toate apartamentele disponibile pe pia\u021b\u0103, indiferent de anul de construc\u021bie, a cunoscut doar o varia\u021bie u\u0219oar\u0103 \u00een septembrie \u2013 este vorba despre un plus de 0,1%, de la 1.045 la 1.046 de euro pe metru p\u0103trat util. Aceast\u0103 aparent\u0103 stagnare ascunde, \u00eens\u0103, evolu\u021bii importante pe cele dou\u0103 segmente de pia\u021b\u0103 analizate: astfel, dac\u0103 locuin\u021bele din blocurile vechi s-au ieftinit cu 2,5% (de la 1.019 la 994 de euro pe metru p\u0103trat util), cele nou-construite s-au scumpit cu 0,8% (de la 1.059 la 1.067 de euro pe metru p\u0103trat util). <\/p>\n<h2><span class=\"ez-toc-section\" id=\"Timisoara\"><\/span>Timi\u0219oara:<span class=\"ez-toc-section-end\"><\/span><\/h2>\n<p>\u00cen capitala Banatului, Indicele Imobiliare.ro relev\u0103 o majorare de 0,5% a a\u0219tept\u0103rilor proprietarilor de apartamente \u00een luna septembrie, de la 1.204 la 1.210 euro pe metru p\u0103trat util. Cre\u0219teri de pre\u021b au fost \u00eenregistrate pentru ambele tipuri de propriet\u0103\u021bi, \u00eens\u0103 cuantumul acestora a fost diferit, astfel c\u0103 ecartul dintre cele dou\u0103 segmente de pia\u021b\u0103 analizate s-a l\u0103rgit. Locuin\u021bele vechi s-au apreciat cu 0,4% (de la 1.203 la 1.208 euro pe metru p\u0103trat util), \u00eens\u0103 cele noi s-au scumpit cu 1% (de la 1.206 la 1.218 euro pe metru p\u0103trat util). <\/p>\n","protected":false},"excerpt":{"rendered":"<p>\u00cen septembrie 2018, interesul pentru achizi\u021bia de apartamente a crescut \u2013 \u0219i la fel s-a \u00eent\u00e2mplat cu pre\u021burile apartamentelor disponibile spre v\u00e2nzare. \u00cen marile ora\u0219e, tendin\u021ba de majorare a fost resim\u021bit\u0103 \u00een special pe pia\u021ba nou\u0103. Se \u0219tie c\u0103, \u00een luna septembrie, activitatea de tranzac\u021bionare cu propriet\u0103\u021bi reziden\u021biale (at\u00e2t v\u00e2nzare, c\u00e2t \u0219i \u00eenchiriere), cunoa\u0219te o [&hellip;]<\/p>\n","protected":false},"author":829,"featured_media":54044,"comment_status":"open","ping_status":"open","sticky":false,"template":"","format":"standard","meta":{"footnotes":""},"categories":[259],"tags":[1410,507,1411,451],"content_author":[],"class_list":["post-54043","post","type-post","status-publish","format-standard","has-post-thumbnail","hentry","category-stiri","tag-newsletter","tag-preturi-apartamente","tag-principal","tag-proprietar"],"yoast_head":"<!-- This site is optimized with the Yoast SEO Premium plugin v27.0 (Yoast SEO v27.0) - https:\/\/yoast.com\/product\/yoast-seo-premium-wordpress\/ -->\n<title>Pre\u021burile apartamentelor au urcat \u00een septembrie 2018. Vezi unde \u0219i cu c\u00e2t - \u0218tiri - ImoExpert<\/title>\n<meta name=\"description\" content=\"\u00cen septembrie 2018, interesul pentru achizi\u021bia de apartamente a crescut \u2013 \u0219i la fel s-a \u00eent\u00e2mplat cu pre\u021burile apartamentelor disponibile spre v\u00e2nzare. \u00cen \u00cen septembrie 2018, interesul pentru achizi\u021bia de locuin\u021be a crescut \u2013 \u0219i la fel s-a \u00eent\u00e2mplat cu pre\u021burile apartamentelor, cel pu\u021bin \u00een marile ora\u0219e.\" \/>\n<meta name=\"robots\" content=\"index, follow\" \/>\n<link rel=\"canonical\" href=\"https:\/\/www.imobiliare.ro\/imoexpert\/preturile-apartamentelor-au-urcat-in-septembrie-2018-vezi-unde-si-cu-cat_db\/\" \/>\n<meta property=\"og:locale\" content=\"ro_RO\" \/>\n<meta property=\"og:type\" content=\"article\" \/>\n<meta property=\"og:title\" content=\"Pre\u021burile apartamentelor au urcat \u00een septembrie 2018. Vezi unde \u0219i cu c\u00e2t\" \/>\n<meta property=\"og:description\" content=\"\u00cen septembrie 2018, interesul pentru achizi\u021bia de apartamente a crescut \u2013 \u0219i la fel s-a \u00eent\u00e2mplat cu pre\u021burile apartamentelor disponibile spre v\u00e2nzare. \u00cen \u00cen septembrie 2018, interesul pentru achizi\u021bia de locuin\u021be a crescut \u2013 \u0219i la fel s-a \u00eent\u00e2mplat cu pre\u021burile apartamentelor, cel pu\u021bin \u00een marile ora\u0219e.\" \/>\n<meta property=\"og:url\" content=\"https:\/\/www.imobiliare.ro\/imoexpert\/preturile-apartamentelor-au-urcat-in-septembrie-2018-vezi-unde-si-cu-cat_db\/\" \/>\n<meta property=\"og:site_name\" content=\"ImoExpert\" \/>\n<meta property=\"article:published_time\" content=\"2018-10-11T16:19:04+00:00\" \/>\n<meta property=\"og:image\" content=\"https:\/\/www.imobiliare.ro\/imoexpert\/wp-content\/uploads\/2018\/10\/Preturile-apartamentelor-au-urcat-in-septembrie-2018.-Vezi-unde-si-cu-cat.jpg\" \/>\n\t<meta property=\"og:image:width\" content=\"800\" \/>\n\t<meta property=\"og:image:height\" content=\"450\" \/>\n\t<meta property=\"og:image:type\" content=\"image\/jpeg\" \/>\n<meta name=\"author\" content=\"Adriana Dr\u0103gu\u0219in\" \/>\n<meta name=\"twitter:card\" content=\"summary_large_image\" \/>\n<meta name=\"twitter:label1\" content=\"Written by\" \/>\n\t<meta name=\"twitter:data1\" content=\"Adriana Dr\u0103gu\u0219in\" \/>\n\t<meta name=\"twitter:label2\" content=\"Est. reading time\" \/>\n\t<meta name=\"twitter:data2\" content=\"4 minute\" \/>\n<script type=\"application\/ld+json\" class=\"yoast-schema-graph\">{\"@context\":\"https:\/\/schema.org\",\"@graph\":[{\"@type\":\"Article\",\"@id\":\"https:\/\/www.imobiliare.ro\/imoexpert\/preturile-apartamentelor-au-urcat-in-septembrie-2018-vezi-unde-si-cu-cat_db\/#article\",\"isPartOf\":{\"@id\":\"https:\/\/www.imobiliare.ro\/imoexpert\/preturile-apartamentelor-au-urcat-in-septembrie-2018-vezi-unde-si-cu-cat_db\/\"},\"author\":{\"name\":\"Adriana Dr\u0103gu\u0219in\",\"@id\":\"https:\/\/www.imobiliare.ro\/imoexpert\/#\/schema\/person\/8c13b0297075010b896471fabf0d7790\"},\"headline\":\"Pre\u021burile apartamentelor au urcat \u00een septembrie 2018. Vezi unde \u0219i cu c\u00e2t\",\"datePublished\":\"2018-10-11T16:19:04+00:00\",\"mainEntityOfPage\":{\"@id\":\"https:\/\/www.imobiliare.ro\/imoexpert\/preturile-apartamentelor-au-urcat-in-septembrie-2018-vezi-unde-si-cu-cat_db\/\"},\"wordCount\":782,\"commentCount\":4,\"publisher\":{\"@id\":\"https:\/\/www.imobiliare.ro\/imoexpert\/#organization\"},\"image\":{\"@id\":\"https:\/\/www.imobiliare.ro\/imoexpert\/preturile-apartamentelor-au-urcat-in-septembrie-2018-vezi-unde-si-cu-cat_db\/#primaryimage\"},\"thumbnailUrl\":\"https:\/\/www.imobiliare.ro\/imoexpert\/wp-content\/uploads\/2018\/10\/Preturile-apartamentelor-au-urcat-in-septembrie-2018.-Vezi-unde-si-cu-cat.jpg\",\"keywords\":[\"newsletter\",\"preturi apartamente\",\"principal\",\"proprietar\"],\"articleSection\":[\"\u0218tiri\"],\"inLanguage\":\"en\",\"potentialAction\":[{\"@type\":\"CommentAction\",\"name\":\"Comment\",\"target\":[\"https:\/\/www.imobiliare.ro\/imoexpert\/preturile-apartamentelor-au-urcat-in-septembrie-2018-vezi-unde-si-cu-cat_db\/#respond\"]}],\"copyrightYear\":\"2018\",\"copyrightHolder\":{\"@id\":\"https:\/\/www.imobiliare.ro\/imoexpert\/#organization\"}},{\"@type\":\"WebPage\",\"@id\":\"https:\/\/www.imobiliare.ro\/imoexpert\/preturile-apartamentelor-au-urcat-in-septembrie-2018-vezi-unde-si-cu-cat_db\/\",\"url\":\"https:\/\/www.imobiliare.ro\/imoexpert\/preturile-apartamentelor-au-urcat-in-septembrie-2018-vezi-unde-si-cu-cat_db\/\",\"name\":\"Pre\u021burile apartamentelor au urcat \u00een septembrie 2018. Vezi unde \u0219i cu c\u00e2t - \u0218tiri - ImoExpert\",\"isPartOf\":{\"@id\":\"https:\/\/www.imobiliare.ro\/imoexpert\/#website\"},\"primaryImageOfPage\":{\"@id\":\"https:\/\/www.imobiliare.ro\/imoexpert\/preturile-apartamentelor-au-urcat-in-septembrie-2018-vezi-unde-si-cu-cat_db\/#primaryimage\"},\"image\":{\"@id\":\"https:\/\/www.imobiliare.ro\/imoexpert\/preturile-apartamentelor-au-urcat-in-septembrie-2018-vezi-unde-si-cu-cat_db\/#primaryimage\"},\"thumbnailUrl\":\"https:\/\/www.imobiliare.ro\/imoexpert\/wp-content\/uploads\/2018\/10\/Preturile-apartamentelor-au-urcat-in-septembrie-2018.-Vezi-unde-si-cu-cat.jpg\",\"datePublished\":\"2018-10-11T16:19:04+00:00\",\"description\":\"\u00cen septembrie 2018, interesul pentru achizi\u021bia de apartamente a crescut \u2013 \u0219i la fel s-a \u00eent\u00e2mplat cu pre\u021burile apartamentelor disponibile spre v\u00e2nzare. \u00cen \u00cen septembrie 2018, interesul pentru achizi\u021bia de locuin\u021be a crescut \u2013 \u0219i la fel s-a \u00eent\u00e2mplat cu pre\u021burile apartamentelor, cel pu\u021bin \u00een marile ora\u0219e.\",\"breadcrumb\":{\"@id\":\"https:\/\/www.imobiliare.ro\/imoexpert\/preturile-apartamentelor-au-urcat-in-septembrie-2018-vezi-unde-si-cu-cat_db\/#breadcrumb\"},\"inLanguage\":\"en\",\"potentialAction\":[{\"@type\":\"ReadAction\",\"target\":[\"https:\/\/www.imobiliare.ro\/imoexpert\/preturile-apartamentelor-au-urcat-in-septembrie-2018-vezi-unde-si-cu-cat_db\/\"]}]},{\"@type\":\"ImageObject\",\"inLanguage\":\"en\",\"@id\":\"https:\/\/www.imobiliare.ro\/imoexpert\/preturile-apartamentelor-au-urcat-in-septembrie-2018-vezi-unde-si-cu-cat_db\/#primaryimage\",\"url\":\"https:\/\/www.imobiliare.ro\/imoexpert\/wp-content\/uploads\/2018\/10\/Preturile-apartamentelor-au-urcat-in-septembrie-2018.-Vezi-unde-si-cu-cat.jpg\",\"contentUrl\":\"https:\/\/www.imobiliare.ro\/imoexpert\/wp-content\/uploads\/2018\/10\/Preturile-apartamentelor-au-urcat-in-septembrie-2018.-Vezi-unde-si-cu-cat.jpg\",\"width\":800,\"height\":450,\"caption\":\"Preturile apartamentelor au urcat in septembrie 2018. Vezi unde si cu cat\"},{\"@type\":\"BreadcrumbList\",\"@id\":\"https:\/\/www.imobiliare.ro\/imoexpert\/preturile-apartamentelor-au-urcat-in-septembrie-2018-vezi-unde-si-cu-cat_db\/#breadcrumb\",\"itemListElement\":[{\"@type\":\"ListItem\",\"position\":1,\"name\":\"Imoradar24\",\"item\":\"https:\/\/www.imoradar24.ro\"},{\"@type\":\"ListItem\",\"position\":2,\"name\":\"ImoExpert\",\"item\":\"https:\/\/www.imobiliare.ro\/imoexpert\/\"},{\"@type\":\"ListItem\",\"position\":3,\"name\":\"\u0218tiri\",\"item\":\"https:\/\/www.imobiliare.ro\/imoexpert\/stiri\/\"},{\"@type\":\"ListItem\",\"position\":4,\"name\":\"Pre\u021burile apartamentelor au urcat \u00een septembrie 2018. Vezi unde \u0219i cu c\u00e2t\"}]},{\"@type\":\"WebSite\",\"@id\":\"https:\/\/www.imobiliare.ro\/imoexpert\/#website\",\"url\":\"https:\/\/www.imobiliare.ro\/imoexpert\/\",\"name\":\"ImoExpert\",\"description\":\"cele mai importante \u015ftiri din domeniul imobiliar\",\"publisher\":{\"@id\":\"https:\/\/www.imobiliare.ro\/imoexpert\/#organization\"},\"inLanguage\":\"en\"},{\"@type\":\"Organization\",\"@id\":\"https:\/\/www.imobiliare.ro\/imoexpert\/#organization\",\"name\":\"Imobiliare.ro\",\"alternateName\":\"Realmedia Network SA\",\"url\":\"https:\/\/www.imobiliare.ro\/imoexpert\/\",\"logo\":{\"@type\":\"ImageObject\",\"inLanguage\":\"en\",\"@id\":\"https:\/\/www.imobiliare.ro\/imoexpert\/#\/schema\/logo\/image\/\",\"url\":\"https:\/\/www.imobiliare.ro\/imoexpert\/wp-content\/uploads\/2025\/05\/imobiliare_logo.png\",\"contentUrl\":\"https:\/\/www.imobiliare.ro\/imoexpert\/wp-content\/uploads\/2025\/05\/imobiliare_logo.png\",\"width\":237,\"height\":29,\"caption\":\"Imobiliare.ro\"},\"image\":{\"@id\":\"https:\/\/www.imobiliare.ro\/imoexpert\/#\/schema\/logo\/image\/\"}},{\"@type\":\"Person\",\"@id\":\"https:\/\/www.imobiliare.ro\/imoexpert\/#\/schema\/person\/8c13b0297075010b896471fabf0d7790\",\"name\":\"Adriana Dr\u0103gu\u0219in\",\"image\":{\"@type\":\"ImageObject\",\"inLanguage\":\"en\",\"@id\":\"https:\/\/www.imobiliare.ro\/imoexpert\/#\/schema\/person\/image\/\",\"url\":\"https:\/\/secure.gravatar.com\/avatar\/ba4762f7517e50e679ed7f11207102d1150120f2f5800c0da98f8a15305bf514?s=96&d=mm&r=g\",\"contentUrl\":\"https:\/\/secure.gravatar.com\/avatar\/ba4762f7517e50e679ed7f11207102d1150120f2f5800c0da98f8a15305bf514?s=96&d=mm&r=g\",\"caption\":\"Adriana Dr\u0103gu\u0219in\"},\"jobTitle\":\"Editor\",\"url\":\"https:\/\/www.imobiliare.ro\/imoexpert\/author\/adriana-dragusin\/\"}]}<\/script>\n<!-- \/ Yoast SEO Premium plugin. -->","yoast_head_json":{"title":"Pre\u021burile apartamentelor au urcat \u00een septembrie 2018. Vezi unde \u0219i cu c\u00e2t - \u0218tiri - ImoExpert","description":"\u00cen septembrie 2018, interesul pentru achizi\u021bia de apartamente a crescut \u2013 \u0219i la fel s-a \u00eent\u00e2mplat cu pre\u021burile apartamentelor disponibile spre v\u00e2nzare. \u00cen \u00cen septembrie 2018, interesul pentru achizi\u021bia de locuin\u021be a crescut \u2013 \u0219i la fel s-a \u00eent\u00e2mplat cu pre\u021burile apartamentelor, cel pu\u021bin \u00een marile ora\u0219e.","robots":{"index":"index","follow":"follow"},"canonical":"https:\/\/www.imobiliare.ro\/imoexpert\/preturile-apartamentelor-au-urcat-in-septembrie-2018-vezi-unde-si-cu-cat_db\/","og_locale":"ro_RO","og_type":"article","og_title":"Pre\u021burile apartamentelor au urcat \u00een septembrie 2018. Vezi unde \u0219i cu c\u00e2t","og_description":"\u00cen septembrie 2018, interesul pentru achizi\u021bia de apartamente a crescut \u2013 \u0219i la fel s-a \u00eent\u00e2mplat cu pre\u021burile apartamentelor disponibile spre v\u00e2nzare. \u00cen \u00cen septembrie 2018, interesul pentru achizi\u021bia de locuin\u021be a crescut \u2013 \u0219i la fel s-a \u00eent\u00e2mplat cu pre\u021burile apartamentelor, cel pu\u021bin \u00een marile ora\u0219e.","og_url":"https:\/\/www.imobiliare.ro\/imoexpert\/preturile-apartamentelor-au-urcat-in-septembrie-2018-vezi-unde-si-cu-cat_db\/","og_site_name":"ImoExpert","article_published_time":"2018-10-11T16:19:04+00:00","og_image":[{"width":800,"height":450,"url":"https:\/\/www.imobiliare.ro\/imoexpert\/wp-content\/uploads\/2018\/10\/Preturile-apartamentelor-au-urcat-in-septembrie-2018.-Vezi-unde-si-cu-cat.jpg","type":"image\/jpeg"}],"author":"Adriana Dr\u0103gu\u0219in","twitter_card":"summary_large_image","twitter_misc":{"Written by":"Adriana Dr\u0103gu\u0219in","Est. reading time":"4 minute"},"schema":{"@context":"https:\/\/schema.org","@graph":[{"@type":"Article","@id":"https:\/\/www.imobiliare.ro\/imoexpert\/preturile-apartamentelor-au-urcat-in-septembrie-2018-vezi-unde-si-cu-cat_db\/#article","isPartOf":{"@id":"https:\/\/www.imobiliare.ro\/imoexpert\/preturile-apartamentelor-au-urcat-in-septembrie-2018-vezi-unde-si-cu-cat_db\/"},"author":{"name":"Adriana Dr\u0103gu\u0219in","@id":"https:\/\/www.imobiliare.ro\/imoexpert\/#\/schema\/person\/8c13b0297075010b896471fabf0d7790"},"headline":"Pre\u021burile apartamentelor au urcat \u00een septembrie 2018. Vezi unde \u0219i cu c\u00e2t","datePublished":"2018-10-11T16:19:04+00:00","mainEntityOfPage":{"@id":"https:\/\/www.imobiliare.ro\/imoexpert\/preturile-apartamentelor-au-urcat-in-septembrie-2018-vezi-unde-si-cu-cat_db\/"},"wordCount":782,"commentCount":4,"publisher":{"@id":"https:\/\/www.imobiliare.ro\/imoexpert\/#organization"},"image":{"@id":"https:\/\/www.imobiliare.ro\/imoexpert\/preturile-apartamentelor-au-urcat-in-septembrie-2018-vezi-unde-si-cu-cat_db\/#primaryimage"},"thumbnailUrl":"https:\/\/www.imobiliare.ro\/imoexpert\/wp-content\/uploads\/2018\/10\/Preturile-apartamentelor-au-urcat-in-septembrie-2018.-Vezi-unde-si-cu-cat.jpg","keywords":["newsletter","preturi apartamente","principal","proprietar"],"articleSection":["\u0218tiri"],"inLanguage":"en","potentialAction":[{"@type":"CommentAction","name":"Comment","target":["https:\/\/www.imobiliare.ro\/imoexpert\/preturile-apartamentelor-au-urcat-in-septembrie-2018-vezi-unde-si-cu-cat_db\/#respond"]}],"copyrightYear":"2018","copyrightHolder":{"@id":"https:\/\/www.imobiliare.ro\/imoexpert\/#organization"}},{"@type":"WebPage","@id":"https:\/\/www.imobiliare.ro\/imoexpert\/preturile-apartamentelor-au-urcat-in-septembrie-2018-vezi-unde-si-cu-cat_db\/","url":"https:\/\/www.imobiliare.ro\/imoexpert\/preturile-apartamentelor-au-urcat-in-septembrie-2018-vezi-unde-si-cu-cat_db\/","name":"Pre\u021burile apartamentelor au urcat \u00een septembrie 2018. Vezi unde \u0219i cu c\u00e2t - \u0218tiri - ImoExpert","isPartOf":{"@id":"https:\/\/www.imobiliare.ro\/imoexpert\/#website"},"primaryImageOfPage":{"@id":"https:\/\/www.imobiliare.ro\/imoexpert\/preturile-apartamentelor-au-urcat-in-septembrie-2018-vezi-unde-si-cu-cat_db\/#primaryimage"},"image":{"@id":"https:\/\/www.imobiliare.ro\/imoexpert\/preturile-apartamentelor-au-urcat-in-septembrie-2018-vezi-unde-si-cu-cat_db\/#primaryimage"},"thumbnailUrl":"https:\/\/www.imobiliare.ro\/imoexpert\/wp-content\/uploads\/2018\/10\/Preturile-apartamentelor-au-urcat-in-septembrie-2018.-Vezi-unde-si-cu-cat.jpg","datePublished":"2018-10-11T16:19:04+00:00","description":"\u00cen septembrie 2018, interesul pentru achizi\u021bia de apartamente a crescut \u2013 \u0219i la fel s-a \u00eent\u00e2mplat cu pre\u021burile apartamentelor disponibile spre v\u00e2nzare. \u00cen \u00cen septembrie 2018, interesul pentru achizi\u021bia de locuin\u021be a crescut \u2013 \u0219i la fel s-a \u00eent\u00e2mplat cu pre\u021burile apartamentelor, cel pu\u021bin \u00een marile ora\u0219e.","breadcrumb":{"@id":"https:\/\/www.imobiliare.ro\/imoexpert\/preturile-apartamentelor-au-urcat-in-septembrie-2018-vezi-unde-si-cu-cat_db\/#breadcrumb"},"inLanguage":"en","potentialAction":[{"@type":"ReadAction","target":["https:\/\/www.imobiliare.ro\/imoexpert\/preturile-apartamentelor-au-urcat-in-septembrie-2018-vezi-unde-si-cu-cat_db\/"]}]},{"@type":"ImageObject","inLanguage":"en","@id":"https:\/\/www.imobiliare.ro\/imoexpert\/preturile-apartamentelor-au-urcat-in-septembrie-2018-vezi-unde-si-cu-cat_db\/#primaryimage","url":"https:\/\/www.imobiliare.ro\/imoexpert\/wp-content\/uploads\/2018\/10\/Preturile-apartamentelor-au-urcat-in-septembrie-2018.-Vezi-unde-si-cu-cat.jpg","contentUrl":"https:\/\/www.imobiliare.ro\/imoexpert\/wp-content\/uploads\/2018\/10\/Preturile-apartamentelor-au-urcat-in-septembrie-2018.-Vezi-unde-si-cu-cat.jpg","width":800,"height":450,"caption":"Preturile apartamentelor au urcat in septembrie 2018. Vezi unde si cu cat"},{"@type":"BreadcrumbList","@id":"https:\/\/www.imobiliare.ro\/imoexpert\/preturile-apartamentelor-au-urcat-in-septembrie-2018-vezi-unde-si-cu-cat_db\/#breadcrumb","itemListElement":[{"@type":"ListItem","position":1,"name":"Imoradar24","item":"https:\/\/www.imoradar24.ro"},{"@type":"ListItem","position":2,"name":"ImoExpert","item":"https:\/\/www.imobiliare.ro\/imoexpert\/"},{"@type":"ListItem","position":3,"name":"\u0218tiri","item":"https:\/\/www.imobiliare.ro\/imoexpert\/stiri\/"},{"@type":"ListItem","position":4,"name":"Pre\u021burile apartamentelor au urcat \u00een septembrie 2018. Vezi unde \u0219i cu c\u00e2t"}]},{"@type":"WebSite","@id":"https:\/\/www.imobiliare.ro\/imoexpert\/#website","url":"https:\/\/www.imobiliare.ro\/imoexpert\/","name":"ImoExpert","description":"cele mai importante \u015ftiri din domeniul imobiliar","publisher":{"@id":"https:\/\/www.imobiliare.ro\/imoexpert\/#organization"},"inLanguage":"en"},{"@type":"Organization","@id":"https:\/\/www.imobiliare.ro\/imoexpert\/#organization","name":"Imobiliare.ro","alternateName":"Realmedia Network SA","url":"https:\/\/www.imobiliare.ro\/imoexpert\/","logo":{"@type":"ImageObject","inLanguage":"en","@id":"https:\/\/www.imobiliare.ro\/imoexpert\/#\/schema\/logo\/image\/","url":"https:\/\/www.imobiliare.ro\/imoexpert\/wp-content\/uploads\/2025\/05\/imobiliare_logo.png","contentUrl":"https:\/\/www.imobiliare.ro\/imoexpert\/wp-content\/uploads\/2025\/05\/imobiliare_logo.png","width":237,"height":29,"caption":"Imobiliare.ro"},"image":{"@id":"https:\/\/www.imobiliare.ro\/imoexpert\/#\/schema\/logo\/image\/"}},{"@type":"Person","@id":"https:\/\/www.imobiliare.ro\/imoexpert\/#\/schema\/person\/8c13b0297075010b896471fabf0d7790","name":"Adriana Dr\u0103gu\u0219in","image":{"@type":"ImageObject","inLanguage":"en","@id":"https:\/\/www.imobiliare.ro\/imoexpert\/#\/schema\/person\/image\/","url":"https:\/\/secure.gravatar.com\/avatar\/ba4762f7517e50e679ed7f11207102d1150120f2f5800c0da98f8a15305bf514?s=96&d=mm&r=g","contentUrl":"https:\/\/secure.gravatar.com\/avatar\/ba4762f7517e50e679ed7f11207102d1150120f2f5800c0da98f8a15305bf514?s=96&d=mm&r=g","caption":"Adriana Dr\u0103gu\u0219in"},"jobTitle":"Editor","url":"https:\/\/www.imobiliare.ro\/imoexpert\/author\/adriana-dragusin\/"}]}},"_links":{"self":[{"href":"https:\/\/www.imobiliare.ro\/imoexpert\/wp-json\/wp\/v2\/posts\/54043","targetHints":{"allow":["GET"]}}],"collection":[{"href":"https:\/\/www.imobiliare.ro\/imoexpert\/wp-json\/wp\/v2\/posts"}],"about":[{"href":"https:\/\/www.imobiliare.ro\/imoexpert\/wp-json\/wp\/v2\/types\/post"}],"author":[{"embeddable":true,"href":"https:\/\/www.imobiliare.ro\/imoexpert\/wp-json\/wp\/v2\/users\/829"}],"replies":[{"embeddable":true,"href":"https:\/\/www.imobiliare.ro\/imoexpert\/wp-json\/wp\/v2\/comments?post=54043"}],"version-history":[{"count":0,"href":"https:\/\/www.imobiliare.ro\/imoexpert\/wp-json\/wp\/v2\/posts\/54043\/revisions"}],"wp:featuredmedia":[{"embeddable":true,"href":"https:\/\/www.imobiliare.ro\/imoexpert\/wp-json\/wp\/v2\/media\/54044"}],"wp:attachment":[{"href":"https:\/\/www.imobiliare.ro\/imoexpert\/wp-json\/wp\/v2\/media?parent=54043"}],"wp:term":[{"taxonomy":"category","embeddable":true,"href":"https:\/\/www.imobiliare.ro\/imoexpert\/wp-json\/wp\/v2\/categories?post=54043"},{"taxonomy":"post_tag","embeddable":true,"href":"https:\/\/www.imobiliare.ro\/imoexpert\/wp-json\/wp\/v2\/tags?post=54043"},{"taxonomy":"content_author","embeddable":true,"href":"https:\/\/www.imobiliare.ro\/imoexpert\/wp-json\/wp\/v2\/content_author?post=54043"}],"curies":[{"name":"wp","href":"https:\/\/api.w.org\/{rel}","templated":true}]}}