{"id":54131,"date":"2018-10-18T15:32:26","date_gmt":"2018-10-18T12:32:26","guid":{"rendered":"https:\/\/www.imobiliare.ro\/imoexpert\/?p=54131"},"modified":"2018-10-18T15:32:26","modified_gmt":"2018-10-18T12:32:26","slug":"cum-ai-parte-de-confort-si-liniste-intr-o-zona-plina-de-verdeata-fara-a-te-indeparta-de-centrul-capitalei-te-muti-in-cotroceni-intr-o-vila-interbelica-modernizata-la-interior","status":"publish","type":"post","link":"https:\/\/www.imobiliare.ro\/imoexpert\/cum-ai-parte-de-confort-si-liniste-intr-o-zona-plina-de-verdeata-fara-a-te-indeparta-de-centrul-capitalei-te-muti-in-cotroceni-intr-o-vila-interbelica-modernizata-la-interior_db\/","title":{"rendered":"Cum ai parte de confort \u0219i lini\u0219te \u00eentr-o zon\u0103 plin\u0103 de verdea\u021b\u0103, f\u0103r\u0103 a te \u00eendep\u0103rta de centrul Capitalei? Te mu\u021bi \u00een Cotroceni \u00eentr-o vil\u0103 interbelic\u0103 modernizat\u0103"},"content":{"rendered":"<h2><img loading=\"lazy\" decoding=\"async\" class=\"alignnone size-large wp-image-54156\" src=\"https:\/\/www.imobiliare.ro\/imoexpert\/wp-content\/uploads\/2018\/10\/vila-cotroceni-1024x576.jpg\" alt=\"vila cotroceni\" width=\"1024\" height=\"576\" srcset=\"https:\/\/www.imobiliare.ro\/imoexpert\/wp-content\/uploads\/2018\/10\/vila-cotroceni-1024x576.jpg 1024w, https:\/\/www.imobiliare.ro\/imoexpert\/wp-content\/uploads\/2018\/10\/vila-cotroceni-300x169.jpg 300w, https:\/\/www.imobiliare.ro\/imoexpert\/wp-content\/uploads\/2018\/10\/vila-cotroceni-768x432.jpg 768w, https:\/\/www.imobiliare.ro\/imoexpert\/wp-content\/uploads\/2018\/10\/vila-cotroceni-1536x864.jpg 1536w, https:\/\/www.imobiliare.ro\/imoexpert\/wp-content\/uploads\/2018\/10\/vila-cotroceni.jpg 1920w\" sizes=\"auto, (max-width: 1024px) 100vw, 1024px\" \/><\/h2>\n<h2>O vil\u0103 interbelic\u0103 situat\u0103 \u00een Cotroceni, unul dintre cartierele exclusiviste ale Capitalei, a fost scoas\u0103 la v\u00e2nzare pentru suma de 350.000 de euro.<\/h2>\n<p>Proprietatea, care cuprinde 5 camere \u0219i dispune de o suprafa\u021b\u0103 util\u0103 de 185 de mp, a fost renovat\u0103 recent \u0219i reprezint\u0103 o bun\u0103 oportunitate de investi\u021bie, dar \u0219i o locuin\u021b\u0103 ideal\u0103 dac\u0103 vrei s\u0103 evadezi din aglomera\u021bia ora\u0219ului \u0219i s\u0103 ai parte de lini\u0219te, f\u0103r\u0103 a te \u00eendep\u0103rta de centrul Bucure\u0219tiului.<\/p>\n<p><img loading=\"lazy\" decoding=\"async\" class=\"alignnone size-large wp-image-54157\" src=\"https:\/\/www.imobiliare.ro\/imoexpert\/wp-content\/uploads\/2018\/10\/vila-cotroceni-remax-1024x684.jpg\" alt=\"vila cotroceni remax\" width=\"1024\" height=\"684\" srcset=\"https:\/\/www.imobiliare.ro\/imoexpert\/wp-content\/uploads\/2018\/10\/vila-cotroceni-remax-1024x684.jpg 1024w, https:\/\/www.imobiliare.ro\/imoexpert\/wp-content\/uploads\/2018\/10\/vila-cotroceni-remax-300x200.jpg 300w, https:\/\/www.imobiliare.ro\/imoexpert\/wp-content\/uploads\/2018\/10\/vila-cotroceni-remax-768x513.jpg 768w, https:\/\/www.imobiliare.ro\/imoexpert\/wp-content\/uploads\/2018\/10\/vila-cotroceni-remax-1536x1025.jpg 1536w, https:\/\/www.imobiliare.ro\/imoexpert\/wp-content\/uploads\/2018\/10\/vila-cotroceni-remax.jpg 1618w\" sizes=\"auto, (max-width: 1024px) 100vw, 1024px\" \/><\/p>\n<p>Av\u00e2nd \u00een vedere faptul c\u0103 aceasta a fost reamenajat\u0103 recent \u00een interior, viitorul proprietar se va bucura de finisaje de calitate \u0219i de confortul oferit de \u00eembun\u0103t\u0103\u021birile aduse imobilului care dispune, \u00een plus, de o arhitectur\u0103 deosebit\u0103.<\/p>\n<p><img loading=\"lazy\" decoding=\"async\" class=\"alignnone size-large wp-image-54159\" src=\"https:\/\/www.imobiliare.ro\/imoexpert\/wp-content\/uploads\/2018\/10\/casa-cotroceni-1024x684.jpg\" alt=\"casa cotroceni\" width=\"1024\" height=\"684\" srcset=\"https:\/\/www.imobiliare.ro\/imoexpert\/wp-content\/uploads\/2018\/10\/casa-cotroceni-1024x684.jpg 1024w, https:\/\/www.imobiliare.ro\/imoexpert\/wp-content\/uploads\/2018\/10\/casa-cotroceni-300x200.jpg 300w, https:\/\/www.imobiliare.ro\/imoexpert\/wp-content\/uploads\/2018\/10\/casa-cotroceni-768x513.jpg 768w, https:\/\/www.imobiliare.ro\/imoexpert\/wp-content\/uploads\/2018\/10\/casa-cotroceni-1536x1025.jpg 1536w, https:\/\/www.imobiliare.ro\/imoexpert\/wp-content\/uploads\/2018\/10\/casa-cotroceni.jpg 1618w\" sizes=\"auto, (max-width: 1024px) 100vw, 1024px\" \/><\/p>\n<p><a class=\"article-body-links\"href=\"https:\/\/www.imobiliare.ro\/vanzare-case-vile\/bucuresti\/cotroceni\/casa-de-vanzare-5-camere-X9ON1100C#modal-galerie-mare\" target=\"_blank\" rel=\"noopener\"><strong>Vezi AICI mai multe imagini cu vila interbelic\u0103 din Cotroceni<\/strong><\/a><\/p>\n<p>&#8222;Fiecare nivel are o camer\u0103 central\u0103 cu ferestre dispuse pe un perete construit \u00een semicerc prin care soarele p\u0103trunde cu discre\u021bie de diminea\u021b\u0103&#8221;, se explic\u0103 \u00een <a class=\"article-body-links\"href=\"https:\/\/www.imobiliare.ro\/vanzare-case-vile\/bucuresti\/cotroceni\/casa-de-vanzare-5-camere-X9ON1100C\" target=\"_blank\" rel=\"noopener\">anun\u021bul de v\u00e2nzare<\/a> publicat de c\u0103tre reprezentan\u021bii RE\/MAX Freedom Group, parte a re\u021belei de agen\u021bii imobiliare RE\/MAX Rom\u00e2nia, cei care au \u00een portofoliu proprietatea.<\/p>\n<p><iframe loading=\"lazy\" src=\"https:\/\/www.youtube.com\/embed\/jIh64-jUT5c\" width=\"560\" height=\"315\" frameborder=\"0\" allowfullscreen=\"allowfullscreen\"><\/iframe><\/p>\n<p>Gr\u0103dina \u0219i terasa aflat\u0103 la etaj sunt dou\u0103 caracteristici ale acestei propriet\u0103\u021bi care o fac potrivit\u0103 pentru cei care \u00ee\u0219i doresc s\u0103 aib\u0103 parte zi de zi de c\u00e2teva clipe de relaxare \u00een aer liber.<\/p>\n<p><img loading=\"lazy\" decoding=\"async\" class=\"alignnone size-large wp-image-54160\" src=\"https:\/\/www.imobiliare.ro\/imoexpert\/wp-content\/uploads\/2018\/10\/locuinta-cotroceni-1024x684.jpg\" alt=\"locuinta cotroceni\" width=\"1024\" height=\"684\" srcset=\"https:\/\/www.imobiliare.ro\/imoexpert\/wp-content\/uploads\/2018\/10\/locuinta-cotroceni-1024x684.jpg 1024w, https:\/\/www.imobiliare.ro\/imoexpert\/wp-content\/uploads\/2018\/10\/locuinta-cotroceni-300x200.jpg 300w, https:\/\/www.imobiliare.ro\/imoexpert\/wp-content\/uploads\/2018\/10\/locuinta-cotroceni-768x513.jpg 768w, https:\/\/www.imobiliare.ro\/imoexpert\/wp-content\/uploads\/2018\/10\/locuinta-cotroceni-1536x1025.jpg 1536w, https:\/\/www.imobiliare.ro\/imoexpert\/wp-content\/uploads\/2018\/10\/locuinta-cotroceni.jpg 1618w\" sizes=\"auto, (max-width: 1024px) 100vw, 1024px\" \/><\/p>\n<p>Vila construit\u0103 \u00een 1938, cu dou\u0103 etaje \u0219i mansard\u0103, este amplasat\u0103 \u00een apropierea Arenelor BNR, \u00eentr-o zon\u0103 plin\u0103 de verdea\u021b\u0103, la doi pa\u0219i de restaurante cochete \u0219i de Parcul Romniceanu.<\/p>\n<p>Aceasta este situat\u0103, totodat\u0103, \u00een vecin\u0103tatea sta\u021biei de metrou Eroilor \u0219i dispune de dou\u0103 locuri de parcare.<\/p>\n","protected":false},"excerpt":{"rendered":"<p>O vil\u0103 interbelic\u0103 situat\u0103 \u00een Cotroceni, unul dintre cartierele exclusiviste ale Capitalei, a fost scoas\u0103 la v\u00e2nzare pentru suma de 350.000 de euro. Proprietatea, care cuprinde 5 camere \u0219i dispune de o suprafa\u021b\u0103 util\u0103 de 185 de mp, a fost renovat\u0103 recent \u0219i reprezint\u0103 o bun\u0103 oportunitate de investi\u021bie, dar \u0219i o locuin\u021b\u0103 ideal\u0103 dac\u0103 [&hellip;]<\/p>\n","protected":false},"author":5891,"featured_media":54156,"comment_status":"open","ping_status":"open","sticky":false,"template":"","format":"standard","meta":{"footnotes":""},"categories":[253],"tags":[1773,1748,986],"content_author":[],"class_list":["post-54131","post","type-post","status-publish","format-standard","has-post-thumbnail","hentry","category-parteneri","tag-cotroceni","tag-re-max-romania","tag-vila"],"yoast_head":"<!-- This site is optimized with the Yoast SEO Premium plugin v27.0 (Yoast SEO v27.0) - https:\/\/yoast.com\/product\/yoast-seo-premium-wordpress\/ -->\n<title>Cum ai parte de confort \u0219i lini\u0219te \u00eentr-o zon\u0103 plin\u0103 de verdea\u021b\u0103, f\u0103r\u0103 a te \u00eendep\u0103rta de centrul Capitalei? Te mu\u021bi \u00een Cotroceni \u00eentr-o vil\u0103 interbelic\u0103 modernizat\u0103 - Parteneri - ImoExpert<\/title>\n<meta name=\"description\" content=\"O vil\u0103 interbelic\u0103 situat\u0103 \u00een Cotroceni, unul dintre cartierele exclusiviste ale Capitalei, a fost scoas\u0103 la v\u00e2nzare pentru suma de 350.000 de euro.\" \/>\n<meta name=\"robots\" content=\"index, follow\" \/>\n<link rel=\"canonical\" href=\"https:\/\/www.imobiliare.ro\/imoexpert\/cum-ai-parte-de-confort-si-liniste-intr-o-zona-plina-de-verdeata-fara-a-te-indeparta-de-centrul-capitalei-te-muti-in-cotroceni-intr-o-vila-interbelica-modernizata-la-interior_db\/\" \/>\n<meta property=\"og:locale\" content=\"ro_RO\" \/>\n<meta property=\"og:type\" content=\"article\" \/>\n<meta property=\"og:title\" content=\"Cum ai parte de confort \u0219i lini\u0219te \u00eentr-o zon\u0103 plin\u0103 de verdea\u021b\u0103, f\u0103r\u0103 a te \u00eendep\u0103rta de centrul Capitalei? Te mu\u021bi \u00een Cotroceni \u00eentr-o vil\u0103 interbelic\u0103 modernizat\u0103\" \/>\n<meta property=\"og:description\" content=\"O vil\u0103 interbelic\u0103 situat\u0103 \u00een Cotroceni, unul dintre cartierele exclusiviste ale Capitalei, a fost scoas\u0103 la v\u00e2nzare pentru suma de 350.000 de euro.\" \/>\n<meta property=\"og:url\" content=\"https:\/\/www.imobiliare.ro\/imoexpert\/cum-ai-parte-de-confort-si-liniste-intr-o-zona-plina-de-verdeata-fara-a-te-indeparta-de-centrul-capitalei-te-muti-in-cotroceni-intr-o-vila-interbelica-modernizata-la-interior_db\/\" \/>\n<meta property=\"og:site_name\" content=\"ImoExpert\" \/>\n<meta property=\"article:published_time\" content=\"2018-10-18T12:32:26+00:00\" \/>\n<meta property=\"og:image\" content=\"https:\/\/www.imobiliare.ro\/imoexpert\/wp-content\/uploads\/2018\/10\/vila-cotroceni.jpg\" \/>\n\t<meta property=\"og:image:width\" content=\"1920\" \/>\n\t<meta property=\"og:image:height\" content=\"1080\" \/>\n\t<meta property=\"og:image:type\" content=\"image\/jpeg\" \/>\n<meta name=\"author\" content=\"Corina V\u00e2rlan\" \/>\n<meta name=\"twitter:card\" content=\"summary_large_image\" \/>\n<meta name=\"twitter:label1\" content=\"Written by\" \/>\n\t<meta name=\"twitter:data1\" content=\"Corina V\u00e2rlan\" \/>\n\t<meta name=\"twitter:label2\" content=\"Est. reading time\" \/>\n\t<meta name=\"twitter:data2\" content=\"1 minut\" \/>\n<script type=\"application\/ld+json\" class=\"yoast-schema-graph\">{\"@context\":\"https:\/\/schema.org\",\"@graph\":[{\"@type\":\"Article\",\"@id\":\"https:\/\/www.imobiliare.ro\/imoexpert\/cum-ai-parte-de-confort-si-liniste-intr-o-zona-plina-de-verdeata-fara-a-te-indeparta-de-centrul-capitalei-te-muti-in-cotroceni-intr-o-vila-interbelica-modernizata-la-interior_db\/#article\",\"isPartOf\":{\"@id\":\"https:\/\/www.imobiliare.ro\/imoexpert\/cum-ai-parte-de-confort-si-liniste-intr-o-zona-plina-de-verdeata-fara-a-te-indeparta-de-centrul-capitalei-te-muti-in-cotroceni-intr-o-vila-interbelica-modernizata-la-interior_db\/\"},\"author\":{\"name\":\"Corina V\u00e2rlan\",\"@id\":\"https:\/\/www.imobiliare.ro\/imoexpert\/#\/schema\/person\/9ffdfbf24b82f39fc75a2fc6c19e4e99\"},\"headline\":\"Cum ai parte de confort \u0219i lini\u0219te \u00eentr-o zon\u0103 plin\u0103 de verdea\u021b\u0103, f\u0103r\u0103 a te \u00eendep\u0103rta de centrul Capitalei? Te mu\u021bi \u00een Cotroceni \u00eentr-o vil\u0103 interbelic\u0103 modernizat\u0103\",\"datePublished\":\"2018-10-18T12:32:26+00:00\",\"mainEntityOfPage\":{\"@id\":\"https:\/\/www.imobiliare.ro\/imoexpert\/cum-ai-parte-de-confort-si-liniste-intr-o-zona-plina-de-verdeata-fara-a-te-indeparta-de-centrul-capitalei-te-muti-in-cotroceni-intr-o-vila-interbelica-modernizata-la-interior_db\/\"},\"wordCount\":308,\"commentCount\":0,\"publisher\":{\"@id\":\"https:\/\/www.imobiliare.ro\/imoexpert\/#organization\"},\"image\":{\"@id\":\"https:\/\/www.imobiliare.ro\/imoexpert\/cum-ai-parte-de-confort-si-liniste-intr-o-zona-plina-de-verdeata-fara-a-te-indeparta-de-centrul-capitalei-te-muti-in-cotroceni-intr-o-vila-interbelica-modernizata-la-interior_db\/#primaryimage\"},\"thumbnailUrl\":\"https:\/\/www.imobiliare.ro\/imoexpert\/wp-content\/uploads\/2018\/10\/vila-cotroceni.jpg\",\"keywords\":[\"Cotroceni\",\"RE\/MAX Rom\u00e2nia\",\"vila\"],\"articleSection\":[\"Parteneri\"],\"inLanguage\":\"en\",\"potentialAction\":[{\"@type\":\"CommentAction\",\"name\":\"Comment\",\"target\":[\"https:\/\/www.imobiliare.ro\/imoexpert\/cum-ai-parte-de-confort-si-liniste-intr-o-zona-plina-de-verdeata-fara-a-te-indeparta-de-centrul-capitalei-te-muti-in-cotroceni-intr-o-vila-interbelica-modernizata-la-interior_db\/#respond\"]}],\"copyrightYear\":\"2018\",\"copyrightHolder\":{\"@id\":\"https:\/\/www.imobiliare.ro\/imoexpert\/#organization\"}},{\"@type\":\"WebPage\",\"@id\":\"https:\/\/www.imobiliare.ro\/imoexpert\/cum-ai-parte-de-confort-si-liniste-intr-o-zona-plina-de-verdeata-fara-a-te-indeparta-de-centrul-capitalei-te-muti-in-cotroceni-intr-o-vila-interbelica-modernizata-la-interior_db\/\",\"url\":\"https:\/\/www.imobiliare.ro\/imoexpert\/cum-ai-parte-de-confort-si-liniste-intr-o-zona-plina-de-verdeata-fara-a-te-indeparta-de-centrul-capitalei-te-muti-in-cotroceni-intr-o-vila-interbelica-modernizata-la-interior_db\/\",\"name\":\"Cum ai parte de confort \u0219i lini\u0219te \u00eentr-o zon\u0103 plin\u0103 de verdea\u021b\u0103, f\u0103r\u0103 a te \u00eendep\u0103rta de centrul Capitalei? Te mu\u021bi \u00een Cotroceni \u00eentr-o vil\u0103 interbelic\u0103 modernizat\u0103 - Parteneri - ImoExpert\",\"isPartOf\":{\"@id\":\"https:\/\/www.imobiliare.ro\/imoexpert\/#website\"},\"primaryImageOfPage\":{\"@id\":\"https:\/\/www.imobiliare.ro\/imoexpert\/cum-ai-parte-de-confort-si-liniste-intr-o-zona-plina-de-verdeata-fara-a-te-indeparta-de-centrul-capitalei-te-muti-in-cotroceni-intr-o-vila-interbelica-modernizata-la-interior_db\/#primaryimage\"},\"image\":{\"@id\":\"https:\/\/www.imobiliare.ro\/imoexpert\/cum-ai-parte-de-confort-si-liniste-intr-o-zona-plina-de-verdeata-fara-a-te-indeparta-de-centrul-capitalei-te-muti-in-cotroceni-intr-o-vila-interbelica-modernizata-la-interior_db\/#primaryimage\"},\"thumbnailUrl\":\"https:\/\/www.imobiliare.ro\/imoexpert\/wp-content\/uploads\/2018\/10\/vila-cotroceni.jpg\",\"datePublished\":\"2018-10-18T12:32:26+00:00\",\"description\":\"O vil\u0103 interbelic\u0103 situat\u0103 \u00een Cotroceni, unul dintre cartierele exclusiviste ale Capitalei, a fost scoas\u0103 la v\u00e2nzare pentru suma de 350.000 de euro.\",\"breadcrumb\":{\"@id\":\"https:\/\/www.imobiliare.ro\/imoexpert\/cum-ai-parte-de-confort-si-liniste-intr-o-zona-plina-de-verdeata-fara-a-te-indeparta-de-centrul-capitalei-te-muti-in-cotroceni-intr-o-vila-interbelica-modernizata-la-interior_db\/#breadcrumb\"},\"inLanguage\":\"en\",\"potentialAction\":[{\"@type\":\"ReadAction\",\"target\":[\"https:\/\/www.imobiliare.ro\/imoexpert\/cum-ai-parte-de-confort-si-liniste-intr-o-zona-plina-de-verdeata-fara-a-te-indeparta-de-centrul-capitalei-te-muti-in-cotroceni-intr-o-vila-interbelica-modernizata-la-interior_db\/\"]}]},{\"@type\":\"ImageObject\",\"inLanguage\":\"en\",\"@id\":\"https:\/\/www.imobiliare.ro\/imoexpert\/cum-ai-parte-de-confort-si-liniste-intr-o-zona-plina-de-verdeata-fara-a-te-indeparta-de-centrul-capitalei-te-muti-in-cotroceni-intr-o-vila-interbelica-modernizata-la-interior_db\/#primaryimage\",\"url\":\"https:\/\/www.imobiliare.ro\/imoexpert\/wp-content\/uploads\/2018\/10\/vila-cotroceni.jpg\",\"contentUrl\":\"https:\/\/www.imobiliare.ro\/imoexpert\/wp-content\/uploads\/2018\/10\/vila-cotroceni.jpg\",\"width\":1920,\"height\":1080,\"caption\":\"vila cotroceni\"},{\"@type\":\"BreadcrumbList\",\"@id\":\"https:\/\/www.imobiliare.ro\/imoexpert\/cum-ai-parte-de-confort-si-liniste-intr-o-zona-plina-de-verdeata-fara-a-te-indeparta-de-centrul-capitalei-te-muti-in-cotroceni-intr-o-vila-interbelica-modernizata-la-interior_db\/#breadcrumb\",\"itemListElement\":[{\"@type\":\"ListItem\",\"position\":1,\"name\":\"Imoradar24\",\"item\":\"https:\/\/www.imoradar24.ro\"},{\"@type\":\"ListItem\",\"position\":2,\"name\":\"ImoExpert\",\"item\":\"https:\/\/www.imobiliare.ro\/imoexpert\/\"},{\"@type\":\"ListItem\",\"position\":3,\"name\":\"Parteneri\",\"item\":\"https:\/\/www.imobiliare.ro\/imoexpert\/parteneri\/\"},{\"@type\":\"ListItem\",\"position\":4,\"name\":\"Cum ai parte de confort \u0219i lini\u0219te \u00eentr-o zon\u0103 plin\u0103 de verdea\u021b\u0103, f\u0103r\u0103 a te \u00eendep\u0103rta de centrul Capitalei? Te mu\u021bi \u00een Cotroceni \u00eentr-o vil\u0103 interbelic\u0103 modernizat\u0103\"}]},{\"@type\":\"WebSite\",\"@id\":\"https:\/\/www.imobiliare.ro\/imoexpert\/#website\",\"url\":\"https:\/\/www.imobiliare.ro\/imoexpert\/\",\"name\":\"ImoExpert\",\"description\":\"cele mai importante \u015ftiri din domeniul imobiliar\",\"publisher\":{\"@id\":\"https:\/\/www.imobiliare.ro\/imoexpert\/#organization\"},\"inLanguage\":\"en\"},{\"@type\":\"Organization\",\"@id\":\"https:\/\/www.imobiliare.ro\/imoexpert\/#organization\",\"name\":\"Imobiliare.ro\",\"alternateName\":\"Realmedia Network SA\",\"url\":\"https:\/\/www.imobiliare.ro\/imoexpert\/\",\"logo\":{\"@type\":\"ImageObject\",\"inLanguage\":\"en\",\"@id\":\"https:\/\/www.imobiliare.ro\/imoexpert\/#\/schema\/logo\/image\/\",\"url\":\"https:\/\/www.imobiliare.ro\/imoexpert\/wp-content\/uploads\/2025\/05\/imobiliare_logo.png\",\"contentUrl\":\"https:\/\/www.imobiliare.ro\/imoexpert\/wp-content\/uploads\/2025\/05\/imobiliare_logo.png\",\"width\":237,\"height\":29,\"caption\":\"Imobiliare.ro\"},\"image\":{\"@id\":\"https:\/\/www.imobiliare.ro\/imoexpert\/#\/schema\/logo\/image\/\"}},{\"@type\":\"Person\",\"@id\":\"https:\/\/www.imobiliare.ro\/imoexpert\/#\/schema\/person\/9ffdfbf24b82f39fc75a2fc6c19e4e99\",\"name\":\"Corina V\u00e2rlan\",\"image\":{\"@type\":\"ImageObject\",\"inLanguage\":\"en\",\"@id\":\"https:\/\/www.imobiliare.ro\/imoexpert\/#\/schema\/person\/image\/\",\"url\":\"https:\/\/www.imobiliare.ro\/imoexpert\/wp-content\/uploads\/2026\/02\/12-02-2025-5-rezumat-brasov-thumb-reels-1-1-96x96.png\",\"contentUrl\":\"https:\/\/www.imobiliare.ro\/imoexpert\/wp-content\/uploads\/2026\/02\/12-02-2025-5-rezumat-brasov-thumb-reels-1-1-96x96.png\",\"caption\":\"Corina V\u00e2rlan\"},\"description\":\"Cu o experien\u021b\u0103 de 14 ani \u00een presa online, comunicare \u0219i content marketing, Corina V\u00e2rlan s-a al\u0103turat echipei Imobiliare.ro \u00een urm\u0103 cu 8 ani \u0219i ocup\u0103, \u00een prezent, func\u021bia de Content Manager. Ea este gazda emisiunii \\\"\u00centreab\u0103 expertul\\\" \u0219i a seriei 5 \u0218tiri Imobiliare.ro, realizate \u00een parteneriat cu Libertatea. Corina \u00ee\u0219i concentreaz\u0103 activitatea pe analiza datelor de pia\u021b\u0103 \u0219i pe subiecte de interes at\u00e2t pentru cei afla\u021bi \u00een c\u0103utarea unei locuin\u021be, c\u00e2t \u0219i pentru proprietari sau chiria\u0219i.\",\"alternateName\":\"Corina\",\"jobTitle\":\"Content Manager\",\"url\":\"https:\/\/www.imobiliare.ro\/imoexpert\/author\/corina-varlan\/\"}]}<\/script>\n<!-- \/ Yoast SEO Premium plugin. -->","yoast_head_json":{"title":"Cum ai parte de confort \u0219i lini\u0219te \u00eentr-o zon\u0103 plin\u0103 de verdea\u021b\u0103, f\u0103r\u0103 a te \u00eendep\u0103rta de centrul Capitalei? Te mu\u021bi \u00een Cotroceni \u00eentr-o vil\u0103 interbelic\u0103 modernizat\u0103 - Parteneri - ImoExpert","description":"O vil\u0103 interbelic\u0103 situat\u0103 \u00een Cotroceni, unul dintre cartierele exclusiviste ale Capitalei, a fost scoas\u0103 la v\u00e2nzare pentru suma de 350.000 de euro.","robots":{"index":"index","follow":"follow"},"canonical":"https:\/\/www.imobiliare.ro\/imoexpert\/cum-ai-parte-de-confort-si-liniste-intr-o-zona-plina-de-verdeata-fara-a-te-indeparta-de-centrul-capitalei-te-muti-in-cotroceni-intr-o-vila-interbelica-modernizata-la-interior_db\/","og_locale":"ro_RO","og_type":"article","og_title":"Cum ai parte de confort \u0219i lini\u0219te \u00eentr-o zon\u0103 plin\u0103 de verdea\u021b\u0103, f\u0103r\u0103 a te \u00eendep\u0103rta de centrul Capitalei? Te mu\u021bi \u00een Cotroceni \u00eentr-o vil\u0103 interbelic\u0103 modernizat\u0103","og_description":"O vil\u0103 interbelic\u0103 situat\u0103 \u00een Cotroceni, unul dintre cartierele exclusiviste ale Capitalei, a fost scoas\u0103 la v\u00e2nzare pentru suma de 350.000 de euro.","og_url":"https:\/\/www.imobiliare.ro\/imoexpert\/cum-ai-parte-de-confort-si-liniste-intr-o-zona-plina-de-verdeata-fara-a-te-indeparta-de-centrul-capitalei-te-muti-in-cotroceni-intr-o-vila-interbelica-modernizata-la-interior_db\/","og_site_name":"ImoExpert","article_published_time":"2018-10-18T12:32:26+00:00","og_image":[{"width":1920,"height":1080,"url":"https:\/\/www.imobiliare.ro\/imoexpert\/wp-content\/uploads\/2018\/10\/vila-cotroceni.jpg","type":"image\/jpeg"}],"author":"Corina V\u00e2rlan","twitter_card":"summary_large_image","twitter_misc":{"Written by":"Corina V\u00e2rlan","Est. reading time":"1 minut"},"schema":{"@context":"https:\/\/schema.org","@graph":[{"@type":"Article","@id":"https:\/\/www.imobiliare.ro\/imoexpert\/cum-ai-parte-de-confort-si-liniste-intr-o-zona-plina-de-verdeata-fara-a-te-indeparta-de-centrul-capitalei-te-muti-in-cotroceni-intr-o-vila-interbelica-modernizata-la-interior_db\/#article","isPartOf":{"@id":"https:\/\/www.imobiliare.ro\/imoexpert\/cum-ai-parte-de-confort-si-liniste-intr-o-zona-plina-de-verdeata-fara-a-te-indeparta-de-centrul-capitalei-te-muti-in-cotroceni-intr-o-vila-interbelica-modernizata-la-interior_db\/"},"author":{"name":"Corina V\u00e2rlan","@id":"https:\/\/www.imobiliare.ro\/imoexpert\/#\/schema\/person\/9ffdfbf24b82f39fc75a2fc6c19e4e99"},"headline":"Cum ai parte de confort \u0219i lini\u0219te \u00eentr-o zon\u0103 plin\u0103 de verdea\u021b\u0103, f\u0103r\u0103 a te \u00eendep\u0103rta de centrul Capitalei? Te mu\u021bi \u00een Cotroceni \u00eentr-o vil\u0103 interbelic\u0103 modernizat\u0103","datePublished":"2018-10-18T12:32:26+00:00","mainEntityOfPage":{"@id":"https:\/\/www.imobiliare.ro\/imoexpert\/cum-ai-parte-de-confort-si-liniste-intr-o-zona-plina-de-verdeata-fara-a-te-indeparta-de-centrul-capitalei-te-muti-in-cotroceni-intr-o-vila-interbelica-modernizata-la-interior_db\/"},"wordCount":308,"commentCount":0,"publisher":{"@id":"https:\/\/www.imobiliare.ro\/imoexpert\/#organization"},"image":{"@id":"https:\/\/www.imobiliare.ro\/imoexpert\/cum-ai-parte-de-confort-si-liniste-intr-o-zona-plina-de-verdeata-fara-a-te-indeparta-de-centrul-capitalei-te-muti-in-cotroceni-intr-o-vila-interbelica-modernizata-la-interior_db\/#primaryimage"},"thumbnailUrl":"https:\/\/www.imobiliare.ro\/imoexpert\/wp-content\/uploads\/2018\/10\/vila-cotroceni.jpg","keywords":["Cotroceni","RE\/MAX Rom\u00e2nia","vila"],"articleSection":["Parteneri"],"inLanguage":"en","potentialAction":[{"@type":"CommentAction","name":"Comment","target":["https:\/\/www.imobiliare.ro\/imoexpert\/cum-ai-parte-de-confort-si-liniste-intr-o-zona-plina-de-verdeata-fara-a-te-indeparta-de-centrul-capitalei-te-muti-in-cotroceni-intr-o-vila-interbelica-modernizata-la-interior_db\/#respond"]}],"copyrightYear":"2018","copyrightHolder":{"@id":"https:\/\/www.imobiliare.ro\/imoexpert\/#organization"}},{"@type":"WebPage","@id":"https:\/\/www.imobiliare.ro\/imoexpert\/cum-ai-parte-de-confort-si-liniste-intr-o-zona-plina-de-verdeata-fara-a-te-indeparta-de-centrul-capitalei-te-muti-in-cotroceni-intr-o-vila-interbelica-modernizata-la-interior_db\/","url":"https:\/\/www.imobiliare.ro\/imoexpert\/cum-ai-parte-de-confort-si-liniste-intr-o-zona-plina-de-verdeata-fara-a-te-indeparta-de-centrul-capitalei-te-muti-in-cotroceni-intr-o-vila-interbelica-modernizata-la-interior_db\/","name":"Cum ai parte de confort \u0219i lini\u0219te \u00eentr-o zon\u0103 plin\u0103 de verdea\u021b\u0103, f\u0103r\u0103 a te \u00eendep\u0103rta de centrul Capitalei? Te mu\u021bi \u00een Cotroceni \u00eentr-o vil\u0103 interbelic\u0103 modernizat\u0103 - Parteneri - ImoExpert","isPartOf":{"@id":"https:\/\/www.imobiliare.ro\/imoexpert\/#website"},"primaryImageOfPage":{"@id":"https:\/\/www.imobiliare.ro\/imoexpert\/cum-ai-parte-de-confort-si-liniste-intr-o-zona-plina-de-verdeata-fara-a-te-indeparta-de-centrul-capitalei-te-muti-in-cotroceni-intr-o-vila-interbelica-modernizata-la-interior_db\/#primaryimage"},"image":{"@id":"https:\/\/www.imobiliare.ro\/imoexpert\/cum-ai-parte-de-confort-si-liniste-intr-o-zona-plina-de-verdeata-fara-a-te-indeparta-de-centrul-capitalei-te-muti-in-cotroceni-intr-o-vila-interbelica-modernizata-la-interior_db\/#primaryimage"},"thumbnailUrl":"https:\/\/www.imobiliare.ro\/imoexpert\/wp-content\/uploads\/2018\/10\/vila-cotroceni.jpg","datePublished":"2018-10-18T12:32:26+00:00","description":"O vil\u0103 interbelic\u0103 situat\u0103 \u00een Cotroceni, unul dintre cartierele exclusiviste ale Capitalei, a fost scoas\u0103 la v\u00e2nzare pentru suma de 350.000 de euro.","breadcrumb":{"@id":"https:\/\/www.imobiliare.ro\/imoexpert\/cum-ai-parte-de-confort-si-liniste-intr-o-zona-plina-de-verdeata-fara-a-te-indeparta-de-centrul-capitalei-te-muti-in-cotroceni-intr-o-vila-interbelica-modernizata-la-interior_db\/#breadcrumb"},"inLanguage":"en","potentialAction":[{"@type":"ReadAction","target":["https:\/\/www.imobiliare.ro\/imoexpert\/cum-ai-parte-de-confort-si-liniste-intr-o-zona-plina-de-verdeata-fara-a-te-indeparta-de-centrul-capitalei-te-muti-in-cotroceni-intr-o-vila-interbelica-modernizata-la-interior_db\/"]}]},{"@type":"ImageObject","inLanguage":"en","@id":"https:\/\/www.imobiliare.ro\/imoexpert\/cum-ai-parte-de-confort-si-liniste-intr-o-zona-plina-de-verdeata-fara-a-te-indeparta-de-centrul-capitalei-te-muti-in-cotroceni-intr-o-vila-interbelica-modernizata-la-interior_db\/#primaryimage","url":"https:\/\/www.imobiliare.ro\/imoexpert\/wp-content\/uploads\/2018\/10\/vila-cotroceni.jpg","contentUrl":"https:\/\/www.imobiliare.ro\/imoexpert\/wp-content\/uploads\/2018\/10\/vila-cotroceni.jpg","width":1920,"height":1080,"caption":"vila cotroceni"},{"@type":"BreadcrumbList","@id":"https:\/\/www.imobiliare.ro\/imoexpert\/cum-ai-parte-de-confort-si-liniste-intr-o-zona-plina-de-verdeata-fara-a-te-indeparta-de-centrul-capitalei-te-muti-in-cotroceni-intr-o-vila-interbelica-modernizata-la-interior_db\/#breadcrumb","itemListElement":[{"@type":"ListItem","position":1,"name":"Imoradar24","item":"https:\/\/www.imoradar24.ro"},{"@type":"ListItem","position":2,"name":"ImoExpert","item":"https:\/\/www.imobiliare.ro\/imoexpert\/"},{"@type":"ListItem","position":3,"name":"Parteneri","item":"https:\/\/www.imobiliare.ro\/imoexpert\/parteneri\/"},{"@type":"ListItem","position":4,"name":"Cum ai parte de confort \u0219i lini\u0219te \u00eentr-o zon\u0103 plin\u0103 de verdea\u021b\u0103, f\u0103r\u0103 a te \u00eendep\u0103rta de centrul Capitalei? Te mu\u021bi \u00een Cotroceni \u00eentr-o vil\u0103 interbelic\u0103 modernizat\u0103"}]},{"@type":"WebSite","@id":"https:\/\/www.imobiliare.ro\/imoexpert\/#website","url":"https:\/\/www.imobiliare.ro\/imoexpert\/","name":"ImoExpert","description":"cele mai importante \u015ftiri din domeniul imobiliar","publisher":{"@id":"https:\/\/www.imobiliare.ro\/imoexpert\/#organization"},"inLanguage":"en"},{"@type":"Organization","@id":"https:\/\/www.imobiliare.ro\/imoexpert\/#organization","name":"Imobiliare.ro","alternateName":"Realmedia Network SA","url":"https:\/\/www.imobiliare.ro\/imoexpert\/","logo":{"@type":"ImageObject","inLanguage":"en","@id":"https:\/\/www.imobiliare.ro\/imoexpert\/#\/schema\/logo\/image\/","url":"https:\/\/www.imobiliare.ro\/imoexpert\/wp-content\/uploads\/2025\/05\/imobiliare_logo.png","contentUrl":"https:\/\/www.imobiliare.ro\/imoexpert\/wp-content\/uploads\/2025\/05\/imobiliare_logo.png","width":237,"height":29,"caption":"Imobiliare.ro"},"image":{"@id":"https:\/\/www.imobiliare.ro\/imoexpert\/#\/schema\/logo\/image\/"}},{"@type":"Person","@id":"https:\/\/www.imobiliare.ro\/imoexpert\/#\/schema\/person\/9ffdfbf24b82f39fc75a2fc6c19e4e99","name":"Corina V\u00e2rlan","image":{"@type":"ImageObject","inLanguage":"en","@id":"https:\/\/www.imobiliare.ro\/imoexpert\/#\/schema\/person\/image\/","url":"https:\/\/www.imobiliare.ro\/imoexpert\/wp-content\/uploads\/2026\/02\/12-02-2025-5-rezumat-brasov-thumb-reels-1-1-96x96.png","contentUrl":"https:\/\/www.imobiliare.ro\/imoexpert\/wp-content\/uploads\/2026\/02\/12-02-2025-5-rezumat-brasov-thumb-reels-1-1-96x96.png","caption":"Corina V\u00e2rlan"},"description":"Cu o experien\u021b\u0103 de 14 ani \u00een presa online, comunicare \u0219i content marketing, Corina V\u00e2rlan s-a al\u0103turat echipei Imobiliare.ro \u00een urm\u0103 cu 8 ani \u0219i ocup\u0103, \u00een prezent, func\u021bia de Content Manager. Ea este gazda emisiunii \"\u00centreab\u0103 expertul\" \u0219i a seriei 5 \u0218tiri Imobiliare.ro, realizate \u00een parteneriat cu Libertatea. Corina \u00ee\u0219i concentreaz\u0103 activitatea pe analiza datelor de pia\u021b\u0103 \u0219i pe subiecte de interes at\u00e2t pentru cei afla\u021bi \u00een c\u0103utarea unei locuin\u021be, c\u00e2t \u0219i pentru proprietari sau chiria\u0219i.","alternateName":"Corina","jobTitle":"Content Manager","url":"https:\/\/www.imobiliare.ro\/imoexpert\/author\/corina-varlan\/"}]}},"_links":{"self":[{"href":"https:\/\/www.imobiliare.ro\/imoexpert\/wp-json\/wp\/v2\/posts\/54131","targetHints":{"allow":["GET"]}}],"collection":[{"href":"https:\/\/www.imobiliare.ro\/imoexpert\/wp-json\/wp\/v2\/posts"}],"about":[{"href":"https:\/\/www.imobiliare.ro\/imoexpert\/wp-json\/wp\/v2\/types\/post"}],"author":[{"embeddable":true,"href":"https:\/\/www.imobiliare.ro\/imoexpert\/wp-json\/wp\/v2\/users\/5891"}],"replies":[{"embeddable":true,"href":"https:\/\/www.imobiliare.ro\/imoexpert\/wp-json\/wp\/v2\/comments?post=54131"}],"version-history":[{"count":0,"href":"https:\/\/www.imobiliare.ro\/imoexpert\/wp-json\/wp\/v2\/posts\/54131\/revisions"}],"wp:featuredmedia":[{"embeddable":true,"href":"https:\/\/www.imobiliare.ro\/imoexpert\/wp-json\/wp\/v2\/media\/54156"}],"wp:attachment":[{"href":"https:\/\/www.imobiliare.ro\/imoexpert\/wp-json\/wp\/v2\/media?parent=54131"}],"wp:term":[{"taxonomy":"category","embeddable":true,"href":"https:\/\/www.imobiliare.ro\/imoexpert\/wp-json\/wp\/v2\/categories?post=54131"},{"taxonomy":"post_tag","embeddable":true,"href":"https:\/\/www.imobiliare.ro\/imoexpert\/wp-json\/wp\/v2\/tags?post=54131"},{"taxonomy":"content_author","embeddable":true,"href":"https:\/\/www.imobiliare.ro\/imoexpert\/wp-json\/wp\/v2\/content_author?post=54131"}],"curies":[{"name":"wp","href":"https:\/\/api.w.org\/{rel}","templated":true}]}}