{"id":54142,"date":"2018-10-19T12:44:18","date_gmt":"2018-10-19T09:44:18","guid":{"rendered":"https:\/\/www.imobiliare.ro\/imoexpert\/?p=54142"},"modified":"2018-10-19T12:44:18","modified_gmt":"2018-10-19T09:44:18","slug":"cauti-o-vila-cu-personalitate-in-zona-de-nord-a-capitalei-o-astfel-de-proprietate-tocmai-a-fost-scoasa-la-vanzare-pentru-335-000-de-euro","status":"publish","type":"post","link":"https:\/\/www.imobiliare.ro\/imoexpert\/cauti-o-vila-cu-personalitate-in-zona-de-nord-a-capitalei-o-astfel-de-proprietate-tocmai-a-fost-scoasa-la-vanzare-pentru-335-000-de-euro_db\/","title":{"rendered":"Cau\u021bi o vil\u0103 cu personalitate \u00een zona de nord a Capitalei? O astfel de proprietate tocmai a fost scoas\u0103 la v\u00e2nzare pentru 335.000 de euro"},"content":{"rendered":"<h2><img loading=\"lazy\" decoding=\"async\" class=\"alignnone size-large wp-image-54164\" src=\"https:\/\/www.imobiliare.ro\/imoexpert\/wp-content\/uploads\/2018\/10\/vila-baneasa-bucuresti-1024x584.jpg\" alt=\"vila baneasa bucuresti\" width=\"1024\" height=\"584\" srcset=\"https:\/\/www.imobiliare.ro\/imoexpert\/wp-content\/uploads\/2018\/10\/vila-baneasa-bucuresti-1024x584.jpg 1024w, https:\/\/www.imobiliare.ro\/imoexpert\/wp-content\/uploads\/2018\/10\/vila-baneasa-bucuresti-300x171.jpg 300w, https:\/\/www.imobiliare.ro\/imoexpert\/wp-content\/uploads\/2018\/10\/vila-baneasa-bucuresti-768x438.jpg 768w, https:\/\/www.imobiliare.ro\/imoexpert\/wp-content\/uploads\/2018\/10\/vila-baneasa-bucuresti-1536x876.jpg 1536w, https:\/\/www.imobiliare.ro\/imoexpert\/wp-content\/uploads\/2018\/10\/vila-baneasa-bucuresti-2048x1169.jpg 2048w\" sizes=\"auto, (max-width: 1024px) 100vw, 1024px\" \/><\/h2>\n<h2>Vrei s\u0103 te mu\u021bi \u00eentr-o nou\u0103 cas\u0103? \u00ce\u021bi dore\u0219ti confort, mai mult spa\u021biu, dar \u00een acela\u0219i timp ai vrea ca locuin\u021ba pe care o alegi s\u0103 aib\u0103 &#8222;personalitate&#8221;? Iat\u0103 ce \u00ee\u021bi propunem.<\/h2>\n<p>O vil\u0103 cu cinci camere \u0219i cu o arhitectur\u0103 interior\u0103 deosebit\u0103 a fost scoas\u0103 recent la v\u00e2nzare \u00eentr-unul dintre cele mai r\u00e2vnite cartiere din zona de nord a Capitalei, B\u0103neasa, pentru suma de 335.000 de euro.<\/p>\n<p><img loading=\"lazy\" decoding=\"async\" class=\"alignnone size-large wp-image-54162\" src=\"https:\/\/www.imobiliare.ro\/imoexpert\/wp-content\/uploads\/2018\/10\/vila-baneasa-1024x558.jpg\" alt=\"vila baneasa\" width=\"1024\" height=\"558\" srcset=\"https:\/\/www.imobiliare.ro\/imoexpert\/wp-content\/uploads\/2018\/10\/vila-baneasa-1024x558.jpg 1024w, https:\/\/www.imobiliare.ro\/imoexpert\/wp-content\/uploads\/2018\/10\/vila-baneasa-300x164.jpg 300w, https:\/\/www.imobiliare.ro\/imoexpert\/wp-content\/uploads\/2018\/10\/vila-baneasa-768x419.jpg 768w, https:\/\/www.imobiliare.ro\/imoexpert\/wp-content\/uploads\/2018\/10\/vila-baneasa-1536x838.jpg 1536w, https:\/\/www.imobiliare.ro\/imoexpert\/wp-content\/uploads\/2018\/10\/vila-baneasa-2048x1117.jpg 2048w\" sizes=\"auto, (max-width: 1024px) 100vw, 1024px\" \/><\/p>\n<p>&#8222;Construit \u00een 2004, imobilul dispune de o pozi\u021bionare interesant\u0103 pe teren, iar la interior este structurat \u00eentr-un mod func\u021bional, \u00een trepte, astfel \u00eenc\u00e2t cei care locuiesc aici s\u0103 aib\u0103 intimitate, dar \u00een acela\u0219i timp s\u0103 aib\u0103 posibilitatea s\u0103 interac\u021bioneze \u00een spa\u021biile comune, situate la parter&#8221;, potrivit\u00a0<a class=\"article-body-links\"href=\"https:\/\/www.imobiliare.ro\/vanzare-case-vile\/bucuresti\/baneasa\/casa-de-vanzare-5-camere-X9ON11003\" target=\"_blank\" rel=\"noopener\">anun\u021bului de v\u00e2nzare<\/a>.<\/p>\n<p><img loading=\"lazy\" decoding=\"async\" class=\"alignnone size-large wp-image-54163\" src=\"https:\/\/www.imobiliare.ro\/imoexpert\/wp-content\/uploads\/2018\/10\/terasa-vila-baneasa-1024x511.jpg\" alt=\"terasa vila baneasa\" width=\"1024\" height=\"511\" srcset=\"https:\/\/www.imobiliare.ro\/imoexpert\/wp-content\/uploads\/2018\/10\/terasa-vila-baneasa-1024x511.jpg 1024w, https:\/\/www.imobiliare.ro\/imoexpert\/wp-content\/uploads\/2018\/10\/terasa-vila-baneasa-300x150.jpg 300w, https:\/\/www.imobiliare.ro\/imoexpert\/wp-content\/uploads\/2018\/10\/terasa-vila-baneasa-768x383.jpg 768w, https:\/\/www.imobiliare.ro\/imoexpert\/wp-content\/uploads\/2018\/10\/terasa-vila-baneasa-1536x767.jpg 1536w, https:\/\/www.imobiliare.ro\/imoexpert\/wp-content\/uploads\/2018\/10\/terasa-vila-baneasa-2048x1023.jpg 2048w\" sizes=\"auto, (max-width: 1024px) 100vw, 1024px\" \/><\/p>\n<p>Cea mai interesant\u0103 caracteristic\u0103 a casei este luminatorul, plasat \u00een terasa de iarn\u0103, care permite luminii naturale s\u0103 p\u0103trund\u0103 din abunden\u021b\u0103 \u00een living, oferind astfel o atmosfer\u0103 pl\u0103cut\u0103 \u00eenc\u0103perii.<\/p>\n<p><a class=\"article-body-links\"href=\"https:\/\/www.imobiliare.ro\/vanzare-case-vile\/bucuresti\/baneasa\/casa-de-vanzare-5-camere-X9ON11003#modal-galerie-mare\" target=\"_blank\" rel=\"noopener\"><strong>Galerie foto complet\u0103 disponibil\u0103 aici<\/strong><\/a><\/p>\n<p>Proprietatea dispune de o suprafa\u021b\u0103 util\u0103 de 270 de mp. La parter, pe l\u00e2ng\u0103 living, se afl\u0103 \u0219i buc\u0103t\u0103ria, complet echipat\u0103, cu loc de luat masa, o alt\u0103 zon\u0103 dedicat\u0103 cinelor \u00een familie \u0219i o zon\u0103 de birou.<\/p>\n<p><iframe loading=\"lazy\" src=\"https:\/\/www.youtube.com\/embed\/jYGldFc2rzY\" width=\"560\" height=\"315\" frameborder=\"0\" allowfullscreen=\"allowfullscreen\"><\/iframe><\/p>\n<p>Fiecare dintre cele trei dormitoare dispune de baie proprie \u0219i de un dressing. Zona matrimonial\u0103 este separat\u0103 de celelalte spa\u021bii ale locuin\u021bei.<\/p>\n<p>Localizarea propriet\u0103\u021bii, pe bulevardul Ion Ionescu de la Brad permite accesul rapid pe \u0218oseaua Bucure\u0219ti-Ploie\u0219ti, dar \u0219i spre centrul ora\u0219ului. Vila se afl\u0103, totodat\u0103, \u00een imediata vecin\u0103tate a mai multor puncte de interes din nordul Bucure\u0219tiului, precum Aeroportul B\u0103neasa, complexul comercial B\u0103neasa Shopping City \u0219i P\u0103durea B\u0103neasa.<\/p>\n<p>&#8222;Acest imobil este o oportunitate remarcabil\u0103 nu doar de a dob\u00e2ndi o proprietate \u00eentr-o zon\u0103 r\u00e2vnit\u0103 de mul\u021bi locuitori ai Capitalei \u0219i un stil de via\u021b\u0103, ci \u0219i de investi\u021bie&#8221;, men\u021bioneaz\u0103 reprezentan\u021bii RE\/MAX Freedom Group, parte a re\u021belei de agen\u021bii imobiliare RE\/MAX Rom\u00e2nia, cei care au \u00een portofoliul proprietatea.<\/p>\n","protected":false},"excerpt":{"rendered":"<p>Vrei s\u0103 te mu\u021bi \u00eentr-o nou\u0103 cas\u0103? \u00ce\u021bi dore\u0219ti confort, mai mult spa\u021biu, dar \u00een acela\u0219i timp ai vrea ca locuin\u021ba pe care o alegi s\u0103 aib\u0103 &#8222;personalitate&#8221;? Iat\u0103 ce \u00ee\u021bi propunem. O vil\u0103 cu cinci camere \u0219i cu o arhitectur\u0103 interior\u0103 deosebit\u0103 a fost scoas\u0103 recent la v\u00e2nzare \u00eentr-unul dintre cele mai r\u00e2vnite cartiere [&hellip;]<\/p>\n","protected":false},"author":5891,"featured_media":54164,"comment_status":"open","ping_status":"open","sticky":false,"template":"","format":"standard","meta":{"footnotes":""},"categories":[253],"tags":[349,1774,1748],"content_author":[],"class_list":["post-54142","post","type-post","status-publish","format-standard","has-post-thumbnail","hentry","category-parteneri","tag-achizitie-casa","tag-baneasa","tag-re-max-romania"],"yoast_head":"<!-- This site is optimized with the Yoast SEO Premium plugin v27.0 (Yoast SEO v27.0) - https:\/\/yoast.com\/product\/yoast-seo-premium-wordpress\/ -->\n<title>Cau\u021bi o vil\u0103 cu personalitate \u00een zona de nord a Capitalei? O astfel de proprietate tocmai a fost scoas\u0103 la v\u00e2nzare pentru 335.000 de euro - Parteneri - ImoExpert<\/title>\n<meta name=\"description\" content=\"Vrei s\u0103 te mu\u021bi \u00eentr-o nou\u0103 cas\u0103? \u00ce\u021bi dore\u0219ti confort, mai mult spa\u021biu, dar \u00een acela\u0219i timp ai vrea ca locuin\u021ba pe care o alegi s\u0103 aib\u0103 &quot;personalitate&quot;?\" \/>\n<meta name=\"robots\" content=\"index, follow\" \/>\n<link rel=\"canonical\" href=\"https:\/\/www.imobiliare.ro\/imoexpert\/cauti-o-vila-cu-personalitate-in-zona-de-nord-a-capitalei-o-astfel-de-proprietate-tocmai-a-fost-scoasa-la-vanzare-pentru-335-000-de-euro_db\/\" \/>\n<meta property=\"og:locale\" content=\"ro_RO\" \/>\n<meta property=\"og:type\" content=\"article\" \/>\n<meta property=\"og:title\" content=\"Cau\u021bi o vil\u0103 cu personalitate \u00een zona de nord a Capitalei? O astfel de proprietate tocmai a fost scoas\u0103 la v\u00e2nzare pentru 335.000 de euro\" \/>\n<meta property=\"og:description\" content=\"Vrei s\u0103 te mu\u021bi \u00eentr-o nou\u0103 cas\u0103? \u00ce\u021bi dore\u0219ti confort, mai mult spa\u021biu, dar \u00een acela\u0219i timp ai vrea ca locuin\u021ba pe care o alegi s\u0103 aib\u0103 &quot;personalitate&quot;?\" \/>\n<meta property=\"og:url\" content=\"https:\/\/www.imobiliare.ro\/imoexpert\/cauti-o-vila-cu-personalitate-in-zona-de-nord-a-capitalei-o-astfel-de-proprietate-tocmai-a-fost-scoasa-la-vanzare-pentru-335-000-de-euro_db\/\" \/>\n<meta property=\"og:site_name\" content=\"ImoExpert\" \/>\n<meta property=\"article:published_time\" content=\"2018-10-19T09:44:18+00:00\" \/>\n<meta property=\"og:image\" content=\"https:\/\/www.imobiliare.ro\/imoexpert\/wp-content\/uploads\/2018\/10\/vila-baneasa-bucuresti-scaled.jpg\" \/>\n\t<meta property=\"og:image:width\" content=\"2560\" \/>\n\t<meta property=\"og:image:height\" content=\"1461\" \/>\n\t<meta property=\"og:image:type\" content=\"image\/jpeg\" \/>\n<meta name=\"author\" content=\"Corina V\u00e2rlan\" \/>\n<meta name=\"twitter:card\" content=\"summary_large_image\" \/>\n<meta name=\"twitter:label1\" content=\"Written by\" \/>\n\t<meta name=\"twitter:data1\" content=\"Corina V\u00e2rlan\" \/>\n\t<meta name=\"twitter:label2\" content=\"Est. reading time\" \/>\n\t<meta name=\"twitter:data2\" content=\"2 minute\" \/>\n<script type=\"application\/ld+json\" class=\"yoast-schema-graph\">{\"@context\":\"https:\/\/schema.org\",\"@graph\":[{\"@type\":\"Article\",\"@id\":\"https:\/\/www.imobiliare.ro\/imoexpert\/cauti-o-vila-cu-personalitate-in-zona-de-nord-a-capitalei-o-astfel-de-proprietate-tocmai-a-fost-scoasa-la-vanzare-pentru-335-000-de-euro_db\/#article\",\"isPartOf\":{\"@id\":\"https:\/\/www.imobiliare.ro\/imoexpert\/cauti-o-vila-cu-personalitate-in-zona-de-nord-a-capitalei-o-astfel-de-proprietate-tocmai-a-fost-scoasa-la-vanzare-pentru-335-000-de-euro_db\/\"},\"author\":{\"name\":\"Corina V\u00e2rlan\",\"@id\":\"https:\/\/www.imobiliare.ro\/imoexpert\/#\/schema\/person\/9ffdfbf24b82f39fc75a2fc6c19e4e99\"},\"headline\":\"Cau\u021bi o vil\u0103 cu personalitate \u00een zona de nord a Capitalei? O astfel de proprietate tocmai a fost scoas\u0103 la v\u00e2nzare pentru 335.000 de euro\",\"datePublished\":\"2018-10-19T09:44:18+00:00\",\"mainEntityOfPage\":{\"@id\":\"https:\/\/www.imobiliare.ro\/imoexpert\/cauti-o-vila-cu-personalitate-in-zona-de-nord-a-capitalei-o-astfel-de-proprietate-tocmai-a-fost-scoasa-la-vanzare-pentru-335-000-de-euro_db\/\"},\"wordCount\":375,\"commentCount\":0,\"publisher\":{\"@id\":\"https:\/\/www.imobiliare.ro\/imoexpert\/#organization\"},\"image\":{\"@id\":\"https:\/\/www.imobiliare.ro\/imoexpert\/cauti-o-vila-cu-personalitate-in-zona-de-nord-a-capitalei-o-astfel-de-proprietate-tocmai-a-fost-scoasa-la-vanzare-pentru-335-000-de-euro_db\/#primaryimage\"},\"thumbnailUrl\":\"https:\/\/www.imobiliare.ro\/imoexpert\/wp-content\/uploads\/2018\/10\/vila-baneasa-bucuresti-scaled.jpg\",\"keywords\":[\"achizitie casa\",\"B\u0103neasa\",\"RE\/MAX Rom\u00e2nia\"],\"articleSection\":[\"Parteneri\"],\"inLanguage\":\"en\",\"potentialAction\":[{\"@type\":\"CommentAction\",\"name\":\"Comment\",\"target\":[\"https:\/\/www.imobiliare.ro\/imoexpert\/cauti-o-vila-cu-personalitate-in-zona-de-nord-a-capitalei-o-astfel-de-proprietate-tocmai-a-fost-scoasa-la-vanzare-pentru-335-000-de-euro_db\/#respond\"]}],\"copyrightYear\":\"2018\",\"copyrightHolder\":{\"@id\":\"https:\/\/www.imobiliare.ro\/imoexpert\/#organization\"}},{\"@type\":\"WebPage\",\"@id\":\"https:\/\/www.imobiliare.ro\/imoexpert\/cauti-o-vila-cu-personalitate-in-zona-de-nord-a-capitalei-o-astfel-de-proprietate-tocmai-a-fost-scoasa-la-vanzare-pentru-335-000-de-euro_db\/\",\"url\":\"https:\/\/www.imobiliare.ro\/imoexpert\/cauti-o-vila-cu-personalitate-in-zona-de-nord-a-capitalei-o-astfel-de-proprietate-tocmai-a-fost-scoasa-la-vanzare-pentru-335-000-de-euro_db\/\",\"name\":\"Cau\u021bi o vil\u0103 cu personalitate \u00een zona de nord a Capitalei? O astfel de proprietate tocmai a fost scoas\u0103 la v\u00e2nzare pentru 335.000 de euro - Parteneri - ImoExpert\",\"isPartOf\":{\"@id\":\"https:\/\/www.imobiliare.ro\/imoexpert\/#website\"},\"primaryImageOfPage\":{\"@id\":\"https:\/\/www.imobiliare.ro\/imoexpert\/cauti-o-vila-cu-personalitate-in-zona-de-nord-a-capitalei-o-astfel-de-proprietate-tocmai-a-fost-scoasa-la-vanzare-pentru-335-000-de-euro_db\/#primaryimage\"},\"image\":{\"@id\":\"https:\/\/www.imobiliare.ro\/imoexpert\/cauti-o-vila-cu-personalitate-in-zona-de-nord-a-capitalei-o-astfel-de-proprietate-tocmai-a-fost-scoasa-la-vanzare-pentru-335-000-de-euro_db\/#primaryimage\"},\"thumbnailUrl\":\"https:\/\/www.imobiliare.ro\/imoexpert\/wp-content\/uploads\/2018\/10\/vila-baneasa-bucuresti-scaled.jpg\",\"datePublished\":\"2018-10-19T09:44:18+00:00\",\"description\":\"Vrei s\u0103 te mu\u021bi \u00eentr-o nou\u0103 cas\u0103? \u00ce\u021bi dore\u0219ti confort, mai mult spa\u021biu, dar \u00een acela\u0219i timp ai vrea ca locuin\u021ba pe care o alegi s\u0103 aib\u0103 \\\"personalitate\\\"?\",\"breadcrumb\":{\"@id\":\"https:\/\/www.imobiliare.ro\/imoexpert\/cauti-o-vila-cu-personalitate-in-zona-de-nord-a-capitalei-o-astfel-de-proprietate-tocmai-a-fost-scoasa-la-vanzare-pentru-335-000-de-euro_db\/#breadcrumb\"},\"inLanguage\":\"en\",\"potentialAction\":[{\"@type\":\"ReadAction\",\"target\":[\"https:\/\/www.imobiliare.ro\/imoexpert\/cauti-o-vila-cu-personalitate-in-zona-de-nord-a-capitalei-o-astfel-de-proprietate-tocmai-a-fost-scoasa-la-vanzare-pentru-335-000-de-euro_db\/\"]}]},{\"@type\":\"ImageObject\",\"inLanguage\":\"en\",\"@id\":\"https:\/\/www.imobiliare.ro\/imoexpert\/cauti-o-vila-cu-personalitate-in-zona-de-nord-a-capitalei-o-astfel-de-proprietate-tocmai-a-fost-scoasa-la-vanzare-pentru-335-000-de-euro_db\/#primaryimage\",\"url\":\"https:\/\/www.imobiliare.ro\/imoexpert\/wp-content\/uploads\/2018\/10\/vila-baneasa-bucuresti-scaled.jpg\",\"contentUrl\":\"https:\/\/www.imobiliare.ro\/imoexpert\/wp-content\/uploads\/2018\/10\/vila-baneasa-bucuresti-scaled.jpg\",\"width\":2560,\"height\":1461,\"caption\":\"vila baneasa bucuresti\"},{\"@type\":\"BreadcrumbList\",\"@id\":\"https:\/\/www.imobiliare.ro\/imoexpert\/cauti-o-vila-cu-personalitate-in-zona-de-nord-a-capitalei-o-astfel-de-proprietate-tocmai-a-fost-scoasa-la-vanzare-pentru-335-000-de-euro_db\/#breadcrumb\",\"itemListElement\":[{\"@type\":\"ListItem\",\"position\":1,\"name\":\"Imoradar24\",\"item\":\"https:\/\/www.imoradar24.ro\"},{\"@type\":\"ListItem\",\"position\":2,\"name\":\"ImoExpert\",\"item\":\"https:\/\/www.imobiliare.ro\/imoexpert\/\"},{\"@type\":\"ListItem\",\"position\":3,\"name\":\"Parteneri\",\"item\":\"https:\/\/www.imobiliare.ro\/imoexpert\/parteneri\/\"},{\"@type\":\"ListItem\",\"position\":4,\"name\":\"Cau\u021bi o vil\u0103 cu personalitate \u00een zona de nord a Capitalei? O astfel de proprietate tocmai a fost scoas\u0103 la v\u00e2nzare pentru 335.000 de euro\"}]},{\"@type\":\"WebSite\",\"@id\":\"https:\/\/www.imobiliare.ro\/imoexpert\/#website\",\"url\":\"https:\/\/www.imobiliare.ro\/imoexpert\/\",\"name\":\"ImoExpert\",\"description\":\"cele mai importante \u015ftiri din domeniul imobiliar\",\"publisher\":{\"@id\":\"https:\/\/www.imobiliare.ro\/imoexpert\/#organization\"},\"inLanguage\":\"en\"},{\"@type\":\"Organization\",\"@id\":\"https:\/\/www.imobiliare.ro\/imoexpert\/#organization\",\"name\":\"Imobiliare.ro\",\"alternateName\":\"Realmedia Network SA\",\"url\":\"https:\/\/www.imobiliare.ro\/imoexpert\/\",\"logo\":{\"@type\":\"ImageObject\",\"inLanguage\":\"en\",\"@id\":\"https:\/\/www.imobiliare.ro\/imoexpert\/#\/schema\/logo\/image\/\",\"url\":\"https:\/\/www.imobiliare.ro\/imoexpert\/wp-content\/uploads\/2025\/05\/imobiliare_logo.png\",\"contentUrl\":\"https:\/\/www.imobiliare.ro\/imoexpert\/wp-content\/uploads\/2025\/05\/imobiliare_logo.png\",\"width\":237,\"height\":29,\"caption\":\"Imobiliare.ro\"},\"image\":{\"@id\":\"https:\/\/www.imobiliare.ro\/imoexpert\/#\/schema\/logo\/image\/\"}},{\"@type\":\"Person\",\"@id\":\"https:\/\/www.imobiliare.ro\/imoexpert\/#\/schema\/person\/9ffdfbf24b82f39fc75a2fc6c19e4e99\",\"name\":\"Corina V\u00e2rlan\",\"image\":{\"@type\":\"ImageObject\",\"inLanguage\":\"en\",\"@id\":\"https:\/\/www.imobiliare.ro\/imoexpert\/#\/schema\/person\/image\/\",\"url\":\"https:\/\/www.imobiliare.ro\/imoexpert\/wp-content\/uploads\/2026\/02\/12-02-2025-5-rezumat-brasov-thumb-reels-1-1-96x96.png\",\"contentUrl\":\"https:\/\/www.imobiliare.ro\/imoexpert\/wp-content\/uploads\/2026\/02\/12-02-2025-5-rezumat-brasov-thumb-reels-1-1-96x96.png\",\"caption\":\"Corina V\u00e2rlan\"},\"description\":\"Cu o experien\u021b\u0103 de 14 ani \u00een presa online, comunicare \u0219i content marketing, Corina V\u00e2rlan s-a al\u0103turat echipei Imobiliare.ro \u00een urm\u0103 cu 8 ani \u0219i ocup\u0103, \u00een prezent, func\u021bia de Content Manager. Ea este gazda emisiunii \\\"\u00centreab\u0103 expertul\\\" \u0219i a seriei 5 \u0218tiri Imobiliare.ro, realizate \u00een parteneriat cu Libertatea. Corina \u00ee\u0219i concentreaz\u0103 activitatea pe analiza datelor de pia\u021b\u0103 \u0219i pe subiecte de interes at\u00e2t pentru cei afla\u021bi \u00een c\u0103utarea unei locuin\u021be, c\u00e2t \u0219i pentru proprietari sau chiria\u0219i.\",\"alternateName\":\"Corina\",\"jobTitle\":\"Content Manager\",\"url\":\"https:\/\/www.imobiliare.ro\/imoexpert\/author\/corina-varlan\/\"}]}<\/script>\n<!-- \/ Yoast SEO Premium plugin. -->","yoast_head_json":{"title":"Cau\u021bi o vil\u0103 cu personalitate \u00een zona de nord a Capitalei? O astfel de proprietate tocmai a fost scoas\u0103 la v\u00e2nzare pentru 335.000 de euro - Parteneri - ImoExpert","description":"Vrei s\u0103 te mu\u021bi \u00eentr-o nou\u0103 cas\u0103? \u00ce\u021bi dore\u0219ti confort, mai mult spa\u021biu, dar \u00een acela\u0219i timp ai vrea ca locuin\u021ba pe care o alegi s\u0103 aib\u0103 \"personalitate\"?","robots":{"index":"index","follow":"follow"},"canonical":"https:\/\/www.imobiliare.ro\/imoexpert\/cauti-o-vila-cu-personalitate-in-zona-de-nord-a-capitalei-o-astfel-de-proprietate-tocmai-a-fost-scoasa-la-vanzare-pentru-335-000-de-euro_db\/","og_locale":"ro_RO","og_type":"article","og_title":"Cau\u021bi o vil\u0103 cu personalitate \u00een zona de nord a Capitalei? O astfel de proprietate tocmai a fost scoas\u0103 la v\u00e2nzare pentru 335.000 de euro","og_description":"Vrei s\u0103 te mu\u021bi \u00eentr-o nou\u0103 cas\u0103? \u00ce\u021bi dore\u0219ti confort, mai mult spa\u021biu, dar \u00een acela\u0219i timp ai vrea ca locuin\u021ba pe care o alegi s\u0103 aib\u0103 \"personalitate\"?","og_url":"https:\/\/www.imobiliare.ro\/imoexpert\/cauti-o-vila-cu-personalitate-in-zona-de-nord-a-capitalei-o-astfel-de-proprietate-tocmai-a-fost-scoasa-la-vanzare-pentru-335-000-de-euro_db\/","og_site_name":"ImoExpert","article_published_time":"2018-10-19T09:44:18+00:00","og_image":[{"width":2560,"height":1461,"url":"https:\/\/www.imobiliare.ro\/imoexpert\/wp-content\/uploads\/2018\/10\/vila-baneasa-bucuresti-scaled.jpg","type":"image\/jpeg"}],"author":"Corina V\u00e2rlan","twitter_card":"summary_large_image","twitter_misc":{"Written by":"Corina V\u00e2rlan","Est. reading time":"2 minute"},"schema":{"@context":"https:\/\/schema.org","@graph":[{"@type":"Article","@id":"https:\/\/www.imobiliare.ro\/imoexpert\/cauti-o-vila-cu-personalitate-in-zona-de-nord-a-capitalei-o-astfel-de-proprietate-tocmai-a-fost-scoasa-la-vanzare-pentru-335-000-de-euro_db\/#article","isPartOf":{"@id":"https:\/\/www.imobiliare.ro\/imoexpert\/cauti-o-vila-cu-personalitate-in-zona-de-nord-a-capitalei-o-astfel-de-proprietate-tocmai-a-fost-scoasa-la-vanzare-pentru-335-000-de-euro_db\/"},"author":{"name":"Corina V\u00e2rlan","@id":"https:\/\/www.imobiliare.ro\/imoexpert\/#\/schema\/person\/9ffdfbf24b82f39fc75a2fc6c19e4e99"},"headline":"Cau\u021bi o vil\u0103 cu personalitate \u00een zona de nord a Capitalei? O astfel de proprietate tocmai a fost scoas\u0103 la v\u00e2nzare pentru 335.000 de euro","datePublished":"2018-10-19T09:44:18+00:00","mainEntityOfPage":{"@id":"https:\/\/www.imobiliare.ro\/imoexpert\/cauti-o-vila-cu-personalitate-in-zona-de-nord-a-capitalei-o-astfel-de-proprietate-tocmai-a-fost-scoasa-la-vanzare-pentru-335-000-de-euro_db\/"},"wordCount":375,"commentCount":0,"publisher":{"@id":"https:\/\/www.imobiliare.ro\/imoexpert\/#organization"},"image":{"@id":"https:\/\/www.imobiliare.ro\/imoexpert\/cauti-o-vila-cu-personalitate-in-zona-de-nord-a-capitalei-o-astfel-de-proprietate-tocmai-a-fost-scoasa-la-vanzare-pentru-335-000-de-euro_db\/#primaryimage"},"thumbnailUrl":"https:\/\/www.imobiliare.ro\/imoexpert\/wp-content\/uploads\/2018\/10\/vila-baneasa-bucuresti-scaled.jpg","keywords":["achizitie casa","B\u0103neasa","RE\/MAX Rom\u00e2nia"],"articleSection":["Parteneri"],"inLanguage":"en","potentialAction":[{"@type":"CommentAction","name":"Comment","target":["https:\/\/www.imobiliare.ro\/imoexpert\/cauti-o-vila-cu-personalitate-in-zona-de-nord-a-capitalei-o-astfel-de-proprietate-tocmai-a-fost-scoasa-la-vanzare-pentru-335-000-de-euro_db\/#respond"]}],"copyrightYear":"2018","copyrightHolder":{"@id":"https:\/\/www.imobiliare.ro\/imoexpert\/#organization"}},{"@type":"WebPage","@id":"https:\/\/www.imobiliare.ro\/imoexpert\/cauti-o-vila-cu-personalitate-in-zona-de-nord-a-capitalei-o-astfel-de-proprietate-tocmai-a-fost-scoasa-la-vanzare-pentru-335-000-de-euro_db\/","url":"https:\/\/www.imobiliare.ro\/imoexpert\/cauti-o-vila-cu-personalitate-in-zona-de-nord-a-capitalei-o-astfel-de-proprietate-tocmai-a-fost-scoasa-la-vanzare-pentru-335-000-de-euro_db\/","name":"Cau\u021bi o vil\u0103 cu personalitate \u00een zona de nord a Capitalei? O astfel de proprietate tocmai a fost scoas\u0103 la v\u00e2nzare pentru 335.000 de euro - Parteneri - ImoExpert","isPartOf":{"@id":"https:\/\/www.imobiliare.ro\/imoexpert\/#website"},"primaryImageOfPage":{"@id":"https:\/\/www.imobiliare.ro\/imoexpert\/cauti-o-vila-cu-personalitate-in-zona-de-nord-a-capitalei-o-astfel-de-proprietate-tocmai-a-fost-scoasa-la-vanzare-pentru-335-000-de-euro_db\/#primaryimage"},"image":{"@id":"https:\/\/www.imobiliare.ro\/imoexpert\/cauti-o-vila-cu-personalitate-in-zona-de-nord-a-capitalei-o-astfel-de-proprietate-tocmai-a-fost-scoasa-la-vanzare-pentru-335-000-de-euro_db\/#primaryimage"},"thumbnailUrl":"https:\/\/www.imobiliare.ro\/imoexpert\/wp-content\/uploads\/2018\/10\/vila-baneasa-bucuresti-scaled.jpg","datePublished":"2018-10-19T09:44:18+00:00","description":"Vrei s\u0103 te mu\u021bi \u00eentr-o nou\u0103 cas\u0103? \u00ce\u021bi dore\u0219ti confort, mai mult spa\u021biu, dar \u00een acela\u0219i timp ai vrea ca locuin\u021ba pe care o alegi s\u0103 aib\u0103 \"personalitate\"?","breadcrumb":{"@id":"https:\/\/www.imobiliare.ro\/imoexpert\/cauti-o-vila-cu-personalitate-in-zona-de-nord-a-capitalei-o-astfel-de-proprietate-tocmai-a-fost-scoasa-la-vanzare-pentru-335-000-de-euro_db\/#breadcrumb"},"inLanguage":"en","potentialAction":[{"@type":"ReadAction","target":["https:\/\/www.imobiliare.ro\/imoexpert\/cauti-o-vila-cu-personalitate-in-zona-de-nord-a-capitalei-o-astfel-de-proprietate-tocmai-a-fost-scoasa-la-vanzare-pentru-335-000-de-euro_db\/"]}]},{"@type":"ImageObject","inLanguage":"en","@id":"https:\/\/www.imobiliare.ro\/imoexpert\/cauti-o-vila-cu-personalitate-in-zona-de-nord-a-capitalei-o-astfel-de-proprietate-tocmai-a-fost-scoasa-la-vanzare-pentru-335-000-de-euro_db\/#primaryimage","url":"https:\/\/www.imobiliare.ro\/imoexpert\/wp-content\/uploads\/2018\/10\/vila-baneasa-bucuresti-scaled.jpg","contentUrl":"https:\/\/www.imobiliare.ro\/imoexpert\/wp-content\/uploads\/2018\/10\/vila-baneasa-bucuresti-scaled.jpg","width":2560,"height":1461,"caption":"vila baneasa bucuresti"},{"@type":"BreadcrumbList","@id":"https:\/\/www.imobiliare.ro\/imoexpert\/cauti-o-vila-cu-personalitate-in-zona-de-nord-a-capitalei-o-astfel-de-proprietate-tocmai-a-fost-scoasa-la-vanzare-pentru-335-000-de-euro_db\/#breadcrumb","itemListElement":[{"@type":"ListItem","position":1,"name":"Imoradar24","item":"https:\/\/www.imoradar24.ro"},{"@type":"ListItem","position":2,"name":"ImoExpert","item":"https:\/\/www.imobiliare.ro\/imoexpert\/"},{"@type":"ListItem","position":3,"name":"Parteneri","item":"https:\/\/www.imobiliare.ro\/imoexpert\/parteneri\/"},{"@type":"ListItem","position":4,"name":"Cau\u021bi o vil\u0103 cu personalitate \u00een zona de nord a Capitalei? O astfel de proprietate tocmai a fost scoas\u0103 la v\u00e2nzare pentru 335.000 de euro"}]},{"@type":"WebSite","@id":"https:\/\/www.imobiliare.ro\/imoexpert\/#website","url":"https:\/\/www.imobiliare.ro\/imoexpert\/","name":"ImoExpert","description":"cele mai importante \u015ftiri din domeniul imobiliar","publisher":{"@id":"https:\/\/www.imobiliare.ro\/imoexpert\/#organization"},"inLanguage":"en"},{"@type":"Organization","@id":"https:\/\/www.imobiliare.ro\/imoexpert\/#organization","name":"Imobiliare.ro","alternateName":"Realmedia Network SA","url":"https:\/\/www.imobiliare.ro\/imoexpert\/","logo":{"@type":"ImageObject","inLanguage":"en","@id":"https:\/\/www.imobiliare.ro\/imoexpert\/#\/schema\/logo\/image\/","url":"https:\/\/www.imobiliare.ro\/imoexpert\/wp-content\/uploads\/2025\/05\/imobiliare_logo.png","contentUrl":"https:\/\/www.imobiliare.ro\/imoexpert\/wp-content\/uploads\/2025\/05\/imobiliare_logo.png","width":237,"height":29,"caption":"Imobiliare.ro"},"image":{"@id":"https:\/\/www.imobiliare.ro\/imoexpert\/#\/schema\/logo\/image\/"}},{"@type":"Person","@id":"https:\/\/www.imobiliare.ro\/imoexpert\/#\/schema\/person\/9ffdfbf24b82f39fc75a2fc6c19e4e99","name":"Corina V\u00e2rlan","image":{"@type":"ImageObject","inLanguage":"en","@id":"https:\/\/www.imobiliare.ro\/imoexpert\/#\/schema\/person\/image\/","url":"https:\/\/www.imobiliare.ro\/imoexpert\/wp-content\/uploads\/2026\/02\/12-02-2025-5-rezumat-brasov-thumb-reels-1-1-96x96.png","contentUrl":"https:\/\/www.imobiliare.ro\/imoexpert\/wp-content\/uploads\/2026\/02\/12-02-2025-5-rezumat-brasov-thumb-reels-1-1-96x96.png","caption":"Corina V\u00e2rlan"},"description":"Cu o experien\u021b\u0103 de 14 ani \u00een presa online, comunicare \u0219i content marketing, Corina V\u00e2rlan s-a al\u0103turat echipei Imobiliare.ro \u00een urm\u0103 cu 8 ani \u0219i ocup\u0103, \u00een prezent, func\u021bia de Content Manager. Ea este gazda emisiunii \"\u00centreab\u0103 expertul\" \u0219i a seriei 5 \u0218tiri Imobiliare.ro, realizate \u00een parteneriat cu Libertatea. Corina \u00ee\u0219i concentreaz\u0103 activitatea pe analiza datelor de pia\u021b\u0103 \u0219i pe subiecte de interes at\u00e2t pentru cei afla\u021bi \u00een c\u0103utarea unei locuin\u021be, c\u00e2t \u0219i pentru proprietari sau chiria\u0219i.","alternateName":"Corina","jobTitle":"Content Manager","url":"https:\/\/www.imobiliare.ro\/imoexpert\/author\/corina-varlan\/"}]}},"_links":{"self":[{"href":"https:\/\/www.imobiliare.ro\/imoexpert\/wp-json\/wp\/v2\/posts\/54142","targetHints":{"allow":["GET"]}}],"collection":[{"href":"https:\/\/www.imobiliare.ro\/imoexpert\/wp-json\/wp\/v2\/posts"}],"about":[{"href":"https:\/\/www.imobiliare.ro\/imoexpert\/wp-json\/wp\/v2\/types\/post"}],"author":[{"embeddable":true,"href":"https:\/\/www.imobiliare.ro\/imoexpert\/wp-json\/wp\/v2\/users\/5891"}],"replies":[{"embeddable":true,"href":"https:\/\/www.imobiliare.ro\/imoexpert\/wp-json\/wp\/v2\/comments?post=54142"}],"version-history":[{"count":0,"href":"https:\/\/www.imobiliare.ro\/imoexpert\/wp-json\/wp\/v2\/posts\/54142\/revisions"}],"wp:featuredmedia":[{"embeddable":true,"href":"https:\/\/www.imobiliare.ro\/imoexpert\/wp-json\/wp\/v2\/media\/54164"}],"wp:attachment":[{"href":"https:\/\/www.imobiliare.ro\/imoexpert\/wp-json\/wp\/v2\/media?parent=54142"}],"wp:term":[{"taxonomy":"category","embeddable":true,"href":"https:\/\/www.imobiliare.ro\/imoexpert\/wp-json\/wp\/v2\/categories?post=54142"},{"taxonomy":"post_tag","embeddable":true,"href":"https:\/\/www.imobiliare.ro\/imoexpert\/wp-json\/wp\/v2\/tags?post=54142"},{"taxonomy":"content_author","embeddable":true,"href":"https:\/\/www.imobiliare.ro\/imoexpert\/wp-json\/wp\/v2\/content_author?post=54142"}],"curies":[{"name":"wp","href":"https:\/\/api.w.org\/{rel}","templated":true}]}}