{"id":54146,"date":"2018-10-19T16:47:40","date_gmt":"2018-10-19T13:47:40","guid":{"rendered":"https:\/\/www.imobiliare.ro\/imoexpert\/?p=54146"},"modified":"2018-10-19T16:47:40","modified_gmt":"2018-10-19T13:47:40","slug":"aceasta-ar-putea-fi-casa-ideala-pentru-familia-ta-in-bucuresti-vezi-cum-arata-interiorul-fotovideo","status":"publish","type":"post","link":"https:\/\/www.imobiliare.ro\/imoexpert\/aceasta-ar-putea-fi-casa-ideala-pentru-familia-ta-in-bucuresti-vezi-cum-arata-interiorul-fotovideo_db\/","title":{"rendered":"Aceasta ar putea fi casa ideal\u0103 pentru familia ta. Cost\u0103 400.000 de euro \u0219i este localizat\u0103 \u00een Bucure\u0219tii Noi. Vezi cum arat\u0103 interiorul &#8211; FOTO+VIDEO"},"content":{"rendered":"<p><img loading=\"lazy\" decoding=\"async\" class=\"alignnone size-large wp-image-54168\" src=\"https:\/\/www.imobiliare.ro\/imoexpert\/wp-content\/uploads\/2018\/10\/vila-bucurestii-noi-1024x618.jpg\" alt=\"vila bucurestii noi\" width=\"1024\" height=\"618\" srcset=\"https:\/\/www.imobiliare.ro\/imoexpert\/wp-content\/uploads\/2018\/10\/vila-bucurestii-noi-1024x618.jpg 1024w, https:\/\/www.imobiliare.ro\/imoexpert\/wp-content\/uploads\/2018\/10\/vila-bucurestii-noi-300x181.jpg 300w, https:\/\/www.imobiliare.ro\/imoexpert\/wp-content\/uploads\/2018\/10\/vila-bucurestii-noi-768x464.jpg 768w, https:\/\/www.imobiliare.ro\/imoexpert\/wp-content\/uploads\/2018\/10\/vila-bucurestii-noi-1536x928.jpg 1536w, https:\/\/www.imobiliare.ro\/imoexpert\/wp-content\/uploads\/2018\/10\/vila-bucurestii-noi-2048x1237.jpg 2048w\" sizes=\"auto, (max-width: 1024px) 100vw, 1024px\" \/><\/p>\n<h2>Vrei o locuin\u021b\u0103 \u00een Capital\u0103 unde s\u0103 te po\u021bi bucura al\u0103turi de familia ta de confort \u0219i relaxare? Atunci aceasta ar putea fi casa ideal\u0103 pentru tine.<\/h2>\n<p>O proprietate exclusivist\u0103 a fost scoas\u0103 la v\u00e2nzare pentru suma de 400.000 de euro \u00eentr-o zon\u0103 foarte lini\u0219tit\u0103 din cartierul Bucure\u0219tii Noi.<\/p>\n<p><img loading=\"lazy\" decoding=\"async\" class=\"alignnone size-large wp-image-54169\" src=\"https:\/\/www.imobiliare.ro\/imoexpert\/wp-content\/uploads\/2018\/10\/casa-bucurestii-noi-1024x535.jpg\" alt=\"casa bucurestii noi\" width=\"1024\" height=\"535\" srcset=\"https:\/\/www.imobiliare.ro\/imoexpert\/wp-content\/uploads\/2018\/10\/casa-bucurestii-noi-1024x535.jpg 1024w, https:\/\/www.imobiliare.ro\/imoexpert\/wp-content\/uploads\/2018\/10\/casa-bucurestii-noi-300x157.jpg 300w, https:\/\/www.imobiliare.ro\/imoexpert\/wp-content\/uploads\/2018\/10\/casa-bucurestii-noi-768x401.jpg 768w, https:\/\/www.imobiliare.ro\/imoexpert\/wp-content\/uploads\/2018\/10\/casa-bucurestii-noi-1536x803.jpg 1536w, https:\/\/www.imobiliare.ro\/imoexpert\/wp-content\/uploads\/2018\/10\/casa-bucurestii-noi-2048x1070.jpg 2048w\" sizes=\"auto, (max-width: 1024px) 100vw, 1024px\" \/><\/p>\n<p>&#8222;Construit\u0103 ini\u021bial pentru uz personal \u0219i destinat\u0103 unei familii care apreciaz\u0103 lini\u0219tea, intimitatea \u0219i calitatea locuirii, vila \u00eenglobeaz\u0103 materiale \u0219i finisaje de \u00eenalt\u0103 calitate, interioare elegante \u0219i multe alte caracteristici exclusiviste&#8221;, explic\u0103 reprezentan\u021bii RE\/MAX Freedom Group, parte a re\u021belei de agen\u021bii imobiliare RE\/MAX Rom\u00e2nia, \u00een portofoliul c\u0103rora se afl\u0103 aceast\u0103 proprietate.<\/p>\n<p><img loading=\"lazy\" decoding=\"async\" class=\"alignnone size-large wp-image-54170\" src=\"https:\/\/www.imobiliare.ro\/imoexpert\/wp-content\/uploads\/2018\/10\/locuinta-cartier-bucurestii-noi-1024x700.jpg\" alt=\"locuinta cartier bucurestii noi\" width=\"1024\" height=\"700\" srcset=\"https:\/\/www.imobiliare.ro\/imoexpert\/wp-content\/uploads\/2018\/10\/locuinta-cartier-bucurestii-noi-1024x700.jpg 1024w, https:\/\/www.imobiliare.ro\/imoexpert\/wp-content\/uploads\/2018\/10\/locuinta-cartier-bucurestii-noi-300x205.jpg 300w, https:\/\/www.imobiliare.ro\/imoexpert\/wp-content\/uploads\/2018\/10\/locuinta-cartier-bucurestii-noi-768x525.jpg 768w, https:\/\/www.imobiliare.ro\/imoexpert\/wp-content\/uploads\/2018\/10\/locuinta-cartier-bucurestii-noi-1536x1050.jpg 1536w, https:\/\/www.imobiliare.ro\/imoexpert\/wp-content\/uploads\/2018\/10\/locuinta-cartier-bucurestii-noi-2048x1400.jpg 2048w\" sizes=\"auto, (max-width: 1024px) 100vw, 1024px\" \/><\/p>\n<p><a class=\"article-body-links\"href=\"https:\/\/www.imobiliare.ro\/vanzare-case-vile\/bucuresti\/bucurestii-noi\/casa-de-vanzare-5-camere-X9ON1100G#modal-galerie-mare\" target=\"_blank\" rel=\"noopener\"><strong>Galerie foto complet\u0103 aici<\/strong><\/a><\/p>\n<p>Situat\u0103 \u00een apropierea Parcului Bazilescu, la c\u00e2teva minute de sta\u021bia de metrou Jiului, vila cu parter \u0219i pod mansardat, dispune de 5 camere, spa\u021bii de depozitare mari \u0219i de o suprafa\u021b\u0103 util\u0103 de 425 de mp, potrivit <a class=\"article-body-links\"href=\"https:\/\/www.imobiliare.ro\/vanzare-case-vile\/bucuresti\/bucurestii-noi\/casa-de-vanzare-5-camere-X9ON1100G\" target=\"_blank\" rel=\"noopener\">anun\u021bului de v\u00e2nzare<\/a>.<\/p>\n<p><iframe loading=\"lazy\" src=\"https:\/\/www.youtube.com\/embed\/ptjhLrY08AQ\" width=\"560\" height=\"315\" frameborder=\"0\" allowfullscreen=\"allowfullscreen\"><\/iframe><\/p>\n<p>\u00cen plus, mansarda este amenajat\u0103 cu baie proprie, are acces separat de restul imobilului \u0219i poate fi utilizat\u0103 ca studio.<\/p>\n<p><img loading=\"lazy\" decoding=\"async\" class=\"alignnone size-large wp-image-54171\" src=\"https:\/\/www.imobiliare.ro\/imoexpert\/wp-content\/uploads\/2018\/10\/vila-bucurestii-noi-remax-1024x519.jpg\" alt=\"vila bucurestii noi remax\" width=\"1024\" height=\"519\" srcset=\"https:\/\/www.imobiliare.ro\/imoexpert\/wp-content\/uploads\/2018\/10\/vila-bucurestii-noi-remax-1024x519.jpg 1024w, https:\/\/www.imobiliare.ro\/imoexpert\/wp-content\/uploads\/2018\/10\/vila-bucurestii-noi-remax-300x152.jpg 300w, https:\/\/www.imobiliare.ro\/imoexpert\/wp-content\/uploads\/2018\/10\/vila-bucurestii-noi-remax-768x390.jpg 768w, https:\/\/www.imobiliare.ro\/imoexpert\/wp-content\/uploads\/2018\/10\/vila-bucurestii-noi-remax-1536x779.jpg 1536w, https:\/\/www.imobiliare.ro\/imoexpert\/wp-content\/uploads\/2018\/10\/vila-bucurestii-noi-remax-2048x1039.jpg 2048w\" sizes=\"auto, (max-width: 1024px) 100vw, 1024px\" \/><\/p>\n<p>Proprietatea cuprinde, totodat\u0103, dou\u0103 terase exterioare acoperite \u0219i un garaj.<\/p>\n","protected":false},"excerpt":{"rendered":"<p>Vrei o locuin\u021b\u0103 \u00een Capital\u0103 unde s\u0103 te po\u021bi bucura al\u0103turi de familia ta de confort \u0219i relaxare? Atunci aceasta ar putea fi casa ideal\u0103 pentru tine. O proprietate exclusivist\u0103 a fost scoas\u0103 la v\u00e2nzare pentru suma de 400.000 de euro \u00eentr-o zon\u0103 foarte lini\u0219tit\u0103 din cartierul Bucure\u0219tii Noi. &#8222;Construit\u0103 ini\u021bial pentru uz personal \u0219i [&hellip;]<\/p>\n","protected":false},"author":5891,"featured_media":54168,"comment_status":"open","ping_status":"open","sticky":false,"template":"","format":"standard","meta":{"footnotes":""},"categories":[2455],"tags":[349,337],"content_author":[],"class_list":["post-54146","post","type-post","status-publish","format-standard","has-post-thumbnail","hentry","category-video","tag-achizitie-casa","tag-bucuresti"],"yoast_head":"<!-- This site is optimized with the Yoast SEO Premium plugin v27.0 (Yoast SEO v27.0) - https:\/\/yoast.com\/product\/yoast-seo-premium-wordpress\/ -->\n<title>Aceasta ar putea fi casa ideal\u0103 pentru familia ta. Cost\u0103 400.000 de euro \u0219i este localizat\u0103 \u00een Bucure\u0219tii Noi. Vezi cum arat\u0103 interiorul - FOTO+VIDEO - Video - ImoExpert<\/title>\n<meta name=\"description\" content=\"Vrei o locuin\u021b\u0103 \u00een Capital\u0103 unde s\u0103 te po\u021bi bucura al\u0103turi de familia ta de confort \u0219i relaxare? Atunci aceasta ar putea fi casa ideal\u0103 pentru tine. O\" \/>\n<meta name=\"robots\" content=\"index, follow\" \/>\n<link rel=\"canonical\" href=\"https:\/\/www.imobiliare.ro\/imoexpert\/aceasta-ar-putea-fi-casa-ideala-pentru-familia-ta-in-bucuresti-vezi-cum-arata-interiorul-fotovideo_db\/\" \/>\n<meta property=\"og:locale\" content=\"ro_RO\" \/>\n<meta property=\"og:type\" content=\"article\" \/>\n<meta property=\"og:title\" content=\"Aceasta ar putea fi casa ideal\u0103 pentru familia ta. Cost\u0103 400.000 de euro \u0219i este localizat\u0103 \u00een Bucure\u0219tii Noi. Vezi cum arat\u0103 interiorul - FOTO+VIDEO\" \/>\n<meta property=\"og:description\" content=\"Vrei o locuin\u021b\u0103 \u00een Capital\u0103 unde s\u0103 te po\u021bi bucura al\u0103turi de familia ta de confort \u0219i relaxare? Atunci aceasta ar putea fi casa ideal\u0103 pentru tine. O\" \/>\n<meta property=\"og:url\" content=\"https:\/\/www.imobiliare.ro\/imoexpert\/aceasta-ar-putea-fi-casa-ideala-pentru-familia-ta-in-bucuresti-vezi-cum-arata-interiorul-fotovideo_db\/\" \/>\n<meta property=\"og:site_name\" content=\"ImoExpert\" \/>\n<meta property=\"article:published_time\" content=\"2018-10-19T13:47:40+00:00\" \/>\n<meta property=\"og:image\" content=\"https:\/\/www.imobiliare.ro\/imoexpert\/wp-content\/uploads\/2018\/10\/vila-bucurestii-noi-scaled.jpg\" \/>\n\t<meta property=\"og:image:width\" content=\"2560\" \/>\n\t<meta property=\"og:image:height\" content=\"1546\" \/>\n\t<meta property=\"og:image:type\" content=\"image\/jpeg\" \/>\n<meta name=\"author\" content=\"Corina V\u00e2rlan\" \/>\n<meta name=\"twitter:card\" content=\"summary_large_image\" \/>\n<meta name=\"twitter:label1\" content=\"Written by\" \/>\n\t<meta name=\"twitter:data1\" content=\"Corina V\u00e2rlan\" \/>\n\t<meta name=\"twitter:label2\" content=\"Est. reading time\" \/>\n\t<meta name=\"twitter:data2\" content=\"1 minut\" \/>\n<script type=\"application\/ld+json\" class=\"yoast-schema-graph\">{\"@context\":\"https:\/\/schema.org\",\"@graph\":[{\"@type\":\"Article\",\"@id\":\"https:\/\/www.imobiliare.ro\/imoexpert\/aceasta-ar-putea-fi-casa-ideala-pentru-familia-ta-in-bucuresti-vezi-cum-arata-interiorul-fotovideo_db\/#article\",\"isPartOf\":{\"@id\":\"https:\/\/www.imobiliare.ro\/imoexpert\/aceasta-ar-putea-fi-casa-ideala-pentru-familia-ta-in-bucuresti-vezi-cum-arata-interiorul-fotovideo_db\/\"},\"author\":{\"name\":\"Corina V\u00e2rlan\",\"@id\":\"https:\/\/www.imobiliare.ro\/imoexpert\/#\/schema\/person\/9ffdfbf24b82f39fc75a2fc6c19e4e99\"},\"headline\":\"Aceasta ar putea fi casa ideal\u0103 pentru familia ta. Cost\u0103 400.000 de euro \u0219i este localizat\u0103 \u00een Bucure\u0219tii Noi. Vezi cum arat\u0103 interiorul &#8211; FOTO+VIDEO\",\"datePublished\":\"2018-10-19T13:47:40+00:00\",\"mainEntityOfPage\":{\"@id\":\"https:\/\/www.imobiliare.ro\/imoexpert\/aceasta-ar-putea-fi-casa-ideala-pentru-familia-ta-in-bucuresti-vezi-cum-arata-interiorul-fotovideo_db\/\"},\"wordCount\":216,\"commentCount\":0,\"publisher\":{\"@id\":\"https:\/\/www.imobiliare.ro\/imoexpert\/#organization\"},\"image\":{\"@id\":\"https:\/\/www.imobiliare.ro\/imoexpert\/aceasta-ar-putea-fi-casa-ideala-pentru-familia-ta-in-bucuresti-vezi-cum-arata-interiorul-fotovideo_db\/#primaryimage\"},\"thumbnailUrl\":\"https:\/\/www.imobiliare.ro\/imoexpert\/wp-content\/uploads\/2018\/10\/vila-bucurestii-noi-scaled.jpg\",\"keywords\":[\"achizitie casa\",\"Bucure\u015fti\"],\"articleSection\":[\"Video\"],\"inLanguage\":\"en\",\"potentialAction\":[{\"@type\":\"CommentAction\",\"name\":\"Comment\",\"target\":[\"https:\/\/www.imobiliare.ro\/imoexpert\/aceasta-ar-putea-fi-casa-ideala-pentru-familia-ta-in-bucuresti-vezi-cum-arata-interiorul-fotovideo_db\/#respond\"]}],\"copyrightYear\":\"2018\",\"copyrightHolder\":{\"@id\":\"https:\/\/www.imobiliare.ro\/imoexpert\/#organization\"}},{\"@type\":\"WebPage\",\"@id\":\"https:\/\/www.imobiliare.ro\/imoexpert\/aceasta-ar-putea-fi-casa-ideala-pentru-familia-ta-in-bucuresti-vezi-cum-arata-interiorul-fotovideo_db\/\",\"url\":\"https:\/\/www.imobiliare.ro\/imoexpert\/aceasta-ar-putea-fi-casa-ideala-pentru-familia-ta-in-bucuresti-vezi-cum-arata-interiorul-fotovideo_db\/\",\"name\":\"Aceasta ar putea fi casa ideal\u0103 pentru familia ta. Cost\u0103 400.000 de euro \u0219i este localizat\u0103 \u00een Bucure\u0219tii Noi. Vezi cum arat\u0103 interiorul - FOTO+VIDEO - Video - ImoExpert\",\"isPartOf\":{\"@id\":\"https:\/\/www.imobiliare.ro\/imoexpert\/#website\"},\"primaryImageOfPage\":{\"@id\":\"https:\/\/www.imobiliare.ro\/imoexpert\/aceasta-ar-putea-fi-casa-ideala-pentru-familia-ta-in-bucuresti-vezi-cum-arata-interiorul-fotovideo_db\/#primaryimage\"},\"image\":{\"@id\":\"https:\/\/www.imobiliare.ro\/imoexpert\/aceasta-ar-putea-fi-casa-ideala-pentru-familia-ta-in-bucuresti-vezi-cum-arata-interiorul-fotovideo_db\/#primaryimage\"},\"thumbnailUrl\":\"https:\/\/www.imobiliare.ro\/imoexpert\/wp-content\/uploads\/2018\/10\/vila-bucurestii-noi-scaled.jpg\",\"datePublished\":\"2018-10-19T13:47:40+00:00\",\"description\":\"Vrei o locuin\u021b\u0103 \u00een Capital\u0103 unde s\u0103 te po\u021bi bucura al\u0103turi de familia ta de confort \u0219i relaxare? Atunci aceasta ar putea fi casa ideal\u0103 pentru tine. O\",\"breadcrumb\":{\"@id\":\"https:\/\/www.imobiliare.ro\/imoexpert\/aceasta-ar-putea-fi-casa-ideala-pentru-familia-ta-in-bucuresti-vezi-cum-arata-interiorul-fotovideo_db\/#breadcrumb\"},\"inLanguage\":\"en\",\"potentialAction\":[{\"@type\":\"ReadAction\",\"target\":[\"https:\/\/www.imobiliare.ro\/imoexpert\/aceasta-ar-putea-fi-casa-ideala-pentru-familia-ta-in-bucuresti-vezi-cum-arata-interiorul-fotovideo_db\/\"]}]},{\"@type\":\"ImageObject\",\"inLanguage\":\"en\",\"@id\":\"https:\/\/www.imobiliare.ro\/imoexpert\/aceasta-ar-putea-fi-casa-ideala-pentru-familia-ta-in-bucuresti-vezi-cum-arata-interiorul-fotovideo_db\/#primaryimage\",\"url\":\"https:\/\/www.imobiliare.ro\/imoexpert\/wp-content\/uploads\/2018\/10\/vila-bucurestii-noi-scaled.jpg\",\"contentUrl\":\"https:\/\/www.imobiliare.ro\/imoexpert\/wp-content\/uploads\/2018\/10\/vila-bucurestii-noi-scaled.jpg\",\"width\":2560,\"height\":1546,\"caption\":\"vila bucurestii noi\"},{\"@type\":\"BreadcrumbList\",\"@id\":\"https:\/\/www.imobiliare.ro\/imoexpert\/aceasta-ar-putea-fi-casa-ideala-pentru-familia-ta-in-bucuresti-vezi-cum-arata-interiorul-fotovideo_db\/#breadcrumb\",\"itemListElement\":[{\"@type\":\"ListItem\",\"position\":1,\"name\":\"Imoradar24\",\"item\":\"https:\/\/www.imoradar24.ro\"},{\"@type\":\"ListItem\",\"position\":2,\"name\":\"ImoExpert\",\"item\":\"https:\/\/www.imobiliare.ro\/imoexpert\/\"},{\"@type\":\"ListItem\",\"position\":3,\"name\":\"Parteneri\",\"item\":\"https:\/\/www.imobiliare.ro\/imoexpert\/parteneri\/\"},{\"@type\":\"ListItem\",\"position\":4,\"name\":\"Aceasta ar putea fi casa ideal\u0103 pentru familia ta. Cost\u0103 400.000 de euro \u0219i este localizat\u0103 \u00een Bucure\u0219tii Noi. Vezi cum arat\u0103 interiorul &#8211; FOTO+VIDEO\"}]},{\"@type\":\"WebSite\",\"@id\":\"https:\/\/www.imobiliare.ro\/imoexpert\/#website\",\"url\":\"https:\/\/www.imobiliare.ro\/imoexpert\/\",\"name\":\"ImoExpert\",\"description\":\"cele mai importante \u015ftiri din domeniul imobiliar\",\"publisher\":{\"@id\":\"https:\/\/www.imobiliare.ro\/imoexpert\/#organization\"},\"inLanguage\":\"en\"},{\"@type\":\"Organization\",\"@id\":\"https:\/\/www.imobiliare.ro\/imoexpert\/#organization\",\"name\":\"Imobiliare.ro\",\"alternateName\":\"Realmedia Network SA\",\"url\":\"https:\/\/www.imobiliare.ro\/imoexpert\/\",\"logo\":{\"@type\":\"ImageObject\",\"inLanguage\":\"en\",\"@id\":\"https:\/\/www.imobiliare.ro\/imoexpert\/#\/schema\/logo\/image\/\",\"url\":\"https:\/\/www.imobiliare.ro\/imoexpert\/wp-content\/uploads\/2025\/05\/imobiliare_logo.png\",\"contentUrl\":\"https:\/\/www.imobiliare.ro\/imoexpert\/wp-content\/uploads\/2025\/05\/imobiliare_logo.png\",\"width\":237,\"height\":29,\"caption\":\"Imobiliare.ro\"},\"image\":{\"@id\":\"https:\/\/www.imobiliare.ro\/imoexpert\/#\/schema\/logo\/image\/\"}},{\"@type\":\"Person\",\"@id\":\"https:\/\/www.imobiliare.ro\/imoexpert\/#\/schema\/person\/9ffdfbf24b82f39fc75a2fc6c19e4e99\",\"name\":\"Corina V\u00e2rlan\",\"image\":{\"@type\":\"ImageObject\",\"inLanguage\":\"en\",\"@id\":\"https:\/\/www.imobiliare.ro\/imoexpert\/#\/schema\/person\/image\/\",\"url\":\"https:\/\/www.imobiliare.ro\/imoexpert\/wp-content\/uploads\/2026\/02\/12-02-2025-5-rezumat-brasov-thumb-reels-1-1-96x96.png\",\"contentUrl\":\"https:\/\/www.imobiliare.ro\/imoexpert\/wp-content\/uploads\/2026\/02\/12-02-2025-5-rezumat-brasov-thumb-reels-1-1-96x96.png\",\"caption\":\"Corina V\u00e2rlan\"},\"description\":\"Cu o experien\u021b\u0103 de 14 ani \u00een presa online, comunicare \u0219i content marketing, Corina V\u00e2rlan s-a al\u0103turat echipei Imobiliare.ro \u00een urm\u0103 cu 8 ani \u0219i ocup\u0103, \u00een prezent, func\u021bia de Content Manager. Ea este gazda emisiunii \\\"\u00centreab\u0103 expertul\\\" \u0219i a seriei 5 \u0218tiri Imobiliare.ro, realizate \u00een parteneriat cu Libertatea. Corina \u00ee\u0219i concentreaz\u0103 activitatea pe analiza datelor de pia\u021b\u0103 \u0219i pe subiecte de interes at\u00e2t pentru cei afla\u021bi \u00een c\u0103utarea unei locuin\u021be, c\u00e2t \u0219i pentru proprietari sau chiria\u0219i.\",\"alternateName\":\"Corina\",\"jobTitle\":\"Content Manager\",\"url\":\"https:\/\/www.imobiliare.ro\/imoexpert\/author\/corina-varlan\/\"}]}<\/script>\n<!-- \/ Yoast SEO Premium plugin. -->","yoast_head_json":{"title":"Aceasta ar putea fi casa ideal\u0103 pentru familia ta. Cost\u0103 400.000 de euro \u0219i este localizat\u0103 \u00een Bucure\u0219tii Noi. Vezi cum arat\u0103 interiorul - FOTO+VIDEO - Video - ImoExpert","description":"Vrei o locuin\u021b\u0103 \u00een Capital\u0103 unde s\u0103 te po\u021bi bucura al\u0103turi de familia ta de confort \u0219i relaxare? Atunci aceasta ar putea fi casa ideal\u0103 pentru tine. O","robots":{"index":"index","follow":"follow"},"canonical":"https:\/\/www.imobiliare.ro\/imoexpert\/aceasta-ar-putea-fi-casa-ideala-pentru-familia-ta-in-bucuresti-vezi-cum-arata-interiorul-fotovideo_db\/","og_locale":"ro_RO","og_type":"article","og_title":"Aceasta ar putea fi casa ideal\u0103 pentru familia ta. Cost\u0103 400.000 de euro \u0219i este localizat\u0103 \u00een Bucure\u0219tii Noi. Vezi cum arat\u0103 interiorul - FOTO+VIDEO","og_description":"Vrei o locuin\u021b\u0103 \u00een Capital\u0103 unde s\u0103 te po\u021bi bucura al\u0103turi de familia ta de confort \u0219i relaxare? Atunci aceasta ar putea fi casa ideal\u0103 pentru tine. O","og_url":"https:\/\/www.imobiliare.ro\/imoexpert\/aceasta-ar-putea-fi-casa-ideala-pentru-familia-ta-in-bucuresti-vezi-cum-arata-interiorul-fotovideo_db\/","og_site_name":"ImoExpert","article_published_time":"2018-10-19T13:47:40+00:00","og_image":[{"width":2560,"height":1546,"url":"https:\/\/www.imobiliare.ro\/imoexpert\/wp-content\/uploads\/2018\/10\/vila-bucurestii-noi-scaled.jpg","type":"image\/jpeg"}],"author":"Corina V\u00e2rlan","twitter_card":"summary_large_image","twitter_misc":{"Written by":"Corina V\u00e2rlan","Est. reading time":"1 minut"},"schema":{"@context":"https:\/\/schema.org","@graph":[{"@type":"Article","@id":"https:\/\/www.imobiliare.ro\/imoexpert\/aceasta-ar-putea-fi-casa-ideala-pentru-familia-ta-in-bucuresti-vezi-cum-arata-interiorul-fotovideo_db\/#article","isPartOf":{"@id":"https:\/\/www.imobiliare.ro\/imoexpert\/aceasta-ar-putea-fi-casa-ideala-pentru-familia-ta-in-bucuresti-vezi-cum-arata-interiorul-fotovideo_db\/"},"author":{"name":"Corina V\u00e2rlan","@id":"https:\/\/www.imobiliare.ro\/imoexpert\/#\/schema\/person\/9ffdfbf24b82f39fc75a2fc6c19e4e99"},"headline":"Aceasta ar putea fi casa ideal\u0103 pentru familia ta. Cost\u0103 400.000 de euro \u0219i este localizat\u0103 \u00een Bucure\u0219tii Noi. Vezi cum arat\u0103 interiorul &#8211; FOTO+VIDEO","datePublished":"2018-10-19T13:47:40+00:00","mainEntityOfPage":{"@id":"https:\/\/www.imobiliare.ro\/imoexpert\/aceasta-ar-putea-fi-casa-ideala-pentru-familia-ta-in-bucuresti-vezi-cum-arata-interiorul-fotovideo_db\/"},"wordCount":216,"commentCount":0,"publisher":{"@id":"https:\/\/www.imobiliare.ro\/imoexpert\/#organization"},"image":{"@id":"https:\/\/www.imobiliare.ro\/imoexpert\/aceasta-ar-putea-fi-casa-ideala-pentru-familia-ta-in-bucuresti-vezi-cum-arata-interiorul-fotovideo_db\/#primaryimage"},"thumbnailUrl":"https:\/\/www.imobiliare.ro\/imoexpert\/wp-content\/uploads\/2018\/10\/vila-bucurestii-noi-scaled.jpg","keywords":["achizitie casa","Bucure\u015fti"],"articleSection":["Video"],"inLanguage":"en","potentialAction":[{"@type":"CommentAction","name":"Comment","target":["https:\/\/www.imobiliare.ro\/imoexpert\/aceasta-ar-putea-fi-casa-ideala-pentru-familia-ta-in-bucuresti-vezi-cum-arata-interiorul-fotovideo_db\/#respond"]}],"copyrightYear":"2018","copyrightHolder":{"@id":"https:\/\/www.imobiliare.ro\/imoexpert\/#organization"}},{"@type":"WebPage","@id":"https:\/\/www.imobiliare.ro\/imoexpert\/aceasta-ar-putea-fi-casa-ideala-pentru-familia-ta-in-bucuresti-vezi-cum-arata-interiorul-fotovideo_db\/","url":"https:\/\/www.imobiliare.ro\/imoexpert\/aceasta-ar-putea-fi-casa-ideala-pentru-familia-ta-in-bucuresti-vezi-cum-arata-interiorul-fotovideo_db\/","name":"Aceasta ar putea fi casa ideal\u0103 pentru familia ta. Cost\u0103 400.000 de euro \u0219i este localizat\u0103 \u00een Bucure\u0219tii Noi. Vezi cum arat\u0103 interiorul - FOTO+VIDEO - Video - ImoExpert","isPartOf":{"@id":"https:\/\/www.imobiliare.ro\/imoexpert\/#website"},"primaryImageOfPage":{"@id":"https:\/\/www.imobiliare.ro\/imoexpert\/aceasta-ar-putea-fi-casa-ideala-pentru-familia-ta-in-bucuresti-vezi-cum-arata-interiorul-fotovideo_db\/#primaryimage"},"image":{"@id":"https:\/\/www.imobiliare.ro\/imoexpert\/aceasta-ar-putea-fi-casa-ideala-pentru-familia-ta-in-bucuresti-vezi-cum-arata-interiorul-fotovideo_db\/#primaryimage"},"thumbnailUrl":"https:\/\/www.imobiliare.ro\/imoexpert\/wp-content\/uploads\/2018\/10\/vila-bucurestii-noi-scaled.jpg","datePublished":"2018-10-19T13:47:40+00:00","description":"Vrei o locuin\u021b\u0103 \u00een Capital\u0103 unde s\u0103 te po\u021bi bucura al\u0103turi de familia ta de confort \u0219i relaxare? Atunci aceasta ar putea fi casa ideal\u0103 pentru tine. O","breadcrumb":{"@id":"https:\/\/www.imobiliare.ro\/imoexpert\/aceasta-ar-putea-fi-casa-ideala-pentru-familia-ta-in-bucuresti-vezi-cum-arata-interiorul-fotovideo_db\/#breadcrumb"},"inLanguage":"en","potentialAction":[{"@type":"ReadAction","target":["https:\/\/www.imobiliare.ro\/imoexpert\/aceasta-ar-putea-fi-casa-ideala-pentru-familia-ta-in-bucuresti-vezi-cum-arata-interiorul-fotovideo_db\/"]}]},{"@type":"ImageObject","inLanguage":"en","@id":"https:\/\/www.imobiliare.ro\/imoexpert\/aceasta-ar-putea-fi-casa-ideala-pentru-familia-ta-in-bucuresti-vezi-cum-arata-interiorul-fotovideo_db\/#primaryimage","url":"https:\/\/www.imobiliare.ro\/imoexpert\/wp-content\/uploads\/2018\/10\/vila-bucurestii-noi-scaled.jpg","contentUrl":"https:\/\/www.imobiliare.ro\/imoexpert\/wp-content\/uploads\/2018\/10\/vila-bucurestii-noi-scaled.jpg","width":2560,"height":1546,"caption":"vila bucurestii noi"},{"@type":"BreadcrumbList","@id":"https:\/\/www.imobiliare.ro\/imoexpert\/aceasta-ar-putea-fi-casa-ideala-pentru-familia-ta-in-bucuresti-vezi-cum-arata-interiorul-fotovideo_db\/#breadcrumb","itemListElement":[{"@type":"ListItem","position":1,"name":"Imoradar24","item":"https:\/\/www.imoradar24.ro"},{"@type":"ListItem","position":2,"name":"ImoExpert","item":"https:\/\/www.imobiliare.ro\/imoexpert\/"},{"@type":"ListItem","position":3,"name":"Parteneri","item":"https:\/\/www.imobiliare.ro\/imoexpert\/parteneri\/"},{"@type":"ListItem","position":4,"name":"Aceasta ar putea fi casa ideal\u0103 pentru familia ta. Cost\u0103 400.000 de euro \u0219i este localizat\u0103 \u00een Bucure\u0219tii Noi. Vezi cum arat\u0103 interiorul &#8211; FOTO+VIDEO"}]},{"@type":"WebSite","@id":"https:\/\/www.imobiliare.ro\/imoexpert\/#website","url":"https:\/\/www.imobiliare.ro\/imoexpert\/","name":"ImoExpert","description":"cele mai importante \u015ftiri din domeniul imobiliar","publisher":{"@id":"https:\/\/www.imobiliare.ro\/imoexpert\/#organization"},"inLanguage":"en"},{"@type":"Organization","@id":"https:\/\/www.imobiliare.ro\/imoexpert\/#organization","name":"Imobiliare.ro","alternateName":"Realmedia Network SA","url":"https:\/\/www.imobiliare.ro\/imoexpert\/","logo":{"@type":"ImageObject","inLanguage":"en","@id":"https:\/\/www.imobiliare.ro\/imoexpert\/#\/schema\/logo\/image\/","url":"https:\/\/www.imobiliare.ro\/imoexpert\/wp-content\/uploads\/2025\/05\/imobiliare_logo.png","contentUrl":"https:\/\/www.imobiliare.ro\/imoexpert\/wp-content\/uploads\/2025\/05\/imobiliare_logo.png","width":237,"height":29,"caption":"Imobiliare.ro"},"image":{"@id":"https:\/\/www.imobiliare.ro\/imoexpert\/#\/schema\/logo\/image\/"}},{"@type":"Person","@id":"https:\/\/www.imobiliare.ro\/imoexpert\/#\/schema\/person\/9ffdfbf24b82f39fc75a2fc6c19e4e99","name":"Corina V\u00e2rlan","image":{"@type":"ImageObject","inLanguage":"en","@id":"https:\/\/www.imobiliare.ro\/imoexpert\/#\/schema\/person\/image\/","url":"https:\/\/www.imobiliare.ro\/imoexpert\/wp-content\/uploads\/2026\/02\/12-02-2025-5-rezumat-brasov-thumb-reels-1-1-96x96.png","contentUrl":"https:\/\/www.imobiliare.ro\/imoexpert\/wp-content\/uploads\/2026\/02\/12-02-2025-5-rezumat-brasov-thumb-reels-1-1-96x96.png","caption":"Corina V\u00e2rlan"},"description":"Cu o experien\u021b\u0103 de 14 ani \u00een presa online, comunicare \u0219i content marketing, Corina V\u00e2rlan s-a al\u0103turat echipei Imobiliare.ro \u00een urm\u0103 cu 8 ani \u0219i ocup\u0103, \u00een prezent, func\u021bia de Content Manager. Ea este gazda emisiunii \"\u00centreab\u0103 expertul\" \u0219i a seriei 5 \u0218tiri Imobiliare.ro, realizate \u00een parteneriat cu Libertatea. Corina \u00ee\u0219i concentreaz\u0103 activitatea pe analiza datelor de pia\u021b\u0103 \u0219i pe subiecte de interes at\u00e2t pentru cei afla\u021bi \u00een c\u0103utarea unei locuin\u021be, c\u00e2t \u0219i pentru proprietari sau chiria\u0219i.","alternateName":"Corina","jobTitle":"Content Manager","url":"https:\/\/www.imobiliare.ro\/imoexpert\/author\/corina-varlan\/"}]}},"_links":{"self":[{"href":"https:\/\/www.imobiliare.ro\/imoexpert\/wp-json\/wp\/v2\/posts\/54146","targetHints":{"allow":["GET"]}}],"collection":[{"href":"https:\/\/www.imobiliare.ro\/imoexpert\/wp-json\/wp\/v2\/posts"}],"about":[{"href":"https:\/\/www.imobiliare.ro\/imoexpert\/wp-json\/wp\/v2\/types\/post"}],"author":[{"embeddable":true,"href":"https:\/\/www.imobiliare.ro\/imoexpert\/wp-json\/wp\/v2\/users\/5891"}],"replies":[{"embeddable":true,"href":"https:\/\/www.imobiliare.ro\/imoexpert\/wp-json\/wp\/v2\/comments?post=54146"}],"version-history":[{"count":0,"href":"https:\/\/www.imobiliare.ro\/imoexpert\/wp-json\/wp\/v2\/posts\/54146\/revisions"}],"wp:featuredmedia":[{"embeddable":true,"href":"https:\/\/www.imobiliare.ro\/imoexpert\/wp-json\/wp\/v2\/media\/54168"}],"wp:attachment":[{"href":"https:\/\/www.imobiliare.ro\/imoexpert\/wp-json\/wp\/v2\/media?parent=54146"}],"wp:term":[{"taxonomy":"category","embeddable":true,"href":"https:\/\/www.imobiliare.ro\/imoexpert\/wp-json\/wp\/v2\/categories?post=54146"},{"taxonomy":"post_tag","embeddable":true,"href":"https:\/\/www.imobiliare.ro\/imoexpert\/wp-json\/wp\/v2\/tags?post=54146"},{"taxonomy":"content_author","embeddable":true,"href":"https:\/\/www.imobiliare.ro\/imoexpert\/wp-json\/wp\/v2\/content_author?post=54146"}],"curies":[{"name":"wp","href":"https:\/\/api.w.org\/{rel}","templated":true}]}}