{"id":5439,"date":"2010-08-04T09:05:05","date_gmt":"2010-08-04T06:05:05","guid":{"rendered":"http:\/\/blog.imobiliare.ro\/?p=2940"},"modified":"2025-10-08T17:49:58","modified_gmt":"2025-10-08T14:49:58","slug":"timisoara-ramane-orasul-cu-cele-mai-ieftine-apartamente","status":"publish","type":"post","link":"https:\/\/www.imobiliare.ro\/imoexpert\/timisoara-ramane-orasul-cu-cele-mai-ieftine-apartamente_db\/","title":{"rendered":"Timi\u015foara: r\u0103m\u00e2ne ora\u015ful cu cele mai ieftine apartamente"},"content":{"rendered":"<p><a class=\"article-body-links\"rel=\"attachment wp-att-2943\" href=\"http:\/\/blog.imobiliare.ro\/wp-content\/uploads\/2010\/08\/Timisoara.jpg\"><img loading=\"lazy\" decoding=\"async\" class=\"alignleft size-medium wp-image-2943\" src=\"http:\/\/blog.imobiliare.ro\/wp-content\/uploads\/2010\/08\/Timisoara-300x199.jpg\" alt=\"Timisoara\" width=\"300\" height=\"199\" \/><\/a>Cu o sc\u0103dere de 2,6% \u00een iulie \u015fi un pre\u0163 mediu de 851 euro\/mp util, Timi\u015foara r\u0103m\u00e2ne \u00een continuare cel mai ieftin dintre ora\u015fele analizate.<\/p>\n<p>Astfel, trendul de sc\u0103dere din ultimele luni a continuat \u00een iulie, \u00eenregistr\u00e2ndu-se astfel <strong>o nou\u0103 valoare minim\u0103 pentru principalul ora\u015f din vestul \u0163\u0103rii.<\/strong><\/p>\n<p>Fa\u0163\u0103 de aceea\u015fi perioad\u0103 a anului trecut, diferen\u0163a de pre\u0163 s-a accentuat, dep\u0103\u015find 13%.<\/p>\n<p>La fel ca \u00een luna anterioar\u0103, cea mai mare sc\u0103dere de pre\u0163 a fost \u00eenregistrat\u0103 de apartamentele vechi: -2,6%, pre\u0163ul mediu actual ajung\u00e2nd la valoarea de 846 euro\/mp util.<\/p>\n<p>\u00cen acela\u015fi timp, <a class=\"article-body-links\"href=\"https:\/\/www.imobiliare.ro\/indicele-imobiliare-ro\/timisoara\" target=\"_blank\">pre\u0163ul mediu cerut pentru apartamentele noi<\/a> scoase la v\u00e2nzare \u00een Timi\u015foara a sc\u0103zut cu 2,1%, p\u00e2n\u0103 la valoarea de 885 euro\/mp util.<\/p>\n<blockquote><p>Iulie este a patra lun\u0103 consecutiv\u0103 \u00een care Indicele imobiliare.ro pentru Timi\u015foara atinge un nou nivel minim.<\/p><\/blockquote>\n<p>Totu\u015fi, \u00een compara\u0163ie cu luna precedent\u0103, rata de sc\u0103dere este mai pu\u0163in evident\u0103.<\/p>\n<p>\u00cen iulie, pre\u0163ul cerut de proprietari \u015fi intermediari pentru un metru p\u0103trat de suprafa\u0163\u0103 util\u0103 \u00een cazul apartamentelor vechi a ajuns la 846 euro, cu 2,6% mai pu\u0163in dec\u00e2t \u00een luna precedent\u0103.<\/p>\n<p>Cele mai afectate au fost apartamentele cu trei camere \u015fi garsonierele a c\u0103ror pre\u0163 a sc\u0103zut cu 4,1%, respectiv 2,3%.<\/p>\n<p>Apartamentele cu dou\u0103 \u015fi patru camere au cunoscut un ritm de sc\u0103dere de 1%.<\/p>\n<p>Fa\u0163\u0103 de aceea\u015fi perioad\u0103 a anului trecut, apartamentele sunt mai ieftine cu un procent cuprins \u00eentre 12 \u015fi 14,9%, diferen\u0163a cea mai mare fiind \u00eenregistrat\u0103 la apartamentele mari.<\/p>\n","protected":false},"excerpt":{"rendered":"<p>Cu o sc\u0103dere de 2,6% \u00een iulie \u015fi un pre\u0163 mediu de 851 euro\/mp util, Timi\u015foara r\u0103m\u00e2ne \u00een continuare cel mai ieftin dintre ora\u015fele analizate. Astfel, trendul de sc\u0103dere din ultimele luni a continuat \u00een iulie, \u00eenregistr\u00e2ndu-se astfel o nou\u0103 valoare minim\u0103 pentru principalul ora\u015f din vestul \u0163\u0103rii. Fa\u0163\u0103 de aceea\u015fi perioad\u0103 a anului trecut, [&hellip;]<\/p>\n","protected":false},"author":869,"featured_media":0,"comment_status":"open","ping_status":"open","sticky":false,"template":"","format":"standard","meta":{"footnotes":""},"categories":[],"tags":[295,299],"content_author":[],"class_list":["post-5439","post","type-post","status-publish","format-standard","hentry","tag-evolutie-pret","tag-indicele-imobiliare-ro"],"yoast_head":"<!-- This site is optimized with the Yoast SEO Premium plugin v27.0 (Yoast SEO v27.0) - https:\/\/yoast.com\/product\/yoast-seo-premium-wordpress\/ -->\n<title>Timi\u015foara: r\u0103m\u00e2ne ora\u015ful cu cele mai ieftine apartamente - ImoExpert<\/title>\n<meta name=\"description\" content=\"Cu o sc\u0103dere de 2,6% \u00een iulie \u015fi un pre\u0163 mediu de 851 euro\/mp util, Timi\u015foara r\u0103m\u00e2ne \u00een continuare cel mai ieftin dintre ora\u015fele analizate. Astfel,\" \/>\n<meta name=\"robots\" content=\"index, follow\" \/>\n<link rel=\"canonical\" href=\"https:\/\/www.imobiliare.ro\/imoexpert\/timisoara-ramane-orasul-cu-cele-mai-ieftine-apartamente_db\/\" \/>\n<meta property=\"og:locale\" content=\"ro_RO\" \/>\n<meta property=\"og:type\" content=\"article\" \/>\n<meta property=\"og:title\" content=\"Timi\u015foara: r\u0103m\u00e2ne ora\u015ful cu cele mai ieftine apartamente\" \/>\n<meta property=\"og:description\" content=\"Cu o sc\u0103dere de 2,6% \u00een iulie \u015fi un pre\u0163 mediu de 851 euro\/mp util, Timi\u015foara r\u0103m\u00e2ne \u00een continuare cel mai ieftin dintre ora\u015fele analizate. Astfel,\" \/>\n<meta property=\"og:url\" content=\"https:\/\/www.imobiliare.ro\/imoexpert\/timisoara-ramane-orasul-cu-cele-mai-ieftine-apartamente_db\/\" \/>\n<meta property=\"og:site_name\" content=\"ImoExpert\" \/>\n<meta property=\"article:published_time\" content=\"2010-08-04T06:05:05+00:00\" \/>\n<meta property=\"article:modified_time\" content=\"2025-10-08T14:49:58+00:00\" \/>\n<meta name=\"author\" content=\"Daniel Crainic\" \/>\n<meta name=\"twitter:card\" content=\"summary_large_image\" \/>\n<meta name=\"twitter:label1\" content=\"Written by\" \/>\n\t<meta name=\"twitter:data1\" content=\"Daniel Crainic\" \/>\n\t<meta name=\"twitter:label2\" content=\"Est. reading time\" \/>\n\t<meta name=\"twitter:data2\" content=\"2 minute\" \/>\n<script type=\"application\/ld+json\" class=\"yoast-schema-graph\">{\"@context\":\"https:\/\/schema.org\",\"@graph\":[{\"@type\":\"Article\",\"@id\":\"https:\/\/www.imobiliare.ro\/imoexpert\/timisoara-ramane-orasul-cu-cele-mai-ieftine-apartamente_db\/#article\",\"isPartOf\":{\"@id\":\"https:\/\/www.imobiliare.ro\/imoexpert\/timisoara-ramane-orasul-cu-cele-mai-ieftine-apartamente_db\/\"},\"author\":{\"name\":\"Daniel Crainic\",\"@id\":\"https:\/\/www.imobiliare.ro\/imoexpert\/#\/schema\/person\/9caa7dcba3994a3cf24f4ad21c98169d\"},\"headline\":\"Timi\u015foara: r\u0103m\u00e2ne ora\u015ful cu cele mai ieftine apartamente\",\"datePublished\":\"2010-08-04T06:05:05+00:00\",\"dateModified\":\"2025-10-08T14:49:58+00:00\",\"mainEntityOfPage\":{\"@id\":\"https:\/\/www.imobiliare.ro\/imoexpert\/timisoara-ramane-orasul-cu-cele-mai-ieftine-apartamente_db\/\"},\"wordCount\":276,\"commentCount\":4,\"publisher\":{\"@id\":\"https:\/\/www.imobiliare.ro\/imoexpert\/#organization\"},\"image\":{\"@id\":\"https:\/\/www.imobiliare.ro\/imoexpert\/timisoara-ramane-orasul-cu-cele-mai-ieftine-apartamente_db\/#primaryimage\"},\"thumbnailUrl\":\"http:\/\/blog.imobiliare.ro\/wp-content\/uploads\/2010\/08\/Timisoara-300x199.jpg\",\"keywords\":[\"evolu\u0163ie pre\u0163\",\"indicele imobiliare.ro\"],\"inLanguage\":\"en\",\"potentialAction\":[{\"@type\":\"CommentAction\",\"name\":\"Comment\",\"target\":[\"https:\/\/www.imobiliare.ro\/imoexpert\/timisoara-ramane-orasul-cu-cele-mai-ieftine-apartamente_db\/#respond\"]}],\"copyrightYear\":\"2010\",\"copyrightHolder\":{\"@id\":\"https:\/\/www.imobiliare.ro\/imoexpert\/#organization\"}},{\"@type\":\"WebPage\",\"@id\":\"https:\/\/www.imobiliare.ro\/imoexpert\/timisoara-ramane-orasul-cu-cele-mai-ieftine-apartamente_db\/\",\"url\":\"https:\/\/www.imobiliare.ro\/imoexpert\/timisoara-ramane-orasul-cu-cele-mai-ieftine-apartamente_db\/\",\"name\":\"Timi\u015foara: r\u0103m\u00e2ne ora\u015ful cu cele mai ieftine apartamente - ImoExpert\",\"isPartOf\":{\"@id\":\"https:\/\/www.imobiliare.ro\/imoexpert\/#website\"},\"primaryImageOfPage\":{\"@id\":\"https:\/\/www.imobiliare.ro\/imoexpert\/timisoara-ramane-orasul-cu-cele-mai-ieftine-apartamente_db\/#primaryimage\"},\"image\":{\"@id\":\"https:\/\/www.imobiliare.ro\/imoexpert\/timisoara-ramane-orasul-cu-cele-mai-ieftine-apartamente_db\/#primaryimage\"},\"thumbnailUrl\":\"http:\/\/blog.imobiliare.ro\/wp-content\/uploads\/2010\/08\/Timisoara-300x199.jpg\",\"datePublished\":\"2010-08-04T06:05:05+00:00\",\"dateModified\":\"2025-10-08T14:49:58+00:00\",\"description\":\"Cu o sc\u0103dere de 2,6% \u00een iulie \u015fi un pre\u0163 mediu de 851 euro\/mp util, Timi\u015foara r\u0103m\u00e2ne \u00een continuare cel mai ieftin dintre ora\u015fele analizate. Astfel,\",\"breadcrumb\":{\"@id\":\"https:\/\/www.imobiliare.ro\/imoexpert\/timisoara-ramane-orasul-cu-cele-mai-ieftine-apartamente_db\/#breadcrumb\"},\"inLanguage\":\"en\",\"potentialAction\":[{\"@type\":\"ReadAction\",\"target\":[\"https:\/\/www.imobiliare.ro\/imoexpert\/timisoara-ramane-orasul-cu-cele-mai-ieftine-apartamente_db\/\"]}]},{\"@type\":\"ImageObject\",\"inLanguage\":\"en\",\"@id\":\"https:\/\/www.imobiliare.ro\/imoexpert\/timisoara-ramane-orasul-cu-cele-mai-ieftine-apartamente_db\/#primaryimage\",\"url\":\"http:\/\/blog.imobiliare.ro\/wp-content\/uploads\/2010\/08\/Timisoara-300x199.jpg\",\"contentUrl\":\"http:\/\/blog.imobiliare.ro\/wp-content\/uploads\/2010\/08\/Timisoara-300x199.jpg\"},{\"@type\":\"BreadcrumbList\",\"@id\":\"https:\/\/www.imobiliare.ro\/imoexpert\/timisoara-ramane-orasul-cu-cele-mai-ieftine-apartamente_db\/#breadcrumb\",\"itemListElement\":[{\"@type\":\"ListItem\",\"position\":1,\"name\":\"Imoradar24\",\"item\":\"https:\/\/www.imoradar24.ro\"},{\"@type\":\"ListItem\",\"position\":2,\"name\":\"ImoExpert\",\"item\":\"https:\/\/www.imobiliare.ro\/imoexpert\/\"},{\"@type\":\"ListItem\",\"position\":3,\"name\":\"Timi\u015foara: r\u0103m\u00e2ne ora\u015ful cu cele mai ieftine apartamente\"}]},{\"@type\":\"WebSite\",\"@id\":\"https:\/\/www.imobiliare.ro\/imoexpert\/#website\",\"url\":\"https:\/\/www.imobiliare.ro\/imoexpert\/\",\"name\":\"ImoExpert\",\"description\":\"cele mai importante \u015ftiri din domeniul imobiliar\",\"publisher\":{\"@id\":\"https:\/\/www.imobiliare.ro\/imoexpert\/#organization\"},\"inLanguage\":\"en\"},{\"@type\":\"Organization\",\"@id\":\"https:\/\/www.imobiliare.ro\/imoexpert\/#organization\",\"name\":\"Imobiliare.ro\",\"alternateName\":\"Realmedia Network SA\",\"url\":\"https:\/\/www.imobiliare.ro\/imoexpert\/\",\"logo\":{\"@type\":\"ImageObject\",\"inLanguage\":\"en\",\"@id\":\"https:\/\/www.imobiliare.ro\/imoexpert\/#\/schema\/logo\/image\/\",\"url\":\"https:\/\/www.imobiliare.ro\/imoexpert\/wp-content\/uploads\/2025\/05\/imobiliare_logo.png\",\"contentUrl\":\"https:\/\/www.imobiliare.ro\/imoexpert\/wp-content\/uploads\/2025\/05\/imobiliare_logo.png\",\"width\":237,\"height\":29,\"caption\":\"Imobiliare.ro\"},\"image\":{\"@id\":\"https:\/\/www.imobiliare.ro\/imoexpert\/#\/schema\/logo\/image\/\"}},{\"@type\":\"Person\",\"@id\":\"https:\/\/www.imobiliare.ro\/imoexpert\/#\/schema\/person\/9caa7dcba3994a3cf24f4ad21c98169d\",\"name\":\"Daniel Crainic\",\"image\":{\"@type\":\"ImageObject\",\"inLanguage\":\"en\",\"@id\":\"https:\/\/www.imobiliare.ro\/imoexpert\/#\/schema\/person\/image\/\",\"url\":\"https:\/\/secure.gravatar.com\/avatar\/8504a026f47d7fb16dd2d23439c5321cc21e230f39360b9a4c72f2948eb60ce1?s=96&d=mm&r=g\",\"contentUrl\":\"https:\/\/secure.gravatar.com\/avatar\/8504a026f47d7fb16dd2d23439c5321cc21e230f39360b9a4c72f2948eb60ce1?s=96&d=mm&r=g\",\"caption\":\"Daniel Crainic\"},\"url\":\"https:\/\/www.imobiliare.ro\/imoexpert\/author\/daniel-crainic\/\"}]}<\/script>\n<!-- \/ Yoast SEO Premium plugin. -->","yoast_head_json":{"title":"Timi\u015foara: r\u0103m\u00e2ne ora\u015ful cu cele mai ieftine apartamente - ImoExpert","description":"Cu o sc\u0103dere de 2,6% \u00een iulie \u015fi un pre\u0163 mediu de 851 euro\/mp util, Timi\u015foara r\u0103m\u00e2ne \u00een continuare cel mai ieftin dintre ora\u015fele analizate. Astfel,","robots":{"index":"index","follow":"follow"},"canonical":"https:\/\/www.imobiliare.ro\/imoexpert\/timisoara-ramane-orasul-cu-cele-mai-ieftine-apartamente_db\/","og_locale":"ro_RO","og_type":"article","og_title":"Timi\u015foara: r\u0103m\u00e2ne ora\u015ful cu cele mai ieftine apartamente","og_description":"Cu o sc\u0103dere de 2,6% \u00een iulie \u015fi un pre\u0163 mediu de 851 euro\/mp util, Timi\u015foara r\u0103m\u00e2ne \u00een continuare cel mai ieftin dintre ora\u015fele analizate. Astfel,","og_url":"https:\/\/www.imobiliare.ro\/imoexpert\/timisoara-ramane-orasul-cu-cele-mai-ieftine-apartamente_db\/","og_site_name":"ImoExpert","article_published_time":"2010-08-04T06:05:05+00:00","article_modified_time":"2025-10-08T14:49:58+00:00","author":"Daniel Crainic","twitter_card":"summary_large_image","twitter_misc":{"Written by":"Daniel Crainic","Est. reading time":"2 minute"},"schema":{"@context":"https:\/\/schema.org","@graph":[{"@type":"Article","@id":"https:\/\/www.imobiliare.ro\/imoexpert\/timisoara-ramane-orasul-cu-cele-mai-ieftine-apartamente_db\/#article","isPartOf":{"@id":"https:\/\/www.imobiliare.ro\/imoexpert\/timisoara-ramane-orasul-cu-cele-mai-ieftine-apartamente_db\/"},"author":{"name":"Daniel Crainic","@id":"https:\/\/www.imobiliare.ro\/imoexpert\/#\/schema\/person\/9caa7dcba3994a3cf24f4ad21c98169d"},"headline":"Timi\u015foara: r\u0103m\u00e2ne ora\u015ful cu cele mai ieftine apartamente","datePublished":"2010-08-04T06:05:05+00:00","dateModified":"2025-10-08T14:49:58+00:00","mainEntityOfPage":{"@id":"https:\/\/www.imobiliare.ro\/imoexpert\/timisoara-ramane-orasul-cu-cele-mai-ieftine-apartamente_db\/"},"wordCount":276,"commentCount":4,"publisher":{"@id":"https:\/\/www.imobiliare.ro\/imoexpert\/#organization"},"image":{"@id":"https:\/\/www.imobiliare.ro\/imoexpert\/timisoara-ramane-orasul-cu-cele-mai-ieftine-apartamente_db\/#primaryimage"},"thumbnailUrl":"http:\/\/blog.imobiliare.ro\/wp-content\/uploads\/2010\/08\/Timisoara-300x199.jpg","keywords":["evolu\u0163ie pre\u0163","indicele imobiliare.ro"],"inLanguage":"en","potentialAction":[{"@type":"CommentAction","name":"Comment","target":["https:\/\/www.imobiliare.ro\/imoexpert\/timisoara-ramane-orasul-cu-cele-mai-ieftine-apartamente_db\/#respond"]}],"copyrightYear":"2010","copyrightHolder":{"@id":"https:\/\/www.imobiliare.ro\/imoexpert\/#organization"}},{"@type":"WebPage","@id":"https:\/\/www.imobiliare.ro\/imoexpert\/timisoara-ramane-orasul-cu-cele-mai-ieftine-apartamente_db\/","url":"https:\/\/www.imobiliare.ro\/imoexpert\/timisoara-ramane-orasul-cu-cele-mai-ieftine-apartamente_db\/","name":"Timi\u015foara: r\u0103m\u00e2ne ora\u015ful cu cele mai ieftine apartamente - ImoExpert","isPartOf":{"@id":"https:\/\/www.imobiliare.ro\/imoexpert\/#website"},"primaryImageOfPage":{"@id":"https:\/\/www.imobiliare.ro\/imoexpert\/timisoara-ramane-orasul-cu-cele-mai-ieftine-apartamente_db\/#primaryimage"},"image":{"@id":"https:\/\/www.imobiliare.ro\/imoexpert\/timisoara-ramane-orasul-cu-cele-mai-ieftine-apartamente_db\/#primaryimage"},"thumbnailUrl":"http:\/\/blog.imobiliare.ro\/wp-content\/uploads\/2010\/08\/Timisoara-300x199.jpg","datePublished":"2010-08-04T06:05:05+00:00","dateModified":"2025-10-08T14:49:58+00:00","description":"Cu o sc\u0103dere de 2,6% \u00een iulie \u015fi un pre\u0163 mediu de 851 euro\/mp util, Timi\u015foara r\u0103m\u00e2ne \u00een continuare cel mai ieftin dintre ora\u015fele analizate. Astfel,","breadcrumb":{"@id":"https:\/\/www.imobiliare.ro\/imoexpert\/timisoara-ramane-orasul-cu-cele-mai-ieftine-apartamente_db\/#breadcrumb"},"inLanguage":"en","potentialAction":[{"@type":"ReadAction","target":["https:\/\/www.imobiliare.ro\/imoexpert\/timisoara-ramane-orasul-cu-cele-mai-ieftine-apartamente_db\/"]}]},{"@type":"ImageObject","inLanguage":"en","@id":"https:\/\/www.imobiliare.ro\/imoexpert\/timisoara-ramane-orasul-cu-cele-mai-ieftine-apartamente_db\/#primaryimage","url":"http:\/\/blog.imobiliare.ro\/wp-content\/uploads\/2010\/08\/Timisoara-300x199.jpg","contentUrl":"http:\/\/blog.imobiliare.ro\/wp-content\/uploads\/2010\/08\/Timisoara-300x199.jpg"},{"@type":"BreadcrumbList","@id":"https:\/\/www.imobiliare.ro\/imoexpert\/timisoara-ramane-orasul-cu-cele-mai-ieftine-apartamente_db\/#breadcrumb","itemListElement":[{"@type":"ListItem","position":1,"name":"Imoradar24","item":"https:\/\/www.imoradar24.ro"},{"@type":"ListItem","position":2,"name":"ImoExpert","item":"https:\/\/www.imobiliare.ro\/imoexpert\/"},{"@type":"ListItem","position":3,"name":"Timi\u015foara: r\u0103m\u00e2ne ora\u015ful cu cele mai ieftine apartamente"}]},{"@type":"WebSite","@id":"https:\/\/www.imobiliare.ro\/imoexpert\/#website","url":"https:\/\/www.imobiliare.ro\/imoexpert\/","name":"ImoExpert","description":"cele mai importante \u015ftiri din domeniul imobiliar","publisher":{"@id":"https:\/\/www.imobiliare.ro\/imoexpert\/#organization"},"inLanguage":"en"},{"@type":"Organization","@id":"https:\/\/www.imobiliare.ro\/imoexpert\/#organization","name":"Imobiliare.ro","alternateName":"Realmedia Network SA","url":"https:\/\/www.imobiliare.ro\/imoexpert\/","logo":{"@type":"ImageObject","inLanguage":"en","@id":"https:\/\/www.imobiliare.ro\/imoexpert\/#\/schema\/logo\/image\/","url":"https:\/\/www.imobiliare.ro\/imoexpert\/wp-content\/uploads\/2025\/05\/imobiliare_logo.png","contentUrl":"https:\/\/www.imobiliare.ro\/imoexpert\/wp-content\/uploads\/2025\/05\/imobiliare_logo.png","width":237,"height":29,"caption":"Imobiliare.ro"},"image":{"@id":"https:\/\/www.imobiliare.ro\/imoexpert\/#\/schema\/logo\/image\/"}},{"@type":"Person","@id":"https:\/\/www.imobiliare.ro\/imoexpert\/#\/schema\/person\/9caa7dcba3994a3cf24f4ad21c98169d","name":"Daniel Crainic","image":{"@type":"ImageObject","inLanguage":"en","@id":"https:\/\/www.imobiliare.ro\/imoexpert\/#\/schema\/person\/image\/","url":"https:\/\/secure.gravatar.com\/avatar\/8504a026f47d7fb16dd2d23439c5321cc21e230f39360b9a4c72f2948eb60ce1?s=96&d=mm&r=g","contentUrl":"https:\/\/secure.gravatar.com\/avatar\/8504a026f47d7fb16dd2d23439c5321cc21e230f39360b9a4c72f2948eb60ce1?s=96&d=mm&r=g","caption":"Daniel Crainic"},"url":"https:\/\/www.imobiliare.ro\/imoexpert\/author\/daniel-crainic\/"}]}},"_links":{"self":[{"href":"https:\/\/www.imobiliare.ro\/imoexpert\/wp-json\/wp\/v2\/posts\/5439","targetHints":{"allow":["GET"]}}],"collection":[{"href":"https:\/\/www.imobiliare.ro\/imoexpert\/wp-json\/wp\/v2\/posts"}],"about":[{"href":"https:\/\/www.imobiliare.ro\/imoexpert\/wp-json\/wp\/v2\/types\/post"}],"author":[{"embeddable":true,"href":"https:\/\/www.imobiliare.ro\/imoexpert\/wp-json\/wp\/v2\/users\/869"}],"replies":[{"embeddable":true,"href":"https:\/\/www.imobiliare.ro\/imoexpert\/wp-json\/wp\/v2\/comments?post=5439"}],"version-history":[{"count":0,"href":"https:\/\/www.imobiliare.ro\/imoexpert\/wp-json\/wp\/v2\/posts\/5439\/revisions"}],"wp:attachment":[{"href":"https:\/\/www.imobiliare.ro\/imoexpert\/wp-json\/wp\/v2\/media?parent=5439"}],"wp:term":[{"taxonomy":"category","embeddable":true,"href":"https:\/\/www.imobiliare.ro\/imoexpert\/wp-json\/wp\/v2\/categories?post=5439"},{"taxonomy":"post_tag","embeddable":true,"href":"https:\/\/www.imobiliare.ro\/imoexpert\/wp-json\/wp\/v2\/tags?post=5439"},{"taxonomy":"content_author","embeddable":true,"href":"https:\/\/www.imobiliare.ro\/imoexpert\/wp-json\/wp\/v2\/content_author?post=5439"}],"curies":[{"name":"wp","href":"https:\/\/api.w.org\/{rel}","templated":true}]}}