{"id":54412,"date":"2018-11-21T13:42:54","date_gmt":"2018-11-21T11:42:54","guid":{"rendered":"https:\/\/www.imobiliare.ro\/imoexpert\/?p=54412"},"modified":"2018-11-21T13:42:54","modified_gmt":"2018-11-21T11:42:54","slug":"imobiliare-ro-printre-finalistii-nominalizati-pentru-premiul-inovatie-in-imobiliare-la-gala-premiilor-real-estate-2018","status":"publish","type":"post","link":"https:\/\/www.imobiliare.ro\/imoexpert\/imobiliare-ro-printre-finalistii-nominalizati-pentru-premiul-inovatie-in-imobiliare-la-gala-premiilor-real-estate-2018_db\/","title":{"rendered":"Imobiliare.ro, printre finali\u0219tii nominaliza\u021bi pentru premiul &#8222;Inova\u021bie \u00een imobiliare&#8221; la Gala Premiilor Real Estate 2018"},"content":{"rendered":"<h2>Imobiliare.ro se num\u0103r\u0103 printre finali\u0219tii nominaliza\u021bi pentru premiul &#8222;Inova\u021bie \u00een imobiliare&#8221; care va fi decernat \u00een cadrul Galei Premiilor Real Estate 2018, eveniment organizat de Real Estate Magazine pentru recunoa\u0219terea activit\u0103\u021bii \u0219i rezultatelor deosebite ob\u021binute pe parcursul anului de c\u0103tre juc\u0103torii din domeniu.<\/h2>\n<p>Nominaliz\u0103rile au fost realizate pe baza informa\u021biilor \u0219i datelor colectate din pia\u021b\u0103, analizate \u0219i evaluate de c\u0103tre un juriu independent format din profesioni\u0219ti cu experien\u021b\u0103 \u0219i reputa\u021bie \u00een imobiliare, al\u0103turi de membri ai echipei redac\u021bionale Real Estate Magazine.<\/p>\n<p><img loading=\"lazy\" decoding=\"async\" class=\"alignnone size-large wp-image-54413\" src=\"https:\/\/www.imobiliare.ro\/imoexpert\/wp-content\/uploads\/2018\/11\/gala-premiilor-real-estate-2018-1024x619.jpg\" alt=\"gala premiilor real estate 2018\" width=\"1024\" height=\"619\" srcset=\"https:\/\/www.imobiliare.ro\/imoexpert\/wp-content\/uploads\/2018\/11\/gala-premiilor-real-estate-2018-1024x619.jpg 1024w, https:\/\/www.imobiliare.ro\/imoexpert\/wp-content\/uploads\/2018\/11\/gala-premiilor-real-estate-2018-300x181.jpg 300w, https:\/\/www.imobiliare.ro\/imoexpert\/wp-content\/uploads\/2018\/11\/gala-premiilor-real-estate-2018-768x464.jpg 768w, https:\/\/www.imobiliare.ro\/imoexpert\/wp-content\/uploads\/2018\/11\/gala-premiilor-real-estate-2018.jpg 1280w\" sizes=\"auto, (max-width: 1024px) 100vw, 1024px\" \/><\/p>\n<p>Vor fi acordate, \u00een total, <strong>15 premii<\/strong> \u00een patru categorii: <strong>Proiecte imobiliare, Dezvoltatori, Servicii \u0219i Tranzac\u021bii&amp;profesioni\u0219ti.<\/strong><\/p>\n<p><span style=\"color: #ff0000;\"><strong>Imobiliare.ro<\/strong><\/span>\u00a0se num\u0103r\u0103 printre finali\u0219tii categoriei de Servicii din cadrul Galei Premiilor Real Estate 2018 \u0219i concureaz\u0103 pentru\u00a0premiul <strong>&#8222;Inova\u021bie \u00een imobiliare&#8221;<\/strong>, dedicat juc\u0103torilor care au stimulat inova\u021bia \u00een acest sector, cu EFdeN, Spaces, Mindspace \u0219i myhive.<\/p>\n<p>Desemnarea c\u00e2\u0219tig\u0103torilor va avea loc \u00een urma unui proces de evaluare \u0219i notare de c\u0103tre juriu, lu\u00e2ndu-se \u00een considerare urm\u0103toarele criterii: inova\u021bie, tehnologie, investi\u021bii, impact \u0219i scalabilitate.<\/p>\n<p>Decernarea premiilor va fi realizat\u0103 pe data de <strong>28 noiembrie,<\/strong> \u00een cadrul Galei organizate de Real Estate Magazine la Bucure\u0219ti.<\/p>\n","protected":false},"excerpt":{"rendered":"<p>Imobiliare.ro se num\u0103r\u0103 printre finali\u0219tii nominaliza\u021bi pentru premiul &#8222;Inova\u021bie \u00een imobiliare&#8221; care va fi decernat \u00een cadrul Galei Premiilor Real Estate 2018, eveniment organizat de Real Estate Magazine pentru recunoa\u0219terea activit\u0103\u021bii \u0219i rezultatelor deosebite ob\u021binute pe parcursul anului de c\u0103tre juc\u0103torii din domeniu. Nominaliz\u0103rile au fost realizate pe baza informa\u021biilor \u0219i datelor colectate din pia\u021b\u0103, [&hellip;]<\/p>\n","protected":false},"author":5891,"featured_media":67376,"comment_status":"open","ping_status":"open","sticky":false,"template":"","format":"standard","meta":{"footnotes":""},"categories":[259],"tags":[806,301],"content_author":[],"class_list":["post-54412","post","type-post","status-publish","format-standard","has-post-thumbnail","hentry","category-stiri","tag-imobiliare-ro","tag-premiu"],"yoast_head":"<!-- This site is optimized with the Yoast SEO Premium plugin v27.0 (Yoast SEO v27.0) - https:\/\/yoast.com\/product\/yoast-seo-premium-wordpress\/ -->\n<title>Imobiliare.ro, printre finali\u0219tii nominaliza\u021bi pentru premiul &quot;Inova\u021bie \u00een imobiliare&quot; la Gala Premiilor Real Estate 2018 - \u0218tiri - ImoExpert<\/title>\n<meta name=\"description\" content=\"Imobiliare.ro se num\u0103r\u0103 printre finali\u0219tii nominaliza\u021bi pentru premiul &quot;Inova\u021bie \u00een imobiliare&quot; care va fi decernat \u00een cadrul Galei Premiilor Real Estate\" \/>\n<meta name=\"robots\" content=\"index, follow\" \/>\n<link rel=\"canonical\" href=\"https:\/\/www.imobiliare.ro\/imoexpert\/imobiliare-ro-printre-finalistii-nominalizati-pentru-premiul-inovatie-in-imobiliare-la-gala-premiilor-real-estate-2018_db\/\" \/>\n<meta property=\"og:locale\" content=\"ro_RO\" \/>\n<meta property=\"og:type\" content=\"article\" \/>\n<meta property=\"og:title\" content=\"Imobiliare.ro, printre finali\u0219tii nominaliza\u021bi pentru premiul &quot;Inova\u021bie \u00een imobiliare&quot; la Gala Premiilor Real Estate 2018\" \/>\n<meta property=\"og:description\" content=\"Imobiliare.ro se num\u0103r\u0103 printre finali\u0219tii nominaliza\u021bi pentru premiul &quot;Inova\u021bie \u00een imobiliare&quot; care va fi decernat \u00een cadrul Galei Premiilor Real Estate\" \/>\n<meta property=\"og:url\" content=\"https:\/\/www.imobiliare.ro\/imoexpert\/imobiliare-ro-printre-finalistii-nominalizati-pentru-premiul-inovatie-in-imobiliare-la-gala-premiilor-real-estate-2018_db\/\" \/>\n<meta property=\"og:site_name\" content=\"ImoExpert\" \/>\n<meta property=\"article:published_time\" content=\"2018-11-21T11:42:54+00:00\" \/>\n<meta property=\"og:image\" content=\"https:\/\/www.imobiliare.ro\/imoexpert\/wp-content\/uploads\/2023\/09\/logo_imo_new.png\" \/>\n\t<meta property=\"og:image:width\" content=\"2048\" \/>\n\t<meta property=\"og:image:height\" content=\"252\" \/>\n\t<meta property=\"og:image:type\" content=\"image\/png\" \/>\n<meta name=\"author\" content=\"Corina V\u00e2rlan\" \/>\n<meta name=\"twitter:card\" content=\"summary_large_image\" \/>\n<meta name=\"twitter:label1\" content=\"Written by\" \/>\n\t<meta name=\"twitter:data1\" content=\"Corina V\u00e2rlan\" \/>\n\t<meta name=\"twitter:label2\" content=\"Est. reading time\" \/>\n\t<meta name=\"twitter:data2\" content=\"1 minut\" \/>\n<script type=\"application\/ld+json\" class=\"yoast-schema-graph\">{\"@context\":\"https:\/\/schema.org\",\"@graph\":[{\"@type\":\"Article\",\"@id\":\"https:\/\/www.imobiliare.ro\/imoexpert\/imobiliare-ro-printre-finalistii-nominalizati-pentru-premiul-inovatie-in-imobiliare-la-gala-premiilor-real-estate-2018_db\/#article\",\"isPartOf\":{\"@id\":\"https:\/\/www.imobiliare.ro\/imoexpert\/imobiliare-ro-printre-finalistii-nominalizati-pentru-premiul-inovatie-in-imobiliare-la-gala-premiilor-real-estate-2018_db\/\"},\"author\":{\"name\":\"Corina V\u00e2rlan\",\"@id\":\"https:\/\/www.imobiliare.ro\/imoexpert\/#\/schema\/person\/9ffdfbf24b82f39fc75a2fc6c19e4e99\"},\"headline\":\"Imobiliare.ro, printre finali\u0219tii nominaliza\u021bi pentru premiul &#8222;Inova\u021bie \u00een imobiliare&#8221; la Gala Premiilor Real Estate 2018\",\"datePublished\":\"2018-11-21T11:42:54+00:00\",\"mainEntityOfPage\":{\"@id\":\"https:\/\/www.imobiliare.ro\/imoexpert\/imobiliare-ro-printre-finalistii-nominalizati-pentru-premiul-inovatie-in-imobiliare-la-gala-premiilor-real-estate-2018_db\/\"},\"wordCount\":230,\"commentCount\":0,\"publisher\":{\"@id\":\"https:\/\/www.imobiliare.ro\/imoexpert\/#organization\"},\"image\":{\"@id\":\"https:\/\/www.imobiliare.ro\/imoexpert\/imobiliare-ro-printre-finalistii-nominalizati-pentru-premiul-inovatie-in-imobiliare-la-gala-premiilor-real-estate-2018_db\/#primaryimage\"},\"thumbnailUrl\":\"https:\/\/www.imobiliare.ro\/imoexpert\/wp-content\/uploads\/2023\/09\/logo_imo_new.png\",\"keywords\":[\"Imobiliare.ro\",\"premiu\"],\"articleSection\":[\"\u0218tiri\"],\"inLanguage\":\"en\",\"potentialAction\":[{\"@type\":\"CommentAction\",\"name\":\"Comment\",\"target\":[\"https:\/\/www.imobiliare.ro\/imoexpert\/imobiliare-ro-printre-finalistii-nominalizati-pentru-premiul-inovatie-in-imobiliare-la-gala-premiilor-real-estate-2018_db\/#respond\"]}],\"copyrightYear\":\"2018\",\"copyrightHolder\":{\"@id\":\"https:\/\/www.imobiliare.ro\/imoexpert\/#organization\"}},{\"@type\":\"WebPage\",\"@id\":\"https:\/\/www.imobiliare.ro\/imoexpert\/imobiliare-ro-printre-finalistii-nominalizati-pentru-premiul-inovatie-in-imobiliare-la-gala-premiilor-real-estate-2018_db\/\",\"url\":\"https:\/\/www.imobiliare.ro\/imoexpert\/imobiliare-ro-printre-finalistii-nominalizati-pentru-premiul-inovatie-in-imobiliare-la-gala-premiilor-real-estate-2018_db\/\",\"name\":\"Imobiliare.ro, printre finali\u0219tii nominaliza\u021bi pentru premiul \\\"Inova\u021bie \u00een imobiliare\\\" la Gala Premiilor Real Estate 2018 - \u0218tiri - ImoExpert\",\"isPartOf\":{\"@id\":\"https:\/\/www.imobiliare.ro\/imoexpert\/#website\"},\"primaryImageOfPage\":{\"@id\":\"https:\/\/www.imobiliare.ro\/imoexpert\/imobiliare-ro-printre-finalistii-nominalizati-pentru-premiul-inovatie-in-imobiliare-la-gala-premiilor-real-estate-2018_db\/#primaryimage\"},\"image\":{\"@id\":\"https:\/\/www.imobiliare.ro\/imoexpert\/imobiliare-ro-printre-finalistii-nominalizati-pentru-premiul-inovatie-in-imobiliare-la-gala-premiilor-real-estate-2018_db\/#primaryimage\"},\"thumbnailUrl\":\"https:\/\/www.imobiliare.ro\/imoexpert\/wp-content\/uploads\/2023\/09\/logo_imo_new.png\",\"datePublished\":\"2018-11-21T11:42:54+00:00\",\"description\":\"Imobiliare.ro se num\u0103r\u0103 printre finali\u0219tii nominaliza\u021bi pentru premiul \\\"Inova\u021bie \u00een imobiliare\\\" care va fi decernat \u00een cadrul Galei Premiilor Real Estate\",\"breadcrumb\":{\"@id\":\"https:\/\/www.imobiliare.ro\/imoexpert\/imobiliare-ro-printre-finalistii-nominalizati-pentru-premiul-inovatie-in-imobiliare-la-gala-premiilor-real-estate-2018_db\/#breadcrumb\"},\"inLanguage\":\"en\",\"potentialAction\":[{\"@type\":\"ReadAction\",\"target\":[\"https:\/\/www.imobiliare.ro\/imoexpert\/imobiliare-ro-printre-finalistii-nominalizati-pentru-premiul-inovatie-in-imobiliare-la-gala-premiilor-real-estate-2018_db\/\"]}]},{\"@type\":\"ImageObject\",\"inLanguage\":\"en\",\"@id\":\"https:\/\/www.imobiliare.ro\/imoexpert\/imobiliare-ro-printre-finalistii-nominalizati-pentru-premiul-inovatie-in-imobiliare-la-gala-premiilor-real-estate-2018_db\/#primaryimage\",\"url\":\"https:\/\/www.imobiliare.ro\/imoexpert\/wp-content\/uploads\/2023\/09\/logo_imo_new.png\",\"contentUrl\":\"https:\/\/www.imobiliare.ro\/imoexpert\/wp-content\/uploads\/2023\/09\/logo_imo_new.png\",\"width\":2048,\"height\":252},{\"@type\":\"BreadcrumbList\",\"@id\":\"https:\/\/www.imobiliare.ro\/imoexpert\/imobiliare-ro-printre-finalistii-nominalizati-pentru-premiul-inovatie-in-imobiliare-la-gala-premiilor-real-estate-2018_db\/#breadcrumb\",\"itemListElement\":[{\"@type\":\"ListItem\",\"position\":1,\"name\":\"Imoradar24\",\"item\":\"https:\/\/www.imoradar24.ro\"},{\"@type\":\"ListItem\",\"position\":2,\"name\":\"ImoExpert\",\"item\":\"https:\/\/www.imobiliare.ro\/imoexpert\/\"},{\"@type\":\"ListItem\",\"position\":3,\"name\":\"\u0218tiri\",\"item\":\"https:\/\/www.imobiliare.ro\/imoexpert\/stiri\/\"},{\"@type\":\"ListItem\",\"position\":4,\"name\":\"Imobiliare.ro, printre finali\u0219tii nominaliza\u021bi pentru premiul &#8222;Inova\u021bie \u00een imobiliare&#8221; la Gala Premiilor Real Estate 2018\"}]},{\"@type\":\"WebSite\",\"@id\":\"https:\/\/www.imobiliare.ro\/imoexpert\/#website\",\"url\":\"https:\/\/www.imobiliare.ro\/imoexpert\/\",\"name\":\"ImoExpert\",\"description\":\"cele mai importante \u015ftiri din domeniul imobiliar\",\"publisher\":{\"@id\":\"https:\/\/www.imobiliare.ro\/imoexpert\/#organization\"},\"inLanguage\":\"en\"},{\"@type\":\"Organization\",\"@id\":\"https:\/\/www.imobiliare.ro\/imoexpert\/#organization\",\"name\":\"Imobiliare.ro\",\"alternateName\":\"Realmedia Network SA\",\"url\":\"https:\/\/www.imobiliare.ro\/imoexpert\/\",\"logo\":{\"@type\":\"ImageObject\",\"inLanguage\":\"en\",\"@id\":\"https:\/\/www.imobiliare.ro\/imoexpert\/#\/schema\/logo\/image\/\",\"url\":\"https:\/\/www.imobiliare.ro\/imoexpert\/wp-content\/uploads\/2025\/05\/imobiliare_logo.png\",\"contentUrl\":\"https:\/\/www.imobiliare.ro\/imoexpert\/wp-content\/uploads\/2025\/05\/imobiliare_logo.png\",\"width\":237,\"height\":29,\"caption\":\"Imobiliare.ro\"},\"image\":{\"@id\":\"https:\/\/www.imobiliare.ro\/imoexpert\/#\/schema\/logo\/image\/\"}},{\"@type\":\"Person\",\"@id\":\"https:\/\/www.imobiliare.ro\/imoexpert\/#\/schema\/person\/9ffdfbf24b82f39fc75a2fc6c19e4e99\",\"name\":\"Corina V\u00e2rlan\",\"image\":{\"@type\":\"ImageObject\",\"inLanguage\":\"en\",\"@id\":\"https:\/\/www.imobiliare.ro\/imoexpert\/#\/schema\/person\/image\/\",\"url\":\"https:\/\/www.imobiliare.ro\/imoexpert\/wp-content\/uploads\/2026\/02\/12-02-2025-5-rezumat-brasov-thumb-reels-1-1-96x96.png\",\"contentUrl\":\"https:\/\/www.imobiliare.ro\/imoexpert\/wp-content\/uploads\/2026\/02\/12-02-2025-5-rezumat-brasov-thumb-reels-1-1-96x96.png\",\"caption\":\"Corina V\u00e2rlan\"},\"description\":\"Cu o experien\u021b\u0103 de 14 ani \u00een presa online, comunicare \u0219i content marketing, Corina V\u00e2rlan s-a al\u0103turat echipei Imobiliare.ro \u00een urm\u0103 cu 8 ani \u0219i ocup\u0103, \u00een prezent, func\u021bia de Content Manager. Ea este gazda emisiunii \\\"\u00centreab\u0103 expertul\\\" \u0219i a seriei 5 \u0218tiri Imobiliare.ro, realizate \u00een parteneriat cu Libertatea. Corina \u00ee\u0219i concentreaz\u0103 activitatea pe analiza datelor de pia\u021b\u0103 \u0219i pe subiecte de interes at\u00e2t pentru cei afla\u021bi \u00een c\u0103utarea unei locuin\u021be, c\u00e2t \u0219i pentru proprietari sau chiria\u0219i.\",\"alternateName\":\"Corina\",\"jobTitle\":\"Content Manager\",\"url\":\"https:\/\/www.imobiliare.ro\/imoexpert\/author\/corina-varlan\/\"}]}<\/script>\n<!-- \/ Yoast SEO Premium plugin. -->","yoast_head_json":{"title":"Imobiliare.ro, printre finali\u0219tii nominaliza\u021bi pentru premiul \"Inova\u021bie \u00een imobiliare\" la Gala Premiilor Real Estate 2018 - \u0218tiri - ImoExpert","description":"Imobiliare.ro se num\u0103r\u0103 printre finali\u0219tii nominaliza\u021bi pentru premiul \"Inova\u021bie \u00een imobiliare\" care va fi decernat \u00een cadrul Galei Premiilor Real Estate","robots":{"index":"index","follow":"follow"},"canonical":"https:\/\/www.imobiliare.ro\/imoexpert\/imobiliare-ro-printre-finalistii-nominalizati-pentru-premiul-inovatie-in-imobiliare-la-gala-premiilor-real-estate-2018_db\/","og_locale":"ro_RO","og_type":"article","og_title":"Imobiliare.ro, printre finali\u0219tii nominaliza\u021bi pentru premiul \"Inova\u021bie \u00een imobiliare\" la Gala Premiilor Real Estate 2018","og_description":"Imobiliare.ro se num\u0103r\u0103 printre finali\u0219tii nominaliza\u021bi pentru premiul \"Inova\u021bie \u00een imobiliare\" care va fi decernat \u00een cadrul Galei Premiilor Real Estate","og_url":"https:\/\/www.imobiliare.ro\/imoexpert\/imobiliare-ro-printre-finalistii-nominalizati-pentru-premiul-inovatie-in-imobiliare-la-gala-premiilor-real-estate-2018_db\/","og_site_name":"ImoExpert","article_published_time":"2018-11-21T11:42:54+00:00","og_image":[{"width":2048,"height":252,"url":"https:\/\/www.imobiliare.ro\/imoexpert\/wp-content\/uploads\/2023\/09\/logo_imo_new.png","type":"image\/png"}],"author":"Corina V\u00e2rlan","twitter_card":"summary_large_image","twitter_misc":{"Written by":"Corina V\u00e2rlan","Est. reading time":"1 minut"},"schema":{"@context":"https:\/\/schema.org","@graph":[{"@type":"Article","@id":"https:\/\/www.imobiliare.ro\/imoexpert\/imobiliare-ro-printre-finalistii-nominalizati-pentru-premiul-inovatie-in-imobiliare-la-gala-premiilor-real-estate-2018_db\/#article","isPartOf":{"@id":"https:\/\/www.imobiliare.ro\/imoexpert\/imobiliare-ro-printre-finalistii-nominalizati-pentru-premiul-inovatie-in-imobiliare-la-gala-premiilor-real-estate-2018_db\/"},"author":{"name":"Corina V\u00e2rlan","@id":"https:\/\/www.imobiliare.ro\/imoexpert\/#\/schema\/person\/9ffdfbf24b82f39fc75a2fc6c19e4e99"},"headline":"Imobiliare.ro, printre finali\u0219tii nominaliza\u021bi pentru premiul &#8222;Inova\u021bie \u00een imobiliare&#8221; la Gala Premiilor Real Estate 2018","datePublished":"2018-11-21T11:42:54+00:00","mainEntityOfPage":{"@id":"https:\/\/www.imobiliare.ro\/imoexpert\/imobiliare-ro-printre-finalistii-nominalizati-pentru-premiul-inovatie-in-imobiliare-la-gala-premiilor-real-estate-2018_db\/"},"wordCount":230,"commentCount":0,"publisher":{"@id":"https:\/\/www.imobiliare.ro\/imoexpert\/#organization"},"image":{"@id":"https:\/\/www.imobiliare.ro\/imoexpert\/imobiliare-ro-printre-finalistii-nominalizati-pentru-premiul-inovatie-in-imobiliare-la-gala-premiilor-real-estate-2018_db\/#primaryimage"},"thumbnailUrl":"https:\/\/www.imobiliare.ro\/imoexpert\/wp-content\/uploads\/2023\/09\/logo_imo_new.png","keywords":["Imobiliare.ro","premiu"],"articleSection":["\u0218tiri"],"inLanguage":"en","potentialAction":[{"@type":"CommentAction","name":"Comment","target":["https:\/\/www.imobiliare.ro\/imoexpert\/imobiliare-ro-printre-finalistii-nominalizati-pentru-premiul-inovatie-in-imobiliare-la-gala-premiilor-real-estate-2018_db\/#respond"]}],"copyrightYear":"2018","copyrightHolder":{"@id":"https:\/\/www.imobiliare.ro\/imoexpert\/#organization"}},{"@type":"WebPage","@id":"https:\/\/www.imobiliare.ro\/imoexpert\/imobiliare-ro-printre-finalistii-nominalizati-pentru-premiul-inovatie-in-imobiliare-la-gala-premiilor-real-estate-2018_db\/","url":"https:\/\/www.imobiliare.ro\/imoexpert\/imobiliare-ro-printre-finalistii-nominalizati-pentru-premiul-inovatie-in-imobiliare-la-gala-premiilor-real-estate-2018_db\/","name":"Imobiliare.ro, printre finali\u0219tii nominaliza\u021bi pentru premiul \"Inova\u021bie \u00een imobiliare\" la Gala Premiilor Real Estate 2018 - \u0218tiri - ImoExpert","isPartOf":{"@id":"https:\/\/www.imobiliare.ro\/imoexpert\/#website"},"primaryImageOfPage":{"@id":"https:\/\/www.imobiliare.ro\/imoexpert\/imobiliare-ro-printre-finalistii-nominalizati-pentru-premiul-inovatie-in-imobiliare-la-gala-premiilor-real-estate-2018_db\/#primaryimage"},"image":{"@id":"https:\/\/www.imobiliare.ro\/imoexpert\/imobiliare-ro-printre-finalistii-nominalizati-pentru-premiul-inovatie-in-imobiliare-la-gala-premiilor-real-estate-2018_db\/#primaryimage"},"thumbnailUrl":"https:\/\/www.imobiliare.ro\/imoexpert\/wp-content\/uploads\/2023\/09\/logo_imo_new.png","datePublished":"2018-11-21T11:42:54+00:00","description":"Imobiliare.ro se num\u0103r\u0103 printre finali\u0219tii nominaliza\u021bi pentru premiul \"Inova\u021bie \u00een imobiliare\" care va fi decernat \u00een cadrul Galei Premiilor Real Estate","breadcrumb":{"@id":"https:\/\/www.imobiliare.ro\/imoexpert\/imobiliare-ro-printre-finalistii-nominalizati-pentru-premiul-inovatie-in-imobiliare-la-gala-premiilor-real-estate-2018_db\/#breadcrumb"},"inLanguage":"en","potentialAction":[{"@type":"ReadAction","target":["https:\/\/www.imobiliare.ro\/imoexpert\/imobiliare-ro-printre-finalistii-nominalizati-pentru-premiul-inovatie-in-imobiliare-la-gala-premiilor-real-estate-2018_db\/"]}]},{"@type":"ImageObject","inLanguage":"en","@id":"https:\/\/www.imobiliare.ro\/imoexpert\/imobiliare-ro-printre-finalistii-nominalizati-pentru-premiul-inovatie-in-imobiliare-la-gala-premiilor-real-estate-2018_db\/#primaryimage","url":"https:\/\/www.imobiliare.ro\/imoexpert\/wp-content\/uploads\/2023\/09\/logo_imo_new.png","contentUrl":"https:\/\/www.imobiliare.ro\/imoexpert\/wp-content\/uploads\/2023\/09\/logo_imo_new.png","width":2048,"height":252},{"@type":"BreadcrumbList","@id":"https:\/\/www.imobiliare.ro\/imoexpert\/imobiliare-ro-printre-finalistii-nominalizati-pentru-premiul-inovatie-in-imobiliare-la-gala-premiilor-real-estate-2018_db\/#breadcrumb","itemListElement":[{"@type":"ListItem","position":1,"name":"Imoradar24","item":"https:\/\/www.imoradar24.ro"},{"@type":"ListItem","position":2,"name":"ImoExpert","item":"https:\/\/www.imobiliare.ro\/imoexpert\/"},{"@type":"ListItem","position":3,"name":"\u0218tiri","item":"https:\/\/www.imobiliare.ro\/imoexpert\/stiri\/"},{"@type":"ListItem","position":4,"name":"Imobiliare.ro, printre finali\u0219tii nominaliza\u021bi pentru premiul &#8222;Inova\u021bie \u00een imobiliare&#8221; la Gala Premiilor Real Estate 2018"}]},{"@type":"WebSite","@id":"https:\/\/www.imobiliare.ro\/imoexpert\/#website","url":"https:\/\/www.imobiliare.ro\/imoexpert\/","name":"ImoExpert","description":"cele mai importante \u015ftiri din domeniul imobiliar","publisher":{"@id":"https:\/\/www.imobiliare.ro\/imoexpert\/#organization"},"inLanguage":"en"},{"@type":"Organization","@id":"https:\/\/www.imobiliare.ro\/imoexpert\/#organization","name":"Imobiliare.ro","alternateName":"Realmedia Network SA","url":"https:\/\/www.imobiliare.ro\/imoexpert\/","logo":{"@type":"ImageObject","inLanguage":"en","@id":"https:\/\/www.imobiliare.ro\/imoexpert\/#\/schema\/logo\/image\/","url":"https:\/\/www.imobiliare.ro\/imoexpert\/wp-content\/uploads\/2025\/05\/imobiliare_logo.png","contentUrl":"https:\/\/www.imobiliare.ro\/imoexpert\/wp-content\/uploads\/2025\/05\/imobiliare_logo.png","width":237,"height":29,"caption":"Imobiliare.ro"},"image":{"@id":"https:\/\/www.imobiliare.ro\/imoexpert\/#\/schema\/logo\/image\/"}},{"@type":"Person","@id":"https:\/\/www.imobiliare.ro\/imoexpert\/#\/schema\/person\/9ffdfbf24b82f39fc75a2fc6c19e4e99","name":"Corina V\u00e2rlan","image":{"@type":"ImageObject","inLanguage":"en","@id":"https:\/\/www.imobiliare.ro\/imoexpert\/#\/schema\/person\/image\/","url":"https:\/\/www.imobiliare.ro\/imoexpert\/wp-content\/uploads\/2026\/02\/12-02-2025-5-rezumat-brasov-thumb-reels-1-1-96x96.png","contentUrl":"https:\/\/www.imobiliare.ro\/imoexpert\/wp-content\/uploads\/2026\/02\/12-02-2025-5-rezumat-brasov-thumb-reels-1-1-96x96.png","caption":"Corina V\u00e2rlan"},"description":"Cu o experien\u021b\u0103 de 14 ani \u00een presa online, comunicare \u0219i content marketing, Corina V\u00e2rlan s-a al\u0103turat echipei Imobiliare.ro \u00een urm\u0103 cu 8 ani \u0219i ocup\u0103, \u00een prezent, func\u021bia de Content Manager. Ea este gazda emisiunii \"\u00centreab\u0103 expertul\" \u0219i a seriei 5 \u0218tiri Imobiliare.ro, realizate \u00een parteneriat cu Libertatea. Corina \u00ee\u0219i concentreaz\u0103 activitatea pe analiza datelor de pia\u021b\u0103 \u0219i pe subiecte de interes at\u00e2t pentru cei afla\u021bi \u00een c\u0103utarea unei locuin\u021be, c\u00e2t \u0219i pentru proprietari sau chiria\u0219i.","alternateName":"Corina","jobTitle":"Content Manager","url":"https:\/\/www.imobiliare.ro\/imoexpert\/author\/corina-varlan\/"}]}},"_links":{"self":[{"href":"https:\/\/www.imobiliare.ro\/imoexpert\/wp-json\/wp\/v2\/posts\/54412","targetHints":{"allow":["GET"]}}],"collection":[{"href":"https:\/\/www.imobiliare.ro\/imoexpert\/wp-json\/wp\/v2\/posts"}],"about":[{"href":"https:\/\/www.imobiliare.ro\/imoexpert\/wp-json\/wp\/v2\/types\/post"}],"author":[{"embeddable":true,"href":"https:\/\/www.imobiliare.ro\/imoexpert\/wp-json\/wp\/v2\/users\/5891"}],"replies":[{"embeddable":true,"href":"https:\/\/www.imobiliare.ro\/imoexpert\/wp-json\/wp\/v2\/comments?post=54412"}],"version-history":[{"count":0,"href":"https:\/\/www.imobiliare.ro\/imoexpert\/wp-json\/wp\/v2\/posts\/54412\/revisions"}],"wp:featuredmedia":[{"embeddable":true,"href":"https:\/\/www.imobiliare.ro\/imoexpert\/wp-json\/wp\/v2\/media\/67376"}],"wp:attachment":[{"href":"https:\/\/www.imobiliare.ro\/imoexpert\/wp-json\/wp\/v2\/media?parent=54412"}],"wp:term":[{"taxonomy":"category","embeddable":true,"href":"https:\/\/www.imobiliare.ro\/imoexpert\/wp-json\/wp\/v2\/categories?post=54412"},{"taxonomy":"post_tag","embeddable":true,"href":"https:\/\/www.imobiliare.ro\/imoexpert\/wp-json\/wp\/v2\/tags?post=54412"},{"taxonomy":"content_author","embeddable":true,"href":"https:\/\/www.imobiliare.ro\/imoexpert\/wp-json\/wp\/v2\/content_author?post=54412"}],"curies":[{"name":"wp","href":"https:\/\/api.w.org\/{rel}","templated":true}]}}