{"id":54463,"date":"2018-11-27T12:22:19","date_gmt":"2018-11-27T10:22:19","guid":{"rendered":"https:\/\/www.imobiliare.ro\/imoexpert\/?p=54463"},"modified":"2018-11-27T12:22:19","modified_gmt":"2018-11-27T10:22:19","slug":"crama-parc-in-miniatura-si-usi-decorate-de-pictori-romani-cat-costa-aceasta-proprietate-spectaculoasa-aflata-in-cea-mai-ravnita-zona-a-bucurestiului","status":"publish","type":"post","link":"https:\/\/www.imobiliare.ro\/imoexpert\/crama-parc-in-miniatura-si-usi-decorate-de-pictori-romani-cat-costa-aceasta-proprietate-spectaculoasa-aflata-in-cea-mai-ravnita-zona-a-bucurestiului_db\/","title":{"rendered":"Cram\u0103, parc \u00een miniatur\u0103 \u0219i u\u0219i decorate de pictori rom\u00e2ni. Aceast\u0103 proprietate spectaculoas\u0103 cost\u0103 500.000 de euro \u0219i se afl\u0103 \u00een cea mai r\u00e2vnit\u0103 zon\u0103 a Bucure\u0219tiului"},"content":{"rendered":"<p><img loading=\"lazy\" decoding=\"async\" class=\"alignnone wp-image-54464\" src=\"https:\/\/www.imobiliare.ro\/imoexpert\/wp-content\/uploads\/2018\/11\/vila-de-lux-jandarmeriei-1024x683.jpg\" alt=\"vila de lux jandarmeriei\" width=\"800\" height=\"534\" srcset=\"https:\/\/www.imobiliare.ro\/imoexpert\/wp-content\/uploads\/2018\/11\/vila-de-lux-jandarmeriei.jpg 1024w, https:\/\/www.imobiliare.ro\/imoexpert\/wp-content\/uploads\/2018\/11\/vila-de-lux-jandarmeriei-300x200.jpg 300w, https:\/\/www.imobiliare.ro\/imoexpert\/wp-content\/uploads\/2018\/11\/vila-de-lux-jandarmeriei-768x512.jpg 768w\" sizes=\"auto, (max-width: 800px) 100vw, 800px\" \/><\/p>\n<h2>Zona de nord a Bucure\u0219tiului a devenit tot mai atractiv\u0103 \u00een ultima perioad\u0103 \u00een r\u00e2ndul celor care \u00ee\u0219i doresc s\u0103 aib\u0103 parte de confort \u0219i lini\u0219te, dar \u0219i s\u0103 ajung\u0103 c\u00e2t mai rapid \u00een principalele puncte de interes din centrul ora\u0219ului.<\/h2>\n<p>Cau\u021bi o astfel de locuin\u021b\u0103? Atunci trebuie s\u0103 \u0219tii c\u0103 o proprietate cu adev\u0103rat deosebit\u0103, situat\u0103 la doi pa\u0219i de P\u0103durea B\u0103neasa, a fost scoas\u0103 recent la v\u00e2nzare aici pentru suma de 500.000 de euro.<\/p>\n<p>Vila, cu 7 camere, se afl\u0103 \u00een zona Jandarmeriei din sectorul 1 al Capitalei \u0219i dispune de o suprafa\u021b\u0103 util\u0103 foarte generoas\u0103, de 420 de mp, \u0219i de caracteristici care o scot \u00een eviden\u021b\u0103.<\/p>\n<p>Terenul pe care este amplasat\u0103, de circa 500 de mp, a fost amenajat atent \u0219i transformat \u00eentr-un parc \u00een miniatur\u0103 cu arbu\u0219ti, gr\u0103din\u0103 cu flori, alei pavate, zon\u0103 de relaxare \u0219i foi\u0219or, \u0219i dotat cu un sistem de iriga\u021bie automatizat.<\/p>\n<p><img loading=\"lazy\" decoding=\"async\" class=\"alignnone wp-image-54465\" src=\"https:\/\/www.imobiliare.ro\/imoexpert\/wp-content\/uploads\/2018\/11\/interior-vila-jandarmeriei-1024x683.jpg\" alt=\"interior vila jandarmeriei\" width=\"800\" height=\"534\" srcset=\"https:\/\/www.imobiliare.ro\/imoexpert\/wp-content\/uploads\/2018\/11\/interior-vila-jandarmeriei.jpg 1024w, https:\/\/www.imobiliare.ro\/imoexpert\/wp-content\/uploads\/2018\/11\/interior-vila-jandarmeriei-300x200.jpg 300w, https:\/\/www.imobiliare.ro\/imoexpert\/wp-content\/uploads\/2018\/11\/interior-vila-jandarmeriei-768x512.jpg 768w\" sizes=\"auto, (max-width: 800px) 100vw, 800px\" \/><\/p>\n<p>\u00cen interior, u\u0219ile \u0219i stucaturile au fost decorate manual de pictori rom\u00e2ni, casa sc\u0103rii este frumos luminat\u0103 cu geamuri vitrate, iar la subsol a fost amenajat\u0103 p\u00e2n\u0103 \u00een cele mai mici detalii o cram\u0103, potrivit <strong><a class=\"article-body-links\"href=\"https:\/\/www.imobiliare.ro\/vanzare-case-vile\/bucuresti\/baneasa\/casa-de-vanzare-7-camere-X9ON1100B\" target=\"_blank\" rel=\"noopener\">anun\u021bului de v\u00e2nzare<\/a>.<\/strong><\/p>\n<p><img loading=\"lazy\" decoding=\"async\" class=\"alignnone wp-image-54466\" src=\"https:\/\/www.imobiliare.ro\/imoexpert\/wp-content\/uploads\/2018\/11\/vila-jandarmeriei-1024x683.jpg\" alt=\"vila jandarmeriei\" width=\"800\" height=\"534\" srcset=\"https:\/\/www.imobiliare.ro\/imoexpert\/wp-content\/uploads\/2018\/11\/vila-jandarmeriei.jpg 1024w, https:\/\/www.imobiliare.ro\/imoexpert\/wp-content\/uploads\/2018\/11\/vila-jandarmeriei-300x200.jpg 300w, https:\/\/www.imobiliare.ro\/imoexpert\/wp-content\/uploads\/2018\/11\/vila-jandarmeriei-768x512.jpg 768w\" sizes=\"auto, (max-width: 800px) 100vw, 800px\" \/><\/p>\n<p>La parterul vilei se g\u0103se\u0219te un living spa\u021bios, al\u0103turi de o buc\u0103t\u0103rie cu zon\u0103 de luat masa, spa\u021bii de depozitare \u0219i o baie. Tot de aici se poate face accesul direct spre foi\u0219orul din curte.<\/p>\n<p>La etaj se afl\u0103 dou\u0103 dormitoare, 2 b\u0103i, un salon \u0219i un balcon placat cu granit, iar la mansard\u0103 alte dou\u0103 dormitoare al\u0103turi de un salon, un dressing \u0219i o baie.<\/p>\n<p><img loading=\"lazy\" decoding=\"async\" class=\"alignnone wp-image-54467\" src=\"https:\/\/www.imobiliare.ro\/imoexpert\/wp-content\/uploads\/2018\/11\/vila-zona-jandarmeriei-1024x683.jpg\" alt=\"vila zona jandarameriei\" width=\"800\" height=\"534\" srcset=\"https:\/\/www.imobiliare.ro\/imoexpert\/wp-content\/uploads\/2018\/11\/vila-zona-jandarmeriei.jpg 1024w, https:\/\/www.imobiliare.ro\/imoexpert\/wp-content\/uploads\/2018\/11\/vila-zona-jandarmeriei-300x200.jpg 300w, https:\/\/www.imobiliare.ro\/imoexpert\/wp-content\/uploads\/2018\/11\/vila-zona-jandarmeriei-768x512.jpg 768w\" sizes=\"auto, (max-width: 800px) 100vw, 800px\" \/><\/p>\n<p><a class=\"article-body-links\"href=\"https:\/\/www.imobiliare.ro\/vanzare-case-vile\/bucuresti\/baneasa\/casa-de-vanzare-7-camere-X9ON1100B#modal-galerie-mare\" target=\"_blank\" rel=\"noopener\"><strong>Galerie foto complet\u0103 AICI<\/strong><\/a><\/p>\n<p>&#8222;Vila a fost construit\u0103 cu materiale de cea mai bun\u0103 calitate, nu exist\u0103 pere\u021bi de rigips \u00een compartiment\u0103ri, toate fiind din c\u0103r\u0103mid\u0103, iar finisajele au fost alese cu exigen\u021b\u0103, rezultatul dovedindu-se spectaculos&#8221;, explic\u0103 reprezentan\u021bii RE\/MAX Freedom Group,\u00a0parte a re\u021belei de agen\u021bii imobiliare RE\/MAX Rom\u00e2nia, \u00een portofoliul c\u0103rora se afl\u0103 aceast\u0103 proprietate.<\/p>\n<p><iframe loading=\"lazy\" src=\"https:\/\/www.youtube.com\/embed\/WHUf8R5B0Ps\" width=\"560\" height=\"315\" frameborder=\"0\" allowfullscreen=\"allowfullscreen\"><\/iframe><\/p>\n<p>Viitorul proprietar va avea la dispozi\u021bie, totodat\u0103, un garaj \u0219i, \u00een total, 4 locuri de parcare.<\/p>\n<p>Accesul la proprietate se face pe un drum privat, cu paz\u0103, iar pentru un plus de siguran\u021b\u0103, aceasta a fost dotat\u0103 cu un sistem de securitate, at\u00e2t la interior, c\u00e2t \u0219i \u00een exterior.<\/p>\n","protected":false},"excerpt":{"rendered":"<p>Zona de nord a Bucure\u0219tiului a devenit tot mai atractiv\u0103 \u00een ultima perioad\u0103 \u00een r\u00e2ndul celor care \u00ee\u0219i doresc s\u0103 aib\u0103 parte de confort \u0219i lini\u0219te, dar \u0219i s\u0103 ajung\u0103 c\u00e2t mai rapid \u00een principalele puncte de interes din centrul ora\u0219ului. Cau\u021bi o astfel de locuin\u021b\u0103? Atunci trebuie s\u0103 \u0219tii c\u0103 o proprietate cu adev\u0103rat [&hellip;]<\/p>\n","protected":false},"author":5891,"featured_media":54464,"comment_status":"open","ping_status":"open","sticky":false,"template":"","format":"standard","meta":{"footnotes":""},"categories":[253],"tags":[1375,986],"content_author":[],"class_list":["post-54463","post","type-post","status-publish","format-standard","has-post-thumbnail","hentry","category-parteneri","tag-nordul-bucurestiului","tag-vila"],"yoast_head":"<!-- This site is optimized with the Yoast SEO Premium plugin v27.0 (Yoast SEO v27.0) - https:\/\/yoast.com\/product\/yoast-seo-premium-wordpress\/ -->\n<title>Cram\u0103, parc \u00een miniatur\u0103 \u0219i u\u0219i decorate de pictori rom\u00e2ni. Aceast\u0103 proprietate spectaculoas\u0103 cost\u0103 500.000 de euro \u0219i se afl\u0103 \u00een cea mai r\u00e2vnit\u0103 zon\u0103 a Bucure\u0219tiului - Parteneri - ImoExpert<\/title>\n<meta name=\"description\" content=\"Zona de nord a Bucure\u0219tiului a devenit tot mai atractiv\u0103 \u00een ultima perioad\u0103 \u00een r\u00e2ndul celor care \u00ee\u0219i doresc s\u0103 aib\u0103 parte de confort \u0219i lini\u0219te, dar \u0219i s\u0103\" \/>\n<meta name=\"robots\" content=\"index, follow\" \/>\n<link rel=\"canonical\" href=\"https:\/\/www.imobiliare.ro\/imoexpert\/crama-parc-in-miniatura-si-usi-decorate-de-pictori-romani-cat-costa-aceasta-proprietate-spectaculoasa-aflata-in-cea-mai-ravnita-zona-a-bucurestiului_db\/\" \/>\n<meta property=\"og:locale\" content=\"ro_RO\" \/>\n<meta property=\"og:type\" content=\"article\" \/>\n<meta property=\"og:title\" content=\"Cram\u0103, parc \u00een miniatur\u0103 \u0219i u\u0219i decorate de pictori rom\u00e2ni. Aceast\u0103 proprietate spectaculoas\u0103 cost\u0103 500.000 de euro \u0219i se afl\u0103 \u00een cea mai r\u00e2vnit\u0103 zon\u0103 a Bucure\u0219tiului\" \/>\n<meta property=\"og:description\" content=\"Zona de nord a Bucure\u0219tiului a devenit tot mai atractiv\u0103 \u00een ultima perioad\u0103 \u00een r\u00e2ndul celor care \u00ee\u0219i doresc s\u0103 aib\u0103 parte de confort \u0219i lini\u0219te, dar \u0219i s\u0103\" \/>\n<meta property=\"og:url\" content=\"https:\/\/www.imobiliare.ro\/imoexpert\/crama-parc-in-miniatura-si-usi-decorate-de-pictori-romani-cat-costa-aceasta-proprietate-spectaculoasa-aflata-in-cea-mai-ravnita-zona-a-bucurestiului_db\/\" \/>\n<meta property=\"og:site_name\" content=\"ImoExpert\" \/>\n<meta property=\"article:published_time\" content=\"2018-11-27T10:22:19+00:00\" \/>\n<meta property=\"og:image\" content=\"https:\/\/www.imobiliare.ro\/imoexpert\/wp-content\/uploads\/2018\/11\/vila-de-lux-jandarmeriei.jpg\" \/>\n\t<meta property=\"og:image:width\" content=\"1024\" \/>\n\t<meta property=\"og:image:height\" content=\"683\" \/>\n\t<meta property=\"og:image:type\" content=\"image\/jpeg\" \/>\n<meta name=\"author\" content=\"Corina V\u00e2rlan\" \/>\n<meta name=\"twitter:card\" content=\"summary_large_image\" \/>\n<meta name=\"twitter:label1\" content=\"Written by\" \/>\n\t<meta name=\"twitter:data1\" content=\"Corina V\u00e2rlan\" \/>\n\t<meta name=\"twitter:label2\" content=\"Est. reading time\" \/>\n\t<meta name=\"twitter:data2\" content=\"2 minute\" \/>\n<script type=\"application\/ld+json\" class=\"yoast-schema-graph\">{\"@context\":\"https:\/\/schema.org\",\"@graph\":[{\"@type\":\"Article\",\"@id\":\"https:\/\/www.imobiliare.ro\/imoexpert\/crama-parc-in-miniatura-si-usi-decorate-de-pictori-romani-cat-costa-aceasta-proprietate-spectaculoasa-aflata-in-cea-mai-ravnita-zona-a-bucurestiului_db\/#article\",\"isPartOf\":{\"@id\":\"https:\/\/www.imobiliare.ro\/imoexpert\/crama-parc-in-miniatura-si-usi-decorate-de-pictori-romani-cat-costa-aceasta-proprietate-spectaculoasa-aflata-in-cea-mai-ravnita-zona-a-bucurestiului_db\/\"},\"author\":{\"name\":\"Corina V\u00e2rlan\",\"@id\":\"https:\/\/www.imobiliare.ro\/imoexpert\/#\/schema\/person\/9ffdfbf24b82f39fc75a2fc6c19e4e99\"},\"headline\":\"Cram\u0103, parc \u00een miniatur\u0103 \u0219i u\u0219i decorate de pictori rom\u00e2ni. Aceast\u0103 proprietate spectaculoas\u0103 cost\u0103 500.000 de euro \u0219i se afl\u0103 \u00een cea mai r\u00e2vnit\u0103 zon\u0103 a Bucure\u0219tiului\",\"datePublished\":\"2018-11-27T10:22:19+00:00\",\"mainEntityOfPage\":{\"@id\":\"https:\/\/www.imobiliare.ro\/imoexpert\/crama-parc-in-miniatura-si-usi-decorate-de-pictori-romani-cat-costa-aceasta-proprietate-spectaculoasa-aflata-in-cea-mai-ravnita-zona-a-bucurestiului_db\/\"},\"wordCount\":427,\"commentCount\":0,\"publisher\":{\"@id\":\"https:\/\/www.imobiliare.ro\/imoexpert\/#organization\"},\"image\":{\"@id\":\"https:\/\/www.imobiliare.ro\/imoexpert\/crama-parc-in-miniatura-si-usi-decorate-de-pictori-romani-cat-costa-aceasta-proprietate-spectaculoasa-aflata-in-cea-mai-ravnita-zona-a-bucurestiului_db\/#primaryimage\"},\"thumbnailUrl\":\"https:\/\/www.imobiliare.ro\/imoexpert\/wp-content\/uploads\/2018\/11\/vila-de-lux-jandarmeriei.jpg\",\"keywords\":[\"nordul Bucurestiului\",\"vila\"],\"articleSection\":[\"Parteneri\"],\"inLanguage\":\"en\",\"potentialAction\":[{\"@type\":\"CommentAction\",\"name\":\"Comment\",\"target\":[\"https:\/\/www.imobiliare.ro\/imoexpert\/crama-parc-in-miniatura-si-usi-decorate-de-pictori-romani-cat-costa-aceasta-proprietate-spectaculoasa-aflata-in-cea-mai-ravnita-zona-a-bucurestiului_db\/#respond\"]}],\"copyrightYear\":\"2018\",\"copyrightHolder\":{\"@id\":\"https:\/\/www.imobiliare.ro\/imoexpert\/#organization\"}},{\"@type\":\"WebPage\",\"@id\":\"https:\/\/www.imobiliare.ro\/imoexpert\/crama-parc-in-miniatura-si-usi-decorate-de-pictori-romani-cat-costa-aceasta-proprietate-spectaculoasa-aflata-in-cea-mai-ravnita-zona-a-bucurestiului_db\/\",\"url\":\"https:\/\/www.imobiliare.ro\/imoexpert\/crama-parc-in-miniatura-si-usi-decorate-de-pictori-romani-cat-costa-aceasta-proprietate-spectaculoasa-aflata-in-cea-mai-ravnita-zona-a-bucurestiului_db\/\",\"name\":\"Cram\u0103, parc \u00een miniatur\u0103 \u0219i u\u0219i decorate de pictori rom\u00e2ni. Aceast\u0103 proprietate spectaculoas\u0103 cost\u0103 500.000 de euro \u0219i se afl\u0103 \u00een cea mai r\u00e2vnit\u0103 zon\u0103 a Bucure\u0219tiului - Parteneri - ImoExpert\",\"isPartOf\":{\"@id\":\"https:\/\/www.imobiliare.ro\/imoexpert\/#website\"},\"primaryImageOfPage\":{\"@id\":\"https:\/\/www.imobiliare.ro\/imoexpert\/crama-parc-in-miniatura-si-usi-decorate-de-pictori-romani-cat-costa-aceasta-proprietate-spectaculoasa-aflata-in-cea-mai-ravnita-zona-a-bucurestiului_db\/#primaryimage\"},\"image\":{\"@id\":\"https:\/\/www.imobiliare.ro\/imoexpert\/crama-parc-in-miniatura-si-usi-decorate-de-pictori-romani-cat-costa-aceasta-proprietate-spectaculoasa-aflata-in-cea-mai-ravnita-zona-a-bucurestiului_db\/#primaryimage\"},\"thumbnailUrl\":\"https:\/\/www.imobiliare.ro\/imoexpert\/wp-content\/uploads\/2018\/11\/vila-de-lux-jandarmeriei.jpg\",\"datePublished\":\"2018-11-27T10:22:19+00:00\",\"description\":\"Zona de nord a Bucure\u0219tiului a devenit tot mai atractiv\u0103 \u00een ultima perioad\u0103 \u00een r\u00e2ndul celor care \u00ee\u0219i doresc s\u0103 aib\u0103 parte de confort \u0219i lini\u0219te, dar \u0219i s\u0103\",\"breadcrumb\":{\"@id\":\"https:\/\/www.imobiliare.ro\/imoexpert\/crama-parc-in-miniatura-si-usi-decorate-de-pictori-romani-cat-costa-aceasta-proprietate-spectaculoasa-aflata-in-cea-mai-ravnita-zona-a-bucurestiului_db\/#breadcrumb\"},\"inLanguage\":\"en\",\"potentialAction\":[{\"@type\":\"ReadAction\",\"target\":[\"https:\/\/www.imobiliare.ro\/imoexpert\/crama-parc-in-miniatura-si-usi-decorate-de-pictori-romani-cat-costa-aceasta-proprietate-spectaculoasa-aflata-in-cea-mai-ravnita-zona-a-bucurestiului_db\/\"]}]},{\"@type\":\"ImageObject\",\"inLanguage\":\"en\",\"@id\":\"https:\/\/www.imobiliare.ro\/imoexpert\/crama-parc-in-miniatura-si-usi-decorate-de-pictori-romani-cat-costa-aceasta-proprietate-spectaculoasa-aflata-in-cea-mai-ravnita-zona-a-bucurestiului_db\/#primaryimage\",\"url\":\"https:\/\/www.imobiliare.ro\/imoexpert\/wp-content\/uploads\/2018\/11\/vila-de-lux-jandarmeriei.jpg\",\"contentUrl\":\"https:\/\/www.imobiliare.ro\/imoexpert\/wp-content\/uploads\/2018\/11\/vila-de-lux-jandarmeriei.jpg\",\"width\":1024,\"height\":683,\"caption\":\"vila de lux jandarmeriei\"},{\"@type\":\"BreadcrumbList\",\"@id\":\"https:\/\/www.imobiliare.ro\/imoexpert\/crama-parc-in-miniatura-si-usi-decorate-de-pictori-romani-cat-costa-aceasta-proprietate-spectaculoasa-aflata-in-cea-mai-ravnita-zona-a-bucurestiului_db\/#breadcrumb\",\"itemListElement\":[{\"@type\":\"ListItem\",\"position\":1,\"name\":\"Imoradar24\",\"item\":\"https:\/\/www.imoradar24.ro\"},{\"@type\":\"ListItem\",\"position\":2,\"name\":\"ImoExpert\",\"item\":\"https:\/\/www.imobiliare.ro\/imoexpert\/\"},{\"@type\":\"ListItem\",\"position\":3,\"name\":\"Parteneri\",\"item\":\"https:\/\/www.imobiliare.ro\/imoexpert\/parteneri\/\"},{\"@type\":\"ListItem\",\"position\":4,\"name\":\"Cram\u0103, parc \u00een miniatur\u0103 \u0219i u\u0219i decorate de pictori rom\u00e2ni. Aceast\u0103 proprietate spectaculoas\u0103 cost\u0103 500.000 de euro \u0219i se afl\u0103 \u00een cea mai r\u00e2vnit\u0103 zon\u0103 a Bucure\u0219tiului\"}]},{\"@type\":\"WebSite\",\"@id\":\"https:\/\/www.imobiliare.ro\/imoexpert\/#website\",\"url\":\"https:\/\/www.imobiliare.ro\/imoexpert\/\",\"name\":\"ImoExpert\",\"description\":\"cele mai importante \u015ftiri din domeniul imobiliar\",\"publisher\":{\"@id\":\"https:\/\/www.imobiliare.ro\/imoexpert\/#organization\"},\"inLanguage\":\"en\"},{\"@type\":\"Organization\",\"@id\":\"https:\/\/www.imobiliare.ro\/imoexpert\/#organization\",\"name\":\"Imobiliare.ro\",\"alternateName\":\"Realmedia Network SA\",\"url\":\"https:\/\/www.imobiliare.ro\/imoexpert\/\",\"logo\":{\"@type\":\"ImageObject\",\"inLanguage\":\"en\",\"@id\":\"https:\/\/www.imobiliare.ro\/imoexpert\/#\/schema\/logo\/image\/\",\"url\":\"https:\/\/www.imobiliare.ro\/imoexpert\/wp-content\/uploads\/2025\/05\/imobiliare_logo.png\",\"contentUrl\":\"https:\/\/www.imobiliare.ro\/imoexpert\/wp-content\/uploads\/2025\/05\/imobiliare_logo.png\",\"width\":237,\"height\":29,\"caption\":\"Imobiliare.ro\"},\"image\":{\"@id\":\"https:\/\/www.imobiliare.ro\/imoexpert\/#\/schema\/logo\/image\/\"}},{\"@type\":\"Person\",\"@id\":\"https:\/\/www.imobiliare.ro\/imoexpert\/#\/schema\/person\/9ffdfbf24b82f39fc75a2fc6c19e4e99\",\"name\":\"Corina V\u00e2rlan\",\"image\":{\"@type\":\"ImageObject\",\"inLanguage\":\"en\",\"@id\":\"https:\/\/www.imobiliare.ro\/imoexpert\/#\/schema\/person\/image\/\",\"url\":\"https:\/\/www.imobiliare.ro\/imoexpert\/wp-content\/uploads\/2026\/02\/12-02-2025-5-rezumat-brasov-thumb-reels-1-1-96x96.png\",\"contentUrl\":\"https:\/\/www.imobiliare.ro\/imoexpert\/wp-content\/uploads\/2026\/02\/12-02-2025-5-rezumat-brasov-thumb-reels-1-1-96x96.png\",\"caption\":\"Corina V\u00e2rlan\"},\"description\":\"Cu o experien\u021b\u0103 de 14 ani \u00een presa online, comunicare \u0219i content marketing, Corina V\u00e2rlan s-a al\u0103turat echipei Imobiliare.ro \u00een urm\u0103 cu 8 ani \u0219i ocup\u0103, \u00een prezent, func\u021bia de Content Manager. Ea este gazda emisiunii \\\"\u00centreab\u0103 expertul\\\" \u0219i a seriei 5 \u0218tiri Imobiliare.ro, realizate \u00een parteneriat cu Libertatea. Corina \u00ee\u0219i concentreaz\u0103 activitatea pe analiza datelor de pia\u021b\u0103 \u0219i pe subiecte de interes at\u00e2t pentru cei afla\u021bi \u00een c\u0103utarea unei locuin\u021be, c\u00e2t \u0219i pentru proprietari sau chiria\u0219i.\",\"alternateName\":\"Corina\",\"jobTitle\":\"Content Manager\",\"url\":\"https:\/\/www.imobiliare.ro\/imoexpert\/author\/corina-varlan\/\"}]}<\/script>\n<!-- \/ Yoast SEO Premium plugin. -->","yoast_head_json":{"title":"Cram\u0103, parc \u00een miniatur\u0103 \u0219i u\u0219i decorate de pictori rom\u00e2ni. Aceast\u0103 proprietate spectaculoas\u0103 cost\u0103 500.000 de euro \u0219i se afl\u0103 \u00een cea mai r\u00e2vnit\u0103 zon\u0103 a Bucure\u0219tiului - Parteneri - ImoExpert","description":"Zona de nord a Bucure\u0219tiului a devenit tot mai atractiv\u0103 \u00een ultima perioad\u0103 \u00een r\u00e2ndul celor care \u00ee\u0219i doresc s\u0103 aib\u0103 parte de confort \u0219i lini\u0219te, dar \u0219i s\u0103","robots":{"index":"index","follow":"follow"},"canonical":"https:\/\/www.imobiliare.ro\/imoexpert\/crama-parc-in-miniatura-si-usi-decorate-de-pictori-romani-cat-costa-aceasta-proprietate-spectaculoasa-aflata-in-cea-mai-ravnita-zona-a-bucurestiului_db\/","og_locale":"ro_RO","og_type":"article","og_title":"Cram\u0103, parc \u00een miniatur\u0103 \u0219i u\u0219i decorate de pictori rom\u00e2ni. Aceast\u0103 proprietate spectaculoas\u0103 cost\u0103 500.000 de euro \u0219i se afl\u0103 \u00een cea mai r\u00e2vnit\u0103 zon\u0103 a Bucure\u0219tiului","og_description":"Zona de nord a Bucure\u0219tiului a devenit tot mai atractiv\u0103 \u00een ultima perioad\u0103 \u00een r\u00e2ndul celor care \u00ee\u0219i doresc s\u0103 aib\u0103 parte de confort \u0219i lini\u0219te, dar \u0219i s\u0103","og_url":"https:\/\/www.imobiliare.ro\/imoexpert\/crama-parc-in-miniatura-si-usi-decorate-de-pictori-romani-cat-costa-aceasta-proprietate-spectaculoasa-aflata-in-cea-mai-ravnita-zona-a-bucurestiului_db\/","og_site_name":"ImoExpert","article_published_time":"2018-11-27T10:22:19+00:00","og_image":[{"width":1024,"height":683,"url":"https:\/\/www.imobiliare.ro\/imoexpert\/wp-content\/uploads\/2018\/11\/vila-de-lux-jandarmeriei.jpg","type":"image\/jpeg"}],"author":"Corina V\u00e2rlan","twitter_card":"summary_large_image","twitter_misc":{"Written by":"Corina V\u00e2rlan","Est. reading time":"2 minute"},"schema":{"@context":"https:\/\/schema.org","@graph":[{"@type":"Article","@id":"https:\/\/www.imobiliare.ro\/imoexpert\/crama-parc-in-miniatura-si-usi-decorate-de-pictori-romani-cat-costa-aceasta-proprietate-spectaculoasa-aflata-in-cea-mai-ravnita-zona-a-bucurestiului_db\/#article","isPartOf":{"@id":"https:\/\/www.imobiliare.ro\/imoexpert\/crama-parc-in-miniatura-si-usi-decorate-de-pictori-romani-cat-costa-aceasta-proprietate-spectaculoasa-aflata-in-cea-mai-ravnita-zona-a-bucurestiului_db\/"},"author":{"name":"Corina V\u00e2rlan","@id":"https:\/\/www.imobiliare.ro\/imoexpert\/#\/schema\/person\/9ffdfbf24b82f39fc75a2fc6c19e4e99"},"headline":"Cram\u0103, parc \u00een miniatur\u0103 \u0219i u\u0219i decorate de pictori rom\u00e2ni. Aceast\u0103 proprietate spectaculoas\u0103 cost\u0103 500.000 de euro \u0219i se afl\u0103 \u00een cea mai r\u00e2vnit\u0103 zon\u0103 a Bucure\u0219tiului","datePublished":"2018-11-27T10:22:19+00:00","mainEntityOfPage":{"@id":"https:\/\/www.imobiliare.ro\/imoexpert\/crama-parc-in-miniatura-si-usi-decorate-de-pictori-romani-cat-costa-aceasta-proprietate-spectaculoasa-aflata-in-cea-mai-ravnita-zona-a-bucurestiului_db\/"},"wordCount":427,"commentCount":0,"publisher":{"@id":"https:\/\/www.imobiliare.ro\/imoexpert\/#organization"},"image":{"@id":"https:\/\/www.imobiliare.ro\/imoexpert\/crama-parc-in-miniatura-si-usi-decorate-de-pictori-romani-cat-costa-aceasta-proprietate-spectaculoasa-aflata-in-cea-mai-ravnita-zona-a-bucurestiului_db\/#primaryimage"},"thumbnailUrl":"https:\/\/www.imobiliare.ro\/imoexpert\/wp-content\/uploads\/2018\/11\/vila-de-lux-jandarmeriei.jpg","keywords":["nordul Bucurestiului","vila"],"articleSection":["Parteneri"],"inLanguage":"en","potentialAction":[{"@type":"CommentAction","name":"Comment","target":["https:\/\/www.imobiliare.ro\/imoexpert\/crama-parc-in-miniatura-si-usi-decorate-de-pictori-romani-cat-costa-aceasta-proprietate-spectaculoasa-aflata-in-cea-mai-ravnita-zona-a-bucurestiului_db\/#respond"]}],"copyrightYear":"2018","copyrightHolder":{"@id":"https:\/\/www.imobiliare.ro\/imoexpert\/#organization"}},{"@type":"WebPage","@id":"https:\/\/www.imobiliare.ro\/imoexpert\/crama-parc-in-miniatura-si-usi-decorate-de-pictori-romani-cat-costa-aceasta-proprietate-spectaculoasa-aflata-in-cea-mai-ravnita-zona-a-bucurestiului_db\/","url":"https:\/\/www.imobiliare.ro\/imoexpert\/crama-parc-in-miniatura-si-usi-decorate-de-pictori-romani-cat-costa-aceasta-proprietate-spectaculoasa-aflata-in-cea-mai-ravnita-zona-a-bucurestiului_db\/","name":"Cram\u0103, parc \u00een miniatur\u0103 \u0219i u\u0219i decorate de pictori rom\u00e2ni. Aceast\u0103 proprietate spectaculoas\u0103 cost\u0103 500.000 de euro \u0219i se afl\u0103 \u00een cea mai r\u00e2vnit\u0103 zon\u0103 a Bucure\u0219tiului - Parteneri - ImoExpert","isPartOf":{"@id":"https:\/\/www.imobiliare.ro\/imoexpert\/#website"},"primaryImageOfPage":{"@id":"https:\/\/www.imobiliare.ro\/imoexpert\/crama-parc-in-miniatura-si-usi-decorate-de-pictori-romani-cat-costa-aceasta-proprietate-spectaculoasa-aflata-in-cea-mai-ravnita-zona-a-bucurestiului_db\/#primaryimage"},"image":{"@id":"https:\/\/www.imobiliare.ro\/imoexpert\/crama-parc-in-miniatura-si-usi-decorate-de-pictori-romani-cat-costa-aceasta-proprietate-spectaculoasa-aflata-in-cea-mai-ravnita-zona-a-bucurestiului_db\/#primaryimage"},"thumbnailUrl":"https:\/\/www.imobiliare.ro\/imoexpert\/wp-content\/uploads\/2018\/11\/vila-de-lux-jandarmeriei.jpg","datePublished":"2018-11-27T10:22:19+00:00","description":"Zona de nord a Bucure\u0219tiului a devenit tot mai atractiv\u0103 \u00een ultima perioad\u0103 \u00een r\u00e2ndul celor care \u00ee\u0219i doresc s\u0103 aib\u0103 parte de confort \u0219i lini\u0219te, dar \u0219i s\u0103","breadcrumb":{"@id":"https:\/\/www.imobiliare.ro\/imoexpert\/crama-parc-in-miniatura-si-usi-decorate-de-pictori-romani-cat-costa-aceasta-proprietate-spectaculoasa-aflata-in-cea-mai-ravnita-zona-a-bucurestiului_db\/#breadcrumb"},"inLanguage":"en","potentialAction":[{"@type":"ReadAction","target":["https:\/\/www.imobiliare.ro\/imoexpert\/crama-parc-in-miniatura-si-usi-decorate-de-pictori-romani-cat-costa-aceasta-proprietate-spectaculoasa-aflata-in-cea-mai-ravnita-zona-a-bucurestiului_db\/"]}]},{"@type":"ImageObject","inLanguage":"en","@id":"https:\/\/www.imobiliare.ro\/imoexpert\/crama-parc-in-miniatura-si-usi-decorate-de-pictori-romani-cat-costa-aceasta-proprietate-spectaculoasa-aflata-in-cea-mai-ravnita-zona-a-bucurestiului_db\/#primaryimage","url":"https:\/\/www.imobiliare.ro\/imoexpert\/wp-content\/uploads\/2018\/11\/vila-de-lux-jandarmeriei.jpg","contentUrl":"https:\/\/www.imobiliare.ro\/imoexpert\/wp-content\/uploads\/2018\/11\/vila-de-lux-jandarmeriei.jpg","width":1024,"height":683,"caption":"vila de lux jandarmeriei"},{"@type":"BreadcrumbList","@id":"https:\/\/www.imobiliare.ro\/imoexpert\/crama-parc-in-miniatura-si-usi-decorate-de-pictori-romani-cat-costa-aceasta-proprietate-spectaculoasa-aflata-in-cea-mai-ravnita-zona-a-bucurestiului_db\/#breadcrumb","itemListElement":[{"@type":"ListItem","position":1,"name":"Imoradar24","item":"https:\/\/www.imoradar24.ro"},{"@type":"ListItem","position":2,"name":"ImoExpert","item":"https:\/\/www.imobiliare.ro\/imoexpert\/"},{"@type":"ListItem","position":3,"name":"Parteneri","item":"https:\/\/www.imobiliare.ro\/imoexpert\/parteneri\/"},{"@type":"ListItem","position":4,"name":"Cram\u0103, parc \u00een miniatur\u0103 \u0219i u\u0219i decorate de pictori rom\u00e2ni. Aceast\u0103 proprietate spectaculoas\u0103 cost\u0103 500.000 de euro \u0219i se afl\u0103 \u00een cea mai r\u00e2vnit\u0103 zon\u0103 a Bucure\u0219tiului"}]},{"@type":"WebSite","@id":"https:\/\/www.imobiliare.ro\/imoexpert\/#website","url":"https:\/\/www.imobiliare.ro\/imoexpert\/","name":"ImoExpert","description":"cele mai importante \u015ftiri din domeniul imobiliar","publisher":{"@id":"https:\/\/www.imobiliare.ro\/imoexpert\/#organization"},"inLanguage":"en"},{"@type":"Organization","@id":"https:\/\/www.imobiliare.ro\/imoexpert\/#organization","name":"Imobiliare.ro","alternateName":"Realmedia Network SA","url":"https:\/\/www.imobiliare.ro\/imoexpert\/","logo":{"@type":"ImageObject","inLanguage":"en","@id":"https:\/\/www.imobiliare.ro\/imoexpert\/#\/schema\/logo\/image\/","url":"https:\/\/www.imobiliare.ro\/imoexpert\/wp-content\/uploads\/2025\/05\/imobiliare_logo.png","contentUrl":"https:\/\/www.imobiliare.ro\/imoexpert\/wp-content\/uploads\/2025\/05\/imobiliare_logo.png","width":237,"height":29,"caption":"Imobiliare.ro"},"image":{"@id":"https:\/\/www.imobiliare.ro\/imoexpert\/#\/schema\/logo\/image\/"}},{"@type":"Person","@id":"https:\/\/www.imobiliare.ro\/imoexpert\/#\/schema\/person\/9ffdfbf24b82f39fc75a2fc6c19e4e99","name":"Corina V\u00e2rlan","image":{"@type":"ImageObject","inLanguage":"en","@id":"https:\/\/www.imobiliare.ro\/imoexpert\/#\/schema\/person\/image\/","url":"https:\/\/www.imobiliare.ro\/imoexpert\/wp-content\/uploads\/2026\/02\/12-02-2025-5-rezumat-brasov-thumb-reels-1-1-96x96.png","contentUrl":"https:\/\/www.imobiliare.ro\/imoexpert\/wp-content\/uploads\/2026\/02\/12-02-2025-5-rezumat-brasov-thumb-reels-1-1-96x96.png","caption":"Corina V\u00e2rlan"},"description":"Cu o experien\u021b\u0103 de 14 ani \u00een presa online, comunicare \u0219i content marketing, Corina V\u00e2rlan s-a al\u0103turat echipei Imobiliare.ro \u00een urm\u0103 cu 8 ani \u0219i ocup\u0103, \u00een prezent, func\u021bia de Content Manager. Ea este gazda emisiunii \"\u00centreab\u0103 expertul\" \u0219i a seriei 5 \u0218tiri Imobiliare.ro, realizate \u00een parteneriat cu Libertatea. Corina \u00ee\u0219i concentreaz\u0103 activitatea pe analiza datelor de pia\u021b\u0103 \u0219i pe subiecte de interes at\u00e2t pentru cei afla\u021bi \u00een c\u0103utarea unei locuin\u021be, c\u00e2t \u0219i pentru proprietari sau chiria\u0219i.","alternateName":"Corina","jobTitle":"Content Manager","url":"https:\/\/www.imobiliare.ro\/imoexpert\/author\/corina-varlan\/"}]}},"_links":{"self":[{"href":"https:\/\/www.imobiliare.ro\/imoexpert\/wp-json\/wp\/v2\/posts\/54463","targetHints":{"allow":["GET"]}}],"collection":[{"href":"https:\/\/www.imobiliare.ro\/imoexpert\/wp-json\/wp\/v2\/posts"}],"about":[{"href":"https:\/\/www.imobiliare.ro\/imoexpert\/wp-json\/wp\/v2\/types\/post"}],"author":[{"embeddable":true,"href":"https:\/\/www.imobiliare.ro\/imoexpert\/wp-json\/wp\/v2\/users\/5891"}],"replies":[{"embeddable":true,"href":"https:\/\/www.imobiliare.ro\/imoexpert\/wp-json\/wp\/v2\/comments?post=54463"}],"version-history":[{"count":0,"href":"https:\/\/www.imobiliare.ro\/imoexpert\/wp-json\/wp\/v2\/posts\/54463\/revisions"}],"wp:featuredmedia":[{"embeddable":true,"href":"https:\/\/www.imobiliare.ro\/imoexpert\/wp-json\/wp\/v2\/media\/54464"}],"wp:attachment":[{"href":"https:\/\/www.imobiliare.ro\/imoexpert\/wp-json\/wp\/v2\/media?parent=54463"}],"wp:term":[{"taxonomy":"category","embeddable":true,"href":"https:\/\/www.imobiliare.ro\/imoexpert\/wp-json\/wp\/v2\/categories?post=54463"},{"taxonomy":"post_tag","embeddable":true,"href":"https:\/\/www.imobiliare.ro\/imoexpert\/wp-json\/wp\/v2\/tags?post=54463"},{"taxonomy":"content_author","embeddable":true,"href":"https:\/\/www.imobiliare.ro\/imoexpert\/wp-json\/wp\/v2\/content_author?post=54463"}],"curies":[{"name":"wp","href":"https:\/\/api.w.org\/{rel}","templated":true}]}}