{"id":54835,"date":"2019-02-12T12:47:55","date_gmt":"2019-02-12T10:47:55","guid":{"rendered":"https:\/\/www.imobiliare.ro\/imoexpert\/?p=54835"},"modified":"2019-02-12T12:47:55","modified_gmt":"2019-02-12T10:47:55","slug":"cum-au-mers-tranzactiile-imobiliare-in-2018","status":"publish","type":"post","link":"https:\/\/www.imobiliare.ro\/imoexpert\/cum-au-mers-tranzactiile-imobiliare-in-2018_db\/","title":{"rendered":"Cum au mers tranzac\u021biile imobiliare \u00een 2018"},"content":{"rendered":"<p><a class=\"article-body-links\"href=\"https:\/\/www.imobiliare.ro\/imoexpert\/wp-content\/uploads\/2019\/02\/cum-au-mers-tranzactiile-imobiliare-in-2018.jpg\"><img loading=\"lazy\" decoding=\"async\" src=\"https:\/\/www.imobiliare.ro\/imoexpert\/wp-content\/uploads\/2019\/02\/cum-au-mers-tranzactiile-imobiliare-in-2018.jpg\" alt=\"cum au mers tranzactiile imobiliare in 2018\" width=\"800\" height=\"533\" class=\"aligncenter size-full wp-image-54836\" srcset=\"https:\/\/www.imobiliare.ro\/imoexpert\/wp-content\/uploads\/2019\/02\/cum-au-mers-tranzactiile-imobiliare-in-2018.jpg 800w, https:\/\/www.imobiliare.ro\/imoexpert\/wp-content\/uploads\/2019\/02\/cum-au-mers-tranzactiile-imobiliare-in-2018-300x200.jpg 300w, https:\/\/www.imobiliare.ro\/imoexpert\/wp-content\/uploads\/2019\/02\/cum-au-mers-tranzactiile-imobiliare-in-2018-768x512.jpg 768w\" sizes=\"auto, (max-width: 800px) 100vw, 800px\" \/><\/a><\/p>\n<div id=\"ez-toc-container\" class=\"ez-toc-v2_0_81 counter-hierarchy ez-toc-counter ez-toc-grey ez-toc-container-direction\">\n<p class=\"ez-toc-title\" style=\"cursor:inherit\">Table of Contents<\/p>\n<label for=\"ez-toc-cssicon-toggle-item-69f27ba4222f3\" class=\"ez-toc-cssicon-toggle-label\"><span class=\"ez-toc-cssicon\"><span class=\"eztoc-hide\" style=\"display:none;\">Toggle<\/span><span class=\"ez-toc-icon-toggle-span\"><svg style=\"fill: #999;color:#999\" xmlns=\"http:\/\/www.w3.org\/2000\/svg\" class=\"list-377408\" width=\"20px\" height=\"20px\" viewBox=\"0 0 24 24\" fill=\"none\"><path d=\"M6 6H4v2h2V6zm14 0H8v2h12V6zM4 11h2v2H4v-2zm16 0H8v2h12v-2zM4 16h2v2H4v-2zm16 0H8v2h12v-2z\" fill=\"currentColor\"><\/path><\/svg><svg style=\"fill: #999;color:#999\" class=\"arrow-unsorted-368013\" xmlns=\"http:\/\/www.w3.org\/2000\/svg\" width=\"10px\" height=\"10px\" viewBox=\"0 0 24 24\" version=\"1.2\" baseProfile=\"tiny\"><path d=\"M18.2 9.3l-6.2-6.3-6.2 6.3c-.2.2-.3.4-.3.7s.1.5.3.7c.2.2.4.3.7.3h11c.3 0 .5-.1.7-.3.2-.2.3-.5.3-.7s-.1-.5-.3-.7zM5.8 14.7l6.2 6.3 6.2-6.3c.2-.2.3-.5.3-.7s-.1-.5-.3-.7c-.2-.2-.4-.3-.7-.3h-11c-.3 0-.5.1-.7.3-.2.2-.3.5-.3.7s.1.5.3.7z\"\/><\/svg><\/span><\/span><\/label><input type=\"checkbox\"  id=\"ez-toc-cssicon-toggle-item-69f27ba4222f3\"  aria-label=\"Toggle\" \/><nav><ul class='ez-toc-list ez-toc-list-level-1 ' ><li class='ez-toc-page-1 ez-toc-heading-level-2'><a class=\"ez-toc-link ez-toc-heading-1\" href=\"https:\/\/www.imobiliare.ro\/imoexpert\/cum-au-mers-tranzactiile-imobiliare-in-2018_db\/#Evolutia_numarului_de_tranzactii_imobiliare_se_afla_in_corelatie_cu_cea_a_cererii_si_ofertei_si_poate_fi_pusa_pe_seama_tendintei_generale_de_stabilizare_a_pietei\" >Evolu\u021bia num\u0103rului de tranzac\u021bii imobiliare se afl\u0103 \u00een corela\u021bie cu cea a cererii \u0219i ofertei \u0219i poate fi pus\u0103 pe seama tendin\u021bei generale de stabilizare a pie\u021bei.<\/a><\/li><li class='ez-toc-page-1 ez-toc-heading-level-2'><a class=\"ez-toc-link ez-toc-heading-2\" href=\"https:\/\/www.imobiliare.ro\/imoexpert\/cum-au-mers-tranzactiile-imobiliare-in-2018_db\/#Ilfovul_pe_locul_al_doilea_la_nivel_national\" >Ilfovul, pe locul al doilea la nivel na\u021bional<\/a><\/li><li class='ez-toc-page-1 ez-toc-heading-level-2'><a class=\"ez-toc-link ez-toc-heading-3\" href=\"https:\/\/www.imobiliare.ro\/imoexpert\/cum-au-mers-tranzactiile-imobiliare-in-2018_db\/#Scadere_importanta_in_Cluj\" >Sc\u0103dere important\u0103 \u00een Cluj<\/a><\/li><\/ul><\/nav><\/div>\n<h2><span class=\"ez-toc-section\" id=\"Evolutia_numarului_de_tranzactii_imobiliare_se_afla_in_corelatie_cu_cea_a_cererii_si_ofertei_si_poate_fi_pusa_pe_seama_tendintei_generale_de_stabilizare_a_pietei\"><\/span>Evolu\u021bia num\u0103rului de tranzac\u021bii imobiliare se afl\u0103 \u00een corela\u021bie cu cea a cererii \u0219i ofertei \u0219i poate fi pus\u0103 pe seama tendin\u021bei generale de stabilizare a pie\u021bei.<span class=\"ez-toc-section-end\"><\/span><\/h2>\n<p>Potrivit datelor publicate de Agen\u021bia Na\u021bional\u0103 de Cadastru \u0219i Publicitate Imobiliar\u0103 (ANCPI) \u0219i centralizate \u00een cel mai recent raport de pia\u021b\u0103 realizat de <strong><a class=\"article-body-links\"href=\"https:\/\/www.imobiliare.ro\/\">Imobiliare.ro<\/a><\/strong> \u0219i <strong><a class=\"article-body-links\"href=\"https:\/\/www.analizeimobiliare.ro\">Analize Imobiliare<\/a><\/strong>, pe parcursul anului trecut au fost \u00eencheiate, la nivel na\u021bional, un num\u0103r de 563.501 de v\u00e2nz\u0103ri de imobile \u2013 cifr\u0103 ce marcheaz\u0103 o sc\u0103dere de 10,2% comparativ cu anul anterior, c\u00e2nd erau \u00eenregistrate 627.802 de asemenea contracte. Aceste date se afl\u0103 \u00een concordan\u021b\u0103 cu celelalte statistici din pia\u021b\u0103 \u0219i confirm\u0103 tendin\u021ba de diminuare a cererii, dar \u0219i a ofertei de locuin\u021be observat\u0103 de <strong><a class=\"article-body-links\"href=\"https:\/\/www.imobiliare.ro\/\">Imobiliare.ro<\/a><\/strong> \u00een marile ora\u0219e ale \u021b\u0103rii, sc\u0103derea anual\u0103 consemnat\u0103 de cel dint\u00e2i indicator fiind de 11%.<\/p>\n<h2><span class=\"ez-toc-section\" id=\"Ilfovul_pe_locul_al_doilea_la_nivel_national\"><\/span>Ilfovul, pe locul al doilea la nivel na\u021bional<span class=\"ez-toc-section-end\"><\/span><\/h2>\n<p>Important de men\u021bionat este c\u0103 tendin\u021ba de sc\u0103dere a v\u00e2nz\u0103rilor s-a manifestat, practic, doar \u00een a doua parte a lui 2018, c\u00e2nd a avut loc un declin de 23,7%; spre compara\u021bie,  primul semestru a fost marcat de o cre\u0219tere de 6,2% (datorat\u0103, \u00een mare parte, volumului ridicat de tranzac\u021bii din luna ianuarie). Pe parcursul lui 2018, cele mai multe opera\u021biuni de v\u00e2nzare-cump\u0103rare au fost \u00eenregistrate \u00een Bucure\u0219ti (83.066 de tranzac\u021bii), pe urm\u0103toarele locuri \u00een clasament situ\u00e2ndu-se jude\u021bele Ilfov (cu 42.203 contracte), Timi\u0219 (34.575), Cluj (31.558 de achizi\u021bii), Bra\u0219ov (26.995), Ia\u0219i (23.801) \u0219i Constan\u021ba (22.191). De remarcat aici este faptul c\u0103 jude\u021bul Ilfov, care a reu\u0219it s\u0103 surclaseze Timi\u0219ul \u00een trimestrul al treilea al anului trecut, \u00ee\u0219i men\u021bine pozi\u021bia a doua \u00een clasament.<\/p>\n<h2><span class=\"ez-toc-section\" id=\"Scadere_importanta_in_Cluj\"><\/span>Sc\u0103dere important\u0103 \u00een Cluj<span class=\"ez-toc-section-end\"><\/span><\/h2>\n<p>\u00cen concordan\u021b\u0103 cu tendin\u021ba \u00eenregistrat\u0103 la nivel na\u021bional, num\u0103rul tranzac\u021biilor imobiliare \u00eencheiate anul trecut a sc\u0103zut \u00een majoritatea jude\u021belor cu cea mai intens\u0103 activitate din acest punct de vedere. Astfel, cel mai mare declin, \u00een cuantum de 28%, poate fi observat \u00een Cluj \u2013 jude\u021bul a c\u0103rui capital\u0103 s-a bucurat de o inetns\u0103 dezvoltare \u00een ultimii ani. Aici, num\u0103rul tranzac\u021biilor \u00eenregistrate \u00een 2018 a fost cu peste 10.000 mai mic dec\u00e2t \u00een 2017 \u2013 c\u00e2nd aveau loc 43.774 de asemenea opera\u021biuni la nivel na\u021bional.<\/p>\n<p>Pe locul al doilea \u00een clasamentul sc\u0103derilor se situeaz\u0103 Ia\u0219iul, unde \u00een 2017 erau \u00eencheiate 31.357 de contracte de v\u00e2nzare, astfel c\u0103 sc\u0103derea consemnat\u0103 \u00een 2018 a fost de 24%. Capitala Moldovei este urmat\u0103 \u00een clasament de Constan\u021ba (cu un recul de 20%, de la 27.843 de tranzac\u021bii), apoi de Bra\u0219ov \u0219i de Timi\u0219, ambele cu c\u00e2te un minus de 5% (de la 28.406 \u0219i, respectiv, 35.068 de v\u00e2nz\u0103ri de imobile). <\/p>\n<p>Practic, dintre jude\u021bele cele mai active \u00een materie de v\u00e2nz\u0103ri de imobile, doar Bucure\u0219tiul \u0219i Ilfovul nu au consemnat sc\u0103deri \u2013 aici, activitatea de tranzac\u021bionare s-a men\u021binut, practic, la un nivel constant, \u00een condi\u021biile unui avans anual de 1% (\u00een fiecare dintre cele dou\u0103 cazuri). \u00cen ceea ce prive\u0219te evolu\u021bia volumului de tranzac\u021bii fa\u021b\u0103 de trimestrul anterior, \u00een ultimul p\u0103trar al anului trecut au fost consemnate cre\u0219teri \u00een Bucure\u0219ti, Cluj, Bra\u0219ov, Timi\u0219, Bra\u0219ov \u0219i Constan\u021ba, dar sc\u0103deri \u00een Ilfov \u0219i Ia\u0219i. <\/p>\n","protected":false},"excerpt":{"rendered":"<p>Evolu\u021bia num\u0103rului de tranzac\u021bii imobiliare se afl\u0103 \u00een corela\u021bie cu cea a cererii \u0219i ofertei \u0219i poate fi pus\u0103 pe seama tendin\u021bei generale de stabilizare a pie\u021bei. Potrivit datelor publicate de Agen\u021bia Na\u021bional\u0103 de Cadastru \u0219i Publicitate Imobiliar\u0103 (ANCPI) \u0219i centralizate \u00een cel mai recent raport de pia\u021b\u0103 realizat de Imobiliare.ro \u0219i Analize Imobiliare, pe [&hellip;]<\/p>\n","protected":false},"author":829,"featured_media":54836,"comment_status":"open","ping_status":"open","sticky":false,"template":"","format":"standard","meta":{"footnotes":""},"categories":[259],"tags":[480,1410,1411,487],"content_author":[],"class_list":["post-54835","post","type-post","status-publish","format-standard","has-post-thumbnail","hentry","category-stiri","tag-cumparator","tag-newsletter","tag-principal","tag-tranzactii-imobiliare"],"yoast_head":"<!-- This site is optimized with the Yoast SEO Premium plugin v27.0 (Yoast SEO v27.0) - https:\/\/yoast.com\/product\/yoast-seo-premium-wordpress\/ -->\n<title>Cum au mers tranzac\u021biile imobiliare \u00een 2018 - \u0218tiri - ImoExpert<\/title>\n<meta name=\"description\" content=\"Evolu\u021bia num\u0103rului de tranzac\u021bii imobiliare se afl\u0103 \u00een corela\u021bie cu cea a cererii \u0219i ofertei \u0219i poate fi pus\u0103 pe seama tendin\u021bei generale de stabilizare a Evolu\u021bia num\u0103rului de tranzac\u021bii imobiliare se afl\u0103 \u00een corela\u021bie cu cea a cererii \u0219i ofertei \u0219i poate fi pus\u0103 pe seama tendin\u021bei de stabilizare a pie\u021bei.\" \/>\n<meta name=\"robots\" content=\"index, follow\" \/>\n<link rel=\"canonical\" href=\"https:\/\/www.imobiliare.ro\/imoexpert\/cum-au-mers-tranzactiile-imobiliare-in-2018_db\/\" \/>\n<meta property=\"og:locale\" content=\"ro_RO\" \/>\n<meta property=\"og:type\" content=\"article\" \/>\n<meta property=\"og:title\" content=\"Cum au mers tranzac\u021biile imobiliare \u00een 2018\" \/>\n<meta property=\"og:description\" content=\"Evolu\u021bia num\u0103rului de tranzac\u021bii imobiliare se afl\u0103 \u00een corela\u021bie cu cea a cererii \u0219i ofertei \u0219i poate fi pus\u0103 pe seama tendin\u021bei generale de stabilizare a Evolu\u021bia num\u0103rului de tranzac\u021bii imobiliare se afl\u0103 \u00een corela\u021bie cu cea a cererii \u0219i ofertei \u0219i poate fi pus\u0103 pe seama tendin\u021bei de stabilizare a pie\u021bei.\" \/>\n<meta property=\"og:url\" content=\"https:\/\/www.imobiliare.ro\/imoexpert\/cum-au-mers-tranzactiile-imobiliare-in-2018_db\/\" \/>\n<meta property=\"og:site_name\" content=\"ImoExpert\" \/>\n<meta property=\"article:published_time\" content=\"2019-02-12T10:47:55+00:00\" \/>\n<meta property=\"og:image\" content=\"https:\/\/www.imobiliare.ro\/imoexpert\/wp-content\/uploads\/2019\/02\/cum-au-mers-tranzactiile-imobiliare-in-2018.jpg\" \/>\n\t<meta property=\"og:image:width\" content=\"800\" \/>\n\t<meta property=\"og:image:height\" content=\"533\" \/>\n\t<meta property=\"og:image:type\" content=\"image\/jpeg\" \/>\n<meta name=\"author\" content=\"Adriana Dr\u0103gu\u0219in\" \/>\n<meta name=\"twitter:card\" content=\"summary_large_image\" \/>\n<meta name=\"twitter:label1\" content=\"Written by\" \/>\n\t<meta name=\"twitter:data1\" content=\"Adriana Dr\u0103gu\u0219in\" \/>\n\t<meta name=\"twitter:label2\" content=\"Est. reading time\" \/>\n\t<meta name=\"twitter:data2\" content=\"3 minute\" \/>\n<script type=\"application\/ld+json\" class=\"yoast-schema-graph\">{\"@context\":\"https:\/\/schema.org\",\"@graph\":[{\"@type\":\"Article\",\"@id\":\"https:\/\/www.imobiliare.ro\/imoexpert\/cum-au-mers-tranzactiile-imobiliare-in-2018_db\/#article\",\"isPartOf\":{\"@id\":\"https:\/\/www.imobiliare.ro\/imoexpert\/cum-au-mers-tranzactiile-imobiliare-in-2018_db\/\"},\"author\":{\"name\":\"Adriana Dr\u0103gu\u0219in\",\"@id\":\"https:\/\/www.imobiliare.ro\/imoexpert\/#\/schema\/person\/8c13b0297075010b896471fabf0d7790\"},\"headline\":\"Cum au mers tranzac\u021biile imobiliare \u00een 2018\",\"datePublished\":\"2019-02-12T10:47:55+00:00\",\"mainEntityOfPage\":{\"@id\":\"https:\/\/www.imobiliare.ro\/imoexpert\/cum-au-mers-tranzactiile-imobiliare-in-2018_db\/\"},\"wordCount\":568,\"commentCount\":0,\"publisher\":{\"@id\":\"https:\/\/www.imobiliare.ro\/imoexpert\/#organization\"},\"image\":{\"@id\":\"https:\/\/www.imobiliare.ro\/imoexpert\/cum-au-mers-tranzactiile-imobiliare-in-2018_db\/#primaryimage\"},\"thumbnailUrl\":\"https:\/\/www.imobiliare.ro\/imoexpert\/wp-content\/uploads\/2019\/02\/cum-au-mers-tranzactiile-imobiliare-in-2018.jpg\",\"keywords\":[\"cumparator\",\"newsletter\",\"principal\",\"tranzactii imobiliare\"],\"articleSection\":[\"\u0218tiri\"],\"inLanguage\":\"en\",\"potentialAction\":[{\"@type\":\"CommentAction\",\"name\":\"Comment\",\"target\":[\"https:\/\/www.imobiliare.ro\/imoexpert\/cum-au-mers-tranzactiile-imobiliare-in-2018_db\/#respond\"]}],\"copyrightYear\":\"2019\",\"copyrightHolder\":{\"@id\":\"https:\/\/www.imobiliare.ro\/imoexpert\/#organization\"}},{\"@type\":\"WebPage\",\"@id\":\"https:\/\/www.imobiliare.ro\/imoexpert\/cum-au-mers-tranzactiile-imobiliare-in-2018_db\/\",\"url\":\"https:\/\/www.imobiliare.ro\/imoexpert\/cum-au-mers-tranzactiile-imobiliare-in-2018_db\/\",\"name\":\"Cum au mers tranzac\u021biile imobiliare \u00een 2018 - \u0218tiri - ImoExpert\",\"isPartOf\":{\"@id\":\"https:\/\/www.imobiliare.ro\/imoexpert\/#website\"},\"primaryImageOfPage\":{\"@id\":\"https:\/\/www.imobiliare.ro\/imoexpert\/cum-au-mers-tranzactiile-imobiliare-in-2018_db\/#primaryimage\"},\"image\":{\"@id\":\"https:\/\/www.imobiliare.ro\/imoexpert\/cum-au-mers-tranzactiile-imobiliare-in-2018_db\/#primaryimage\"},\"thumbnailUrl\":\"https:\/\/www.imobiliare.ro\/imoexpert\/wp-content\/uploads\/2019\/02\/cum-au-mers-tranzactiile-imobiliare-in-2018.jpg\",\"datePublished\":\"2019-02-12T10:47:55+00:00\",\"description\":\"Evolu\u021bia num\u0103rului de tranzac\u021bii imobiliare se afl\u0103 \u00een corela\u021bie cu cea a cererii \u0219i ofertei \u0219i poate fi pus\u0103 pe seama tendin\u021bei generale de stabilizare a Evolu\u021bia num\u0103rului de tranzac\u021bii imobiliare se afl\u0103 \u00een corela\u021bie cu cea a cererii \u0219i ofertei \u0219i poate fi pus\u0103 pe seama tendin\u021bei de stabilizare a pie\u021bei.\",\"breadcrumb\":{\"@id\":\"https:\/\/www.imobiliare.ro\/imoexpert\/cum-au-mers-tranzactiile-imobiliare-in-2018_db\/#breadcrumb\"},\"inLanguage\":\"en\",\"potentialAction\":[{\"@type\":\"ReadAction\",\"target\":[\"https:\/\/www.imobiliare.ro\/imoexpert\/cum-au-mers-tranzactiile-imobiliare-in-2018_db\/\"]}]},{\"@type\":\"ImageObject\",\"inLanguage\":\"en\",\"@id\":\"https:\/\/www.imobiliare.ro\/imoexpert\/cum-au-mers-tranzactiile-imobiliare-in-2018_db\/#primaryimage\",\"url\":\"https:\/\/www.imobiliare.ro\/imoexpert\/wp-content\/uploads\/2019\/02\/cum-au-mers-tranzactiile-imobiliare-in-2018.jpg\",\"contentUrl\":\"https:\/\/www.imobiliare.ro\/imoexpert\/wp-content\/uploads\/2019\/02\/cum-au-mers-tranzactiile-imobiliare-in-2018.jpg\",\"width\":800,\"height\":533,\"caption\":\"cum au mers tranzactiile imobiliare in 2018\"},{\"@type\":\"BreadcrumbList\",\"@id\":\"https:\/\/www.imobiliare.ro\/imoexpert\/cum-au-mers-tranzactiile-imobiliare-in-2018_db\/#breadcrumb\",\"itemListElement\":[{\"@type\":\"ListItem\",\"position\":1,\"name\":\"Imoradar24\",\"item\":\"https:\/\/www.imoradar24.ro\"},{\"@type\":\"ListItem\",\"position\":2,\"name\":\"ImoExpert\",\"item\":\"https:\/\/www.imobiliare.ro\/imoexpert\/\"},{\"@type\":\"ListItem\",\"position\":3,\"name\":\"\u0218tiri\",\"item\":\"https:\/\/www.imobiliare.ro\/imoexpert\/stiri\/\"},{\"@type\":\"ListItem\",\"position\":4,\"name\":\"Cum au mers tranzac\u021biile imobiliare \u00een 2018\"}]},{\"@type\":\"WebSite\",\"@id\":\"https:\/\/www.imobiliare.ro\/imoexpert\/#website\",\"url\":\"https:\/\/www.imobiliare.ro\/imoexpert\/\",\"name\":\"ImoExpert\",\"description\":\"cele mai importante \u015ftiri din domeniul imobiliar\",\"publisher\":{\"@id\":\"https:\/\/www.imobiliare.ro\/imoexpert\/#organization\"},\"inLanguage\":\"en\"},{\"@type\":\"Organization\",\"@id\":\"https:\/\/www.imobiliare.ro\/imoexpert\/#organization\",\"name\":\"Imobiliare.ro\",\"alternateName\":\"Realmedia Network SA\",\"url\":\"https:\/\/www.imobiliare.ro\/imoexpert\/\",\"logo\":{\"@type\":\"ImageObject\",\"inLanguage\":\"en\",\"@id\":\"https:\/\/www.imobiliare.ro\/imoexpert\/#\/schema\/logo\/image\/\",\"url\":\"https:\/\/www.imobiliare.ro\/imoexpert\/wp-content\/uploads\/2025\/05\/imobiliare_logo.png\",\"contentUrl\":\"https:\/\/www.imobiliare.ro\/imoexpert\/wp-content\/uploads\/2025\/05\/imobiliare_logo.png\",\"width\":237,\"height\":29,\"caption\":\"Imobiliare.ro\"},\"image\":{\"@id\":\"https:\/\/www.imobiliare.ro\/imoexpert\/#\/schema\/logo\/image\/\"}},{\"@type\":\"Person\",\"@id\":\"https:\/\/www.imobiliare.ro\/imoexpert\/#\/schema\/person\/8c13b0297075010b896471fabf0d7790\",\"name\":\"Adriana Dr\u0103gu\u0219in\",\"image\":{\"@type\":\"ImageObject\",\"inLanguage\":\"en\",\"@id\":\"https:\/\/www.imobiliare.ro\/imoexpert\/#\/schema\/person\/image\/\",\"url\":\"https:\/\/secure.gravatar.com\/avatar\/ba4762f7517e50e679ed7f11207102d1150120f2f5800c0da98f8a15305bf514?s=96&d=mm&r=g\",\"contentUrl\":\"https:\/\/secure.gravatar.com\/avatar\/ba4762f7517e50e679ed7f11207102d1150120f2f5800c0da98f8a15305bf514?s=96&d=mm&r=g\",\"caption\":\"Adriana Dr\u0103gu\u0219in\"},\"jobTitle\":\"Editor\",\"url\":\"https:\/\/www.imobiliare.ro\/imoexpert\/author\/adriana-dragusin\/\"}]}<\/script>\n<!-- \/ Yoast SEO Premium plugin. -->","yoast_head_json":{"title":"Cum au mers tranzac\u021biile imobiliare \u00een 2018 - \u0218tiri - ImoExpert","description":"Evolu\u021bia num\u0103rului de tranzac\u021bii imobiliare se afl\u0103 \u00een corela\u021bie cu cea a cererii \u0219i ofertei \u0219i poate fi pus\u0103 pe seama tendin\u021bei generale de stabilizare a Evolu\u021bia num\u0103rului de tranzac\u021bii imobiliare se afl\u0103 \u00een corela\u021bie cu cea a cererii \u0219i ofertei \u0219i poate fi pus\u0103 pe seama tendin\u021bei de stabilizare a pie\u021bei.","robots":{"index":"index","follow":"follow"},"canonical":"https:\/\/www.imobiliare.ro\/imoexpert\/cum-au-mers-tranzactiile-imobiliare-in-2018_db\/","og_locale":"ro_RO","og_type":"article","og_title":"Cum au mers tranzac\u021biile imobiliare \u00een 2018","og_description":"Evolu\u021bia num\u0103rului de tranzac\u021bii imobiliare se afl\u0103 \u00een corela\u021bie cu cea a cererii \u0219i ofertei \u0219i poate fi pus\u0103 pe seama tendin\u021bei generale de stabilizare a Evolu\u021bia num\u0103rului de tranzac\u021bii imobiliare se afl\u0103 \u00een corela\u021bie cu cea a cererii \u0219i ofertei \u0219i poate fi pus\u0103 pe seama tendin\u021bei de stabilizare a pie\u021bei.","og_url":"https:\/\/www.imobiliare.ro\/imoexpert\/cum-au-mers-tranzactiile-imobiliare-in-2018_db\/","og_site_name":"ImoExpert","article_published_time":"2019-02-12T10:47:55+00:00","og_image":[{"width":800,"height":533,"url":"https:\/\/www.imobiliare.ro\/imoexpert\/wp-content\/uploads\/2019\/02\/cum-au-mers-tranzactiile-imobiliare-in-2018.jpg","type":"image\/jpeg"}],"author":"Adriana Dr\u0103gu\u0219in","twitter_card":"summary_large_image","twitter_misc":{"Written by":"Adriana Dr\u0103gu\u0219in","Est. reading time":"3 minute"},"schema":{"@context":"https:\/\/schema.org","@graph":[{"@type":"Article","@id":"https:\/\/www.imobiliare.ro\/imoexpert\/cum-au-mers-tranzactiile-imobiliare-in-2018_db\/#article","isPartOf":{"@id":"https:\/\/www.imobiliare.ro\/imoexpert\/cum-au-mers-tranzactiile-imobiliare-in-2018_db\/"},"author":{"name":"Adriana Dr\u0103gu\u0219in","@id":"https:\/\/www.imobiliare.ro\/imoexpert\/#\/schema\/person\/8c13b0297075010b896471fabf0d7790"},"headline":"Cum au mers tranzac\u021biile imobiliare \u00een 2018","datePublished":"2019-02-12T10:47:55+00:00","mainEntityOfPage":{"@id":"https:\/\/www.imobiliare.ro\/imoexpert\/cum-au-mers-tranzactiile-imobiliare-in-2018_db\/"},"wordCount":568,"commentCount":0,"publisher":{"@id":"https:\/\/www.imobiliare.ro\/imoexpert\/#organization"},"image":{"@id":"https:\/\/www.imobiliare.ro\/imoexpert\/cum-au-mers-tranzactiile-imobiliare-in-2018_db\/#primaryimage"},"thumbnailUrl":"https:\/\/www.imobiliare.ro\/imoexpert\/wp-content\/uploads\/2019\/02\/cum-au-mers-tranzactiile-imobiliare-in-2018.jpg","keywords":["cumparator","newsletter","principal","tranzactii imobiliare"],"articleSection":["\u0218tiri"],"inLanguage":"en","potentialAction":[{"@type":"CommentAction","name":"Comment","target":["https:\/\/www.imobiliare.ro\/imoexpert\/cum-au-mers-tranzactiile-imobiliare-in-2018_db\/#respond"]}],"copyrightYear":"2019","copyrightHolder":{"@id":"https:\/\/www.imobiliare.ro\/imoexpert\/#organization"}},{"@type":"WebPage","@id":"https:\/\/www.imobiliare.ro\/imoexpert\/cum-au-mers-tranzactiile-imobiliare-in-2018_db\/","url":"https:\/\/www.imobiliare.ro\/imoexpert\/cum-au-mers-tranzactiile-imobiliare-in-2018_db\/","name":"Cum au mers tranzac\u021biile imobiliare \u00een 2018 - \u0218tiri - ImoExpert","isPartOf":{"@id":"https:\/\/www.imobiliare.ro\/imoexpert\/#website"},"primaryImageOfPage":{"@id":"https:\/\/www.imobiliare.ro\/imoexpert\/cum-au-mers-tranzactiile-imobiliare-in-2018_db\/#primaryimage"},"image":{"@id":"https:\/\/www.imobiliare.ro\/imoexpert\/cum-au-mers-tranzactiile-imobiliare-in-2018_db\/#primaryimage"},"thumbnailUrl":"https:\/\/www.imobiliare.ro\/imoexpert\/wp-content\/uploads\/2019\/02\/cum-au-mers-tranzactiile-imobiliare-in-2018.jpg","datePublished":"2019-02-12T10:47:55+00:00","description":"Evolu\u021bia num\u0103rului de tranzac\u021bii imobiliare se afl\u0103 \u00een corela\u021bie cu cea a cererii \u0219i ofertei \u0219i poate fi pus\u0103 pe seama tendin\u021bei generale de stabilizare a Evolu\u021bia num\u0103rului de tranzac\u021bii imobiliare se afl\u0103 \u00een corela\u021bie cu cea a cererii \u0219i ofertei \u0219i poate fi pus\u0103 pe seama tendin\u021bei de stabilizare a pie\u021bei.","breadcrumb":{"@id":"https:\/\/www.imobiliare.ro\/imoexpert\/cum-au-mers-tranzactiile-imobiliare-in-2018_db\/#breadcrumb"},"inLanguage":"en","potentialAction":[{"@type":"ReadAction","target":["https:\/\/www.imobiliare.ro\/imoexpert\/cum-au-mers-tranzactiile-imobiliare-in-2018_db\/"]}]},{"@type":"ImageObject","inLanguage":"en","@id":"https:\/\/www.imobiliare.ro\/imoexpert\/cum-au-mers-tranzactiile-imobiliare-in-2018_db\/#primaryimage","url":"https:\/\/www.imobiliare.ro\/imoexpert\/wp-content\/uploads\/2019\/02\/cum-au-mers-tranzactiile-imobiliare-in-2018.jpg","contentUrl":"https:\/\/www.imobiliare.ro\/imoexpert\/wp-content\/uploads\/2019\/02\/cum-au-mers-tranzactiile-imobiliare-in-2018.jpg","width":800,"height":533,"caption":"cum au mers tranzactiile imobiliare in 2018"},{"@type":"BreadcrumbList","@id":"https:\/\/www.imobiliare.ro\/imoexpert\/cum-au-mers-tranzactiile-imobiliare-in-2018_db\/#breadcrumb","itemListElement":[{"@type":"ListItem","position":1,"name":"Imoradar24","item":"https:\/\/www.imoradar24.ro"},{"@type":"ListItem","position":2,"name":"ImoExpert","item":"https:\/\/www.imobiliare.ro\/imoexpert\/"},{"@type":"ListItem","position":3,"name":"\u0218tiri","item":"https:\/\/www.imobiliare.ro\/imoexpert\/stiri\/"},{"@type":"ListItem","position":4,"name":"Cum au mers tranzac\u021biile imobiliare \u00een 2018"}]},{"@type":"WebSite","@id":"https:\/\/www.imobiliare.ro\/imoexpert\/#website","url":"https:\/\/www.imobiliare.ro\/imoexpert\/","name":"ImoExpert","description":"cele mai importante \u015ftiri din domeniul imobiliar","publisher":{"@id":"https:\/\/www.imobiliare.ro\/imoexpert\/#organization"},"inLanguage":"en"},{"@type":"Organization","@id":"https:\/\/www.imobiliare.ro\/imoexpert\/#organization","name":"Imobiliare.ro","alternateName":"Realmedia Network SA","url":"https:\/\/www.imobiliare.ro\/imoexpert\/","logo":{"@type":"ImageObject","inLanguage":"en","@id":"https:\/\/www.imobiliare.ro\/imoexpert\/#\/schema\/logo\/image\/","url":"https:\/\/www.imobiliare.ro\/imoexpert\/wp-content\/uploads\/2025\/05\/imobiliare_logo.png","contentUrl":"https:\/\/www.imobiliare.ro\/imoexpert\/wp-content\/uploads\/2025\/05\/imobiliare_logo.png","width":237,"height":29,"caption":"Imobiliare.ro"},"image":{"@id":"https:\/\/www.imobiliare.ro\/imoexpert\/#\/schema\/logo\/image\/"}},{"@type":"Person","@id":"https:\/\/www.imobiliare.ro\/imoexpert\/#\/schema\/person\/8c13b0297075010b896471fabf0d7790","name":"Adriana Dr\u0103gu\u0219in","image":{"@type":"ImageObject","inLanguage":"en","@id":"https:\/\/www.imobiliare.ro\/imoexpert\/#\/schema\/person\/image\/","url":"https:\/\/secure.gravatar.com\/avatar\/ba4762f7517e50e679ed7f11207102d1150120f2f5800c0da98f8a15305bf514?s=96&d=mm&r=g","contentUrl":"https:\/\/secure.gravatar.com\/avatar\/ba4762f7517e50e679ed7f11207102d1150120f2f5800c0da98f8a15305bf514?s=96&d=mm&r=g","caption":"Adriana Dr\u0103gu\u0219in"},"jobTitle":"Editor","url":"https:\/\/www.imobiliare.ro\/imoexpert\/author\/adriana-dragusin\/"}]}},"_links":{"self":[{"href":"https:\/\/www.imobiliare.ro\/imoexpert\/wp-json\/wp\/v2\/posts\/54835","targetHints":{"allow":["GET"]}}],"collection":[{"href":"https:\/\/www.imobiliare.ro\/imoexpert\/wp-json\/wp\/v2\/posts"}],"about":[{"href":"https:\/\/www.imobiliare.ro\/imoexpert\/wp-json\/wp\/v2\/types\/post"}],"author":[{"embeddable":true,"href":"https:\/\/www.imobiliare.ro\/imoexpert\/wp-json\/wp\/v2\/users\/829"}],"replies":[{"embeddable":true,"href":"https:\/\/www.imobiliare.ro\/imoexpert\/wp-json\/wp\/v2\/comments?post=54835"}],"version-history":[{"count":0,"href":"https:\/\/www.imobiliare.ro\/imoexpert\/wp-json\/wp\/v2\/posts\/54835\/revisions"}],"wp:featuredmedia":[{"embeddable":true,"href":"https:\/\/www.imobiliare.ro\/imoexpert\/wp-json\/wp\/v2\/media\/54836"}],"wp:attachment":[{"href":"https:\/\/www.imobiliare.ro\/imoexpert\/wp-json\/wp\/v2\/media?parent=54835"}],"wp:term":[{"taxonomy":"category","embeddable":true,"href":"https:\/\/www.imobiliare.ro\/imoexpert\/wp-json\/wp\/v2\/categories?post=54835"},{"taxonomy":"post_tag","embeddable":true,"href":"https:\/\/www.imobiliare.ro\/imoexpert\/wp-json\/wp\/v2\/tags?post=54835"},{"taxonomy":"content_author","embeddable":true,"href":"https:\/\/www.imobiliare.ro\/imoexpert\/wp-json\/wp\/v2\/content_author?post=54835"}],"curies":[{"name":"wp","href":"https:\/\/api.w.org\/{rel}","templated":true}]}}