{"id":54868,"date":"2019-02-22T11:06:54","date_gmt":"2019-02-22T09:06:54","guid":{"rendered":"https:\/\/www.imobiliare.ro\/imoexpert\/?p=54868"},"modified":"2019-02-22T11:06:54","modified_gmt":"2019-02-22T09:06:54","slug":"vrei-o-locuinta-spatioasa-sau-sa-iti-aduci-biroul-acasa-aceasta-proprietate-deosebita-va-pune-capat-cautarilor-tale","status":"publish","type":"post","link":"https:\/\/www.imobiliare.ro\/imoexpert\/vrei-o-locuinta-spatioasa-sau-sa-iti-aduci-biroul-acasa-aceasta-proprietate-deosebita-va-pune-capat-cautarilor-tale_db\/","title":{"rendered":"Vrei o locuin\u021b\u0103 spa\u021bioas\u0103 sau s\u0103 \u00ee\u021bi aduci biroul acas\u0103? Aceast\u0103 proprietate deosebit\u0103 va pune cap\u0103t c\u0103ut\u0103rilor tale"},"content":{"rendered":"<p><img loading=\"lazy\" decoding=\"async\" class=\"alignnone size-large wp-image-54869\" src=\"https:\/\/www.imobiliare.ro\/imoexpert\/wp-content\/uploads\/2019\/02\/vila-voluntari-1024x683.jpg\" alt=\"vila voluntari\" width=\"1024\" height=\"683\" srcset=\"https:\/\/www.imobiliare.ro\/imoexpert\/wp-content\/uploads\/2019\/02\/vila-voluntari-1024x683.jpg 1024w, https:\/\/www.imobiliare.ro\/imoexpert\/wp-content\/uploads\/2019\/02\/vila-voluntari-300x200.jpg 300w, https:\/\/www.imobiliare.ro\/imoexpert\/wp-content\/uploads\/2019\/02\/vila-voluntari-768x512.jpg 768w, https:\/\/www.imobiliare.ro\/imoexpert\/wp-content\/uploads\/2019\/02\/vila-voluntari-1536x1024.jpg 1536w, https:\/\/www.imobiliare.ro\/imoexpert\/wp-content\/uploads\/2019\/02\/vila-voluntari.jpg 1620w\" sizes=\"auto, (max-width: 1024px) 100vw, 1024px\" \/><\/p>\n<h2>O proprietate deosebit\u0103, ideal\u0103 dac\u0103 te afli \u00een c\u0103utarea unei locuin\u021be aparte pentru familia ta sau dac\u0103 \u00ee\u021bi dore\u0219ti s\u0103 g\u0103se\u0219ti o cas\u0103 care s\u0103 dispun\u0103 de spa\u021biul necesar pentru a-\u021bi amenaja biroul afacerii tale direct acas\u0103, a fost scoas\u0103 recent la v\u00e2nzare \u00een nordul Bucure\u0219tiului.<\/h2>\n<p>Vila cu 8 camere dispune de o suprafa\u021b\u0103 util\u0103 extrem de generoas\u0103, de 600 de mp, \u0219i se vinde complet\u00a0mobilat\u0103 pentru suma de 560.000 de euro.<\/p>\n<p>Aceasta este pozi\u021bionat\u0103 \u00een Voluntari, la mic\u0103 distan\u021b\u0103 de \u0219colile interna\u021bionale situate \u00een zona Pipera, de mall-ul B\u0103neasa, cafenele \u0219i magazine. Proprietatea ofer\u0103, \u00een plus, acces rapid c\u0103tre Aeroportul Otopeni.<\/p>\n<p><img loading=\"lazy\" decoding=\"async\" class=\"alignnone size-large wp-image-54871\" src=\"https:\/\/www.imobiliare.ro\/imoexpert\/wp-content\/uploads\/2019\/02\/parter-vila-voluntari-1024x683.jpg\" alt=\"parter vila voluntari\" width=\"1024\" height=\"683\" srcset=\"https:\/\/www.imobiliare.ro\/imoexpert\/wp-content\/uploads\/2019\/02\/parter-vila-voluntari-1024x683.jpg 1024w, https:\/\/www.imobiliare.ro\/imoexpert\/wp-content\/uploads\/2019\/02\/parter-vila-voluntari-300x200.jpg 300w, https:\/\/www.imobiliare.ro\/imoexpert\/wp-content\/uploads\/2019\/02\/parter-vila-voluntari-768x512.jpg 768w, https:\/\/www.imobiliare.ro\/imoexpert\/wp-content\/uploads\/2019\/02\/parter-vila-voluntari-1536x1024.jpg 1536w, https:\/\/www.imobiliare.ro\/imoexpert\/wp-content\/uploads\/2019\/02\/parter-vila-voluntari.jpg 1620w\" sizes=\"auto, (max-width: 1024px) 100vw, 1024px\" \/><\/p>\n<p>&#8222;De cum ve\u021bi intra \u00een aceast\u0103 re\u0219edin\u021b\u0103, ve\u021bi realiza c\u0103 nimic nu este trecut cu vederea, chiar \u0219i cel mai critic cump\u0103r\u0103tor va aprecia designul de lux \u0219i calitatea g\u0103sit\u0103 \u00een \u00eentreaga cas\u0103. Proprietarii, o familie frumoas\u0103 care locuie\u0219te preponderent \u00een USA Las Vegas, au reu\u0219it s\u0103 construiasc\u0103 o cas\u0103 minunat\u0103 \u0219i elegant\u0103, \u00een care \u0219i-au crescut copiii care acum sunt adul\u021bi \u0219i au ales s\u0103 tr\u0103iesc\u0103 \u0219i ei \u00een USA&#8221;, explic\u0103 \u00een <a class=\"article-body-links\"href=\"https:\/\/www.imobiliare.ro\/vanzare-case-vile\/bucuresti-ilfov\/voluntari\/casa-de-vanzare-8-camere-X9ON1100U\" target=\"_blank\" rel=\"noopener\"><strong>anun\u021bul de v\u00e2nzare<\/strong><\/a> reprezentan\u021bii RE\/MAX Freedom Group, parte a re\u021belei de agen\u021bii imobiliare RE\/MAX Rom\u00e2nia, \u00een portofoliul c\u0103rora se afl\u0103 aceast\u0103 proprietate.<\/p>\n<p><img loading=\"lazy\" decoding=\"async\" class=\"alignnone size-large wp-image-54870\" src=\"https:\/\/www.imobiliare.ro\/imoexpert\/wp-content\/uploads\/2019\/02\/vila-voluntari-living-1024x683.jpg\" alt=\"vila voluntari living\" width=\"1024\" height=\"683\" srcset=\"https:\/\/www.imobiliare.ro\/imoexpert\/wp-content\/uploads\/2019\/02\/vila-voluntari-living-1024x683.jpg 1024w, https:\/\/www.imobiliare.ro\/imoexpert\/wp-content\/uploads\/2019\/02\/vila-voluntari-living-300x200.jpg 300w, https:\/\/www.imobiliare.ro\/imoexpert\/wp-content\/uploads\/2019\/02\/vila-voluntari-living-768x512.jpg 768w, https:\/\/www.imobiliare.ro\/imoexpert\/wp-content\/uploads\/2019\/02\/vila-voluntari-living-1536x1024.jpg 1536w, https:\/\/www.imobiliare.ro\/imoexpert\/wp-content\/uploads\/2019\/02\/vila-voluntari-living.jpg 1620w\" sizes=\"auto, (max-width: 1024px) 100vw, 1024px\" \/><\/p>\n<p>La parter se g\u0103se\u0219te o zon\u0103 deschis\u0103 cu scar\u0103 interioar\u0103 din marmur\u0103 alb\u0103, un living central cu dining room \u0219i mas\u0103 pentru 10 persoane, o buc\u0103t\u0103rie, o baie \u0219i un dormitor care ar putea fi transformat cu u\u0219urin\u021b\u0103 \u00een birou.<\/p>\n<p>De aici po\u021bi ie\u0219i c\u0103tre foi\u0219orul \u00eenchis cu termopan, cu o suprafa\u021b\u0103 de 60 de mp, extrem de luminos \u0219i util, care ofer\u0103 o vedere frumoas\u0103 asupra gr\u0103dinii spa\u021bioase, de aproape 350 de mp.<\/p>\n<p><img loading=\"lazy\" decoding=\"async\" class=\"alignnone size-large wp-image-54873\" src=\"https:\/\/www.imobiliare.ro\/imoexpert\/wp-content\/uploads\/2019\/02\/foisor-vila-voluntari-1024x683.jpg\" alt=\"foisor vila voluntari\" width=\"1024\" height=\"683\" srcset=\"https:\/\/www.imobiliare.ro\/imoexpert\/wp-content\/uploads\/2019\/02\/foisor-vila-voluntari-1024x683.jpg 1024w, https:\/\/www.imobiliare.ro\/imoexpert\/wp-content\/uploads\/2019\/02\/foisor-vila-voluntari-300x200.jpg 300w, https:\/\/www.imobiliare.ro\/imoexpert\/wp-content\/uploads\/2019\/02\/foisor-vila-voluntari-768x512.jpg 768w, https:\/\/www.imobiliare.ro\/imoexpert\/wp-content\/uploads\/2019\/02\/foisor-vila-voluntari-1536x1024.jpg 1536w, https:\/\/www.imobiliare.ro\/imoexpert\/wp-content\/uploads\/2019\/02\/foisor-vila-voluntari.jpg 1620w\" sizes=\"auto, (max-width: 1024px) 100vw, 1024px\" \/><\/p>\n<p><a class=\"article-body-links\"href=\"https:\/\/www.imobiliare.ro\/vanzare-case-vile\/bucuresti-ilfov\/voluntari\/casa-de-vanzare-8-camere-X9ON1100U#modal-galerie-mare\" target=\"_blank\" rel=\"noopener\"><strong>Galerie foto complet\u0103 AICI<\/strong><\/a><\/p>\n<p>Tot de la parter ai acces direct \u0219i la garaj, viitorul proprietar urm\u00e2nd s\u0103 beneficieze, \u00een total, de 4 locuri de parcare.<\/p>\n<p>La etaj se g\u0103se\u0219te un dormitor matrimonial, cu baie aferent\u0103, un dressing \u0219i \u00eenc\u0103 dou\u0103 dormitoare fiecare cu ie\u0219ire c\u0103tre un balcon \u00eenchis.<\/p>\n<p><img loading=\"lazy\" decoding=\"async\" class=\"alignnone size-large wp-image-54872\" src=\"https:\/\/www.imobiliare.ro\/imoexpert\/wp-content\/uploads\/2019\/02\/dormitor-vila-voluntari-1024x683.jpg\" alt=\"\" width=\"1024\" height=\"683\" srcset=\"https:\/\/www.imobiliare.ro\/imoexpert\/wp-content\/uploads\/2019\/02\/dormitor-vila-voluntari-1024x683.jpg 1024w, https:\/\/www.imobiliare.ro\/imoexpert\/wp-content\/uploads\/2019\/02\/dormitor-vila-voluntari-300x200.jpg 300w, https:\/\/www.imobiliare.ro\/imoexpert\/wp-content\/uploads\/2019\/02\/dormitor-vila-voluntari-768x512.jpg 768w, https:\/\/www.imobiliare.ro\/imoexpert\/wp-content\/uploads\/2019\/02\/dormitor-vila-voluntari-1536x1024.jpg 1536w, https:\/\/www.imobiliare.ro\/imoexpert\/wp-content\/uploads\/2019\/02\/dormitor-vila-voluntari.jpg 1620w\" sizes=\"auto, (max-width: 1024px) 100vw, 1024px\" \/><\/p>\n<p>Mansarda a fost g\u00e2ndit\u0103 ca spa\u021biu de tip open space \u0219i poate fi amenajat\u0103 dup\u0103 preferin\u021bele viitorului proprietar.<\/p>\n","protected":false},"excerpt":{"rendered":"<p>O proprietate deosebit\u0103, ideal\u0103 dac\u0103 te afli \u00een c\u0103utarea unei locuin\u021be aparte pentru familia ta sau dac\u0103 \u00ee\u021bi dore\u0219ti s\u0103 g\u0103se\u0219ti o cas\u0103 care s\u0103 dispun\u0103 de spa\u021biul necesar pentru a-\u021bi amenaja biroul afacerii tale direct acas\u0103, a fost scoas\u0103 recent la v\u00e2nzare \u00een nordul Bucure\u0219tiului. Vila cu 8 camere dispune de o suprafa\u021b\u0103 util\u0103 [&hellip;]<\/p>\n","protected":false},"author":5891,"featured_media":54869,"comment_status":"open","ping_status":"open","sticky":false,"template":"","format":"standard","meta":{"footnotes":""},"categories":[253],"tags":[986,1793],"content_author":[],"class_list":["post-54868","post","type-post","status-publish","format-standard","has-post-thumbnail","hentry","category-parteneri","tag-vila","tag-voluntari"],"yoast_head":"<!-- This site is optimized with the Yoast SEO Premium plugin v27.0 (Yoast SEO v27.0) - https:\/\/yoast.com\/product\/yoast-seo-premium-wordpress\/ -->\n<title>Vrei o locuin\u021b\u0103 spa\u021bioas\u0103 sau s\u0103 \u00ee\u021bi aduci biroul acas\u0103? Aceast\u0103 proprietate deosebit\u0103 va pune cap\u0103t c\u0103ut\u0103rilor tale - Parteneri - ImoExpert<\/title>\n<meta name=\"description\" content=\"O proprietate deosebit\u0103, ideal\u0103 dac\u0103 te afli \u00een c\u0103utarea unei locuin\u021be aparte pentru familia ta sau dac\u0103 \u00ee\u021bi dore\u0219ti s\u0103 g\u0103se\u0219ti o cas\u0103 care s\u0103 dispun\u0103 de\" \/>\n<meta name=\"robots\" content=\"index, follow\" \/>\n<link rel=\"canonical\" href=\"https:\/\/www.imobiliare.ro\/imoexpert\/vrei-o-locuinta-spatioasa-sau-sa-iti-aduci-biroul-acasa-aceasta-proprietate-deosebita-va-pune-capat-cautarilor-tale_db\/\" \/>\n<meta property=\"og:locale\" content=\"ro_RO\" \/>\n<meta property=\"og:type\" content=\"article\" \/>\n<meta property=\"og:title\" content=\"Vrei o locuin\u021b\u0103 spa\u021bioas\u0103 sau s\u0103 \u00ee\u021bi aduci biroul acas\u0103? Aceast\u0103 proprietate deosebit\u0103 va pune cap\u0103t c\u0103ut\u0103rilor tale\" \/>\n<meta property=\"og:description\" content=\"O proprietate deosebit\u0103, ideal\u0103 dac\u0103 te afli \u00een c\u0103utarea unei locuin\u021be aparte pentru familia ta sau dac\u0103 \u00ee\u021bi dore\u0219ti s\u0103 g\u0103se\u0219ti o cas\u0103 care s\u0103 dispun\u0103 de\" \/>\n<meta property=\"og:url\" content=\"https:\/\/www.imobiliare.ro\/imoexpert\/vrei-o-locuinta-spatioasa-sau-sa-iti-aduci-biroul-acasa-aceasta-proprietate-deosebita-va-pune-capat-cautarilor-tale_db\/\" \/>\n<meta property=\"og:site_name\" content=\"ImoExpert\" \/>\n<meta property=\"article:published_time\" content=\"2019-02-22T09:06:54+00:00\" \/>\n<meta property=\"og:image\" content=\"https:\/\/www.imobiliare.ro\/imoexpert\/wp-content\/uploads\/2019\/02\/vila-voluntari.jpg\" \/>\n\t<meta property=\"og:image:width\" content=\"1620\" \/>\n\t<meta property=\"og:image:height\" content=\"1080\" \/>\n\t<meta property=\"og:image:type\" content=\"image\/jpeg\" \/>\n<meta name=\"author\" content=\"Corina V\u00e2rlan\" \/>\n<meta name=\"twitter:card\" content=\"summary_large_image\" \/>\n<meta name=\"twitter:label1\" content=\"Written by\" \/>\n\t<meta name=\"twitter:data1\" content=\"Corina V\u00e2rlan\" \/>\n\t<meta name=\"twitter:label2\" content=\"Est. reading time\" \/>\n\t<meta name=\"twitter:data2\" content=\"2 minute\" \/>\n<script type=\"application\/ld+json\" class=\"yoast-schema-graph\">{\"@context\":\"https:\/\/schema.org\",\"@graph\":[{\"@type\":\"Article\",\"@id\":\"https:\/\/www.imobiliare.ro\/imoexpert\/vrei-o-locuinta-spatioasa-sau-sa-iti-aduci-biroul-acasa-aceasta-proprietate-deosebita-va-pune-capat-cautarilor-tale_db\/#article\",\"isPartOf\":{\"@id\":\"https:\/\/www.imobiliare.ro\/imoexpert\/vrei-o-locuinta-spatioasa-sau-sa-iti-aduci-biroul-acasa-aceasta-proprietate-deosebita-va-pune-capat-cautarilor-tale_db\/\"},\"author\":{\"name\":\"Corina V\u00e2rlan\",\"@id\":\"https:\/\/www.imobiliare.ro\/imoexpert\/#\/schema\/person\/9ffdfbf24b82f39fc75a2fc6c19e4e99\"},\"headline\":\"Vrei o locuin\u021b\u0103 spa\u021bioas\u0103 sau s\u0103 \u00ee\u021bi aduci biroul acas\u0103? Aceast\u0103 proprietate deosebit\u0103 va pune cap\u0103t c\u0103ut\u0103rilor tale\",\"datePublished\":\"2019-02-22T09:06:54+00:00\",\"mainEntityOfPage\":{\"@id\":\"https:\/\/www.imobiliare.ro\/imoexpert\/vrei-o-locuinta-spatioasa-sau-sa-iti-aduci-biroul-acasa-aceasta-proprietate-deosebita-va-pune-capat-cautarilor-tale_db\/\"},\"wordCount\":405,\"commentCount\":0,\"publisher\":{\"@id\":\"https:\/\/www.imobiliare.ro\/imoexpert\/#organization\"},\"image\":{\"@id\":\"https:\/\/www.imobiliare.ro\/imoexpert\/vrei-o-locuinta-spatioasa-sau-sa-iti-aduci-biroul-acasa-aceasta-proprietate-deosebita-va-pune-capat-cautarilor-tale_db\/#primaryimage\"},\"thumbnailUrl\":\"https:\/\/www.imobiliare.ro\/imoexpert\/wp-content\/uploads\/2019\/02\/vila-voluntari.jpg\",\"keywords\":[\"vila\",\"Voluntari\"],\"articleSection\":[\"Parteneri\"],\"inLanguage\":\"en\",\"potentialAction\":[{\"@type\":\"CommentAction\",\"name\":\"Comment\",\"target\":[\"https:\/\/www.imobiliare.ro\/imoexpert\/vrei-o-locuinta-spatioasa-sau-sa-iti-aduci-biroul-acasa-aceasta-proprietate-deosebita-va-pune-capat-cautarilor-tale_db\/#respond\"]}],\"copyrightYear\":\"2019\",\"copyrightHolder\":{\"@id\":\"https:\/\/www.imobiliare.ro\/imoexpert\/#organization\"}},{\"@type\":\"WebPage\",\"@id\":\"https:\/\/www.imobiliare.ro\/imoexpert\/vrei-o-locuinta-spatioasa-sau-sa-iti-aduci-biroul-acasa-aceasta-proprietate-deosebita-va-pune-capat-cautarilor-tale_db\/\",\"url\":\"https:\/\/www.imobiliare.ro\/imoexpert\/vrei-o-locuinta-spatioasa-sau-sa-iti-aduci-biroul-acasa-aceasta-proprietate-deosebita-va-pune-capat-cautarilor-tale_db\/\",\"name\":\"Vrei o locuin\u021b\u0103 spa\u021bioas\u0103 sau s\u0103 \u00ee\u021bi aduci biroul acas\u0103? Aceast\u0103 proprietate deosebit\u0103 va pune cap\u0103t c\u0103ut\u0103rilor tale - Parteneri - ImoExpert\",\"isPartOf\":{\"@id\":\"https:\/\/www.imobiliare.ro\/imoexpert\/#website\"},\"primaryImageOfPage\":{\"@id\":\"https:\/\/www.imobiliare.ro\/imoexpert\/vrei-o-locuinta-spatioasa-sau-sa-iti-aduci-biroul-acasa-aceasta-proprietate-deosebita-va-pune-capat-cautarilor-tale_db\/#primaryimage\"},\"image\":{\"@id\":\"https:\/\/www.imobiliare.ro\/imoexpert\/vrei-o-locuinta-spatioasa-sau-sa-iti-aduci-biroul-acasa-aceasta-proprietate-deosebita-va-pune-capat-cautarilor-tale_db\/#primaryimage\"},\"thumbnailUrl\":\"https:\/\/www.imobiliare.ro\/imoexpert\/wp-content\/uploads\/2019\/02\/vila-voluntari.jpg\",\"datePublished\":\"2019-02-22T09:06:54+00:00\",\"description\":\"O proprietate deosebit\u0103, ideal\u0103 dac\u0103 te afli \u00een c\u0103utarea unei locuin\u021be aparte pentru familia ta sau dac\u0103 \u00ee\u021bi dore\u0219ti s\u0103 g\u0103se\u0219ti o cas\u0103 care s\u0103 dispun\u0103 de\",\"breadcrumb\":{\"@id\":\"https:\/\/www.imobiliare.ro\/imoexpert\/vrei-o-locuinta-spatioasa-sau-sa-iti-aduci-biroul-acasa-aceasta-proprietate-deosebita-va-pune-capat-cautarilor-tale_db\/#breadcrumb\"},\"inLanguage\":\"en\",\"potentialAction\":[{\"@type\":\"ReadAction\",\"target\":[\"https:\/\/www.imobiliare.ro\/imoexpert\/vrei-o-locuinta-spatioasa-sau-sa-iti-aduci-biroul-acasa-aceasta-proprietate-deosebita-va-pune-capat-cautarilor-tale_db\/\"]}]},{\"@type\":\"ImageObject\",\"inLanguage\":\"en\",\"@id\":\"https:\/\/www.imobiliare.ro\/imoexpert\/vrei-o-locuinta-spatioasa-sau-sa-iti-aduci-biroul-acasa-aceasta-proprietate-deosebita-va-pune-capat-cautarilor-tale_db\/#primaryimage\",\"url\":\"https:\/\/www.imobiliare.ro\/imoexpert\/wp-content\/uploads\/2019\/02\/vila-voluntari.jpg\",\"contentUrl\":\"https:\/\/www.imobiliare.ro\/imoexpert\/wp-content\/uploads\/2019\/02\/vila-voluntari.jpg\",\"width\":1620,\"height\":1080,\"caption\":\"vila voluntari\"},{\"@type\":\"BreadcrumbList\",\"@id\":\"https:\/\/www.imobiliare.ro\/imoexpert\/vrei-o-locuinta-spatioasa-sau-sa-iti-aduci-biroul-acasa-aceasta-proprietate-deosebita-va-pune-capat-cautarilor-tale_db\/#breadcrumb\",\"itemListElement\":[{\"@type\":\"ListItem\",\"position\":1,\"name\":\"Imoradar24\",\"item\":\"https:\/\/www.imoradar24.ro\"},{\"@type\":\"ListItem\",\"position\":2,\"name\":\"ImoExpert\",\"item\":\"https:\/\/www.imobiliare.ro\/imoexpert\/\"},{\"@type\":\"ListItem\",\"position\":3,\"name\":\"Parteneri\",\"item\":\"https:\/\/www.imobiliare.ro\/imoexpert\/parteneri\/\"},{\"@type\":\"ListItem\",\"position\":4,\"name\":\"Vrei o locuin\u021b\u0103 spa\u021bioas\u0103 sau s\u0103 \u00ee\u021bi aduci biroul acas\u0103? Aceast\u0103 proprietate deosebit\u0103 va pune cap\u0103t c\u0103ut\u0103rilor tale\"}]},{\"@type\":\"WebSite\",\"@id\":\"https:\/\/www.imobiliare.ro\/imoexpert\/#website\",\"url\":\"https:\/\/www.imobiliare.ro\/imoexpert\/\",\"name\":\"ImoExpert\",\"description\":\"cele mai importante \u015ftiri din domeniul imobiliar\",\"publisher\":{\"@id\":\"https:\/\/www.imobiliare.ro\/imoexpert\/#organization\"},\"inLanguage\":\"en\"},{\"@type\":\"Organization\",\"@id\":\"https:\/\/www.imobiliare.ro\/imoexpert\/#organization\",\"name\":\"Imobiliare.ro\",\"alternateName\":\"Realmedia Network SA\",\"url\":\"https:\/\/www.imobiliare.ro\/imoexpert\/\",\"logo\":{\"@type\":\"ImageObject\",\"inLanguage\":\"en\",\"@id\":\"https:\/\/www.imobiliare.ro\/imoexpert\/#\/schema\/logo\/image\/\",\"url\":\"https:\/\/www.imobiliare.ro\/imoexpert\/wp-content\/uploads\/2025\/05\/imobiliare_logo.png\",\"contentUrl\":\"https:\/\/www.imobiliare.ro\/imoexpert\/wp-content\/uploads\/2025\/05\/imobiliare_logo.png\",\"width\":237,\"height\":29,\"caption\":\"Imobiliare.ro\"},\"image\":{\"@id\":\"https:\/\/www.imobiliare.ro\/imoexpert\/#\/schema\/logo\/image\/\"}},{\"@type\":\"Person\",\"@id\":\"https:\/\/www.imobiliare.ro\/imoexpert\/#\/schema\/person\/9ffdfbf24b82f39fc75a2fc6c19e4e99\",\"name\":\"Corina V\u00e2rlan\",\"image\":{\"@type\":\"ImageObject\",\"inLanguage\":\"en\",\"@id\":\"https:\/\/www.imobiliare.ro\/imoexpert\/#\/schema\/person\/image\/\",\"url\":\"https:\/\/www.imobiliare.ro\/imoexpert\/wp-content\/uploads\/2026\/02\/12-02-2025-5-rezumat-brasov-thumb-reels-1-1-96x96.png\",\"contentUrl\":\"https:\/\/www.imobiliare.ro\/imoexpert\/wp-content\/uploads\/2026\/02\/12-02-2025-5-rezumat-brasov-thumb-reels-1-1-96x96.png\",\"caption\":\"Corina V\u00e2rlan\"},\"description\":\"Cu o experien\u021b\u0103 de 14 ani \u00een presa online, comunicare \u0219i content marketing, Corina V\u00e2rlan s-a al\u0103turat echipei Imobiliare.ro \u00een urm\u0103 cu 8 ani \u0219i ocup\u0103, \u00een prezent, func\u021bia de Content Manager. Ea este gazda emisiunii \\\"\u00centreab\u0103 expertul\\\" \u0219i a seriei 5 \u0218tiri Imobiliare.ro, realizate \u00een parteneriat cu Libertatea. Corina \u00ee\u0219i concentreaz\u0103 activitatea pe analiza datelor de pia\u021b\u0103 \u0219i pe subiecte de interes at\u00e2t pentru cei afla\u021bi \u00een c\u0103utarea unei locuin\u021be, c\u00e2t \u0219i pentru proprietari sau chiria\u0219i.\",\"alternateName\":\"Corina\",\"jobTitle\":\"Content Manager\",\"url\":\"https:\/\/www.imobiliare.ro\/imoexpert\/author\/corina-varlan\/\"}]}<\/script>\n<!-- \/ Yoast SEO Premium plugin. -->","yoast_head_json":{"title":"Vrei o locuin\u021b\u0103 spa\u021bioas\u0103 sau s\u0103 \u00ee\u021bi aduci biroul acas\u0103? Aceast\u0103 proprietate deosebit\u0103 va pune cap\u0103t c\u0103ut\u0103rilor tale - Parteneri - ImoExpert","description":"O proprietate deosebit\u0103, ideal\u0103 dac\u0103 te afli \u00een c\u0103utarea unei locuin\u021be aparte pentru familia ta sau dac\u0103 \u00ee\u021bi dore\u0219ti s\u0103 g\u0103se\u0219ti o cas\u0103 care s\u0103 dispun\u0103 de","robots":{"index":"index","follow":"follow"},"canonical":"https:\/\/www.imobiliare.ro\/imoexpert\/vrei-o-locuinta-spatioasa-sau-sa-iti-aduci-biroul-acasa-aceasta-proprietate-deosebita-va-pune-capat-cautarilor-tale_db\/","og_locale":"ro_RO","og_type":"article","og_title":"Vrei o locuin\u021b\u0103 spa\u021bioas\u0103 sau s\u0103 \u00ee\u021bi aduci biroul acas\u0103? Aceast\u0103 proprietate deosebit\u0103 va pune cap\u0103t c\u0103ut\u0103rilor tale","og_description":"O proprietate deosebit\u0103, ideal\u0103 dac\u0103 te afli \u00een c\u0103utarea unei locuin\u021be aparte pentru familia ta sau dac\u0103 \u00ee\u021bi dore\u0219ti s\u0103 g\u0103se\u0219ti o cas\u0103 care s\u0103 dispun\u0103 de","og_url":"https:\/\/www.imobiliare.ro\/imoexpert\/vrei-o-locuinta-spatioasa-sau-sa-iti-aduci-biroul-acasa-aceasta-proprietate-deosebita-va-pune-capat-cautarilor-tale_db\/","og_site_name":"ImoExpert","article_published_time":"2019-02-22T09:06:54+00:00","og_image":[{"width":1620,"height":1080,"url":"https:\/\/www.imobiliare.ro\/imoexpert\/wp-content\/uploads\/2019\/02\/vila-voluntari.jpg","type":"image\/jpeg"}],"author":"Corina V\u00e2rlan","twitter_card":"summary_large_image","twitter_misc":{"Written by":"Corina V\u00e2rlan","Est. reading time":"2 minute"},"schema":{"@context":"https:\/\/schema.org","@graph":[{"@type":"Article","@id":"https:\/\/www.imobiliare.ro\/imoexpert\/vrei-o-locuinta-spatioasa-sau-sa-iti-aduci-biroul-acasa-aceasta-proprietate-deosebita-va-pune-capat-cautarilor-tale_db\/#article","isPartOf":{"@id":"https:\/\/www.imobiliare.ro\/imoexpert\/vrei-o-locuinta-spatioasa-sau-sa-iti-aduci-biroul-acasa-aceasta-proprietate-deosebita-va-pune-capat-cautarilor-tale_db\/"},"author":{"name":"Corina V\u00e2rlan","@id":"https:\/\/www.imobiliare.ro\/imoexpert\/#\/schema\/person\/9ffdfbf24b82f39fc75a2fc6c19e4e99"},"headline":"Vrei o locuin\u021b\u0103 spa\u021bioas\u0103 sau s\u0103 \u00ee\u021bi aduci biroul acas\u0103? Aceast\u0103 proprietate deosebit\u0103 va pune cap\u0103t c\u0103ut\u0103rilor tale","datePublished":"2019-02-22T09:06:54+00:00","mainEntityOfPage":{"@id":"https:\/\/www.imobiliare.ro\/imoexpert\/vrei-o-locuinta-spatioasa-sau-sa-iti-aduci-biroul-acasa-aceasta-proprietate-deosebita-va-pune-capat-cautarilor-tale_db\/"},"wordCount":405,"commentCount":0,"publisher":{"@id":"https:\/\/www.imobiliare.ro\/imoexpert\/#organization"},"image":{"@id":"https:\/\/www.imobiliare.ro\/imoexpert\/vrei-o-locuinta-spatioasa-sau-sa-iti-aduci-biroul-acasa-aceasta-proprietate-deosebita-va-pune-capat-cautarilor-tale_db\/#primaryimage"},"thumbnailUrl":"https:\/\/www.imobiliare.ro\/imoexpert\/wp-content\/uploads\/2019\/02\/vila-voluntari.jpg","keywords":["vila","Voluntari"],"articleSection":["Parteneri"],"inLanguage":"en","potentialAction":[{"@type":"CommentAction","name":"Comment","target":["https:\/\/www.imobiliare.ro\/imoexpert\/vrei-o-locuinta-spatioasa-sau-sa-iti-aduci-biroul-acasa-aceasta-proprietate-deosebita-va-pune-capat-cautarilor-tale_db\/#respond"]}],"copyrightYear":"2019","copyrightHolder":{"@id":"https:\/\/www.imobiliare.ro\/imoexpert\/#organization"}},{"@type":"WebPage","@id":"https:\/\/www.imobiliare.ro\/imoexpert\/vrei-o-locuinta-spatioasa-sau-sa-iti-aduci-biroul-acasa-aceasta-proprietate-deosebita-va-pune-capat-cautarilor-tale_db\/","url":"https:\/\/www.imobiliare.ro\/imoexpert\/vrei-o-locuinta-spatioasa-sau-sa-iti-aduci-biroul-acasa-aceasta-proprietate-deosebita-va-pune-capat-cautarilor-tale_db\/","name":"Vrei o locuin\u021b\u0103 spa\u021bioas\u0103 sau s\u0103 \u00ee\u021bi aduci biroul acas\u0103? Aceast\u0103 proprietate deosebit\u0103 va pune cap\u0103t c\u0103ut\u0103rilor tale - Parteneri - ImoExpert","isPartOf":{"@id":"https:\/\/www.imobiliare.ro\/imoexpert\/#website"},"primaryImageOfPage":{"@id":"https:\/\/www.imobiliare.ro\/imoexpert\/vrei-o-locuinta-spatioasa-sau-sa-iti-aduci-biroul-acasa-aceasta-proprietate-deosebita-va-pune-capat-cautarilor-tale_db\/#primaryimage"},"image":{"@id":"https:\/\/www.imobiliare.ro\/imoexpert\/vrei-o-locuinta-spatioasa-sau-sa-iti-aduci-biroul-acasa-aceasta-proprietate-deosebita-va-pune-capat-cautarilor-tale_db\/#primaryimage"},"thumbnailUrl":"https:\/\/www.imobiliare.ro\/imoexpert\/wp-content\/uploads\/2019\/02\/vila-voluntari.jpg","datePublished":"2019-02-22T09:06:54+00:00","description":"O proprietate deosebit\u0103, ideal\u0103 dac\u0103 te afli \u00een c\u0103utarea unei locuin\u021be aparte pentru familia ta sau dac\u0103 \u00ee\u021bi dore\u0219ti s\u0103 g\u0103se\u0219ti o cas\u0103 care s\u0103 dispun\u0103 de","breadcrumb":{"@id":"https:\/\/www.imobiliare.ro\/imoexpert\/vrei-o-locuinta-spatioasa-sau-sa-iti-aduci-biroul-acasa-aceasta-proprietate-deosebita-va-pune-capat-cautarilor-tale_db\/#breadcrumb"},"inLanguage":"en","potentialAction":[{"@type":"ReadAction","target":["https:\/\/www.imobiliare.ro\/imoexpert\/vrei-o-locuinta-spatioasa-sau-sa-iti-aduci-biroul-acasa-aceasta-proprietate-deosebita-va-pune-capat-cautarilor-tale_db\/"]}]},{"@type":"ImageObject","inLanguage":"en","@id":"https:\/\/www.imobiliare.ro\/imoexpert\/vrei-o-locuinta-spatioasa-sau-sa-iti-aduci-biroul-acasa-aceasta-proprietate-deosebita-va-pune-capat-cautarilor-tale_db\/#primaryimage","url":"https:\/\/www.imobiliare.ro\/imoexpert\/wp-content\/uploads\/2019\/02\/vila-voluntari.jpg","contentUrl":"https:\/\/www.imobiliare.ro\/imoexpert\/wp-content\/uploads\/2019\/02\/vila-voluntari.jpg","width":1620,"height":1080,"caption":"vila voluntari"},{"@type":"BreadcrumbList","@id":"https:\/\/www.imobiliare.ro\/imoexpert\/vrei-o-locuinta-spatioasa-sau-sa-iti-aduci-biroul-acasa-aceasta-proprietate-deosebita-va-pune-capat-cautarilor-tale_db\/#breadcrumb","itemListElement":[{"@type":"ListItem","position":1,"name":"Imoradar24","item":"https:\/\/www.imoradar24.ro"},{"@type":"ListItem","position":2,"name":"ImoExpert","item":"https:\/\/www.imobiliare.ro\/imoexpert\/"},{"@type":"ListItem","position":3,"name":"Parteneri","item":"https:\/\/www.imobiliare.ro\/imoexpert\/parteneri\/"},{"@type":"ListItem","position":4,"name":"Vrei o locuin\u021b\u0103 spa\u021bioas\u0103 sau s\u0103 \u00ee\u021bi aduci biroul acas\u0103? Aceast\u0103 proprietate deosebit\u0103 va pune cap\u0103t c\u0103ut\u0103rilor tale"}]},{"@type":"WebSite","@id":"https:\/\/www.imobiliare.ro\/imoexpert\/#website","url":"https:\/\/www.imobiliare.ro\/imoexpert\/","name":"ImoExpert","description":"cele mai importante \u015ftiri din domeniul imobiliar","publisher":{"@id":"https:\/\/www.imobiliare.ro\/imoexpert\/#organization"},"inLanguage":"en"},{"@type":"Organization","@id":"https:\/\/www.imobiliare.ro\/imoexpert\/#organization","name":"Imobiliare.ro","alternateName":"Realmedia Network SA","url":"https:\/\/www.imobiliare.ro\/imoexpert\/","logo":{"@type":"ImageObject","inLanguage":"en","@id":"https:\/\/www.imobiliare.ro\/imoexpert\/#\/schema\/logo\/image\/","url":"https:\/\/www.imobiliare.ro\/imoexpert\/wp-content\/uploads\/2025\/05\/imobiliare_logo.png","contentUrl":"https:\/\/www.imobiliare.ro\/imoexpert\/wp-content\/uploads\/2025\/05\/imobiliare_logo.png","width":237,"height":29,"caption":"Imobiliare.ro"},"image":{"@id":"https:\/\/www.imobiliare.ro\/imoexpert\/#\/schema\/logo\/image\/"}},{"@type":"Person","@id":"https:\/\/www.imobiliare.ro\/imoexpert\/#\/schema\/person\/9ffdfbf24b82f39fc75a2fc6c19e4e99","name":"Corina V\u00e2rlan","image":{"@type":"ImageObject","inLanguage":"en","@id":"https:\/\/www.imobiliare.ro\/imoexpert\/#\/schema\/person\/image\/","url":"https:\/\/www.imobiliare.ro\/imoexpert\/wp-content\/uploads\/2026\/02\/12-02-2025-5-rezumat-brasov-thumb-reels-1-1-96x96.png","contentUrl":"https:\/\/www.imobiliare.ro\/imoexpert\/wp-content\/uploads\/2026\/02\/12-02-2025-5-rezumat-brasov-thumb-reels-1-1-96x96.png","caption":"Corina V\u00e2rlan"},"description":"Cu o experien\u021b\u0103 de 14 ani \u00een presa online, comunicare \u0219i content marketing, Corina V\u00e2rlan s-a al\u0103turat echipei Imobiliare.ro \u00een urm\u0103 cu 8 ani \u0219i ocup\u0103, \u00een prezent, func\u021bia de Content Manager. Ea este gazda emisiunii \"\u00centreab\u0103 expertul\" \u0219i a seriei 5 \u0218tiri Imobiliare.ro, realizate \u00een parteneriat cu Libertatea. Corina \u00ee\u0219i concentreaz\u0103 activitatea pe analiza datelor de pia\u021b\u0103 \u0219i pe subiecte de interes at\u00e2t pentru cei afla\u021bi \u00een c\u0103utarea unei locuin\u021be, c\u00e2t \u0219i pentru proprietari sau chiria\u0219i.","alternateName":"Corina","jobTitle":"Content Manager","url":"https:\/\/www.imobiliare.ro\/imoexpert\/author\/corina-varlan\/"}]}},"_links":{"self":[{"href":"https:\/\/www.imobiliare.ro\/imoexpert\/wp-json\/wp\/v2\/posts\/54868","targetHints":{"allow":["GET"]}}],"collection":[{"href":"https:\/\/www.imobiliare.ro\/imoexpert\/wp-json\/wp\/v2\/posts"}],"about":[{"href":"https:\/\/www.imobiliare.ro\/imoexpert\/wp-json\/wp\/v2\/types\/post"}],"author":[{"embeddable":true,"href":"https:\/\/www.imobiliare.ro\/imoexpert\/wp-json\/wp\/v2\/users\/5891"}],"replies":[{"embeddable":true,"href":"https:\/\/www.imobiliare.ro\/imoexpert\/wp-json\/wp\/v2\/comments?post=54868"}],"version-history":[{"count":0,"href":"https:\/\/www.imobiliare.ro\/imoexpert\/wp-json\/wp\/v2\/posts\/54868\/revisions"}],"wp:featuredmedia":[{"embeddable":true,"href":"https:\/\/www.imobiliare.ro\/imoexpert\/wp-json\/wp\/v2\/media\/54869"}],"wp:attachment":[{"href":"https:\/\/www.imobiliare.ro\/imoexpert\/wp-json\/wp\/v2\/media?parent=54868"}],"wp:term":[{"taxonomy":"category","embeddable":true,"href":"https:\/\/www.imobiliare.ro\/imoexpert\/wp-json\/wp\/v2\/categories?post=54868"},{"taxonomy":"post_tag","embeddable":true,"href":"https:\/\/www.imobiliare.ro\/imoexpert\/wp-json\/wp\/v2\/tags?post=54868"},{"taxonomy":"content_author","embeddable":true,"href":"https:\/\/www.imobiliare.ro\/imoexpert\/wp-json\/wp\/v2\/content_author?post=54868"}],"curies":[{"name":"wp","href":"https:\/\/api.w.org\/{rel}","templated":true}]}}