{"id":54946,"date":"2019-02-28T17:25:11","date_gmt":"2019-02-28T15:25:11","guid":{"rendered":"https:\/\/www.imobiliare.ro\/imoexpert\/?p=54946"},"modified":"2019-02-28T17:25:11","modified_gmt":"2019-02-28T15:25:11","slug":"cum-poti-participa-gratuit-la-salonul-imobiliar-bucuresti-primul-targ-de-profil-al-anului","status":"publish","type":"post","link":"https:\/\/www.imobiliare.ro\/imoexpert\/cum-poti-participa-gratuit-la-salonul-imobiliar-bucuresti-primul-targ-de-profil-al-anului_db\/","title":{"rendered":"Cum po\u021bi participa gratuit la Salonul Imobiliar Bucure\u0219ti, primul t\u00e2rg de profil al anului"},"content":{"rendered":"<h2><img loading=\"lazy\" decoding=\"async\" class=\"alignnone size-large wp-image-54947\" src=\"https:\/\/www.imobiliare.ro\/imoexpert\/wp-content\/uploads\/2019\/02\/salonul-imobiliar-bucuresti-martie-2019-1024x707.jpg\" alt=\"salonul imobiliar bucuresti martie 2019\" width=\"1024\" height=\"707\" srcset=\"https:\/\/www.imobiliare.ro\/imoexpert\/wp-content\/uploads\/2019\/02\/salonul-imobiliar-bucuresti-martie-2019-1024x707.jpg 1024w, https:\/\/www.imobiliare.ro\/imoexpert\/wp-content\/uploads\/2019\/02\/salonul-imobiliar-bucuresti-martie-2019-300x207.jpg 300w, https:\/\/www.imobiliare.ro\/imoexpert\/wp-content\/uploads\/2019\/02\/salonul-imobiliar-bucuresti-martie-2019-768x531.jpg 768w, https:\/\/www.imobiliare.ro\/imoexpert\/wp-content\/uploads\/2019\/02\/salonul-imobiliar-bucuresti-martie-2019.jpg 1268w\" sizes=\"auto, (max-width: 1024px) 100vw, 1024px\" \/><\/h2>\n<h2>Salonul Imobiliar Bucure\u0219ti, primul t\u00e2rg de profil al anului, se organizeaz\u0103 s\u0103pt\u0103m\u00e2na aceasta la Palatul Parlamentului.<\/h2>\n<p>Cei mai importan\u021bi dezvoltatori \u0219i cele mai mari agen\u021bii \u00ee\u0219i expun, \u00een perioada <strong>1-3 martie<\/strong>, oferta imobiliar\u0103 din 2019 la acest eveniment, peste 100 de proiecte reziden\u021biale urm\u00e2nd s\u0103 fie aduse \u00een aten\u021bia vizitatorilor.<\/p>\n<p>Printre expozan\u021bii de la SIB se vor num\u0103ra\u00a0Arcadia Apartments Domenii, Cartierul Solar, Stegarului Boutique Apartments, ISG Residence, Atria Urban Resort, Pallady Towers, AFI City Bucure\u0219tii Noi, Citta, H Pipera Lake, Metropolitan, Vita Bella, Aqua City, Greenfield Residence, Luxuria Domenii Residence, Quadra Trees, Vivenda Hercesa, DaVinci Residence, Arbo Residence Mogo\u0219oaia, City Land, Optimum, AppTown, 21 Residence, Romco Reziden\u021bial, Ambasador, Spazio, Exigent, Triplea Residence, Trend Residence, Palladium sau Ivonco.<\/p>\n<p>O zon\u0103 special\u0103 dedicat\u0103 ofertelor din pia\u021ba veche, fie ele pentru garsoniere, apartamente cu 2, 3 sau 4 camere \u0219i chiar \u0219i pentru case, se va organiza la a \u0219asea edi\u021bie a t\u00e2rgului.<\/p>\n<p>Mai mult, vizitatorii vor putea g\u0103si la SIB oferte pentru mobilier, decora\u021biuni interioare, amenaj\u0103ri, servicii de arhitectur\u0103, sisteme de securitate \u0219i multe altele.<\/p>\n<p>T\u00e2rgul este deschis vineri\u00a0\u00eentre orele 12:00-19:00, s\u00e2mb\u0103t\u0103 \u00eentre orele 10:00-19:00 \u0219i duminic\u0103 \u00eentre orele 10:00-18:00.<\/p>\n<p><span style=\"color: #ff0000;\"><strong>Imobiliare.ro<\/strong><\/span> este partener media al evenimentului. Po\u021bi participa gratuit la SIB, dac\u0103 spui la casa de bilete parola &#8222;IMOBILIARE.RO&#8221;, cu condi\u021bia s\u0103 fii \u00eenso\u021bit de un pl\u0103titor de bilet.<\/p>\n","protected":false},"excerpt":{"rendered":"<p>Salonul Imobiliar Bucure\u0219ti, primul t\u00e2rg de profil al anului, se organizeaz\u0103 s\u0103pt\u0103m\u00e2na aceasta la Palatul Parlamentului. Cei mai importan\u021bi dezvoltatori \u0219i cele mai mari agen\u021bii \u00ee\u0219i expun, \u00een perioada 1-3 martie, oferta imobiliar\u0103 din 2019 la acest eveniment, peste 100 de proiecte reziden\u021biale urm\u00e2nd s\u0103 fie aduse \u00een aten\u021bia vizitatorilor. Printre expozan\u021bii de la SIB [&hellip;]<\/p>\n","protected":false},"author":5891,"featured_media":54947,"comment_status":"open","ping_status":"open","sticky":false,"template":"","format":"standard","meta":{"footnotes":""},"categories":[259],"tags":[1768,386],"content_author":[],"class_list":["post-54946","post","type-post","status-publish","format-standard","has-post-thumbnail","hentry","category-stiri","tag-salonul-imobiliar-bucuresti","tag-targ-imobiliar"],"yoast_head":"<!-- This site is optimized with the Yoast SEO Premium plugin v27.0 (Yoast SEO v27.0) - https:\/\/yoast.com\/product\/yoast-seo-premium-wordpress\/ -->\n<title>Cum po\u021bi participa gratuit la Salonul Imobiliar Bucure\u0219ti, primul t\u00e2rg de profil al anului - \u0218tiri - ImoExpert<\/title>\n<meta name=\"description\" content=\"Salonul Imobiliar Bucure\u0219ti, primul t\u00e2rg de profil al anului, se organizeaz\u0103 s\u0103pt\u0103m\u00e2na aceasta la Palatul Parlamentului. Cei mai importan\u021bi dezvoltatori\" \/>\n<meta name=\"robots\" content=\"index, follow\" \/>\n<link rel=\"canonical\" href=\"https:\/\/www.imobiliare.ro\/imoexpert\/cum-poti-participa-gratuit-la-salonul-imobiliar-bucuresti-primul-targ-de-profil-al-anului_db\/\" \/>\n<meta property=\"og:locale\" content=\"ro_RO\" \/>\n<meta property=\"og:type\" content=\"article\" \/>\n<meta property=\"og:title\" content=\"Cum po\u021bi participa gratuit la Salonul Imobiliar Bucure\u0219ti, primul t\u00e2rg de profil al anului\" \/>\n<meta property=\"og:description\" content=\"Salonul Imobiliar Bucure\u0219ti, primul t\u00e2rg de profil al anului, se organizeaz\u0103 s\u0103pt\u0103m\u00e2na aceasta la Palatul Parlamentului. Cei mai importan\u021bi dezvoltatori\" \/>\n<meta property=\"og:url\" content=\"https:\/\/www.imobiliare.ro\/imoexpert\/cum-poti-participa-gratuit-la-salonul-imobiliar-bucuresti-primul-targ-de-profil-al-anului_db\/\" \/>\n<meta property=\"og:site_name\" content=\"ImoExpert\" \/>\n<meta property=\"article:published_time\" content=\"2019-02-28T15:25:11+00:00\" \/>\n<meta property=\"og:image\" content=\"https:\/\/www.imobiliare.ro\/imoexpert\/wp-content\/uploads\/2019\/02\/salonul-imobiliar-bucuresti-martie-2019.jpg\" \/>\n\t<meta property=\"og:image:width\" content=\"1268\" \/>\n\t<meta property=\"og:image:height\" content=\"876\" \/>\n\t<meta property=\"og:image:type\" content=\"image\/jpeg\" \/>\n<meta name=\"author\" content=\"Corina V\u00e2rlan\" \/>\n<meta name=\"twitter:card\" content=\"summary_large_image\" \/>\n<meta name=\"twitter:label1\" content=\"Written by\" \/>\n\t<meta name=\"twitter:data1\" content=\"Corina V\u00e2rlan\" \/>\n\t<meta name=\"twitter:label2\" content=\"Est. reading time\" \/>\n\t<meta name=\"twitter:data2\" content=\"1 minut\" \/>\n<script type=\"application\/ld+json\" class=\"yoast-schema-graph\">{\"@context\":\"https:\/\/schema.org\",\"@graph\":[{\"@type\":\"Article\",\"@id\":\"https:\/\/www.imobiliare.ro\/imoexpert\/cum-poti-participa-gratuit-la-salonul-imobiliar-bucuresti-primul-targ-de-profil-al-anului_db\/#article\",\"isPartOf\":{\"@id\":\"https:\/\/www.imobiliare.ro\/imoexpert\/cum-poti-participa-gratuit-la-salonul-imobiliar-bucuresti-primul-targ-de-profil-al-anului_db\/\"},\"author\":{\"name\":\"Corina V\u00e2rlan\",\"@id\":\"https:\/\/www.imobiliare.ro\/imoexpert\/#\/schema\/person\/9ffdfbf24b82f39fc75a2fc6c19e4e99\"},\"headline\":\"Cum po\u021bi participa gratuit la Salonul Imobiliar Bucure\u0219ti, primul t\u00e2rg de profil al anului\",\"datePublished\":\"2019-02-28T15:25:11+00:00\",\"mainEntityOfPage\":{\"@id\":\"https:\/\/www.imobiliare.ro\/imoexpert\/cum-poti-participa-gratuit-la-salonul-imobiliar-bucuresti-primul-targ-de-profil-al-anului_db\/\"},\"wordCount\":260,\"commentCount\":0,\"publisher\":{\"@id\":\"https:\/\/www.imobiliare.ro\/imoexpert\/#organization\"},\"image\":{\"@id\":\"https:\/\/www.imobiliare.ro\/imoexpert\/cum-poti-participa-gratuit-la-salonul-imobiliar-bucuresti-primul-targ-de-profil-al-anului_db\/#primaryimage\"},\"thumbnailUrl\":\"https:\/\/www.imobiliare.ro\/imoexpert\/wp-content\/uploads\/2019\/02\/salonul-imobiliar-bucuresti-martie-2019.jpg\",\"keywords\":[\"Salonul Imobiliar Bucure\u0219ti\",\"targ imobiliar\"],\"articleSection\":[\"\u0218tiri\"],\"inLanguage\":\"en\",\"potentialAction\":[{\"@type\":\"CommentAction\",\"name\":\"Comment\",\"target\":[\"https:\/\/www.imobiliare.ro\/imoexpert\/cum-poti-participa-gratuit-la-salonul-imobiliar-bucuresti-primul-targ-de-profil-al-anului_db\/#respond\"]}],\"copyrightYear\":\"2019\",\"copyrightHolder\":{\"@id\":\"https:\/\/www.imobiliare.ro\/imoexpert\/#organization\"}},{\"@type\":\"WebPage\",\"@id\":\"https:\/\/www.imobiliare.ro\/imoexpert\/cum-poti-participa-gratuit-la-salonul-imobiliar-bucuresti-primul-targ-de-profil-al-anului_db\/\",\"url\":\"https:\/\/www.imobiliare.ro\/imoexpert\/cum-poti-participa-gratuit-la-salonul-imobiliar-bucuresti-primul-targ-de-profil-al-anului_db\/\",\"name\":\"Cum po\u021bi participa gratuit la Salonul Imobiliar Bucure\u0219ti, primul t\u00e2rg de profil al anului - \u0218tiri - ImoExpert\",\"isPartOf\":{\"@id\":\"https:\/\/www.imobiliare.ro\/imoexpert\/#website\"},\"primaryImageOfPage\":{\"@id\":\"https:\/\/www.imobiliare.ro\/imoexpert\/cum-poti-participa-gratuit-la-salonul-imobiliar-bucuresti-primul-targ-de-profil-al-anului_db\/#primaryimage\"},\"image\":{\"@id\":\"https:\/\/www.imobiliare.ro\/imoexpert\/cum-poti-participa-gratuit-la-salonul-imobiliar-bucuresti-primul-targ-de-profil-al-anului_db\/#primaryimage\"},\"thumbnailUrl\":\"https:\/\/www.imobiliare.ro\/imoexpert\/wp-content\/uploads\/2019\/02\/salonul-imobiliar-bucuresti-martie-2019.jpg\",\"datePublished\":\"2019-02-28T15:25:11+00:00\",\"description\":\"Salonul Imobiliar Bucure\u0219ti, primul t\u00e2rg de profil al anului, se organizeaz\u0103 s\u0103pt\u0103m\u00e2na aceasta la Palatul Parlamentului. Cei mai importan\u021bi dezvoltatori\",\"breadcrumb\":{\"@id\":\"https:\/\/www.imobiliare.ro\/imoexpert\/cum-poti-participa-gratuit-la-salonul-imobiliar-bucuresti-primul-targ-de-profil-al-anului_db\/#breadcrumb\"},\"inLanguage\":\"en\",\"potentialAction\":[{\"@type\":\"ReadAction\",\"target\":[\"https:\/\/www.imobiliare.ro\/imoexpert\/cum-poti-participa-gratuit-la-salonul-imobiliar-bucuresti-primul-targ-de-profil-al-anului_db\/\"]}]},{\"@type\":\"ImageObject\",\"inLanguage\":\"en\",\"@id\":\"https:\/\/www.imobiliare.ro\/imoexpert\/cum-poti-participa-gratuit-la-salonul-imobiliar-bucuresti-primul-targ-de-profil-al-anului_db\/#primaryimage\",\"url\":\"https:\/\/www.imobiliare.ro\/imoexpert\/wp-content\/uploads\/2019\/02\/salonul-imobiliar-bucuresti-martie-2019.jpg\",\"contentUrl\":\"https:\/\/www.imobiliare.ro\/imoexpert\/wp-content\/uploads\/2019\/02\/salonul-imobiliar-bucuresti-martie-2019.jpg\",\"width\":1268,\"height\":876,\"caption\":\"salonul imobiliar bucuresti martie 2019\"},{\"@type\":\"BreadcrumbList\",\"@id\":\"https:\/\/www.imobiliare.ro\/imoexpert\/cum-poti-participa-gratuit-la-salonul-imobiliar-bucuresti-primul-targ-de-profil-al-anului_db\/#breadcrumb\",\"itemListElement\":[{\"@type\":\"ListItem\",\"position\":1,\"name\":\"Imoradar24\",\"item\":\"https:\/\/www.imoradar24.ro\"},{\"@type\":\"ListItem\",\"position\":2,\"name\":\"ImoExpert\",\"item\":\"https:\/\/www.imobiliare.ro\/imoexpert\/\"},{\"@type\":\"ListItem\",\"position\":3,\"name\":\"\u0218tiri\",\"item\":\"https:\/\/www.imobiliare.ro\/imoexpert\/stiri\/\"},{\"@type\":\"ListItem\",\"position\":4,\"name\":\"Cum po\u021bi participa gratuit la Salonul Imobiliar Bucure\u0219ti, primul t\u00e2rg de profil al anului\"}]},{\"@type\":\"WebSite\",\"@id\":\"https:\/\/www.imobiliare.ro\/imoexpert\/#website\",\"url\":\"https:\/\/www.imobiliare.ro\/imoexpert\/\",\"name\":\"ImoExpert\",\"description\":\"cele mai importante \u015ftiri din domeniul imobiliar\",\"publisher\":{\"@id\":\"https:\/\/www.imobiliare.ro\/imoexpert\/#organization\"},\"inLanguage\":\"en\"},{\"@type\":\"Organization\",\"@id\":\"https:\/\/www.imobiliare.ro\/imoexpert\/#organization\",\"name\":\"Imobiliare.ro\",\"alternateName\":\"Realmedia Network SA\",\"url\":\"https:\/\/www.imobiliare.ro\/imoexpert\/\",\"logo\":{\"@type\":\"ImageObject\",\"inLanguage\":\"en\",\"@id\":\"https:\/\/www.imobiliare.ro\/imoexpert\/#\/schema\/logo\/image\/\",\"url\":\"https:\/\/www.imobiliare.ro\/imoexpert\/wp-content\/uploads\/2025\/05\/imobiliare_logo.png\",\"contentUrl\":\"https:\/\/www.imobiliare.ro\/imoexpert\/wp-content\/uploads\/2025\/05\/imobiliare_logo.png\",\"width\":237,\"height\":29,\"caption\":\"Imobiliare.ro\"},\"image\":{\"@id\":\"https:\/\/www.imobiliare.ro\/imoexpert\/#\/schema\/logo\/image\/\"}},{\"@type\":\"Person\",\"@id\":\"https:\/\/www.imobiliare.ro\/imoexpert\/#\/schema\/person\/9ffdfbf24b82f39fc75a2fc6c19e4e99\",\"name\":\"Corina V\u00e2rlan\",\"image\":{\"@type\":\"ImageObject\",\"inLanguage\":\"en\",\"@id\":\"https:\/\/www.imobiliare.ro\/imoexpert\/#\/schema\/person\/image\/\",\"url\":\"https:\/\/www.imobiliare.ro\/imoexpert\/wp-content\/uploads\/2026\/02\/12-02-2025-5-rezumat-brasov-thumb-reels-1-1-96x96.png\",\"contentUrl\":\"https:\/\/www.imobiliare.ro\/imoexpert\/wp-content\/uploads\/2026\/02\/12-02-2025-5-rezumat-brasov-thumb-reels-1-1-96x96.png\",\"caption\":\"Corina V\u00e2rlan\"},\"description\":\"Cu o experien\u021b\u0103 de 14 ani \u00een presa online, comunicare \u0219i content marketing, Corina V\u00e2rlan s-a al\u0103turat echipei Imobiliare.ro \u00een urm\u0103 cu 8 ani \u0219i ocup\u0103, \u00een prezent, func\u021bia de Content Manager. Ea este gazda emisiunii \\\"\u00centreab\u0103 expertul\\\" \u0219i a seriei 5 \u0218tiri Imobiliare.ro, realizate \u00een parteneriat cu Libertatea. Corina \u00ee\u0219i concentreaz\u0103 activitatea pe analiza datelor de pia\u021b\u0103 \u0219i pe subiecte de interes at\u00e2t pentru cei afla\u021bi \u00een c\u0103utarea unei locuin\u021be, c\u00e2t \u0219i pentru proprietari sau chiria\u0219i.\",\"alternateName\":\"Corina\",\"jobTitle\":\"Content Manager\",\"url\":\"https:\/\/www.imobiliare.ro\/imoexpert\/author\/corina-varlan\/\"}]}<\/script>\n<!-- \/ Yoast SEO Premium plugin. -->","yoast_head_json":{"title":"Cum po\u021bi participa gratuit la Salonul Imobiliar Bucure\u0219ti, primul t\u00e2rg de profil al anului - \u0218tiri - ImoExpert","description":"Salonul Imobiliar Bucure\u0219ti, primul t\u00e2rg de profil al anului, se organizeaz\u0103 s\u0103pt\u0103m\u00e2na aceasta la Palatul Parlamentului. Cei mai importan\u021bi dezvoltatori","robots":{"index":"index","follow":"follow"},"canonical":"https:\/\/www.imobiliare.ro\/imoexpert\/cum-poti-participa-gratuit-la-salonul-imobiliar-bucuresti-primul-targ-de-profil-al-anului_db\/","og_locale":"ro_RO","og_type":"article","og_title":"Cum po\u021bi participa gratuit la Salonul Imobiliar Bucure\u0219ti, primul t\u00e2rg de profil al anului","og_description":"Salonul Imobiliar Bucure\u0219ti, primul t\u00e2rg de profil al anului, se organizeaz\u0103 s\u0103pt\u0103m\u00e2na aceasta la Palatul Parlamentului. Cei mai importan\u021bi dezvoltatori","og_url":"https:\/\/www.imobiliare.ro\/imoexpert\/cum-poti-participa-gratuit-la-salonul-imobiliar-bucuresti-primul-targ-de-profil-al-anului_db\/","og_site_name":"ImoExpert","article_published_time":"2019-02-28T15:25:11+00:00","og_image":[{"width":1268,"height":876,"url":"https:\/\/www.imobiliare.ro\/imoexpert\/wp-content\/uploads\/2019\/02\/salonul-imobiliar-bucuresti-martie-2019.jpg","type":"image\/jpeg"}],"author":"Corina V\u00e2rlan","twitter_card":"summary_large_image","twitter_misc":{"Written by":"Corina V\u00e2rlan","Est. reading time":"1 minut"},"schema":{"@context":"https:\/\/schema.org","@graph":[{"@type":"Article","@id":"https:\/\/www.imobiliare.ro\/imoexpert\/cum-poti-participa-gratuit-la-salonul-imobiliar-bucuresti-primul-targ-de-profil-al-anului_db\/#article","isPartOf":{"@id":"https:\/\/www.imobiliare.ro\/imoexpert\/cum-poti-participa-gratuit-la-salonul-imobiliar-bucuresti-primul-targ-de-profil-al-anului_db\/"},"author":{"name":"Corina V\u00e2rlan","@id":"https:\/\/www.imobiliare.ro\/imoexpert\/#\/schema\/person\/9ffdfbf24b82f39fc75a2fc6c19e4e99"},"headline":"Cum po\u021bi participa gratuit la Salonul Imobiliar Bucure\u0219ti, primul t\u00e2rg de profil al anului","datePublished":"2019-02-28T15:25:11+00:00","mainEntityOfPage":{"@id":"https:\/\/www.imobiliare.ro\/imoexpert\/cum-poti-participa-gratuit-la-salonul-imobiliar-bucuresti-primul-targ-de-profil-al-anului_db\/"},"wordCount":260,"commentCount":0,"publisher":{"@id":"https:\/\/www.imobiliare.ro\/imoexpert\/#organization"},"image":{"@id":"https:\/\/www.imobiliare.ro\/imoexpert\/cum-poti-participa-gratuit-la-salonul-imobiliar-bucuresti-primul-targ-de-profil-al-anului_db\/#primaryimage"},"thumbnailUrl":"https:\/\/www.imobiliare.ro\/imoexpert\/wp-content\/uploads\/2019\/02\/salonul-imobiliar-bucuresti-martie-2019.jpg","keywords":["Salonul Imobiliar Bucure\u0219ti","targ imobiliar"],"articleSection":["\u0218tiri"],"inLanguage":"en","potentialAction":[{"@type":"CommentAction","name":"Comment","target":["https:\/\/www.imobiliare.ro\/imoexpert\/cum-poti-participa-gratuit-la-salonul-imobiliar-bucuresti-primul-targ-de-profil-al-anului_db\/#respond"]}],"copyrightYear":"2019","copyrightHolder":{"@id":"https:\/\/www.imobiliare.ro\/imoexpert\/#organization"}},{"@type":"WebPage","@id":"https:\/\/www.imobiliare.ro\/imoexpert\/cum-poti-participa-gratuit-la-salonul-imobiliar-bucuresti-primul-targ-de-profil-al-anului_db\/","url":"https:\/\/www.imobiliare.ro\/imoexpert\/cum-poti-participa-gratuit-la-salonul-imobiliar-bucuresti-primul-targ-de-profil-al-anului_db\/","name":"Cum po\u021bi participa gratuit la Salonul Imobiliar Bucure\u0219ti, primul t\u00e2rg de profil al anului - \u0218tiri - ImoExpert","isPartOf":{"@id":"https:\/\/www.imobiliare.ro\/imoexpert\/#website"},"primaryImageOfPage":{"@id":"https:\/\/www.imobiliare.ro\/imoexpert\/cum-poti-participa-gratuit-la-salonul-imobiliar-bucuresti-primul-targ-de-profil-al-anului_db\/#primaryimage"},"image":{"@id":"https:\/\/www.imobiliare.ro\/imoexpert\/cum-poti-participa-gratuit-la-salonul-imobiliar-bucuresti-primul-targ-de-profil-al-anului_db\/#primaryimage"},"thumbnailUrl":"https:\/\/www.imobiliare.ro\/imoexpert\/wp-content\/uploads\/2019\/02\/salonul-imobiliar-bucuresti-martie-2019.jpg","datePublished":"2019-02-28T15:25:11+00:00","description":"Salonul Imobiliar Bucure\u0219ti, primul t\u00e2rg de profil al anului, se organizeaz\u0103 s\u0103pt\u0103m\u00e2na aceasta la Palatul Parlamentului. Cei mai importan\u021bi dezvoltatori","breadcrumb":{"@id":"https:\/\/www.imobiliare.ro\/imoexpert\/cum-poti-participa-gratuit-la-salonul-imobiliar-bucuresti-primul-targ-de-profil-al-anului_db\/#breadcrumb"},"inLanguage":"en","potentialAction":[{"@type":"ReadAction","target":["https:\/\/www.imobiliare.ro\/imoexpert\/cum-poti-participa-gratuit-la-salonul-imobiliar-bucuresti-primul-targ-de-profil-al-anului_db\/"]}]},{"@type":"ImageObject","inLanguage":"en","@id":"https:\/\/www.imobiliare.ro\/imoexpert\/cum-poti-participa-gratuit-la-salonul-imobiliar-bucuresti-primul-targ-de-profil-al-anului_db\/#primaryimage","url":"https:\/\/www.imobiliare.ro\/imoexpert\/wp-content\/uploads\/2019\/02\/salonul-imobiliar-bucuresti-martie-2019.jpg","contentUrl":"https:\/\/www.imobiliare.ro\/imoexpert\/wp-content\/uploads\/2019\/02\/salonul-imobiliar-bucuresti-martie-2019.jpg","width":1268,"height":876,"caption":"salonul imobiliar bucuresti martie 2019"},{"@type":"BreadcrumbList","@id":"https:\/\/www.imobiliare.ro\/imoexpert\/cum-poti-participa-gratuit-la-salonul-imobiliar-bucuresti-primul-targ-de-profil-al-anului_db\/#breadcrumb","itemListElement":[{"@type":"ListItem","position":1,"name":"Imoradar24","item":"https:\/\/www.imoradar24.ro"},{"@type":"ListItem","position":2,"name":"ImoExpert","item":"https:\/\/www.imobiliare.ro\/imoexpert\/"},{"@type":"ListItem","position":3,"name":"\u0218tiri","item":"https:\/\/www.imobiliare.ro\/imoexpert\/stiri\/"},{"@type":"ListItem","position":4,"name":"Cum po\u021bi participa gratuit la Salonul Imobiliar Bucure\u0219ti, primul t\u00e2rg de profil al anului"}]},{"@type":"WebSite","@id":"https:\/\/www.imobiliare.ro\/imoexpert\/#website","url":"https:\/\/www.imobiliare.ro\/imoexpert\/","name":"ImoExpert","description":"cele mai importante \u015ftiri din domeniul imobiliar","publisher":{"@id":"https:\/\/www.imobiliare.ro\/imoexpert\/#organization"},"inLanguage":"en"},{"@type":"Organization","@id":"https:\/\/www.imobiliare.ro\/imoexpert\/#organization","name":"Imobiliare.ro","alternateName":"Realmedia Network SA","url":"https:\/\/www.imobiliare.ro\/imoexpert\/","logo":{"@type":"ImageObject","inLanguage":"en","@id":"https:\/\/www.imobiliare.ro\/imoexpert\/#\/schema\/logo\/image\/","url":"https:\/\/www.imobiliare.ro\/imoexpert\/wp-content\/uploads\/2025\/05\/imobiliare_logo.png","contentUrl":"https:\/\/www.imobiliare.ro\/imoexpert\/wp-content\/uploads\/2025\/05\/imobiliare_logo.png","width":237,"height":29,"caption":"Imobiliare.ro"},"image":{"@id":"https:\/\/www.imobiliare.ro\/imoexpert\/#\/schema\/logo\/image\/"}},{"@type":"Person","@id":"https:\/\/www.imobiliare.ro\/imoexpert\/#\/schema\/person\/9ffdfbf24b82f39fc75a2fc6c19e4e99","name":"Corina V\u00e2rlan","image":{"@type":"ImageObject","inLanguage":"en","@id":"https:\/\/www.imobiliare.ro\/imoexpert\/#\/schema\/person\/image\/","url":"https:\/\/www.imobiliare.ro\/imoexpert\/wp-content\/uploads\/2026\/02\/12-02-2025-5-rezumat-brasov-thumb-reels-1-1-96x96.png","contentUrl":"https:\/\/www.imobiliare.ro\/imoexpert\/wp-content\/uploads\/2026\/02\/12-02-2025-5-rezumat-brasov-thumb-reels-1-1-96x96.png","caption":"Corina V\u00e2rlan"},"description":"Cu o experien\u021b\u0103 de 14 ani \u00een presa online, comunicare \u0219i content marketing, Corina V\u00e2rlan s-a al\u0103turat echipei Imobiliare.ro \u00een urm\u0103 cu 8 ani \u0219i ocup\u0103, \u00een prezent, func\u021bia de Content Manager. Ea este gazda emisiunii \"\u00centreab\u0103 expertul\" \u0219i a seriei 5 \u0218tiri Imobiliare.ro, realizate \u00een parteneriat cu Libertatea. Corina \u00ee\u0219i concentreaz\u0103 activitatea pe analiza datelor de pia\u021b\u0103 \u0219i pe subiecte de interes at\u00e2t pentru cei afla\u021bi \u00een c\u0103utarea unei locuin\u021be, c\u00e2t \u0219i pentru proprietari sau chiria\u0219i.","alternateName":"Corina","jobTitle":"Content Manager","url":"https:\/\/www.imobiliare.ro\/imoexpert\/author\/corina-varlan\/"}]}},"_links":{"self":[{"href":"https:\/\/www.imobiliare.ro\/imoexpert\/wp-json\/wp\/v2\/posts\/54946","targetHints":{"allow":["GET"]}}],"collection":[{"href":"https:\/\/www.imobiliare.ro\/imoexpert\/wp-json\/wp\/v2\/posts"}],"about":[{"href":"https:\/\/www.imobiliare.ro\/imoexpert\/wp-json\/wp\/v2\/types\/post"}],"author":[{"embeddable":true,"href":"https:\/\/www.imobiliare.ro\/imoexpert\/wp-json\/wp\/v2\/users\/5891"}],"replies":[{"embeddable":true,"href":"https:\/\/www.imobiliare.ro\/imoexpert\/wp-json\/wp\/v2\/comments?post=54946"}],"version-history":[{"count":0,"href":"https:\/\/www.imobiliare.ro\/imoexpert\/wp-json\/wp\/v2\/posts\/54946\/revisions"}],"wp:featuredmedia":[{"embeddable":true,"href":"https:\/\/www.imobiliare.ro\/imoexpert\/wp-json\/wp\/v2\/media\/54947"}],"wp:attachment":[{"href":"https:\/\/www.imobiliare.ro\/imoexpert\/wp-json\/wp\/v2\/media?parent=54946"}],"wp:term":[{"taxonomy":"category","embeddable":true,"href":"https:\/\/www.imobiliare.ro\/imoexpert\/wp-json\/wp\/v2\/categories?post=54946"},{"taxonomy":"post_tag","embeddable":true,"href":"https:\/\/www.imobiliare.ro\/imoexpert\/wp-json\/wp\/v2\/tags?post=54946"},{"taxonomy":"content_author","embeddable":true,"href":"https:\/\/www.imobiliare.ro\/imoexpert\/wp-json\/wp\/v2\/content_author?post=54946"}],"curies":[{"name":"wp","href":"https:\/\/api.w.org\/{rel}","templated":true}]}}