{"id":54976,"date":"2019-03-06T17:35:50","date_gmt":"2019-03-06T15:35:50","guid":{"rendered":"https:\/\/www.imobiliare.ro\/imoexpert\/?p=54976"},"modified":"2019-03-06T17:35:50","modified_gmt":"2019-03-06T15:35:50","slug":"peste-8-000-de-vizitatori-au-luat-parte-la-salonul-imobiliar-bucuresti","status":"publish","type":"post","link":"https:\/\/www.imobiliare.ro\/imoexpert\/peste-8-000-de-vizitatori-au-luat-parte-la-salonul-imobiliar-bucuresti_db\/","title":{"rendered":"Peste 8.000 de vizitatori au luat parte la Salonul Imobiliar Bucure\u0219ti"},"content":{"rendered":"<h2><img loading=\"lazy\" decoding=\"async\" class=\"alignnone size-large wp-image-54977\" src=\"https:\/\/www.imobiliare.ro\/imoexpert\/wp-content\/uploads\/2019\/03\/sib-1024x768.jpg\" alt=\"\" width=\"1024\" height=\"768\" srcset=\"https:\/\/www.imobiliare.ro\/imoexpert\/wp-content\/uploads\/2019\/03\/sib-1024x768.jpg 1024w, https:\/\/www.imobiliare.ro\/imoexpert\/wp-content\/uploads\/2019\/03\/sib-300x225.jpg 300w, https:\/\/www.imobiliare.ro\/imoexpert\/wp-content\/uploads\/2019\/03\/sib-768x576.jpg 768w, https:\/\/www.imobiliare.ro\/imoexpert\/wp-content\/uploads\/2019\/03\/sib-1536x1152.jpg 1536w, https:\/\/www.imobiliare.ro\/imoexpert\/wp-content\/uploads\/2019\/03\/sib.jpg 1600w\" sizes=\"auto, (max-width: 1024px) 100vw, 1024px\" \/><\/h2>\n<h2>Circa 8.300 de vizitatori au trecut, \u00een perioada 1-3 martie, pragul Salonului Imobiliar Bucure\u0219ti, primul t\u00e2rg de profil al anului, organizat la Palatul Parlamentului.<\/h2>\n<p>Peste 70% dintre ei au fost interesa\u021bi de proiectele reziden\u021biale noi, cele mai atractive zone \u00een r\u00e2ndul acestora fiind Berceni-Metalurgiei, Victoriei, Avia\u021biei, Bucure\u0219tii Noi \u0219i B\u0103neasa.<\/p>\n<p>Mogo\u0219oaia a atras, la r\u00e2ndul s\u0103u, aten\u021bia vizitatorilor gra\u021bie noilor dezvolt\u0103ri demarate aici.<\/p>\n<p>Principalele criterii de selec\u021bie luate \u00een considerare \u00een alegerea unei locuin\u021be r\u0103m\u00e2n zona \u0219i pre\u021bul, dar importante sunt \u0219i facilit\u0103\u021bile puse la dispozi\u021bia reziden\u021bilor \u00een cadrul ansamblului \u0219i reputa\u021bia dezvoltatorilor.<\/p>\n<p>Printre proiectele prezentate \u00een cadrul SIB s-au num\u0103rat\u00a0Arcadia Apartments Domenii, Cartierul Solar, Aqua City, ELA HOMES, Point Development cu City Point, New Point \u0219i Green Point, Stegarului Boutique Apartments, 158 West, ISG Residence, Atria Urban Resort, Pallady Towers, AFI City Bucure\u0219tii Noi, Citta, H Pipera Lake, Metropolitan, Sud Reziden\u021bial cu Joy Galaxy, Top House, Confort Urban \u0219i Grand Kristal Residence, Vita Bella, Greenfield Residence, Luxuria Domenii Residence, Marmura Residence \u0219i Avalon Estate, QuadraTrees, Vivenda Hercesa, DaVinci Residence, City Land, Optimum, AppTown, Cloud 9 Residence, Romco Reziden\u021bial, Ambasador, Spazio, Exigent, Triplea Residence, Trend Residence, Palladium, Trend \u0219i Ivonco.<\/p>\n<p><span style=\"color: #ff0000;\"><strong>Imobiliare.ro<\/strong><\/span>\u00a0a fost partener media al acestui eveniment. Urm\u0103toarea edi\u021bie a t\u00e2rgului va fi organizat\u0103 \u00een perioada 22-24 noiembrie 2019.<\/p>\n","protected":false},"excerpt":{"rendered":"<p>Circa 8.300 de vizitatori au trecut, \u00een perioada 1-3 martie, pragul Salonului Imobiliar Bucure\u0219ti, primul t\u00e2rg de profil al anului, organizat la Palatul Parlamentului. Peste 70% dintre ei au fost interesa\u021bi de proiectele reziden\u021biale noi, cele mai atractive zone \u00een r\u00e2ndul acestora fiind Berceni-Metalurgiei, Victoriei, Avia\u021biei, Bucure\u0219tii Noi \u0219i B\u0103neasa. Mogo\u0219oaia a atras, la r\u00e2ndul [&hellip;]<\/p>\n","protected":false},"author":5891,"featured_media":54977,"comment_status":"open","ping_status":"open","sticky":false,"template":"","format":"standard","meta":{"footnotes":""},"categories":[259],"tags":[1768],"content_author":[],"class_list":["post-54976","post","type-post","status-publish","format-standard","has-post-thumbnail","hentry","category-stiri","tag-salonul-imobiliar-bucuresti"],"yoast_head":"<!-- This site is optimized with the Yoast SEO Premium plugin v27.0 (Yoast SEO v27.0) - https:\/\/yoast.com\/product\/yoast-seo-premium-wordpress\/ -->\n<title>Peste 8.000 de vizitatori au luat parte la Salonul Imobiliar Bucure\u0219ti - \u0218tiri - ImoExpert<\/title>\n<meta name=\"description\" content=\"Circa 8.300 de vizitatori au trecut, \u00een perioada 1-3 martie, pragul Salonului Imobiliar Bucure\u0219ti, primul t\u00e2rg de profil al anului, organizat la Palatul\" \/>\n<meta name=\"robots\" content=\"index, follow\" \/>\n<link rel=\"canonical\" href=\"https:\/\/www.imobiliare.ro\/imoexpert\/peste-8-000-de-vizitatori-au-luat-parte-la-salonul-imobiliar-bucuresti_db\/\" \/>\n<meta property=\"og:locale\" content=\"ro_RO\" \/>\n<meta property=\"og:type\" content=\"article\" \/>\n<meta property=\"og:title\" content=\"Peste 8.000 de vizitatori au luat parte la Salonul Imobiliar Bucure\u0219ti\" \/>\n<meta property=\"og:description\" content=\"Circa 8.300 de vizitatori au trecut, \u00een perioada 1-3 martie, pragul Salonului Imobiliar Bucure\u0219ti, primul t\u00e2rg de profil al anului, organizat la Palatul\" \/>\n<meta property=\"og:url\" content=\"https:\/\/www.imobiliare.ro\/imoexpert\/peste-8-000-de-vizitatori-au-luat-parte-la-salonul-imobiliar-bucuresti_db\/\" \/>\n<meta property=\"og:site_name\" content=\"ImoExpert\" \/>\n<meta property=\"article:published_time\" content=\"2019-03-06T15:35:50+00:00\" \/>\n<meta property=\"og:image\" content=\"https:\/\/www.imobiliare.ro\/imoexpert\/wp-content\/uploads\/2019\/03\/sib.jpg\" \/>\n\t<meta property=\"og:image:width\" content=\"1600\" \/>\n\t<meta property=\"og:image:height\" content=\"1200\" \/>\n\t<meta property=\"og:image:type\" content=\"image\/jpeg\" \/>\n<meta name=\"author\" content=\"Corina V\u00e2rlan\" \/>\n<meta name=\"twitter:card\" content=\"summary_large_image\" \/>\n<meta name=\"twitter:label1\" content=\"Written by\" \/>\n\t<meta name=\"twitter:data1\" content=\"Corina V\u00e2rlan\" \/>\n\t<meta name=\"twitter:label2\" content=\"Est. reading time\" \/>\n\t<meta name=\"twitter:data2\" content=\"1 minut\" \/>\n<script type=\"application\/ld+json\" class=\"yoast-schema-graph\">{\"@context\":\"https:\/\/schema.org\",\"@graph\":[{\"@type\":\"Article\",\"@id\":\"https:\/\/www.imobiliare.ro\/imoexpert\/peste-8-000-de-vizitatori-au-luat-parte-la-salonul-imobiliar-bucuresti_db\/#article\",\"isPartOf\":{\"@id\":\"https:\/\/www.imobiliare.ro\/imoexpert\/peste-8-000-de-vizitatori-au-luat-parte-la-salonul-imobiliar-bucuresti_db\/\"},\"author\":{\"name\":\"Corina V\u00e2rlan\",\"@id\":\"https:\/\/www.imobiliare.ro\/imoexpert\/#\/schema\/person\/9ffdfbf24b82f39fc75a2fc6c19e4e99\"},\"headline\":\"Peste 8.000 de vizitatori au luat parte la Salonul Imobiliar Bucure\u0219ti\",\"datePublished\":\"2019-03-06T15:35:50+00:00\",\"mainEntityOfPage\":{\"@id\":\"https:\/\/www.imobiliare.ro\/imoexpert\/peste-8-000-de-vizitatori-au-luat-parte-la-salonul-imobiliar-bucuresti_db\/\"},\"wordCount\":248,\"commentCount\":0,\"publisher\":{\"@id\":\"https:\/\/www.imobiliare.ro\/imoexpert\/#organization\"},\"image\":{\"@id\":\"https:\/\/www.imobiliare.ro\/imoexpert\/peste-8-000-de-vizitatori-au-luat-parte-la-salonul-imobiliar-bucuresti_db\/#primaryimage\"},\"thumbnailUrl\":\"https:\/\/www.imobiliare.ro\/imoexpert\/wp-content\/uploads\/2019\/03\/sib.jpg\",\"keywords\":[\"Salonul Imobiliar Bucure\u0219ti\"],\"articleSection\":[\"\u0218tiri\"],\"inLanguage\":\"en\",\"potentialAction\":[{\"@type\":\"CommentAction\",\"name\":\"Comment\",\"target\":[\"https:\/\/www.imobiliare.ro\/imoexpert\/peste-8-000-de-vizitatori-au-luat-parte-la-salonul-imobiliar-bucuresti_db\/#respond\"]}],\"copyrightYear\":\"2019\",\"copyrightHolder\":{\"@id\":\"https:\/\/www.imobiliare.ro\/imoexpert\/#organization\"}},{\"@type\":\"WebPage\",\"@id\":\"https:\/\/www.imobiliare.ro\/imoexpert\/peste-8-000-de-vizitatori-au-luat-parte-la-salonul-imobiliar-bucuresti_db\/\",\"url\":\"https:\/\/www.imobiliare.ro\/imoexpert\/peste-8-000-de-vizitatori-au-luat-parte-la-salonul-imobiliar-bucuresti_db\/\",\"name\":\"Peste 8.000 de vizitatori au luat parte la Salonul Imobiliar Bucure\u0219ti - \u0218tiri - ImoExpert\",\"isPartOf\":{\"@id\":\"https:\/\/www.imobiliare.ro\/imoexpert\/#website\"},\"primaryImageOfPage\":{\"@id\":\"https:\/\/www.imobiliare.ro\/imoexpert\/peste-8-000-de-vizitatori-au-luat-parte-la-salonul-imobiliar-bucuresti_db\/#primaryimage\"},\"image\":{\"@id\":\"https:\/\/www.imobiliare.ro\/imoexpert\/peste-8-000-de-vizitatori-au-luat-parte-la-salonul-imobiliar-bucuresti_db\/#primaryimage\"},\"thumbnailUrl\":\"https:\/\/www.imobiliare.ro\/imoexpert\/wp-content\/uploads\/2019\/03\/sib.jpg\",\"datePublished\":\"2019-03-06T15:35:50+00:00\",\"description\":\"Circa 8.300 de vizitatori au trecut, \u00een perioada 1-3 martie, pragul Salonului Imobiliar Bucure\u0219ti, primul t\u00e2rg de profil al anului, organizat la Palatul\",\"breadcrumb\":{\"@id\":\"https:\/\/www.imobiliare.ro\/imoexpert\/peste-8-000-de-vizitatori-au-luat-parte-la-salonul-imobiliar-bucuresti_db\/#breadcrumb\"},\"inLanguage\":\"en\",\"potentialAction\":[{\"@type\":\"ReadAction\",\"target\":[\"https:\/\/www.imobiliare.ro\/imoexpert\/peste-8-000-de-vizitatori-au-luat-parte-la-salonul-imobiliar-bucuresti_db\/\"]}]},{\"@type\":\"ImageObject\",\"inLanguage\":\"en\",\"@id\":\"https:\/\/www.imobiliare.ro\/imoexpert\/peste-8-000-de-vizitatori-au-luat-parte-la-salonul-imobiliar-bucuresti_db\/#primaryimage\",\"url\":\"https:\/\/www.imobiliare.ro\/imoexpert\/wp-content\/uploads\/2019\/03\/sib.jpg\",\"contentUrl\":\"https:\/\/www.imobiliare.ro\/imoexpert\/wp-content\/uploads\/2019\/03\/sib.jpg\",\"width\":1600,\"height\":1200},{\"@type\":\"BreadcrumbList\",\"@id\":\"https:\/\/www.imobiliare.ro\/imoexpert\/peste-8-000-de-vizitatori-au-luat-parte-la-salonul-imobiliar-bucuresti_db\/#breadcrumb\",\"itemListElement\":[{\"@type\":\"ListItem\",\"position\":1,\"name\":\"Imoradar24\",\"item\":\"https:\/\/www.imoradar24.ro\"},{\"@type\":\"ListItem\",\"position\":2,\"name\":\"ImoExpert\",\"item\":\"https:\/\/www.imobiliare.ro\/imoexpert\/\"},{\"@type\":\"ListItem\",\"position\":3,\"name\":\"\u0218tiri\",\"item\":\"https:\/\/www.imobiliare.ro\/imoexpert\/stiri\/\"},{\"@type\":\"ListItem\",\"position\":4,\"name\":\"Peste 8.000 de vizitatori au luat parte la Salonul Imobiliar Bucure\u0219ti\"}]},{\"@type\":\"WebSite\",\"@id\":\"https:\/\/www.imobiliare.ro\/imoexpert\/#website\",\"url\":\"https:\/\/www.imobiliare.ro\/imoexpert\/\",\"name\":\"ImoExpert\",\"description\":\"cele mai importante \u015ftiri din domeniul imobiliar\",\"publisher\":{\"@id\":\"https:\/\/www.imobiliare.ro\/imoexpert\/#organization\"},\"inLanguage\":\"en\"},{\"@type\":\"Organization\",\"@id\":\"https:\/\/www.imobiliare.ro\/imoexpert\/#organization\",\"name\":\"Imobiliare.ro\",\"alternateName\":\"Realmedia Network SA\",\"url\":\"https:\/\/www.imobiliare.ro\/imoexpert\/\",\"logo\":{\"@type\":\"ImageObject\",\"inLanguage\":\"en\",\"@id\":\"https:\/\/www.imobiliare.ro\/imoexpert\/#\/schema\/logo\/image\/\",\"url\":\"https:\/\/www.imobiliare.ro\/imoexpert\/wp-content\/uploads\/2025\/05\/imobiliare_logo.png\",\"contentUrl\":\"https:\/\/www.imobiliare.ro\/imoexpert\/wp-content\/uploads\/2025\/05\/imobiliare_logo.png\",\"width\":237,\"height\":29,\"caption\":\"Imobiliare.ro\"},\"image\":{\"@id\":\"https:\/\/www.imobiliare.ro\/imoexpert\/#\/schema\/logo\/image\/\"}},{\"@type\":\"Person\",\"@id\":\"https:\/\/www.imobiliare.ro\/imoexpert\/#\/schema\/person\/9ffdfbf24b82f39fc75a2fc6c19e4e99\",\"name\":\"Corina V\u00e2rlan\",\"image\":{\"@type\":\"ImageObject\",\"inLanguage\":\"en\",\"@id\":\"https:\/\/www.imobiliare.ro\/imoexpert\/#\/schema\/person\/image\/\",\"url\":\"https:\/\/www.imobiliare.ro\/imoexpert\/wp-content\/uploads\/2026\/02\/12-02-2025-5-rezumat-brasov-thumb-reels-1-1-96x96.png\",\"contentUrl\":\"https:\/\/www.imobiliare.ro\/imoexpert\/wp-content\/uploads\/2026\/02\/12-02-2025-5-rezumat-brasov-thumb-reels-1-1-96x96.png\",\"caption\":\"Corina V\u00e2rlan\"},\"description\":\"Cu o experien\u021b\u0103 de 14 ani \u00een presa online, comunicare \u0219i content marketing, Corina V\u00e2rlan s-a al\u0103turat echipei Imobiliare.ro \u00een urm\u0103 cu 8 ani \u0219i ocup\u0103, \u00een prezent, func\u021bia de Content Manager. Ea este gazda emisiunii \\\"\u00centreab\u0103 expertul\\\" \u0219i a seriei 5 \u0218tiri Imobiliare.ro, realizate \u00een parteneriat cu Libertatea. Corina \u00ee\u0219i concentreaz\u0103 activitatea pe analiza datelor de pia\u021b\u0103 \u0219i pe subiecte de interes at\u00e2t pentru cei afla\u021bi \u00een c\u0103utarea unei locuin\u021be, c\u00e2t \u0219i pentru proprietari sau chiria\u0219i.\",\"alternateName\":\"Corina\",\"jobTitle\":\"Content Manager\",\"url\":\"https:\/\/www.imobiliare.ro\/imoexpert\/author\/corina-varlan\/\"}]}<\/script>\n<!-- \/ Yoast SEO Premium plugin. -->","yoast_head_json":{"title":"Peste 8.000 de vizitatori au luat parte la Salonul Imobiliar Bucure\u0219ti - \u0218tiri - ImoExpert","description":"Circa 8.300 de vizitatori au trecut, \u00een perioada 1-3 martie, pragul Salonului Imobiliar Bucure\u0219ti, primul t\u00e2rg de profil al anului, organizat la Palatul","robots":{"index":"index","follow":"follow"},"canonical":"https:\/\/www.imobiliare.ro\/imoexpert\/peste-8-000-de-vizitatori-au-luat-parte-la-salonul-imobiliar-bucuresti_db\/","og_locale":"ro_RO","og_type":"article","og_title":"Peste 8.000 de vizitatori au luat parte la Salonul Imobiliar Bucure\u0219ti","og_description":"Circa 8.300 de vizitatori au trecut, \u00een perioada 1-3 martie, pragul Salonului Imobiliar Bucure\u0219ti, primul t\u00e2rg de profil al anului, organizat la Palatul","og_url":"https:\/\/www.imobiliare.ro\/imoexpert\/peste-8-000-de-vizitatori-au-luat-parte-la-salonul-imobiliar-bucuresti_db\/","og_site_name":"ImoExpert","article_published_time":"2019-03-06T15:35:50+00:00","og_image":[{"width":1600,"height":1200,"url":"https:\/\/www.imobiliare.ro\/imoexpert\/wp-content\/uploads\/2019\/03\/sib.jpg","type":"image\/jpeg"}],"author":"Corina V\u00e2rlan","twitter_card":"summary_large_image","twitter_misc":{"Written by":"Corina V\u00e2rlan","Est. reading time":"1 minut"},"schema":{"@context":"https:\/\/schema.org","@graph":[{"@type":"Article","@id":"https:\/\/www.imobiliare.ro\/imoexpert\/peste-8-000-de-vizitatori-au-luat-parte-la-salonul-imobiliar-bucuresti_db\/#article","isPartOf":{"@id":"https:\/\/www.imobiliare.ro\/imoexpert\/peste-8-000-de-vizitatori-au-luat-parte-la-salonul-imobiliar-bucuresti_db\/"},"author":{"name":"Corina V\u00e2rlan","@id":"https:\/\/www.imobiliare.ro\/imoexpert\/#\/schema\/person\/9ffdfbf24b82f39fc75a2fc6c19e4e99"},"headline":"Peste 8.000 de vizitatori au luat parte la Salonul Imobiliar Bucure\u0219ti","datePublished":"2019-03-06T15:35:50+00:00","mainEntityOfPage":{"@id":"https:\/\/www.imobiliare.ro\/imoexpert\/peste-8-000-de-vizitatori-au-luat-parte-la-salonul-imobiliar-bucuresti_db\/"},"wordCount":248,"commentCount":0,"publisher":{"@id":"https:\/\/www.imobiliare.ro\/imoexpert\/#organization"},"image":{"@id":"https:\/\/www.imobiliare.ro\/imoexpert\/peste-8-000-de-vizitatori-au-luat-parte-la-salonul-imobiliar-bucuresti_db\/#primaryimage"},"thumbnailUrl":"https:\/\/www.imobiliare.ro\/imoexpert\/wp-content\/uploads\/2019\/03\/sib.jpg","keywords":["Salonul Imobiliar Bucure\u0219ti"],"articleSection":["\u0218tiri"],"inLanguage":"en","potentialAction":[{"@type":"CommentAction","name":"Comment","target":["https:\/\/www.imobiliare.ro\/imoexpert\/peste-8-000-de-vizitatori-au-luat-parte-la-salonul-imobiliar-bucuresti_db\/#respond"]}],"copyrightYear":"2019","copyrightHolder":{"@id":"https:\/\/www.imobiliare.ro\/imoexpert\/#organization"}},{"@type":"WebPage","@id":"https:\/\/www.imobiliare.ro\/imoexpert\/peste-8-000-de-vizitatori-au-luat-parte-la-salonul-imobiliar-bucuresti_db\/","url":"https:\/\/www.imobiliare.ro\/imoexpert\/peste-8-000-de-vizitatori-au-luat-parte-la-salonul-imobiliar-bucuresti_db\/","name":"Peste 8.000 de vizitatori au luat parte la Salonul Imobiliar Bucure\u0219ti - \u0218tiri - ImoExpert","isPartOf":{"@id":"https:\/\/www.imobiliare.ro\/imoexpert\/#website"},"primaryImageOfPage":{"@id":"https:\/\/www.imobiliare.ro\/imoexpert\/peste-8-000-de-vizitatori-au-luat-parte-la-salonul-imobiliar-bucuresti_db\/#primaryimage"},"image":{"@id":"https:\/\/www.imobiliare.ro\/imoexpert\/peste-8-000-de-vizitatori-au-luat-parte-la-salonul-imobiliar-bucuresti_db\/#primaryimage"},"thumbnailUrl":"https:\/\/www.imobiliare.ro\/imoexpert\/wp-content\/uploads\/2019\/03\/sib.jpg","datePublished":"2019-03-06T15:35:50+00:00","description":"Circa 8.300 de vizitatori au trecut, \u00een perioada 1-3 martie, pragul Salonului Imobiliar Bucure\u0219ti, primul t\u00e2rg de profil al anului, organizat la Palatul","breadcrumb":{"@id":"https:\/\/www.imobiliare.ro\/imoexpert\/peste-8-000-de-vizitatori-au-luat-parte-la-salonul-imobiliar-bucuresti_db\/#breadcrumb"},"inLanguage":"en","potentialAction":[{"@type":"ReadAction","target":["https:\/\/www.imobiliare.ro\/imoexpert\/peste-8-000-de-vizitatori-au-luat-parte-la-salonul-imobiliar-bucuresti_db\/"]}]},{"@type":"ImageObject","inLanguage":"en","@id":"https:\/\/www.imobiliare.ro\/imoexpert\/peste-8-000-de-vizitatori-au-luat-parte-la-salonul-imobiliar-bucuresti_db\/#primaryimage","url":"https:\/\/www.imobiliare.ro\/imoexpert\/wp-content\/uploads\/2019\/03\/sib.jpg","contentUrl":"https:\/\/www.imobiliare.ro\/imoexpert\/wp-content\/uploads\/2019\/03\/sib.jpg","width":1600,"height":1200},{"@type":"BreadcrumbList","@id":"https:\/\/www.imobiliare.ro\/imoexpert\/peste-8-000-de-vizitatori-au-luat-parte-la-salonul-imobiliar-bucuresti_db\/#breadcrumb","itemListElement":[{"@type":"ListItem","position":1,"name":"Imoradar24","item":"https:\/\/www.imoradar24.ro"},{"@type":"ListItem","position":2,"name":"ImoExpert","item":"https:\/\/www.imobiliare.ro\/imoexpert\/"},{"@type":"ListItem","position":3,"name":"\u0218tiri","item":"https:\/\/www.imobiliare.ro\/imoexpert\/stiri\/"},{"@type":"ListItem","position":4,"name":"Peste 8.000 de vizitatori au luat parte la Salonul Imobiliar Bucure\u0219ti"}]},{"@type":"WebSite","@id":"https:\/\/www.imobiliare.ro\/imoexpert\/#website","url":"https:\/\/www.imobiliare.ro\/imoexpert\/","name":"ImoExpert","description":"cele mai importante \u015ftiri din domeniul imobiliar","publisher":{"@id":"https:\/\/www.imobiliare.ro\/imoexpert\/#organization"},"inLanguage":"en"},{"@type":"Organization","@id":"https:\/\/www.imobiliare.ro\/imoexpert\/#organization","name":"Imobiliare.ro","alternateName":"Realmedia Network SA","url":"https:\/\/www.imobiliare.ro\/imoexpert\/","logo":{"@type":"ImageObject","inLanguage":"en","@id":"https:\/\/www.imobiliare.ro\/imoexpert\/#\/schema\/logo\/image\/","url":"https:\/\/www.imobiliare.ro\/imoexpert\/wp-content\/uploads\/2025\/05\/imobiliare_logo.png","contentUrl":"https:\/\/www.imobiliare.ro\/imoexpert\/wp-content\/uploads\/2025\/05\/imobiliare_logo.png","width":237,"height":29,"caption":"Imobiliare.ro"},"image":{"@id":"https:\/\/www.imobiliare.ro\/imoexpert\/#\/schema\/logo\/image\/"}},{"@type":"Person","@id":"https:\/\/www.imobiliare.ro\/imoexpert\/#\/schema\/person\/9ffdfbf24b82f39fc75a2fc6c19e4e99","name":"Corina V\u00e2rlan","image":{"@type":"ImageObject","inLanguage":"en","@id":"https:\/\/www.imobiliare.ro\/imoexpert\/#\/schema\/person\/image\/","url":"https:\/\/www.imobiliare.ro\/imoexpert\/wp-content\/uploads\/2026\/02\/12-02-2025-5-rezumat-brasov-thumb-reels-1-1-96x96.png","contentUrl":"https:\/\/www.imobiliare.ro\/imoexpert\/wp-content\/uploads\/2026\/02\/12-02-2025-5-rezumat-brasov-thumb-reels-1-1-96x96.png","caption":"Corina V\u00e2rlan"},"description":"Cu o experien\u021b\u0103 de 14 ani \u00een presa online, comunicare \u0219i content marketing, Corina V\u00e2rlan s-a al\u0103turat echipei Imobiliare.ro \u00een urm\u0103 cu 8 ani \u0219i ocup\u0103, \u00een prezent, func\u021bia de Content Manager. Ea este gazda emisiunii \"\u00centreab\u0103 expertul\" \u0219i a seriei 5 \u0218tiri Imobiliare.ro, realizate \u00een parteneriat cu Libertatea. Corina \u00ee\u0219i concentreaz\u0103 activitatea pe analiza datelor de pia\u021b\u0103 \u0219i pe subiecte de interes at\u00e2t pentru cei afla\u021bi \u00een c\u0103utarea unei locuin\u021be, c\u00e2t \u0219i pentru proprietari sau chiria\u0219i.","alternateName":"Corina","jobTitle":"Content Manager","url":"https:\/\/www.imobiliare.ro\/imoexpert\/author\/corina-varlan\/"}]}},"_links":{"self":[{"href":"https:\/\/www.imobiliare.ro\/imoexpert\/wp-json\/wp\/v2\/posts\/54976","targetHints":{"allow":["GET"]}}],"collection":[{"href":"https:\/\/www.imobiliare.ro\/imoexpert\/wp-json\/wp\/v2\/posts"}],"about":[{"href":"https:\/\/www.imobiliare.ro\/imoexpert\/wp-json\/wp\/v2\/types\/post"}],"author":[{"embeddable":true,"href":"https:\/\/www.imobiliare.ro\/imoexpert\/wp-json\/wp\/v2\/users\/5891"}],"replies":[{"embeddable":true,"href":"https:\/\/www.imobiliare.ro\/imoexpert\/wp-json\/wp\/v2\/comments?post=54976"}],"version-history":[{"count":0,"href":"https:\/\/www.imobiliare.ro\/imoexpert\/wp-json\/wp\/v2\/posts\/54976\/revisions"}],"wp:featuredmedia":[{"embeddable":true,"href":"https:\/\/www.imobiliare.ro\/imoexpert\/wp-json\/wp\/v2\/media\/54977"}],"wp:attachment":[{"href":"https:\/\/www.imobiliare.ro\/imoexpert\/wp-json\/wp\/v2\/media?parent=54976"}],"wp:term":[{"taxonomy":"category","embeddable":true,"href":"https:\/\/www.imobiliare.ro\/imoexpert\/wp-json\/wp\/v2\/categories?post=54976"},{"taxonomy":"post_tag","embeddable":true,"href":"https:\/\/www.imobiliare.ro\/imoexpert\/wp-json\/wp\/v2\/tags?post=54976"},{"taxonomy":"content_author","embeddable":true,"href":"https:\/\/www.imobiliare.ro\/imoexpert\/wp-json\/wp\/v2\/content_author?post=54976"}],"curies":[{"name":"wp","href":"https:\/\/api.w.org\/{rel}","templated":true}]}}