{"id":55252,"date":"2019-04-23T12:03:21","date_gmt":"2019-04-23T09:03:21","guid":{"rendered":"https:\/\/www.imobiliare.ro\/imoexpert\/?p=55252"},"modified":"2019-04-23T12:03:21","modified_gmt":"2019-04-23T09:03:21","slug":"piata-imobiliara-in-t1-2019-preturile-locuintelor-aproape-de-nivelul-de-acum-9-ani","status":"publish","type":"post","link":"https:\/\/www.imobiliare.ro\/imoexpert\/piata-imobiliara-in-t1-2019-preturile-locuintelor-aproape-de-nivelul-de-acum-9-ani_db\/","title":{"rendered":"Pia\u021ba imobiliar\u0103 \u00een T1 2019: Pre\u021burile locuin\u021belor, aproape de nivelul de acum 9 ani"},"content":{"rendered":"<p><a class=\"article-body-links\"href=\"https:\/\/www.imobiliare.ro\/imoexpert\/wp-content\/uploads\/2019\/04\/piata-imobiliara-in-T1-2019-preturile-locuintelor-aproape-de-nivelul-de-acum-9-ani.jpg\"><img loading=\"lazy\" decoding=\"async\" src=\"https:\/\/www.imobiliare.ro\/imoexpert\/wp-content\/uploads\/2019\/04\/piata-imobiliara-in-T1-2019-preturile-locuintelor-aproape-de-nivelul-de-acum-9-ani.jpg\" alt=\"piata imobiliara in T1 2019 preturile locuintelor aproape de nivelul de acum 9 ani\" width=\"800\" height=\"522\" class=\"aligncenter size-full wp-image-55253\" srcset=\"https:\/\/www.imobiliare.ro\/imoexpert\/wp-content\/uploads\/2019\/04\/piata-imobiliara-in-T1-2019-preturile-locuintelor-aproape-de-nivelul-de-acum-9-ani.jpg 800w, https:\/\/www.imobiliare.ro\/imoexpert\/wp-content\/uploads\/2019\/04\/piata-imobiliara-in-T1-2019-preturile-locuintelor-aproape-de-nivelul-de-acum-9-ani-300x196.jpg 300w, https:\/\/www.imobiliare.ro\/imoexpert\/wp-content\/uploads\/2019\/04\/piata-imobiliara-in-T1-2019-preturile-locuintelor-aproape-de-nivelul-de-acum-9-ani-768x501.jpg 768w\" sizes=\"auto, (max-width: 800px) 100vw, 800px\" \/><\/a><\/p>\n<div id=\"ez-toc-container\" class=\"ez-toc-v2_0_81 counter-hierarchy ez-toc-counter ez-toc-grey ez-toc-container-direction\">\n<p class=\"ez-toc-title\" style=\"cursor:inherit\">Table of Contents<\/p>\n<label for=\"ez-toc-cssicon-toggle-item-69f1881303db1\" class=\"ez-toc-cssicon-toggle-label\"><span class=\"ez-toc-cssicon\"><span class=\"eztoc-hide\" style=\"display:none;\">Toggle<\/span><span class=\"ez-toc-icon-toggle-span\"><svg style=\"fill: #999;color:#999\" xmlns=\"http:\/\/www.w3.org\/2000\/svg\" class=\"list-377408\" width=\"20px\" height=\"20px\" viewBox=\"0 0 24 24\" fill=\"none\"><path d=\"M6 6H4v2h2V6zm14 0H8v2h12V6zM4 11h2v2H4v-2zm16 0H8v2h12v-2zM4 16h2v2H4v-2zm16 0H8v2h12v-2z\" fill=\"currentColor\"><\/path><\/svg><svg style=\"fill: #999;color:#999\" class=\"arrow-unsorted-368013\" xmlns=\"http:\/\/www.w3.org\/2000\/svg\" width=\"10px\" height=\"10px\" viewBox=\"0 0 24 24\" version=\"1.2\" baseProfile=\"tiny\"><path d=\"M18.2 9.3l-6.2-6.3-6.2 6.3c-.2.2-.3.4-.3.7s.1.5.3.7c.2.2.4.3.7.3h11c.3 0 .5-.1.7-.3.2-.2.3-.5.3-.7s-.1-.5-.3-.7zM5.8 14.7l6.2 6.3 6.2-6.3c.2-.2.3-.5.3-.7s-.1-.5-.3-.7c-.2-.2-.4-.3-.7-.3h-11c-.3 0-.5.1-.7.3-.2.2-.3.5-.3.7s.1.5.3.7z\"\/><\/svg><\/span><\/span><\/label><input type=\"checkbox\"  id=\"ez-toc-cssicon-toggle-item-69f1881303db1\"  aria-label=\"Toggle\" \/><nav><ul class='ez-toc-list ez-toc-list-level-1 ' ><li class='ez-toc-page-1 ez-toc-heading-level-2'><a class=\"ez-toc-link ez-toc-heading-1\" href=\"https:\/\/www.imobiliare.ro\/imoexpert\/piata-imobiliara-in-t1-2019-preturile-locuintelor-aproape-de-nivelul-de-acum-9-ani_db\/#Preturile_locuintelor_au_continuat_sa_se_majoreze_in_T1_2019_dar_intr-un_ritm_mai_redus_chiar_si_decat_anul_trecut\" >Pre\u021burile locuin\u021belor au continuat s\u0103 se majoreze \u00een T1 2019, dar \u00eentr-un ritm mai redus chiar \u0219i dec\u00e2t anul trecut.<\/a><\/li><li class='ez-toc-page-1 ez-toc-heading-level-2'><a class=\"ez-toc-link ez-toc-heading-2\" href=\"https:\/\/www.imobiliare.ro\/imoexpert\/piata-imobiliara-in-t1-2019-preturile-locuintelor-aproape-de-nivelul-de-acum-9-ani_db\/#Cresteri_de_pana_la_2_in_marile_orase\" >Cre\u0219teri de p\u00e2n\u0103 la 2% \u00een marile ora\u0219e<\/a><\/li><li class='ez-toc-page-1 ez-toc-heading-level-2'><a class=\"ez-toc-link ez-toc-heading-3\" href=\"https:\/\/www.imobiliare.ro\/imoexpert\/piata-imobiliara-in-t1-2019-preturile-locuintelor-aproape-de-nivelul-de-acum-9-ani_db\/#Botosani_campion_national_la_scumpiri\" >Boto\u0219ani, campion na\u021bional la scumpiri<\/a><\/li><li class='ez-toc-page-1 ez-toc-heading-level-2'><a class=\"ez-toc-link ez-toc-heading-4\" href=\"https:\/\/www.imobiliare.ro\/imoexpert\/piata-imobiliara-in-t1-2019-preturile-locuintelor-aproape-de-nivelul-de-acum-9-ani_db\/#Cerere_oferta_tranzactii\" >Cerere, ofert\u0103, tranzac\u021bii<\/a><\/li><\/ul><\/nav><\/div>\n<h2><span class=\"ez-toc-section\" id=\"Preturile_locuintelor_au_continuat_sa_se_majoreze_in_T1_2019_dar_intr-un_ritm_mai_redus_chiar_si_decat_anul_trecut\"><\/span>Pre\u021burile locuin\u021belor au continuat s\u0103 se majoreze \u00een T1 2019, dar \u00eentr-un ritm mai redus chiar \u0219i dec\u00e2t anul trecut.<span class=\"ez-toc-section-end\"><\/span><\/h2>\n<p>\u00cen primul trimestru al anului \u00een curs, propriet\u0103\u021bile reziden\u021biale din Rom\u00e2nia s-au apreciat cu 0,8% fa\u021b\u0103 de ultimele trei luni din 2018, potrivit celui mai recent raport de pia\u021b\u0103 realizat de <strong><a class=\"article-body-links\"href=\"https:\/\/www.analizeimobiliare.ro\">Analize Imobiliare<\/a><\/strong>. Astfel, nivelul actual al pre\u021burilor se situeaz\u0103 la un nivel apropiat de cel consemnat la \u00eenceputul lui 2010, dup\u0103 declinul important consemnat \u00een primii doi ani de recesiune (mai ales \u00een 2008). \u00cen ceea ce prive\u0219te pre\u021burile de tranzac\u021bionare ale locuin\u021belor, cele mai recente date publicate de Eurostat \u0219i Institutul Na\u021bional de Statistic\u0103 (INS) relev\u0103, pentru al patrulea trimestru din 2018, un avans anual de 4,2% at\u00e2t \u00een Uniunea European\u0103, c\u00e2t \u0219i \u00een zona euro. Pentru pia\u021ba local\u0103, cre\u0219terea anual\u0103 a fost de 5,3%, corespunz\u00e2nd, astfel, cu cea consemnat\u0103 de Analize Imobiliare pentru valorile de listare a propriet\u0103\u021bilor.<\/p>\n<blockquote><p>\u201eTendin\u021ba de temperare a ritmului de cre\u0219tere a pre\u021burilor, identificat\u0103 de Analize Imobiliare \u00eenc\u0103 din a doua jum\u0103tate a anului 2017, s-a men\u021binut \u0219i \u00een primul trimestru din 2019. Pre\u021burile \u0219i-au continuat traiectoria ascendent\u0103 \u00eentr-un ritm \u0219i mai redus dec\u00e2t anul trecut, astfel \u00eenc\u00e2t diferen\u021ba anual\u0103 a pre\u021burilor propriet\u0103\u021bilor reziden\u021biale a ajuns la +4,6%, \u00een condi\u021biile \u00een care, \u00een cele trei luni anterioare, acela\u0219i indicator se situa la o valoare de +5,3%.\u201d<\/p>\n<p><strong>Dorel Ni\u021b\u0103, Head of Data and Research \u00een cadrul Imobiliare.ro \u0219i Project Manager al AnalizeImobiliare.ro<\/strong><\/p><\/blockquote>\n<p>&nbsp;<\/p>\n<h2><span class=\"ez-toc-section\" id=\"Cresteri_de_pana_la_2_in_marile_orase\"><\/span>Cre\u0219teri de p\u00e2n\u0103 la 2% \u00een marile ora\u0219e<span class=\"ez-toc-section-end\"><\/span><\/h2>\n<p>\u00cen marile centre regionale monitorizate constant de <strong><a class=\"article-body-links\"href=\"https:\/\/www.imobiliare.ro\/\">Imobiliare.ro<\/a><\/strong> \u0219i <strong><a class=\"article-body-links\"href=\"https:\/\/www.analizeimobiliare.ro\">Analize Imobiliare<\/a><\/strong>, pre\u021burile apartamentelor au tins, \u00een general, s\u0103 se majoreze \u00een primele trei luni din 2019 \u2013 chiar dac\u0103, la fel ca \u00een cele dou\u0103 trimestre anterioare, marjele de cre\u0219tere nu au dep\u0103\u0219it pragul de 2%. Excep\u021bia de la regul\u0103 o constituie Constan\u021ba, acolo unde preten\u021biile v\u00e2nz\u0103torilor s-au diminuat cu 0,4%, p\u00e2n\u0103 la 1.140 de euro pe metru p\u0103trat util.  <\/p>\n<p>Pentru cel de-al patrulea trimestru consecutiv, Bra\u0219ovul s-a situat \u00een fruntea clasamentului cre\u0219terilor de pre\u021b din marile ora\u0219e ale \u021b\u0103rii \u2013 at\u00e2t trimestrial, c\u00e2t \u0219i anual. Aici, apartamentele s-au apreciat cu 2% \u00een primul p\u0103trar din 2019 \u0219i, respectiv, cu 8,3% \u00een ultimele 12 luni, ajung\u00e2nd la o medie de 1.100 de euro pe metru p\u0103trat util. Cluj-Napoca se situeaz\u0103 pe a doua pozi\u021bie (at\u00e2t \u00een topul trimestrial, c\u00e2t \u0219i \u00een cel anual), pre\u021bul mediu solicitat pentru un apartament major\u00e2ndu-se cu 1,7% \u00een primele trei luni din 2019 \u0219i, respectiv, cu 6,4% \u00een ultimul an (p\u00e2n\u0103 la 1.560 de euro pe metru p\u0103trat util). \u00cen Bucure\u0219ti, locuin\u021bele s-au scumpit cu 1,3% \u00een T1 2019 \u0219i, respectiv, cu 5,7% la 12 luni, p\u00e2n\u0103 la 1.320 de euro pe metru p\u0103trat util. Pe urm\u0103toarele locuri \u00een clasamentul anual al cre\u0219terilor de pre\u021b se afl\u0103 Timi\u0219oara (+5,1% anual), Constan\u021ba (+3,8%) \u0219i Ia\u0219i (+3,7%).<\/p>\n<h2><span class=\"ez-toc-section\" id=\"Botosani_campion_national_la_scumpiri\"><\/span>Boto\u0219ani, campion na\u021bional la scumpiri<span class=\"ez-toc-section-end\"><\/span><\/h2>\n<p>La fel ca \u00een ultimele dou\u0103 trimestre, \u00een T1 2019 au existat c\u00e2teva re\u0219edin\u021be de jude\u021b unde au avut loc cre\u0219teri de pre\u021b sensibil mai mari dec\u00e2t \u00een marile centre regionale, dar \u0219i dec\u00e2t media na\u021bional\u0103. Pe primul loc \u00een clasamentul na\u021bional al scumpirilor se afl\u0103, astfel, Boto\u0219aniul, cu un avans de 7,1%, p\u00e2n\u0103 la o medie de 800 de euro pe metru p\u0103trat util. Ora\u0219ul din nord-estul \u021b\u0103rii este urmat, la relativ mic\u0103 distan\u021b\u0103, de Miercurea-Ciuc, cu un plus de 6,3% (p\u00e2n\u0103 la 900 de euro pe metru p\u0103trat), apoi de Drobeta Turnu Severin (+5,3%, p\u00e2n\u0103 la 670 de euro pe metru p\u0103trat), T\u00e2rgu-Jiu (+5,2%, p\u00e2n\u0103 la 980 de euro pe metru p\u0103trat) \u0219i Sibiu (+4,5%, p\u00e2n\u0103 la 940 de euro pe metru p\u0103trat). <\/p>\n<h2><span class=\"ez-toc-section\" id=\"Cerere_oferta_tranzactii\"><\/span>Cerere, ofert\u0103, tranzac\u021bii<span class=\"ez-toc-section-end\"><\/span><\/h2>\n<p>Pe parcursul primului trimestru al anului \u00een curs, aproximativ 164.000 de poten\u021biali cump\u0103r\u0103tori au c\u0103utat apartamente \u0219i case scoase la v\u00e2nzare prin intermediul Imobiliare.ro, cu aproape 30% mai mult dec\u00e2t \u00een cele trei luni anterioare. Comparativ cu perioada similar\u0103 din 2018, \u00eens\u0103, volumul cererii este, per ansamblu, cu 20% mai mic la nivelul centrelor regionale. Interesul pentru achizi\u021bia de locuin\u021be este, totu\u0219i, semnificativ mai ridicat dec\u00e2t \u00een urm\u0103 cu patru ani. Astfel, comparativ cu primul trimestru din 2015, moment la care pia\u021ba reziden\u021bial\u0103 autohton\u0103 se afla deja \u00een cre\u0219tere, cererea de locuin\u021be este acum cu 41% mai mare \u00een cele \u0219ase mari centre regionale analizate. <\/p>\n<p>Spre deosebire de ultimul trimestru al anului trecut, datele <strong><a class=\"article-body-links\"href=\"https:\/\/www.analizeimobiliare.ro\">Analize Imobiliare<\/a><\/strong> relev\u0103, pentru primele trei luni din 2019, o majorare de 15,4% a ofertei de locuin\u021be (apartamente \u0219i case construite \u00eenainte de anul 2000) \u00een cele \u0219ase centre regionale analizate. Comparativ cu perioada similar\u0103 din 2018, \u00eens\u0103, \u00een marile ora\u0219e ale \u021b\u0103rii este vizibil\u0103 o tendin\u021b\u0103 de sc\u0103dere a ofertei, acest indicator fiind cu 7% mai mic dec\u00e2t \u00een urm\u0103 cu 12 luni.<\/p>\n<p>Potrivit datelor publicate de Agen\u021bia Na\u021bional\u0103 de Cadastru \u0219i Publicitate Imobiliar\u0103 (ANCPI), \u00een primul trimestru al anului \u00een curs au fost \u00eencheiate, pe plan na\u021bional, un num\u0103r de 116.109 de v\u00e2nz\u0103ri de imobile \u2013 nivel ce marcheaz\u0103 o sc\u0103dere de 22% fa\u021b\u0103 de perioada similar\u0103 din 2018, c\u00e2nd la nivel de \u021bar\u0103 erau consemnate 148.951 de asemenea opera\u021biuni. De men\u021bionat este totu\u0219i c\u0103, cel pu\u021bin \u00een parte, aceast\u0103 sc\u0103dere poate fi pus\u0103 pe seama faptului c\u0103 lunile ianuarie \u0219i februarie, cele care au \u00eenregistrat \u0219i cele mai slabe rezultate, au fost marcate de nefunc\u021bionarea programului Prima Cas\u0103 (care sus\u021bine, \u00eenc\u0103, o parte important\u0103 din cererea de locuin\u021be existent\u0103 \u00een pia\u021b\u0103). <\/p>\n","protected":false},"excerpt":{"rendered":"<p>Pre\u021burile locuin\u021belor au continuat s\u0103 se majoreze \u00een T1 2019, dar \u00eentr-un ritm mai redus chiar \u0219i dec\u00e2t anul trecut. \u00cen primul trimestru al anului \u00een curs, propriet\u0103\u021bile reziden\u021biale din Rom\u00e2nia s-au apreciat cu 0,8% fa\u021b\u0103 de ultimele trei luni din 2018, potrivit celui mai recent raport de pia\u021b\u0103 realizat de Analize Imobiliare. Astfel, nivelul [&hellip;]<\/p>\n","protected":false},"author":829,"featured_media":55253,"comment_status":"open","ping_status":"open","sticky":false,"template":"","format":"standard","meta":{"footnotes":""},"categories":[259],"tags":[794,1410,1411,451],"content_author":[],"class_list":["post-55252","post","type-post","status-publish","format-standard","has-post-thumbnail","hentry","category-stiri","tag-analize-imobiliare","tag-newsletter","tag-principal","tag-proprietar"],"yoast_head":"<!-- This site is optimized with the Yoast SEO Premium plugin v27.0 (Yoast SEO v27.0) - https:\/\/yoast.com\/product\/yoast-seo-premium-wordpress\/ -->\n<title>Pia\u021ba imobiliar\u0103 \u00een T1 2019: Pre\u021burile locuin\u021belor, aproape de nivelul de acum 9 ani - \u0218tiri - ImoExpert<\/title>\n<meta name=\"description\" content=\"Pre\u021burile locuin\u021belor au continuat s\u0103 se majoreze \u00een T1 2019, dar \u00eentr-un ritm mai redus chiar \u0219i dec\u00e2t anul trecut. \u00cen primul trimestru al anului \u00een Pre\u021burile locuin\u021belor au continuat s\u0103 se majoreze \u00een T1 2019, dar \u00eentr-un ritm sensibil mai temperat dec\u00e2t \u00een anii trecu\u021bi.\" \/>\n<meta name=\"robots\" content=\"index, follow\" \/>\n<link rel=\"canonical\" href=\"https:\/\/www.imobiliare.ro\/imoexpert\/piata-imobiliara-in-t1-2019-preturile-locuintelor-aproape-de-nivelul-de-acum-9-ani_db\/\" \/>\n<meta property=\"og:locale\" content=\"ro_RO\" \/>\n<meta property=\"og:type\" content=\"article\" \/>\n<meta property=\"og:title\" content=\"Pia\u021ba imobiliar\u0103 \u00een T1 2019: Pre\u021burile locuin\u021belor, aproape de nivelul de acum 9 ani\" \/>\n<meta property=\"og:description\" content=\"Pre\u021burile locuin\u021belor au continuat s\u0103 se majoreze \u00een T1 2019, dar \u00eentr-un ritm mai redus chiar \u0219i dec\u00e2t anul trecut. \u00cen primul trimestru al anului \u00een Pre\u021burile locuin\u021belor au continuat s\u0103 se majoreze \u00een T1 2019, dar \u00eentr-un ritm sensibil mai temperat dec\u00e2t \u00een anii trecu\u021bi.\" \/>\n<meta property=\"og:url\" content=\"https:\/\/www.imobiliare.ro\/imoexpert\/piata-imobiliara-in-t1-2019-preturile-locuintelor-aproape-de-nivelul-de-acum-9-ani_db\/\" \/>\n<meta property=\"og:site_name\" content=\"ImoExpert\" \/>\n<meta property=\"article:published_time\" content=\"2019-04-23T09:03:21+00:00\" \/>\n<meta property=\"og:image\" content=\"https:\/\/www.imobiliare.ro\/imoexpert\/wp-content\/uploads\/2019\/04\/piata-imobiliara-in-T1-2019-preturile-locuintelor-aproape-de-nivelul-de-acum-9-ani.jpg\" \/>\n\t<meta property=\"og:image:width\" content=\"800\" \/>\n\t<meta property=\"og:image:height\" content=\"522\" \/>\n\t<meta property=\"og:image:type\" content=\"image\/jpeg\" \/>\n<meta name=\"author\" content=\"Adriana Dr\u0103gu\u0219in\" \/>\n<meta name=\"twitter:card\" content=\"summary_large_image\" \/>\n<meta name=\"twitter:label1\" content=\"Written by\" \/>\n\t<meta name=\"twitter:data1\" content=\"Adriana Dr\u0103gu\u0219in\" \/>\n\t<meta name=\"twitter:label2\" content=\"Est. reading time\" \/>\n\t<meta name=\"twitter:data2\" content=\"5 minute\" \/>\n<script type=\"application\/ld+json\" class=\"yoast-schema-graph\">{\"@context\":\"https:\/\/schema.org\",\"@graph\":[{\"@type\":\"Article\",\"@id\":\"https:\/\/www.imobiliare.ro\/imoexpert\/piata-imobiliara-in-t1-2019-preturile-locuintelor-aproape-de-nivelul-de-acum-9-ani_db\/#article\",\"isPartOf\":{\"@id\":\"https:\/\/www.imobiliare.ro\/imoexpert\/piata-imobiliara-in-t1-2019-preturile-locuintelor-aproape-de-nivelul-de-acum-9-ani_db\/\"},\"author\":{\"name\":\"Adriana Dr\u0103gu\u0219in\",\"@id\":\"https:\/\/www.imobiliare.ro\/imoexpert\/#\/schema\/person\/8c13b0297075010b896471fabf0d7790\"},\"headline\":\"Pia\u021ba imobiliar\u0103 \u00een T1 2019: Pre\u021burile locuin\u021belor, aproape de nivelul de acum 9 ani\",\"datePublished\":\"2019-04-23T09:03:21+00:00\",\"mainEntityOfPage\":{\"@id\":\"https:\/\/www.imobiliare.ro\/imoexpert\/piata-imobiliara-in-t1-2019-preturile-locuintelor-aproape-de-nivelul-de-acum-9-ani_db\/\"},\"wordCount\":970,\"commentCount\":13,\"publisher\":{\"@id\":\"https:\/\/www.imobiliare.ro\/imoexpert\/#organization\"},\"image\":{\"@id\":\"https:\/\/www.imobiliare.ro\/imoexpert\/piata-imobiliara-in-t1-2019-preturile-locuintelor-aproape-de-nivelul-de-acum-9-ani_db\/#primaryimage\"},\"thumbnailUrl\":\"https:\/\/www.imobiliare.ro\/imoexpert\/wp-content\/uploads\/2019\/04\/piata-imobiliara-in-T1-2019-preturile-locuintelor-aproape-de-nivelul-de-acum-9-ani.jpg\",\"keywords\":[\"Analize Imobiliare\",\"newsletter\",\"principal\",\"proprietar\"],\"articleSection\":[\"\u0218tiri\"],\"inLanguage\":\"en\",\"potentialAction\":[{\"@type\":\"CommentAction\",\"name\":\"Comment\",\"target\":[\"https:\/\/www.imobiliare.ro\/imoexpert\/piata-imobiliara-in-t1-2019-preturile-locuintelor-aproape-de-nivelul-de-acum-9-ani_db\/#respond\"]}],\"copyrightYear\":\"2019\",\"copyrightHolder\":{\"@id\":\"https:\/\/www.imobiliare.ro\/imoexpert\/#organization\"}},{\"@type\":\"WebPage\",\"@id\":\"https:\/\/www.imobiliare.ro\/imoexpert\/piata-imobiliara-in-t1-2019-preturile-locuintelor-aproape-de-nivelul-de-acum-9-ani_db\/\",\"url\":\"https:\/\/www.imobiliare.ro\/imoexpert\/piata-imobiliara-in-t1-2019-preturile-locuintelor-aproape-de-nivelul-de-acum-9-ani_db\/\",\"name\":\"Pia\u021ba imobiliar\u0103 \u00een T1 2019: Pre\u021burile locuin\u021belor, aproape de nivelul de acum 9 ani - \u0218tiri - ImoExpert\",\"isPartOf\":{\"@id\":\"https:\/\/www.imobiliare.ro\/imoexpert\/#website\"},\"primaryImageOfPage\":{\"@id\":\"https:\/\/www.imobiliare.ro\/imoexpert\/piata-imobiliara-in-t1-2019-preturile-locuintelor-aproape-de-nivelul-de-acum-9-ani_db\/#primaryimage\"},\"image\":{\"@id\":\"https:\/\/www.imobiliare.ro\/imoexpert\/piata-imobiliara-in-t1-2019-preturile-locuintelor-aproape-de-nivelul-de-acum-9-ani_db\/#primaryimage\"},\"thumbnailUrl\":\"https:\/\/www.imobiliare.ro\/imoexpert\/wp-content\/uploads\/2019\/04\/piata-imobiliara-in-T1-2019-preturile-locuintelor-aproape-de-nivelul-de-acum-9-ani.jpg\",\"datePublished\":\"2019-04-23T09:03:21+00:00\",\"description\":\"Pre\u021burile locuin\u021belor au continuat s\u0103 se majoreze \u00een T1 2019, dar \u00eentr-un ritm mai redus chiar \u0219i dec\u00e2t anul trecut. \u00cen primul trimestru al anului \u00een Pre\u021burile locuin\u021belor au continuat s\u0103 se majoreze \u00een T1 2019, dar \u00eentr-un ritm sensibil mai temperat dec\u00e2t \u00een anii trecu\u021bi.\",\"breadcrumb\":{\"@id\":\"https:\/\/www.imobiliare.ro\/imoexpert\/piata-imobiliara-in-t1-2019-preturile-locuintelor-aproape-de-nivelul-de-acum-9-ani_db\/#breadcrumb\"},\"inLanguage\":\"en\",\"potentialAction\":[{\"@type\":\"ReadAction\",\"target\":[\"https:\/\/www.imobiliare.ro\/imoexpert\/piata-imobiliara-in-t1-2019-preturile-locuintelor-aproape-de-nivelul-de-acum-9-ani_db\/\"]}]},{\"@type\":\"ImageObject\",\"inLanguage\":\"en\",\"@id\":\"https:\/\/www.imobiliare.ro\/imoexpert\/piata-imobiliara-in-t1-2019-preturile-locuintelor-aproape-de-nivelul-de-acum-9-ani_db\/#primaryimage\",\"url\":\"https:\/\/www.imobiliare.ro\/imoexpert\/wp-content\/uploads\/2019\/04\/piata-imobiliara-in-T1-2019-preturile-locuintelor-aproape-de-nivelul-de-acum-9-ani.jpg\",\"contentUrl\":\"https:\/\/www.imobiliare.ro\/imoexpert\/wp-content\/uploads\/2019\/04\/piata-imobiliara-in-T1-2019-preturile-locuintelor-aproape-de-nivelul-de-acum-9-ani.jpg\",\"width\":800,\"height\":522,\"caption\":\"piata imobiliara in T1 2019 preturile locuintelor aproape de nivelul de acum 9 ani\"},{\"@type\":\"BreadcrumbList\",\"@id\":\"https:\/\/www.imobiliare.ro\/imoexpert\/piata-imobiliara-in-t1-2019-preturile-locuintelor-aproape-de-nivelul-de-acum-9-ani_db\/#breadcrumb\",\"itemListElement\":[{\"@type\":\"ListItem\",\"position\":1,\"name\":\"Imoradar24\",\"item\":\"https:\/\/www.imoradar24.ro\"},{\"@type\":\"ListItem\",\"position\":2,\"name\":\"ImoExpert\",\"item\":\"https:\/\/www.imobiliare.ro\/imoexpert\/\"},{\"@type\":\"ListItem\",\"position\":3,\"name\":\"\u0218tiri\",\"item\":\"https:\/\/www.imobiliare.ro\/imoexpert\/stiri\/\"},{\"@type\":\"ListItem\",\"position\":4,\"name\":\"Pia\u021ba imobiliar\u0103 \u00een T1 2019: Pre\u021burile locuin\u021belor, aproape de nivelul de acum 9 ani\"}]},{\"@type\":\"WebSite\",\"@id\":\"https:\/\/www.imobiliare.ro\/imoexpert\/#website\",\"url\":\"https:\/\/www.imobiliare.ro\/imoexpert\/\",\"name\":\"ImoExpert\",\"description\":\"cele mai importante \u015ftiri din domeniul imobiliar\",\"publisher\":{\"@id\":\"https:\/\/www.imobiliare.ro\/imoexpert\/#organization\"},\"inLanguage\":\"en\"},{\"@type\":\"Organization\",\"@id\":\"https:\/\/www.imobiliare.ro\/imoexpert\/#organization\",\"name\":\"Imobiliare.ro\",\"alternateName\":\"Realmedia Network SA\",\"url\":\"https:\/\/www.imobiliare.ro\/imoexpert\/\",\"logo\":{\"@type\":\"ImageObject\",\"inLanguage\":\"en\",\"@id\":\"https:\/\/www.imobiliare.ro\/imoexpert\/#\/schema\/logo\/image\/\",\"url\":\"https:\/\/www.imobiliare.ro\/imoexpert\/wp-content\/uploads\/2025\/05\/imobiliare_logo.png\",\"contentUrl\":\"https:\/\/www.imobiliare.ro\/imoexpert\/wp-content\/uploads\/2025\/05\/imobiliare_logo.png\",\"width\":237,\"height\":29,\"caption\":\"Imobiliare.ro\"},\"image\":{\"@id\":\"https:\/\/www.imobiliare.ro\/imoexpert\/#\/schema\/logo\/image\/\"}},{\"@type\":\"Person\",\"@id\":\"https:\/\/www.imobiliare.ro\/imoexpert\/#\/schema\/person\/8c13b0297075010b896471fabf0d7790\",\"name\":\"Adriana Dr\u0103gu\u0219in\",\"image\":{\"@type\":\"ImageObject\",\"inLanguage\":\"en\",\"@id\":\"https:\/\/www.imobiliare.ro\/imoexpert\/#\/schema\/person\/image\/\",\"url\":\"https:\/\/secure.gravatar.com\/avatar\/ba4762f7517e50e679ed7f11207102d1150120f2f5800c0da98f8a15305bf514?s=96&d=mm&r=g\",\"contentUrl\":\"https:\/\/secure.gravatar.com\/avatar\/ba4762f7517e50e679ed7f11207102d1150120f2f5800c0da98f8a15305bf514?s=96&d=mm&r=g\",\"caption\":\"Adriana Dr\u0103gu\u0219in\"},\"jobTitle\":\"Editor\",\"url\":\"https:\/\/www.imobiliare.ro\/imoexpert\/author\/adriana-dragusin\/\"}]}<\/script>\n<!-- \/ Yoast SEO Premium plugin. -->","yoast_head_json":{"title":"Pia\u021ba imobiliar\u0103 \u00een T1 2019: Pre\u021burile locuin\u021belor, aproape de nivelul de acum 9 ani - \u0218tiri - ImoExpert","description":"Pre\u021burile locuin\u021belor au continuat s\u0103 se majoreze \u00een T1 2019, dar \u00eentr-un ritm mai redus chiar \u0219i dec\u00e2t anul trecut. \u00cen primul trimestru al anului \u00een Pre\u021burile locuin\u021belor au continuat s\u0103 se majoreze \u00een T1 2019, dar \u00eentr-un ritm sensibil mai temperat dec\u00e2t \u00een anii trecu\u021bi.","robots":{"index":"index","follow":"follow"},"canonical":"https:\/\/www.imobiliare.ro\/imoexpert\/piata-imobiliara-in-t1-2019-preturile-locuintelor-aproape-de-nivelul-de-acum-9-ani_db\/","og_locale":"ro_RO","og_type":"article","og_title":"Pia\u021ba imobiliar\u0103 \u00een T1 2019: Pre\u021burile locuin\u021belor, aproape de nivelul de acum 9 ani","og_description":"Pre\u021burile locuin\u021belor au continuat s\u0103 se majoreze \u00een T1 2019, dar \u00eentr-un ritm mai redus chiar \u0219i dec\u00e2t anul trecut. \u00cen primul trimestru al anului \u00een Pre\u021burile locuin\u021belor au continuat s\u0103 se majoreze \u00een T1 2019, dar \u00eentr-un ritm sensibil mai temperat dec\u00e2t \u00een anii trecu\u021bi.","og_url":"https:\/\/www.imobiliare.ro\/imoexpert\/piata-imobiliara-in-t1-2019-preturile-locuintelor-aproape-de-nivelul-de-acum-9-ani_db\/","og_site_name":"ImoExpert","article_published_time":"2019-04-23T09:03:21+00:00","og_image":[{"width":800,"height":522,"url":"https:\/\/www.imobiliare.ro\/imoexpert\/wp-content\/uploads\/2019\/04\/piata-imobiliara-in-T1-2019-preturile-locuintelor-aproape-de-nivelul-de-acum-9-ani.jpg","type":"image\/jpeg"}],"author":"Adriana Dr\u0103gu\u0219in","twitter_card":"summary_large_image","twitter_misc":{"Written by":"Adriana Dr\u0103gu\u0219in","Est. reading time":"5 minute"},"schema":{"@context":"https:\/\/schema.org","@graph":[{"@type":"Article","@id":"https:\/\/www.imobiliare.ro\/imoexpert\/piata-imobiliara-in-t1-2019-preturile-locuintelor-aproape-de-nivelul-de-acum-9-ani_db\/#article","isPartOf":{"@id":"https:\/\/www.imobiliare.ro\/imoexpert\/piata-imobiliara-in-t1-2019-preturile-locuintelor-aproape-de-nivelul-de-acum-9-ani_db\/"},"author":{"name":"Adriana Dr\u0103gu\u0219in","@id":"https:\/\/www.imobiliare.ro\/imoexpert\/#\/schema\/person\/8c13b0297075010b896471fabf0d7790"},"headline":"Pia\u021ba imobiliar\u0103 \u00een T1 2019: Pre\u021burile locuin\u021belor, aproape de nivelul de acum 9 ani","datePublished":"2019-04-23T09:03:21+00:00","mainEntityOfPage":{"@id":"https:\/\/www.imobiliare.ro\/imoexpert\/piata-imobiliara-in-t1-2019-preturile-locuintelor-aproape-de-nivelul-de-acum-9-ani_db\/"},"wordCount":970,"commentCount":13,"publisher":{"@id":"https:\/\/www.imobiliare.ro\/imoexpert\/#organization"},"image":{"@id":"https:\/\/www.imobiliare.ro\/imoexpert\/piata-imobiliara-in-t1-2019-preturile-locuintelor-aproape-de-nivelul-de-acum-9-ani_db\/#primaryimage"},"thumbnailUrl":"https:\/\/www.imobiliare.ro\/imoexpert\/wp-content\/uploads\/2019\/04\/piata-imobiliara-in-T1-2019-preturile-locuintelor-aproape-de-nivelul-de-acum-9-ani.jpg","keywords":["Analize Imobiliare","newsletter","principal","proprietar"],"articleSection":["\u0218tiri"],"inLanguage":"en","potentialAction":[{"@type":"CommentAction","name":"Comment","target":["https:\/\/www.imobiliare.ro\/imoexpert\/piata-imobiliara-in-t1-2019-preturile-locuintelor-aproape-de-nivelul-de-acum-9-ani_db\/#respond"]}],"copyrightYear":"2019","copyrightHolder":{"@id":"https:\/\/www.imobiliare.ro\/imoexpert\/#organization"}},{"@type":"WebPage","@id":"https:\/\/www.imobiliare.ro\/imoexpert\/piata-imobiliara-in-t1-2019-preturile-locuintelor-aproape-de-nivelul-de-acum-9-ani_db\/","url":"https:\/\/www.imobiliare.ro\/imoexpert\/piata-imobiliara-in-t1-2019-preturile-locuintelor-aproape-de-nivelul-de-acum-9-ani_db\/","name":"Pia\u021ba imobiliar\u0103 \u00een T1 2019: Pre\u021burile locuin\u021belor, aproape de nivelul de acum 9 ani - \u0218tiri - ImoExpert","isPartOf":{"@id":"https:\/\/www.imobiliare.ro\/imoexpert\/#website"},"primaryImageOfPage":{"@id":"https:\/\/www.imobiliare.ro\/imoexpert\/piata-imobiliara-in-t1-2019-preturile-locuintelor-aproape-de-nivelul-de-acum-9-ani_db\/#primaryimage"},"image":{"@id":"https:\/\/www.imobiliare.ro\/imoexpert\/piata-imobiliara-in-t1-2019-preturile-locuintelor-aproape-de-nivelul-de-acum-9-ani_db\/#primaryimage"},"thumbnailUrl":"https:\/\/www.imobiliare.ro\/imoexpert\/wp-content\/uploads\/2019\/04\/piata-imobiliara-in-T1-2019-preturile-locuintelor-aproape-de-nivelul-de-acum-9-ani.jpg","datePublished":"2019-04-23T09:03:21+00:00","description":"Pre\u021burile locuin\u021belor au continuat s\u0103 se majoreze \u00een T1 2019, dar \u00eentr-un ritm mai redus chiar \u0219i dec\u00e2t anul trecut. \u00cen primul trimestru al anului \u00een Pre\u021burile locuin\u021belor au continuat s\u0103 se majoreze \u00een T1 2019, dar \u00eentr-un ritm sensibil mai temperat dec\u00e2t \u00een anii trecu\u021bi.","breadcrumb":{"@id":"https:\/\/www.imobiliare.ro\/imoexpert\/piata-imobiliara-in-t1-2019-preturile-locuintelor-aproape-de-nivelul-de-acum-9-ani_db\/#breadcrumb"},"inLanguage":"en","potentialAction":[{"@type":"ReadAction","target":["https:\/\/www.imobiliare.ro\/imoexpert\/piata-imobiliara-in-t1-2019-preturile-locuintelor-aproape-de-nivelul-de-acum-9-ani_db\/"]}]},{"@type":"ImageObject","inLanguage":"en","@id":"https:\/\/www.imobiliare.ro\/imoexpert\/piata-imobiliara-in-t1-2019-preturile-locuintelor-aproape-de-nivelul-de-acum-9-ani_db\/#primaryimage","url":"https:\/\/www.imobiliare.ro\/imoexpert\/wp-content\/uploads\/2019\/04\/piata-imobiliara-in-T1-2019-preturile-locuintelor-aproape-de-nivelul-de-acum-9-ani.jpg","contentUrl":"https:\/\/www.imobiliare.ro\/imoexpert\/wp-content\/uploads\/2019\/04\/piata-imobiliara-in-T1-2019-preturile-locuintelor-aproape-de-nivelul-de-acum-9-ani.jpg","width":800,"height":522,"caption":"piata imobiliara in T1 2019 preturile locuintelor aproape de nivelul de acum 9 ani"},{"@type":"BreadcrumbList","@id":"https:\/\/www.imobiliare.ro\/imoexpert\/piata-imobiliara-in-t1-2019-preturile-locuintelor-aproape-de-nivelul-de-acum-9-ani_db\/#breadcrumb","itemListElement":[{"@type":"ListItem","position":1,"name":"Imoradar24","item":"https:\/\/www.imoradar24.ro"},{"@type":"ListItem","position":2,"name":"ImoExpert","item":"https:\/\/www.imobiliare.ro\/imoexpert\/"},{"@type":"ListItem","position":3,"name":"\u0218tiri","item":"https:\/\/www.imobiliare.ro\/imoexpert\/stiri\/"},{"@type":"ListItem","position":4,"name":"Pia\u021ba imobiliar\u0103 \u00een T1 2019: Pre\u021burile locuin\u021belor, aproape de nivelul de acum 9 ani"}]},{"@type":"WebSite","@id":"https:\/\/www.imobiliare.ro\/imoexpert\/#website","url":"https:\/\/www.imobiliare.ro\/imoexpert\/","name":"ImoExpert","description":"cele mai importante \u015ftiri din domeniul imobiliar","publisher":{"@id":"https:\/\/www.imobiliare.ro\/imoexpert\/#organization"},"inLanguage":"en"},{"@type":"Organization","@id":"https:\/\/www.imobiliare.ro\/imoexpert\/#organization","name":"Imobiliare.ro","alternateName":"Realmedia Network SA","url":"https:\/\/www.imobiliare.ro\/imoexpert\/","logo":{"@type":"ImageObject","inLanguage":"en","@id":"https:\/\/www.imobiliare.ro\/imoexpert\/#\/schema\/logo\/image\/","url":"https:\/\/www.imobiliare.ro\/imoexpert\/wp-content\/uploads\/2025\/05\/imobiliare_logo.png","contentUrl":"https:\/\/www.imobiliare.ro\/imoexpert\/wp-content\/uploads\/2025\/05\/imobiliare_logo.png","width":237,"height":29,"caption":"Imobiliare.ro"},"image":{"@id":"https:\/\/www.imobiliare.ro\/imoexpert\/#\/schema\/logo\/image\/"}},{"@type":"Person","@id":"https:\/\/www.imobiliare.ro\/imoexpert\/#\/schema\/person\/8c13b0297075010b896471fabf0d7790","name":"Adriana Dr\u0103gu\u0219in","image":{"@type":"ImageObject","inLanguage":"en","@id":"https:\/\/www.imobiliare.ro\/imoexpert\/#\/schema\/person\/image\/","url":"https:\/\/secure.gravatar.com\/avatar\/ba4762f7517e50e679ed7f11207102d1150120f2f5800c0da98f8a15305bf514?s=96&d=mm&r=g","contentUrl":"https:\/\/secure.gravatar.com\/avatar\/ba4762f7517e50e679ed7f11207102d1150120f2f5800c0da98f8a15305bf514?s=96&d=mm&r=g","caption":"Adriana Dr\u0103gu\u0219in"},"jobTitle":"Editor","url":"https:\/\/www.imobiliare.ro\/imoexpert\/author\/adriana-dragusin\/"}]}},"_links":{"self":[{"href":"https:\/\/www.imobiliare.ro\/imoexpert\/wp-json\/wp\/v2\/posts\/55252","targetHints":{"allow":["GET"]}}],"collection":[{"href":"https:\/\/www.imobiliare.ro\/imoexpert\/wp-json\/wp\/v2\/posts"}],"about":[{"href":"https:\/\/www.imobiliare.ro\/imoexpert\/wp-json\/wp\/v2\/types\/post"}],"author":[{"embeddable":true,"href":"https:\/\/www.imobiliare.ro\/imoexpert\/wp-json\/wp\/v2\/users\/829"}],"replies":[{"embeddable":true,"href":"https:\/\/www.imobiliare.ro\/imoexpert\/wp-json\/wp\/v2\/comments?post=55252"}],"version-history":[{"count":0,"href":"https:\/\/www.imobiliare.ro\/imoexpert\/wp-json\/wp\/v2\/posts\/55252\/revisions"}],"wp:featuredmedia":[{"embeddable":true,"href":"https:\/\/www.imobiliare.ro\/imoexpert\/wp-json\/wp\/v2\/media\/55253"}],"wp:attachment":[{"href":"https:\/\/www.imobiliare.ro\/imoexpert\/wp-json\/wp\/v2\/media?parent=55252"}],"wp:term":[{"taxonomy":"category","embeddable":true,"href":"https:\/\/www.imobiliare.ro\/imoexpert\/wp-json\/wp\/v2\/categories?post=55252"},{"taxonomy":"post_tag","embeddable":true,"href":"https:\/\/www.imobiliare.ro\/imoexpert\/wp-json\/wp\/v2\/tags?post=55252"},{"taxonomy":"content_author","embeddable":true,"href":"https:\/\/www.imobiliare.ro\/imoexpert\/wp-json\/wp\/v2\/content_author?post=55252"}],"curies":[{"name":"wp","href":"https:\/\/api.w.org\/{rel}","templated":true}]}}