{"id":55347,"date":"2019-05-20T12:24:52","date_gmt":"2019-05-20T09:24:52","guid":{"rendered":"https:\/\/www.imobiliare.ro\/imoexpert\/?p=55347"},"modified":"2019-05-20T12:24:52","modified_gmt":"2019-05-20T09:24:52","slug":"cum-merg-tranzactiile-imobiliare-in-2019","status":"publish","type":"post","link":"https:\/\/www.imobiliare.ro\/imoexpert\/cum-merg-tranzactiile-imobiliare-in-2019_db\/","title":{"rendered":"Cum merg tranzac\u021biile imobiliare \u00een 2019"},"content":{"rendered":"<p><a class=\"article-body-links\"href=\"https:\/\/www.imobiliare.ro\/imoexpert\/wp-content\/uploads\/2019\/05\/cum-mai-merg-tranzactiile-imobiliare-in-2019.jpg\"><img loading=\"lazy\" decoding=\"async\" src=\"https:\/\/www.imobiliare.ro\/imoexpert\/wp-content\/uploads\/2019\/05\/cum-mai-merg-tranzactiile-imobiliare-in-2019.jpg\" alt=\"cum mai merg tranzactiile imobiliare in 2019\" width=\"800\" height=\"571\" class=\"aligncenter size-full wp-image-55348\" srcset=\"https:\/\/www.imobiliare.ro\/imoexpert\/wp-content\/uploads\/2019\/05\/cum-mai-merg-tranzactiile-imobiliare-in-2019.jpg 800w, https:\/\/www.imobiliare.ro\/imoexpert\/wp-content\/uploads\/2019\/05\/cum-mai-merg-tranzactiile-imobiliare-in-2019-300x214.jpg 300w, https:\/\/www.imobiliare.ro\/imoexpert\/wp-content\/uploads\/2019\/05\/cum-mai-merg-tranzactiile-imobiliare-in-2019-768x548.jpg 768w\" sizes=\"auto, (max-width: 800px) 100vw, 800px\" \/><\/a><\/p>\n<div id=\"ez-toc-container\" class=\"ez-toc-v2_0_81 counter-hierarchy ez-toc-counter ez-toc-grey ez-toc-container-direction\">\n<p class=\"ez-toc-title\" style=\"cursor:inherit\">Table of Contents<\/p>\n<label for=\"ez-toc-cssicon-toggle-item-69f09297e3003\" class=\"ez-toc-cssicon-toggle-label\"><span class=\"ez-toc-cssicon\"><span class=\"eztoc-hide\" style=\"display:none;\">Toggle<\/span><span class=\"ez-toc-icon-toggle-span\"><svg style=\"fill: #999;color:#999\" xmlns=\"http:\/\/www.w3.org\/2000\/svg\" class=\"list-377408\" width=\"20px\" height=\"20px\" viewBox=\"0 0 24 24\" fill=\"none\"><path d=\"M6 6H4v2h2V6zm14 0H8v2h12V6zM4 11h2v2H4v-2zm16 0H8v2h12v-2zM4 16h2v2H4v-2zm16 0H8v2h12v-2z\" fill=\"currentColor\"><\/path><\/svg><svg style=\"fill: #999;color:#999\" class=\"arrow-unsorted-368013\" xmlns=\"http:\/\/www.w3.org\/2000\/svg\" width=\"10px\" height=\"10px\" viewBox=\"0 0 24 24\" version=\"1.2\" baseProfile=\"tiny\"><path d=\"M18.2 9.3l-6.2-6.3-6.2 6.3c-.2.2-.3.4-.3.7s.1.5.3.7c.2.2.4.3.7.3h11c.3 0 .5-.1.7-.3.2-.2.3-.5.3-.7s-.1-.5-.3-.7zM5.8 14.7l6.2 6.3 6.2-6.3c.2-.2.3-.5.3-.7s-.1-.5-.3-.7c-.2-.2-.4-.3-.7-.3h-11c-.3 0-.5.1-.7.3-.2.2-.3.5-.3.7s.1.5.3.7z\"\/><\/svg><\/span><\/span><\/label><input type=\"checkbox\"  id=\"ez-toc-cssicon-toggle-item-69f09297e3003\"  aria-label=\"Toggle\" \/><nav><ul class='ez-toc-list ez-toc-list-level-1 ' ><li class='ez-toc-page-1 ez-toc-heading-level-2'><a class=\"ez-toc-link ez-toc-heading-1\" href=\"https:\/\/www.imobiliare.ro\/imoexpert\/cum-merg-tranzactiile-imobiliare-in-2019_db\/#In_primele_luni_din_2019_apetitul_pentru_tranzactii_imobiliare_a_fost_ceva_mai_scazut_comparativ_cu_anul_trecut_%E2%80%93_fapt_ce_poate_fi_pus_si_pe_seama_%E2%80%9Elinistirii%E2%80%9D_pietei\" >\u00cen primele luni din 2019, apetitul pentru tranzac\u021bii imobiliare a fost ceva mai sc\u0103zut comparativ cu anul trecut \u2013 fapt ce poate fi pus \u0219i pe seama \u201elini\u0219tirii\u201d pie\u021bei.<\/a><\/li><li class='ez-toc-page-1 ez-toc-heading-level-2'><a class=\"ez-toc-link ez-toc-heading-2\" href=\"https:\/\/www.imobiliare.ro\/imoexpert\/cum-merg-tranzactiile-imobiliare-in-2019_db\/#Pauza_la_Prima_Casa_in_ianuarie_si_februarie\" >Pauz\u0103 la Prima Cas\u0103 \u00een ianuarie \u0219i februarie<\/a><\/li><li class='ez-toc-page-1 ez-toc-heading-level-2'><a class=\"ez-toc-link ez-toc-heading-3\" href=\"https:\/\/www.imobiliare.ro\/imoexpert\/cum-merg-tranzactiile-imobiliare-in-2019_db\/#Scaderi_in_majoritatea_judetelor_fruntase\" >Sc\u0103deri \u00een majoritatea jude\u021belor frunta\u0219e<\/a><\/li><li class='ez-toc-page-1 ez-toc-heading-level-2'><a class=\"ez-toc-link ez-toc-heading-4\" href=\"https:\/\/www.imobiliare.ro\/imoexpert\/cum-merg-tranzactiile-imobiliare-in-2019_db\/#Bucurestiul_si_Ilfovul_exceptia_de_la_regula\" >Bucure\u0219tiul \u0219i Ilfovul, excep\u021bia de la regul\u0103<\/a><\/li><\/ul><\/nav><\/div>\n<h2><span class=\"ez-toc-section\" id=\"In_primele_luni_din_2019_apetitul_pentru_tranzactii_imobiliare_a_fost_ceva_mai_scazut_comparativ_cu_anul_trecut_%E2%80%93_fapt_ce_poate_fi_pus_si_pe_seama_%E2%80%9Elinistirii%E2%80%9D_pietei\"><\/span>\u00cen primele luni din 2019, apetitul pentru tranzac\u021bii imobiliare a fost ceva mai sc\u0103zut comparativ cu anul trecut \u2013 fapt ce poate fi pus \u0219i pe seama \u201elini\u0219tirii\u201d pie\u021bei.<span class=\"ez-toc-section-end\"><\/span><\/h2>\n<p>Potrivit celor mai recente date publicate de Agen\u021bia Na\u021bional\u0103 de Cadastru \u0219i Publicitate Imobiliar\u0103 (ANCPI), \u00een luna aprilie 2019 au fost v\u00e2ndute, la nivelul \u00eentregii \u021b\u0103ri, 40.811 de imobile (case, terenuri \u0219i apartamente), ceea ce echivaleaz\u0103 cu o sc\u0103dere de 3.755 de opera\u021biuni fa\u021b\u0103 de martie \u0219i, respectiv, un recul de 3.295 de achizi\u021bii fa\u021b\u0103 de perioada similar\u0103 a anului trecut. <\/p>\n<h2><span class=\"ez-toc-section\" id=\"Pauza_la_Prima_Casa_in_ianuarie_si_februarie\"><\/span>Pauz\u0103 la Prima Cas\u0103 \u00een ianuarie \u0219i februarie<span class=\"ez-toc-section-end\"><\/span><\/h2>\n<p>Aceast\u0103 evolu\u021bie se afl\u0103 \u00een deplin\u0103 consonan\u021b\u0103 cu rezultatele consemnate de cel mai recent raport realizat de Analize Imobiliare. Potrivit acestuia, \u00een T1 2019 au fost \u00eencheiate, la nivel de \u021bar\u0103, 116.109 de contracte de v\u00e2nzare \u2013 nivel ce marcheaz\u0103 o sc\u0103dere de 22% fa\u021b\u0103 de perioada similar\u0103 din 2018, c\u00e2nd erau consemnate 148.951 de asemenea opera\u021biuni. <\/p>\n<p>De men\u021bionat este totu\u0219i c\u0103, cel pu\u021bin \u00een parte, sc\u0103derea din primele trei luni ale anului poate fi pus\u0103 pe seama faptului c\u0103 lunile ianuarie \u0219i februarie, cele care au \u00eenregistrat \u0219i cele mai slabe rezultate, au fost marcate de nefunc\u021bionarea programului Prima Cas\u0103 (care sus\u021bine, \u00eenc\u0103, o parte important\u0103 din cererea de locuin\u021be existent\u0103 \u00een pia\u021b\u0103). <\/p>\n<p>Pe parcursul primului trimestru al anului \u00een curs, cele mai multe opera\u021biuni de v\u00e2nzare-cump\u0103rare au avut loc \u00een Bucure\u0219ti (19.698 de tranzac\u021bii), pe urm\u0103toarele locuri \u00een top situ\u00e2ndu-se jude\u021bele Ilfov (cu 10.082 de contracte), Cluj (7.017), Timi\u0219 (6.572), Bra\u0219ov (6.120), Constan\u021ba (4.025) \u0219i Ia\u0219i (3.527). <\/p>\n<h2><span class=\"ez-toc-section\" id=\"Scaderi_in_majoritatea_judetelor_fruntase\"><\/span>Sc\u0103deri \u00een majoritatea jude\u021belor frunta\u0219e<span class=\"ez-toc-section-end\"><\/span><\/h2>\n<p>\u00cen consonan\u021b\u0103 cu ceea ce s-a \u00eent\u00e2mplat la nivel de \u021bar\u0103, volumul tranzac\u021biilor imobiliare \u00eencheiate \u00een primele trei luni din 2019 a sc\u0103zut comparativ cu anul precedent \u00een majoritatea jude\u021belor cu cea mai intens\u0103 activitate. \u00cen perioada analizat\u0103, cel mai semnificativ declin, anume 49%, a avut loc \u00een Ia\u0219i. Aici, num\u0103rul achizi\u021biilor de imobile a sc\u0103zut cu peste 3.000 de contracte, de la un total de 6.905 atins \u00een primul trimestru din 2018.<\/p>\n<p>Locul al doilea \u00een clasamentul sc\u0103derilor este ocupat de Constan\u021ba, unde \u00een primul p\u0103trar al anului trecut erau \u00eencheiate 6.225 de contracte de v\u00e2nzare, astfel c\u0103 declinul consemnat \u00een 2019 a fost de 35%. O sc\u0103dere important\u0103, de 26%, a avut loc \u0219i \u00een jude\u021bul Cluj (de la 9.543 de opera\u021biuni de v\u00e2nzare \u00een perioada similar\u0103 din 2018), ca \u0219i \u00een Timi\u0219 (-24%, de la 8.685 de achizi\u021bii). Un recul anual ceva mai redus, de 9%, s-a petrecut \u00een Bra\u0219ov, de la 6.750 de tranzac\u021bii \u00een primul p\u0103trar din 2018. <\/p>\n<h2><span class=\"ez-toc-section\" id=\"Bucurestiul_si_Ilfovul_exceptia_de_la_regula\"><\/span>Bucure\u0219tiul \u0219i Ilfovul, excep\u021bia de la regul\u0103<span class=\"ez-toc-section-end\"><\/span><\/h2>\n<p>La fel ca anul trecut, dintre jude\u021bele cele mai active \u00een materie de v\u00e2nz\u0103ri de imobile, doar Bucure\u0219tiul \u0219i Ilfovul nu au consemnat sc\u0103deri \u00een ceea ce prive\u0219te activitatea de tranzac\u021bionare la \u00eenceput de 2019. Ambele au \u00eenregistrat cre\u0219teri \u00een aceast\u0103 privin\u021b\u0103, \u00eens\u0103 nu foarte mari \u2013 \u00een Bucure\u0219ti a avut loc un avans de 2% (de la 19.333 de contracte \u00eencheiate \u00een primul trimestru din 2018) iar \u00een Ilfov unul de 3% (de la 9.829 de tranzac\u021bii \u00een urm\u0103 cu 12 luni).<\/p>\n","protected":false},"excerpt":{"rendered":"<p>\u00cen primele luni din 2019, apetitul pentru tranzac\u021bii imobiliare a fost ceva mai sc\u0103zut comparativ cu anul trecut \u2013 fapt ce poate fi pus \u0219i pe seama \u201elini\u0219tirii\u201d pie\u021bei. Potrivit celor mai recente date publicate de Agen\u021bia Na\u021bional\u0103 de Cadastru \u0219i Publicitate Imobiliar\u0103 (ANCPI), \u00een luna aprilie 2019 au fost v\u00e2ndute, la nivelul \u00eentregii \u021b\u0103ri, [&hellip;]<\/p>\n","protected":false},"author":829,"featured_media":55348,"comment_status":"open","ping_status":"open","sticky":false,"template":"","format":"standard","meta":{"footnotes":""},"categories":[259],"tags":[1410,1411,451,487],"content_author":[],"class_list":["post-55347","post","type-post","status-publish","format-standard","has-post-thumbnail","hentry","category-stiri","tag-newsletter","tag-principal","tag-proprietar","tag-tranzactii-imobiliare"],"yoast_head":"<!-- This site is optimized with the Yoast SEO Premium plugin v27.0 (Yoast SEO v27.0) - https:\/\/yoast.com\/product\/yoast-seo-premium-wordpress\/ -->\n<title>Cum merg tranzac\u021biile imobiliare \u00een 2019 - \u0218tiri - ImoExpert<\/title>\n<meta name=\"description\" content=\"\u00cen primele luni din 2019, apetitul pentru tranzac\u021bii imobiliare a fost ceva mai sc\u0103zut comparativ cu anul trecut \u2013 fapt ce poate fi pus \u0219i pe seama \u00cen primele luni din 2019, apetitul pentru tranzac\u021bii imobiliare a fost ceva mai sc\u0103zut fa\u021b\u0103 de 2018 \u2013 fapt ce poate fi pus \u0219i pe seama \u201elini\u0219tirii\u201d pie\u021bei.\" \/>\n<meta name=\"robots\" content=\"index, follow\" \/>\n<link rel=\"canonical\" href=\"https:\/\/www.imobiliare.ro\/imoexpert\/cum-merg-tranzactiile-imobiliare-in-2019_db\/\" \/>\n<meta property=\"og:locale\" content=\"ro_RO\" \/>\n<meta property=\"og:type\" content=\"article\" \/>\n<meta property=\"og:title\" content=\"Cum merg tranzac\u021biile imobiliare \u00een 2019\" \/>\n<meta property=\"og:description\" content=\"\u00cen primele luni din 2019, apetitul pentru tranzac\u021bii imobiliare a fost ceva mai sc\u0103zut comparativ cu anul trecut \u2013 fapt ce poate fi pus \u0219i pe seama \u00cen primele luni din 2019, apetitul pentru tranzac\u021bii imobiliare a fost ceva mai sc\u0103zut fa\u021b\u0103 de 2018 \u2013 fapt ce poate fi pus \u0219i pe seama \u201elini\u0219tirii\u201d pie\u021bei.\" \/>\n<meta property=\"og:url\" content=\"https:\/\/www.imobiliare.ro\/imoexpert\/cum-merg-tranzactiile-imobiliare-in-2019_db\/\" \/>\n<meta property=\"og:site_name\" content=\"ImoExpert\" \/>\n<meta property=\"article:published_time\" content=\"2019-05-20T09:24:52+00:00\" \/>\n<meta property=\"og:image\" content=\"https:\/\/www.imobiliare.ro\/imoexpert\/wp-content\/uploads\/2019\/05\/cum-mai-merg-tranzactiile-imobiliare-in-2019.jpg\" \/>\n\t<meta property=\"og:image:width\" content=\"800\" \/>\n\t<meta property=\"og:image:height\" content=\"571\" \/>\n\t<meta property=\"og:image:type\" content=\"image\/jpeg\" \/>\n<meta name=\"author\" content=\"Adriana Dr\u0103gu\u0219in\" \/>\n<meta name=\"twitter:card\" content=\"summary_large_image\" \/>\n<meta name=\"twitter:label1\" content=\"Written by\" \/>\n\t<meta name=\"twitter:data1\" content=\"Adriana Dr\u0103gu\u0219in\" \/>\n\t<meta name=\"twitter:label2\" content=\"Est. reading time\" \/>\n\t<meta name=\"twitter:data2\" content=\"3 minute\" \/>\n<script type=\"application\/ld+json\" class=\"yoast-schema-graph\">{\"@context\":\"https:\/\/schema.org\",\"@graph\":[{\"@type\":\"Article\",\"@id\":\"https:\/\/www.imobiliare.ro\/imoexpert\/cum-merg-tranzactiile-imobiliare-in-2019_db\/#article\",\"isPartOf\":{\"@id\":\"https:\/\/www.imobiliare.ro\/imoexpert\/cum-merg-tranzactiile-imobiliare-in-2019_db\/\"},\"author\":{\"name\":\"Adriana Dr\u0103gu\u0219in\",\"@id\":\"https:\/\/www.imobiliare.ro\/imoexpert\/#\/schema\/person\/8c13b0297075010b896471fabf0d7790\"},\"headline\":\"Cum merg tranzac\u021biile imobiliare \u00een 2019\",\"datePublished\":\"2019-05-20T09:24:52+00:00\",\"mainEntityOfPage\":{\"@id\":\"https:\/\/www.imobiliare.ro\/imoexpert\/cum-merg-tranzactiile-imobiliare-in-2019_db\/\"},\"wordCount\":547,\"commentCount\":4,\"publisher\":{\"@id\":\"https:\/\/www.imobiliare.ro\/imoexpert\/#organization\"},\"image\":{\"@id\":\"https:\/\/www.imobiliare.ro\/imoexpert\/cum-merg-tranzactiile-imobiliare-in-2019_db\/#primaryimage\"},\"thumbnailUrl\":\"https:\/\/www.imobiliare.ro\/imoexpert\/wp-content\/uploads\/2019\/05\/cum-mai-merg-tranzactiile-imobiliare-in-2019.jpg\",\"keywords\":[\"newsletter\",\"principal\",\"proprietar\",\"tranzactii imobiliare\"],\"articleSection\":[\"\u0218tiri\"],\"inLanguage\":\"en\",\"potentialAction\":[{\"@type\":\"CommentAction\",\"name\":\"Comment\",\"target\":[\"https:\/\/www.imobiliare.ro\/imoexpert\/cum-merg-tranzactiile-imobiliare-in-2019_db\/#respond\"]}],\"copyrightYear\":\"2019\",\"copyrightHolder\":{\"@id\":\"https:\/\/www.imobiliare.ro\/imoexpert\/#organization\"}},{\"@type\":\"WebPage\",\"@id\":\"https:\/\/www.imobiliare.ro\/imoexpert\/cum-merg-tranzactiile-imobiliare-in-2019_db\/\",\"url\":\"https:\/\/www.imobiliare.ro\/imoexpert\/cum-merg-tranzactiile-imobiliare-in-2019_db\/\",\"name\":\"Cum merg tranzac\u021biile imobiliare \u00een 2019 - \u0218tiri - ImoExpert\",\"isPartOf\":{\"@id\":\"https:\/\/www.imobiliare.ro\/imoexpert\/#website\"},\"primaryImageOfPage\":{\"@id\":\"https:\/\/www.imobiliare.ro\/imoexpert\/cum-merg-tranzactiile-imobiliare-in-2019_db\/#primaryimage\"},\"image\":{\"@id\":\"https:\/\/www.imobiliare.ro\/imoexpert\/cum-merg-tranzactiile-imobiliare-in-2019_db\/#primaryimage\"},\"thumbnailUrl\":\"https:\/\/www.imobiliare.ro\/imoexpert\/wp-content\/uploads\/2019\/05\/cum-mai-merg-tranzactiile-imobiliare-in-2019.jpg\",\"datePublished\":\"2019-05-20T09:24:52+00:00\",\"description\":\"\u00cen primele luni din 2019, apetitul pentru tranzac\u021bii imobiliare a fost ceva mai sc\u0103zut comparativ cu anul trecut \u2013 fapt ce poate fi pus \u0219i pe seama \u00cen primele luni din 2019, apetitul pentru tranzac\u021bii imobiliare a fost ceva mai sc\u0103zut fa\u021b\u0103 de 2018 \u2013 fapt ce poate fi pus \u0219i pe seama \u201elini\u0219tirii\u201d pie\u021bei.\",\"breadcrumb\":{\"@id\":\"https:\/\/www.imobiliare.ro\/imoexpert\/cum-merg-tranzactiile-imobiliare-in-2019_db\/#breadcrumb\"},\"inLanguage\":\"en\",\"potentialAction\":[{\"@type\":\"ReadAction\",\"target\":[\"https:\/\/www.imobiliare.ro\/imoexpert\/cum-merg-tranzactiile-imobiliare-in-2019_db\/\"]}]},{\"@type\":\"ImageObject\",\"inLanguage\":\"en\",\"@id\":\"https:\/\/www.imobiliare.ro\/imoexpert\/cum-merg-tranzactiile-imobiliare-in-2019_db\/#primaryimage\",\"url\":\"https:\/\/www.imobiliare.ro\/imoexpert\/wp-content\/uploads\/2019\/05\/cum-mai-merg-tranzactiile-imobiliare-in-2019.jpg\",\"contentUrl\":\"https:\/\/www.imobiliare.ro\/imoexpert\/wp-content\/uploads\/2019\/05\/cum-mai-merg-tranzactiile-imobiliare-in-2019.jpg\",\"width\":800,\"height\":571,\"caption\":\"cum mai merg tranzactiile imobiliare in 2019\"},{\"@type\":\"BreadcrumbList\",\"@id\":\"https:\/\/www.imobiliare.ro\/imoexpert\/cum-merg-tranzactiile-imobiliare-in-2019_db\/#breadcrumb\",\"itemListElement\":[{\"@type\":\"ListItem\",\"position\":1,\"name\":\"Imoradar24\",\"item\":\"https:\/\/www.imoradar24.ro\"},{\"@type\":\"ListItem\",\"position\":2,\"name\":\"ImoExpert\",\"item\":\"https:\/\/www.imobiliare.ro\/imoexpert\/\"},{\"@type\":\"ListItem\",\"position\":3,\"name\":\"\u0218tiri\",\"item\":\"https:\/\/www.imobiliare.ro\/imoexpert\/stiri\/\"},{\"@type\":\"ListItem\",\"position\":4,\"name\":\"Cum merg tranzac\u021biile imobiliare \u00een 2019\"}]},{\"@type\":\"WebSite\",\"@id\":\"https:\/\/www.imobiliare.ro\/imoexpert\/#website\",\"url\":\"https:\/\/www.imobiliare.ro\/imoexpert\/\",\"name\":\"ImoExpert\",\"description\":\"cele mai importante \u015ftiri din domeniul imobiliar\",\"publisher\":{\"@id\":\"https:\/\/www.imobiliare.ro\/imoexpert\/#organization\"},\"inLanguage\":\"en\"},{\"@type\":\"Organization\",\"@id\":\"https:\/\/www.imobiliare.ro\/imoexpert\/#organization\",\"name\":\"Imobiliare.ro\",\"alternateName\":\"Realmedia Network SA\",\"url\":\"https:\/\/www.imobiliare.ro\/imoexpert\/\",\"logo\":{\"@type\":\"ImageObject\",\"inLanguage\":\"en\",\"@id\":\"https:\/\/www.imobiliare.ro\/imoexpert\/#\/schema\/logo\/image\/\",\"url\":\"https:\/\/www.imobiliare.ro\/imoexpert\/wp-content\/uploads\/2025\/05\/imobiliare_logo.png\",\"contentUrl\":\"https:\/\/www.imobiliare.ro\/imoexpert\/wp-content\/uploads\/2025\/05\/imobiliare_logo.png\",\"width\":237,\"height\":29,\"caption\":\"Imobiliare.ro\"},\"image\":{\"@id\":\"https:\/\/www.imobiliare.ro\/imoexpert\/#\/schema\/logo\/image\/\"}},{\"@type\":\"Person\",\"@id\":\"https:\/\/www.imobiliare.ro\/imoexpert\/#\/schema\/person\/8c13b0297075010b896471fabf0d7790\",\"name\":\"Adriana Dr\u0103gu\u0219in\",\"image\":{\"@type\":\"ImageObject\",\"inLanguage\":\"en\",\"@id\":\"https:\/\/www.imobiliare.ro\/imoexpert\/#\/schema\/person\/image\/\",\"url\":\"https:\/\/secure.gravatar.com\/avatar\/ba4762f7517e50e679ed7f11207102d1150120f2f5800c0da98f8a15305bf514?s=96&d=mm&r=g\",\"contentUrl\":\"https:\/\/secure.gravatar.com\/avatar\/ba4762f7517e50e679ed7f11207102d1150120f2f5800c0da98f8a15305bf514?s=96&d=mm&r=g\",\"caption\":\"Adriana Dr\u0103gu\u0219in\"},\"jobTitle\":\"Editor\",\"url\":\"https:\/\/www.imobiliare.ro\/imoexpert\/author\/adriana-dragusin\/\"}]}<\/script>\n<!-- \/ Yoast SEO Premium plugin. -->","yoast_head_json":{"title":"Cum merg tranzac\u021biile imobiliare \u00een 2019 - \u0218tiri - ImoExpert","description":"\u00cen primele luni din 2019, apetitul pentru tranzac\u021bii imobiliare a fost ceva mai sc\u0103zut comparativ cu anul trecut \u2013 fapt ce poate fi pus \u0219i pe seama \u00cen primele luni din 2019, apetitul pentru tranzac\u021bii imobiliare a fost ceva mai sc\u0103zut fa\u021b\u0103 de 2018 \u2013 fapt ce poate fi pus \u0219i pe seama \u201elini\u0219tirii\u201d pie\u021bei.","robots":{"index":"index","follow":"follow"},"canonical":"https:\/\/www.imobiliare.ro\/imoexpert\/cum-merg-tranzactiile-imobiliare-in-2019_db\/","og_locale":"ro_RO","og_type":"article","og_title":"Cum merg tranzac\u021biile imobiliare \u00een 2019","og_description":"\u00cen primele luni din 2019, apetitul pentru tranzac\u021bii imobiliare a fost ceva mai sc\u0103zut comparativ cu anul trecut \u2013 fapt ce poate fi pus \u0219i pe seama \u00cen primele luni din 2019, apetitul pentru tranzac\u021bii imobiliare a fost ceva mai sc\u0103zut fa\u021b\u0103 de 2018 \u2013 fapt ce poate fi pus \u0219i pe seama \u201elini\u0219tirii\u201d pie\u021bei.","og_url":"https:\/\/www.imobiliare.ro\/imoexpert\/cum-merg-tranzactiile-imobiliare-in-2019_db\/","og_site_name":"ImoExpert","article_published_time":"2019-05-20T09:24:52+00:00","og_image":[{"width":800,"height":571,"url":"https:\/\/www.imobiliare.ro\/imoexpert\/wp-content\/uploads\/2019\/05\/cum-mai-merg-tranzactiile-imobiliare-in-2019.jpg","type":"image\/jpeg"}],"author":"Adriana Dr\u0103gu\u0219in","twitter_card":"summary_large_image","twitter_misc":{"Written by":"Adriana Dr\u0103gu\u0219in","Est. reading time":"3 minute"},"schema":{"@context":"https:\/\/schema.org","@graph":[{"@type":"Article","@id":"https:\/\/www.imobiliare.ro\/imoexpert\/cum-merg-tranzactiile-imobiliare-in-2019_db\/#article","isPartOf":{"@id":"https:\/\/www.imobiliare.ro\/imoexpert\/cum-merg-tranzactiile-imobiliare-in-2019_db\/"},"author":{"name":"Adriana Dr\u0103gu\u0219in","@id":"https:\/\/www.imobiliare.ro\/imoexpert\/#\/schema\/person\/8c13b0297075010b896471fabf0d7790"},"headline":"Cum merg tranzac\u021biile imobiliare \u00een 2019","datePublished":"2019-05-20T09:24:52+00:00","mainEntityOfPage":{"@id":"https:\/\/www.imobiliare.ro\/imoexpert\/cum-merg-tranzactiile-imobiliare-in-2019_db\/"},"wordCount":547,"commentCount":4,"publisher":{"@id":"https:\/\/www.imobiliare.ro\/imoexpert\/#organization"},"image":{"@id":"https:\/\/www.imobiliare.ro\/imoexpert\/cum-merg-tranzactiile-imobiliare-in-2019_db\/#primaryimage"},"thumbnailUrl":"https:\/\/www.imobiliare.ro\/imoexpert\/wp-content\/uploads\/2019\/05\/cum-mai-merg-tranzactiile-imobiliare-in-2019.jpg","keywords":["newsletter","principal","proprietar","tranzactii imobiliare"],"articleSection":["\u0218tiri"],"inLanguage":"en","potentialAction":[{"@type":"CommentAction","name":"Comment","target":["https:\/\/www.imobiliare.ro\/imoexpert\/cum-merg-tranzactiile-imobiliare-in-2019_db\/#respond"]}],"copyrightYear":"2019","copyrightHolder":{"@id":"https:\/\/www.imobiliare.ro\/imoexpert\/#organization"}},{"@type":"WebPage","@id":"https:\/\/www.imobiliare.ro\/imoexpert\/cum-merg-tranzactiile-imobiliare-in-2019_db\/","url":"https:\/\/www.imobiliare.ro\/imoexpert\/cum-merg-tranzactiile-imobiliare-in-2019_db\/","name":"Cum merg tranzac\u021biile imobiliare \u00een 2019 - \u0218tiri - ImoExpert","isPartOf":{"@id":"https:\/\/www.imobiliare.ro\/imoexpert\/#website"},"primaryImageOfPage":{"@id":"https:\/\/www.imobiliare.ro\/imoexpert\/cum-merg-tranzactiile-imobiliare-in-2019_db\/#primaryimage"},"image":{"@id":"https:\/\/www.imobiliare.ro\/imoexpert\/cum-merg-tranzactiile-imobiliare-in-2019_db\/#primaryimage"},"thumbnailUrl":"https:\/\/www.imobiliare.ro\/imoexpert\/wp-content\/uploads\/2019\/05\/cum-mai-merg-tranzactiile-imobiliare-in-2019.jpg","datePublished":"2019-05-20T09:24:52+00:00","description":"\u00cen primele luni din 2019, apetitul pentru tranzac\u021bii imobiliare a fost ceva mai sc\u0103zut comparativ cu anul trecut \u2013 fapt ce poate fi pus \u0219i pe seama \u00cen primele luni din 2019, apetitul pentru tranzac\u021bii imobiliare a fost ceva mai sc\u0103zut fa\u021b\u0103 de 2018 \u2013 fapt ce poate fi pus \u0219i pe seama \u201elini\u0219tirii\u201d pie\u021bei.","breadcrumb":{"@id":"https:\/\/www.imobiliare.ro\/imoexpert\/cum-merg-tranzactiile-imobiliare-in-2019_db\/#breadcrumb"},"inLanguage":"en","potentialAction":[{"@type":"ReadAction","target":["https:\/\/www.imobiliare.ro\/imoexpert\/cum-merg-tranzactiile-imobiliare-in-2019_db\/"]}]},{"@type":"ImageObject","inLanguage":"en","@id":"https:\/\/www.imobiliare.ro\/imoexpert\/cum-merg-tranzactiile-imobiliare-in-2019_db\/#primaryimage","url":"https:\/\/www.imobiliare.ro\/imoexpert\/wp-content\/uploads\/2019\/05\/cum-mai-merg-tranzactiile-imobiliare-in-2019.jpg","contentUrl":"https:\/\/www.imobiliare.ro\/imoexpert\/wp-content\/uploads\/2019\/05\/cum-mai-merg-tranzactiile-imobiliare-in-2019.jpg","width":800,"height":571,"caption":"cum mai merg tranzactiile imobiliare in 2019"},{"@type":"BreadcrumbList","@id":"https:\/\/www.imobiliare.ro\/imoexpert\/cum-merg-tranzactiile-imobiliare-in-2019_db\/#breadcrumb","itemListElement":[{"@type":"ListItem","position":1,"name":"Imoradar24","item":"https:\/\/www.imoradar24.ro"},{"@type":"ListItem","position":2,"name":"ImoExpert","item":"https:\/\/www.imobiliare.ro\/imoexpert\/"},{"@type":"ListItem","position":3,"name":"\u0218tiri","item":"https:\/\/www.imobiliare.ro\/imoexpert\/stiri\/"},{"@type":"ListItem","position":4,"name":"Cum merg tranzac\u021biile imobiliare \u00een 2019"}]},{"@type":"WebSite","@id":"https:\/\/www.imobiliare.ro\/imoexpert\/#website","url":"https:\/\/www.imobiliare.ro\/imoexpert\/","name":"ImoExpert","description":"cele mai importante \u015ftiri din domeniul imobiliar","publisher":{"@id":"https:\/\/www.imobiliare.ro\/imoexpert\/#organization"},"inLanguage":"en"},{"@type":"Organization","@id":"https:\/\/www.imobiliare.ro\/imoexpert\/#organization","name":"Imobiliare.ro","alternateName":"Realmedia Network SA","url":"https:\/\/www.imobiliare.ro\/imoexpert\/","logo":{"@type":"ImageObject","inLanguage":"en","@id":"https:\/\/www.imobiliare.ro\/imoexpert\/#\/schema\/logo\/image\/","url":"https:\/\/www.imobiliare.ro\/imoexpert\/wp-content\/uploads\/2025\/05\/imobiliare_logo.png","contentUrl":"https:\/\/www.imobiliare.ro\/imoexpert\/wp-content\/uploads\/2025\/05\/imobiliare_logo.png","width":237,"height":29,"caption":"Imobiliare.ro"},"image":{"@id":"https:\/\/www.imobiliare.ro\/imoexpert\/#\/schema\/logo\/image\/"}},{"@type":"Person","@id":"https:\/\/www.imobiliare.ro\/imoexpert\/#\/schema\/person\/8c13b0297075010b896471fabf0d7790","name":"Adriana Dr\u0103gu\u0219in","image":{"@type":"ImageObject","inLanguage":"en","@id":"https:\/\/www.imobiliare.ro\/imoexpert\/#\/schema\/person\/image\/","url":"https:\/\/secure.gravatar.com\/avatar\/ba4762f7517e50e679ed7f11207102d1150120f2f5800c0da98f8a15305bf514?s=96&d=mm&r=g","contentUrl":"https:\/\/secure.gravatar.com\/avatar\/ba4762f7517e50e679ed7f11207102d1150120f2f5800c0da98f8a15305bf514?s=96&d=mm&r=g","caption":"Adriana Dr\u0103gu\u0219in"},"jobTitle":"Editor","url":"https:\/\/www.imobiliare.ro\/imoexpert\/author\/adriana-dragusin\/"}]}},"_links":{"self":[{"href":"https:\/\/www.imobiliare.ro\/imoexpert\/wp-json\/wp\/v2\/posts\/55347","targetHints":{"allow":["GET"]}}],"collection":[{"href":"https:\/\/www.imobiliare.ro\/imoexpert\/wp-json\/wp\/v2\/posts"}],"about":[{"href":"https:\/\/www.imobiliare.ro\/imoexpert\/wp-json\/wp\/v2\/types\/post"}],"author":[{"embeddable":true,"href":"https:\/\/www.imobiliare.ro\/imoexpert\/wp-json\/wp\/v2\/users\/829"}],"replies":[{"embeddable":true,"href":"https:\/\/www.imobiliare.ro\/imoexpert\/wp-json\/wp\/v2\/comments?post=55347"}],"version-history":[{"count":0,"href":"https:\/\/www.imobiliare.ro\/imoexpert\/wp-json\/wp\/v2\/posts\/55347\/revisions"}],"wp:featuredmedia":[{"embeddable":true,"href":"https:\/\/www.imobiliare.ro\/imoexpert\/wp-json\/wp\/v2\/media\/55348"}],"wp:attachment":[{"href":"https:\/\/www.imobiliare.ro\/imoexpert\/wp-json\/wp\/v2\/media?parent=55347"}],"wp:term":[{"taxonomy":"category","embeddable":true,"href":"https:\/\/www.imobiliare.ro\/imoexpert\/wp-json\/wp\/v2\/categories?post=55347"},{"taxonomy":"post_tag","embeddable":true,"href":"https:\/\/www.imobiliare.ro\/imoexpert\/wp-json\/wp\/v2\/tags?post=55347"},{"taxonomy":"content_author","embeddable":true,"href":"https:\/\/www.imobiliare.ro\/imoexpert\/wp-json\/wp\/v2\/content_author?post=55347"}],"curies":[{"name":"wp","href":"https:\/\/api.w.org\/{rel}","templated":true}]}}