{"id":55840,"date":"2019-08-08T15:17:35","date_gmt":"2019-08-08T12:17:35","guid":{"rendered":"https:\/\/www.imobiliare.ro\/imoexpert\/?p=55840"},"modified":"2019-08-08T15:17:35","modified_gmt":"2019-08-08T12:17:35","slug":"preturile-apartamentelor-pe-plus-in-iulie-2019-bucurestiul-fruntas-la-scumpiri","status":"publish","type":"post","link":"https:\/\/www.imobiliare.ro\/imoexpert\/preturile-apartamentelor-pe-plus-in-iulie-2019-bucurestiul-fruntas-la-scumpiri_db\/","title":{"rendered":"Pre\u021burile apartamentelor, pe PLUS \u00een iulie 2019. Bucure\u0219tiul, frunta\u0219 la scumpiri"},"content":{"rendered":"<figure id=\"attachment_55862\" aria-describedby=\"caption-attachment-55862\" style=\"width: 800px\" class=\"wp-caption aligncenter\"><a class=\"article-body-links\"href=\"https:\/\/www.imobiliare.ro\/imoexpert\/wp-content\/uploads\/2019\/08\/Preturile-apartamentelor-pe-plus-in-iulie-2019-Bucurestiul-fruntas-la-scumpiri.jpg\"><img loading=\"lazy\" decoding=\"async\" src=\"https:\/\/www.imobiliare.ro\/imoexpert\/wp-content\/uploads\/2019\/08\/Preturile-apartamentelor-pe-plus-in-iulie-2019-Bucurestiul-fruntas-la-scumpiri.jpg\" alt=\"Preturile apartamentelor pe plus in iulie 2019 Bucurestiul fruntas la scumpiri\" width=\"800\" height=\"531\" class=\"size-full wp-image-55862\" srcset=\"https:\/\/www.imobiliare.ro\/imoexpert\/wp-content\/uploads\/2019\/08\/Preturile-apartamentelor-pe-plus-in-iulie-2019-Bucurestiul-fruntas-la-scumpiri.jpg 800w, https:\/\/www.imobiliare.ro\/imoexpert\/wp-content\/uploads\/2019\/08\/Preturile-apartamentelor-pe-plus-in-iulie-2019-Bucurestiul-fruntas-la-scumpiri-300x199.jpg 300w, https:\/\/www.imobiliare.ro\/imoexpert\/wp-content\/uploads\/2019\/08\/Preturile-apartamentelor-pe-plus-in-iulie-2019-Bucurestiul-fruntas-la-scumpiri-768x510.jpg 768w\" sizes=\"auto, (max-width: 800px) 100vw, 800px\" \/><\/a><figcaption id=\"caption-attachment-55862\" class=\"wp-caption-text\">O locuin\u021b\u0103 la bloc poate fi achizi\u021bionat\u0103, \u00een medie, cu 1.318 euro pe metru p\u0103trat util \u00een Capital\u0103<\/figcaption><\/figure>\n<div id=\"ez-toc-container\" class=\"ez-toc-v2_0_81 counter-hierarchy ez-toc-counter ez-toc-grey ez-toc-container-direction\">\n<p class=\"ez-toc-title\" style=\"cursor:inherit\">Table of Contents<\/p>\n<label for=\"ez-toc-cssicon-toggle-item-69f45d64116c9\" class=\"ez-toc-cssicon-toggle-label\"><span class=\"ez-toc-cssicon\"><span class=\"eztoc-hide\" style=\"display:none;\">Toggle<\/span><span class=\"ez-toc-icon-toggle-span\"><svg style=\"fill: #999;color:#999\" xmlns=\"http:\/\/www.w3.org\/2000\/svg\" class=\"list-377408\" width=\"20px\" height=\"20px\" viewBox=\"0 0 24 24\" fill=\"none\"><path d=\"M6 6H4v2h2V6zm14 0H8v2h12V6zM4 11h2v2H4v-2zm16 0H8v2h12v-2zM4 16h2v2H4v-2zm16 0H8v2h12v-2z\" fill=\"currentColor\"><\/path><\/svg><svg style=\"fill: #999;color:#999\" class=\"arrow-unsorted-368013\" xmlns=\"http:\/\/www.w3.org\/2000\/svg\" width=\"10px\" height=\"10px\" viewBox=\"0 0 24 24\" version=\"1.2\" baseProfile=\"tiny\"><path d=\"M18.2 9.3l-6.2-6.3-6.2 6.3c-.2.2-.3.4-.3.7s.1.5.3.7c.2.2.4.3.7.3h11c.3 0 .5-.1.7-.3.2-.2.3-.5.3-.7s-.1-.5-.3-.7zM5.8 14.7l6.2 6.3 6.2-6.3c.2-.2.3-.5.3-.7s-.1-.5-.3-.7c-.2-.2-.4-.3-.7-.3h-11c-.3 0-.5.1-.7.3-.2.2-.3.5-.3.7s.1.5.3.7z\"\/><\/svg><\/span><\/span><\/label><input type=\"checkbox\"  id=\"ez-toc-cssicon-toggle-item-69f45d64116c9\"  aria-label=\"Toggle\" \/><nav><ul class='ez-toc-list ez-toc-list-level-1 ' ><li class='ez-toc-page-1 ez-toc-heading-level-2'><a class=\"ez-toc-link ez-toc-heading-1\" href=\"https:\/\/www.imobiliare.ro\/imoexpert\/preturile-apartamentelor-pe-plus-in-iulie-2019-bucurestiul-fruntas-la-scumpiri_db\/#Pe_parcursul_lunii_iulie_preturile_apartamentelor_noi_si_vechi_s-au_majorat_atat_pe_plan_national_cat_si_in_cateva_centre_regionale_importante_in_frunte_cu_Bucurestiul\" >Pe parcursul lunii iulie, pre\u021burile apartamentelor (noi \u0219i vechi) s-au majorat at\u00e2t pe plan na\u021bional, c\u00e2t \u0219i \u00een c\u00e2teva centre regionale importante, \u00een frunte cu Bucure\u0219tiul.<\/a><\/li><li class='ez-toc-page-1 ez-toc-heading-level-2'><a class=\"ez-toc-link ez-toc-heading-2\" href=\"https:\/\/www.imobiliare.ro\/imoexpert\/preturile-apartamentelor-pe-plus-in-iulie-2019-bucurestiul-fruntas-la-scumpiri_db\/#Bucuresti\" >Bucure\u0219ti:<\/a><\/li><li class='ez-toc-page-1 ez-toc-heading-level-2'><a class=\"ez-toc-link ez-toc-heading-3\" href=\"https:\/\/www.imobiliare.ro\/imoexpert\/preturile-apartamentelor-pe-plus-in-iulie-2019-bucurestiul-fruntas-la-scumpiri_db\/#Brasov\" >Bra\u0219ov:<\/a><\/li><li class='ez-toc-page-1 ez-toc-heading-level-2'><a class=\"ez-toc-link ez-toc-heading-4\" href=\"https:\/\/www.imobiliare.ro\/imoexpert\/preturile-apartamentelor-pe-plus-in-iulie-2019-bucurestiul-fruntas-la-scumpiri_db\/#Cluj-Napoca\" >Cluj-Napoca:<\/a><\/li><li class='ez-toc-page-1 ez-toc-heading-level-2'><a class=\"ez-toc-link ez-toc-heading-5\" href=\"https:\/\/www.imobiliare.ro\/imoexpert\/preturile-apartamentelor-pe-plus-in-iulie-2019-bucurestiul-fruntas-la-scumpiri_db\/#Constanta\" >Constan\u021ba:<\/a><\/li><li class='ez-toc-page-1 ez-toc-heading-level-2'><a class=\"ez-toc-link ez-toc-heading-6\" href=\"https:\/\/www.imobiliare.ro\/imoexpert\/preturile-apartamentelor-pe-plus-in-iulie-2019-bucurestiul-fruntas-la-scumpiri_db\/#Iasi\" >Ia\u0219i:<\/a><\/li><li class='ez-toc-page-1 ez-toc-heading-level-2'><a class=\"ez-toc-link ez-toc-heading-7\" href=\"https:\/\/www.imobiliare.ro\/imoexpert\/preturile-apartamentelor-pe-plus-in-iulie-2019-bucurestiul-fruntas-la-scumpiri_db\/#Timisoara\" >Timi\u0219oara:<\/a><\/li><\/ul><\/nav><\/div>\n<h2><span class=\"ez-toc-section\" id=\"Pe_parcursul_lunii_iulie_preturile_apartamentelor_noi_si_vechi_s-au_majorat_atat_pe_plan_national_cat_si_in_cateva_centre_regionale_importante_in_frunte_cu_Bucurestiul\"><\/span>Pe parcursul lunii iulie, pre\u021burile apartamentelor (noi \u0219i vechi) s-au majorat at\u00e2t pe plan na\u021bional, c\u00e2t \u0219i \u00een c\u00e2teva centre regionale importante, \u00een frunte cu Bucure\u0219tiul.<span class=\"ez-toc-section-end\"><\/span><\/h2>\n<p>Potrivit <strong><a class=\"article-body-links\"href=\"https:\/\/www.imobiliare.ro\/indicele-imobiliare-ro\">Indicelui Imobiliare.ro<\/a><\/strong>, suma medie solicitat\u0103 la nivel de \u021bar\u0103 pentru o asemenea unitate locativ\u0103 s-a majorat cu 2,7% luna trecut\u0103, de la 1.216 euro pe metru p\u0103trat util \u00een iunie, la 1.249 de euro pe metru p\u0103trat. De men\u021bionat este, totu\u0219i, c\u0103 valoarea actual\u0103 este cu doar 3,1% mai mare dec\u00e2t cea consemnat\u0103 \u00een perioada similar\u0103 a anului trecut, respectiv 1.212 euro pe metru p\u0103trat util. De\u0219i major\u0103ri de pre\u021b au fost consemnate \u0219i pe segmentul locuin\u021belor vechi, cele mai semnificative scumpiri au avut loc pe segmentul celor nou-construite. <\/p>\n<h2><span class=\"ez-toc-section\" id=\"Bucuresti\"><\/span>Bucure\u0219ti:<span class=\"ez-toc-section-end\"><\/span><\/h2>\n<p>\u00cen iulie, apartamentele disponibile spre v\u00e2nzare s-au apreciat cel mai mult \u00een Capital\u0103: este vorba despre un avans de 2,6%, de la 1.284 la 1.318 euro pe metru p\u0103trat util. Interesant este c\u0103 aceast\u0103 evolu\u021bie nu a f\u0103cut dec\u00e2t s\u0103 aduc\u0103 Bucure\u0219tiul la nivelul de pre\u021b valabil \u00een urm\u0103 cu 12 luni, valoarea actual\u0103 fiind chiar identic\u0103 cu cea din perioada similar\u0103 din 2018. Locuin\u021bele din blocurile vechi au \u00eenregistrat un plus de 1,8% luna trecut\u0103 (de la 1.228 la 1.250 de euro pe metru p\u0103trat), \u00een vreme ce, \u00een cazul unit\u0103\u021bilor locative din cadrul noilor ansambluri reziden\u021biale, cre\u0219terea a fost mai semnificativ\u0103, cifr\u00e2ndu-se la 3,9% (de la 1.323 la 1.375 de euro pe metru p\u0103trat). <\/p>\n<h2><span class=\"ez-toc-section\" id=\"Brasov\"><\/span>Bra\u0219ov:<span class=\"ez-toc-section-end\"><\/span><\/h2>\n<p>\u00cen ora\u0219ul de la poalele T\u00e2mpei, <strong><a class=\"article-body-links\"href=\"https:\/\/www.imobiliare.ro\/indicele-imobiliare-ro\">Indicele Imobiliare.ro<\/a><\/strong> a consemnat o sc\u0103dere de 0,4% luna trecut\u0103, de la 1.133 la 1.128 de euro pe metru p\u0103trat util. Preten\u021biile actuale ale proprietarilor sunt cu 5,3% mai mari dec\u00e2t \u00een perioada similar\u0103 a anului trecut, c\u00e2nd ajungeau la o medie de 1.071 de euro pe metru p\u0103trat; Bra\u0219ovul se situeaz\u0103, astfel, pe locul al doilea \u00een clasamentul anual al diferen\u021belor de pre\u021b, dup\u0103 Cluj-Napoca. Tendin\u021ba descendent\u0103 de luna trecut\u0103 a fost sus\u021binut\u0103 \u00een mod exclusiv de segmentul apartamentelor noi, care s-au ieftinit cu 1,7%, de la 1.167 la 1.147 de euro pe metru p\u0103trat. Locuin\u021bele din blocurile vechi, pe de alt\u0103 parte, s-au apreciat cu 0,4%, de la 1.113 la 1.117 euro pe metru p\u0103trat.<\/p>\n<h2><span class=\"ez-toc-section\" id=\"Cluj-Napoca\"><\/span>Cluj-Napoca:<span class=\"ez-toc-section-end\"><\/span><\/h2>\n<p>\u00cen capitala Transilvaniei, a\u0219tept\u0103rile proprietarilor de apartamente au crescut cu 1,1% luna trecut\u0103, de la 1.589 la 1.606 euro pe metru p\u0103trat util. De men\u021bionat este c\u0103 cea din urm\u0103 valoare este cu 6,3% mai mare dec\u00e2t cea valabil\u0103 \u00een perioada similar\u0103 a anului trecut, respectiv 1.511 euro pe metru p\u0103trat \u2013 aceasta fiind cea mai mare diferen\u021b\u0103 anual\u0103 de pre\u021b dintre cele \u0219ase centre regionale monitorizate constant de <strong><a class=\"article-body-links\"href=\"https:\/\/www.imobiliare.ro\/\">Imobiliare.ro<\/a><\/strong>. Cre\u0219teri au fost consemnate pe ambele segmente de pia\u021b\u0103 analizate: locuin\u021bele vechi s-au apreciat cu 0,9% (de la 1.595 la 1.610 euro pe metru p\u0103trat), iar cele noi cu 1,1% (de la 1.584 la 1.602 euro pe metru p\u0103trat). <\/p>\n<figure id=\"attachment_55842\" aria-describedby=\"caption-attachment-55842\" style=\"width: 800px\" class=\"wp-caption aligncenter\"><a class=\"article-body-links\"href=\"https:\/\/www.imobiliare.ro\/imoexpert\/wp-content\/uploads\/2019\/08\/Cluj-Napoca-Preturile-apartamentelor-pe-plus-in-iulie-2019.jpg\"><img loading=\"lazy\" decoding=\"async\" src=\"https:\/\/www.imobiliare.ro\/imoexpert\/wp-content\/uploads\/2019\/08\/Cluj-Napoca-Preturile-apartamentelor-pe-plus-in-iulie-2019.jpg\" alt=\"Cluj Napoca Preturile apartamentelor pe plus in iulie 2019\" width=\"800\" height=\"533\" class=\"size-full wp-image-55842\" srcset=\"https:\/\/www.imobiliare.ro\/imoexpert\/wp-content\/uploads\/2019\/08\/Cluj-Napoca-Preturile-apartamentelor-pe-plus-in-iulie-2019.jpg 800w, https:\/\/www.imobiliare.ro\/imoexpert\/wp-content\/uploads\/2019\/08\/Cluj-Napoca-Preturile-apartamentelor-pe-plus-in-iulie-2019-300x200.jpg 300w, https:\/\/www.imobiliare.ro\/imoexpert\/wp-content\/uploads\/2019\/08\/Cluj-Napoca-Preturile-apartamentelor-pe-plus-in-iulie-2019-768x512.jpg 768w\" sizes=\"auto, (max-width: 800px) 100vw, 800px\" \/><\/a><figcaption id=\"caption-attachment-55842\" class=\"wp-caption-text\">Dintre marile centre regionale, cea mai mare diferen\u021b\u0103 de pre\u021b la 12 luni poate fi observat\u0103 \u00een Cluj-Napoca<\/figcaption><\/figure>\n<h2><span class=\"ez-toc-section\" id=\"Constanta\"><\/span>Constan\u021ba:<span class=\"ez-toc-section-end\"><\/span><\/h2>\n<p>\u00cen ora\u0219ul din sud-estul \u021b\u0103rii, apartamentele scose la v\u00e2nzare au consemnat, per ansamblu, o cre\u0219tere de 0,7% \u00een a doua lun\u0103 de var\u0103, de la 1.130 la 1.138 de euro pe metru p\u0103trat util. Nivelul actual de pre\u021b este foarte apropiat de cel consemnat \u00een urm\u0103 cu un an, c\u00e2nd preten\u021biile v\u00e2nz\u0103torilor ajungeau la 1.139 de euro pe metru p\u0103trat. \u00cen iulie 2019, pre\u021burile au evoluat diferit pe cele dou\u0103 segmente de pia\u021b\u0103 analizate: apartamentele vechi s-au scumpit cu 1,1% (de la 1.133 la 1.145 de euro pe metru p\u0103trat), \u00een vreme ce unit\u0103\u021bile locative nou-construite s-au ieftinit cu 0,4% (de la 1.121 la 1.117 euro pe metru p\u0103trat). <\/p>\n<h2><span class=\"ez-toc-section\" id=\"Iasi\"><\/span>Ia\u0219i:<span class=\"ez-toc-section-end\"><\/span><\/h2>\n<p>\u00cen ora\u0219ul din nord-estul \u021b\u0103rii, <strong><a class=\"article-body-links\"href=\"https:\/\/www.imobiliare.ro\/indicele-imobiliare-ro\">Indicele Imobiliare.ro<\/a><\/strong> a \u00eenregistrat o cre\u0219tere de 2% \u00een iulie (a doua dup\u0103 cea din Bucure\u0219ti), de la 1.017 la 1.037 de euro pe metru p\u0103trat. Comparativ cu perioada similar\u0103 din 2018, c\u00e2nd valoarea medie de listare a unui apartament era de 1.016 euro pe metru p\u0103trat, nivelul actual de pre\u021b este cu 2,1% mai mare. Luna trecut\u0103, locuin\u021bele din blocurile vechi s-au apreciat u\u0219or, mai exact cu 0,3%, de la 1.015 la 1.018 euro pe metru p\u0103trat. Pe segmentul apartamentelor noi, pe de alt\u0103 parte, a avut loc un avans mult mai important, respectiv 3,5%, de la 1.018 la 1.054 de euro pe metru p\u0103trat. <\/p>\n<h2><span class=\"ez-toc-section\" id=\"Timisoara\"><\/span>Timi\u0219oara:<span class=\"ez-toc-section-end\"><\/span><\/h2>\n<p>Capitala Banatului este, al\u0103turi de Bra\u0219ov, al doilea centru regional \u00een care suma medie solicitat\u0103 pentru un apartament a fost mai mic\u0103 \u00een iulie fa\u021b\u0103 de iunie. \u00cen cazul de fa\u021b\u0103, sc\u0103derea a fost destul de semnificativ\u0103: -1%, de la 1.239 la 1.226 de euro pe metru p\u0103trat util. \u00cen acest context, nivelul actual de pre\u021b este cu doar 2,2% mai mare dec\u00e2t cel valabil \u00een urm\u0103 cu un an, respectiv 1.200 de euro pe metru p\u0103trat. Sc\u0103deri de pre\u021b au fost consemnate luna trecut\u0103 at\u00e2t pe segmentul apartamentelor vechi (-1%, de la 1.244 la 1.231 de euro pe metru p\u0103trat), c\u00e2t \u0219i pe cel al locuin\u021belor noi (-0,7%, de la 1.220 la 1.212 euro pe metru p\u0103trat). <\/p>\n","protected":false},"excerpt":{"rendered":"<p>Pe parcursul lunii iulie, pre\u021burile apartamentelor (noi \u0219i vechi) s-au majorat at\u00e2t pe plan na\u021bional, c\u00e2t \u0219i \u00een c\u00e2teva centre regionale importante, \u00een frunte cu Bucure\u0219tiul. Potrivit Indicelui Imobiliare.ro, suma medie solicitat\u0103 la nivel de \u021bar\u0103 pentru o asemenea unitate locativ\u0103 s-a majorat cu 2,7% luna trecut\u0103, de la 1.216 euro pe metru p\u0103trat util [&hellip;]<\/p>\n","protected":false},"author":829,"featured_media":55862,"comment_status":"open","ping_status":"open","sticky":false,"template":"","format":"standard","meta":{"footnotes":""},"categories":[259],"tags":[1410,1798,1411,451],"content_author":[],"class_list":["post-55840","post","type-post","status-publish","format-standard","has-post-thumbnail","hentry","category-stiri","tag-newsletter","tag-preturi-apartamente-2019","tag-principal","tag-proprietar"],"yoast_head":"<!-- This site is optimized with the Yoast SEO Premium plugin v27.0 (Yoast SEO v27.0) - https:\/\/yoast.com\/product\/yoast-seo-premium-wordpress\/ -->\n<title>Pre\u021burile apartamentelor, pe PLUS \u00een iulie 2019. Bucure\u0219tiul, frunta\u0219 la scumpiri - \u0218tiri - ImoExpert<\/title>\n<meta name=\"description\" content=\"Pe parcursul lunii iulie, pre\u021burile apartamentelor (noi \u0219i vechi) s-au majorat at\u00e2t pe plan na\u021bional, c\u00e2t \u0219i \u00een c\u00e2teva centre regionale importante, \u00een\u00cen iulie 2019, pre\u021burile apartamentelor s-au majorat at\u00e2t pe plan na\u021bional, c\u00e2t \u0219i \u00een c\u00e2teva centre regionale importante, \u00een frunte cu Bucure\u0219tiul.\" \/>\n<meta name=\"robots\" content=\"index, follow\" \/>\n<link rel=\"canonical\" href=\"https:\/\/www.imobiliare.ro\/imoexpert\/preturile-apartamentelor-pe-plus-in-iulie-2019-bucurestiul-fruntas-la-scumpiri_db\/\" \/>\n<meta property=\"og:locale\" content=\"ro_RO\" \/>\n<meta property=\"og:type\" content=\"article\" \/>\n<meta property=\"og:title\" content=\"Pre\u021burile apartamentelor, pe PLUS \u00een iulie 2019. Bucure\u0219tiul, frunta\u0219 la scumpiri\" \/>\n<meta property=\"og:description\" content=\"Pe parcursul lunii iulie, pre\u021burile apartamentelor (noi \u0219i vechi) s-au majorat at\u00e2t pe plan na\u021bional, c\u00e2t \u0219i \u00een c\u00e2teva centre regionale importante, \u00een\u00cen iulie 2019, pre\u021burile apartamentelor s-au majorat at\u00e2t pe plan na\u021bional, c\u00e2t \u0219i \u00een c\u00e2teva centre regionale importante, \u00een frunte cu Bucure\u0219tiul.\" \/>\n<meta property=\"og:url\" content=\"https:\/\/www.imobiliare.ro\/imoexpert\/preturile-apartamentelor-pe-plus-in-iulie-2019-bucurestiul-fruntas-la-scumpiri_db\/\" \/>\n<meta property=\"og:site_name\" content=\"ImoExpert\" \/>\n<meta property=\"article:published_time\" content=\"2019-08-08T12:17:35+00:00\" \/>\n<meta property=\"og:image\" content=\"https:\/\/www.imobiliare.ro\/imoexpert\/wp-content\/uploads\/2019\/08\/Preturile-apartamentelor-pe-plus-in-iulie-2019-Bucurestiul-fruntas-la-scumpiri.jpg\" \/>\n\t<meta property=\"og:image:width\" content=\"800\" \/>\n\t<meta property=\"og:image:height\" content=\"531\" \/>\n\t<meta property=\"og:image:type\" content=\"image\/jpeg\" \/>\n<meta name=\"author\" content=\"Adriana Dr\u0103gu\u0219in\" \/>\n<meta name=\"twitter:card\" content=\"summary_large_image\" \/>\n<meta name=\"twitter:label1\" content=\"Written by\" \/>\n\t<meta name=\"twitter:data1\" content=\"Adriana Dr\u0103gu\u0219in\" \/>\n\t<meta name=\"twitter:label2\" content=\"Est. reading time\" \/>\n\t<meta name=\"twitter:data2\" content=\"4 minute\" \/>\n<script type=\"application\/ld+json\" class=\"yoast-schema-graph\">{\"@context\":\"https:\/\/schema.org\",\"@graph\":[{\"@type\":\"Article\",\"@id\":\"https:\/\/www.imobiliare.ro\/imoexpert\/preturile-apartamentelor-pe-plus-in-iulie-2019-bucurestiul-fruntas-la-scumpiri_db\/#article\",\"isPartOf\":{\"@id\":\"https:\/\/www.imobiliare.ro\/imoexpert\/preturile-apartamentelor-pe-plus-in-iulie-2019-bucurestiul-fruntas-la-scumpiri_db\/\"},\"author\":{\"name\":\"Adriana Dr\u0103gu\u0219in\",\"@id\":\"https:\/\/www.imobiliare.ro\/imoexpert\/#\/schema\/person\/8c13b0297075010b896471fabf0d7790\"},\"headline\":\"Pre\u021burile apartamentelor, pe PLUS \u00een iulie 2019. Bucure\u0219tiul, frunta\u0219 la scumpiri\",\"datePublished\":\"2019-08-08T12:17:35+00:00\",\"mainEntityOfPage\":{\"@id\":\"https:\/\/www.imobiliare.ro\/imoexpert\/preturile-apartamentelor-pe-plus-in-iulie-2019-bucurestiul-fruntas-la-scumpiri_db\/\"},\"wordCount\":897,\"commentCount\":1,\"publisher\":{\"@id\":\"https:\/\/www.imobiliare.ro\/imoexpert\/#organization\"},\"image\":{\"@id\":\"https:\/\/www.imobiliare.ro\/imoexpert\/preturile-apartamentelor-pe-plus-in-iulie-2019-bucurestiul-fruntas-la-scumpiri_db\/#primaryimage\"},\"thumbnailUrl\":\"https:\/\/www.imobiliare.ro\/imoexpert\/wp-content\/uploads\/2019\/08\/Preturile-apartamentelor-pe-plus-in-iulie-2019-Bucurestiul-fruntas-la-scumpiri.jpg\",\"keywords\":[\"newsletter\",\"preturi apartamente 2019\",\"principal\",\"proprietar\"],\"articleSection\":[\"\u0218tiri\"],\"inLanguage\":\"en\",\"potentialAction\":[{\"@type\":\"CommentAction\",\"name\":\"Comment\",\"target\":[\"https:\/\/www.imobiliare.ro\/imoexpert\/preturile-apartamentelor-pe-plus-in-iulie-2019-bucurestiul-fruntas-la-scumpiri_db\/#respond\"]}],\"copyrightYear\":\"2019\",\"copyrightHolder\":{\"@id\":\"https:\/\/www.imobiliare.ro\/imoexpert\/#organization\"}},{\"@type\":\"WebPage\",\"@id\":\"https:\/\/www.imobiliare.ro\/imoexpert\/preturile-apartamentelor-pe-plus-in-iulie-2019-bucurestiul-fruntas-la-scumpiri_db\/\",\"url\":\"https:\/\/www.imobiliare.ro\/imoexpert\/preturile-apartamentelor-pe-plus-in-iulie-2019-bucurestiul-fruntas-la-scumpiri_db\/\",\"name\":\"Pre\u021burile apartamentelor, pe PLUS \u00een iulie 2019. Bucure\u0219tiul, frunta\u0219 la scumpiri - \u0218tiri - ImoExpert\",\"isPartOf\":{\"@id\":\"https:\/\/www.imobiliare.ro\/imoexpert\/#website\"},\"primaryImageOfPage\":{\"@id\":\"https:\/\/www.imobiliare.ro\/imoexpert\/preturile-apartamentelor-pe-plus-in-iulie-2019-bucurestiul-fruntas-la-scumpiri_db\/#primaryimage\"},\"image\":{\"@id\":\"https:\/\/www.imobiliare.ro\/imoexpert\/preturile-apartamentelor-pe-plus-in-iulie-2019-bucurestiul-fruntas-la-scumpiri_db\/#primaryimage\"},\"thumbnailUrl\":\"https:\/\/www.imobiliare.ro\/imoexpert\/wp-content\/uploads\/2019\/08\/Preturile-apartamentelor-pe-plus-in-iulie-2019-Bucurestiul-fruntas-la-scumpiri.jpg\",\"datePublished\":\"2019-08-08T12:17:35+00:00\",\"description\":\"Pe parcursul lunii iulie, pre\u021burile apartamentelor (noi \u0219i vechi) s-au majorat at\u00e2t pe plan na\u021bional, c\u00e2t \u0219i \u00een c\u00e2teva centre regionale importante, \u00een\u00cen iulie 2019, pre\u021burile apartamentelor s-au majorat at\u00e2t pe plan na\u021bional, c\u00e2t \u0219i \u00een c\u00e2teva centre regionale importante, \u00een frunte cu Bucure\u0219tiul.\",\"breadcrumb\":{\"@id\":\"https:\/\/www.imobiliare.ro\/imoexpert\/preturile-apartamentelor-pe-plus-in-iulie-2019-bucurestiul-fruntas-la-scumpiri_db\/#breadcrumb\"},\"inLanguage\":\"en\",\"potentialAction\":[{\"@type\":\"ReadAction\",\"target\":[\"https:\/\/www.imobiliare.ro\/imoexpert\/preturile-apartamentelor-pe-plus-in-iulie-2019-bucurestiul-fruntas-la-scumpiri_db\/\"]}]},{\"@type\":\"ImageObject\",\"inLanguage\":\"en\",\"@id\":\"https:\/\/www.imobiliare.ro\/imoexpert\/preturile-apartamentelor-pe-plus-in-iulie-2019-bucurestiul-fruntas-la-scumpiri_db\/#primaryimage\",\"url\":\"https:\/\/www.imobiliare.ro\/imoexpert\/wp-content\/uploads\/2019\/08\/Preturile-apartamentelor-pe-plus-in-iulie-2019-Bucurestiul-fruntas-la-scumpiri.jpg\",\"contentUrl\":\"https:\/\/www.imobiliare.ro\/imoexpert\/wp-content\/uploads\/2019\/08\/Preturile-apartamentelor-pe-plus-in-iulie-2019-Bucurestiul-fruntas-la-scumpiri.jpg\",\"width\":800,\"height\":531,\"caption\":\"O locuin\u021b\u0103 la bloc poate fi achizi\u021bionat\u0103, \u00een medie, cu 1.318 euro pe metru p\u0103trat util \u00een Capital\u0103\"},{\"@type\":\"BreadcrumbList\",\"@id\":\"https:\/\/www.imobiliare.ro\/imoexpert\/preturile-apartamentelor-pe-plus-in-iulie-2019-bucurestiul-fruntas-la-scumpiri_db\/#breadcrumb\",\"itemListElement\":[{\"@type\":\"ListItem\",\"position\":1,\"name\":\"Imoradar24\",\"item\":\"https:\/\/www.imoradar24.ro\"},{\"@type\":\"ListItem\",\"position\":2,\"name\":\"ImoExpert\",\"item\":\"https:\/\/www.imobiliare.ro\/imoexpert\/\"},{\"@type\":\"ListItem\",\"position\":3,\"name\":\"Pre\u021burile apartamentelor, pe PLUS \u00een iulie 2019. Bucure\u0219tiul, frunta\u0219 la scumpiri\"}]},{\"@type\":\"WebSite\",\"@id\":\"https:\/\/www.imobiliare.ro\/imoexpert\/#website\",\"url\":\"https:\/\/www.imobiliare.ro\/imoexpert\/\",\"name\":\"ImoExpert\",\"description\":\"cele mai importante \u015ftiri din domeniul imobiliar\",\"publisher\":{\"@id\":\"https:\/\/www.imobiliare.ro\/imoexpert\/#organization\"},\"inLanguage\":\"en\"},{\"@type\":\"Organization\",\"@id\":\"https:\/\/www.imobiliare.ro\/imoexpert\/#organization\",\"name\":\"Imobiliare.ro\",\"alternateName\":\"Realmedia Network SA\",\"url\":\"https:\/\/www.imobiliare.ro\/imoexpert\/\",\"logo\":{\"@type\":\"ImageObject\",\"inLanguage\":\"en\",\"@id\":\"https:\/\/www.imobiliare.ro\/imoexpert\/#\/schema\/logo\/image\/\",\"url\":\"https:\/\/www.imobiliare.ro\/imoexpert\/wp-content\/uploads\/2025\/05\/imobiliare_logo.png\",\"contentUrl\":\"https:\/\/www.imobiliare.ro\/imoexpert\/wp-content\/uploads\/2025\/05\/imobiliare_logo.png\",\"width\":237,\"height\":29,\"caption\":\"Imobiliare.ro\"},\"image\":{\"@id\":\"https:\/\/www.imobiliare.ro\/imoexpert\/#\/schema\/logo\/image\/\"}},{\"@type\":\"Person\",\"@id\":\"https:\/\/www.imobiliare.ro\/imoexpert\/#\/schema\/person\/8c13b0297075010b896471fabf0d7790\",\"name\":\"Adriana Dr\u0103gu\u0219in\",\"image\":{\"@type\":\"ImageObject\",\"inLanguage\":\"en\",\"@id\":\"https:\/\/www.imobiliare.ro\/imoexpert\/#\/schema\/person\/image\/\",\"url\":\"https:\/\/secure.gravatar.com\/avatar\/ba4762f7517e50e679ed7f11207102d1150120f2f5800c0da98f8a15305bf514?s=96&d=mm&r=g\",\"contentUrl\":\"https:\/\/secure.gravatar.com\/avatar\/ba4762f7517e50e679ed7f11207102d1150120f2f5800c0da98f8a15305bf514?s=96&d=mm&r=g\",\"caption\":\"Adriana Dr\u0103gu\u0219in\"},\"jobTitle\":\"Editor\",\"url\":\"https:\/\/www.imobiliare.ro\/imoexpert\/author\/adriana-dragusin\/\"}]}<\/script>\n<!-- \/ Yoast SEO Premium plugin. -->","yoast_head_json":{"title":"Pre\u021burile apartamentelor, pe PLUS \u00een iulie 2019. Bucure\u0219tiul, frunta\u0219 la scumpiri - \u0218tiri - ImoExpert","description":"Pe parcursul lunii iulie, pre\u021burile apartamentelor (noi \u0219i vechi) s-au majorat at\u00e2t pe plan na\u021bional, c\u00e2t \u0219i \u00een c\u00e2teva centre regionale importante, \u00een\u00cen iulie 2019, pre\u021burile apartamentelor s-au majorat at\u00e2t pe plan na\u021bional, c\u00e2t \u0219i \u00een c\u00e2teva centre regionale importante, \u00een frunte cu Bucure\u0219tiul.","robots":{"index":"index","follow":"follow"},"canonical":"https:\/\/www.imobiliare.ro\/imoexpert\/preturile-apartamentelor-pe-plus-in-iulie-2019-bucurestiul-fruntas-la-scumpiri_db\/","og_locale":"ro_RO","og_type":"article","og_title":"Pre\u021burile apartamentelor, pe PLUS \u00een iulie 2019. Bucure\u0219tiul, frunta\u0219 la scumpiri","og_description":"Pe parcursul lunii iulie, pre\u021burile apartamentelor (noi \u0219i vechi) s-au majorat at\u00e2t pe plan na\u021bional, c\u00e2t \u0219i \u00een c\u00e2teva centre regionale importante, \u00een\u00cen iulie 2019, pre\u021burile apartamentelor s-au majorat at\u00e2t pe plan na\u021bional, c\u00e2t \u0219i \u00een c\u00e2teva centre regionale importante, \u00een frunte cu Bucure\u0219tiul.","og_url":"https:\/\/www.imobiliare.ro\/imoexpert\/preturile-apartamentelor-pe-plus-in-iulie-2019-bucurestiul-fruntas-la-scumpiri_db\/","og_site_name":"ImoExpert","article_published_time":"2019-08-08T12:17:35+00:00","og_image":[{"width":800,"height":531,"url":"https:\/\/www.imobiliare.ro\/imoexpert\/wp-content\/uploads\/2019\/08\/Preturile-apartamentelor-pe-plus-in-iulie-2019-Bucurestiul-fruntas-la-scumpiri.jpg","type":"image\/jpeg"}],"author":"Adriana Dr\u0103gu\u0219in","twitter_card":"summary_large_image","twitter_misc":{"Written by":"Adriana Dr\u0103gu\u0219in","Est. reading time":"4 minute"},"schema":{"@context":"https:\/\/schema.org","@graph":[{"@type":"Article","@id":"https:\/\/www.imobiliare.ro\/imoexpert\/preturile-apartamentelor-pe-plus-in-iulie-2019-bucurestiul-fruntas-la-scumpiri_db\/#article","isPartOf":{"@id":"https:\/\/www.imobiliare.ro\/imoexpert\/preturile-apartamentelor-pe-plus-in-iulie-2019-bucurestiul-fruntas-la-scumpiri_db\/"},"author":{"name":"Adriana Dr\u0103gu\u0219in","@id":"https:\/\/www.imobiliare.ro\/imoexpert\/#\/schema\/person\/8c13b0297075010b896471fabf0d7790"},"headline":"Pre\u021burile apartamentelor, pe PLUS \u00een iulie 2019. Bucure\u0219tiul, frunta\u0219 la scumpiri","datePublished":"2019-08-08T12:17:35+00:00","mainEntityOfPage":{"@id":"https:\/\/www.imobiliare.ro\/imoexpert\/preturile-apartamentelor-pe-plus-in-iulie-2019-bucurestiul-fruntas-la-scumpiri_db\/"},"wordCount":897,"commentCount":1,"publisher":{"@id":"https:\/\/www.imobiliare.ro\/imoexpert\/#organization"},"image":{"@id":"https:\/\/www.imobiliare.ro\/imoexpert\/preturile-apartamentelor-pe-plus-in-iulie-2019-bucurestiul-fruntas-la-scumpiri_db\/#primaryimage"},"thumbnailUrl":"https:\/\/www.imobiliare.ro\/imoexpert\/wp-content\/uploads\/2019\/08\/Preturile-apartamentelor-pe-plus-in-iulie-2019-Bucurestiul-fruntas-la-scumpiri.jpg","keywords":["newsletter","preturi apartamente 2019","principal","proprietar"],"articleSection":["\u0218tiri"],"inLanguage":"en","potentialAction":[{"@type":"CommentAction","name":"Comment","target":["https:\/\/www.imobiliare.ro\/imoexpert\/preturile-apartamentelor-pe-plus-in-iulie-2019-bucurestiul-fruntas-la-scumpiri_db\/#respond"]}],"copyrightYear":"2019","copyrightHolder":{"@id":"https:\/\/www.imobiliare.ro\/imoexpert\/#organization"}},{"@type":"WebPage","@id":"https:\/\/www.imobiliare.ro\/imoexpert\/preturile-apartamentelor-pe-plus-in-iulie-2019-bucurestiul-fruntas-la-scumpiri_db\/","url":"https:\/\/www.imobiliare.ro\/imoexpert\/preturile-apartamentelor-pe-plus-in-iulie-2019-bucurestiul-fruntas-la-scumpiri_db\/","name":"Pre\u021burile apartamentelor, pe PLUS \u00een iulie 2019. Bucure\u0219tiul, frunta\u0219 la scumpiri - \u0218tiri - ImoExpert","isPartOf":{"@id":"https:\/\/www.imobiliare.ro\/imoexpert\/#website"},"primaryImageOfPage":{"@id":"https:\/\/www.imobiliare.ro\/imoexpert\/preturile-apartamentelor-pe-plus-in-iulie-2019-bucurestiul-fruntas-la-scumpiri_db\/#primaryimage"},"image":{"@id":"https:\/\/www.imobiliare.ro\/imoexpert\/preturile-apartamentelor-pe-plus-in-iulie-2019-bucurestiul-fruntas-la-scumpiri_db\/#primaryimage"},"thumbnailUrl":"https:\/\/www.imobiliare.ro\/imoexpert\/wp-content\/uploads\/2019\/08\/Preturile-apartamentelor-pe-plus-in-iulie-2019-Bucurestiul-fruntas-la-scumpiri.jpg","datePublished":"2019-08-08T12:17:35+00:00","description":"Pe parcursul lunii iulie, pre\u021burile apartamentelor (noi \u0219i vechi) s-au majorat at\u00e2t pe plan na\u021bional, c\u00e2t \u0219i \u00een c\u00e2teva centre regionale importante, \u00een\u00cen iulie 2019, pre\u021burile apartamentelor s-au majorat at\u00e2t pe plan na\u021bional, c\u00e2t \u0219i \u00een c\u00e2teva centre regionale importante, \u00een frunte cu Bucure\u0219tiul.","breadcrumb":{"@id":"https:\/\/www.imobiliare.ro\/imoexpert\/preturile-apartamentelor-pe-plus-in-iulie-2019-bucurestiul-fruntas-la-scumpiri_db\/#breadcrumb"},"inLanguage":"en","potentialAction":[{"@type":"ReadAction","target":["https:\/\/www.imobiliare.ro\/imoexpert\/preturile-apartamentelor-pe-plus-in-iulie-2019-bucurestiul-fruntas-la-scumpiri_db\/"]}]},{"@type":"ImageObject","inLanguage":"en","@id":"https:\/\/www.imobiliare.ro\/imoexpert\/preturile-apartamentelor-pe-plus-in-iulie-2019-bucurestiul-fruntas-la-scumpiri_db\/#primaryimage","url":"https:\/\/www.imobiliare.ro\/imoexpert\/wp-content\/uploads\/2019\/08\/Preturile-apartamentelor-pe-plus-in-iulie-2019-Bucurestiul-fruntas-la-scumpiri.jpg","contentUrl":"https:\/\/www.imobiliare.ro\/imoexpert\/wp-content\/uploads\/2019\/08\/Preturile-apartamentelor-pe-plus-in-iulie-2019-Bucurestiul-fruntas-la-scumpiri.jpg","width":800,"height":531,"caption":"O locuin\u021b\u0103 la bloc poate fi achizi\u021bionat\u0103, \u00een medie, cu 1.318 euro pe metru p\u0103trat util \u00een Capital\u0103"},{"@type":"BreadcrumbList","@id":"https:\/\/www.imobiliare.ro\/imoexpert\/preturile-apartamentelor-pe-plus-in-iulie-2019-bucurestiul-fruntas-la-scumpiri_db\/#breadcrumb","itemListElement":[{"@type":"ListItem","position":1,"name":"Imoradar24","item":"https:\/\/www.imoradar24.ro"},{"@type":"ListItem","position":2,"name":"ImoExpert","item":"https:\/\/www.imobiliare.ro\/imoexpert\/"},{"@type":"ListItem","position":3,"name":"Pre\u021burile apartamentelor, pe PLUS \u00een iulie 2019. Bucure\u0219tiul, frunta\u0219 la scumpiri"}]},{"@type":"WebSite","@id":"https:\/\/www.imobiliare.ro\/imoexpert\/#website","url":"https:\/\/www.imobiliare.ro\/imoexpert\/","name":"ImoExpert","description":"cele mai importante \u015ftiri din domeniul imobiliar","publisher":{"@id":"https:\/\/www.imobiliare.ro\/imoexpert\/#organization"},"inLanguage":"en"},{"@type":"Organization","@id":"https:\/\/www.imobiliare.ro\/imoexpert\/#organization","name":"Imobiliare.ro","alternateName":"Realmedia Network SA","url":"https:\/\/www.imobiliare.ro\/imoexpert\/","logo":{"@type":"ImageObject","inLanguage":"en","@id":"https:\/\/www.imobiliare.ro\/imoexpert\/#\/schema\/logo\/image\/","url":"https:\/\/www.imobiliare.ro\/imoexpert\/wp-content\/uploads\/2025\/05\/imobiliare_logo.png","contentUrl":"https:\/\/www.imobiliare.ro\/imoexpert\/wp-content\/uploads\/2025\/05\/imobiliare_logo.png","width":237,"height":29,"caption":"Imobiliare.ro"},"image":{"@id":"https:\/\/www.imobiliare.ro\/imoexpert\/#\/schema\/logo\/image\/"}},{"@type":"Person","@id":"https:\/\/www.imobiliare.ro\/imoexpert\/#\/schema\/person\/8c13b0297075010b896471fabf0d7790","name":"Adriana Dr\u0103gu\u0219in","image":{"@type":"ImageObject","inLanguage":"en","@id":"https:\/\/www.imobiliare.ro\/imoexpert\/#\/schema\/person\/image\/","url":"https:\/\/secure.gravatar.com\/avatar\/ba4762f7517e50e679ed7f11207102d1150120f2f5800c0da98f8a15305bf514?s=96&d=mm&r=g","contentUrl":"https:\/\/secure.gravatar.com\/avatar\/ba4762f7517e50e679ed7f11207102d1150120f2f5800c0da98f8a15305bf514?s=96&d=mm&r=g","caption":"Adriana Dr\u0103gu\u0219in"},"jobTitle":"Editor","url":"https:\/\/www.imobiliare.ro\/imoexpert\/author\/adriana-dragusin\/"}]}},"_links":{"self":[{"href":"https:\/\/www.imobiliare.ro\/imoexpert\/wp-json\/wp\/v2\/posts\/55840","targetHints":{"allow":["GET"]}}],"collection":[{"href":"https:\/\/www.imobiliare.ro\/imoexpert\/wp-json\/wp\/v2\/posts"}],"about":[{"href":"https:\/\/www.imobiliare.ro\/imoexpert\/wp-json\/wp\/v2\/types\/post"}],"author":[{"embeddable":true,"href":"https:\/\/www.imobiliare.ro\/imoexpert\/wp-json\/wp\/v2\/users\/829"}],"replies":[{"embeddable":true,"href":"https:\/\/www.imobiliare.ro\/imoexpert\/wp-json\/wp\/v2\/comments?post=55840"}],"version-history":[{"count":0,"href":"https:\/\/www.imobiliare.ro\/imoexpert\/wp-json\/wp\/v2\/posts\/55840\/revisions"}],"wp:featuredmedia":[{"embeddable":true,"href":"https:\/\/www.imobiliare.ro\/imoexpert\/wp-json\/wp\/v2\/media\/55862"}],"wp:attachment":[{"href":"https:\/\/www.imobiliare.ro\/imoexpert\/wp-json\/wp\/v2\/media?parent=55840"}],"wp:term":[{"taxonomy":"category","embeddable":true,"href":"https:\/\/www.imobiliare.ro\/imoexpert\/wp-json\/wp\/v2\/categories?post=55840"},{"taxonomy":"post_tag","embeddable":true,"href":"https:\/\/www.imobiliare.ro\/imoexpert\/wp-json\/wp\/v2\/tags?post=55840"},{"taxonomy":"content_author","embeddable":true,"href":"https:\/\/www.imobiliare.ro\/imoexpert\/wp-json\/wp\/v2\/content_author?post=55840"}],"curies":[{"name":"wp","href":"https:\/\/api.w.org\/{rel}","templated":true}]}}