{"id":56003,"date":"2019-08-28T16:50:27","date_gmt":"2019-08-28T13:50:27","guid":{"rendered":"https:\/\/www.imobiliare.ro\/imoexpert\/?p=56003"},"modified":"2019-08-28T16:50:27","modified_gmt":"2019-08-28T13:50:27","slug":"imm-urile-care-concureaza-firmele-de-itc-la-inchirierea-de-spatii-in-cladiri-de-birouri","status":"publish","type":"post","link":"https:\/\/www.imobiliare.ro\/imoexpert\/imm-urile-care-concureaza-firmele-de-itc-la-inchirierea-de-spatii-in-cladiri-de-birouri_db\/","title":{"rendered":"IMM-urile care concureaz\u0103 firmele de IT&#038;C la \u00eenchirierea de spa\u021bii \u00een cl\u0103diri de birouri"},"content":{"rendered":"\n<figure class=\"wp-block-image\"><img loading=\"lazy\" decoding=\"async\" width=\"800\" height=\"532\" src=\"https:\/\/www.imobiliare.ro\/imoexpert\/wp-content\/uploads\/2019\/08\/Esop-Imm-urile-care-concureaza-firmele-de-It-C-la-inchirierea-de-spatii-in-cladiri-de-birouri.jpg\" alt=\"\" class=\"wp-image-56004\" srcset=\"https:\/\/www.imobiliare.ro\/imoexpert\/wp-content\/uploads\/2019\/08\/Esop-Imm-urile-care-concureaza-firmele-de-It-C-la-inchirierea-de-spatii-in-cladiri-de-birouri.jpg 800w, https:\/\/www.imobiliare.ro\/imoexpert\/wp-content\/uploads\/2019\/08\/Esop-Imm-urile-care-concureaza-firmele-de-It-C-la-inchirierea-de-spatii-in-cladiri-de-birouri-300x200.jpg 300w, https:\/\/www.imobiliare.ro\/imoexpert\/wp-content\/uploads\/2019\/08\/Esop-Imm-urile-care-concureaza-firmele-de-It-C-la-inchirierea-de-spatii-in-cladiri-de-birouri-768x511.jpg 768w\" sizes=\"auto, (max-width: 800px) 100vw, 800px\" \/><\/figure>\n\n\n\n<p class=\"has-medium-font-size\"> <strong>Potrivit datelor Esop, \u00een primul semestru din 2019 IMM-urile au \u00eenchiriat, pre\u00eenchiriat \u0219i prelungit contracte pentru spa\u021bii de birouri \u00een suprafa\u021b\u0103 cumulat\u0103 de 86.870 de metri p\u0103tra\u021bi. Aceast\u0103 cifr\u0103 marcheaz\u0103 un avans de 10% fa\u021b\u0103 de aceea\u0219i perioad\u0103 din 2018.<\/strong><\/p>\n\n\n\n<p>\n\u00cen\nperioada analizat\u0103, cea\nmai mare cot\u0103\nde pia\u021b\u0103, anume\n26%, a fost\ngenerat\u0103 de\nfirmele\ndin domeniul IT&amp;C \u0219i BPO (Business\nProcess Outsourcing, n.red.). La\nmic\u0103 distan\u021b\u0103, \u00eens\u0103, companiile\ncare ofer\u0103 \u201ecorporati\u0219tilor\u201d\nservicii personale \u0219i\nde leisure\ns-au situat pe\nlocul al doilea ca volum al activit\u0103\u021bii,\nacestea\nde\u021bin\u00e2nd o\npondere de 22% din totalul\n\u00eenchirierilor\nrealizate de\nc\u0103tre IMM-uri (companii\ncu p\u00e2n\u0103 la\n250 de\nangaja\u021bi).\nLocul\nal\ntreilea a fost\nocupat de firmele\ndin domeniul\nserviciilor\nfinanciare \u0219i profesionale (cu\no cot\u0103 de\n21%).<\/p>\n\n\n\n<p class=\"has-medium-font-size\"><strong> Avans anual de 32% la \u00eenchirieri<\/strong><\/p>\n\n\n\n<p>\nSuprafa\u021ba\ntotal\u0103 contractat\u0103\nde firmele\norientate spre deservirea angaja\u021bilor din cl\u0103dirile de birouri\na crescut cu 32% fa\u021b\u0103 de aceea\u0219i perioad\u0103 din 2018. Printre\ncompaniile din aceast\u0103 categorie se num\u0103r\u0103 operatori\nde s\u0103li de fitness, cabinete medicale sau de \u00eenfrumuse\u021bare,\nrestaurante, cafenele, baruri, \u0219coli \u0219i gr\u0103dini\u021be private,\ncursuri de perfec\u021bionare, turism etc. \n<\/p>\n\n\n\n<blockquote class=\"wp-block-quote is-layout-flow wp-block-quote-is-layout-flow\"><p> \u201eRemarc\u0103m o cre\u0219tere continu\u0103 a domeniului de servicii pentru corporati\u0219ti \u2013 servicii personale, pentru angaja\u021bi \u0219i cele de leisure, o pia\u021b\u0103 din ce \u00een ce mai mare de servicii oferite la locul de munc\u0103, \u00een special \u00een zona de parter a noilor cl\u0103diri de birouri individuale sau situate \u00een business park-uri din Bucure\u0219ti \u0219i din marile ora\u0219e ale Rom\u00e2niei. Acest domeniu al serviciilor pentru corporati\u0219ti a crescut de cinci ori ca m\u0103rime din 2010 \u0219i p\u00e2n\u0103 \u00een prezent \u0219i s-a ridicat ca pondere \u00een topul domeniilor de la locurile \u0219ase \u0219i \u0219apte, \u00een 2010-2011, la locul al doilea \u00een 2018 \u0219i \u00een prima jum\u0103tate a lui 2019.\u201d<\/p><p> <strong>Alexandru Petrescu, Managing Partner la ESOP Consulting l CORFAC Interna\u021bional<\/strong><\/p><\/blockquote>\n\n\n\n&nbsp;\n\n\n\n<p class=\"has-medium-font-size\"><strong> Un trend vizibil mai ales \u00een Capital\u0103 <\/strong> <\/p>\n\n\n\n<p>\nPotrivit\ndatelor companiei\nde consultan\u021b\u0103\nEsop, \u00een\nprima jum\u0103tate din 2019 companiile\ncare presteaz\u0103 servicii pentru corporati\u0219ti au ales, cu prec\u0103dere,\ncl\u0103dirile de birouri din Bucure\u0219ti (82%), restul de 18% fiind\n\u00eemp\u0103r\u021bit \u00eentre mari ora\u0219e precum Cluj-Napoca, Timi\u0219oara \u0219i\nIa\u0219i. \n<\/p>\n\n\n\n<p><strong>Cite\u0219te \u0219i: <\/strong><a class=\"article-body-links\"href=\"https:\/\/www.imobiliare.ro\/imoexpert\/2019-poate-aduce-in-bucuresti-cele-mai-mari-livrari-de-birouri-de-pana-acum_db\/\"><strong>2019 poate aduce \u00een Bucure\u0219ti cele mai mari livr\u0103ri de birouri de p\u00e2n\u0103 acum<\/strong><\/a><\/p>\n\n\n\n<p>\nPrintre\ncl\u0103dirile de birouri alese de firmele\ncare ofer\u0103 servicii pentru corporati\u0219ti \u00een prima jum\u0103tate a lui\n2019 se num\u0103r\u0103 Equilibrium 1, Record Park, S &#8211; Park, Hexagon\nOffice, Iride Park, Swan Office Park, Metroffice, Expo Business Park,\nElefterie BC, Forum, Unirii View, Lamda BC, Floreasca 133-137.<\/p>\n","protected":false},"excerpt":{"rendered":"<p>Potrivit datelor Esop, \u00een primul semestru din 2019 IMM-urile au \u00eenchiriat, pre\u00eenchiriat \u0219i prelungit contracte pentru spa\u021bii de birouri \u00een suprafa\u021b\u0103 cumulat\u0103 de 86.870 de metri p\u0103tra\u021bi. Aceast\u0103 cifr\u0103 marcheaz\u0103 un avans de 10% fa\u021b\u0103 de aceea\u0219i perioad\u0103 din 2018. \u00cen perioada analizat\u0103, cea mai mare cot\u0103 de pia\u021b\u0103, anume 26%, a fost generat\u0103 de [&hellip;]<\/p>\n","protected":false},"author":829,"featured_media":56004,"comment_status":"open","ping_status":"open","sticky":false,"template":"","format":"standard","meta":{"footnotes":""},"categories":[259],"tags":[611,606],"content_author":[],"class_list":["post-56003","post","type-post","status-publish","format-standard","has-post-thumbnail","hentry","category-stiri","tag-cladiri-office","tag-spatii-birouri"],"yoast_head":"<!-- This site is optimized with the Yoast SEO Premium plugin v27.0 (Yoast SEO v27.0) - https:\/\/yoast.com\/product\/yoast-seo-premium-wordpress\/ -->\n<title>IMM-urile care concureaz\u0103 firmele de IT&amp;C la \u00eenchirierea de spa\u021bii \u00een cl\u0103diri de birouri - \u0218tiri - ImoExpert<\/title>\n<meta name=\"description\" content=\"Potrivit datelor Esop, \u00een primul semestru din 2019 IMM-urile au \u00eenchiriat, pre\u00eenchiriat \u0219i prelungit contracte pentru spa\u021bii de birouri \u00een suprafa\u021b\u0103\" \/>\n<meta name=\"robots\" content=\"index, follow\" \/>\n<link rel=\"canonical\" href=\"https:\/\/www.imobiliare.ro\/imoexpert\/imm-urile-care-concureaza-firmele-de-itc-la-inchirierea-de-spatii-in-cladiri-de-birouri_db\/\" \/>\n<meta property=\"og:locale\" content=\"ro_RO\" \/>\n<meta property=\"og:type\" content=\"article\" \/>\n<meta property=\"og:title\" content=\"IMM-urile care concureaz\u0103 firmele de IT&amp;C la \u00eenchirierea de spa\u021bii \u00een cl\u0103diri de birouri\" \/>\n<meta property=\"og:description\" content=\"Potrivit datelor Esop, \u00een primul semestru din 2019 IMM-urile au \u00eenchiriat, pre\u00eenchiriat \u0219i prelungit contracte pentru spa\u021bii de birouri \u00een suprafa\u021b\u0103\" \/>\n<meta property=\"og:url\" content=\"https:\/\/www.imobiliare.ro\/imoexpert\/imm-urile-care-concureaza-firmele-de-itc-la-inchirierea-de-spatii-in-cladiri-de-birouri_db\/\" \/>\n<meta property=\"og:site_name\" content=\"ImoExpert\" \/>\n<meta property=\"article:published_time\" content=\"2019-08-28T13:50:27+00:00\" \/>\n<meta property=\"og:image\" content=\"https:\/\/www.imobiliare.ro\/imoexpert\/wp-content\/uploads\/2019\/08\/Esop-Imm-urile-care-concureaza-firmele-de-It-C-la-inchirierea-de-spatii-in-cladiri-de-birouri.jpg\" \/>\n\t<meta property=\"og:image:width\" content=\"800\" \/>\n\t<meta property=\"og:image:height\" content=\"532\" \/>\n\t<meta property=\"og:image:type\" content=\"image\/jpeg\" \/>\n<meta name=\"author\" content=\"Adriana Dr\u0103gu\u0219in\" \/>\n<meta name=\"twitter:card\" content=\"summary_large_image\" \/>\n<meta name=\"twitter:label1\" content=\"Written by\" \/>\n\t<meta name=\"twitter:data1\" content=\"Adriana Dr\u0103gu\u0219in\" \/>\n\t<meta name=\"twitter:label2\" content=\"Est. reading time\" \/>\n\t<meta name=\"twitter:data2\" content=\"2 minute\" \/>\n<script type=\"application\/ld+json\" class=\"yoast-schema-graph\">{\"@context\":\"https:\/\/schema.org\",\"@graph\":[{\"@type\":\"Article\",\"@id\":\"https:\/\/www.imobiliare.ro\/imoexpert\/imm-urile-care-concureaza-firmele-de-itc-la-inchirierea-de-spatii-in-cladiri-de-birouri_db\/#article\",\"isPartOf\":{\"@id\":\"https:\/\/www.imobiliare.ro\/imoexpert\/imm-urile-care-concureaza-firmele-de-itc-la-inchirierea-de-spatii-in-cladiri-de-birouri_db\/\"},\"author\":{\"name\":\"Adriana Dr\u0103gu\u0219in\",\"@id\":\"https:\/\/www.imobiliare.ro\/imoexpert\/#\/schema\/person\/8c13b0297075010b896471fabf0d7790\"},\"headline\":\"IMM-urile care concureaz\u0103 firmele de IT&#038;C la \u00eenchirierea de spa\u021bii \u00een cl\u0103diri de birouri\",\"datePublished\":\"2019-08-28T13:50:27+00:00\",\"mainEntityOfPage\":{\"@id\":\"https:\/\/www.imobiliare.ro\/imoexpert\/imm-urile-care-concureaza-firmele-de-itc-la-inchirierea-de-spatii-in-cladiri-de-birouri_db\/\"},\"wordCount\":465,\"commentCount\":1,\"publisher\":{\"@id\":\"https:\/\/www.imobiliare.ro\/imoexpert\/#organization\"},\"image\":{\"@id\":\"https:\/\/www.imobiliare.ro\/imoexpert\/imm-urile-care-concureaza-firmele-de-itc-la-inchirierea-de-spatii-in-cladiri-de-birouri_db\/#primaryimage\"},\"thumbnailUrl\":\"https:\/\/www.imobiliare.ro\/imoexpert\/wp-content\/uploads\/2019\/08\/Esop-Imm-urile-care-concureaza-firmele-de-It-C-la-inchirierea-de-spatii-in-cladiri-de-birouri.jpg\",\"keywords\":[\"cladiri office\",\"spatii birouri\"],\"articleSection\":[\"\u0218tiri\"],\"inLanguage\":\"en\",\"potentialAction\":[{\"@type\":\"CommentAction\",\"name\":\"Comment\",\"target\":[\"https:\/\/www.imobiliare.ro\/imoexpert\/imm-urile-care-concureaza-firmele-de-itc-la-inchirierea-de-spatii-in-cladiri-de-birouri_db\/#respond\"]}],\"copyrightYear\":\"2019\",\"copyrightHolder\":{\"@id\":\"https:\/\/www.imobiliare.ro\/imoexpert\/#organization\"}},{\"@type\":\"WebPage\",\"@id\":\"https:\/\/www.imobiliare.ro\/imoexpert\/imm-urile-care-concureaza-firmele-de-itc-la-inchirierea-de-spatii-in-cladiri-de-birouri_db\/\",\"url\":\"https:\/\/www.imobiliare.ro\/imoexpert\/imm-urile-care-concureaza-firmele-de-itc-la-inchirierea-de-spatii-in-cladiri-de-birouri_db\/\",\"name\":\"IMM-urile care concureaz\u0103 firmele de IT&C la \u00eenchirierea de spa\u021bii \u00een cl\u0103diri de birouri - \u0218tiri - ImoExpert\",\"isPartOf\":{\"@id\":\"https:\/\/www.imobiliare.ro\/imoexpert\/#website\"},\"primaryImageOfPage\":{\"@id\":\"https:\/\/www.imobiliare.ro\/imoexpert\/imm-urile-care-concureaza-firmele-de-itc-la-inchirierea-de-spatii-in-cladiri-de-birouri_db\/#primaryimage\"},\"image\":{\"@id\":\"https:\/\/www.imobiliare.ro\/imoexpert\/imm-urile-care-concureaza-firmele-de-itc-la-inchirierea-de-spatii-in-cladiri-de-birouri_db\/#primaryimage\"},\"thumbnailUrl\":\"https:\/\/www.imobiliare.ro\/imoexpert\/wp-content\/uploads\/2019\/08\/Esop-Imm-urile-care-concureaza-firmele-de-It-C-la-inchirierea-de-spatii-in-cladiri-de-birouri.jpg\",\"datePublished\":\"2019-08-28T13:50:27+00:00\",\"description\":\"Potrivit datelor Esop, \u00een primul semestru din 2019 IMM-urile au \u00eenchiriat, pre\u00eenchiriat \u0219i prelungit contracte pentru spa\u021bii de birouri \u00een suprafa\u021b\u0103\",\"breadcrumb\":{\"@id\":\"https:\/\/www.imobiliare.ro\/imoexpert\/imm-urile-care-concureaza-firmele-de-itc-la-inchirierea-de-spatii-in-cladiri-de-birouri_db\/#breadcrumb\"},\"inLanguage\":\"en\",\"potentialAction\":[{\"@type\":\"ReadAction\",\"target\":[\"https:\/\/www.imobiliare.ro\/imoexpert\/imm-urile-care-concureaza-firmele-de-itc-la-inchirierea-de-spatii-in-cladiri-de-birouri_db\/\"]}]},{\"@type\":\"ImageObject\",\"inLanguage\":\"en\",\"@id\":\"https:\/\/www.imobiliare.ro\/imoexpert\/imm-urile-care-concureaza-firmele-de-itc-la-inchirierea-de-spatii-in-cladiri-de-birouri_db\/#primaryimage\",\"url\":\"https:\/\/www.imobiliare.ro\/imoexpert\/wp-content\/uploads\/2019\/08\/Esop-Imm-urile-care-concureaza-firmele-de-It-C-la-inchirierea-de-spatii-in-cladiri-de-birouri.jpg\",\"contentUrl\":\"https:\/\/www.imobiliare.ro\/imoexpert\/wp-content\/uploads\/2019\/08\/Esop-Imm-urile-care-concureaza-firmele-de-It-C-la-inchirierea-de-spatii-in-cladiri-de-birouri.jpg\",\"width\":800,\"height\":532},{\"@type\":\"BreadcrumbList\",\"@id\":\"https:\/\/www.imobiliare.ro\/imoexpert\/imm-urile-care-concureaza-firmele-de-itc-la-inchirierea-de-spatii-in-cladiri-de-birouri_db\/#breadcrumb\",\"itemListElement\":[{\"@type\":\"ListItem\",\"position\":1,\"name\":\"Imoradar24\",\"item\":\"https:\/\/www.imoradar24.ro\"},{\"@type\":\"ListItem\",\"position\":2,\"name\":\"ImoExpert\",\"item\":\"https:\/\/www.imobiliare.ro\/imoexpert\/\"},{\"@type\":\"ListItem\",\"position\":3,\"name\":\"\u0218tiri\",\"item\":\"https:\/\/www.imobiliare.ro\/imoexpert\/stiri\/\"},{\"@type\":\"ListItem\",\"position\":4,\"name\":\"IMM-urile care concureaz\u0103 firmele de IT&#038;C la \u00eenchirierea de spa\u021bii \u00een cl\u0103diri de birouri\"}]},{\"@type\":\"WebSite\",\"@id\":\"https:\/\/www.imobiliare.ro\/imoexpert\/#website\",\"url\":\"https:\/\/www.imobiliare.ro\/imoexpert\/\",\"name\":\"ImoExpert\",\"description\":\"cele mai importante \u015ftiri din domeniul imobiliar\",\"publisher\":{\"@id\":\"https:\/\/www.imobiliare.ro\/imoexpert\/#organization\"},\"inLanguage\":\"en\"},{\"@type\":\"Organization\",\"@id\":\"https:\/\/www.imobiliare.ro\/imoexpert\/#organization\",\"name\":\"Imobiliare.ro\",\"alternateName\":\"Realmedia Network SA\",\"url\":\"https:\/\/www.imobiliare.ro\/imoexpert\/\",\"logo\":{\"@type\":\"ImageObject\",\"inLanguage\":\"en\",\"@id\":\"https:\/\/www.imobiliare.ro\/imoexpert\/#\/schema\/logo\/image\/\",\"url\":\"https:\/\/www.imobiliare.ro\/imoexpert\/wp-content\/uploads\/2025\/05\/imobiliare_logo.png\",\"contentUrl\":\"https:\/\/www.imobiliare.ro\/imoexpert\/wp-content\/uploads\/2025\/05\/imobiliare_logo.png\",\"width\":237,\"height\":29,\"caption\":\"Imobiliare.ro\"},\"image\":{\"@id\":\"https:\/\/www.imobiliare.ro\/imoexpert\/#\/schema\/logo\/image\/\"}},{\"@type\":\"Person\",\"@id\":\"https:\/\/www.imobiliare.ro\/imoexpert\/#\/schema\/person\/8c13b0297075010b896471fabf0d7790\",\"name\":\"Adriana Dr\u0103gu\u0219in\",\"image\":{\"@type\":\"ImageObject\",\"inLanguage\":\"en\",\"@id\":\"https:\/\/www.imobiliare.ro\/imoexpert\/#\/schema\/person\/image\/\",\"url\":\"https:\/\/secure.gravatar.com\/avatar\/ba4762f7517e50e679ed7f11207102d1150120f2f5800c0da98f8a15305bf514?s=96&d=mm&r=g\",\"contentUrl\":\"https:\/\/secure.gravatar.com\/avatar\/ba4762f7517e50e679ed7f11207102d1150120f2f5800c0da98f8a15305bf514?s=96&d=mm&r=g\",\"caption\":\"Adriana Dr\u0103gu\u0219in\"},\"jobTitle\":\"Editor\",\"url\":\"https:\/\/www.imobiliare.ro\/imoexpert\/author\/adriana-dragusin\/\"}]}<\/script>\n<!-- \/ Yoast SEO Premium plugin. -->","yoast_head_json":{"title":"IMM-urile care concureaz\u0103 firmele de IT&C la \u00eenchirierea de spa\u021bii \u00een cl\u0103diri de birouri - \u0218tiri - ImoExpert","description":"Potrivit datelor Esop, \u00een primul semestru din 2019 IMM-urile au \u00eenchiriat, pre\u00eenchiriat \u0219i prelungit contracte pentru spa\u021bii de birouri \u00een suprafa\u021b\u0103","robots":{"index":"index","follow":"follow"},"canonical":"https:\/\/www.imobiliare.ro\/imoexpert\/imm-urile-care-concureaza-firmele-de-itc-la-inchirierea-de-spatii-in-cladiri-de-birouri_db\/","og_locale":"ro_RO","og_type":"article","og_title":"IMM-urile care concureaz\u0103 firmele de IT&C la \u00eenchirierea de spa\u021bii \u00een cl\u0103diri de birouri","og_description":"Potrivit datelor Esop, \u00een primul semestru din 2019 IMM-urile au \u00eenchiriat, pre\u00eenchiriat \u0219i prelungit contracte pentru spa\u021bii de birouri \u00een suprafa\u021b\u0103","og_url":"https:\/\/www.imobiliare.ro\/imoexpert\/imm-urile-care-concureaza-firmele-de-itc-la-inchirierea-de-spatii-in-cladiri-de-birouri_db\/","og_site_name":"ImoExpert","article_published_time":"2019-08-28T13:50:27+00:00","og_image":[{"width":800,"height":532,"url":"https:\/\/www.imobiliare.ro\/imoexpert\/wp-content\/uploads\/2019\/08\/Esop-Imm-urile-care-concureaza-firmele-de-It-C-la-inchirierea-de-spatii-in-cladiri-de-birouri.jpg","type":"image\/jpeg"}],"author":"Adriana Dr\u0103gu\u0219in","twitter_card":"summary_large_image","twitter_misc":{"Written by":"Adriana Dr\u0103gu\u0219in","Est. reading time":"2 minute"},"schema":{"@context":"https:\/\/schema.org","@graph":[{"@type":"Article","@id":"https:\/\/www.imobiliare.ro\/imoexpert\/imm-urile-care-concureaza-firmele-de-itc-la-inchirierea-de-spatii-in-cladiri-de-birouri_db\/#article","isPartOf":{"@id":"https:\/\/www.imobiliare.ro\/imoexpert\/imm-urile-care-concureaza-firmele-de-itc-la-inchirierea-de-spatii-in-cladiri-de-birouri_db\/"},"author":{"name":"Adriana Dr\u0103gu\u0219in","@id":"https:\/\/www.imobiliare.ro\/imoexpert\/#\/schema\/person\/8c13b0297075010b896471fabf0d7790"},"headline":"IMM-urile care concureaz\u0103 firmele de IT&#038;C la \u00eenchirierea de spa\u021bii \u00een cl\u0103diri de birouri","datePublished":"2019-08-28T13:50:27+00:00","mainEntityOfPage":{"@id":"https:\/\/www.imobiliare.ro\/imoexpert\/imm-urile-care-concureaza-firmele-de-itc-la-inchirierea-de-spatii-in-cladiri-de-birouri_db\/"},"wordCount":465,"commentCount":1,"publisher":{"@id":"https:\/\/www.imobiliare.ro\/imoexpert\/#organization"},"image":{"@id":"https:\/\/www.imobiliare.ro\/imoexpert\/imm-urile-care-concureaza-firmele-de-itc-la-inchirierea-de-spatii-in-cladiri-de-birouri_db\/#primaryimage"},"thumbnailUrl":"https:\/\/www.imobiliare.ro\/imoexpert\/wp-content\/uploads\/2019\/08\/Esop-Imm-urile-care-concureaza-firmele-de-It-C-la-inchirierea-de-spatii-in-cladiri-de-birouri.jpg","keywords":["cladiri office","spatii birouri"],"articleSection":["\u0218tiri"],"inLanguage":"en","potentialAction":[{"@type":"CommentAction","name":"Comment","target":["https:\/\/www.imobiliare.ro\/imoexpert\/imm-urile-care-concureaza-firmele-de-itc-la-inchirierea-de-spatii-in-cladiri-de-birouri_db\/#respond"]}],"copyrightYear":"2019","copyrightHolder":{"@id":"https:\/\/www.imobiliare.ro\/imoexpert\/#organization"}},{"@type":"WebPage","@id":"https:\/\/www.imobiliare.ro\/imoexpert\/imm-urile-care-concureaza-firmele-de-itc-la-inchirierea-de-spatii-in-cladiri-de-birouri_db\/","url":"https:\/\/www.imobiliare.ro\/imoexpert\/imm-urile-care-concureaza-firmele-de-itc-la-inchirierea-de-spatii-in-cladiri-de-birouri_db\/","name":"IMM-urile care concureaz\u0103 firmele de IT&C la \u00eenchirierea de spa\u021bii \u00een cl\u0103diri de birouri - \u0218tiri - ImoExpert","isPartOf":{"@id":"https:\/\/www.imobiliare.ro\/imoexpert\/#website"},"primaryImageOfPage":{"@id":"https:\/\/www.imobiliare.ro\/imoexpert\/imm-urile-care-concureaza-firmele-de-itc-la-inchirierea-de-spatii-in-cladiri-de-birouri_db\/#primaryimage"},"image":{"@id":"https:\/\/www.imobiliare.ro\/imoexpert\/imm-urile-care-concureaza-firmele-de-itc-la-inchirierea-de-spatii-in-cladiri-de-birouri_db\/#primaryimage"},"thumbnailUrl":"https:\/\/www.imobiliare.ro\/imoexpert\/wp-content\/uploads\/2019\/08\/Esop-Imm-urile-care-concureaza-firmele-de-It-C-la-inchirierea-de-spatii-in-cladiri-de-birouri.jpg","datePublished":"2019-08-28T13:50:27+00:00","description":"Potrivit datelor Esop, \u00een primul semestru din 2019 IMM-urile au \u00eenchiriat, pre\u00eenchiriat \u0219i prelungit contracte pentru spa\u021bii de birouri \u00een suprafa\u021b\u0103","breadcrumb":{"@id":"https:\/\/www.imobiliare.ro\/imoexpert\/imm-urile-care-concureaza-firmele-de-itc-la-inchirierea-de-spatii-in-cladiri-de-birouri_db\/#breadcrumb"},"inLanguage":"en","potentialAction":[{"@type":"ReadAction","target":["https:\/\/www.imobiliare.ro\/imoexpert\/imm-urile-care-concureaza-firmele-de-itc-la-inchirierea-de-spatii-in-cladiri-de-birouri_db\/"]}]},{"@type":"ImageObject","inLanguage":"en","@id":"https:\/\/www.imobiliare.ro\/imoexpert\/imm-urile-care-concureaza-firmele-de-itc-la-inchirierea-de-spatii-in-cladiri-de-birouri_db\/#primaryimage","url":"https:\/\/www.imobiliare.ro\/imoexpert\/wp-content\/uploads\/2019\/08\/Esop-Imm-urile-care-concureaza-firmele-de-It-C-la-inchirierea-de-spatii-in-cladiri-de-birouri.jpg","contentUrl":"https:\/\/www.imobiliare.ro\/imoexpert\/wp-content\/uploads\/2019\/08\/Esop-Imm-urile-care-concureaza-firmele-de-It-C-la-inchirierea-de-spatii-in-cladiri-de-birouri.jpg","width":800,"height":532},{"@type":"BreadcrumbList","@id":"https:\/\/www.imobiliare.ro\/imoexpert\/imm-urile-care-concureaza-firmele-de-itc-la-inchirierea-de-spatii-in-cladiri-de-birouri_db\/#breadcrumb","itemListElement":[{"@type":"ListItem","position":1,"name":"Imoradar24","item":"https:\/\/www.imoradar24.ro"},{"@type":"ListItem","position":2,"name":"ImoExpert","item":"https:\/\/www.imobiliare.ro\/imoexpert\/"},{"@type":"ListItem","position":3,"name":"\u0218tiri","item":"https:\/\/www.imobiliare.ro\/imoexpert\/stiri\/"},{"@type":"ListItem","position":4,"name":"IMM-urile care concureaz\u0103 firmele de IT&#038;C la \u00eenchirierea de spa\u021bii \u00een cl\u0103diri de birouri"}]},{"@type":"WebSite","@id":"https:\/\/www.imobiliare.ro\/imoexpert\/#website","url":"https:\/\/www.imobiliare.ro\/imoexpert\/","name":"ImoExpert","description":"cele mai importante \u015ftiri din domeniul imobiliar","publisher":{"@id":"https:\/\/www.imobiliare.ro\/imoexpert\/#organization"},"inLanguage":"en"},{"@type":"Organization","@id":"https:\/\/www.imobiliare.ro\/imoexpert\/#organization","name":"Imobiliare.ro","alternateName":"Realmedia Network SA","url":"https:\/\/www.imobiliare.ro\/imoexpert\/","logo":{"@type":"ImageObject","inLanguage":"en","@id":"https:\/\/www.imobiliare.ro\/imoexpert\/#\/schema\/logo\/image\/","url":"https:\/\/www.imobiliare.ro\/imoexpert\/wp-content\/uploads\/2025\/05\/imobiliare_logo.png","contentUrl":"https:\/\/www.imobiliare.ro\/imoexpert\/wp-content\/uploads\/2025\/05\/imobiliare_logo.png","width":237,"height":29,"caption":"Imobiliare.ro"},"image":{"@id":"https:\/\/www.imobiliare.ro\/imoexpert\/#\/schema\/logo\/image\/"}},{"@type":"Person","@id":"https:\/\/www.imobiliare.ro\/imoexpert\/#\/schema\/person\/8c13b0297075010b896471fabf0d7790","name":"Adriana Dr\u0103gu\u0219in","image":{"@type":"ImageObject","inLanguage":"en","@id":"https:\/\/www.imobiliare.ro\/imoexpert\/#\/schema\/person\/image\/","url":"https:\/\/secure.gravatar.com\/avatar\/ba4762f7517e50e679ed7f11207102d1150120f2f5800c0da98f8a15305bf514?s=96&d=mm&r=g","contentUrl":"https:\/\/secure.gravatar.com\/avatar\/ba4762f7517e50e679ed7f11207102d1150120f2f5800c0da98f8a15305bf514?s=96&d=mm&r=g","caption":"Adriana Dr\u0103gu\u0219in"},"jobTitle":"Editor","url":"https:\/\/www.imobiliare.ro\/imoexpert\/author\/adriana-dragusin\/"}]}},"_links":{"self":[{"href":"https:\/\/www.imobiliare.ro\/imoexpert\/wp-json\/wp\/v2\/posts\/56003","targetHints":{"allow":["GET"]}}],"collection":[{"href":"https:\/\/www.imobiliare.ro\/imoexpert\/wp-json\/wp\/v2\/posts"}],"about":[{"href":"https:\/\/www.imobiliare.ro\/imoexpert\/wp-json\/wp\/v2\/types\/post"}],"author":[{"embeddable":true,"href":"https:\/\/www.imobiliare.ro\/imoexpert\/wp-json\/wp\/v2\/users\/829"}],"replies":[{"embeddable":true,"href":"https:\/\/www.imobiliare.ro\/imoexpert\/wp-json\/wp\/v2\/comments?post=56003"}],"version-history":[{"count":0,"href":"https:\/\/www.imobiliare.ro\/imoexpert\/wp-json\/wp\/v2\/posts\/56003\/revisions"}],"wp:featuredmedia":[{"embeddable":true,"href":"https:\/\/www.imobiliare.ro\/imoexpert\/wp-json\/wp\/v2\/media\/56004"}],"wp:attachment":[{"href":"https:\/\/www.imobiliare.ro\/imoexpert\/wp-json\/wp\/v2\/media?parent=56003"}],"wp:term":[{"taxonomy":"category","embeddable":true,"href":"https:\/\/www.imobiliare.ro\/imoexpert\/wp-json\/wp\/v2\/categories?post=56003"},{"taxonomy":"post_tag","embeddable":true,"href":"https:\/\/www.imobiliare.ro\/imoexpert\/wp-json\/wp\/v2\/tags?post=56003"},{"taxonomy":"content_author","embeddable":true,"href":"https:\/\/www.imobiliare.ro\/imoexpert\/wp-json\/wp\/v2\/content_author?post=56003"}],"curies":[{"name":"wp","href":"https:\/\/api.w.org\/{rel}","templated":true}]}}