{"id":56303,"date":"2019-09-24T17:30:33","date_gmt":"2019-09-24T14:30:33","guid":{"rendered":"https:\/\/www.imobiliare.ro\/imoexpert\/?p=56303"},"modified":"2019-09-24T17:30:33","modified_gmt":"2019-09-24T14:30:33","slug":"metamorfoza-primei-case-de-la-posibilitatea-ridicarii-plafonului-de-garantare-la-limitarea-veniturilor","status":"publish","type":"post","link":"https:\/\/www.imobiliare.ro\/imoexpert\/metamorfoza-primei-case-de-la-posibilitatea-ridicarii-plafonului-de-garantare-la-limitarea-veniturilor_db\/","title":{"rendered":"\u201eMetamorfoza\u201d Primei Case: de la posibilitatea ridic\u0103rii plafonului de garantare, la limitarea veniturilor"},"content":{"rendered":"<figure id=\"attachment_56304\" aria-describedby=\"caption-attachment-56304\" style=\"width: 800px\" class=\"wp-caption aligncenter\"><a class=\"article-body-links\"href=\"https:\/\/www.imobiliare.ro\/imoexpert\/wp-content\/uploads\/2019\/09\/metamorfoza-primei-case-de-la-posibilitatea-ridicarii-plafonului-de-garantare-la-limitarea-veniturilor.jpg\"><img loading=\"lazy\" decoding=\"async\" src=\"https:\/\/www.imobiliare.ro\/imoexpert\/wp-content\/uploads\/2019\/09\/metamorfoza-primei-case-de-la-posibilitatea-ridicarii-plafonului-de-garantare-la-limitarea-veniturilor.jpg\" alt=\"\" width=\"800\" height=\"533\" class=\"size-full wp-image-56304\" srcset=\"https:\/\/www.imobiliare.ro\/imoexpert\/wp-content\/uploads\/2019\/09\/metamorfoza-primei-case-de-la-posibilitatea-ridicarii-plafonului-de-garantare-la-limitarea-veniturilor.jpg 800w, https:\/\/www.imobiliare.ro\/imoexpert\/wp-content\/uploads\/2019\/09\/metamorfoza-primei-case-de-la-posibilitatea-ridicarii-plafonului-de-garantare-la-limitarea-veniturilor-300x200.jpg 300w, https:\/\/www.imobiliare.ro\/imoexpert\/wp-content\/uploads\/2019\/09\/metamorfoza-primei-case-de-la-posibilitatea-ridicarii-plafonului-de-garantare-la-limitarea-veniturilor-768x512.jpg 768w\" sizes=\"auto, (max-width: 800px) 100vw, 800px\" \/><\/a><figcaption id=\"caption-attachment-56304\" class=\"wp-caption-text\">\u00cen noua variant\u0103 a programului, pre\u021bul maxim de achizi\u021bie a unei locuin\u021be ar trebui s\u0103 fie 70.000 de euro<\/figcaption><\/figure>\n<div id=\"ez-toc-container\" class=\"ez-toc-v2_0_81 counter-hierarchy ez-toc-counter ez-toc-grey ez-toc-container-direction\">\n<p class=\"ez-toc-title\" style=\"cursor:inherit\">Table of Contents<\/p>\n<label for=\"ez-toc-cssicon-toggle-item-69ef30de8061b\" class=\"ez-toc-cssicon-toggle-label\"><span class=\"ez-toc-cssicon\"><span class=\"eztoc-hide\" style=\"display:none;\">Toggle<\/span><span class=\"ez-toc-icon-toggle-span\"><svg style=\"fill: #999;color:#999\" xmlns=\"http:\/\/www.w3.org\/2000\/svg\" class=\"list-377408\" width=\"20px\" height=\"20px\" viewBox=\"0 0 24 24\" fill=\"none\"><path d=\"M6 6H4v2h2V6zm14 0H8v2h12V6zM4 11h2v2H4v-2zm16 0H8v2h12v-2zM4 16h2v2H4v-2zm16 0H8v2h12v-2z\" fill=\"currentColor\"><\/path><\/svg><svg style=\"fill: #999;color:#999\" class=\"arrow-unsorted-368013\" xmlns=\"http:\/\/www.w3.org\/2000\/svg\" width=\"10px\" height=\"10px\" viewBox=\"0 0 24 24\" version=\"1.2\" baseProfile=\"tiny\"><path d=\"M18.2 9.3l-6.2-6.3-6.2 6.3c-.2.2-.3.4-.3.7s.1.5.3.7c.2.2.4.3.7.3h11c.3 0 .5-.1.7-.3.2-.2.3-.5.3-.7s-.1-.5-.3-.7zM5.8 14.7l6.2 6.3 6.2-6.3c.2-.2.3-.5.3-.7s-.1-.5-.3-.7c-.2-.2-.4-.3-.7-.3h-11c-.3 0-.5.1-.7.3-.2.2-.3.5-.3.7s.1.5.3.7z\"\/><\/svg><\/span><\/span><\/label><input type=\"checkbox\"  id=\"ez-toc-cssicon-toggle-item-69ef30de8061b\"  aria-label=\"Toggle\" \/><nav><ul class='ez-toc-list ez-toc-list-level-1 ' ><li class='ez-toc-page-1 ez-toc-heading-level-2'><a class=\"ez-toc-link ez-toc-heading-1\" href=\"https:\/\/www.imobiliare.ro\/imoexpert\/metamorfoza-primei-case-de-la-posibilitatea-ridicarii-plafonului-de-garantare-la-limitarea-veniturilor_db\/#Reprezentantii_unei_asociatii_a_dezvoltatorilor_imobiliari_considera_ca_modificarile_aduse_programului_eludeaza_chiar_masura_care_ar_fi_avut_cel_mai_mare_impact_pozitiv_in_piata\" >Reprezentan\u021bii unei asocia\u021bii a dezvoltatorilor imobiliari consider\u0103 c\u0103 modific\u0103rile aduse programului eludeaz\u0103 chiar m\u0103sura care ar fi avut cel mai mare impact (pozitiv) \u00een pia\u021b\u0103.<\/a><\/li><li class='ez-toc-page-1 ez-toc-heading-level-2'><a class=\"ez-toc-link ez-toc-heading-2\" href=\"https:\/\/www.imobiliare.ro\/imoexpert\/metamorfoza-primei-case-de-la-posibilitatea-ridicarii-plafonului-de-garantare-la-limitarea-veniturilor_db\/#Legea_a_trecut_de_Senat_urmeaza_Camera_Deputatilor\" >Legea a trecut de Senat, urmeaz\u0103 Camera Deputa\u021bilor<\/a><\/li><li class='ez-toc-page-1 ez-toc-heading-level-2'><a class=\"ez-toc-link ez-toc-heading-3\" href=\"https:\/\/www.imobiliare.ro\/imoexpert\/metamorfoza-primei-case-de-la-posibilitatea-ridicarii-plafonului-de-garantare-la-limitarea-veniturilor_db\/#Dorinta_dezvoltatorilor_ridicarea_plafonului_la_450000_de_lei\" >Dorin\u021ba dezvoltatorilor: ridicarea plafonului la 450.000 de lei<\/a><\/li><li class='ez-toc-page-1 ez-toc-heading-level-2'><a class=\"ez-toc-link ez-toc-heading-4\" href=\"https:\/\/www.imobiliare.ro\/imoexpert\/metamorfoza-primei-case-de-la-posibilitatea-ridicarii-plafonului-de-garantare-la-limitarea-veniturilor_db\/#Doua_camere_in_continuare_alegerea_majoritatii\" >Dou\u0103 camere, \u00een continuare alegerea majorit\u0103\u021bii<\/a><\/li><li class='ez-toc-page-1 ez-toc-heading-level-2'><a class=\"ez-toc-link ez-toc-heading-5\" href=\"https:\/\/www.imobiliare.ro\/imoexpert\/metamorfoza-primei-case-de-la-posibilitatea-ridicarii-plafonului-de-garantare-la-limitarea-veniturilor_db\/#Limitarea_veniturilor_ca_precautie_impotriva_abuzurilor\" >Limitarea veniturilor, ca precau\u021bie \u00eempotriva abuzurilor<\/a><\/li><\/ul><\/nav><\/div>\n<h2><span class=\"ez-toc-section\" id=\"Reprezentantii_unei_asociatii_a_dezvoltatorilor_imobiliari_considera_ca_modificarile_aduse_programului_eludeaza_chiar_masura_care_ar_fi_avut_cel_mai_mare_impact_pozitiv_in_piata\"><\/span>Reprezentan\u021bii unei asocia\u021bii a dezvoltatorilor imobiliari consider\u0103 c\u0103 modific\u0103rile aduse programului eludeaz\u0103 chiar m\u0103sura care ar fi avut cel mai mare impact (pozitiv) \u00een pia\u021b\u0103.<span class=\"ez-toc-section-end\"><\/span><\/h2>\n<p>Reziden\u021bialul autohton a fost marcat, \u00een ultima perioad\u0103, de o serie de discu\u021bii privind transformarea programului Prima Cas\u0103 \u00eentr-unul cu un caracter social mai pronun\u021bat, adresat \u00een special familiilor \u2013 \u0219i mai ales familiilor cu copii. Numele programului ar urma s\u0103 se schimbe \u00een <em><strong>O familie, o cas\u0103<\/strong><\/em>. <\/p>\n<p>Conform notei de fundamentare a actului legislativ ini\u021biat de ministrul Finan\u021belor, Eugen Teodorovici, datele furnizate de Banca Na\u021bional\u0103 a Rom\u00e2niei arat\u0103 c\u0103 volumul \u00eemprumuturilor acordate prin Programul Prima Cas\u0103 a dob\u00e2ndit o \u201edimensiune sistemic\u0103\u201d \u2013 acesta ajung\u00e2nd s\u0103 reprezinte 45% din stocul creditelor ipotecare (34 miliarde lei, \u00een martie 2019), respectiv 31% din fluxul de credite ipotecare noi (3,8 miliarde lei, flux cumulat pe o perioad\u0103 de 12 luni p\u00e2n\u0103 la martie 2019). \u201e\u00cen acest context, Consiliul General al Comitetului Na\u021bional pentru Supravegherea Macropruden\u021bial\u0103 (CNSM) a emis Recomandarea nr. R\/1\/2018, adresat\u0103 Guvernului Rom\u00e2niei, \u00een vederea recalibr\u0103rii programului \u00abPrima Cas\u0103\u00bb din punct de vedere social, prin revizuirea condi\u021biilor de accesare a acestui program, cu men\u021binerea unui grad de \u00eendatorare sustenabil. Conform recomand\u0103rii CNSM, este necesar\u0103 reorientarea programului c\u0103tre persoanele cu venit p\u00e2n\u0103 \u00eentr-un anumit plafon, asigur\u00e2nd astfel o disponibilitate mai mare a fondurilor pentru persoane care nu pot accesa un \u00eemprumut imobiliar standard\u201d, se arat\u0103 \u00een documentul citat. <\/p>\n<h2><span class=\"ez-toc-section\" id=\"Legea_a_trecut_de_Senat_urmeaza_Camera_Deputatilor\"><\/span>Legea a trecut de Senat, urmeaz\u0103 Camera Deputa\u021bilor<span class=\"ez-toc-section-end\"><\/span><\/h2>\n<p>Potrivit Mediafax, Senatul a adoptat, s\u0103pt\u0103m\u00e2na trecut\u0103, proiectul de lege ini\u021biat de ministerul Finan\u0163elor. De\u0219i actul legislativ a fost aprobat de Senat (\u00een calitate de prim\u0103 Camer\u0103 sesizat\u0103), cu 72 de voturi \u201epentru\u201d \u0219i 10 ab\u021bineri, Camera Deputa\u0163ilor este forul decizional.<\/p>\n<div class=\"entry-content-inline-styles table-responsive\">\n<strong>Principalele condi\u021bii ale noului program:<\/strong><br \/>\n\u2022 Introducerea pragului de venit pentru beneficiarii Programului: 4.500 lei pentru persoanele sau familiile f\u0103r\u0103 copii \u0219i, respectiv, 7.000 de lei pentru familiile cu unul sau mai mul\u0163i copii;<\/p>\n<p>\u2022 Mandatarea, pe l\u00e2ng\u0103 Fondul Na\u0163ional de Garantare a Creditelor pentru \u00centreprinderi Mici \u015fi Mijlocii, \u015fi a Fondului Rom\u00e2n de Contragarantare \u00een vederea emiterii de garan\u0163ii \u00een numele \u015fi \u00een contul statului, \u00een favoarea b\u0103ncilor care acord\u0103 credite persoanelor fizice pentru achizi\u0163ia unei locuin\u0163e \u00een cadrul Programului;<\/p>\n<p>\u2022 Pre\u0163ul de achizi\u0163ie a locuin\u0163ei va fi de maximum 70.000 de euro (echivalent lei) la cursul BNR valabil la data \u00eencheierii contractului de v\u00e2nzare-cump\u0103rare, iar valoarea finan\u0163\u0103rii garantate este de maximum 66.500 EUR echivalent lei;<\/p>\n<p>\u2022 Men\u0163inerea avansului minim de 5% din pre\u0163ul de achizi\u0163ie al locuin\u0163ei;<\/p>\n<p>\u2022 Acordarea urm\u0103toarelor subven\u0163ii de dob\u00e2nd\u0103: reducerea ratei dob\u00e2nzii creditului garantat cu 0,5 puncte procentuale (pentru familiile cu un singur copil) \u0219i, respectiv, cu 1 punct procentual (pentru familiile cu doi sau mai mul\u0163i copii).<\/p><\/div>\n<h2><span class=\"ez-toc-section\" id=\"Dorinta_dezvoltatorilor_ridicarea_plafonului_la_450000_de_lei\"><\/span>Dorin\u021ba dezvoltatorilor: ridicarea plafonului la 450.000 de lei<span class=\"ez-toc-section-end\"><\/span><\/h2>\n<p>\u00centre viziunea statului \u0219i cea a juc\u0103torilor din pia\u021ba imobiliar\u0103 exist\u0103, \u00eens\u0103, discrepan\u021be. Bogdan Ivan, Secretar General al Asocia\u021biei Dezvoltatorilor Imobiliari din Rom\u00e2nia Urbanis (ADIRU), a declarat, pentru <strong><a class=\"article-body-links\"href=\"https:\/\/www.imobiliare.ro\/\">Imobiliare.ro<\/a><\/strong>, c\u0103 asocia\u021bia pe care o reprezint\u0103 a participat activ la discu\u021biile cu reprezentan\u021bii Guvernului privind modificarea programului Prima Cas\u0103. Ideea juc\u0103torilor din pia\u021b\u0103 era ca plafonul de creditare acceptat \u00een cadrul programului s\u0103 fie ridicat la suma de 450.000 de lei, respectiv aproximativ 95.000 de euro \u2013 acela\u0219i plafon prev\u0103zut \u00een cazul achizi\u021biei de locuin\u021be cu TVA de 5%. \u201eNoi am solicitat egalizarea sumei permise la Prima Cas\u0103 la 450.000 de lei\u201d, puncteaz\u0103 Bogdan Ivan. <\/p>\n<p>Potrivit reprezentantului ADIRU, aceast\u0103 solicitare a venit pe fondul faptului c\u0103 plafonul maxim prev\u0103zut pentru Prima Cas\u0103 a r\u0103mas, practic, la acela\u0219i nivel de la lansarea programului, \u00een 2009. Asta face ca, \u00een momentul de fa\u021b\u0103, s\u0103 fie destul de greu ca o familie s\u0103-\u0219i poat\u0103 cump\u0103ra o locuin\u021b\u0103 cu mai mult de dou\u0103 camere, cel pu\u021bin \u00een marile ora\u0219e \u2013 asemenea op\u021biuni exist\u00e2nd, poate, doar pe la periferie. \u201eDin punctul nostru de vedere, nu prea vedem cum poate fi potrivit pentru o familie un apartament cu dou\u0103 camere\u201d, subliniaz\u0103 Bogdan Ivan. Acesta precizeaz\u0103 c\u0103 exist\u0103 foarte mul\u021bi oameni, foarte multe familii care \u00ee\u0219i doresc s\u0103 cumpere locuin\u021be mai spa\u021bioase \u2013 \u0219i, implicit, mai scumpe \u2013, dar care \u00eent\u00e2mpin\u0103 obstacole c\u00e2nd vine vorba de finan\u021bare. \u00cen opinia sa, ridicarea plafonului de garantare de la 60.000-65.000 de euro la 450.000 de lei ar fi fost un real avantaj, at\u00e2t pentru poten\u021bialii cump\u0103r\u0103tori, c\u00e2t \u0219i pentru stat, stimul\u00e2nd dezvolt\u0103rile \u0219i, implicit, veniturile, pe un segment de pia\u021b\u0103 mai larg. <\/p>\n<h2><span class=\"ez-toc-section\" id=\"Doua_camere_in_continuare_alegerea_majoritatii\"><\/span>Dou\u0103 camere, \u00een continuare alegerea majorit\u0103\u021bii<span class=\"ez-toc-section-end\"><\/span><\/h2>\n<p>Ini\u021bial, poveste\u0219te oficialul ADIRU, reprezentan\u021bii Guvernului au p\u0103rut a fi de acord cu ideea de a ridica plafonul de garantare \u2013 vehicul\u00e2ndu-se, \u00een acest sens, chiar o sum\u0103 mai mare, de 570.000 de lei. Ulterior, \u00eens\u0103, plafonul agreat pentru proiectul de lege a fost mult mai mic, anume 70.000 de euro \u2013 ceea ce echivaleaz\u0103 cu o diferen\u021b\u0103 infim\u0103 fa\u021b\u0103 de condi\u021biile Primei Case. Astfel, consider\u0103 Ivan, chiar dac\u0103 numele noului program va fi <em><strong>O familie, o cas\u0103<\/strong><\/em>, acesta nu-\u0219i va atinge, de fapt, scopul, \u00eentruc\u00e2t plafonul redus de garantare va pune acelea\u0219i dificult\u0103\u021bi ca \u0219i \u00eenainte. Cump\u0103r\u0103torii din ora\u0219ele mari \u00ee\u0219i vor putea permite, \u00een esen\u021b\u0103, tot apartamente cu dou\u0103 camere (sau, \u00een cazuri fericite, cu trei camere) \u2013 posibilitatea achizi\u021biei unei case la curte fiind, practic, exclus\u0103. <\/p>\n<p>De\u0219i legea privind modificarea programului Prima Cas\u0103 a trecut de Senat, reprezentan\u021bii ADIRU \u00eenc\u0103 mai sper\u0103 ca modificarea dorit\u0103 s\u0103 devin\u0103 realitate. \u201eO s\u0103 mai \u00eencerc s\u0103 fac o solicitare, \u00een zilele urm\u0103toare, c\u0103tre Camera Deputa\u021bilor, ca for decizional, ca s\u0103 explic situa\u021bia\u201d, spune Bogdan Ivan. <\/p>\n<h2><span class=\"ez-toc-section\" id=\"Limitarea_veniturilor_ca_precautie_impotriva_abuzurilor\"><\/span>Limitarea veniturilor, ca precau\u021bie \u00eempotriva abuzurilor<span class=\"ez-toc-section-end\"><\/span><\/h2>\n<p>\u00cen ceea ce prive\u0219te modific\u0103rile aduse totu\u0219i programului Prima Cas\u0103, \u00een afar\u0103 de schimbarea de nume, reprezentantul ADIRU consider\u0103 c\u0103 acestea nu sunt substan\u021biale \u00een raport cu vechea \u201eformul\u0103\u201d. Legat de cea mai important\u0103 m\u0103sur\u0103, anume limitarea veniturilor pentru beneficiari, Ivan precizeaz\u0103 c\u0103 \u00een\u021belege pozi\u021bia Guvernului, care dore\u0219te s\u0103 men\u021bin\u0103 programul \u00een limitele socialului. Aceast\u0103 condi\u021bie vine ca r\u0103spuns la c\u00e2teva situa\u021bii din trecut \u2013 destul de rare, totu\u0219i \u2013 \u00een care persoane cu venituri destul de ridicate au contractat un \u00eemprumut cogarantat de c\u0103tre stat doar pentru a beneficia de facilit\u0103\u021bile de finan\u021bare. <\/p>\n<p>Mai este necesar un program de tip Prima Cas\u0103 \u00een actualul context de pia\u021b\u0103? Bogdan Ivan r\u0103spunde, f\u0103r\u0103 ezit\u0103ri, c\u0103 da. \u201e\u00cen toate statele europene exist\u0103 programe care s\u0103 ajute tinerii (la achizi\u021bia unei locuin\u021be, n.red.). L\u0103s\u00e2nd la o parte ora\u0219ele mari, precum Bucure\u0219tiul sau Clujul, la nivelul \u00eentregii \u021b\u0103ri e foarte necesar programul\u201d, subliniaz\u0103 acesta. \u00cen opinia sa, o asemenea ini\u021biativ\u0103 poate avea un impact social pozitiv \u0219i prin sprijinirea  tinerilor care se mut\u0103 \u00een marile ora\u0219e \u2013 \u0219i care vor vrea, la un moment dat, s\u0103-\u0219i cumpere propria cas\u0103. \u201eNu toat\u0103 lumea are avans de 15%. S\u0103 pl\u0103te\u0219ti chirie \u0219i s\u0103 str\u00e2ngi \u0219i 8.000-10.000 de euro e greu\u201d, conchide Bogdan Ivan. <\/p>\n<div class=\"entry-content-inline-styles table-responsive\">\n<strong>Aproape 280.000 de credite Prima Cas\u0103<\/strong><br \/>\nDe la lansarea programului Prima Cas\u0103, \u00een anul 2009, \u0219i p\u00e2n\u0103 la finele lunii iulie 2019, au fost acordate, la nivel na\u021bional, 279.179 de garan\u0163ii \u0219i promisiuni de garantare, \u00een valoare total\u0103 de 24.879,32 de milioane lei. P\u00e2n\u0103 \u00een prezent au fost executate 848 de garan\u021bii, \u00een valoare de 67,8 milioane lei. De la \u00eenceputul anului p\u00e2n\u0103 la sf\u00e2r\u0219itul lunii iulie 2019 au fost acordate 11.427 de garan\u021bii \u0219i promisiuni de garantare, \u00een valoare total\u0103 de 1.157,6 milioane de lei. Plafonul total de garantare alocat pentru anul 2019 este de dou\u0103 miliarde de lei.<\/div>\n","protected":false},"excerpt":{"rendered":"<p>Reprezentan\u021bii unei asocia\u021bii a dezvoltatorilor imobiliari consider\u0103 c\u0103 modific\u0103rile aduse programului eludeaz\u0103 chiar m\u0103sura care ar fi avut cel mai mare impact (pozitiv) \u00een pia\u021b\u0103. Reziden\u021bialul autohton a fost marcat, \u00een ultima perioad\u0103, de o serie de discu\u021bii privind transformarea programului Prima Cas\u0103 \u00eentr-unul cu un caracter social mai pronun\u021bat, adresat \u00een special familiilor \u2013 [&hellip;]<\/p>\n","protected":false},"author":829,"featured_media":56304,"comment_status":"open","ping_status":"open","sticky":false,"template":"","format":"standard","meta":{"footnotes":""},"categories":[263,259],"tags":[480,1410,1847,1548,1411],"content_author":[],"class_list":["post-56303","post","type-post","status-publish","format-standard","has-post-thumbnail","hentry","category-credite","category-stiri","tag-cumparator","tag-newsletter","tag-o-familie-o-casa","tag-prima-casa","tag-principal"],"yoast_head":"<!-- This site is optimized with the Yoast SEO Premium plugin v27.0 (Yoast SEO v27.0) - https:\/\/yoast.com\/product\/yoast-seo-premium-wordpress\/ -->\n<title>\u201eMetamorfoza\u201d Primei Case: de la posibilitatea ridic\u0103rii plafonului de garantare, la limitarea veniturilor - Credite, \u0218tiri - ImoExpert<\/title>\n<meta name=\"description\" content=\"Reprezentan\u021bii unei asocia\u021bii a dezvoltatorilor imobiliari consider\u0103 c\u0103 modific\u0103rile aduse programului eludeaz\u0103 chiar m\u0103sura care ar fi avut cel mai mare\" \/>\n<meta name=\"robots\" content=\"index, follow\" \/>\n<link rel=\"canonical\" href=\"https:\/\/www.imobiliare.ro\/imoexpert\/metamorfoza-primei-case-de-la-posibilitatea-ridicarii-plafonului-de-garantare-la-limitarea-veniturilor_db\/\" \/>\n<meta property=\"og:locale\" content=\"ro_RO\" \/>\n<meta property=\"og:type\" content=\"article\" \/>\n<meta property=\"og:title\" content=\"\u201eMetamorfoza\u201d Primei Case: de la posibilitatea ridic\u0103rii plafonului de garantare, la limitarea veniturilor\" \/>\n<meta property=\"og:description\" content=\"Reprezentan\u021bii unei asocia\u021bii a dezvoltatorilor imobiliari consider\u0103 c\u0103 modific\u0103rile aduse programului eludeaz\u0103 chiar m\u0103sura care ar fi avut cel mai mare\" \/>\n<meta property=\"og:url\" content=\"https:\/\/www.imobiliare.ro\/imoexpert\/metamorfoza-primei-case-de-la-posibilitatea-ridicarii-plafonului-de-garantare-la-limitarea-veniturilor_db\/\" \/>\n<meta property=\"og:site_name\" content=\"ImoExpert\" \/>\n<meta property=\"article:published_time\" content=\"2019-09-24T14:30:33+00:00\" \/>\n<meta property=\"og:image\" content=\"https:\/\/www.imobiliare.ro\/imoexpert\/wp-content\/uploads\/2019\/09\/metamorfoza-primei-case-de-la-posibilitatea-ridicarii-plafonului-de-garantare-la-limitarea-veniturilor.jpg\" \/>\n\t<meta property=\"og:image:width\" content=\"800\" \/>\n\t<meta property=\"og:image:height\" content=\"533\" \/>\n\t<meta property=\"og:image:type\" content=\"image\/jpeg\" \/>\n<meta name=\"author\" content=\"Adriana Dr\u0103gu\u0219in\" \/>\n<meta name=\"twitter:card\" content=\"summary_large_image\" \/>\n<meta name=\"twitter:label1\" content=\"Written by\" \/>\n\t<meta name=\"twitter:data1\" content=\"Adriana Dr\u0103gu\u0219in\" \/>\n\t<meta name=\"twitter:label2\" content=\"Est. reading time\" \/>\n\t<meta name=\"twitter:data2\" content=\"7 minute\" \/>\n<script type=\"application\/ld+json\" class=\"yoast-schema-graph\">{\"@context\":\"https:\/\/schema.org\",\"@graph\":[{\"@type\":\"Article\",\"@id\":\"https:\/\/www.imobiliare.ro\/imoexpert\/metamorfoza-primei-case-de-la-posibilitatea-ridicarii-plafonului-de-garantare-la-limitarea-veniturilor_db\/#article\",\"isPartOf\":{\"@id\":\"https:\/\/www.imobiliare.ro\/imoexpert\/metamorfoza-primei-case-de-la-posibilitatea-ridicarii-plafonului-de-garantare-la-limitarea-veniturilor_db\/\"},\"author\":{\"name\":\"Adriana Dr\u0103gu\u0219in\",\"@id\":\"https:\/\/www.imobiliare.ro\/imoexpert\/#\/schema\/person\/8c13b0297075010b896471fabf0d7790\"},\"headline\":\"\u201eMetamorfoza\u201d Primei Case: de la posibilitatea ridic\u0103rii plafonului de garantare, la limitarea veniturilor\",\"datePublished\":\"2019-09-24T14:30:33+00:00\",\"mainEntityOfPage\":{\"@id\":\"https:\/\/www.imobiliare.ro\/imoexpert\/metamorfoza-primei-case-de-la-posibilitatea-ridicarii-plafonului-de-garantare-la-limitarea-veniturilor_db\/\"},\"wordCount\":1365,\"commentCount\":4,\"publisher\":{\"@id\":\"https:\/\/www.imobiliare.ro\/imoexpert\/#organization\"},\"image\":{\"@id\":\"https:\/\/www.imobiliare.ro\/imoexpert\/metamorfoza-primei-case-de-la-posibilitatea-ridicarii-plafonului-de-garantare-la-limitarea-veniturilor_db\/#primaryimage\"},\"thumbnailUrl\":\"https:\/\/www.imobiliare.ro\/imoexpert\/wp-content\/uploads\/2019\/09\/metamorfoza-primei-case-de-la-posibilitatea-ridicarii-plafonului-de-garantare-la-limitarea-veniturilor.jpg\",\"keywords\":[\"cumparator\",\"newsletter\",\"O familie o cas\u0103\",\"Prima Cas\u0103\",\"principal\"],\"articleSection\":[\"Credite\",\"\u0218tiri\"],\"inLanguage\":\"en\",\"potentialAction\":[{\"@type\":\"CommentAction\",\"name\":\"Comment\",\"target\":[\"https:\/\/www.imobiliare.ro\/imoexpert\/metamorfoza-primei-case-de-la-posibilitatea-ridicarii-plafonului-de-garantare-la-limitarea-veniturilor_db\/#respond\"]}],\"copyrightYear\":\"2019\",\"copyrightHolder\":{\"@id\":\"https:\/\/www.imobiliare.ro\/imoexpert\/#organization\"}},{\"@type\":\"WebPage\",\"@id\":\"https:\/\/www.imobiliare.ro\/imoexpert\/metamorfoza-primei-case-de-la-posibilitatea-ridicarii-plafonului-de-garantare-la-limitarea-veniturilor_db\/\",\"url\":\"https:\/\/www.imobiliare.ro\/imoexpert\/metamorfoza-primei-case-de-la-posibilitatea-ridicarii-plafonului-de-garantare-la-limitarea-veniturilor_db\/\",\"name\":\"\u201eMetamorfoza\u201d Primei Case: de la posibilitatea ridic\u0103rii plafonului de garantare, la limitarea veniturilor - Credite, \u0218tiri - ImoExpert\",\"isPartOf\":{\"@id\":\"https:\/\/www.imobiliare.ro\/imoexpert\/#website\"},\"primaryImageOfPage\":{\"@id\":\"https:\/\/www.imobiliare.ro\/imoexpert\/metamorfoza-primei-case-de-la-posibilitatea-ridicarii-plafonului-de-garantare-la-limitarea-veniturilor_db\/#primaryimage\"},\"image\":{\"@id\":\"https:\/\/www.imobiliare.ro\/imoexpert\/metamorfoza-primei-case-de-la-posibilitatea-ridicarii-plafonului-de-garantare-la-limitarea-veniturilor_db\/#primaryimage\"},\"thumbnailUrl\":\"https:\/\/www.imobiliare.ro\/imoexpert\/wp-content\/uploads\/2019\/09\/metamorfoza-primei-case-de-la-posibilitatea-ridicarii-plafonului-de-garantare-la-limitarea-veniturilor.jpg\",\"datePublished\":\"2019-09-24T14:30:33+00:00\",\"description\":\"Reprezentan\u021bii unei asocia\u021bii a dezvoltatorilor imobiliari consider\u0103 c\u0103 modific\u0103rile aduse programului eludeaz\u0103 chiar m\u0103sura care ar fi avut cel mai mare\",\"breadcrumb\":{\"@id\":\"https:\/\/www.imobiliare.ro\/imoexpert\/metamorfoza-primei-case-de-la-posibilitatea-ridicarii-plafonului-de-garantare-la-limitarea-veniturilor_db\/#breadcrumb\"},\"inLanguage\":\"en\",\"potentialAction\":[{\"@type\":\"ReadAction\",\"target\":[\"https:\/\/www.imobiliare.ro\/imoexpert\/metamorfoza-primei-case-de-la-posibilitatea-ridicarii-plafonului-de-garantare-la-limitarea-veniturilor_db\/\"]}]},{\"@type\":\"ImageObject\",\"inLanguage\":\"en\",\"@id\":\"https:\/\/www.imobiliare.ro\/imoexpert\/metamorfoza-primei-case-de-la-posibilitatea-ridicarii-plafonului-de-garantare-la-limitarea-veniturilor_db\/#primaryimage\",\"url\":\"https:\/\/www.imobiliare.ro\/imoexpert\/wp-content\/uploads\/2019\/09\/metamorfoza-primei-case-de-la-posibilitatea-ridicarii-plafonului-de-garantare-la-limitarea-veniturilor.jpg\",\"contentUrl\":\"https:\/\/www.imobiliare.ro\/imoexpert\/wp-content\/uploads\/2019\/09\/metamorfoza-primei-case-de-la-posibilitatea-ridicarii-plafonului-de-garantare-la-limitarea-veniturilor.jpg\",\"width\":800,\"height\":533,\"caption\":\"\u00cen noua variant\u0103 a programului, pre\u021bul maximum de achizi\u021bie a unei locuin\u021be va fi de 70.000 de euro\"},{\"@type\":\"BreadcrumbList\",\"@id\":\"https:\/\/www.imobiliare.ro\/imoexpert\/metamorfoza-primei-case-de-la-posibilitatea-ridicarii-plafonului-de-garantare-la-limitarea-veniturilor_db\/#breadcrumb\",\"itemListElement\":[{\"@type\":\"ListItem\",\"position\":1,\"name\":\"Imoradar24\",\"item\":\"https:\/\/www.imoradar24.ro\"},{\"@type\":\"ListItem\",\"position\":2,\"name\":\"ImoExpert\",\"item\":\"https:\/\/www.imobiliare.ro\/imoexpert\/\"},{\"@type\":\"ListItem\",\"position\":3,\"name\":\"Sfaturi\",\"item\":\"https:\/\/www.imobiliare.ro\/imoexpert\/ghid-imobiliar\/\"},{\"@type\":\"ListItem\",\"position\":4,\"name\":\"Credite\",\"item\":\"https:\/\/www.imobiliare.ro\/imoexpert\/ghid-imobiliar\/credite\/\"},{\"@type\":\"ListItem\",\"position\":5,\"name\":\"\u201eMetamorfoza\u201d Primei Case: de la posibilitatea ridic\u0103rii plafonului de garantare, la limitarea veniturilor\"}]},{\"@type\":\"WebSite\",\"@id\":\"https:\/\/www.imobiliare.ro\/imoexpert\/#website\",\"url\":\"https:\/\/www.imobiliare.ro\/imoexpert\/\",\"name\":\"ImoExpert\",\"description\":\"cele mai importante \u015ftiri din domeniul imobiliar\",\"publisher\":{\"@id\":\"https:\/\/www.imobiliare.ro\/imoexpert\/#organization\"},\"inLanguage\":\"en\"},{\"@type\":\"Organization\",\"@id\":\"https:\/\/www.imobiliare.ro\/imoexpert\/#organization\",\"name\":\"Imobiliare.ro\",\"alternateName\":\"Realmedia Network SA\",\"url\":\"https:\/\/www.imobiliare.ro\/imoexpert\/\",\"logo\":{\"@type\":\"ImageObject\",\"inLanguage\":\"en\",\"@id\":\"https:\/\/www.imobiliare.ro\/imoexpert\/#\/schema\/logo\/image\/\",\"url\":\"https:\/\/www.imobiliare.ro\/imoexpert\/wp-content\/uploads\/2025\/05\/imobiliare_logo.png\",\"contentUrl\":\"https:\/\/www.imobiliare.ro\/imoexpert\/wp-content\/uploads\/2025\/05\/imobiliare_logo.png\",\"width\":237,\"height\":29,\"caption\":\"Imobiliare.ro\"},\"image\":{\"@id\":\"https:\/\/www.imobiliare.ro\/imoexpert\/#\/schema\/logo\/image\/\"}},{\"@type\":\"Person\",\"@id\":\"https:\/\/www.imobiliare.ro\/imoexpert\/#\/schema\/person\/8c13b0297075010b896471fabf0d7790\",\"name\":\"Adriana Dr\u0103gu\u0219in\",\"image\":{\"@type\":\"ImageObject\",\"inLanguage\":\"en\",\"@id\":\"https:\/\/www.imobiliare.ro\/imoexpert\/#\/schema\/person\/image\/\",\"url\":\"https:\/\/secure.gravatar.com\/avatar\/ba4762f7517e50e679ed7f11207102d1150120f2f5800c0da98f8a15305bf514?s=96&d=mm&r=g\",\"contentUrl\":\"https:\/\/secure.gravatar.com\/avatar\/ba4762f7517e50e679ed7f11207102d1150120f2f5800c0da98f8a15305bf514?s=96&d=mm&r=g\",\"caption\":\"Adriana Dr\u0103gu\u0219in\"},\"jobTitle\":\"Editor\",\"url\":\"https:\/\/www.imobiliare.ro\/imoexpert\/author\/adriana-dragusin\/\"}]}<\/script>\n<!-- \/ Yoast SEO Premium plugin. -->","yoast_head_json":{"title":"\u201eMetamorfoza\u201d Primei Case: de la posibilitatea ridic\u0103rii plafonului de garantare, la limitarea veniturilor - Credite, \u0218tiri - ImoExpert","description":"Reprezentan\u021bii unei asocia\u021bii a dezvoltatorilor imobiliari consider\u0103 c\u0103 modific\u0103rile aduse programului eludeaz\u0103 chiar m\u0103sura care ar fi avut cel mai mare","robots":{"index":"index","follow":"follow"},"canonical":"https:\/\/www.imobiliare.ro\/imoexpert\/metamorfoza-primei-case-de-la-posibilitatea-ridicarii-plafonului-de-garantare-la-limitarea-veniturilor_db\/","og_locale":"ro_RO","og_type":"article","og_title":"\u201eMetamorfoza\u201d Primei Case: de la posibilitatea ridic\u0103rii plafonului de garantare, la limitarea veniturilor","og_description":"Reprezentan\u021bii unei asocia\u021bii a dezvoltatorilor imobiliari consider\u0103 c\u0103 modific\u0103rile aduse programului eludeaz\u0103 chiar m\u0103sura care ar fi avut cel mai mare","og_url":"https:\/\/www.imobiliare.ro\/imoexpert\/metamorfoza-primei-case-de-la-posibilitatea-ridicarii-plafonului-de-garantare-la-limitarea-veniturilor_db\/","og_site_name":"ImoExpert","article_published_time":"2019-09-24T14:30:33+00:00","og_image":[{"width":800,"height":533,"url":"https:\/\/www.imobiliare.ro\/imoexpert\/wp-content\/uploads\/2019\/09\/metamorfoza-primei-case-de-la-posibilitatea-ridicarii-plafonului-de-garantare-la-limitarea-veniturilor.jpg","type":"image\/jpeg"}],"author":"Adriana Dr\u0103gu\u0219in","twitter_card":"summary_large_image","twitter_misc":{"Written by":"Adriana Dr\u0103gu\u0219in","Est. reading time":"7 minute"},"schema":{"@context":"https:\/\/schema.org","@graph":[{"@type":"Article","@id":"https:\/\/www.imobiliare.ro\/imoexpert\/metamorfoza-primei-case-de-la-posibilitatea-ridicarii-plafonului-de-garantare-la-limitarea-veniturilor_db\/#article","isPartOf":{"@id":"https:\/\/www.imobiliare.ro\/imoexpert\/metamorfoza-primei-case-de-la-posibilitatea-ridicarii-plafonului-de-garantare-la-limitarea-veniturilor_db\/"},"author":{"name":"Adriana Dr\u0103gu\u0219in","@id":"https:\/\/www.imobiliare.ro\/imoexpert\/#\/schema\/person\/8c13b0297075010b896471fabf0d7790"},"headline":"\u201eMetamorfoza\u201d Primei Case: de la posibilitatea ridic\u0103rii plafonului de garantare, la limitarea veniturilor","datePublished":"2019-09-24T14:30:33+00:00","mainEntityOfPage":{"@id":"https:\/\/www.imobiliare.ro\/imoexpert\/metamorfoza-primei-case-de-la-posibilitatea-ridicarii-plafonului-de-garantare-la-limitarea-veniturilor_db\/"},"wordCount":1365,"commentCount":4,"publisher":{"@id":"https:\/\/www.imobiliare.ro\/imoexpert\/#organization"},"image":{"@id":"https:\/\/www.imobiliare.ro\/imoexpert\/metamorfoza-primei-case-de-la-posibilitatea-ridicarii-plafonului-de-garantare-la-limitarea-veniturilor_db\/#primaryimage"},"thumbnailUrl":"https:\/\/www.imobiliare.ro\/imoexpert\/wp-content\/uploads\/2019\/09\/metamorfoza-primei-case-de-la-posibilitatea-ridicarii-plafonului-de-garantare-la-limitarea-veniturilor.jpg","keywords":["cumparator","newsletter","O familie o cas\u0103","Prima Cas\u0103","principal"],"articleSection":["Credite","\u0218tiri"],"inLanguage":"en","potentialAction":[{"@type":"CommentAction","name":"Comment","target":["https:\/\/www.imobiliare.ro\/imoexpert\/metamorfoza-primei-case-de-la-posibilitatea-ridicarii-plafonului-de-garantare-la-limitarea-veniturilor_db\/#respond"]}],"copyrightYear":"2019","copyrightHolder":{"@id":"https:\/\/www.imobiliare.ro\/imoexpert\/#organization"}},{"@type":"WebPage","@id":"https:\/\/www.imobiliare.ro\/imoexpert\/metamorfoza-primei-case-de-la-posibilitatea-ridicarii-plafonului-de-garantare-la-limitarea-veniturilor_db\/","url":"https:\/\/www.imobiliare.ro\/imoexpert\/metamorfoza-primei-case-de-la-posibilitatea-ridicarii-plafonului-de-garantare-la-limitarea-veniturilor_db\/","name":"\u201eMetamorfoza\u201d Primei Case: de la posibilitatea ridic\u0103rii plafonului de garantare, la limitarea veniturilor - Credite, \u0218tiri - ImoExpert","isPartOf":{"@id":"https:\/\/www.imobiliare.ro\/imoexpert\/#website"},"primaryImageOfPage":{"@id":"https:\/\/www.imobiliare.ro\/imoexpert\/metamorfoza-primei-case-de-la-posibilitatea-ridicarii-plafonului-de-garantare-la-limitarea-veniturilor_db\/#primaryimage"},"image":{"@id":"https:\/\/www.imobiliare.ro\/imoexpert\/metamorfoza-primei-case-de-la-posibilitatea-ridicarii-plafonului-de-garantare-la-limitarea-veniturilor_db\/#primaryimage"},"thumbnailUrl":"https:\/\/www.imobiliare.ro\/imoexpert\/wp-content\/uploads\/2019\/09\/metamorfoza-primei-case-de-la-posibilitatea-ridicarii-plafonului-de-garantare-la-limitarea-veniturilor.jpg","datePublished":"2019-09-24T14:30:33+00:00","description":"Reprezentan\u021bii unei asocia\u021bii a dezvoltatorilor imobiliari consider\u0103 c\u0103 modific\u0103rile aduse programului eludeaz\u0103 chiar m\u0103sura care ar fi avut cel mai mare","breadcrumb":{"@id":"https:\/\/www.imobiliare.ro\/imoexpert\/metamorfoza-primei-case-de-la-posibilitatea-ridicarii-plafonului-de-garantare-la-limitarea-veniturilor_db\/#breadcrumb"},"inLanguage":"en","potentialAction":[{"@type":"ReadAction","target":["https:\/\/www.imobiliare.ro\/imoexpert\/metamorfoza-primei-case-de-la-posibilitatea-ridicarii-plafonului-de-garantare-la-limitarea-veniturilor_db\/"]}]},{"@type":"ImageObject","inLanguage":"en","@id":"https:\/\/www.imobiliare.ro\/imoexpert\/metamorfoza-primei-case-de-la-posibilitatea-ridicarii-plafonului-de-garantare-la-limitarea-veniturilor_db\/#primaryimage","url":"https:\/\/www.imobiliare.ro\/imoexpert\/wp-content\/uploads\/2019\/09\/metamorfoza-primei-case-de-la-posibilitatea-ridicarii-plafonului-de-garantare-la-limitarea-veniturilor.jpg","contentUrl":"https:\/\/www.imobiliare.ro\/imoexpert\/wp-content\/uploads\/2019\/09\/metamorfoza-primei-case-de-la-posibilitatea-ridicarii-plafonului-de-garantare-la-limitarea-veniturilor.jpg","width":800,"height":533,"caption":"\u00cen noua variant\u0103 a programului, pre\u021bul maximum de achizi\u021bie a unei locuin\u021be va fi de 70.000 de euro"},{"@type":"BreadcrumbList","@id":"https:\/\/www.imobiliare.ro\/imoexpert\/metamorfoza-primei-case-de-la-posibilitatea-ridicarii-plafonului-de-garantare-la-limitarea-veniturilor_db\/#breadcrumb","itemListElement":[{"@type":"ListItem","position":1,"name":"Imoradar24","item":"https:\/\/www.imoradar24.ro"},{"@type":"ListItem","position":2,"name":"ImoExpert","item":"https:\/\/www.imobiliare.ro\/imoexpert\/"},{"@type":"ListItem","position":3,"name":"Sfaturi","item":"https:\/\/www.imobiliare.ro\/imoexpert\/ghid-imobiliar\/"},{"@type":"ListItem","position":4,"name":"Credite","item":"https:\/\/www.imobiliare.ro\/imoexpert\/ghid-imobiliar\/credite\/"},{"@type":"ListItem","position":5,"name":"\u201eMetamorfoza\u201d Primei Case: de la posibilitatea ridic\u0103rii plafonului de garantare, la limitarea veniturilor"}]},{"@type":"WebSite","@id":"https:\/\/www.imobiliare.ro\/imoexpert\/#website","url":"https:\/\/www.imobiliare.ro\/imoexpert\/","name":"ImoExpert","description":"cele mai importante \u015ftiri din domeniul imobiliar","publisher":{"@id":"https:\/\/www.imobiliare.ro\/imoexpert\/#organization"},"inLanguage":"en"},{"@type":"Organization","@id":"https:\/\/www.imobiliare.ro\/imoexpert\/#organization","name":"Imobiliare.ro","alternateName":"Realmedia Network SA","url":"https:\/\/www.imobiliare.ro\/imoexpert\/","logo":{"@type":"ImageObject","inLanguage":"en","@id":"https:\/\/www.imobiliare.ro\/imoexpert\/#\/schema\/logo\/image\/","url":"https:\/\/www.imobiliare.ro\/imoexpert\/wp-content\/uploads\/2025\/05\/imobiliare_logo.png","contentUrl":"https:\/\/www.imobiliare.ro\/imoexpert\/wp-content\/uploads\/2025\/05\/imobiliare_logo.png","width":237,"height":29,"caption":"Imobiliare.ro"},"image":{"@id":"https:\/\/www.imobiliare.ro\/imoexpert\/#\/schema\/logo\/image\/"}},{"@type":"Person","@id":"https:\/\/www.imobiliare.ro\/imoexpert\/#\/schema\/person\/8c13b0297075010b896471fabf0d7790","name":"Adriana Dr\u0103gu\u0219in","image":{"@type":"ImageObject","inLanguage":"en","@id":"https:\/\/www.imobiliare.ro\/imoexpert\/#\/schema\/person\/image\/","url":"https:\/\/secure.gravatar.com\/avatar\/ba4762f7517e50e679ed7f11207102d1150120f2f5800c0da98f8a15305bf514?s=96&d=mm&r=g","contentUrl":"https:\/\/secure.gravatar.com\/avatar\/ba4762f7517e50e679ed7f11207102d1150120f2f5800c0da98f8a15305bf514?s=96&d=mm&r=g","caption":"Adriana Dr\u0103gu\u0219in"},"jobTitle":"Editor","url":"https:\/\/www.imobiliare.ro\/imoexpert\/author\/adriana-dragusin\/"}]}},"_links":{"self":[{"href":"https:\/\/www.imobiliare.ro\/imoexpert\/wp-json\/wp\/v2\/posts\/56303","targetHints":{"allow":["GET"]}}],"collection":[{"href":"https:\/\/www.imobiliare.ro\/imoexpert\/wp-json\/wp\/v2\/posts"}],"about":[{"href":"https:\/\/www.imobiliare.ro\/imoexpert\/wp-json\/wp\/v2\/types\/post"}],"author":[{"embeddable":true,"href":"https:\/\/www.imobiliare.ro\/imoexpert\/wp-json\/wp\/v2\/users\/829"}],"replies":[{"embeddable":true,"href":"https:\/\/www.imobiliare.ro\/imoexpert\/wp-json\/wp\/v2\/comments?post=56303"}],"version-history":[{"count":0,"href":"https:\/\/www.imobiliare.ro\/imoexpert\/wp-json\/wp\/v2\/posts\/56303\/revisions"}],"wp:featuredmedia":[{"embeddable":true,"href":"https:\/\/www.imobiliare.ro\/imoexpert\/wp-json\/wp\/v2\/media\/56304"}],"wp:attachment":[{"href":"https:\/\/www.imobiliare.ro\/imoexpert\/wp-json\/wp\/v2\/media?parent=56303"}],"wp:term":[{"taxonomy":"category","embeddable":true,"href":"https:\/\/www.imobiliare.ro\/imoexpert\/wp-json\/wp\/v2\/categories?post=56303"},{"taxonomy":"post_tag","embeddable":true,"href":"https:\/\/www.imobiliare.ro\/imoexpert\/wp-json\/wp\/v2\/tags?post=56303"},{"taxonomy":"content_author","embeddable":true,"href":"https:\/\/www.imobiliare.ro\/imoexpert\/wp-json\/wp\/v2\/content_author?post=56303"}],"curies":[{"name":"wp","href":"https:\/\/api.w.org\/{rel}","templated":true}]}}