{"id":56386,"date":"2019-10-01T17:48:38","date_gmt":"2019-10-01T14:48:38","guid":{"rendered":"https:\/\/www.imobiliare.ro\/imoexpert\/?p=56386"},"modified":"2019-10-01T17:48:38","modified_gmt":"2019-10-01T14:48:38","slug":"vrei-un-apartament-cu-mai-mult-de-doua-camere-vei-fi-probabil-afectat-de-noul-program-o-familie-o-casa","status":"publish","type":"post","link":"https:\/\/www.imobiliare.ro\/imoexpert\/vrei-un-apartament-cu-mai-mult-de-doua-camere-vei-fi-probabil-afectat-de-noul-program-o-familie-o-casa_db\/","title":{"rendered":"Vrei un apartament cu mai mult de dou\u0103 camere? Vei fi, probabil, afectat de noul program \u201eO familie, o cas\u0103\u201d"},"content":{"rendered":"<figure id=\"attachment_56387\" aria-describedby=\"caption-attachment-56387\" style=\"width: 800px\" class=\"wp-caption aligncenter\"><a class=\"article-body-links\"href=\"https:\/\/www.imobiliare.ro\/imoexpert\/wp-content\/uploads\/2019\/10\/vrei-un-apartament-cu-mai-mult-de-doua-camere-vei-fi-probabil-afectat-de-noul-program-o-familie-o-casa.jpg\"><img loading=\"lazy\" decoding=\"async\" src=\"https:\/\/www.imobiliare.ro\/imoexpert\/wp-content\/uploads\/2019\/10\/vrei-un-apartament-cu-mai-mult-de-doua-camere-vei-fi-probabil-afectat-de-noul-program-o-familie-o-casa.jpg\" alt=\"\" width=\"800\" height=\"600\" class=\"size-full wp-image-56387\" srcset=\"https:\/\/www.imobiliare.ro\/imoexpert\/wp-content\/uploads\/2019\/10\/vrei-un-apartament-cu-mai-mult-de-doua-camere-vei-fi-probabil-afectat-de-noul-program-o-familie-o-casa.jpg 800w, https:\/\/www.imobiliare.ro\/imoexpert\/wp-content\/uploads\/2019\/10\/vrei-un-apartament-cu-mai-mult-de-doua-camere-vei-fi-probabil-afectat-de-noul-program-o-familie-o-casa-300x225.jpg 300w, https:\/\/www.imobiliare.ro\/imoexpert\/wp-content\/uploads\/2019\/10\/vrei-un-apartament-cu-mai-mult-de-doua-camere-vei-fi-probabil-afectat-de-noul-program-o-familie-o-casa-768x576.jpg 768w\" sizes=\"auto, (max-width: 800px) 100vw, 800px\" \/><\/a><figcaption id=\"caption-attachment-56387\" class=\"wp-caption-text\">De\u0219i \u0219i-ar dori apartamente mai mai mari, mul\u021bi rom\u00e2ni ajung, din cauza dificult\u0103\u021bilor de finan\u021bare, s\u0103 se mul\u021bumeasc\u0103 cu mai pu\u021bin<\/figcaption><\/figure>\n<div id=\"ez-toc-container\" class=\"ez-toc-v2_0_81 counter-hierarchy ez-toc-counter ez-toc-grey ez-toc-container-direction\">\n<p class=\"ez-toc-title\" style=\"cursor:inherit\">Table of Contents<\/p>\n<label for=\"ez-toc-cssicon-toggle-item-69ec6e070062e\" class=\"ez-toc-cssicon-toggle-label\"><span class=\"ez-toc-cssicon\"><span class=\"eztoc-hide\" style=\"display:none;\">Toggle<\/span><span class=\"ez-toc-icon-toggle-span\"><svg style=\"fill: #999;color:#999\" xmlns=\"http:\/\/www.w3.org\/2000\/svg\" class=\"list-377408\" width=\"20px\" height=\"20px\" viewBox=\"0 0 24 24\" fill=\"none\"><path d=\"M6 6H4v2h2V6zm14 0H8v2h12V6zM4 11h2v2H4v-2zm16 0H8v2h12v-2zM4 16h2v2H4v-2zm16 0H8v2h12v-2z\" fill=\"currentColor\"><\/path><\/svg><svg style=\"fill: #999;color:#999\" class=\"arrow-unsorted-368013\" xmlns=\"http:\/\/www.w3.org\/2000\/svg\" width=\"10px\" height=\"10px\" viewBox=\"0 0 24 24\" version=\"1.2\" baseProfile=\"tiny\"><path d=\"M18.2 9.3l-6.2-6.3-6.2 6.3c-.2.2-.3.4-.3.7s.1.5.3.7c.2.2.4.3.7.3h11c.3 0 .5-.1.7-.3.2-.2.3-.5.3-.7s-.1-.5-.3-.7zM5.8 14.7l6.2 6.3 6.2-6.3c.2-.2.3-.5.3-.7s-.1-.5-.3-.7c-.2-.2-.4-.3-.7-.3h-11c-.3 0-.5.1-.7.3-.2.2-.3.5-.3.7s.1.5.3.7z\"\/><\/svg><\/span><\/span><\/label><input type=\"checkbox\"  id=\"ez-toc-cssicon-toggle-item-69ec6e070062e\"  aria-label=\"Toggle\" \/><nav><ul class='ez-toc-list ez-toc-list-level-1 ' ><li class='ez-toc-page-1 ez-toc-heading-level-2'><a class=\"ez-toc-link ez-toc-heading-1\" href=\"https:\/\/www.imobiliare.ro\/imoexpert\/vrei-un-apartament-cu-mai-mult-de-doua-camere-vei-fi-probabil-afectat-de-noul-program-o-familie-o-casa_db\/#Pragul_de_pret_de_70000_de_euro_va_limita_mult_paleta_de_optiuni_a_cumparatorilor_care_isi_doresc_locuinte_noi_mai_spatioase_in_marile_orase\" >Pragul de pre\u021b de 70.000 de euro va limita mult paleta de op\u021biuni a cump\u0103r\u0103torilor care \u00ee\u0219i doresc locuin\u021be noi mai spa\u021bioase \u00een marile ora\u0219e.<\/a><\/li><li class='ez-toc-page-1 ez-toc-heading-level-2'><a class=\"ez-toc-link ez-toc-heading-2\" href=\"https:\/\/www.imobiliare.ro\/imoexpert\/vrei-un-apartament-cu-mai-mult-de-doua-camere-vei-fi-probabil-afectat-de-noul-program-o-familie-o-casa_db\/#Apartamentele_cu_trei_camere_vor_fi_si_mai_greu_accesibile\" >Apartamentele cu trei camere vor fi \u0219i mai greu accesibile<\/a><\/li><li class='ez-toc-page-1 ez-toc-heading-level-2'><a class=\"ez-toc-link ez-toc-heading-3\" href=\"https:\/\/www.imobiliare.ro\/imoexpert\/vrei-un-apartament-cu-mai-mult-de-doua-camere-vei-fi-probabil-afectat-de-noul-program-o-familie-o-casa_db\/#O_deconectare_intre_scop_si_solutiile_propuse\" >O deconectare \u00eentre scop \u0219i solu\u021biile propuse<\/a><\/li><li class='ez-toc-page-1 ez-toc-heading-level-2'><a class=\"ez-toc-link ez-toc-heading-4\" href=\"https:\/\/www.imobiliare.ro\/imoexpert\/vrei-un-apartament-cu-mai-mult-de-doua-camere-vei-fi-probabil-afectat-de-noul-program-o-familie-o-casa_db\/#Predictibilitatea_o_nevoie_importanta_a_pietei\" >Predictibilitatea, o nevoie important\u0103 a pie\u021bei<\/a><\/li><\/ul><\/nav><\/div>\n<h2><span class=\"ez-toc-section\" id=\"Pragul_de_pret_de_70000_de_euro_va_limita_mult_paleta_de_optiuni_a_cumparatorilor_care_isi_doresc_locuinte_noi_mai_spatioase_in_marile_orase\"><\/span>Pragul de pre\u021b de 70.000 de euro va limita mult paleta de op\u021biuni a cump\u0103r\u0103torilor care \u00ee\u0219i doresc locuin\u021be noi mai spa\u021bioase \u00een marile ora\u0219e.<span class=\"ez-toc-section-end\"><\/span><\/h2>\n<p>\u00cen cadrul <strong><a class=\"article-body-links\"href=\"https:\/\/www.imobiliare.ro\/imoexpert\/imoexpert-prima-editie-razvan-ionescu_db\/\">primei emisiuni imoExpert<\/a><\/strong> realizate de <strong><a class=\"article-body-links\"href=\"https:\/\/www.imobiliare.ro\/\">Imobiliare.ro<\/a><\/strong>, R\u0103zvan Ionescu, director de marketing al Impact Developer &#038; Contractor, a discutat despre provoc\u0103rile aduse de noul program \u201eO familie, o cas\u0103\u201d, care ar trebui s\u0103 \u00eenlocuiasc\u0103 Prima Cas\u0103. \u00cen opinia sa, cea mai semnificativ\u0103 schimbare adus\u0103 de proiectul legislativ ini\u021biat de ministrul Finan\u021belor, Eugen Teodorovici, const\u0103 nu at\u00e2t \u00een limitarea veniturilor poten\u021bialilor beneficiari, ci \u00een impunerea unui prag maxim de pre\u021b pentru propriet\u0103\u021bile ce pot fi achizi\u021bionate de c\u0103tre ace\u0219tia. <\/p>\n<p>O asemenea m\u0103sur\u0103 va elimina, practic, din paleta de op\u021biuni a cump\u0103r\u0103torilor din marile ora\u0219e, majoritatea locuin\u021belor noi. \u201eUna dintre marile restric\u021bii, cel pu\u021bin pentru marile ora\u0219e, este pre\u021bul maxim. Dac\u0103 \u00een cazul unei familii cu un venit de 7.000 de lei exist\u0103 posibilitatea finan\u021b\u0103rii unor apartamente cu trei camere poate peste acest prag, limitarea la pre\u021b maxim practic scoate din aria de eligibilitate majoritatea proiectelor reziden\u021biale noi din Bucure\u0219ti. Foarte pu\u021bine proiecte se vor califica \u0219i nu vorbim doar de Bucure\u0219ti, probabil c\u0103 \u0219i de alte mari ora\u0219e din \u021bar\u0103 (vorbim de Cluj \u0219i Constan\u021ba, Ia\u0219i, Timi\u0219oara)\u201d, explic\u0103 R\u0103zvan Ionescu. Exist\u0103, desigur, posibilitatea ca Guvernul s\u0103 aib\u0103 \u00een vedere tocmai canalizarea fondurilor alocate programului c\u0103tre ora\u0219ele mici \u0219i c\u0103tre p\u0103turile sociale cu venituri foarte mici.<\/p>\n<p><strong><a class=\"article-body-links\"href=\"https:\/\/www.imobiliare.ro\/imoexpert\/imoexpert-prima-editie-razvan-ionescu_db\/\">Aici<\/a> po\u021bi viziona integral prima emisiune imoExpert!<\/strong><\/p>\n<h2><span class=\"ez-toc-section\" id=\"Apartamentele_cu_trei_camere_vor_fi_si_mai_greu_accesibile\"><\/span>Apartamentele cu trei camere vor fi \u0219i mai greu accesibile<span class=\"ez-toc-section-end\"><\/span><\/h2>\n<p>Impunerea unui prag maxim de pre\u021b pentru locuin\u021bele eligibile s\u0103 fie achizi\u021bionate cu ajutor de la stat vine, de fapt, s\u0103 acutizeze o problem\u0103 pe care dezvoltatorii o resim\u021beau deja: faptul c\u0103 majoritatea locuin\u021belor cu mai mult de dou\u0103 camere, dezvoltate \u00een marile ora\u0219e dup\u0103 perioada de recesiune, nu se (mai) \u00eencadrau \u00een plafonul de garantare impus de c\u0103tre stat. \u201eProiectul nostru (<strong><a class=\"article-body-links\"href=\"https:\/\/www.imobiliare.ro\/ansambluri-rezidentiale\/bucuresti\/greenfield-residence-bucuresti-125\">Greenfield Residence<\/a><\/strong>, n.red.) s-a pretat acestui program (Prima Cas\u0103, n.red.), \u00eens\u0103 \u00een ultimii ani interesul a sc\u0103zut, odat\u0103 cu orientarea noastr\u0103 c\u0103tre apartamente mai mari, apartamente cu trei camere, care au ie\u0219it treptat din vizorul celor care urm\u0103reau o finan\u021bare integral\u0103 prin Prima Cas\u0103. Practic, doar apartamentele cu dou\u0103 camere s-au mai calificat \u00een 2018, iar \u00een noul program se pare c\u0103 nici acestea nu se vor mai califica, ca urmare a acelui prag de pre\u021b maxim\u201d, arat\u0103 Ionescu.<\/p>\n<p>Acesta este motivul pentru care o asocia\u021bie a dezvoltatorilor imobiliari ar fi dorit, de fapt, ridicarea plafonului de finan\u021bare pentru Prima Cas\u0103 la 450.000 de lei \u2013 \u0219i nicidecum o impunere a unui prag de pre\u021b. <strong>Cite\u0219te mai mult <a class=\"article-body-links\"href=\"https:\/\/www.imobiliare.ro\/imoexpert\/metamorfoza-primei-case-de-la-posibilitatea-ridicarii-plafonului-de-garantare-la-limitarea-veniturilor_db\/\">aici<\/a>!<\/strong><\/p>\n<h2><span class=\"ez-toc-section\" id=\"O_deconectare_intre_scop_si_solutiile_propuse\"><\/span>O deconectare \u00eentre scop \u0219i solu\u021biile propuse<span class=\"ez-toc-section-end\"><\/span><\/h2>\n<p>\u00cen opinia oficialului Impact, un program care s\u0103 continue Prima Cas\u0103 este, cu siguran\u021b\u0103, de ajutor, iar inten\u021bia legiuitorului de a ajuta familiile tinere, cu copii, este una bun\u0103, pentru c\u0103, probabil, acolo este cea mai mare nevoie de sprijin \u2013 la familiile care \u00eencep s\u0103 aib\u0103 copii \u0219i nu au resursele necesare pentru a-\u0219i cump\u0103ra un apartament mai mare. \u201eProblema pe care o v\u0103d este, practic, aceast\u0103 deconectare \u00eentre scopul programului de a ajuta familiile cu copii \u0219i tipul de apartamente care se finan\u021beaz\u0103, pentru c\u0103 dac\u0103 vorbim de 70.000 de euro plafon maxim, probabil c\u0103 apartamentele care se vor \u00eencadra \u00een acest plafon \u00een marile ora\u0219e sunt apartamentele cu dou\u0103 camere \u0219i garsonierele. \u00cens\u0103, dac\u0103 vrem s\u0103 stimul\u0103m familiile cu copii, nu cred c\u0103 asta ne dorim \u2013 s\u0103 locuiasc\u0103 \u00een garsoniere sau \u00een apartamente cu un singur dormitor. S\u0103 acord\u0103m \u0219ansa acestor familii de a avea un start\u201d, puncteaz\u0103 acesta. <\/p>\n<p>\u201eA\u0219 spune c\u0103 exist\u0103 loc de \u00eembun\u0103t\u0103\u021bire, n-a\u0219 spune c\u0103 mi\u0219carea este gre\u0219it\u0103. Ar trebui s\u0103 g\u00e2ndim mai mult modul \u00een care se interconecteaz\u0103 m\u0103surile \u00eentre ele: plafoanele, inten\u021bia. Noi vedem o nevoie din ce \u00een ce mai mare pe zona de apartamente cu trei camere pentru familii. \u00cen acela\u0219i timp, vedem \u0219i o tendin\u021b\u0103, care chiar se accentueaz\u0103 \u00een ultimii doi-trei ani, de focalizare a cererii pe dou\u0103 camere: de\u0219i nevoia vine pe trei camere, \u00een momentul \u00een care oamenii se uit\u0103 ce-\u0219i permit s\u0103 ia, care sunt pre\u021burile \u00een pia\u021b\u0103, se duc \u0219i fac acest compromis pe dou\u0103 camere.\u201d<\/p>\n<p><strong>Cite\u0219te \u0219i: <a class=\"article-body-links\"href=\"https:\/\/www.imobiliare.ro\/imoexpert\/imobiliare-ro-lanseaza-prima-emisiune-imoexpert-despre-evolutia-preturilor-si-eventualitatea-unei-crize_db\/\">Imobiliare.ro lanseaz\u0103 prima emisiune imoExpert: Despre evolu\u021bia pre\u021burilor \u0219i eventualitatea unei crize<\/a><\/strong><\/p>\n<h2><span class=\"ez-toc-section\" id=\"Predictibilitatea_o_nevoie_importanta_a_pietei\"><\/span>Predictibilitatea, o nevoie important\u0103 a pie\u021bei<span class=\"ez-toc-section-end\"><\/span><\/h2>\n<p>R\u0103zvan Ionescu estimeaz\u0103 c\u0103 impunerea unui plafon maxim de pre\u021b pentru finan\u021b\u0103rile cogarantate de c\u0103tre stat va duce, \u00een primul r\u00e2nd, la o restr\u00e2ngere a v\u00e2nz\u0103rilor prin programul guvernamental at\u00e2t \u00een marile ora\u0219e, c\u00e2t \u0219i per ansamblu (av\u00e2nd \u00een vedere c\u0103 multe dintre achizi\u021biile prin Prima Cas\u0103 au loc \u00een marile centre regionale).<\/p>\n<p>\u00cen opinia sa, c\u00e2nd vine vorba despre un asemenea program guvernamental, predictibilitatea este foarte important\u0103 pentru pia\u021b\u0103. Asta pentru c\u0103, din momentul \u00een care structurezi un program, p\u00e2n\u0103 ca pia\u021ba s\u0103 r\u0103spund\u0103 la el, dureaz\u0103 aproximativ trei ani \u2013 pentru c\u0103 dezvoltarea unor produse care s\u0103 r\u0103spund\u0103 concret unui anumit set de cerin\u021be  necesit\u0103 timp. \u201eNoi, la momentul acesta, nu cred c\u0103 avem acest grad de predictibilitate. De aceea cred c\u0103 unul dintre lucrurile la care at\u00e2t Guvernul, c\u00e2t \u0219i legislativul ar trebui s\u0103 se concentreze este crearea unui cadru care s\u0103 asigure o predictibilitate cel pu\u021bin pe cinci ani a acestui program. Pentru c\u0103 solu\u021bii sunt, exist\u0103 poten\u021bialul de a veni cu proiecte dedicate \u2013 evident din ce \u00een ce mai greu, dac\u0103 venim cu aceste plafoane\u201d, subliniaz\u0103 Ionescu. <\/p>\n","protected":false},"excerpt":{"rendered":"<p>Pragul de pre\u021b de 70.000 de euro va limita mult paleta de op\u021biuni a cump\u0103r\u0103torilor care \u00ee\u0219i doresc locuin\u021be noi mai spa\u021bioase \u00een marile ora\u0219e. \u00cen cadrul primei emisiuni imoExpert realizate de Imobiliare.ro, R\u0103zvan Ionescu, director de marketing al Impact Developer &#038; Contractor, a discutat despre provoc\u0103rile aduse de noul program \u201eO familie, o cas\u0103\u201d, [&hellip;]<\/p>\n","protected":false},"author":829,"featured_media":56387,"comment_status":"open","ping_status":"open","sticky":false,"template":"","format":"standard","meta":{"footnotes":""},"categories":[259],"tags":[333,480,1410,1548,1411],"content_author":[],"class_list":["post-56386","post","type-post","status-publish","format-standard","has-post-thumbnail","hentry","category-stiri","tag-ansambluri-rezidentiale","tag-cumparator","tag-newsletter","tag-prima-casa","tag-principal"],"yoast_head":"<!-- This site is optimized with the Yoast SEO Premium plugin v27.0 (Yoast SEO v27.0) - https:\/\/yoast.com\/product\/yoast-seo-premium-wordpress\/ -->\n<title>Vrei un apartament cu mai mult de dou\u0103 camere? Vei fi, probabil, afectat de noul program \u201eO familie, o cas\u0103\u201d - \u0218tiri - ImoExpert<\/title>\n<meta name=\"description\" content=\"Pragul de pre\u021b de 70.000 de euro va limita mult paleta de op\u021biuni a cump\u0103r\u0103torilor care \u00ee\u0219i doresc locuin\u021be noi mai spa\u021bioase \u00een marile ora\u0219e. \u00cen cadrul\" \/>\n<meta name=\"robots\" content=\"index, follow\" \/>\n<link rel=\"canonical\" href=\"https:\/\/www.imobiliare.ro\/imoexpert\/vrei-un-apartament-cu-mai-mult-de-doua-camere-vei-fi-probabil-afectat-de-noul-program-o-familie-o-casa_db\/\" \/>\n<meta property=\"og:locale\" content=\"ro_RO\" \/>\n<meta property=\"og:type\" content=\"article\" \/>\n<meta property=\"og:title\" content=\"Vrei un apartament cu mai mult de dou\u0103 camere? Vei fi, probabil, afectat de noul program \u201eO familie, o cas\u0103\u201d\" \/>\n<meta property=\"og:description\" content=\"Pragul de pre\u021b de 70.000 de euro va limita mult paleta de op\u021biuni a cump\u0103r\u0103torilor care \u00ee\u0219i doresc locuin\u021be noi mai spa\u021bioase \u00een marile ora\u0219e. \u00cen cadrul\" \/>\n<meta property=\"og:url\" content=\"https:\/\/www.imobiliare.ro\/imoexpert\/vrei-un-apartament-cu-mai-mult-de-doua-camere-vei-fi-probabil-afectat-de-noul-program-o-familie-o-casa_db\/\" \/>\n<meta property=\"og:site_name\" content=\"ImoExpert\" \/>\n<meta property=\"article:published_time\" content=\"2019-10-01T14:48:38+00:00\" \/>\n<meta property=\"og:image\" content=\"https:\/\/www.imobiliare.ro\/imoexpert\/wp-content\/uploads\/2019\/10\/vrei-un-apartament-cu-mai-mult-de-doua-camere-vei-fi-probabil-afectat-de-noul-program-o-familie-o-casa.jpg\" \/>\n\t<meta property=\"og:image:width\" content=\"800\" \/>\n\t<meta property=\"og:image:height\" content=\"600\" \/>\n\t<meta property=\"og:image:type\" content=\"image\/jpeg\" \/>\n<meta name=\"author\" content=\"Adriana Dr\u0103gu\u0219in\" \/>\n<meta name=\"twitter:card\" content=\"summary_large_image\" \/>\n<meta name=\"twitter:label1\" content=\"Written by\" \/>\n\t<meta name=\"twitter:data1\" content=\"Adriana Dr\u0103gu\u0219in\" \/>\n\t<meta name=\"twitter:label2\" content=\"Est. reading time\" \/>\n\t<meta name=\"twitter:data2\" content=\"5 minute\" \/>\n<script type=\"application\/ld+json\" class=\"yoast-schema-graph\">{\"@context\":\"https:\/\/schema.org\",\"@graph\":[{\"@type\":\"Article\",\"@id\":\"https:\/\/www.imobiliare.ro\/imoexpert\/vrei-un-apartament-cu-mai-mult-de-doua-camere-vei-fi-probabil-afectat-de-noul-program-o-familie-o-casa_db\/#article\",\"isPartOf\":{\"@id\":\"https:\/\/www.imobiliare.ro\/imoexpert\/vrei-un-apartament-cu-mai-mult-de-doua-camere-vei-fi-probabil-afectat-de-noul-program-o-familie-o-casa_db\/\"},\"author\":{\"name\":\"Adriana Dr\u0103gu\u0219in\",\"@id\":\"https:\/\/www.imobiliare.ro\/imoexpert\/#\/schema\/person\/8c13b0297075010b896471fabf0d7790\"},\"headline\":\"Vrei un apartament cu mai mult de dou\u0103 camere? Vei fi, probabil, afectat de noul program \u201eO familie, o cas\u0103\u201d\",\"datePublished\":\"2019-10-01T14:48:38+00:00\",\"mainEntityOfPage\":{\"@id\":\"https:\/\/www.imobiliare.ro\/imoexpert\/vrei-un-apartament-cu-mai-mult-de-doua-camere-vei-fi-probabil-afectat-de-noul-program-o-familie-o-casa_db\/\"},\"wordCount\":1042,\"commentCount\":6,\"publisher\":{\"@id\":\"https:\/\/www.imobiliare.ro\/imoexpert\/#organization\"},\"image\":{\"@id\":\"https:\/\/www.imobiliare.ro\/imoexpert\/vrei-un-apartament-cu-mai-mult-de-doua-camere-vei-fi-probabil-afectat-de-noul-program-o-familie-o-casa_db\/#primaryimage\"},\"thumbnailUrl\":\"https:\/\/www.imobiliare.ro\/imoexpert\/wp-content\/uploads\/2019\/10\/vrei-un-apartament-cu-mai-mult-de-doua-camere-vei-fi-probabil-afectat-de-noul-program-o-familie-o-casa.jpg\",\"keywords\":[\"Ansambluri rezidentiale\",\"cumparator\",\"newsletter\",\"Prima Cas\u0103\",\"principal\"],\"articleSection\":[\"\u0218tiri\"],\"inLanguage\":\"en\",\"potentialAction\":[{\"@type\":\"CommentAction\",\"name\":\"Comment\",\"target\":[\"https:\/\/www.imobiliare.ro\/imoexpert\/vrei-un-apartament-cu-mai-mult-de-doua-camere-vei-fi-probabil-afectat-de-noul-program-o-familie-o-casa_db\/#respond\"]}],\"copyrightYear\":\"2019\",\"copyrightHolder\":{\"@id\":\"https:\/\/www.imobiliare.ro\/imoexpert\/#organization\"}},{\"@type\":\"WebPage\",\"@id\":\"https:\/\/www.imobiliare.ro\/imoexpert\/vrei-un-apartament-cu-mai-mult-de-doua-camere-vei-fi-probabil-afectat-de-noul-program-o-familie-o-casa_db\/\",\"url\":\"https:\/\/www.imobiliare.ro\/imoexpert\/vrei-un-apartament-cu-mai-mult-de-doua-camere-vei-fi-probabil-afectat-de-noul-program-o-familie-o-casa_db\/\",\"name\":\"Vrei un apartament cu mai mult de dou\u0103 camere? Vei fi, probabil, afectat de noul program \u201eO familie, o cas\u0103\u201d - \u0218tiri - ImoExpert\",\"isPartOf\":{\"@id\":\"https:\/\/www.imobiliare.ro\/imoexpert\/#website\"},\"primaryImageOfPage\":{\"@id\":\"https:\/\/www.imobiliare.ro\/imoexpert\/vrei-un-apartament-cu-mai-mult-de-doua-camere-vei-fi-probabil-afectat-de-noul-program-o-familie-o-casa_db\/#primaryimage\"},\"image\":{\"@id\":\"https:\/\/www.imobiliare.ro\/imoexpert\/vrei-un-apartament-cu-mai-mult-de-doua-camere-vei-fi-probabil-afectat-de-noul-program-o-familie-o-casa_db\/#primaryimage\"},\"thumbnailUrl\":\"https:\/\/www.imobiliare.ro\/imoexpert\/wp-content\/uploads\/2019\/10\/vrei-un-apartament-cu-mai-mult-de-doua-camere-vei-fi-probabil-afectat-de-noul-program-o-familie-o-casa.jpg\",\"datePublished\":\"2019-10-01T14:48:38+00:00\",\"description\":\"Pragul de pre\u021b de 70.000 de euro va limita mult paleta de op\u021biuni a cump\u0103r\u0103torilor care \u00ee\u0219i doresc locuin\u021be noi mai spa\u021bioase \u00een marile ora\u0219e. \u00cen cadrul\",\"breadcrumb\":{\"@id\":\"https:\/\/www.imobiliare.ro\/imoexpert\/vrei-un-apartament-cu-mai-mult-de-doua-camere-vei-fi-probabil-afectat-de-noul-program-o-familie-o-casa_db\/#breadcrumb\"},\"inLanguage\":\"en\",\"potentialAction\":[{\"@type\":\"ReadAction\",\"target\":[\"https:\/\/www.imobiliare.ro\/imoexpert\/vrei-un-apartament-cu-mai-mult-de-doua-camere-vei-fi-probabil-afectat-de-noul-program-o-familie-o-casa_db\/\"]}]},{\"@type\":\"ImageObject\",\"inLanguage\":\"en\",\"@id\":\"https:\/\/www.imobiliare.ro\/imoexpert\/vrei-un-apartament-cu-mai-mult-de-doua-camere-vei-fi-probabil-afectat-de-noul-program-o-familie-o-casa_db\/#primaryimage\",\"url\":\"https:\/\/www.imobiliare.ro\/imoexpert\/wp-content\/uploads\/2019\/10\/vrei-un-apartament-cu-mai-mult-de-doua-camere-vei-fi-probabil-afectat-de-noul-program-o-familie-o-casa.jpg\",\"contentUrl\":\"https:\/\/www.imobiliare.ro\/imoexpert\/wp-content\/uploads\/2019\/10\/vrei-un-apartament-cu-mai-mult-de-doua-camere-vei-fi-probabil-afectat-de-noul-program-o-familie-o-casa.jpg\",\"width\":800,\"height\":600,\"caption\":\"De\u0219i \u0219i-ar dori apartamente mai spa\u021bioase, din cauza dificult\u0103\u021bilor de finan\u021bare mul\u021bi cump\u0103r\u0103tori ajung s\u0103 se mul\u021bumeasc\u0103 cu mai pu\u021bin\"},{\"@type\":\"BreadcrumbList\",\"@id\":\"https:\/\/www.imobiliare.ro\/imoexpert\/vrei-un-apartament-cu-mai-mult-de-doua-camere-vei-fi-probabil-afectat-de-noul-program-o-familie-o-casa_db\/#breadcrumb\",\"itemListElement\":[{\"@type\":\"ListItem\",\"position\":1,\"name\":\"Imoradar24\",\"item\":\"https:\/\/www.imoradar24.ro\"},{\"@type\":\"ListItem\",\"position\":2,\"name\":\"ImoExpert\",\"item\":\"https:\/\/www.imobiliare.ro\/imoexpert\/\"},{\"@type\":\"ListItem\",\"position\":3,\"name\":\"\u0218tiri\",\"item\":\"https:\/\/www.imobiliare.ro\/imoexpert\/stiri\/\"},{\"@type\":\"ListItem\",\"position\":4,\"name\":\"Vrei un apartament cu mai mult de dou\u0103 camere? Vei fi, probabil, afectat de noul program \u201eO familie, o cas\u0103\u201d\"}]},{\"@type\":\"WebSite\",\"@id\":\"https:\/\/www.imobiliare.ro\/imoexpert\/#website\",\"url\":\"https:\/\/www.imobiliare.ro\/imoexpert\/\",\"name\":\"ImoExpert\",\"description\":\"cele mai importante \u015ftiri din domeniul imobiliar\",\"publisher\":{\"@id\":\"https:\/\/www.imobiliare.ro\/imoexpert\/#organization\"},\"inLanguage\":\"en\"},{\"@type\":\"Organization\",\"@id\":\"https:\/\/www.imobiliare.ro\/imoexpert\/#organization\",\"name\":\"Imobiliare.ro\",\"alternateName\":\"Realmedia Network SA\",\"url\":\"https:\/\/www.imobiliare.ro\/imoexpert\/\",\"logo\":{\"@type\":\"ImageObject\",\"inLanguage\":\"en\",\"@id\":\"https:\/\/www.imobiliare.ro\/imoexpert\/#\/schema\/logo\/image\/\",\"url\":\"https:\/\/www.imobiliare.ro\/imoexpert\/wp-content\/uploads\/2025\/05\/imobiliare_logo.png\",\"contentUrl\":\"https:\/\/www.imobiliare.ro\/imoexpert\/wp-content\/uploads\/2025\/05\/imobiliare_logo.png\",\"width\":237,\"height\":29,\"caption\":\"Imobiliare.ro\"},\"image\":{\"@id\":\"https:\/\/www.imobiliare.ro\/imoexpert\/#\/schema\/logo\/image\/\"}},{\"@type\":\"Person\",\"@id\":\"https:\/\/www.imobiliare.ro\/imoexpert\/#\/schema\/person\/8c13b0297075010b896471fabf0d7790\",\"name\":\"Adriana Dr\u0103gu\u0219in\",\"image\":{\"@type\":\"ImageObject\",\"inLanguage\":\"en\",\"@id\":\"https:\/\/www.imobiliare.ro\/imoexpert\/#\/schema\/person\/image\/\",\"url\":\"https:\/\/secure.gravatar.com\/avatar\/ba4762f7517e50e679ed7f11207102d1150120f2f5800c0da98f8a15305bf514?s=96&d=mm&r=g\",\"contentUrl\":\"https:\/\/secure.gravatar.com\/avatar\/ba4762f7517e50e679ed7f11207102d1150120f2f5800c0da98f8a15305bf514?s=96&d=mm&r=g\",\"caption\":\"Adriana Dr\u0103gu\u0219in\"},\"jobTitle\":\"Editor\",\"url\":\"https:\/\/www.imobiliare.ro\/imoexpert\/author\/adriana-dragusin\/\"}]}<\/script>\n<!-- \/ Yoast SEO Premium plugin. -->","yoast_head_json":{"title":"Vrei un apartament cu mai mult de dou\u0103 camere? Vei fi, probabil, afectat de noul program \u201eO familie, o cas\u0103\u201d - \u0218tiri - ImoExpert","description":"Pragul de pre\u021b de 70.000 de euro va limita mult paleta de op\u021biuni a cump\u0103r\u0103torilor care \u00ee\u0219i doresc locuin\u021be noi mai spa\u021bioase \u00een marile ora\u0219e. \u00cen cadrul","robots":{"index":"index","follow":"follow"},"canonical":"https:\/\/www.imobiliare.ro\/imoexpert\/vrei-un-apartament-cu-mai-mult-de-doua-camere-vei-fi-probabil-afectat-de-noul-program-o-familie-o-casa_db\/","og_locale":"ro_RO","og_type":"article","og_title":"Vrei un apartament cu mai mult de dou\u0103 camere? Vei fi, probabil, afectat de noul program \u201eO familie, o cas\u0103\u201d","og_description":"Pragul de pre\u021b de 70.000 de euro va limita mult paleta de op\u021biuni a cump\u0103r\u0103torilor care \u00ee\u0219i doresc locuin\u021be noi mai spa\u021bioase \u00een marile ora\u0219e. \u00cen cadrul","og_url":"https:\/\/www.imobiliare.ro\/imoexpert\/vrei-un-apartament-cu-mai-mult-de-doua-camere-vei-fi-probabil-afectat-de-noul-program-o-familie-o-casa_db\/","og_site_name":"ImoExpert","article_published_time":"2019-10-01T14:48:38+00:00","og_image":[{"width":800,"height":600,"url":"https:\/\/www.imobiliare.ro\/imoexpert\/wp-content\/uploads\/2019\/10\/vrei-un-apartament-cu-mai-mult-de-doua-camere-vei-fi-probabil-afectat-de-noul-program-o-familie-o-casa.jpg","type":"image\/jpeg"}],"author":"Adriana Dr\u0103gu\u0219in","twitter_card":"summary_large_image","twitter_misc":{"Written by":"Adriana Dr\u0103gu\u0219in","Est. reading time":"5 minute"},"schema":{"@context":"https:\/\/schema.org","@graph":[{"@type":"Article","@id":"https:\/\/www.imobiliare.ro\/imoexpert\/vrei-un-apartament-cu-mai-mult-de-doua-camere-vei-fi-probabil-afectat-de-noul-program-o-familie-o-casa_db\/#article","isPartOf":{"@id":"https:\/\/www.imobiliare.ro\/imoexpert\/vrei-un-apartament-cu-mai-mult-de-doua-camere-vei-fi-probabil-afectat-de-noul-program-o-familie-o-casa_db\/"},"author":{"name":"Adriana Dr\u0103gu\u0219in","@id":"https:\/\/www.imobiliare.ro\/imoexpert\/#\/schema\/person\/8c13b0297075010b896471fabf0d7790"},"headline":"Vrei un apartament cu mai mult de dou\u0103 camere? Vei fi, probabil, afectat de noul program \u201eO familie, o cas\u0103\u201d","datePublished":"2019-10-01T14:48:38+00:00","mainEntityOfPage":{"@id":"https:\/\/www.imobiliare.ro\/imoexpert\/vrei-un-apartament-cu-mai-mult-de-doua-camere-vei-fi-probabil-afectat-de-noul-program-o-familie-o-casa_db\/"},"wordCount":1042,"commentCount":6,"publisher":{"@id":"https:\/\/www.imobiliare.ro\/imoexpert\/#organization"},"image":{"@id":"https:\/\/www.imobiliare.ro\/imoexpert\/vrei-un-apartament-cu-mai-mult-de-doua-camere-vei-fi-probabil-afectat-de-noul-program-o-familie-o-casa_db\/#primaryimage"},"thumbnailUrl":"https:\/\/www.imobiliare.ro\/imoexpert\/wp-content\/uploads\/2019\/10\/vrei-un-apartament-cu-mai-mult-de-doua-camere-vei-fi-probabil-afectat-de-noul-program-o-familie-o-casa.jpg","keywords":["Ansambluri rezidentiale","cumparator","newsletter","Prima Cas\u0103","principal"],"articleSection":["\u0218tiri"],"inLanguage":"en","potentialAction":[{"@type":"CommentAction","name":"Comment","target":["https:\/\/www.imobiliare.ro\/imoexpert\/vrei-un-apartament-cu-mai-mult-de-doua-camere-vei-fi-probabil-afectat-de-noul-program-o-familie-o-casa_db\/#respond"]}],"copyrightYear":"2019","copyrightHolder":{"@id":"https:\/\/www.imobiliare.ro\/imoexpert\/#organization"}},{"@type":"WebPage","@id":"https:\/\/www.imobiliare.ro\/imoexpert\/vrei-un-apartament-cu-mai-mult-de-doua-camere-vei-fi-probabil-afectat-de-noul-program-o-familie-o-casa_db\/","url":"https:\/\/www.imobiliare.ro\/imoexpert\/vrei-un-apartament-cu-mai-mult-de-doua-camere-vei-fi-probabil-afectat-de-noul-program-o-familie-o-casa_db\/","name":"Vrei un apartament cu mai mult de dou\u0103 camere? Vei fi, probabil, afectat de noul program \u201eO familie, o cas\u0103\u201d - \u0218tiri - ImoExpert","isPartOf":{"@id":"https:\/\/www.imobiliare.ro\/imoexpert\/#website"},"primaryImageOfPage":{"@id":"https:\/\/www.imobiliare.ro\/imoexpert\/vrei-un-apartament-cu-mai-mult-de-doua-camere-vei-fi-probabil-afectat-de-noul-program-o-familie-o-casa_db\/#primaryimage"},"image":{"@id":"https:\/\/www.imobiliare.ro\/imoexpert\/vrei-un-apartament-cu-mai-mult-de-doua-camere-vei-fi-probabil-afectat-de-noul-program-o-familie-o-casa_db\/#primaryimage"},"thumbnailUrl":"https:\/\/www.imobiliare.ro\/imoexpert\/wp-content\/uploads\/2019\/10\/vrei-un-apartament-cu-mai-mult-de-doua-camere-vei-fi-probabil-afectat-de-noul-program-o-familie-o-casa.jpg","datePublished":"2019-10-01T14:48:38+00:00","description":"Pragul de pre\u021b de 70.000 de euro va limita mult paleta de op\u021biuni a cump\u0103r\u0103torilor care \u00ee\u0219i doresc locuin\u021be noi mai spa\u021bioase \u00een marile ora\u0219e. \u00cen cadrul","breadcrumb":{"@id":"https:\/\/www.imobiliare.ro\/imoexpert\/vrei-un-apartament-cu-mai-mult-de-doua-camere-vei-fi-probabil-afectat-de-noul-program-o-familie-o-casa_db\/#breadcrumb"},"inLanguage":"en","potentialAction":[{"@type":"ReadAction","target":["https:\/\/www.imobiliare.ro\/imoexpert\/vrei-un-apartament-cu-mai-mult-de-doua-camere-vei-fi-probabil-afectat-de-noul-program-o-familie-o-casa_db\/"]}]},{"@type":"ImageObject","inLanguage":"en","@id":"https:\/\/www.imobiliare.ro\/imoexpert\/vrei-un-apartament-cu-mai-mult-de-doua-camere-vei-fi-probabil-afectat-de-noul-program-o-familie-o-casa_db\/#primaryimage","url":"https:\/\/www.imobiliare.ro\/imoexpert\/wp-content\/uploads\/2019\/10\/vrei-un-apartament-cu-mai-mult-de-doua-camere-vei-fi-probabil-afectat-de-noul-program-o-familie-o-casa.jpg","contentUrl":"https:\/\/www.imobiliare.ro\/imoexpert\/wp-content\/uploads\/2019\/10\/vrei-un-apartament-cu-mai-mult-de-doua-camere-vei-fi-probabil-afectat-de-noul-program-o-familie-o-casa.jpg","width":800,"height":600,"caption":"De\u0219i \u0219i-ar dori apartamente mai spa\u021bioase, din cauza dificult\u0103\u021bilor de finan\u021bare mul\u021bi cump\u0103r\u0103tori ajung s\u0103 se mul\u021bumeasc\u0103 cu mai pu\u021bin"},{"@type":"BreadcrumbList","@id":"https:\/\/www.imobiliare.ro\/imoexpert\/vrei-un-apartament-cu-mai-mult-de-doua-camere-vei-fi-probabil-afectat-de-noul-program-o-familie-o-casa_db\/#breadcrumb","itemListElement":[{"@type":"ListItem","position":1,"name":"Imoradar24","item":"https:\/\/www.imoradar24.ro"},{"@type":"ListItem","position":2,"name":"ImoExpert","item":"https:\/\/www.imobiliare.ro\/imoexpert\/"},{"@type":"ListItem","position":3,"name":"\u0218tiri","item":"https:\/\/www.imobiliare.ro\/imoexpert\/stiri\/"},{"@type":"ListItem","position":4,"name":"Vrei un apartament cu mai mult de dou\u0103 camere? Vei fi, probabil, afectat de noul program \u201eO familie, o cas\u0103\u201d"}]},{"@type":"WebSite","@id":"https:\/\/www.imobiliare.ro\/imoexpert\/#website","url":"https:\/\/www.imobiliare.ro\/imoexpert\/","name":"ImoExpert","description":"cele mai importante \u015ftiri din domeniul imobiliar","publisher":{"@id":"https:\/\/www.imobiliare.ro\/imoexpert\/#organization"},"inLanguage":"en"},{"@type":"Organization","@id":"https:\/\/www.imobiliare.ro\/imoexpert\/#organization","name":"Imobiliare.ro","alternateName":"Realmedia Network SA","url":"https:\/\/www.imobiliare.ro\/imoexpert\/","logo":{"@type":"ImageObject","inLanguage":"en","@id":"https:\/\/www.imobiliare.ro\/imoexpert\/#\/schema\/logo\/image\/","url":"https:\/\/www.imobiliare.ro\/imoexpert\/wp-content\/uploads\/2025\/05\/imobiliare_logo.png","contentUrl":"https:\/\/www.imobiliare.ro\/imoexpert\/wp-content\/uploads\/2025\/05\/imobiliare_logo.png","width":237,"height":29,"caption":"Imobiliare.ro"},"image":{"@id":"https:\/\/www.imobiliare.ro\/imoexpert\/#\/schema\/logo\/image\/"}},{"@type":"Person","@id":"https:\/\/www.imobiliare.ro\/imoexpert\/#\/schema\/person\/8c13b0297075010b896471fabf0d7790","name":"Adriana Dr\u0103gu\u0219in","image":{"@type":"ImageObject","inLanguage":"en","@id":"https:\/\/www.imobiliare.ro\/imoexpert\/#\/schema\/person\/image\/","url":"https:\/\/secure.gravatar.com\/avatar\/ba4762f7517e50e679ed7f11207102d1150120f2f5800c0da98f8a15305bf514?s=96&d=mm&r=g","contentUrl":"https:\/\/secure.gravatar.com\/avatar\/ba4762f7517e50e679ed7f11207102d1150120f2f5800c0da98f8a15305bf514?s=96&d=mm&r=g","caption":"Adriana Dr\u0103gu\u0219in"},"jobTitle":"Editor","url":"https:\/\/www.imobiliare.ro\/imoexpert\/author\/adriana-dragusin\/"}]}},"_links":{"self":[{"href":"https:\/\/www.imobiliare.ro\/imoexpert\/wp-json\/wp\/v2\/posts\/56386","targetHints":{"allow":["GET"]}}],"collection":[{"href":"https:\/\/www.imobiliare.ro\/imoexpert\/wp-json\/wp\/v2\/posts"}],"about":[{"href":"https:\/\/www.imobiliare.ro\/imoexpert\/wp-json\/wp\/v2\/types\/post"}],"author":[{"embeddable":true,"href":"https:\/\/www.imobiliare.ro\/imoexpert\/wp-json\/wp\/v2\/users\/829"}],"replies":[{"embeddable":true,"href":"https:\/\/www.imobiliare.ro\/imoexpert\/wp-json\/wp\/v2\/comments?post=56386"}],"version-history":[{"count":0,"href":"https:\/\/www.imobiliare.ro\/imoexpert\/wp-json\/wp\/v2\/posts\/56386\/revisions"}],"wp:featuredmedia":[{"embeddable":true,"href":"https:\/\/www.imobiliare.ro\/imoexpert\/wp-json\/wp\/v2\/media\/56387"}],"wp:attachment":[{"href":"https:\/\/www.imobiliare.ro\/imoexpert\/wp-json\/wp\/v2\/media?parent=56386"}],"wp:term":[{"taxonomy":"category","embeddable":true,"href":"https:\/\/www.imobiliare.ro\/imoexpert\/wp-json\/wp\/v2\/categories?post=56386"},{"taxonomy":"post_tag","embeddable":true,"href":"https:\/\/www.imobiliare.ro\/imoexpert\/wp-json\/wp\/v2\/tags?post=56386"},{"taxonomy":"content_author","embeddable":true,"href":"https:\/\/www.imobiliare.ro\/imoexpert\/wp-json\/wp\/v2\/content_author?post=56386"}],"curies":[{"name":"wp","href":"https:\/\/api.w.org\/{rel}","templated":true}]}}