{"id":56394,"date":"2019-10-02T09:00:44","date_gmt":"2019-10-02T06:00:44","guid":{"rendered":"https:\/\/www.imobiliare.ro\/imoexpert\/?p=56394"},"modified":"2019-10-02T09:00:44","modified_gmt":"2019-10-02T06:00:44","slug":"facilitatile-asul-din-maneca-al-marilor-ansambluri-rezidentiale-planurile-pentru-un-proiect-ce-va-ajunge-la-aproape-6-000-de-locuinte","status":"publish","type":"post","link":"https:\/\/www.imobiliare.ro\/imoexpert\/facilitatile-asul-din-maneca-al-marilor-ansambluri-rezidentiale-planurile-pentru-un-proiect-ce-va-ajunge-la-aproape-6-000-de-locuinte_db\/","title":{"rendered":"Facilit\u0103\u021bile, asul din m\u00e2nec\u0103 al marilor ansambluri reziden\u021biale. Planurile pentru un proiect ce va ajunge la aproape 6.000 de locuin\u021be"},"content":{"rendered":"<figure id=\"attachment_56395\" aria-describedby=\"caption-attachment-56395\" style=\"width: 800px\" class=\"wp-caption aligncenter\"><a class=\"article-body-links\"href=\"https:\/\/www.imobiliare.ro\/imoexpert\/wp-content\/uploads\/2019\/10\/facilitatile-asul-din-maneca-al-marilor-ansambluri-rezidentiale-planurile-pentru-un-proiect-ce-va-ajunge-la-6000-de-locuinte-1.jpg\"><img loading=\"lazy\" decoding=\"async\" src=\"https:\/\/www.imobiliare.ro\/imoexpert\/wp-content\/uploads\/2019\/10\/facilitatile-asul-din-maneca-al-marilor-ansambluri-rezidentiale-planurile-pentru-un-proiect-ce-va-ajunge-la-6000-de-locuinte-1.jpg\" alt=\"\" width=\"800\" height=\"565\" class=\"size-full wp-image-56395\" srcset=\"https:\/\/www.imobiliare.ro\/imoexpert\/wp-content\/uploads\/2019\/10\/facilitatile-asul-din-maneca-al-marilor-ansambluri-rezidentiale-planurile-pentru-un-proiect-ce-va-ajunge-la-6000-de-locuinte-1.jpg 800w, https:\/\/www.imobiliare.ro\/imoexpert\/wp-content\/uploads\/2019\/10\/facilitatile-asul-din-maneca-al-marilor-ansambluri-rezidentiale-planurile-pentru-un-proiect-ce-va-ajunge-la-6000-de-locuinte-1-300x212.jpg 300w, https:\/\/www.imobiliare.ro\/imoexpert\/wp-content\/uploads\/2019\/10\/facilitatile-asul-din-maneca-al-marilor-ansambluri-rezidentiale-planurile-pentru-un-proiect-ce-va-ajunge-la-6000-de-locuinte-1-768x542.jpg 768w\" sizes=\"auto, (max-width: 800px) 100vw, 800px\" \/><\/a><figcaption id=\"caption-attachment-56395\" class=\"wp-caption-text\">\u00cen prezent, ansamblul Greenfield Residence num\u0103r\u0103 peste 2.500 de unit\u0103\u021bi locative<\/figcaption><\/figure>\n<div id=\"ez-toc-container\" class=\"ez-toc-v2_0_81 counter-hierarchy ez-toc-counter ez-toc-grey ez-toc-container-direction\">\n<p class=\"ez-toc-title\" style=\"cursor:inherit\">Table of Contents<\/p>\n<label for=\"ez-toc-cssicon-toggle-item-69ef1cb96d4bf\" class=\"ez-toc-cssicon-toggle-label\"><span class=\"ez-toc-cssicon\"><span class=\"eztoc-hide\" style=\"display:none;\">Toggle<\/span><span class=\"ez-toc-icon-toggle-span\"><svg style=\"fill: #999;color:#999\" xmlns=\"http:\/\/www.w3.org\/2000\/svg\" class=\"list-377408\" width=\"20px\" height=\"20px\" viewBox=\"0 0 24 24\" fill=\"none\"><path d=\"M6 6H4v2h2V6zm14 0H8v2h12V6zM4 11h2v2H4v-2zm16 0H8v2h12v-2zM4 16h2v2H4v-2zm16 0H8v2h12v-2z\" fill=\"currentColor\"><\/path><\/svg><svg style=\"fill: #999;color:#999\" class=\"arrow-unsorted-368013\" xmlns=\"http:\/\/www.w3.org\/2000\/svg\" width=\"10px\" height=\"10px\" viewBox=\"0 0 24 24\" version=\"1.2\" baseProfile=\"tiny\"><path d=\"M18.2 9.3l-6.2-6.3-6.2 6.3c-.2.2-.3.4-.3.7s.1.5.3.7c.2.2.4.3.7.3h11c.3 0 .5-.1.7-.3.2-.2.3-.5.3-.7s-.1-.5-.3-.7zM5.8 14.7l6.2 6.3 6.2-6.3c.2-.2.3-.5.3-.7s-.1-.5-.3-.7c-.2-.2-.4-.3-.7-.3h-11c-.3 0-.5.1-.7.3-.2.2-.3.5-.3.7s.1.5.3.7z\"\/><\/svg><\/span><\/span><\/label><input type=\"checkbox\"  id=\"ez-toc-cssicon-toggle-item-69ef1cb96d4bf\"  aria-label=\"Toggle\" \/><nav><ul class='ez-toc-list ez-toc-list-level-1 ' ><li class='ez-toc-page-1 ez-toc-heading-level-2'><a class=\"ez-toc-link ez-toc-heading-1\" href=\"https:\/\/www.imobiliare.ro\/imoexpert\/facilitatile-asul-din-maneca-al-marilor-ansambluri-rezidentiale-planurile-pentru-un-proiect-ce-va-ajunge-la-aproape-6-000-de-locuinte_db\/#Ansamblul_rezidential_va_avea_printre_altele_gradinita_si_scoala_de_stat_minimall_SPA_sala_de_sport_si_statie_de_transport_public\" >Ansamblul reziden\u021bial va avea, printre altele, gr\u0103dini\u021b\u0103 \u0219i \u0219coal\u0103 de stat, minimall, SPA, sal\u0103 de sport \u0219i sta\u021bie de transport public.<\/a><\/li><li class='ez-toc-page-1 ez-toc-heading-level-2'><a class=\"ez-toc-link ez-toc-heading-2\" href=\"https:\/\/www.imobiliare.ro\/imoexpert\/facilitatile-asul-din-maneca-al-marilor-ansambluri-rezidentiale-planurile-pentru-un-proiect-ce-va-ajunge-la-aproape-6-000-de-locuinte_db\/#Familiile_nu_cauta_sa_se_mute_in_centru\" >Familiile nu caut\u0103 s\u0103 se mute \u00een centru<\/a><\/li><\/ul><\/nav><\/div>\n<h2><span class=\"ez-toc-section\" id=\"Ansamblul_rezidential_va_avea_printre_altele_gradinita_si_scoala_de_stat_minimall_SPA_sala_de_sport_si_statie_de_transport_public\"><\/span>Ansamblul reziden\u021bial va avea, printre altele, gr\u0103dini\u021b\u0103 \u0219i \u0219coal\u0103 de stat, minimall, SPA, sal\u0103 de sport \u0219i sta\u021bie de transport public.<span class=\"ez-toc-section-end\"><\/span><\/h2>\n<p><strong><a class=\"article-body-links\"href=\"https:\/\/www.imobiliare.ro\/ansambluri-rezidentiale\/bucuresti\/greenfield-residence-bucuresti-125\">Greenfield Residence<\/a><\/strong> este unul dintre cele mai longevive ansambluri reziden\u021biale de pe pia\u021ba imobiliar\u0103 autohton\u0103, construc\u021bia sa \u00eencep\u00e2nd \u00een anul 2007. Acesta num\u0103r\u0103, \u00een prezent, 2.548 de apartamente (finalizate sau aflate \u00een construc\u021bie), aferente primelor trei faze de dezvoltare. Impact Developer &#038; Contractor pl\u0103nuie\u0219te, \u00eens\u0103, \u00eenceperea lucr\u0103rilor la urm\u0103toarele dou\u0103 etape: Greenfield IV (care va cuprinde circa 1.900 de apartamente) \u0219i, respectiv, Greenfield V (care va cuprinde peste 2.400 de apartamente). Astfel, ansamblul reziden\u021bial din nordul Capitalei ar urma s\u0103 ajung\u0103 la aproximativ 6.000 de unit\u0103\u021bi locative. <\/p>\n<p>Invitat la <strong><a class=\"article-body-links\"href=\"https:\/\/www.imobiliare.ro\/imoexpert\/imoexpert-prima-editie-razvan-ionescu_db\/\">prima emisiune imoExpert<\/a><\/strong> realizat\u0103 de <strong><a class=\"article-body-links\"href=\"https:\/\/www.imobiliare.ro\/\">Imobiliare.ro<\/a><\/strong>, R\u0103zvan Ionescu, director de marketing al Impact Developer &#038; Contractor, a prezentat planurile companiei pentru Greenfield Residence. Astfel, pe l\u00e2ng\u0103 construc\u021bia de locuin\u021be, o aten\u021bie deosebit\u0103 va fi acordat\u0103 dezvolt\u0103rii de facilit\u0103\u021bi complementare \u2013 printre acestea num\u0103r\u00e2ndu-se \u0219i o gr\u0103dini\u021b\u0103 \u0219i o \u0219coal\u0103 de stat. \u201e\u00cen Greenfield avem planuri mari \u00eencep\u00e2nd cu sf\u00e2r\u0219itul acestui an. Complet\u0103m facilit\u0103\u021bile deja existente \u00een cartier cu un minimall, cu o \u0219coal\u0103 de stat, gr\u0103dini\u021b\u0103, sta\u021bie RATB. \u00cen cadrul \u0219colii avem deja terenul, terenul pe care suntem preg\u0103ti\u021bi s\u0103-l ced\u0103m Prim\u0103riei, deja ne uit\u0103m la solu\u021bii de proiectare pe care s\u0103 le recomand\u0103m Prim\u0103riei. Avem deja studii de fezabilitate privind num\u0103rul de copii \u0219i dimensionarea\u201d, spune acesta. <\/p>\n<p><strong><a class=\"article-body-links\"href=\"https:\/\/www.imobiliare.ro\/imoexpert\/imoexpert-prima-editie-razvan-ionescu_db\/\">Aici<\/a> po\u021bi viziona integral prima emisiune imoExpert!<\/strong><\/p>\n<blockquote><p>\u201eLa acest moment avem \u00een jur de 4.000 de oameni \u0219i, conform statisticilor pe care le preg\u0103tim, jum\u0103tate dintre familii au copii \u0219i mai mult de jum\u0103tate (dintre ace\u0219tia, n.red.) sunt copii \u00eentre zero \u0219i trei ani. Sunt foarte mul\u021bii copii mici \u00een Greenfield. Nevoia este clar\u0103.\u201d<\/p><\/blockquote>\n<p>&nbsp;<\/p>\n<figure id=\"attachment_56396\" aria-describedby=\"caption-attachment-56396\" style=\"width: 800px\" class=\"wp-caption aligncenter\"><a class=\"article-body-links\"href=\"https:\/\/www.imobiliare.ro\/imoexpert\/wp-content\/uploads\/2019\/10\/facilitatile-asul-din-maneca-al-marilor-ansambluri-rezidentiale-planurile-pentru-un-proiect-ce-va-ajunge-la-6000-de-locuinte-2.jpg\"><img loading=\"lazy\" decoding=\"async\" src=\"https:\/\/www.imobiliare.ro\/imoexpert\/wp-content\/uploads\/2019\/10\/facilitatile-asul-din-maneca-al-marilor-ansambluri-rezidentiale-planurile-pentru-un-proiect-ce-va-ajunge-la-6000-de-locuinte-2.jpg\" alt=\"\" width=\"800\" height=\"600\" class=\"size-full wp-image-56396\" srcset=\"https:\/\/www.imobiliare.ro\/imoexpert\/wp-content\/uploads\/2019\/10\/facilitatile-asul-din-maneca-al-marilor-ansambluri-rezidentiale-planurile-pentru-un-proiect-ce-va-ajunge-la-6000-de-locuinte-2.jpg 800w, https:\/\/www.imobiliare.ro\/imoexpert\/wp-content\/uploads\/2019\/10\/facilitatile-asul-din-maneca-al-marilor-ansambluri-rezidentiale-planurile-pentru-un-proiect-ce-va-ajunge-la-6000-de-locuinte-2-300x225.jpg 300w, https:\/\/www.imobiliare.ro\/imoexpert\/wp-content\/uploads\/2019\/10\/facilitatile-asul-din-maneca-al-marilor-ansambluri-rezidentiale-planurile-pentru-un-proiect-ce-va-ajunge-la-6000-de-locuinte-2-768x576.jpg 768w\" sizes=\"auto, (max-width: 800px) 100vw, 800px\" \/><\/a><figcaption id=\"caption-attachment-56396\" class=\"wp-caption-text\">Al\u0103turi de facilit\u0103\u021bi, securitatea este o cerin\u021b\u0103 important\u0103 a celor care au copii<\/figcaption><\/figure>\n<h2><span class=\"ez-toc-section\" id=\"Familiile_nu_cauta_sa_se_mute_in_centru\"><\/span>Familiile nu caut\u0103 s\u0103 se mute \u00een centru<span class=\"ez-toc-section-end\"><\/span><\/h2>\n<p>Potrivit lui R\u0103zvan Ionescu, facilit\u0103\u021bile se num\u0103r\u0103 printre principalele cerin\u021be pentru un ansamblu reziden\u021bial din partea familiilor care au copii \u2013 al\u0103turi, desigur, de mijloacele de acces, securitate \u0219i aer curat. Pentru aceast\u0103 categorie de cump\u0103r\u0103tori nu exist\u0103 neap\u0103rat \u201eo dorin\u021b\u0103 foarte puternic\u0103 de a cump\u0103ra \u00een centru\u201d.<\/p>\n<p>Dezvoltatorul are \u00een plan \u0219i c\u00e2teva m\u0103suri pentru u\u0219urarea accesului locatarilor, printre care se num\u0103r\u0103 \u0219i conexiunea cu re\u021beaua de transport public. \u201eSper\u0103m ca anul viitor, odat\u0103 cu finalizarea malului, s\u0103 avem deja sta\u021bia RATB (sau STB) \u00een cadrul complexului. Suntem \u00een discu\u021bii avansate cu firme care asigur\u0103 transport alternativ, de tipul trotinete electrice \u2013 cu sta\u021bii de \u00eenc\u0103rcare la Gr\u0103dina Zoologic\u0103 \u0219i \u00een Greenfield\u201d, precizeaz\u0103 acesta. Cea de-a patra faz\u0103 de dezvoltare a ansamblului <strong><a class=\"article-body-links\"href=\"https:\/\/www.imobiliare.ro\/ansambluri-rezidentiale\/bucuresti\/greenfield-residence-bucuresti-125\">Greenfield Residence<\/a><\/strong> va include \u0219i o zon\u0103 de birouri, un SPA, dar \u0219i o sal\u0103 de sport. <\/p>\n<p>\u201eCred c\u0103 solu\u021biile pe care vom \u00eencepe s\u0103 le implement\u0103m de anul viitor vor r\u0103spunde inclusiv cre\u0219terii cererii de locuin\u021be din Greenfield. Pentru c\u0103 noi suntem cam la jum\u0103tatea dezvolt\u0103rii proiectului, avem \u00een plan urm\u0103toarele faze, care vor aduce peste 4.000 de apartamente.\u201d<\/p>\n<p><strong>Cite\u0219te \u0219i:<br \/>\n<a class=\"article-body-links\"href=\"https:\/\/www.imobiliare.ro\/imoexpert\/imobiliare-ro-lanseaza-prima-emisiune-imoexpert-despre-evolutia-preturilor-si-eventualitatea-unei-crize_db\/\">Imobiliare.ro lanseaz\u0103 prima emisiune imoExpert: Despre evolu\u021bia pre\u021burilor \u0219i eventualitatea unei crize<\/a><br \/>\n<a class=\"article-body-links\"href=\"https:\/\/www.imobiliare.ro\/imoexpert\/vrei-un-apartament-cu-mai-mult-de-doua-camere-vei-fi-probabil-afectat-de-noul-program-o-familie-o-casa_db\/\">Vrei un apartament cu mai mult de dou\u0103 camere? Vei fi, probabil, afectat de noul program \u201eO familie, o cas\u0103\u201d<\/a><\/strong><\/p>\n<figure id=\"attachment_56397\" aria-describedby=\"caption-attachment-56397\" style=\"width: 800px\" class=\"wp-caption aligncenter\"><a class=\"article-body-links\"href=\"https:\/\/www.imobiliare.ro\/imoexpert\/wp-content\/uploads\/2019\/10\/facilitatile-asul-din-maneca-al-marilor-ansambluri-rezidentiale-planurile-pentru-un-proiect-ce-va-ajunge-la-6000-de-locuinte-3.jpg\"><img loading=\"lazy\" decoding=\"async\" src=\"https:\/\/www.imobiliare.ro\/imoexpert\/wp-content\/uploads\/2019\/10\/facilitatile-asul-din-maneca-al-marilor-ansambluri-rezidentiale-planurile-pentru-un-proiect-ce-va-ajunge-la-6000-de-locuinte-3.jpg\" alt=\"\" width=\"800\" height=\"600\" class=\"size-full wp-image-56397\" srcset=\"https:\/\/www.imobiliare.ro\/imoexpert\/wp-content\/uploads\/2019\/10\/facilitatile-asul-din-maneca-al-marilor-ansambluri-rezidentiale-planurile-pentru-un-proiect-ce-va-ajunge-la-6000-de-locuinte-3.jpg 800w, https:\/\/www.imobiliare.ro\/imoexpert\/wp-content\/uploads\/2019\/10\/facilitatile-asul-din-maneca-al-marilor-ansambluri-rezidentiale-planurile-pentru-un-proiect-ce-va-ajunge-la-6000-de-locuinte-3-300x225.jpg 300w, https:\/\/www.imobiliare.ro\/imoexpert\/wp-content\/uploads\/2019\/10\/facilitatile-asul-din-maneca-al-marilor-ansambluri-rezidentiale-planurile-pentru-un-proiect-ce-va-ajunge-la-6000-de-locuinte-3-768x576.jpg 768w\" sizes=\"auto, (max-width: 800px) 100vw, 800px\" \/><\/a><figcaption id=\"caption-attachment-56397\" class=\"wp-caption-text\">Mai mult de jum\u0103tate dintre copiii din Greenfield Residence au p\u00e2n\u0103 la trei ani<\/figcaption><\/figure>\n","protected":false},"excerpt":{"rendered":"<p>Ansamblul reziden\u021bial va avea, printre altele, gr\u0103dini\u021b\u0103 \u0219i \u0219coal\u0103 de stat, minimall, SPA, sal\u0103 de sport \u0219i sta\u021bie de transport public. Greenfield Residence este unul dintre cele mai longevive ansambluri reziden\u021biale de pe pia\u021ba imobiliar\u0103 autohton\u0103, construc\u021bia sa \u00eencep\u00e2nd \u00een anul 2007. Acesta num\u0103r\u0103, \u00een prezent, 2.548 de apartamente (finalizate sau aflate \u00een construc\u021bie), aferente [&hellip;]<\/p>\n","protected":false},"author":829,"featured_media":56395,"comment_status":"open","ping_status":"open","sticky":false,"template":"","format":"standard","meta":{"footnotes":""},"categories":[259],"tags":[333,1851,1849],"content_author":[],"class_list":["post-56394","post","type-post","status-publish","format-standard","has-post-thumbnail","hentry","category-stiri","tag-ansambluri-rezidentiale","tag-greenfield-residence","tag-impact-developer-contractor"],"yoast_head":"<!-- This site is optimized with the Yoast SEO Premium plugin v27.0 (Yoast SEO v27.0) - https:\/\/yoast.com\/product\/yoast-seo-premium-wordpress\/ -->\n<title>Facilit\u0103\u021bile, asul din m\u00e2nec\u0103 al marilor ansambluri reziden\u021biale. Planurile pentru un proiect ce va ajunge la aproape 6.000 de locuin\u021be - \u0218tiri - ImoExpert<\/title>\n<meta name=\"description\" content=\"Ansamblul reziden\u021bial va avea, printre altele, gr\u0103dini\u021b\u0103 \u0219i \u0219coal\u0103 de stat, minimall, SPA, sal\u0103 de sport \u0219i sta\u021bie de transport public. Greenfield\" \/>\n<meta name=\"robots\" content=\"index, follow\" \/>\n<link rel=\"canonical\" href=\"https:\/\/www.imobiliare.ro\/imoexpert\/facilitatile-asul-din-maneca-al-marilor-ansambluri-rezidentiale-planurile-pentru-un-proiect-ce-va-ajunge-la-aproape-6-000-de-locuinte_db\/\" \/>\n<meta property=\"og:locale\" content=\"ro_RO\" \/>\n<meta property=\"og:type\" content=\"article\" \/>\n<meta property=\"og:title\" content=\"Facilit\u0103\u021bile, asul din m\u00e2nec\u0103 al marilor ansambluri reziden\u021biale. Planurile pentru un proiect ce va ajunge la aproape 6.000 de locuin\u021be\" \/>\n<meta property=\"og:description\" content=\"Ansamblul reziden\u021bial va avea, printre altele, gr\u0103dini\u021b\u0103 \u0219i \u0219coal\u0103 de stat, minimall, SPA, sal\u0103 de sport \u0219i sta\u021bie de transport public. Greenfield\" \/>\n<meta property=\"og:url\" content=\"https:\/\/www.imobiliare.ro\/imoexpert\/facilitatile-asul-din-maneca-al-marilor-ansambluri-rezidentiale-planurile-pentru-un-proiect-ce-va-ajunge-la-aproape-6-000-de-locuinte_db\/\" \/>\n<meta property=\"og:site_name\" content=\"ImoExpert\" \/>\n<meta property=\"article:published_time\" content=\"2019-10-02T06:00:44+00:00\" \/>\n<meta property=\"og:image\" content=\"https:\/\/www.imobiliare.ro\/imoexpert\/wp-content\/uploads\/2019\/10\/facilitatile-asul-din-maneca-al-marilor-ansambluri-rezidentiale-planurile-pentru-un-proiect-ce-va-ajunge-la-6000-de-locuinte-1.jpg\" \/>\n\t<meta property=\"og:image:width\" content=\"800\" \/>\n\t<meta property=\"og:image:height\" content=\"565\" \/>\n\t<meta property=\"og:image:type\" content=\"image\/jpeg\" \/>\n<meta name=\"author\" content=\"Adriana Dr\u0103gu\u0219in\" \/>\n<meta name=\"twitter:card\" content=\"summary_large_image\" \/>\n<meta name=\"twitter:label1\" content=\"Written by\" \/>\n\t<meta name=\"twitter:data1\" content=\"Adriana Dr\u0103gu\u0219in\" \/>\n\t<meta name=\"twitter:label2\" content=\"Est. reading time\" \/>\n\t<meta name=\"twitter:data2\" content=\"3 minute\" \/>\n<script type=\"application\/ld+json\" class=\"yoast-schema-graph\">{\"@context\":\"https:\/\/schema.org\",\"@graph\":[{\"@type\":\"Article\",\"@id\":\"https:\/\/www.imobiliare.ro\/imoexpert\/facilitatile-asul-din-maneca-al-marilor-ansambluri-rezidentiale-planurile-pentru-un-proiect-ce-va-ajunge-la-aproape-6-000-de-locuinte_db\/#article\",\"isPartOf\":{\"@id\":\"https:\/\/www.imobiliare.ro\/imoexpert\/facilitatile-asul-din-maneca-al-marilor-ansambluri-rezidentiale-planurile-pentru-un-proiect-ce-va-ajunge-la-aproape-6-000-de-locuinte_db\/\"},\"author\":{\"name\":\"Adriana Dr\u0103gu\u0219in\",\"@id\":\"https:\/\/www.imobiliare.ro\/imoexpert\/#\/schema\/person\/8c13b0297075010b896471fabf0d7790\"},\"headline\":\"Facilit\u0103\u021bile, asul din m\u00e2nec\u0103 al marilor ansambluri reziden\u021biale. Planurile pentru un proiect ce va ajunge la aproape 6.000 de locuin\u021be\",\"datePublished\":\"2019-10-02T06:00:44+00:00\",\"mainEntityOfPage\":{\"@id\":\"https:\/\/www.imobiliare.ro\/imoexpert\/facilitatile-asul-din-maneca-al-marilor-ansambluri-rezidentiale-planurile-pentru-un-proiect-ce-va-ajunge-la-aproape-6-000-de-locuinte_db\/\"},\"wordCount\":666,\"commentCount\":3,\"publisher\":{\"@id\":\"https:\/\/www.imobiliare.ro\/imoexpert\/#organization\"},\"image\":{\"@id\":\"https:\/\/www.imobiliare.ro\/imoexpert\/facilitatile-asul-din-maneca-al-marilor-ansambluri-rezidentiale-planurile-pentru-un-proiect-ce-va-ajunge-la-aproape-6-000-de-locuinte_db\/#primaryimage\"},\"thumbnailUrl\":\"https:\/\/www.imobiliare.ro\/imoexpert\/wp-content\/uploads\/2019\/10\/facilitatile-asul-din-maneca-al-marilor-ansambluri-rezidentiale-planurile-pentru-un-proiect-ce-va-ajunge-la-6000-de-locuinte-1.jpg\",\"keywords\":[\"Ansambluri rezidentiale\",\"Greenfield Residence\",\"Impact Developer &amp; Contractor\"],\"articleSection\":[\"\u0218tiri\"],\"inLanguage\":\"en\",\"potentialAction\":[{\"@type\":\"CommentAction\",\"name\":\"Comment\",\"target\":[\"https:\/\/www.imobiliare.ro\/imoexpert\/facilitatile-asul-din-maneca-al-marilor-ansambluri-rezidentiale-planurile-pentru-un-proiect-ce-va-ajunge-la-aproape-6-000-de-locuinte_db\/#respond\"]}],\"copyrightYear\":\"2019\",\"copyrightHolder\":{\"@id\":\"https:\/\/www.imobiliare.ro\/imoexpert\/#organization\"}},{\"@type\":\"WebPage\",\"@id\":\"https:\/\/www.imobiliare.ro\/imoexpert\/facilitatile-asul-din-maneca-al-marilor-ansambluri-rezidentiale-planurile-pentru-un-proiect-ce-va-ajunge-la-aproape-6-000-de-locuinte_db\/\",\"url\":\"https:\/\/www.imobiliare.ro\/imoexpert\/facilitatile-asul-din-maneca-al-marilor-ansambluri-rezidentiale-planurile-pentru-un-proiect-ce-va-ajunge-la-aproape-6-000-de-locuinte_db\/\",\"name\":\"Facilit\u0103\u021bile, asul din m\u00e2nec\u0103 al marilor ansambluri reziden\u021biale. Planurile pentru un proiect ce va ajunge la aproape 6.000 de locuin\u021be - \u0218tiri - ImoExpert\",\"isPartOf\":{\"@id\":\"https:\/\/www.imobiliare.ro\/imoexpert\/#website\"},\"primaryImageOfPage\":{\"@id\":\"https:\/\/www.imobiliare.ro\/imoexpert\/facilitatile-asul-din-maneca-al-marilor-ansambluri-rezidentiale-planurile-pentru-un-proiect-ce-va-ajunge-la-aproape-6-000-de-locuinte_db\/#primaryimage\"},\"image\":{\"@id\":\"https:\/\/www.imobiliare.ro\/imoexpert\/facilitatile-asul-din-maneca-al-marilor-ansambluri-rezidentiale-planurile-pentru-un-proiect-ce-va-ajunge-la-aproape-6-000-de-locuinte_db\/#primaryimage\"},\"thumbnailUrl\":\"https:\/\/www.imobiliare.ro\/imoexpert\/wp-content\/uploads\/2019\/10\/facilitatile-asul-din-maneca-al-marilor-ansambluri-rezidentiale-planurile-pentru-un-proiect-ce-va-ajunge-la-6000-de-locuinte-1.jpg\",\"datePublished\":\"2019-10-02T06:00:44+00:00\",\"description\":\"Ansamblul reziden\u021bial va avea, printre altele, gr\u0103dini\u021b\u0103 \u0219i \u0219coal\u0103 de stat, minimall, SPA, sal\u0103 de sport \u0219i sta\u021bie de transport public. Greenfield\",\"breadcrumb\":{\"@id\":\"https:\/\/www.imobiliare.ro\/imoexpert\/facilitatile-asul-din-maneca-al-marilor-ansambluri-rezidentiale-planurile-pentru-un-proiect-ce-va-ajunge-la-aproape-6-000-de-locuinte_db\/#breadcrumb\"},\"inLanguage\":\"en\",\"potentialAction\":[{\"@type\":\"ReadAction\",\"target\":[\"https:\/\/www.imobiliare.ro\/imoexpert\/facilitatile-asul-din-maneca-al-marilor-ansambluri-rezidentiale-planurile-pentru-un-proiect-ce-va-ajunge-la-aproape-6-000-de-locuinte_db\/\"]}]},{\"@type\":\"ImageObject\",\"inLanguage\":\"en\",\"@id\":\"https:\/\/www.imobiliare.ro\/imoexpert\/facilitatile-asul-din-maneca-al-marilor-ansambluri-rezidentiale-planurile-pentru-un-proiect-ce-va-ajunge-la-aproape-6-000-de-locuinte_db\/#primaryimage\",\"url\":\"https:\/\/www.imobiliare.ro\/imoexpert\/wp-content\/uploads\/2019\/10\/facilitatile-asul-din-maneca-al-marilor-ansambluri-rezidentiale-planurile-pentru-un-proiect-ce-va-ajunge-la-6000-de-locuinte-1.jpg\",\"contentUrl\":\"https:\/\/www.imobiliare.ro\/imoexpert\/wp-content\/uploads\/2019\/10\/facilitatile-asul-din-maneca-al-marilor-ansambluri-rezidentiale-planurile-pentru-un-proiect-ce-va-ajunge-la-6000-de-locuinte-1.jpg\",\"width\":800,\"height\":565,\"caption\":\"\u00cen prezent, ansamblul Greenfield residence num\u0103r\u0103 peste 2.500 de unit\u0103\u021bi locative\"},{\"@type\":\"BreadcrumbList\",\"@id\":\"https:\/\/www.imobiliare.ro\/imoexpert\/facilitatile-asul-din-maneca-al-marilor-ansambluri-rezidentiale-planurile-pentru-un-proiect-ce-va-ajunge-la-aproape-6-000-de-locuinte_db\/#breadcrumb\",\"itemListElement\":[{\"@type\":\"ListItem\",\"position\":1,\"name\":\"Imoradar24\",\"item\":\"https:\/\/www.imoradar24.ro\"},{\"@type\":\"ListItem\",\"position\":2,\"name\":\"ImoExpert\",\"item\":\"https:\/\/www.imobiliare.ro\/imoexpert\/\"},{\"@type\":\"ListItem\",\"position\":3,\"name\":\"\u0218tiri\",\"item\":\"https:\/\/www.imobiliare.ro\/imoexpert\/stiri\/\"},{\"@type\":\"ListItem\",\"position\":4,\"name\":\"Facilit\u0103\u021bile, asul din m\u00e2nec\u0103 al marilor ansambluri reziden\u021biale. Planurile pentru un proiect ce va ajunge la aproape 6.000 de locuin\u021be\"}]},{\"@type\":\"WebSite\",\"@id\":\"https:\/\/www.imobiliare.ro\/imoexpert\/#website\",\"url\":\"https:\/\/www.imobiliare.ro\/imoexpert\/\",\"name\":\"ImoExpert\",\"description\":\"cele mai importante \u015ftiri din domeniul imobiliar\",\"publisher\":{\"@id\":\"https:\/\/www.imobiliare.ro\/imoexpert\/#organization\"},\"inLanguage\":\"en\"},{\"@type\":\"Organization\",\"@id\":\"https:\/\/www.imobiliare.ro\/imoexpert\/#organization\",\"name\":\"Imobiliare.ro\",\"alternateName\":\"Realmedia Network SA\",\"url\":\"https:\/\/www.imobiliare.ro\/imoexpert\/\",\"logo\":{\"@type\":\"ImageObject\",\"inLanguage\":\"en\",\"@id\":\"https:\/\/www.imobiliare.ro\/imoexpert\/#\/schema\/logo\/image\/\",\"url\":\"https:\/\/www.imobiliare.ro\/imoexpert\/wp-content\/uploads\/2025\/05\/imobiliare_logo.png\",\"contentUrl\":\"https:\/\/www.imobiliare.ro\/imoexpert\/wp-content\/uploads\/2025\/05\/imobiliare_logo.png\",\"width\":237,\"height\":29,\"caption\":\"Imobiliare.ro\"},\"image\":{\"@id\":\"https:\/\/www.imobiliare.ro\/imoexpert\/#\/schema\/logo\/image\/\"}},{\"@type\":\"Person\",\"@id\":\"https:\/\/www.imobiliare.ro\/imoexpert\/#\/schema\/person\/8c13b0297075010b896471fabf0d7790\",\"name\":\"Adriana Dr\u0103gu\u0219in\",\"image\":{\"@type\":\"ImageObject\",\"inLanguage\":\"en\",\"@id\":\"https:\/\/www.imobiliare.ro\/imoexpert\/#\/schema\/person\/image\/\",\"url\":\"https:\/\/secure.gravatar.com\/avatar\/ba4762f7517e50e679ed7f11207102d1150120f2f5800c0da98f8a15305bf514?s=96&d=mm&r=g\",\"contentUrl\":\"https:\/\/secure.gravatar.com\/avatar\/ba4762f7517e50e679ed7f11207102d1150120f2f5800c0da98f8a15305bf514?s=96&d=mm&r=g\",\"caption\":\"Adriana Dr\u0103gu\u0219in\"},\"jobTitle\":\"Editor\",\"url\":\"https:\/\/www.imobiliare.ro\/imoexpert\/author\/adriana-dragusin\/\"}]}<\/script>\n<!-- \/ Yoast SEO Premium plugin. -->","yoast_head_json":{"title":"Facilit\u0103\u021bile, asul din m\u00e2nec\u0103 al marilor ansambluri reziden\u021biale. Planurile pentru un proiect ce va ajunge la aproape 6.000 de locuin\u021be - \u0218tiri - ImoExpert","description":"Ansamblul reziden\u021bial va avea, printre altele, gr\u0103dini\u021b\u0103 \u0219i \u0219coal\u0103 de stat, minimall, SPA, sal\u0103 de sport \u0219i sta\u021bie de transport public. Greenfield","robots":{"index":"index","follow":"follow"},"canonical":"https:\/\/www.imobiliare.ro\/imoexpert\/facilitatile-asul-din-maneca-al-marilor-ansambluri-rezidentiale-planurile-pentru-un-proiect-ce-va-ajunge-la-aproape-6-000-de-locuinte_db\/","og_locale":"ro_RO","og_type":"article","og_title":"Facilit\u0103\u021bile, asul din m\u00e2nec\u0103 al marilor ansambluri reziden\u021biale. Planurile pentru un proiect ce va ajunge la aproape 6.000 de locuin\u021be","og_description":"Ansamblul reziden\u021bial va avea, printre altele, gr\u0103dini\u021b\u0103 \u0219i \u0219coal\u0103 de stat, minimall, SPA, sal\u0103 de sport \u0219i sta\u021bie de transport public. Greenfield","og_url":"https:\/\/www.imobiliare.ro\/imoexpert\/facilitatile-asul-din-maneca-al-marilor-ansambluri-rezidentiale-planurile-pentru-un-proiect-ce-va-ajunge-la-aproape-6-000-de-locuinte_db\/","og_site_name":"ImoExpert","article_published_time":"2019-10-02T06:00:44+00:00","og_image":[{"width":800,"height":565,"url":"https:\/\/www.imobiliare.ro\/imoexpert\/wp-content\/uploads\/2019\/10\/facilitatile-asul-din-maneca-al-marilor-ansambluri-rezidentiale-planurile-pentru-un-proiect-ce-va-ajunge-la-6000-de-locuinte-1.jpg","type":"image\/jpeg"}],"author":"Adriana Dr\u0103gu\u0219in","twitter_card":"summary_large_image","twitter_misc":{"Written by":"Adriana Dr\u0103gu\u0219in","Est. reading time":"3 minute"},"schema":{"@context":"https:\/\/schema.org","@graph":[{"@type":"Article","@id":"https:\/\/www.imobiliare.ro\/imoexpert\/facilitatile-asul-din-maneca-al-marilor-ansambluri-rezidentiale-planurile-pentru-un-proiect-ce-va-ajunge-la-aproape-6-000-de-locuinte_db\/#article","isPartOf":{"@id":"https:\/\/www.imobiliare.ro\/imoexpert\/facilitatile-asul-din-maneca-al-marilor-ansambluri-rezidentiale-planurile-pentru-un-proiect-ce-va-ajunge-la-aproape-6-000-de-locuinte_db\/"},"author":{"name":"Adriana Dr\u0103gu\u0219in","@id":"https:\/\/www.imobiliare.ro\/imoexpert\/#\/schema\/person\/8c13b0297075010b896471fabf0d7790"},"headline":"Facilit\u0103\u021bile, asul din m\u00e2nec\u0103 al marilor ansambluri reziden\u021biale. Planurile pentru un proiect ce va ajunge la aproape 6.000 de locuin\u021be","datePublished":"2019-10-02T06:00:44+00:00","mainEntityOfPage":{"@id":"https:\/\/www.imobiliare.ro\/imoexpert\/facilitatile-asul-din-maneca-al-marilor-ansambluri-rezidentiale-planurile-pentru-un-proiect-ce-va-ajunge-la-aproape-6-000-de-locuinte_db\/"},"wordCount":666,"commentCount":3,"publisher":{"@id":"https:\/\/www.imobiliare.ro\/imoexpert\/#organization"},"image":{"@id":"https:\/\/www.imobiliare.ro\/imoexpert\/facilitatile-asul-din-maneca-al-marilor-ansambluri-rezidentiale-planurile-pentru-un-proiect-ce-va-ajunge-la-aproape-6-000-de-locuinte_db\/#primaryimage"},"thumbnailUrl":"https:\/\/www.imobiliare.ro\/imoexpert\/wp-content\/uploads\/2019\/10\/facilitatile-asul-din-maneca-al-marilor-ansambluri-rezidentiale-planurile-pentru-un-proiect-ce-va-ajunge-la-6000-de-locuinte-1.jpg","keywords":["Ansambluri rezidentiale","Greenfield Residence","Impact Developer &amp; Contractor"],"articleSection":["\u0218tiri"],"inLanguage":"en","potentialAction":[{"@type":"CommentAction","name":"Comment","target":["https:\/\/www.imobiliare.ro\/imoexpert\/facilitatile-asul-din-maneca-al-marilor-ansambluri-rezidentiale-planurile-pentru-un-proiect-ce-va-ajunge-la-aproape-6-000-de-locuinte_db\/#respond"]}],"copyrightYear":"2019","copyrightHolder":{"@id":"https:\/\/www.imobiliare.ro\/imoexpert\/#organization"}},{"@type":"WebPage","@id":"https:\/\/www.imobiliare.ro\/imoexpert\/facilitatile-asul-din-maneca-al-marilor-ansambluri-rezidentiale-planurile-pentru-un-proiect-ce-va-ajunge-la-aproape-6-000-de-locuinte_db\/","url":"https:\/\/www.imobiliare.ro\/imoexpert\/facilitatile-asul-din-maneca-al-marilor-ansambluri-rezidentiale-planurile-pentru-un-proiect-ce-va-ajunge-la-aproape-6-000-de-locuinte_db\/","name":"Facilit\u0103\u021bile, asul din m\u00e2nec\u0103 al marilor ansambluri reziden\u021biale. Planurile pentru un proiect ce va ajunge la aproape 6.000 de locuin\u021be - \u0218tiri - ImoExpert","isPartOf":{"@id":"https:\/\/www.imobiliare.ro\/imoexpert\/#website"},"primaryImageOfPage":{"@id":"https:\/\/www.imobiliare.ro\/imoexpert\/facilitatile-asul-din-maneca-al-marilor-ansambluri-rezidentiale-planurile-pentru-un-proiect-ce-va-ajunge-la-aproape-6-000-de-locuinte_db\/#primaryimage"},"image":{"@id":"https:\/\/www.imobiliare.ro\/imoexpert\/facilitatile-asul-din-maneca-al-marilor-ansambluri-rezidentiale-planurile-pentru-un-proiect-ce-va-ajunge-la-aproape-6-000-de-locuinte_db\/#primaryimage"},"thumbnailUrl":"https:\/\/www.imobiliare.ro\/imoexpert\/wp-content\/uploads\/2019\/10\/facilitatile-asul-din-maneca-al-marilor-ansambluri-rezidentiale-planurile-pentru-un-proiect-ce-va-ajunge-la-6000-de-locuinte-1.jpg","datePublished":"2019-10-02T06:00:44+00:00","description":"Ansamblul reziden\u021bial va avea, printre altele, gr\u0103dini\u021b\u0103 \u0219i \u0219coal\u0103 de stat, minimall, SPA, sal\u0103 de sport \u0219i sta\u021bie de transport public. Greenfield","breadcrumb":{"@id":"https:\/\/www.imobiliare.ro\/imoexpert\/facilitatile-asul-din-maneca-al-marilor-ansambluri-rezidentiale-planurile-pentru-un-proiect-ce-va-ajunge-la-aproape-6-000-de-locuinte_db\/#breadcrumb"},"inLanguage":"en","potentialAction":[{"@type":"ReadAction","target":["https:\/\/www.imobiliare.ro\/imoexpert\/facilitatile-asul-din-maneca-al-marilor-ansambluri-rezidentiale-planurile-pentru-un-proiect-ce-va-ajunge-la-aproape-6-000-de-locuinte_db\/"]}]},{"@type":"ImageObject","inLanguage":"en","@id":"https:\/\/www.imobiliare.ro\/imoexpert\/facilitatile-asul-din-maneca-al-marilor-ansambluri-rezidentiale-planurile-pentru-un-proiect-ce-va-ajunge-la-aproape-6-000-de-locuinte_db\/#primaryimage","url":"https:\/\/www.imobiliare.ro\/imoexpert\/wp-content\/uploads\/2019\/10\/facilitatile-asul-din-maneca-al-marilor-ansambluri-rezidentiale-planurile-pentru-un-proiect-ce-va-ajunge-la-6000-de-locuinte-1.jpg","contentUrl":"https:\/\/www.imobiliare.ro\/imoexpert\/wp-content\/uploads\/2019\/10\/facilitatile-asul-din-maneca-al-marilor-ansambluri-rezidentiale-planurile-pentru-un-proiect-ce-va-ajunge-la-6000-de-locuinte-1.jpg","width":800,"height":565,"caption":"\u00cen prezent, ansamblul Greenfield residence num\u0103r\u0103 peste 2.500 de unit\u0103\u021bi locative"},{"@type":"BreadcrumbList","@id":"https:\/\/www.imobiliare.ro\/imoexpert\/facilitatile-asul-din-maneca-al-marilor-ansambluri-rezidentiale-planurile-pentru-un-proiect-ce-va-ajunge-la-aproape-6-000-de-locuinte_db\/#breadcrumb","itemListElement":[{"@type":"ListItem","position":1,"name":"Imoradar24","item":"https:\/\/www.imoradar24.ro"},{"@type":"ListItem","position":2,"name":"ImoExpert","item":"https:\/\/www.imobiliare.ro\/imoexpert\/"},{"@type":"ListItem","position":3,"name":"\u0218tiri","item":"https:\/\/www.imobiliare.ro\/imoexpert\/stiri\/"},{"@type":"ListItem","position":4,"name":"Facilit\u0103\u021bile, asul din m\u00e2nec\u0103 al marilor ansambluri reziden\u021biale. Planurile pentru un proiect ce va ajunge la aproape 6.000 de locuin\u021be"}]},{"@type":"WebSite","@id":"https:\/\/www.imobiliare.ro\/imoexpert\/#website","url":"https:\/\/www.imobiliare.ro\/imoexpert\/","name":"ImoExpert","description":"cele mai importante \u015ftiri din domeniul imobiliar","publisher":{"@id":"https:\/\/www.imobiliare.ro\/imoexpert\/#organization"},"inLanguage":"en"},{"@type":"Organization","@id":"https:\/\/www.imobiliare.ro\/imoexpert\/#organization","name":"Imobiliare.ro","alternateName":"Realmedia Network SA","url":"https:\/\/www.imobiliare.ro\/imoexpert\/","logo":{"@type":"ImageObject","inLanguage":"en","@id":"https:\/\/www.imobiliare.ro\/imoexpert\/#\/schema\/logo\/image\/","url":"https:\/\/www.imobiliare.ro\/imoexpert\/wp-content\/uploads\/2025\/05\/imobiliare_logo.png","contentUrl":"https:\/\/www.imobiliare.ro\/imoexpert\/wp-content\/uploads\/2025\/05\/imobiliare_logo.png","width":237,"height":29,"caption":"Imobiliare.ro"},"image":{"@id":"https:\/\/www.imobiliare.ro\/imoexpert\/#\/schema\/logo\/image\/"}},{"@type":"Person","@id":"https:\/\/www.imobiliare.ro\/imoexpert\/#\/schema\/person\/8c13b0297075010b896471fabf0d7790","name":"Adriana Dr\u0103gu\u0219in","image":{"@type":"ImageObject","inLanguage":"en","@id":"https:\/\/www.imobiliare.ro\/imoexpert\/#\/schema\/person\/image\/","url":"https:\/\/secure.gravatar.com\/avatar\/ba4762f7517e50e679ed7f11207102d1150120f2f5800c0da98f8a15305bf514?s=96&d=mm&r=g","contentUrl":"https:\/\/secure.gravatar.com\/avatar\/ba4762f7517e50e679ed7f11207102d1150120f2f5800c0da98f8a15305bf514?s=96&d=mm&r=g","caption":"Adriana Dr\u0103gu\u0219in"},"jobTitle":"Editor","url":"https:\/\/www.imobiliare.ro\/imoexpert\/author\/adriana-dragusin\/"}]}},"_links":{"self":[{"href":"https:\/\/www.imobiliare.ro\/imoexpert\/wp-json\/wp\/v2\/posts\/56394","targetHints":{"allow":["GET"]}}],"collection":[{"href":"https:\/\/www.imobiliare.ro\/imoexpert\/wp-json\/wp\/v2\/posts"}],"about":[{"href":"https:\/\/www.imobiliare.ro\/imoexpert\/wp-json\/wp\/v2\/types\/post"}],"author":[{"embeddable":true,"href":"https:\/\/www.imobiliare.ro\/imoexpert\/wp-json\/wp\/v2\/users\/829"}],"replies":[{"embeddable":true,"href":"https:\/\/www.imobiliare.ro\/imoexpert\/wp-json\/wp\/v2\/comments?post=56394"}],"version-history":[{"count":0,"href":"https:\/\/www.imobiliare.ro\/imoexpert\/wp-json\/wp\/v2\/posts\/56394\/revisions"}],"wp:featuredmedia":[{"embeddable":true,"href":"https:\/\/www.imobiliare.ro\/imoexpert\/wp-json\/wp\/v2\/media\/56395"}],"wp:attachment":[{"href":"https:\/\/www.imobiliare.ro\/imoexpert\/wp-json\/wp\/v2\/media?parent=56394"}],"wp:term":[{"taxonomy":"category","embeddable":true,"href":"https:\/\/www.imobiliare.ro\/imoexpert\/wp-json\/wp\/v2\/categories?post=56394"},{"taxonomy":"post_tag","embeddable":true,"href":"https:\/\/www.imobiliare.ro\/imoexpert\/wp-json\/wp\/v2\/tags?post=56394"},{"taxonomy":"content_author","embeddable":true,"href":"https:\/\/www.imobiliare.ro\/imoexpert\/wp-json\/wp\/v2\/content_author?post=56394"}],"curies":[{"name":"wp","href":"https:\/\/api.w.org\/{rel}","templated":true}]}}