{"id":56427,"date":"2019-10-03T15:01:50","date_gmt":"2019-10-03T12:01:50","guid":{"rendered":"https:\/\/www.imobiliare.ro\/imoexpert\/?p=56427"},"modified":"2019-10-03T15:01:50","modified_gmt":"2019-10-03T12:01:50","slug":"imobiliarium-6-din-10-dezvoltatori-se-asteapta-ca-preturile-locuintelor-sa-creasca-in-urmatorul-an-vezi-cu-cat","status":"publish","type":"post","link":"https:\/\/www.imobiliare.ro\/imoexpert\/imobiliarium-6-din-10-dezvoltatori-se-asteapta-ca-preturile-locuintelor-sa-creasca-in-urmatorul-an-vezi-cu-cat_db\/","title":{"rendered":"Imobiliarium: 6 din 10 dezvoltatori se a\u0219teapt\u0103 ca pre\u021burile locuin\u021belor s\u0103 creasc\u0103 \u00een urm\u0103torul an. Vezi cu c\u00e2t!"},"content":{"rendered":"<figure id=\"attachment_56428\" aria-describedby=\"caption-attachment-56428\" style=\"width: 800px\" class=\"wp-caption aligncenter\"><a class=\"article-body-links\"href=\"https:\/\/www.imobiliare.ro\/imoexpert\/wp-content\/uploads\/2019\/10\/6-din-10-dezvoltatori-se-asteapta-ca-preturile-locuintelor-sa-creasca-in-urmatorul-an-Vezi-cu-cat.jpg\"><img loading=\"lazy\" decoding=\"async\" src=\"https:\/\/www.imobiliare.ro\/imoexpert\/wp-content\/uploads\/2019\/10\/6-din-10-dezvoltatori-se-asteapta-ca-preturile-locuintelor-sa-creasca-in-urmatorul-an-Vezi-cu-cat.jpg\" alt=\"\" width=\"800\" height=\"533\" class=\"size-full wp-image-56428\" srcset=\"https:\/\/www.imobiliare.ro\/imoexpert\/wp-content\/uploads\/2019\/10\/6-din-10-dezvoltatori-se-asteapta-ca-preturile-locuintelor-sa-creasca-in-urmatorul-an-Vezi-cu-cat.jpg 800w, https:\/\/www.imobiliare.ro\/imoexpert\/wp-content\/uploads\/2019\/10\/6-din-10-dezvoltatori-se-asteapta-ca-preturile-locuintelor-sa-creasca-in-urmatorul-an-Vezi-cu-cat-300x200.jpg 300w, https:\/\/www.imobiliare.ro\/imoexpert\/wp-content\/uploads\/2019\/10\/6-din-10-dezvoltatori-se-asteapta-ca-preturile-locuintelor-sa-creasca-in-urmatorul-an-Vezi-cu-cat-768x512.jpg 768w\" sizes=\"auto, (max-width: 800px) 100vw, 800px\" \/><\/a><figcaption id=\"caption-attachment-56428\" class=\"wp-caption-text\">Doar 10% dintre participan\u021bii la studiu sunt de p\u0103rere c\u0103 pre\u021burile vor scadea \u00een aceea\u0219i perioad\u0103<\/figcaption><\/figure>\n<div id=\"ez-toc-container\" class=\"ez-toc-v2_0_81 counter-hierarchy ez-toc-counter ez-toc-grey ez-toc-container-direction\">\n<p class=\"ez-toc-title\" style=\"cursor:inherit\">Table of Contents<\/p>\n<label for=\"ez-toc-cssicon-toggle-item-69ef60d4c3076\" class=\"ez-toc-cssicon-toggle-label\"><span class=\"ez-toc-cssicon\"><span class=\"eztoc-hide\" style=\"display:none;\">Toggle<\/span><span class=\"ez-toc-icon-toggle-span\"><svg style=\"fill: #999;color:#999\" xmlns=\"http:\/\/www.w3.org\/2000\/svg\" class=\"list-377408\" width=\"20px\" height=\"20px\" viewBox=\"0 0 24 24\" fill=\"none\"><path d=\"M6 6H4v2h2V6zm14 0H8v2h12V6zM4 11h2v2H4v-2zm16 0H8v2h12v-2zM4 16h2v2H4v-2zm16 0H8v2h12v-2z\" fill=\"currentColor\"><\/path><\/svg><svg style=\"fill: #999;color:#999\" class=\"arrow-unsorted-368013\" xmlns=\"http:\/\/www.w3.org\/2000\/svg\" width=\"10px\" height=\"10px\" viewBox=\"0 0 24 24\" version=\"1.2\" baseProfile=\"tiny\"><path d=\"M18.2 9.3l-6.2-6.3-6.2 6.3c-.2.2-.3.4-.3.7s.1.5.3.7c.2.2.4.3.7.3h11c.3 0 .5-.1.7-.3.2-.2.3-.5.3-.7s-.1-.5-.3-.7zM5.8 14.7l6.2 6.3 6.2-6.3c.2-.2.3-.5.3-.7s-.1-.5-.3-.7c-.2-.2-.4-.3-.7-.3h-11c-.3 0-.5.1-.7.3-.2.2-.3.5-.3.7s.1.5.3.7z\"\/><\/svg><\/span><\/span><\/label><input type=\"checkbox\"  id=\"ez-toc-cssicon-toggle-item-69ef60d4c3076\"  aria-label=\"Toggle\" \/><nav><ul class='ez-toc-list ez-toc-list-level-1 ' ><li class='ez-toc-page-1 ez-toc-heading-level-2'><a class=\"ez-toc-link ez-toc-heading-1\" href=\"https:\/\/www.imobiliare.ro\/imoexpert\/imobiliarium-6-din-10-dezvoltatori-se-asteapta-ca-preturile-locuintelor-sa-creasca-in-urmatorul-an-vezi-cu-cat_db\/#Activitatea_de_dezvoltare_imobiliara_este_in_plin_avant_pe_piata_bucuresteana_ceea_ce_inseamna_ca_dezvoltatorii_mizeaza_pe_o_cerere_solvabila_sustinuta_din_partea_cumparatorilor\" >Activitatea de dezvoltare imobiliar\u0103 este \u00een plin av\u00e2nt pe pia\u021ba bucure\u0219tean\u0103, ceea ce \u00eenseamn\u0103 c\u0103 dezvoltatorii mizeaz\u0103 pe o cerere (solvabil\u0103!) sus\u021binut\u0103 din partea cump\u0103r\u0103torilor.<\/a><\/li><li class='ez-toc-page-1 ez-toc-heading-level-2'><a class=\"ez-toc-link ez-toc-heading-2\" href=\"https:\/\/www.imobiliare.ro\/imoexpert\/imobiliarium-6-din-10-dezvoltatori-se-asteapta-ca-preturile-locuintelor-sa-creasca-in-urmatorul-an-vezi-cu-cat_db\/#Majoritare_proiectele_premium_si_cele_middle-class\" >Majoritare: proiectele premium \u0219i cele middle-class<\/a><\/li><li class='ez-toc-page-1 ez-toc-heading-level-2'><a class=\"ez-toc-link ez-toc-heading-3\" href=\"https:\/\/www.imobiliare.ro\/imoexpert\/imobiliarium-6-din-10-dezvoltatori-se-asteapta-ca-preturile-locuintelor-sa-creasca-in-urmatorul-an-vezi-cu-cat_db\/#O_piata_puternic_fragmentata\" >O pia\u021b\u0103 puternic fragmentat\u0103<\/a><\/li><\/ul><\/nav><\/div>\n<h2><span class=\"ez-toc-section\" id=\"Activitatea_de_dezvoltare_imobiliara_este_in_plin_avant_pe_piata_bucuresteana_ceea_ce_inseamna_ca_dezvoltatorii_mizeaza_pe_o_cerere_solvabila_sustinuta_din_partea_cumparatorilor\"><\/span>Activitatea de dezvoltare imobiliar\u0103 este \u00een plin av\u00e2nt pe pia\u021ba bucure\u0219tean\u0103, ceea ce \u00eenseamn\u0103 c\u0103 dezvoltatorii mizeaz\u0103 pe o cerere (solvabil\u0103!) sus\u021binut\u0103 din partea cump\u0103r\u0103torilor.<span class=\"ez-toc-section-end\"><\/span><\/h2>\n<p>Organizatorii t\u00e2rgului Imobiliarium au realizat un studiu despre a\u0219tept\u0103rile dezvoltatorilor privind evolu\u021bia pre\u021burilor locuin\u021belor pe baza r\u0103spunsurilor participan\u021bilor la t\u00e2rgul de la B\u0103neasa, care va avea loc \u00een perioada 11-13 octombrie. Conform rezultatelor, 60% dintre participan\u021bi se a\u0219teapt\u0103 ca pre\u021burile locuin\u021belor (raportat la metrul p\u0103trat) s\u0103 se majoreze \u00een urm\u0103torul an, marjele de cre\u0219tere preconizate fiind de p\u00e2n\u0103 la 10%. Pe de alt\u0103 parte, circa 30% dintre responden\u021bi consider\u0103 c\u0103 pre\u021burile vor stagna \u00een acela\u0219i interval, \u00een vreme ce doar 10% sunt de p\u0103rere c\u0103 acestea vor sc\u0103dea. <\/p>\n<p><strong>Cite\u0219te \u0219i: <a class=\"article-body-links\"href=\"https:\/\/www.imobiliare.ro\/imoexpert\/imobiliare-ro-lanseaza-prima-emisiune-imoexpert-despre-evolutia-preturilor-si-eventualitatea-unei-crize_db\/\">Imobiliare.ro lanseaz\u0103 prima emisiune imoExpert: Despre evolu\u021bia pre\u021burilor \u0219i eventualitatea unei crize<\/a><\/strong><\/p>\n<h2><span class=\"ez-toc-section\" id=\"Majoritare_proiectele_premium_si_cele_middle-class\"><\/span>Majoritare: proiectele premium \u0219i cele middle-class<span class=\"ez-toc-section-end\"><\/span><\/h2>\n<p>Potrivit studiului citat, circa 65% dintre dezvoltatorii prezen\u021bi la Imobliarium B\u0103neasa construiesc blocuri, 25% au \u00een portofoliu doar ansambluri imobiliare de case\/vile, iar aproximativ 10% se axeaz\u0103 pe ambele tipuri de locuin\u021be. Mai bine de 60% dintre ansamblurile dezvoltate de participan\u021bii la t\u00e2rg se \u00eencadreaz\u0103 \u00een segmentele premium \u0219i middle-class. Peste 75% dintre responden\u021bi au declarat c\u0103 sunt prezen\u021bi pe pia\u021ba local\u0103 de peste trei ani, restul de 25% av\u00e2nd o activitate de p\u00e2n\u0103 la trei ani. <\/p>\n<blockquote><p>\u201eActivitatea de dezvoltator imobiliar vine la pachet cu o responsabilitate extrem de mare, deoarece arhitectura ora\u0219ului este \u00eentr-o continu\u0103 schimbare, iar proiectele noastre sunt parte integrant\u0103 din aceast\u0103 schimbare. Prin intermediul lor dorim s\u0103 readucem la via\u021b\u0103 zone premium ale Bucure\u0219tiului \u0219i, \u00een acela\u0219i timp, s\u0103 le sporim \u0219i valoarea. Actualmente, ne reg\u0103sim \u00een etapa de implementare a proiectelor lansate. A\u0219adar, \u00een ceea ce prive\u0219te propriet\u0103\u021bile noastre de pe Calea Victoriei, suntem aproape de finalizarea lucr\u0103rilor pentru primul nostru proiect de spa\u021bii de birouri &#8211; H Victoriei 109 \u0219i suntem \u00een curs de finalizare a etapei de consolidare pentru proiectul reziden\u021bial H Victoriei 139 &#8211; unul dintre proiecte noastre premium. De cur\u00e2nd am demarat lucr\u0103rile de construc\u021bie pentru H Pipera Lake, un ansamblu reziden\u021bial modern, dezvoltat pe malul lacului Pipera, iar anul viitor, \u00een 2020, pl\u0103nuim s\u0103 d\u0103m startul lucr\u0103rilor la H Eliade 9 Residence, un alt proiect reziden\u021bial din categoria premium. De asemenea, inten\u021bion\u0103m s\u0103 continu\u0103m \u0219i investi\u021biile \u00een portofoliul de propriet\u0103\u021bi.\u201d<\/p>\n<p><strong>Ana &#8211; Maria Pop, Chief Operating Officer al Hagag Development Europe<\/strong><\/p><\/blockquote>\n<p>&nbsp;<\/p>\n<h2><span class=\"ez-toc-section\" id=\"O_piata_puternic_fragmentata\"><\/span>O pia\u021b\u0103 puternic fragmentat\u0103<span class=\"ez-toc-section-end\"><\/span><\/h2>\n<p>Din r\u0103spunsurile dezvoltatorilor reiese c\u0103 cele mai mari impedimente \u00eent\u00e2lnite de la lansarea \u00een Rom\u00e2nia au fost, de-a lungul timpului, birocra\u021bia \u0219i lipsa for\u021bei de munc\u0103, urmate \u00eendeaproape de evolu\u021bia imprevizibil\u0103 a factorilor externi, precum programul Prima Cas\u0103, finan\u021barea, accesibilitatea mijloacelor de transport. <\/p>\n<blockquote><p>\u201ePia\u021ba construc\u021biilor reziden\u021biale din Rom\u00e2nia a fost \u0219i \u00eenc\u0103 este o pia\u021b\u0103 puternic fragmentat\u0103, cu foarte pu\u021bini juc\u0103tori capabili s\u0103 sus\u021bin\u0103 proiecte reziden\u021biale de mari dimensiuni pe perioade lungi de timp. Impact Developer &#038; Contractor are un istoric relevant, de 28 de ani pe pia\u021ba reziden\u021bial\u0103 din Rom\u00e2nia, iar Greenfield Residence a \u00eenceput dezvoltarea acum 12 ani. Proiectele de acest tip sunt excep\u021bii pe pia\u021ba imobiliar\u0103 din Rom\u00e2nia, pe care predomin\u0103 proiecte condi\u021bionate de spa\u021bii limitate. Suntem \u00eentr-o faz\u0103 de maturizare a pie\u021bei, care se manifest\u0103 at\u00e2t prin disponibilitatea \u0219i cre\u0219terea calit\u0103\u021bii ofertei, dar \u0219i prin cre\u0219terea gradului de \u00absofisticare\u00bb a nevoilor clien\u021bilor. Mediul economic stabil favorizeaz\u0103 interesul clien\u021bilor de a fi mai preten\u021bio\u0219i \u0219i de a cere at\u00e2t loca\u021bie bun\u0103, dar \u0219i calitate, certific\u0103ri ale proiectului \u0219i c\u00e2t mai multe facilit\u0103\u021bi \u0219i beneficii. De aceea, suntem convin\u0219i c\u0103 proiectele noatre curente din Bucure\u0219ti, Luxuria Domenii Residence \u0219i Greenfield Residence, vor continua s\u0103 aib\u0103 un avantaj concuren\u021bial hot\u0103r\u00e2tor at\u00e2t prin prisma unicit\u0103\u021bii proiectelor, dar \u0219i prin stabilitatea \u0219i \u00eencrederea pe care o oferim clien\u021bilor.\u201d <\/p>\n<p><strong>R\u0103zvan Ionescu, Director de Marketing Impact Developer &#038; Contractor<\/strong><\/p><\/blockquote>\n<p>&nbsp;<\/p>\n<p><strong>Cite\u0219te \u0219i: <a class=\"article-body-links\"href=\"https:\/\/www.imobiliare.ro\/imoexpert\/facilitatile-asul-din-maneca-al-marilor-ansambluri-rezidentiale-planurile-pentru-un-proiect-ce-va-ajunge-la-aproape-6-000-de-locuinte_db\/\">Facilit\u0103\u021bile, asul din m\u00e2nec\u0103 al marilor ansambluri reziden\u021biale. Planurile pentru un proiect ce va ajunge la aproape 6.000 de locuin\u021be<\/a><\/strong><\/p>\n<p>Printre ansamblurile care vor participa la targul Imobiliarium din 11-13 octombrie se num\u0103r\u0103 Neo Timpuri Noi (divizie a One United), AFI City, Parcului 20 (Cordia), Greenfield Residence, Luxuria Domenii Residence, Arcadia Apartments Domenii, H Pipera Lake, Victoriei 139, Cloud 9 Residence, American Village, Valletta Residence, Hils Pallady Apartments, City Point Aviatiei, Atria Urban Resort, Apptown Residence, Swiss Lake Residence, Casa Presei Residence, Satul Scandinav, Metropolitan Residence.<\/p>\n<p><strong><a class=\"article-body-links\"href=\"https:\/\/www.imobiliare.ro\/\">Imobiliare.ro<\/a> este partener media al t\u00e2rgului Imobiliarium.<\/strong><\/p>\n","protected":false},"excerpt":{"rendered":"<p>Activitatea de dezvoltare imobiliar\u0103 este \u00een plin av\u00e2nt pe pia\u021ba bucure\u0219tean\u0103, ceea ce \u00eenseamn\u0103 c\u0103 dezvoltatorii mizeaz\u0103 pe o cerere (solvabil\u0103!) sus\u021binut\u0103 din partea cump\u0103r\u0103torilor. Organizatorii t\u00e2rgului Imobiliarium au realizat un studiu despre a\u0219tept\u0103rile dezvoltatorilor privind evolu\u021bia pre\u021burilor locuin\u021belor pe baza r\u0103spunsurilor participan\u021bilor la t\u00e2rgul de la B\u0103neasa, care va avea loc \u00een perioada 11-13 [&hellip;]<\/p>\n","protected":false},"author":829,"featured_media":56428,"comment_status":"open","ping_status":"open","sticky":false,"template":"","format":"standard","meta":{"footnotes":""},"categories":[259],"tags":[333,1841,386],"content_author":[],"class_list":["post-56427","post","type-post","status-publish","format-standard","has-post-thumbnail","hentry","category-stiri","tag-ansambluri-rezidentiale","tag-imobiliarium","tag-targ-imobiliar"],"yoast_head":"<!-- This site is optimized with the Yoast SEO Premium plugin v27.0 (Yoast SEO v27.0) - https:\/\/yoast.com\/product\/yoast-seo-premium-wordpress\/ -->\n<title>Imobiliarium: 6 din 10 dezvoltatori se a\u0219teapt\u0103 ca pre\u021burile locuin\u021belor s\u0103 creasc\u0103 \u00een urm\u0103torul an. Vezi cu c\u00e2t! - \u0218tiri - ImoExpert<\/title>\n<meta name=\"description\" content=\"Activitatea de dezvoltare imobiliar\u0103 este \u00een plin av\u00e2nt pe pia\u021ba bucure\u0219tean\u0103, ceea ce \u00eenseamn\u0103 c\u0103 dezvoltatorii mizeaz\u0103 pe o cerere (solvabil\u0103!)\" \/>\n<meta name=\"robots\" content=\"index, follow\" \/>\n<link rel=\"canonical\" href=\"https:\/\/www.imobiliare.ro\/imoexpert\/imobiliarium-6-din-10-dezvoltatori-se-asteapta-ca-preturile-locuintelor-sa-creasca-in-urmatorul-an-vezi-cu-cat_db\/\" \/>\n<meta property=\"og:locale\" content=\"ro_RO\" \/>\n<meta property=\"og:type\" content=\"article\" \/>\n<meta property=\"og:title\" content=\"Imobiliarium: 6 din 10 dezvoltatori se a\u0219teapt\u0103 ca pre\u021burile locuin\u021belor s\u0103 creasc\u0103 \u00een urm\u0103torul an. Vezi cu c\u00e2t!\" \/>\n<meta property=\"og:description\" content=\"Activitatea de dezvoltare imobiliar\u0103 este \u00een plin av\u00e2nt pe pia\u021ba bucure\u0219tean\u0103, ceea ce \u00eenseamn\u0103 c\u0103 dezvoltatorii mizeaz\u0103 pe o cerere (solvabil\u0103!)\" \/>\n<meta property=\"og:url\" content=\"https:\/\/www.imobiliare.ro\/imoexpert\/imobiliarium-6-din-10-dezvoltatori-se-asteapta-ca-preturile-locuintelor-sa-creasca-in-urmatorul-an-vezi-cu-cat_db\/\" \/>\n<meta property=\"og:site_name\" content=\"ImoExpert\" \/>\n<meta property=\"article:published_time\" content=\"2019-10-03T12:01:50+00:00\" \/>\n<meta property=\"og:image\" content=\"https:\/\/www.imobiliare.ro\/imoexpert\/wp-content\/uploads\/2019\/10\/6-din-10-dezvoltatori-se-asteapta-ca-preturile-locuintelor-sa-creasca-in-urmatorul-an-Vezi-cu-cat.jpg\" \/>\n\t<meta property=\"og:image:width\" content=\"800\" \/>\n\t<meta property=\"og:image:height\" content=\"533\" \/>\n\t<meta property=\"og:image:type\" content=\"image\/jpeg\" \/>\n<meta name=\"author\" content=\"Adriana Dr\u0103gu\u0219in\" \/>\n<meta name=\"twitter:card\" content=\"summary_large_image\" \/>\n<meta name=\"twitter:label1\" content=\"Written by\" \/>\n\t<meta name=\"twitter:data1\" content=\"Adriana Dr\u0103gu\u0219in\" \/>\n\t<meta name=\"twitter:label2\" content=\"Est. reading time\" \/>\n\t<meta name=\"twitter:data2\" content=\"4 minute\" \/>\n<script type=\"application\/ld+json\" class=\"yoast-schema-graph\">{\"@context\":\"https:\/\/schema.org\",\"@graph\":[{\"@type\":\"Article\",\"@id\":\"https:\/\/www.imobiliare.ro\/imoexpert\/imobiliarium-6-din-10-dezvoltatori-se-asteapta-ca-preturile-locuintelor-sa-creasca-in-urmatorul-an-vezi-cu-cat_db\/#article\",\"isPartOf\":{\"@id\":\"https:\/\/www.imobiliare.ro\/imoexpert\/imobiliarium-6-din-10-dezvoltatori-se-asteapta-ca-preturile-locuintelor-sa-creasca-in-urmatorul-an-vezi-cu-cat_db\/\"},\"author\":{\"name\":\"Adriana Dr\u0103gu\u0219in\",\"@id\":\"https:\/\/www.imobiliare.ro\/imoexpert\/#\/schema\/person\/8c13b0297075010b896471fabf0d7790\"},\"headline\":\"Imobiliarium: 6 din 10 dezvoltatori se a\u0219teapt\u0103 ca pre\u021burile locuin\u021belor s\u0103 creasc\u0103 \u00een urm\u0103torul an. Vezi cu c\u00e2t!\",\"datePublished\":\"2019-10-03T12:01:50+00:00\",\"mainEntityOfPage\":{\"@id\":\"https:\/\/www.imobiliare.ro\/imoexpert\/imobiliarium-6-din-10-dezvoltatori-se-asteapta-ca-preturile-locuintelor-sa-creasca-in-urmatorul-an-vezi-cu-cat_db\/\"},\"wordCount\":857,\"commentCount\":1,\"publisher\":{\"@id\":\"https:\/\/www.imobiliare.ro\/imoexpert\/#organization\"},\"image\":{\"@id\":\"https:\/\/www.imobiliare.ro\/imoexpert\/imobiliarium-6-din-10-dezvoltatori-se-asteapta-ca-preturile-locuintelor-sa-creasca-in-urmatorul-an-vezi-cu-cat_db\/#primaryimage\"},\"thumbnailUrl\":\"https:\/\/www.imobiliare.ro\/imoexpert\/wp-content\/uploads\/2019\/10\/6-din-10-dezvoltatori-se-asteapta-ca-preturile-locuintelor-sa-creasca-in-urmatorul-an-Vezi-cu-cat.jpg\",\"keywords\":[\"Ansambluri rezidentiale\",\"Imobiliarium\",\"targ imobiliar\"],\"articleSection\":[\"\u0218tiri\"],\"inLanguage\":\"en\",\"potentialAction\":[{\"@type\":\"CommentAction\",\"name\":\"Comment\",\"target\":[\"https:\/\/www.imobiliare.ro\/imoexpert\/imobiliarium-6-din-10-dezvoltatori-se-asteapta-ca-preturile-locuintelor-sa-creasca-in-urmatorul-an-vezi-cu-cat_db\/#respond\"]}],\"copyrightYear\":\"2019\",\"copyrightHolder\":{\"@id\":\"https:\/\/www.imobiliare.ro\/imoexpert\/#organization\"}},{\"@type\":\"WebPage\",\"@id\":\"https:\/\/www.imobiliare.ro\/imoexpert\/imobiliarium-6-din-10-dezvoltatori-se-asteapta-ca-preturile-locuintelor-sa-creasca-in-urmatorul-an-vezi-cu-cat_db\/\",\"url\":\"https:\/\/www.imobiliare.ro\/imoexpert\/imobiliarium-6-din-10-dezvoltatori-se-asteapta-ca-preturile-locuintelor-sa-creasca-in-urmatorul-an-vezi-cu-cat_db\/\",\"name\":\"Imobiliarium: 6 din 10 dezvoltatori se a\u0219teapt\u0103 ca pre\u021burile locuin\u021belor s\u0103 creasc\u0103 \u00een urm\u0103torul an. Vezi cu c\u00e2t! - \u0218tiri - ImoExpert\",\"isPartOf\":{\"@id\":\"https:\/\/www.imobiliare.ro\/imoexpert\/#website\"},\"primaryImageOfPage\":{\"@id\":\"https:\/\/www.imobiliare.ro\/imoexpert\/imobiliarium-6-din-10-dezvoltatori-se-asteapta-ca-preturile-locuintelor-sa-creasca-in-urmatorul-an-vezi-cu-cat_db\/#primaryimage\"},\"image\":{\"@id\":\"https:\/\/www.imobiliare.ro\/imoexpert\/imobiliarium-6-din-10-dezvoltatori-se-asteapta-ca-preturile-locuintelor-sa-creasca-in-urmatorul-an-vezi-cu-cat_db\/#primaryimage\"},\"thumbnailUrl\":\"https:\/\/www.imobiliare.ro\/imoexpert\/wp-content\/uploads\/2019\/10\/6-din-10-dezvoltatori-se-asteapta-ca-preturile-locuintelor-sa-creasca-in-urmatorul-an-Vezi-cu-cat.jpg\",\"datePublished\":\"2019-10-03T12:01:50+00:00\",\"description\":\"Activitatea de dezvoltare imobiliar\u0103 este \u00een plin av\u00e2nt pe pia\u021ba bucure\u0219tean\u0103, ceea ce \u00eenseamn\u0103 c\u0103 dezvoltatorii mizeaz\u0103 pe o cerere (solvabil\u0103!)\",\"breadcrumb\":{\"@id\":\"https:\/\/www.imobiliare.ro\/imoexpert\/imobiliarium-6-din-10-dezvoltatori-se-asteapta-ca-preturile-locuintelor-sa-creasca-in-urmatorul-an-vezi-cu-cat_db\/#breadcrumb\"},\"inLanguage\":\"en\",\"potentialAction\":[{\"@type\":\"ReadAction\",\"target\":[\"https:\/\/www.imobiliare.ro\/imoexpert\/imobiliarium-6-din-10-dezvoltatori-se-asteapta-ca-preturile-locuintelor-sa-creasca-in-urmatorul-an-vezi-cu-cat_db\/\"]}]},{\"@type\":\"ImageObject\",\"inLanguage\":\"en\",\"@id\":\"https:\/\/www.imobiliare.ro\/imoexpert\/imobiliarium-6-din-10-dezvoltatori-se-asteapta-ca-preturile-locuintelor-sa-creasca-in-urmatorul-an-vezi-cu-cat_db\/#primaryimage\",\"url\":\"https:\/\/www.imobiliare.ro\/imoexpert\/wp-content\/uploads\/2019\/10\/6-din-10-dezvoltatori-se-asteapta-ca-preturile-locuintelor-sa-creasca-in-urmatorul-an-Vezi-cu-cat.jpg\",\"contentUrl\":\"https:\/\/www.imobiliare.ro\/imoexpert\/wp-content\/uploads\/2019\/10\/6-din-10-dezvoltatori-se-asteapta-ca-preturile-locuintelor-sa-creasca-in-urmatorul-an-Vezi-cu-cat.jpg\",\"width\":800,\"height\":533,\"caption\":\"Doar 10% dintre participan\u021bii la studiu sunt de p\u0103rere c\u0103 pre\u021burile vor scadea \u00een aceea\u0219i perioad\u0103\"},{\"@type\":\"BreadcrumbList\",\"@id\":\"https:\/\/www.imobiliare.ro\/imoexpert\/imobiliarium-6-din-10-dezvoltatori-se-asteapta-ca-preturile-locuintelor-sa-creasca-in-urmatorul-an-vezi-cu-cat_db\/#breadcrumb\",\"itemListElement\":[{\"@type\":\"ListItem\",\"position\":1,\"name\":\"Imoradar24\",\"item\":\"https:\/\/www.imoradar24.ro\"},{\"@type\":\"ListItem\",\"position\":2,\"name\":\"ImoExpert\",\"item\":\"https:\/\/www.imobiliare.ro\/imoexpert\/\"},{\"@type\":\"ListItem\",\"position\":3,\"name\":\"\u0218tiri\",\"item\":\"https:\/\/www.imobiliare.ro\/imoexpert\/stiri\/\"},{\"@type\":\"ListItem\",\"position\":4,\"name\":\"Imobiliarium: 6 din 10 dezvoltatori se a\u0219teapt\u0103 ca pre\u021burile locuin\u021belor s\u0103 creasc\u0103 \u00een urm\u0103torul an. Vezi cu c\u00e2t!\"}]},{\"@type\":\"WebSite\",\"@id\":\"https:\/\/www.imobiliare.ro\/imoexpert\/#website\",\"url\":\"https:\/\/www.imobiliare.ro\/imoexpert\/\",\"name\":\"ImoExpert\",\"description\":\"cele mai importante \u015ftiri din domeniul imobiliar\",\"publisher\":{\"@id\":\"https:\/\/www.imobiliare.ro\/imoexpert\/#organization\"},\"inLanguage\":\"en\"},{\"@type\":\"Organization\",\"@id\":\"https:\/\/www.imobiliare.ro\/imoexpert\/#organization\",\"name\":\"Imobiliare.ro\",\"alternateName\":\"Realmedia Network SA\",\"url\":\"https:\/\/www.imobiliare.ro\/imoexpert\/\",\"logo\":{\"@type\":\"ImageObject\",\"inLanguage\":\"en\",\"@id\":\"https:\/\/www.imobiliare.ro\/imoexpert\/#\/schema\/logo\/image\/\",\"url\":\"https:\/\/www.imobiliare.ro\/imoexpert\/wp-content\/uploads\/2025\/05\/imobiliare_logo.png\",\"contentUrl\":\"https:\/\/www.imobiliare.ro\/imoexpert\/wp-content\/uploads\/2025\/05\/imobiliare_logo.png\",\"width\":237,\"height\":29,\"caption\":\"Imobiliare.ro\"},\"image\":{\"@id\":\"https:\/\/www.imobiliare.ro\/imoexpert\/#\/schema\/logo\/image\/\"}},{\"@type\":\"Person\",\"@id\":\"https:\/\/www.imobiliare.ro\/imoexpert\/#\/schema\/person\/8c13b0297075010b896471fabf0d7790\",\"name\":\"Adriana Dr\u0103gu\u0219in\",\"image\":{\"@type\":\"ImageObject\",\"inLanguage\":\"en\",\"@id\":\"https:\/\/www.imobiliare.ro\/imoexpert\/#\/schema\/person\/image\/\",\"url\":\"https:\/\/secure.gravatar.com\/avatar\/ba4762f7517e50e679ed7f11207102d1150120f2f5800c0da98f8a15305bf514?s=96&d=mm&r=g\",\"contentUrl\":\"https:\/\/secure.gravatar.com\/avatar\/ba4762f7517e50e679ed7f11207102d1150120f2f5800c0da98f8a15305bf514?s=96&d=mm&r=g\",\"caption\":\"Adriana Dr\u0103gu\u0219in\"},\"jobTitle\":\"Editor\",\"url\":\"https:\/\/www.imobiliare.ro\/imoexpert\/author\/adriana-dragusin\/\"}]}<\/script>\n<!-- \/ Yoast SEO Premium plugin. -->","yoast_head_json":{"title":"Imobiliarium: 6 din 10 dezvoltatori se a\u0219teapt\u0103 ca pre\u021burile locuin\u021belor s\u0103 creasc\u0103 \u00een urm\u0103torul an. Vezi cu c\u00e2t! - \u0218tiri - ImoExpert","description":"Activitatea de dezvoltare imobiliar\u0103 este \u00een plin av\u00e2nt pe pia\u021ba bucure\u0219tean\u0103, ceea ce \u00eenseamn\u0103 c\u0103 dezvoltatorii mizeaz\u0103 pe o cerere (solvabil\u0103!)","robots":{"index":"index","follow":"follow"},"canonical":"https:\/\/www.imobiliare.ro\/imoexpert\/imobiliarium-6-din-10-dezvoltatori-se-asteapta-ca-preturile-locuintelor-sa-creasca-in-urmatorul-an-vezi-cu-cat_db\/","og_locale":"ro_RO","og_type":"article","og_title":"Imobiliarium: 6 din 10 dezvoltatori se a\u0219teapt\u0103 ca pre\u021burile locuin\u021belor s\u0103 creasc\u0103 \u00een urm\u0103torul an. Vezi cu c\u00e2t!","og_description":"Activitatea de dezvoltare imobiliar\u0103 este \u00een plin av\u00e2nt pe pia\u021ba bucure\u0219tean\u0103, ceea ce \u00eenseamn\u0103 c\u0103 dezvoltatorii mizeaz\u0103 pe o cerere (solvabil\u0103!)","og_url":"https:\/\/www.imobiliare.ro\/imoexpert\/imobiliarium-6-din-10-dezvoltatori-se-asteapta-ca-preturile-locuintelor-sa-creasca-in-urmatorul-an-vezi-cu-cat_db\/","og_site_name":"ImoExpert","article_published_time":"2019-10-03T12:01:50+00:00","og_image":[{"width":800,"height":533,"url":"https:\/\/www.imobiliare.ro\/imoexpert\/wp-content\/uploads\/2019\/10\/6-din-10-dezvoltatori-se-asteapta-ca-preturile-locuintelor-sa-creasca-in-urmatorul-an-Vezi-cu-cat.jpg","type":"image\/jpeg"}],"author":"Adriana Dr\u0103gu\u0219in","twitter_card":"summary_large_image","twitter_misc":{"Written by":"Adriana Dr\u0103gu\u0219in","Est. reading time":"4 minute"},"schema":{"@context":"https:\/\/schema.org","@graph":[{"@type":"Article","@id":"https:\/\/www.imobiliare.ro\/imoexpert\/imobiliarium-6-din-10-dezvoltatori-se-asteapta-ca-preturile-locuintelor-sa-creasca-in-urmatorul-an-vezi-cu-cat_db\/#article","isPartOf":{"@id":"https:\/\/www.imobiliare.ro\/imoexpert\/imobiliarium-6-din-10-dezvoltatori-se-asteapta-ca-preturile-locuintelor-sa-creasca-in-urmatorul-an-vezi-cu-cat_db\/"},"author":{"name":"Adriana Dr\u0103gu\u0219in","@id":"https:\/\/www.imobiliare.ro\/imoexpert\/#\/schema\/person\/8c13b0297075010b896471fabf0d7790"},"headline":"Imobiliarium: 6 din 10 dezvoltatori se a\u0219teapt\u0103 ca pre\u021burile locuin\u021belor s\u0103 creasc\u0103 \u00een urm\u0103torul an. Vezi cu c\u00e2t!","datePublished":"2019-10-03T12:01:50+00:00","mainEntityOfPage":{"@id":"https:\/\/www.imobiliare.ro\/imoexpert\/imobiliarium-6-din-10-dezvoltatori-se-asteapta-ca-preturile-locuintelor-sa-creasca-in-urmatorul-an-vezi-cu-cat_db\/"},"wordCount":857,"commentCount":1,"publisher":{"@id":"https:\/\/www.imobiliare.ro\/imoexpert\/#organization"},"image":{"@id":"https:\/\/www.imobiliare.ro\/imoexpert\/imobiliarium-6-din-10-dezvoltatori-se-asteapta-ca-preturile-locuintelor-sa-creasca-in-urmatorul-an-vezi-cu-cat_db\/#primaryimage"},"thumbnailUrl":"https:\/\/www.imobiliare.ro\/imoexpert\/wp-content\/uploads\/2019\/10\/6-din-10-dezvoltatori-se-asteapta-ca-preturile-locuintelor-sa-creasca-in-urmatorul-an-Vezi-cu-cat.jpg","keywords":["Ansambluri rezidentiale","Imobiliarium","targ imobiliar"],"articleSection":["\u0218tiri"],"inLanguage":"en","potentialAction":[{"@type":"CommentAction","name":"Comment","target":["https:\/\/www.imobiliare.ro\/imoexpert\/imobiliarium-6-din-10-dezvoltatori-se-asteapta-ca-preturile-locuintelor-sa-creasca-in-urmatorul-an-vezi-cu-cat_db\/#respond"]}],"copyrightYear":"2019","copyrightHolder":{"@id":"https:\/\/www.imobiliare.ro\/imoexpert\/#organization"}},{"@type":"WebPage","@id":"https:\/\/www.imobiliare.ro\/imoexpert\/imobiliarium-6-din-10-dezvoltatori-se-asteapta-ca-preturile-locuintelor-sa-creasca-in-urmatorul-an-vezi-cu-cat_db\/","url":"https:\/\/www.imobiliare.ro\/imoexpert\/imobiliarium-6-din-10-dezvoltatori-se-asteapta-ca-preturile-locuintelor-sa-creasca-in-urmatorul-an-vezi-cu-cat_db\/","name":"Imobiliarium: 6 din 10 dezvoltatori se a\u0219teapt\u0103 ca pre\u021burile locuin\u021belor s\u0103 creasc\u0103 \u00een urm\u0103torul an. Vezi cu c\u00e2t! - \u0218tiri - ImoExpert","isPartOf":{"@id":"https:\/\/www.imobiliare.ro\/imoexpert\/#website"},"primaryImageOfPage":{"@id":"https:\/\/www.imobiliare.ro\/imoexpert\/imobiliarium-6-din-10-dezvoltatori-se-asteapta-ca-preturile-locuintelor-sa-creasca-in-urmatorul-an-vezi-cu-cat_db\/#primaryimage"},"image":{"@id":"https:\/\/www.imobiliare.ro\/imoexpert\/imobiliarium-6-din-10-dezvoltatori-se-asteapta-ca-preturile-locuintelor-sa-creasca-in-urmatorul-an-vezi-cu-cat_db\/#primaryimage"},"thumbnailUrl":"https:\/\/www.imobiliare.ro\/imoexpert\/wp-content\/uploads\/2019\/10\/6-din-10-dezvoltatori-se-asteapta-ca-preturile-locuintelor-sa-creasca-in-urmatorul-an-Vezi-cu-cat.jpg","datePublished":"2019-10-03T12:01:50+00:00","description":"Activitatea de dezvoltare imobiliar\u0103 este \u00een plin av\u00e2nt pe pia\u021ba bucure\u0219tean\u0103, ceea ce \u00eenseamn\u0103 c\u0103 dezvoltatorii mizeaz\u0103 pe o cerere (solvabil\u0103!)","breadcrumb":{"@id":"https:\/\/www.imobiliare.ro\/imoexpert\/imobiliarium-6-din-10-dezvoltatori-se-asteapta-ca-preturile-locuintelor-sa-creasca-in-urmatorul-an-vezi-cu-cat_db\/#breadcrumb"},"inLanguage":"en","potentialAction":[{"@type":"ReadAction","target":["https:\/\/www.imobiliare.ro\/imoexpert\/imobiliarium-6-din-10-dezvoltatori-se-asteapta-ca-preturile-locuintelor-sa-creasca-in-urmatorul-an-vezi-cu-cat_db\/"]}]},{"@type":"ImageObject","inLanguage":"en","@id":"https:\/\/www.imobiliare.ro\/imoexpert\/imobiliarium-6-din-10-dezvoltatori-se-asteapta-ca-preturile-locuintelor-sa-creasca-in-urmatorul-an-vezi-cu-cat_db\/#primaryimage","url":"https:\/\/www.imobiliare.ro\/imoexpert\/wp-content\/uploads\/2019\/10\/6-din-10-dezvoltatori-se-asteapta-ca-preturile-locuintelor-sa-creasca-in-urmatorul-an-Vezi-cu-cat.jpg","contentUrl":"https:\/\/www.imobiliare.ro\/imoexpert\/wp-content\/uploads\/2019\/10\/6-din-10-dezvoltatori-se-asteapta-ca-preturile-locuintelor-sa-creasca-in-urmatorul-an-Vezi-cu-cat.jpg","width":800,"height":533,"caption":"Doar 10% dintre participan\u021bii la studiu sunt de p\u0103rere c\u0103 pre\u021burile vor scadea \u00een aceea\u0219i perioad\u0103"},{"@type":"BreadcrumbList","@id":"https:\/\/www.imobiliare.ro\/imoexpert\/imobiliarium-6-din-10-dezvoltatori-se-asteapta-ca-preturile-locuintelor-sa-creasca-in-urmatorul-an-vezi-cu-cat_db\/#breadcrumb","itemListElement":[{"@type":"ListItem","position":1,"name":"Imoradar24","item":"https:\/\/www.imoradar24.ro"},{"@type":"ListItem","position":2,"name":"ImoExpert","item":"https:\/\/www.imobiliare.ro\/imoexpert\/"},{"@type":"ListItem","position":3,"name":"\u0218tiri","item":"https:\/\/www.imobiliare.ro\/imoexpert\/stiri\/"},{"@type":"ListItem","position":4,"name":"Imobiliarium: 6 din 10 dezvoltatori se a\u0219teapt\u0103 ca pre\u021burile locuin\u021belor s\u0103 creasc\u0103 \u00een urm\u0103torul an. Vezi cu c\u00e2t!"}]},{"@type":"WebSite","@id":"https:\/\/www.imobiliare.ro\/imoexpert\/#website","url":"https:\/\/www.imobiliare.ro\/imoexpert\/","name":"ImoExpert","description":"cele mai importante \u015ftiri din domeniul imobiliar","publisher":{"@id":"https:\/\/www.imobiliare.ro\/imoexpert\/#organization"},"inLanguage":"en"},{"@type":"Organization","@id":"https:\/\/www.imobiliare.ro\/imoexpert\/#organization","name":"Imobiliare.ro","alternateName":"Realmedia Network SA","url":"https:\/\/www.imobiliare.ro\/imoexpert\/","logo":{"@type":"ImageObject","inLanguage":"en","@id":"https:\/\/www.imobiliare.ro\/imoexpert\/#\/schema\/logo\/image\/","url":"https:\/\/www.imobiliare.ro\/imoexpert\/wp-content\/uploads\/2025\/05\/imobiliare_logo.png","contentUrl":"https:\/\/www.imobiliare.ro\/imoexpert\/wp-content\/uploads\/2025\/05\/imobiliare_logo.png","width":237,"height":29,"caption":"Imobiliare.ro"},"image":{"@id":"https:\/\/www.imobiliare.ro\/imoexpert\/#\/schema\/logo\/image\/"}},{"@type":"Person","@id":"https:\/\/www.imobiliare.ro\/imoexpert\/#\/schema\/person\/8c13b0297075010b896471fabf0d7790","name":"Adriana Dr\u0103gu\u0219in","image":{"@type":"ImageObject","inLanguage":"en","@id":"https:\/\/www.imobiliare.ro\/imoexpert\/#\/schema\/person\/image\/","url":"https:\/\/secure.gravatar.com\/avatar\/ba4762f7517e50e679ed7f11207102d1150120f2f5800c0da98f8a15305bf514?s=96&d=mm&r=g","contentUrl":"https:\/\/secure.gravatar.com\/avatar\/ba4762f7517e50e679ed7f11207102d1150120f2f5800c0da98f8a15305bf514?s=96&d=mm&r=g","caption":"Adriana Dr\u0103gu\u0219in"},"jobTitle":"Editor","url":"https:\/\/www.imobiliare.ro\/imoexpert\/author\/adriana-dragusin\/"}]}},"_links":{"self":[{"href":"https:\/\/www.imobiliare.ro\/imoexpert\/wp-json\/wp\/v2\/posts\/56427","targetHints":{"allow":["GET"]}}],"collection":[{"href":"https:\/\/www.imobiliare.ro\/imoexpert\/wp-json\/wp\/v2\/posts"}],"about":[{"href":"https:\/\/www.imobiliare.ro\/imoexpert\/wp-json\/wp\/v2\/types\/post"}],"author":[{"embeddable":true,"href":"https:\/\/www.imobiliare.ro\/imoexpert\/wp-json\/wp\/v2\/users\/829"}],"replies":[{"embeddable":true,"href":"https:\/\/www.imobiliare.ro\/imoexpert\/wp-json\/wp\/v2\/comments?post=56427"}],"version-history":[{"count":0,"href":"https:\/\/www.imobiliare.ro\/imoexpert\/wp-json\/wp\/v2\/posts\/56427\/revisions"}],"wp:featuredmedia":[{"embeddable":true,"href":"https:\/\/www.imobiliare.ro\/imoexpert\/wp-json\/wp\/v2\/media\/56428"}],"wp:attachment":[{"href":"https:\/\/www.imobiliare.ro\/imoexpert\/wp-json\/wp\/v2\/media?parent=56427"}],"wp:term":[{"taxonomy":"category","embeddable":true,"href":"https:\/\/www.imobiliare.ro\/imoexpert\/wp-json\/wp\/v2\/categories?post=56427"},{"taxonomy":"post_tag","embeddable":true,"href":"https:\/\/www.imobiliare.ro\/imoexpert\/wp-json\/wp\/v2\/tags?post=56427"},{"taxonomy":"content_author","embeddable":true,"href":"https:\/\/www.imobiliare.ro\/imoexpert\/wp-json\/wp\/v2\/content_author?post=56427"}],"curies":[{"name":"wp","href":"https:\/\/api.w.org\/{rel}","templated":true}]}}