{"id":56478,"date":"2019-10-08T11:50:30","date_gmt":"2019-10-08T08:50:30","guid":{"rendered":"https:\/\/www.imobiliare.ro\/imoexpert\/?p=56478"},"modified":"2019-10-08T11:50:30","modified_gmt":"2019-10-08T08:50:30","slug":"preturile-apartamentelor-si-au-incetinit-cresterea-in-septembrie-vezi-unde-au-avut-loc-scaderi","status":"publish","type":"post","link":"https:\/\/www.imobiliare.ro\/imoexpert\/preturile-apartamentelor-si-au-incetinit-cresterea-in-septembrie-vezi-unde-au-avut-loc-scaderi_db\/","title":{"rendered":"Pre\u021burile apartamentelor \u0219i-au \u00eencetinit cre\u0219terea \u00een septembrie. Vezi unde au avut loc sc\u0103deri"},"content":{"rendered":"<figure id=\"attachment_56479\" aria-describedby=\"caption-attachment-56479\" style=\"width: 800px\" class=\"wp-caption aligncenter\"><a class=\"article-body-links\"href=\"https:\/\/www.imobiliare.ro\/imoexpert\/wp-content\/uploads\/2019\/10\/Preturile-apartamentelor-si-au-incetinit-cresterea-in-septembrie-vezi-unde-au-avut-loc-scaderi.jpg\"><img loading=\"lazy\" decoding=\"async\" src=\"https:\/\/www.imobiliare.ro\/imoexpert\/wp-content\/uploads\/2019\/10\/Preturile-apartamentelor-si-au-incetinit-cresterea-in-septembrie-vezi-unde-au-avut-loc-scaderi.jpg\" alt=\"\" width=\"800\" height=\"533\" class=\"size-full wp-image-56479\" srcset=\"https:\/\/www.imobiliare.ro\/imoexpert\/wp-content\/uploads\/2019\/10\/Preturile-apartamentelor-si-au-incetinit-cresterea-in-septembrie-vezi-unde-au-avut-loc-scaderi.jpg 800w, https:\/\/www.imobiliare.ro\/imoexpert\/wp-content\/uploads\/2019\/10\/Preturile-apartamentelor-si-au-incetinit-cresterea-in-septembrie-vezi-unde-au-avut-loc-scaderi-300x200.jpg 300w, https:\/\/www.imobiliare.ro\/imoexpert\/wp-content\/uploads\/2019\/10\/Preturile-apartamentelor-si-au-incetinit-cresterea-in-septembrie-vezi-unde-au-avut-loc-scaderi-768x512.jpg 768w\" sizes=\"auto, (max-width: 800px) 100vw, 800px\" \/><\/a><figcaption id=\"caption-attachment-56479\" class=\"wp-caption-text\">\u00cen Capital\u0103, cel mai mare avans al pre\u021burilor a avut loc pe segmentul apartamentelor vechi<\/figcaption><\/figure>\n<div id=\"ez-toc-container\" class=\"ez-toc-v2_0_81 counter-hierarchy ez-toc-counter ez-toc-grey ez-toc-container-direction\">\n<p class=\"ez-toc-title\" style=\"cursor:inherit\">Table of Contents<\/p>\n<label for=\"ez-toc-cssicon-toggle-item-69efb56fec5ca\" class=\"ez-toc-cssicon-toggle-label\"><span class=\"ez-toc-cssicon\"><span class=\"eztoc-hide\" style=\"display:none;\">Toggle<\/span><span class=\"ez-toc-icon-toggle-span\"><svg style=\"fill: #999;color:#999\" xmlns=\"http:\/\/www.w3.org\/2000\/svg\" class=\"list-377408\" width=\"20px\" height=\"20px\" viewBox=\"0 0 24 24\" fill=\"none\"><path d=\"M6 6H4v2h2V6zm14 0H8v2h12V6zM4 11h2v2H4v-2zm16 0H8v2h12v-2zM4 16h2v2H4v-2zm16 0H8v2h12v-2z\" fill=\"currentColor\"><\/path><\/svg><svg style=\"fill: #999;color:#999\" class=\"arrow-unsorted-368013\" xmlns=\"http:\/\/www.w3.org\/2000\/svg\" width=\"10px\" height=\"10px\" viewBox=\"0 0 24 24\" version=\"1.2\" baseProfile=\"tiny\"><path d=\"M18.2 9.3l-6.2-6.3-6.2 6.3c-.2.2-.3.4-.3.7s.1.5.3.7c.2.2.4.3.7.3h11c.3 0 .5-.1.7-.3.2-.2.3-.5.3-.7s-.1-.5-.3-.7zM5.8 14.7l6.2 6.3 6.2-6.3c.2-.2.3-.5.3-.7s-.1-.5-.3-.7c-.2-.2-.4-.3-.7-.3h-11c-.3 0-.5.1-.7.3-.2.2-.3.5-.3.7s.1.5.3.7z\"\/><\/svg><\/span><\/span><\/label><input type=\"checkbox\"  id=\"ez-toc-cssicon-toggle-item-69efb56fec5ca\"  aria-label=\"Toggle\" \/><nav><ul class='ez-toc-list ez-toc-list-level-1 ' ><li class='ez-toc-page-1 ez-toc-heading-level-2'><a class=\"ez-toc-link ez-toc-heading-1\" href=\"https:\/\/www.imobiliare.ro\/imoexpert\/preturile-apartamentelor-si-au-incetinit-cresterea-in-septembrie-vezi-unde-au-avut-loc-scaderi_db\/#Bucurestiul_si_Constanta_au_inregistrat_dintre_marile_orase_cele_mai_mari_cresteri_ale_preturilor_locuintelor\" >Bucure\u0219tiul \u0219i Constan\u021ba au \u00eenregistrat, dintre marile ora\u0219e, cele mai mari cre\u0219teri ale pre\u021burilor locuin\u021belor.<\/a><\/li><li class='ez-toc-page-1 ez-toc-heading-level-2'><a class=\"ez-toc-link ez-toc-heading-2\" href=\"https:\/\/www.imobiliare.ro\/imoexpert\/preturile-apartamentelor-si-au-incetinit-cresterea-in-septembrie-vezi-unde-au-avut-loc-scaderi_db\/#Bucuresti\" >Bucure\u0219ti:<\/a><\/li><li class='ez-toc-page-1 ez-toc-heading-level-2'><a class=\"ez-toc-link ez-toc-heading-3\" href=\"https:\/\/www.imobiliare.ro\/imoexpert\/preturile-apartamentelor-si-au-incetinit-cresterea-in-septembrie-vezi-unde-au-avut-loc-scaderi_db\/#Brasov\" >Bra\u0219ov:<\/a><\/li><li class='ez-toc-page-1 ez-toc-heading-level-2'><a class=\"ez-toc-link ez-toc-heading-4\" href=\"https:\/\/www.imobiliare.ro\/imoexpert\/preturile-apartamentelor-si-au-incetinit-cresterea-in-septembrie-vezi-unde-au-avut-loc-scaderi_db\/#Cluj-Napoca\" >Cluj-Napoca:<\/a><\/li><li class='ez-toc-page-1 ez-toc-heading-level-2'><a class=\"ez-toc-link ez-toc-heading-5\" href=\"https:\/\/www.imobiliare.ro\/imoexpert\/preturile-apartamentelor-si-au-incetinit-cresterea-in-septembrie-vezi-unde-au-avut-loc-scaderi_db\/#Constanta\" >Constan\u021ba:<\/a><\/li><li class='ez-toc-page-1 ez-toc-heading-level-2'><a class=\"ez-toc-link ez-toc-heading-6\" href=\"https:\/\/www.imobiliare.ro\/imoexpert\/preturile-apartamentelor-si-au-incetinit-cresterea-in-septembrie-vezi-unde-au-avut-loc-scaderi_db\/#Timisoara\" >Timi\u0219oara:<\/a><\/li><\/ul><\/nav><\/div>\n<h2><span class=\"ez-toc-section\" id=\"Bucurestiul_si_Constanta_au_inregistrat_dintre_marile_orase_cele_mai_mari_cresteri_ale_preturilor_locuintelor\"><\/span>Bucure\u0219tiul \u0219i Constan\u021ba au \u00eenregistrat, dintre marile ora\u0219e, cele mai mari cre\u0219teri ale pre\u021burilor locuin\u021belor.<span class=\"ez-toc-section-end\"><\/span><\/h2>\n<p>Dup\u0103 un plus de 1,2% \u00een luna august, apartamentele (noi \u0219i vechi) disponibile spre v\u00e2nzare \u00een Rom\u00e2nia au s-au apreciat \u0219i \u00een septembrie \u2013 avansul s-a cifrat, \u00eens\u0103, de data aceasta, la doar 0,6%. Potrivit <strong><a class=\"article-body-links\"href=\"https:\/\/www.imobiliare.ro\/indicele-imobiliare-ro\">Indicelui Imobiliare.ro<\/a><\/strong>, o asemenea unitate locativ\u0103 poate fi achizi\u021bionat\u0103, la nivel na\u021bional, cu 1.272 de euro pe metru p\u0103trat util, fa\u021b\u0103 de 1.264 de euro pe metru p\u0103trat util la finele sezonului estival. Interesant este c\u0103, de\u0219i tendin\u021ba general\u0103 a pre\u021burilor a fost una ascendent\u0103 \u00een prima lun\u0103 de toamn\u0103, \u00een dou\u0103 dintre marile ora\u0219e monitorizate constant de <strong><a class=\"article-body-links\"href=\"https:\/\/www.imobiliare.ro\/\">Imobiliare.ro<\/a><\/strong> au avut loc ieftiniri. Pe de alt\u0103 parte, Bucure\u0219tiul \u0219i Constan\u021ba se situeaz\u0103, la egalitate, pe primul loc \u00een clasamentul scumpirilor, cu marje de cre\u0219tere semnificativ peste media na\u021bional\u0103. <\/p>\n<h2><span class=\"ez-toc-section\" id=\"Bucuresti\"><\/span>Bucure\u0219ti:<span class=\"ez-toc-section-end\"><\/span><\/h2>\n<p>\u00cen Capital\u0103, preten\u021biile v\u00e2nz\u0103torilor s-au majorat cu 1,8% \u00een luna septembrie, ajung\u00e2nd la o medie de 1.376 de euro pe metru p\u0103trat util (fa\u021b\u0103 de 1.352 de euro pe metru p\u0103trat la sf\u00e2r\u0219itul lunii precedente). Spre deosebire de tendin\u021ba din ultima perioad\u0103, cea mai semnificativ\u0103 cre\u0219tere a fost consemnat\u0103, de data aceasta, pe segmentul apartamentelor vechi: acestea s-au apreciat cu 2,3%, de la 1.282 la 1.312 euro pe metru p\u0103trat. Locuin\u021bele noi, pe de alt\u0103 parte, s-au scumpit cu 1,4%, put\u00e2nd fi achizi\u021bionate acum cu 1.426 de euro pe metru p\u0103trat (fa\u021b\u0103 de 1.406 euro pe metru p\u0103trat). <\/p>\n<h2><span class=\"ez-toc-section\" id=\"Brasov\"><\/span>Bra\u0219ov:<span class=\"ez-toc-section-end\"><\/span><\/h2>\n<p>Ora\u0219ul de la poalele T\u00e2mpei este unul dintre cele dou\u0103 mari centre regionale unde <strong><a class=\"article-body-links\"href=\"https:\/\/www.imobiliare.ro\/indicele-imobiliare-ro\">Indicele Imobiliare.ro<\/a><\/strong> a \u00eenregistrat reduceri de pre\u021b \u00een luna septembrie. Aici, apartamentele s-au ieftinit, per ansamblu, cu 0,9%, de la 1.146 la 1.136 de euro pe metru p\u0103trat util. Sc\u0103deri au avut loc pe ambele segmente de pia\u021b\u0103 analizate: locuin\u021bele din blocurile vechi s-au depreciat cu 0,9% (de la 1.131 la 1.121 de euro pe metru p\u0103trat), iar cele din noile ansambluri reziden\u021biale cu 1% (de la 1.177 la 1.165 de euro pe metru p\u0103trat).<\/p>\n<h2><span class=\"ez-toc-section\" id=\"Cluj-Napoca\"><\/span>Cluj-Napoca:<span class=\"ez-toc-section-end\"><\/span><\/h2>\n<p>\u00cen capitala Transilvaniei, marja de cre\u0219tere a pre\u021burilor s-a situat, \u00een septembrie, la egalitate cu cea consemnat\u0103 la nivel na\u021bional: apartamentele cost\u0103, per ansamblu, cu 0,6% mai mult dec\u00e2t la finele lui august, respectiv 1.640 de euro pe metru p\u0103trat util, fa\u021b\u0103 de 1.631 de euro pe metru p\u0103trat. Cele dou\u0103 segmente de pia\u021b\u0103 analizate au avut, \u00een mod interesant, evolu\u021bii contrastante: locuin\u021bele din blocurile vechi s-au apreciat cu 1,8% (de la 1.627 la 1.656 de euro pe metru p\u0103trat), \u00een vreme ce unit\u0103\u021bile locative nou-construite s-au ieftinit cu 0,9% (de la 1.636 la 1.622 de euro pe metru p\u0103trat). Apartamentele vechi din Cluj-Napoca sunt, astfel, din nou, mai scumpe dec\u00e2t cele noi.<\/p>\n<h2><span class=\"ez-toc-section\" id=\"Constanta\"><\/span>Constan\u021ba:<span class=\"ez-toc-section-end\"><\/span><\/h2>\n<p>Ca \u0219i cei din Bucure\u0219ti, v\u00e2nz\u0103torii de locuin\u021be din ora\u0219ul de la malul m\u0103rii \u0219i-au majorat preten\u021biile cu 1,8% \u00een luna septembrie \u2013 astfel, un apartament cost\u0103, aici, 1.171  de euro pe metru p\u0103trat util, fa\u021b\u0103 de 1.150 de euro pe metru p\u0103trat luna trecut\u0103. Cre\u0219teri de pre\u021b au fost consemnate pe ambele segmente de pia\u021b\u0103, de\u0219i acestea au fost inegale: apartamentele vechi s-au apreciat cu 1,4% (de la 1.148 la 1.164 de euro pe metru p\u0103trat), \u00eens\u0103 cele noi au cunoscut un avans mai semnificativ, respectiv 3,5% (de la 1.158 la 1.198 de euro pe metru p\u0103trat). <\/p>\n<p><stronh2>Ia\u0219i:<\/h2>\n<p>Capitala Moldovei este al doilea mare centru regional \u00een care locuin\u021bele s-au ieftinit \u00een prima lun\u0103 de toamn\u0103, varia\u021bia de pre\u021b de aici fiind \u0219i mai accentuat\u0103. Per ansamblu, un apartament cost\u0103, \u00een Ia\u0219i, cu 2,7% mai pu\u021bin dec\u00e2t \u00een august, respectiv 1.045 de euro pe metru p\u0103trat util, fa\u021b\u0103 de 1.074 de euro pe metru p\u0103trat. Interesant este c\u0103 sc\u0103derea consemnat\u0103 de locuin\u021bele vechi a fost pu\u021bin semnificativ\u0103 (-0,1%, de la 1.038 la 1.037 de euro pe metru p\u0103trat), \u00een evident contrast cu cea resim\u021bit\u0103 pe segmentul reziden\u021bial nou \u2013 unde a avut loc un recul de 5,1%, de la 1.107 la 1.051 de euro pe metru p\u0103trat.<\/p>\n<h2><span class=\"ez-toc-section\" id=\"Timisoara\"><\/span>Timi\u0219oara:<span class=\"ez-toc-section-end\"><\/span><\/h2>\n<p>\u00cen capitala Banatului, <strong><a class=\"article-body-links\"href=\"https:\/\/www.imobiliare.ro\/indicele-imobiliare-ro\">Indicele Imobiliare.ro<\/a><\/strong> relev\u0103, pentru luna trecut\u0103, un avans general de 0,5%, de la o medie de 1.244 de euro pe metru p\u0103trat util, la una de 1.250 de euro pe metru p\u0103trat. \u0218i aici, proprietarii de apartamente vechi \u0219i v\u00e2nz\u0103torii de apartamente noi au avut comportamente diferite: cei dint\u00e2i \u0219i-au majorat preten\u021biile cu 0,9% (ridic\u00e2nd pre\u021burile de la 1.246 la 1.257 de euro pe metru p\u0103trat), \u00eens\u0103 cei din urm\u0103, dimpotriv\u0103, \u0219i-au diminuat a\u0219tept\u0103rile cu 0,8% (de la 1.236 la 1.226 de euro pe metru p\u0103trat). <\/p>\n","protected":false},"excerpt":{"rendered":"<p>Bucure\u0219tiul \u0219i Constan\u021ba au \u00eenregistrat, dintre marile ora\u0219e, cele mai mari cre\u0219teri ale pre\u021burilor locuin\u021belor. Dup\u0103 un plus de 1,2% \u00een luna august, apartamentele (noi \u0219i vechi) disponibile spre v\u00e2nzare \u00een Rom\u00e2nia au s-au apreciat \u0219i \u00een septembrie \u2013 avansul s-a cifrat, \u00eens\u0103, de data aceasta, la doar 0,6%. Potrivit Indicelui Imobiliare.ro, o asemenea unitate [&hellip;]<\/p>\n","protected":false},"author":829,"featured_media":56479,"comment_status":"open","ping_status":"open","sticky":false,"template":"","format":"standard","meta":{"footnotes":""},"categories":[259],"tags":[299,1410,507,1411,451],"content_author":[],"class_list":["post-56478","post","type-post","status-publish","format-standard","has-post-thumbnail","hentry","category-stiri","tag-indicele-imobiliare-ro","tag-newsletter","tag-preturi-apartamente","tag-principal","tag-proprietar"],"yoast_head":"<!-- This site is optimized with the Yoast SEO Premium plugin v27.0 (Yoast SEO v27.0) - https:\/\/yoast.com\/product\/yoast-seo-premium-wordpress\/ -->\n<title>Pre\u021burile apartamentelor \u0219i-au \u00eencetinit cre\u0219terea \u00een septembrie. Vezi unde au avut loc sc\u0103deri - \u0218tiri - ImoExpert<\/title>\n<meta name=\"description\" content=\"Bucure\u0219tiul \u0219i Constan\u021ba au \u00eenregistrat, dintre marile ora\u0219e, cele mai mari cre\u0219teri ale pre\u021burilor locuin\u021belor. Dup\u0103 un plus de 1,2% \u00een luna august,\" \/>\n<meta name=\"robots\" content=\"index, follow\" \/>\n<link rel=\"canonical\" href=\"https:\/\/www.imobiliare.ro\/imoexpert\/preturile-apartamentelor-si-au-incetinit-cresterea-in-septembrie-vezi-unde-au-avut-loc-scaderi_db\/\" \/>\n<meta property=\"og:locale\" content=\"ro_RO\" \/>\n<meta property=\"og:type\" content=\"article\" \/>\n<meta property=\"og:title\" content=\"Pre\u021burile apartamentelor \u0219i-au \u00eencetinit cre\u0219terea \u00een septembrie. Vezi unde au avut loc sc\u0103deri\" \/>\n<meta property=\"og:description\" content=\"Bucure\u0219tiul \u0219i Constan\u021ba au \u00eenregistrat, dintre marile ora\u0219e, cele mai mari cre\u0219teri ale pre\u021burilor locuin\u021belor. Dup\u0103 un plus de 1,2% \u00een luna august,\" \/>\n<meta property=\"og:url\" content=\"https:\/\/www.imobiliare.ro\/imoexpert\/preturile-apartamentelor-si-au-incetinit-cresterea-in-septembrie-vezi-unde-au-avut-loc-scaderi_db\/\" \/>\n<meta property=\"og:site_name\" content=\"ImoExpert\" \/>\n<meta property=\"article:published_time\" content=\"2019-10-08T08:50:30+00:00\" \/>\n<meta property=\"og:image\" content=\"https:\/\/www.imobiliare.ro\/imoexpert\/wp-content\/uploads\/2019\/10\/Preturile-apartamentelor-si-au-incetinit-cresterea-in-septembrie-vezi-unde-au-avut-loc-scaderi.jpg\" \/>\n\t<meta property=\"og:image:width\" content=\"800\" \/>\n\t<meta property=\"og:image:height\" content=\"533\" \/>\n\t<meta property=\"og:image:type\" content=\"image\/jpeg\" \/>\n<meta name=\"author\" content=\"Adriana Dr\u0103gu\u0219in\" \/>\n<meta name=\"twitter:card\" content=\"summary_large_image\" \/>\n<meta name=\"twitter:label1\" content=\"Written by\" \/>\n\t<meta name=\"twitter:data1\" content=\"Adriana Dr\u0103gu\u0219in\" \/>\n\t<meta name=\"twitter:label2\" content=\"Est. reading time\" \/>\n\t<meta name=\"twitter:data2\" content=\"4 minute\" \/>\n<script type=\"application\/ld+json\" class=\"yoast-schema-graph\">{\"@context\":\"https:\/\/schema.org\",\"@graph\":[{\"@type\":\"Article\",\"@id\":\"https:\/\/www.imobiliare.ro\/imoexpert\/preturile-apartamentelor-si-au-incetinit-cresterea-in-septembrie-vezi-unde-au-avut-loc-scaderi_db\/#article\",\"isPartOf\":{\"@id\":\"https:\/\/www.imobiliare.ro\/imoexpert\/preturile-apartamentelor-si-au-incetinit-cresterea-in-septembrie-vezi-unde-au-avut-loc-scaderi_db\/\"},\"author\":{\"name\":\"Adriana Dr\u0103gu\u0219in\",\"@id\":\"https:\/\/www.imobiliare.ro\/imoexpert\/#\/schema\/person\/8c13b0297075010b896471fabf0d7790\"},\"headline\":\"Pre\u021burile apartamentelor \u0219i-au \u00eencetinit cre\u0219terea \u00een septembrie. Vezi unde au avut loc sc\u0103deri\",\"datePublished\":\"2019-10-08T08:50:30+00:00\",\"mainEntityOfPage\":{\"@id\":\"https:\/\/www.imobiliare.ro\/imoexpert\/preturile-apartamentelor-si-au-incetinit-cresterea-in-septembrie-vezi-unde-au-avut-loc-scaderi_db\/\"},\"wordCount\":823,\"commentCount\":0,\"publisher\":{\"@id\":\"https:\/\/www.imobiliare.ro\/imoexpert\/#organization\"},\"image\":{\"@id\":\"https:\/\/www.imobiliare.ro\/imoexpert\/preturile-apartamentelor-si-au-incetinit-cresterea-in-septembrie-vezi-unde-au-avut-loc-scaderi_db\/#primaryimage\"},\"thumbnailUrl\":\"https:\/\/www.imobiliare.ro\/imoexpert\/wp-content\/uploads\/2019\/10\/Preturile-apartamentelor-si-au-incetinit-cresterea-in-septembrie-vezi-unde-au-avut-loc-scaderi.jpg\",\"keywords\":[\"indicele imobiliare.ro\",\"newsletter\",\"preturi apartamente\",\"principal\",\"proprietar\"],\"articleSection\":[\"\u0218tiri\"],\"inLanguage\":\"en\",\"potentialAction\":[{\"@type\":\"CommentAction\",\"name\":\"Comment\",\"target\":[\"https:\/\/www.imobiliare.ro\/imoexpert\/preturile-apartamentelor-si-au-incetinit-cresterea-in-septembrie-vezi-unde-au-avut-loc-scaderi_db\/#respond\"]}],\"copyrightYear\":\"2019\",\"copyrightHolder\":{\"@id\":\"https:\/\/www.imobiliare.ro\/imoexpert\/#organization\"}},{\"@type\":\"WebPage\",\"@id\":\"https:\/\/www.imobiliare.ro\/imoexpert\/preturile-apartamentelor-si-au-incetinit-cresterea-in-septembrie-vezi-unde-au-avut-loc-scaderi_db\/\",\"url\":\"https:\/\/www.imobiliare.ro\/imoexpert\/preturile-apartamentelor-si-au-incetinit-cresterea-in-septembrie-vezi-unde-au-avut-loc-scaderi_db\/\",\"name\":\"Pre\u021burile apartamentelor \u0219i-au \u00eencetinit cre\u0219terea \u00een septembrie. Vezi unde au avut loc sc\u0103deri - \u0218tiri - ImoExpert\",\"isPartOf\":{\"@id\":\"https:\/\/www.imobiliare.ro\/imoexpert\/#website\"},\"primaryImageOfPage\":{\"@id\":\"https:\/\/www.imobiliare.ro\/imoexpert\/preturile-apartamentelor-si-au-incetinit-cresterea-in-septembrie-vezi-unde-au-avut-loc-scaderi_db\/#primaryimage\"},\"image\":{\"@id\":\"https:\/\/www.imobiliare.ro\/imoexpert\/preturile-apartamentelor-si-au-incetinit-cresterea-in-septembrie-vezi-unde-au-avut-loc-scaderi_db\/#primaryimage\"},\"thumbnailUrl\":\"https:\/\/www.imobiliare.ro\/imoexpert\/wp-content\/uploads\/2019\/10\/Preturile-apartamentelor-si-au-incetinit-cresterea-in-septembrie-vezi-unde-au-avut-loc-scaderi.jpg\",\"datePublished\":\"2019-10-08T08:50:30+00:00\",\"description\":\"Bucure\u0219tiul \u0219i Constan\u021ba au \u00eenregistrat, dintre marile ora\u0219e, cele mai mari cre\u0219teri ale pre\u021burilor locuin\u021belor. Dup\u0103 un plus de 1,2% \u00een luna august,\",\"breadcrumb\":{\"@id\":\"https:\/\/www.imobiliare.ro\/imoexpert\/preturile-apartamentelor-si-au-incetinit-cresterea-in-septembrie-vezi-unde-au-avut-loc-scaderi_db\/#breadcrumb\"},\"inLanguage\":\"en\",\"potentialAction\":[{\"@type\":\"ReadAction\",\"target\":[\"https:\/\/www.imobiliare.ro\/imoexpert\/preturile-apartamentelor-si-au-incetinit-cresterea-in-septembrie-vezi-unde-au-avut-loc-scaderi_db\/\"]}]},{\"@type\":\"ImageObject\",\"inLanguage\":\"en\",\"@id\":\"https:\/\/www.imobiliare.ro\/imoexpert\/preturile-apartamentelor-si-au-incetinit-cresterea-in-septembrie-vezi-unde-au-avut-loc-scaderi_db\/#primaryimage\",\"url\":\"https:\/\/www.imobiliare.ro\/imoexpert\/wp-content\/uploads\/2019\/10\/Preturile-apartamentelor-si-au-incetinit-cresterea-in-septembrie-vezi-unde-au-avut-loc-scaderi.jpg\",\"contentUrl\":\"https:\/\/www.imobiliare.ro\/imoexpert\/wp-content\/uploads\/2019\/10\/Preturile-apartamentelor-si-au-incetinit-cresterea-in-septembrie-vezi-unde-au-avut-loc-scaderi.jpg\",\"width\":800,\"height\":533,\"caption\":\"\u00cen Capital\u0103, cel mai mare avans al pre\u021burilor a avut loc pe segmentul apartamentelor vechi\"},{\"@type\":\"BreadcrumbList\",\"@id\":\"https:\/\/www.imobiliare.ro\/imoexpert\/preturile-apartamentelor-si-au-incetinit-cresterea-in-septembrie-vezi-unde-au-avut-loc-scaderi_db\/#breadcrumb\",\"itemListElement\":[{\"@type\":\"ListItem\",\"position\":1,\"name\":\"Imoradar24\",\"item\":\"https:\/\/www.imoradar24.ro\"},{\"@type\":\"ListItem\",\"position\":2,\"name\":\"ImoExpert\",\"item\":\"https:\/\/www.imobiliare.ro\/imoexpert\/\"},{\"@type\":\"ListItem\",\"position\":3,\"name\":\"\u0218tiri\",\"item\":\"https:\/\/www.imobiliare.ro\/imoexpert\/stiri\/\"},{\"@type\":\"ListItem\",\"position\":4,\"name\":\"Pre\u021burile apartamentelor \u0219i-au \u00eencetinit cre\u0219terea \u00een septembrie. Vezi unde au avut loc sc\u0103deri\"}]},{\"@type\":\"WebSite\",\"@id\":\"https:\/\/www.imobiliare.ro\/imoexpert\/#website\",\"url\":\"https:\/\/www.imobiliare.ro\/imoexpert\/\",\"name\":\"ImoExpert\",\"description\":\"cele mai importante \u015ftiri din domeniul imobiliar\",\"publisher\":{\"@id\":\"https:\/\/www.imobiliare.ro\/imoexpert\/#organization\"},\"inLanguage\":\"en\"},{\"@type\":\"Organization\",\"@id\":\"https:\/\/www.imobiliare.ro\/imoexpert\/#organization\",\"name\":\"Imobiliare.ro\",\"alternateName\":\"Realmedia Network SA\",\"url\":\"https:\/\/www.imobiliare.ro\/imoexpert\/\",\"logo\":{\"@type\":\"ImageObject\",\"inLanguage\":\"en\",\"@id\":\"https:\/\/www.imobiliare.ro\/imoexpert\/#\/schema\/logo\/image\/\",\"url\":\"https:\/\/www.imobiliare.ro\/imoexpert\/wp-content\/uploads\/2025\/05\/imobiliare_logo.png\",\"contentUrl\":\"https:\/\/www.imobiliare.ro\/imoexpert\/wp-content\/uploads\/2025\/05\/imobiliare_logo.png\",\"width\":237,\"height\":29,\"caption\":\"Imobiliare.ro\"},\"image\":{\"@id\":\"https:\/\/www.imobiliare.ro\/imoexpert\/#\/schema\/logo\/image\/\"}},{\"@type\":\"Person\",\"@id\":\"https:\/\/www.imobiliare.ro\/imoexpert\/#\/schema\/person\/8c13b0297075010b896471fabf0d7790\",\"name\":\"Adriana Dr\u0103gu\u0219in\",\"image\":{\"@type\":\"ImageObject\",\"inLanguage\":\"en\",\"@id\":\"https:\/\/www.imobiliare.ro\/imoexpert\/#\/schema\/person\/image\/\",\"url\":\"https:\/\/secure.gravatar.com\/avatar\/ba4762f7517e50e679ed7f11207102d1150120f2f5800c0da98f8a15305bf514?s=96&d=mm&r=g\",\"contentUrl\":\"https:\/\/secure.gravatar.com\/avatar\/ba4762f7517e50e679ed7f11207102d1150120f2f5800c0da98f8a15305bf514?s=96&d=mm&r=g\",\"caption\":\"Adriana Dr\u0103gu\u0219in\"},\"jobTitle\":\"Editor\",\"url\":\"https:\/\/www.imobiliare.ro\/imoexpert\/author\/adriana-dragusin\/\"}]}<\/script>\n<!-- \/ Yoast SEO Premium plugin. -->","yoast_head_json":{"title":"Pre\u021burile apartamentelor \u0219i-au \u00eencetinit cre\u0219terea \u00een septembrie. Vezi unde au avut loc sc\u0103deri - \u0218tiri - ImoExpert","description":"Bucure\u0219tiul \u0219i Constan\u021ba au \u00eenregistrat, dintre marile ora\u0219e, cele mai mari cre\u0219teri ale pre\u021burilor locuin\u021belor. Dup\u0103 un plus de 1,2% \u00een luna august,","robots":{"index":"index","follow":"follow"},"canonical":"https:\/\/www.imobiliare.ro\/imoexpert\/preturile-apartamentelor-si-au-incetinit-cresterea-in-septembrie-vezi-unde-au-avut-loc-scaderi_db\/","og_locale":"ro_RO","og_type":"article","og_title":"Pre\u021burile apartamentelor \u0219i-au \u00eencetinit cre\u0219terea \u00een septembrie. Vezi unde au avut loc sc\u0103deri","og_description":"Bucure\u0219tiul \u0219i Constan\u021ba au \u00eenregistrat, dintre marile ora\u0219e, cele mai mari cre\u0219teri ale pre\u021burilor locuin\u021belor. Dup\u0103 un plus de 1,2% \u00een luna august,","og_url":"https:\/\/www.imobiliare.ro\/imoexpert\/preturile-apartamentelor-si-au-incetinit-cresterea-in-septembrie-vezi-unde-au-avut-loc-scaderi_db\/","og_site_name":"ImoExpert","article_published_time":"2019-10-08T08:50:30+00:00","og_image":[{"width":800,"height":533,"url":"https:\/\/www.imobiliare.ro\/imoexpert\/wp-content\/uploads\/2019\/10\/Preturile-apartamentelor-si-au-incetinit-cresterea-in-septembrie-vezi-unde-au-avut-loc-scaderi.jpg","type":"image\/jpeg"}],"author":"Adriana Dr\u0103gu\u0219in","twitter_card":"summary_large_image","twitter_misc":{"Written by":"Adriana Dr\u0103gu\u0219in","Est. reading time":"4 minute"},"schema":{"@context":"https:\/\/schema.org","@graph":[{"@type":"Article","@id":"https:\/\/www.imobiliare.ro\/imoexpert\/preturile-apartamentelor-si-au-incetinit-cresterea-in-septembrie-vezi-unde-au-avut-loc-scaderi_db\/#article","isPartOf":{"@id":"https:\/\/www.imobiliare.ro\/imoexpert\/preturile-apartamentelor-si-au-incetinit-cresterea-in-septembrie-vezi-unde-au-avut-loc-scaderi_db\/"},"author":{"name":"Adriana Dr\u0103gu\u0219in","@id":"https:\/\/www.imobiliare.ro\/imoexpert\/#\/schema\/person\/8c13b0297075010b896471fabf0d7790"},"headline":"Pre\u021burile apartamentelor \u0219i-au \u00eencetinit cre\u0219terea \u00een septembrie. Vezi unde au avut loc sc\u0103deri","datePublished":"2019-10-08T08:50:30+00:00","mainEntityOfPage":{"@id":"https:\/\/www.imobiliare.ro\/imoexpert\/preturile-apartamentelor-si-au-incetinit-cresterea-in-septembrie-vezi-unde-au-avut-loc-scaderi_db\/"},"wordCount":823,"commentCount":0,"publisher":{"@id":"https:\/\/www.imobiliare.ro\/imoexpert\/#organization"},"image":{"@id":"https:\/\/www.imobiliare.ro\/imoexpert\/preturile-apartamentelor-si-au-incetinit-cresterea-in-septembrie-vezi-unde-au-avut-loc-scaderi_db\/#primaryimage"},"thumbnailUrl":"https:\/\/www.imobiliare.ro\/imoexpert\/wp-content\/uploads\/2019\/10\/Preturile-apartamentelor-si-au-incetinit-cresterea-in-septembrie-vezi-unde-au-avut-loc-scaderi.jpg","keywords":["indicele imobiliare.ro","newsletter","preturi apartamente","principal","proprietar"],"articleSection":["\u0218tiri"],"inLanguage":"en","potentialAction":[{"@type":"CommentAction","name":"Comment","target":["https:\/\/www.imobiliare.ro\/imoexpert\/preturile-apartamentelor-si-au-incetinit-cresterea-in-septembrie-vezi-unde-au-avut-loc-scaderi_db\/#respond"]}],"copyrightYear":"2019","copyrightHolder":{"@id":"https:\/\/www.imobiliare.ro\/imoexpert\/#organization"}},{"@type":"WebPage","@id":"https:\/\/www.imobiliare.ro\/imoexpert\/preturile-apartamentelor-si-au-incetinit-cresterea-in-septembrie-vezi-unde-au-avut-loc-scaderi_db\/","url":"https:\/\/www.imobiliare.ro\/imoexpert\/preturile-apartamentelor-si-au-incetinit-cresterea-in-septembrie-vezi-unde-au-avut-loc-scaderi_db\/","name":"Pre\u021burile apartamentelor \u0219i-au \u00eencetinit cre\u0219terea \u00een septembrie. Vezi unde au avut loc sc\u0103deri - \u0218tiri - ImoExpert","isPartOf":{"@id":"https:\/\/www.imobiliare.ro\/imoexpert\/#website"},"primaryImageOfPage":{"@id":"https:\/\/www.imobiliare.ro\/imoexpert\/preturile-apartamentelor-si-au-incetinit-cresterea-in-septembrie-vezi-unde-au-avut-loc-scaderi_db\/#primaryimage"},"image":{"@id":"https:\/\/www.imobiliare.ro\/imoexpert\/preturile-apartamentelor-si-au-incetinit-cresterea-in-septembrie-vezi-unde-au-avut-loc-scaderi_db\/#primaryimage"},"thumbnailUrl":"https:\/\/www.imobiliare.ro\/imoexpert\/wp-content\/uploads\/2019\/10\/Preturile-apartamentelor-si-au-incetinit-cresterea-in-septembrie-vezi-unde-au-avut-loc-scaderi.jpg","datePublished":"2019-10-08T08:50:30+00:00","description":"Bucure\u0219tiul \u0219i Constan\u021ba au \u00eenregistrat, dintre marile ora\u0219e, cele mai mari cre\u0219teri ale pre\u021burilor locuin\u021belor. Dup\u0103 un plus de 1,2% \u00een luna august,","breadcrumb":{"@id":"https:\/\/www.imobiliare.ro\/imoexpert\/preturile-apartamentelor-si-au-incetinit-cresterea-in-septembrie-vezi-unde-au-avut-loc-scaderi_db\/#breadcrumb"},"inLanguage":"en","potentialAction":[{"@type":"ReadAction","target":["https:\/\/www.imobiliare.ro\/imoexpert\/preturile-apartamentelor-si-au-incetinit-cresterea-in-septembrie-vezi-unde-au-avut-loc-scaderi_db\/"]}]},{"@type":"ImageObject","inLanguage":"en","@id":"https:\/\/www.imobiliare.ro\/imoexpert\/preturile-apartamentelor-si-au-incetinit-cresterea-in-septembrie-vezi-unde-au-avut-loc-scaderi_db\/#primaryimage","url":"https:\/\/www.imobiliare.ro\/imoexpert\/wp-content\/uploads\/2019\/10\/Preturile-apartamentelor-si-au-incetinit-cresterea-in-septembrie-vezi-unde-au-avut-loc-scaderi.jpg","contentUrl":"https:\/\/www.imobiliare.ro\/imoexpert\/wp-content\/uploads\/2019\/10\/Preturile-apartamentelor-si-au-incetinit-cresterea-in-septembrie-vezi-unde-au-avut-loc-scaderi.jpg","width":800,"height":533,"caption":"\u00cen Capital\u0103, cel mai mare avans al pre\u021burilor a avut loc pe segmentul apartamentelor vechi"},{"@type":"BreadcrumbList","@id":"https:\/\/www.imobiliare.ro\/imoexpert\/preturile-apartamentelor-si-au-incetinit-cresterea-in-septembrie-vezi-unde-au-avut-loc-scaderi_db\/#breadcrumb","itemListElement":[{"@type":"ListItem","position":1,"name":"Imoradar24","item":"https:\/\/www.imoradar24.ro"},{"@type":"ListItem","position":2,"name":"ImoExpert","item":"https:\/\/www.imobiliare.ro\/imoexpert\/"},{"@type":"ListItem","position":3,"name":"\u0218tiri","item":"https:\/\/www.imobiliare.ro\/imoexpert\/stiri\/"},{"@type":"ListItem","position":4,"name":"Pre\u021burile apartamentelor \u0219i-au \u00eencetinit cre\u0219terea \u00een septembrie. Vezi unde au avut loc sc\u0103deri"}]},{"@type":"WebSite","@id":"https:\/\/www.imobiliare.ro\/imoexpert\/#website","url":"https:\/\/www.imobiliare.ro\/imoexpert\/","name":"ImoExpert","description":"cele mai importante \u015ftiri din domeniul imobiliar","publisher":{"@id":"https:\/\/www.imobiliare.ro\/imoexpert\/#organization"},"inLanguage":"en"},{"@type":"Organization","@id":"https:\/\/www.imobiliare.ro\/imoexpert\/#organization","name":"Imobiliare.ro","alternateName":"Realmedia Network SA","url":"https:\/\/www.imobiliare.ro\/imoexpert\/","logo":{"@type":"ImageObject","inLanguage":"en","@id":"https:\/\/www.imobiliare.ro\/imoexpert\/#\/schema\/logo\/image\/","url":"https:\/\/www.imobiliare.ro\/imoexpert\/wp-content\/uploads\/2025\/05\/imobiliare_logo.png","contentUrl":"https:\/\/www.imobiliare.ro\/imoexpert\/wp-content\/uploads\/2025\/05\/imobiliare_logo.png","width":237,"height":29,"caption":"Imobiliare.ro"},"image":{"@id":"https:\/\/www.imobiliare.ro\/imoexpert\/#\/schema\/logo\/image\/"}},{"@type":"Person","@id":"https:\/\/www.imobiliare.ro\/imoexpert\/#\/schema\/person\/8c13b0297075010b896471fabf0d7790","name":"Adriana Dr\u0103gu\u0219in","image":{"@type":"ImageObject","inLanguage":"en","@id":"https:\/\/www.imobiliare.ro\/imoexpert\/#\/schema\/person\/image\/","url":"https:\/\/secure.gravatar.com\/avatar\/ba4762f7517e50e679ed7f11207102d1150120f2f5800c0da98f8a15305bf514?s=96&d=mm&r=g","contentUrl":"https:\/\/secure.gravatar.com\/avatar\/ba4762f7517e50e679ed7f11207102d1150120f2f5800c0da98f8a15305bf514?s=96&d=mm&r=g","caption":"Adriana Dr\u0103gu\u0219in"},"jobTitle":"Editor","url":"https:\/\/www.imobiliare.ro\/imoexpert\/author\/adriana-dragusin\/"}]}},"_links":{"self":[{"href":"https:\/\/www.imobiliare.ro\/imoexpert\/wp-json\/wp\/v2\/posts\/56478","targetHints":{"allow":["GET"]}}],"collection":[{"href":"https:\/\/www.imobiliare.ro\/imoexpert\/wp-json\/wp\/v2\/posts"}],"about":[{"href":"https:\/\/www.imobiliare.ro\/imoexpert\/wp-json\/wp\/v2\/types\/post"}],"author":[{"embeddable":true,"href":"https:\/\/www.imobiliare.ro\/imoexpert\/wp-json\/wp\/v2\/users\/829"}],"replies":[{"embeddable":true,"href":"https:\/\/www.imobiliare.ro\/imoexpert\/wp-json\/wp\/v2\/comments?post=56478"}],"version-history":[{"count":0,"href":"https:\/\/www.imobiliare.ro\/imoexpert\/wp-json\/wp\/v2\/posts\/56478\/revisions"}],"wp:featuredmedia":[{"embeddable":true,"href":"https:\/\/www.imobiliare.ro\/imoexpert\/wp-json\/wp\/v2\/media\/56479"}],"wp:attachment":[{"href":"https:\/\/www.imobiliare.ro\/imoexpert\/wp-json\/wp\/v2\/media?parent=56478"}],"wp:term":[{"taxonomy":"category","embeddable":true,"href":"https:\/\/www.imobiliare.ro\/imoexpert\/wp-json\/wp\/v2\/categories?post=56478"},{"taxonomy":"post_tag","embeddable":true,"href":"https:\/\/www.imobiliare.ro\/imoexpert\/wp-json\/wp\/v2\/tags?post=56478"},{"taxonomy":"content_author","embeddable":true,"href":"https:\/\/www.imobiliare.ro\/imoexpert\/wp-json\/wp\/v2\/content_author?post=56478"}],"curies":[{"name":"wp","href":"https:\/\/api.w.org\/{rel}","templated":true}]}}