{"id":56483,"date":"2019-10-10T13:40:55","date_gmt":"2019-10-10T10:40:55","guid":{"rendered":"https:\/\/www.imobiliare.ro\/imoexpert\/?p=56483"},"modified":"2019-10-10T13:40:55","modified_gmt":"2019-10-10T10:40:55","slug":"locuinte-verzi-si-inteligente-la-imobiliarium-baneasa","status":"publish","type":"post","link":"https:\/\/www.imobiliare.ro\/imoexpert\/locuinte-verzi-si-inteligente-la-imobiliarium-baneasa_db\/","title":{"rendered":"Locuin\u021be \u201everzi\u201d \u0219i \u201einteligente\u201d la Imobiliarium B\u0103neasa"},"content":{"rendered":"<h2><img loading=\"lazy\" decoding=\"async\" class=\"alignnone size-large wp-image-56507\" src=\"https:\/\/www.imobiliare.ro\/imoexpert\/wp-content\/uploads\/2019\/10\/imobiliarium-1024x683.jpg\" alt=\"\" width=\"1024\" height=\"683\" srcset=\"https:\/\/www.imobiliare.ro\/imoexpert\/wp-content\/uploads\/2019\/10\/imobiliarium-1024x683.jpg 1024w, https:\/\/www.imobiliare.ro\/imoexpert\/wp-content\/uploads\/2019\/10\/imobiliarium-300x200.jpg 300w, https:\/\/www.imobiliare.ro\/imoexpert\/wp-content\/uploads\/2019\/10\/imobiliarium-768x512.jpg 768w, https:\/\/www.imobiliare.ro\/imoexpert\/wp-content\/uploads\/2019\/10\/imobiliarium-1536x1024.jpg 1536w, https:\/\/www.imobiliare.ro\/imoexpert\/wp-content\/uploads\/2019\/10\/imobiliarium.jpg 2048w\" sizes=\"auto, (max-width: 1024px) 100vw, 1024px\" \/><\/h2>\n<div id=\"ez-toc-container\" class=\"ez-toc-v2_0_81 counter-hierarchy ez-toc-counter ez-toc-grey ez-toc-container-direction\">\n<p class=\"ez-toc-title\" style=\"cursor:inherit\">Table of Contents<\/p>\n<label for=\"ez-toc-cssicon-toggle-item-69ef4d813f49e\" class=\"ez-toc-cssicon-toggle-label\"><span class=\"ez-toc-cssicon\"><span class=\"eztoc-hide\" style=\"display:none;\">Toggle<\/span><span class=\"ez-toc-icon-toggle-span\"><svg style=\"fill: #999;color:#999\" xmlns=\"http:\/\/www.w3.org\/2000\/svg\" class=\"list-377408\" width=\"20px\" height=\"20px\" viewBox=\"0 0 24 24\" fill=\"none\"><path d=\"M6 6H4v2h2V6zm14 0H8v2h12V6zM4 11h2v2H4v-2zm16 0H8v2h12v-2zM4 16h2v2H4v-2zm16 0H8v2h12v-2z\" fill=\"currentColor\"><\/path><\/svg><svg style=\"fill: #999;color:#999\" class=\"arrow-unsorted-368013\" xmlns=\"http:\/\/www.w3.org\/2000\/svg\" width=\"10px\" height=\"10px\" viewBox=\"0 0 24 24\" version=\"1.2\" baseProfile=\"tiny\"><path d=\"M18.2 9.3l-6.2-6.3-6.2 6.3c-.2.2-.3.4-.3.7s.1.5.3.7c.2.2.4.3.7.3h11c.3 0 .5-.1.7-.3.2-.2.3-.5.3-.7s-.1-.5-.3-.7zM5.8 14.7l6.2 6.3 6.2-6.3c.2-.2.3-.5.3-.7s-.1-.5-.3-.7c-.2-.2-.4-.3-.7-.3h-11c-.3 0-.5.1-.7.3-.2.2-.3.5-.3.7s.1.5.3.7z\"\/><\/svg><\/span><\/span><\/label><input type=\"checkbox\"  id=\"ez-toc-cssicon-toggle-item-69ef4d813f49e\"  aria-label=\"Toggle\" \/><nav><ul class='ez-toc-list ez-toc-list-level-1 ' ><li class='ez-toc-page-1 ez-toc-heading-level-2'><a class=\"ez-toc-link ez-toc-heading-1\" href=\"https:\/\/www.imobiliare.ro\/imoexpert\/locuinte-verzi-si-inteligente-la-imobiliarium-baneasa_db\/#La_a_doua_editie_de_toamna_a_targului_Imobiliarium_vor_fi_prezentate_peste_90_de_ansambluri_rezidentiale_unele_cu_locuinte_%E2%80%9Everzi%E2%80%9D_sisau_%E2%80%9Einteligente%E2%80%9D\" >La a doua edi\u021bie de toamn\u0103 a t\u00e2rgului Imobiliarium vor fi prezentate peste 90 de ansambluri reziden\u021biale, unele cu locuin\u021be \u201everzi\u201d \u0219i\/sau \u201einteligente\u201d.<\/a><\/li><li class='ez-toc-page-1 ez-toc-heading-level-2'><a class=\"ez-toc-link ez-toc-heading-2\" href=\"https:\/\/www.imobiliare.ro\/imoexpert\/locuinte-verzi-si-inteligente-la-imobiliarium-baneasa_db\/#Unitati_locative_de_peste_un_milion_de_metri_patrati\" >Unit\u0103\u021bi locative de peste un milion de metri p\u0103tra\u021bi<\/a><\/li><li class='ez-toc-page-1 ez-toc-heading-level-2'><a class=\"ez-toc-link ez-toc-heading-3\" href=\"https:\/\/www.imobiliare.ro\/imoexpert\/locuinte-verzi-si-inteligente-la-imobiliarium-baneasa_db\/#Noi_ansambluri_rezidentiale\" >Noi ansambluri reziden\u021biale<\/a><\/li><li class='ez-toc-page-1 ez-toc-heading-level-2'><a class=\"ez-toc-link ez-toc-heading-4\" href=\"https:\/\/www.imobiliare.ro\/imoexpert\/locuinte-verzi-si-inteligente-la-imobiliarium-baneasa_db\/#Promotii_de_targ\" >Promo\u021bii de t\u00e2rg<\/a><\/li><\/ul><\/nav><\/div>\n<h2><span class=\"ez-toc-section\" id=\"La_a_doua_editie_de_toamna_a_targului_Imobiliarium_vor_fi_prezentate_peste_90_de_ansambluri_rezidentiale_unele_cu_locuinte_%E2%80%9Everzi%E2%80%9D_sisau_%E2%80%9Einteligente%E2%80%9D\"><\/span>La a doua edi\u021bie de toamn\u0103 a t\u00e2rgului Imobiliarium vor fi prezentate peste 90 de ansambluri reziden\u021biale, unele cu locuin\u021be \u201everzi\u201d \u0219i\/sau \u201einteligente\u201d.<span class=\"ez-toc-section-end\"><\/span><\/h2>\n<p>Te numeri printre cump\u0103r\u0103torii interesa\u021bi de locuin\u021be mai speciale, \u201everzi\u201d \u0219i\/sau \u201einteligente\u201d? Po\u021bi g\u0103si mai multe asemenea oferte la t\u00e2rgul Imobiliarium B\u0103neasa, ce va avea loc \u00eentre 11 \u0219i 13 octombrie 2019, \u00een parcarea Brico D\u00e9p\u00f4t din B\u0103neasa Shopping City. \u201eOferta acestei edi\u021bii Imobiliarium va acoperi cea mai diversificat\u0103 gam\u0103 de locuin\u021be de p\u00e2n\u0103 acum. Vizitatorii pot prospecta toate tipurile de case \u0219i apartamente inteligente, de la conceptul de case verzi, la proiectele reziden\u021biale dezvoltate cu infrastructur\u0103 complet\u0103, proiecte mixte \u2013 business \u0219i reziden\u021bial \u2013, case active sau cl\u0103diri ce promit o combina\u021bie fantastic\u0103 \u00eentre vechi \u0219i nou, toate aflate \u00een cele mai r\u00e2vnite zone din Capital\u0103 \u0219i \u00eemprejurimi\u201d, subliniaz\u0103 Adrian St\u0103nescu, Project Manager Imobiliarium.<\/p>\n<h2><span class=\"ez-toc-section\" id=\"Unitati_locative_de_peste_un_milion_de_metri_patrati\"><\/span>Unit\u0103\u021bi locative de peste un milion de metri p\u0103tra\u021bi<span class=\"ez-toc-section-end\"><\/span><\/h2>\n<p>La cea de-a doua edi\u021bie de toamn\u0103 a Imobiliarium (dup\u0103 cea din Pia\u021ba Universit\u0103\u021bii) vor participa aproximativ 70 de dezvoltatori, majoritatea de pe segmentul mediu al pie\u021bei; printre ace\u0219tia se num\u0103r\u0103: One United, AFI Global Europe, Anchor Group, Conarg, Impact, Prime Kapital, Metropolitan, Cordia (Futureal Group), Straulesti Lac Alfa, Hagag, Zacaria Group, Nusco Imobiliara etc. Vizitatorii vor putea achizi\u021biona locuin\u021be \u00een circa 90 de ansambluri reziden\u021biale, cu o suprafa\u021b\u0103 locuibil\u0103 \u00eensumat\u0103 de peste un milion de metri p\u0103tra\u021bi. \u201eTotodat\u0103, una dintre nout\u0103\u021bile acestei edi\u021bii este prezen\u021ba Caravanei Grohe, ce const\u0103 \u00eentr-un showroom mobil \u2013 un camion venit din Germania, unde se vor prezenta cele mai noi solu\u021bii de baie, buc\u0103t\u0103rie \u0219i smart-home \u00een materie de baterii, ceramic\u0103 \u0219i senzori\u201d, precizeaz\u0103 organizatorii evenimentului.<\/p>\n<p><strong>Cite\u0219te \u0219i:<br \/>\n<a class=\"article-body-links\"href=\"https:\/\/www.imobiliare.ro\/imoexpert\/imobiliarium-6-din-10-dezvoltatori-se-asteapta-ca-preturile-locuintelor-sa-creasca-in-urmatorul-an-vezi-cu-cat_db\/\">Imobiliarium: 6 din 10 dezvoltatori se a\u0219teapt\u0103 ca pre\u021burile locuin\u021belor s\u0103 creasc\u0103 \u00een urm\u0103torul an. Vezi cu c\u00e2t!<\/a><br \/>\n<a class=\"article-body-links\"href=\"https:\/\/www.imobiliare.ro\/imoexpert\/20-000-de-locuinte-noi-in-70-de-ansambluri-rezidentiale-la-imobiliarium-universitate_db\/\">20.000 de locuin\u021be noi, \u00een 70 de ansambluri reziden\u021biale, la Imobiliarium Universitate<\/a><\/strong><\/p>\n<h2><span class=\"ez-toc-section\" id=\"Noi_ansambluri_rezidentiale\"><\/span>Noi ansambluri reziden\u021biale<span class=\"ez-toc-section-end\"><\/span><\/h2>\n<p>Unul dintre ansamblurile prezente la Imobiliarium B\u0103neasa este LOFT Green Apartments, care ofer\u0103 locuin\u021be 100% \u201eeco\u201d, ce promit zero emisii de dioxid de carbon (datorit\u0103 sistemelor de \u00eenc\u0103lzire si r\u0103cire bazate pe pompele de c\u0103ldur\u0103 geotermice), 7.500 de metri p\u0103tra\u021bi de spa\u021bii verzi, prize pentru ma\u0219ini electrice, design bioclimatic, acces securizat, loc de joac\u0103, videointerfon comandat de pe smartphone etc.<\/p>\n<p><strong>Cite\u0219te \u0219i: <a class=\"article-body-links\"href=\"https:\/\/www.imobiliare.ro\/imoexpert\/sunt-aproape-gata-primele-apartamente-verzi-dintr-un-ansamblu-de-langa-padurea-mogosoaia_db\/\">Sunt aproape GATA: primele apartamente \u201everzi\u201d dintr-un ansamblu de l\u00e2ng\u0103 p\u0103durea Mogo\u0219oaia<\/a><\/strong><\/p>\n<p>Un alt complex reziden\u021bial \u201eeco\u201d este Satul Scandinav, cel mai nou proiect reziden\u021bial de lux din Rom\u00e2nia, amplasat \u00een zona Snagov. Acesta este compus \u00een totalitate din case cu un consum redus de energie aproape de zero, dotate cu sisteme de pompe de c\u0103ldur\u0103 aer-aer, respectiv aer-sol, conectate la panouri fotovoltaice. Unicitatea ansamblului reziden\u021bial este dat\u0103, de asemenea, de spa\u021biile de agrement \u0219i relaxare, ce cuprind piscin\u0103, saun\u0103, jacuzzi, teren de sport multifunc\u021bional, parc de relaxare, zon\u0103 de gr\u0103tar, zon\u0103 de petrecere, alee tip ponton pe marginea canalului care face leg\u0103tura cu lacul Snagov \u015fi P\u0103durea B\u0103neasa etc.<\/p>\n<p>Crown Towers este un alt proiect de lux, situat \u00een zona Her\u0103str\u0103u \u0219i format dintr-un ansamblu de trei turnuri reziden\u021biale, spa\u021bii de birouri \u0219i comerciale, parcare, facilit\u0103\u021bi pentru relaxare \u0219i petrecerea timpului liber.<\/p>\n<p>Unul dintre cele mai mari proiecte nou-anun\u021bate, care va fi construit al\u0103turi de o zon\u0103 office, este \u0219i HILS Pallady Apartments \u2013 un complex format din 12 blocuri cu 11 etaje, ce totalizeaz\u0103 aproximativ 2.000 de apartamente.<\/p>\n<p><strong>Cite\u0219te \u0219i: <a class=\"article-body-links\"href=\"https:\/\/www.imobiliare.ro\/imoexpert\/un-nou-ansamblu-imobiliar-mixt-pe-harta-bucurestiului-2-000-de-apartamente-preturi-de-la-42-000-euro_db\/\">Un nou ansamblu imobiliar mixt pe harta Bucure\u0219tiului: 2.000 de apartamente, pre\u021buri de la 42.000 euro<\/a><\/strong><\/p>\n<h2><span class=\"ez-toc-section\" id=\"Promotii_de_targ\"><\/span>Promo\u021bii de t\u00e2rg<span class=\"ez-toc-section-end\"><\/span><\/h2>\n<p>Majoritatea dezvoltatorilor prezen\u021bi la Imobiliarium B\u0103neasa ofer\u0103 diverse promo\u021bii, cele mai \u00eent\u00e2lnite fiind discounturile valabile doar pe durata evenimentului, cuprinse, de regul\u0103, \u00eentre 3% \u0219i 5%. Un alt tip de beneficiu este voucherul valoric oferit de Greenfield Residence la achizi\u021bia unui apartament de dou\u0103 camere, ce poate fi folosit la achizi\u021bia de mobilier pentru \u00eentreaga cas\u0103.<\/p>\n<p><strong>Cite\u0219te \u0219i: <a class=\"article-body-links\"href=\"https:\/\/www.imobiliare.ro\/imoexpert\/facilitatile-asul-din-maneca-al-marilor-ansambluri-rezidentiale-planurile-pentru-un-proiect-ce-va-ajunge-la-aproape-6-000-de-locuinte_db\/\">Facilit\u0103\u021bile, asul din m\u00e2nec\u0103 al marilor ansambluri reziden\u021biale. Planurile pentru un proiect ce va ajunge la aproape 6.000 de locuin\u021be<\/a><\/strong><\/p>\n","protected":false},"excerpt":{"rendered":"<p>La a doua edi\u021bie de toamn\u0103 a t\u00e2rgului Imobiliarium vor fi prezentate peste 90 de ansambluri reziden\u021biale, unele cu locuin\u021be \u201everzi\u201d \u0219i\/sau \u201einteligente\u201d. Te numeri printre cump\u0103r\u0103torii interesa\u021bi de locuin\u021be mai speciale, \u201everzi\u201d \u0219i\/sau \u201einteligente\u201d? Po\u021bi g\u0103si mai multe asemenea oferte la t\u00e2rgul Imobiliarium B\u0103neasa, ce va avea loc \u00eentre 11 \u0219i 13 octombrie 2019, [&hellip;]<\/p>\n","protected":false},"author":829,"featured_media":56507,"comment_status":"open","ping_status":"open","sticky":false,"template":"","format":"standard","meta":{"footnotes":""},"categories":[259,2455],"tags":[333,1841,1565,1750],"content_author":[],"class_list":["post-56483","post","type-post","status-publish","format-standard","has-post-thumbnail","hentry","category-stiri","category-video","tag-ansambluri-rezidentiale","tag-imobiliarium","tag-sistem-smart-home","tag-smart-home"],"yoast_head":"<!-- This site is optimized with the Yoast SEO Premium plugin v27.0 (Yoast SEO v27.0) - https:\/\/yoast.com\/product\/yoast-seo-premium-wordpress\/ -->\n<title>Locuin\u021be \u201everzi\u201d \u0219i \u201einteligente\u201d la Imobiliarium B\u0103neasa - \u0218tiri, Video - ImoExpert<\/title>\n<meta name=\"description\" content=\"La a doua edi\u021bie de toamn\u0103 a t\u00e2rgului Imobiliarium vor fi prezentate peste 90 de ansambluri reziden\u021biale, unele cu locuin\u021be \u201everzi\u201d \u0219i\/sau \u201einteligente\u201d.\" \/>\n<meta name=\"robots\" content=\"index, follow\" \/>\n<link rel=\"canonical\" href=\"https:\/\/www.imobiliare.ro\/imoexpert\/locuinte-verzi-si-inteligente-la-imobiliarium-baneasa_db\/\" \/>\n<meta property=\"og:locale\" content=\"ro_RO\" \/>\n<meta property=\"og:type\" content=\"article\" \/>\n<meta property=\"og:title\" content=\"Locuin\u021be \u201everzi\u201d \u0219i \u201einteligente\u201d la Imobiliarium B\u0103neasa\" \/>\n<meta property=\"og:description\" content=\"La a doua edi\u021bie de toamn\u0103 a t\u00e2rgului Imobiliarium vor fi prezentate peste 90 de ansambluri reziden\u021biale, unele cu locuin\u021be \u201everzi\u201d \u0219i\/sau \u201einteligente\u201d.\" \/>\n<meta property=\"og:url\" content=\"https:\/\/www.imobiliare.ro\/imoexpert\/locuinte-verzi-si-inteligente-la-imobiliarium-baneasa_db\/\" \/>\n<meta property=\"og:site_name\" content=\"ImoExpert\" \/>\n<meta property=\"article:published_time\" content=\"2019-10-10T10:40:55+00:00\" \/>\n<meta property=\"og:image\" content=\"https:\/\/www.imobiliare.ro\/imoexpert\/wp-content\/uploads\/2019\/10\/imobiliarium.jpg\" \/>\n\t<meta property=\"og:image:width\" content=\"2048\" \/>\n\t<meta property=\"og:image:height\" content=\"1365\" \/>\n\t<meta property=\"og:image:type\" content=\"image\/jpeg\" \/>\n<meta name=\"author\" content=\"Adriana Dr\u0103gu\u0219in\" \/>\n<meta name=\"twitter:card\" content=\"summary_large_image\" \/>\n<meta name=\"twitter:label1\" content=\"Written by\" \/>\n\t<meta name=\"twitter:data1\" content=\"Adriana Dr\u0103gu\u0219in\" \/>\n\t<meta name=\"twitter:label2\" content=\"Est. reading time\" \/>\n\t<meta name=\"twitter:data2\" content=\"4 minute\" \/>\n<script type=\"application\/ld+json\" class=\"yoast-schema-graph\">{\"@context\":\"https:\/\/schema.org\",\"@graph\":[{\"@type\":\"Article\",\"@id\":\"https:\/\/www.imobiliare.ro\/imoexpert\/locuinte-verzi-si-inteligente-la-imobiliarium-baneasa_db\/#article\",\"isPartOf\":{\"@id\":\"https:\/\/www.imobiliare.ro\/imoexpert\/locuinte-verzi-si-inteligente-la-imobiliarium-baneasa_db\/\"},\"author\":{\"name\":\"Adriana Dr\u0103gu\u0219in\",\"@id\":\"https:\/\/www.imobiliare.ro\/imoexpert\/#\/schema\/person\/8c13b0297075010b896471fabf0d7790\"},\"headline\":\"Locuin\u021be \u201everzi\u201d \u0219i \u201einteligente\u201d la Imobiliarium B\u0103neasa\",\"datePublished\":\"2019-10-10T10:40:55+00:00\",\"mainEntityOfPage\":{\"@id\":\"https:\/\/www.imobiliare.ro\/imoexpert\/locuinte-verzi-si-inteligente-la-imobiliarium-baneasa_db\/\"},\"wordCount\":732,\"commentCount\":0,\"publisher\":{\"@id\":\"https:\/\/www.imobiliare.ro\/imoexpert\/#organization\"},\"image\":{\"@id\":\"https:\/\/www.imobiliare.ro\/imoexpert\/locuinte-verzi-si-inteligente-la-imobiliarium-baneasa_db\/#primaryimage\"},\"thumbnailUrl\":\"https:\/\/www.imobiliare.ro\/imoexpert\/wp-content\/uploads\/2019\/10\/imobiliarium.jpg\",\"keywords\":[\"Ansambluri rezidentiale\",\"Imobiliarium\",\"sistem smart home\",\"smart home\"],\"articleSection\":[\"\u0218tiri\",\"Video\"],\"inLanguage\":\"en\",\"potentialAction\":[{\"@type\":\"CommentAction\",\"name\":\"Comment\",\"target\":[\"https:\/\/www.imobiliare.ro\/imoexpert\/locuinte-verzi-si-inteligente-la-imobiliarium-baneasa_db\/#respond\"]}],\"copyrightYear\":\"2019\",\"copyrightHolder\":{\"@id\":\"https:\/\/www.imobiliare.ro\/imoexpert\/#organization\"}},{\"@type\":\"WebPage\",\"@id\":\"https:\/\/www.imobiliare.ro\/imoexpert\/locuinte-verzi-si-inteligente-la-imobiliarium-baneasa_db\/\",\"url\":\"https:\/\/www.imobiliare.ro\/imoexpert\/locuinte-verzi-si-inteligente-la-imobiliarium-baneasa_db\/\",\"name\":\"Locuin\u021be \u201everzi\u201d \u0219i \u201einteligente\u201d la Imobiliarium B\u0103neasa - \u0218tiri, Video - ImoExpert\",\"isPartOf\":{\"@id\":\"https:\/\/www.imobiliare.ro\/imoexpert\/#website\"},\"primaryImageOfPage\":{\"@id\":\"https:\/\/www.imobiliare.ro\/imoexpert\/locuinte-verzi-si-inteligente-la-imobiliarium-baneasa_db\/#primaryimage\"},\"image\":{\"@id\":\"https:\/\/www.imobiliare.ro\/imoexpert\/locuinte-verzi-si-inteligente-la-imobiliarium-baneasa_db\/#primaryimage\"},\"thumbnailUrl\":\"https:\/\/www.imobiliare.ro\/imoexpert\/wp-content\/uploads\/2019\/10\/imobiliarium.jpg\",\"datePublished\":\"2019-10-10T10:40:55+00:00\",\"description\":\"La a doua edi\u021bie de toamn\u0103 a t\u00e2rgului Imobiliarium vor fi prezentate peste 90 de ansambluri reziden\u021biale, unele cu locuin\u021be \u201everzi\u201d \u0219i\/sau \u201einteligente\u201d.\",\"breadcrumb\":{\"@id\":\"https:\/\/www.imobiliare.ro\/imoexpert\/locuinte-verzi-si-inteligente-la-imobiliarium-baneasa_db\/#breadcrumb\"},\"inLanguage\":\"en\",\"potentialAction\":[{\"@type\":\"ReadAction\",\"target\":[\"https:\/\/www.imobiliare.ro\/imoexpert\/locuinte-verzi-si-inteligente-la-imobiliarium-baneasa_db\/\"]}]},{\"@type\":\"ImageObject\",\"inLanguage\":\"en\",\"@id\":\"https:\/\/www.imobiliare.ro\/imoexpert\/locuinte-verzi-si-inteligente-la-imobiliarium-baneasa_db\/#primaryimage\",\"url\":\"https:\/\/www.imobiliare.ro\/imoexpert\/wp-content\/uploads\/2019\/10\/imobiliarium.jpg\",\"contentUrl\":\"https:\/\/www.imobiliare.ro\/imoexpert\/wp-content\/uploads\/2019\/10\/imobiliarium.jpg\",\"width\":2048,\"height\":1365},{\"@type\":\"BreadcrumbList\",\"@id\":\"https:\/\/www.imobiliare.ro\/imoexpert\/locuinte-verzi-si-inteligente-la-imobiliarium-baneasa_db\/#breadcrumb\",\"itemListElement\":[{\"@type\":\"ListItem\",\"position\":1,\"name\":\"Imoradar24\",\"item\":\"https:\/\/www.imoradar24.ro\"},{\"@type\":\"ListItem\",\"position\":2,\"name\":\"ImoExpert\",\"item\":\"https:\/\/www.imobiliare.ro\/imoexpert\/\"},{\"@type\":\"ListItem\",\"position\":3,\"name\":\"\u0218tiri\",\"item\":\"https:\/\/www.imobiliare.ro\/imoexpert\/stiri\/\"},{\"@type\":\"ListItem\",\"position\":4,\"name\":\"Locuin\u021be \u201everzi\u201d \u0219i \u201einteligente\u201d la Imobiliarium B\u0103neasa\"}]},{\"@type\":\"WebSite\",\"@id\":\"https:\/\/www.imobiliare.ro\/imoexpert\/#website\",\"url\":\"https:\/\/www.imobiliare.ro\/imoexpert\/\",\"name\":\"ImoExpert\",\"description\":\"cele mai importante \u015ftiri din domeniul imobiliar\",\"publisher\":{\"@id\":\"https:\/\/www.imobiliare.ro\/imoexpert\/#organization\"},\"inLanguage\":\"en\"},{\"@type\":\"Organization\",\"@id\":\"https:\/\/www.imobiliare.ro\/imoexpert\/#organization\",\"name\":\"Imobiliare.ro\",\"alternateName\":\"Realmedia Network SA\",\"url\":\"https:\/\/www.imobiliare.ro\/imoexpert\/\",\"logo\":{\"@type\":\"ImageObject\",\"inLanguage\":\"en\",\"@id\":\"https:\/\/www.imobiliare.ro\/imoexpert\/#\/schema\/logo\/image\/\",\"url\":\"https:\/\/www.imobiliare.ro\/imoexpert\/wp-content\/uploads\/2025\/05\/imobiliare_logo.png\",\"contentUrl\":\"https:\/\/www.imobiliare.ro\/imoexpert\/wp-content\/uploads\/2025\/05\/imobiliare_logo.png\",\"width\":237,\"height\":29,\"caption\":\"Imobiliare.ro\"},\"image\":{\"@id\":\"https:\/\/www.imobiliare.ro\/imoexpert\/#\/schema\/logo\/image\/\"}},{\"@type\":\"Person\",\"@id\":\"https:\/\/www.imobiliare.ro\/imoexpert\/#\/schema\/person\/8c13b0297075010b896471fabf0d7790\",\"name\":\"Adriana Dr\u0103gu\u0219in\",\"image\":{\"@type\":\"ImageObject\",\"inLanguage\":\"en\",\"@id\":\"https:\/\/www.imobiliare.ro\/imoexpert\/#\/schema\/person\/image\/\",\"url\":\"https:\/\/secure.gravatar.com\/avatar\/ba4762f7517e50e679ed7f11207102d1150120f2f5800c0da98f8a15305bf514?s=96&d=mm&r=g\",\"contentUrl\":\"https:\/\/secure.gravatar.com\/avatar\/ba4762f7517e50e679ed7f11207102d1150120f2f5800c0da98f8a15305bf514?s=96&d=mm&r=g\",\"caption\":\"Adriana Dr\u0103gu\u0219in\"},\"jobTitle\":\"Editor\",\"url\":\"https:\/\/www.imobiliare.ro\/imoexpert\/author\/adriana-dragusin\/\"}]}<\/script>\n<!-- \/ Yoast SEO Premium plugin. -->","yoast_head_json":{"title":"Locuin\u021be \u201everzi\u201d \u0219i \u201einteligente\u201d la Imobiliarium B\u0103neasa - \u0218tiri, Video - ImoExpert","description":"La a doua edi\u021bie de toamn\u0103 a t\u00e2rgului Imobiliarium vor fi prezentate peste 90 de ansambluri reziden\u021biale, unele cu locuin\u021be \u201everzi\u201d \u0219i\/sau \u201einteligente\u201d.","robots":{"index":"index","follow":"follow"},"canonical":"https:\/\/www.imobiliare.ro\/imoexpert\/locuinte-verzi-si-inteligente-la-imobiliarium-baneasa_db\/","og_locale":"ro_RO","og_type":"article","og_title":"Locuin\u021be \u201everzi\u201d \u0219i \u201einteligente\u201d la Imobiliarium B\u0103neasa","og_description":"La a doua edi\u021bie de toamn\u0103 a t\u00e2rgului Imobiliarium vor fi prezentate peste 90 de ansambluri reziden\u021biale, unele cu locuin\u021be \u201everzi\u201d \u0219i\/sau \u201einteligente\u201d.","og_url":"https:\/\/www.imobiliare.ro\/imoexpert\/locuinte-verzi-si-inteligente-la-imobiliarium-baneasa_db\/","og_site_name":"ImoExpert","article_published_time":"2019-10-10T10:40:55+00:00","og_image":[{"width":2048,"height":1365,"url":"https:\/\/www.imobiliare.ro\/imoexpert\/wp-content\/uploads\/2019\/10\/imobiliarium.jpg","type":"image\/jpeg"}],"author":"Adriana Dr\u0103gu\u0219in","twitter_card":"summary_large_image","twitter_misc":{"Written by":"Adriana Dr\u0103gu\u0219in","Est. reading time":"4 minute"},"schema":{"@context":"https:\/\/schema.org","@graph":[{"@type":"Article","@id":"https:\/\/www.imobiliare.ro\/imoexpert\/locuinte-verzi-si-inteligente-la-imobiliarium-baneasa_db\/#article","isPartOf":{"@id":"https:\/\/www.imobiliare.ro\/imoexpert\/locuinte-verzi-si-inteligente-la-imobiliarium-baneasa_db\/"},"author":{"name":"Adriana Dr\u0103gu\u0219in","@id":"https:\/\/www.imobiliare.ro\/imoexpert\/#\/schema\/person\/8c13b0297075010b896471fabf0d7790"},"headline":"Locuin\u021be \u201everzi\u201d \u0219i \u201einteligente\u201d la Imobiliarium B\u0103neasa","datePublished":"2019-10-10T10:40:55+00:00","mainEntityOfPage":{"@id":"https:\/\/www.imobiliare.ro\/imoexpert\/locuinte-verzi-si-inteligente-la-imobiliarium-baneasa_db\/"},"wordCount":732,"commentCount":0,"publisher":{"@id":"https:\/\/www.imobiliare.ro\/imoexpert\/#organization"},"image":{"@id":"https:\/\/www.imobiliare.ro\/imoexpert\/locuinte-verzi-si-inteligente-la-imobiliarium-baneasa_db\/#primaryimage"},"thumbnailUrl":"https:\/\/www.imobiliare.ro\/imoexpert\/wp-content\/uploads\/2019\/10\/imobiliarium.jpg","keywords":["Ansambluri rezidentiale","Imobiliarium","sistem smart home","smart home"],"articleSection":["\u0218tiri","Video"],"inLanguage":"en","potentialAction":[{"@type":"CommentAction","name":"Comment","target":["https:\/\/www.imobiliare.ro\/imoexpert\/locuinte-verzi-si-inteligente-la-imobiliarium-baneasa_db\/#respond"]}],"copyrightYear":"2019","copyrightHolder":{"@id":"https:\/\/www.imobiliare.ro\/imoexpert\/#organization"}},{"@type":"WebPage","@id":"https:\/\/www.imobiliare.ro\/imoexpert\/locuinte-verzi-si-inteligente-la-imobiliarium-baneasa_db\/","url":"https:\/\/www.imobiliare.ro\/imoexpert\/locuinte-verzi-si-inteligente-la-imobiliarium-baneasa_db\/","name":"Locuin\u021be \u201everzi\u201d \u0219i \u201einteligente\u201d la Imobiliarium B\u0103neasa - \u0218tiri, Video - ImoExpert","isPartOf":{"@id":"https:\/\/www.imobiliare.ro\/imoexpert\/#website"},"primaryImageOfPage":{"@id":"https:\/\/www.imobiliare.ro\/imoexpert\/locuinte-verzi-si-inteligente-la-imobiliarium-baneasa_db\/#primaryimage"},"image":{"@id":"https:\/\/www.imobiliare.ro\/imoexpert\/locuinte-verzi-si-inteligente-la-imobiliarium-baneasa_db\/#primaryimage"},"thumbnailUrl":"https:\/\/www.imobiliare.ro\/imoexpert\/wp-content\/uploads\/2019\/10\/imobiliarium.jpg","datePublished":"2019-10-10T10:40:55+00:00","description":"La a doua edi\u021bie de toamn\u0103 a t\u00e2rgului Imobiliarium vor fi prezentate peste 90 de ansambluri reziden\u021biale, unele cu locuin\u021be \u201everzi\u201d \u0219i\/sau \u201einteligente\u201d.","breadcrumb":{"@id":"https:\/\/www.imobiliare.ro\/imoexpert\/locuinte-verzi-si-inteligente-la-imobiliarium-baneasa_db\/#breadcrumb"},"inLanguage":"en","potentialAction":[{"@type":"ReadAction","target":["https:\/\/www.imobiliare.ro\/imoexpert\/locuinte-verzi-si-inteligente-la-imobiliarium-baneasa_db\/"]}]},{"@type":"ImageObject","inLanguage":"en","@id":"https:\/\/www.imobiliare.ro\/imoexpert\/locuinte-verzi-si-inteligente-la-imobiliarium-baneasa_db\/#primaryimage","url":"https:\/\/www.imobiliare.ro\/imoexpert\/wp-content\/uploads\/2019\/10\/imobiliarium.jpg","contentUrl":"https:\/\/www.imobiliare.ro\/imoexpert\/wp-content\/uploads\/2019\/10\/imobiliarium.jpg","width":2048,"height":1365},{"@type":"BreadcrumbList","@id":"https:\/\/www.imobiliare.ro\/imoexpert\/locuinte-verzi-si-inteligente-la-imobiliarium-baneasa_db\/#breadcrumb","itemListElement":[{"@type":"ListItem","position":1,"name":"Imoradar24","item":"https:\/\/www.imoradar24.ro"},{"@type":"ListItem","position":2,"name":"ImoExpert","item":"https:\/\/www.imobiliare.ro\/imoexpert\/"},{"@type":"ListItem","position":3,"name":"\u0218tiri","item":"https:\/\/www.imobiliare.ro\/imoexpert\/stiri\/"},{"@type":"ListItem","position":4,"name":"Locuin\u021be \u201everzi\u201d \u0219i \u201einteligente\u201d la Imobiliarium B\u0103neasa"}]},{"@type":"WebSite","@id":"https:\/\/www.imobiliare.ro\/imoexpert\/#website","url":"https:\/\/www.imobiliare.ro\/imoexpert\/","name":"ImoExpert","description":"cele mai importante \u015ftiri din domeniul imobiliar","publisher":{"@id":"https:\/\/www.imobiliare.ro\/imoexpert\/#organization"},"inLanguage":"en"},{"@type":"Organization","@id":"https:\/\/www.imobiliare.ro\/imoexpert\/#organization","name":"Imobiliare.ro","alternateName":"Realmedia Network SA","url":"https:\/\/www.imobiliare.ro\/imoexpert\/","logo":{"@type":"ImageObject","inLanguage":"en","@id":"https:\/\/www.imobiliare.ro\/imoexpert\/#\/schema\/logo\/image\/","url":"https:\/\/www.imobiliare.ro\/imoexpert\/wp-content\/uploads\/2025\/05\/imobiliare_logo.png","contentUrl":"https:\/\/www.imobiliare.ro\/imoexpert\/wp-content\/uploads\/2025\/05\/imobiliare_logo.png","width":237,"height":29,"caption":"Imobiliare.ro"},"image":{"@id":"https:\/\/www.imobiliare.ro\/imoexpert\/#\/schema\/logo\/image\/"}},{"@type":"Person","@id":"https:\/\/www.imobiliare.ro\/imoexpert\/#\/schema\/person\/8c13b0297075010b896471fabf0d7790","name":"Adriana Dr\u0103gu\u0219in","image":{"@type":"ImageObject","inLanguage":"en","@id":"https:\/\/www.imobiliare.ro\/imoexpert\/#\/schema\/person\/image\/","url":"https:\/\/secure.gravatar.com\/avatar\/ba4762f7517e50e679ed7f11207102d1150120f2f5800c0da98f8a15305bf514?s=96&d=mm&r=g","contentUrl":"https:\/\/secure.gravatar.com\/avatar\/ba4762f7517e50e679ed7f11207102d1150120f2f5800c0da98f8a15305bf514?s=96&d=mm&r=g","caption":"Adriana Dr\u0103gu\u0219in"},"jobTitle":"Editor","url":"https:\/\/www.imobiliare.ro\/imoexpert\/author\/adriana-dragusin\/"}]}},"_links":{"self":[{"href":"https:\/\/www.imobiliare.ro\/imoexpert\/wp-json\/wp\/v2\/posts\/56483","targetHints":{"allow":["GET"]}}],"collection":[{"href":"https:\/\/www.imobiliare.ro\/imoexpert\/wp-json\/wp\/v2\/posts"}],"about":[{"href":"https:\/\/www.imobiliare.ro\/imoexpert\/wp-json\/wp\/v2\/types\/post"}],"author":[{"embeddable":true,"href":"https:\/\/www.imobiliare.ro\/imoexpert\/wp-json\/wp\/v2\/users\/829"}],"replies":[{"embeddable":true,"href":"https:\/\/www.imobiliare.ro\/imoexpert\/wp-json\/wp\/v2\/comments?post=56483"}],"version-history":[{"count":0,"href":"https:\/\/www.imobiliare.ro\/imoexpert\/wp-json\/wp\/v2\/posts\/56483\/revisions"}],"wp:featuredmedia":[{"embeddable":true,"href":"https:\/\/www.imobiliare.ro\/imoexpert\/wp-json\/wp\/v2\/media\/56507"}],"wp:attachment":[{"href":"https:\/\/www.imobiliare.ro\/imoexpert\/wp-json\/wp\/v2\/media?parent=56483"}],"wp:term":[{"taxonomy":"category","embeddable":true,"href":"https:\/\/www.imobiliare.ro\/imoexpert\/wp-json\/wp\/v2\/categories?post=56483"},{"taxonomy":"post_tag","embeddable":true,"href":"https:\/\/www.imobiliare.ro\/imoexpert\/wp-json\/wp\/v2\/tags?post=56483"},{"taxonomy":"content_author","embeddable":true,"href":"https:\/\/www.imobiliare.ro\/imoexpert\/wp-json\/wp\/v2\/content_author?post=56483"}],"curies":[{"name":"wp","href":"https:\/\/api.w.org\/{rel}","templated":true}]}}