{"id":56495,"date":"2019-10-10T15:41:04","date_gmt":"2019-10-10T12:41:04","guid":{"rendered":"https:\/\/www.imobiliare.ro\/imoexpert\/?p=56495"},"modified":"2019-10-10T15:41:04","modified_gmt":"2019-10-10T12:41:04","slug":"esop-volumul-inchirierilor-de-birouri-s-a-majorat-cu-24-in-primele-noua-luni-din-2019","status":"publish","type":"post","link":"https:\/\/www.imobiliare.ro\/imoexpert\/esop-volumul-inchirierilor-de-birouri-s-a-majorat-cu-24-in-primele-noua-luni-din-2019_db\/","title":{"rendered":"ESOP: Volumul \u00eenchirierilor de birouri s-a majorat cu 24% \u00een primele nou\u0103 luni din 2019"},"content":{"rendered":"<figure id=\"attachment_56496\" aria-describedby=\"caption-attachment-56496\" style=\"width: 800px\" class=\"wp-caption aligncenter\"><a class=\"article-body-links\"href=\"https:\/\/www.imobiliare.ro\/imoexpert\/wp-content\/uploads\/2019\/10\/ESOP-volumul-inchirierilor-de-birouri-s-a-majorat-cu-24-in-primele-noua-luni-din-2019.jpg\"><img loading=\"lazy\" decoding=\"async\" src=\"https:\/\/www.imobiliare.ro\/imoexpert\/wp-content\/uploads\/2019\/10\/ESOP-volumul-inchirierilor-de-birouri-s-a-majorat-cu-24-in-primele-noua-luni-din-2019.jpg\" alt=\"\" width=\"800\" height=\"530\" class=\"size-full wp-image-56496\" srcset=\"https:\/\/www.imobiliare.ro\/imoexpert\/wp-content\/uploads\/2019\/10\/ESOP-volumul-inchirierilor-de-birouri-s-a-majorat-cu-24-in-primele-noua-luni-din-2019.jpg 800w, https:\/\/www.imobiliare.ro\/imoexpert\/wp-content\/uploads\/2019\/10\/ESOP-volumul-inchirierilor-de-birouri-s-a-majorat-cu-24-in-primele-noua-luni-din-2019-300x199.jpg 300w, https:\/\/www.imobiliare.ro\/imoexpert\/wp-content\/uploads\/2019\/10\/ESOP-volumul-inchirierilor-de-birouri-s-a-majorat-cu-24-in-primele-noua-luni-din-2019-768x509.jpg 768w\" sizes=\"auto, (max-width: 800px) 100vw, 800px\" \/><\/a><figcaption id=\"caption-attachment-56496\" class=\"wp-caption-text\">Segmentul pre\u00eenchirierilor a \u00eenregistrat o cre\u0219tere de 40% fa\u021b\u0103 de perioada similar\u0103 a anului trecut<\/figcaption><\/figure>\n<div id=\"ez-toc-container\" class=\"ez-toc-v2_0_81 counter-hierarchy ez-toc-counter ez-toc-grey ez-toc-container-direction\">\n<p class=\"ez-toc-title\" style=\"cursor:inherit\">Table of Contents<\/p>\n<label for=\"ez-toc-cssicon-toggle-item-69f7218734b4b\" class=\"ez-toc-cssicon-toggle-label\"><span class=\"ez-toc-cssicon\"><span class=\"eztoc-hide\" style=\"display:none;\">Toggle<\/span><span class=\"ez-toc-icon-toggle-span\"><svg style=\"fill: #999;color:#999\" xmlns=\"http:\/\/www.w3.org\/2000\/svg\" class=\"list-377408\" width=\"20px\" height=\"20px\" viewBox=\"0 0 24 24\" fill=\"none\"><path d=\"M6 6H4v2h2V6zm14 0H8v2h12V6zM4 11h2v2H4v-2zm16 0H8v2h12v-2zM4 16h2v2H4v-2zm16 0H8v2h12v-2z\" fill=\"currentColor\"><\/path><\/svg><svg style=\"fill: #999;color:#999\" class=\"arrow-unsorted-368013\" xmlns=\"http:\/\/www.w3.org\/2000\/svg\" width=\"10px\" height=\"10px\" viewBox=\"0 0 24 24\" version=\"1.2\" baseProfile=\"tiny\"><path d=\"M18.2 9.3l-6.2-6.3-6.2 6.3c-.2.2-.3.4-.3.7s.1.5.3.7c.2.2.4.3.7.3h11c.3 0 .5-.1.7-.3.2-.2.3-.5.3-.7s-.1-.5-.3-.7zM5.8 14.7l6.2 6.3 6.2-6.3c.2-.2.3-.5.3-.7s-.1-.5-.3-.7c-.2-.2-.4-.3-.7-.3h-11c-.3 0-.5.1-.7.3-.2.2-.3.5-.3.7s.1.5.3.7z\"\/><\/svg><\/span><\/span><\/label><input type=\"checkbox\"  id=\"ez-toc-cssicon-toggle-item-69f7218734b4b\"  aria-label=\"Toggle\" \/><nav><ul class='ez-toc-list ez-toc-list-level-1 ' ><li class='ez-toc-page-1 ez-toc-heading-level-2'><a class=\"ez-toc-link ez-toc-heading-1\" href=\"https:\/\/www.imobiliare.ro\/imoexpert\/esop-volumul-inchirierilor-de-birouri-s-a-majorat-cu-24-in-primele-noua-luni-din-2019_db\/#Cresteri_ale_inchirierilor_de_birouri_au_avut_loc_pe_toate_segmentele_de_piata_contracte_noi_prelungiri_ale_unora_mai_vechi_si_respectiv_renegocieri\" >Cre\u0219teri ale \u00eenchirierilor de birouri au avut loc pe toate segmentele de pia\u021b\u0103: contracte noi, prelungiri ale unora mai vechi \u0219i, respectiv, renegocieri.<\/a><\/li><li class='ez-toc-page-1 ez-toc-heading-level-2'><a class=\"ez-toc-link ez-toc-heading-2\" href=\"https:\/\/www.imobiliare.ro\/imoexpert\/esop-volumul-inchirierilor-de-birouri-s-a-majorat-cu-24-in-primele-noua-luni-din-2019_db\/#Bucuresti_Cluj_si_Timisoara_marii_poli_ai_pietei_office\" >Bucure\u0219ti, Cluj \u0219i Timi\u0219oara, marii poli ai pie\u021bei office<\/a><\/li><li class='ez-toc-page-1 ez-toc-heading-level-2'><a class=\"ez-toc-link ez-toc-heading-3\" href=\"https:\/\/www.imobiliare.ro\/imoexpert\/esop-volumul-inchirierilor-de-birouri-s-a-majorat-cu-24-in-primele-noua-luni-din-2019_db\/#Peste_350000_mp_de_birouri_noi_in_Bucuresti\" >Peste 350.000 mp de birouri noi \u00een Bucure\u0219ti<\/a><\/li><\/ul><\/nav><\/div>\n<h2><span class=\"ez-toc-section\" id=\"Cresteri_ale_inchirierilor_de_birouri_au_avut_loc_pe_toate_segmentele_de_piata_contracte_noi_prelungiri_ale_unora_mai_vechi_si_respectiv_renegocieri\"><\/span>Cre\u0219teri ale \u00eenchirierilor de birouri au avut loc pe toate segmentele de pia\u021b\u0103: contracte noi, prelungiri ale unora mai vechi \u0219i, respectiv, renegocieri.<span class=\"ez-toc-section-end\"><\/span><\/h2>\n<p>\u00cen perioada ianuarie-septembrie 2019, volumul \u00eenchirierilor de spa\u021bii de birouri a ajuns la un total de 339.100 de metri p\u0103tra\u021bi la nivel na\u021bional. Potrivit unei monitoriz\u0103ri ESOP Consulting l CORFAC International asupra datelor centralizate de principalii brokeri din pia\u021b\u0103, aceast\u0103 cifr\u0103 echivaleaz\u0103 cu un avans de 24% (65.430 de metri p\u0103tra\u021bi) fa\u021b\u0103 de perioada similar\u0103 a anului trecut.<\/p>\n<h2><span class=\"ez-toc-section\" id=\"Bucuresti_Cluj_si_Timisoara_marii_poli_ai_pietei_office\"><\/span>Bucure\u0219ti, Cluj \u0219i Timi\u0219oara, marii poli ai pie\u021bei office<span class=\"ez-toc-section-end\"><\/span><\/h2>\n<p>Perioada analizat\u0103 a relevat rezultate mai bune pe toate segmentele de pia\u021b\u0103, at\u00e2t \u00een ceea ce prive\u0219te \u00eenchirierea de spa\u021bii noi, c\u00e2t \u0219i prelungirea unor contracte de \u00eenchiriere mai vechi \u0219i renegocierile. Cele mai mari tranzac\u021bii au fost \u00eenregistrate, desigur, \u00een Bucure\u0219ti, Cluj-Napoca \u0219i Timi\u0219oara.<\/p>\n<blockquote><p>\u201ePia\u021ba birourilor se men\u021bine pe un trend ascendent, este o perioad\u0103 de dezvoltare \u0219i extindere at\u00e2t pentru companiile multina\u021bionale, c\u00e2t \u0219i pentru cele locale. Companiile au fost atrase \u00een special de pre\u00eenchirierea de spa\u021bii in proiectele noi, segmentul pre\u00eenchirierilor \u00eenregistr\u00e2nd o cre\u0219tere cu 40% in primele trimestre ale acestui an, fa\u021b\u0103 de aceea\u0219i perioad\u0103 a anului trecut: la 96.000 \u00een 2019 fa\u021b\u0103 de 68.000 de metri p\u0103tra\u021bi anul anterior.\u201d <\/p>\n<p><strong>Alexandru Petrescu, Managing Partner la ESOP Consulting l CORFAC International<\/strong><\/p><\/blockquote>\n<p>&nbsp;<\/p>\n<p><strong>Cite\u0219te \u0219i: <a class=\"article-body-links\"href=\"https:\/\/www.imobiliare.ro\/imoexpert\/imm-urile-care-concureaza-firmele-de-itc-la-inchirierea-de-spatii-in-cladiri-de-birouri_db\/\">IMM-urile care concureaz\u0103 firmele de IT&#038;C la \u00eenchirierea de spa\u021bii \u00een cl\u0103diri de birouri<\/a><\/strong><\/p>\n<figure id=\"attachment_56497\" aria-describedby=\"caption-attachment-56497\" style=\"width: 800px\" class=\"wp-caption aligncenter\"><a class=\"article-body-links\"href=\"https:\/\/www.imobiliare.ro\/imoexpert\/wp-content\/uploads\/2019\/10\/ESOP-volumul-inchirierilor-de-birouri-s-a-majorat-cu-24-in-primele-noua-luni-din-2019-2.jpg\"><img loading=\"lazy\" decoding=\"async\" src=\"https:\/\/www.imobiliare.ro\/imoexpert\/wp-content\/uploads\/2019\/10\/ESOP-volumul-inchirierilor-de-birouri-s-a-majorat-cu-24-in-primele-noua-luni-din-2019-2.jpg\" alt=\"\" width=\"800\" height=\"450\" class=\"size-full wp-image-56497\" srcset=\"https:\/\/www.imobiliare.ro\/imoexpert\/wp-content\/uploads\/2019\/10\/ESOP-volumul-inchirierilor-de-birouri-s-a-majorat-cu-24-in-primele-noua-luni-din-2019-2.jpg 800w, https:\/\/www.imobiliare.ro\/imoexpert\/wp-content\/uploads\/2019\/10\/ESOP-volumul-inchirierilor-de-birouri-s-a-majorat-cu-24-in-primele-noua-luni-din-2019-2-300x169.jpg 300w, https:\/\/www.imobiliare.ro\/imoexpert\/wp-content\/uploads\/2019\/10\/ESOP-volumul-inchirierilor-de-birouri-s-a-majorat-cu-24-in-primele-noua-luni-din-2019-2-768x432.jpg 768w\" sizes=\"auto, (max-width: 800px) 100vw, 800px\" \/><\/a><figcaption id=\"caption-attachment-56497\" class=\"wp-caption-text\">Al\u0103turi de \u00eenchirierile de spa\u021bii noi, renegocierile unor contracte mai vechi ocup\u0103 un loc important \u00een activitatea de tranzac\u021bionare<\/figcaption><\/figure>\n<h2><span class=\"ez-toc-section\" id=\"Peste_350000_mp_de_birouri_noi_in_Bucuresti\"><\/span>Peste 350.000 mp de birouri noi \u00een Bucure\u0219ti<span class=\"ez-toc-section-end\"><\/span><\/h2>\n<p>\u00cen trimestrul al treilea al anului curent, la nivel na\u021bional au fost tranzac\u021bionate birouri cu o suprafa\u021b\u0103 total\u0103 de 90.810 metri p\u0103tra\u021bi, suprafa\u021ba medie de \u00eenchiriere fiind 1.196 de metri p\u0103tra\u021bi.<\/p>\n<p>Cele mai ample spa\u021bii office au fost \u00eenchiriate \u00een proiectele Iride Park, AFI Park, Dacia Office, Orhideea Towers \u0219i Timpuri Noi Square. \u00cen Cluj Napoca, cele mai mari tranzac\u021bii de \u00eenchiriere au avut loc \u00een proiectele Record Park \u0219i CBC, iar \u00een Timi\u0219oara, \u00een complexul Iulius Tower.<\/p>\n<blockquote><p>\u201eSuprafa\u021ba de birouri ce ar putea fi livrat\u0103 \u00een 2019 \u00een Bucure\u0219ti va dep\u0103\u0219i 350.000 de metri p\u0103tra\u021bi, iar in 2020 exist\u0103 \u00een pipeline (\u00een a\u0219teptare, n.red.) o suprafa\u021b\u0103 asem\u0103n\u0103toare. De aceea consider\u0103m c\u0103 activitatea de tranzac\u021bionare \u00ee\u0219i va p\u0103stra dinamismul \u0219i \u00een perioada urm\u0103toare, ritmul de pr\u00eenchirieri fiind unul sus\u021binut, exist\u00e2nd op\u021biuni variate pentru firmele care doresc un plus de confort \u0219i facilit\u0103\u021bi pentru angaja\u021bi.\u201d<\/p>\n<p><strong>Alexandru Petrescu, Managing Partner la ESOP Consulting l CORFAC International<\/strong><\/p><\/blockquote>\n<p>&nbsp;<\/p>\n<p><strong>Cite\u0219te \u0219i: <a class=\"article-body-links\"href=\"https:\/\/www.imobiliare.ro\/imoexpert\/din-bancile-facultatii-in-bancile-companiei-ce-spatii-de-birouri-ii-asteapta-pe-absolventi-in-marile-orase_db\/\">Din b\u0103ncile facult\u0103\u021bii \u00een \u201eb\u0103ncile\u201d companiei: ce spa\u021bii de birouri \u00eei a\u0219teapt\u0103 pe absolven\u021bi \u00een marile ora\u0219e<\/a><\/strong><\/p>\n","protected":false},"excerpt":{"rendered":"<p>Cre\u0219teri ale \u00eenchirierilor de birouri au avut loc pe toate segmentele de pia\u021b\u0103: contracte noi, prelungiri ale unora mai vechi \u0219i, respectiv, renegocieri. \u00cen perioada ianuarie-septembrie 2019, volumul \u00eenchirierilor de spa\u021bii de birouri a ajuns la un total de 339.100 de metri p\u0103tra\u021bi la nivel na\u021bional. Potrivit unei monitoriz\u0103ri ESOP Consulting l CORFAC International asupra [&hellip;]<\/p>\n","protected":false},"author":829,"featured_media":56496,"comment_status":"open","ping_status":"open","sticky":false,"template":"","format":"standard","meta":{"footnotes":""},"categories":[259],"tags":[1824,1852],"content_author":[],"class_list":["post-56495","post","type-post","status-publish","format-standard","has-post-thumbnail","hentry","category-stiri","tag-birouri-2019","tag-esop-consulting"],"yoast_head":"<!-- This site is optimized with the Yoast SEO Premium plugin v27.0 (Yoast SEO v27.0) - https:\/\/yoast.com\/product\/yoast-seo-premium-wordpress\/ -->\n<title>ESOP: Volumul \u00eenchirierilor de birouri s-a majorat cu 24% \u00een primele nou\u0103 luni din 2019 - \u0218tiri - ImoExpert<\/title>\n<meta name=\"description\" content=\"Cre\u0219teri ale \u00eenchirierilor de birouri au avut loc pe toate segmentele de pia\u021b\u0103: contracte noi, prelungiri ale unora mai vechi \u0219i, respectiv, renegocieri.\" \/>\n<meta name=\"robots\" content=\"index, follow\" \/>\n<link rel=\"canonical\" href=\"https:\/\/www.imobiliare.ro\/imoexpert\/esop-volumul-inchirierilor-de-birouri-s-a-majorat-cu-24-in-primele-noua-luni-din-2019_db\/\" \/>\n<meta property=\"og:locale\" content=\"ro_RO\" \/>\n<meta property=\"og:type\" content=\"article\" \/>\n<meta property=\"og:title\" content=\"ESOP: Volumul \u00eenchirierilor de birouri s-a majorat cu 24% \u00een primele nou\u0103 luni din 2019\" \/>\n<meta property=\"og:description\" content=\"Cre\u0219teri ale \u00eenchirierilor de birouri au avut loc pe toate segmentele de pia\u021b\u0103: contracte noi, prelungiri ale unora mai vechi \u0219i, respectiv, renegocieri.\" \/>\n<meta property=\"og:url\" content=\"https:\/\/www.imobiliare.ro\/imoexpert\/esop-volumul-inchirierilor-de-birouri-s-a-majorat-cu-24-in-primele-noua-luni-din-2019_db\/\" \/>\n<meta property=\"og:site_name\" content=\"ImoExpert\" \/>\n<meta property=\"article:published_time\" content=\"2019-10-10T12:41:04+00:00\" \/>\n<meta property=\"og:image\" content=\"https:\/\/www.imobiliare.ro\/imoexpert\/wp-content\/uploads\/2019\/10\/ESOP-volumul-inchirierilor-de-birouri-s-a-majorat-cu-24-in-primele-noua-luni-din-2019.jpg\" \/>\n\t<meta property=\"og:image:width\" content=\"800\" \/>\n\t<meta property=\"og:image:height\" content=\"530\" \/>\n\t<meta property=\"og:image:type\" content=\"image\/jpeg\" \/>\n<meta name=\"author\" content=\"Adriana Dr\u0103gu\u0219in\" \/>\n<meta name=\"twitter:card\" content=\"summary_large_image\" \/>\n<meta name=\"twitter:label1\" content=\"Written by\" \/>\n\t<meta name=\"twitter:data1\" content=\"Adriana Dr\u0103gu\u0219in\" \/>\n\t<meta name=\"twitter:label2\" content=\"Est. reading time\" \/>\n\t<meta name=\"twitter:data2\" content=\"3 minute\" \/>\n<script type=\"application\/ld+json\" class=\"yoast-schema-graph\">{\"@context\":\"https:\/\/schema.org\",\"@graph\":[{\"@type\":\"Article\",\"@id\":\"https:\/\/www.imobiliare.ro\/imoexpert\/esop-volumul-inchirierilor-de-birouri-s-a-majorat-cu-24-in-primele-noua-luni-din-2019_db\/#article\",\"isPartOf\":{\"@id\":\"https:\/\/www.imobiliare.ro\/imoexpert\/esop-volumul-inchirierilor-de-birouri-s-a-majorat-cu-24-in-primele-noua-luni-din-2019_db\/\"},\"author\":{\"name\":\"Adriana Dr\u0103gu\u0219in\",\"@id\":\"https:\/\/www.imobiliare.ro\/imoexpert\/#\/schema\/person\/8c13b0297075010b896471fabf0d7790\"},\"headline\":\"ESOP: Volumul \u00eenchirierilor de birouri s-a majorat cu 24% \u00een primele nou\u0103 luni din 2019\",\"datePublished\":\"2019-10-10T12:41:04+00:00\",\"mainEntityOfPage\":{\"@id\":\"https:\/\/www.imobiliare.ro\/imoexpert\/esop-volumul-inchirierilor-de-birouri-s-a-majorat-cu-24-in-primele-noua-luni-din-2019_db\/\"},\"wordCount\":537,\"commentCount\":0,\"publisher\":{\"@id\":\"https:\/\/www.imobiliare.ro\/imoexpert\/#organization\"},\"image\":{\"@id\":\"https:\/\/www.imobiliare.ro\/imoexpert\/esop-volumul-inchirierilor-de-birouri-s-a-majorat-cu-24-in-primele-noua-luni-din-2019_db\/#primaryimage\"},\"thumbnailUrl\":\"https:\/\/www.imobiliare.ro\/imoexpert\/wp-content\/uploads\/2019\/10\/ESOP-volumul-inchirierilor-de-birouri-s-a-majorat-cu-24-in-primele-noua-luni-din-2019.jpg\",\"keywords\":[\"birouri 2019\",\"Esop Consulting\"],\"articleSection\":[\"\u0218tiri\"],\"inLanguage\":\"en\",\"potentialAction\":[{\"@type\":\"CommentAction\",\"name\":\"Comment\",\"target\":[\"https:\/\/www.imobiliare.ro\/imoexpert\/esop-volumul-inchirierilor-de-birouri-s-a-majorat-cu-24-in-primele-noua-luni-din-2019_db\/#respond\"]}],\"copyrightYear\":\"2019\",\"copyrightHolder\":{\"@id\":\"https:\/\/www.imobiliare.ro\/imoexpert\/#organization\"}},{\"@type\":\"WebPage\",\"@id\":\"https:\/\/www.imobiliare.ro\/imoexpert\/esop-volumul-inchirierilor-de-birouri-s-a-majorat-cu-24-in-primele-noua-luni-din-2019_db\/\",\"url\":\"https:\/\/www.imobiliare.ro\/imoexpert\/esop-volumul-inchirierilor-de-birouri-s-a-majorat-cu-24-in-primele-noua-luni-din-2019_db\/\",\"name\":\"ESOP: Volumul \u00eenchirierilor de birouri s-a majorat cu 24% \u00een primele nou\u0103 luni din 2019 - \u0218tiri - ImoExpert\",\"isPartOf\":{\"@id\":\"https:\/\/www.imobiliare.ro\/imoexpert\/#website\"},\"primaryImageOfPage\":{\"@id\":\"https:\/\/www.imobiliare.ro\/imoexpert\/esop-volumul-inchirierilor-de-birouri-s-a-majorat-cu-24-in-primele-noua-luni-din-2019_db\/#primaryimage\"},\"image\":{\"@id\":\"https:\/\/www.imobiliare.ro\/imoexpert\/esop-volumul-inchirierilor-de-birouri-s-a-majorat-cu-24-in-primele-noua-luni-din-2019_db\/#primaryimage\"},\"thumbnailUrl\":\"https:\/\/www.imobiliare.ro\/imoexpert\/wp-content\/uploads\/2019\/10\/ESOP-volumul-inchirierilor-de-birouri-s-a-majorat-cu-24-in-primele-noua-luni-din-2019.jpg\",\"datePublished\":\"2019-10-10T12:41:04+00:00\",\"description\":\"Cre\u0219teri ale \u00eenchirierilor de birouri au avut loc pe toate segmentele de pia\u021b\u0103: contracte noi, prelungiri ale unora mai vechi \u0219i, respectiv, renegocieri.\",\"breadcrumb\":{\"@id\":\"https:\/\/www.imobiliare.ro\/imoexpert\/esop-volumul-inchirierilor-de-birouri-s-a-majorat-cu-24-in-primele-noua-luni-din-2019_db\/#breadcrumb\"},\"inLanguage\":\"en\",\"potentialAction\":[{\"@type\":\"ReadAction\",\"target\":[\"https:\/\/www.imobiliare.ro\/imoexpert\/esop-volumul-inchirierilor-de-birouri-s-a-majorat-cu-24-in-primele-noua-luni-din-2019_db\/\"]}]},{\"@type\":\"ImageObject\",\"inLanguage\":\"en\",\"@id\":\"https:\/\/www.imobiliare.ro\/imoexpert\/esop-volumul-inchirierilor-de-birouri-s-a-majorat-cu-24-in-primele-noua-luni-din-2019_db\/#primaryimage\",\"url\":\"https:\/\/www.imobiliare.ro\/imoexpert\/wp-content\/uploads\/2019\/10\/ESOP-volumul-inchirierilor-de-birouri-s-a-majorat-cu-24-in-primele-noua-luni-din-2019.jpg\",\"contentUrl\":\"https:\/\/www.imobiliare.ro\/imoexpert\/wp-content\/uploads\/2019\/10\/ESOP-volumul-inchirierilor-de-birouri-s-a-majorat-cu-24-in-primele-noua-luni-din-2019.jpg\",\"width\":800,\"height\":530,\"caption\":\"Segmentul pre\u00eenchirierilor a \u00eenregistrat o cre\u0219tere de 40% fa\u021b\u0103 de perioada similar\u0103 a anului trecut\"},{\"@type\":\"BreadcrumbList\",\"@id\":\"https:\/\/www.imobiliare.ro\/imoexpert\/esop-volumul-inchirierilor-de-birouri-s-a-majorat-cu-24-in-primele-noua-luni-din-2019_db\/#breadcrumb\",\"itemListElement\":[{\"@type\":\"ListItem\",\"position\":1,\"name\":\"Imoradar24\",\"item\":\"https:\/\/www.imoradar24.ro\"},{\"@type\":\"ListItem\",\"position\":2,\"name\":\"ImoExpert\",\"item\":\"https:\/\/www.imobiliare.ro\/imoexpert\/\"},{\"@type\":\"ListItem\",\"position\":3,\"name\":\"\u0218tiri\",\"item\":\"https:\/\/www.imobiliare.ro\/imoexpert\/stiri\/\"},{\"@type\":\"ListItem\",\"position\":4,\"name\":\"ESOP: Volumul \u00eenchirierilor de birouri s-a majorat cu 24% \u00een primele nou\u0103 luni din 2019\"}]},{\"@type\":\"WebSite\",\"@id\":\"https:\/\/www.imobiliare.ro\/imoexpert\/#website\",\"url\":\"https:\/\/www.imobiliare.ro\/imoexpert\/\",\"name\":\"ImoExpert\",\"description\":\"cele mai importante \u015ftiri din domeniul imobiliar\",\"publisher\":{\"@id\":\"https:\/\/www.imobiliare.ro\/imoexpert\/#organization\"},\"inLanguage\":\"en\"},{\"@type\":\"Organization\",\"@id\":\"https:\/\/www.imobiliare.ro\/imoexpert\/#organization\",\"name\":\"Imobiliare.ro\",\"alternateName\":\"Realmedia Network SA\",\"url\":\"https:\/\/www.imobiliare.ro\/imoexpert\/\",\"logo\":{\"@type\":\"ImageObject\",\"inLanguage\":\"en\",\"@id\":\"https:\/\/www.imobiliare.ro\/imoexpert\/#\/schema\/logo\/image\/\",\"url\":\"https:\/\/www.imobiliare.ro\/imoexpert\/wp-content\/uploads\/2025\/05\/imobiliare_logo.png\",\"contentUrl\":\"https:\/\/www.imobiliare.ro\/imoexpert\/wp-content\/uploads\/2025\/05\/imobiliare_logo.png\",\"width\":237,\"height\":29,\"caption\":\"Imobiliare.ro\"},\"image\":{\"@id\":\"https:\/\/www.imobiliare.ro\/imoexpert\/#\/schema\/logo\/image\/\"}},{\"@type\":\"Person\",\"@id\":\"https:\/\/www.imobiliare.ro\/imoexpert\/#\/schema\/person\/8c13b0297075010b896471fabf0d7790\",\"name\":\"Adriana Dr\u0103gu\u0219in\",\"image\":{\"@type\":\"ImageObject\",\"inLanguage\":\"en\",\"@id\":\"https:\/\/www.imobiliare.ro\/imoexpert\/#\/schema\/person\/image\/\",\"url\":\"https:\/\/secure.gravatar.com\/avatar\/ba4762f7517e50e679ed7f11207102d1150120f2f5800c0da98f8a15305bf514?s=96&d=mm&r=g\",\"contentUrl\":\"https:\/\/secure.gravatar.com\/avatar\/ba4762f7517e50e679ed7f11207102d1150120f2f5800c0da98f8a15305bf514?s=96&d=mm&r=g\",\"caption\":\"Adriana Dr\u0103gu\u0219in\"},\"jobTitle\":\"Editor\",\"url\":\"https:\/\/www.imobiliare.ro\/imoexpert\/author\/adriana-dragusin\/\"}]}<\/script>\n<!-- \/ Yoast SEO Premium plugin. -->","yoast_head_json":{"title":"ESOP: Volumul \u00eenchirierilor de birouri s-a majorat cu 24% \u00een primele nou\u0103 luni din 2019 - \u0218tiri - ImoExpert","description":"Cre\u0219teri ale \u00eenchirierilor de birouri au avut loc pe toate segmentele de pia\u021b\u0103: contracte noi, prelungiri ale unora mai vechi \u0219i, respectiv, renegocieri.","robots":{"index":"index","follow":"follow"},"canonical":"https:\/\/www.imobiliare.ro\/imoexpert\/esop-volumul-inchirierilor-de-birouri-s-a-majorat-cu-24-in-primele-noua-luni-din-2019_db\/","og_locale":"ro_RO","og_type":"article","og_title":"ESOP: Volumul \u00eenchirierilor de birouri s-a majorat cu 24% \u00een primele nou\u0103 luni din 2019","og_description":"Cre\u0219teri ale \u00eenchirierilor de birouri au avut loc pe toate segmentele de pia\u021b\u0103: contracte noi, prelungiri ale unora mai vechi \u0219i, respectiv, renegocieri.","og_url":"https:\/\/www.imobiliare.ro\/imoexpert\/esop-volumul-inchirierilor-de-birouri-s-a-majorat-cu-24-in-primele-noua-luni-din-2019_db\/","og_site_name":"ImoExpert","article_published_time":"2019-10-10T12:41:04+00:00","og_image":[{"width":800,"height":530,"url":"https:\/\/www.imobiliare.ro\/imoexpert\/wp-content\/uploads\/2019\/10\/ESOP-volumul-inchirierilor-de-birouri-s-a-majorat-cu-24-in-primele-noua-luni-din-2019.jpg","type":"image\/jpeg"}],"author":"Adriana Dr\u0103gu\u0219in","twitter_card":"summary_large_image","twitter_misc":{"Written by":"Adriana Dr\u0103gu\u0219in","Est. reading time":"3 minute"},"schema":{"@context":"https:\/\/schema.org","@graph":[{"@type":"Article","@id":"https:\/\/www.imobiliare.ro\/imoexpert\/esop-volumul-inchirierilor-de-birouri-s-a-majorat-cu-24-in-primele-noua-luni-din-2019_db\/#article","isPartOf":{"@id":"https:\/\/www.imobiliare.ro\/imoexpert\/esop-volumul-inchirierilor-de-birouri-s-a-majorat-cu-24-in-primele-noua-luni-din-2019_db\/"},"author":{"name":"Adriana Dr\u0103gu\u0219in","@id":"https:\/\/www.imobiliare.ro\/imoexpert\/#\/schema\/person\/8c13b0297075010b896471fabf0d7790"},"headline":"ESOP: Volumul \u00eenchirierilor de birouri s-a majorat cu 24% \u00een primele nou\u0103 luni din 2019","datePublished":"2019-10-10T12:41:04+00:00","mainEntityOfPage":{"@id":"https:\/\/www.imobiliare.ro\/imoexpert\/esop-volumul-inchirierilor-de-birouri-s-a-majorat-cu-24-in-primele-noua-luni-din-2019_db\/"},"wordCount":537,"commentCount":0,"publisher":{"@id":"https:\/\/www.imobiliare.ro\/imoexpert\/#organization"},"image":{"@id":"https:\/\/www.imobiliare.ro\/imoexpert\/esop-volumul-inchirierilor-de-birouri-s-a-majorat-cu-24-in-primele-noua-luni-din-2019_db\/#primaryimage"},"thumbnailUrl":"https:\/\/www.imobiliare.ro\/imoexpert\/wp-content\/uploads\/2019\/10\/ESOP-volumul-inchirierilor-de-birouri-s-a-majorat-cu-24-in-primele-noua-luni-din-2019.jpg","keywords":["birouri 2019","Esop Consulting"],"articleSection":["\u0218tiri"],"inLanguage":"en","potentialAction":[{"@type":"CommentAction","name":"Comment","target":["https:\/\/www.imobiliare.ro\/imoexpert\/esop-volumul-inchirierilor-de-birouri-s-a-majorat-cu-24-in-primele-noua-luni-din-2019_db\/#respond"]}],"copyrightYear":"2019","copyrightHolder":{"@id":"https:\/\/www.imobiliare.ro\/imoexpert\/#organization"}},{"@type":"WebPage","@id":"https:\/\/www.imobiliare.ro\/imoexpert\/esop-volumul-inchirierilor-de-birouri-s-a-majorat-cu-24-in-primele-noua-luni-din-2019_db\/","url":"https:\/\/www.imobiliare.ro\/imoexpert\/esop-volumul-inchirierilor-de-birouri-s-a-majorat-cu-24-in-primele-noua-luni-din-2019_db\/","name":"ESOP: Volumul \u00eenchirierilor de birouri s-a majorat cu 24% \u00een primele nou\u0103 luni din 2019 - \u0218tiri - ImoExpert","isPartOf":{"@id":"https:\/\/www.imobiliare.ro\/imoexpert\/#website"},"primaryImageOfPage":{"@id":"https:\/\/www.imobiliare.ro\/imoexpert\/esop-volumul-inchirierilor-de-birouri-s-a-majorat-cu-24-in-primele-noua-luni-din-2019_db\/#primaryimage"},"image":{"@id":"https:\/\/www.imobiliare.ro\/imoexpert\/esop-volumul-inchirierilor-de-birouri-s-a-majorat-cu-24-in-primele-noua-luni-din-2019_db\/#primaryimage"},"thumbnailUrl":"https:\/\/www.imobiliare.ro\/imoexpert\/wp-content\/uploads\/2019\/10\/ESOP-volumul-inchirierilor-de-birouri-s-a-majorat-cu-24-in-primele-noua-luni-din-2019.jpg","datePublished":"2019-10-10T12:41:04+00:00","description":"Cre\u0219teri ale \u00eenchirierilor de birouri au avut loc pe toate segmentele de pia\u021b\u0103: contracte noi, prelungiri ale unora mai vechi \u0219i, respectiv, renegocieri.","breadcrumb":{"@id":"https:\/\/www.imobiliare.ro\/imoexpert\/esop-volumul-inchirierilor-de-birouri-s-a-majorat-cu-24-in-primele-noua-luni-din-2019_db\/#breadcrumb"},"inLanguage":"en","potentialAction":[{"@type":"ReadAction","target":["https:\/\/www.imobiliare.ro\/imoexpert\/esop-volumul-inchirierilor-de-birouri-s-a-majorat-cu-24-in-primele-noua-luni-din-2019_db\/"]}]},{"@type":"ImageObject","inLanguage":"en","@id":"https:\/\/www.imobiliare.ro\/imoexpert\/esop-volumul-inchirierilor-de-birouri-s-a-majorat-cu-24-in-primele-noua-luni-din-2019_db\/#primaryimage","url":"https:\/\/www.imobiliare.ro\/imoexpert\/wp-content\/uploads\/2019\/10\/ESOP-volumul-inchirierilor-de-birouri-s-a-majorat-cu-24-in-primele-noua-luni-din-2019.jpg","contentUrl":"https:\/\/www.imobiliare.ro\/imoexpert\/wp-content\/uploads\/2019\/10\/ESOP-volumul-inchirierilor-de-birouri-s-a-majorat-cu-24-in-primele-noua-luni-din-2019.jpg","width":800,"height":530,"caption":"Segmentul pre\u00eenchirierilor a \u00eenregistrat o cre\u0219tere de 40% fa\u021b\u0103 de perioada similar\u0103 a anului trecut"},{"@type":"BreadcrumbList","@id":"https:\/\/www.imobiliare.ro\/imoexpert\/esop-volumul-inchirierilor-de-birouri-s-a-majorat-cu-24-in-primele-noua-luni-din-2019_db\/#breadcrumb","itemListElement":[{"@type":"ListItem","position":1,"name":"Imoradar24","item":"https:\/\/www.imoradar24.ro"},{"@type":"ListItem","position":2,"name":"ImoExpert","item":"https:\/\/www.imobiliare.ro\/imoexpert\/"},{"@type":"ListItem","position":3,"name":"\u0218tiri","item":"https:\/\/www.imobiliare.ro\/imoexpert\/stiri\/"},{"@type":"ListItem","position":4,"name":"ESOP: Volumul \u00eenchirierilor de birouri s-a majorat cu 24% \u00een primele nou\u0103 luni din 2019"}]},{"@type":"WebSite","@id":"https:\/\/www.imobiliare.ro\/imoexpert\/#website","url":"https:\/\/www.imobiliare.ro\/imoexpert\/","name":"ImoExpert","description":"cele mai importante \u015ftiri din domeniul imobiliar","publisher":{"@id":"https:\/\/www.imobiliare.ro\/imoexpert\/#organization"},"inLanguage":"en"},{"@type":"Organization","@id":"https:\/\/www.imobiliare.ro\/imoexpert\/#organization","name":"Imobiliare.ro","alternateName":"Realmedia Network SA","url":"https:\/\/www.imobiliare.ro\/imoexpert\/","logo":{"@type":"ImageObject","inLanguage":"en","@id":"https:\/\/www.imobiliare.ro\/imoexpert\/#\/schema\/logo\/image\/","url":"https:\/\/www.imobiliare.ro\/imoexpert\/wp-content\/uploads\/2025\/05\/imobiliare_logo.png","contentUrl":"https:\/\/www.imobiliare.ro\/imoexpert\/wp-content\/uploads\/2025\/05\/imobiliare_logo.png","width":237,"height":29,"caption":"Imobiliare.ro"},"image":{"@id":"https:\/\/www.imobiliare.ro\/imoexpert\/#\/schema\/logo\/image\/"}},{"@type":"Person","@id":"https:\/\/www.imobiliare.ro\/imoexpert\/#\/schema\/person\/8c13b0297075010b896471fabf0d7790","name":"Adriana Dr\u0103gu\u0219in","image":{"@type":"ImageObject","inLanguage":"en","@id":"https:\/\/www.imobiliare.ro\/imoexpert\/#\/schema\/person\/image\/","url":"https:\/\/secure.gravatar.com\/avatar\/ba4762f7517e50e679ed7f11207102d1150120f2f5800c0da98f8a15305bf514?s=96&d=mm&r=g","contentUrl":"https:\/\/secure.gravatar.com\/avatar\/ba4762f7517e50e679ed7f11207102d1150120f2f5800c0da98f8a15305bf514?s=96&d=mm&r=g","caption":"Adriana Dr\u0103gu\u0219in"},"jobTitle":"Editor","url":"https:\/\/www.imobiliare.ro\/imoexpert\/author\/adriana-dragusin\/"}]}},"_links":{"self":[{"href":"https:\/\/www.imobiliare.ro\/imoexpert\/wp-json\/wp\/v2\/posts\/56495","targetHints":{"allow":["GET"]}}],"collection":[{"href":"https:\/\/www.imobiliare.ro\/imoexpert\/wp-json\/wp\/v2\/posts"}],"about":[{"href":"https:\/\/www.imobiliare.ro\/imoexpert\/wp-json\/wp\/v2\/types\/post"}],"author":[{"embeddable":true,"href":"https:\/\/www.imobiliare.ro\/imoexpert\/wp-json\/wp\/v2\/users\/829"}],"replies":[{"embeddable":true,"href":"https:\/\/www.imobiliare.ro\/imoexpert\/wp-json\/wp\/v2\/comments?post=56495"}],"version-history":[{"count":0,"href":"https:\/\/www.imobiliare.ro\/imoexpert\/wp-json\/wp\/v2\/posts\/56495\/revisions"}],"wp:featuredmedia":[{"embeddable":true,"href":"https:\/\/www.imobiliare.ro\/imoexpert\/wp-json\/wp\/v2\/media\/56496"}],"wp:attachment":[{"href":"https:\/\/www.imobiliare.ro\/imoexpert\/wp-json\/wp\/v2\/media?parent=56495"}],"wp:term":[{"taxonomy":"category","embeddable":true,"href":"https:\/\/www.imobiliare.ro\/imoexpert\/wp-json\/wp\/v2\/categories?post=56495"},{"taxonomy":"post_tag","embeddable":true,"href":"https:\/\/www.imobiliare.ro\/imoexpert\/wp-json\/wp\/v2\/tags?post=56495"},{"taxonomy":"content_author","embeddable":true,"href":"https:\/\/www.imobiliare.ro\/imoexpert\/wp-json\/wp\/v2\/content_author?post=56495"}],"curies":[{"name":"wp","href":"https:\/\/api.w.org\/{rel}","templated":true}]}}