{"id":56555,"date":"2019-10-22T11:42:18","date_gmt":"2019-10-22T08:42:18","guid":{"rendered":"https:\/\/www.imobiliare.ro\/imoexpert\/?p=56555"},"modified":"2019-10-22T11:42:18","modified_gmt":"2019-10-22T08:42:18","slug":"rustic-si-modern-o-casa-din-lemn-inconjurata-de-padure-in-apropierea-bucurestiului-premiu-pentru-arhitectura","status":"publish","type":"post","link":"https:\/\/www.imobiliare.ro\/imoexpert\/rustic-si-modern-o-casa-din-lemn-inconjurata-de-padure-in-apropierea-bucurestiului-premiu-pentru-arhitectura_db\/","title":{"rendered":"Rustic \u0219i modern: o cas\u0103 din lemn \u00eenconjurat\u0103 de p\u0103dure \u00een apropierea Bucure\u0219tiului. Premiu pentru arhitectur\u0103"},"content":{"rendered":"<figure id=\"attachment_56556\" aria-describedby=\"caption-attachment-56556\" style=\"width: 800px\" class=\"wp-caption aligncenter\"><a class=\"article-body-links\"href=\"https:\/\/www.imobiliare.ro\/imoexpert\/wp-content\/uploads\/2019\/10\/rustic-si-modern-o-casa-inconjurata-de-padure-in-apropierea-Bucurestiului-Premiu-pentru-arhitectura-2.jpg\"><img loading=\"lazy\" decoding=\"async\" src=\"https:\/\/www.imobiliare.ro\/imoexpert\/wp-content\/uploads\/2019\/10\/rustic-si-modern-o-casa-inconjurata-de-padure-in-apropierea-Bucurestiului-Premiu-pentru-arhitectura-2.jpg\" alt=\"\" width=\"800\" height=\"733\" class=\"size-full wp-image-56556\" srcset=\"https:\/\/www.imobiliare.ro\/imoexpert\/wp-content\/uploads\/2019\/10\/rustic-si-modern-o-casa-inconjurata-de-padure-in-apropierea-Bucurestiului-Premiu-pentru-arhitectura-2.jpg 800w, https:\/\/www.imobiliare.ro\/imoexpert\/wp-content\/uploads\/2019\/10\/rustic-si-modern-o-casa-inconjurata-de-padure-in-apropierea-Bucurestiului-Premiu-pentru-arhitectura-2-300x275.jpg 300w, https:\/\/www.imobiliare.ro\/imoexpert\/wp-content\/uploads\/2019\/10\/rustic-si-modern-o-casa-inconjurata-de-padure-in-apropierea-Bucurestiului-Premiu-pentru-arhitectura-2-768x704.jpg 768w\" sizes=\"auto, (max-width: 800px) 100vw, 800px\" \/><\/a><figcaption id=\"caption-attachment-56556\" class=\"wp-caption-text\">Casa SYAA face parte din cartierul reziden\u021bial Dumbrava Vl\u0103siei<\/figcaption><\/figure>\n<div id=\"ez-toc-container\" class=\"ez-toc-v2_0_81 counter-hierarchy ez-toc-counter ez-toc-grey ez-toc-container-direction\">\n<p class=\"ez-toc-title\" style=\"cursor:inherit\">Table of Contents<\/p>\n<label for=\"ez-toc-cssicon-toggle-item-69ef1ce937040\" class=\"ez-toc-cssicon-toggle-label\"><span class=\"ez-toc-cssicon\"><span class=\"eztoc-hide\" style=\"display:none;\">Toggle<\/span><span class=\"ez-toc-icon-toggle-span\"><svg style=\"fill: #999;color:#999\" xmlns=\"http:\/\/www.w3.org\/2000\/svg\" class=\"list-377408\" width=\"20px\" height=\"20px\" viewBox=\"0 0 24 24\" fill=\"none\"><path d=\"M6 6H4v2h2V6zm14 0H8v2h12V6zM4 11h2v2H4v-2zm16 0H8v2h12v-2zM4 16h2v2H4v-2zm16 0H8v2h12v-2z\" fill=\"currentColor\"><\/path><\/svg><svg style=\"fill: #999;color:#999\" class=\"arrow-unsorted-368013\" xmlns=\"http:\/\/www.w3.org\/2000\/svg\" width=\"10px\" height=\"10px\" viewBox=\"0 0 24 24\" version=\"1.2\" baseProfile=\"tiny\"><path d=\"M18.2 9.3l-6.2-6.3-6.2 6.3c-.2.2-.3.4-.3.7s.1.5.3.7c.2.2.4.3.7.3h11c.3 0 .5-.1.7-.3.2-.2.3-.5.3-.7s-.1-.5-.3-.7zM5.8 14.7l6.2 6.3 6.2-6.3c.2-.2.3-.5.3-.7s-.1-.5-.3-.7c-.2-.2-.4-.3-.7-.3h-11c-.3 0-.5.1-.7.3-.2.2-.3.5-.3.7s.1.5.3.7z\"\/><\/svg><\/span><\/span><\/label><input type=\"checkbox\"  id=\"ez-toc-cssicon-toggle-item-69ef1ce937040\"  aria-label=\"Toggle\" \/><nav><ul class='ez-toc-list ez-toc-list-level-1 ' ><li class='ez-toc-page-1 ez-toc-heading-level-2'><a class=\"ez-toc-link ez-toc-heading-1\" href=\"https:\/\/www.imobiliare.ro\/imoexpert\/rustic-si-modern-o-casa-din-lemn-inconjurata-de-padure-in-apropierea-bucurestiului-premiu-pentru-arhitectura_db\/#Daca_esti_un_iubitor_al_rusticului_nu_inseamna_ca_ar_trebui_sa_renunti_la_confortul_vietii_moderne_%E2%80%93_cele_doua_pot_fi_imbinate_in_mod_creativ\" >Dac\u0103 e\u0219ti un iubitor al rusticului nu \u00eenseamn\u0103 c\u0103 ar trebui s\u0103 renun\u021bi la confortul vie\u021bii moderne \u2013 cele dou\u0103 pot fi \u00eembinate \u00een mod creativ.<\/a><\/li><li class='ez-toc-page-1 ez-toc-heading-level-2'><a class=\"ez-toc-link ez-toc-heading-2\" href=\"https:\/\/www.imobiliare.ro\/imoexpert\/rustic-si-modern-o-casa-din-lemn-inconjurata-de-padure-in-apropierea-bucurestiului-premiu-pentru-arhitectura_db\/#Camere_spatioase_si_terase_generoase\" >Camere spa\u021bioase \u0219i terase generoase<\/a><\/li><li class='ez-toc-page-1 ez-toc-heading-level-2'><a class=\"ez-toc-link ez-toc-heading-3\" href=\"https:\/\/www.imobiliare.ro\/imoexpert\/rustic-si-modern-o-casa-din-lemn-inconjurata-de-padure-in-apropierea-bucurestiului-premiu-pentru-arhitectura_db\/#Incalzire_prin_pardoseala_si_pompa_geotermala\" >\u00cenc\u0103lzire prin pardoseal\u0103 \u0219i pomp\u0103 geotermal\u0103<\/a><\/li><\/ul><\/nav><\/div>\n<h2><span class=\"ez-toc-section\" id=\"Daca_esti_un_iubitor_al_rusticului_nu_inseamna_ca_ar_trebui_sa_renunti_la_confortul_vietii_moderne_%E2%80%93_cele_doua_pot_fi_imbinate_in_mod_creativ\"><\/span>Dac\u0103 e\u0219ti un iubitor al rusticului nu \u00eenseamn\u0103 c\u0103 ar trebui s\u0103 renun\u021bi la confortul vie\u021bii moderne \u2013 cele dou\u0103 pot fi \u00eembinate \u00een mod creativ.<span class=\"ez-toc-section-end\"><\/span><\/h2>\n<p>Situat\u0103 \u00een nordul Bucure\u0219tiului, \u00een cartierul reziden\u021bial Dumbrava Vl\u0103siei din localitatea Balote\u0219ti, proprietatea din imagini, numit\u0103 Casa SYAA, este una dintre cele dou\u0103 care au c\u00e2\u0219tigat, la egalitate, premiul sec\u021biunii Arhitectura locuin\u021bei individuale la Anuala de Arhitectur\u0103 2019. Proiectul casei a fost realizat de biroul Cumulus Architecture \u2013 mai exact, de arh. Adrian Soare, arh. Cosmin Anghelache, arh. Neli German, arh. George Dinu, arh. Simina Ignat, arh. Eliza Yokina, arh. Andrada T\u0103r\u0103u.<\/p>\n<p>Interesant este c\u0103 cel\u0103lalt proiect care a primit premiul sec\u021biunii Arhitectura locuin\u021bei individuale anul acesta face parte din acela\u0219i cartier reziden\u021bial, fiind situat \u00een imediata apropiere a Casei SYAA &#8211; este vorba despre un proiect realizat de arh. Mihai Ene \u0219i arh. Adela Ene, de la biroul Ene+Ene Arhitectura. <\/p>\n<p><strong>Cite\u0219te \u0219i: <a class=\"article-body-links\"href=\"https:\/\/www.imobiliare.ro\/imoexpert\/armonia-interior-exterior-cum-arata-o-locuinta-premiata-proiectata-de-arhitecti-romani_db\/\">Armonia interior-exterior: cum arat\u0103 o locuin\u021b\u0103 premiat\u0103, proiectat\u0103 de arhitec\u021bi rom\u00e2ni<\/a><\/strong><\/p>\n<p><figure id=\"attachment_56557\" aria-describedby=\"caption-attachment-56557\" style=\"width: 800px\" class=\"wp-caption aligncenter\"><a class=\"article-body-links\"href=\"https:\/\/www.imobiliare.ro\/imoexpert\/wp-content\/uploads\/2019\/10\/rustic-si-modern-o-casa-inconjurata-de-padure-in-apropierea-Bucurestiului-Premiu-pentru-arhitectura-1.jpg\"><img loading=\"lazy\" decoding=\"async\" src=\"https:\/\/www.imobiliare.ro\/imoexpert\/wp-content\/uploads\/2019\/10\/rustic-si-modern-o-casa-inconjurata-de-padure-in-apropierea-Bucurestiului-Premiu-pentru-arhitectura-1.jpg\" alt=\"\" width=\"800\" height=\"339\" class=\"size-full wp-image-56557\" srcset=\"https:\/\/www.imobiliare.ro\/imoexpert\/wp-content\/uploads\/2019\/10\/rustic-si-modern-o-casa-inconjurata-de-padure-in-apropierea-Bucurestiului-Premiu-pentru-arhitectura-1.jpg 800w, https:\/\/www.imobiliare.ro\/imoexpert\/wp-content\/uploads\/2019\/10\/rustic-si-modern-o-casa-inconjurata-de-padure-in-apropierea-Bucurestiului-Premiu-pentru-arhitectura-1-300x127.jpg 300w, https:\/\/www.imobiliare.ro\/imoexpert\/wp-content\/uploads\/2019\/10\/rustic-si-modern-o-casa-inconjurata-de-padure-in-apropierea-Bucurestiului-Premiu-pentru-arhitectura-1-768x325.jpg 768w\" sizes=\"auto, (max-width: 800px) 100vw, 800px\" \/><\/a><figcaption id=\"caption-attachment-56557\" class=\"wp-caption-text\">Premiul sec\u021biunii Arhitrectura locuin\u021bei a fost acordat la egalitate unei case din aceea\u0219i zon\u0103<\/figcaption><\/figure><br \/>\n<figure id=\"attachment_56558\" aria-describedby=\"caption-attachment-56558\" style=\"width: 800px\" class=\"wp-caption aligncenter\"><a class=\"article-body-links\"href=\"https:\/\/www.imobiliare.ro\/imoexpert\/wp-content\/uploads\/2019\/10\/rustic-si-modern-o-casa-inconjurata-de-padure-in-apropierea-Bucurestiului-Premiu-pentru-arhitectura-5.jpg\"><img loading=\"lazy\" decoding=\"async\" src=\"https:\/\/www.imobiliare.ro\/imoexpert\/wp-content\/uploads\/2019\/10\/rustic-si-modern-o-casa-inconjurata-de-padure-in-apropierea-Bucurestiului-Premiu-pentru-arhitectura-5.jpg\" alt=\"\" width=\"800\" height=\"448\" class=\"size-full wp-image-56558\" srcset=\"https:\/\/www.imobiliare.ro\/imoexpert\/wp-content\/uploads\/2019\/10\/rustic-si-modern-o-casa-inconjurata-de-padure-in-apropierea-Bucurestiului-Premiu-pentru-arhitectura-5.jpg 800w, https:\/\/www.imobiliare.ro\/imoexpert\/wp-content\/uploads\/2019\/10\/rustic-si-modern-o-casa-inconjurata-de-padure-in-apropierea-Bucurestiului-Premiu-pentru-arhitectura-5-300x168.jpg 300w, https:\/\/www.imobiliare.ro\/imoexpert\/wp-content\/uploads\/2019\/10\/rustic-si-modern-o-casa-inconjurata-de-padure-in-apropierea-Bucurestiului-Premiu-pentru-arhitectura-5-768x430.jpg 768w\" sizes=\"auto, (max-width: 800px) 100vw, 800px\" \/><\/a><figcaption id=\"caption-attachment-56558\" class=\"wp-caption-text\">Arhitec\u021bii au acordat o aten\u021bie deosebit\u0103 armoniz\u0103rii cu \u00eemprejurimile<\/figcaption><\/figure><\/p>\n<h2><span class=\"ez-toc-section\" id=\"Camere_spatioase_si_terase_generoase\"><\/span>Camere spa\u021bioase \u0219i terase generoase<span class=\"ez-toc-section-end\"><\/span><\/h2>\n<p>Av\u00e2nd o suprafa\u021b\u0103 util\u0103 de 239 de metri p\u0103tra\u021bi, Casa SYAA este amplasat\u0103 pe un teren  amplu, de peste 1.000 de metri p\u0103tra\u021bi. Locuin\u021ba este structurat\u0103 pe parter \u0219i etaj, fiind compus\u0103 din living, trei dormitoare, un birou \u0219i dependin\u021be (trei b\u0103i, dou\u0103 terase, camer\u0103 tehnic\u0103). Livingul are o suprafa\u021b\u0103 generoas\u0103, anume 40,81 de metri p\u0103tra\u021bi, \u00een vreme ce buc\u0103t\u0103ria are aproape 21 de metri p\u0103tra\u021bi, iar terasa adiacent\u0103, care este acoperit\u0103, se \u00eentinde pe aproximativ 79 de metri p\u0103tra\u021bi. Dormitoarele sunt cuprinse \u00eentre 20 \u0219i 24,5 metri p\u0103tra\u021bi, cel mai spa\u021bios fiind, desigur, cel matrimonial \u2013 amplasat la etaj, acesta dispune de baie proprie, de dressing \u0219i zon\u0103 de relaxare, precum \u0219i de o teras\u0103 de aproape 18 metri p\u0103tra\u021bi. Biroul are, la r\u00e2ndul s\u0103u, 24,57 metri p\u0103tra\u021bi. <\/p>\n<blockquote><p>\u201eDumbrava Vl\u0103siei este un loc aparte, decupat \u00een mijlocul naturii, ascuns \u00een lumini\u0219ul s\u0103u secret din p\u0103dure, \u00eenconjurat de un lan de gr\u00e2u. Am decis s\u0103 construim din lemn fiindc\u0103 este un material natural, regenerabil, arhetipal \u0219i prietenos cu locuirea. Acest material a ajuns la performan\u021be tehnologice remarcabile, de aceea am folosit sistemul de Cross Laminated Timber. Apoi, am ales s\u0103 facem o cas\u0103 cu \u0219arpant\u0103, ca s\u0103 ne adapt\u0103m contextului \u00een care aveam deja \u00een vecin\u0103tate dou\u0103 case cu \u0219arpant\u0103, deja construite, plus o tradi\u021bie local\u0103. Au urmat mai multe decizii de design inspirate din arhitectura local\u0103 sau din amplasamentul casei: o teras\u0103 mare, acoperit\u0103, orientat\u0103 spre sud; o form\u0103 a casei adaptat\u0103 la forma parcelei; o grij\u0103 pentru rela\u021bia casei cu vecin\u0103t\u0103\u021bile: parcul central sau celelalte case.\u201d<\/p>\n<p><strong>Cumulus Architecture<\/strong><\/p><\/blockquote>\n<p>&nbsp;<\/p>\n<p><figure id=\"attachment_56559\" aria-describedby=\"caption-attachment-56559\" style=\"width: 800px\" class=\"wp-caption aligncenter\"><a class=\"article-body-links\"href=\"https:\/\/www.imobiliare.ro\/imoexpert\/wp-content\/uploads\/2019\/10\/rustic-si-modern-o-casa-inconjurata-de-padure-in-apropierea-Bucurestiului-Premiu-pentru-arhitectura-4.jpg\"><img loading=\"lazy\" decoding=\"async\" src=\"https:\/\/www.imobiliare.ro\/imoexpert\/wp-content\/uploads\/2019\/10\/rustic-si-modern-o-casa-inconjurata-de-padure-in-apropierea-Bucurestiului-Premiu-pentru-arhitectura-4.jpg\" alt=\"\" width=\"800\" height=\"389\" class=\"size-full wp-image-56559\" srcset=\"https:\/\/www.imobiliare.ro\/imoexpert\/wp-content\/uploads\/2019\/10\/rustic-si-modern-o-casa-inconjurata-de-padure-in-apropierea-Bucurestiului-Premiu-pentru-arhitectura-4.jpg 800w, https:\/\/www.imobiliare.ro\/imoexpert\/wp-content\/uploads\/2019\/10\/rustic-si-modern-o-casa-inconjurata-de-padure-in-apropierea-Bucurestiului-Premiu-pentru-arhitectura-4-300x146.jpg 300w, https:\/\/www.imobiliare.ro\/imoexpert\/wp-content\/uploads\/2019\/10\/rustic-si-modern-o-casa-inconjurata-de-padure-in-apropierea-Bucurestiului-Premiu-pentru-arhitectura-4-768x373.jpg 768w\" sizes=\"auto, (max-width: 800px) 100vw, 800px\" \/><\/a><figcaption id=\"caption-attachment-56559\" class=\"wp-caption-text\">Livingul &#8211; sau zona de zi a casei &#8211; are o suprafa\u021b\u0103 util\u0103 de aproximativ 40 de metri p\u0103tra\u021bi<\/figcaption><\/figure><br \/>\n<figure id=\"attachment_56560\" aria-describedby=\"caption-attachment-56560\" style=\"width: 800px\" class=\"wp-caption aligncenter\"><a class=\"article-body-links\"href=\"https:\/\/www.imobiliare.ro\/imoexpert\/wp-content\/uploads\/2019\/10\/rustic-si-modern-o-casa-inconjurata-de-padure-in-apropierea-Bucurestiului-Premiu-pentru-arhitectura-7.jpg\"><img loading=\"lazy\" decoding=\"async\" src=\"https:\/\/www.imobiliare.ro\/imoexpert\/wp-content\/uploads\/2019\/10\/rustic-si-modern-o-casa-inconjurata-de-padure-in-apropierea-Bucurestiului-Premiu-pentru-arhitectura-7.jpg\" alt=\"\" width=\"800\" height=\"530\" class=\"size-full wp-image-56560\" srcset=\"https:\/\/www.imobiliare.ro\/imoexpert\/wp-content\/uploads\/2019\/10\/rustic-si-modern-o-casa-inconjurata-de-padure-in-apropierea-Bucurestiului-Premiu-pentru-arhitectura-7.jpg 800w, https:\/\/www.imobiliare.ro\/imoexpert\/wp-content\/uploads\/2019\/10\/rustic-si-modern-o-casa-inconjurata-de-padure-in-apropierea-Bucurestiului-Premiu-pentru-arhitectura-7-300x199.jpg 300w, https:\/\/www.imobiliare.ro\/imoexpert\/wp-content\/uploads\/2019\/10\/rustic-si-modern-o-casa-inconjurata-de-padure-in-apropierea-Bucurestiului-Premiu-pentru-arhitectura-7-768x509.jpg 768w\" sizes=\"auto, (max-width: 800px) 100vw, 800px\" \/><\/a><figcaption id=\"caption-attachment-56560\" class=\"wp-caption-text\">\u00cen\u0103l\u021bimea camerelor contribuie la accentuarea senza\u021biei de spa\u021biu<\/figcaption><\/figure><\/p>\n<h2><span class=\"ez-toc-section\" id=\"Incalzire_prin_pardoseala_si_pompa_geotermala\"><\/span>\u00cenc\u0103lzire prin pardoseal\u0103 \u0219i pomp\u0103 geotermal\u0103<span class=\"ez-toc-section-end\"><\/span><\/h2>\n<p>\u00cen ciuda caracterului rustic dat de construc\u021bia realizat\u0103 din lemn, pe de o parte, \u0219i de conceptul arhitectural, pe de alt\u0103 parte, Casa SYAA dispune de dot\u0103ri evident moderne. Printre acestea se num\u0103r\u0103, spre exemplu, sistemul de \u00eenc\u0103lzire prin pardoseal\u0103, bazat pe ac\u021biunea unei pompe geotermale, dar \u0219i ventiloconvectoarele prin pardoseal\u0103 \u00een zonele vitrate. Locuin\u021ba se \u00eencadreaz\u0103, astfel, perfect \u00een contextul arhitectural local, f\u0103r\u0103 a face \u00eens\u0103 rabat \u00een ceea ce prive\u0219te confortul vie\u021bii moderne.<\/p>\n<figure id=\"attachment_56561\" aria-describedby=\"caption-attachment-56561\" style=\"width: 800px\" class=\"wp-caption aligncenter\"><a class=\"article-body-links\"href=\"https:\/\/www.imobiliare.ro\/imoexpert\/wp-content\/uploads\/2019\/10\/rustic-si-modern-o-casa-inconjurata-de-padure-in-apropierea-Bucurestiului-Premiu-pentru-arhitectura-8.jpg\"><img loading=\"lazy\" decoding=\"async\" src=\"https:\/\/www.imobiliare.ro\/imoexpert\/wp-content\/uploads\/2019\/10\/rustic-si-modern-o-casa-inconjurata-de-padure-in-apropierea-Bucurestiului-Premiu-pentru-arhitectura-8.jpg\" alt=\"\" width=\"800\" height=\"534\" class=\"size-full wp-image-56561\" srcset=\"https:\/\/www.imobiliare.ro\/imoexpert\/wp-content\/uploads\/2019\/10\/rustic-si-modern-o-casa-inconjurata-de-padure-in-apropierea-Bucurestiului-Premiu-pentru-arhitectura-8.jpg 800w, https:\/\/www.imobiliare.ro\/imoexpert\/wp-content\/uploads\/2019\/10\/rustic-si-modern-o-casa-inconjurata-de-padure-in-apropierea-Bucurestiului-Premiu-pentru-arhitectura-8-300x200.jpg 300w, https:\/\/www.imobiliare.ro\/imoexpert\/wp-content\/uploads\/2019\/10\/rustic-si-modern-o-casa-inconjurata-de-padure-in-apropierea-Bucurestiului-Premiu-pentru-arhitectura-8-768x513.jpg 768w\" sizes=\"auto, (max-width: 800px) 100vw, 800px\" \/><\/a><figcaption id=\"caption-attachment-56561\" class=\"wp-caption-text\">Amenajarea Casei SYAA se distinge prin aerul modern<\/figcaption><\/figure>\n<p><strong><a class=\"article-body-links\"href=\"https:\/\/dumbravavlasiei.ro\/proiecte\/casa-syaa\">Aici<\/a> g\u0103se\u0219ti detalii \u0219i fotografii suplimentare despre Casa SYAA!<\/strong><\/p>\n","protected":false},"excerpt":{"rendered":"<p>Dac\u0103 e\u0219ti un iubitor al rusticului nu \u00eenseamn\u0103 c\u0103 ar trebui s\u0103 renun\u021bi la confortul vie\u021bii moderne \u2013 cele dou\u0103 pot fi \u00eembinate \u00een mod creativ. Situat\u0103 \u00een nordul Bucure\u0219tiului, \u00een cartierul reziden\u021bial Dumbrava Vl\u0103siei din localitatea Balote\u0219ti, proprietatea din imagini, numit\u0103 Casa SYAA, este una dintre cele dou\u0103 care au c\u00e2\u0219tigat, la egalitate, premiul [&hellip;]<\/p>\n","protected":false},"author":829,"featured_media":56556,"comment_status":"open","ping_status":"open","sticky":false,"template":"","format":"standard","meta":{"footnotes":""},"categories":[255,259],"tags":[553,480,1410,1411],"content_author":[],"class_list":["post-56555","post","type-post","status-publish","format-standard","has-post-thumbnail","hentry","category-home-deco","category-stiri","tag-arhitectura","tag-cumparator","tag-newsletter","tag-principal"],"yoast_head":"<!-- This site is optimized with the Yoast SEO Premium plugin v27.0 (Yoast SEO v27.0) - https:\/\/yoast.com\/product\/yoast-seo-premium-wordpress\/ -->\n<title>Rustic \u0219i modern: o cas\u0103 din lemn \u00eenconjurat\u0103 de p\u0103dure \u00een apropierea Bucure\u0219tiului. Premiu pentru arhitectur\u0103 - Home &amp; Deco, \u0218tiri - ImoExpert<\/title>\n<meta name=\"description\" content=\"Dac\u0103 e\u0219ti un iubitor al rusticului nu \u00eenseamn\u0103 c\u0103 ar trebui s\u0103 renun\u021bi la confortul vie\u021bii moderne \u2013 cele dou\u0103 pot fi \u00eembinate \u00een mod creativ. Situat\u0103 \u00een\" \/>\n<meta name=\"robots\" content=\"index, follow\" \/>\n<link rel=\"canonical\" href=\"https:\/\/www.imobiliare.ro\/imoexpert\/rustic-si-modern-o-casa-din-lemn-inconjurata-de-padure-in-apropierea-bucurestiului-premiu-pentru-arhitectura_db\/\" \/>\n<meta property=\"og:locale\" content=\"ro_RO\" \/>\n<meta property=\"og:type\" content=\"article\" \/>\n<meta property=\"og:title\" content=\"Rustic \u0219i modern: o cas\u0103 din lemn \u00eenconjurat\u0103 de p\u0103dure \u00een apropierea Bucure\u0219tiului. Premiu pentru arhitectur\u0103\" \/>\n<meta property=\"og:description\" content=\"Dac\u0103 e\u0219ti un iubitor al rusticului nu \u00eenseamn\u0103 c\u0103 ar trebui s\u0103 renun\u021bi la confortul vie\u021bii moderne \u2013 cele dou\u0103 pot fi \u00eembinate \u00een mod creativ. Situat\u0103 \u00een\" \/>\n<meta property=\"og:url\" content=\"https:\/\/www.imobiliare.ro\/imoexpert\/rustic-si-modern-o-casa-din-lemn-inconjurata-de-padure-in-apropierea-bucurestiului-premiu-pentru-arhitectura_db\/\" \/>\n<meta property=\"og:site_name\" content=\"ImoExpert\" \/>\n<meta property=\"article:published_time\" content=\"2019-10-22T08:42:18+00:00\" \/>\n<meta property=\"og:image\" content=\"https:\/\/www.imobiliare.ro\/imoexpert\/wp-content\/uploads\/2019\/10\/rustic-si-modern-o-casa-inconjurata-de-padure-in-apropierea-Bucurestiului-Premiu-pentru-arhitectura-2.jpg\" \/>\n\t<meta property=\"og:image:width\" content=\"800\" \/>\n\t<meta property=\"og:image:height\" content=\"733\" \/>\n\t<meta property=\"og:image:type\" content=\"image\/jpeg\" \/>\n<meta name=\"author\" content=\"Adriana Dr\u0103gu\u0219in\" \/>\n<meta name=\"twitter:card\" content=\"summary_large_image\" \/>\n<meta name=\"twitter:label1\" content=\"Written by\" \/>\n\t<meta name=\"twitter:data1\" content=\"Adriana Dr\u0103gu\u0219in\" \/>\n\t<meta name=\"twitter:label2\" content=\"Est. reading time\" \/>\n\t<meta name=\"twitter:data2\" content=\"3 minute\" \/>\n<script type=\"application\/ld+json\" class=\"yoast-schema-graph\">{\"@context\":\"https:\/\/schema.org\",\"@graph\":[{\"@type\":\"Article\",\"@id\":\"https:\/\/www.imobiliare.ro\/imoexpert\/rustic-si-modern-o-casa-din-lemn-inconjurata-de-padure-in-apropierea-bucurestiului-premiu-pentru-arhitectura_db\/#article\",\"isPartOf\":{\"@id\":\"https:\/\/www.imobiliare.ro\/imoexpert\/rustic-si-modern-o-casa-din-lemn-inconjurata-de-padure-in-apropierea-bucurestiului-premiu-pentru-arhitectura_db\/\"},\"author\":{\"name\":\"Adriana Dr\u0103gu\u0219in\",\"@id\":\"https:\/\/www.imobiliare.ro\/imoexpert\/#\/schema\/person\/8c13b0297075010b896471fabf0d7790\"},\"headline\":\"Rustic \u0219i modern: o cas\u0103 din lemn \u00eenconjurat\u0103 de p\u0103dure \u00een apropierea Bucure\u0219tiului. Premiu pentru arhitectur\u0103\",\"datePublished\":\"2019-10-22T08:42:18+00:00\",\"mainEntityOfPage\":{\"@id\":\"https:\/\/www.imobiliare.ro\/imoexpert\/rustic-si-modern-o-casa-din-lemn-inconjurata-de-padure-in-apropierea-bucurestiului-premiu-pentru-arhitectura_db\/\"},\"wordCount\":714,\"commentCount\":4,\"publisher\":{\"@id\":\"https:\/\/www.imobiliare.ro\/imoexpert\/#organization\"},\"image\":{\"@id\":\"https:\/\/www.imobiliare.ro\/imoexpert\/rustic-si-modern-o-casa-din-lemn-inconjurata-de-padure-in-apropierea-bucurestiului-premiu-pentru-arhitectura_db\/#primaryimage\"},\"thumbnailUrl\":\"https:\/\/www.imobiliare.ro\/imoexpert\/wp-content\/uploads\/2019\/10\/rustic-si-modern-o-casa-inconjurata-de-padure-in-apropierea-Bucurestiului-Premiu-pentru-arhitectura-2.jpg\",\"keywords\":[\"arhitectura\",\"cumparator\",\"newsletter\",\"principal\"],\"articleSection\":[\"Home &amp; Deco\",\"\u0218tiri\"],\"inLanguage\":\"en\",\"potentialAction\":[{\"@type\":\"CommentAction\",\"name\":\"Comment\",\"target\":[\"https:\/\/www.imobiliare.ro\/imoexpert\/rustic-si-modern-o-casa-din-lemn-inconjurata-de-padure-in-apropierea-bucurestiului-premiu-pentru-arhitectura_db\/#respond\"]}],\"copyrightYear\":\"2019\",\"copyrightHolder\":{\"@id\":\"https:\/\/www.imobiliare.ro\/imoexpert\/#organization\"}},{\"@type\":\"WebPage\",\"@id\":\"https:\/\/www.imobiliare.ro\/imoexpert\/rustic-si-modern-o-casa-din-lemn-inconjurata-de-padure-in-apropierea-bucurestiului-premiu-pentru-arhitectura_db\/\",\"url\":\"https:\/\/www.imobiliare.ro\/imoexpert\/rustic-si-modern-o-casa-din-lemn-inconjurata-de-padure-in-apropierea-bucurestiului-premiu-pentru-arhitectura_db\/\",\"name\":\"Rustic \u0219i modern: o cas\u0103 din lemn \u00eenconjurat\u0103 de p\u0103dure \u00een apropierea Bucure\u0219tiului. Premiu pentru arhitectur\u0103 - Home &amp; Deco, \u0218tiri - ImoExpert\",\"isPartOf\":{\"@id\":\"https:\/\/www.imobiliare.ro\/imoexpert\/#website\"},\"primaryImageOfPage\":{\"@id\":\"https:\/\/www.imobiliare.ro\/imoexpert\/rustic-si-modern-o-casa-din-lemn-inconjurata-de-padure-in-apropierea-bucurestiului-premiu-pentru-arhitectura_db\/#primaryimage\"},\"image\":{\"@id\":\"https:\/\/www.imobiliare.ro\/imoexpert\/rustic-si-modern-o-casa-din-lemn-inconjurata-de-padure-in-apropierea-bucurestiului-premiu-pentru-arhitectura_db\/#primaryimage\"},\"thumbnailUrl\":\"https:\/\/www.imobiliare.ro\/imoexpert\/wp-content\/uploads\/2019\/10\/rustic-si-modern-o-casa-inconjurata-de-padure-in-apropierea-Bucurestiului-Premiu-pentru-arhitectura-2.jpg\",\"datePublished\":\"2019-10-22T08:42:18+00:00\",\"description\":\"Dac\u0103 e\u0219ti un iubitor al rusticului nu \u00eenseamn\u0103 c\u0103 ar trebui s\u0103 renun\u021bi la confortul vie\u021bii moderne \u2013 cele dou\u0103 pot fi \u00eembinate \u00een mod creativ. Situat\u0103 \u00een\",\"breadcrumb\":{\"@id\":\"https:\/\/www.imobiliare.ro\/imoexpert\/rustic-si-modern-o-casa-din-lemn-inconjurata-de-padure-in-apropierea-bucurestiului-premiu-pentru-arhitectura_db\/#breadcrumb\"},\"inLanguage\":\"en\",\"potentialAction\":[{\"@type\":\"ReadAction\",\"target\":[\"https:\/\/www.imobiliare.ro\/imoexpert\/rustic-si-modern-o-casa-din-lemn-inconjurata-de-padure-in-apropierea-bucurestiului-premiu-pentru-arhitectura_db\/\"]}]},{\"@type\":\"ImageObject\",\"inLanguage\":\"en\",\"@id\":\"https:\/\/www.imobiliare.ro\/imoexpert\/rustic-si-modern-o-casa-din-lemn-inconjurata-de-padure-in-apropierea-bucurestiului-premiu-pentru-arhitectura_db\/#primaryimage\",\"url\":\"https:\/\/www.imobiliare.ro\/imoexpert\/wp-content\/uploads\/2019\/10\/rustic-si-modern-o-casa-inconjurata-de-padure-in-apropierea-Bucurestiului-Premiu-pentru-arhitectura-2.jpg\",\"contentUrl\":\"https:\/\/www.imobiliare.ro\/imoexpert\/wp-content\/uploads\/2019\/10\/rustic-si-modern-o-casa-inconjurata-de-padure-in-apropierea-Bucurestiului-Premiu-pentru-arhitectura-2.jpg\",\"width\":800,\"height\":733,\"caption\":\"Casa SYAA face parte din cartierul reziden\u021bial Dumbrava Vl\u0103siei\"},{\"@type\":\"BreadcrumbList\",\"@id\":\"https:\/\/www.imobiliare.ro\/imoexpert\/rustic-si-modern-o-casa-din-lemn-inconjurata-de-padure-in-apropierea-bucurestiului-premiu-pentru-arhitectura_db\/#breadcrumb\",\"itemListElement\":[{\"@type\":\"ListItem\",\"position\":1,\"name\":\"Imoradar24\",\"item\":\"https:\/\/www.imoradar24.ro\"},{\"@type\":\"ListItem\",\"position\":2,\"name\":\"ImoExpert\",\"item\":\"https:\/\/www.imobiliare.ro\/imoexpert\/\"},{\"@type\":\"ListItem\",\"position\":3,\"name\":\"\u0218tiri\",\"item\":\"https:\/\/www.imobiliare.ro\/imoexpert\/stiri\/\"},{\"@type\":\"ListItem\",\"position\":4,\"name\":\"Rustic \u0219i modern: o cas\u0103 din lemn \u00eenconjurat\u0103 de p\u0103dure \u00een apropierea Bucure\u0219tiului. Premiu pentru arhitectur\u0103\"}]},{\"@type\":\"WebSite\",\"@id\":\"https:\/\/www.imobiliare.ro\/imoexpert\/#website\",\"url\":\"https:\/\/www.imobiliare.ro\/imoexpert\/\",\"name\":\"ImoExpert\",\"description\":\"cele mai importante \u015ftiri din domeniul imobiliar\",\"publisher\":{\"@id\":\"https:\/\/www.imobiliare.ro\/imoexpert\/#organization\"},\"inLanguage\":\"en\"},{\"@type\":\"Organization\",\"@id\":\"https:\/\/www.imobiliare.ro\/imoexpert\/#organization\",\"name\":\"Imobiliare.ro\",\"alternateName\":\"Realmedia Network SA\",\"url\":\"https:\/\/www.imobiliare.ro\/imoexpert\/\",\"logo\":{\"@type\":\"ImageObject\",\"inLanguage\":\"en\",\"@id\":\"https:\/\/www.imobiliare.ro\/imoexpert\/#\/schema\/logo\/image\/\",\"url\":\"https:\/\/www.imobiliare.ro\/imoexpert\/wp-content\/uploads\/2025\/05\/imobiliare_logo.png\",\"contentUrl\":\"https:\/\/www.imobiliare.ro\/imoexpert\/wp-content\/uploads\/2025\/05\/imobiliare_logo.png\",\"width\":237,\"height\":29,\"caption\":\"Imobiliare.ro\"},\"image\":{\"@id\":\"https:\/\/www.imobiliare.ro\/imoexpert\/#\/schema\/logo\/image\/\"}},{\"@type\":\"Person\",\"@id\":\"https:\/\/www.imobiliare.ro\/imoexpert\/#\/schema\/person\/8c13b0297075010b896471fabf0d7790\",\"name\":\"Adriana Dr\u0103gu\u0219in\",\"image\":{\"@type\":\"ImageObject\",\"inLanguage\":\"en\",\"@id\":\"https:\/\/www.imobiliare.ro\/imoexpert\/#\/schema\/person\/image\/\",\"url\":\"https:\/\/secure.gravatar.com\/avatar\/ba4762f7517e50e679ed7f11207102d1150120f2f5800c0da98f8a15305bf514?s=96&d=mm&r=g\",\"contentUrl\":\"https:\/\/secure.gravatar.com\/avatar\/ba4762f7517e50e679ed7f11207102d1150120f2f5800c0da98f8a15305bf514?s=96&d=mm&r=g\",\"caption\":\"Adriana Dr\u0103gu\u0219in\"},\"jobTitle\":\"Editor\",\"url\":\"https:\/\/www.imobiliare.ro\/imoexpert\/author\/adriana-dragusin\/\"}]}<\/script>\n<!-- \/ Yoast SEO Premium plugin. -->","yoast_head_json":{"title":"Rustic \u0219i modern: o cas\u0103 din lemn \u00eenconjurat\u0103 de p\u0103dure \u00een apropierea Bucure\u0219tiului. Premiu pentru arhitectur\u0103 - Home &amp; Deco, \u0218tiri - ImoExpert","description":"Dac\u0103 e\u0219ti un iubitor al rusticului nu \u00eenseamn\u0103 c\u0103 ar trebui s\u0103 renun\u021bi la confortul vie\u021bii moderne \u2013 cele dou\u0103 pot fi \u00eembinate \u00een mod creativ. Situat\u0103 \u00een","robots":{"index":"index","follow":"follow"},"canonical":"https:\/\/www.imobiliare.ro\/imoexpert\/rustic-si-modern-o-casa-din-lemn-inconjurata-de-padure-in-apropierea-bucurestiului-premiu-pentru-arhitectura_db\/","og_locale":"ro_RO","og_type":"article","og_title":"Rustic \u0219i modern: o cas\u0103 din lemn \u00eenconjurat\u0103 de p\u0103dure \u00een apropierea Bucure\u0219tiului. Premiu pentru arhitectur\u0103","og_description":"Dac\u0103 e\u0219ti un iubitor al rusticului nu \u00eenseamn\u0103 c\u0103 ar trebui s\u0103 renun\u021bi la confortul vie\u021bii moderne \u2013 cele dou\u0103 pot fi \u00eembinate \u00een mod creativ. Situat\u0103 \u00een","og_url":"https:\/\/www.imobiliare.ro\/imoexpert\/rustic-si-modern-o-casa-din-lemn-inconjurata-de-padure-in-apropierea-bucurestiului-premiu-pentru-arhitectura_db\/","og_site_name":"ImoExpert","article_published_time":"2019-10-22T08:42:18+00:00","og_image":[{"width":800,"height":733,"url":"https:\/\/www.imobiliare.ro\/imoexpert\/wp-content\/uploads\/2019\/10\/rustic-si-modern-o-casa-inconjurata-de-padure-in-apropierea-Bucurestiului-Premiu-pentru-arhitectura-2.jpg","type":"image\/jpeg"}],"author":"Adriana Dr\u0103gu\u0219in","twitter_card":"summary_large_image","twitter_misc":{"Written by":"Adriana Dr\u0103gu\u0219in","Est. reading time":"3 minute"},"schema":{"@context":"https:\/\/schema.org","@graph":[{"@type":"Article","@id":"https:\/\/www.imobiliare.ro\/imoexpert\/rustic-si-modern-o-casa-din-lemn-inconjurata-de-padure-in-apropierea-bucurestiului-premiu-pentru-arhitectura_db\/#article","isPartOf":{"@id":"https:\/\/www.imobiliare.ro\/imoexpert\/rustic-si-modern-o-casa-din-lemn-inconjurata-de-padure-in-apropierea-bucurestiului-premiu-pentru-arhitectura_db\/"},"author":{"name":"Adriana Dr\u0103gu\u0219in","@id":"https:\/\/www.imobiliare.ro\/imoexpert\/#\/schema\/person\/8c13b0297075010b896471fabf0d7790"},"headline":"Rustic \u0219i modern: o cas\u0103 din lemn \u00eenconjurat\u0103 de p\u0103dure \u00een apropierea Bucure\u0219tiului. Premiu pentru arhitectur\u0103","datePublished":"2019-10-22T08:42:18+00:00","mainEntityOfPage":{"@id":"https:\/\/www.imobiliare.ro\/imoexpert\/rustic-si-modern-o-casa-din-lemn-inconjurata-de-padure-in-apropierea-bucurestiului-premiu-pentru-arhitectura_db\/"},"wordCount":714,"commentCount":4,"publisher":{"@id":"https:\/\/www.imobiliare.ro\/imoexpert\/#organization"},"image":{"@id":"https:\/\/www.imobiliare.ro\/imoexpert\/rustic-si-modern-o-casa-din-lemn-inconjurata-de-padure-in-apropierea-bucurestiului-premiu-pentru-arhitectura_db\/#primaryimage"},"thumbnailUrl":"https:\/\/www.imobiliare.ro\/imoexpert\/wp-content\/uploads\/2019\/10\/rustic-si-modern-o-casa-inconjurata-de-padure-in-apropierea-Bucurestiului-Premiu-pentru-arhitectura-2.jpg","keywords":["arhitectura","cumparator","newsletter","principal"],"articleSection":["Home &amp; Deco","\u0218tiri"],"inLanguage":"en","potentialAction":[{"@type":"CommentAction","name":"Comment","target":["https:\/\/www.imobiliare.ro\/imoexpert\/rustic-si-modern-o-casa-din-lemn-inconjurata-de-padure-in-apropierea-bucurestiului-premiu-pentru-arhitectura_db\/#respond"]}],"copyrightYear":"2019","copyrightHolder":{"@id":"https:\/\/www.imobiliare.ro\/imoexpert\/#organization"}},{"@type":"WebPage","@id":"https:\/\/www.imobiliare.ro\/imoexpert\/rustic-si-modern-o-casa-din-lemn-inconjurata-de-padure-in-apropierea-bucurestiului-premiu-pentru-arhitectura_db\/","url":"https:\/\/www.imobiliare.ro\/imoexpert\/rustic-si-modern-o-casa-din-lemn-inconjurata-de-padure-in-apropierea-bucurestiului-premiu-pentru-arhitectura_db\/","name":"Rustic \u0219i modern: o cas\u0103 din lemn \u00eenconjurat\u0103 de p\u0103dure \u00een apropierea Bucure\u0219tiului. Premiu pentru arhitectur\u0103 - Home &amp; Deco, \u0218tiri - ImoExpert","isPartOf":{"@id":"https:\/\/www.imobiliare.ro\/imoexpert\/#website"},"primaryImageOfPage":{"@id":"https:\/\/www.imobiliare.ro\/imoexpert\/rustic-si-modern-o-casa-din-lemn-inconjurata-de-padure-in-apropierea-bucurestiului-premiu-pentru-arhitectura_db\/#primaryimage"},"image":{"@id":"https:\/\/www.imobiliare.ro\/imoexpert\/rustic-si-modern-o-casa-din-lemn-inconjurata-de-padure-in-apropierea-bucurestiului-premiu-pentru-arhitectura_db\/#primaryimage"},"thumbnailUrl":"https:\/\/www.imobiliare.ro\/imoexpert\/wp-content\/uploads\/2019\/10\/rustic-si-modern-o-casa-inconjurata-de-padure-in-apropierea-Bucurestiului-Premiu-pentru-arhitectura-2.jpg","datePublished":"2019-10-22T08:42:18+00:00","description":"Dac\u0103 e\u0219ti un iubitor al rusticului nu \u00eenseamn\u0103 c\u0103 ar trebui s\u0103 renun\u021bi la confortul vie\u021bii moderne \u2013 cele dou\u0103 pot fi \u00eembinate \u00een mod creativ. Situat\u0103 \u00een","breadcrumb":{"@id":"https:\/\/www.imobiliare.ro\/imoexpert\/rustic-si-modern-o-casa-din-lemn-inconjurata-de-padure-in-apropierea-bucurestiului-premiu-pentru-arhitectura_db\/#breadcrumb"},"inLanguage":"en","potentialAction":[{"@type":"ReadAction","target":["https:\/\/www.imobiliare.ro\/imoexpert\/rustic-si-modern-o-casa-din-lemn-inconjurata-de-padure-in-apropierea-bucurestiului-premiu-pentru-arhitectura_db\/"]}]},{"@type":"ImageObject","inLanguage":"en","@id":"https:\/\/www.imobiliare.ro\/imoexpert\/rustic-si-modern-o-casa-din-lemn-inconjurata-de-padure-in-apropierea-bucurestiului-premiu-pentru-arhitectura_db\/#primaryimage","url":"https:\/\/www.imobiliare.ro\/imoexpert\/wp-content\/uploads\/2019\/10\/rustic-si-modern-o-casa-inconjurata-de-padure-in-apropierea-Bucurestiului-Premiu-pentru-arhitectura-2.jpg","contentUrl":"https:\/\/www.imobiliare.ro\/imoexpert\/wp-content\/uploads\/2019\/10\/rustic-si-modern-o-casa-inconjurata-de-padure-in-apropierea-Bucurestiului-Premiu-pentru-arhitectura-2.jpg","width":800,"height":733,"caption":"Casa SYAA face parte din cartierul reziden\u021bial Dumbrava Vl\u0103siei"},{"@type":"BreadcrumbList","@id":"https:\/\/www.imobiliare.ro\/imoexpert\/rustic-si-modern-o-casa-din-lemn-inconjurata-de-padure-in-apropierea-bucurestiului-premiu-pentru-arhitectura_db\/#breadcrumb","itemListElement":[{"@type":"ListItem","position":1,"name":"Imoradar24","item":"https:\/\/www.imoradar24.ro"},{"@type":"ListItem","position":2,"name":"ImoExpert","item":"https:\/\/www.imobiliare.ro\/imoexpert\/"},{"@type":"ListItem","position":3,"name":"\u0218tiri","item":"https:\/\/www.imobiliare.ro\/imoexpert\/stiri\/"},{"@type":"ListItem","position":4,"name":"Rustic \u0219i modern: o cas\u0103 din lemn \u00eenconjurat\u0103 de p\u0103dure \u00een apropierea Bucure\u0219tiului. Premiu pentru arhitectur\u0103"}]},{"@type":"WebSite","@id":"https:\/\/www.imobiliare.ro\/imoexpert\/#website","url":"https:\/\/www.imobiliare.ro\/imoexpert\/","name":"ImoExpert","description":"cele mai importante \u015ftiri din domeniul imobiliar","publisher":{"@id":"https:\/\/www.imobiliare.ro\/imoexpert\/#organization"},"inLanguage":"en"},{"@type":"Organization","@id":"https:\/\/www.imobiliare.ro\/imoexpert\/#organization","name":"Imobiliare.ro","alternateName":"Realmedia Network SA","url":"https:\/\/www.imobiliare.ro\/imoexpert\/","logo":{"@type":"ImageObject","inLanguage":"en","@id":"https:\/\/www.imobiliare.ro\/imoexpert\/#\/schema\/logo\/image\/","url":"https:\/\/www.imobiliare.ro\/imoexpert\/wp-content\/uploads\/2025\/05\/imobiliare_logo.png","contentUrl":"https:\/\/www.imobiliare.ro\/imoexpert\/wp-content\/uploads\/2025\/05\/imobiliare_logo.png","width":237,"height":29,"caption":"Imobiliare.ro"},"image":{"@id":"https:\/\/www.imobiliare.ro\/imoexpert\/#\/schema\/logo\/image\/"}},{"@type":"Person","@id":"https:\/\/www.imobiliare.ro\/imoexpert\/#\/schema\/person\/8c13b0297075010b896471fabf0d7790","name":"Adriana Dr\u0103gu\u0219in","image":{"@type":"ImageObject","inLanguage":"en","@id":"https:\/\/www.imobiliare.ro\/imoexpert\/#\/schema\/person\/image\/","url":"https:\/\/secure.gravatar.com\/avatar\/ba4762f7517e50e679ed7f11207102d1150120f2f5800c0da98f8a15305bf514?s=96&d=mm&r=g","contentUrl":"https:\/\/secure.gravatar.com\/avatar\/ba4762f7517e50e679ed7f11207102d1150120f2f5800c0da98f8a15305bf514?s=96&d=mm&r=g","caption":"Adriana Dr\u0103gu\u0219in"},"jobTitle":"Editor","url":"https:\/\/www.imobiliare.ro\/imoexpert\/author\/adriana-dragusin\/"}]}},"_links":{"self":[{"href":"https:\/\/www.imobiliare.ro\/imoexpert\/wp-json\/wp\/v2\/posts\/56555","targetHints":{"allow":["GET"]}}],"collection":[{"href":"https:\/\/www.imobiliare.ro\/imoexpert\/wp-json\/wp\/v2\/posts"}],"about":[{"href":"https:\/\/www.imobiliare.ro\/imoexpert\/wp-json\/wp\/v2\/types\/post"}],"author":[{"embeddable":true,"href":"https:\/\/www.imobiliare.ro\/imoexpert\/wp-json\/wp\/v2\/users\/829"}],"replies":[{"embeddable":true,"href":"https:\/\/www.imobiliare.ro\/imoexpert\/wp-json\/wp\/v2\/comments?post=56555"}],"version-history":[{"count":0,"href":"https:\/\/www.imobiliare.ro\/imoexpert\/wp-json\/wp\/v2\/posts\/56555\/revisions"}],"wp:featuredmedia":[{"embeddable":true,"href":"https:\/\/www.imobiliare.ro\/imoexpert\/wp-json\/wp\/v2\/media\/56556"}],"wp:attachment":[{"href":"https:\/\/www.imobiliare.ro\/imoexpert\/wp-json\/wp\/v2\/media?parent=56555"}],"wp:term":[{"taxonomy":"category","embeddable":true,"href":"https:\/\/www.imobiliare.ro\/imoexpert\/wp-json\/wp\/v2\/categories?post=56555"},{"taxonomy":"post_tag","embeddable":true,"href":"https:\/\/www.imobiliare.ro\/imoexpert\/wp-json\/wp\/v2\/tags?post=56555"},{"taxonomy":"content_author","embeddable":true,"href":"https:\/\/www.imobiliare.ro\/imoexpert\/wp-json\/wp\/v2\/content_author?post=56555"}],"curies":[{"name":"wp","href":"https:\/\/api.w.org\/{rel}","templated":true}]}}