{"id":56770,"date":"2019-11-11T17:16:25","date_gmt":"2019-11-11T15:16:25","guid":{"rendered":"https:\/\/www.imobiliare.ro\/imoexpert\/?p=56770"},"modified":"2019-11-11T17:16:25","modified_gmt":"2019-11-11T15:16:25","slug":"preturile-apartamentelor-au-mai-crescut-in-octombrie-dar-nu-si-in-bucuresti-cluj-napoca-la-polul-opus","status":"publish","type":"post","link":"https:\/\/www.imobiliare.ro\/imoexpert\/preturile-apartamentelor-au-mai-crescut-in-octombrie-dar-nu-si-in-bucuresti-cluj-napoca-la-polul-opus_db\/","title":{"rendered":"Pre\u021burile apartamentelor au mai crescut \u00een octombrie, dar nu \u0219i \u00een Bucure\u0219ti. Cluj-Napoca, la polul opus"},"content":{"rendered":"<figure id=\"attachment_56771\" aria-describedby=\"caption-attachment-56771\" style=\"width: 800px\" class=\"wp-caption aligncenter\"><a class=\"article-body-links\"href=\"https:\/\/www.imobiliare.ro\/imoexpert\/wp-content\/uploads\/2019\/11\/preturile-apartamentelor-au-mai-crescut-in-octombrie-dar-nu-si-in-Bucuresti-Cluj-Napoca-la-polul-opus.jpg\"><img loading=\"lazy\" decoding=\"async\" src=\"https:\/\/www.imobiliare.ro\/imoexpert\/wp-content\/uploads\/2019\/11\/preturile-apartamentelor-au-mai-crescut-in-octombrie-dar-nu-si-in-Bucuresti-Cluj-Napoca-la-polul-opus.jpg\" alt=\"\" width=\"800\" height=\"534\" class=\"size-full wp-image-56771\" srcset=\"https:\/\/www.imobiliare.ro\/imoexpert\/wp-content\/uploads\/2019\/11\/preturile-apartamentelor-au-mai-crescut-in-octombrie-dar-nu-si-in-Bucuresti-Cluj-Napoca-la-polul-opus.jpg 800w, https:\/\/www.imobiliare.ro\/imoexpert\/wp-content\/uploads\/2019\/11\/preturile-apartamentelor-au-mai-crescut-in-octombrie-dar-nu-si-in-Bucuresti-Cluj-Napoca-la-polul-opus-300x200.jpg 300w, https:\/\/www.imobiliare.ro\/imoexpert\/wp-content\/uploads\/2019\/11\/preturile-apartamentelor-au-mai-crescut-in-octombrie-dar-nu-si-in-Bucuresti-Cluj-Napoca-la-polul-opus-768x513.jpg 768w\" sizes=\"auto, (max-width: 800px) 100vw, 800px\" \/><\/a><figcaption id=\"caption-attachment-56771\" class=\"wp-caption-text\">Valoarea medie de listare a unei unit\u0103\u021bi locative a ajuns, \u00een Capital\u0103, la 1.373 de euro pe metru p\u0103trat util<\/figcaption><\/figure>\n<div id=\"ez-toc-container\" class=\"ez-toc-v2_0_81 counter-hierarchy ez-toc-counter ez-toc-grey ez-toc-container-direction\">\n<p class=\"ez-toc-title\" style=\"cursor:inherit\">Table of Contents<\/p>\n<label for=\"ez-toc-cssicon-toggle-item-69ee3abf77da1\" class=\"ez-toc-cssicon-toggle-label\"><span class=\"ez-toc-cssicon\"><span class=\"eztoc-hide\" style=\"display:none;\">Toggle<\/span><span class=\"ez-toc-icon-toggle-span\"><svg style=\"fill: #999;color:#999\" xmlns=\"http:\/\/www.w3.org\/2000\/svg\" class=\"list-377408\" width=\"20px\" height=\"20px\" viewBox=\"0 0 24 24\" fill=\"none\"><path d=\"M6 6H4v2h2V6zm14 0H8v2h12V6zM4 11h2v2H4v-2zm16 0H8v2h12v-2zM4 16h2v2H4v-2zm16 0H8v2h12v-2z\" fill=\"currentColor\"><\/path><\/svg><svg style=\"fill: #999;color:#999\" class=\"arrow-unsorted-368013\" xmlns=\"http:\/\/www.w3.org\/2000\/svg\" width=\"10px\" height=\"10px\" viewBox=\"0 0 24 24\" version=\"1.2\" baseProfile=\"tiny\"><path d=\"M18.2 9.3l-6.2-6.3-6.2 6.3c-.2.2-.3.4-.3.7s.1.5.3.7c.2.2.4.3.7.3h11c.3 0 .5-.1.7-.3.2-.2.3-.5.3-.7s-.1-.5-.3-.7zM5.8 14.7l6.2 6.3 6.2-6.3c.2-.2.3-.5.3-.7s-.1-.5-.3-.7c-.2-.2-.4-.3-.7-.3h-11c-.3 0-.5.1-.7.3-.2.2-.3.5-.3.7s.1.5.3.7z\"\/><\/svg><\/span><\/span><\/label><input type=\"checkbox\"  id=\"ez-toc-cssicon-toggle-item-69ee3abf77da1\"  aria-label=\"Toggle\" \/><nav><ul class='ez-toc-list ez-toc-list-level-1 ' ><li class='ez-toc-page-1 ez-toc-heading-level-2'><a class=\"ez-toc-link ez-toc-heading-1\" href=\"https:\/\/www.imobiliare.ro\/imoexpert\/preturile-apartamentelor-au-mai-crescut-in-octombrie-dar-nu-si-in-bucuresti-cluj-napoca-la-polul-opus_db\/#In_contextul_unei_usoare_deprecieri_locuintele_din_Capitala_s-au_mentinut_la_un_nivel_de_pret_foarte_apropiat_de_cel_consemnat_luna_trecuta\" >\u00cen contextul unei u\u0219oare deprecieri, locuin\u021bele din Capital\u0103 s-au men\u021binut la un nivel de pre\u021b foarte apropiat de cel consemnat luna trecut\u0103.<\/a><\/li><li class='ez-toc-page-1 ez-toc-heading-level-2'><a class=\"ez-toc-link ez-toc-heading-2\" href=\"https:\/\/www.imobiliare.ro\/imoexpert\/preturile-apartamentelor-au-mai-crescut-in-octombrie-dar-nu-si-in-bucuresti-cluj-napoca-la-polul-opus_db\/#Bucuresti\" >Bucure\u0219ti:<\/a><\/li><li class='ez-toc-page-1 ez-toc-heading-level-2'><a class=\"ez-toc-link ez-toc-heading-3\" href=\"https:\/\/www.imobiliare.ro\/imoexpert\/preturile-apartamentelor-au-mai-crescut-in-octombrie-dar-nu-si-in-bucuresti-cluj-napoca-la-polul-opus_db\/#Brasov\" >Bra\u0219ov:<\/a><\/li><li class='ez-toc-page-1 ez-toc-heading-level-2'><a class=\"ez-toc-link ez-toc-heading-4\" href=\"https:\/\/www.imobiliare.ro\/imoexpert\/preturile-apartamentelor-au-mai-crescut-in-octombrie-dar-nu-si-in-bucuresti-cluj-napoca-la-polul-opus_db\/#Cluj-Napoca\" >Cluj-Napoca:<\/a><\/li><li class='ez-toc-page-1 ez-toc-heading-level-2'><a class=\"ez-toc-link ez-toc-heading-5\" href=\"https:\/\/www.imobiliare.ro\/imoexpert\/preturile-apartamentelor-au-mai-crescut-in-octombrie-dar-nu-si-in-bucuresti-cluj-napoca-la-polul-opus_db\/#Constanta\" >Constan\u021ba:<\/a><\/li><li class='ez-toc-page-1 ez-toc-heading-level-2'><a class=\"ez-toc-link ez-toc-heading-6\" href=\"https:\/\/www.imobiliare.ro\/imoexpert\/preturile-apartamentelor-au-mai-crescut-in-octombrie-dar-nu-si-in-bucuresti-cluj-napoca-la-polul-opus_db\/#Iasi\" >Ia\u0219i:<\/a><\/li><li class='ez-toc-page-1 ez-toc-heading-level-2'><a class=\"ez-toc-link ez-toc-heading-7\" href=\"https:\/\/www.imobiliare.ro\/imoexpert\/preturile-apartamentelor-au-mai-crescut-in-octombrie-dar-nu-si-in-bucuresti-cluj-napoca-la-polul-opus_db\/#Timisoara\" >Timi\u0219oara:<\/a><\/li><\/ul><\/nav><\/div>\n<h2><span class=\"ez-toc-section\" id=\"In_contextul_unei_usoare_deprecieri_locuintele_din_Capitala_s-au_mentinut_la_un_nivel_de_pret_foarte_apropiat_de_cel_consemnat_luna_trecuta\"><\/span>\u00cen contextul unei u\u0219oare deprecieri, locuin\u021bele din Capital\u0103 s-au men\u021binut la un nivel de pre\u021b foarte apropiat de cel consemnat luna trecut\u0103.<span class=\"ez-toc-section-end\"><\/span><\/h2>\n<p>Dup\u0103 un avans de 0,6% \u00een luna septembrie, apartamentele disponibile spre v\u00e2nzare \u00een Rom\u00e2nia (noi \u0219i vechi) s-au men\u021binut, per ansamblu, pe un trend ascendent \u0219i \u00een luna octombrie. Indicele Imobiliare.ro a consemnat, astfel, un avans de 1,9% la nivel na\u021bional, de la 1.272 de euro pe metru p\u0103trat util, p\u00e2n\u0103 la o medie de 1.296 de euro pe metru p\u0103trat util. Dintre marile ora\u0219e monitorizate constant de Imobiliare.ro, cele mai semnificative major\u0103ri au avut loc \u00een Cluj-Napoca \u0219i \u00een Ia\u0219i, iar cele mai mici, \u00een Constan\u021ba \u0219i Bra\u0219ov. Capitala, pe de alt\u0103 parte, face excep\u021bie de la \u201eregula\u201d cre\u0219terilor de pre\u021b, preten\u021biile proprietarilor de locuin\u021be men\u021bin\u00e2ndu-se aici, \u00een contextul unui u\u0219or declin, la un nivel foarte apropiat de cel consemnat la finele lunii trecute \u2013 dup\u0103 ce, \u00een septembrie, locuin\u021bele din Bucure\u0219ti se apreciaser\u0103 cu 1,8%.<\/p>\n<h2><span class=\"ez-toc-section\" id=\"Bucuresti\"><\/span>Bucure\u0219ti:<span class=\"ez-toc-section-end\"><\/span><\/h2>\n<p>\u00cen cel mai mare ora\u0219 al \u021b\u0103rii, apartamentele s-au ieftinit, astfel, cu 0,2% per ansamblu, valoarea medie de listare a unei asemenea locuin\u021be ajung\u00e2nd la 1.373 de euro pe metru p\u0103trat util (de la 1.376 de euro pe metru p\u0103trat). Tendin\u021ba descendent\u0103 a fost mai accentuat\u0103 pe segmentul locuin\u021belor vechi, care au \u00eenregistrat o sc\u0103dere de 0,4%, de la 1.312 la 1.307 euro pe metru p\u0103trat. Suma medie solicitat\u0103 pentru unit\u0103\u021bile locative din cadrul noilor ansambluri reziden\u021biale s-a diminuat, \u00eens\u0103, cu doar 0,1%, de la 1.426 la 1.425 de euro pe metru p\u0103trat. <\/p>\n<h2><span class=\"ez-toc-section\" id=\"Brasov\"><\/span>Bra\u0219ov:<span class=\"ez-toc-section-end\"><\/span><\/h2>\n<p>\u00cen ora\u0219ul de la poalele T\u00e2mpei, a\u0219tept\u0103rile v\u00e2nz\u0103torilor de locuin\u021be s-au majorat \u00een octombrie cu 0,4%, ajung\u00e2nd la o medie de 1.140 de euro pe metru p\u0103trat util (fa\u021b\u0103 de 1.136 de euro pe metru p\u0103trat luna trecut\u0103). Tendin\u021ba general\u0103 de cre\u0219tere a fost sus\u021binut\u0103, \u00een acest caz, doar de segmentul apartamentelor vechi, care s-au apreciat cu 1%, de la 1.121 la 1.132 de euro pe metru p\u0103trat. La polul opus, unit\u0103\u021bile locative noi s-au depreciat cu 0,9%, de la 1.165 la 1.154 de euro pe metru p\u0103trat. <\/p>\n<h2><span class=\"ez-toc-section\" id=\"Cluj-Napoca\"><\/span>Cluj-Napoca:<span class=\"ez-toc-section-end\"><\/span><\/h2>\n<p>\u00cen ora\u0219ul de pe Some\u0219, Indicele Imobiliare.ro a consemnat un avans de 2,2% luna trecut\u0103, de la o medie de 1.640 de euro pe metru p\u0103trat util, p\u00e2n\u0103 la 1.676 de euro pe metru p\u0103trat. Chiar dac\u0103 au fost inegale, cre\u0219teri ale pre\u021bului mediu solicitat au avut loc pe ambele segmente de pia\u021b\u0103 analizate: apartamentele vechi s-au scumpit cu 1,9% (de la 1.656 la 1.688 de euro pe metru p\u0103trat), iar cele noi cu 2,6% (de la 1.622 la 1.664 de euro pe metru p\u0103trat).<\/p>\n<h2><span class=\"ez-toc-section\" id=\"Constanta\"><\/span>Constan\u021ba:<span class=\"ez-toc-section-end\"><\/span><\/h2>\n<p>\u00cen ora\u0219ul de la malul m\u0103rii, apartamentele disponibile spre v\u00e2nzare s-au apreciat, \u00een luna octombrie, cu 0,3%, ajung\u00e2nd s\u0103 coste 1.175 de euro pe metru p\u0103trat util (fa\u021b\u0103 de 1.171 de euro pe metru p\u0103trat la finele lui septembrie). Ca \u0219i \u00een Bra\u0219ov, locuin\u021bele vechi \u0219i cele noi au avut evolu\u021bii constrastante: cele dint\u00e2i au \u00eenregistrat un avans de 0,4% (de la 1.164 la 1.169 de euro pe metru p\u0103trat), iar cele din urm\u0103 au resim\u021bit, dimpotriv\u0103, un declin de 0,4% (de la 1.198 la 1.193 de euro pe metru p\u0103trat). <\/p>\n<h2><span class=\"ez-toc-section\" id=\"Iasi\"><\/span>Ia\u0219i:<span class=\"ez-toc-section-end\"><\/span><\/h2>\n<p>\u00cen capitala Moldovei, a\u0219tept\u0103rile proprietarilor de apartamente au crescut, pe parcursul lunii trecute, cu 2% \u2013 de la o medie de 1.045 de euro pe metru p\u0103trat util, p\u00e2n\u0103 la 1.066 de euro pe metru p\u0103trat. Potrivit datelor Imobiliare.ro, evolu\u021bia celor dou\u0103 segmente de pia\u021b\u0103 analizate nu a fost una echilibrat\u0103: dac\u0103 locuin\u021bele din blocurile vechi s-au apreciat doar u\u0219or, anume cu 0,4% (de la 1.037 la 1.041 de euro pe metru p\u0103trat), cele din cadrul noilor ansambluri reziden\u021biale au consemnat o cre\u0219tere semnificativ\u0103, de 3,3%, mai exact (de la 1.051 la 1.086 de euro pe metru p\u0103trat). <\/p>\n<h2><span class=\"ez-toc-section\" id=\"Timisoara\"><\/span>Timi\u0219oara:<span class=\"ez-toc-section-end\"><\/span><\/h2>\n<p>\u00cen ora\u0219ul de pe Bega, suma medie solicitat\u0103 pentru un apartament, indiferent de anul de construc\u021bie, s-a majorat cu 0,8% \u00een a doua lun\u0103 de toamn\u0103, de la 1.250 la 1.260 de euro pe metru p\u0103trat util. \u0218i aici, cele dou\u0103 segmente de pia\u021b\u0103 analizate au avut evolu\u021bii inegale \u2013 locuin\u021bele din blocurile vechi au consemnat un avans de 0,4% (de la 1.257 la 1.262 de euro pe metru p\u0103trat), iar cele nou-construite s-au scumpit, \u00een medie, cu 2,2% (de la 1.226 la 1.253 de euro pe metru p\u0103trat). <\/p>\n","protected":false},"excerpt":{"rendered":"<p>\u00cen contextul unei u\u0219oare deprecieri, locuin\u021bele din Capital\u0103 s-au men\u021binut la un nivel de pre\u021b foarte apropiat de cel consemnat luna trecut\u0103. Dup\u0103 un avans de 0,6% \u00een luna septembrie, apartamentele disponibile spre v\u00e2nzare \u00een Rom\u00e2nia (noi \u0219i vechi) s-au men\u021binut, per ansamblu, pe un trend ascendent \u0219i \u00een luna octombrie. Indicele Imobiliare.ro a consemnat, [&hellip;]<\/p>\n","protected":false},"author":829,"featured_media":56771,"comment_status":"open","ping_status":"open","sticky":false,"template":"","format":"standard","meta":{"footnotes":""},"categories":[259],"tags":[1326,1410,1798,1411,451],"content_author":[],"class_list":["post-56770","post","type-post","status-publish","format-standard","has-post-thumbnail","hentry","category-stiri","tag-indice-imobiliare-ro","tag-newsletter","tag-preturi-apartamente-2019","tag-principal","tag-proprietar"],"yoast_head":"<!-- This site is optimized with the Yoast SEO Premium plugin v27.0 (Yoast SEO v27.0) - https:\/\/yoast.com\/product\/yoast-seo-premium-wordpress\/ -->\n<title>Pre\u021burile apartamentelor au mai crescut \u00een octombrie, dar nu \u0219i \u00een Bucure\u0219ti. Cluj-Napoca, la polul opus - \u0218tiri - ImoExpert<\/title>\n<meta name=\"description\" content=\"\u00cen contextul unei u\u0219oare deprecieri, locuin\u021bele din Capital\u0103 s-au men\u021binut la un nivel de pre\u021b foarte apropiat de cel consemnat luna trecut\u0103. Dup\u0103 un\" \/>\n<meta name=\"robots\" content=\"index, follow\" \/>\n<link rel=\"canonical\" href=\"https:\/\/www.imobiliare.ro\/imoexpert\/preturile-apartamentelor-au-mai-crescut-in-octombrie-dar-nu-si-in-bucuresti-cluj-napoca-la-polul-opus_db\/\" \/>\n<meta property=\"og:locale\" content=\"ro_RO\" \/>\n<meta property=\"og:type\" content=\"article\" \/>\n<meta property=\"og:title\" content=\"Pre\u021burile apartamentelor au mai crescut \u00een octombrie, dar nu \u0219i \u00een Bucure\u0219ti. Cluj-Napoca, la polul opus\" \/>\n<meta property=\"og:description\" content=\"\u00cen contextul unei u\u0219oare deprecieri, locuin\u021bele din Capital\u0103 s-au men\u021binut la un nivel de pre\u021b foarte apropiat de cel consemnat luna trecut\u0103. Dup\u0103 un\" \/>\n<meta property=\"og:url\" content=\"https:\/\/www.imobiliare.ro\/imoexpert\/preturile-apartamentelor-au-mai-crescut-in-octombrie-dar-nu-si-in-bucuresti-cluj-napoca-la-polul-opus_db\/\" \/>\n<meta property=\"og:site_name\" content=\"ImoExpert\" \/>\n<meta property=\"article:published_time\" content=\"2019-11-11T15:16:25+00:00\" \/>\n<meta property=\"og:image\" content=\"https:\/\/www.imobiliare.ro\/imoexpert\/wp-content\/uploads\/2019\/11\/preturile-apartamentelor-au-mai-crescut-in-octombrie-dar-nu-si-in-Bucuresti-Cluj-Napoca-la-polul-opus.jpg\" \/>\n\t<meta property=\"og:image:width\" content=\"800\" \/>\n\t<meta property=\"og:image:height\" content=\"534\" \/>\n\t<meta property=\"og:image:type\" content=\"image\/jpeg\" \/>\n<meta name=\"author\" content=\"Adriana Dr\u0103gu\u0219in\" \/>\n<meta name=\"twitter:card\" content=\"summary_large_image\" \/>\n<meta name=\"twitter:label1\" content=\"Written by\" \/>\n\t<meta name=\"twitter:data1\" content=\"Adriana Dr\u0103gu\u0219in\" \/>\n\t<meta name=\"twitter:label2\" content=\"Est. reading time\" \/>\n\t<meta name=\"twitter:data2\" content=\"4 minute\" \/>\n<script type=\"application\/ld+json\" class=\"yoast-schema-graph\">{\"@context\":\"https:\/\/schema.org\",\"@graph\":[{\"@type\":\"Article\",\"@id\":\"https:\/\/www.imobiliare.ro\/imoexpert\/preturile-apartamentelor-au-mai-crescut-in-octombrie-dar-nu-si-in-bucuresti-cluj-napoca-la-polul-opus_db\/#article\",\"isPartOf\":{\"@id\":\"https:\/\/www.imobiliare.ro\/imoexpert\/preturile-apartamentelor-au-mai-crescut-in-octombrie-dar-nu-si-in-bucuresti-cluj-napoca-la-polul-opus_db\/\"},\"author\":{\"name\":\"Adriana Dr\u0103gu\u0219in\",\"@id\":\"https:\/\/www.imobiliare.ro\/imoexpert\/#\/schema\/person\/8c13b0297075010b896471fabf0d7790\"},\"headline\":\"Pre\u021burile apartamentelor au mai crescut \u00een octombrie, dar nu \u0219i \u00een Bucure\u0219ti. Cluj-Napoca, la polul opus\",\"datePublished\":\"2019-11-11T15:16:25+00:00\",\"mainEntityOfPage\":{\"@id\":\"https:\/\/www.imobiliare.ro\/imoexpert\/preturile-apartamentelor-au-mai-crescut-in-octombrie-dar-nu-si-in-bucuresti-cluj-napoca-la-polul-opus_db\/\"},\"wordCount\":793,\"commentCount\":2,\"publisher\":{\"@id\":\"https:\/\/www.imobiliare.ro\/imoexpert\/#organization\"},\"image\":{\"@id\":\"https:\/\/www.imobiliare.ro\/imoexpert\/preturile-apartamentelor-au-mai-crescut-in-octombrie-dar-nu-si-in-bucuresti-cluj-napoca-la-polul-opus_db\/#primaryimage\"},\"thumbnailUrl\":\"https:\/\/www.imobiliare.ro\/imoexpert\/wp-content\/uploads\/2019\/11\/preturile-apartamentelor-au-mai-crescut-in-octombrie-dar-nu-si-in-Bucuresti-Cluj-Napoca-la-polul-opus.jpg\",\"keywords\":[\"Indice imobiliare.ro\",\"newsletter\",\"preturi apartamente 2019\",\"principal\",\"proprietar\"],\"articleSection\":[\"\u0218tiri\"],\"inLanguage\":\"en\",\"potentialAction\":[{\"@type\":\"CommentAction\",\"name\":\"Comment\",\"target\":[\"https:\/\/www.imobiliare.ro\/imoexpert\/preturile-apartamentelor-au-mai-crescut-in-octombrie-dar-nu-si-in-bucuresti-cluj-napoca-la-polul-opus_db\/#respond\"]}],\"copyrightYear\":\"2019\",\"copyrightHolder\":{\"@id\":\"https:\/\/www.imobiliare.ro\/imoexpert\/#organization\"}},{\"@type\":\"WebPage\",\"@id\":\"https:\/\/www.imobiliare.ro\/imoexpert\/preturile-apartamentelor-au-mai-crescut-in-octombrie-dar-nu-si-in-bucuresti-cluj-napoca-la-polul-opus_db\/\",\"url\":\"https:\/\/www.imobiliare.ro\/imoexpert\/preturile-apartamentelor-au-mai-crescut-in-octombrie-dar-nu-si-in-bucuresti-cluj-napoca-la-polul-opus_db\/\",\"name\":\"Pre\u021burile apartamentelor au mai crescut \u00een octombrie, dar nu \u0219i \u00een Bucure\u0219ti. Cluj-Napoca, la polul opus - \u0218tiri - ImoExpert\",\"isPartOf\":{\"@id\":\"https:\/\/www.imobiliare.ro\/imoexpert\/#website\"},\"primaryImageOfPage\":{\"@id\":\"https:\/\/www.imobiliare.ro\/imoexpert\/preturile-apartamentelor-au-mai-crescut-in-octombrie-dar-nu-si-in-bucuresti-cluj-napoca-la-polul-opus_db\/#primaryimage\"},\"image\":{\"@id\":\"https:\/\/www.imobiliare.ro\/imoexpert\/preturile-apartamentelor-au-mai-crescut-in-octombrie-dar-nu-si-in-bucuresti-cluj-napoca-la-polul-opus_db\/#primaryimage\"},\"thumbnailUrl\":\"https:\/\/www.imobiliare.ro\/imoexpert\/wp-content\/uploads\/2019\/11\/preturile-apartamentelor-au-mai-crescut-in-octombrie-dar-nu-si-in-Bucuresti-Cluj-Napoca-la-polul-opus.jpg\",\"datePublished\":\"2019-11-11T15:16:25+00:00\",\"description\":\"\u00cen contextul unei u\u0219oare deprecieri, locuin\u021bele din Capital\u0103 s-au men\u021binut la un nivel de pre\u021b foarte apropiat de cel consemnat luna trecut\u0103. Dup\u0103 un\",\"breadcrumb\":{\"@id\":\"https:\/\/www.imobiliare.ro\/imoexpert\/preturile-apartamentelor-au-mai-crescut-in-octombrie-dar-nu-si-in-bucuresti-cluj-napoca-la-polul-opus_db\/#breadcrumb\"},\"inLanguage\":\"en\",\"potentialAction\":[{\"@type\":\"ReadAction\",\"target\":[\"https:\/\/www.imobiliare.ro\/imoexpert\/preturile-apartamentelor-au-mai-crescut-in-octombrie-dar-nu-si-in-bucuresti-cluj-napoca-la-polul-opus_db\/\"]}]},{\"@type\":\"ImageObject\",\"inLanguage\":\"en\",\"@id\":\"https:\/\/www.imobiliare.ro\/imoexpert\/preturile-apartamentelor-au-mai-crescut-in-octombrie-dar-nu-si-in-bucuresti-cluj-napoca-la-polul-opus_db\/#primaryimage\",\"url\":\"https:\/\/www.imobiliare.ro\/imoexpert\/wp-content\/uploads\/2019\/11\/preturile-apartamentelor-au-mai-crescut-in-octombrie-dar-nu-si-in-Bucuresti-Cluj-Napoca-la-polul-opus.jpg\",\"contentUrl\":\"https:\/\/www.imobiliare.ro\/imoexpert\/wp-content\/uploads\/2019\/11\/preturile-apartamentelor-au-mai-crescut-in-octombrie-dar-nu-si-in-Bucuresti-Cluj-Napoca-la-polul-opus.jpg\",\"width\":800,\"height\":534,\"caption\":\"Valoarea medie de listare a unei unit\u0103\u021bi locative este, \u00een Capital\u0103, 1.373 de euro pe metru p\u0103trat util\"},{\"@type\":\"BreadcrumbList\",\"@id\":\"https:\/\/www.imobiliare.ro\/imoexpert\/preturile-apartamentelor-au-mai-crescut-in-octombrie-dar-nu-si-in-bucuresti-cluj-napoca-la-polul-opus_db\/#breadcrumb\",\"itemListElement\":[{\"@type\":\"ListItem\",\"position\":1,\"name\":\"Imoradar24\",\"item\":\"https:\/\/www.imoradar24.ro\"},{\"@type\":\"ListItem\",\"position\":2,\"name\":\"ImoExpert\",\"item\":\"https:\/\/www.imobiliare.ro\/imoexpert\/\"},{\"@type\":\"ListItem\",\"position\":3,\"name\":\"\u0218tiri\",\"item\":\"https:\/\/www.imobiliare.ro\/imoexpert\/stiri\/\"},{\"@type\":\"ListItem\",\"position\":4,\"name\":\"Pre\u021burile apartamentelor au mai crescut \u00een octombrie, dar nu \u0219i \u00een Bucure\u0219ti. Cluj-Napoca, la polul opus\"}]},{\"@type\":\"WebSite\",\"@id\":\"https:\/\/www.imobiliare.ro\/imoexpert\/#website\",\"url\":\"https:\/\/www.imobiliare.ro\/imoexpert\/\",\"name\":\"ImoExpert\",\"description\":\"cele mai importante \u015ftiri din domeniul imobiliar\",\"publisher\":{\"@id\":\"https:\/\/www.imobiliare.ro\/imoexpert\/#organization\"},\"inLanguage\":\"en\"},{\"@type\":\"Organization\",\"@id\":\"https:\/\/www.imobiliare.ro\/imoexpert\/#organization\",\"name\":\"Imobiliare.ro\",\"alternateName\":\"Realmedia Network SA\",\"url\":\"https:\/\/www.imobiliare.ro\/imoexpert\/\",\"logo\":{\"@type\":\"ImageObject\",\"inLanguage\":\"en\",\"@id\":\"https:\/\/www.imobiliare.ro\/imoexpert\/#\/schema\/logo\/image\/\",\"url\":\"https:\/\/www.imobiliare.ro\/imoexpert\/wp-content\/uploads\/2025\/05\/imobiliare_logo.png\",\"contentUrl\":\"https:\/\/www.imobiliare.ro\/imoexpert\/wp-content\/uploads\/2025\/05\/imobiliare_logo.png\",\"width\":237,\"height\":29,\"caption\":\"Imobiliare.ro\"},\"image\":{\"@id\":\"https:\/\/www.imobiliare.ro\/imoexpert\/#\/schema\/logo\/image\/\"}},{\"@type\":\"Person\",\"@id\":\"https:\/\/www.imobiliare.ro\/imoexpert\/#\/schema\/person\/8c13b0297075010b896471fabf0d7790\",\"name\":\"Adriana Dr\u0103gu\u0219in\",\"image\":{\"@type\":\"ImageObject\",\"inLanguage\":\"en\",\"@id\":\"https:\/\/www.imobiliare.ro\/imoexpert\/#\/schema\/person\/image\/\",\"url\":\"https:\/\/secure.gravatar.com\/avatar\/ba4762f7517e50e679ed7f11207102d1150120f2f5800c0da98f8a15305bf514?s=96&d=mm&r=g\",\"contentUrl\":\"https:\/\/secure.gravatar.com\/avatar\/ba4762f7517e50e679ed7f11207102d1150120f2f5800c0da98f8a15305bf514?s=96&d=mm&r=g\",\"caption\":\"Adriana Dr\u0103gu\u0219in\"},\"jobTitle\":\"Editor\",\"url\":\"https:\/\/www.imobiliare.ro\/imoexpert\/author\/adriana-dragusin\/\"}]}<\/script>\n<!-- \/ Yoast SEO Premium plugin. -->","yoast_head_json":{"title":"Pre\u021burile apartamentelor au mai crescut \u00een octombrie, dar nu \u0219i \u00een Bucure\u0219ti. Cluj-Napoca, la polul opus - \u0218tiri - ImoExpert","description":"\u00cen contextul unei u\u0219oare deprecieri, locuin\u021bele din Capital\u0103 s-au men\u021binut la un nivel de pre\u021b foarte apropiat de cel consemnat luna trecut\u0103. Dup\u0103 un","robots":{"index":"index","follow":"follow"},"canonical":"https:\/\/www.imobiliare.ro\/imoexpert\/preturile-apartamentelor-au-mai-crescut-in-octombrie-dar-nu-si-in-bucuresti-cluj-napoca-la-polul-opus_db\/","og_locale":"ro_RO","og_type":"article","og_title":"Pre\u021burile apartamentelor au mai crescut \u00een octombrie, dar nu \u0219i \u00een Bucure\u0219ti. Cluj-Napoca, la polul opus","og_description":"\u00cen contextul unei u\u0219oare deprecieri, locuin\u021bele din Capital\u0103 s-au men\u021binut la un nivel de pre\u021b foarte apropiat de cel consemnat luna trecut\u0103. Dup\u0103 un","og_url":"https:\/\/www.imobiliare.ro\/imoexpert\/preturile-apartamentelor-au-mai-crescut-in-octombrie-dar-nu-si-in-bucuresti-cluj-napoca-la-polul-opus_db\/","og_site_name":"ImoExpert","article_published_time":"2019-11-11T15:16:25+00:00","og_image":[{"width":800,"height":534,"url":"https:\/\/www.imobiliare.ro\/imoexpert\/wp-content\/uploads\/2019\/11\/preturile-apartamentelor-au-mai-crescut-in-octombrie-dar-nu-si-in-Bucuresti-Cluj-Napoca-la-polul-opus.jpg","type":"image\/jpeg"}],"author":"Adriana Dr\u0103gu\u0219in","twitter_card":"summary_large_image","twitter_misc":{"Written by":"Adriana Dr\u0103gu\u0219in","Est. reading time":"4 minute"},"schema":{"@context":"https:\/\/schema.org","@graph":[{"@type":"Article","@id":"https:\/\/www.imobiliare.ro\/imoexpert\/preturile-apartamentelor-au-mai-crescut-in-octombrie-dar-nu-si-in-bucuresti-cluj-napoca-la-polul-opus_db\/#article","isPartOf":{"@id":"https:\/\/www.imobiliare.ro\/imoexpert\/preturile-apartamentelor-au-mai-crescut-in-octombrie-dar-nu-si-in-bucuresti-cluj-napoca-la-polul-opus_db\/"},"author":{"name":"Adriana Dr\u0103gu\u0219in","@id":"https:\/\/www.imobiliare.ro\/imoexpert\/#\/schema\/person\/8c13b0297075010b896471fabf0d7790"},"headline":"Pre\u021burile apartamentelor au mai crescut \u00een octombrie, dar nu \u0219i \u00een Bucure\u0219ti. Cluj-Napoca, la polul opus","datePublished":"2019-11-11T15:16:25+00:00","mainEntityOfPage":{"@id":"https:\/\/www.imobiliare.ro\/imoexpert\/preturile-apartamentelor-au-mai-crescut-in-octombrie-dar-nu-si-in-bucuresti-cluj-napoca-la-polul-opus_db\/"},"wordCount":793,"commentCount":2,"publisher":{"@id":"https:\/\/www.imobiliare.ro\/imoexpert\/#organization"},"image":{"@id":"https:\/\/www.imobiliare.ro\/imoexpert\/preturile-apartamentelor-au-mai-crescut-in-octombrie-dar-nu-si-in-bucuresti-cluj-napoca-la-polul-opus_db\/#primaryimage"},"thumbnailUrl":"https:\/\/www.imobiliare.ro\/imoexpert\/wp-content\/uploads\/2019\/11\/preturile-apartamentelor-au-mai-crescut-in-octombrie-dar-nu-si-in-Bucuresti-Cluj-Napoca-la-polul-opus.jpg","keywords":["Indice imobiliare.ro","newsletter","preturi apartamente 2019","principal","proprietar"],"articleSection":["\u0218tiri"],"inLanguage":"en","potentialAction":[{"@type":"CommentAction","name":"Comment","target":["https:\/\/www.imobiliare.ro\/imoexpert\/preturile-apartamentelor-au-mai-crescut-in-octombrie-dar-nu-si-in-bucuresti-cluj-napoca-la-polul-opus_db\/#respond"]}],"copyrightYear":"2019","copyrightHolder":{"@id":"https:\/\/www.imobiliare.ro\/imoexpert\/#organization"}},{"@type":"WebPage","@id":"https:\/\/www.imobiliare.ro\/imoexpert\/preturile-apartamentelor-au-mai-crescut-in-octombrie-dar-nu-si-in-bucuresti-cluj-napoca-la-polul-opus_db\/","url":"https:\/\/www.imobiliare.ro\/imoexpert\/preturile-apartamentelor-au-mai-crescut-in-octombrie-dar-nu-si-in-bucuresti-cluj-napoca-la-polul-opus_db\/","name":"Pre\u021burile apartamentelor au mai crescut \u00een octombrie, dar nu \u0219i \u00een Bucure\u0219ti. Cluj-Napoca, la polul opus - \u0218tiri - ImoExpert","isPartOf":{"@id":"https:\/\/www.imobiliare.ro\/imoexpert\/#website"},"primaryImageOfPage":{"@id":"https:\/\/www.imobiliare.ro\/imoexpert\/preturile-apartamentelor-au-mai-crescut-in-octombrie-dar-nu-si-in-bucuresti-cluj-napoca-la-polul-opus_db\/#primaryimage"},"image":{"@id":"https:\/\/www.imobiliare.ro\/imoexpert\/preturile-apartamentelor-au-mai-crescut-in-octombrie-dar-nu-si-in-bucuresti-cluj-napoca-la-polul-opus_db\/#primaryimage"},"thumbnailUrl":"https:\/\/www.imobiliare.ro\/imoexpert\/wp-content\/uploads\/2019\/11\/preturile-apartamentelor-au-mai-crescut-in-octombrie-dar-nu-si-in-Bucuresti-Cluj-Napoca-la-polul-opus.jpg","datePublished":"2019-11-11T15:16:25+00:00","description":"\u00cen contextul unei u\u0219oare deprecieri, locuin\u021bele din Capital\u0103 s-au men\u021binut la un nivel de pre\u021b foarte apropiat de cel consemnat luna trecut\u0103. Dup\u0103 un","breadcrumb":{"@id":"https:\/\/www.imobiliare.ro\/imoexpert\/preturile-apartamentelor-au-mai-crescut-in-octombrie-dar-nu-si-in-bucuresti-cluj-napoca-la-polul-opus_db\/#breadcrumb"},"inLanguage":"en","potentialAction":[{"@type":"ReadAction","target":["https:\/\/www.imobiliare.ro\/imoexpert\/preturile-apartamentelor-au-mai-crescut-in-octombrie-dar-nu-si-in-bucuresti-cluj-napoca-la-polul-opus_db\/"]}]},{"@type":"ImageObject","inLanguage":"en","@id":"https:\/\/www.imobiliare.ro\/imoexpert\/preturile-apartamentelor-au-mai-crescut-in-octombrie-dar-nu-si-in-bucuresti-cluj-napoca-la-polul-opus_db\/#primaryimage","url":"https:\/\/www.imobiliare.ro\/imoexpert\/wp-content\/uploads\/2019\/11\/preturile-apartamentelor-au-mai-crescut-in-octombrie-dar-nu-si-in-Bucuresti-Cluj-Napoca-la-polul-opus.jpg","contentUrl":"https:\/\/www.imobiliare.ro\/imoexpert\/wp-content\/uploads\/2019\/11\/preturile-apartamentelor-au-mai-crescut-in-octombrie-dar-nu-si-in-Bucuresti-Cluj-Napoca-la-polul-opus.jpg","width":800,"height":534,"caption":"Valoarea medie de listare a unei unit\u0103\u021bi locative este, \u00een Capital\u0103, 1.373 de euro pe metru p\u0103trat util"},{"@type":"BreadcrumbList","@id":"https:\/\/www.imobiliare.ro\/imoexpert\/preturile-apartamentelor-au-mai-crescut-in-octombrie-dar-nu-si-in-bucuresti-cluj-napoca-la-polul-opus_db\/#breadcrumb","itemListElement":[{"@type":"ListItem","position":1,"name":"Imoradar24","item":"https:\/\/www.imoradar24.ro"},{"@type":"ListItem","position":2,"name":"ImoExpert","item":"https:\/\/www.imobiliare.ro\/imoexpert\/"},{"@type":"ListItem","position":3,"name":"\u0218tiri","item":"https:\/\/www.imobiliare.ro\/imoexpert\/stiri\/"},{"@type":"ListItem","position":4,"name":"Pre\u021burile apartamentelor au mai crescut \u00een octombrie, dar nu \u0219i \u00een Bucure\u0219ti. Cluj-Napoca, la polul opus"}]},{"@type":"WebSite","@id":"https:\/\/www.imobiliare.ro\/imoexpert\/#website","url":"https:\/\/www.imobiliare.ro\/imoexpert\/","name":"ImoExpert","description":"cele mai importante \u015ftiri din domeniul imobiliar","publisher":{"@id":"https:\/\/www.imobiliare.ro\/imoexpert\/#organization"},"inLanguage":"en"},{"@type":"Organization","@id":"https:\/\/www.imobiliare.ro\/imoexpert\/#organization","name":"Imobiliare.ro","alternateName":"Realmedia Network SA","url":"https:\/\/www.imobiliare.ro\/imoexpert\/","logo":{"@type":"ImageObject","inLanguage":"en","@id":"https:\/\/www.imobiliare.ro\/imoexpert\/#\/schema\/logo\/image\/","url":"https:\/\/www.imobiliare.ro\/imoexpert\/wp-content\/uploads\/2025\/05\/imobiliare_logo.png","contentUrl":"https:\/\/www.imobiliare.ro\/imoexpert\/wp-content\/uploads\/2025\/05\/imobiliare_logo.png","width":237,"height":29,"caption":"Imobiliare.ro"},"image":{"@id":"https:\/\/www.imobiliare.ro\/imoexpert\/#\/schema\/logo\/image\/"}},{"@type":"Person","@id":"https:\/\/www.imobiliare.ro\/imoexpert\/#\/schema\/person\/8c13b0297075010b896471fabf0d7790","name":"Adriana Dr\u0103gu\u0219in","image":{"@type":"ImageObject","inLanguage":"en","@id":"https:\/\/www.imobiliare.ro\/imoexpert\/#\/schema\/person\/image\/","url":"https:\/\/secure.gravatar.com\/avatar\/ba4762f7517e50e679ed7f11207102d1150120f2f5800c0da98f8a15305bf514?s=96&d=mm&r=g","contentUrl":"https:\/\/secure.gravatar.com\/avatar\/ba4762f7517e50e679ed7f11207102d1150120f2f5800c0da98f8a15305bf514?s=96&d=mm&r=g","caption":"Adriana Dr\u0103gu\u0219in"},"jobTitle":"Editor","url":"https:\/\/www.imobiliare.ro\/imoexpert\/author\/adriana-dragusin\/"}]}},"_links":{"self":[{"href":"https:\/\/www.imobiliare.ro\/imoexpert\/wp-json\/wp\/v2\/posts\/56770","targetHints":{"allow":["GET"]}}],"collection":[{"href":"https:\/\/www.imobiliare.ro\/imoexpert\/wp-json\/wp\/v2\/posts"}],"about":[{"href":"https:\/\/www.imobiliare.ro\/imoexpert\/wp-json\/wp\/v2\/types\/post"}],"author":[{"embeddable":true,"href":"https:\/\/www.imobiliare.ro\/imoexpert\/wp-json\/wp\/v2\/users\/829"}],"replies":[{"embeddable":true,"href":"https:\/\/www.imobiliare.ro\/imoexpert\/wp-json\/wp\/v2\/comments?post=56770"}],"version-history":[{"count":0,"href":"https:\/\/www.imobiliare.ro\/imoexpert\/wp-json\/wp\/v2\/posts\/56770\/revisions"}],"wp:featuredmedia":[{"embeddable":true,"href":"https:\/\/www.imobiliare.ro\/imoexpert\/wp-json\/wp\/v2\/media\/56771"}],"wp:attachment":[{"href":"https:\/\/www.imobiliare.ro\/imoexpert\/wp-json\/wp\/v2\/media?parent=56770"}],"wp:term":[{"taxonomy":"category","embeddable":true,"href":"https:\/\/www.imobiliare.ro\/imoexpert\/wp-json\/wp\/v2\/categories?post=56770"},{"taxonomy":"post_tag","embeddable":true,"href":"https:\/\/www.imobiliare.ro\/imoexpert\/wp-json\/wp\/v2\/tags?post=56770"},{"taxonomy":"content_author","embeddable":true,"href":"https:\/\/www.imobiliare.ro\/imoexpert\/wp-json\/wp\/v2\/content_author?post=56770"}],"curies":[{"name":"wp","href":"https:\/\/api.w.org\/{rel}","templated":true}]}}