{"id":56799,"date":"2019-11-14T11:53:39","date_gmt":"2019-11-14T09:53:39","guid":{"rendered":"https:\/\/www.imobiliare.ro\/imoexpert\/?p=56799"},"modified":"2019-11-14T11:53:39","modified_gmt":"2019-11-14T09:53:39","slug":"piata-imobiliara-in-t3-2019-preturile-locuintelor-si-au-accelerat-cresterea-ca-urmare-a-majorarii-cererii-si-a-faptului-ca-se-construiesc-proiecte-in-zone-mai-bune","status":"publish","type":"post","link":"https:\/\/www.imobiliare.ro\/imoexpert\/piata-imobiliara-in-t3-2019-preturile-locuintelor-si-au-accelerat-cresterea-ca-urmare-a-majorarii-cererii-si-a-faptului-ca-se-construiesc-proiecte-in-zone-mai-bune_db\/","title":{"rendered":"Pia\u021ba imobiliar\u0103 \u00een T3 2019: Pre\u021burile locuin\u021belor \u0219i-au accelerat cre\u0219terea ca urmare a major\u0103rii cererii \u0219i a faptului c\u0103 se construiesc proiecte \u00een zone mai bune"},"content":{"rendered":"<figure id=\"attachment_56800\" aria-describedby=\"caption-attachment-56800\" style=\"width: 800px\" class=\"wp-caption aligncenter\"><a class=\"article-body-links\"href=\"https:\/\/www.imobiliare.ro\/imoexpert\/wp-content\/uploads\/2019\/11\/Preturile-locuintelor-si-au-accelerat-cresterea-ca-urmare-a-majorarii-cererii-si-a-tendintei-de-a-construi-in-zone-mai-bune.jpg\"><img loading=\"lazy\" decoding=\"async\" src=\"https:\/\/www.imobiliare.ro\/imoexpert\/wp-content\/uploads\/2019\/11\/Preturile-locuintelor-si-au-accelerat-cresterea-ca-urmare-a-majorarii-cererii-si-a-tendintei-de-a-construi-in-zone-mai-bune.jpg\" alt=\"\" width=\"800\" height=\"530\" class=\"size-full wp-image-56800\" srcset=\"https:\/\/www.imobiliare.ro\/imoexpert\/wp-content\/uploads\/2019\/11\/Preturile-locuintelor-si-au-accelerat-cresterea-ca-urmare-a-majorarii-cererii-si-a-tendintei-de-a-construi-in-zone-mai-bune.jpg 800w, https:\/\/www.imobiliare.ro\/imoexpert\/wp-content\/uploads\/2019\/11\/Preturile-locuintelor-si-au-accelerat-cresterea-ca-urmare-a-majorarii-cererii-si-a-tendintei-de-a-construi-in-zone-mai-bune-300x199.jpg 300w, https:\/\/www.imobiliare.ro\/imoexpert\/wp-content\/uploads\/2019\/11\/Preturile-locuintelor-si-au-accelerat-cresterea-ca-urmare-a-majorarii-cererii-si-a-tendintei-de-a-construi-in-zone-mai-bune-768x509.jpg 768w\" sizes=\"auto, (max-width: 800px) 100vw, 800px\" \/><\/a><figcaption id=\"caption-attachment-56800\" class=\"wp-caption-text\">Ansamblurile reziden\u021biale recent lansate \u00een Capital\u0103 concurez\u0103, la capitolul localizare, blocurile vechi<\/figcaption><\/figure>\n<div id=\"ez-toc-container\" class=\"ez-toc-v2_0_81 counter-hierarchy ez-toc-counter ez-toc-grey ez-toc-container-direction\">\n<p class=\"ez-toc-title\" style=\"cursor:inherit\">Table of Contents<\/p>\n<label for=\"ez-toc-cssicon-toggle-item-69ee24a6d4fa1\" class=\"ez-toc-cssicon-toggle-label\"><span class=\"ez-toc-cssicon\"><span class=\"eztoc-hide\" style=\"display:none;\">Toggle<\/span><span class=\"ez-toc-icon-toggle-span\"><svg style=\"fill: #999;color:#999\" xmlns=\"http:\/\/www.w3.org\/2000\/svg\" class=\"list-377408\" width=\"20px\" height=\"20px\" viewBox=\"0 0 24 24\" fill=\"none\"><path d=\"M6 6H4v2h2V6zm14 0H8v2h12V6zM4 11h2v2H4v-2zm16 0H8v2h12v-2zM4 16h2v2H4v-2zm16 0H8v2h12v-2z\" fill=\"currentColor\"><\/path><\/svg><svg style=\"fill: #999;color:#999\" class=\"arrow-unsorted-368013\" xmlns=\"http:\/\/www.w3.org\/2000\/svg\" width=\"10px\" height=\"10px\" viewBox=\"0 0 24 24\" version=\"1.2\" baseProfile=\"tiny\"><path d=\"M18.2 9.3l-6.2-6.3-6.2 6.3c-.2.2-.3.4-.3.7s.1.5.3.7c.2.2.4.3.7.3h11c.3 0 .5-.1.7-.3.2-.2.3-.5.3-.7s-.1-.5-.3-.7zM5.8 14.7l6.2 6.3 6.2-6.3c.2-.2.3-.5.3-.7s-.1-.5-.3-.7c-.2-.2-.4-.3-.7-.3h-11c-.3 0-.5.1-.7.3-.2.2-.3.5-.3.7s.1.5.3.7z\"\/><\/svg><\/span><\/span><\/label><input type=\"checkbox\"  id=\"ez-toc-cssicon-toggle-item-69ee24a6d4fa1\"  aria-label=\"Toggle\" \/><nav><ul class='ez-toc-list ez-toc-list-level-1 ' ><li class='ez-toc-page-1 ez-toc-heading-level-2'><a class=\"ez-toc-link ez-toc-heading-1\" href=\"https:\/\/www.imobiliare.ro\/imoexpert\/piata-imobiliara-in-t3-2019-preturile-locuintelor-si-au-accelerat-cresterea-ca-urmare-a-majorarii-cererii-si-a-faptului-ca-se-construiesc-proiecte-in-zone-mai-bune_db\/#Tendinta_resimtita_trimestrul_trecut_a_fost_alimentata_mai_ales_de_piata_din_Bucuresti_%E2%80%93_unde_a_avut_loc_de_altfel_si_cel_mai_mare_avans_trimestrial_si_anual_al_valorilor_de_listare_pe_segmentul_apartamentelor\" >Tendin\u021ba resim\u021bit\u0103 trimestrul trecut a fost alimentat\u0103 mai ales de pia\u021ba din Bucure\u0219ti \u2013 unde a avut loc, de altfel, \u0219i cel mai mare avans (trimestrial \u0219i anual) al valorilor de listare pe segmentul apartamentelor.<\/a><\/li><li class='ez-toc-page-1 ez-toc-heading-level-2'><a class=\"ez-toc-link ez-toc-heading-2\" href=\"https:\/\/www.imobiliare.ro\/imoexpert\/piata-imobiliara-in-t3-2019-preturile-locuintelor-si-au-accelerat-cresterea-ca-urmare-a-majorarii-cererii-si-a-faptului-ca-se-construiesc-proiecte-in-zone-mai-bune_db\/#Cresteri_pe_linie_fata_de_T2_in_marile_orase\" >Cre\u0219teri pe linie fa\u021b\u0103 de T2 \u00een marile ora\u0219e<\/a><\/li><li class='ez-toc-page-1 ez-toc-heading-level-2'><a class=\"ez-toc-link ez-toc-heading-3\" href=\"https:\/\/www.imobiliare.ro\/imoexpert\/piata-imobiliara-in-t3-2019-preturile-locuintelor-si-au-accelerat-cresterea-ca-urmare-a-majorarii-cererii-si-a-faptului-ca-se-construiesc-proiecte-in-zone-mai-bune_db\/#Cererea_oferta_si_tranzactiile\" >Cererea, oferta \u0219i tranzac\u021biile<\/a><\/li><\/ul><\/nav><\/div>\n<h2><span class=\"ez-toc-section\" id=\"Tendinta_resimtita_trimestrul_trecut_a_fost_alimentata_mai_ales_de_piata_din_Bucuresti_%E2%80%93_unde_a_avut_loc_de_altfel_si_cel_mai_mare_avans_trimestrial_si_anual_al_valorilor_de_listare_pe_segmentul_apartamentelor\"><\/span>Tendin\u021ba resim\u021bit\u0103 trimestrul trecut a fost alimentat\u0103 mai ales de pia\u021ba din Bucure\u0219ti \u2013 unde a avut loc, de altfel, \u0219i cel mai mare avans (trimestrial \u0219i anual) al valorilor de listare pe segmentul apartamentelor.<span class=\"ez-toc-section-end\"><\/span><\/h2>\n<p>Din 2018 \u00eencoace, pre\u021burile locuin\u021belor din Rom\u00e2nia \u0219i-au diminuat sensibil ritmul de cre\u0219tere comparativ cu anii anteriori, \u00een conformitate cu tendin\u021ba general\u0103 de stabilizare a reziden\u021bialului autohton. Cel mai recent raport de pia\u021b\u0103 realizat de <strong><a class=\"article-body-links\"href=\"https:\/\/www.analizeimobiliare.ro\">Analize Imobiliare<\/a><\/strong> relev\u0103 \u00eens\u0103 c\u0103 acest indicator a accelerat \u00een cel de-al treilea trimestru din 2019, trend alimentat mai ales de pia\u021ba din Bucure\u0219ti. Astfel, pre\u021burile solicitate pentru propriet\u0103\u021bile reziden\u021biale din Rom\u00e2nia s-au majorat, \u00een medie, cu 3,2% fa\u021b\u0103 de trimestrul anterior. De\u0219i nu unul substan\u021bial, acest avans este sensibil mai mare dec\u00e2t mediile de cre\u0219tere consemnate \u00een primele dou\u0103 p\u0103trare ale anului \u2013 0,8% \u0219i, respectiv, 0,4%.<\/p>\n<blockquote><p>\u201eEvolu\u021bia pozitiv\u0103 a cererii \u00eenregistrat\u0103 \u00een cel de-al doilea trimestru din 2019 s-a men\u021binut \u0219i \u00een cel de-al treilea, astfel \u00eenc\u00e2t aproximativ 175.000 de poten\u021biali cump\u0103r\u0103tori din cele \u0219ase ora\u0219e mari au interac\u021bionat direct cu v\u00e2nz\u0103torii prin intermediul portalului Imobiliare.ro \u2013 ceea ce reprezint\u0103 o cre\u0219tere anual\u0103 de 16%. Aceast\u0103 \u00eencredere \u00een pia\u021b\u0103 este reflectat\u0103 \u0219i de majorarea v\u00e2nz\u0103rilor de imobile \u00eenregistrat\u0103 de ANCPI: \u00een ultimele patru luni (iulie-octombrie) s-au tranzac\u021bionat, la nivel na\u021bional, aproximativ 200.000 de imobile, fa\u021b\u0103 de 180.000 \u00een perioada similar\u0103 din 2018. \u00cen acest context, pre\u021burile locuin\u021belor au revenit pe o traiectorie mai accentuat ascendent\u0103, dup\u0103 evolu\u021bia moderat\u0103 din ultimul an.\u201d<\/p>\n<p><strong>Dorel Ni\u021b\u0103, Head of Data Imobiliare.ro<\/strong><\/p><\/blockquote>\n<p>&nbsp;<\/p>\n<p>Accelerarea ritmului de cre\u0219tere a pre\u021burilor nu a fost resim\u021bit\u0103 \u00een mod uniform la nivelul \u00eentregii \u021b\u0103ri. Datele <strong><a class=\"article-body-links\"href=\"https:\/\/www.analizeimobiliare.ro\">Analize Imobiliare<\/a><\/strong> arat\u0103 c\u0103 cea mai important\u0103 contribu\u021bie la avansul general al valorilor de listare au avut-o, \u00een mod specific, apartamentele noi din Bucure\u0219ti. Unit\u0103\u021bile locative de acest tip sunt, astfel, cu 9,1% mai scumpe dec\u00e2t \u00een perioada similar\u0103 a anului precedent. Spre compara\u021bie, ecartul valabil pe segmentul apartamentelor vechi din Capital\u0103 este semnificativ mai mic \u2013 aici avem de-a face, mai exact, cu un plus de 4% la 12 luni. Avansul mai mult dec\u00e2t dublu consemnat pe pia\u021ba nou\u0103 poate fi explicat nu at\u00e2t prin scumpirea propriu-zis\u0103 a unor locuin\u021be noi deja disponibile pe pia\u021b\u0103, c\u00e2t, mai ales, prin faptul c\u0103 stocul reziden\u021bial nou a fost suplimentat \u00een ultima perioad\u0103 prin ansambluri reziden\u021biale cu o localizare \u0219i de o calitate mai bun\u0103 \u2013 ceea ce echivaleaz\u0103, desigur, \u0219i cu un nivel de pre\u021b mai ridicat.<\/p>\n<h2><span class=\"ez-toc-section\" id=\"Cresteri_pe_linie_fata_de_T2_in_marile_orase\"><\/span>Cre\u0219teri pe linie fa\u021b\u0103 de T2 \u00een marile ora\u0219e<span class=\"ez-toc-section-end\"><\/span><\/h2>\n<p>Dintre ora\u0219ele cu peste 200.000 de locuitori din Rom\u00e2nia, acelea\u0219i \u0219apte centre regionale au, \u00een momentul de fa\u021b\u0103, pre\u021buri medii solicitate de peste 1.000 de euro pe metru p\u0103trat util pentru apartamentele disponibile spre v\u00e2nzare. Dintre acestea, toate au consemnat, trimestrul trecut, major\u0103ri ale valorilor de listare. Sub influen\u021ba segmentului reziden\u021bial nou, pe primul loc \u00een clasamentul cre\u0219terilor de pre\u021b se situeaz\u0103 Bucure\u0219tiul, cu un avans trimestrial de 5,5% (p\u00e2n\u0103 la 1.380 euro pe metru p\u0103trat). Capitala este urmat\u0103 de Cluj-Napoca (+2,7%, p\u00e2n\u0103 la 1.610 euro pe metru p\u0103trat util), Constan\u021ba (+2,2%, p\u00e2n\u0103 la 1.160 de euro pe metru p\u0103trat), Bra\u0219ov (1,3%, p\u00e2n\u0103 la 1.130 de euro pe metru p\u0103trat), Timi\u0219oara (+1,1%, p\u00e2n\u0103 la 1.230 euro pe metru p\u0103trat), Ia\u0219i (+1,1%, p\u00e2n\u0103 la 1.010 euro pe metru p\u0103trat) \u0219i, respectiv, Craiova (+0,2%, p\u00e2n\u0103 la 1.090 de euro pe metru p\u0103trat).<\/p>\n<p><strong>Cite\u0219te \u0219i: <a class=\"article-body-links\"href=\"https:\/\/www.imobiliare.ro\/imoexpert\/preturile-apartamentelor-au-mai-crescut-in-octombrie-dar-nu-si-in-bucuresti-cluj-napoca-la-polul-opus_db\/\">Pre\u021burile apartamentelor au mai crescut \u00een octombrie, dar nu \u0219i \u00een Bucure\u0219ti. Cluj-Napoca, la polul opus<\/a><\/strong><\/p>\n<p>\u0218i raportat la perioada similar\u0103 a anului precedent evolu\u021bia pre\u021burilor a fost una ascendent\u0103 \u00een majoritatea marilor ora\u0219e analizate; excep\u021bie face, de data aceasta, doar Craiova, unde apartamentele s-au ieftinit cu 1,4%. Urmare a evolu\u021biei de trimestrul trecut, cea mai mare marj\u0103 anual\u0103 de cre\u0219tere, respectiv 7,2%, poate fi observat\u0103 acum \u00een Bucure\u0219ti, Capitala fiind urmat\u0103 de Bra\u0219ov (+6,7%), Cluj-Napoca (+6,2%), Timi\u0219oara (+3,8%), Ia\u0219i (+2,8%) \u0219i Constan\u021ba (+2,6%). <\/p>\n<h2><span class=\"ez-toc-section\" id=\"Cererea_oferta_si_tranzactiile\"><\/span>Cererea, oferta \u0219i tranzac\u021biile<span class=\"ez-toc-section-end\"><\/span><\/h2>\n<p>Aceast\u0103 evolu\u021bie a pre\u021burilor a avut loc \u00een contextul \u00een care, fa\u021b\u0103 de perioada similar\u0103 din 2018, volumul cererii din cele \u0219ase mari centre regionale monitorizate constant de <strong><a class=\"article-body-links\"href=\"https:\/\/www.imobiliare.ro\/\">Imobiliare.ro<\/a><\/strong> a fost, trimestrul trecut, cu 16% mai mare. Tendin\u021ba de cre\u0219tere a putut fi observat\u0103 \u00een toate marile centre regionale analizate: Cluj-Napoca (+32%), Timi\u0219oara (+19%), Constan\u021ba (+18%), Ia\u0219i (+16%), Bra\u0219ov (+14%) \u0219i, respectiv, Bucure\u0219ti (+12%).<\/p>\n<p>Pe de alt\u0103 parte, oferta din cele \u0219ase mari centre regionale ale \u021b\u0103rii a fost mult mai apropiat\u0103 de nivelul consemnat \u00een urm\u0103 cu un an, \u00een contextul unei cre\u0219teri de doar 1,8%. O evolu\u021bie ascendent\u0103 la acest capitol a avut loc doar \u00een patru dintre cele \u0219ase ora\u0219e supuse analizei, anume Ia\u0219i (+10%), Cluj-Napoca (+6,3%), Timi\u0219oara (+2,1%) \u0219i Bucure\u0219ti  (+0,5%). Pe de alt\u0103 parte, sc\u0103deri ale num\u0103rului de propriet\u0103\u021bi disponibile spre v\u00e2nzare au fost resim\u021bite \u00een Constan\u021ba (-4,6%) \u0219i \u00een Bra\u0219ov (-1,6%).<\/p>\n<p>\u00cen condi\u021biile acestei discrepan\u021be \u00eentre evolu\u021bia cererii \u0219i cea a ofertei, datele publicate de Agen\u021bia Na\u021bional\u0103 de Cadastru \u0219i Publicitate Imobiliar\u0103 (ANCPI) relev\u0103 c\u0103 \u00een trimestrul al treilea al acestui an au avut loc, pe plan na\u021bional, 141.413 v\u00e2nz\u0103ri de imobile. Acest nivel marcheaz\u0103, pe de o parte, o cre\u0219tere de aproape 13% fa\u021b\u0103 de trimestrul anterior (c\u00e2nd erau consemnate 125.474 de tranzac\u021bii), \u0219i, pe de alt\u0103 parte, un avans de circa 11% fa\u021b\u0103 de perioada similar\u0103 din 2018 (c\u00e2nd erau \u00eenregistrate 127.528 de asemenea opera\u021biuni). <\/p>\n<p>\u00cen ciuda evolu\u021biei ascendente din ultimul trimestru, raportat la primele nou\u0103 luni din 2019 poate fi observat\u0103, \u00eenc\u0103, o sc\u0103dere a activit\u0103\u021bii de tranzac\u021bionare din pia\u021ba imobiliar\u0103. Astfel, num\u0103rul contractelor \u00eencheiate pe plan na\u021bional s-a cifrat la 382.996 \u00een perioada ianuarie-septembrie, cifr\u0103 ce marcheaz\u0103 un declin de 10,5% fa\u021b\u0103 de perioada similar\u0103 a anului 2018 (c\u00e2nd erau tranzac\u021bionate aproape 428.000 de imobile). De men\u021bionat este, \u00eens\u0103, c\u0103 tendin\u021ba general\u0103 de sc\u0103dere a fost resim\u021bit\u0103 doar \u00een afara Capitalei: \u00een Bucure\u0219ti \u0219i jude\u021bul Ilfov num\u0103rul tranzac\u021biilor a fost mai mare \u00een ianuarie-septembrie 2019 dec\u00e2t \u00een perioada similar\u0103 din 2018. <\/p>\n","protected":false},"excerpt":{"rendered":"<p>Tendin\u021ba resim\u021bit\u0103 trimestrul trecut a fost alimentat\u0103 mai ales de pia\u021ba din Bucure\u0219ti \u2013 unde a avut loc, de altfel, \u0219i cel mai mare avans (trimestrial \u0219i anual) al valorilor de listare pe segmentul apartamentelor. Din 2018 \u00eencoace, pre\u021burile locuin\u021belor din Rom\u00e2nia \u0219i-au diminuat sensibil ritmul de cre\u0219tere comparativ cu anii anteriori, \u00een conformitate cu [&hellip;]<\/p>\n","protected":false},"author":829,"featured_media":56800,"comment_status":"open","ping_status":"open","sticky":false,"template":"","format":"standard","meta":{"footnotes":""},"categories":[],"tags":[794,1410,1798,1411,451],"content_author":[],"class_list":["post-56799","post","type-post","status-publish","format-standard","has-post-thumbnail","hentry","tag-analize-imobiliare","tag-newsletter","tag-preturi-apartamente-2019","tag-principal","tag-proprietar"],"yoast_head":"<!-- This site is optimized with the Yoast SEO Premium plugin v27.0 (Yoast SEO v27.0) - https:\/\/yoast.com\/product\/yoast-seo-premium-wordpress\/ -->\n<title>Pia\u021ba imobiliar\u0103 \u00een T3 2019: Pre\u021burile locuin\u021belor \u0219i-au accelerat cre\u0219terea ca urmare a major\u0103rii cererii \u0219i a faptului c\u0103 se construiesc proiecte \u00een zone mai bune - ImoExpert<\/title>\n<meta name=\"description\" content=\"Tendin\u021ba resim\u021bit\u0103 trimestrul trecut a fost alimentat\u0103 mai ales de pia\u021ba din Bucure\u0219ti \u2013 unde a avut loc, de altfel, \u0219i cel mai mare avans (trimestrial \u0219i\" \/>\n<meta name=\"robots\" content=\"index, follow\" \/>\n<link rel=\"canonical\" href=\"https:\/\/www.imobiliare.ro\/imoexpert\/piata-imobiliara-in-t3-2019-preturile-locuintelor-si-au-accelerat-cresterea-ca-urmare-a-majorarii-cererii-si-a-faptului-ca-se-construiesc-proiecte-in-zone-mai-bune_db\/\" \/>\n<meta property=\"og:locale\" content=\"ro_RO\" \/>\n<meta property=\"og:type\" content=\"article\" \/>\n<meta property=\"og:title\" content=\"Pia\u021ba imobiliar\u0103 \u00een T3 2019: Pre\u021burile locuin\u021belor \u0219i-au accelerat cre\u0219terea ca urmare a major\u0103rii cererii \u0219i a faptului c\u0103 se construiesc proiecte \u00een zone mai bune\" \/>\n<meta property=\"og:description\" content=\"Tendin\u021ba resim\u021bit\u0103 trimestrul trecut a fost alimentat\u0103 mai ales de pia\u021ba din Bucure\u0219ti \u2013 unde a avut loc, de altfel, \u0219i cel mai mare avans (trimestrial \u0219i\" \/>\n<meta property=\"og:url\" content=\"https:\/\/www.imobiliare.ro\/imoexpert\/piata-imobiliara-in-t3-2019-preturile-locuintelor-si-au-accelerat-cresterea-ca-urmare-a-majorarii-cererii-si-a-faptului-ca-se-construiesc-proiecte-in-zone-mai-bune_db\/\" \/>\n<meta property=\"og:site_name\" content=\"ImoExpert\" \/>\n<meta property=\"article:published_time\" content=\"2019-11-14T09:53:39+00:00\" \/>\n<meta property=\"og:image\" content=\"https:\/\/www.imobiliare.ro\/imoexpert\/wp-content\/uploads\/2019\/11\/Preturile-locuintelor-si-au-accelerat-cresterea-ca-urmare-a-majorarii-cererii-si-a-tendintei-de-a-construi-in-zone-mai-bune.jpg\" \/>\n\t<meta property=\"og:image:width\" content=\"800\" \/>\n\t<meta property=\"og:image:height\" content=\"530\" \/>\n\t<meta property=\"og:image:type\" content=\"image\/jpeg\" \/>\n<meta name=\"author\" content=\"Adriana Dr\u0103gu\u0219in\" \/>\n<meta name=\"twitter:card\" content=\"summary_large_image\" \/>\n<meta name=\"twitter:label1\" content=\"Written by\" \/>\n\t<meta name=\"twitter:data1\" content=\"Adriana Dr\u0103gu\u0219in\" \/>\n\t<meta name=\"twitter:label2\" content=\"Est. reading time\" \/>\n\t<meta name=\"twitter:data2\" content=\"5 minute\" \/>\n<script type=\"application\/ld+json\" class=\"yoast-schema-graph\">{\"@context\":\"https:\/\/schema.org\",\"@graph\":[{\"@type\":\"Article\",\"@id\":\"https:\/\/www.imobiliare.ro\/imoexpert\/piata-imobiliara-in-t3-2019-preturile-locuintelor-si-au-accelerat-cresterea-ca-urmare-a-majorarii-cererii-si-a-faptului-ca-se-construiesc-proiecte-in-zone-mai-bune_db\/#article\",\"isPartOf\":{\"@id\":\"https:\/\/www.imobiliare.ro\/imoexpert\/piata-imobiliara-in-t3-2019-preturile-locuintelor-si-au-accelerat-cresterea-ca-urmare-a-majorarii-cererii-si-a-faptului-ca-se-construiesc-proiecte-in-zone-mai-bune_db\/\"},\"author\":{\"name\":\"Adriana Dr\u0103gu\u0219in\",\"@id\":\"https:\/\/www.imobiliare.ro\/imoexpert\/#\/schema\/person\/8c13b0297075010b896471fabf0d7790\"},\"headline\":\"Pia\u021ba imobiliar\u0103 \u00een T3 2019: Pre\u021burile locuin\u021belor \u0219i-au accelerat cre\u0219terea ca urmare a major\u0103rii cererii \u0219i a faptului c\u0103 se construiesc proiecte \u00een zone mai bune\",\"datePublished\":\"2019-11-14T09:53:39+00:00\",\"mainEntityOfPage\":{\"@id\":\"https:\/\/www.imobiliare.ro\/imoexpert\/piata-imobiliara-in-t3-2019-preturile-locuintelor-si-au-accelerat-cresterea-ca-urmare-a-majorarii-cererii-si-a-faptului-ca-se-construiesc-proiecte-in-zone-mai-bune_db\/\"},\"wordCount\":1112,\"commentCount\":7,\"publisher\":{\"@id\":\"https:\/\/www.imobiliare.ro\/imoexpert\/#organization\"},\"image\":{\"@id\":\"https:\/\/www.imobiliare.ro\/imoexpert\/piata-imobiliara-in-t3-2019-preturile-locuintelor-si-au-accelerat-cresterea-ca-urmare-a-majorarii-cererii-si-a-faptului-ca-se-construiesc-proiecte-in-zone-mai-bune_db\/#primaryimage\"},\"thumbnailUrl\":\"https:\/\/www.imobiliare.ro\/imoexpert\/wp-content\/uploads\/2019\/11\/Preturile-locuintelor-si-au-accelerat-cresterea-ca-urmare-a-majorarii-cererii-si-a-tendintei-de-a-construi-in-zone-mai-bune.jpg\",\"keywords\":[\"Analize Imobiliare\",\"newsletter\",\"preturi apartamente 2019\",\"principal\",\"proprietar\"],\"inLanguage\":\"en\",\"potentialAction\":[{\"@type\":\"CommentAction\",\"name\":\"Comment\",\"target\":[\"https:\/\/www.imobiliare.ro\/imoexpert\/piata-imobiliara-in-t3-2019-preturile-locuintelor-si-au-accelerat-cresterea-ca-urmare-a-majorarii-cererii-si-a-faptului-ca-se-construiesc-proiecte-in-zone-mai-bune_db\/#respond\"]}],\"copyrightYear\":\"2019\",\"copyrightHolder\":{\"@id\":\"https:\/\/www.imobiliare.ro\/imoexpert\/#organization\"}},{\"@type\":\"WebPage\",\"@id\":\"https:\/\/www.imobiliare.ro\/imoexpert\/piata-imobiliara-in-t3-2019-preturile-locuintelor-si-au-accelerat-cresterea-ca-urmare-a-majorarii-cererii-si-a-faptului-ca-se-construiesc-proiecte-in-zone-mai-bune_db\/\",\"url\":\"https:\/\/www.imobiliare.ro\/imoexpert\/piata-imobiliara-in-t3-2019-preturile-locuintelor-si-au-accelerat-cresterea-ca-urmare-a-majorarii-cererii-si-a-faptului-ca-se-construiesc-proiecte-in-zone-mai-bune_db\/\",\"name\":\"Pia\u021ba imobiliar\u0103 \u00een T3 2019: Pre\u021burile locuin\u021belor \u0219i-au accelerat cre\u0219terea ca urmare a major\u0103rii cererii \u0219i a faptului c\u0103 se construiesc proiecte \u00een zone mai bune - ImoExpert\",\"isPartOf\":{\"@id\":\"https:\/\/www.imobiliare.ro\/imoexpert\/#website\"},\"primaryImageOfPage\":{\"@id\":\"https:\/\/www.imobiliare.ro\/imoexpert\/piata-imobiliara-in-t3-2019-preturile-locuintelor-si-au-accelerat-cresterea-ca-urmare-a-majorarii-cererii-si-a-faptului-ca-se-construiesc-proiecte-in-zone-mai-bune_db\/#primaryimage\"},\"image\":{\"@id\":\"https:\/\/www.imobiliare.ro\/imoexpert\/piata-imobiliara-in-t3-2019-preturile-locuintelor-si-au-accelerat-cresterea-ca-urmare-a-majorarii-cererii-si-a-faptului-ca-se-construiesc-proiecte-in-zone-mai-bune_db\/#primaryimage\"},\"thumbnailUrl\":\"https:\/\/www.imobiliare.ro\/imoexpert\/wp-content\/uploads\/2019\/11\/Preturile-locuintelor-si-au-accelerat-cresterea-ca-urmare-a-majorarii-cererii-si-a-tendintei-de-a-construi-in-zone-mai-bune.jpg\",\"datePublished\":\"2019-11-14T09:53:39+00:00\",\"description\":\"Tendin\u021ba resim\u021bit\u0103 trimestrul trecut a fost alimentat\u0103 mai ales de pia\u021ba din Bucure\u0219ti \u2013 unde a avut loc, de altfel, \u0219i cel mai mare avans (trimestrial \u0219i\",\"breadcrumb\":{\"@id\":\"https:\/\/www.imobiliare.ro\/imoexpert\/piata-imobiliara-in-t3-2019-preturile-locuintelor-si-au-accelerat-cresterea-ca-urmare-a-majorarii-cererii-si-a-faptului-ca-se-construiesc-proiecte-in-zone-mai-bune_db\/#breadcrumb\"},\"inLanguage\":\"en\",\"potentialAction\":[{\"@type\":\"ReadAction\",\"target\":[\"https:\/\/www.imobiliare.ro\/imoexpert\/piata-imobiliara-in-t3-2019-preturile-locuintelor-si-au-accelerat-cresterea-ca-urmare-a-majorarii-cererii-si-a-faptului-ca-se-construiesc-proiecte-in-zone-mai-bune_db\/\"]}]},{\"@type\":\"ImageObject\",\"inLanguage\":\"en\",\"@id\":\"https:\/\/www.imobiliare.ro\/imoexpert\/piata-imobiliara-in-t3-2019-preturile-locuintelor-si-au-accelerat-cresterea-ca-urmare-a-majorarii-cererii-si-a-faptului-ca-se-construiesc-proiecte-in-zone-mai-bune_db\/#primaryimage\",\"url\":\"https:\/\/www.imobiliare.ro\/imoexpert\/wp-content\/uploads\/2019\/11\/Preturile-locuintelor-si-au-accelerat-cresterea-ca-urmare-a-majorarii-cererii-si-a-tendintei-de-a-construi-in-zone-mai-bune.jpg\",\"contentUrl\":\"https:\/\/www.imobiliare.ro\/imoexpert\/wp-content\/uploads\/2019\/11\/Preturile-locuintelor-si-au-accelerat-cresterea-ca-urmare-a-majorarii-cererii-si-a-tendintei-de-a-construi-in-zone-mai-bune.jpg\",\"width\":800,\"height\":530,\"caption\":\"Ansamblurile reziden\u021biale recent lansate \u00een Capital\u0103 concurez\u0103, la capitolul localizare, blocurile vechi\"},{\"@type\":\"BreadcrumbList\",\"@id\":\"https:\/\/www.imobiliare.ro\/imoexpert\/piata-imobiliara-in-t3-2019-preturile-locuintelor-si-au-accelerat-cresterea-ca-urmare-a-majorarii-cererii-si-a-faptului-ca-se-construiesc-proiecte-in-zone-mai-bune_db\/#breadcrumb\",\"itemListElement\":[{\"@type\":\"ListItem\",\"position\":1,\"name\":\"Imoradar24\",\"item\":\"https:\/\/www.imoradar24.ro\"},{\"@type\":\"ListItem\",\"position\":2,\"name\":\"ImoExpert\",\"item\":\"https:\/\/www.imobiliare.ro\/imoexpert\/\"},{\"@type\":\"ListItem\",\"position\":3,\"name\":\"Pia\u021ba imobiliar\u0103 \u00een T3 2019: Pre\u021burile locuin\u021belor \u0219i-au accelerat cre\u0219terea ca urmare a major\u0103rii cererii \u0219i a faptului c\u0103 se construiesc proiecte \u00een zone mai bune\"}]},{\"@type\":\"WebSite\",\"@id\":\"https:\/\/www.imobiliare.ro\/imoexpert\/#website\",\"url\":\"https:\/\/www.imobiliare.ro\/imoexpert\/\",\"name\":\"ImoExpert\",\"description\":\"cele mai importante \u015ftiri din domeniul imobiliar\",\"publisher\":{\"@id\":\"https:\/\/www.imobiliare.ro\/imoexpert\/#organization\"},\"inLanguage\":\"en\"},{\"@type\":\"Organization\",\"@id\":\"https:\/\/www.imobiliare.ro\/imoexpert\/#organization\",\"name\":\"Imobiliare.ro\",\"alternateName\":\"Realmedia Network SA\",\"url\":\"https:\/\/www.imobiliare.ro\/imoexpert\/\",\"logo\":{\"@type\":\"ImageObject\",\"inLanguage\":\"en\",\"@id\":\"https:\/\/www.imobiliare.ro\/imoexpert\/#\/schema\/logo\/image\/\",\"url\":\"https:\/\/www.imobiliare.ro\/imoexpert\/wp-content\/uploads\/2025\/05\/imobiliare_logo.png\",\"contentUrl\":\"https:\/\/www.imobiliare.ro\/imoexpert\/wp-content\/uploads\/2025\/05\/imobiliare_logo.png\",\"width\":237,\"height\":29,\"caption\":\"Imobiliare.ro\"},\"image\":{\"@id\":\"https:\/\/www.imobiliare.ro\/imoexpert\/#\/schema\/logo\/image\/\"}},{\"@type\":\"Person\",\"@id\":\"https:\/\/www.imobiliare.ro\/imoexpert\/#\/schema\/person\/8c13b0297075010b896471fabf0d7790\",\"name\":\"Adriana Dr\u0103gu\u0219in\",\"image\":{\"@type\":\"ImageObject\",\"inLanguage\":\"en\",\"@id\":\"https:\/\/www.imobiliare.ro\/imoexpert\/#\/schema\/person\/image\/\",\"url\":\"https:\/\/secure.gravatar.com\/avatar\/ba4762f7517e50e679ed7f11207102d1150120f2f5800c0da98f8a15305bf514?s=96&d=mm&r=g\",\"contentUrl\":\"https:\/\/secure.gravatar.com\/avatar\/ba4762f7517e50e679ed7f11207102d1150120f2f5800c0da98f8a15305bf514?s=96&d=mm&r=g\",\"caption\":\"Adriana Dr\u0103gu\u0219in\"},\"jobTitle\":\"Editor\",\"url\":\"https:\/\/www.imobiliare.ro\/imoexpert\/author\/adriana-dragusin\/\"}]}<\/script>\n<!-- \/ Yoast SEO Premium plugin. -->","yoast_head_json":{"title":"Pia\u021ba imobiliar\u0103 \u00een T3 2019: Pre\u021burile locuin\u021belor \u0219i-au accelerat cre\u0219terea ca urmare a major\u0103rii cererii \u0219i a faptului c\u0103 se construiesc proiecte \u00een zone mai bune - ImoExpert","description":"Tendin\u021ba resim\u021bit\u0103 trimestrul trecut a fost alimentat\u0103 mai ales de pia\u021ba din Bucure\u0219ti \u2013 unde a avut loc, de altfel, \u0219i cel mai mare avans (trimestrial \u0219i","robots":{"index":"index","follow":"follow"},"canonical":"https:\/\/www.imobiliare.ro\/imoexpert\/piata-imobiliara-in-t3-2019-preturile-locuintelor-si-au-accelerat-cresterea-ca-urmare-a-majorarii-cererii-si-a-faptului-ca-se-construiesc-proiecte-in-zone-mai-bune_db\/","og_locale":"ro_RO","og_type":"article","og_title":"Pia\u021ba imobiliar\u0103 \u00een T3 2019: Pre\u021burile locuin\u021belor \u0219i-au accelerat cre\u0219terea ca urmare a major\u0103rii cererii \u0219i a faptului c\u0103 se construiesc proiecte \u00een zone mai bune","og_description":"Tendin\u021ba resim\u021bit\u0103 trimestrul trecut a fost alimentat\u0103 mai ales de pia\u021ba din Bucure\u0219ti \u2013 unde a avut loc, de altfel, \u0219i cel mai mare avans (trimestrial \u0219i","og_url":"https:\/\/www.imobiliare.ro\/imoexpert\/piata-imobiliara-in-t3-2019-preturile-locuintelor-si-au-accelerat-cresterea-ca-urmare-a-majorarii-cererii-si-a-faptului-ca-se-construiesc-proiecte-in-zone-mai-bune_db\/","og_site_name":"ImoExpert","article_published_time":"2019-11-14T09:53:39+00:00","og_image":[{"width":800,"height":530,"url":"https:\/\/www.imobiliare.ro\/imoexpert\/wp-content\/uploads\/2019\/11\/Preturile-locuintelor-si-au-accelerat-cresterea-ca-urmare-a-majorarii-cererii-si-a-tendintei-de-a-construi-in-zone-mai-bune.jpg","type":"image\/jpeg"}],"author":"Adriana Dr\u0103gu\u0219in","twitter_card":"summary_large_image","twitter_misc":{"Written by":"Adriana Dr\u0103gu\u0219in","Est. reading time":"5 minute"},"schema":{"@context":"https:\/\/schema.org","@graph":[{"@type":"Article","@id":"https:\/\/www.imobiliare.ro\/imoexpert\/piata-imobiliara-in-t3-2019-preturile-locuintelor-si-au-accelerat-cresterea-ca-urmare-a-majorarii-cererii-si-a-faptului-ca-se-construiesc-proiecte-in-zone-mai-bune_db\/#article","isPartOf":{"@id":"https:\/\/www.imobiliare.ro\/imoexpert\/piata-imobiliara-in-t3-2019-preturile-locuintelor-si-au-accelerat-cresterea-ca-urmare-a-majorarii-cererii-si-a-faptului-ca-se-construiesc-proiecte-in-zone-mai-bune_db\/"},"author":{"name":"Adriana Dr\u0103gu\u0219in","@id":"https:\/\/www.imobiliare.ro\/imoexpert\/#\/schema\/person\/8c13b0297075010b896471fabf0d7790"},"headline":"Pia\u021ba imobiliar\u0103 \u00een T3 2019: Pre\u021burile locuin\u021belor \u0219i-au accelerat cre\u0219terea ca urmare a major\u0103rii cererii \u0219i a faptului c\u0103 se construiesc proiecte \u00een zone mai bune","datePublished":"2019-11-14T09:53:39+00:00","mainEntityOfPage":{"@id":"https:\/\/www.imobiliare.ro\/imoexpert\/piata-imobiliara-in-t3-2019-preturile-locuintelor-si-au-accelerat-cresterea-ca-urmare-a-majorarii-cererii-si-a-faptului-ca-se-construiesc-proiecte-in-zone-mai-bune_db\/"},"wordCount":1112,"commentCount":7,"publisher":{"@id":"https:\/\/www.imobiliare.ro\/imoexpert\/#organization"},"image":{"@id":"https:\/\/www.imobiliare.ro\/imoexpert\/piata-imobiliara-in-t3-2019-preturile-locuintelor-si-au-accelerat-cresterea-ca-urmare-a-majorarii-cererii-si-a-faptului-ca-se-construiesc-proiecte-in-zone-mai-bune_db\/#primaryimage"},"thumbnailUrl":"https:\/\/www.imobiliare.ro\/imoexpert\/wp-content\/uploads\/2019\/11\/Preturile-locuintelor-si-au-accelerat-cresterea-ca-urmare-a-majorarii-cererii-si-a-tendintei-de-a-construi-in-zone-mai-bune.jpg","keywords":["Analize Imobiliare","newsletter","preturi apartamente 2019","principal","proprietar"],"inLanguage":"en","potentialAction":[{"@type":"CommentAction","name":"Comment","target":["https:\/\/www.imobiliare.ro\/imoexpert\/piata-imobiliara-in-t3-2019-preturile-locuintelor-si-au-accelerat-cresterea-ca-urmare-a-majorarii-cererii-si-a-faptului-ca-se-construiesc-proiecte-in-zone-mai-bune_db\/#respond"]}],"copyrightYear":"2019","copyrightHolder":{"@id":"https:\/\/www.imobiliare.ro\/imoexpert\/#organization"}},{"@type":"WebPage","@id":"https:\/\/www.imobiliare.ro\/imoexpert\/piata-imobiliara-in-t3-2019-preturile-locuintelor-si-au-accelerat-cresterea-ca-urmare-a-majorarii-cererii-si-a-faptului-ca-se-construiesc-proiecte-in-zone-mai-bune_db\/","url":"https:\/\/www.imobiliare.ro\/imoexpert\/piata-imobiliara-in-t3-2019-preturile-locuintelor-si-au-accelerat-cresterea-ca-urmare-a-majorarii-cererii-si-a-faptului-ca-se-construiesc-proiecte-in-zone-mai-bune_db\/","name":"Pia\u021ba imobiliar\u0103 \u00een T3 2019: Pre\u021burile locuin\u021belor \u0219i-au accelerat cre\u0219terea ca urmare a major\u0103rii cererii \u0219i a faptului c\u0103 se construiesc proiecte \u00een zone mai bune - ImoExpert","isPartOf":{"@id":"https:\/\/www.imobiliare.ro\/imoexpert\/#website"},"primaryImageOfPage":{"@id":"https:\/\/www.imobiliare.ro\/imoexpert\/piata-imobiliara-in-t3-2019-preturile-locuintelor-si-au-accelerat-cresterea-ca-urmare-a-majorarii-cererii-si-a-faptului-ca-se-construiesc-proiecte-in-zone-mai-bune_db\/#primaryimage"},"image":{"@id":"https:\/\/www.imobiliare.ro\/imoexpert\/piata-imobiliara-in-t3-2019-preturile-locuintelor-si-au-accelerat-cresterea-ca-urmare-a-majorarii-cererii-si-a-faptului-ca-se-construiesc-proiecte-in-zone-mai-bune_db\/#primaryimage"},"thumbnailUrl":"https:\/\/www.imobiliare.ro\/imoexpert\/wp-content\/uploads\/2019\/11\/Preturile-locuintelor-si-au-accelerat-cresterea-ca-urmare-a-majorarii-cererii-si-a-tendintei-de-a-construi-in-zone-mai-bune.jpg","datePublished":"2019-11-14T09:53:39+00:00","description":"Tendin\u021ba resim\u021bit\u0103 trimestrul trecut a fost alimentat\u0103 mai ales de pia\u021ba din Bucure\u0219ti \u2013 unde a avut loc, de altfel, \u0219i cel mai mare avans (trimestrial \u0219i","breadcrumb":{"@id":"https:\/\/www.imobiliare.ro\/imoexpert\/piata-imobiliara-in-t3-2019-preturile-locuintelor-si-au-accelerat-cresterea-ca-urmare-a-majorarii-cererii-si-a-faptului-ca-se-construiesc-proiecte-in-zone-mai-bune_db\/#breadcrumb"},"inLanguage":"en","potentialAction":[{"@type":"ReadAction","target":["https:\/\/www.imobiliare.ro\/imoexpert\/piata-imobiliara-in-t3-2019-preturile-locuintelor-si-au-accelerat-cresterea-ca-urmare-a-majorarii-cererii-si-a-faptului-ca-se-construiesc-proiecte-in-zone-mai-bune_db\/"]}]},{"@type":"ImageObject","inLanguage":"en","@id":"https:\/\/www.imobiliare.ro\/imoexpert\/piata-imobiliara-in-t3-2019-preturile-locuintelor-si-au-accelerat-cresterea-ca-urmare-a-majorarii-cererii-si-a-faptului-ca-se-construiesc-proiecte-in-zone-mai-bune_db\/#primaryimage","url":"https:\/\/www.imobiliare.ro\/imoexpert\/wp-content\/uploads\/2019\/11\/Preturile-locuintelor-si-au-accelerat-cresterea-ca-urmare-a-majorarii-cererii-si-a-tendintei-de-a-construi-in-zone-mai-bune.jpg","contentUrl":"https:\/\/www.imobiliare.ro\/imoexpert\/wp-content\/uploads\/2019\/11\/Preturile-locuintelor-si-au-accelerat-cresterea-ca-urmare-a-majorarii-cererii-si-a-tendintei-de-a-construi-in-zone-mai-bune.jpg","width":800,"height":530,"caption":"Ansamblurile reziden\u021biale recent lansate \u00een Capital\u0103 concurez\u0103, la capitolul localizare, blocurile vechi"},{"@type":"BreadcrumbList","@id":"https:\/\/www.imobiliare.ro\/imoexpert\/piata-imobiliara-in-t3-2019-preturile-locuintelor-si-au-accelerat-cresterea-ca-urmare-a-majorarii-cererii-si-a-faptului-ca-se-construiesc-proiecte-in-zone-mai-bune_db\/#breadcrumb","itemListElement":[{"@type":"ListItem","position":1,"name":"Imoradar24","item":"https:\/\/www.imoradar24.ro"},{"@type":"ListItem","position":2,"name":"ImoExpert","item":"https:\/\/www.imobiliare.ro\/imoexpert\/"},{"@type":"ListItem","position":3,"name":"Pia\u021ba imobiliar\u0103 \u00een T3 2019: Pre\u021burile locuin\u021belor \u0219i-au accelerat cre\u0219terea ca urmare a major\u0103rii cererii \u0219i a faptului c\u0103 se construiesc proiecte \u00een zone mai bune"}]},{"@type":"WebSite","@id":"https:\/\/www.imobiliare.ro\/imoexpert\/#website","url":"https:\/\/www.imobiliare.ro\/imoexpert\/","name":"ImoExpert","description":"cele mai importante \u015ftiri din domeniul imobiliar","publisher":{"@id":"https:\/\/www.imobiliare.ro\/imoexpert\/#organization"},"inLanguage":"en"},{"@type":"Organization","@id":"https:\/\/www.imobiliare.ro\/imoexpert\/#organization","name":"Imobiliare.ro","alternateName":"Realmedia Network SA","url":"https:\/\/www.imobiliare.ro\/imoexpert\/","logo":{"@type":"ImageObject","inLanguage":"en","@id":"https:\/\/www.imobiliare.ro\/imoexpert\/#\/schema\/logo\/image\/","url":"https:\/\/www.imobiliare.ro\/imoexpert\/wp-content\/uploads\/2025\/05\/imobiliare_logo.png","contentUrl":"https:\/\/www.imobiliare.ro\/imoexpert\/wp-content\/uploads\/2025\/05\/imobiliare_logo.png","width":237,"height":29,"caption":"Imobiliare.ro"},"image":{"@id":"https:\/\/www.imobiliare.ro\/imoexpert\/#\/schema\/logo\/image\/"}},{"@type":"Person","@id":"https:\/\/www.imobiliare.ro\/imoexpert\/#\/schema\/person\/8c13b0297075010b896471fabf0d7790","name":"Adriana Dr\u0103gu\u0219in","image":{"@type":"ImageObject","inLanguage":"en","@id":"https:\/\/www.imobiliare.ro\/imoexpert\/#\/schema\/person\/image\/","url":"https:\/\/secure.gravatar.com\/avatar\/ba4762f7517e50e679ed7f11207102d1150120f2f5800c0da98f8a15305bf514?s=96&d=mm&r=g","contentUrl":"https:\/\/secure.gravatar.com\/avatar\/ba4762f7517e50e679ed7f11207102d1150120f2f5800c0da98f8a15305bf514?s=96&d=mm&r=g","caption":"Adriana Dr\u0103gu\u0219in"},"jobTitle":"Editor","url":"https:\/\/www.imobiliare.ro\/imoexpert\/author\/adriana-dragusin\/"}]}},"_links":{"self":[{"href":"https:\/\/www.imobiliare.ro\/imoexpert\/wp-json\/wp\/v2\/posts\/56799","targetHints":{"allow":["GET"]}}],"collection":[{"href":"https:\/\/www.imobiliare.ro\/imoexpert\/wp-json\/wp\/v2\/posts"}],"about":[{"href":"https:\/\/www.imobiliare.ro\/imoexpert\/wp-json\/wp\/v2\/types\/post"}],"author":[{"embeddable":true,"href":"https:\/\/www.imobiliare.ro\/imoexpert\/wp-json\/wp\/v2\/users\/829"}],"replies":[{"embeddable":true,"href":"https:\/\/www.imobiliare.ro\/imoexpert\/wp-json\/wp\/v2\/comments?post=56799"}],"version-history":[{"count":0,"href":"https:\/\/www.imobiliare.ro\/imoexpert\/wp-json\/wp\/v2\/posts\/56799\/revisions"}],"wp:featuredmedia":[{"embeddable":true,"href":"https:\/\/www.imobiliare.ro\/imoexpert\/wp-json\/wp\/v2\/media\/56800"}],"wp:attachment":[{"href":"https:\/\/www.imobiliare.ro\/imoexpert\/wp-json\/wp\/v2\/media?parent=56799"}],"wp:term":[{"taxonomy":"category","embeddable":true,"href":"https:\/\/www.imobiliare.ro\/imoexpert\/wp-json\/wp\/v2\/categories?post=56799"},{"taxonomy":"post_tag","embeddable":true,"href":"https:\/\/www.imobiliare.ro\/imoexpert\/wp-json\/wp\/v2\/tags?post=56799"},{"taxonomy":"content_author","embeddable":true,"href":"https:\/\/www.imobiliare.ro\/imoexpert\/wp-json\/wp\/v2\/content_author?post=56799"}],"curies":[{"name":"wp","href":"https:\/\/api.w.org\/{rel}","templated":true}]}}