{"id":56832,"date":"2019-11-19T12:03:39","date_gmt":"2019-11-19T10:03:39","guid":{"rendered":"https:\/\/www.imobiliare.ro\/imoexpert\/?p=56832"},"modified":"2019-11-19T12:03:39","modified_gmt":"2019-11-19T10:03:39","slug":"brasov-constanta-iasi-preturile-apartamentelor-pe-cartiere-in-t3-2019","status":"publish","type":"post","link":"https:\/\/www.imobiliare.ro\/imoexpert\/brasov-constanta-iasi-preturile-apartamentelor-pe-cartiere-in-t3-2019_db\/","title":{"rendered":"Bra\u0219ov, Constan\u021ba, Ia\u0219i: pre\u021burile apartamentelor, pe cartiere, \u00een T3 2019"},"content":{"rendered":"<figure id=\"attachment_56833\" aria-describedby=\"caption-attachment-56833\" style=\"width: 800px\" class=\"wp-caption aligncenter\"><a class=\"article-body-links\"href=\"https:\/\/www.imobiliare.ro\/imoexpert\/wp-content\/uploads\/2019\/11\/brasov-constanta-iasi-preturile-apartamentelor-pe-cartiere-in-T3-2019-0.jpg\"><img loading=\"lazy\" decoding=\"async\" src=\"https:\/\/www.imobiliare.ro\/imoexpert\/wp-content\/uploads\/2019\/11\/brasov-constanta-iasi-preturile-apartamentelor-pe-cartiere-in-T3-2019-0.jpg\" alt=\"\" width=\"800\" height=\"533\" class=\"size-full wp-image-56833\" srcset=\"https:\/\/www.imobiliare.ro\/imoexpert\/wp-content\/uploads\/2019\/11\/brasov-constanta-iasi-preturile-apartamentelor-pe-cartiere-in-T3-2019-0.jpg 800w, https:\/\/www.imobiliare.ro\/imoexpert\/wp-content\/uploads\/2019\/11\/brasov-constanta-iasi-preturile-apartamentelor-pe-cartiere-in-T3-2019-0-300x200.jpg 300w, https:\/\/www.imobiliare.ro\/imoexpert\/wp-content\/uploads\/2019\/11\/brasov-constanta-iasi-preturile-apartamentelor-pe-cartiere-in-T3-2019-0-768x512.jpg 768w\" sizes=\"auto, (max-width: 800px) 100vw, 800px\" \/><\/a><figcaption id=\"caption-attachment-56833\" class=\"wp-caption-text\">\u00cen toate cele trei ora\u0219e, valorile medii de listare a apartamentelor dep\u0103\u0219esc pragul de 1.000 euro\/mp<\/figcaption><\/figure>\n<div id=\"ez-toc-container\" class=\"ez-toc-v2_0_81 counter-hierarchy ez-toc-counter ez-toc-grey ez-toc-container-direction\">\n<p class=\"ez-toc-title\" style=\"cursor:inherit\">Table of Contents<\/p>\n<label for=\"ez-toc-cssicon-toggle-item-69ee24c143065\" class=\"ez-toc-cssicon-toggle-label\"><span class=\"ez-toc-cssicon\"><span class=\"eztoc-hide\" style=\"display:none;\">Toggle<\/span><span class=\"ez-toc-icon-toggle-span\"><svg style=\"fill: #999;color:#999\" xmlns=\"http:\/\/www.w3.org\/2000\/svg\" class=\"list-377408\" width=\"20px\" height=\"20px\" viewBox=\"0 0 24 24\" fill=\"none\"><path d=\"M6 6H4v2h2V6zm14 0H8v2h12V6zM4 11h2v2H4v-2zm16 0H8v2h12v-2zM4 16h2v2H4v-2zm16 0H8v2h12v-2z\" fill=\"currentColor\"><\/path><\/svg><svg style=\"fill: #999;color:#999\" class=\"arrow-unsorted-368013\" xmlns=\"http:\/\/www.w3.org\/2000\/svg\" width=\"10px\" height=\"10px\" viewBox=\"0 0 24 24\" version=\"1.2\" baseProfile=\"tiny\"><path d=\"M18.2 9.3l-6.2-6.3-6.2 6.3c-.2.2-.3.4-.3.7s.1.5.3.7c.2.2.4.3.7.3h11c.3 0 .5-.1.7-.3.2-.2.3-.5.3-.7s-.1-.5-.3-.7zM5.8 14.7l6.2 6.3 6.2-6.3c.2-.2.3-.5.3-.7s-.1-.5-.3-.7c-.2-.2-.4-.3-.7-.3h-11c-.3 0-.5.1-.7.3-.2.2-.3.5-.3.7s.1.5.3.7z\"\/><\/svg><\/span><\/span><\/label><input type=\"checkbox\"  id=\"ez-toc-cssicon-toggle-item-69ee24c143065\"  aria-label=\"Toggle\" \/><nav><ul class='ez-toc-list ez-toc-list-level-1 ' ><li class='ez-toc-page-1 ez-toc-heading-level-2'><a class=\"ez-toc-link ez-toc-heading-1\" href=\"https:\/\/www.imobiliare.ro\/imoexpert\/brasov-constanta-iasi-preturile-apartamentelor-pe-cartiere-in-t3-2019_db\/#La_fel_ca_in_Bucuresti_Cluj-Napoca_si_Timisoara_pretentiile_vanzatorilor_de_apartamente_s-au_majorat_si_in_aceste_trei_mari_centre_regionale\" >La fel ca \u00een Bucure\u0219ti, Cluj-Napoca \u0219i Timi\u0219oara, preten\u021biile v\u00e2nz\u0103torilor de apartamente s-au majorat \u0219i \u00een aceste trei mari centre regionale.<\/a><\/li><li class='ez-toc-page-1 ez-toc-heading-level-2'><a class=\"ez-toc-link ez-toc-heading-2\" href=\"https:\/\/www.imobiliare.ro\/imoexpert\/brasov-constanta-iasi-preturile-apartamentelor-pe-cartiere-in-t3-2019_db\/#Brasov_cresteri_de_sub_4\" >Bra\u0219ov: cre\u0219teri de sub 4%<\/a><\/li><li class='ez-toc-page-1 ez-toc-heading-level-2'><a class=\"ez-toc-link ez-toc-heading-3\" href=\"https:\/\/www.imobiliare.ro\/imoexpert\/brasov-constanta-iasi-preturile-apartamentelor-pe-cartiere-in-t3-2019_db\/#Constanta_traiectorie_predominant_ascendenta\" >Constan\u021ba: traiectorie predominant ascendent\u0103<\/a><\/li><li class='ez-toc-page-1 ez-toc-heading-level-2'><a class=\"ez-toc-link ez-toc-heading-4\" href=\"https:\/\/www.imobiliare.ro\/imoexpert\/brasov-constanta-iasi-preturile-apartamentelor-pe-cartiere-in-t3-2019_db\/#Iasi_avans_anual_de_15_pentru_apartamentele_din_Copou\" >Ia\u0219i: avans anual de 1,5% pentru apartamentele din Copou<\/a><\/li><\/ul><\/nav><\/div>\n<h2><span class=\"ez-toc-section\" id=\"La_fel_ca_in_Bucuresti_Cluj-Napoca_si_Timisoara_pretentiile_vanzatorilor_de_apartamente_s-au_majorat_si_in_aceste_trei_mari_centre_regionale\"><\/span>La fel ca \u00een Bucure\u0219ti, Cluj-Napoca \u0219i Timi\u0219oara, preten\u021biile v\u00e2nz\u0103torilor de apartamente s-au majorat \u0219i \u00een aceste trei mari centre regionale.<span class=\"ez-toc-section-end\"><\/span><\/h2>\n<p>Potrivit celui mai recent raport de pia\u021b\u0103 publicat de <strong><a class=\"article-body-links\"href=\"https:\/\/www.analizeimobiliare.ro\">Analize Imobiliare<\/a><\/strong>, pre\u021burile apartamentelor au avut, trimestrul trecut, o evolu\u021bie ascendent\u0103 at\u00e2t \u00een Bra\u0219ov, c\u00e2t \u0219i \u00een Constan\u021ba \u0219i Ia\u0219i. Astfel, dup\u0103 un avans de 1,3% la trei luni, apartamentele din ora\u0219ul de la poalele T\u00e2mpei pot fi achizi\u021bionate, \u00een medie, cu 1.130 de euro pe metru p\u0103trat. Suma medie solicitat\u0103 pentru un apartament \u00een capitala Moldovei s-a majorat, \u00een perioada analizat\u0103, cu 1,1%, p\u00e2n\u0103 la o valoare de 1.010 euro pe metru p\u0103trat. Pre\u021burile apartamentelor din Constan\u021ba, pe de alt\u0103 parte, au crescut cel mai mult, respectiv cu 2,2%, p\u00e2n\u0103 la o medie de 1.160 de euro pe metru p\u0103trat util. <\/p>\n<h2><span class=\"ez-toc-section\" id=\"Brasov_cresteri_de_sub_4\"><\/span>Bra\u0219ov: cre\u0219teri de sub 4%<span class=\"ez-toc-section-end\"><\/span><\/h2>\n<p>Ca \u0219i \u00een Bucure\u0219ti sau Timi\u0219oara, \u00een majoritatea cartierelor bra\u0219ovene au avut loc cre\u0219teri de pre\u021b \u2013 acestea au fost, \u00eens\u0103, ca \u0219i \u00een cele trei luni anterioare, destul de temperate, f\u0103r\u0103 a dep\u0103\u0219i pragul de 4%. Cel mai mult, anume cu 3,1%, s-au apreciat apartamentele din Grivi\u021bei \u2013 acestea au ajuns la o medie de pre\u021b de 1.160 de euro pe metru (de la 1.120 de euro pe metru p\u0103trat trimestrul trecut). Pe de alt\u0103 parte, o sc\u0103dere semnificativ\u0103, de 8,9%, a avut loc \u00een zona Schei-Stupini (de la 1.130 la 1.030 de euro pe metru p\u0103trat), \u00een vreme ce, \u00een Centrul Istoric-Centrul Civic-Ultracentral-Dealul Cet\u0103\u021bii, preten\u021biile v\u00e2nz\u0103torilor s-au diminuat cu 1,7%.<\/p>\n<figure id=\"attachment_56834\" aria-describedby=\"caption-attachment-56834\" style=\"width: 800px\" class=\"wp-caption aligncenter\"><a class=\"article-body-links\"href=\"https:\/\/www.imobiliare.ro\/imoexpert\/wp-content\/uploads\/2019\/11\/brasov-constanta-iasi-preturile-apartamentelor-pe-cartiere-in-T3-2019-Brasov.jpg\"><img loading=\"lazy\" decoding=\"async\" src=\"https:\/\/www.imobiliare.ro\/imoexpert\/wp-content\/uploads\/2019\/11\/brasov-constanta-iasi-preturile-apartamentelor-pe-cartiere-in-T3-2019-Brasov.jpg\" alt=\"\" width=\"800\" height=\"545\" class=\"size-full wp-image-56834\" srcset=\"https:\/\/www.imobiliare.ro\/imoexpert\/wp-content\/uploads\/2019\/11\/brasov-constanta-iasi-preturile-apartamentelor-pe-cartiere-in-T3-2019-Brasov.jpg 800w, https:\/\/www.imobiliare.ro\/imoexpert\/wp-content\/uploads\/2019\/11\/brasov-constanta-iasi-preturile-apartamentelor-pe-cartiere-in-T3-2019-Brasov-300x204.jpg 300w, https:\/\/www.imobiliare.ro\/imoexpert\/wp-content\/uploads\/2019\/11\/brasov-constanta-iasi-preturile-apartamentelor-pe-cartiere-in-T3-2019-Brasov-768x523.jpg 768w\" sizes=\"auto, (max-width: 800px) 100vw, 800px\" \/><\/a><figcaption id=\"caption-attachment-56834\" class=\"wp-caption-text\">3,1% a fost cea mai mare marj\u0103 de cre\u0219tere consemnat\u0103 trimestrul trecut \u00een Bra\u0219ov<\/figcaption><\/figure>\n<p>Comparativ cu perioada similar\u0103 a anului trecut, \u00eens\u0103, apartamentele disponibile spre v\u00e2nzare sunt mai scumpe acum \u00een toate zonele Bra\u0219ovului. Spre deosebire de trimestrul anterior, marjele de cre\u0219tere sunt, \u00een majoritatea cazurilor, de o singur\u0103 cifr\u0103, cea mai mare diferen\u021b\u0103 anual\u0103, de 11%, put\u00e2nd fi observat\u0103 \u00een arealul Craiter-Triaj-H\u0103rmanului. Cea mai redus\u0103 marj\u0103 anual\u0103 de apreciere, \u00een cuantum de 3,3%, poate fi observat\u0103, pe de alt\u0103 parte, \u00een zona Noua-D\u00e2rste.<\/p>\n<h2><span class=\"ez-toc-section\" id=\"Constanta_traiectorie_predominant_ascendenta\"><\/span>Constan\u021ba: traiectorie predominant ascendent\u0103<span class=\"ez-toc-section-end\"><\/span><\/h2>\n<p>Spre deosebire de trimestrul anterior, c\u00e2nd preten\u021biile v\u00e2nz\u0103torilor stagnaser\u0103 \u00een majoritatea zonelor analizate, \u00een perioada iulie-septembrie singura stagnare a fost consemnat\u0103 \u00een zona CET-Anda. \u00cen rest, \u00een ora\u0219ul de la malul m\u0103rii au avut loc cre\u0219teri de pre\u021b, chiar dac\u0103 acestea au fost temperate, men\u021bin\u00e2ndu-se sub pragul de 3%; cel mai semnificativ avans, de 2,4%, a avut loc \u00een zona Casa de Cultur\u0103-Tomis Plus, unde a\u0219tept\u0103rile v\u00e2nz\u0103torilor au ajuns la 1.150 de euro pe metru p\u0103trat util.<\/p>\n<figure id=\"attachment_56835\" aria-describedby=\"caption-attachment-56835\" style=\"width: 800px\" class=\"wp-caption aligncenter\"><a class=\"article-body-links\"href=\"https:\/\/www.imobiliare.ro\/imoexpert\/wp-content\/uploads\/2019\/11\/brasov-constanta-iasi-preturile-apartamentelor-pe-cartiere-in-T3-2019-Constanta.jpg\"><img loading=\"lazy\" decoding=\"async\" src=\"https:\/\/www.imobiliare.ro\/imoexpert\/wp-content\/uploads\/2019\/11\/brasov-constanta-iasi-preturile-apartamentelor-pe-cartiere-in-T3-2019-Constanta.jpg\" alt=\"\" width=\"800\" height=\"536\" class=\"size-full wp-image-56835\" srcset=\"https:\/\/www.imobiliare.ro\/imoexpert\/wp-content\/uploads\/2019\/11\/brasov-constanta-iasi-preturile-apartamentelor-pe-cartiere-in-T3-2019-Constanta.jpg 800w, https:\/\/www.imobiliare.ro\/imoexpert\/wp-content\/uploads\/2019\/11\/brasov-constanta-iasi-preturile-apartamentelor-pe-cartiere-in-T3-2019-Constanta-300x201.jpg 300w, https:\/\/www.imobiliare.ro\/imoexpert\/wp-content\/uploads\/2019\/11\/brasov-constanta-iasi-preturile-apartamentelor-pe-cartiere-in-T3-2019-Constanta-768x515.jpg 768w\" sizes=\"auto, (max-width: 800px) 100vw, 800px\" \/><\/a><figcaption id=\"caption-attachment-56835\" class=\"wp-caption-text\">Spre deosebire de cele trei luni anterioare, singura stagnare a fost consemnat\u0103, \u00een perioada iulie-septembrie, \u00een zona CET-Anda<\/figcaption><\/figure>\n<p>Comparativ cu perioada similar\u0103 a anului trecut, \u00een cartierele const\u0103n\u021bene pot fi observate cre\u0219teri pe linie \u2013 \u00een mod interesant, \u00eens\u0103, nici aceste varia\u021bii nu sunt foarte mari, ci se situeaz\u0103, \u00een majoritatea cazurilor, sub pragul de 4%. Singurele excep\u021bii de la regul\u0103 \u00een aceast\u0103 privin\u021b\u0103 sunt zonele I.C. Br\u0103tianu-Br\u0103tianu-Energia (cu un plus de 4,5%, p\u00e2n\u0103 la 1.120 de euro pe metru p\u0103trat util) \u0219i Central-Ultracentral-Peninsula (+4,1%, p\u00e2n\u0103 la 1.190 de euro pe metru p\u0103trat). \u00cen arealul Falez\u0103 Nord-Trocadero-City Park Mall-Capitol-Delfinariu, care r\u0103m\u00e2ne cel mai bine cotat din ora\u0219, pre\u021burile s-au majorat cu doar 2,4% \u00een decurs de un an, ajung\u00e2nd la o medie de 1.340 de euro pe metru p\u0103trat.<\/p>\n<h2><span class=\"ez-toc-section\" id=\"Iasi_avans_anual_de_15_pentru_apartamentele_din_Copou\"><\/span>Ia\u0219i: avans anual de 1,5% pentru apartamentele din Copou<span class=\"ez-toc-section-end\"><\/span><\/h2>\n<p>Cu o singur\u0103 excep\u021bie, cartierele ie\u0219ene au consemnat evolu\u021bii pozitive ale pre\u021burilor apartamentelor \u00een perioada analizat\u0103 \u2013 \u0219i aici cre\u0219terile s-au situat, \u00eens\u0103, sub pragul de 4%. Aceast\u0103 marj\u0103 maxim\u0103 de cre\u0219tere a fost atins\u0103 \u00een zona P\u0103curari-Popas P\u0103curari-Canta, unde a\u0219tept\u0103rile v\u00e2nz\u0103torilor au ajuns la o medie de 950 de euro pe metru p\u0103trat.<\/p>\n<figure id=\"attachment_56836\" aria-describedby=\"caption-attachment-56836\" style=\"width: 800px\" class=\"wp-caption aligncenter\"><a class=\"article-body-links\"href=\"https:\/\/www.imobiliare.ro\/imoexpert\/wp-content\/uploads\/2019\/11\/brasov-constanta-iasi-preturile-apartamentelor-pe-cartiere-in-T3-2019-Iasi.jpg\"><img loading=\"lazy\" decoding=\"async\" src=\"https:\/\/www.imobiliare.ro\/imoexpert\/wp-content\/uploads\/2019\/11\/brasov-constanta-iasi-preturile-apartamentelor-pe-cartiere-in-T3-2019-Iasi.jpg\" alt=\"\" width=\"800\" height=\"500\" class=\"size-full wp-image-56836\" srcset=\"https:\/\/www.imobiliare.ro\/imoexpert\/wp-content\/uploads\/2019\/11\/brasov-constanta-iasi-preturile-apartamentelor-pe-cartiere-in-T3-2019-Iasi.jpg 800w, https:\/\/www.imobiliare.ro\/imoexpert\/wp-content\/uploads\/2019\/11\/brasov-constanta-iasi-preturile-apartamentelor-pe-cartiere-in-T3-2019-Iasi-300x188.jpg 300w, https:\/\/www.imobiliare.ro\/imoexpert\/wp-content\/uploads\/2019\/11\/brasov-constanta-iasi-preturile-apartamentelor-pe-cartiere-in-T3-2019-Iasi-768x480.jpg 768w\" sizes=\"auto, (max-width: 800px) 100vw, 800px\" \/><\/a><figcaption id=\"caption-attachment-56836\" class=\"wp-caption-text\">\u00cen capitala Moldovei, marja maxim\u0103 de cre\u0219tere a fost atins\u0103 \u00een zona P\u0103curari-Popas P\u0103curari-Canta<\/figcaption><\/figure>\n<p>Comparativ cu perioada similar\u0103 a anului trecut, pre\u021burile solicitate pentru apartamentele ie\u0219ene sunt, \u00een cele mai multe situa\u021bii, mai mari \u00een momentul de fa\u021b\u0103, cele mai semnificative diferen\u021be anuale put\u00e2nd fi observate \u00een zonele Nicolina-Cug-Frumoasa-Baza 3 (+7,9%), P\u0103curari-Popas P\u0103curari-Canta (+5,8%) \u0219i, respectiv, Podul de Fier-Moara de V\u00e2nt (+4%). \u00cen zona Copou, avansul anual (de 1,5%) este, \u00een mod interesant, mai mic dec\u00e2t cel trimestrial (care s-a cifrat la 2%).<\/p>\n","protected":false},"excerpt":{"rendered":"<p>La fel ca \u00een Bucure\u0219ti, Cluj-Napoca \u0219i Timi\u0219oara, preten\u021biile v\u00e2nz\u0103torilor de apartamente s-au majorat \u0219i \u00een aceste trei mari centre regionale. Potrivit celui mai recent raport de pia\u021b\u0103 publicat de Analize Imobiliare, pre\u021burile apartamentelor au avut, trimestrul trecut, o evolu\u021bie ascendent\u0103 at\u00e2t \u00een Bra\u0219ov, c\u00e2t \u0219i \u00een Constan\u021ba \u0219i Ia\u0219i. Astfel, dup\u0103 un avans de [&hellip;]<\/p>\n","protected":false},"author":829,"featured_media":56833,"comment_status":"open","ping_status":"open","sticky":false,"template":"","format":"standard","meta":{"footnotes":""},"categories":[259],"tags":[1864,1865,1866,1798],"content_author":[],"class_list":["post-56832","post","type-post","status-publish","format-standard","has-post-thumbnail","hentry","category-stiri","tag-apartamente-brasov","tag-apartamente-constanta","tag-apartamente-iasi","tag-preturi-apartamente-2019"],"yoast_head":"<!-- This site is optimized with the Yoast SEO Premium plugin v27.0 (Yoast SEO v27.0) - https:\/\/yoast.com\/product\/yoast-seo-premium-wordpress\/ -->\n<title>Bra\u0219ov, Constan\u021ba, Ia\u0219i: pre\u021burile apartamentelor, pe cartiere, \u00een T3 2019 - \u0218tiri - ImoExpert<\/title>\n<meta name=\"description\" content=\"La fel ca \u00een Bucure\u0219ti, Cluj-Napoca \u0219i Timi\u0219oara, preten\u021biile v\u00e2nz\u0103torilor de apartamente s-au majorat \u0219i \u00een aceste trei mari centre regionale. Potrivit\" \/>\n<meta name=\"robots\" content=\"index, follow\" \/>\n<link rel=\"canonical\" href=\"https:\/\/www.imobiliare.ro\/imoexpert\/brasov-constanta-iasi-preturile-apartamentelor-pe-cartiere-in-t3-2019_db\/\" \/>\n<meta property=\"og:locale\" content=\"ro_RO\" \/>\n<meta property=\"og:type\" content=\"article\" \/>\n<meta property=\"og:title\" content=\"Bra\u0219ov, Constan\u021ba, Ia\u0219i: pre\u021burile apartamentelor, pe cartiere, \u00een T3 2019\" \/>\n<meta property=\"og:description\" content=\"La fel ca \u00een Bucure\u0219ti, Cluj-Napoca \u0219i Timi\u0219oara, preten\u021biile v\u00e2nz\u0103torilor de apartamente s-au majorat \u0219i \u00een aceste trei mari centre regionale. Potrivit\" \/>\n<meta property=\"og:url\" content=\"https:\/\/www.imobiliare.ro\/imoexpert\/brasov-constanta-iasi-preturile-apartamentelor-pe-cartiere-in-t3-2019_db\/\" \/>\n<meta property=\"og:site_name\" content=\"ImoExpert\" \/>\n<meta property=\"article:published_time\" content=\"2019-11-19T10:03:39+00:00\" \/>\n<meta property=\"og:image\" content=\"https:\/\/www.imobiliare.ro\/imoexpert\/wp-content\/uploads\/2019\/11\/brasov-constanta-iasi-preturile-apartamentelor-pe-cartiere-in-T3-2019-0.jpg\" \/>\n\t<meta property=\"og:image:width\" content=\"800\" \/>\n\t<meta property=\"og:image:height\" content=\"533\" \/>\n\t<meta property=\"og:image:type\" content=\"image\/jpeg\" \/>\n<meta name=\"author\" content=\"Adriana Dr\u0103gu\u0219in\" \/>\n<meta name=\"twitter:card\" content=\"summary_large_image\" \/>\n<meta name=\"twitter:label1\" content=\"Written by\" \/>\n\t<meta name=\"twitter:data1\" content=\"Adriana Dr\u0103gu\u0219in\" \/>\n\t<meta name=\"twitter:label2\" content=\"Est. reading time\" \/>\n\t<meta name=\"twitter:data2\" content=\"4 minute\" \/>\n<script type=\"application\/ld+json\" class=\"yoast-schema-graph\">{\"@context\":\"https:\/\/schema.org\",\"@graph\":[{\"@type\":\"Article\",\"@id\":\"https:\/\/www.imobiliare.ro\/imoexpert\/brasov-constanta-iasi-preturile-apartamentelor-pe-cartiere-in-t3-2019_db\/#article\",\"isPartOf\":{\"@id\":\"https:\/\/www.imobiliare.ro\/imoexpert\/brasov-constanta-iasi-preturile-apartamentelor-pe-cartiere-in-t3-2019_db\/\"},\"author\":{\"name\":\"Adriana Dr\u0103gu\u0219in\",\"@id\":\"https:\/\/www.imobiliare.ro\/imoexpert\/#\/schema\/person\/8c13b0297075010b896471fabf0d7790\"},\"headline\":\"Bra\u0219ov, Constan\u021ba, Ia\u0219i: pre\u021burile apartamentelor, pe cartiere, \u00een T3 2019\",\"datePublished\":\"2019-11-19T10:03:39+00:00\",\"mainEntityOfPage\":{\"@id\":\"https:\/\/www.imobiliare.ro\/imoexpert\/brasov-constanta-iasi-preturile-apartamentelor-pe-cartiere-in-t3-2019_db\/\"},\"wordCount\":812,\"commentCount\":1,\"publisher\":{\"@id\":\"https:\/\/www.imobiliare.ro\/imoexpert\/#organization\"},\"image\":{\"@id\":\"https:\/\/www.imobiliare.ro\/imoexpert\/brasov-constanta-iasi-preturile-apartamentelor-pe-cartiere-in-t3-2019_db\/#primaryimage\"},\"thumbnailUrl\":\"https:\/\/www.imobiliare.ro\/imoexpert\/wp-content\/uploads\/2019\/11\/brasov-constanta-iasi-preturile-apartamentelor-pe-cartiere-in-T3-2019-0.jpg\",\"keywords\":[\"apartamente Brasov\",\"apartamente Constanta\",\"apartamente Iasi\",\"preturi apartamente 2019\"],\"articleSection\":[\"\u0218tiri\"],\"inLanguage\":\"en\",\"potentialAction\":[{\"@type\":\"CommentAction\",\"name\":\"Comment\",\"target\":[\"https:\/\/www.imobiliare.ro\/imoexpert\/brasov-constanta-iasi-preturile-apartamentelor-pe-cartiere-in-t3-2019_db\/#respond\"]}],\"copyrightYear\":\"2019\",\"copyrightHolder\":{\"@id\":\"https:\/\/www.imobiliare.ro\/imoexpert\/#organization\"}},{\"@type\":\"WebPage\",\"@id\":\"https:\/\/www.imobiliare.ro\/imoexpert\/brasov-constanta-iasi-preturile-apartamentelor-pe-cartiere-in-t3-2019_db\/\",\"url\":\"https:\/\/www.imobiliare.ro\/imoexpert\/brasov-constanta-iasi-preturile-apartamentelor-pe-cartiere-in-t3-2019_db\/\",\"name\":\"Bra\u0219ov, Constan\u021ba, Ia\u0219i: pre\u021burile apartamentelor, pe cartiere, \u00een T3 2019 - \u0218tiri - ImoExpert\",\"isPartOf\":{\"@id\":\"https:\/\/www.imobiliare.ro\/imoexpert\/#website\"},\"primaryImageOfPage\":{\"@id\":\"https:\/\/www.imobiliare.ro\/imoexpert\/brasov-constanta-iasi-preturile-apartamentelor-pe-cartiere-in-t3-2019_db\/#primaryimage\"},\"image\":{\"@id\":\"https:\/\/www.imobiliare.ro\/imoexpert\/brasov-constanta-iasi-preturile-apartamentelor-pe-cartiere-in-t3-2019_db\/#primaryimage\"},\"thumbnailUrl\":\"https:\/\/www.imobiliare.ro\/imoexpert\/wp-content\/uploads\/2019\/11\/brasov-constanta-iasi-preturile-apartamentelor-pe-cartiere-in-T3-2019-0.jpg\",\"datePublished\":\"2019-11-19T10:03:39+00:00\",\"description\":\"La fel ca \u00een Bucure\u0219ti, Cluj-Napoca \u0219i Timi\u0219oara, preten\u021biile v\u00e2nz\u0103torilor de apartamente s-au majorat \u0219i \u00een aceste trei mari centre regionale. Potrivit\",\"breadcrumb\":{\"@id\":\"https:\/\/www.imobiliare.ro\/imoexpert\/brasov-constanta-iasi-preturile-apartamentelor-pe-cartiere-in-t3-2019_db\/#breadcrumb\"},\"inLanguage\":\"en\",\"potentialAction\":[{\"@type\":\"ReadAction\",\"target\":[\"https:\/\/www.imobiliare.ro\/imoexpert\/brasov-constanta-iasi-preturile-apartamentelor-pe-cartiere-in-t3-2019_db\/\"]}]},{\"@type\":\"ImageObject\",\"inLanguage\":\"en\",\"@id\":\"https:\/\/www.imobiliare.ro\/imoexpert\/brasov-constanta-iasi-preturile-apartamentelor-pe-cartiere-in-t3-2019_db\/#primaryimage\",\"url\":\"https:\/\/www.imobiliare.ro\/imoexpert\/wp-content\/uploads\/2019\/11\/brasov-constanta-iasi-preturile-apartamentelor-pe-cartiere-in-T3-2019-0.jpg\",\"contentUrl\":\"https:\/\/www.imobiliare.ro\/imoexpert\/wp-content\/uploads\/2019\/11\/brasov-constanta-iasi-preturile-apartamentelor-pe-cartiere-in-T3-2019-0.jpg\",\"width\":800,\"height\":533,\"caption\":\"\u00cen toate cele trei ora\u0219e, valorile medii de listare a apartamentelor dep\u0103\u0219esc pragul de 1.000 euro\/mp\"},{\"@type\":\"BreadcrumbList\",\"@id\":\"https:\/\/www.imobiliare.ro\/imoexpert\/brasov-constanta-iasi-preturile-apartamentelor-pe-cartiere-in-t3-2019_db\/#breadcrumb\",\"itemListElement\":[{\"@type\":\"ListItem\",\"position\":1,\"name\":\"Imoradar24\",\"item\":\"https:\/\/www.imoradar24.ro\"},{\"@type\":\"ListItem\",\"position\":2,\"name\":\"ImoExpert\",\"item\":\"https:\/\/www.imobiliare.ro\/imoexpert\/\"},{\"@type\":\"ListItem\",\"position\":3,\"name\":\"\u0218tiri\",\"item\":\"https:\/\/www.imobiliare.ro\/imoexpert\/stiri\/\"},{\"@type\":\"ListItem\",\"position\":4,\"name\":\"Bra\u0219ov, Constan\u021ba, Ia\u0219i: pre\u021burile apartamentelor, pe cartiere, \u00een T3 2019\"}]},{\"@type\":\"WebSite\",\"@id\":\"https:\/\/www.imobiliare.ro\/imoexpert\/#website\",\"url\":\"https:\/\/www.imobiliare.ro\/imoexpert\/\",\"name\":\"ImoExpert\",\"description\":\"cele mai importante \u015ftiri din domeniul imobiliar\",\"publisher\":{\"@id\":\"https:\/\/www.imobiliare.ro\/imoexpert\/#organization\"},\"inLanguage\":\"en\"},{\"@type\":\"Organization\",\"@id\":\"https:\/\/www.imobiliare.ro\/imoexpert\/#organization\",\"name\":\"Imobiliare.ro\",\"alternateName\":\"Realmedia Network SA\",\"url\":\"https:\/\/www.imobiliare.ro\/imoexpert\/\",\"logo\":{\"@type\":\"ImageObject\",\"inLanguage\":\"en\",\"@id\":\"https:\/\/www.imobiliare.ro\/imoexpert\/#\/schema\/logo\/image\/\",\"url\":\"https:\/\/www.imobiliare.ro\/imoexpert\/wp-content\/uploads\/2025\/05\/imobiliare_logo.png\",\"contentUrl\":\"https:\/\/www.imobiliare.ro\/imoexpert\/wp-content\/uploads\/2025\/05\/imobiliare_logo.png\",\"width\":237,\"height\":29,\"caption\":\"Imobiliare.ro\"},\"image\":{\"@id\":\"https:\/\/www.imobiliare.ro\/imoexpert\/#\/schema\/logo\/image\/\"}},{\"@type\":\"Person\",\"@id\":\"https:\/\/www.imobiliare.ro\/imoexpert\/#\/schema\/person\/8c13b0297075010b896471fabf0d7790\",\"name\":\"Adriana Dr\u0103gu\u0219in\",\"image\":{\"@type\":\"ImageObject\",\"inLanguage\":\"en\",\"@id\":\"https:\/\/www.imobiliare.ro\/imoexpert\/#\/schema\/person\/image\/\",\"url\":\"https:\/\/secure.gravatar.com\/avatar\/ba4762f7517e50e679ed7f11207102d1150120f2f5800c0da98f8a15305bf514?s=96&d=mm&r=g\",\"contentUrl\":\"https:\/\/secure.gravatar.com\/avatar\/ba4762f7517e50e679ed7f11207102d1150120f2f5800c0da98f8a15305bf514?s=96&d=mm&r=g\",\"caption\":\"Adriana Dr\u0103gu\u0219in\"},\"jobTitle\":\"Editor\",\"url\":\"https:\/\/www.imobiliare.ro\/imoexpert\/author\/adriana-dragusin\/\"}]}<\/script>\n<!-- \/ Yoast SEO Premium plugin. -->","yoast_head_json":{"title":"Bra\u0219ov, Constan\u021ba, Ia\u0219i: pre\u021burile apartamentelor, pe cartiere, \u00een T3 2019 - \u0218tiri - ImoExpert","description":"La fel ca \u00een Bucure\u0219ti, Cluj-Napoca \u0219i Timi\u0219oara, preten\u021biile v\u00e2nz\u0103torilor de apartamente s-au majorat \u0219i \u00een aceste trei mari centre regionale. Potrivit","robots":{"index":"index","follow":"follow"},"canonical":"https:\/\/www.imobiliare.ro\/imoexpert\/brasov-constanta-iasi-preturile-apartamentelor-pe-cartiere-in-t3-2019_db\/","og_locale":"ro_RO","og_type":"article","og_title":"Bra\u0219ov, Constan\u021ba, Ia\u0219i: pre\u021burile apartamentelor, pe cartiere, \u00een T3 2019","og_description":"La fel ca \u00een Bucure\u0219ti, Cluj-Napoca \u0219i Timi\u0219oara, preten\u021biile v\u00e2nz\u0103torilor de apartamente s-au majorat \u0219i \u00een aceste trei mari centre regionale. Potrivit","og_url":"https:\/\/www.imobiliare.ro\/imoexpert\/brasov-constanta-iasi-preturile-apartamentelor-pe-cartiere-in-t3-2019_db\/","og_site_name":"ImoExpert","article_published_time":"2019-11-19T10:03:39+00:00","og_image":[{"width":800,"height":533,"url":"https:\/\/www.imobiliare.ro\/imoexpert\/wp-content\/uploads\/2019\/11\/brasov-constanta-iasi-preturile-apartamentelor-pe-cartiere-in-T3-2019-0.jpg","type":"image\/jpeg"}],"author":"Adriana Dr\u0103gu\u0219in","twitter_card":"summary_large_image","twitter_misc":{"Written by":"Adriana Dr\u0103gu\u0219in","Est. reading time":"4 minute"},"schema":{"@context":"https:\/\/schema.org","@graph":[{"@type":"Article","@id":"https:\/\/www.imobiliare.ro\/imoexpert\/brasov-constanta-iasi-preturile-apartamentelor-pe-cartiere-in-t3-2019_db\/#article","isPartOf":{"@id":"https:\/\/www.imobiliare.ro\/imoexpert\/brasov-constanta-iasi-preturile-apartamentelor-pe-cartiere-in-t3-2019_db\/"},"author":{"name":"Adriana Dr\u0103gu\u0219in","@id":"https:\/\/www.imobiliare.ro\/imoexpert\/#\/schema\/person\/8c13b0297075010b896471fabf0d7790"},"headline":"Bra\u0219ov, Constan\u021ba, Ia\u0219i: pre\u021burile apartamentelor, pe cartiere, \u00een T3 2019","datePublished":"2019-11-19T10:03:39+00:00","mainEntityOfPage":{"@id":"https:\/\/www.imobiliare.ro\/imoexpert\/brasov-constanta-iasi-preturile-apartamentelor-pe-cartiere-in-t3-2019_db\/"},"wordCount":812,"commentCount":1,"publisher":{"@id":"https:\/\/www.imobiliare.ro\/imoexpert\/#organization"},"image":{"@id":"https:\/\/www.imobiliare.ro\/imoexpert\/brasov-constanta-iasi-preturile-apartamentelor-pe-cartiere-in-t3-2019_db\/#primaryimage"},"thumbnailUrl":"https:\/\/www.imobiliare.ro\/imoexpert\/wp-content\/uploads\/2019\/11\/brasov-constanta-iasi-preturile-apartamentelor-pe-cartiere-in-T3-2019-0.jpg","keywords":["apartamente Brasov","apartamente Constanta","apartamente Iasi","preturi apartamente 2019"],"articleSection":["\u0218tiri"],"inLanguage":"en","potentialAction":[{"@type":"CommentAction","name":"Comment","target":["https:\/\/www.imobiliare.ro\/imoexpert\/brasov-constanta-iasi-preturile-apartamentelor-pe-cartiere-in-t3-2019_db\/#respond"]}],"copyrightYear":"2019","copyrightHolder":{"@id":"https:\/\/www.imobiliare.ro\/imoexpert\/#organization"}},{"@type":"WebPage","@id":"https:\/\/www.imobiliare.ro\/imoexpert\/brasov-constanta-iasi-preturile-apartamentelor-pe-cartiere-in-t3-2019_db\/","url":"https:\/\/www.imobiliare.ro\/imoexpert\/brasov-constanta-iasi-preturile-apartamentelor-pe-cartiere-in-t3-2019_db\/","name":"Bra\u0219ov, Constan\u021ba, Ia\u0219i: pre\u021burile apartamentelor, pe cartiere, \u00een T3 2019 - \u0218tiri - ImoExpert","isPartOf":{"@id":"https:\/\/www.imobiliare.ro\/imoexpert\/#website"},"primaryImageOfPage":{"@id":"https:\/\/www.imobiliare.ro\/imoexpert\/brasov-constanta-iasi-preturile-apartamentelor-pe-cartiere-in-t3-2019_db\/#primaryimage"},"image":{"@id":"https:\/\/www.imobiliare.ro\/imoexpert\/brasov-constanta-iasi-preturile-apartamentelor-pe-cartiere-in-t3-2019_db\/#primaryimage"},"thumbnailUrl":"https:\/\/www.imobiliare.ro\/imoexpert\/wp-content\/uploads\/2019\/11\/brasov-constanta-iasi-preturile-apartamentelor-pe-cartiere-in-T3-2019-0.jpg","datePublished":"2019-11-19T10:03:39+00:00","description":"La fel ca \u00een Bucure\u0219ti, Cluj-Napoca \u0219i Timi\u0219oara, preten\u021biile v\u00e2nz\u0103torilor de apartamente s-au majorat \u0219i \u00een aceste trei mari centre regionale. Potrivit","breadcrumb":{"@id":"https:\/\/www.imobiliare.ro\/imoexpert\/brasov-constanta-iasi-preturile-apartamentelor-pe-cartiere-in-t3-2019_db\/#breadcrumb"},"inLanguage":"en","potentialAction":[{"@type":"ReadAction","target":["https:\/\/www.imobiliare.ro\/imoexpert\/brasov-constanta-iasi-preturile-apartamentelor-pe-cartiere-in-t3-2019_db\/"]}]},{"@type":"ImageObject","inLanguage":"en","@id":"https:\/\/www.imobiliare.ro\/imoexpert\/brasov-constanta-iasi-preturile-apartamentelor-pe-cartiere-in-t3-2019_db\/#primaryimage","url":"https:\/\/www.imobiliare.ro\/imoexpert\/wp-content\/uploads\/2019\/11\/brasov-constanta-iasi-preturile-apartamentelor-pe-cartiere-in-T3-2019-0.jpg","contentUrl":"https:\/\/www.imobiliare.ro\/imoexpert\/wp-content\/uploads\/2019\/11\/brasov-constanta-iasi-preturile-apartamentelor-pe-cartiere-in-T3-2019-0.jpg","width":800,"height":533,"caption":"\u00cen toate cele trei ora\u0219e, valorile medii de listare a apartamentelor dep\u0103\u0219esc pragul de 1.000 euro\/mp"},{"@type":"BreadcrumbList","@id":"https:\/\/www.imobiliare.ro\/imoexpert\/brasov-constanta-iasi-preturile-apartamentelor-pe-cartiere-in-t3-2019_db\/#breadcrumb","itemListElement":[{"@type":"ListItem","position":1,"name":"Imoradar24","item":"https:\/\/www.imoradar24.ro"},{"@type":"ListItem","position":2,"name":"ImoExpert","item":"https:\/\/www.imobiliare.ro\/imoexpert\/"},{"@type":"ListItem","position":3,"name":"\u0218tiri","item":"https:\/\/www.imobiliare.ro\/imoexpert\/stiri\/"},{"@type":"ListItem","position":4,"name":"Bra\u0219ov, Constan\u021ba, Ia\u0219i: pre\u021burile apartamentelor, pe cartiere, \u00een T3 2019"}]},{"@type":"WebSite","@id":"https:\/\/www.imobiliare.ro\/imoexpert\/#website","url":"https:\/\/www.imobiliare.ro\/imoexpert\/","name":"ImoExpert","description":"cele mai importante \u015ftiri din domeniul imobiliar","publisher":{"@id":"https:\/\/www.imobiliare.ro\/imoexpert\/#organization"},"inLanguage":"en"},{"@type":"Organization","@id":"https:\/\/www.imobiliare.ro\/imoexpert\/#organization","name":"Imobiliare.ro","alternateName":"Realmedia Network SA","url":"https:\/\/www.imobiliare.ro\/imoexpert\/","logo":{"@type":"ImageObject","inLanguage":"en","@id":"https:\/\/www.imobiliare.ro\/imoexpert\/#\/schema\/logo\/image\/","url":"https:\/\/www.imobiliare.ro\/imoexpert\/wp-content\/uploads\/2025\/05\/imobiliare_logo.png","contentUrl":"https:\/\/www.imobiliare.ro\/imoexpert\/wp-content\/uploads\/2025\/05\/imobiliare_logo.png","width":237,"height":29,"caption":"Imobiliare.ro"},"image":{"@id":"https:\/\/www.imobiliare.ro\/imoexpert\/#\/schema\/logo\/image\/"}},{"@type":"Person","@id":"https:\/\/www.imobiliare.ro\/imoexpert\/#\/schema\/person\/8c13b0297075010b896471fabf0d7790","name":"Adriana Dr\u0103gu\u0219in","image":{"@type":"ImageObject","inLanguage":"en","@id":"https:\/\/www.imobiliare.ro\/imoexpert\/#\/schema\/person\/image\/","url":"https:\/\/secure.gravatar.com\/avatar\/ba4762f7517e50e679ed7f11207102d1150120f2f5800c0da98f8a15305bf514?s=96&d=mm&r=g","contentUrl":"https:\/\/secure.gravatar.com\/avatar\/ba4762f7517e50e679ed7f11207102d1150120f2f5800c0da98f8a15305bf514?s=96&d=mm&r=g","caption":"Adriana Dr\u0103gu\u0219in"},"jobTitle":"Editor","url":"https:\/\/www.imobiliare.ro\/imoexpert\/author\/adriana-dragusin\/"}]}},"_links":{"self":[{"href":"https:\/\/www.imobiliare.ro\/imoexpert\/wp-json\/wp\/v2\/posts\/56832","targetHints":{"allow":["GET"]}}],"collection":[{"href":"https:\/\/www.imobiliare.ro\/imoexpert\/wp-json\/wp\/v2\/posts"}],"about":[{"href":"https:\/\/www.imobiliare.ro\/imoexpert\/wp-json\/wp\/v2\/types\/post"}],"author":[{"embeddable":true,"href":"https:\/\/www.imobiliare.ro\/imoexpert\/wp-json\/wp\/v2\/users\/829"}],"replies":[{"embeddable":true,"href":"https:\/\/www.imobiliare.ro\/imoexpert\/wp-json\/wp\/v2\/comments?post=56832"}],"version-history":[{"count":0,"href":"https:\/\/www.imobiliare.ro\/imoexpert\/wp-json\/wp\/v2\/posts\/56832\/revisions"}],"wp:featuredmedia":[{"embeddable":true,"href":"https:\/\/www.imobiliare.ro\/imoexpert\/wp-json\/wp\/v2\/media\/56833"}],"wp:attachment":[{"href":"https:\/\/www.imobiliare.ro\/imoexpert\/wp-json\/wp\/v2\/media?parent=56832"}],"wp:term":[{"taxonomy":"category","embeddable":true,"href":"https:\/\/www.imobiliare.ro\/imoexpert\/wp-json\/wp\/v2\/categories?post=56832"},{"taxonomy":"post_tag","embeddable":true,"href":"https:\/\/www.imobiliare.ro\/imoexpert\/wp-json\/wp\/v2\/tags?post=56832"},{"taxonomy":"content_author","embeddable":true,"href":"https:\/\/www.imobiliare.ro\/imoexpert\/wp-json\/wp\/v2\/content_author?post=56832"}],"curies":[{"name":"wp","href":"https:\/\/api.w.org\/{rel}","templated":true}]}}