{"id":56938,"date":"2019-11-28T17:23:17","date_gmt":"2019-11-28T15:23:17","guid":{"rendered":"https:\/\/www.imobiliare.ro\/imoexpert\/?p=56938"},"modified":"2019-11-28T17:23:17","modified_gmt":"2019-11-28T15:23:17","slug":"imobiliare-ro-castiga-trofeul-pentru-inovatie-in-imobiliare-la-gala-premiilor-real-estate-2019","status":"publish","type":"post","link":"https:\/\/www.imobiliare.ro\/imoexpert\/imobiliare-ro-castiga-trofeul-pentru-inovatie-in-imobiliare-la-gala-premiilor-real-estate-2019_db\/","title":{"rendered":"Imobiliare.ro c\u00e2\u0219tig\u0103 trofeul pentru \u201eInova\u021bie \u00een imobiliare\u201d la Gala Premiilor Real Estate 2019"},"content":{"rendered":"<h2><a class=\"article-body-links\"href=\"https:\/\/www.imobiliare.ro\/imoexpert\/imobiliare-ro-castiga-trofeul-pentru-inovatie-in-imobiliare-la-gala-premiilor-real-estate-2019_db\/sdr\/\" rel=\"attachment wp-att-56940\"><img loading=\"lazy\" decoding=\"async\" class=\"alignnone size-large wp-image-56940\" src=\"https:\/\/www.imobiliare.ro\/imoexpert\/wp-content\/uploads\/2019\/11\/trofeu-real-estate-magazine-1024x631.jpg\" alt=\"\" width=\"1024\" height=\"631\" srcset=\"https:\/\/www.imobiliare.ro\/imoexpert\/wp-content\/uploads\/2019\/11\/trofeu-real-estate-magazine-1024x631.jpg 1024w, https:\/\/www.imobiliare.ro\/imoexpert\/wp-content\/uploads\/2019\/11\/trofeu-real-estate-magazine-300x185.jpg 300w, https:\/\/www.imobiliare.ro\/imoexpert\/wp-content\/uploads\/2019\/11\/trofeu-real-estate-magazine-768x473.jpg 768w, https:\/\/www.imobiliare.ro\/imoexpert\/wp-content\/uploads\/2019\/11\/trofeu-real-estate-magazine-1536x946.jpg 1536w, https:\/\/www.imobiliare.ro\/imoexpert\/wp-content\/uploads\/2019\/11\/trofeu-real-estate-magazine-2048x1261.jpg 2048w\" sizes=\"auto, (max-width: 1024px) 100vw, 1024px\" \/><\/a><\/h2>\n<h2><strong><span style=\"color: #ff0000;\">Imobiliare.ro<\/span>\u00a0a c\u00e2\u0219tigat trofeul oferit la categoria \u201eInova\u021bie \u00een imobiliare\u201d \u00een cadrul Galei Premiilor Real Estate, eveniment organizat de Real Estate Magazine, una dintre ele mai puternice publica\u021bii de profil din Rom\u00e2nia.<\/strong><\/h2>\n<p>Imobiliare.ro a concurat la aceast\u0103 categorie cu al\u021bi cinci juc\u0103tori cu rezultate \u0219i proiecte care au f\u0103cut cu adev\u0103rat diferen\u021ba \u00een real estate-ul rom\u00e2nesc. Celelalte branduri nominalizate au fost PropTech Rom\u00e2nia, Crowdestate, Casta, LOFT Green Apartments \u0219i myhive.<\/p>\n<p>Aspectele luate \u00een considerare de c\u0103tre juriul alc\u0103tuit din profesioni\u0219ti \u00een imobiliare \u00een alegerea c\u00e2\u0219tig\u0103torului au fost \u2013 inova\u021bia, tehnologia, investi\u021biile realizate, impactul avut asupra sectorului \u0219i scalabilitatea.<\/p>\n<p><a class=\"article-body-links\"href=\"https:\/\/www.imobiliare.ro\/imoexpert\/imobiliare-ro-castiga-trofeul-pentru-inovatie-in-imobiliare-la-gala-premiilor-real-estate-2019_db\/dsc_0075-copy\/\" rel=\"attachment wp-att-56939\"><img loading=\"lazy\" decoding=\"async\" class=\"alignnone size-large wp-image-56939\" src=\"https:\/\/www.imobiliare.ro\/imoexpert\/wp-content\/uploads\/2019\/11\/DSC_0075-copy-1024x683.jpg\" alt=\"\" width=\"1024\" height=\"683\" srcset=\"https:\/\/www.imobiliare.ro\/imoexpert\/wp-content\/uploads\/2019\/11\/DSC_0075-copy-1024x683.jpg 1024w, https:\/\/www.imobiliare.ro\/imoexpert\/wp-content\/uploads\/2019\/11\/DSC_0075-copy-300x200.jpg 300w, https:\/\/www.imobiliare.ro\/imoexpert\/wp-content\/uploads\/2019\/11\/DSC_0075-copy-768x512.jpg 768w, https:\/\/www.imobiliare.ro\/imoexpert\/wp-content\/uploads\/2019\/11\/DSC_0075-copy-1536x1024.jpg 1536w, https:\/\/www.imobiliare.ro\/imoexpert\/wp-content\/uploads\/2019\/11\/DSC_0075-copy.jpg 2048w\" sizes=\"auto, (max-width: 1024px) 100vw, 1024px\" \/><\/a><\/p>\n<p>Membrii juriului Galei Premiilor Real Estate 2019 au fost Fulga Dinu (Immofinanz), Ema Iftimie (Globalworth), Carmen Ravon (CBRE), Oana Weinstein Tabacu (Real Estate Magazine) \u0219i Ovidiu Po\u0219irc\u0103 (Real Estate Magazine).<\/p>\n<p>La evenimentul organizat, pe 27 noiembrie \u00een Bucure\u0219ti, au fost a\u0219tepta\u021bi s\u0103 participe 500 dintre cei mai activi dezvoltatori, antreprenori, investitori, furnizori, arhitec\u021bi, designeri, dar \u0219i reprezentan\u021bi ai unor agen\u021bii de top, consultan\u021bi imobiliari, constructori \u0219i finan\u021bi\u0219ti.<\/p>\n<p><span style=\"color: #ff0000;\"><strong>Imobiliare.ro<\/strong><\/span>\u00a0a fost lansat \u00een ianuarie 2000 \u0219i este primul \u0219i cel mai accesat portal imobiliar din Rom\u00e2nia, cu cea mai mare baz\u0103 de oferte din toate categoriile imobiliare \u0219i cu peste 1,62 milioane de vizitatori unici lunar.<\/p>\n","protected":false},"excerpt":{"rendered":"<p>Imobiliare.ro\u00a0a c\u00e2\u0219tigat trofeul oferit la categoria \u201eInova\u021bie \u00een imobiliare\u201d \u00een cadrul Galei Premiilor Real Estate, eveniment organizat de Real Estate Magazine, una dintre ele mai puternice publica\u021bii de profil din Rom\u00e2nia. Imobiliare.ro a concurat la aceast\u0103 categorie cu al\u021bi cinci juc\u0103tori cu rezultate \u0219i proiecte care au f\u0103cut cu adev\u0103rat diferen\u021ba \u00een real estate-ul rom\u00e2nesc. [&hellip;]<\/p>\n","protected":false},"author":5891,"featured_media":56940,"comment_status":"open","ping_status":"open","sticky":false,"template":"","format":"standard","meta":{"footnotes":""},"categories":[259],"tags":[806,1534],"content_author":[],"class_list":["post-56938","post","type-post","status-publish","format-standard","has-post-thumbnail","hentry","category-stiri","tag-imobiliare-ro","tag-premii"],"yoast_head":"<!-- This site is optimized with the Yoast SEO Premium plugin v27.0 (Yoast SEO v27.0) - https:\/\/yoast.com\/product\/yoast-seo-premium-wordpress\/ -->\n<title>Imobiliare.ro c\u00e2\u0219tig\u0103 trofeul pentru \u201eInova\u021bie \u00een imobiliare\u201d la Gala Premiilor Real Estate 2019 - \u0218tiri - ImoExpert<\/title>\n<meta name=\"description\" content=\"Imobiliare.ro\u00a0a c\u00e2\u0219tigat trofeul oferit la categoria \u201eInova\u021bie \u00een imobiliare\u201d \u00een cadrul Galei Premiilor Real Estate, eveniment organizat de Real Estate\" \/>\n<meta name=\"robots\" content=\"index, follow\" \/>\n<link rel=\"canonical\" href=\"https:\/\/www.imobiliare.ro\/imoexpert\/imobiliare-ro-castiga-trofeul-pentru-inovatie-in-imobiliare-la-gala-premiilor-real-estate-2019_db\/\" \/>\n<meta property=\"og:locale\" content=\"ro_RO\" \/>\n<meta property=\"og:type\" content=\"article\" \/>\n<meta property=\"og:title\" content=\"Imobiliare.ro c\u00e2\u0219tig\u0103 trofeul pentru \u201eInova\u021bie \u00een imobiliare\u201d la Gala Premiilor Real Estate 2019\" \/>\n<meta property=\"og:description\" content=\"Imobiliare.ro\u00a0a c\u00e2\u0219tigat trofeul oferit la categoria \u201eInova\u021bie \u00een imobiliare\u201d \u00een cadrul Galei Premiilor Real Estate, eveniment organizat de Real Estate\" \/>\n<meta property=\"og:url\" content=\"https:\/\/www.imobiliare.ro\/imoexpert\/imobiliare-ro-castiga-trofeul-pentru-inovatie-in-imobiliare-la-gala-premiilor-real-estate-2019_db\/\" \/>\n<meta property=\"og:site_name\" content=\"ImoExpert\" \/>\n<meta property=\"article:published_time\" content=\"2019-11-28T15:23:17+00:00\" \/>\n<meta property=\"og:image\" content=\"https:\/\/www.imobiliare.ro\/imoexpert\/wp-content\/uploads\/2019\/11\/trofeu-real-estate-magazine-scaled.jpg\" \/>\n\t<meta property=\"og:image:width\" content=\"2560\" \/>\n\t<meta property=\"og:image:height\" content=\"1576\" \/>\n\t<meta property=\"og:image:type\" content=\"image\/jpeg\" \/>\n<meta name=\"author\" content=\"Corina V\u00e2rlan\" \/>\n<meta name=\"twitter:card\" content=\"summary_large_image\" \/>\n<meta name=\"twitter:label1\" content=\"Written by\" \/>\n\t<meta name=\"twitter:data1\" content=\"Corina V\u00e2rlan\" \/>\n\t<meta name=\"twitter:label2\" content=\"Est. reading time\" \/>\n\t<meta name=\"twitter:data2\" content=\"1 minut\" \/>\n<script type=\"application\/ld+json\" class=\"yoast-schema-graph\">{\"@context\":\"https:\/\/schema.org\",\"@graph\":[{\"@type\":\"Article\",\"@id\":\"https:\/\/www.imobiliare.ro\/imoexpert\/imobiliare-ro-castiga-trofeul-pentru-inovatie-in-imobiliare-la-gala-premiilor-real-estate-2019_db\/#article\",\"isPartOf\":{\"@id\":\"https:\/\/www.imobiliare.ro\/imoexpert\/imobiliare-ro-castiga-trofeul-pentru-inovatie-in-imobiliare-la-gala-premiilor-real-estate-2019_db\/\"},\"author\":{\"name\":\"Corina V\u00e2rlan\",\"@id\":\"https:\/\/www.imobiliare.ro\/imoexpert\/#\/schema\/person\/9ffdfbf24b82f39fc75a2fc6c19e4e99\"},\"headline\":\"Imobiliare.ro c\u00e2\u0219tig\u0103 trofeul pentru \u201eInova\u021bie \u00een imobiliare\u201d la Gala Premiilor Real Estate 2019\",\"datePublished\":\"2019-11-28T15:23:17+00:00\",\"mainEntityOfPage\":{\"@id\":\"https:\/\/www.imobiliare.ro\/imoexpert\/imobiliare-ro-castiga-trofeul-pentru-inovatie-in-imobiliare-la-gala-premiilor-real-estate-2019_db\/\"},\"wordCount\":244,\"commentCount\":0,\"publisher\":{\"@id\":\"https:\/\/www.imobiliare.ro\/imoexpert\/#organization\"},\"image\":{\"@id\":\"https:\/\/www.imobiliare.ro\/imoexpert\/imobiliare-ro-castiga-trofeul-pentru-inovatie-in-imobiliare-la-gala-premiilor-real-estate-2019_db\/#primaryimage\"},\"thumbnailUrl\":\"https:\/\/www.imobiliare.ro\/imoexpert\/wp-content\/uploads\/2019\/11\/trofeu-real-estate-magazine-scaled.jpg\",\"keywords\":[\"Imobiliare.ro\",\"premii\"],\"articleSection\":[\"\u0218tiri\"],\"inLanguage\":\"en\",\"potentialAction\":[{\"@type\":\"CommentAction\",\"name\":\"Comment\",\"target\":[\"https:\/\/www.imobiliare.ro\/imoexpert\/imobiliare-ro-castiga-trofeul-pentru-inovatie-in-imobiliare-la-gala-premiilor-real-estate-2019_db\/#respond\"]}],\"copyrightYear\":\"2019\",\"copyrightHolder\":{\"@id\":\"https:\/\/www.imobiliare.ro\/imoexpert\/#organization\"}},{\"@type\":\"WebPage\",\"@id\":\"https:\/\/www.imobiliare.ro\/imoexpert\/imobiliare-ro-castiga-trofeul-pentru-inovatie-in-imobiliare-la-gala-premiilor-real-estate-2019_db\/\",\"url\":\"https:\/\/www.imobiliare.ro\/imoexpert\/imobiliare-ro-castiga-trofeul-pentru-inovatie-in-imobiliare-la-gala-premiilor-real-estate-2019_db\/\",\"name\":\"Imobiliare.ro c\u00e2\u0219tig\u0103 trofeul pentru \u201eInova\u021bie \u00een imobiliare\u201d la Gala Premiilor Real Estate 2019 - \u0218tiri - ImoExpert\",\"isPartOf\":{\"@id\":\"https:\/\/www.imobiliare.ro\/imoexpert\/#website\"},\"primaryImageOfPage\":{\"@id\":\"https:\/\/www.imobiliare.ro\/imoexpert\/imobiliare-ro-castiga-trofeul-pentru-inovatie-in-imobiliare-la-gala-premiilor-real-estate-2019_db\/#primaryimage\"},\"image\":{\"@id\":\"https:\/\/www.imobiliare.ro\/imoexpert\/imobiliare-ro-castiga-trofeul-pentru-inovatie-in-imobiliare-la-gala-premiilor-real-estate-2019_db\/#primaryimage\"},\"thumbnailUrl\":\"https:\/\/www.imobiliare.ro\/imoexpert\/wp-content\/uploads\/2019\/11\/trofeu-real-estate-magazine-scaled.jpg\",\"datePublished\":\"2019-11-28T15:23:17+00:00\",\"description\":\"Imobiliare.ro\u00a0a c\u00e2\u0219tigat trofeul oferit la categoria \u201eInova\u021bie \u00een imobiliare\u201d \u00een cadrul Galei Premiilor Real Estate, eveniment organizat de Real Estate\",\"breadcrumb\":{\"@id\":\"https:\/\/www.imobiliare.ro\/imoexpert\/imobiliare-ro-castiga-trofeul-pentru-inovatie-in-imobiliare-la-gala-premiilor-real-estate-2019_db\/#breadcrumb\"},\"inLanguage\":\"en\",\"potentialAction\":[{\"@type\":\"ReadAction\",\"target\":[\"https:\/\/www.imobiliare.ro\/imoexpert\/imobiliare-ro-castiga-trofeul-pentru-inovatie-in-imobiliare-la-gala-premiilor-real-estate-2019_db\/\"]}]},{\"@type\":\"ImageObject\",\"inLanguage\":\"en\",\"@id\":\"https:\/\/www.imobiliare.ro\/imoexpert\/imobiliare-ro-castiga-trofeul-pentru-inovatie-in-imobiliare-la-gala-premiilor-real-estate-2019_db\/#primaryimage\",\"url\":\"https:\/\/www.imobiliare.ro\/imoexpert\/wp-content\/uploads\/2019\/11\/trofeu-real-estate-magazine-scaled.jpg\",\"contentUrl\":\"https:\/\/www.imobiliare.ro\/imoexpert\/wp-content\/uploads\/2019\/11\/trofeu-real-estate-magazine-scaled.jpg\",\"width\":2560,\"height\":1576},{\"@type\":\"BreadcrumbList\",\"@id\":\"https:\/\/www.imobiliare.ro\/imoexpert\/imobiliare-ro-castiga-trofeul-pentru-inovatie-in-imobiliare-la-gala-premiilor-real-estate-2019_db\/#breadcrumb\",\"itemListElement\":[{\"@type\":\"ListItem\",\"position\":1,\"name\":\"Imoradar24\",\"item\":\"https:\/\/www.imoradar24.ro\"},{\"@type\":\"ListItem\",\"position\":2,\"name\":\"ImoExpert\",\"item\":\"https:\/\/www.imobiliare.ro\/imoexpert\/\"},{\"@type\":\"ListItem\",\"position\":3,\"name\":\"\u0218tiri\",\"item\":\"https:\/\/www.imobiliare.ro\/imoexpert\/stiri\/\"},{\"@type\":\"ListItem\",\"position\":4,\"name\":\"Imobiliare.ro c\u00e2\u0219tig\u0103 trofeul pentru \u201eInova\u021bie \u00een imobiliare\u201d la Gala Premiilor Real Estate 2019\"}]},{\"@type\":\"WebSite\",\"@id\":\"https:\/\/www.imobiliare.ro\/imoexpert\/#website\",\"url\":\"https:\/\/www.imobiliare.ro\/imoexpert\/\",\"name\":\"ImoExpert\",\"description\":\"cele mai importante \u015ftiri din domeniul imobiliar\",\"publisher\":{\"@id\":\"https:\/\/www.imobiliare.ro\/imoexpert\/#organization\"},\"inLanguage\":\"en\"},{\"@type\":\"Organization\",\"@id\":\"https:\/\/www.imobiliare.ro\/imoexpert\/#organization\",\"name\":\"Imobiliare.ro\",\"alternateName\":\"Realmedia Network SA\",\"url\":\"https:\/\/www.imobiliare.ro\/imoexpert\/\",\"logo\":{\"@type\":\"ImageObject\",\"inLanguage\":\"en\",\"@id\":\"https:\/\/www.imobiliare.ro\/imoexpert\/#\/schema\/logo\/image\/\",\"url\":\"https:\/\/www.imobiliare.ro\/imoexpert\/wp-content\/uploads\/2025\/05\/imobiliare_logo.png\",\"contentUrl\":\"https:\/\/www.imobiliare.ro\/imoexpert\/wp-content\/uploads\/2025\/05\/imobiliare_logo.png\",\"width\":237,\"height\":29,\"caption\":\"Imobiliare.ro\"},\"image\":{\"@id\":\"https:\/\/www.imobiliare.ro\/imoexpert\/#\/schema\/logo\/image\/\"}},{\"@type\":\"Person\",\"@id\":\"https:\/\/www.imobiliare.ro\/imoexpert\/#\/schema\/person\/9ffdfbf24b82f39fc75a2fc6c19e4e99\",\"name\":\"Corina V\u00e2rlan\",\"image\":{\"@type\":\"ImageObject\",\"inLanguage\":\"en\",\"@id\":\"https:\/\/www.imobiliare.ro\/imoexpert\/#\/schema\/person\/image\/\",\"url\":\"https:\/\/www.imobiliare.ro\/imoexpert\/wp-content\/uploads\/2026\/02\/12-02-2025-5-rezumat-brasov-thumb-reels-1-1-96x96.png\",\"contentUrl\":\"https:\/\/www.imobiliare.ro\/imoexpert\/wp-content\/uploads\/2026\/02\/12-02-2025-5-rezumat-brasov-thumb-reels-1-1-96x96.png\",\"caption\":\"Corina V\u00e2rlan\"},\"description\":\"Cu o experien\u021b\u0103 de 14 ani \u00een presa online, comunicare \u0219i content marketing, Corina V\u00e2rlan s-a al\u0103turat echipei Imobiliare.ro \u00een urm\u0103 cu 8 ani \u0219i ocup\u0103, \u00een prezent, func\u021bia de Content Manager. Ea este gazda emisiunii \\\"\u00centreab\u0103 expertul\\\" \u0219i a seriei 5 \u0218tiri Imobiliare.ro, realizate \u00een parteneriat cu Libertatea. Corina \u00ee\u0219i concentreaz\u0103 activitatea pe analiza datelor de pia\u021b\u0103 \u0219i pe subiecte de interes at\u00e2t pentru cei afla\u021bi \u00een c\u0103utarea unei locuin\u021be, c\u00e2t \u0219i pentru proprietari sau chiria\u0219i.\",\"alternateName\":\"Corina\",\"jobTitle\":\"Content Manager\",\"url\":\"https:\/\/www.imobiliare.ro\/imoexpert\/author\/corina-varlan\/\"}]}<\/script>\n<!-- \/ Yoast SEO Premium plugin. -->","yoast_head_json":{"title":"Imobiliare.ro c\u00e2\u0219tig\u0103 trofeul pentru \u201eInova\u021bie \u00een imobiliare\u201d la Gala Premiilor Real Estate 2019 - \u0218tiri - ImoExpert","description":"Imobiliare.ro\u00a0a c\u00e2\u0219tigat trofeul oferit la categoria \u201eInova\u021bie \u00een imobiliare\u201d \u00een cadrul Galei Premiilor Real Estate, eveniment organizat de Real Estate","robots":{"index":"index","follow":"follow"},"canonical":"https:\/\/www.imobiliare.ro\/imoexpert\/imobiliare-ro-castiga-trofeul-pentru-inovatie-in-imobiliare-la-gala-premiilor-real-estate-2019_db\/","og_locale":"ro_RO","og_type":"article","og_title":"Imobiliare.ro c\u00e2\u0219tig\u0103 trofeul pentru \u201eInova\u021bie \u00een imobiliare\u201d la Gala Premiilor Real Estate 2019","og_description":"Imobiliare.ro\u00a0a c\u00e2\u0219tigat trofeul oferit la categoria \u201eInova\u021bie \u00een imobiliare\u201d \u00een cadrul Galei Premiilor Real Estate, eveniment organizat de Real Estate","og_url":"https:\/\/www.imobiliare.ro\/imoexpert\/imobiliare-ro-castiga-trofeul-pentru-inovatie-in-imobiliare-la-gala-premiilor-real-estate-2019_db\/","og_site_name":"ImoExpert","article_published_time":"2019-11-28T15:23:17+00:00","og_image":[{"width":2560,"height":1576,"url":"https:\/\/www.imobiliare.ro\/imoexpert\/wp-content\/uploads\/2019\/11\/trofeu-real-estate-magazine-scaled.jpg","type":"image\/jpeg"}],"author":"Corina V\u00e2rlan","twitter_card":"summary_large_image","twitter_misc":{"Written by":"Corina V\u00e2rlan","Est. reading time":"1 minut"},"schema":{"@context":"https:\/\/schema.org","@graph":[{"@type":"Article","@id":"https:\/\/www.imobiliare.ro\/imoexpert\/imobiliare-ro-castiga-trofeul-pentru-inovatie-in-imobiliare-la-gala-premiilor-real-estate-2019_db\/#article","isPartOf":{"@id":"https:\/\/www.imobiliare.ro\/imoexpert\/imobiliare-ro-castiga-trofeul-pentru-inovatie-in-imobiliare-la-gala-premiilor-real-estate-2019_db\/"},"author":{"name":"Corina V\u00e2rlan","@id":"https:\/\/www.imobiliare.ro\/imoexpert\/#\/schema\/person\/9ffdfbf24b82f39fc75a2fc6c19e4e99"},"headline":"Imobiliare.ro c\u00e2\u0219tig\u0103 trofeul pentru \u201eInova\u021bie \u00een imobiliare\u201d la Gala Premiilor Real Estate 2019","datePublished":"2019-11-28T15:23:17+00:00","mainEntityOfPage":{"@id":"https:\/\/www.imobiliare.ro\/imoexpert\/imobiliare-ro-castiga-trofeul-pentru-inovatie-in-imobiliare-la-gala-premiilor-real-estate-2019_db\/"},"wordCount":244,"commentCount":0,"publisher":{"@id":"https:\/\/www.imobiliare.ro\/imoexpert\/#organization"},"image":{"@id":"https:\/\/www.imobiliare.ro\/imoexpert\/imobiliare-ro-castiga-trofeul-pentru-inovatie-in-imobiliare-la-gala-premiilor-real-estate-2019_db\/#primaryimage"},"thumbnailUrl":"https:\/\/www.imobiliare.ro\/imoexpert\/wp-content\/uploads\/2019\/11\/trofeu-real-estate-magazine-scaled.jpg","keywords":["Imobiliare.ro","premii"],"articleSection":["\u0218tiri"],"inLanguage":"en","potentialAction":[{"@type":"CommentAction","name":"Comment","target":["https:\/\/www.imobiliare.ro\/imoexpert\/imobiliare-ro-castiga-trofeul-pentru-inovatie-in-imobiliare-la-gala-premiilor-real-estate-2019_db\/#respond"]}],"copyrightYear":"2019","copyrightHolder":{"@id":"https:\/\/www.imobiliare.ro\/imoexpert\/#organization"}},{"@type":"WebPage","@id":"https:\/\/www.imobiliare.ro\/imoexpert\/imobiliare-ro-castiga-trofeul-pentru-inovatie-in-imobiliare-la-gala-premiilor-real-estate-2019_db\/","url":"https:\/\/www.imobiliare.ro\/imoexpert\/imobiliare-ro-castiga-trofeul-pentru-inovatie-in-imobiliare-la-gala-premiilor-real-estate-2019_db\/","name":"Imobiliare.ro c\u00e2\u0219tig\u0103 trofeul pentru \u201eInova\u021bie \u00een imobiliare\u201d la Gala Premiilor Real Estate 2019 - \u0218tiri - ImoExpert","isPartOf":{"@id":"https:\/\/www.imobiliare.ro\/imoexpert\/#website"},"primaryImageOfPage":{"@id":"https:\/\/www.imobiliare.ro\/imoexpert\/imobiliare-ro-castiga-trofeul-pentru-inovatie-in-imobiliare-la-gala-premiilor-real-estate-2019_db\/#primaryimage"},"image":{"@id":"https:\/\/www.imobiliare.ro\/imoexpert\/imobiliare-ro-castiga-trofeul-pentru-inovatie-in-imobiliare-la-gala-premiilor-real-estate-2019_db\/#primaryimage"},"thumbnailUrl":"https:\/\/www.imobiliare.ro\/imoexpert\/wp-content\/uploads\/2019\/11\/trofeu-real-estate-magazine-scaled.jpg","datePublished":"2019-11-28T15:23:17+00:00","description":"Imobiliare.ro\u00a0a c\u00e2\u0219tigat trofeul oferit la categoria \u201eInova\u021bie \u00een imobiliare\u201d \u00een cadrul Galei Premiilor Real Estate, eveniment organizat de Real Estate","breadcrumb":{"@id":"https:\/\/www.imobiliare.ro\/imoexpert\/imobiliare-ro-castiga-trofeul-pentru-inovatie-in-imobiliare-la-gala-premiilor-real-estate-2019_db\/#breadcrumb"},"inLanguage":"en","potentialAction":[{"@type":"ReadAction","target":["https:\/\/www.imobiliare.ro\/imoexpert\/imobiliare-ro-castiga-trofeul-pentru-inovatie-in-imobiliare-la-gala-premiilor-real-estate-2019_db\/"]}]},{"@type":"ImageObject","inLanguage":"en","@id":"https:\/\/www.imobiliare.ro\/imoexpert\/imobiliare-ro-castiga-trofeul-pentru-inovatie-in-imobiliare-la-gala-premiilor-real-estate-2019_db\/#primaryimage","url":"https:\/\/www.imobiliare.ro\/imoexpert\/wp-content\/uploads\/2019\/11\/trofeu-real-estate-magazine-scaled.jpg","contentUrl":"https:\/\/www.imobiliare.ro\/imoexpert\/wp-content\/uploads\/2019\/11\/trofeu-real-estate-magazine-scaled.jpg","width":2560,"height":1576},{"@type":"BreadcrumbList","@id":"https:\/\/www.imobiliare.ro\/imoexpert\/imobiliare-ro-castiga-trofeul-pentru-inovatie-in-imobiliare-la-gala-premiilor-real-estate-2019_db\/#breadcrumb","itemListElement":[{"@type":"ListItem","position":1,"name":"Imoradar24","item":"https:\/\/www.imoradar24.ro"},{"@type":"ListItem","position":2,"name":"ImoExpert","item":"https:\/\/www.imobiliare.ro\/imoexpert\/"},{"@type":"ListItem","position":3,"name":"\u0218tiri","item":"https:\/\/www.imobiliare.ro\/imoexpert\/stiri\/"},{"@type":"ListItem","position":4,"name":"Imobiliare.ro c\u00e2\u0219tig\u0103 trofeul pentru \u201eInova\u021bie \u00een imobiliare\u201d la Gala Premiilor Real Estate 2019"}]},{"@type":"WebSite","@id":"https:\/\/www.imobiliare.ro\/imoexpert\/#website","url":"https:\/\/www.imobiliare.ro\/imoexpert\/","name":"ImoExpert","description":"cele mai importante \u015ftiri din domeniul imobiliar","publisher":{"@id":"https:\/\/www.imobiliare.ro\/imoexpert\/#organization"},"inLanguage":"en"},{"@type":"Organization","@id":"https:\/\/www.imobiliare.ro\/imoexpert\/#organization","name":"Imobiliare.ro","alternateName":"Realmedia Network SA","url":"https:\/\/www.imobiliare.ro\/imoexpert\/","logo":{"@type":"ImageObject","inLanguage":"en","@id":"https:\/\/www.imobiliare.ro\/imoexpert\/#\/schema\/logo\/image\/","url":"https:\/\/www.imobiliare.ro\/imoexpert\/wp-content\/uploads\/2025\/05\/imobiliare_logo.png","contentUrl":"https:\/\/www.imobiliare.ro\/imoexpert\/wp-content\/uploads\/2025\/05\/imobiliare_logo.png","width":237,"height":29,"caption":"Imobiliare.ro"},"image":{"@id":"https:\/\/www.imobiliare.ro\/imoexpert\/#\/schema\/logo\/image\/"}},{"@type":"Person","@id":"https:\/\/www.imobiliare.ro\/imoexpert\/#\/schema\/person\/9ffdfbf24b82f39fc75a2fc6c19e4e99","name":"Corina V\u00e2rlan","image":{"@type":"ImageObject","inLanguage":"en","@id":"https:\/\/www.imobiliare.ro\/imoexpert\/#\/schema\/person\/image\/","url":"https:\/\/www.imobiliare.ro\/imoexpert\/wp-content\/uploads\/2026\/02\/12-02-2025-5-rezumat-brasov-thumb-reels-1-1-96x96.png","contentUrl":"https:\/\/www.imobiliare.ro\/imoexpert\/wp-content\/uploads\/2026\/02\/12-02-2025-5-rezumat-brasov-thumb-reels-1-1-96x96.png","caption":"Corina V\u00e2rlan"},"description":"Cu o experien\u021b\u0103 de 14 ani \u00een presa online, comunicare \u0219i content marketing, Corina V\u00e2rlan s-a al\u0103turat echipei Imobiliare.ro \u00een urm\u0103 cu 8 ani \u0219i ocup\u0103, \u00een prezent, func\u021bia de Content Manager. Ea este gazda emisiunii \"\u00centreab\u0103 expertul\" \u0219i a seriei 5 \u0218tiri Imobiliare.ro, realizate \u00een parteneriat cu Libertatea. Corina \u00ee\u0219i concentreaz\u0103 activitatea pe analiza datelor de pia\u021b\u0103 \u0219i pe subiecte de interes at\u00e2t pentru cei afla\u021bi \u00een c\u0103utarea unei locuin\u021be, c\u00e2t \u0219i pentru proprietari sau chiria\u0219i.","alternateName":"Corina","jobTitle":"Content Manager","url":"https:\/\/www.imobiliare.ro\/imoexpert\/author\/corina-varlan\/"}]}},"_links":{"self":[{"href":"https:\/\/www.imobiliare.ro\/imoexpert\/wp-json\/wp\/v2\/posts\/56938","targetHints":{"allow":["GET"]}}],"collection":[{"href":"https:\/\/www.imobiliare.ro\/imoexpert\/wp-json\/wp\/v2\/posts"}],"about":[{"href":"https:\/\/www.imobiliare.ro\/imoexpert\/wp-json\/wp\/v2\/types\/post"}],"author":[{"embeddable":true,"href":"https:\/\/www.imobiliare.ro\/imoexpert\/wp-json\/wp\/v2\/users\/5891"}],"replies":[{"embeddable":true,"href":"https:\/\/www.imobiliare.ro\/imoexpert\/wp-json\/wp\/v2\/comments?post=56938"}],"version-history":[{"count":0,"href":"https:\/\/www.imobiliare.ro\/imoexpert\/wp-json\/wp\/v2\/posts\/56938\/revisions"}],"wp:featuredmedia":[{"embeddable":true,"href":"https:\/\/www.imobiliare.ro\/imoexpert\/wp-json\/wp\/v2\/media\/56940"}],"wp:attachment":[{"href":"https:\/\/www.imobiliare.ro\/imoexpert\/wp-json\/wp\/v2\/media?parent=56938"}],"wp:term":[{"taxonomy":"category","embeddable":true,"href":"https:\/\/www.imobiliare.ro\/imoexpert\/wp-json\/wp\/v2\/categories?post=56938"},{"taxonomy":"post_tag","embeddable":true,"href":"https:\/\/www.imobiliare.ro\/imoexpert\/wp-json\/wp\/v2\/tags?post=56938"},{"taxonomy":"content_author","embeddable":true,"href":"https:\/\/www.imobiliare.ro\/imoexpert\/wp-json\/wp\/v2\/content_author?post=56938"}],"curies":[{"name":"wp","href":"https:\/\/api.w.org\/{rel}","templated":true}]}}