{"id":56984,"date":"2019-12-13T13:41:25","date_gmt":"2019-12-13T11:41:25","guid":{"rendered":"https:\/\/www.imobiliare.ro\/imoexpert\/?p=56984"},"modified":"2019-12-13T13:41:25","modified_gmt":"2019-12-13T11:41:25","slug":"cluj-napoca-primul-la-scumpiri-pe-piata-apartamentelor-in-luna-noiembrie-doar-in-iasi-au-avut-loc-ieftiniri","status":"publish","type":"post","link":"https:\/\/www.imobiliare.ro\/imoexpert\/cluj-napoca-primul-la-scumpiri-pe-piata-apartamentelor-in-luna-noiembrie-doar-in-iasi-au-avut-loc-ieftiniri_db\/","title":{"rendered":"Cluj-Napoca, primul la scumpiri pe pia\u021ba apartamentelor \u00een luna noiembrie. Doar \u00een Ia\u0219i au avut loc ieftiniri"},"content":{"rendered":"<figure id=\"attachment_56985\" aria-describedby=\"caption-attachment-56985\" style=\"width: 800px\" class=\"wp-caption aligncenter\"><a class=\"article-body-links\"href=\"https:\/\/www.imobiliare.ro\/imoexpert\/wp-content\/uploads\/2019\/12\/Cluj-Napoca-primul-la-scumpiri-pe-piata-apartamentelor-in-noiembrie-Doar-in-Iasi-au-avut-loc-ieftiniri.jpg\"><img loading=\"lazy\" decoding=\"async\" class=\"size-full wp-image-56985\" src=\"https:\/\/www.imobiliare.ro\/imoexpert\/wp-content\/uploads\/2019\/12\/Cluj-Napoca-primul-la-scumpiri-pe-piata-apartamentelor-in-noiembrie-Doar-in-Iasi-au-avut-loc-ieftiniri.jpg\" alt=\"\" width=\"800\" height=\"533\" srcset=\"https:\/\/www.imobiliare.ro\/imoexpert\/wp-content\/uploads\/2019\/12\/Cluj-Napoca-primul-la-scumpiri-pe-piata-apartamentelor-in-noiembrie-Doar-in-Iasi-au-avut-loc-ieftiniri.jpg 800w, https:\/\/www.imobiliare.ro\/imoexpert\/wp-content\/uploads\/2019\/12\/Cluj-Napoca-primul-la-scumpiri-pe-piata-apartamentelor-in-noiembrie-Doar-in-Iasi-au-avut-loc-ieftiniri-300x200.jpg 300w, https:\/\/www.imobiliare.ro\/imoexpert\/wp-content\/uploads\/2019\/12\/Cluj-Napoca-primul-la-scumpiri-pe-piata-apartamentelor-in-noiembrie-Doar-in-Iasi-au-avut-loc-ieftiniri-768x512.jpg 768w\" sizes=\"auto, (max-width: 800px) 100vw, 800px\" \/><\/a><figcaption id=\"caption-attachment-56985\" class=\"wp-caption-text\">Sub influen\u021ba apartamentelor vechi, valoarea medie de listare la nivel de ora\u0219 a dep\u0103\u0219it pragul de 1.700 de euro pe metru p\u0103trat<\/figcaption><\/figure>\n<div id=\"ez-toc-container\" class=\"ez-toc-v2_0_81 counter-hierarchy ez-toc-counter ez-toc-grey ez-toc-container-direction\">\n<p class=\"ez-toc-title\" style=\"cursor:inherit\">Table of Contents<\/p>\n<label for=\"ez-toc-cssicon-toggle-item-69f723e92919b\" class=\"ez-toc-cssicon-toggle-label\"><span class=\"ez-toc-cssicon\"><span class=\"eztoc-hide\" style=\"display:none;\">Toggle<\/span><span class=\"ez-toc-icon-toggle-span\"><svg style=\"fill: #999;color:#999\" xmlns=\"http:\/\/www.w3.org\/2000\/svg\" class=\"list-377408\" width=\"20px\" height=\"20px\" viewBox=\"0 0 24 24\" fill=\"none\"><path d=\"M6 6H4v2h2V6zm14 0H8v2h12V6zM4 11h2v2H4v-2zm16 0H8v2h12v-2zM4 16h2v2H4v-2zm16 0H8v2h12v-2z\" fill=\"currentColor\"><\/path><\/svg><svg style=\"fill: #999;color:#999\" class=\"arrow-unsorted-368013\" xmlns=\"http:\/\/www.w3.org\/2000\/svg\" width=\"10px\" height=\"10px\" viewBox=\"0 0 24 24\" version=\"1.2\" baseProfile=\"tiny\"><path d=\"M18.2 9.3l-6.2-6.3-6.2 6.3c-.2.2-.3.4-.3.7s.1.5.3.7c.2.2.4.3.7.3h11c.3 0 .5-.1.7-.3.2-.2.3-.5.3-.7s-.1-.5-.3-.7zM5.8 14.7l6.2 6.3 6.2-6.3c.2-.2.3-.5.3-.7s-.1-.5-.3-.7c-.2-.2-.4-.3-.7-.3h-11c-.3 0-.5.1-.7.3-.2.2-.3.5-.3.7s.1.5.3.7z\"\/><\/svg><\/span><\/span><\/label><input type=\"checkbox\"  id=\"ez-toc-cssicon-toggle-item-69f723e92919b\"  aria-label=\"Toggle\" \/><nav><ul class='ez-toc-list ez-toc-list-level-1 ' ><li class='ez-toc-page-1 ez-toc-heading-level-2'><a class=\"ez-toc-link ez-toc-heading-1\" href=\"https:\/\/www.imobiliare.ro\/imoexpert\/cluj-napoca-primul-la-scumpiri-pe-piata-apartamentelor-in-luna-noiembrie-doar-in-iasi-au-avut-loc-ieftiniri_db\/#Pe_parcursul_lui_noiembrie_2019_preturile_solicitate_pentru_apartamentele_disponibile_spre_vanzare_s-au_majorat_atat_la_nivel_national_cat_si_in_majoritatea_centrelor_regionale\" >Pe parcursul lui noiembrie 2019, pre\u021burile solicitate pentru apartamentele disponibile spre v\u00e2nzare s-au majorat at\u00e2t la nivel na\u021bional, c\u00e2t \u0219i \u00een majoritatea centrelor regionale.<\/a><\/li><li class='ez-toc-page-1 ez-toc-heading-level-2'><a class=\"ez-toc-link ez-toc-heading-2\" href=\"https:\/\/www.imobiliare.ro\/imoexpert\/cluj-napoca-primul-la-scumpiri-pe-piata-apartamentelor-in-luna-noiembrie-doar-in-iasi-au-avut-loc-ieftiniri_db\/#Bucuresti\" >Bucure\u0219ti:<\/a><\/li><li class='ez-toc-page-1 ez-toc-heading-level-2'><a class=\"ez-toc-link ez-toc-heading-3\" href=\"https:\/\/www.imobiliare.ro\/imoexpert\/cluj-napoca-primul-la-scumpiri-pe-piata-apartamentelor-in-luna-noiembrie-doar-in-iasi-au-avut-loc-ieftiniri_db\/#Brasov\" >Bra\u0219ov:<\/a><\/li><li class='ez-toc-page-1 ez-toc-heading-level-2'><a class=\"ez-toc-link ez-toc-heading-4\" href=\"https:\/\/www.imobiliare.ro\/imoexpert\/cluj-napoca-primul-la-scumpiri-pe-piata-apartamentelor-in-luna-noiembrie-doar-in-iasi-au-avut-loc-ieftiniri_db\/#Cluj-Napoca\" >Cluj-Napoca:<\/a><\/li><li class='ez-toc-page-1 ez-toc-heading-level-2'><a class=\"ez-toc-link ez-toc-heading-5\" href=\"https:\/\/www.imobiliare.ro\/imoexpert\/cluj-napoca-primul-la-scumpiri-pe-piata-apartamentelor-in-luna-noiembrie-doar-in-iasi-au-avut-loc-ieftiniri_db\/#Constanta\" >Constan\u021ba:<\/a><\/li><li class='ez-toc-page-1 ez-toc-heading-level-2'><a class=\"ez-toc-link ez-toc-heading-6\" href=\"https:\/\/www.imobiliare.ro\/imoexpert\/cluj-napoca-primul-la-scumpiri-pe-piata-apartamentelor-in-luna-noiembrie-doar-in-iasi-au-avut-loc-ieftiniri_db\/#Iasi\" >Ia\u0219i:<\/a><\/li><li class='ez-toc-page-1 ez-toc-heading-level-2'><a class=\"ez-toc-link ez-toc-heading-7\" href=\"https:\/\/www.imobiliare.ro\/imoexpert\/cluj-napoca-primul-la-scumpiri-pe-piata-apartamentelor-in-luna-noiembrie-doar-in-iasi-au-avut-loc-ieftiniri_db\/#Timisoara\" >Timi\u0219oara:<\/a><\/li><\/ul><\/nav><\/div>\n<h2><span class=\"ez-toc-section\" id=\"Pe_parcursul_lui_noiembrie_2019_preturile_solicitate_pentru_apartamentele_disponibile_spre_vanzare_s-au_majorat_atat_la_nivel_national_cat_si_in_majoritatea_centrelor_regionale\"><\/span>Pe parcursul lui noiembrie 2019, pre\u021burile solicitate pentru apartamentele disponibile spre v\u00e2nzare s-au majorat at\u00e2t la nivel na\u021bional, c\u00e2t \u0219i \u00een majoritatea centrelor regionale.<span class=\"ez-toc-section-end\"><\/span><\/h2>\n<p>Potrivit <strong><a class=\"article-body-links\"href=\"https:\/\/www.imobiliare.ro\/indicele-imobiliare-ro\">Indicelui Imobiliare.ro<\/a><\/strong>, valoarea medie de listare pentru un apartament, fie el nou, fie vechi, s-a majorat luna trecut\u0103 cu 1,9%, de la 1.296 de euro pe metru p\u0103trat util (la finele lui octombrie), p\u00e2n\u0103 la 1.320 de euro pe metru p\u0103trat util. Interesant este c\u0103 pe primul loc \u00een clasamentul scumpirilor s-a situat, \u00een perioada analizat\u0103, Cluj-Napoca \u2013 ora\u0219 \u00een care valoarea medie de listare a unui apartament a dep\u0103\u0219it pragul de 1.700 de euro pe metru p\u0103trat util. La polul opus se situeaz\u0103 Ia\u0219iul, unde locuin\u021bele s-au ieftinit sensibil \u00een ultima lun\u0103, \u00een special sub influen\u021ba segmentului reziden\u021bial nou.<\/p>\n<h2><span class=\"ez-toc-section\" id=\"Bucuresti\"><\/span>Bucure\u0219ti:<span class=\"ez-toc-section-end\"><\/span><\/h2>\n<p>Cu un avans general de 1% fa\u021b\u0103 de luna octombrie, preten\u021biile v\u00e2nz\u0103torilor de apartamente din Capital\u0103 au ajuns, \u00een noiembrie, la o medie de 1.387 de euro pe metru p\u0103trat util (\u00een cre\u0219tere de la 1.373 de euro pe metru p\u0103trat). Cel mai mult, respectiv cu 1,5%, s-au apreciat apartamentele din blocurile vechi, care pot fi achizi\u021bionate acum cu 1.327 de euro pe metru p\u0103trat (fa\u021b\u0103 de 1.307 euro pe metru p\u0103trat \u00een luna anterioar\u0103). Unit\u0103\u021bile locative nou-construite, \u00eens\u0103, au consemnat un avans u\u0219or, de 0,4%, de la 1.425 la 1.430 de euro pe metru p\u0103trat util.<\/p>\n<p><iframe loading=\"lazy\" src=\"https:\/\/www.youtube.com\/embed\/DjS5vr-0Pw4\" width=\"560\" height=\"315\" frameborder=\"0\" allowfullscreen=\"allowfullscreen\"><\/iframe><\/p>\n<p><a class=\"article-body-links\"href=\"https:\/\/www.imobiliare.ro\/imoexpert\/%e2%99%a8-cum-poti-avea-costuri-aproape-zero-la-incalzire-si-apa-calda-imoexpert_db\/\" target=\"_blank\" rel=\"noopener noreferrer\"><span style=\"color: #ff0000;\"><strong>URM\u0102RE\u0218TE INTEGRAL EMISIUNEA IMOEXPERT<\/strong><\/span><\/a><\/p>\n<h2><span class=\"ez-toc-section\" id=\"Brasov\"><\/span>Bra\u0219ov:<span class=\"ez-toc-section-end\"><\/span><\/h2>\n<p>\u00cen ora\u0219ul de la poalele T\u00e2mpei, <strong><a class=\"article-body-links\"href=\"https:\/\/www.imobiliare.ro\/indicele-imobiliare-ro\">Indicele Imobiliare.ro<\/a><\/strong> a \u00eenregistrat un avans general de 1,6% pe parcursul lunii noiembrie, de la 1.140 la 1.158 de euro pe metru p\u0103trat util. Spre deosebire de Capital\u0103, apartamentele vechi s-au apreciat mai pu\u021bin dec\u00e2t cele noi, mai exact cu 1,1%, de la o medie de 1.132 de euro pe metru p\u0103trat, p\u00e2n\u0103 la 1.144 de euro pe metru p\u0103trat. Pe de alt\u0103 parte, pre\u021burile unit\u0103\u021bilor locative din cadrul noilor ansambluri reziden\u021biale s-au majorat cu 2,5%, de la 1.154 la 1.183 de euro pe metru p\u0103trat.<\/p>\n<h2><span class=\"ez-toc-section\" id=\"Cluj-Napoca\"><\/span>Cluj-Napoca:<span class=\"ez-toc-section-end\"><\/span><\/h2>\n<p>\u00cen ora\u0219ul de pe Some\u0219, apartamentele s-au scumpit, per ansamblu, cu 2% fa\u021b\u0103 de luna precedent\u0103, ajung\u00e2nd, astfel, la o valoare medie de listare de 1.709 euro pe metru p\u0103trat (fa\u021b\u0103 de 1.676 de euro pe metru p\u0103trat \u00een octombrie). Marja de cre\u0219tere consemnat\u0103 de locuin\u021bele din blocurile vechi a fost, la fel ca \u00een Capital\u0103, mai mare \u2013 este vorba despre un plus de 3,1%, de la 1.688 la 1.740 de euro pe metru p\u0103trat. \u00cen acela\u0219i interval, unit\u0103\u021bile locative nou-construite s-au apreciat cu 1,1%, de la 1.664 la 1.682 de euro pe metru p\u0103trat.<\/p>\n<h2><span class=\"ez-toc-section\" id=\"Constanta\"><\/span>Constan\u021ba:<span class=\"ez-toc-section-end\"><\/span><\/h2>\n<p>\u00cen ora\u0219ul de la malul m\u0103rii, preten\u021biile v\u00e2nz\u0103torilor de apartamente s-au majorat doar u\u0219or pe parcursul lui noiembrie, anume cu 0,3%, de la 1.175 la 1.179 de euro pe metru p\u0103trat util. Segmentul reziden\u021bial vechi a avut, \u00eens\u0103, o evolu\u021bie diferit\u0103 comparativ cu cel nou: dac\u0103 locuin\u021bele din blocurile vechi s-au apreciat cu 0,4% (de la 1.169 la 1.174 de euro pe metru p\u0103trat), cele noi s-au men\u021binut la nivelul de pre\u021b atins \u00een octombrie, anume 1.193 de euro pe metru p\u0103trat.<\/p>\n<h2><span class=\"ez-toc-section\" id=\"Iasi\"><\/span>Ia\u0219i:<span class=\"ez-toc-section-end\"><\/span><\/h2>\n<p>Ora\u0219ul din nord-estul \u021b\u0103rii este singurul dintre centrele regionale monitorizate constant de <strong><a class=\"article-body-links\"href=\"https:\/\/www.imobiliare.ro\/\">Imobiliare.ro<\/a><\/strong> \u00een care apartamentele s-au ieftinit luna trecut\u0103: este vorba despre un recul semnificativ, de 3,3%, de la 1.066 la 1.031 de euro pe metru p\u0103trat util. Sc\u0103deri au fost consemnate pe ambele segmente de pia\u021b\u0103 analizate, \u00eens\u0103 locuin\u021bele vechi s-au depreciat mai pu\u021bin, anume cu 0,9% (de la 1.041 la 1.032 de euro pe metru p\u0103trat); cele noi, pe de alt\u0103 parte, au consemnat o sc\u0103dere de 5,2% (de la 1.086 la 1.030 de euro pe metru p\u0103trat).<\/p>\n<h2><span class=\"ez-toc-section\" id=\"Timisoara\"><\/span>Timi\u0219oara:<span class=\"ez-toc-section-end\"><\/span><\/h2>\n<p>\u00cen ora\u0219ul de pe Bega, <strong><a class=\"article-body-links\"href=\"https:\/\/www.imobiliare.ro\/indicele-imobiliare-ro\">Indicele Imobiliare.ro<\/a><\/strong> a consemnat un avans general al pre\u021burilor de 0,7% \u00een luna noiembrie, de la 1.260 la 1.269 de euro pe metru p\u0103trat util. Locuin\u021bele din blocurile vechi s-au apreciat cu 0,2% \u00een perioada analizat\u0103, de la 1.262 la 1.265 de euro pe metru p\u0103trat util. Cre\u0219terea consemnat\u0103 \u00een cazul noilor ansambluri reziden\u021biale s-a cifrat, \u00eens\u0103, la 2,2%, unit\u0103\u021bile locative din aceast\u0103 categorie ajung\u00e2nd s\u0103 coste, \u00een medie, 1.281 de euro pe metru p\u0103trat (fa\u021b\u0103 de 1.253 euro pe metru p\u0103trat luna trecut\u0103).<\/p>\n","protected":false},"excerpt":{"rendered":"<p>Pe parcursul lui noiembrie 2019, pre\u021burile solicitate pentru apartamentele disponibile spre v\u00e2nzare s-au majorat at\u00e2t la nivel na\u021bional, c\u00e2t \u0219i \u00een majoritatea centrelor regionale. Potrivit Indicelui Imobiliare.ro, valoarea medie de listare pentru un apartament, fie el nou, fie vechi, s-a majorat luna trecut\u0103 cu 1,9%, de la 1.296 de euro pe metru p\u0103trat util (la [&hellip;]<\/p>\n","protected":false},"author":829,"featured_media":56985,"comment_status":"open","ping_status":"open","sticky":false,"template":"","format":"standard","meta":{"footnotes":""},"categories":[259],"tags":[1863,480,1326,1410,1798,1411],"content_author":[],"class_list":["post-56984","post","type-post","status-publish","format-standard","has-post-thumbnail","hentry","category-stiri","tag-apartamente-cluj-napoca","tag-cumparator","tag-indice-imobiliare-ro","tag-newsletter","tag-preturi-apartamente-2019","tag-principal"],"yoast_head":"<!-- This site is optimized with the Yoast SEO Premium plugin v27.0 (Yoast SEO v27.0) - https:\/\/yoast.com\/product\/yoast-seo-premium-wordpress\/ -->\n<title>Cluj-Napoca, primul la scumpiri pe pia\u021ba apartamentelor \u00een luna noiembrie. Doar \u00een Ia\u0219i au avut loc ieftiniri - \u0218tiri - ImoExpert<\/title>\n<meta name=\"description\" content=\"Pe parcursul lui noiembrie 2019, pre\u021burile solicitate pentru apartamentele disponibile spre v\u00e2nzare s-au majorat at\u00e2t la nivel na\u021bional, c\u00e2t \u0219i \u00een\" \/>\n<meta name=\"robots\" content=\"index, follow\" \/>\n<link rel=\"canonical\" href=\"https:\/\/www.imobiliare.ro\/imoexpert\/cluj-napoca-primul-la-scumpiri-pe-piata-apartamentelor-in-luna-noiembrie-doar-in-iasi-au-avut-loc-ieftiniri_db\/\" \/>\n<meta property=\"og:locale\" content=\"ro_RO\" \/>\n<meta property=\"og:type\" content=\"article\" \/>\n<meta property=\"og:title\" content=\"Cluj-Napoca, primul la scumpiri pe pia\u021ba apartamentelor \u00een luna noiembrie. Doar \u00een Ia\u0219i au avut loc ieftiniri\" \/>\n<meta property=\"og:description\" content=\"Pe parcursul lui noiembrie 2019, pre\u021burile solicitate pentru apartamentele disponibile spre v\u00e2nzare s-au majorat at\u00e2t la nivel na\u021bional, c\u00e2t \u0219i \u00een\" \/>\n<meta property=\"og:url\" content=\"https:\/\/www.imobiliare.ro\/imoexpert\/cluj-napoca-primul-la-scumpiri-pe-piata-apartamentelor-in-luna-noiembrie-doar-in-iasi-au-avut-loc-ieftiniri_db\/\" \/>\n<meta property=\"og:site_name\" content=\"ImoExpert\" \/>\n<meta property=\"article:published_time\" content=\"2019-12-13T11:41:25+00:00\" \/>\n<meta property=\"og:image\" content=\"https:\/\/www.imobiliare.ro\/imoexpert\/wp-content\/uploads\/2019\/12\/Cluj-Napoca-primul-la-scumpiri-pe-piata-apartamentelor-in-noiembrie-Doar-in-Iasi-au-avut-loc-ieftiniri.jpg\" \/>\n\t<meta property=\"og:image:width\" content=\"800\" \/>\n\t<meta property=\"og:image:height\" content=\"533\" \/>\n\t<meta property=\"og:image:type\" content=\"image\/jpeg\" \/>\n<meta name=\"author\" content=\"Adriana Dr\u0103gu\u0219in\" \/>\n<meta name=\"twitter:card\" content=\"summary_large_image\" \/>\n<meta name=\"twitter:label1\" content=\"Written by\" \/>\n\t<meta name=\"twitter:data1\" content=\"Adriana Dr\u0103gu\u0219in\" \/>\n\t<meta name=\"twitter:label2\" content=\"Est. reading time\" \/>\n\t<meta name=\"twitter:data2\" content=\"4 minute\" \/>\n<script type=\"application\/ld+json\" class=\"yoast-schema-graph\">{\"@context\":\"https:\/\/schema.org\",\"@graph\":[{\"@type\":\"Article\",\"@id\":\"https:\/\/www.imobiliare.ro\/imoexpert\/cluj-napoca-primul-la-scumpiri-pe-piata-apartamentelor-in-luna-noiembrie-doar-in-iasi-au-avut-loc-ieftiniri_db\/#article\",\"isPartOf\":{\"@id\":\"https:\/\/www.imobiliare.ro\/imoexpert\/cluj-napoca-primul-la-scumpiri-pe-piata-apartamentelor-in-luna-noiembrie-doar-in-iasi-au-avut-loc-ieftiniri_db\/\"},\"author\":{\"name\":\"Adriana Dr\u0103gu\u0219in\",\"@id\":\"https:\/\/www.imobiliare.ro\/imoexpert\/#\/schema\/person\/8c13b0297075010b896471fabf0d7790\"},\"headline\":\"Cluj-Napoca, primul la scumpiri pe pia\u021ba apartamentelor \u00een luna noiembrie. Doar \u00een Ia\u0219i au avut loc ieftiniri\",\"datePublished\":\"2019-12-13T11:41:25+00:00\",\"mainEntityOfPage\":{\"@id\":\"https:\/\/www.imobiliare.ro\/imoexpert\/cluj-napoca-primul-la-scumpiri-pe-piata-apartamentelor-in-luna-noiembrie-doar-in-iasi-au-avut-loc-ieftiniri_db\/\"},\"wordCount\":764,\"commentCount\":2,\"publisher\":{\"@id\":\"https:\/\/www.imobiliare.ro\/imoexpert\/#organization\"},\"image\":{\"@id\":\"https:\/\/www.imobiliare.ro\/imoexpert\/cluj-napoca-primul-la-scumpiri-pe-piata-apartamentelor-in-luna-noiembrie-doar-in-iasi-au-avut-loc-ieftiniri_db\/#primaryimage\"},\"thumbnailUrl\":\"https:\/\/www.imobiliare.ro\/imoexpert\/wp-content\/uploads\/2019\/12\/Cluj-Napoca-primul-la-scumpiri-pe-piata-apartamentelor-in-noiembrie-Doar-in-Iasi-au-avut-loc-ieftiniri.jpg\",\"keywords\":[\"Apartamente Cluj-Napoca\",\"cumparator\",\"Indice imobiliare.ro\",\"newsletter\",\"preturi apartamente 2019\",\"principal\"],\"articleSection\":[\"\u0218tiri\"],\"inLanguage\":\"en\",\"potentialAction\":[{\"@type\":\"CommentAction\",\"name\":\"Comment\",\"target\":[\"https:\/\/www.imobiliare.ro\/imoexpert\/cluj-napoca-primul-la-scumpiri-pe-piata-apartamentelor-in-luna-noiembrie-doar-in-iasi-au-avut-loc-ieftiniri_db\/#respond\"]}],\"copyrightYear\":\"2019\",\"copyrightHolder\":{\"@id\":\"https:\/\/www.imobiliare.ro\/imoexpert\/#organization\"}},{\"@type\":\"WebPage\",\"@id\":\"https:\/\/www.imobiliare.ro\/imoexpert\/cluj-napoca-primul-la-scumpiri-pe-piata-apartamentelor-in-luna-noiembrie-doar-in-iasi-au-avut-loc-ieftiniri_db\/\",\"url\":\"https:\/\/www.imobiliare.ro\/imoexpert\/cluj-napoca-primul-la-scumpiri-pe-piata-apartamentelor-in-luna-noiembrie-doar-in-iasi-au-avut-loc-ieftiniri_db\/\",\"name\":\"Cluj-Napoca, primul la scumpiri pe pia\u021ba apartamentelor \u00een luna noiembrie. Doar \u00een Ia\u0219i au avut loc ieftiniri - \u0218tiri - ImoExpert\",\"isPartOf\":{\"@id\":\"https:\/\/www.imobiliare.ro\/imoexpert\/#website\"},\"primaryImageOfPage\":{\"@id\":\"https:\/\/www.imobiliare.ro\/imoexpert\/cluj-napoca-primul-la-scumpiri-pe-piata-apartamentelor-in-luna-noiembrie-doar-in-iasi-au-avut-loc-ieftiniri_db\/#primaryimage\"},\"image\":{\"@id\":\"https:\/\/www.imobiliare.ro\/imoexpert\/cluj-napoca-primul-la-scumpiri-pe-piata-apartamentelor-in-luna-noiembrie-doar-in-iasi-au-avut-loc-ieftiniri_db\/#primaryimage\"},\"thumbnailUrl\":\"https:\/\/www.imobiliare.ro\/imoexpert\/wp-content\/uploads\/2019\/12\/Cluj-Napoca-primul-la-scumpiri-pe-piata-apartamentelor-in-noiembrie-Doar-in-Iasi-au-avut-loc-ieftiniri.jpg\",\"datePublished\":\"2019-12-13T11:41:25+00:00\",\"description\":\"Pe parcursul lui noiembrie 2019, pre\u021burile solicitate pentru apartamentele disponibile spre v\u00e2nzare s-au majorat at\u00e2t la nivel na\u021bional, c\u00e2t \u0219i \u00een\",\"breadcrumb\":{\"@id\":\"https:\/\/www.imobiliare.ro\/imoexpert\/cluj-napoca-primul-la-scumpiri-pe-piata-apartamentelor-in-luna-noiembrie-doar-in-iasi-au-avut-loc-ieftiniri_db\/#breadcrumb\"},\"inLanguage\":\"en\",\"potentialAction\":[{\"@type\":\"ReadAction\",\"target\":[\"https:\/\/www.imobiliare.ro\/imoexpert\/cluj-napoca-primul-la-scumpiri-pe-piata-apartamentelor-in-luna-noiembrie-doar-in-iasi-au-avut-loc-ieftiniri_db\/\"]}]},{\"@type\":\"ImageObject\",\"inLanguage\":\"en\",\"@id\":\"https:\/\/www.imobiliare.ro\/imoexpert\/cluj-napoca-primul-la-scumpiri-pe-piata-apartamentelor-in-luna-noiembrie-doar-in-iasi-au-avut-loc-ieftiniri_db\/#primaryimage\",\"url\":\"https:\/\/www.imobiliare.ro\/imoexpert\/wp-content\/uploads\/2019\/12\/Cluj-Napoca-primul-la-scumpiri-pe-piata-apartamentelor-in-noiembrie-Doar-in-Iasi-au-avut-loc-ieftiniri.jpg\",\"contentUrl\":\"https:\/\/www.imobiliare.ro\/imoexpert\/wp-content\/uploads\/2019\/12\/Cluj-Napoca-primul-la-scumpiri-pe-piata-apartamentelor-in-noiembrie-Doar-in-Iasi-au-avut-loc-ieftiniri.jpg\",\"width\":800,\"height\":533,\"caption\":\"Sub influen\u021ba apartamentelor vechi, valoarea medie de listare la nivel de ora\u0219 a dep\u0103\u0219it pragul de 1.700 de euro pe metru p\u0103trat\"},{\"@type\":\"BreadcrumbList\",\"@id\":\"https:\/\/www.imobiliare.ro\/imoexpert\/cluj-napoca-primul-la-scumpiri-pe-piata-apartamentelor-in-luna-noiembrie-doar-in-iasi-au-avut-loc-ieftiniri_db\/#breadcrumb\",\"itemListElement\":[{\"@type\":\"ListItem\",\"position\":1,\"name\":\"Imoradar24\",\"item\":\"https:\/\/www.imoradar24.ro\"},{\"@type\":\"ListItem\",\"position\":2,\"name\":\"ImoExpert\",\"item\":\"https:\/\/www.imobiliare.ro\/imoexpert\/\"},{\"@type\":\"ListItem\",\"position\":3,\"name\":\"\u0218tiri\",\"item\":\"https:\/\/www.imobiliare.ro\/imoexpert\/stiri\/\"},{\"@type\":\"ListItem\",\"position\":4,\"name\":\"Cluj-Napoca, primul la scumpiri pe pia\u021ba apartamentelor \u00een luna noiembrie. Doar \u00een Ia\u0219i au avut loc ieftiniri\"}]},{\"@type\":\"WebSite\",\"@id\":\"https:\/\/www.imobiliare.ro\/imoexpert\/#website\",\"url\":\"https:\/\/www.imobiliare.ro\/imoexpert\/\",\"name\":\"ImoExpert\",\"description\":\"cele mai importante \u015ftiri din domeniul imobiliar\",\"publisher\":{\"@id\":\"https:\/\/www.imobiliare.ro\/imoexpert\/#organization\"},\"inLanguage\":\"en\"},{\"@type\":\"Organization\",\"@id\":\"https:\/\/www.imobiliare.ro\/imoexpert\/#organization\",\"name\":\"Imobiliare.ro\",\"alternateName\":\"Realmedia Network SA\",\"url\":\"https:\/\/www.imobiliare.ro\/imoexpert\/\",\"logo\":{\"@type\":\"ImageObject\",\"inLanguage\":\"en\",\"@id\":\"https:\/\/www.imobiliare.ro\/imoexpert\/#\/schema\/logo\/image\/\",\"url\":\"https:\/\/www.imobiliare.ro\/imoexpert\/wp-content\/uploads\/2025\/05\/imobiliare_logo.png\",\"contentUrl\":\"https:\/\/www.imobiliare.ro\/imoexpert\/wp-content\/uploads\/2025\/05\/imobiliare_logo.png\",\"width\":237,\"height\":29,\"caption\":\"Imobiliare.ro\"},\"image\":{\"@id\":\"https:\/\/www.imobiliare.ro\/imoexpert\/#\/schema\/logo\/image\/\"}},{\"@type\":\"Person\",\"@id\":\"https:\/\/www.imobiliare.ro\/imoexpert\/#\/schema\/person\/8c13b0297075010b896471fabf0d7790\",\"name\":\"Adriana Dr\u0103gu\u0219in\",\"image\":{\"@type\":\"ImageObject\",\"inLanguage\":\"en\",\"@id\":\"https:\/\/www.imobiliare.ro\/imoexpert\/#\/schema\/person\/image\/\",\"url\":\"https:\/\/secure.gravatar.com\/avatar\/ba4762f7517e50e679ed7f11207102d1150120f2f5800c0da98f8a15305bf514?s=96&d=mm&r=g\",\"contentUrl\":\"https:\/\/secure.gravatar.com\/avatar\/ba4762f7517e50e679ed7f11207102d1150120f2f5800c0da98f8a15305bf514?s=96&d=mm&r=g\",\"caption\":\"Adriana Dr\u0103gu\u0219in\"},\"jobTitle\":\"Editor\",\"url\":\"https:\/\/www.imobiliare.ro\/imoexpert\/author\/adriana-dragusin\/\"}]}<\/script>\n<!-- \/ Yoast SEO Premium plugin. -->","yoast_head_json":{"title":"Cluj-Napoca, primul la scumpiri pe pia\u021ba apartamentelor \u00een luna noiembrie. Doar \u00een Ia\u0219i au avut loc ieftiniri - \u0218tiri - ImoExpert","description":"Pe parcursul lui noiembrie 2019, pre\u021burile solicitate pentru apartamentele disponibile spre v\u00e2nzare s-au majorat at\u00e2t la nivel na\u021bional, c\u00e2t \u0219i \u00een","robots":{"index":"index","follow":"follow"},"canonical":"https:\/\/www.imobiliare.ro\/imoexpert\/cluj-napoca-primul-la-scumpiri-pe-piata-apartamentelor-in-luna-noiembrie-doar-in-iasi-au-avut-loc-ieftiniri_db\/","og_locale":"ro_RO","og_type":"article","og_title":"Cluj-Napoca, primul la scumpiri pe pia\u021ba apartamentelor \u00een luna noiembrie. Doar \u00een Ia\u0219i au avut loc ieftiniri","og_description":"Pe parcursul lui noiembrie 2019, pre\u021burile solicitate pentru apartamentele disponibile spre v\u00e2nzare s-au majorat at\u00e2t la nivel na\u021bional, c\u00e2t \u0219i \u00een","og_url":"https:\/\/www.imobiliare.ro\/imoexpert\/cluj-napoca-primul-la-scumpiri-pe-piata-apartamentelor-in-luna-noiembrie-doar-in-iasi-au-avut-loc-ieftiniri_db\/","og_site_name":"ImoExpert","article_published_time":"2019-12-13T11:41:25+00:00","og_image":[{"width":800,"height":533,"url":"https:\/\/www.imobiliare.ro\/imoexpert\/wp-content\/uploads\/2019\/12\/Cluj-Napoca-primul-la-scumpiri-pe-piata-apartamentelor-in-noiembrie-Doar-in-Iasi-au-avut-loc-ieftiniri.jpg","type":"image\/jpeg"}],"author":"Adriana Dr\u0103gu\u0219in","twitter_card":"summary_large_image","twitter_misc":{"Written by":"Adriana Dr\u0103gu\u0219in","Est. reading time":"4 minute"},"schema":{"@context":"https:\/\/schema.org","@graph":[{"@type":"Article","@id":"https:\/\/www.imobiliare.ro\/imoexpert\/cluj-napoca-primul-la-scumpiri-pe-piata-apartamentelor-in-luna-noiembrie-doar-in-iasi-au-avut-loc-ieftiniri_db\/#article","isPartOf":{"@id":"https:\/\/www.imobiliare.ro\/imoexpert\/cluj-napoca-primul-la-scumpiri-pe-piata-apartamentelor-in-luna-noiembrie-doar-in-iasi-au-avut-loc-ieftiniri_db\/"},"author":{"name":"Adriana Dr\u0103gu\u0219in","@id":"https:\/\/www.imobiliare.ro\/imoexpert\/#\/schema\/person\/8c13b0297075010b896471fabf0d7790"},"headline":"Cluj-Napoca, primul la scumpiri pe pia\u021ba apartamentelor \u00een luna noiembrie. Doar \u00een Ia\u0219i au avut loc ieftiniri","datePublished":"2019-12-13T11:41:25+00:00","mainEntityOfPage":{"@id":"https:\/\/www.imobiliare.ro\/imoexpert\/cluj-napoca-primul-la-scumpiri-pe-piata-apartamentelor-in-luna-noiembrie-doar-in-iasi-au-avut-loc-ieftiniri_db\/"},"wordCount":764,"commentCount":2,"publisher":{"@id":"https:\/\/www.imobiliare.ro\/imoexpert\/#organization"},"image":{"@id":"https:\/\/www.imobiliare.ro\/imoexpert\/cluj-napoca-primul-la-scumpiri-pe-piata-apartamentelor-in-luna-noiembrie-doar-in-iasi-au-avut-loc-ieftiniri_db\/#primaryimage"},"thumbnailUrl":"https:\/\/www.imobiliare.ro\/imoexpert\/wp-content\/uploads\/2019\/12\/Cluj-Napoca-primul-la-scumpiri-pe-piata-apartamentelor-in-noiembrie-Doar-in-Iasi-au-avut-loc-ieftiniri.jpg","keywords":["Apartamente Cluj-Napoca","cumparator","Indice imobiliare.ro","newsletter","preturi apartamente 2019","principal"],"articleSection":["\u0218tiri"],"inLanguage":"en","potentialAction":[{"@type":"CommentAction","name":"Comment","target":["https:\/\/www.imobiliare.ro\/imoexpert\/cluj-napoca-primul-la-scumpiri-pe-piata-apartamentelor-in-luna-noiembrie-doar-in-iasi-au-avut-loc-ieftiniri_db\/#respond"]}],"copyrightYear":"2019","copyrightHolder":{"@id":"https:\/\/www.imobiliare.ro\/imoexpert\/#organization"}},{"@type":"WebPage","@id":"https:\/\/www.imobiliare.ro\/imoexpert\/cluj-napoca-primul-la-scumpiri-pe-piata-apartamentelor-in-luna-noiembrie-doar-in-iasi-au-avut-loc-ieftiniri_db\/","url":"https:\/\/www.imobiliare.ro\/imoexpert\/cluj-napoca-primul-la-scumpiri-pe-piata-apartamentelor-in-luna-noiembrie-doar-in-iasi-au-avut-loc-ieftiniri_db\/","name":"Cluj-Napoca, primul la scumpiri pe pia\u021ba apartamentelor \u00een luna noiembrie. Doar \u00een Ia\u0219i au avut loc ieftiniri - \u0218tiri - ImoExpert","isPartOf":{"@id":"https:\/\/www.imobiliare.ro\/imoexpert\/#website"},"primaryImageOfPage":{"@id":"https:\/\/www.imobiliare.ro\/imoexpert\/cluj-napoca-primul-la-scumpiri-pe-piata-apartamentelor-in-luna-noiembrie-doar-in-iasi-au-avut-loc-ieftiniri_db\/#primaryimage"},"image":{"@id":"https:\/\/www.imobiliare.ro\/imoexpert\/cluj-napoca-primul-la-scumpiri-pe-piata-apartamentelor-in-luna-noiembrie-doar-in-iasi-au-avut-loc-ieftiniri_db\/#primaryimage"},"thumbnailUrl":"https:\/\/www.imobiliare.ro\/imoexpert\/wp-content\/uploads\/2019\/12\/Cluj-Napoca-primul-la-scumpiri-pe-piata-apartamentelor-in-noiembrie-Doar-in-Iasi-au-avut-loc-ieftiniri.jpg","datePublished":"2019-12-13T11:41:25+00:00","description":"Pe parcursul lui noiembrie 2019, pre\u021burile solicitate pentru apartamentele disponibile spre v\u00e2nzare s-au majorat at\u00e2t la nivel na\u021bional, c\u00e2t \u0219i \u00een","breadcrumb":{"@id":"https:\/\/www.imobiliare.ro\/imoexpert\/cluj-napoca-primul-la-scumpiri-pe-piata-apartamentelor-in-luna-noiembrie-doar-in-iasi-au-avut-loc-ieftiniri_db\/#breadcrumb"},"inLanguage":"en","potentialAction":[{"@type":"ReadAction","target":["https:\/\/www.imobiliare.ro\/imoexpert\/cluj-napoca-primul-la-scumpiri-pe-piata-apartamentelor-in-luna-noiembrie-doar-in-iasi-au-avut-loc-ieftiniri_db\/"]}]},{"@type":"ImageObject","inLanguage":"en","@id":"https:\/\/www.imobiliare.ro\/imoexpert\/cluj-napoca-primul-la-scumpiri-pe-piata-apartamentelor-in-luna-noiembrie-doar-in-iasi-au-avut-loc-ieftiniri_db\/#primaryimage","url":"https:\/\/www.imobiliare.ro\/imoexpert\/wp-content\/uploads\/2019\/12\/Cluj-Napoca-primul-la-scumpiri-pe-piata-apartamentelor-in-noiembrie-Doar-in-Iasi-au-avut-loc-ieftiniri.jpg","contentUrl":"https:\/\/www.imobiliare.ro\/imoexpert\/wp-content\/uploads\/2019\/12\/Cluj-Napoca-primul-la-scumpiri-pe-piata-apartamentelor-in-noiembrie-Doar-in-Iasi-au-avut-loc-ieftiniri.jpg","width":800,"height":533,"caption":"Sub influen\u021ba apartamentelor vechi, valoarea medie de listare la nivel de ora\u0219 a dep\u0103\u0219it pragul de 1.700 de euro pe metru p\u0103trat"},{"@type":"BreadcrumbList","@id":"https:\/\/www.imobiliare.ro\/imoexpert\/cluj-napoca-primul-la-scumpiri-pe-piata-apartamentelor-in-luna-noiembrie-doar-in-iasi-au-avut-loc-ieftiniri_db\/#breadcrumb","itemListElement":[{"@type":"ListItem","position":1,"name":"Imoradar24","item":"https:\/\/www.imoradar24.ro"},{"@type":"ListItem","position":2,"name":"ImoExpert","item":"https:\/\/www.imobiliare.ro\/imoexpert\/"},{"@type":"ListItem","position":3,"name":"\u0218tiri","item":"https:\/\/www.imobiliare.ro\/imoexpert\/stiri\/"},{"@type":"ListItem","position":4,"name":"Cluj-Napoca, primul la scumpiri pe pia\u021ba apartamentelor \u00een luna noiembrie. Doar \u00een Ia\u0219i au avut loc ieftiniri"}]},{"@type":"WebSite","@id":"https:\/\/www.imobiliare.ro\/imoexpert\/#website","url":"https:\/\/www.imobiliare.ro\/imoexpert\/","name":"ImoExpert","description":"cele mai importante \u015ftiri din domeniul imobiliar","publisher":{"@id":"https:\/\/www.imobiliare.ro\/imoexpert\/#organization"},"inLanguage":"en"},{"@type":"Organization","@id":"https:\/\/www.imobiliare.ro\/imoexpert\/#organization","name":"Imobiliare.ro","alternateName":"Realmedia Network SA","url":"https:\/\/www.imobiliare.ro\/imoexpert\/","logo":{"@type":"ImageObject","inLanguage":"en","@id":"https:\/\/www.imobiliare.ro\/imoexpert\/#\/schema\/logo\/image\/","url":"https:\/\/www.imobiliare.ro\/imoexpert\/wp-content\/uploads\/2025\/05\/imobiliare_logo.png","contentUrl":"https:\/\/www.imobiliare.ro\/imoexpert\/wp-content\/uploads\/2025\/05\/imobiliare_logo.png","width":237,"height":29,"caption":"Imobiliare.ro"},"image":{"@id":"https:\/\/www.imobiliare.ro\/imoexpert\/#\/schema\/logo\/image\/"}},{"@type":"Person","@id":"https:\/\/www.imobiliare.ro\/imoexpert\/#\/schema\/person\/8c13b0297075010b896471fabf0d7790","name":"Adriana Dr\u0103gu\u0219in","image":{"@type":"ImageObject","inLanguage":"en","@id":"https:\/\/www.imobiliare.ro\/imoexpert\/#\/schema\/person\/image\/","url":"https:\/\/secure.gravatar.com\/avatar\/ba4762f7517e50e679ed7f11207102d1150120f2f5800c0da98f8a15305bf514?s=96&d=mm&r=g","contentUrl":"https:\/\/secure.gravatar.com\/avatar\/ba4762f7517e50e679ed7f11207102d1150120f2f5800c0da98f8a15305bf514?s=96&d=mm&r=g","caption":"Adriana Dr\u0103gu\u0219in"},"jobTitle":"Editor","url":"https:\/\/www.imobiliare.ro\/imoexpert\/author\/adriana-dragusin\/"}]}},"_links":{"self":[{"href":"https:\/\/www.imobiliare.ro\/imoexpert\/wp-json\/wp\/v2\/posts\/56984","targetHints":{"allow":["GET"]}}],"collection":[{"href":"https:\/\/www.imobiliare.ro\/imoexpert\/wp-json\/wp\/v2\/posts"}],"about":[{"href":"https:\/\/www.imobiliare.ro\/imoexpert\/wp-json\/wp\/v2\/types\/post"}],"author":[{"embeddable":true,"href":"https:\/\/www.imobiliare.ro\/imoexpert\/wp-json\/wp\/v2\/users\/829"}],"replies":[{"embeddable":true,"href":"https:\/\/www.imobiliare.ro\/imoexpert\/wp-json\/wp\/v2\/comments?post=56984"}],"version-history":[{"count":0,"href":"https:\/\/www.imobiliare.ro\/imoexpert\/wp-json\/wp\/v2\/posts\/56984\/revisions"}],"wp:featuredmedia":[{"embeddable":true,"href":"https:\/\/www.imobiliare.ro\/imoexpert\/wp-json\/wp\/v2\/media\/56985"}],"wp:attachment":[{"href":"https:\/\/www.imobiliare.ro\/imoexpert\/wp-json\/wp\/v2\/media?parent=56984"}],"wp:term":[{"taxonomy":"category","embeddable":true,"href":"https:\/\/www.imobiliare.ro\/imoexpert\/wp-json\/wp\/v2\/categories?post=56984"},{"taxonomy":"post_tag","embeddable":true,"href":"https:\/\/www.imobiliare.ro\/imoexpert\/wp-json\/wp\/v2\/tags?post=56984"},{"taxonomy":"content_author","embeddable":true,"href":"https:\/\/www.imobiliare.ro\/imoexpert\/wp-json\/wp\/v2\/content_author?post=56984"}],"curies":[{"name":"wp","href":"https:\/\/api.w.org\/{rel}","templated":true}]}}