{"id":56995,"date":"2019-12-03T13:14:03","date_gmt":"2019-12-03T11:14:03","guid":{"rendered":"https:\/\/www.imobiliare.ro\/imoexpert\/?p=56995"},"modified":"2019-12-03T13:14:03","modified_gmt":"2019-12-03T11:14:03","slug":"de-ce-au-crescut-preturile-apartamentelor-din-bucuresti-video","status":"publish","type":"post","link":"https:\/\/www.imobiliare.ro\/imoexpert\/de-ce-au-crescut-preturile-apartamentelor-din-bucuresti-video_db\/","title":{"rendered":"De ce au crescut pre\u021burile apartamentelor din Bucure\u0219ti?"},"content":{"rendered":"<h2><a class=\"article-body-links\"href=\"https:\/\/www.imobiliare.ro\/imoexpert\/de-ce-au-crescut-preturile-apartamentelor-din-bucuresti-video_db\/aerial-city-view-of-bucharest-northern-side\/\" rel=\"attachment wp-att-56998\"><img loading=\"lazy\" decoding=\"async\" class=\"alignnone size-full wp-image-56998\" src=\"https:\/\/www.imobiliare.ro\/imoexpert\/wp-content\/uploads\/2019\/12\/preturi-apartamente-bucuresti.jpg\" alt=\"\" width=\"800\" height=\"533\" srcset=\"https:\/\/www.imobiliare.ro\/imoexpert\/wp-content\/uploads\/2019\/12\/preturi-apartamente-bucuresti.jpg 800w, https:\/\/www.imobiliare.ro\/imoexpert\/wp-content\/uploads\/2019\/12\/preturi-apartamente-bucuresti-300x200.jpg 300w, https:\/\/www.imobiliare.ro\/imoexpert\/wp-content\/uploads\/2019\/12\/preturi-apartamente-bucuresti-768x512.jpg 768w\" sizes=\"auto, (max-width: 800px) 100vw, 800px\" \/><\/a><\/h2>\n<h2>Zvonurile alarmiste privind pia\u021ba imobiliar\u0103, care au \u00eenceput s\u0103 se propage \u00eenc\u0103 din 2018, au avut ca efect sc\u0103derea interesului cump\u0103r\u0103torilor \u0219i, implicit, a num\u0103rului de v\u00e2nz\u0103ri. Anul 2019 a trecut \u00eens\u0103 f\u0103r\u0103 surprizele nepl\u0103cute prognozate anterior, dar a fost vizibil\u0103 \u00eenc\u0103 din primele luni \u00eencetinirea ritmului de cre\u0219tere pentru pre\u021burile propriet\u0103\u021bilor reziden\u021biale. Dac\u0103 \u00een ultimele trei luni din 2017 ritmul de cre\u0219tere anual era de 9%, la \u00eenceputul lui 2019 acesta sc\u0103zuse deja spre 3,5%. \u00centre timp \u00eens\u0103 pia\u021ba \u0219i-a revenit.<\/h2>\n<p>&#8222;Pia\u021ba imobiliar\u0103 \u0219i-a revenit. To\u021bi cei care \u0219i-au am\u00e2nat decizia de achizi\u021bia anul trecut au ie\u0219it din nou s\u0103 caute propriet\u0103\u021bi. Am v\u0103zut \u0219i \u00een portal o cre\u0219tere a interesului. De asemenea, v\u00e2nz\u0103rile au crescut&#8221;, a declarat Dorel Ni\u021b\u0103, Head of Data &amp; Research <a class=\"article-body-links\"href=\"http:\/\/www.imobiliare.ro\" target=\"_blank\" rel=\"noopener noreferrer\"><span style=\"color: #ff0000;\"><strong>Imobiliare.ro<\/strong><\/span><\/a> \u0219i coordonatorul platformei <a class=\"article-body-links\"href=\"http:\/\/www.analizeimobiliare.ro\" target=\"_blank\" rel=\"noopener noreferrer\"><strong>Analize Imobiliare<\/strong><\/a>, \u00een cadrul emisiunii <span style=\"color: #ff0000;\"><strong>imoExpert<\/strong><\/span>.<\/p>\n<p>Aceast\u0103 majorare a fost vizibil\u0103 \u0219i \u00een datele raportate de Agen\u021bia Na\u021bional\u0103 de Cadastru \u0219i Publicitate Imobiliar\u0103. \u00cen perioada iulie-octombrie, s-a putut observa o cre\u0219tere cu 11%\u00a0 a v\u00e2nz\u0103rilor fa\u021b\u0103 de anul trecut, fapt ce ne situeaz\u0103 la un nivel apropiat de v\u00e2rful din 2017.<\/p>\n<p><iframe loading=\"lazy\" src=\"https:\/\/www.youtube.com\/embed\/rLhkY9yG630\" width=\"560\" height=\"315\" frameborder=\"0\" allowfullscreen=\"allowfullscreen\"><\/iframe><\/p>\n<p>Pre\u021burile au urmat, de asemenea, un trend ascendent, nu doar la nivel na\u021bional, ci \u0219i \u00een Capital\u0103. \u00cen trimestrul III, pre\u021bul mediu solicitat pentru propriet\u0103\u021bile reziden\u021biale din Rom\u00e2nia s-a apreciat cu 3,2% fa\u021b\u0103 de trimestrul anterior. \u00cen Bucure\u0219ti, a ajuns la 1.380 de euro pe mp dup\u0103 o cre\u0219tere cu 5,5% \u00een trei luni.<\/p>\n<p>Doi factori principali au stat la baza acestor major\u0103ri \u00een Capital\u0103, mai exact cererea tot mai mare \u0219i situa\u021bia de pe pia\u021ba imobilelor noi.<\/p>\n<figure id=\"attachment_56996\" aria-describedby=\"caption-attachment-56996\" style=\"width: 774px\" class=\"wp-caption alignnone\"><a class=\"article-body-links\"href=\"https:\/\/www.imobiliare.ro\/imoexpert\/de-ce-au-crescut-preturile-apartamentelor-din-bucuresti-video_db\/cererea\/\" rel=\"attachment wp-att-56996\"><img loading=\"lazy\" decoding=\"async\" class=\"wp-image-56996 size-full\" src=\"https:\/\/www.imobiliare.ro\/imoexpert\/wp-content\/uploads\/2019\/12\/cererea.png\" alt=\"\" width=\"774\" height=\"246\" srcset=\"https:\/\/www.imobiliare.ro\/imoexpert\/wp-content\/uploads\/2019\/12\/cererea.png 774w, https:\/\/www.imobiliare.ro\/imoexpert\/wp-content\/uploads\/2019\/12\/cererea-300x95.png 300w, https:\/\/www.imobiliare.ro\/imoexpert\/wp-content\/uploads\/2019\/12\/cererea-768x244.png 768w\" sizes=\"auto, (max-width: 774px) 100vw, 774px\" \/><\/a><figcaption id=\"caption-attachment-56996\" class=\"wp-caption-text\"><em>Infografic: cererea pentru locuin\u021be noi vs vechi \u00een trimestrul III 2019<\/em><\/figcaption><\/figure>\n<p>&#8222;S-a schimbat pu\u021bin structura imobilelor, astfel \u00eenc\u00e2t \u00een ultimii ani avem o pondere mai mare a imobilelor construite \u00een zone centrale, dorite, care vin cu un pre\u021b mai mare&#8221;, a explicat Ni\u021b\u0103, prezent \u00een platoul <span style=\"color: #ff0000;\"><strong>imoExpert<\/strong><\/span>.<\/p>\n<p>&#8222;Ritmul de cre\u0219tere al pre\u021burilor propriet\u0103\u021bilor noi a fost mai mare dec\u00e2t cel de pe pia\u021ba veche. S\u0103 nu uit\u0103m c\u0103 aici avem \u0219i TVA-ul de 19%&#8221;, a completat el.<\/p>\n<p><iframe loading=\"lazy\" src=\"https:\/\/www.youtube.com\/embed\/VPSItHP-j8E\" width=\"560\" height=\"315\" frameborder=\"0\" allowfullscreen=\"allowfullscreen\"><\/iframe><\/p>\n<p>De altfel, cei interesa\u021bi s\u0103 cumpere o locuin\u021b\u0103 nou\u0103 \u00een Bucure\u0219ti au avut \u0219i de unde alege. Peste 250 de ansambluri reziden\u021biale, cu cel pu\u021bin 20 de apartamente fiecare, se aflau la v\u00e2nzare \u00een Capital\u0103 la finele trimestrului trecut.<\/p>\n<figure id=\"attachment_56997\" aria-describedby=\"caption-attachment-56997\" style=\"width: 863px\" class=\"wp-caption alignnone\"><a class=\"article-body-links\"href=\"https:\/\/www.imobiliare.ro\/imoexpert\/de-ce-au-crescut-preturile-apartamentelor-din-bucuresti-video_db\/proiecte-rezidentiale-la-vanzare\/\" rel=\"attachment wp-att-56997\"><img loading=\"lazy\" decoding=\"async\" class=\"wp-image-56997 size-full\" src=\"https:\/\/www.imobiliare.ro\/imoexpert\/wp-content\/uploads\/2019\/12\/proiecte-rezidentiale-la-vanzare.png\" alt=\"\" width=\"863\" height=\"332\" srcset=\"https:\/\/www.imobiliare.ro\/imoexpert\/wp-content\/uploads\/2019\/12\/proiecte-rezidentiale-la-vanzare.png 863w, https:\/\/www.imobiliare.ro\/imoexpert\/wp-content\/uploads\/2019\/12\/proiecte-rezidentiale-la-vanzare-300x115.png 300w, https:\/\/www.imobiliare.ro\/imoexpert\/wp-content\/uploads\/2019\/12\/proiecte-rezidentiale-la-vanzare-768x295.png 768w\" sizes=\"auto, (max-width: 863px) 100vw, 863px\" \/><\/a><figcaption id=\"caption-attachment-56997\" class=\"wp-caption-text\"><em>Infografic: proiecte reziden\u021biale la v\u00e2nzare \u00een trimestrul III 2019<\/em><\/figcaption><\/figure>\n<p>Cele mai multe dintre acestea erau \u00een continuare \u00een construc\u021bie. \u00cen total, 10.200 de apartamente noi erau disponibile \u00een cadrul acestor proiecte.<\/p>\n<p>Alte 93 de ansambluri cu 3.600 de apartamente se aflau, \u00een aceea\u0219i perioad\u0103, la v\u00e2nzare \u00een jude\u021bul Ilfov.<\/p>\n","protected":false},"excerpt":{"rendered":"<p>Zvonurile alarmiste privind pia\u021ba imobiliar\u0103, care au \u00eenceput s\u0103 se propage \u00eenc\u0103 din 2018, au avut ca efect sc\u0103derea interesului cump\u0103r\u0103torilor \u0219i, implicit, a num\u0103rului de v\u00e2nz\u0103ri. Anul 2019 a trecut \u00eens\u0103 f\u0103r\u0103 surprizele nepl\u0103cute prognozate anterior, dar a fost vizibil\u0103 \u00eenc\u0103 din primele luni \u00eencetinirea ritmului de cre\u0219tere pentru pre\u021burile propriet\u0103\u021bilor reziden\u021biale. Dac\u0103 \u00een [&hellip;]<\/p>\n","protected":false},"author":5891,"featured_media":56998,"comment_status":"open","ping_status":"open","sticky":false,"template":"","format":"standard","meta":{"footnotes":""},"categories":[259,2455],"tags":[333,348,480,1848,1410,1798,1411],"content_author":[],"class_list":["post-56995","post","type-post","status-publish","format-standard","has-post-thumbnail","hentry","category-stiri","category-video","tag-ansambluri-rezidentiale","tag-apartamente-noi","tag-cumparator","tag-emisiune-imoexpert","tag-newsletter","tag-preturi-apartamente-2019","tag-principal"],"yoast_head":"<!-- This site is optimized with the Yoast SEO Premium plugin v27.0 (Yoast SEO v27.0) - https:\/\/yoast.com\/product\/yoast-seo-premium-wordpress\/ -->\n<title>De ce au crescut pre\u021burile apartamentelor din Bucure\u0219ti? - \u0218tiri, Video - ImoExpert<\/title>\n<meta name=\"description\" content=\"Zvonurile alarmiste privind pia\u021ba imobiliar\u0103, care au \u00eenceput s\u0103 se propage \u00eenc\u0103 din 2018, au avut ca efect sc\u0103derea interesului cump\u0103r\u0103torilor \u0219i,\" \/>\n<meta name=\"robots\" content=\"index, follow\" \/>\n<link rel=\"canonical\" href=\"https:\/\/www.imobiliare.ro\/imoexpert\/de-ce-au-crescut-preturile-apartamentelor-din-bucuresti-video_db\/\" \/>\n<meta property=\"og:locale\" content=\"ro_RO\" \/>\n<meta property=\"og:type\" content=\"article\" \/>\n<meta property=\"og:title\" content=\"De ce au crescut pre\u021burile apartamentelor din Bucure\u0219ti?\" \/>\n<meta property=\"og:description\" content=\"Zvonurile alarmiste privind pia\u021ba imobiliar\u0103, care au \u00eenceput s\u0103 se propage \u00eenc\u0103 din 2018, au avut ca efect sc\u0103derea interesului cump\u0103r\u0103torilor \u0219i,\" \/>\n<meta property=\"og:url\" content=\"https:\/\/www.imobiliare.ro\/imoexpert\/de-ce-au-crescut-preturile-apartamentelor-din-bucuresti-video_db\/\" \/>\n<meta property=\"og:site_name\" content=\"ImoExpert\" \/>\n<meta property=\"article:published_time\" content=\"2019-12-03T11:14:03+00:00\" \/>\n<meta property=\"og:image\" content=\"https:\/\/www.imobiliare.ro\/imoexpert\/wp-content\/uploads\/2019\/12\/preturi-apartamente-bucuresti.jpg\" \/>\n\t<meta property=\"og:image:width\" content=\"800\" \/>\n\t<meta property=\"og:image:height\" content=\"533\" \/>\n\t<meta property=\"og:image:type\" content=\"image\/jpeg\" \/>\n<meta name=\"author\" content=\"Corina V\u00e2rlan\" \/>\n<meta name=\"twitter:card\" content=\"summary_large_image\" \/>\n<meta name=\"twitter:label1\" content=\"Written by\" \/>\n\t<meta name=\"twitter:data1\" content=\"Corina V\u00e2rlan\" \/>\n\t<meta name=\"twitter:label2\" content=\"Est. reading time\" \/>\n\t<meta name=\"twitter:data2\" content=\"2 minute\" \/>\n<script type=\"application\/ld+json\" class=\"yoast-schema-graph\">{\"@context\":\"https:\/\/schema.org\",\"@graph\":[{\"@type\":\"Article\",\"@id\":\"https:\/\/www.imobiliare.ro\/imoexpert\/de-ce-au-crescut-preturile-apartamentelor-din-bucuresti-video_db\/#article\",\"isPartOf\":{\"@id\":\"https:\/\/www.imobiliare.ro\/imoexpert\/de-ce-au-crescut-preturile-apartamentelor-din-bucuresti-video_db\/\"},\"author\":{\"name\":\"Corina V\u00e2rlan\",\"@id\":\"https:\/\/www.imobiliare.ro\/imoexpert\/#\/schema\/person\/9ffdfbf24b82f39fc75a2fc6c19e4e99\"},\"headline\":\"De ce au crescut pre\u021burile apartamentelor din Bucure\u0219ti?\",\"datePublished\":\"2019-12-03T11:14:03+00:00\",\"mainEntityOfPage\":{\"@id\":\"https:\/\/www.imobiliare.ro\/imoexpert\/de-ce-au-crescut-preturile-apartamentelor-din-bucuresti-video_db\/\"},\"wordCount\":493,\"commentCount\":0,\"publisher\":{\"@id\":\"https:\/\/www.imobiliare.ro\/imoexpert\/#organization\"},\"image\":{\"@id\":\"https:\/\/www.imobiliare.ro\/imoexpert\/de-ce-au-crescut-preturile-apartamentelor-din-bucuresti-video_db\/#primaryimage\"},\"thumbnailUrl\":\"https:\/\/www.imobiliare.ro\/imoexpert\/wp-content\/uploads\/2019\/12\/preturi-apartamente-bucuresti.jpg\",\"keywords\":[\"Ansambluri rezidentiale\",\"Apartamente noi\",\"cumparator\",\"emisiune imoExpert\",\"newsletter\",\"preturi apartamente 2019\",\"principal\"],\"articleSection\":[\"\u0218tiri\",\"Video\"],\"inLanguage\":\"en\",\"potentialAction\":[{\"@type\":\"CommentAction\",\"name\":\"Comment\",\"target\":[\"https:\/\/www.imobiliare.ro\/imoexpert\/de-ce-au-crescut-preturile-apartamentelor-din-bucuresti-video_db\/#respond\"]}],\"copyrightYear\":\"2019\",\"copyrightHolder\":{\"@id\":\"https:\/\/www.imobiliare.ro\/imoexpert\/#organization\"}},{\"@type\":\"WebPage\",\"@id\":\"https:\/\/www.imobiliare.ro\/imoexpert\/de-ce-au-crescut-preturile-apartamentelor-din-bucuresti-video_db\/\",\"url\":\"https:\/\/www.imobiliare.ro\/imoexpert\/de-ce-au-crescut-preturile-apartamentelor-din-bucuresti-video_db\/\",\"name\":\"De ce au crescut pre\u021burile apartamentelor din Bucure\u0219ti? - \u0218tiri, Video - ImoExpert\",\"isPartOf\":{\"@id\":\"https:\/\/www.imobiliare.ro\/imoexpert\/#website\"},\"primaryImageOfPage\":{\"@id\":\"https:\/\/www.imobiliare.ro\/imoexpert\/de-ce-au-crescut-preturile-apartamentelor-din-bucuresti-video_db\/#primaryimage\"},\"image\":{\"@id\":\"https:\/\/www.imobiliare.ro\/imoexpert\/de-ce-au-crescut-preturile-apartamentelor-din-bucuresti-video_db\/#primaryimage\"},\"thumbnailUrl\":\"https:\/\/www.imobiliare.ro\/imoexpert\/wp-content\/uploads\/2019\/12\/preturi-apartamente-bucuresti.jpg\",\"datePublished\":\"2019-12-03T11:14:03+00:00\",\"description\":\"Zvonurile alarmiste privind pia\u021ba imobiliar\u0103, care au \u00eenceput s\u0103 se propage \u00eenc\u0103 din 2018, au avut ca efect sc\u0103derea interesului cump\u0103r\u0103torilor \u0219i,\",\"breadcrumb\":{\"@id\":\"https:\/\/www.imobiliare.ro\/imoexpert\/de-ce-au-crescut-preturile-apartamentelor-din-bucuresti-video_db\/#breadcrumb\"},\"inLanguage\":\"en\",\"potentialAction\":[{\"@type\":\"ReadAction\",\"target\":[\"https:\/\/www.imobiliare.ro\/imoexpert\/de-ce-au-crescut-preturile-apartamentelor-din-bucuresti-video_db\/\"]}]},{\"@type\":\"ImageObject\",\"inLanguage\":\"en\",\"@id\":\"https:\/\/www.imobiliare.ro\/imoexpert\/de-ce-au-crescut-preturile-apartamentelor-din-bucuresti-video_db\/#primaryimage\",\"url\":\"https:\/\/www.imobiliare.ro\/imoexpert\/wp-content\/uploads\/2019\/12\/preturi-apartamente-bucuresti.jpg\",\"contentUrl\":\"https:\/\/www.imobiliare.ro\/imoexpert\/wp-content\/uploads\/2019\/12\/preturi-apartamente-bucuresti.jpg\",\"width\":800,\"height\":533},{\"@type\":\"BreadcrumbList\",\"@id\":\"https:\/\/www.imobiliare.ro\/imoexpert\/de-ce-au-crescut-preturile-apartamentelor-din-bucuresti-video_db\/#breadcrumb\",\"itemListElement\":[{\"@type\":\"ListItem\",\"position\":1,\"name\":\"Imoradar24\",\"item\":\"https:\/\/www.imoradar24.ro\"},{\"@type\":\"ListItem\",\"position\":2,\"name\":\"ImoExpert\",\"item\":\"https:\/\/www.imobiliare.ro\/imoexpert\/\"},{\"@type\":\"ListItem\",\"position\":3,\"name\":\"\u0218tiri\",\"item\":\"https:\/\/www.imobiliare.ro\/imoexpert\/stiri\/\"},{\"@type\":\"ListItem\",\"position\":4,\"name\":\"De ce au crescut pre\u021burile apartamentelor din Bucure\u0219ti?\"}]},{\"@type\":\"WebSite\",\"@id\":\"https:\/\/www.imobiliare.ro\/imoexpert\/#website\",\"url\":\"https:\/\/www.imobiliare.ro\/imoexpert\/\",\"name\":\"ImoExpert\",\"description\":\"cele mai importante \u015ftiri din domeniul imobiliar\",\"publisher\":{\"@id\":\"https:\/\/www.imobiliare.ro\/imoexpert\/#organization\"},\"inLanguage\":\"en\"},{\"@type\":\"Organization\",\"@id\":\"https:\/\/www.imobiliare.ro\/imoexpert\/#organization\",\"name\":\"Imobiliare.ro\",\"alternateName\":\"Realmedia Network SA\",\"url\":\"https:\/\/www.imobiliare.ro\/imoexpert\/\",\"logo\":{\"@type\":\"ImageObject\",\"inLanguage\":\"en\",\"@id\":\"https:\/\/www.imobiliare.ro\/imoexpert\/#\/schema\/logo\/image\/\",\"url\":\"https:\/\/www.imobiliare.ro\/imoexpert\/wp-content\/uploads\/2025\/05\/imobiliare_logo.png\",\"contentUrl\":\"https:\/\/www.imobiliare.ro\/imoexpert\/wp-content\/uploads\/2025\/05\/imobiliare_logo.png\",\"width\":237,\"height\":29,\"caption\":\"Imobiliare.ro\"},\"image\":{\"@id\":\"https:\/\/www.imobiliare.ro\/imoexpert\/#\/schema\/logo\/image\/\"}},{\"@type\":\"Person\",\"@id\":\"https:\/\/www.imobiliare.ro\/imoexpert\/#\/schema\/person\/9ffdfbf24b82f39fc75a2fc6c19e4e99\",\"name\":\"Corina V\u00e2rlan\",\"image\":{\"@type\":\"ImageObject\",\"inLanguage\":\"en\",\"@id\":\"https:\/\/www.imobiliare.ro\/imoexpert\/#\/schema\/person\/image\/\",\"url\":\"https:\/\/www.imobiliare.ro\/imoexpert\/wp-content\/uploads\/2026\/02\/12-02-2025-5-rezumat-brasov-thumb-reels-1-1-96x96.png\",\"contentUrl\":\"https:\/\/www.imobiliare.ro\/imoexpert\/wp-content\/uploads\/2026\/02\/12-02-2025-5-rezumat-brasov-thumb-reels-1-1-96x96.png\",\"caption\":\"Corina V\u00e2rlan\"},\"description\":\"Cu o experien\u021b\u0103 de 14 ani \u00een presa online, comunicare \u0219i content marketing, Corina V\u00e2rlan s-a al\u0103turat echipei Imobiliare.ro \u00een urm\u0103 cu 8 ani \u0219i ocup\u0103, \u00een prezent, func\u021bia de Content Manager. Ea este gazda emisiunii \\\"\u00centreab\u0103 expertul\\\" \u0219i a seriei 5 \u0218tiri Imobiliare.ro, realizate \u00een parteneriat cu Libertatea. Corina \u00ee\u0219i concentreaz\u0103 activitatea pe analiza datelor de pia\u021b\u0103 \u0219i pe subiecte de interes at\u00e2t pentru cei afla\u021bi \u00een c\u0103utarea unei locuin\u021be, c\u00e2t \u0219i pentru proprietari sau chiria\u0219i.\",\"alternateName\":\"Corina\",\"jobTitle\":\"Content Manager\",\"url\":\"https:\/\/www.imobiliare.ro\/imoexpert\/author\/corina-varlan\/\"}]}<\/script>\n<!-- \/ Yoast SEO Premium plugin. -->","yoast_head_json":{"title":"De ce au crescut pre\u021burile apartamentelor din Bucure\u0219ti? - \u0218tiri, Video - ImoExpert","description":"Zvonurile alarmiste privind pia\u021ba imobiliar\u0103, care au \u00eenceput s\u0103 se propage \u00eenc\u0103 din 2018, au avut ca efect sc\u0103derea interesului cump\u0103r\u0103torilor \u0219i,","robots":{"index":"index","follow":"follow"},"canonical":"https:\/\/www.imobiliare.ro\/imoexpert\/de-ce-au-crescut-preturile-apartamentelor-din-bucuresti-video_db\/","og_locale":"ro_RO","og_type":"article","og_title":"De ce au crescut pre\u021burile apartamentelor din Bucure\u0219ti?","og_description":"Zvonurile alarmiste privind pia\u021ba imobiliar\u0103, care au \u00eenceput s\u0103 se propage \u00eenc\u0103 din 2018, au avut ca efect sc\u0103derea interesului cump\u0103r\u0103torilor \u0219i,","og_url":"https:\/\/www.imobiliare.ro\/imoexpert\/de-ce-au-crescut-preturile-apartamentelor-din-bucuresti-video_db\/","og_site_name":"ImoExpert","article_published_time":"2019-12-03T11:14:03+00:00","og_image":[{"width":800,"height":533,"url":"https:\/\/www.imobiliare.ro\/imoexpert\/wp-content\/uploads\/2019\/12\/preturi-apartamente-bucuresti.jpg","type":"image\/jpeg"}],"author":"Corina V\u00e2rlan","twitter_card":"summary_large_image","twitter_misc":{"Written by":"Corina V\u00e2rlan","Est. reading time":"2 minute"},"schema":{"@context":"https:\/\/schema.org","@graph":[{"@type":"Article","@id":"https:\/\/www.imobiliare.ro\/imoexpert\/de-ce-au-crescut-preturile-apartamentelor-din-bucuresti-video_db\/#article","isPartOf":{"@id":"https:\/\/www.imobiliare.ro\/imoexpert\/de-ce-au-crescut-preturile-apartamentelor-din-bucuresti-video_db\/"},"author":{"name":"Corina V\u00e2rlan","@id":"https:\/\/www.imobiliare.ro\/imoexpert\/#\/schema\/person\/9ffdfbf24b82f39fc75a2fc6c19e4e99"},"headline":"De ce au crescut pre\u021burile apartamentelor din Bucure\u0219ti?","datePublished":"2019-12-03T11:14:03+00:00","mainEntityOfPage":{"@id":"https:\/\/www.imobiliare.ro\/imoexpert\/de-ce-au-crescut-preturile-apartamentelor-din-bucuresti-video_db\/"},"wordCount":493,"commentCount":0,"publisher":{"@id":"https:\/\/www.imobiliare.ro\/imoexpert\/#organization"},"image":{"@id":"https:\/\/www.imobiliare.ro\/imoexpert\/de-ce-au-crescut-preturile-apartamentelor-din-bucuresti-video_db\/#primaryimage"},"thumbnailUrl":"https:\/\/www.imobiliare.ro\/imoexpert\/wp-content\/uploads\/2019\/12\/preturi-apartamente-bucuresti.jpg","keywords":["Ansambluri rezidentiale","Apartamente noi","cumparator","emisiune imoExpert","newsletter","preturi apartamente 2019","principal"],"articleSection":["\u0218tiri","Video"],"inLanguage":"en","potentialAction":[{"@type":"CommentAction","name":"Comment","target":["https:\/\/www.imobiliare.ro\/imoexpert\/de-ce-au-crescut-preturile-apartamentelor-din-bucuresti-video_db\/#respond"]}],"copyrightYear":"2019","copyrightHolder":{"@id":"https:\/\/www.imobiliare.ro\/imoexpert\/#organization"}},{"@type":"WebPage","@id":"https:\/\/www.imobiliare.ro\/imoexpert\/de-ce-au-crescut-preturile-apartamentelor-din-bucuresti-video_db\/","url":"https:\/\/www.imobiliare.ro\/imoexpert\/de-ce-au-crescut-preturile-apartamentelor-din-bucuresti-video_db\/","name":"De ce au crescut pre\u021burile apartamentelor din Bucure\u0219ti? - \u0218tiri, Video - ImoExpert","isPartOf":{"@id":"https:\/\/www.imobiliare.ro\/imoexpert\/#website"},"primaryImageOfPage":{"@id":"https:\/\/www.imobiliare.ro\/imoexpert\/de-ce-au-crescut-preturile-apartamentelor-din-bucuresti-video_db\/#primaryimage"},"image":{"@id":"https:\/\/www.imobiliare.ro\/imoexpert\/de-ce-au-crescut-preturile-apartamentelor-din-bucuresti-video_db\/#primaryimage"},"thumbnailUrl":"https:\/\/www.imobiliare.ro\/imoexpert\/wp-content\/uploads\/2019\/12\/preturi-apartamente-bucuresti.jpg","datePublished":"2019-12-03T11:14:03+00:00","description":"Zvonurile alarmiste privind pia\u021ba imobiliar\u0103, care au \u00eenceput s\u0103 se propage \u00eenc\u0103 din 2018, au avut ca efect sc\u0103derea interesului cump\u0103r\u0103torilor \u0219i,","breadcrumb":{"@id":"https:\/\/www.imobiliare.ro\/imoexpert\/de-ce-au-crescut-preturile-apartamentelor-din-bucuresti-video_db\/#breadcrumb"},"inLanguage":"en","potentialAction":[{"@type":"ReadAction","target":["https:\/\/www.imobiliare.ro\/imoexpert\/de-ce-au-crescut-preturile-apartamentelor-din-bucuresti-video_db\/"]}]},{"@type":"ImageObject","inLanguage":"en","@id":"https:\/\/www.imobiliare.ro\/imoexpert\/de-ce-au-crescut-preturile-apartamentelor-din-bucuresti-video_db\/#primaryimage","url":"https:\/\/www.imobiliare.ro\/imoexpert\/wp-content\/uploads\/2019\/12\/preturi-apartamente-bucuresti.jpg","contentUrl":"https:\/\/www.imobiliare.ro\/imoexpert\/wp-content\/uploads\/2019\/12\/preturi-apartamente-bucuresti.jpg","width":800,"height":533},{"@type":"BreadcrumbList","@id":"https:\/\/www.imobiliare.ro\/imoexpert\/de-ce-au-crescut-preturile-apartamentelor-din-bucuresti-video_db\/#breadcrumb","itemListElement":[{"@type":"ListItem","position":1,"name":"Imoradar24","item":"https:\/\/www.imoradar24.ro"},{"@type":"ListItem","position":2,"name":"ImoExpert","item":"https:\/\/www.imobiliare.ro\/imoexpert\/"},{"@type":"ListItem","position":3,"name":"\u0218tiri","item":"https:\/\/www.imobiliare.ro\/imoexpert\/stiri\/"},{"@type":"ListItem","position":4,"name":"De ce au crescut pre\u021burile apartamentelor din Bucure\u0219ti?"}]},{"@type":"WebSite","@id":"https:\/\/www.imobiliare.ro\/imoexpert\/#website","url":"https:\/\/www.imobiliare.ro\/imoexpert\/","name":"ImoExpert","description":"cele mai importante \u015ftiri din domeniul imobiliar","publisher":{"@id":"https:\/\/www.imobiliare.ro\/imoexpert\/#organization"},"inLanguage":"en"},{"@type":"Organization","@id":"https:\/\/www.imobiliare.ro\/imoexpert\/#organization","name":"Imobiliare.ro","alternateName":"Realmedia Network SA","url":"https:\/\/www.imobiliare.ro\/imoexpert\/","logo":{"@type":"ImageObject","inLanguage":"en","@id":"https:\/\/www.imobiliare.ro\/imoexpert\/#\/schema\/logo\/image\/","url":"https:\/\/www.imobiliare.ro\/imoexpert\/wp-content\/uploads\/2025\/05\/imobiliare_logo.png","contentUrl":"https:\/\/www.imobiliare.ro\/imoexpert\/wp-content\/uploads\/2025\/05\/imobiliare_logo.png","width":237,"height":29,"caption":"Imobiliare.ro"},"image":{"@id":"https:\/\/www.imobiliare.ro\/imoexpert\/#\/schema\/logo\/image\/"}},{"@type":"Person","@id":"https:\/\/www.imobiliare.ro\/imoexpert\/#\/schema\/person\/9ffdfbf24b82f39fc75a2fc6c19e4e99","name":"Corina V\u00e2rlan","image":{"@type":"ImageObject","inLanguage":"en","@id":"https:\/\/www.imobiliare.ro\/imoexpert\/#\/schema\/person\/image\/","url":"https:\/\/www.imobiliare.ro\/imoexpert\/wp-content\/uploads\/2026\/02\/12-02-2025-5-rezumat-brasov-thumb-reels-1-1-96x96.png","contentUrl":"https:\/\/www.imobiliare.ro\/imoexpert\/wp-content\/uploads\/2026\/02\/12-02-2025-5-rezumat-brasov-thumb-reels-1-1-96x96.png","caption":"Corina V\u00e2rlan"},"description":"Cu o experien\u021b\u0103 de 14 ani \u00een presa online, comunicare \u0219i content marketing, Corina V\u00e2rlan s-a al\u0103turat echipei Imobiliare.ro \u00een urm\u0103 cu 8 ani \u0219i ocup\u0103, \u00een prezent, func\u021bia de Content Manager. Ea este gazda emisiunii \"\u00centreab\u0103 expertul\" \u0219i a seriei 5 \u0218tiri Imobiliare.ro, realizate \u00een parteneriat cu Libertatea. Corina \u00ee\u0219i concentreaz\u0103 activitatea pe analiza datelor de pia\u021b\u0103 \u0219i pe subiecte de interes at\u00e2t pentru cei afla\u021bi \u00een c\u0103utarea unei locuin\u021be, c\u00e2t \u0219i pentru proprietari sau chiria\u0219i.","alternateName":"Corina","jobTitle":"Content Manager","url":"https:\/\/www.imobiliare.ro\/imoexpert\/author\/corina-varlan\/"}]}},"_links":{"self":[{"href":"https:\/\/www.imobiliare.ro\/imoexpert\/wp-json\/wp\/v2\/posts\/56995","targetHints":{"allow":["GET"]}}],"collection":[{"href":"https:\/\/www.imobiliare.ro\/imoexpert\/wp-json\/wp\/v2\/posts"}],"about":[{"href":"https:\/\/www.imobiliare.ro\/imoexpert\/wp-json\/wp\/v2\/types\/post"}],"author":[{"embeddable":true,"href":"https:\/\/www.imobiliare.ro\/imoexpert\/wp-json\/wp\/v2\/users\/5891"}],"replies":[{"embeddable":true,"href":"https:\/\/www.imobiliare.ro\/imoexpert\/wp-json\/wp\/v2\/comments?post=56995"}],"version-history":[{"count":0,"href":"https:\/\/www.imobiliare.ro\/imoexpert\/wp-json\/wp\/v2\/posts\/56995\/revisions"}],"wp:featuredmedia":[{"embeddable":true,"href":"https:\/\/www.imobiliare.ro\/imoexpert\/wp-json\/wp\/v2\/media\/56998"}],"wp:attachment":[{"href":"https:\/\/www.imobiliare.ro\/imoexpert\/wp-json\/wp\/v2\/media?parent=56995"}],"wp:term":[{"taxonomy":"category","embeddable":true,"href":"https:\/\/www.imobiliare.ro\/imoexpert\/wp-json\/wp\/v2\/categories?post=56995"},{"taxonomy":"post_tag","embeddable":true,"href":"https:\/\/www.imobiliare.ro\/imoexpert\/wp-json\/wp\/v2\/tags?post=56995"},{"taxonomy":"content_author","embeddable":true,"href":"https:\/\/www.imobiliare.ro\/imoexpert\/wp-json\/wp\/v2\/content_author?post=56995"}],"curies":[{"name":"wp","href":"https:\/\/api.w.org\/{rel}","templated":true}]}}