{"id":57105,"date":"2019-12-20T18:41:38","date_gmt":"2019-12-20T16:41:38","guid":{"rendered":"https:\/\/www.imobiliare.ro\/imoexpert\/?p=57105"},"modified":"2019-12-20T18:41:38","modified_gmt":"2019-12-20T16:41:38","slug":"proiect-100-verde-la-marginea-capitalei-platesti-iarna-incalzirea-cu-echivalentul-a-doua-meniuri-de-mancare","status":"publish","type":"post","link":"https:\/\/www.imobiliare.ro\/imoexpert\/proiect-100-verde-la-marginea-capitalei-platesti-iarna-incalzirea-cu-echivalentul-a-doua-meniuri-de-mancare_db\/","title":{"rendered":"Proiect 100% verde la marginea Capitalei. Pl\u0103te\u0219ti iarna \u00eenc\u0103lzirea cu echivalentul a dou\u0103 meniuri de m\u00e2ncare"},"content":{"rendered":"<h2><a class=\"article-body-links\"href=\"https:\/\/www.imobiliare.ro\/imoexpert\/proiect-100-verde-la-marginea-capitalei-platesti-iarna-incalzirea-cu-echivalentul-a-doua-meniuri-de-mancare_db\/loft-green-apartments-mogosoaia\/\" rel=\"attachment wp-att-57107\"><img loading=\"lazy\" decoding=\"async\" class=\"alignnone size-large wp-image-57107\" src=\"https:\/\/www.imobiliare.ro\/imoexpert\/wp-content\/uploads\/2019\/12\/loft-green-apartments-mogosoaia-1024x683.jpg\" alt=\"\" width=\"1024\" height=\"683\" srcset=\"https:\/\/www.imobiliare.ro\/imoexpert\/wp-content\/uploads\/2019\/12\/loft-green-apartments-mogosoaia-1024x683.jpg 1024w, https:\/\/www.imobiliare.ro\/imoexpert\/wp-content\/uploads\/2019\/12\/loft-green-apartments-mogosoaia-300x200.jpg 300w, https:\/\/www.imobiliare.ro\/imoexpert\/wp-content\/uploads\/2019\/12\/loft-green-apartments-mogosoaia-768x512.jpg 768w, https:\/\/www.imobiliare.ro\/imoexpert\/wp-content\/uploads\/2019\/12\/loft-green-apartments-mogosoaia.jpg 1440w\" sizes=\"auto, (max-width: 1024px) 100vw, 1024px\" \/><\/a><\/h2>\n<h2>Dezvoltatorul unui ansamblu aflat \u00een construc\u021bie la marginea Capitalei, \u00een Mogo\u0219oaia, le promite cump\u0103r\u0103torilor costuri extrem de reduse pentru ap\u0103 cald\u0103, \u00eenc\u0103lzirea \u0219i r\u0103cirea apartamentelor. Prima cl\u0103dire a fost inaugurat\u0103 deja \u0219i este 100% verde, dup\u0103 cum spune acesta.<\/h2>\n<p>&#8222;Este prima cl\u0103dire din Rom\u00e2nia care a fost verde la construc\u021bie, s-au respectat standardele, s\u0103 nu polueze, \u0219i automat, c\u00e2nd o predai devine 100% verde. Nu avem gaz, curentul este cump\u0103rat doar din surse verzi &#8211; hidrocentrale sau panouri fotovoltaice, eoliene \u0219i a\u0219a mai departe, avem prize pentru ma\u0219ini electrice, gunoiul se recicleaz\u0103 integral (&#8230;) la 50 de metri avem autobuzul \u0219i avem parcare pentru biciclete&#8221;, a declarat Gabriel Foc\u0219eneanu, managerul ansamblului \u00een cauz\u0103, numit LOFT green apartments, \u00een cadrul edi\u021biei din decembrie a emisiunii <span style=\"color: #ff0000;\"><strong>imoExpert<\/strong><\/span>.<\/p>\n<p>&#8222;Tr\u0103ind acolo, ar trebui s\u0103 nu poluezi absolut deloc&#8221;, a mai punctat el.<\/p>\n<p>Foc\u0219eneanu \u0219i echipa sa implementeaz\u0103 sisteme verzi de inginerie \u00eenc\u0103 din 2007. LOFT green apartments este al doilea proiect reziden\u021bial dezvoltat de ei, dup\u0103 un ansamblu de vile cu un concept similar situat \u00een Sectorul 5 din Bucure\u0219ti.<\/p>\n<p><a class=\"article-body-links\"href=\"https:\/\/www.imobiliare.ro\/imoexpert\/proiect-100-verde-la-marginea-capitalei-platesti-iarna-incalzirea-cu-echivalentul-a-doua-meniuri-de-mancare_db\/focseneanu-loft\/\" rel=\"attachment wp-att-57111\"><img loading=\"lazy\" decoding=\"async\" class=\"alignnone size-large wp-image-57111\" src=\"https:\/\/www.imobiliare.ro\/imoexpert\/wp-content\/uploads\/2019\/12\/focseneanu-loft-1024x745.jpg\" alt=\"\" width=\"1024\" height=\"745\" srcset=\"https:\/\/www.imobiliare.ro\/imoexpert\/wp-content\/uploads\/2019\/12\/focseneanu-loft-1024x745.jpg 1024w, https:\/\/www.imobiliare.ro\/imoexpert\/wp-content\/uploads\/2019\/12\/focseneanu-loft-300x218.jpg 300w, https:\/\/www.imobiliare.ro\/imoexpert\/wp-content\/uploads\/2019\/12\/focseneanu-loft-768x559.jpg 768w, https:\/\/www.imobiliare.ro\/imoexpert\/wp-content\/uploads\/2019\/12\/focseneanu-loft-1536x1118.jpg 1536w, https:\/\/www.imobiliare.ro\/imoexpert\/wp-content\/uploads\/2019\/12\/focseneanu-loft-2048x1490.jpg 2048w\" sizes=\"auto, (max-width: 1024px) 100vw, 1024px\" \/><\/a><\/p>\n<p>&#8222;Avem un proiect mai mic, finalizat \u0219i predat \u00een 2016. Acolo sunt 32 de case \u00een\u0219iruite (&#8230;). Este primul proiect reziden\u021bial din Rom\u00e2nia f\u0103r\u0103 poluare, nu consum\u0103 gaz \u0219i costurile de \u00eenc\u0103lzire \u00een perioada iernii sunt undeva la 100 de lei pe lun\u0103 pentru o cas\u0103 de 110 mp utili&#8221;, ne-a explicat managerul.<\/p>\n<p>&#8222;Av\u00e2nd acest istoric, am \u00eenceput un proiect mai amplu, cu 3 blocuri, unde \u00eenc\u0103lzirea la un apartament cu 2 camere \u00een perioada rece va fi undeva c\u00e2t dou\u0103 meniuri de m\u00e2ncare, undeva la 50 de lei pe lun\u0103&#8221;, a mai spus el, ad\u0103ug\u00e2nd c\u0103 pentru r\u0103cire, \u00een luna august, viitorii proprietari vor pl\u0103ti \u00een jur de 20 de lei pentru a avea \u00een locuin\u021b\u0103 o temperatur\u0103 de 22-23 de grade Celsius.<\/p>\n<p>\u00cenc\u0103lzirea, r\u0103cirea \u0219i apa cald\u0103 sunt asigurate \u00een ansamblul din Mogo\u0219oaia printr-un sistem cu pompe geotermice, importat din Suedia. Foc\u0219eneanu a explicat \u00een platoul imoExpert principiul \u00een baza c\u0103ruia func\u021bioneaz\u0103 acesta, f\u0103c\u00e2nd o analogie cu felul \u00een care func\u021bioneaz\u0103 un simplu frigider.<\/p>\n<p><iframe loading=\"lazy\" src=\"https:\/\/www.youtube.com\/embed\/QSduuqvAn6o\" width=\"560\" height=\"315\" frameborder=\"0\" allowfullscreen=\"allowfullscreen\"><\/iframe><\/p>\n<p><a class=\"article-body-links\"href=\"https:\/\/www.youtube.com\/watch?v=UVhWhRZ6iy8\" target=\"_blank\" rel=\"noopener noreferrer\"><span style=\"color: #ff0000;\"><strong>URM\u0102RE\u0218TE EDI\u021aIA INTEGRAL\u0102 DIN DECEMBRIE A EMISIUNII IMOEXPERT<\/strong><\/span><\/a><\/p>\n<p>&#8222;Pompa de c\u0103ldur\u0103 func\u021bioneaz\u0103 fix ca un frigider. \u00cen cazul de fa\u021b\u0103, noi capt\u0103m din p\u0103m\u00e2nt o temperatur\u0103 pe care o transfer\u0103m \u00een apartamente \u00een apa cald\u0103, iar vara capt\u0103m din apartamente un surplus de c\u0103ldur\u0103 pe care \u00eel transfer\u0103m \u00een p\u0103m\u00e2nt. Temperatura p\u0103m\u00e2ntului este constant\u0103 pe tot timpul anului&#8221;, a detaliat el.<\/p>\n<p>Proiectul LOFT green apartments va cuprinde la finalizare trei blocuri cu 154 de apartamente cu p\u00e2n\u0103 la 3 camere \u0219i design de tip loft. Pentru interiorul locuin\u021belor se folosesc materiale brute, precum c\u0103r\u0103mida sau betonul aparent, un aspect care, potrivit dezvoltatorului, va men\u021bine la un nivel sc\u0103zut \u0219i costurile cu \u00eentre\u021binerea acestora. Investi\u021bia \u00een ansamblu este estimat\u0103 la circa 10 milioane de euro.<\/p>\n","protected":false},"excerpt":{"rendered":"<p>Dezvoltatorul unui ansamblu aflat \u00een construc\u021bie la marginea Capitalei, \u00een Mogo\u0219oaia, le promite cump\u0103r\u0103torilor costuri extrem de reduse pentru ap\u0103 cald\u0103, \u00eenc\u0103lzirea \u0219i r\u0103cirea apartamentelor. Prima cl\u0103dire a fost inaugurat\u0103 deja \u0219i este 100% verde, dup\u0103 cum spune acesta. &#8222;Este prima cl\u0103dire din Rom\u00e2nia care a fost verde la construc\u021bie, s-au respectat standardele, s\u0103 nu [&hellip;]<\/p>\n","protected":false},"author":5891,"featured_media":57107,"comment_status":"open","ping_status":"open","sticky":false,"template":"","format":"standard","meta":{"footnotes":""},"categories":[259],"tags":[495,1848,540,1780],"content_author":[],"class_list":["post-57105","post","type-post","status-publish","format-standard","has-post-thumbnail","hentry","category-stiri","tag-cladiri-verzi","tag-emisiune-imoexpert","tag-incalzire","tag-loft-green-apartments"],"yoast_head":"<!-- This site is optimized with the Yoast SEO Premium plugin v27.0 (Yoast SEO v27.0) - https:\/\/yoast.com\/product\/yoast-seo-premium-wordpress\/ -->\n<title>Proiect 100% verde la marginea Capitalei. Pl\u0103te\u0219ti iarna \u00eenc\u0103lzirea cu echivalentul a dou\u0103 meniuri de m\u00e2ncare - \u0218tiri - ImoExpert<\/title>\n<meta name=\"description\" content=\"Dezvoltatorul unui ansamblu aflat \u00een construc\u021bie la marginea Capitalei, \u00een Mogo\u0219oaia, le promite cump\u0103r\u0103torilor costuri extrem de reduse pentru ap\u0103 cald\u0103,\" \/>\n<meta name=\"robots\" content=\"index, follow\" \/>\n<link rel=\"canonical\" href=\"https:\/\/www.imobiliare.ro\/imoexpert\/proiect-100-verde-la-marginea-capitalei-platesti-iarna-incalzirea-cu-echivalentul-a-doua-meniuri-de-mancare_db\/\" \/>\n<meta property=\"og:locale\" content=\"ro_RO\" \/>\n<meta property=\"og:type\" content=\"article\" \/>\n<meta property=\"og:title\" content=\"Proiect 100% verde la marginea Capitalei. Pl\u0103te\u0219ti iarna \u00eenc\u0103lzirea cu echivalentul a dou\u0103 meniuri de m\u00e2ncare\" \/>\n<meta property=\"og:description\" content=\"Dezvoltatorul unui ansamblu aflat \u00een construc\u021bie la marginea Capitalei, \u00een Mogo\u0219oaia, le promite cump\u0103r\u0103torilor costuri extrem de reduse pentru ap\u0103 cald\u0103,\" \/>\n<meta property=\"og:url\" content=\"https:\/\/www.imobiliare.ro\/imoexpert\/proiect-100-verde-la-marginea-capitalei-platesti-iarna-incalzirea-cu-echivalentul-a-doua-meniuri-de-mancare_db\/\" \/>\n<meta property=\"og:site_name\" content=\"ImoExpert\" \/>\n<meta property=\"article:published_time\" content=\"2019-12-20T16:41:38+00:00\" \/>\n<meta property=\"og:image\" content=\"https:\/\/www.imobiliare.ro\/imoexpert\/wp-content\/uploads\/2019\/12\/loft-green-apartments-mogosoaia.jpg\" \/>\n\t<meta property=\"og:image:width\" content=\"1440\" \/>\n\t<meta property=\"og:image:height\" content=\"960\" \/>\n\t<meta property=\"og:image:type\" content=\"image\/jpeg\" \/>\n<meta name=\"author\" content=\"Corina V\u00e2rlan\" \/>\n<meta name=\"twitter:card\" content=\"summary_large_image\" \/>\n<meta name=\"twitter:label1\" content=\"Written by\" \/>\n\t<meta name=\"twitter:data1\" content=\"Corina V\u00e2rlan\" \/>\n\t<meta name=\"twitter:label2\" content=\"Est. reading time\" \/>\n\t<meta name=\"twitter:data2\" content=\"3 minute\" \/>\n<script type=\"application\/ld+json\" class=\"yoast-schema-graph\">{\"@context\":\"https:\/\/schema.org\",\"@graph\":[{\"@type\":\"Article\",\"@id\":\"https:\/\/www.imobiliare.ro\/imoexpert\/proiect-100-verde-la-marginea-capitalei-platesti-iarna-incalzirea-cu-echivalentul-a-doua-meniuri-de-mancare_db\/#article\",\"isPartOf\":{\"@id\":\"https:\/\/www.imobiliare.ro\/imoexpert\/proiect-100-verde-la-marginea-capitalei-platesti-iarna-incalzirea-cu-echivalentul-a-doua-meniuri-de-mancare_db\/\"},\"author\":{\"name\":\"Corina V\u00e2rlan\",\"@id\":\"https:\/\/www.imobiliare.ro\/imoexpert\/#\/schema\/person\/9ffdfbf24b82f39fc75a2fc6c19e4e99\"},\"headline\":\"Proiect 100% verde la marginea Capitalei. Pl\u0103te\u0219ti iarna \u00eenc\u0103lzirea cu echivalentul a dou\u0103 meniuri de m\u00e2ncare\",\"datePublished\":\"2019-12-20T16:41:38+00:00\",\"mainEntityOfPage\":{\"@id\":\"https:\/\/www.imobiliare.ro\/imoexpert\/proiect-100-verde-la-marginea-capitalei-platesti-iarna-incalzirea-cu-echivalentul-a-doua-meniuri-de-mancare_db\/\"},\"wordCount\":533,\"commentCount\":0,\"publisher\":{\"@id\":\"https:\/\/www.imobiliare.ro\/imoexpert\/#organization\"},\"image\":{\"@id\":\"https:\/\/www.imobiliare.ro\/imoexpert\/proiect-100-verde-la-marginea-capitalei-platesti-iarna-incalzirea-cu-echivalentul-a-doua-meniuri-de-mancare_db\/#primaryimage\"},\"thumbnailUrl\":\"https:\/\/www.imobiliare.ro\/imoexpert\/wp-content\/uploads\/2019\/12\/loft-green-apartments-mogosoaia.jpg\",\"keywords\":[\"cladiri verzi\",\"emisiune imoExpert\",\"incalzire\",\"LOFT Green Apartments\"],\"articleSection\":[\"\u0218tiri\"],\"inLanguage\":\"en\",\"potentialAction\":[{\"@type\":\"CommentAction\",\"name\":\"Comment\",\"target\":[\"https:\/\/www.imobiliare.ro\/imoexpert\/proiect-100-verde-la-marginea-capitalei-platesti-iarna-incalzirea-cu-echivalentul-a-doua-meniuri-de-mancare_db\/#respond\"]}],\"copyrightYear\":\"2019\",\"copyrightHolder\":{\"@id\":\"https:\/\/www.imobiliare.ro\/imoexpert\/#organization\"}},{\"@type\":\"WebPage\",\"@id\":\"https:\/\/www.imobiliare.ro\/imoexpert\/proiect-100-verde-la-marginea-capitalei-platesti-iarna-incalzirea-cu-echivalentul-a-doua-meniuri-de-mancare_db\/\",\"url\":\"https:\/\/www.imobiliare.ro\/imoexpert\/proiect-100-verde-la-marginea-capitalei-platesti-iarna-incalzirea-cu-echivalentul-a-doua-meniuri-de-mancare_db\/\",\"name\":\"Proiect 100% verde la marginea Capitalei. Pl\u0103te\u0219ti iarna \u00eenc\u0103lzirea cu echivalentul a dou\u0103 meniuri de m\u00e2ncare - \u0218tiri - ImoExpert\",\"isPartOf\":{\"@id\":\"https:\/\/www.imobiliare.ro\/imoexpert\/#website\"},\"primaryImageOfPage\":{\"@id\":\"https:\/\/www.imobiliare.ro\/imoexpert\/proiect-100-verde-la-marginea-capitalei-platesti-iarna-incalzirea-cu-echivalentul-a-doua-meniuri-de-mancare_db\/#primaryimage\"},\"image\":{\"@id\":\"https:\/\/www.imobiliare.ro\/imoexpert\/proiect-100-verde-la-marginea-capitalei-platesti-iarna-incalzirea-cu-echivalentul-a-doua-meniuri-de-mancare_db\/#primaryimage\"},\"thumbnailUrl\":\"https:\/\/www.imobiliare.ro\/imoexpert\/wp-content\/uploads\/2019\/12\/loft-green-apartments-mogosoaia.jpg\",\"datePublished\":\"2019-12-20T16:41:38+00:00\",\"description\":\"Dezvoltatorul unui ansamblu aflat \u00een construc\u021bie la marginea Capitalei, \u00een Mogo\u0219oaia, le promite cump\u0103r\u0103torilor costuri extrem de reduse pentru ap\u0103 cald\u0103,\",\"breadcrumb\":{\"@id\":\"https:\/\/www.imobiliare.ro\/imoexpert\/proiect-100-verde-la-marginea-capitalei-platesti-iarna-incalzirea-cu-echivalentul-a-doua-meniuri-de-mancare_db\/#breadcrumb\"},\"inLanguage\":\"en\",\"potentialAction\":[{\"@type\":\"ReadAction\",\"target\":[\"https:\/\/www.imobiliare.ro\/imoexpert\/proiect-100-verde-la-marginea-capitalei-platesti-iarna-incalzirea-cu-echivalentul-a-doua-meniuri-de-mancare_db\/\"]}]},{\"@type\":\"ImageObject\",\"inLanguage\":\"en\",\"@id\":\"https:\/\/www.imobiliare.ro\/imoexpert\/proiect-100-verde-la-marginea-capitalei-platesti-iarna-incalzirea-cu-echivalentul-a-doua-meniuri-de-mancare_db\/#primaryimage\",\"url\":\"https:\/\/www.imobiliare.ro\/imoexpert\/wp-content\/uploads\/2019\/12\/loft-green-apartments-mogosoaia.jpg\",\"contentUrl\":\"https:\/\/www.imobiliare.ro\/imoexpert\/wp-content\/uploads\/2019\/12\/loft-green-apartments-mogosoaia.jpg\",\"width\":1440,\"height\":960},{\"@type\":\"BreadcrumbList\",\"@id\":\"https:\/\/www.imobiliare.ro\/imoexpert\/proiect-100-verde-la-marginea-capitalei-platesti-iarna-incalzirea-cu-echivalentul-a-doua-meniuri-de-mancare_db\/#breadcrumb\",\"itemListElement\":[{\"@type\":\"ListItem\",\"position\":1,\"name\":\"Imoradar24\",\"item\":\"https:\/\/www.imoradar24.ro\"},{\"@type\":\"ListItem\",\"position\":2,\"name\":\"ImoExpert\",\"item\":\"https:\/\/www.imobiliare.ro\/imoexpert\/\"},{\"@type\":\"ListItem\",\"position\":3,\"name\":\"\u0218tiri\",\"item\":\"https:\/\/www.imobiliare.ro\/imoexpert\/stiri\/\"},{\"@type\":\"ListItem\",\"position\":4,\"name\":\"Proiect 100% verde la marginea Capitalei. Pl\u0103te\u0219ti iarna \u00eenc\u0103lzirea cu echivalentul a dou\u0103 meniuri de m\u00e2ncare\"}]},{\"@type\":\"WebSite\",\"@id\":\"https:\/\/www.imobiliare.ro\/imoexpert\/#website\",\"url\":\"https:\/\/www.imobiliare.ro\/imoexpert\/\",\"name\":\"ImoExpert\",\"description\":\"cele mai importante \u015ftiri din domeniul imobiliar\",\"publisher\":{\"@id\":\"https:\/\/www.imobiliare.ro\/imoexpert\/#organization\"},\"inLanguage\":\"en\"},{\"@type\":\"Organization\",\"@id\":\"https:\/\/www.imobiliare.ro\/imoexpert\/#organization\",\"name\":\"Imobiliare.ro\",\"alternateName\":\"Realmedia Network SA\",\"url\":\"https:\/\/www.imobiliare.ro\/imoexpert\/\",\"logo\":{\"@type\":\"ImageObject\",\"inLanguage\":\"en\",\"@id\":\"https:\/\/www.imobiliare.ro\/imoexpert\/#\/schema\/logo\/image\/\",\"url\":\"https:\/\/www.imobiliare.ro\/imoexpert\/wp-content\/uploads\/2025\/05\/imobiliare_logo.png\",\"contentUrl\":\"https:\/\/www.imobiliare.ro\/imoexpert\/wp-content\/uploads\/2025\/05\/imobiliare_logo.png\",\"width\":237,\"height\":29,\"caption\":\"Imobiliare.ro\"},\"image\":{\"@id\":\"https:\/\/www.imobiliare.ro\/imoexpert\/#\/schema\/logo\/image\/\"}},{\"@type\":\"Person\",\"@id\":\"https:\/\/www.imobiliare.ro\/imoexpert\/#\/schema\/person\/9ffdfbf24b82f39fc75a2fc6c19e4e99\",\"name\":\"Corina V\u00e2rlan\",\"image\":{\"@type\":\"ImageObject\",\"inLanguage\":\"en\",\"@id\":\"https:\/\/www.imobiliare.ro\/imoexpert\/#\/schema\/person\/image\/\",\"url\":\"https:\/\/www.imobiliare.ro\/imoexpert\/wp-content\/uploads\/2026\/02\/12-02-2025-5-rezumat-brasov-thumb-reels-1-1-96x96.png\",\"contentUrl\":\"https:\/\/www.imobiliare.ro\/imoexpert\/wp-content\/uploads\/2026\/02\/12-02-2025-5-rezumat-brasov-thumb-reels-1-1-96x96.png\",\"caption\":\"Corina V\u00e2rlan\"},\"description\":\"Cu o experien\u021b\u0103 de 14 ani \u00een presa online, comunicare \u0219i content marketing, Corina V\u00e2rlan s-a al\u0103turat echipei Imobiliare.ro \u00een urm\u0103 cu 8 ani \u0219i ocup\u0103, \u00een prezent, func\u021bia de Content Manager. Ea este gazda emisiunii \\\"\u00centreab\u0103 expertul\\\" \u0219i a seriei 5 \u0218tiri Imobiliare.ro, realizate \u00een parteneriat cu Libertatea. Corina \u00ee\u0219i concentreaz\u0103 activitatea pe analiza datelor de pia\u021b\u0103 \u0219i pe subiecte de interes at\u00e2t pentru cei afla\u021bi \u00een c\u0103utarea unei locuin\u021be, c\u00e2t \u0219i pentru proprietari sau chiria\u0219i.\",\"alternateName\":\"Corina\",\"jobTitle\":\"Content Manager\",\"url\":\"https:\/\/www.imobiliare.ro\/imoexpert\/author\/corina-varlan\/\"}]}<\/script>\n<!-- \/ Yoast SEO Premium plugin. -->","yoast_head_json":{"title":"Proiect 100% verde la marginea Capitalei. Pl\u0103te\u0219ti iarna \u00eenc\u0103lzirea cu echivalentul a dou\u0103 meniuri de m\u00e2ncare - \u0218tiri - ImoExpert","description":"Dezvoltatorul unui ansamblu aflat \u00een construc\u021bie la marginea Capitalei, \u00een Mogo\u0219oaia, le promite cump\u0103r\u0103torilor costuri extrem de reduse pentru ap\u0103 cald\u0103,","robots":{"index":"index","follow":"follow"},"canonical":"https:\/\/www.imobiliare.ro\/imoexpert\/proiect-100-verde-la-marginea-capitalei-platesti-iarna-incalzirea-cu-echivalentul-a-doua-meniuri-de-mancare_db\/","og_locale":"ro_RO","og_type":"article","og_title":"Proiect 100% verde la marginea Capitalei. Pl\u0103te\u0219ti iarna \u00eenc\u0103lzirea cu echivalentul a dou\u0103 meniuri de m\u00e2ncare","og_description":"Dezvoltatorul unui ansamblu aflat \u00een construc\u021bie la marginea Capitalei, \u00een Mogo\u0219oaia, le promite cump\u0103r\u0103torilor costuri extrem de reduse pentru ap\u0103 cald\u0103,","og_url":"https:\/\/www.imobiliare.ro\/imoexpert\/proiect-100-verde-la-marginea-capitalei-platesti-iarna-incalzirea-cu-echivalentul-a-doua-meniuri-de-mancare_db\/","og_site_name":"ImoExpert","article_published_time":"2019-12-20T16:41:38+00:00","og_image":[{"width":1440,"height":960,"url":"https:\/\/www.imobiliare.ro\/imoexpert\/wp-content\/uploads\/2019\/12\/loft-green-apartments-mogosoaia.jpg","type":"image\/jpeg"}],"author":"Corina V\u00e2rlan","twitter_card":"summary_large_image","twitter_misc":{"Written by":"Corina V\u00e2rlan","Est. reading time":"3 minute"},"schema":{"@context":"https:\/\/schema.org","@graph":[{"@type":"Article","@id":"https:\/\/www.imobiliare.ro\/imoexpert\/proiect-100-verde-la-marginea-capitalei-platesti-iarna-incalzirea-cu-echivalentul-a-doua-meniuri-de-mancare_db\/#article","isPartOf":{"@id":"https:\/\/www.imobiliare.ro\/imoexpert\/proiect-100-verde-la-marginea-capitalei-platesti-iarna-incalzirea-cu-echivalentul-a-doua-meniuri-de-mancare_db\/"},"author":{"name":"Corina V\u00e2rlan","@id":"https:\/\/www.imobiliare.ro\/imoexpert\/#\/schema\/person\/9ffdfbf24b82f39fc75a2fc6c19e4e99"},"headline":"Proiect 100% verde la marginea Capitalei. Pl\u0103te\u0219ti iarna \u00eenc\u0103lzirea cu echivalentul a dou\u0103 meniuri de m\u00e2ncare","datePublished":"2019-12-20T16:41:38+00:00","mainEntityOfPage":{"@id":"https:\/\/www.imobiliare.ro\/imoexpert\/proiect-100-verde-la-marginea-capitalei-platesti-iarna-incalzirea-cu-echivalentul-a-doua-meniuri-de-mancare_db\/"},"wordCount":533,"commentCount":0,"publisher":{"@id":"https:\/\/www.imobiliare.ro\/imoexpert\/#organization"},"image":{"@id":"https:\/\/www.imobiliare.ro\/imoexpert\/proiect-100-verde-la-marginea-capitalei-platesti-iarna-incalzirea-cu-echivalentul-a-doua-meniuri-de-mancare_db\/#primaryimage"},"thumbnailUrl":"https:\/\/www.imobiliare.ro\/imoexpert\/wp-content\/uploads\/2019\/12\/loft-green-apartments-mogosoaia.jpg","keywords":["cladiri verzi","emisiune imoExpert","incalzire","LOFT Green Apartments"],"articleSection":["\u0218tiri"],"inLanguage":"en","potentialAction":[{"@type":"CommentAction","name":"Comment","target":["https:\/\/www.imobiliare.ro\/imoexpert\/proiect-100-verde-la-marginea-capitalei-platesti-iarna-incalzirea-cu-echivalentul-a-doua-meniuri-de-mancare_db\/#respond"]}],"copyrightYear":"2019","copyrightHolder":{"@id":"https:\/\/www.imobiliare.ro\/imoexpert\/#organization"}},{"@type":"WebPage","@id":"https:\/\/www.imobiliare.ro\/imoexpert\/proiect-100-verde-la-marginea-capitalei-platesti-iarna-incalzirea-cu-echivalentul-a-doua-meniuri-de-mancare_db\/","url":"https:\/\/www.imobiliare.ro\/imoexpert\/proiect-100-verde-la-marginea-capitalei-platesti-iarna-incalzirea-cu-echivalentul-a-doua-meniuri-de-mancare_db\/","name":"Proiect 100% verde la marginea Capitalei. Pl\u0103te\u0219ti iarna \u00eenc\u0103lzirea cu echivalentul a dou\u0103 meniuri de m\u00e2ncare - \u0218tiri - ImoExpert","isPartOf":{"@id":"https:\/\/www.imobiliare.ro\/imoexpert\/#website"},"primaryImageOfPage":{"@id":"https:\/\/www.imobiliare.ro\/imoexpert\/proiect-100-verde-la-marginea-capitalei-platesti-iarna-incalzirea-cu-echivalentul-a-doua-meniuri-de-mancare_db\/#primaryimage"},"image":{"@id":"https:\/\/www.imobiliare.ro\/imoexpert\/proiect-100-verde-la-marginea-capitalei-platesti-iarna-incalzirea-cu-echivalentul-a-doua-meniuri-de-mancare_db\/#primaryimage"},"thumbnailUrl":"https:\/\/www.imobiliare.ro\/imoexpert\/wp-content\/uploads\/2019\/12\/loft-green-apartments-mogosoaia.jpg","datePublished":"2019-12-20T16:41:38+00:00","description":"Dezvoltatorul unui ansamblu aflat \u00een construc\u021bie la marginea Capitalei, \u00een Mogo\u0219oaia, le promite cump\u0103r\u0103torilor costuri extrem de reduse pentru ap\u0103 cald\u0103,","breadcrumb":{"@id":"https:\/\/www.imobiliare.ro\/imoexpert\/proiect-100-verde-la-marginea-capitalei-platesti-iarna-incalzirea-cu-echivalentul-a-doua-meniuri-de-mancare_db\/#breadcrumb"},"inLanguage":"en","potentialAction":[{"@type":"ReadAction","target":["https:\/\/www.imobiliare.ro\/imoexpert\/proiect-100-verde-la-marginea-capitalei-platesti-iarna-incalzirea-cu-echivalentul-a-doua-meniuri-de-mancare_db\/"]}]},{"@type":"ImageObject","inLanguage":"en","@id":"https:\/\/www.imobiliare.ro\/imoexpert\/proiect-100-verde-la-marginea-capitalei-platesti-iarna-incalzirea-cu-echivalentul-a-doua-meniuri-de-mancare_db\/#primaryimage","url":"https:\/\/www.imobiliare.ro\/imoexpert\/wp-content\/uploads\/2019\/12\/loft-green-apartments-mogosoaia.jpg","contentUrl":"https:\/\/www.imobiliare.ro\/imoexpert\/wp-content\/uploads\/2019\/12\/loft-green-apartments-mogosoaia.jpg","width":1440,"height":960},{"@type":"BreadcrumbList","@id":"https:\/\/www.imobiliare.ro\/imoexpert\/proiect-100-verde-la-marginea-capitalei-platesti-iarna-incalzirea-cu-echivalentul-a-doua-meniuri-de-mancare_db\/#breadcrumb","itemListElement":[{"@type":"ListItem","position":1,"name":"Imoradar24","item":"https:\/\/www.imoradar24.ro"},{"@type":"ListItem","position":2,"name":"ImoExpert","item":"https:\/\/www.imobiliare.ro\/imoexpert\/"},{"@type":"ListItem","position":3,"name":"\u0218tiri","item":"https:\/\/www.imobiliare.ro\/imoexpert\/stiri\/"},{"@type":"ListItem","position":4,"name":"Proiect 100% verde la marginea Capitalei. Pl\u0103te\u0219ti iarna \u00eenc\u0103lzirea cu echivalentul a dou\u0103 meniuri de m\u00e2ncare"}]},{"@type":"WebSite","@id":"https:\/\/www.imobiliare.ro\/imoexpert\/#website","url":"https:\/\/www.imobiliare.ro\/imoexpert\/","name":"ImoExpert","description":"cele mai importante \u015ftiri din domeniul imobiliar","publisher":{"@id":"https:\/\/www.imobiliare.ro\/imoexpert\/#organization"},"inLanguage":"en"},{"@type":"Organization","@id":"https:\/\/www.imobiliare.ro\/imoexpert\/#organization","name":"Imobiliare.ro","alternateName":"Realmedia Network SA","url":"https:\/\/www.imobiliare.ro\/imoexpert\/","logo":{"@type":"ImageObject","inLanguage":"en","@id":"https:\/\/www.imobiliare.ro\/imoexpert\/#\/schema\/logo\/image\/","url":"https:\/\/www.imobiliare.ro\/imoexpert\/wp-content\/uploads\/2025\/05\/imobiliare_logo.png","contentUrl":"https:\/\/www.imobiliare.ro\/imoexpert\/wp-content\/uploads\/2025\/05\/imobiliare_logo.png","width":237,"height":29,"caption":"Imobiliare.ro"},"image":{"@id":"https:\/\/www.imobiliare.ro\/imoexpert\/#\/schema\/logo\/image\/"}},{"@type":"Person","@id":"https:\/\/www.imobiliare.ro\/imoexpert\/#\/schema\/person\/9ffdfbf24b82f39fc75a2fc6c19e4e99","name":"Corina V\u00e2rlan","image":{"@type":"ImageObject","inLanguage":"en","@id":"https:\/\/www.imobiliare.ro\/imoexpert\/#\/schema\/person\/image\/","url":"https:\/\/www.imobiliare.ro\/imoexpert\/wp-content\/uploads\/2026\/02\/12-02-2025-5-rezumat-brasov-thumb-reels-1-1-96x96.png","contentUrl":"https:\/\/www.imobiliare.ro\/imoexpert\/wp-content\/uploads\/2026\/02\/12-02-2025-5-rezumat-brasov-thumb-reels-1-1-96x96.png","caption":"Corina V\u00e2rlan"},"description":"Cu o experien\u021b\u0103 de 14 ani \u00een presa online, comunicare \u0219i content marketing, Corina V\u00e2rlan s-a al\u0103turat echipei Imobiliare.ro \u00een urm\u0103 cu 8 ani \u0219i ocup\u0103, \u00een prezent, func\u021bia de Content Manager. Ea este gazda emisiunii \"\u00centreab\u0103 expertul\" \u0219i a seriei 5 \u0218tiri Imobiliare.ro, realizate \u00een parteneriat cu Libertatea. Corina \u00ee\u0219i concentreaz\u0103 activitatea pe analiza datelor de pia\u021b\u0103 \u0219i pe subiecte de interes at\u00e2t pentru cei afla\u021bi \u00een c\u0103utarea unei locuin\u021be, c\u00e2t \u0219i pentru proprietari sau chiria\u0219i.","alternateName":"Corina","jobTitle":"Content Manager","url":"https:\/\/www.imobiliare.ro\/imoexpert\/author\/corina-varlan\/"}]}},"_links":{"self":[{"href":"https:\/\/www.imobiliare.ro\/imoexpert\/wp-json\/wp\/v2\/posts\/57105","targetHints":{"allow":["GET"]}}],"collection":[{"href":"https:\/\/www.imobiliare.ro\/imoexpert\/wp-json\/wp\/v2\/posts"}],"about":[{"href":"https:\/\/www.imobiliare.ro\/imoexpert\/wp-json\/wp\/v2\/types\/post"}],"author":[{"embeddable":true,"href":"https:\/\/www.imobiliare.ro\/imoexpert\/wp-json\/wp\/v2\/users\/5891"}],"replies":[{"embeddable":true,"href":"https:\/\/www.imobiliare.ro\/imoexpert\/wp-json\/wp\/v2\/comments?post=57105"}],"version-history":[{"count":0,"href":"https:\/\/www.imobiliare.ro\/imoexpert\/wp-json\/wp\/v2\/posts\/57105\/revisions"}],"wp:featuredmedia":[{"embeddable":true,"href":"https:\/\/www.imobiliare.ro\/imoexpert\/wp-json\/wp\/v2\/media\/57107"}],"wp:attachment":[{"href":"https:\/\/www.imobiliare.ro\/imoexpert\/wp-json\/wp\/v2\/media?parent=57105"}],"wp:term":[{"taxonomy":"category","embeddable":true,"href":"https:\/\/www.imobiliare.ro\/imoexpert\/wp-json\/wp\/v2\/categories?post=57105"},{"taxonomy":"post_tag","embeddable":true,"href":"https:\/\/www.imobiliare.ro\/imoexpert\/wp-json\/wp\/v2\/tags?post=57105"},{"taxonomy":"content_author","embeddable":true,"href":"https:\/\/www.imobiliare.ro\/imoexpert\/wp-json\/wp\/v2\/content_author?post=57105"}],"curies":[{"name":"wp","href":"https:\/\/api.w.org\/{rel}","templated":true}]}}