{"id":57252,"date":"2020-01-21T13:04:29","date_gmt":"2020-01-21T11:04:29","guid":{"rendered":"https:\/\/www.imobiliare.ro\/imoexpert\/?p=57252"},"modified":"2020-01-21T13:04:29","modified_gmt":"2020-01-21T11:04:29","slug":"in-2019-preturile-de-lista-ale-locuintelor-si-au-accelerat-cresterea-ce-s-a-intamplat-insa-cu-cele-de-tranzactionare","status":"publish","type":"post","link":"https:\/\/www.imobiliare.ro\/imoexpert\/in-2019-preturile-de-lista-ale-locuintelor-si-au-accelerat-cresterea-ce-s-a-intamplat-insa-cu-cele-de-tranzactionare_db\/","title":{"rendered":"\u00cen 2019, pre\u021burile de list\u0103 ale locuin\u021belor \u0219i-au accelerat cre\u0219terea. Ce s-a \u00eent\u00e2mplat, \u00eens\u0103, cu cele de tranzac\u021bionare?"},"content":{"rendered":"<p><a class=\"article-body-links\"href=\"https:\/\/www.imobiliare.ro\/imoexpert\/wp-content\/uploads\/2020\/01\/In-2019-preturile-de-lista-ale-locuintelor-si-au-accelerat-cresterea-Ce-s-a-intamplat-insa-cu-cele-de-tranzactionare.jpg\"><img loading=\"lazy\" decoding=\"async\" src=\"https:\/\/www.imobiliare.ro\/imoexpert\/wp-content\/uploads\/2020\/01\/In-2019-preturile-de-lista-ale-locuintelor-si-au-accelerat-cresterea-Ce-s-a-intamplat-insa-cu-cele-de-tranzactionare.jpg\" alt=\"\" width=\"800\" height=\"526\" class=\"aligncenter size-full wp-image-57253\" srcset=\"https:\/\/www.imobiliare.ro\/imoexpert\/wp-content\/uploads\/2020\/01\/In-2019-preturile-de-lista-ale-locuintelor-si-au-accelerat-cresterea-Ce-s-a-intamplat-insa-cu-cele-de-tranzactionare.jpg 800w, https:\/\/www.imobiliare.ro\/imoexpert\/wp-content\/uploads\/2020\/01\/In-2019-preturile-de-lista-ale-locuintelor-si-au-accelerat-cresterea-Ce-s-a-intamplat-insa-cu-cele-de-tranzactionare-300x197.jpg 300w, https:\/\/www.imobiliare.ro\/imoexpert\/wp-content\/uploads\/2020\/01\/In-2019-preturile-de-lista-ale-locuintelor-si-au-accelerat-cresterea-Ce-s-a-intamplat-insa-cu-cele-de-tranzactionare-768x505.jpg 768w\" sizes=\"auto, (max-width: 800px) 100vw, 800px\" \/><\/a><\/p>\n<div id=\"ez-toc-container\" class=\"ez-toc-v2_0_81 counter-hierarchy ez-toc-counter ez-toc-grey ez-toc-container-direction\">\n<p class=\"ez-toc-title\" style=\"cursor:inherit\">Table of Contents<\/p>\n<label for=\"ez-toc-cssicon-toggle-item-69edfa9aefa96\" class=\"ez-toc-cssicon-toggle-label\"><span class=\"ez-toc-cssicon\"><span class=\"eztoc-hide\" style=\"display:none;\">Toggle<\/span><span class=\"ez-toc-icon-toggle-span\"><svg style=\"fill: #999;color:#999\" xmlns=\"http:\/\/www.w3.org\/2000\/svg\" class=\"list-377408\" width=\"20px\" height=\"20px\" viewBox=\"0 0 24 24\" fill=\"none\"><path d=\"M6 6H4v2h2V6zm14 0H8v2h12V6zM4 11h2v2H4v-2zm16 0H8v2h12v-2zM4 16h2v2H4v-2zm16 0H8v2h12v-2z\" fill=\"currentColor\"><\/path><\/svg><svg style=\"fill: #999;color:#999\" class=\"arrow-unsorted-368013\" xmlns=\"http:\/\/www.w3.org\/2000\/svg\" width=\"10px\" height=\"10px\" viewBox=\"0 0 24 24\" version=\"1.2\" baseProfile=\"tiny\"><path d=\"M18.2 9.3l-6.2-6.3-6.2 6.3c-.2.2-.3.4-.3.7s.1.5.3.7c.2.2.4.3.7.3h11c.3 0 .5-.1.7-.3.2-.2.3-.5.3-.7s-.1-.5-.3-.7zM5.8 14.7l6.2 6.3 6.2-6.3c.2-.2.3-.5.3-.7s-.1-.5-.3-.7c-.2-.2-.4-.3-.7-.3h-11c-.3 0-.5.1-.7.3-.2.2-.3.5-.3.7s.1.5.3.7z\"\/><\/svg><\/span><\/span><\/label><input type=\"checkbox\"  id=\"ez-toc-cssicon-toggle-item-69edfa9aefa96\"  aria-label=\"Toggle\" \/><nav><ul class='ez-toc-list ez-toc-list-level-1 ' ><li class='ez-toc-page-1 ez-toc-heading-level-2'><a class=\"ez-toc-link ez-toc-heading-1\" href=\"https:\/\/www.imobiliare.ro\/imoexpert\/in-2019-preturile-de-lista-ale-locuintelor-si-au-accelerat-cresterea-ce-s-a-intamplat-insa-cu-cele-de-tranzactionare_db\/#Potrivit_statisticilor_oficiale_valorile_de_tranzactionare_din_Romania_au_consemnat_cea_mai_mica_crestere_la_12_luni_dintre_tarile_central-est_europene_cuprinse_in_UE\" >Potrivit statisticilor oficiale, valorile de tranzac\u021bionare din Rom\u00e2nia au consemnat cea mai mic\u0103 cre\u0219tere la 12 luni dintre \u021b\u0103rile central-est europene cuprinse \u00een UE.<\/a><\/li><li class='ez-toc-page-1 ez-toc-heading-level-2'><a class=\"ez-toc-link ez-toc-heading-2\" href=\"https:\/\/www.imobiliare.ro\/imoexpert\/in-2019-preturile-de-lista-ale-locuintelor-si-au-accelerat-cresterea-ce-s-a-intamplat-insa-cu-cele-de-tranzactionare_db\/#Preturile_finale_rezultatul_procesului_de_negociere\" >Pre\u021burile finale, rezultatul procesului de negociere<\/a><\/li><li class='ez-toc-page-1 ez-toc-heading-level-2'><a class=\"ez-toc-link ez-toc-heading-3\" href=\"https:\/\/www.imobiliare.ro\/imoexpert\/in-2019-preturile-de-lista-ale-locuintelor-si-au-accelerat-cresterea-ce-s-a-intamplat-insa-cu-cele-de-tranzactionare_db\/#Cresteri_si_de_doua_cifre_la_12_luni_in_UE\" >Cre\u0219teri \u0219i de dou\u0103 cifre la 12 luni \u00een UE<\/a><\/li><\/ul><\/nav><\/div>\n<h2><span class=\"ez-toc-section\" id=\"Potrivit_statisticilor_oficiale_valorile_de_tranzactionare_din_Romania_au_consemnat_cea_mai_mica_crestere_la_12_luni_dintre_tarile_central-est_europene_cuprinse_in_UE\"><\/span>Potrivit statisticilor oficiale, valorile de tranzac\u021bionare din Rom\u00e2nia au consemnat cea mai mic\u0103 cre\u0219tere la 12 luni dintre \u021b\u0103rile central-est europene cuprinse \u00een UE.<span class=\"ez-toc-section-end\"><\/span><\/h2>\n<p>Comparativ cu anul 2018 \u0219i prima jum\u0103tate din 2019, c\u00e2nd preten\u021biile v\u00e2nz\u0103torilor de locuin\u021be \u0219i-au temperat sensibil cre\u0219terea, a doua jum\u0103tate a anului trecut a adus, dimpotriv\u0103, o accelerare la acest capitol. Astfel, potrivit <strong><a class=\"article-body-links\"href=\"https:\/\/www.imobiliare.ro\/indicele-imobiliare-ro\">Indicelui Imobiliare.ro<\/a><\/strong>, suma medie solicitat\u0103 pentru apartamentele disponibile spre v\u00e2nzare la nivel na\u021bional (at\u00e2t vechi, c\u00e2t \u0219i noi) la finele lunii decembrie 2019 era cu 8,2% mai mare dec\u00e2t cea consemnat\u0103 la \u00eenceput de 2019. <\/p>\n<p><strong>Cite\u0219te \u0219i: <a class=\"article-body-links\"href=\"https:\/\/www.imobiliare.ro\/imoexpert\/preturile-apartamentelor-in-2019-crestere-de-doua-cifre-in-cluj-napoca-vezi-situatia-celorlalte-centre-regionale_db\/\">Pre\u021burile apartamentelor \u00een 2019: cre\u0219tere de dou\u0103 cifre \u00een Cluj-Napoca. Vezi situa\u021bia celorlalte centre regionale<\/a><\/strong><\/p>\n<h2><span class=\"ez-toc-section\" id=\"Preturile_finale_rezultatul_procesului_de_negociere\"><\/span>Pre\u021burile finale, rezultatul procesului de negociere<span class=\"ez-toc-section-end\"><\/span><\/h2>\n<p>Dup\u0103 cum se \u0219tie, \u00eens\u0103, \u00eentre pre\u021burile solicitate de c\u0103tre proprietari \u0219i cele finale, de tranzac\u021bionare, exist\u0103 o diferen\u021b\u0103 important\u0103, \u201erezolvat\u0103\u201d prin procesul de negociere. Ce s-a \u00eent\u00e2mplat, a\u0219adar, cu pre\u021burile de tranzac\u021bionare pe parcursul anului trecut? <\/p>\n<p>Cele mai recente date publicate de c\u0103tre Eurostat, pe baza informa\u021biilor transmise de c\u0103tre Institutul Na\u021bional de Statistic\u0103 (INS), arat\u0103 c\u0103 pre\u021burile de tranzac\u021bionare ale propriet\u0103\u021bilor reziden\u021biale din Rom\u00e2nia (at\u00e2t apartamente, c\u00e2t \u0219i case) au avut o evolu\u021bie sensibil mai moderat\u0103 \u00een compara\u021bie cu valorile de listare, monitorizate constant de <strong><a class=\"article-body-links\"href=\"https:\/\/www.imobiliare.ro\/\">Imobiliare.ro<\/a><\/strong> \u0219i <strong><a class=\"article-body-links\"href=\"https:\/\/www.analizeimobiliare.ro\/\">Analize Imobiliare<\/a><\/strong>.<\/p>\n<p>Astfel, \u00een cel de-al treilea trimestru din 2019 valorile de tranzac\u021bionare a locuin\u021belor de pe pia\u021ba autohton\u0103 erau cu doar 3,9% mai mari dec\u00e2t \u00een perioada similar\u0103 a anului anterior, \u00een vreme ce avansul fa\u021b\u0103 de cele trei luni anterioare se cifra la 1,5%. Important de men\u021bionat este c\u0103, de\u0219i avansul trimestrial corespunde cu cel consemnat la nivelul Uniunii Europene, diferen\u021ba de pre\u021b la 12 luni consemnat\u0103 pe pia\u021ba autohton\u0103 se situeaz\u0103 sub media UE, de 4,1%. <\/p>\n<h2><span class=\"ez-toc-section\" id=\"Cresteri_si_de_doua_cifre_la_12_luni_in_UE\"><\/span>Cre\u0219teri \u0219i de dou\u0103 cifre la 12 luni \u00een UE<span class=\"ez-toc-section-end\"><\/span><\/h2>\n<p>La nivelul UE, cele mai mari marje de cre\u0219tere la 12 luni, de dou\u0103 cifre chiar, au fost consemnate, potrivit Eurostat, \u00een Letonia (+13,5%), \u00een Slovacia (+11,5%), \u00een Luxemburg (+11,3%) \u0219i, respectiv, \u00een Portugalia (+10,3%). Dintre \u021b\u0103rile central-est europene cuprinse \u00een UE, Rom\u00e2nia a \u00eenregistrat, de altfel, cea mai mic\u0103 marj\u0103 de cre\u0219tere ale pre\u021burilor la 12 luni. Spre compara\u021bie, locuin\u021bele s-au apreciat, \u00een perioada analizat\u0103, cu 9% \u00een Polonia, cu 8,6% \u00een Cehia, cu 8,5% \u00een Slovenia, cu 8% \u00een Croa\u021bia, cu 7,8% \u00een Ungaria \u0219i chiar cu 5,4% \u00een Bulgaria. <\/p>\n<p>Aceast\u0103 evolu\u021bie temperat\u0103 a pre\u021burilor de tranzac\u021bionare la nivelul pie\u021bei locuin\u021belor per ansamblu (at\u00e2t apartamente, c\u00e2t \u0219i case) ofer\u0103 un important contraargument la specula\u021biile privind o supra\u00eenc\u0103lzire a reziden\u021bialului local.<\/p>\n","protected":false},"excerpt":{"rendered":"<p>Potrivit statisticilor oficiale, valorile de tranzac\u021bionare din Rom\u00e2nia au consemnat cea mai mic\u0103 cre\u0219tere la 12 luni dintre \u021b\u0103rile central-est europene cuprinse \u00een UE. Comparativ cu anul 2018 \u0219i prima jum\u0103tate din 2019, c\u00e2nd preten\u021biile v\u00e2nz\u0103torilor de locuin\u021be \u0219i-au temperat sensibil cre\u0219terea, a doua jum\u0103tate a anului trecut a adus, dimpotriv\u0103, o accelerare la acest [&hellip;]<\/p>\n","protected":false},"author":829,"featured_media":57253,"comment_status":"open","ping_status":"open","sticky":false,"template":"","format":"standard","meta":{"footnotes":""},"categories":[259],"tags":[429,299,366,1410,1783,1411,451],"content_author":[],"class_list":["post-57252","post","type-post","status-publish","format-standard","has-post-thumbnail","hentry","category-stiri","tag-eurostat","tag-indicele-imobiliare-ro","tag-ins","tag-newsletter","tag-preturi-tranzactionare-locuinte","tag-principal","tag-proprietar"],"yoast_head":"<!-- This site is optimized with the Yoast SEO Premium plugin v27.0 (Yoast SEO v27.0) - https:\/\/yoast.com\/product\/yoast-seo-premium-wordpress\/ -->\n<title>\u00cen 2019, pre\u021burile de list\u0103 ale locuin\u021belor \u0219i-au accelerat cre\u0219terea. Ce s-a \u00eent\u00e2mplat, \u00eens\u0103, cu cele de tranzac\u021bionare? - \u0218tiri - ImoExpert<\/title>\n<meta name=\"description\" content=\"Potrivit statisticilor oficiale, valorile de tranzac\u021bionare din Rom\u00e2nia au consemnat cea mai mic\u0103 cre\u0219tere la 12 luni dintre \u021b\u0103rile central-est europene\" \/>\n<meta name=\"robots\" content=\"index, follow\" \/>\n<link rel=\"canonical\" href=\"https:\/\/www.imobiliare.ro\/imoexpert\/in-2019-preturile-de-lista-ale-locuintelor-si-au-accelerat-cresterea-ce-s-a-intamplat-insa-cu-cele-de-tranzactionare_db\/\" \/>\n<meta property=\"og:locale\" content=\"ro_RO\" \/>\n<meta property=\"og:type\" content=\"article\" \/>\n<meta property=\"og:title\" content=\"\u00cen 2019, pre\u021burile de list\u0103 ale locuin\u021belor \u0219i-au accelerat cre\u0219terea. Ce s-a \u00eent\u00e2mplat, \u00eens\u0103, cu cele de tranzac\u021bionare?\" \/>\n<meta property=\"og:description\" content=\"Potrivit statisticilor oficiale, valorile de tranzac\u021bionare din Rom\u00e2nia au consemnat cea mai mic\u0103 cre\u0219tere la 12 luni dintre \u021b\u0103rile central-est europene\" \/>\n<meta property=\"og:url\" content=\"https:\/\/www.imobiliare.ro\/imoexpert\/in-2019-preturile-de-lista-ale-locuintelor-si-au-accelerat-cresterea-ce-s-a-intamplat-insa-cu-cele-de-tranzactionare_db\/\" \/>\n<meta property=\"og:site_name\" content=\"ImoExpert\" \/>\n<meta property=\"article:published_time\" content=\"2020-01-21T11:04:29+00:00\" \/>\n<meta property=\"og:image\" content=\"https:\/\/www.imobiliare.ro\/imoexpert\/wp-content\/uploads\/2020\/01\/In-2019-preturile-de-lista-ale-locuintelor-si-au-accelerat-cresterea-Ce-s-a-intamplat-insa-cu-cele-de-tranzactionare.jpg\" \/>\n\t<meta property=\"og:image:width\" content=\"800\" \/>\n\t<meta property=\"og:image:height\" content=\"526\" \/>\n\t<meta property=\"og:image:type\" content=\"image\/jpeg\" \/>\n<meta name=\"author\" content=\"Adriana Dr\u0103gu\u0219in\" \/>\n<meta name=\"twitter:card\" content=\"summary_large_image\" \/>\n<meta name=\"twitter:label1\" content=\"Written by\" \/>\n\t<meta name=\"twitter:data1\" content=\"Adriana Dr\u0103gu\u0219in\" \/>\n\t<meta name=\"twitter:label2\" content=\"Est. reading time\" \/>\n\t<meta name=\"twitter:data2\" content=\"2 minute\" \/>\n<script type=\"application\/ld+json\" class=\"yoast-schema-graph\">{\"@context\":\"https:\/\/schema.org\",\"@graph\":[{\"@type\":\"Article\",\"@id\":\"https:\/\/www.imobiliare.ro\/imoexpert\/in-2019-preturile-de-lista-ale-locuintelor-si-au-accelerat-cresterea-ce-s-a-intamplat-insa-cu-cele-de-tranzactionare_db\/#article\",\"isPartOf\":{\"@id\":\"https:\/\/www.imobiliare.ro\/imoexpert\/in-2019-preturile-de-lista-ale-locuintelor-si-au-accelerat-cresterea-ce-s-a-intamplat-insa-cu-cele-de-tranzactionare_db\/\"},\"author\":{\"name\":\"Adriana Dr\u0103gu\u0219in\",\"@id\":\"https:\/\/www.imobiliare.ro\/imoexpert\/#\/schema\/person\/8c13b0297075010b896471fabf0d7790\"},\"headline\":\"\u00cen 2019, pre\u021burile de list\u0103 ale locuin\u021belor \u0219i-au accelerat cre\u0219terea. Ce s-a \u00eent\u00e2mplat, \u00eens\u0103, cu cele de tranzac\u021bionare?\",\"datePublished\":\"2020-01-21T11:04:29+00:00\",\"mainEntityOfPage\":{\"@id\":\"https:\/\/www.imobiliare.ro\/imoexpert\/in-2019-preturile-de-lista-ale-locuintelor-si-au-accelerat-cresterea-ce-s-a-intamplat-insa-cu-cele-de-tranzactionare_db\/\"},\"wordCount\":483,\"commentCount\":3,\"publisher\":{\"@id\":\"https:\/\/www.imobiliare.ro\/imoexpert\/#organization\"},\"image\":{\"@id\":\"https:\/\/www.imobiliare.ro\/imoexpert\/in-2019-preturile-de-lista-ale-locuintelor-si-au-accelerat-cresterea-ce-s-a-intamplat-insa-cu-cele-de-tranzactionare_db\/#primaryimage\"},\"thumbnailUrl\":\"https:\/\/www.imobiliare.ro\/imoexpert\/wp-content\/uploads\/2020\/01\/In-2019-preturile-de-lista-ale-locuintelor-si-au-accelerat-cresterea-Ce-s-a-intamplat-insa-cu-cele-de-tranzactionare.jpg\",\"keywords\":[\"Eurostat\",\"indicele imobiliare.ro\",\"INS\",\"newsletter\",\"preturi tranzactionare locuinte\",\"principal\",\"proprietar\"],\"articleSection\":[\"\u0218tiri\"],\"inLanguage\":\"en\",\"potentialAction\":[{\"@type\":\"CommentAction\",\"name\":\"Comment\",\"target\":[\"https:\/\/www.imobiliare.ro\/imoexpert\/in-2019-preturile-de-lista-ale-locuintelor-si-au-accelerat-cresterea-ce-s-a-intamplat-insa-cu-cele-de-tranzactionare_db\/#respond\"]}],\"copyrightYear\":\"2020\",\"copyrightHolder\":{\"@id\":\"https:\/\/www.imobiliare.ro\/imoexpert\/#organization\"}},{\"@type\":\"WebPage\",\"@id\":\"https:\/\/www.imobiliare.ro\/imoexpert\/in-2019-preturile-de-lista-ale-locuintelor-si-au-accelerat-cresterea-ce-s-a-intamplat-insa-cu-cele-de-tranzactionare_db\/\",\"url\":\"https:\/\/www.imobiliare.ro\/imoexpert\/in-2019-preturile-de-lista-ale-locuintelor-si-au-accelerat-cresterea-ce-s-a-intamplat-insa-cu-cele-de-tranzactionare_db\/\",\"name\":\"\u00cen 2019, pre\u021burile de list\u0103 ale locuin\u021belor \u0219i-au accelerat cre\u0219terea. Ce s-a \u00eent\u00e2mplat, \u00eens\u0103, cu cele de tranzac\u021bionare? - \u0218tiri - ImoExpert\",\"isPartOf\":{\"@id\":\"https:\/\/www.imobiliare.ro\/imoexpert\/#website\"},\"primaryImageOfPage\":{\"@id\":\"https:\/\/www.imobiliare.ro\/imoexpert\/in-2019-preturile-de-lista-ale-locuintelor-si-au-accelerat-cresterea-ce-s-a-intamplat-insa-cu-cele-de-tranzactionare_db\/#primaryimage\"},\"image\":{\"@id\":\"https:\/\/www.imobiliare.ro\/imoexpert\/in-2019-preturile-de-lista-ale-locuintelor-si-au-accelerat-cresterea-ce-s-a-intamplat-insa-cu-cele-de-tranzactionare_db\/#primaryimage\"},\"thumbnailUrl\":\"https:\/\/www.imobiliare.ro\/imoexpert\/wp-content\/uploads\/2020\/01\/In-2019-preturile-de-lista-ale-locuintelor-si-au-accelerat-cresterea-Ce-s-a-intamplat-insa-cu-cele-de-tranzactionare.jpg\",\"datePublished\":\"2020-01-21T11:04:29+00:00\",\"description\":\"Potrivit statisticilor oficiale, valorile de tranzac\u021bionare din Rom\u00e2nia au consemnat cea mai mic\u0103 cre\u0219tere la 12 luni dintre \u021b\u0103rile central-est europene\",\"breadcrumb\":{\"@id\":\"https:\/\/www.imobiliare.ro\/imoexpert\/in-2019-preturile-de-lista-ale-locuintelor-si-au-accelerat-cresterea-ce-s-a-intamplat-insa-cu-cele-de-tranzactionare_db\/#breadcrumb\"},\"inLanguage\":\"en\",\"potentialAction\":[{\"@type\":\"ReadAction\",\"target\":[\"https:\/\/www.imobiliare.ro\/imoexpert\/in-2019-preturile-de-lista-ale-locuintelor-si-au-accelerat-cresterea-ce-s-a-intamplat-insa-cu-cele-de-tranzactionare_db\/\"]}]},{\"@type\":\"ImageObject\",\"inLanguage\":\"en\",\"@id\":\"https:\/\/www.imobiliare.ro\/imoexpert\/in-2019-preturile-de-lista-ale-locuintelor-si-au-accelerat-cresterea-ce-s-a-intamplat-insa-cu-cele-de-tranzactionare_db\/#primaryimage\",\"url\":\"https:\/\/www.imobiliare.ro\/imoexpert\/wp-content\/uploads\/2020\/01\/In-2019-preturile-de-lista-ale-locuintelor-si-au-accelerat-cresterea-Ce-s-a-intamplat-insa-cu-cele-de-tranzactionare.jpg\",\"contentUrl\":\"https:\/\/www.imobiliare.ro\/imoexpert\/wp-content\/uploads\/2020\/01\/In-2019-preturile-de-lista-ale-locuintelor-si-au-accelerat-cresterea-Ce-s-a-intamplat-insa-cu-cele-de-tranzactionare.jpg\",\"width\":800,\"height\":526},{\"@type\":\"BreadcrumbList\",\"@id\":\"https:\/\/www.imobiliare.ro\/imoexpert\/in-2019-preturile-de-lista-ale-locuintelor-si-au-accelerat-cresterea-ce-s-a-intamplat-insa-cu-cele-de-tranzactionare_db\/#breadcrumb\",\"itemListElement\":[{\"@type\":\"ListItem\",\"position\":1,\"name\":\"Imoradar24\",\"item\":\"https:\/\/www.imoradar24.ro\"},{\"@type\":\"ListItem\",\"position\":2,\"name\":\"ImoExpert\",\"item\":\"https:\/\/www.imobiliare.ro\/imoexpert\/\"},{\"@type\":\"ListItem\",\"position\":3,\"name\":\"\u0218tiri\",\"item\":\"https:\/\/www.imobiliare.ro\/imoexpert\/stiri\/\"},{\"@type\":\"ListItem\",\"position\":4,\"name\":\"\u00cen 2019, pre\u021burile de list\u0103 ale locuin\u021belor \u0219i-au accelerat cre\u0219terea. Ce s-a \u00eent\u00e2mplat, \u00eens\u0103, cu cele de tranzac\u021bionare?\"}]},{\"@type\":\"WebSite\",\"@id\":\"https:\/\/www.imobiliare.ro\/imoexpert\/#website\",\"url\":\"https:\/\/www.imobiliare.ro\/imoexpert\/\",\"name\":\"ImoExpert\",\"description\":\"cele mai importante \u015ftiri din domeniul imobiliar\",\"publisher\":{\"@id\":\"https:\/\/www.imobiliare.ro\/imoexpert\/#organization\"},\"inLanguage\":\"en\"},{\"@type\":\"Organization\",\"@id\":\"https:\/\/www.imobiliare.ro\/imoexpert\/#organization\",\"name\":\"Imobiliare.ro\",\"alternateName\":\"Realmedia Network SA\",\"url\":\"https:\/\/www.imobiliare.ro\/imoexpert\/\",\"logo\":{\"@type\":\"ImageObject\",\"inLanguage\":\"en\",\"@id\":\"https:\/\/www.imobiliare.ro\/imoexpert\/#\/schema\/logo\/image\/\",\"url\":\"https:\/\/www.imobiliare.ro\/imoexpert\/wp-content\/uploads\/2025\/05\/imobiliare_logo.png\",\"contentUrl\":\"https:\/\/www.imobiliare.ro\/imoexpert\/wp-content\/uploads\/2025\/05\/imobiliare_logo.png\",\"width\":237,\"height\":29,\"caption\":\"Imobiliare.ro\"},\"image\":{\"@id\":\"https:\/\/www.imobiliare.ro\/imoexpert\/#\/schema\/logo\/image\/\"}},{\"@type\":\"Person\",\"@id\":\"https:\/\/www.imobiliare.ro\/imoexpert\/#\/schema\/person\/8c13b0297075010b896471fabf0d7790\",\"name\":\"Adriana Dr\u0103gu\u0219in\",\"image\":{\"@type\":\"ImageObject\",\"inLanguage\":\"en\",\"@id\":\"https:\/\/www.imobiliare.ro\/imoexpert\/#\/schema\/person\/image\/\",\"url\":\"https:\/\/secure.gravatar.com\/avatar\/ba4762f7517e50e679ed7f11207102d1150120f2f5800c0da98f8a15305bf514?s=96&d=mm&r=g\",\"contentUrl\":\"https:\/\/secure.gravatar.com\/avatar\/ba4762f7517e50e679ed7f11207102d1150120f2f5800c0da98f8a15305bf514?s=96&d=mm&r=g\",\"caption\":\"Adriana Dr\u0103gu\u0219in\"},\"jobTitle\":\"Editor\",\"url\":\"https:\/\/www.imobiliare.ro\/imoexpert\/author\/adriana-dragusin\/\"}]}<\/script>\n<!-- \/ Yoast SEO Premium plugin. -->","yoast_head_json":{"title":"\u00cen 2019, pre\u021burile de list\u0103 ale locuin\u021belor \u0219i-au accelerat cre\u0219terea. Ce s-a \u00eent\u00e2mplat, \u00eens\u0103, cu cele de tranzac\u021bionare? - \u0218tiri - ImoExpert","description":"Potrivit statisticilor oficiale, valorile de tranzac\u021bionare din Rom\u00e2nia au consemnat cea mai mic\u0103 cre\u0219tere la 12 luni dintre \u021b\u0103rile central-est europene","robots":{"index":"index","follow":"follow"},"canonical":"https:\/\/www.imobiliare.ro\/imoexpert\/in-2019-preturile-de-lista-ale-locuintelor-si-au-accelerat-cresterea-ce-s-a-intamplat-insa-cu-cele-de-tranzactionare_db\/","og_locale":"ro_RO","og_type":"article","og_title":"\u00cen 2019, pre\u021burile de list\u0103 ale locuin\u021belor \u0219i-au accelerat cre\u0219terea. Ce s-a \u00eent\u00e2mplat, \u00eens\u0103, cu cele de tranzac\u021bionare?","og_description":"Potrivit statisticilor oficiale, valorile de tranzac\u021bionare din Rom\u00e2nia au consemnat cea mai mic\u0103 cre\u0219tere la 12 luni dintre \u021b\u0103rile central-est europene","og_url":"https:\/\/www.imobiliare.ro\/imoexpert\/in-2019-preturile-de-lista-ale-locuintelor-si-au-accelerat-cresterea-ce-s-a-intamplat-insa-cu-cele-de-tranzactionare_db\/","og_site_name":"ImoExpert","article_published_time":"2020-01-21T11:04:29+00:00","og_image":[{"width":800,"height":526,"url":"https:\/\/www.imobiliare.ro\/imoexpert\/wp-content\/uploads\/2020\/01\/In-2019-preturile-de-lista-ale-locuintelor-si-au-accelerat-cresterea-Ce-s-a-intamplat-insa-cu-cele-de-tranzactionare.jpg","type":"image\/jpeg"}],"author":"Adriana Dr\u0103gu\u0219in","twitter_card":"summary_large_image","twitter_misc":{"Written by":"Adriana Dr\u0103gu\u0219in","Est. reading time":"2 minute"},"schema":{"@context":"https:\/\/schema.org","@graph":[{"@type":"Article","@id":"https:\/\/www.imobiliare.ro\/imoexpert\/in-2019-preturile-de-lista-ale-locuintelor-si-au-accelerat-cresterea-ce-s-a-intamplat-insa-cu-cele-de-tranzactionare_db\/#article","isPartOf":{"@id":"https:\/\/www.imobiliare.ro\/imoexpert\/in-2019-preturile-de-lista-ale-locuintelor-si-au-accelerat-cresterea-ce-s-a-intamplat-insa-cu-cele-de-tranzactionare_db\/"},"author":{"name":"Adriana Dr\u0103gu\u0219in","@id":"https:\/\/www.imobiliare.ro\/imoexpert\/#\/schema\/person\/8c13b0297075010b896471fabf0d7790"},"headline":"\u00cen 2019, pre\u021burile de list\u0103 ale locuin\u021belor \u0219i-au accelerat cre\u0219terea. Ce s-a \u00eent\u00e2mplat, \u00eens\u0103, cu cele de tranzac\u021bionare?","datePublished":"2020-01-21T11:04:29+00:00","mainEntityOfPage":{"@id":"https:\/\/www.imobiliare.ro\/imoexpert\/in-2019-preturile-de-lista-ale-locuintelor-si-au-accelerat-cresterea-ce-s-a-intamplat-insa-cu-cele-de-tranzactionare_db\/"},"wordCount":483,"commentCount":3,"publisher":{"@id":"https:\/\/www.imobiliare.ro\/imoexpert\/#organization"},"image":{"@id":"https:\/\/www.imobiliare.ro\/imoexpert\/in-2019-preturile-de-lista-ale-locuintelor-si-au-accelerat-cresterea-ce-s-a-intamplat-insa-cu-cele-de-tranzactionare_db\/#primaryimage"},"thumbnailUrl":"https:\/\/www.imobiliare.ro\/imoexpert\/wp-content\/uploads\/2020\/01\/In-2019-preturile-de-lista-ale-locuintelor-si-au-accelerat-cresterea-Ce-s-a-intamplat-insa-cu-cele-de-tranzactionare.jpg","keywords":["Eurostat","indicele imobiliare.ro","INS","newsletter","preturi tranzactionare locuinte","principal","proprietar"],"articleSection":["\u0218tiri"],"inLanguage":"en","potentialAction":[{"@type":"CommentAction","name":"Comment","target":["https:\/\/www.imobiliare.ro\/imoexpert\/in-2019-preturile-de-lista-ale-locuintelor-si-au-accelerat-cresterea-ce-s-a-intamplat-insa-cu-cele-de-tranzactionare_db\/#respond"]}],"copyrightYear":"2020","copyrightHolder":{"@id":"https:\/\/www.imobiliare.ro\/imoexpert\/#organization"}},{"@type":"WebPage","@id":"https:\/\/www.imobiliare.ro\/imoexpert\/in-2019-preturile-de-lista-ale-locuintelor-si-au-accelerat-cresterea-ce-s-a-intamplat-insa-cu-cele-de-tranzactionare_db\/","url":"https:\/\/www.imobiliare.ro\/imoexpert\/in-2019-preturile-de-lista-ale-locuintelor-si-au-accelerat-cresterea-ce-s-a-intamplat-insa-cu-cele-de-tranzactionare_db\/","name":"\u00cen 2019, pre\u021burile de list\u0103 ale locuin\u021belor \u0219i-au accelerat cre\u0219terea. Ce s-a \u00eent\u00e2mplat, \u00eens\u0103, cu cele de tranzac\u021bionare? - \u0218tiri - ImoExpert","isPartOf":{"@id":"https:\/\/www.imobiliare.ro\/imoexpert\/#website"},"primaryImageOfPage":{"@id":"https:\/\/www.imobiliare.ro\/imoexpert\/in-2019-preturile-de-lista-ale-locuintelor-si-au-accelerat-cresterea-ce-s-a-intamplat-insa-cu-cele-de-tranzactionare_db\/#primaryimage"},"image":{"@id":"https:\/\/www.imobiliare.ro\/imoexpert\/in-2019-preturile-de-lista-ale-locuintelor-si-au-accelerat-cresterea-ce-s-a-intamplat-insa-cu-cele-de-tranzactionare_db\/#primaryimage"},"thumbnailUrl":"https:\/\/www.imobiliare.ro\/imoexpert\/wp-content\/uploads\/2020\/01\/In-2019-preturile-de-lista-ale-locuintelor-si-au-accelerat-cresterea-Ce-s-a-intamplat-insa-cu-cele-de-tranzactionare.jpg","datePublished":"2020-01-21T11:04:29+00:00","description":"Potrivit statisticilor oficiale, valorile de tranzac\u021bionare din Rom\u00e2nia au consemnat cea mai mic\u0103 cre\u0219tere la 12 luni dintre \u021b\u0103rile central-est europene","breadcrumb":{"@id":"https:\/\/www.imobiliare.ro\/imoexpert\/in-2019-preturile-de-lista-ale-locuintelor-si-au-accelerat-cresterea-ce-s-a-intamplat-insa-cu-cele-de-tranzactionare_db\/#breadcrumb"},"inLanguage":"en","potentialAction":[{"@type":"ReadAction","target":["https:\/\/www.imobiliare.ro\/imoexpert\/in-2019-preturile-de-lista-ale-locuintelor-si-au-accelerat-cresterea-ce-s-a-intamplat-insa-cu-cele-de-tranzactionare_db\/"]}]},{"@type":"ImageObject","inLanguage":"en","@id":"https:\/\/www.imobiliare.ro\/imoexpert\/in-2019-preturile-de-lista-ale-locuintelor-si-au-accelerat-cresterea-ce-s-a-intamplat-insa-cu-cele-de-tranzactionare_db\/#primaryimage","url":"https:\/\/www.imobiliare.ro\/imoexpert\/wp-content\/uploads\/2020\/01\/In-2019-preturile-de-lista-ale-locuintelor-si-au-accelerat-cresterea-Ce-s-a-intamplat-insa-cu-cele-de-tranzactionare.jpg","contentUrl":"https:\/\/www.imobiliare.ro\/imoexpert\/wp-content\/uploads\/2020\/01\/In-2019-preturile-de-lista-ale-locuintelor-si-au-accelerat-cresterea-Ce-s-a-intamplat-insa-cu-cele-de-tranzactionare.jpg","width":800,"height":526},{"@type":"BreadcrumbList","@id":"https:\/\/www.imobiliare.ro\/imoexpert\/in-2019-preturile-de-lista-ale-locuintelor-si-au-accelerat-cresterea-ce-s-a-intamplat-insa-cu-cele-de-tranzactionare_db\/#breadcrumb","itemListElement":[{"@type":"ListItem","position":1,"name":"Imoradar24","item":"https:\/\/www.imoradar24.ro"},{"@type":"ListItem","position":2,"name":"ImoExpert","item":"https:\/\/www.imobiliare.ro\/imoexpert\/"},{"@type":"ListItem","position":3,"name":"\u0218tiri","item":"https:\/\/www.imobiliare.ro\/imoexpert\/stiri\/"},{"@type":"ListItem","position":4,"name":"\u00cen 2019, pre\u021burile de list\u0103 ale locuin\u021belor \u0219i-au accelerat cre\u0219terea. Ce s-a \u00eent\u00e2mplat, \u00eens\u0103, cu cele de tranzac\u021bionare?"}]},{"@type":"WebSite","@id":"https:\/\/www.imobiliare.ro\/imoexpert\/#website","url":"https:\/\/www.imobiliare.ro\/imoexpert\/","name":"ImoExpert","description":"cele mai importante \u015ftiri din domeniul imobiliar","publisher":{"@id":"https:\/\/www.imobiliare.ro\/imoexpert\/#organization"},"inLanguage":"en"},{"@type":"Organization","@id":"https:\/\/www.imobiliare.ro\/imoexpert\/#organization","name":"Imobiliare.ro","alternateName":"Realmedia Network SA","url":"https:\/\/www.imobiliare.ro\/imoexpert\/","logo":{"@type":"ImageObject","inLanguage":"en","@id":"https:\/\/www.imobiliare.ro\/imoexpert\/#\/schema\/logo\/image\/","url":"https:\/\/www.imobiliare.ro\/imoexpert\/wp-content\/uploads\/2025\/05\/imobiliare_logo.png","contentUrl":"https:\/\/www.imobiliare.ro\/imoexpert\/wp-content\/uploads\/2025\/05\/imobiliare_logo.png","width":237,"height":29,"caption":"Imobiliare.ro"},"image":{"@id":"https:\/\/www.imobiliare.ro\/imoexpert\/#\/schema\/logo\/image\/"}},{"@type":"Person","@id":"https:\/\/www.imobiliare.ro\/imoexpert\/#\/schema\/person\/8c13b0297075010b896471fabf0d7790","name":"Adriana Dr\u0103gu\u0219in","image":{"@type":"ImageObject","inLanguage":"en","@id":"https:\/\/www.imobiliare.ro\/imoexpert\/#\/schema\/person\/image\/","url":"https:\/\/secure.gravatar.com\/avatar\/ba4762f7517e50e679ed7f11207102d1150120f2f5800c0da98f8a15305bf514?s=96&d=mm&r=g","contentUrl":"https:\/\/secure.gravatar.com\/avatar\/ba4762f7517e50e679ed7f11207102d1150120f2f5800c0da98f8a15305bf514?s=96&d=mm&r=g","caption":"Adriana Dr\u0103gu\u0219in"},"jobTitle":"Editor","url":"https:\/\/www.imobiliare.ro\/imoexpert\/author\/adriana-dragusin\/"}]}},"_links":{"self":[{"href":"https:\/\/www.imobiliare.ro\/imoexpert\/wp-json\/wp\/v2\/posts\/57252","targetHints":{"allow":["GET"]}}],"collection":[{"href":"https:\/\/www.imobiliare.ro\/imoexpert\/wp-json\/wp\/v2\/posts"}],"about":[{"href":"https:\/\/www.imobiliare.ro\/imoexpert\/wp-json\/wp\/v2\/types\/post"}],"author":[{"embeddable":true,"href":"https:\/\/www.imobiliare.ro\/imoexpert\/wp-json\/wp\/v2\/users\/829"}],"replies":[{"embeddable":true,"href":"https:\/\/www.imobiliare.ro\/imoexpert\/wp-json\/wp\/v2\/comments?post=57252"}],"version-history":[{"count":0,"href":"https:\/\/www.imobiliare.ro\/imoexpert\/wp-json\/wp\/v2\/posts\/57252\/revisions"}],"wp:featuredmedia":[{"embeddable":true,"href":"https:\/\/www.imobiliare.ro\/imoexpert\/wp-json\/wp\/v2\/media\/57253"}],"wp:attachment":[{"href":"https:\/\/www.imobiliare.ro\/imoexpert\/wp-json\/wp\/v2\/media?parent=57252"}],"wp:term":[{"taxonomy":"category","embeddable":true,"href":"https:\/\/www.imobiliare.ro\/imoexpert\/wp-json\/wp\/v2\/categories?post=57252"},{"taxonomy":"post_tag","embeddable":true,"href":"https:\/\/www.imobiliare.ro\/imoexpert\/wp-json\/wp\/v2\/tags?post=57252"},{"taxonomy":"content_author","embeddable":true,"href":"https:\/\/www.imobiliare.ro\/imoexpert\/wp-json\/wp\/v2\/content_author?post=57252"}],"curies":[{"name":"wp","href":"https:\/\/api.w.org\/{rel}","templated":true}]}}