{"id":57281,"date":"2020-01-28T12:43:06","date_gmt":"2020-01-28T10:43:06","guid":{"rendered":"https:\/\/www.imobiliare.ro\/imoexpert\/?p=57281"},"modified":"2020-01-28T12:43:06","modified_gmt":"2020-01-28T10:43:06","slug":"asigurari-pe-doua-fronturi-din-partea-guvernului-prima-casa-merge-mai-departe-plafon-de-doua-miliarde-de-lei-pentru-2020","status":"publish","type":"post","link":"https:\/\/www.imobiliare.ro\/imoexpert\/asigurari-pe-doua-fronturi-din-partea-guvernului-prima-casa-merge-mai-departe-plafon-de-doua-miliarde-de-lei-pentru-2020_db\/","title":{"rendered":"Asigur\u0103ri pe dou\u0103 fronturi din partea Guvernului: Prima Cas\u0103 merge mai departe. Plafon de dou\u0103 miliarde de lei pentru 2020"},"content":{"rendered":"<p><a class=\"article-body-links\"href=\"https:\/\/www.imobiliare.ro\/imoexpert\/wp-content\/uploads\/2020\/01\/asigurari-pe-doua-fronturi-din-partea-guvernului-prima-casa-merge-mai-departe-plafon-de-doua-miliarde-de-lei-pentru-2020.jpg\"><img loading=\"lazy\" decoding=\"async\" src=\"https:\/\/www.imobiliare.ro\/imoexpert\/wp-content\/uploads\/2020\/01\/asigurari-pe-doua-fronturi-din-partea-guvernului-prima-casa-merge-mai-departe-plafon-de-doua-miliarde-de-lei-pentru-2020.jpg\" alt=\"\" width=\"800\" height=\"533\" class=\"aligncenter size-full wp-image-57282\" srcset=\"https:\/\/www.imobiliare.ro\/imoexpert\/wp-content\/uploads\/2020\/01\/asigurari-pe-doua-fronturi-din-partea-guvernului-prima-casa-merge-mai-departe-plafon-de-doua-miliarde-de-lei-pentru-2020.jpg 800w, https:\/\/www.imobiliare.ro\/imoexpert\/wp-content\/uploads\/2020\/01\/asigurari-pe-doua-fronturi-din-partea-guvernului-prima-casa-merge-mai-departe-plafon-de-doua-miliarde-de-lei-pentru-2020-300x200.jpg 300w, https:\/\/www.imobiliare.ro\/imoexpert\/wp-content\/uploads\/2020\/01\/asigurari-pe-doua-fronturi-din-partea-guvernului-prima-casa-merge-mai-departe-plafon-de-doua-miliarde-de-lei-pentru-2020-768x512.jpg 768w\" sizes=\"auto, (max-width: 800px) 100vw, 800px\" \/><\/a><\/p>\n<div id=\"ez-toc-container\" class=\"ez-toc-v2_0_81 counter-hierarchy ez-toc-counter ez-toc-grey ez-toc-container-direction\">\n<p class=\"ez-toc-title\" style=\"cursor:inherit\">Table of Contents<\/p>\n<label for=\"ez-toc-cssicon-toggle-item-69ec6de812d88\" class=\"ez-toc-cssicon-toggle-label\"><span class=\"ez-toc-cssicon\"><span class=\"eztoc-hide\" style=\"display:none;\">Toggle<\/span><span class=\"ez-toc-icon-toggle-span\"><svg style=\"fill: #999;color:#999\" xmlns=\"http:\/\/www.w3.org\/2000\/svg\" class=\"list-377408\" width=\"20px\" height=\"20px\" viewBox=\"0 0 24 24\" fill=\"none\"><path d=\"M6 6H4v2h2V6zm14 0H8v2h12V6zM4 11h2v2H4v-2zm16 0H8v2h12v-2zM4 16h2v2H4v-2zm16 0H8v2h12v-2z\" fill=\"currentColor\"><\/path><\/svg><svg style=\"fill: #999;color:#999\" class=\"arrow-unsorted-368013\" xmlns=\"http:\/\/www.w3.org\/2000\/svg\" width=\"10px\" height=\"10px\" viewBox=\"0 0 24 24\" version=\"1.2\" baseProfile=\"tiny\"><path d=\"M18.2 9.3l-6.2-6.3-6.2 6.3c-.2.2-.3.4-.3.7s.1.5.3.7c.2.2.4.3.7.3h11c.3 0 .5-.1.7-.3.2-.2.3-.5.3-.7s-.1-.5-.3-.7zM5.8 14.7l6.2 6.3 6.2-6.3c.2-.2.3-.5.3-.7s-.1-.5-.3-.7c-.2-.2-.4-.3-.7-.3h-11c-.3 0-.5.1-.7.3-.2.2-.3.5-.3.7s.1.5.3.7z\"\/><\/svg><\/span><\/span><\/label><input type=\"checkbox\"  id=\"ez-toc-cssicon-toggle-item-69ec6de812d88\"  aria-label=\"Toggle\" \/><nav><ul class='ez-toc-list ez-toc-list-level-1 ' ><li class='ez-toc-page-1 ez-toc-heading-level-2'><a class=\"ez-toc-link ez-toc-heading-1\" href=\"https:\/\/www.imobiliare.ro\/imoexpert\/asigurari-pe-doua-fronturi-din-partea-guvernului-prima-casa-merge-mai-departe-plafon-de-doua-miliarde-de-lei-pentru-2020_db\/#Conditiile_de_accesare_a_unui_credit_cogarantat_de_catre_stat_nu_au_fost_modificate_iar_cei_interesati_pot_merge_cu_dosarele_la_banci\" >Condi\u021biile de accesare a unui credit cogarantat de c\u0103tre stat nu au fost modificate, iar cei interesa\u021bi pot merge cu dosarele la b\u0103nci.<\/a><\/li><li class='ez-toc-page-1 ez-toc-heading-level-2'><a class=\"ez-toc-link ez-toc-heading-2\" href=\"https:\/\/www.imobiliare.ro\/imoexpert\/asigurari-pe-doua-fronturi-din-partea-guvernului-prima-casa-merge-mai-departe-plafon-de-doua-miliarde-de-lei-pentru-2020_db\/#La_finele_lui_2019_programul_era_in_analiza\" >La finele lui 2019, programul era \u00een analiz\u0103<\/a><\/li><li class='ez-toc-page-1 ez-toc-heading-level-2'><a class=\"ez-toc-link ez-toc-heading-3\" href=\"https:\/\/www.imobiliare.ro\/imoexpert\/asigurari-pe-doua-fronturi-din-partea-guvernului-prima-casa-merge-mai-departe-plafon-de-doua-miliarde-de-lei-pentru-2020_db\/#Derularea_Prima_Casa_conforma_unei_strategii_pe_5_ani_din_2016\" >Derularea Prima Cas\u0103, conform\u0103 unei strategii pe 5 ani, din 2016<\/a><\/li><\/ul><\/nav><\/div>\n<h2><span class=\"ez-toc-section\" id=\"Conditiile_de_accesare_a_unui_credit_cogarantat_de_catre_stat_nu_au_fost_modificate_iar_cei_interesati_pot_merge_cu_dosarele_la_banci\"><\/span>Condi\u021biile de accesare a unui credit cogarantat de c\u0103tre stat nu au fost modificate, iar cei interesa\u021bi pot merge cu dosarele la b\u0103nci.<span class=\"ez-toc-section-end\"><\/span><\/h2>\n<p>Dac\u0103 te numeri printre cei care se g\u00e2ndesc la achizi\u021bia unei locuin\u021be \u00een noul an \u0219i a\u0219teptai cu sufletul la gur\u0103 s\u0103 vezi ce se va mai \u00eent\u00e2mpla cu Prima Cas\u0103, po\u021bi r\u0103sufla u\u0219urat. Ultimele c\u00e2teva zile au adus dou\u0103 asigur\u0103ri importante din partea Guvernului c\u0103 programul sus\u021binut de c\u0103tre stat va continua \u0219i anul acesta. <\/p>\n<p>Astfel, ministrul Finan\u021belor Publice, Florin C\u00ee\u021bu, a declarat ieri, la postul de televiziune Digi 24, c\u0103 programul va merge mai departe ca \u0219i p\u00e2n\u0103 acum, Hot\u0103r\u00e2rea de Guvern pentru 2020 fiind deja semnat\u0103. \u201ePrima Cas\u0103 exist\u0103, func\u021bioneaz\u0103, are plafon dou\u0103 miliarde de lei, nu e nicio problem\u0103 \u0219i nu se opre\u0219te. Po\u021bi depune dosar pentru Prima Cas\u0103. Dac\u0103 sunt probleme, sunt cu unele b\u0103nci, care poate au renun\u021bat la program, dar nu din partea noastr\u0103. Din partea noastr\u0103, plafonul este dou\u0103 miliarde de lei \u0219i exist\u0103 \u0219i Hot\u0103r\u00e2rea de Guvern. Nu este nicio problem\u0103 la Prima Cas\u0103. Programul func\u021bioneaz\u0103. \u0218i nu am schimbat nici criteriile deocamdat\u0103\u201d, a spus Florin C\u00ee\u021bu, citat de <a class=\"article-body-links\"href=\"http:\/\/www.ziare.com\/\">Ziare.com<\/a>.<\/p>\n<p>Declara\u021bia oficialului Ministerului Finan\u021belor vine dup\u0103 ce chiar primul ministru, Ludovic Orban, aducea, \u00een urm\u0103 cu c\u00e2teva zile, acelea\u0219i asigur\u0103ri, \u00een cadrul unei conferin\u021be desf\u0103\u0219urate la Palatul Victoria. \u201eGuvernul a avut prev\u0103zut\u0103 suma, este cred un plafon de dou\u0103 miliarde de lei, urmeaz\u0103 s\u0103 emitem hot\u0103r\u00e2rea de guvern cu stabilirea condi\u021biilor pe anul \u00een curs\u201d, a subliniat premierul, citat de <a class=\"article-body-links\"href=\"https:\/\/www.mediafax.ro\/\">Mediafax<\/a>. <\/p>\n<p><strong>Cite\u0219te \u0219i: <a class=\"article-body-links\"href=\"https:\/\/www.imobiliare.ro\/imoexpert\/epopeea-continua-si-in-2020-sa-fie-prima-casa-dar-nu-orice-fel-de-prima-casa-la-oricine_db\/\">Epopeea continu\u0103 (\u0219i) \u00een 2020: \u201eS\u0103 fie Prima Cas\u0103 \u2013 dar nu orice fel de \u00abprim\u0103 cas\u0103\u00bb, la oricine!\u201d<\/a><\/strong><\/p>\n<h2><span class=\"ez-toc-section\" id=\"La_finele_lui_2019_programul_era_in_analiza\"><\/span>La finele lui 2019, programul era \u00een analiz\u0103<span class=\"ez-toc-section-end\"><\/span><\/h2>\n<p>Noile declara\u021bii ale oficialilor Guvernului vin \u00een contextul \u00een care, spre finele anului trecut, ministrul Florin C\u00ee\u021bu declara c\u0103 programul Prima Cas\u0103 se num\u0103ra printre o serie de programe aflate \u00een acel moment \u00een curs de analiz\u0103, pentru a vedea dac\u0103 aduc sau nu \u201eplus-valoare\u201d. \u201eProgramele r\u0103m\u00e2n. Doar facem o analiz\u0103. Dup\u0103 ce facem o analiz\u0103, vom vedea care mai r\u0103m\u00e2ne \u00een picioare \u0219i care nu\u201d, preciza acesta la postul Antena 1, citat de Mediafax.<\/p>\n<p>Tot atunci, Florin C\u00ee\u021bu nota c\u0103 noul Guvern, de factur\u0103 liberal\u0103, nu inten\u021biona s\u0103 duc\u0103 mai departe ini\u021biativa PSD de a transforma programul Prima Cas\u0103 \u00eentr-unul cu un caracter social mai pronun\u021bat, ce s-ar fi numit \u201eO familie, o cas\u0103\u201d. \u201e\u00cen trei ani de zile, am v\u0103zut toate proiuectele PSD \u0219i nu cred c\u0103 a existat un proiect PSD care s\u0103-mi fi st\u00e2rnit interesul a\u0219a de mult \u00eenc\u00e2t s\u0103-l folosesc. Nici acest proiect nu va fi interesant pentru noi\u201d, ar\u0103ta acesta.<\/p>\n<p><strong>Cite\u0219te \u0219i: <a class=\"article-body-links\"href=\"https:\/\/www.imobiliare.ro\/imoexpert\/prima-casa-din-nou-in-cumpana-varianta-o-familie-o-casa-e-pulverizata-nu-ar-fi-interesanta-pentru-actualul-guvern_db\/\">Prima Cas\u0103, din nou \u00een cump\u0103n\u0103. Varianta \u201eO familie, o cas\u0103\u201d e pulverizat\u0103: nu ar fi \u201einteresant\u0103\u201d pentru actualul Guvern<\/a><\/strong><\/p>\n<h2><span class=\"ez-toc-section\" id=\"Derularea_Prima_Casa_conforma_unei_strategii_pe_5_ani_din_2016\"><\/span>Derularea Prima Cas\u0103, conform\u0103 unei strategii pe 5 ani, din 2016<span class=\"ez-toc-section-end\"><\/span><\/h2>\n<p>Zilele trecute, ministrul Finan\u021belor Publice a precizat ca plafoanele pentru programul Prima Cas\u0103 au fost stabilite \u00een 2016. \u201eAu fost stabilite 2,5 miliarde (de lei, n.r.) pentru 2017, dou\u0103 miliarde pentru 2018, dou\u0103 miliarde pentru 2019, dou\u0103 miliarde \u2013 2020, 1,5 miliarde \u00een 2021. Niciun fel de discu\u021bie\u201d, a afirmat ministrul Finan\u021belor. <\/p>\n<p>Declara\u021bia lui C\u00ee\u021bu face trimitere la strategia pe cinci ani (2017-2021) viz\u00e2nd desf\u0103\u0219urarea programului Prima Cas\u0103, elaborat\u0103 de Ministerul Finan\u021belor din 2016. Reducerea gradual\u0103 a plafonului de garan\u021bii avea \u00een vedere diminuarea interven\u021biei statului prin garantare, explicau atunci oficialii statului \u2013 presupun\u00e2nd c\u0103 pia\u021ba creditului ipotecar avea s\u0103 se dezvolte \u00een urm\u0103torii ani, iar popula\u021bia s\u0103 beneficieze de un mai mare acces la produsele standard ale b\u0103ncilor. <\/p>\n","protected":false},"excerpt":{"rendered":"<p>Condi\u021biile de accesare a unui credit cogarantat de c\u0103tre stat nu au fost modificate, iar cei interesa\u021bi pot merge cu dosarele la b\u0103nci. Dac\u0103 te numeri printre cei care se g\u00e2ndesc la achizi\u021bia unei locuin\u021be \u00een noul an \u0219i a\u0219teptai cu sufletul la gur\u0103 s\u0103 vezi ce se va mai \u00eent\u00e2mpla cu Prima Cas\u0103, po\u021bi [&hellip;]<\/p>\n","protected":false},"author":829,"featured_media":57282,"comment_status":"open","ping_status":"open","sticky":false,"template":"","format":"standard","meta":{"footnotes":""},"categories":[259],"tags":[1878,1410,1548,1411,451],"content_author":[],"class_list":["post-57281","post","type-post","status-publish","format-standard","has-post-thumbnail","hentry","category-stiri","tag-1878","tag-newsletter","tag-prima-casa","tag-principal","tag-proprietar"],"yoast_head":"<!-- This site is optimized with the Yoast SEO Premium plugin v27.0 (Yoast SEO v27.0) - https:\/\/yoast.com\/product\/yoast-seo-premium-wordpress\/ -->\n<title>Asigur\u0103ri pe dou\u0103 fronturi din partea Guvernului: Prima Cas\u0103 merge mai departe. Plafon de dou\u0103 miliarde de lei pentru 2020 - \u0218tiri - ImoExpert<\/title>\n<meta name=\"description\" content=\"Condi\u021biile de accesare a unui credit cogarantat de c\u0103tre stat nu au fost modificate, iar cei interesa\u021bi pot merge cu dosarele la b\u0103nci. Dac\u0103 te numeri\" \/>\n<meta name=\"robots\" content=\"index, follow\" \/>\n<link rel=\"canonical\" href=\"https:\/\/www.imobiliare.ro\/imoexpert\/asigurari-pe-doua-fronturi-din-partea-guvernului-prima-casa-merge-mai-departe-plafon-de-doua-miliarde-de-lei-pentru-2020_db\/\" \/>\n<meta property=\"og:locale\" content=\"ro_RO\" \/>\n<meta property=\"og:type\" content=\"article\" \/>\n<meta property=\"og:title\" content=\"Asigur\u0103ri pe dou\u0103 fronturi din partea Guvernului: Prima Cas\u0103 merge mai departe. Plafon de dou\u0103 miliarde de lei pentru 2020\" \/>\n<meta property=\"og:description\" content=\"Condi\u021biile de accesare a unui credit cogarantat de c\u0103tre stat nu au fost modificate, iar cei interesa\u021bi pot merge cu dosarele la b\u0103nci. Dac\u0103 te numeri\" \/>\n<meta property=\"og:url\" content=\"https:\/\/www.imobiliare.ro\/imoexpert\/asigurari-pe-doua-fronturi-din-partea-guvernului-prima-casa-merge-mai-departe-plafon-de-doua-miliarde-de-lei-pentru-2020_db\/\" \/>\n<meta property=\"og:site_name\" content=\"ImoExpert\" \/>\n<meta property=\"article:published_time\" content=\"2020-01-28T10:43:06+00:00\" \/>\n<meta property=\"og:image\" content=\"https:\/\/www.imobiliare.ro\/imoexpert\/wp-content\/uploads\/2020\/01\/asigurari-pe-doua-fronturi-din-partea-guvernului-prima-casa-merge-mai-departe-plafon-de-doua-miliarde-de-lei-pentru-2020.jpg\" \/>\n\t<meta property=\"og:image:width\" content=\"800\" \/>\n\t<meta property=\"og:image:height\" content=\"533\" \/>\n\t<meta property=\"og:image:type\" content=\"image\/jpeg\" \/>\n<meta name=\"author\" content=\"Adriana Dr\u0103gu\u0219in\" \/>\n<meta name=\"twitter:card\" content=\"summary_large_image\" \/>\n<meta name=\"twitter:label1\" content=\"Written by\" \/>\n\t<meta name=\"twitter:data1\" content=\"Adriana Dr\u0103gu\u0219in\" \/>\n\t<meta name=\"twitter:label2\" content=\"Est. reading time\" \/>\n\t<meta name=\"twitter:data2\" content=\"3 minute\" \/>\n<script type=\"application\/ld+json\" class=\"yoast-schema-graph\">{\"@context\":\"https:\/\/schema.org\",\"@graph\":[{\"@type\":\"Article\",\"@id\":\"https:\/\/www.imobiliare.ro\/imoexpert\/asigurari-pe-doua-fronturi-din-partea-guvernului-prima-casa-merge-mai-departe-plafon-de-doua-miliarde-de-lei-pentru-2020_db\/#article\",\"isPartOf\":{\"@id\":\"https:\/\/www.imobiliare.ro\/imoexpert\/asigurari-pe-doua-fronturi-din-partea-guvernului-prima-casa-merge-mai-departe-plafon-de-doua-miliarde-de-lei-pentru-2020_db\/\"},\"author\":{\"name\":\"Adriana Dr\u0103gu\u0219in\",\"@id\":\"https:\/\/www.imobiliare.ro\/imoexpert\/#\/schema\/person\/8c13b0297075010b896471fabf0d7790\"},\"headline\":\"Asigur\u0103ri pe dou\u0103 fronturi din partea Guvernului: Prima Cas\u0103 merge mai departe. Plafon de dou\u0103 miliarde de lei pentru 2020\",\"datePublished\":\"2020-01-28T10:43:06+00:00\",\"mainEntityOfPage\":{\"@id\":\"https:\/\/www.imobiliare.ro\/imoexpert\/asigurari-pe-doua-fronturi-din-partea-guvernului-prima-casa-merge-mai-departe-plafon-de-doua-miliarde-de-lei-pentru-2020_db\/\"},\"wordCount\":670,\"commentCount\":1,\"publisher\":{\"@id\":\"https:\/\/www.imobiliare.ro\/imoexpert\/#organization\"},\"image\":{\"@id\":\"https:\/\/www.imobiliare.ro\/imoexpert\/asigurari-pe-doua-fronturi-din-partea-guvernului-prima-casa-merge-mai-departe-plafon-de-doua-miliarde-de-lei-pentru-2020_db\/#primaryimage\"},\"thumbnailUrl\":\"https:\/\/www.imobiliare.ro\/imoexpert\/wp-content\/uploads\/2020\/01\/asigurari-pe-doua-fronturi-din-partea-guvernului-prima-casa-merge-mai-departe-plafon-de-doua-miliarde-de-lei-pentru-2020.jpg\",\"keywords\":[\"2020\",\"newsletter\",\"Prima Cas\u0103\",\"principal\",\"proprietar\"],\"articleSection\":[\"\u0218tiri\"],\"inLanguage\":\"en\",\"potentialAction\":[{\"@type\":\"CommentAction\",\"name\":\"Comment\",\"target\":[\"https:\/\/www.imobiliare.ro\/imoexpert\/asigurari-pe-doua-fronturi-din-partea-guvernului-prima-casa-merge-mai-departe-plafon-de-doua-miliarde-de-lei-pentru-2020_db\/#respond\"]}],\"copyrightYear\":\"2020\",\"copyrightHolder\":{\"@id\":\"https:\/\/www.imobiliare.ro\/imoexpert\/#organization\"}},{\"@type\":\"WebPage\",\"@id\":\"https:\/\/www.imobiliare.ro\/imoexpert\/asigurari-pe-doua-fronturi-din-partea-guvernului-prima-casa-merge-mai-departe-plafon-de-doua-miliarde-de-lei-pentru-2020_db\/\",\"url\":\"https:\/\/www.imobiliare.ro\/imoexpert\/asigurari-pe-doua-fronturi-din-partea-guvernului-prima-casa-merge-mai-departe-plafon-de-doua-miliarde-de-lei-pentru-2020_db\/\",\"name\":\"Asigur\u0103ri pe dou\u0103 fronturi din partea Guvernului: Prima Cas\u0103 merge mai departe. Plafon de dou\u0103 miliarde de lei pentru 2020 - \u0218tiri - ImoExpert\",\"isPartOf\":{\"@id\":\"https:\/\/www.imobiliare.ro\/imoexpert\/#website\"},\"primaryImageOfPage\":{\"@id\":\"https:\/\/www.imobiliare.ro\/imoexpert\/asigurari-pe-doua-fronturi-din-partea-guvernului-prima-casa-merge-mai-departe-plafon-de-doua-miliarde-de-lei-pentru-2020_db\/#primaryimage\"},\"image\":{\"@id\":\"https:\/\/www.imobiliare.ro\/imoexpert\/asigurari-pe-doua-fronturi-din-partea-guvernului-prima-casa-merge-mai-departe-plafon-de-doua-miliarde-de-lei-pentru-2020_db\/#primaryimage\"},\"thumbnailUrl\":\"https:\/\/www.imobiliare.ro\/imoexpert\/wp-content\/uploads\/2020\/01\/asigurari-pe-doua-fronturi-din-partea-guvernului-prima-casa-merge-mai-departe-plafon-de-doua-miliarde-de-lei-pentru-2020.jpg\",\"datePublished\":\"2020-01-28T10:43:06+00:00\",\"description\":\"Condi\u021biile de accesare a unui credit cogarantat de c\u0103tre stat nu au fost modificate, iar cei interesa\u021bi pot merge cu dosarele la b\u0103nci. Dac\u0103 te numeri\",\"breadcrumb\":{\"@id\":\"https:\/\/www.imobiliare.ro\/imoexpert\/asigurari-pe-doua-fronturi-din-partea-guvernului-prima-casa-merge-mai-departe-plafon-de-doua-miliarde-de-lei-pentru-2020_db\/#breadcrumb\"},\"inLanguage\":\"en\",\"potentialAction\":[{\"@type\":\"ReadAction\",\"target\":[\"https:\/\/www.imobiliare.ro\/imoexpert\/asigurari-pe-doua-fronturi-din-partea-guvernului-prima-casa-merge-mai-departe-plafon-de-doua-miliarde-de-lei-pentru-2020_db\/\"]}]},{\"@type\":\"ImageObject\",\"inLanguage\":\"en\",\"@id\":\"https:\/\/www.imobiliare.ro\/imoexpert\/asigurari-pe-doua-fronturi-din-partea-guvernului-prima-casa-merge-mai-departe-plafon-de-doua-miliarde-de-lei-pentru-2020_db\/#primaryimage\",\"url\":\"https:\/\/www.imobiliare.ro\/imoexpert\/wp-content\/uploads\/2020\/01\/asigurari-pe-doua-fronturi-din-partea-guvernului-prima-casa-merge-mai-departe-plafon-de-doua-miliarde-de-lei-pentru-2020.jpg\",\"contentUrl\":\"https:\/\/www.imobiliare.ro\/imoexpert\/wp-content\/uploads\/2020\/01\/asigurari-pe-doua-fronturi-din-partea-guvernului-prima-casa-merge-mai-departe-plafon-de-doua-miliarde-de-lei-pentru-2020.jpg\",\"width\":800,\"height\":533},{\"@type\":\"BreadcrumbList\",\"@id\":\"https:\/\/www.imobiliare.ro\/imoexpert\/asigurari-pe-doua-fronturi-din-partea-guvernului-prima-casa-merge-mai-departe-plafon-de-doua-miliarde-de-lei-pentru-2020_db\/#breadcrumb\",\"itemListElement\":[{\"@type\":\"ListItem\",\"position\":1,\"name\":\"Imoradar24\",\"item\":\"https:\/\/www.imoradar24.ro\"},{\"@type\":\"ListItem\",\"position\":2,\"name\":\"ImoExpert\",\"item\":\"https:\/\/www.imobiliare.ro\/imoexpert\/\"},{\"@type\":\"ListItem\",\"position\":3,\"name\":\"\u0218tiri\",\"item\":\"https:\/\/www.imobiliare.ro\/imoexpert\/stiri\/\"},{\"@type\":\"ListItem\",\"position\":4,\"name\":\"Asigur\u0103ri pe dou\u0103 fronturi din partea Guvernului: Prima Cas\u0103 merge mai departe. Plafon de dou\u0103 miliarde de lei pentru 2020\"}]},{\"@type\":\"WebSite\",\"@id\":\"https:\/\/www.imobiliare.ro\/imoexpert\/#website\",\"url\":\"https:\/\/www.imobiliare.ro\/imoexpert\/\",\"name\":\"ImoExpert\",\"description\":\"cele mai importante \u015ftiri din domeniul imobiliar\",\"publisher\":{\"@id\":\"https:\/\/www.imobiliare.ro\/imoexpert\/#organization\"},\"inLanguage\":\"en\"},{\"@type\":\"Organization\",\"@id\":\"https:\/\/www.imobiliare.ro\/imoexpert\/#organization\",\"name\":\"Imobiliare.ro\",\"alternateName\":\"Realmedia Network SA\",\"url\":\"https:\/\/www.imobiliare.ro\/imoexpert\/\",\"logo\":{\"@type\":\"ImageObject\",\"inLanguage\":\"en\",\"@id\":\"https:\/\/www.imobiliare.ro\/imoexpert\/#\/schema\/logo\/image\/\",\"url\":\"https:\/\/www.imobiliare.ro\/imoexpert\/wp-content\/uploads\/2025\/05\/imobiliare_logo.png\",\"contentUrl\":\"https:\/\/www.imobiliare.ro\/imoexpert\/wp-content\/uploads\/2025\/05\/imobiliare_logo.png\",\"width\":237,\"height\":29,\"caption\":\"Imobiliare.ro\"},\"image\":{\"@id\":\"https:\/\/www.imobiliare.ro\/imoexpert\/#\/schema\/logo\/image\/\"}},{\"@type\":\"Person\",\"@id\":\"https:\/\/www.imobiliare.ro\/imoexpert\/#\/schema\/person\/8c13b0297075010b896471fabf0d7790\",\"name\":\"Adriana Dr\u0103gu\u0219in\",\"image\":{\"@type\":\"ImageObject\",\"inLanguage\":\"en\",\"@id\":\"https:\/\/www.imobiliare.ro\/imoexpert\/#\/schema\/person\/image\/\",\"url\":\"https:\/\/secure.gravatar.com\/avatar\/ba4762f7517e50e679ed7f11207102d1150120f2f5800c0da98f8a15305bf514?s=96&d=mm&r=g\",\"contentUrl\":\"https:\/\/secure.gravatar.com\/avatar\/ba4762f7517e50e679ed7f11207102d1150120f2f5800c0da98f8a15305bf514?s=96&d=mm&r=g\",\"caption\":\"Adriana Dr\u0103gu\u0219in\"},\"jobTitle\":\"Editor\",\"url\":\"https:\/\/www.imobiliare.ro\/imoexpert\/author\/adriana-dragusin\/\"}]}<\/script>\n<!-- \/ Yoast SEO Premium plugin. -->","yoast_head_json":{"title":"Asigur\u0103ri pe dou\u0103 fronturi din partea Guvernului: Prima Cas\u0103 merge mai departe. Plafon de dou\u0103 miliarde de lei pentru 2020 - \u0218tiri - ImoExpert","description":"Condi\u021biile de accesare a unui credit cogarantat de c\u0103tre stat nu au fost modificate, iar cei interesa\u021bi pot merge cu dosarele la b\u0103nci. Dac\u0103 te numeri","robots":{"index":"index","follow":"follow"},"canonical":"https:\/\/www.imobiliare.ro\/imoexpert\/asigurari-pe-doua-fronturi-din-partea-guvernului-prima-casa-merge-mai-departe-plafon-de-doua-miliarde-de-lei-pentru-2020_db\/","og_locale":"ro_RO","og_type":"article","og_title":"Asigur\u0103ri pe dou\u0103 fronturi din partea Guvernului: Prima Cas\u0103 merge mai departe. Plafon de dou\u0103 miliarde de lei pentru 2020","og_description":"Condi\u021biile de accesare a unui credit cogarantat de c\u0103tre stat nu au fost modificate, iar cei interesa\u021bi pot merge cu dosarele la b\u0103nci. Dac\u0103 te numeri","og_url":"https:\/\/www.imobiliare.ro\/imoexpert\/asigurari-pe-doua-fronturi-din-partea-guvernului-prima-casa-merge-mai-departe-plafon-de-doua-miliarde-de-lei-pentru-2020_db\/","og_site_name":"ImoExpert","article_published_time":"2020-01-28T10:43:06+00:00","og_image":[{"width":800,"height":533,"url":"https:\/\/www.imobiliare.ro\/imoexpert\/wp-content\/uploads\/2020\/01\/asigurari-pe-doua-fronturi-din-partea-guvernului-prima-casa-merge-mai-departe-plafon-de-doua-miliarde-de-lei-pentru-2020.jpg","type":"image\/jpeg"}],"author":"Adriana Dr\u0103gu\u0219in","twitter_card":"summary_large_image","twitter_misc":{"Written by":"Adriana Dr\u0103gu\u0219in","Est. reading time":"3 minute"},"schema":{"@context":"https:\/\/schema.org","@graph":[{"@type":"Article","@id":"https:\/\/www.imobiliare.ro\/imoexpert\/asigurari-pe-doua-fronturi-din-partea-guvernului-prima-casa-merge-mai-departe-plafon-de-doua-miliarde-de-lei-pentru-2020_db\/#article","isPartOf":{"@id":"https:\/\/www.imobiliare.ro\/imoexpert\/asigurari-pe-doua-fronturi-din-partea-guvernului-prima-casa-merge-mai-departe-plafon-de-doua-miliarde-de-lei-pentru-2020_db\/"},"author":{"name":"Adriana Dr\u0103gu\u0219in","@id":"https:\/\/www.imobiliare.ro\/imoexpert\/#\/schema\/person\/8c13b0297075010b896471fabf0d7790"},"headline":"Asigur\u0103ri pe dou\u0103 fronturi din partea Guvernului: Prima Cas\u0103 merge mai departe. Plafon de dou\u0103 miliarde de lei pentru 2020","datePublished":"2020-01-28T10:43:06+00:00","mainEntityOfPage":{"@id":"https:\/\/www.imobiliare.ro\/imoexpert\/asigurari-pe-doua-fronturi-din-partea-guvernului-prima-casa-merge-mai-departe-plafon-de-doua-miliarde-de-lei-pentru-2020_db\/"},"wordCount":670,"commentCount":1,"publisher":{"@id":"https:\/\/www.imobiliare.ro\/imoexpert\/#organization"},"image":{"@id":"https:\/\/www.imobiliare.ro\/imoexpert\/asigurari-pe-doua-fronturi-din-partea-guvernului-prima-casa-merge-mai-departe-plafon-de-doua-miliarde-de-lei-pentru-2020_db\/#primaryimage"},"thumbnailUrl":"https:\/\/www.imobiliare.ro\/imoexpert\/wp-content\/uploads\/2020\/01\/asigurari-pe-doua-fronturi-din-partea-guvernului-prima-casa-merge-mai-departe-plafon-de-doua-miliarde-de-lei-pentru-2020.jpg","keywords":["2020","newsletter","Prima Cas\u0103","principal","proprietar"],"articleSection":["\u0218tiri"],"inLanguage":"en","potentialAction":[{"@type":"CommentAction","name":"Comment","target":["https:\/\/www.imobiliare.ro\/imoexpert\/asigurari-pe-doua-fronturi-din-partea-guvernului-prima-casa-merge-mai-departe-plafon-de-doua-miliarde-de-lei-pentru-2020_db\/#respond"]}],"copyrightYear":"2020","copyrightHolder":{"@id":"https:\/\/www.imobiliare.ro\/imoexpert\/#organization"}},{"@type":"WebPage","@id":"https:\/\/www.imobiliare.ro\/imoexpert\/asigurari-pe-doua-fronturi-din-partea-guvernului-prima-casa-merge-mai-departe-plafon-de-doua-miliarde-de-lei-pentru-2020_db\/","url":"https:\/\/www.imobiliare.ro\/imoexpert\/asigurari-pe-doua-fronturi-din-partea-guvernului-prima-casa-merge-mai-departe-plafon-de-doua-miliarde-de-lei-pentru-2020_db\/","name":"Asigur\u0103ri pe dou\u0103 fronturi din partea Guvernului: Prima Cas\u0103 merge mai departe. Plafon de dou\u0103 miliarde de lei pentru 2020 - \u0218tiri - ImoExpert","isPartOf":{"@id":"https:\/\/www.imobiliare.ro\/imoexpert\/#website"},"primaryImageOfPage":{"@id":"https:\/\/www.imobiliare.ro\/imoexpert\/asigurari-pe-doua-fronturi-din-partea-guvernului-prima-casa-merge-mai-departe-plafon-de-doua-miliarde-de-lei-pentru-2020_db\/#primaryimage"},"image":{"@id":"https:\/\/www.imobiliare.ro\/imoexpert\/asigurari-pe-doua-fronturi-din-partea-guvernului-prima-casa-merge-mai-departe-plafon-de-doua-miliarde-de-lei-pentru-2020_db\/#primaryimage"},"thumbnailUrl":"https:\/\/www.imobiliare.ro\/imoexpert\/wp-content\/uploads\/2020\/01\/asigurari-pe-doua-fronturi-din-partea-guvernului-prima-casa-merge-mai-departe-plafon-de-doua-miliarde-de-lei-pentru-2020.jpg","datePublished":"2020-01-28T10:43:06+00:00","description":"Condi\u021biile de accesare a unui credit cogarantat de c\u0103tre stat nu au fost modificate, iar cei interesa\u021bi pot merge cu dosarele la b\u0103nci. Dac\u0103 te numeri","breadcrumb":{"@id":"https:\/\/www.imobiliare.ro\/imoexpert\/asigurari-pe-doua-fronturi-din-partea-guvernului-prima-casa-merge-mai-departe-plafon-de-doua-miliarde-de-lei-pentru-2020_db\/#breadcrumb"},"inLanguage":"en","potentialAction":[{"@type":"ReadAction","target":["https:\/\/www.imobiliare.ro\/imoexpert\/asigurari-pe-doua-fronturi-din-partea-guvernului-prima-casa-merge-mai-departe-plafon-de-doua-miliarde-de-lei-pentru-2020_db\/"]}]},{"@type":"ImageObject","inLanguage":"en","@id":"https:\/\/www.imobiliare.ro\/imoexpert\/asigurari-pe-doua-fronturi-din-partea-guvernului-prima-casa-merge-mai-departe-plafon-de-doua-miliarde-de-lei-pentru-2020_db\/#primaryimage","url":"https:\/\/www.imobiliare.ro\/imoexpert\/wp-content\/uploads\/2020\/01\/asigurari-pe-doua-fronturi-din-partea-guvernului-prima-casa-merge-mai-departe-plafon-de-doua-miliarde-de-lei-pentru-2020.jpg","contentUrl":"https:\/\/www.imobiliare.ro\/imoexpert\/wp-content\/uploads\/2020\/01\/asigurari-pe-doua-fronturi-din-partea-guvernului-prima-casa-merge-mai-departe-plafon-de-doua-miliarde-de-lei-pentru-2020.jpg","width":800,"height":533},{"@type":"BreadcrumbList","@id":"https:\/\/www.imobiliare.ro\/imoexpert\/asigurari-pe-doua-fronturi-din-partea-guvernului-prima-casa-merge-mai-departe-plafon-de-doua-miliarde-de-lei-pentru-2020_db\/#breadcrumb","itemListElement":[{"@type":"ListItem","position":1,"name":"Imoradar24","item":"https:\/\/www.imoradar24.ro"},{"@type":"ListItem","position":2,"name":"ImoExpert","item":"https:\/\/www.imobiliare.ro\/imoexpert\/"},{"@type":"ListItem","position":3,"name":"\u0218tiri","item":"https:\/\/www.imobiliare.ro\/imoexpert\/stiri\/"},{"@type":"ListItem","position":4,"name":"Asigur\u0103ri pe dou\u0103 fronturi din partea Guvernului: Prima Cas\u0103 merge mai departe. Plafon de dou\u0103 miliarde de lei pentru 2020"}]},{"@type":"WebSite","@id":"https:\/\/www.imobiliare.ro\/imoexpert\/#website","url":"https:\/\/www.imobiliare.ro\/imoexpert\/","name":"ImoExpert","description":"cele mai importante \u015ftiri din domeniul imobiliar","publisher":{"@id":"https:\/\/www.imobiliare.ro\/imoexpert\/#organization"},"inLanguage":"en"},{"@type":"Organization","@id":"https:\/\/www.imobiliare.ro\/imoexpert\/#organization","name":"Imobiliare.ro","alternateName":"Realmedia Network SA","url":"https:\/\/www.imobiliare.ro\/imoexpert\/","logo":{"@type":"ImageObject","inLanguage":"en","@id":"https:\/\/www.imobiliare.ro\/imoexpert\/#\/schema\/logo\/image\/","url":"https:\/\/www.imobiliare.ro\/imoexpert\/wp-content\/uploads\/2025\/05\/imobiliare_logo.png","contentUrl":"https:\/\/www.imobiliare.ro\/imoexpert\/wp-content\/uploads\/2025\/05\/imobiliare_logo.png","width":237,"height":29,"caption":"Imobiliare.ro"},"image":{"@id":"https:\/\/www.imobiliare.ro\/imoexpert\/#\/schema\/logo\/image\/"}},{"@type":"Person","@id":"https:\/\/www.imobiliare.ro\/imoexpert\/#\/schema\/person\/8c13b0297075010b896471fabf0d7790","name":"Adriana Dr\u0103gu\u0219in","image":{"@type":"ImageObject","inLanguage":"en","@id":"https:\/\/www.imobiliare.ro\/imoexpert\/#\/schema\/person\/image\/","url":"https:\/\/secure.gravatar.com\/avatar\/ba4762f7517e50e679ed7f11207102d1150120f2f5800c0da98f8a15305bf514?s=96&d=mm&r=g","contentUrl":"https:\/\/secure.gravatar.com\/avatar\/ba4762f7517e50e679ed7f11207102d1150120f2f5800c0da98f8a15305bf514?s=96&d=mm&r=g","caption":"Adriana Dr\u0103gu\u0219in"},"jobTitle":"Editor","url":"https:\/\/www.imobiliare.ro\/imoexpert\/author\/adriana-dragusin\/"}]}},"_links":{"self":[{"href":"https:\/\/www.imobiliare.ro\/imoexpert\/wp-json\/wp\/v2\/posts\/57281","targetHints":{"allow":["GET"]}}],"collection":[{"href":"https:\/\/www.imobiliare.ro\/imoexpert\/wp-json\/wp\/v2\/posts"}],"about":[{"href":"https:\/\/www.imobiliare.ro\/imoexpert\/wp-json\/wp\/v2\/types\/post"}],"author":[{"embeddable":true,"href":"https:\/\/www.imobiliare.ro\/imoexpert\/wp-json\/wp\/v2\/users\/829"}],"replies":[{"embeddable":true,"href":"https:\/\/www.imobiliare.ro\/imoexpert\/wp-json\/wp\/v2\/comments?post=57281"}],"version-history":[{"count":0,"href":"https:\/\/www.imobiliare.ro\/imoexpert\/wp-json\/wp\/v2\/posts\/57281\/revisions"}],"wp:featuredmedia":[{"embeddable":true,"href":"https:\/\/www.imobiliare.ro\/imoexpert\/wp-json\/wp\/v2\/media\/57282"}],"wp:attachment":[{"href":"https:\/\/www.imobiliare.ro\/imoexpert\/wp-json\/wp\/v2\/media?parent=57281"}],"wp:term":[{"taxonomy":"category","embeddable":true,"href":"https:\/\/www.imobiliare.ro\/imoexpert\/wp-json\/wp\/v2\/categories?post=57281"},{"taxonomy":"post_tag","embeddable":true,"href":"https:\/\/www.imobiliare.ro\/imoexpert\/wp-json\/wp\/v2\/tags?post=57281"},{"taxonomy":"content_author","embeddable":true,"href":"https:\/\/www.imobiliare.ro\/imoexpert\/wp-json\/wp\/v2\/content_author?post=57281"}],"curies":[{"name":"wp","href":"https:\/\/api.w.org\/{rel}","templated":true}]}}