{"id":57361,"date":"2020-02-04T14:29:07","date_gmt":"2020-02-04T12:29:07","guid":{"rendered":"https:\/\/www.imobiliare.ro\/imoexpert\/?p=57361"},"modified":"2020-02-04T14:29:07","modified_gmt":"2020-02-04T12:29:07","slug":"masura-care-a-readus-anul-trecut-optimismul-pe-piata-rezidentiala-efectele-sale-vor-fi-vizibile-si-in-2020","status":"publish","type":"post","link":"https:\/\/www.imobiliare.ro\/imoexpert\/masura-care-a-readus-anul-trecut-optimismul-pe-piata-rezidentiala-efectele-sale-vor-fi-vizibile-si-in-2020_db\/","title":{"rendered":"M\u0103sura care a readus, anul trecut, optimismul pe pia\u021ba reziden\u021bial\u0103. Efectele sale vor fi vizibile \u0219i \u00een 2020"},"content":{"rendered":"<p><a class=\"article-body-links\"href=\"https:\/\/www.imobiliare.ro\/imoexpert\/masura-care-a-readus-anul-trecut-optimismul-pe-piata-rezidentiala-efectele-sale-vor-fi-vizibile-si-in-2020_db\/young-couple-with-key-from-their-new-house-indoors-closeup-moving-day\/\" rel=\"attachment wp-att-57363\"><img loading=\"lazy\" decoding=\"async\" class=\"alignnone size-full wp-image-57363\" src=\"https:\/\/www.imobiliare.ro\/imoexpert\/wp-content\/uploads\/2020\/02\/tva-5-locuinte.jpg\" alt=\"\" width=\"800\" height=\"533\" srcset=\"https:\/\/www.imobiliare.ro\/imoexpert\/wp-content\/uploads\/2020\/02\/tva-5-locuinte.jpg 800w, https:\/\/www.imobiliare.ro\/imoexpert\/wp-content\/uploads\/2020\/02\/tva-5-locuinte-300x200.jpg 300w, https:\/\/www.imobiliare.ro\/imoexpert\/wp-content\/uploads\/2020\/02\/tva-5-locuinte-768x512.jpg 768w\" sizes=\"auto, (max-width: 800px) 100vw, 800px\" \/><\/a><\/p>\n<h2><strong>Eliminarea restric\u021biilor cu privire la aplicarea cotei reduse de TVA de 5% la achizi\u021bia locuin\u021belor de la \u00eenceputul anului trecut este privit\u0103 ca &#8222;o veste care a adus un optimim \u00een pia\u021b\u0103&#8221;, spun dezvoltatorii.<\/strong><\/h2>\n<p>M\u0103sura le-a oferit celor care aveau nevoie s\u0103 fac\u0103 o astfel de achizi\u021bie imobiliar\u0103 posibilitatea de a cump\u0103ra locuin\u021ba dorit\u0103 \u00een condi\u021bii mai avantajoase. &#8222;A realizat o deblocare. Erau foarte multe persoane care \u00ee\u0219i cump\u0103raser\u0103 o locuin\u021b\u0103 cu TVA de 5% \u0219i nu puteau s\u0103 \u00ee\u0219i fac\u0103 un upgrade. Acest lucru a adus un plus \u00een pia\u021b\u0103 destul de important \u0219i a readus, \u00eentr-o mare parte, optimismul, fapt care s-a v\u0103zut \u0219i \u00een a doua parte a anului 2019&#8221;, a declarat Bogdan Ivan, secretatul general al Asocia\u021biei Dezvoltatorilor Imobiliari din Rom\u00e2nia Urbanis (ADIRU), \u00een cadrul emisiunii <span style=\"color: #ff0000;\"><strong>imoExpert<\/strong><\/span>.<\/p>\n<p>\u00cen opinia sa, aceast\u0103 m\u0103sur\u0103 va continua \u0219i \u00een 2020 s\u0103 contribuie la dezvoltarea favorabil\u0103 a pie\u021bei \u0219i s\u0103 ofere un sprijin, \u00een special, tinerilor \u0219i familiilor tinere care ajung, de exemplu, s\u0103 se mute din ora\u0219e mai mici c\u0103tre principalele centre regionale ale \u021b\u0103rii.<\/p>\n<p><a class=\"article-body-links\"href=\"https:\/\/www.imobiliare.ro\/imoexpert\/masura-care-a-readus-anul-trecut-optimismul-pe-piata-rezidentiala-efectele-sale-vor-fi-vizibile-si-in-2020_db\/bogdan-ivan-secretar-general-adiru\/\" rel=\"attachment wp-att-57381\"><img loading=\"lazy\" decoding=\"async\" class=\"alignnone size-full wp-image-57381\" src=\"https:\/\/www.imobiliare.ro\/imoexpert\/wp-content\/uploads\/2020\/02\/bogdan-ivan-secretar-general-adiru.jpg\" alt=\"\" width=\"800\" height=\"533\" srcset=\"https:\/\/www.imobiliare.ro\/imoexpert\/wp-content\/uploads\/2020\/02\/bogdan-ivan-secretar-general-adiru.jpg 800w, https:\/\/www.imobiliare.ro\/imoexpert\/wp-content\/uploads\/2020\/02\/bogdan-ivan-secretar-general-adiru-300x200.jpg 300w, https:\/\/www.imobiliare.ro\/imoexpert\/wp-content\/uploads\/2020\/02\/bogdan-ivan-secretar-general-adiru-768x512.jpg 768w\" sizes=\"auto, (max-width: 800px) 100vw, 800px\" \/><\/a><\/p>\n<p>&#8222;V\u0103 pot spune c\u0103 pe aceste persoane cu siguran\u021b\u0103 le-a ajutat foarte mult TVA-ul de 5%. Cunosc personal oameni care au cump\u0103rat o garsonier\u0103 \u0219i nu puteau s\u0103 fac\u0103 un upgrade \u0219i acum au reu\u0219it&#8221;, a mai spus Bogdan Ivan, prezent \u00een platoul <span style=\"color: #ff0000;\"><strong>imoExpert<\/strong><\/span>.<\/p>\n<p>&#8222;Este un lucru foarte bun pentru pia\u021b\u0103. Efectul se va men\u021bine \u00een continuare pe toate palierele pie\u021bei&#8221;, a ad\u0103ugat secretarul general al ADIRU.<\/p>\n<p><iframe loading=\"lazy\" src=\"https:\/\/www.youtube.com\/embed\/zoQNlrAtNqU\" width=\"560\" height=\"315\" frameborder=\"0\" allowfullscreen=\"allowfullscreen\"><\/iframe><\/p>\n<p>Cota redus\u0103 de TVA de 5% este aplicat\u0103 \u00een cazul locuin\u021belor cu un pre\u021b de cel mult 450.000 de lei, echivalentul a circa 94.000 de euro. Ultima actualizare a plafonului valoric pentru care se aplic\u0103 TVA de 5% a fost f\u0103cut\u0103 \u00een 2016, c\u00e2nd suma a crescut de la 385.000 de lei la 450.000 de lei, echivalentul a circa 100.000 de euro la acea dat\u0103.<\/p>\n<p>Condi\u021bionarea achizi\u021bion\u0103rii unei singure locuin\u021be cu TVA de 5% de c\u0103tre o persoan\u0103 nec\u0103s\u0103torit\u0103 sau de familie a fost eliminat\u0103 prin Legea 30\/2019. S-a eliminat, de asemenea, limitarea de 250 de mp a suprafe\u021bei terenului pe care este construit\u0103 locuin\u021ba.<\/p>\n<p><strong>URM\u0102RE\u0218TE AICI INTEGRAL EDI\u021aIA DIN IANUARIE A EMISIUNII IMOEXPERT<\/strong><\/p>\n<p><iframe loading=\"lazy\" src=\"https:\/\/www.youtube.com\/embed\/GyBMsmopO0s\" width=\"560\" height=\"315\" frameborder=\"0\" allowfullscreen=\"allowfullscreen\"><\/iframe><\/p>\n","protected":false},"excerpt":{"rendered":"<p>Eliminarea restric\u021biilor cu privire la aplicarea cotei reduse de TVA de 5% la achizi\u021bia locuin\u021belor de la \u00eenceputul anului trecut este privit\u0103 ca &#8222;o veste care a adus un optimim \u00een pia\u021b\u0103&#8221;, spun dezvoltatorii. M\u0103sura le-a oferit celor care aveau nevoie s\u0103 fac\u0103 o astfel de achizi\u021bie imobiliar\u0103 posibilitatea de a cump\u0103ra locuin\u021ba dorit\u0103 \u00een [&hellip;]<\/p>\n","protected":false},"author":5891,"featured_media":57363,"comment_status":"open","ping_status":"open","sticky":false,"template":"","format":"standard","meta":{"footnotes":""},"categories":[259],"tags":[1881,1276,1848,1880],"content_author":[],"class_list":["post-57361","post","type-post","status-publish","format-standard","has-post-thumbnail","hentry","category-stiri","tag-adiru","tag-dezvoltatori-imobiliari","tag-emisiune-imoexpert","tag-tva-5"],"yoast_head":"<!-- This site is optimized with the Yoast SEO Premium plugin v27.0 (Yoast SEO v27.0) - https:\/\/yoast.com\/product\/yoast-seo-premium-wordpress\/ -->\n<title>M\u0103sura care a readus, anul trecut, optimismul pe pia\u021ba reziden\u021bial\u0103. Efectele sale vor fi vizibile \u0219i \u00een 2020 - \u0218tiri - ImoExpert<\/title>\n<meta name=\"description\" content=\"Eliminarea restric\u021biilor cu privire la aplicarea cotei reduse de TVA de 5% la achizi\u021bia locuin\u021belor de la \u00eenceputul anului trecut este privit\u0103 ca &quot;o veste\" \/>\n<meta name=\"robots\" content=\"index, follow\" \/>\n<link rel=\"canonical\" href=\"https:\/\/www.imobiliare.ro\/imoexpert\/masura-care-a-readus-anul-trecut-optimismul-pe-piata-rezidentiala-efectele-sale-vor-fi-vizibile-si-in-2020_db\/\" \/>\n<meta property=\"og:locale\" content=\"ro_RO\" \/>\n<meta property=\"og:type\" content=\"article\" \/>\n<meta property=\"og:title\" content=\"M\u0103sura care a readus, anul trecut, optimismul pe pia\u021ba reziden\u021bial\u0103. Efectele sale vor fi vizibile \u0219i \u00een 2020\" \/>\n<meta property=\"og:description\" content=\"Eliminarea restric\u021biilor cu privire la aplicarea cotei reduse de TVA de 5% la achizi\u021bia locuin\u021belor de la \u00eenceputul anului trecut este privit\u0103 ca &quot;o veste\" \/>\n<meta property=\"og:url\" content=\"https:\/\/www.imobiliare.ro\/imoexpert\/masura-care-a-readus-anul-trecut-optimismul-pe-piata-rezidentiala-efectele-sale-vor-fi-vizibile-si-in-2020_db\/\" \/>\n<meta property=\"og:site_name\" content=\"ImoExpert\" \/>\n<meta property=\"article:published_time\" content=\"2020-02-04T12:29:07+00:00\" \/>\n<meta property=\"og:image\" content=\"https:\/\/www.imobiliare.ro\/imoexpert\/wp-content\/uploads\/2020\/02\/tva-5-locuinte.jpg\" \/>\n\t<meta property=\"og:image:width\" content=\"800\" \/>\n\t<meta property=\"og:image:height\" content=\"533\" \/>\n\t<meta property=\"og:image:type\" content=\"image\/jpeg\" \/>\n<meta name=\"author\" content=\"Corina V\u00e2rlan\" \/>\n<meta name=\"twitter:card\" content=\"summary_large_image\" \/>\n<meta name=\"twitter:label1\" content=\"Written by\" \/>\n\t<meta name=\"twitter:data1\" content=\"Corina V\u00e2rlan\" \/>\n\t<meta name=\"twitter:label2\" content=\"Est. reading time\" \/>\n\t<meta name=\"twitter:data2\" content=\"2 minute\" \/>\n<script type=\"application\/ld+json\" class=\"yoast-schema-graph\">{\"@context\":\"https:\/\/schema.org\",\"@graph\":[{\"@type\":\"Article\",\"@id\":\"https:\/\/www.imobiliare.ro\/imoexpert\/masura-care-a-readus-anul-trecut-optimismul-pe-piata-rezidentiala-efectele-sale-vor-fi-vizibile-si-in-2020_db\/#article\",\"isPartOf\":{\"@id\":\"https:\/\/www.imobiliare.ro\/imoexpert\/masura-care-a-readus-anul-trecut-optimismul-pe-piata-rezidentiala-efectele-sale-vor-fi-vizibile-si-in-2020_db\/\"},\"author\":{\"name\":\"Corina V\u00e2rlan\",\"@id\":\"https:\/\/www.imobiliare.ro\/imoexpert\/#\/schema\/person\/9ffdfbf24b82f39fc75a2fc6c19e4e99\"},\"headline\":\"M\u0103sura care a readus, anul trecut, optimismul pe pia\u021ba reziden\u021bial\u0103. Efectele sale vor fi vizibile \u0219i \u00een 2020\",\"datePublished\":\"2020-02-04T12:29:07+00:00\",\"mainEntityOfPage\":{\"@id\":\"https:\/\/www.imobiliare.ro\/imoexpert\/masura-care-a-readus-anul-trecut-optimismul-pe-piata-rezidentiala-efectele-sale-vor-fi-vizibile-si-in-2020_db\/\"},\"wordCount\":397,\"commentCount\":0,\"publisher\":{\"@id\":\"https:\/\/www.imobiliare.ro\/imoexpert\/#organization\"},\"image\":{\"@id\":\"https:\/\/www.imobiliare.ro\/imoexpert\/masura-care-a-readus-anul-trecut-optimismul-pe-piata-rezidentiala-efectele-sale-vor-fi-vizibile-si-in-2020_db\/#primaryimage\"},\"thumbnailUrl\":\"https:\/\/www.imobiliare.ro\/imoexpert\/wp-content\/uploads\/2020\/02\/tva-5-locuinte.jpg\",\"keywords\":[\"ADIRU\",\"dezvoltatori imobiliari\",\"emisiune imoExpert\",\"tva 5%\"],\"articleSection\":[\"\u0218tiri\"],\"inLanguage\":\"en\",\"potentialAction\":[{\"@type\":\"CommentAction\",\"name\":\"Comment\",\"target\":[\"https:\/\/www.imobiliare.ro\/imoexpert\/masura-care-a-readus-anul-trecut-optimismul-pe-piata-rezidentiala-efectele-sale-vor-fi-vizibile-si-in-2020_db\/#respond\"]}],\"copyrightYear\":\"2020\",\"copyrightHolder\":{\"@id\":\"https:\/\/www.imobiliare.ro\/imoexpert\/#organization\"}},{\"@type\":\"WebPage\",\"@id\":\"https:\/\/www.imobiliare.ro\/imoexpert\/masura-care-a-readus-anul-trecut-optimismul-pe-piata-rezidentiala-efectele-sale-vor-fi-vizibile-si-in-2020_db\/\",\"url\":\"https:\/\/www.imobiliare.ro\/imoexpert\/masura-care-a-readus-anul-trecut-optimismul-pe-piata-rezidentiala-efectele-sale-vor-fi-vizibile-si-in-2020_db\/\",\"name\":\"M\u0103sura care a readus, anul trecut, optimismul pe pia\u021ba reziden\u021bial\u0103. Efectele sale vor fi vizibile \u0219i \u00een 2020 - \u0218tiri - ImoExpert\",\"isPartOf\":{\"@id\":\"https:\/\/www.imobiliare.ro\/imoexpert\/#website\"},\"primaryImageOfPage\":{\"@id\":\"https:\/\/www.imobiliare.ro\/imoexpert\/masura-care-a-readus-anul-trecut-optimismul-pe-piata-rezidentiala-efectele-sale-vor-fi-vizibile-si-in-2020_db\/#primaryimage\"},\"image\":{\"@id\":\"https:\/\/www.imobiliare.ro\/imoexpert\/masura-care-a-readus-anul-trecut-optimismul-pe-piata-rezidentiala-efectele-sale-vor-fi-vizibile-si-in-2020_db\/#primaryimage\"},\"thumbnailUrl\":\"https:\/\/www.imobiliare.ro\/imoexpert\/wp-content\/uploads\/2020\/02\/tva-5-locuinte.jpg\",\"datePublished\":\"2020-02-04T12:29:07+00:00\",\"description\":\"Eliminarea restric\u021biilor cu privire la aplicarea cotei reduse de TVA de 5% la achizi\u021bia locuin\u021belor de la \u00eenceputul anului trecut este privit\u0103 ca \\\"o veste\",\"breadcrumb\":{\"@id\":\"https:\/\/www.imobiliare.ro\/imoexpert\/masura-care-a-readus-anul-trecut-optimismul-pe-piata-rezidentiala-efectele-sale-vor-fi-vizibile-si-in-2020_db\/#breadcrumb\"},\"inLanguage\":\"en\",\"potentialAction\":[{\"@type\":\"ReadAction\",\"target\":[\"https:\/\/www.imobiliare.ro\/imoexpert\/masura-care-a-readus-anul-trecut-optimismul-pe-piata-rezidentiala-efectele-sale-vor-fi-vizibile-si-in-2020_db\/\"]}]},{\"@type\":\"ImageObject\",\"inLanguage\":\"en\",\"@id\":\"https:\/\/www.imobiliare.ro\/imoexpert\/masura-care-a-readus-anul-trecut-optimismul-pe-piata-rezidentiala-efectele-sale-vor-fi-vizibile-si-in-2020_db\/#primaryimage\",\"url\":\"https:\/\/www.imobiliare.ro\/imoexpert\/wp-content\/uploads\/2020\/02\/tva-5-locuinte.jpg\",\"contentUrl\":\"https:\/\/www.imobiliare.ro\/imoexpert\/wp-content\/uploads\/2020\/02\/tva-5-locuinte.jpg\",\"width\":800,\"height\":533},{\"@type\":\"BreadcrumbList\",\"@id\":\"https:\/\/www.imobiliare.ro\/imoexpert\/masura-care-a-readus-anul-trecut-optimismul-pe-piata-rezidentiala-efectele-sale-vor-fi-vizibile-si-in-2020_db\/#breadcrumb\",\"itemListElement\":[{\"@type\":\"ListItem\",\"position\":1,\"name\":\"Imoradar24\",\"item\":\"https:\/\/www.imoradar24.ro\"},{\"@type\":\"ListItem\",\"position\":2,\"name\":\"ImoExpert\",\"item\":\"https:\/\/www.imobiliare.ro\/imoexpert\/\"},{\"@type\":\"ListItem\",\"position\":3,\"name\":\"\u0218tiri\",\"item\":\"https:\/\/www.imobiliare.ro\/imoexpert\/stiri\/\"},{\"@type\":\"ListItem\",\"position\":4,\"name\":\"M\u0103sura care a readus, anul trecut, optimismul pe pia\u021ba reziden\u021bial\u0103. Efectele sale vor fi vizibile \u0219i \u00een 2020\"}]},{\"@type\":\"WebSite\",\"@id\":\"https:\/\/www.imobiliare.ro\/imoexpert\/#website\",\"url\":\"https:\/\/www.imobiliare.ro\/imoexpert\/\",\"name\":\"ImoExpert\",\"description\":\"cele mai importante \u015ftiri din domeniul imobiliar\",\"publisher\":{\"@id\":\"https:\/\/www.imobiliare.ro\/imoexpert\/#organization\"},\"inLanguage\":\"en\"},{\"@type\":\"Organization\",\"@id\":\"https:\/\/www.imobiliare.ro\/imoexpert\/#organization\",\"name\":\"Imobiliare.ro\",\"alternateName\":\"Realmedia Network SA\",\"url\":\"https:\/\/www.imobiliare.ro\/imoexpert\/\",\"logo\":{\"@type\":\"ImageObject\",\"inLanguage\":\"en\",\"@id\":\"https:\/\/www.imobiliare.ro\/imoexpert\/#\/schema\/logo\/image\/\",\"url\":\"https:\/\/www.imobiliare.ro\/imoexpert\/wp-content\/uploads\/2025\/05\/imobiliare_logo.png\",\"contentUrl\":\"https:\/\/www.imobiliare.ro\/imoexpert\/wp-content\/uploads\/2025\/05\/imobiliare_logo.png\",\"width\":237,\"height\":29,\"caption\":\"Imobiliare.ro\"},\"image\":{\"@id\":\"https:\/\/www.imobiliare.ro\/imoexpert\/#\/schema\/logo\/image\/\"}},{\"@type\":\"Person\",\"@id\":\"https:\/\/www.imobiliare.ro\/imoexpert\/#\/schema\/person\/9ffdfbf24b82f39fc75a2fc6c19e4e99\",\"name\":\"Corina V\u00e2rlan\",\"image\":{\"@type\":\"ImageObject\",\"inLanguage\":\"en\",\"@id\":\"https:\/\/www.imobiliare.ro\/imoexpert\/#\/schema\/person\/image\/\",\"url\":\"https:\/\/www.imobiliare.ro\/imoexpert\/wp-content\/uploads\/2026\/02\/12-02-2025-5-rezumat-brasov-thumb-reels-1-1-96x96.png\",\"contentUrl\":\"https:\/\/www.imobiliare.ro\/imoexpert\/wp-content\/uploads\/2026\/02\/12-02-2025-5-rezumat-brasov-thumb-reels-1-1-96x96.png\",\"caption\":\"Corina V\u00e2rlan\"},\"description\":\"Cu o experien\u021b\u0103 de 14 ani \u00een presa online, comunicare \u0219i content marketing, Corina V\u00e2rlan s-a al\u0103turat echipei Imobiliare.ro \u00een urm\u0103 cu 8 ani \u0219i ocup\u0103, \u00een prezent, func\u021bia de Content Manager. Ea este gazda emisiunii \\\"\u00centreab\u0103 expertul\\\" \u0219i a seriei 5 \u0218tiri Imobiliare.ro, realizate \u00een parteneriat cu Libertatea. Corina \u00ee\u0219i concentreaz\u0103 activitatea pe analiza datelor de pia\u021b\u0103 \u0219i pe subiecte de interes at\u00e2t pentru cei afla\u021bi \u00een c\u0103utarea unei locuin\u021be, c\u00e2t \u0219i pentru proprietari sau chiria\u0219i.\",\"alternateName\":\"Corina\",\"jobTitle\":\"Content Manager\",\"url\":\"https:\/\/www.imobiliare.ro\/imoexpert\/author\/corina-varlan\/\"}]}<\/script>\n<!-- \/ Yoast SEO Premium plugin. -->","yoast_head_json":{"title":"M\u0103sura care a readus, anul trecut, optimismul pe pia\u021ba reziden\u021bial\u0103. Efectele sale vor fi vizibile \u0219i \u00een 2020 - \u0218tiri - ImoExpert","description":"Eliminarea restric\u021biilor cu privire la aplicarea cotei reduse de TVA de 5% la achizi\u021bia locuin\u021belor de la \u00eenceputul anului trecut este privit\u0103 ca \"o veste","robots":{"index":"index","follow":"follow"},"canonical":"https:\/\/www.imobiliare.ro\/imoexpert\/masura-care-a-readus-anul-trecut-optimismul-pe-piata-rezidentiala-efectele-sale-vor-fi-vizibile-si-in-2020_db\/","og_locale":"ro_RO","og_type":"article","og_title":"M\u0103sura care a readus, anul trecut, optimismul pe pia\u021ba reziden\u021bial\u0103. Efectele sale vor fi vizibile \u0219i \u00een 2020","og_description":"Eliminarea restric\u021biilor cu privire la aplicarea cotei reduse de TVA de 5% la achizi\u021bia locuin\u021belor de la \u00eenceputul anului trecut este privit\u0103 ca \"o veste","og_url":"https:\/\/www.imobiliare.ro\/imoexpert\/masura-care-a-readus-anul-trecut-optimismul-pe-piata-rezidentiala-efectele-sale-vor-fi-vizibile-si-in-2020_db\/","og_site_name":"ImoExpert","article_published_time":"2020-02-04T12:29:07+00:00","og_image":[{"width":800,"height":533,"url":"https:\/\/www.imobiliare.ro\/imoexpert\/wp-content\/uploads\/2020\/02\/tva-5-locuinte.jpg","type":"image\/jpeg"}],"author":"Corina V\u00e2rlan","twitter_card":"summary_large_image","twitter_misc":{"Written by":"Corina V\u00e2rlan","Est. reading time":"2 minute"},"schema":{"@context":"https:\/\/schema.org","@graph":[{"@type":"Article","@id":"https:\/\/www.imobiliare.ro\/imoexpert\/masura-care-a-readus-anul-trecut-optimismul-pe-piata-rezidentiala-efectele-sale-vor-fi-vizibile-si-in-2020_db\/#article","isPartOf":{"@id":"https:\/\/www.imobiliare.ro\/imoexpert\/masura-care-a-readus-anul-trecut-optimismul-pe-piata-rezidentiala-efectele-sale-vor-fi-vizibile-si-in-2020_db\/"},"author":{"name":"Corina V\u00e2rlan","@id":"https:\/\/www.imobiliare.ro\/imoexpert\/#\/schema\/person\/9ffdfbf24b82f39fc75a2fc6c19e4e99"},"headline":"M\u0103sura care a readus, anul trecut, optimismul pe pia\u021ba reziden\u021bial\u0103. Efectele sale vor fi vizibile \u0219i \u00een 2020","datePublished":"2020-02-04T12:29:07+00:00","mainEntityOfPage":{"@id":"https:\/\/www.imobiliare.ro\/imoexpert\/masura-care-a-readus-anul-trecut-optimismul-pe-piata-rezidentiala-efectele-sale-vor-fi-vizibile-si-in-2020_db\/"},"wordCount":397,"commentCount":0,"publisher":{"@id":"https:\/\/www.imobiliare.ro\/imoexpert\/#organization"},"image":{"@id":"https:\/\/www.imobiliare.ro\/imoexpert\/masura-care-a-readus-anul-trecut-optimismul-pe-piata-rezidentiala-efectele-sale-vor-fi-vizibile-si-in-2020_db\/#primaryimage"},"thumbnailUrl":"https:\/\/www.imobiliare.ro\/imoexpert\/wp-content\/uploads\/2020\/02\/tva-5-locuinte.jpg","keywords":["ADIRU","dezvoltatori imobiliari","emisiune imoExpert","tva 5%"],"articleSection":["\u0218tiri"],"inLanguage":"en","potentialAction":[{"@type":"CommentAction","name":"Comment","target":["https:\/\/www.imobiliare.ro\/imoexpert\/masura-care-a-readus-anul-trecut-optimismul-pe-piata-rezidentiala-efectele-sale-vor-fi-vizibile-si-in-2020_db\/#respond"]}],"copyrightYear":"2020","copyrightHolder":{"@id":"https:\/\/www.imobiliare.ro\/imoexpert\/#organization"}},{"@type":"WebPage","@id":"https:\/\/www.imobiliare.ro\/imoexpert\/masura-care-a-readus-anul-trecut-optimismul-pe-piata-rezidentiala-efectele-sale-vor-fi-vizibile-si-in-2020_db\/","url":"https:\/\/www.imobiliare.ro\/imoexpert\/masura-care-a-readus-anul-trecut-optimismul-pe-piata-rezidentiala-efectele-sale-vor-fi-vizibile-si-in-2020_db\/","name":"M\u0103sura care a readus, anul trecut, optimismul pe pia\u021ba reziden\u021bial\u0103. Efectele sale vor fi vizibile \u0219i \u00een 2020 - \u0218tiri - ImoExpert","isPartOf":{"@id":"https:\/\/www.imobiliare.ro\/imoexpert\/#website"},"primaryImageOfPage":{"@id":"https:\/\/www.imobiliare.ro\/imoexpert\/masura-care-a-readus-anul-trecut-optimismul-pe-piata-rezidentiala-efectele-sale-vor-fi-vizibile-si-in-2020_db\/#primaryimage"},"image":{"@id":"https:\/\/www.imobiliare.ro\/imoexpert\/masura-care-a-readus-anul-trecut-optimismul-pe-piata-rezidentiala-efectele-sale-vor-fi-vizibile-si-in-2020_db\/#primaryimage"},"thumbnailUrl":"https:\/\/www.imobiliare.ro\/imoexpert\/wp-content\/uploads\/2020\/02\/tva-5-locuinte.jpg","datePublished":"2020-02-04T12:29:07+00:00","description":"Eliminarea restric\u021biilor cu privire la aplicarea cotei reduse de TVA de 5% la achizi\u021bia locuin\u021belor de la \u00eenceputul anului trecut este privit\u0103 ca \"o veste","breadcrumb":{"@id":"https:\/\/www.imobiliare.ro\/imoexpert\/masura-care-a-readus-anul-trecut-optimismul-pe-piata-rezidentiala-efectele-sale-vor-fi-vizibile-si-in-2020_db\/#breadcrumb"},"inLanguage":"en","potentialAction":[{"@type":"ReadAction","target":["https:\/\/www.imobiliare.ro\/imoexpert\/masura-care-a-readus-anul-trecut-optimismul-pe-piata-rezidentiala-efectele-sale-vor-fi-vizibile-si-in-2020_db\/"]}]},{"@type":"ImageObject","inLanguage":"en","@id":"https:\/\/www.imobiliare.ro\/imoexpert\/masura-care-a-readus-anul-trecut-optimismul-pe-piata-rezidentiala-efectele-sale-vor-fi-vizibile-si-in-2020_db\/#primaryimage","url":"https:\/\/www.imobiliare.ro\/imoexpert\/wp-content\/uploads\/2020\/02\/tva-5-locuinte.jpg","contentUrl":"https:\/\/www.imobiliare.ro\/imoexpert\/wp-content\/uploads\/2020\/02\/tva-5-locuinte.jpg","width":800,"height":533},{"@type":"BreadcrumbList","@id":"https:\/\/www.imobiliare.ro\/imoexpert\/masura-care-a-readus-anul-trecut-optimismul-pe-piata-rezidentiala-efectele-sale-vor-fi-vizibile-si-in-2020_db\/#breadcrumb","itemListElement":[{"@type":"ListItem","position":1,"name":"Imoradar24","item":"https:\/\/www.imoradar24.ro"},{"@type":"ListItem","position":2,"name":"ImoExpert","item":"https:\/\/www.imobiliare.ro\/imoexpert\/"},{"@type":"ListItem","position":3,"name":"\u0218tiri","item":"https:\/\/www.imobiliare.ro\/imoexpert\/stiri\/"},{"@type":"ListItem","position":4,"name":"M\u0103sura care a readus, anul trecut, optimismul pe pia\u021ba reziden\u021bial\u0103. Efectele sale vor fi vizibile \u0219i \u00een 2020"}]},{"@type":"WebSite","@id":"https:\/\/www.imobiliare.ro\/imoexpert\/#website","url":"https:\/\/www.imobiliare.ro\/imoexpert\/","name":"ImoExpert","description":"cele mai importante \u015ftiri din domeniul imobiliar","publisher":{"@id":"https:\/\/www.imobiliare.ro\/imoexpert\/#organization"},"inLanguage":"en"},{"@type":"Organization","@id":"https:\/\/www.imobiliare.ro\/imoexpert\/#organization","name":"Imobiliare.ro","alternateName":"Realmedia Network SA","url":"https:\/\/www.imobiliare.ro\/imoexpert\/","logo":{"@type":"ImageObject","inLanguage":"en","@id":"https:\/\/www.imobiliare.ro\/imoexpert\/#\/schema\/logo\/image\/","url":"https:\/\/www.imobiliare.ro\/imoexpert\/wp-content\/uploads\/2025\/05\/imobiliare_logo.png","contentUrl":"https:\/\/www.imobiliare.ro\/imoexpert\/wp-content\/uploads\/2025\/05\/imobiliare_logo.png","width":237,"height":29,"caption":"Imobiliare.ro"},"image":{"@id":"https:\/\/www.imobiliare.ro\/imoexpert\/#\/schema\/logo\/image\/"}},{"@type":"Person","@id":"https:\/\/www.imobiliare.ro\/imoexpert\/#\/schema\/person\/9ffdfbf24b82f39fc75a2fc6c19e4e99","name":"Corina V\u00e2rlan","image":{"@type":"ImageObject","inLanguage":"en","@id":"https:\/\/www.imobiliare.ro\/imoexpert\/#\/schema\/person\/image\/","url":"https:\/\/www.imobiliare.ro\/imoexpert\/wp-content\/uploads\/2026\/02\/12-02-2025-5-rezumat-brasov-thumb-reels-1-1-96x96.png","contentUrl":"https:\/\/www.imobiliare.ro\/imoexpert\/wp-content\/uploads\/2026\/02\/12-02-2025-5-rezumat-brasov-thumb-reels-1-1-96x96.png","caption":"Corina V\u00e2rlan"},"description":"Cu o experien\u021b\u0103 de 14 ani \u00een presa online, comunicare \u0219i content marketing, Corina V\u00e2rlan s-a al\u0103turat echipei Imobiliare.ro \u00een urm\u0103 cu 8 ani \u0219i ocup\u0103, \u00een prezent, func\u021bia de Content Manager. Ea este gazda emisiunii \"\u00centreab\u0103 expertul\" \u0219i a seriei 5 \u0218tiri Imobiliare.ro, realizate \u00een parteneriat cu Libertatea. Corina \u00ee\u0219i concentreaz\u0103 activitatea pe analiza datelor de pia\u021b\u0103 \u0219i pe subiecte de interes at\u00e2t pentru cei afla\u021bi \u00een c\u0103utarea unei locuin\u021be, c\u00e2t \u0219i pentru proprietari sau chiria\u0219i.","alternateName":"Corina","jobTitle":"Content Manager","url":"https:\/\/www.imobiliare.ro\/imoexpert\/author\/corina-varlan\/"}]}},"_links":{"self":[{"href":"https:\/\/www.imobiliare.ro\/imoexpert\/wp-json\/wp\/v2\/posts\/57361","targetHints":{"allow":["GET"]}}],"collection":[{"href":"https:\/\/www.imobiliare.ro\/imoexpert\/wp-json\/wp\/v2\/posts"}],"about":[{"href":"https:\/\/www.imobiliare.ro\/imoexpert\/wp-json\/wp\/v2\/types\/post"}],"author":[{"embeddable":true,"href":"https:\/\/www.imobiliare.ro\/imoexpert\/wp-json\/wp\/v2\/users\/5891"}],"replies":[{"embeddable":true,"href":"https:\/\/www.imobiliare.ro\/imoexpert\/wp-json\/wp\/v2\/comments?post=57361"}],"version-history":[{"count":0,"href":"https:\/\/www.imobiliare.ro\/imoexpert\/wp-json\/wp\/v2\/posts\/57361\/revisions"}],"wp:featuredmedia":[{"embeddable":true,"href":"https:\/\/www.imobiliare.ro\/imoexpert\/wp-json\/wp\/v2\/media\/57363"}],"wp:attachment":[{"href":"https:\/\/www.imobiliare.ro\/imoexpert\/wp-json\/wp\/v2\/media?parent=57361"}],"wp:term":[{"taxonomy":"category","embeddable":true,"href":"https:\/\/www.imobiliare.ro\/imoexpert\/wp-json\/wp\/v2\/categories?post=57361"},{"taxonomy":"post_tag","embeddable":true,"href":"https:\/\/www.imobiliare.ro\/imoexpert\/wp-json\/wp\/v2\/tags?post=57361"},{"taxonomy":"content_author","embeddable":true,"href":"https:\/\/www.imobiliare.ro\/imoexpert\/wp-json\/wp\/v2\/content_author?post=57361"}],"curies":[{"name":"wp","href":"https:\/\/api.w.org\/{rel}","templated":true}]}}