{"id":57383,"date":"2020-02-04T17:19:45","date_gmt":"2020-02-04T15:19:45","guid":{"rendered":"https:\/\/www.imobiliare.ro\/imoexpert\/?p=57383"},"modified":"2020-02-04T17:19:45","modified_gmt":"2020-02-04T15:19:45","slug":"cresteri-consistente-in-marile-orase-anticipate-de-dezvoltatori-pe-baza-acestui-fenomen-nu-se-manifesta-doar-in-romania","status":"publish","type":"post","link":"https:\/\/www.imobiliare.ro\/imoexpert\/cresteri-consistente-in-marile-orase-anticipate-de-dezvoltatori-pe-baza-acestui-fenomen-nu-se-manifesta-doar-in-romania_db\/","title":{"rendered":"Cre\u0219teri consistente \u00een marile ora\u0219e, anticipate de dezvoltatori pe baza acestui fenomen. &#8222;Nu se manifest\u0103 doar \u00een Rom\u00e2nia&#8221;"},"content":{"rendered":"<h2><a class=\"article-body-links\"href=\"https:\/\/www.imobiliare.ro\/imoexpert\/cresteri-consistente-in-marile-orase-anticipate-de-dezvoltatori-pe-baza-acestui-fenomen-nu-se-manifesta-doar-in-romania_db\/cererea-in-marile-orase-din-romania\/\" rel=\"attachment wp-att-57394\"><img loading=\"lazy\" decoding=\"async\" class=\"alignnone size-full wp-image-57394\" src=\"https:\/\/www.imobiliare.ro\/imoexpert\/wp-content\/uploads\/2020\/02\/cererea-in-marile-orase-din-romania.jpg\" alt=\"\" width=\"800\" height=\"450\" srcset=\"https:\/\/www.imobiliare.ro\/imoexpert\/wp-content\/uploads\/2020\/02\/cererea-in-marile-orase-din-romania.jpg 800w, https:\/\/www.imobiliare.ro\/imoexpert\/wp-content\/uploads\/2020\/02\/cererea-in-marile-orase-din-romania-300x169.jpg 300w, https:\/\/www.imobiliare.ro\/imoexpert\/wp-content\/uploads\/2020\/02\/cererea-in-marile-orase-din-romania-768x432.jpg 768w\" sizes=\"auto, (max-width: 800px) 100vw, 800px\" \/><\/a><\/h2>\n<h2>Cererea se va men\u021bine la un nivel destul de ridicat \u00een marile ora\u0219e din \u021bar\u0103 \u0219i \u00een 2020, un factor important ce alimenteaz\u0103 aceast\u0103 tendin\u021b\u0103 fiind reprezentat de fenomenul de urbanizare, care \u0219i-a f\u0103cut sim\u021bit\u0103 prezen\u021ba nu doar \u00een Rom\u00e2nia, ci \u0219i \u00een toate statele europene, spun reprezentan\u021bii dezvoltatorilor imobiliari.<\/h2>\n<p>&#8222;\u00cen toate ora\u0219ele mari din Rom\u00e2nia, inclusiv \u00een Bucure\u0219ti, se vede aceast\u0103 migra\u021bie. Vorbim despre migra\u021bia tinerilor care vin din ora\u0219ele mici c\u0103tre ora\u0219ele mari, iar acest fenomen credem noi c\u0103 va fi \u00een continuare accentuat pentru c\u0103, din p\u0103cate, la acest moment tinerii au dou\u0103 variante &#8211;\u00a0 fie s\u0103 vin\u0103 c\u0103tre ora\u0219ele principale, fie s\u0103 plece \u00een afar\u0103&#8221;, a declarat Bogdan Ivan, secretarul general al Asocia\u021biei Dezvoltatorilor Imobiliari din Rom\u00e2nia Urbanis (ADIRU).<\/p>\n<p>&#8222;Acest fenomen nu se manifest\u0103 doar \u00een Rom\u00e2nia, s-a manifestat \u00een toate \u021b\u0103rile europene, \u0219i va exista \u00een continuare o cre\u0219tere destul de consistent\u0103 c\u0103tre ora\u0219ele principale &#8211; Cluj-Napoca, Bucure\u0219ti, Timi\u0219oara&#8221;, a mai ad\u0103ugat reprezentantul ADIRU, prezent \u00een platoul <span style=\"color: #ff0000;\"><strong>imoExpert<\/strong><\/span>.<\/p>\n<p><a class=\"article-body-links\"href=\"https:\/\/www.imobiliare.ro\/imoexpert\/cresteri-consistente-in-marile-orase-anticipate-de-dezvoltatori-pe-baza-acestui-fenomen-nu-se-manifesta-doar-in-romania_db\/invitati-imoexpert-ianuarie\/\" rel=\"attachment wp-att-57390\"><img loading=\"lazy\" decoding=\"async\" class=\"alignnone size-full wp-image-57390\" src=\"https:\/\/www.imobiliare.ro\/imoexpert\/wp-content\/uploads\/2020\/02\/invitati-imoexpert-ianuarie.jpg\" alt=\"\" width=\"800\" height=\"533\" srcset=\"https:\/\/www.imobiliare.ro\/imoexpert\/wp-content\/uploads\/2020\/02\/invitati-imoexpert-ianuarie.jpg 800w, https:\/\/www.imobiliare.ro\/imoexpert\/wp-content\/uploads\/2020\/02\/invitati-imoexpert-ianuarie-300x200.jpg 300w, https:\/\/www.imobiliare.ro\/imoexpert\/wp-content\/uploads\/2020\/02\/invitati-imoexpert-ianuarie-768x512.jpg 768w\" sizes=\"auto, (max-width: 800px) 100vw, 800px\" \/><\/a><\/p>\n<p>El sus\u021bine, totodat\u0103, c\u0103 doar \u00een Capital\u0103 mai sunt necesare mii de locuin\u021be noi pentru a satisface cererea.<\/p>\n<p>Cele mai recente date publicate de Institutul Na\u021bional de Statistic\u0103 (INS) arat\u0103 c\u0103 Bucure\u0219ti-Ilfov r\u0103m\u00e2ne cea mai urbanizat\u0103 regiune a Rom\u00e2niei. Nu este de neglijat nici faptul c\u0103 \u00een Capital\u0103 \u0219i \u00een \u00eemprejurimi g\u0103sim aproape 12% din \u00eentreaga popula\u021bie a \u021b\u0103rii.<\/p>\n<p><a class=\"article-body-links\"href=\"http:\/\/www.insse.ro\/cms\/sites\/default\/files\/field\/publicatii\/fondul_de_locuinte_2018_1.pdf\" target=\"_blank\" rel=\"noopener noreferrer\">Fondul locativ era format aici la sf\u00e2r\u0219itul lui 2018<\/a> din 1,05 milioane de locuin\u021be, dintr-un total de circa 9 milioane, acestea fiind \u0219i unele dintre cele mai spa\u021bioase din \u021bar\u0103. Capitala \u0219i jude\u021bul Ilfov s-au pozi\u021bionat pe locul 2 \u00een topul regiunilor, suprafa\u021ba locuibil\u0103 dep\u0103\u0219ind media na\u021bional\u0103, de 47,6 mp\/locuin\u021b\u0103, \u0219i ajung\u00e2nd p\u00e2n\u0103 la 50,4 mp.<\/p>\n<p><iframe loading=\"lazy\" width=\"560\" height=\"315\" src=\"https:\/\/www.youtube.com\/embed\/172gmnm_9So\" frameborder=\"0\" allow=\"accelerometer; autoplay; encrypted-media; gyroscope; picture-in-picture\" allowfullscreen><\/iframe><\/p>\n<p>\u00cen 2018, aici au fost finalizate cele mai multe locuin\u021be din \u021bar\u0103, mai exact aproape 11.280 din totalul de circa 59.700.\u00a0 \u00cen prima jum\u0103tate a anului trecut au fost date \u00een folosin\u021b\u0103 <a class=\"article-body-links\"href=\"http:\/\/www.insse.ro\/cms\/sites\/default\/files\/com_presa\/com_pdf\/constr_loc_tr2r_19.pdf\" target=\"_blank\" rel=\"noopener noreferrer\">27.204 locuin\u021be la nivel na\u021bional<\/a>, dintre care aproape 5.800 \u00een regiunea Bucure\u0219ti-Ilfov.<\/p>\n<p><a class=\"article-body-links\"href=\"https:\/\/www.imobiliare.ro\/imoexpert\/cresteri-consistente-in-marile-orase-anticipate-de-dezvoltatori-pe-baza-acestui-fenomen-nu-se-manifesta-doar-in-romania_db\/fondul-locativ-in-bucuresti\/\" rel=\"attachment wp-att-57392\"><img loading=\"lazy\" decoding=\"async\" class=\"alignnone size-full wp-image-57392\" src=\"https:\/\/www.imobiliare.ro\/imoexpert\/wp-content\/uploads\/2020\/02\/fondul-locativ-in-bucuresti.jpg\" alt=\"\" width=\"800\" height=\"600\" srcset=\"https:\/\/www.imobiliare.ro\/imoexpert\/wp-content\/uploads\/2020\/02\/fondul-locativ-in-bucuresti.jpg 800w, https:\/\/www.imobiliare.ro\/imoexpert\/wp-content\/uploads\/2020\/02\/fondul-locativ-in-bucuresti-300x225.jpg 300w, https:\/\/www.imobiliare.ro\/imoexpert\/wp-content\/uploads\/2020\/02\/fondul-locativ-in-bucuresti-768x576.jpg 768w\" sizes=\"auto, (max-width: 800px) 100vw, 800px\" \/><\/a><\/p>\n<p>&#8222;Noi credem c\u0103 va exista o cerere consistent\u0103, dar nu mai vedem acele cre\u0219teri (n.r. de pre\u021b), a\u0219a cum au fost \u00een anii preceden\u021bi&#8221;, a mai men\u021bionat Bogdan Ivan \u00een cea mai nou\u0103 edi\u021bie a emisiunii <strong><span style=\"color: #ff0000;\">imoExpert<\/span><\/strong>.<\/p>\n<p>&#8222;Trebuie s\u0103 ne a\u0219tept\u0103m la o pia\u021b\u0103 matur\u0103, cu cre\u0219teri marginale&#8221;, a ad\u0103ugat el, explic\u00e2nd c\u0103 \u00een ultima perioad\u0103 au existat \u0219i unele major\u0103ri ale costurilor \u00een construc\u021bii, fapt care va duce implicit la o cre\u0219tere a pre\u021burilor. Reprezentantul ADIRU a \u021binut s\u0103 sublinieze \u00eens\u0103 faptul c\u0103 &#8222;va fi o cre\u0219tere \u00een concordan\u021b\u0103 cu puterea de cump\u0103rare&#8221;.<\/p>\n<p>Conform\u00a0<span style=\"color: #ff0000;\"><a class=\"article-body-links\"style=\"color: #ff0000;\" href=\"https:\/\/www.imobiliare.ro\/indicele-imobiliare-ro\" target=\"_blank\" rel=\"noopener noreferrer\"><strong>Indicelui Imobiliare.ro<\/strong><\/a><\/span>, \u00een 12 luni pre\u021bul mediu solicitat pentru apartamentele vechi \u0219i noi scoase la v\u00e2nzare \u00een Bucure\u0219ti s-a apreciat cu aproape 6%, p\u00e2n\u0103 la valoarea de 1.413 euro\/mp util.<\/p>\n<p><strong>URM\u0102RE\u0218TE AICI INTEGRAL EDI\u021aIA DIN IANUARIE A EMISIUNII IMOEXPERT<\/strong><\/p>\n<p><iframe loading=\"lazy\" src=\"https:\/\/www.youtube.com\/embed\/GyBMsmopO0s\" width=\"560\" height=\"315\" frameborder=\"0\" allowfullscreen=\"allowfullscreen\"><\/iframe><\/p>\n","protected":false},"excerpt":{"rendered":"<p>Cererea se va men\u021bine la un nivel destul de ridicat \u00een marile ora\u0219e din \u021bar\u0103 \u0219i \u00een 2020, un factor important ce alimenteaz\u0103 aceast\u0103 tendin\u021b\u0103 fiind reprezentat de fenomenul de urbanizare, care \u0219i-a f\u0103cut sim\u021bit\u0103 prezen\u021ba nu doar \u00een Rom\u00e2nia, ci \u0219i \u00een toate statele europene, spun reprezentan\u021bii dezvoltatorilor imobiliari. &#8222;\u00cen toate ora\u0219ele mari din [&hellip;]<\/p>\n","protected":false},"author":5891,"featured_media":57394,"comment_status":"open","ping_status":"open","sticky":false,"template":"","format":"standard","meta":{"footnotes":""},"categories":[259],"tags":[1881,1656,1276,1065],"content_author":[],"class_list":["post-57383","post","type-post","status-publish","format-standard","has-post-thumbnail","hentry","category-stiri","tag-adiru","tag-cerere-locuinte","tag-dezvoltatori-imobiliari","tag-urbanizare"],"yoast_head":"<!-- This site is optimized with the Yoast SEO Premium plugin v27.0 (Yoast SEO v27.0) - https:\/\/yoast.com\/product\/yoast-seo-premium-wordpress\/ -->\n<title>Cre\u0219teri consistente \u00een marile ora\u0219e, anticipate de dezvoltatori pe baza acestui fenomen. &quot;Nu se manifest\u0103 doar \u00een Rom\u00e2nia&quot; - \u0218tiri - ImoExpert<\/title>\n<meta name=\"description\" content=\"Cererea se va men\u021bine la un nivel destul de ridicat \u00een marile ora\u0219e din \u021bar\u0103 \u0219i \u00een 2020, un factor important ce alimenteaz\u0103 aceast\u0103 tendin\u021b\u0103 fiind\" \/>\n<meta name=\"robots\" content=\"index, follow\" \/>\n<link rel=\"canonical\" href=\"https:\/\/www.imobiliare.ro\/imoexpert\/cresteri-consistente-in-marile-orase-anticipate-de-dezvoltatori-pe-baza-acestui-fenomen-nu-se-manifesta-doar-in-romania_db\/\" \/>\n<meta property=\"og:locale\" content=\"ro_RO\" \/>\n<meta property=\"og:type\" content=\"article\" \/>\n<meta property=\"og:title\" content=\"Cre\u0219teri consistente \u00een marile ora\u0219e, anticipate de dezvoltatori pe baza acestui fenomen. &quot;Nu se manifest\u0103 doar \u00een Rom\u00e2nia&quot;\" \/>\n<meta property=\"og:description\" content=\"Cererea se va men\u021bine la un nivel destul de ridicat \u00een marile ora\u0219e din \u021bar\u0103 \u0219i \u00een 2020, un factor important ce alimenteaz\u0103 aceast\u0103 tendin\u021b\u0103 fiind\" \/>\n<meta property=\"og:url\" content=\"https:\/\/www.imobiliare.ro\/imoexpert\/cresteri-consistente-in-marile-orase-anticipate-de-dezvoltatori-pe-baza-acestui-fenomen-nu-se-manifesta-doar-in-romania_db\/\" \/>\n<meta property=\"og:site_name\" content=\"ImoExpert\" \/>\n<meta property=\"article:published_time\" content=\"2020-02-04T15:19:45+00:00\" \/>\n<meta property=\"og:image\" content=\"https:\/\/www.imobiliare.ro\/imoexpert\/wp-content\/uploads\/2020\/02\/cererea-in-marile-orase-din-romania.jpg\" \/>\n\t<meta property=\"og:image:width\" content=\"800\" \/>\n\t<meta property=\"og:image:height\" content=\"450\" \/>\n\t<meta property=\"og:image:type\" content=\"image\/jpeg\" \/>\n<meta name=\"author\" content=\"Corina V\u00e2rlan\" \/>\n<meta name=\"twitter:card\" content=\"summary_large_image\" \/>\n<meta name=\"twitter:label1\" content=\"Written by\" \/>\n\t<meta name=\"twitter:data1\" content=\"Corina V\u00e2rlan\" \/>\n\t<meta name=\"twitter:label2\" content=\"Est. reading time\" \/>\n\t<meta name=\"twitter:data2\" content=\"3 minute\" \/>\n<script type=\"application\/ld+json\" class=\"yoast-schema-graph\">{\"@context\":\"https:\/\/schema.org\",\"@graph\":[{\"@type\":\"Article\",\"@id\":\"https:\/\/www.imobiliare.ro\/imoexpert\/cresteri-consistente-in-marile-orase-anticipate-de-dezvoltatori-pe-baza-acestui-fenomen-nu-se-manifesta-doar-in-romania_db\/#article\",\"isPartOf\":{\"@id\":\"https:\/\/www.imobiliare.ro\/imoexpert\/cresteri-consistente-in-marile-orase-anticipate-de-dezvoltatori-pe-baza-acestui-fenomen-nu-se-manifesta-doar-in-romania_db\/\"},\"author\":{\"name\":\"Corina V\u00e2rlan\",\"@id\":\"https:\/\/www.imobiliare.ro\/imoexpert\/#\/schema\/person\/9ffdfbf24b82f39fc75a2fc6c19e4e99\"},\"headline\":\"Cre\u0219teri consistente \u00een marile ora\u0219e, anticipate de dezvoltatori pe baza acestui fenomen. &#8222;Nu se manifest\u0103 doar \u00een Rom\u00e2nia&#8221;\",\"datePublished\":\"2020-02-04T15:19:45+00:00\",\"mainEntityOfPage\":{\"@id\":\"https:\/\/www.imobiliare.ro\/imoexpert\/cresteri-consistente-in-marile-orase-anticipate-de-dezvoltatori-pe-baza-acestui-fenomen-nu-se-manifesta-doar-in-romania_db\/\"},\"wordCount\":540,\"commentCount\":0,\"publisher\":{\"@id\":\"https:\/\/www.imobiliare.ro\/imoexpert\/#organization\"},\"image\":{\"@id\":\"https:\/\/www.imobiliare.ro\/imoexpert\/cresteri-consistente-in-marile-orase-anticipate-de-dezvoltatori-pe-baza-acestui-fenomen-nu-se-manifesta-doar-in-romania_db\/#primaryimage\"},\"thumbnailUrl\":\"https:\/\/www.imobiliare.ro\/imoexpert\/wp-content\/uploads\/2020\/02\/cererea-in-marile-orase-din-romania.jpg\",\"keywords\":[\"ADIRU\",\"cerere locuinte\",\"dezvoltatori imobiliari\",\"urbanizare\"],\"articleSection\":[\"\u0218tiri\"],\"inLanguage\":\"en\",\"potentialAction\":[{\"@type\":\"CommentAction\",\"name\":\"Comment\",\"target\":[\"https:\/\/www.imobiliare.ro\/imoexpert\/cresteri-consistente-in-marile-orase-anticipate-de-dezvoltatori-pe-baza-acestui-fenomen-nu-se-manifesta-doar-in-romania_db\/#respond\"]}],\"copyrightYear\":\"2020\",\"copyrightHolder\":{\"@id\":\"https:\/\/www.imobiliare.ro\/imoexpert\/#organization\"}},{\"@type\":\"WebPage\",\"@id\":\"https:\/\/www.imobiliare.ro\/imoexpert\/cresteri-consistente-in-marile-orase-anticipate-de-dezvoltatori-pe-baza-acestui-fenomen-nu-se-manifesta-doar-in-romania_db\/\",\"url\":\"https:\/\/www.imobiliare.ro\/imoexpert\/cresteri-consistente-in-marile-orase-anticipate-de-dezvoltatori-pe-baza-acestui-fenomen-nu-se-manifesta-doar-in-romania_db\/\",\"name\":\"Cre\u0219teri consistente \u00een marile ora\u0219e, anticipate de dezvoltatori pe baza acestui fenomen. \\\"Nu se manifest\u0103 doar \u00een Rom\u00e2nia\\\" - \u0218tiri - ImoExpert\",\"isPartOf\":{\"@id\":\"https:\/\/www.imobiliare.ro\/imoexpert\/#website\"},\"primaryImageOfPage\":{\"@id\":\"https:\/\/www.imobiliare.ro\/imoexpert\/cresteri-consistente-in-marile-orase-anticipate-de-dezvoltatori-pe-baza-acestui-fenomen-nu-se-manifesta-doar-in-romania_db\/#primaryimage\"},\"image\":{\"@id\":\"https:\/\/www.imobiliare.ro\/imoexpert\/cresteri-consistente-in-marile-orase-anticipate-de-dezvoltatori-pe-baza-acestui-fenomen-nu-se-manifesta-doar-in-romania_db\/#primaryimage\"},\"thumbnailUrl\":\"https:\/\/www.imobiliare.ro\/imoexpert\/wp-content\/uploads\/2020\/02\/cererea-in-marile-orase-din-romania.jpg\",\"datePublished\":\"2020-02-04T15:19:45+00:00\",\"description\":\"Cererea se va men\u021bine la un nivel destul de ridicat \u00een marile ora\u0219e din \u021bar\u0103 \u0219i \u00een 2020, un factor important ce alimenteaz\u0103 aceast\u0103 tendin\u021b\u0103 fiind\",\"breadcrumb\":{\"@id\":\"https:\/\/www.imobiliare.ro\/imoexpert\/cresteri-consistente-in-marile-orase-anticipate-de-dezvoltatori-pe-baza-acestui-fenomen-nu-se-manifesta-doar-in-romania_db\/#breadcrumb\"},\"inLanguage\":\"en\",\"potentialAction\":[{\"@type\":\"ReadAction\",\"target\":[\"https:\/\/www.imobiliare.ro\/imoexpert\/cresteri-consistente-in-marile-orase-anticipate-de-dezvoltatori-pe-baza-acestui-fenomen-nu-se-manifesta-doar-in-romania_db\/\"]}]},{\"@type\":\"ImageObject\",\"inLanguage\":\"en\",\"@id\":\"https:\/\/www.imobiliare.ro\/imoexpert\/cresteri-consistente-in-marile-orase-anticipate-de-dezvoltatori-pe-baza-acestui-fenomen-nu-se-manifesta-doar-in-romania_db\/#primaryimage\",\"url\":\"https:\/\/www.imobiliare.ro\/imoexpert\/wp-content\/uploads\/2020\/02\/cererea-in-marile-orase-din-romania.jpg\",\"contentUrl\":\"https:\/\/www.imobiliare.ro\/imoexpert\/wp-content\/uploads\/2020\/02\/cererea-in-marile-orase-din-romania.jpg\",\"width\":800,\"height\":450},{\"@type\":\"BreadcrumbList\",\"@id\":\"https:\/\/www.imobiliare.ro\/imoexpert\/cresteri-consistente-in-marile-orase-anticipate-de-dezvoltatori-pe-baza-acestui-fenomen-nu-se-manifesta-doar-in-romania_db\/#breadcrumb\",\"itemListElement\":[{\"@type\":\"ListItem\",\"position\":1,\"name\":\"Imoradar24\",\"item\":\"https:\/\/www.imoradar24.ro\"},{\"@type\":\"ListItem\",\"position\":2,\"name\":\"ImoExpert\",\"item\":\"https:\/\/www.imobiliare.ro\/imoexpert\/\"},{\"@type\":\"ListItem\",\"position\":3,\"name\":\"\u0218tiri\",\"item\":\"https:\/\/www.imobiliare.ro\/imoexpert\/stiri\/\"},{\"@type\":\"ListItem\",\"position\":4,\"name\":\"Cre\u0219teri consistente \u00een marile ora\u0219e, anticipate de dezvoltatori pe baza acestui fenomen. &#8222;Nu se manifest\u0103 doar \u00een Rom\u00e2nia&#8221;\"}]},{\"@type\":\"WebSite\",\"@id\":\"https:\/\/www.imobiliare.ro\/imoexpert\/#website\",\"url\":\"https:\/\/www.imobiliare.ro\/imoexpert\/\",\"name\":\"ImoExpert\",\"description\":\"cele mai importante \u015ftiri din domeniul imobiliar\",\"publisher\":{\"@id\":\"https:\/\/www.imobiliare.ro\/imoexpert\/#organization\"},\"inLanguage\":\"en\"},{\"@type\":\"Organization\",\"@id\":\"https:\/\/www.imobiliare.ro\/imoexpert\/#organization\",\"name\":\"Imobiliare.ro\",\"alternateName\":\"Realmedia Network SA\",\"url\":\"https:\/\/www.imobiliare.ro\/imoexpert\/\",\"logo\":{\"@type\":\"ImageObject\",\"inLanguage\":\"en\",\"@id\":\"https:\/\/www.imobiliare.ro\/imoexpert\/#\/schema\/logo\/image\/\",\"url\":\"https:\/\/www.imobiliare.ro\/imoexpert\/wp-content\/uploads\/2025\/05\/imobiliare_logo.png\",\"contentUrl\":\"https:\/\/www.imobiliare.ro\/imoexpert\/wp-content\/uploads\/2025\/05\/imobiliare_logo.png\",\"width\":237,\"height\":29,\"caption\":\"Imobiliare.ro\"},\"image\":{\"@id\":\"https:\/\/www.imobiliare.ro\/imoexpert\/#\/schema\/logo\/image\/\"}},{\"@type\":\"Person\",\"@id\":\"https:\/\/www.imobiliare.ro\/imoexpert\/#\/schema\/person\/9ffdfbf24b82f39fc75a2fc6c19e4e99\",\"name\":\"Corina V\u00e2rlan\",\"image\":{\"@type\":\"ImageObject\",\"inLanguage\":\"en\",\"@id\":\"https:\/\/www.imobiliare.ro\/imoexpert\/#\/schema\/person\/image\/\",\"url\":\"https:\/\/www.imobiliare.ro\/imoexpert\/wp-content\/uploads\/2026\/02\/12-02-2025-5-rezumat-brasov-thumb-reels-1-1-96x96.png\",\"contentUrl\":\"https:\/\/www.imobiliare.ro\/imoexpert\/wp-content\/uploads\/2026\/02\/12-02-2025-5-rezumat-brasov-thumb-reels-1-1-96x96.png\",\"caption\":\"Corina V\u00e2rlan\"},\"description\":\"Cu o experien\u021b\u0103 de 14 ani \u00een presa online, comunicare \u0219i content marketing, Corina V\u00e2rlan s-a al\u0103turat echipei Imobiliare.ro \u00een urm\u0103 cu 8 ani \u0219i ocup\u0103, \u00een prezent, func\u021bia de Content Manager. Ea este gazda emisiunii \\\"\u00centreab\u0103 expertul\\\" \u0219i a seriei 5 \u0218tiri Imobiliare.ro, realizate \u00een parteneriat cu Libertatea. Corina \u00ee\u0219i concentreaz\u0103 activitatea pe analiza datelor de pia\u021b\u0103 \u0219i pe subiecte de interes at\u00e2t pentru cei afla\u021bi \u00een c\u0103utarea unei locuin\u021be, c\u00e2t \u0219i pentru proprietari sau chiria\u0219i.\",\"alternateName\":\"Corina\",\"jobTitle\":\"Content Manager\",\"url\":\"https:\/\/www.imobiliare.ro\/imoexpert\/author\/corina-varlan\/\"}]}<\/script>\n<!-- \/ Yoast SEO Premium plugin. -->","yoast_head_json":{"title":"Cre\u0219teri consistente \u00een marile ora\u0219e, anticipate de dezvoltatori pe baza acestui fenomen. \"Nu se manifest\u0103 doar \u00een Rom\u00e2nia\" - \u0218tiri - ImoExpert","description":"Cererea se va men\u021bine la un nivel destul de ridicat \u00een marile ora\u0219e din \u021bar\u0103 \u0219i \u00een 2020, un factor important ce alimenteaz\u0103 aceast\u0103 tendin\u021b\u0103 fiind","robots":{"index":"index","follow":"follow"},"canonical":"https:\/\/www.imobiliare.ro\/imoexpert\/cresteri-consistente-in-marile-orase-anticipate-de-dezvoltatori-pe-baza-acestui-fenomen-nu-se-manifesta-doar-in-romania_db\/","og_locale":"ro_RO","og_type":"article","og_title":"Cre\u0219teri consistente \u00een marile ora\u0219e, anticipate de dezvoltatori pe baza acestui fenomen. \"Nu se manifest\u0103 doar \u00een Rom\u00e2nia\"","og_description":"Cererea se va men\u021bine la un nivel destul de ridicat \u00een marile ora\u0219e din \u021bar\u0103 \u0219i \u00een 2020, un factor important ce alimenteaz\u0103 aceast\u0103 tendin\u021b\u0103 fiind","og_url":"https:\/\/www.imobiliare.ro\/imoexpert\/cresteri-consistente-in-marile-orase-anticipate-de-dezvoltatori-pe-baza-acestui-fenomen-nu-se-manifesta-doar-in-romania_db\/","og_site_name":"ImoExpert","article_published_time":"2020-02-04T15:19:45+00:00","og_image":[{"width":800,"height":450,"url":"https:\/\/www.imobiliare.ro\/imoexpert\/wp-content\/uploads\/2020\/02\/cererea-in-marile-orase-din-romania.jpg","type":"image\/jpeg"}],"author":"Corina V\u00e2rlan","twitter_card":"summary_large_image","twitter_misc":{"Written by":"Corina V\u00e2rlan","Est. reading time":"3 minute"},"schema":{"@context":"https:\/\/schema.org","@graph":[{"@type":"Article","@id":"https:\/\/www.imobiliare.ro\/imoexpert\/cresteri-consistente-in-marile-orase-anticipate-de-dezvoltatori-pe-baza-acestui-fenomen-nu-se-manifesta-doar-in-romania_db\/#article","isPartOf":{"@id":"https:\/\/www.imobiliare.ro\/imoexpert\/cresteri-consistente-in-marile-orase-anticipate-de-dezvoltatori-pe-baza-acestui-fenomen-nu-se-manifesta-doar-in-romania_db\/"},"author":{"name":"Corina V\u00e2rlan","@id":"https:\/\/www.imobiliare.ro\/imoexpert\/#\/schema\/person\/9ffdfbf24b82f39fc75a2fc6c19e4e99"},"headline":"Cre\u0219teri consistente \u00een marile ora\u0219e, anticipate de dezvoltatori pe baza acestui fenomen. &#8222;Nu se manifest\u0103 doar \u00een Rom\u00e2nia&#8221;","datePublished":"2020-02-04T15:19:45+00:00","mainEntityOfPage":{"@id":"https:\/\/www.imobiliare.ro\/imoexpert\/cresteri-consistente-in-marile-orase-anticipate-de-dezvoltatori-pe-baza-acestui-fenomen-nu-se-manifesta-doar-in-romania_db\/"},"wordCount":540,"commentCount":0,"publisher":{"@id":"https:\/\/www.imobiliare.ro\/imoexpert\/#organization"},"image":{"@id":"https:\/\/www.imobiliare.ro\/imoexpert\/cresteri-consistente-in-marile-orase-anticipate-de-dezvoltatori-pe-baza-acestui-fenomen-nu-se-manifesta-doar-in-romania_db\/#primaryimage"},"thumbnailUrl":"https:\/\/www.imobiliare.ro\/imoexpert\/wp-content\/uploads\/2020\/02\/cererea-in-marile-orase-din-romania.jpg","keywords":["ADIRU","cerere locuinte","dezvoltatori imobiliari","urbanizare"],"articleSection":["\u0218tiri"],"inLanguage":"en","potentialAction":[{"@type":"CommentAction","name":"Comment","target":["https:\/\/www.imobiliare.ro\/imoexpert\/cresteri-consistente-in-marile-orase-anticipate-de-dezvoltatori-pe-baza-acestui-fenomen-nu-se-manifesta-doar-in-romania_db\/#respond"]}],"copyrightYear":"2020","copyrightHolder":{"@id":"https:\/\/www.imobiliare.ro\/imoexpert\/#organization"}},{"@type":"WebPage","@id":"https:\/\/www.imobiliare.ro\/imoexpert\/cresteri-consistente-in-marile-orase-anticipate-de-dezvoltatori-pe-baza-acestui-fenomen-nu-se-manifesta-doar-in-romania_db\/","url":"https:\/\/www.imobiliare.ro\/imoexpert\/cresteri-consistente-in-marile-orase-anticipate-de-dezvoltatori-pe-baza-acestui-fenomen-nu-se-manifesta-doar-in-romania_db\/","name":"Cre\u0219teri consistente \u00een marile ora\u0219e, anticipate de dezvoltatori pe baza acestui fenomen. \"Nu se manifest\u0103 doar \u00een Rom\u00e2nia\" - \u0218tiri - ImoExpert","isPartOf":{"@id":"https:\/\/www.imobiliare.ro\/imoexpert\/#website"},"primaryImageOfPage":{"@id":"https:\/\/www.imobiliare.ro\/imoexpert\/cresteri-consistente-in-marile-orase-anticipate-de-dezvoltatori-pe-baza-acestui-fenomen-nu-se-manifesta-doar-in-romania_db\/#primaryimage"},"image":{"@id":"https:\/\/www.imobiliare.ro\/imoexpert\/cresteri-consistente-in-marile-orase-anticipate-de-dezvoltatori-pe-baza-acestui-fenomen-nu-se-manifesta-doar-in-romania_db\/#primaryimage"},"thumbnailUrl":"https:\/\/www.imobiliare.ro\/imoexpert\/wp-content\/uploads\/2020\/02\/cererea-in-marile-orase-din-romania.jpg","datePublished":"2020-02-04T15:19:45+00:00","description":"Cererea se va men\u021bine la un nivel destul de ridicat \u00een marile ora\u0219e din \u021bar\u0103 \u0219i \u00een 2020, un factor important ce alimenteaz\u0103 aceast\u0103 tendin\u021b\u0103 fiind","breadcrumb":{"@id":"https:\/\/www.imobiliare.ro\/imoexpert\/cresteri-consistente-in-marile-orase-anticipate-de-dezvoltatori-pe-baza-acestui-fenomen-nu-se-manifesta-doar-in-romania_db\/#breadcrumb"},"inLanguage":"en","potentialAction":[{"@type":"ReadAction","target":["https:\/\/www.imobiliare.ro\/imoexpert\/cresteri-consistente-in-marile-orase-anticipate-de-dezvoltatori-pe-baza-acestui-fenomen-nu-se-manifesta-doar-in-romania_db\/"]}]},{"@type":"ImageObject","inLanguage":"en","@id":"https:\/\/www.imobiliare.ro\/imoexpert\/cresteri-consistente-in-marile-orase-anticipate-de-dezvoltatori-pe-baza-acestui-fenomen-nu-se-manifesta-doar-in-romania_db\/#primaryimage","url":"https:\/\/www.imobiliare.ro\/imoexpert\/wp-content\/uploads\/2020\/02\/cererea-in-marile-orase-din-romania.jpg","contentUrl":"https:\/\/www.imobiliare.ro\/imoexpert\/wp-content\/uploads\/2020\/02\/cererea-in-marile-orase-din-romania.jpg","width":800,"height":450},{"@type":"BreadcrumbList","@id":"https:\/\/www.imobiliare.ro\/imoexpert\/cresteri-consistente-in-marile-orase-anticipate-de-dezvoltatori-pe-baza-acestui-fenomen-nu-se-manifesta-doar-in-romania_db\/#breadcrumb","itemListElement":[{"@type":"ListItem","position":1,"name":"Imoradar24","item":"https:\/\/www.imoradar24.ro"},{"@type":"ListItem","position":2,"name":"ImoExpert","item":"https:\/\/www.imobiliare.ro\/imoexpert\/"},{"@type":"ListItem","position":3,"name":"\u0218tiri","item":"https:\/\/www.imobiliare.ro\/imoexpert\/stiri\/"},{"@type":"ListItem","position":4,"name":"Cre\u0219teri consistente \u00een marile ora\u0219e, anticipate de dezvoltatori pe baza acestui fenomen. &#8222;Nu se manifest\u0103 doar \u00een Rom\u00e2nia&#8221;"}]},{"@type":"WebSite","@id":"https:\/\/www.imobiliare.ro\/imoexpert\/#website","url":"https:\/\/www.imobiliare.ro\/imoexpert\/","name":"ImoExpert","description":"cele mai importante \u015ftiri din domeniul imobiliar","publisher":{"@id":"https:\/\/www.imobiliare.ro\/imoexpert\/#organization"},"inLanguage":"en"},{"@type":"Organization","@id":"https:\/\/www.imobiliare.ro\/imoexpert\/#organization","name":"Imobiliare.ro","alternateName":"Realmedia Network SA","url":"https:\/\/www.imobiliare.ro\/imoexpert\/","logo":{"@type":"ImageObject","inLanguage":"en","@id":"https:\/\/www.imobiliare.ro\/imoexpert\/#\/schema\/logo\/image\/","url":"https:\/\/www.imobiliare.ro\/imoexpert\/wp-content\/uploads\/2025\/05\/imobiliare_logo.png","contentUrl":"https:\/\/www.imobiliare.ro\/imoexpert\/wp-content\/uploads\/2025\/05\/imobiliare_logo.png","width":237,"height":29,"caption":"Imobiliare.ro"},"image":{"@id":"https:\/\/www.imobiliare.ro\/imoexpert\/#\/schema\/logo\/image\/"}},{"@type":"Person","@id":"https:\/\/www.imobiliare.ro\/imoexpert\/#\/schema\/person\/9ffdfbf24b82f39fc75a2fc6c19e4e99","name":"Corina V\u00e2rlan","image":{"@type":"ImageObject","inLanguage":"en","@id":"https:\/\/www.imobiliare.ro\/imoexpert\/#\/schema\/person\/image\/","url":"https:\/\/www.imobiliare.ro\/imoexpert\/wp-content\/uploads\/2026\/02\/12-02-2025-5-rezumat-brasov-thumb-reels-1-1-96x96.png","contentUrl":"https:\/\/www.imobiliare.ro\/imoexpert\/wp-content\/uploads\/2026\/02\/12-02-2025-5-rezumat-brasov-thumb-reels-1-1-96x96.png","caption":"Corina V\u00e2rlan"},"description":"Cu o experien\u021b\u0103 de 14 ani \u00een presa online, comunicare \u0219i content marketing, Corina V\u00e2rlan s-a al\u0103turat echipei Imobiliare.ro \u00een urm\u0103 cu 8 ani \u0219i ocup\u0103, \u00een prezent, func\u021bia de Content Manager. Ea este gazda emisiunii \"\u00centreab\u0103 expertul\" \u0219i a seriei 5 \u0218tiri Imobiliare.ro, realizate \u00een parteneriat cu Libertatea. Corina \u00ee\u0219i concentreaz\u0103 activitatea pe analiza datelor de pia\u021b\u0103 \u0219i pe subiecte de interes at\u00e2t pentru cei afla\u021bi \u00een c\u0103utarea unei locuin\u021be, c\u00e2t \u0219i pentru proprietari sau chiria\u0219i.","alternateName":"Corina","jobTitle":"Content Manager","url":"https:\/\/www.imobiliare.ro\/imoexpert\/author\/corina-varlan\/"}]}},"_links":{"self":[{"href":"https:\/\/www.imobiliare.ro\/imoexpert\/wp-json\/wp\/v2\/posts\/57383","targetHints":{"allow":["GET"]}}],"collection":[{"href":"https:\/\/www.imobiliare.ro\/imoexpert\/wp-json\/wp\/v2\/posts"}],"about":[{"href":"https:\/\/www.imobiliare.ro\/imoexpert\/wp-json\/wp\/v2\/types\/post"}],"author":[{"embeddable":true,"href":"https:\/\/www.imobiliare.ro\/imoexpert\/wp-json\/wp\/v2\/users\/5891"}],"replies":[{"embeddable":true,"href":"https:\/\/www.imobiliare.ro\/imoexpert\/wp-json\/wp\/v2\/comments?post=57383"}],"version-history":[{"count":0,"href":"https:\/\/www.imobiliare.ro\/imoexpert\/wp-json\/wp\/v2\/posts\/57383\/revisions"}],"wp:featuredmedia":[{"embeddable":true,"href":"https:\/\/www.imobiliare.ro\/imoexpert\/wp-json\/wp\/v2\/media\/57394"}],"wp:attachment":[{"href":"https:\/\/www.imobiliare.ro\/imoexpert\/wp-json\/wp\/v2\/media?parent=57383"}],"wp:term":[{"taxonomy":"category","embeddable":true,"href":"https:\/\/www.imobiliare.ro\/imoexpert\/wp-json\/wp\/v2\/categories?post=57383"},{"taxonomy":"post_tag","embeddable":true,"href":"https:\/\/www.imobiliare.ro\/imoexpert\/wp-json\/wp\/v2\/tags?post=57383"},{"taxonomy":"content_author","embeddable":true,"href":"https:\/\/www.imobiliare.ro\/imoexpert\/wp-json\/wp\/v2\/content_author?post=57383"}],"curies":[{"name":"wp","href":"https:\/\/api.w.org\/{rel}","templated":true}]}}