{"id":57450,"date":"2020-02-07T15:53:51","date_gmt":"2020-02-07T13:53:51","guid":{"rendered":"https:\/\/www.imobiliare.ro\/imoexpert\/?p=57450"},"modified":"2020-02-07T15:53:51","modified_gmt":"2020-02-07T13:53:51","slug":"cate-locuinte-noi-au-la-dispozitie-bucurestenii-spre-achizitie","status":"publish","type":"post","link":"https:\/\/www.imobiliare.ro\/imoexpert\/cate-locuinte-noi-au-la-dispozitie-bucurestenii-spre-achizitie_db\/","title":{"rendered":"C\u00e2te locuin\u021be noi au la dispozi\u021bie bucure\u0219tenii spre achizi\u021bie?"},"content":{"rendered":"<p><a class=\"article-body-links\"href=\"https:\/\/www.imobiliare.ro\/imoexpert\/wp-content\/uploads\/2020\/02\/Cate-locuinte-noi-au-la-dispozitie-bucurestenii-spre-achizitie.jpg\"><img loading=\"lazy\" decoding=\"async\" src=\"https:\/\/www.imobiliare.ro\/imoexpert\/wp-content\/uploads\/2020\/02\/Cate-locuinte-noi-au-la-dispozitie-bucurestenii-spre-achizitie.jpg\" alt=\"\" width=\"800\" height=\"533\" class=\"aligncenter size-full wp-image-57451\" srcset=\"https:\/\/www.imobiliare.ro\/imoexpert\/wp-content\/uploads\/2020\/02\/Cate-locuinte-noi-au-la-dispozitie-bucurestenii-spre-achizitie.jpg 800w, https:\/\/www.imobiliare.ro\/imoexpert\/wp-content\/uploads\/2020\/02\/Cate-locuinte-noi-au-la-dispozitie-bucurestenii-spre-achizitie-300x200.jpg 300w, https:\/\/www.imobiliare.ro\/imoexpert\/wp-content\/uploads\/2020\/02\/Cate-locuinte-noi-au-la-dispozitie-bucurestenii-spre-achizitie-768x512.jpg 768w\" sizes=\"auto, (max-width: 800px) 100vw, 800px\" \/><\/a><\/p>\n<div id=\"ez-toc-container\" class=\"ez-toc-v2_0_81 counter-hierarchy ez-toc-counter ez-toc-grey ez-toc-container-direction\">\n<p class=\"ez-toc-title\" style=\"cursor:inherit\">Table of Contents<\/p>\n<label for=\"ez-toc-cssicon-toggle-item-69f5cca5e72d3\" class=\"ez-toc-cssicon-toggle-label\"><span class=\"ez-toc-cssicon\"><span class=\"eztoc-hide\" style=\"display:none;\">Toggle<\/span><span class=\"ez-toc-icon-toggle-span\"><svg style=\"fill: #999;color:#999\" xmlns=\"http:\/\/www.w3.org\/2000\/svg\" class=\"list-377408\" width=\"20px\" height=\"20px\" viewBox=\"0 0 24 24\" fill=\"none\"><path d=\"M6 6H4v2h2V6zm14 0H8v2h12V6zM4 11h2v2H4v-2zm16 0H8v2h12v-2zM4 16h2v2H4v-2zm16 0H8v2h12v-2z\" fill=\"currentColor\"><\/path><\/svg><svg style=\"fill: #999;color:#999\" class=\"arrow-unsorted-368013\" xmlns=\"http:\/\/www.w3.org\/2000\/svg\" width=\"10px\" height=\"10px\" viewBox=\"0 0 24 24\" version=\"1.2\" baseProfile=\"tiny\"><path d=\"M18.2 9.3l-6.2-6.3-6.2 6.3c-.2.2-.3.4-.3.7s.1.5.3.7c.2.2.4.3.7.3h11c.3 0 .5-.1.7-.3.2-.2.3-.5.3-.7s-.1-.5-.3-.7zM5.8 14.7l6.2 6.3 6.2-6.3c.2-.2.3-.5.3-.7s-.1-.5-.3-.7c-.2-.2-.4-.3-.7-.3h-11c-.3 0-.5.1-.7.3-.2.2-.3.5-.3.7s.1.5.3.7z\"\/><\/svg><\/span><\/span><\/label><input type=\"checkbox\"  id=\"ez-toc-cssicon-toggle-item-69f5cca5e72d3\"  aria-label=\"Toggle\" \/><nav><ul class='ez-toc-list ez-toc-list-level-1 ' ><li class='ez-toc-page-1 ez-toc-heading-level-2'><a class=\"ez-toc-link ez-toc-heading-1\" href=\"https:\/\/www.imobiliare.ro\/imoexpert\/cate-locuinte-noi-au-la-dispozitie-bucurestenii-spre-achizitie_db\/#Stocul_rezidential_nou_disponibil_in_zona_Capitalei_este_de_14_ori_mai_mare_decat_cel_din_Cluj-Napoca\" >Stocul reziden\u021bial nou disponibil \u00een zona Capitalei este de 14 ori mai mare dec\u00e2t cel din Cluj-Napoca.<\/a><\/li><li class='ez-toc-page-1 ez-toc-heading-level-2'><a class=\"ez-toc-link ez-toc-heading-2\" href=\"https:\/\/www.imobiliare.ro\/imoexpert\/cate-locuinte-noi-au-la-dispozitie-bucurestenii-spre-achizitie_db\/#Un_sfert_din_ansambluri_in_zona_metropolitana\" >Un sfert din ansambluri, \u00een zona metropolitan\u0103<\/a><\/li><li class='ez-toc-page-1 ez-toc-heading-level-2'><a class=\"ez-toc-link ez-toc-heading-3\" href=\"https:\/\/www.imobiliare.ro\/imoexpert\/cate-locuinte-noi-au-la-dispozitie-bucurestenii-spre-achizitie_db\/#Sub_100_de_proiecte_la_vanzare_in_celelalte_orase_mari\" >Sub 100 de proiecte la v\u00e2nzare \u00een celelalte ora\u0219e mari<\/a><\/li><\/ul><\/nav><\/div>\n<h2><span class=\"ez-toc-section\" id=\"Stocul_rezidential_nou_disponibil_in_zona_Capitalei_este_de_14_ori_mai_mare_decat_cel_din_Cluj-Napoca\"><\/span>Stocul reziden\u021bial nou disponibil \u00een zona Capitalei este de 14 ori mai mare dec\u00e2t cel din Cluj-Napoca.<span class=\"ez-toc-section-end\"><\/span><\/h2>\n<p>Potrivit unei monitoriz\u0103ri realizate de <strong><a class=\"article-body-links\"href=\"https:\/\/www.analizeimobiliare.ro\/\">Analize Imobiliare<\/a><\/strong>, cuprins\u0103 \u00een cel mai recent raport de pia\u021b\u0103, \u00een Capital\u0103 exista, \u00een ultimul trimestru al anului trecut, un stoc de 11.000 de locuin\u021be noi scoase la v\u00e2nzare \u2013 aflate \u00een curs de construc\u021bie sau deja finalizate. Dac\u0103 la aceast\u0103 cifr\u0103 se adaug\u0103 \u0219i cele 3.000 de apartamente disponibile spre achizi\u021bie \u00een jude\u021bul Ilfov, rezult\u0103 c\u0103 bucure\u0219tenii au la dispozi\u021bie un stoc locativ nou de 14.000 de unit\u0103\u021bi (\u00een u\u0219oar\u0103 cre\u0219tere fa\u021b\u0103 de trimestrul anterior). <\/p>\n<p>Spre compara\u021bie, toate celelalte centre regionale ale \u021b\u0103rii aveau, trimestrul trecut, mai pu\u021bin de 2.000 de locuin\u021be nou-construite disponibile spre v\u00e2nzare: Bra\u0219ovul se situa pe primul loc la acest capitol, cu 1.800 de unit\u0103\u021bi, fiind urmat de Cluj (1.000 de unit\u0103\u021bi), Ia\u0219i (900) \u0219i Constan\u021ba (700).<\/p>\n<p><strong>Cite\u0219te \u0219i: <a class=\"article-body-links\"href=\"https:\/\/www.imobiliare.ro\/imoexpert\/preturile-locuintelor-din-romania-intre-cerere-si-oferta-plus-revenirea-activitatii-de-tranzactionare-in-a-doua-jumatate-din-2019_db\/\">Pre\u021burile locuin\u021belor din Rom\u00e2nia, \u00eentre cerere \u0219i ofert\u0103. Plus: revenirea activit\u0103\u021bii de tranzac\u021bionare \u00een a doua jum\u0103tate din 2019<\/a><\/strong><\/p>\n<h2><span class=\"ez-toc-section\" id=\"Un_sfert_din_ansambluri_in_zona_metropolitana\"><\/span>Un sfert din ansambluri, \u00een zona metropolitan\u0103<span class=\"ez-toc-section-end\"><\/span><\/h2>\n<p>\u00cen perioada analizat\u0103, existau 643 de ansambluri reziden\u021biale cu unit\u0103\u021bi locative disponibile spre v\u00e2nzare \u00een Capital\u0103, jude\u021bul Ilfov \u0219i alte patru mari centre regionale ale \u021b\u0103rii. Mai bine de jum\u0103tate dintre aceste proiecte, mai exact 417 din total, erau \u00een curs de construc\u021bie, restul de 226 fiind deja finalizate.<\/p>\n<p>Cele mai multe dintre ansamblurile cuprinse \u00een studiul men\u021bionat, av\u00e2nd fiecare peste 20 de locuin\u021be, se g\u0103seau, \u00een mod firesc, \u00een Bucure\u0219ti \u2013 este vorba despre un total de 301 proiecte, dintre care 187 \u00een construc\u021bie, iar restul de 114 finalizate. Pe locul al doilea \u00een clasament dup\u0103 num\u0103rul de proiecte reziden\u021biale se afl\u0103 jude\u021bul Ilfov, cu un total de 115 asemenea dezvolt\u0103ri imobiliare, dintre care 65 \u00een construc\u021bie \u2013 zona metropolitan\u0103 de\u021bine, astfel, o cot\u0103 de pia\u021b\u0103 de aproximativ 25% din totalul ansamblurilor reziden\u021biale din Capital\u0103 \u0219i \u00eemprejurimi. <\/p>\n<h2><span class=\"ez-toc-section\" id=\"Sub_100_de_proiecte_la_vanzare_in_celelalte_orase_mari\"><\/span>Sub 100 de proiecte la v\u00e2nzare \u00een celelalte ora\u0219e mari<span class=\"ez-toc-section-end\"><\/span><\/h2>\n<p>Pe urm\u0103toarele locuri se situeaz\u0103 Cluj-Napoca (cu 67 de proiecte), Ia\u0219iul (65), Bra\u0219ovul (51) \u0219i, respectiv, Constan\u021ba (44). \u00cen fiecare dintre aceste centre de dezvoltare imobiliar\u0103, num\u0103rul proiectelor reziden\u021biale aflate \u00een construc\u021bie \u00eel dep\u0103\u0219e\u0219te sensibil pe al acelora deja finalizate: 52 fa\u021b\u0103 de 15 \u00een Cluj-Napoca, 46 fa\u021b\u0103 de 19 \u00een Ia\u0219i, 41 fa\u021b\u0103 de 10 \u00een Bra\u0219ov \u0219i, respectiv, 26 fa\u021b\u0103 de 18 \u00een Constan\u021ba.<\/p>\n","protected":false},"excerpt":{"rendered":"<p>Stocul reziden\u021bial nou disponibil \u00een zona Capitalei este de 14 ori mai mare dec\u00e2t cel din Cluj-Napoca. Potrivit unei monitoriz\u0103ri realizate de Analize Imobiliare, cuprins\u0103 \u00een cel mai recent raport de pia\u021b\u0103, \u00een Capital\u0103 exista, \u00een ultimul trimestru al anului trecut, un stoc de 11.000 de locuin\u021be noi scoase la v\u00e2nzare \u2013 aflate \u00een curs [&hellip;]<\/p>\n","protected":false},"author":829,"featured_media":57451,"comment_status":"open","ping_status":"open","sticky":false,"template":"","format":"standard","meta":{"footnotes":""},"categories":[259],"tags":[333,387,1110],"content_author":[],"class_list":["post-57450","post","type-post","status-publish","format-standard","has-post-thumbnail","hentry","category-stiri","tag-ansambluri-rezidentiale","tag-locuinte-noi","tag-vanzari-locuinte"],"yoast_head":"<!-- This site is optimized with the Yoast SEO Premium plugin v27.0 (Yoast SEO v27.0) - https:\/\/yoast.com\/product\/yoast-seo-premium-wordpress\/ -->\n<title>C\u00e2te locuin\u021be noi au la dispozi\u021bie bucure\u0219tenii spre achizi\u021bie? - \u0218tiri - ImoExpert<\/title>\n<meta name=\"description\" content=\"Stocul reziden\u021bial nou disponibil \u00een zona Capitalei este de 14 ori mai mare dec\u00e2t cel din Cluj-Napoca. Potrivit unei monitoriz\u0103ri realizate de Analize\" \/>\n<meta name=\"robots\" content=\"index, follow\" \/>\n<link rel=\"canonical\" href=\"https:\/\/www.imobiliare.ro\/imoexpert\/cate-locuinte-noi-au-la-dispozitie-bucurestenii-spre-achizitie_db\/\" \/>\n<meta property=\"og:locale\" content=\"ro_RO\" \/>\n<meta property=\"og:type\" content=\"article\" \/>\n<meta property=\"og:title\" content=\"C\u00e2te locuin\u021be noi au la dispozi\u021bie bucure\u0219tenii spre achizi\u021bie?\" \/>\n<meta property=\"og:description\" content=\"Stocul reziden\u021bial nou disponibil \u00een zona Capitalei este de 14 ori mai mare dec\u00e2t cel din Cluj-Napoca. Potrivit unei monitoriz\u0103ri realizate de Analize\" \/>\n<meta property=\"og:url\" content=\"https:\/\/www.imobiliare.ro\/imoexpert\/cate-locuinte-noi-au-la-dispozitie-bucurestenii-spre-achizitie_db\/\" \/>\n<meta property=\"og:site_name\" content=\"ImoExpert\" \/>\n<meta property=\"article:published_time\" content=\"2020-02-07T13:53:51+00:00\" \/>\n<meta property=\"og:image\" content=\"https:\/\/www.imobiliare.ro\/imoexpert\/wp-content\/uploads\/2020\/02\/Cate-locuinte-noi-au-la-dispozitie-bucurestenii-spre-achizitie.jpg\" \/>\n\t<meta property=\"og:image:width\" content=\"800\" \/>\n\t<meta property=\"og:image:height\" content=\"533\" \/>\n\t<meta property=\"og:image:type\" content=\"image\/jpeg\" \/>\n<meta name=\"author\" content=\"Adriana Dr\u0103gu\u0219in\" \/>\n<meta name=\"twitter:card\" content=\"summary_large_image\" \/>\n<meta name=\"twitter:label1\" content=\"Written by\" \/>\n\t<meta name=\"twitter:data1\" content=\"Adriana Dr\u0103gu\u0219in\" \/>\n\t<meta name=\"twitter:label2\" content=\"Est. reading time\" \/>\n\t<meta name=\"twitter:data2\" content=\"2 minute\" \/>\n<script type=\"application\/ld+json\" class=\"yoast-schema-graph\">{\"@context\":\"https:\/\/schema.org\",\"@graph\":[{\"@type\":\"Article\",\"@id\":\"https:\/\/www.imobiliare.ro\/imoexpert\/cate-locuinte-noi-au-la-dispozitie-bucurestenii-spre-achizitie_db\/#article\",\"isPartOf\":{\"@id\":\"https:\/\/www.imobiliare.ro\/imoexpert\/cate-locuinte-noi-au-la-dispozitie-bucurestenii-spre-achizitie_db\/\"},\"author\":{\"name\":\"Adriana Dr\u0103gu\u0219in\",\"@id\":\"https:\/\/www.imobiliare.ro\/imoexpert\/#\/schema\/person\/8c13b0297075010b896471fabf0d7790\"},\"headline\":\"C\u00e2te locuin\u021be noi au la dispozi\u021bie bucure\u0219tenii spre achizi\u021bie?\",\"datePublished\":\"2020-02-07T13:53:51+00:00\",\"mainEntityOfPage\":{\"@id\":\"https:\/\/www.imobiliare.ro\/imoexpert\/cate-locuinte-noi-au-la-dispozitie-bucurestenii-spre-achizitie_db\/\"},\"wordCount\":426,\"commentCount\":2,\"publisher\":{\"@id\":\"https:\/\/www.imobiliare.ro\/imoexpert\/#organization\"},\"image\":{\"@id\":\"https:\/\/www.imobiliare.ro\/imoexpert\/cate-locuinte-noi-au-la-dispozitie-bucurestenii-spre-achizitie_db\/#primaryimage\"},\"thumbnailUrl\":\"https:\/\/www.imobiliare.ro\/imoexpert\/wp-content\/uploads\/2020\/02\/Cate-locuinte-noi-au-la-dispozitie-bucurestenii-spre-achizitie.jpg\",\"keywords\":[\"Ansambluri rezidentiale\",\"locuinte noi\",\"vanzari locuinte\"],\"articleSection\":[\"\u0218tiri\"],\"inLanguage\":\"en\",\"potentialAction\":[{\"@type\":\"CommentAction\",\"name\":\"Comment\",\"target\":[\"https:\/\/www.imobiliare.ro\/imoexpert\/cate-locuinte-noi-au-la-dispozitie-bucurestenii-spre-achizitie_db\/#respond\"]}],\"copyrightYear\":\"2020\",\"copyrightHolder\":{\"@id\":\"https:\/\/www.imobiliare.ro\/imoexpert\/#organization\"}},{\"@type\":\"WebPage\",\"@id\":\"https:\/\/www.imobiliare.ro\/imoexpert\/cate-locuinte-noi-au-la-dispozitie-bucurestenii-spre-achizitie_db\/\",\"url\":\"https:\/\/www.imobiliare.ro\/imoexpert\/cate-locuinte-noi-au-la-dispozitie-bucurestenii-spre-achizitie_db\/\",\"name\":\"C\u00e2te locuin\u021be noi au la dispozi\u021bie bucure\u0219tenii spre achizi\u021bie? - \u0218tiri - ImoExpert\",\"isPartOf\":{\"@id\":\"https:\/\/www.imobiliare.ro\/imoexpert\/#website\"},\"primaryImageOfPage\":{\"@id\":\"https:\/\/www.imobiliare.ro\/imoexpert\/cate-locuinte-noi-au-la-dispozitie-bucurestenii-spre-achizitie_db\/#primaryimage\"},\"image\":{\"@id\":\"https:\/\/www.imobiliare.ro\/imoexpert\/cate-locuinte-noi-au-la-dispozitie-bucurestenii-spre-achizitie_db\/#primaryimage\"},\"thumbnailUrl\":\"https:\/\/www.imobiliare.ro\/imoexpert\/wp-content\/uploads\/2020\/02\/Cate-locuinte-noi-au-la-dispozitie-bucurestenii-spre-achizitie.jpg\",\"datePublished\":\"2020-02-07T13:53:51+00:00\",\"description\":\"Stocul reziden\u021bial nou disponibil \u00een zona Capitalei este de 14 ori mai mare dec\u00e2t cel din Cluj-Napoca. Potrivit unei monitoriz\u0103ri realizate de Analize\",\"breadcrumb\":{\"@id\":\"https:\/\/www.imobiliare.ro\/imoexpert\/cate-locuinte-noi-au-la-dispozitie-bucurestenii-spre-achizitie_db\/#breadcrumb\"},\"inLanguage\":\"en\",\"potentialAction\":[{\"@type\":\"ReadAction\",\"target\":[\"https:\/\/www.imobiliare.ro\/imoexpert\/cate-locuinte-noi-au-la-dispozitie-bucurestenii-spre-achizitie_db\/\"]}]},{\"@type\":\"ImageObject\",\"inLanguage\":\"en\",\"@id\":\"https:\/\/www.imobiliare.ro\/imoexpert\/cate-locuinte-noi-au-la-dispozitie-bucurestenii-spre-achizitie_db\/#primaryimage\",\"url\":\"https:\/\/www.imobiliare.ro\/imoexpert\/wp-content\/uploads\/2020\/02\/Cate-locuinte-noi-au-la-dispozitie-bucurestenii-spre-achizitie.jpg\",\"contentUrl\":\"https:\/\/www.imobiliare.ro\/imoexpert\/wp-content\/uploads\/2020\/02\/Cate-locuinte-noi-au-la-dispozitie-bucurestenii-spre-achizitie.jpg\",\"width\":800,\"height\":533},{\"@type\":\"BreadcrumbList\",\"@id\":\"https:\/\/www.imobiliare.ro\/imoexpert\/cate-locuinte-noi-au-la-dispozitie-bucurestenii-spre-achizitie_db\/#breadcrumb\",\"itemListElement\":[{\"@type\":\"ListItem\",\"position\":1,\"name\":\"Imoradar24\",\"item\":\"https:\/\/www.imoradar24.ro\"},{\"@type\":\"ListItem\",\"position\":2,\"name\":\"ImoExpert\",\"item\":\"https:\/\/www.imobiliare.ro\/imoexpert\/\"},{\"@type\":\"ListItem\",\"position\":3,\"name\":\"\u0218tiri\",\"item\":\"https:\/\/www.imobiliare.ro\/imoexpert\/stiri\/\"},{\"@type\":\"ListItem\",\"position\":4,\"name\":\"C\u00e2te locuin\u021be noi au la dispozi\u021bie bucure\u0219tenii spre achizi\u021bie?\"}]},{\"@type\":\"WebSite\",\"@id\":\"https:\/\/www.imobiliare.ro\/imoexpert\/#website\",\"url\":\"https:\/\/www.imobiliare.ro\/imoexpert\/\",\"name\":\"ImoExpert\",\"description\":\"cele mai importante \u015ftiri din domeniul imobiliar\",\"publisher\":{\"@id\":\"https:\/\/www.imobiliare.ro\/imoexpert\/#organization\"},\"inLanguage\":\"en\"},{\"@type\":\"Organization\",\"@id\":\"https:\/\/www.imobiliare.ro\/imoexpert\/#organization\",\"name\":\"Imobiliare.ro\",\"alternateName\":\"Realmedia Network SA\",\"url\":\"https:\/\/www.imobiliare.ro\/imoexpert\/\",\"logo\":{\"@type\":\"ImageObject\",\"inLanguage\":\"en\",\"@id\":\"https:\/\/www.imobiliare.ro\/imoexpert\/#\/schema\/logo\/image\/\",\"url\":\"https:\/\/www.imobiliare.ro\/imoexpert\/wp-content\/uploads\/2025\/05\/imobiliare_logo.png\",\"contentUrl\":\"https:\/\/www.imobiliare.ro\/imoexpert\/wp-content\/uploads\/2025\/05\/imobiliare_logo.png\",\"width\":237,\"height\":29,\"caption\":\"Imobiliare.ro\"},\"image\":{\"@id\":\"https:\/\/www.imobiliare.ro\/imoexpert\/#\/schema\/logo\/image\/\"}},{\"@type\":\"Person\",\"@id\":\"https:\/\/www.imobiliare.ro\/imoexpert\/#\/schema\/person\/8c13b0297075010b896471fabf0d7790\",\"name\":\"Adriana Dr\u0103gu\u0219in\",\"image\":{\"@type\":\"ImageObject\",\"inLanguage\":\"en\",\"@id\":\"https:\/\/www.imobiliare.ro\/imoexpert\/#\/schema\/person\/image\/\",\"url\":\"https:\/\/secure.gravatar.com\/avatar\/ba4762f7517e50e679ed7f11207102d1150120f2f5800c0da98f8a15305bf514?s=96&d=mm&r=g\",\"contentUrl\":\"https:\/\/secure.gravatar.com\/avatar\/ba4762f7517e50e679ed7f11207102d1150120f2f5800c0da98f8a15305bf514?s=96&d=mm&r=g\",\"caption\":\"Adriana Dr\u0103gu\u0219in\"},\"jobTitle\":\"Editor\",\"url\":\"https:\/\/www.imobiliare.ro\/imoexpert\/author\/adriana-dragusin\/\"}]}<\/script>\n<!-- \/ Yoast SEO Premium plugin. -->","yoast_head_json":{"title":"C\u00e2te locuin\u021be noi au la dispozi\u021bie bucure\u0219tenii spre achizi\u021bie? - \u0218tiri - ImoExpert","description":"Stocul reziden\u021bial nou disponibil \u00een zona Capitalei este de 14 ori mai mare dec\u00e2t cel din Cluj-Napoca. Potrivit unei monitoriz\u0103ri realizate de Analize","robots":{"index":"index","follow":"follow"},"canonical":"https:\/\/www.imobiliare.ro\/imoexpert\/cate-locuinte-noi-au-la-dispozitie-bucurestenii-spre-achizitie_db\/","og_locale":"ro_RO","og_type":"article","og_title":"C\u00e2te locuin\u021be noi au la dispozi\u021bie bucure\u0219tenii spre achizi\u021bie?","og_description":"Stocul reziden\u021bial nou disponibil \u00een zona Capitalei este de 14 ori mai mare dec\u00e2t cel din Cluj-Napoca. Potrivit unei monitoriz\u0103ri realizate de Analize","og_url":"https:\/\/www.imobiliare.ro\/imoexpert\/cate-locuinte-noi-au-la-dispozitie-bucurestenii-spre-achizitie_db\/","og_site_name":"ImoExpert","article_published_time":"2020-02-07T13:53:51+00:00","og_image":[{"width":800,"height":533,"url":"https:\/\/www.imobiliare.ro\/imoexpert\/wp-content\/uploads\/2020\/02\/Cate-locuinte-noi-au-la-dispozitie-bucurestenii-spre-achizitie.jpg","type":"image\/jpeg"}],"author":"Adriana Dr\u0103gu\u0219in","twitter_card":"summary_large_image","twitter_misc":{"Written by":"Adriana Dr\u0103gu\u0219in","Est. reading time":"2 minute"},"schema":{"@context":"https:\/\/schema.org","@graph":[{"@type":"Article","@id":"https:\/\/www.imobiliare.ro\/imoexpert\/cate-locuinte-noi-au-la-dispozitie-bucurestenii-spre-achizitie_db\/#article","isPartOf":{"@id":"https:\/\/www.imobiliare.ro\/imoexpert\/cate-locuinte-noi-au-la-dispozitie-bucurestenii-spre-achizitie_db\/"},"author":{"name":"Adriana Dr\u0103gu\u0219in","@id":"https:\/\/www.imobiliare.ro\/imoexpert\/#\/schema\/person\/8c13b0297075010b896471fabf0d7790"},"headline":"C\u00e2te locuin\u021be noi au la dispozi\u021bie bucure\u0219tenii spre achizi\u021bie?","datePublished":"2020-02-07T13:53:51+00:00","mainEntityOfPage":{"@id":"https:\/\/www.imobiliare.ro\/imoexpert\/cate-locuinte-noi-au-la-dispozitie-bucurestenii-spre-achizitie_db\/"},"wordCount":426,"commentCount":2,"publisher":{"@id":"https:\/\/www.imobiliare.ro\/imoexpert\/#organization"},"image":{"@id":"https:\/\/www.imobiliare.ro\/imoexpert\/cate-locuinte-noi-au-la-dispozitie-bucurestenii-spre-achizitie_db\/#primaryimage"},"thumbnailUrl":"https:\/\/www.imobiliare.ro\/imoexpert\/wp-content\/uploads\/2020\/02\/Cate-locuinte-noi-au-la-dispozitie-bucurestenii-spre-achizitie.jpg","keywords":["Ansambluri rezidentiale","locuinte noi","vanzari locuinte"],"articleSection":["\u0218tiri"],"inLanguage":"en","potentialAction":[{"@type":"CommentAction","name":"Comment","target":["https:\/\/www.imobiliare.ro\/imoexpert\/cate-locuinte-noi-au-la-dispozitie-bucurestenii-spre-achizitie_db\/#respond"]}],"copyrightYear":"2020","copyrightHolder":{"@id":"https:\/\/www.imobiliare.ro\/imoexpert\/#organization"}},{"@type":"WebPage","@id":"https:\/\/www.imobiliare.ro\/imoexpert\/cate-locuinte-noi-au-la-dispozitie-bucurestenii-spre-achizitie_db\/","url":"https:\/\/www.imobiliare.ro\/imoexpert\/cate-locuinte-noi-au-la-dispozitie-bucurestenii-spre-achizitie_db\/","name":"C\u00e2te locuin\u021be noi au la dispozi\u021bie bucure\u0219tenii spre achizi\u021bie? - \u0218tiri - ImoExpert","isPartOf":{"@id":"https:\/\/www.imobiliare.ro\/imoexpert\/#website"},"primaryImageOfPage":{"@id":"https:\/\/www.imobiliare.ro\/imoexpert\/cate-locuinte-noi-au-la-dispozitie-bucurestenii-spre-achizitie_db\/#primaryimage"},"image":{"@id":"https:\/\/www.imobiliare.ro\/imoexpert\/cate-locuinte-noi-au-la-dispozitie-bucurestenii-spre-achizitie_db\/#primaryimage"},"thumbnailUrl":"https:\/\/www.imobiliare.ro\/imoexpert\/wp-content\/uploads\/2020\/02\/Cate-locuinte-noi-au-la-dispozitie-bucurestenii-spre-achizitie.jpg","datePublished":"2020-02-07T13:53:51+00:00","description":"Stocul reziden\u021bial nou disponibil \u00een zona Capitalei este de 14 ori mai mare dec\u00e2t cel din Cluj-Napoca. Potrivit unei monitoriz\u0103ri realizate de Analize","breadcrumb":{"@id":"https:\/\/www.imobiliare.ro\/imoexpert\/cate-locuinte-noi-au-la-dispozitie-bucurestenii-spre-achizitie_db\/#breadcrumb"},"inLanguage":"en","potentialAction":[{"@type":"ReadAction","target":["https:\/\/www.imobiliare.ro\/imoexpert\/cate-locuinte-noi-au-la-dispozitie-bucurestenii-spre-achizitie_db\/"]}]},{"@type":"ImageObject","inLanguage":"en","@id":"https:\/\/www.imobiliare.ro\/imoexpert\/cate-locuinte-noi-au-la-dispozitie-bucurestenii-spre-achizitie_db\/#primaryimage","url":"https:\/\/www.imobiliare.ro\/imoexpert\/wp-content\/uploads\/2020\/02\/Cate-locuinte-noi-au-la-dispozitie-bucurestenii-spre-achizitie.jpg","contentUrl":"https:\/\/www.imobiliare.ro\/imoexpert\/wp-content\/uploads\/2020\/02\/Cate-locuinte-noi-au-la-dispozitie-bucurestenii-spre-achizitie.jpg","width":800,"height":533},{"@type":"BreadcrumbList","@id":"https:\/\/www.imobiliare.ro\/imoexpert\/cate-locuinte-noi-au-la-dispozitie-bucurestenii-spre-achizitie_db\/#breadcrumb","itemListElement":[{"@type":"ListItem","position":1,"name":"Imoradar24","item":"https:\/\/www.imoradar24.ro"},{"@type":"ListItem","position":2,"name":"ImoExpert","item":"https:\/\/www.imobiliare.ro\/imoexpert\/"},{"@type":"ListItem","position":3,"name":"\u0218tiri","item":"https:\/\/www.imobiliare.ro\/imoexpert\/stiri\/"},{"@type":"ListItem","position":4,"name":"C\u00e2te locuin\u021be noi au la dispozi\u021bie bucure\u0219tenii spre achizi\u021bie?"}]},{"@type":"WebSite","@id":"https:\/\/www.imobiliare.ro\/imoexpert\/#website","url":"https:\/\/www.imobiliare.ro\/imoexpert\/","name":"ImoExpert","description":"cele mai importante \u015ftiri din domeniul imobiliar","publisher":{"@id":"https:\/\/www.imobiliare.ro\/imoexpert\/#organization"},"inLanguage":"en"},{"@type":"Organization","@id":"https:\/\/www.imobiliare.ro\/imoexpert\/#organization","name":"Imobiliare.ro","alternateName":"Realmedia Network SA","url":"https:\/\/www.imobiliare.ro\/imoexpert\/","logo":{"@type":"ImageObject","inLanguage":"en","@id":"https:\/\/www.imobiliare.ro\/imoexpert\/#\/schema\/logo\/image\/","url":"https:\/\/www.imobiliare.ro\/imoexpert\/wp-content\/uploads\/2025\/05\/imobiliare_logo.png","contentUrl":"https:\/\/www.imobiliare.ro\/imoexpert\/wp-content\/uploads\/2025\/05\/imobiliare_logo.png","width":237,"height":29,"caption":"Imobiliare.ro"},"image":{"@id":"https:\/\/www.imobiliare.ro\/imoexpert\/#\/schema\/logo\/image\/"}},{"@type":"Person","@id":"https:\/\/www.imobiliare.ro\/imoexpert\/#\/schema\/person\/8c13b0297075010b896471fabf0d7790","name":"Adriana Dr\u0103gu\u0219in","image":{"@type":"ImageObject","inLanguage":"en","@id":"https:\/\/www.imobiliare.ro\/imoexpert\/#\/schema\/person\/image\/","url":"https:\/\/secure.gravatar.com\/avatar\/ba4762f7517e50e679ed7f11207102d1150120f2f5800c0da98f8a15305bf514?s=96&d=mm&r=g","contentUrl":"https:\/\/secure.gravatar.com\/avatar\/ba4762f7517e50e679ed7f11207102d1150120f2f5800c0da98f8a15305bf514?s=96&d=mm&r=g","caption":"Adriana Dr\u0103gu\u0219in"},"jobTitle":"Editor","url":"https:\/\/www.imobiliare.ro\/imoexpert\/author\/adriana-dragusin\/"}]}},"_links":{"self":[{"href":"https:\/\/www.imobiliare.ro\/imoexpert\/wp-json\/wp\/v2\/posts\/57450","targetHints":{"allow":["GET"]}}],"collection":[{"href":"https:\/\/www.imobiliare.ro\/imoexpert\/wp-json\/wp\/v2\/posts"}],"about":[{"href":"https:\/\/www.imobiliare.ro\/imoexpert\/wp-json\/wp\/v2\/types\/post"}],"author":[{"embeddable":true,"href":"https:\/\/www.imobiliare.ro\/imoexpert\/wp-json\/wp\/v2\/users\/829"}],"replies":[{"embeddable":true,"href":"https:\/\/www.imobiliare.ro\/imoexpert\/wp-json\/wp\/v2\/comments?post=57450"}],"version-history":[{"count":0,"href":"https:\/\/www.imobiliare.ro\/imoexpert\/wp-json\/wp\/v2\/posts\/57450\/revisions"}],"wp:featuredmedia":[{"embeddable":true,"href":"https:\/\/www.imobiliare.ro\/imoexpert\/wp-json\/wp\/v2\/media\/57451"}],"wp:attachment":[{"href":"https:\/\/www.imobiliare.ro\/imoexpert\/wp-json\/wp\/v2\/media?parent=57450"}],"wp:term":[{"taxonomy":"category","embeddable":true,"href":"https:\/\/www.imobiliare.ro\/imoexpert\/wp-json\/wp\/v2\/categories?post=57450"},{"taxonomy":"post_tag","embeddable":true,"href":"https:\/\/www.imobiliare.ro\/imoexpert\/wp-json\/wp\/v2\/tags?post=57450"},{"taxonomy":"content_author","embeddable":true,"href":"https:\/\/www.imobiliare.ro\/imoexpert\/wp-json\/wp\/v2\/content_author?post=57450"}],"curies":[{"name":"wp","href":"https:\/\/api.w.org\/{rel}","templated":true}]}}