{"id":57497,"date":"2020-02-11T18:16:38","date_gmt":"2020-02-11T16:16:38","guid":{"rendered":"https:\/\/www.imobiliare.ro\/imoexpert\/?p=57497"},"modified":"2020-02-11T18:16:38","modified_gmt":"2020-02-11T16:16:38","slug":"the-new-luxury-era-intr-o-zona-exclusivista-precum-kiseleff-aviatorilor-o-amenajare-cu-adevarat-de-lux-poate-ajunge-la-inca-o-data-pretul-apartamentului","status":"publish","type":"post","link":"https:\/\/www.imobiliare.ro\/imoexpert\/the-new-luxury-era-intr-o-zona-exclusivista-precum-kiseleff-aviatorilor-o-amenajare-cu-adevarat-de-lux-poate-ajunge-la-inca-o-data-pretul-apartamentului_db\/","title":{"rendered":"The new luxury era? \u00centr-o zon\u0103 exclusivist\u0103 precum Kiseleff-Aviatorilor, o amenajare cu adev\u0103rat \u201ede lux\u201d poate ajunge la \u00eenc\u0103 o dat\u0103 pre\u021bul apartamentului"},"content":{"rendered":"<figure id=\"attachment_57499\" aria-describedby=\"caption-attachment-57499\" style=\"width: 800px\" class=\"wp-caption aligncenter\"><a class=\"article-body-links\"href=\"https:\/\/www.imobiliare.ro\/imoexpert\/wp-content\/uploads\/2020\/02\/The-new-luxury-era-intr-o-zona-exclusivista-precum-kiseleff-aviatorilor-o-amenajare-cu-adevarat-de-lux-poate-ajunge-la-inca-o-data-pretul-apartamentului-Hype-Project-4.jpg\"><img loading=\"lazy\" decoding=\"async\" src=\"https:\/\/www.imobiliare.ro\/imoexpert\/wp-content\/uploads\/2020\/02\/The-new-luxury-era-intr-o-zona-exclusivista-precum-kiseleff-aviatorilor-o-amenajare-cu-adevarat-de-lux-poate-ajunge-la-inca-o-data-pretul-apartamentului-Hype-Project-4.jpg\" alt=\"\" width=\"800\" height=\"400\" class=\"size-full wp-image-57499\" srcset=\"https:\/\/www.imobiliare.ro\/imoexpert\/wp-content\/uploads\/2020\/02\/The-new-luxury-era-intr-o-zona-exclusivista-precum-kiseleff-aviatorilor-o-amenajare-cu-adevarat-de-lux-poate-ajunge-la-inca-o-data-pretul-apartamentului-Hype-Project-4.jpg 800w, https:\/\/www.imobiliare.ro\/imoexpert\/wp-content\/uploads\/2020\/02\/The-new-luxury-era-intr-o-zona-exclusivista-precum-kiseleff-aviatorilor-o-amenajare-cu-adevarat-de-lux-poate-ajunge-la-inca-o-data-pretul-apartamentului-Hype-Project-4-300x150.jpg 300w, https:\/\/www.imobiliare.ro\/imoexpert\/wp-content\/uploads\/2020\/02\/The-new-luxury-era-intr-o-zona-exclusivista-precum-kiseleff-aviatorilor-o-amenajare-cu-adevarat-de-lux-poate-ajunge-la-inca-o-data-pretul-apartamentului-Hype-Project-4-768x384.jpg 768w\" sizes=\"auto, (max-width: 800px) 100vw, 800px\" \/><\/a><figcaption id=\"caption-attachment-57499\" class=\"wp-caption-text\">Amenajarea realizat\u0103 de Hype Project pentru un penthouse din cadrul ansamblului reziden\u021bial Laguna, din Bucure\u0219ti<\/figcaption><\/figure>\n<div id=\"ez-toc-container\" class=\"ez-toc-v2_0_81 counter-hierarchy ez-toc-counter ez-toc-grey ez-toc-container-direction\">\n<p class=\"ez-toc-title\" style=\"cursor:inherit\">Table of Contents<\/p>\n<label for=\"ez-toc-cssicon-toggle-item-69f1b719a1056\" class=\"ez-toc-cssicon-toggle-label\"><span class=\"ez-toc-cssicon\"><span class=\"eztoc-hide\" style=\"display:none;\">Toggle<\/span><span class=\"ez-toc-icon-toggle-span\"><svg style=\"fill: #999;color:#999\" xmlns=\"http:\/\/www.w3.org\/2000\/svg\" class=\"list-377408\" width=\"20px\" height=\"20px\" viewBox=\"0 0 24 24\" fill=\"none\"><path d=\"M6 6H4v2h2V6zm14 0H8v2h12V6zM4 11h2v2H4v-2zm16 0H8v2h12v-2zM4 16h2v2H4v-2zm16 0H8v2h12v-2z\" fill=\"currentColor\"><\/path><\/svg><svg style=\"fill: #999;color:#999\" class=\"arrow-unsorted-368013\" xmlns=\"http:\/\/www.w3.org\/2000\/svg\" width=\"10px\" height=\"10px\" viewBox=\"0 0 24 24\" version=\"1.2\" baseProfile=\"tiny\"><path d=\"M18.2 9.3l-6.2-6.3-6.2 6.3c-.2.2-.3.4-.3.7s.1.5.3.7c.2.2.4.3.7.3h11c.3 0 .5-.1.7-.3.2-.2.3-.5.3-.7s-.1-.5-.3-.7zM5.8 14.7l6.2 6.3 6.2-6.3c.2-.2.3-.5.3-.7s-.1-.5-.3-.7c-.2-.2-.4-.3-.7-.3h-11c-.3 0-.5.1-.7.3-.2.2-.3.5-.3.7s.1.5.3.7z\"\/><\/svg><\/span><\/span><\/label><input type=\"checkbox\"  id=\"ez-toc-cssicon-toggle-item-69f1b719a1056\"  aria-label=\"Toggle\" \/><nav><ul class='ez-toc-list ez-toc-list-level-1 ' ><li class='ez-toc-page-1 ez-toc-heading-level-2'><a class=\"ez-toc-link ez-toc-heading-1\" href=\"https:\/\/www.imobiliare.ro\/imoexpert\/the-new-luxury-era-intr-o-zona-exclusivista-precum-kiseleff-aviatorilor-o-amenajare-cu-adevarat-de-lux-poate-ajunge-la-inca-o-data-pretul-apartamentului_db\/#Un_studio_de_design_recunoscut_pe_plan_international_intra_si_pe_piata_din_Romania_pe_fondul_alinierii_standardelor_in_materie_de_lux_ale_persoanelor_cu_venituri_mari_din_intreaga_lume\" >Un studio de design recunoscut pe plan interna\u021bional intr\u0103 \u0219i pe pia\u021ba din Rom\u00e2nia, pe fondul alinierii standardelor \u00een materie de lux ale persoanelor cu venituri mari din \u00eentreaga lume.<\/a><\/li><li class='ez-toc-page-1 ez-toc-heading-level-2'><a class=\"ez-toc-link ez-toc-heading-2\" href=\"https:\/\/www.imobiliare.ro\/imoexpert\/the-new-luxury-era-intr-o-zona-exclusivista-precum-kiseleff-aviatorilor-o-amenajare-cu-adevarat-de-lux-poate-ajunge-la-inca-o-data-pretul-apartamentului_db\/#Amenajari_de_2500_de_euro_pe_metru_patrat\" >Amenaj\u0103ri de 2.500 de euro pe metru p\u0103trat<\/a><\/li><li class='ez-toc-page-1 ez-toc-heading-level-2'><a class=\"ez-toc-link ez-toc-heading-3\" href=\"https:\/\/www.imobiliare.ro\/imoexpert\/the-new-luxury-era-intr-o-zona-exclusivista-precum-kiseleff-aviatorilor-o-amenajare-cu-adevarat-de-lux-poate-ajunge-la-inca-o-data-pretul-apartamentului_db\/#O_cifra_de_afaceri_de_cinci_milioane_de_euro\" >O cifr\u0103 de afaceri de cinci milioane de euro<\/a><\/li><\/ul><\/nav><\/div>\n<h2><span class=\"ez-toc-section\" id=\"Un_studio_de_design_recunoscut_pe_plan_international_intra_si_pe_piata_din_Romania_pe_fondul_alinierii_standardelor_in_materie_de_lux_ale_persoanelor_cu_venituri_mari_din_intreaga_lume\"><\/span>Un studio de design recunoscut pe plan interna\u021bional intr\u0103 \u0219i pe pia\u021ba din Rom\u00e2nia, pe fondul alinierii standardelor \u00een materie de lux ale persoanelor cu venituri mari din \u00eentreaga lume.<span class=\"ez-toc-section-end\"><\/span><\/h2>\n<p>Dup\u0103 ce \u0219i-a c\u00e2\u0219tigat un renume \u00een \u021b\u0103ri precum Fran\u021ba, Marea Britanie, Rusia \u0219i Thailanda, Hype Project lanseaz\u0103 \u00een Rom\u00e2nia un serviciu de arhitectur\u0103 \u0219i design interior dedicat proiectelor reziden\u021biale premium. Arhitec\u021bii studioului propun o nou\u0103 abordare a luxului \u00een amenaj\u0103ri, prin solu\u021bii inovatoare de design \u0219i un stil minimalist menite s\u0103 confere noi valen\u021be experien\u021bei de locuire. \u201e\u00cen\u021belegerea aprofundat\u0103 a dinamicii vie\u021bii contemporane, a identit\u0103\u021bii \u0219i a\u0219tept\u0103rilor consumatorului de produse \u0219i servicii premium, precum \u0219i experien\u021ba pe pia\u021ba imobiliar\u0103 interna\u021bional\u0103 pozi\u021bioneaz\u0103 proiectele Hype \u00een categoria locuin\u021belor statement, cu design atemporal. Abordarea stilistic\u0103 minimalist\u0103 \u00een care aten\u021bia st\u0103 pe calitatea finisajelor, pe detalii exclusiviste \u0219i palete texturale rafinate asigur\u0103 interioare impresionante, \u00eencadrate \u00een the new luxury era\u201d, noteaz\u0103 reprezentan\u021bii companiei. <\/p>\n<p><a class=\"article-body-links\"href=\"https:\/\/www.imobiliare.ro\/imoexpert\/wp-content\/uploads\/2020\/02\/The-new-luxury-era-intr-o-zona-exclusivista-precum-kiseleff-aviatorilor-o-amenajare-cu-adevarat-de-lux-poate-ajunge-la-inca-o-data-pretul-apartamentului-Hype-Project-3.jpg\"><img loading=\"lazy\" decoding=\"async\" src=\"https:\/\/www.imobiliare.ro\/imoexpert\/wp-content\/uploads\/2020\/02\/The-new-luxury-era-intr-o-zona-exclusivista-precum-kiseleff-aviatorilor-o-amenajare-cu-adevarat-de-lux-poate-ajunge-la-inca-o-data-pretul-apartamentului-Hype-Project-3.jpg\" alt=\"\" width=\"800\" height=\"400\" class=\"aligncenter size-full wp-image-57498\" srcset=\"https:\/\/www.imobiliare.ro\/imoexpert\/wp-content\/uploads\/2020\/02\/The-new-luxury-era-intr-o-zona-exclusivista-precum-kiseleff-aviatorilor-o-amenajare-cu-adevarat-de-lux-poate-ajunge-la-inca-o-data-pretul-apartamentului-Hype-Project-3.jpg 800w, https:\/\/www.imobiliare.ro\/imoexpert\/wp-content\/uploads\/2020\/02\/The-new-luxury-era-intr-o-zona-exclusivista-precum-kiseleff-aviatorilor-o-amenajare-cu-adevarat-de-lux-poate-ajunge-la-inca-o-data-pretul-apartamentului-Hype-Project-3-300x150.jpg 300w, https:\/\/www.imobiliare.ro\/imoexpert\/wp-content\/uploads\/2020\/02\/The-new-luxury-era-intr-o-zona-exclusivista-precum-kiseleff-aviatorilor-o-amenajare-cu-adevarat-de-lux-poate-ajunge-la-inca-o-data-pretul-apartamentului-Hype-Project-3-768x384.jpg 768w\" sizes=\"auto, (max-width: 800px) 100vw, 800px\" \/><\/a><\/p>\n<h2><span class=\"ez-toc-section\" id=\"Amenajari_de_2500_de_euro_pe_metru_patrat\"><\/span>Amenaj\u0103ri de 2.500 de euro pe metru p\u0103trat<span class=\"ez-toc-section-end\"><\/span><\/h2>\n<p>Potrivit reprezentan\u021bilor Hype Project, \u00een amenajarea propriet\u0103\u021bilor reziden\u021biale de lux se investesc, \u00een medie, 2.500 de euro pe metru p\u0103trat. Ce \u00eenseamn\u0103 asta, mai exact? \u00cen cazul locuin\u021belor cu adev\u0103rat de lux din Capital\u0103, aceast\u0103 sum\u0103 poate echivala chiar cu o dublare a pre\u021bului imobilului \u00een sine. Asta \u00een condi\u021biile \u00een care, potrivit celui mai recent raport de pia\u021b\u0103 publicat de Analize Imobiliare, pre\u021bul mediu solicitat pentru un apartament situat \u00een zona Kiseleff-Aviatorilor se situa, \u00een ultimul trimestru din 2019, la 2.590 de euro pe metru p\u0103trat util. <\/p>\n<blockquote><p>\u201e\u00centr-o economie global\u0103 dinamic\u0103, achizi\u021biile imobiliare sunt \u00eenc\u0103 v\u0103zute ca investi\u021bii sigure, iar pia\u021ba reziden\u021bial\u0103 de lux a crescut constant \u00een ultimii ani. Oamenii cu venituri mari din \u00eentreaga lume se raporteaz\u0103 la acelea\u0219i standarde \u0219i \u00ee\u0219i evalueaz\u0103 stilul de via\u021b\u0103 conform acelora\u0219i criterii. Pot spune chiar c\u0103 ei dezvolt\u0103 o anumit\u0103 rela\u021bie afectiv\u0103 cu investi\u021biile imobiliare pe care le fac. Prin proiectele Hype, urm\u0103rim s\u0103 cre\u0103m unui design interior care s\u0103 reflecte personalitatea beneficiarului, s\u0103 aib\u0103 un impact semnificativ asupra vie\u021bii lui \u0219i, \u00een plus, s\u0103 cre\u0219tem valoarea imobilului.\u201d <\/p>\n<p><strong>Victor Grosu, arhitect fondator al Hype Project<\/strong><\/p><\/blockquote>\n<p>&nbsp;<\/p>\n<h2><span class=\"ez-toc-section\" id=\"O_cifra_de_afaceri_de_cinci_milioane_de_euro\"><\/span>O cifr\u0103 de afaceri de cinci milioane de euro<span class=\"ez-toc-section-end\"><\/span><\/h2>\n<p>\u00cen urma experien\u021bei interna\u021bionale, speciali\u0219tii din cadrul studioului Hype Project estimeaz\u0103 c\u0103 proiectele de amenajare contractate \u00een Rom\u00e2nia la finalul anului 2019 vor cre\u0219te cu p\u00e2n\u0103 la 40% valoarea propriet\u0103\u021bilor. Acestea sunt at\u00e2t apartamente \u00een ansamblurile reziden\u021biale high-end din centrul Bucure\u0219tiului, c\u00e2t \u0219i re\u0219edin\u021be de vacan\u021b\u0103 \u00een zone turistice de pe litoral sau case situate \u00een zonele cu o dezvoltare imobiliar\u0103 intens\u0103, din jude\u021bul Ilfov.<\/p>\n<p><strong>Pentru 2020, Hype Project \u00ee\u021bi propune s\u0103 ating\u0103 o cifr\u0103 de afaceri de cinci milioane de euro, \u00een urma finaliz\u0103rii a 15 proiecte.<\/strong> <\/p>\n<p><a class=\"article-body-links\"href=\"https:\/\/www.imobiliare.ro\/imoexpert\/wp-content\/uploads\/2020\/02\/The-new-luxury-era-intr-o-zona-exclusivista-precum-kiseleff-aviatorilor-o-amenajare-cu-adevarat-de-lux-poate-ajunge-la-inca-o-data-pretul-apartamentului-Hype-Project-5.jpg\"><img loading=\"lazy\" decoding=\"async\" src=\"https:\/\/www.imobiliare.ro\/imoexpert\/wp-content\/uploads\/2020\/02\/The-new-luxury-era-intr-o-zona-exclusivista-precum-kiseleff-aviatorilor-o-amenajare-cu-adevarat-de-lux-poate-ajunge-la-inca-o-data-pretul-apartamentului-Hype-Project-5.jpg\" alt=\"\" width=\"800\" height=\"400\" class=\"aligncenter size-full wp-image-57500\" srcset=\"https:\/\/www.imobiliare.ro\/imoexpert\/wp-content\/uploads\/2020\/02\/The-new-luxury-era-intr-o-zona-exclusivista-precum-kiseleff-aviatorilor-o-amenajare-cu-adevarat-de-lux-poate-ajunge-la-inca-o-data-pretul-apartamentului-Hype-Project-5.jpg 800w, https:\/\/www.imobiliare.ro\/imoexpert\/wp-content\/uploads\/2020\/02\/The-new-luxury-era-intr-o-zona-exclusivista-precum-kiseleff-aviatorilor-o-amenajare-cu-adevarat-de-lux-poate-ajunge-la-inca-o-data-pretul-apartamentului-Hype-Project-5-300x150.jpg 300w, https:\/\/www.imobiliare.ro\/imoexpert\/wp-content\/uploads\/2020\/02\/The-new-luxury-era-intr-o-zona-exclusivista-precum-kiseleff-aviatorilor-o-amenajare-cu-adevarat-de-lux-poate-ajunge-la-inca-o-data-pretul-apartamentului-Hype-Project-5-768x384.jpg 768w\" sizes=\"auto, (max-width: 800px) 100vw, 800px\" \/><\/a><\/p>\n<blockquote><p>\u201eProiectele Hype se disting prin spa\u021bii fluide, coerente, \u00een care pere\u021bii desp\u0103r\u021bitori sunt redu\u0219i la esen\u021bial, grinzile sunt camuflate, sc\u0103rile nu au contratrepte, \u00eembin\u0103rile sunt ascunse cu precizie, iar lumina natural\u0103 este folosit\u0103 drept instrument capabil s\u0103 defineasc\u0103 \u0219i construiasc\u0103 interiorul. Suprafe\u021belele vitrate mari asigur\u0103 o leg\u0103tur\u0103 organic\u0103 cu spa\u021biul natural \u00eenconjur\u0103tor, mobilierul cu rol func\u021bional este \u00eencastrat \u00een pere\u021bi, iar discursul cromatic se p\u0103streaz\u0103 minimal. Personalitatea spa\u021biului este dat\u0103 de texturi contrastante, piese de mobilier high-end cu prezen\u021b\u0103 puternic\u0103, plac\u0103ri din marmur\u0103 sau piatr\u0103 pre\u021bioas\u0103 natural\u0103 \u0219i lumini arhitecturale organizate \u00een mod scenografic.\u201d<\/p>\n<p><strong>Hype Project<\/strong><\/p><\/blockquote>\n<p>&nbsp;<\/p>\n<div class=\"entry-content-inline-styles table-responsive\">\n<strong>Despre Hype Project:<\/strong><br \/>\nEchipa Hype Project este format\u0103 din arhitec\u021bii Victor Grosu, Adrian Ianculescu \u0219i Mihai Constantin, cunoscu\u021bi pe pia\u021ba din Rom\u00e2nia pentru crearea, sub semn\u0103tura Grosu Art Studio, a unora dintre cele mai apreciate \u0219i premiate restaurante: Joseph by Joseph Hadad, Dancing Lobster, Caju, Il Locale. Activitatea Grosu Art Studio se concentreaz\u0103 acum exclusiv pe crearea unor proiecte \u201ela cheie\u201d pentru HoReCa, unde cei trei arhitec\u021bi  semneaz\u0103 conceptul \u0219i designul interior.<\/div>\n<figure id=\"attachment_57501\" aria-describedby=\"caption-attachment-57501\" style=\"width: 800px\" class=\"wp-caption aligncenter\"><a class=\"article-body-links\"href=\"https:\/\/www.imobiliare.ro\/imoexpert\/wp-content\/uploads\/2020\/02\/The-new-luxury-era-intr-o-zona-exclusivista-precum-kiseleff-aviatorilor-o-amenajare-cu-adevarat-de-lux-poate-ajunge-la-inca-o-data-pretul-apartamentului-Hype-Project-7.jpg\"><img loading=\"lazy\" decoding=\"async\" src=\"https:\/\/www.imobiliare.ro\/imoexpert\/wp-content\/uploads\/2020\/02\/The-new-luxury-era-intr-o-zona-exclusivista-precum-kiseleff-aviatorilor-o-amenajare-cu-adevarat-de-lux-poate-ajunge-la-inca-o-data-pretul-apartamentului-Hype-Project-7.jpg\" alt=\"\" width=\"800\" height=\"480\" class=\"size-full wp-image-57501\" srcset=\"https:\/\/www.imobiliare.ro\/imoexpert\/wp-content\/uploads\/2020\/02\/The-new-luxury-era-intr-o-zona-exclusivista-precum-kiseleff-aviatorilor-o-amenajare-cu-adevarat-de-lux-poate-ajunge-la-inca-o-data-pretul-apartamentului-Hype-Project-7.jpg 800w, https:\/\/www.imobiliare.ro\/imoexpert\/wp-content\/uploads\/2020\/02\/The-new-luxury-era-intr-o-zona-exclusivista-precum-kiseleff-aviatorilor-o-amenajare-cu-adevarat-de-lux-poate-ajunge-la-inca-o-data-pretul-apartamentului-Hype-Project-7-300x180.jpg 300w, https:\/\/www.imobiliare.ro\/imoexpert\/wp-content\/uploads\/2020\/02\/The-new-luxury-era-intr-o-zona-exclusivista-precum-kiseleff-aviatorilor-o-amenajare-cu-adevarat-de-lux-poate-ajunge-la-inca-o-data-pretul-apartamentului-Hype-Project-7-768x461.jpg 768w\" sizes=\"auto, (max-width: 800px) 100vw, 800px\" \/><\/a><figcaption id=\"caption-attachment-57501\" class=\"wp-caption-text\">De la st\u00e2nga la dreapta: arhitec\u021bii Mihai Constantin, Victor Grosu \u0219i Adrian Ianculescu<\/figcaption><\/figure>\n","protected":false},"excerpt":{"rendered":"<p>Un studio de design recunoscut pe plan interna\u021bional intr\u0103 \u0219i pe pia\u021ba din Rom\u00e2nia, pe fondul alinierii standardelor \u00een materie de lux ale persoanelor cu venituri mari din \u00eentreaga lume. Dup\u0103 ce \u0219i-a c\u00e2\u0219tigat un renume \u00een \u021b\u0103ri precum Fran\u021ba, Marea Britanie, Rusia \u0219i Thailanda, Hype Project lanseaz\u0103 \u00een Rom\u00e2nia un serviciu de arhitectur\u0103 \u0219i [&hellip;]<\/p>\n","protected":false},"author":829,"featured_media":57499,"comment_status":"open","ping_status":"open","sticky":false,"template":"","format":"standard","meta":{"footnotes":""},"categories":[1406,255,259],"tags":[333,1557,1022],"content_author":[],"class_list":["post-57497","post","type-post","status-publish","format-standard","has-post-thumbnail","hentry","category-concursuri","category-home-deco","category-stiri","tag-ansambluri-rezidentiale","tag-design-interior","tag-homedeco"],"yoast_head":"<!-- This site is optimized with the Yoast SEO Premium plugin v27.0 (Yoast SEO v27.0) - https:\/\/yoast.com\/product\/yoast-seo-premium-wordpress\/ -->\n<title>The new luxury era? \u00centr-o zon\u0103 exclusivist\u0103 precum Kiseleff-Aviatorilor, o amenajare cu adev\u0103rat \u201ede lux\u201d poate ajunge la \u00eenc\u0103 o dat\u0103 pre\u021bul apartamentului - Concursuri, Home &amp; Deco, \u0218tiri - ImoExpert<\/title>\n<meta name=\"description\" content=\"Un studio de design recunoscut pe plan interna\u021bional intr\u0103 \u0219i pe pia\u021ba din Rom\u00e2nia, pe fondul alinierii standardelor \u00een materie de lux ale persoanelor cu\" \/>\n<meta name=\"robots\" content=\"index, follow\" \/>\n<link rel=\"canonical\" href=\"https:\/\/www.imobiliare.ro\/imoexpert\/the-new-luxury-era-intr-o-zona-exclusivista-precum-kiseleff-aviatorilor-o-amenajare-cu-adevarat-de-lux-poate-ajunge-la-inca-o-data-pretul-apartamentului_db\/\" \/>\n<meta property=\"og:locale\" content=\"ro_RO\" \/>\n<meta property=\"og:type\" content=\"article\" \/>\n<meta property=\"og:title\" content=\"The new luxury era? \u00centr-o zon\u0103 exclusivist\u0103 precum Kiseleff-Aviatorilor, o amenajare cu adev\u0103rat \u201ede lux\u201d poate ajunge la \u00eenc\u0103 o dat\u0103 pre\u021bul apartamentului\" \/>\n<meta property=\"og:description\" content=\"Un studio de design recunoscut pe plan interna\u021bional intr\u0103 \u0219i pe pia\u021ba din Rom\u00e2nia, pe fondul alinierii standardelor \u00een materie de lux ale persoanelor cu\" \/>\n<meta property=\"og:url\" content=\"https:\/\/www.imobiliare.ro\/imoexpert\/the-new-luxury-era-intr-o-zona-exclusivista-precum-kiseleff-aviatorilor-o-amenajare-cu-adevarat-de-lux-poate-ajunge-la-inca-o-data-pretul-apartamentului_db\/\" \/>\n<meta property=\"og:site_name\" content=\"ImoExpert\" \/>\n<meta property=\"article:published_time\" content=\"2020-02-11T16:16:38+00:00\" \/>\n<meta property=\"og:image\" content=\"https:\/\/www.imobiliare.ro\/imoexpert\/wp-content\/uploads\/2020\/02\/The-new-luxury-era-intr-o-zona-exclusivista-precum-kiseleff-aviatorilor-o-amenajare-cu-adevarat-de-lux-poate-ajunge-la-inca-o-data-pretul-apartamentului-Hype-Project-4.jpg\" \/>\n\t<meta property=\"og:image:width\" content=\"800\" \/>\n\t<meta property=\"og:image:height\" content=\"400\" \/>\n\t<meta property=\"og:image:type\" content=\"image\/jpeg\" \/>\n<meta name=\"author\" content=\"Adriana Dr\u0103gu\u0219in\" \/>\n<meta name=\"twitter:card\" content=\"summary_large_image\" \/>\n<meta name=\"twitter:label1\" content=\"Written by\" \/>\n\t<meta name=\"twitter:data1\" content=\"Adriana Dr\u0103gu\u0219in\" \/>\n\t<meta name=\"twitter:label2\" content=\"Est. reading time\" \/>\n\t<meta name=\"twitter:data2\" content=\"4 minute\" \/>\n<script type=\"application\/ld+json\" class=\"yoast-schema-graph\">{\"@context\":\"https:\/\/schema.org\",\"@graph\":[{\"@type\":\"Article\",\"@id\":\"https:\/\/www.imobiliare.ro\/imoexpert\/the-new-luxury-era-intr-o-zona-exclusivista-precum-kiseleff-aviatorilor-o-amenajare-cu-adevarat-de-lux-poate-ajunge-la-inca-o-data-pretul-apartamentului_db\/#article\",\"isPartOf\":{\"@id\":\"https:\/\/www.imobiliare.ro\/imoexpert\/the-new-luxury-era-intr-o-zona-exclusivista-precum-kiseleff-aviatorilor-o-amenajare-cu-adevarat-de-lux-poate-ajunge-la-inca-o-data-pretul-apartamentului_db\/\"},\"author\":{\"name\":\"Adriana Dr\u0103gu\u0219in\",\"@id\":\"https:\/\/www.imobiliare.ro\/imoexpert\/#\/schema\/person\/8c13b0297075010b896471fabf0d7790\"},\"headline\":\"The new luxury era? \u00centr-o zon\u0103 exclusivist\u0103 precum Kiseleff-Aviatorilor, o amenajare cu adev\u0103rat \u201ede lux\u201d poate ajunge la \u00eenc\u0103 o dat\u0103 pre\u021bul apartamentului\",\"datePublished\":\"2020-02-11T16:16:38+00:00\",\"mainEntityOfPage\":{\"@id\":\"https:\/\/www.imobiliare.ro\/imoexpert\/the-new-luxury-era-intr-o-zona-exclusivista-precum-kiseleff-aviatorilor-o-amenajare-cu-adevarat-de-lux-poate-ajunge-la-inca-o-data-pretul-apartamentului_db\/\"},\"wordCount\":761,\"commentCount\":0,\"publisher\":{\"@id\":\"https:\/\/www.imobiliare.ro\/imoexpert\/#organization\"},\"image\":{\"@id\":\"https:\/\/www.imobiliare.ro\/imoexpert\/the-new-luxury-era-intr-o-zona-exclusivista-precum-kiseleff-aviatorilor-o-amenajare-cu-adevarat-de-lux-poate-ajunge-la-inca-o-data-pretul-apartamentului_db\/#primaryimage\"},\"thumbnailUrl\":\"https:\/\/www.imobiliare.ro\/imoexpert\/wp-content\/uploads\/2020\/02\/The-new-luxury-era-intr-o-zona-exclusivista-precum-kiseleff-aviatorilor-o-amenajare-cu-adevarat-de-lux-poate-ajunge-la-inca-o-data-pretul-apartamentului-Hype-Project-4.jpg\",\"keywords\":[\"Ansambluri rezidentiale\",\"design interior\",\"Home&amp;Deco\"],\"articleSection\":[\"Concursuri\",\"Home &amp; Deco\",\"\u0218tiri\"],\"inLanguage\":\"en\",\"potentialAction\":[{\"@type\":\"CommentAction\",\"name\":\"Comment\",\"target\":[\"https:\/\/www.imobiliare.ro\/imoexpert\/the-new-luxury-era-intr-o-zona-exclusivista-precum-kiseleff-aviatorilor-o-amenajare-cu-adevarat-de-lux-poate-ajunge-la-inca-o-data-pretul-apartamentului_db\/#respond\"]}],\"copyrightYear\":\"2020\",\"copyrightHolder\":{\"@id\":\"https:\/\/www.imobiliare.ro\/imoexpert\/#organization\"}},{\"@type\":\"WebPage\",\"@id\":\"https:\/\/www.imobiliare.ro\/imoexpert\/the-new-luxury-era-intr-o-zona-exclusivista-precum-kiseleff-aviatorilor-o-amenajare-cu-adevarat-de-lux-poate-ajunge-la-inca-o-data-pretul-apartamentului_db\/\",\"url\":\"https:\/\/www.imobiliare.ro\/imoexpert\/the-new-luxury-era-intr-o-zona-exclusivista-precum-kiseleff-aviatorilor-o-amenajare-cu-adevarat-de-lux-poate-ajunge-la-inca-o-data-pretul-apartamentului_db\/\",\"name\":\"The new luxury era? \u00centr-o zon\u0103 exclusivist\u0103 precum Kiseleff-Aviatorilor, o amenajare cu adev\u0103rat \u201ede lux\u201d poate ajunge la \u00eenc\u0103 o dat\u0103 pre\u021bul apartamentului - Concursuri, Home &amp; Deco, \u0218tiri - ImoExpert\",\"isPartOf\":{\"@id\":\"https:\/\/www.imobiliare.ro\/imoexpert\/#website\"},\"primaryImageOfPage\":{\"@id\":\"https:\/\/www.imobiliare.ro\/imoexpert\/the-new-luxury-era-intr-o-zona-exclusivista-precum-kiseleff-aviatorilor-o-amenajare-cu-adevarat-de-lux-poate-ajunge-la-inca-o-data-pretul-apartamentului_db\/#primaryimage\"},\"image\":{\"@id\":\"https:\/\/www.imobiliare.ro\/imoexpert\/the-new-luxury-era-intr-o-zona-exclusivista-precum-kiseleff-aviatorilor-o-amenajare-cu-adevarat-de-lux-poate-ajunge-la-inca-o-data-pretul-apartamentului_db\/#primaryimage\"},\"thumbnailUrl\":\"https:\/\/www.imobiliare.ro\/imoexpert\/wp-content\/uploads\/2020\/02\/The-new-luxury-era-intr-o-zona-exclusivista-precum-kiseleff-aviatorilor-o-amenajare-cu-adevarat-de-lux-poate-ajunge-la-inca-o-data-pretul-apartamentului-Hype-Project-4.jpg\",\"datePublished\":\"2020-02-11T16:16:38+00:00\",\"description\":\"Un studio de design recunoscut pe plan interna\u021bional intr\u0103 \u0219i pe pia\u021ba din Rom\u00e2nia, pe fondul alinierii standardelor \u00een materie de lux ale persoanelor cu\",\"breadcrumb\":{\"@id\":\"https:\/\/www.imobiliare.ro\/imoexpert\/the-new-luxury-era-intr-o-zona-exclusivista-precum-kiseleff-aviatorilor-o-amenajare-cu-adevarat-de-lux-poate-ajunge-la-inca-o-data-pretul-apartamentului_db\/#breadcrumb\"},\"inLanguage\":\"en\",\"potentialAction\":[{\"@type\":\"ReadAction\",\"target\":[\"https:\/\/www.imobiliare.ro\/imoexpert\/the-new-luxury-era-intr-o-zona-exclusivista-precum-kiseleff-aviatorilor-o-amenajare-cu-adevarat-de-lux-poate-ajunge-la-inca-o-data-pretul-apartamentului_db\/\"]}]},{\"@type\":\"ImageObject\",\"inLanguage\":\"en\",\"@id\":\"https:\/\/www.imobiliare.ro\/imoexpert\/the-new-luxury-era-intr-o-zona-exclusivista-precum-kiseleff-aviatorilor-o-amenajare-cu-adevarat-de-lux-poate-ajunge-la-inca-o-data-pretul-apartamentului_db\/#primaryimage\",\"url\":\"https:\/\/www.imobiliare.ro\/imoexpert\/wp-content\/uploads\/2020\/02\/The-new-luxury-era-intr-o-zona-exclusivista-precum-kiseleff-aviatorilor-o-amenajare-cu-adevarat-de-lux-poate-ajunge-la-inca-o-data-pretul-apartamentului-Hype-Project-4.jpg\",\"contentUrl\":\"https:\/\/www.imobiliare.ro\/imoexpert\/wp-content\/uploads\/2020\/02\/The-new-luxury-era-intr-o-zona-exclusivista-precum-kiseleff-aviatorilor-o-amenajare-cu-adevarat-de-lux-poate-ajunge-la-inca-o-data-pretul-apartamentului-Hype-Project-4.jpg\",\"width\":800,\"height\":400,\"caption\":\"Amenajarea unui penthouse din cadrul ansamblului reziden\u021bial Laguna, Bucure\u0219ti\"},{\"@type\":\"BreadcrumbList\",\"@id\":\"https:\/\/www.imobiliare.ro\/imoexpert\/the-new-luxury-era-intr-o-zona-exclusivista-precum-kiseleff-aviatorilor-o-amenajare-cu-adevarat-de-lux-poate-ajunge-la-inca-o-data-pretul-apartamentului_db\/#breadcrumb\",\"itemListElement\":[{\"@type\":\"ListItem\",\"position\":1,\"name\":\"Imoradar24\",\"item\":\"https:\/\/www.imoradar24.ro\"},{\"@type\":\"ListItem\",\"position\":2,\"name\":\"ImoExpert\",\"item\":\"https:\/\/www.imobiliare.ro\/imoexpert\/\"},{\"@type\":\"ListItem\",\"position\":3,\"name\":\"Sfaturi\",\"item\":\"https:\/\/www.imobiliare.ro\/imoexpert\/ghid-imobiliar\/\"},{\"@type\":\"ListItem\",\"position\":4,\"name\":\"Home &amp; Deco\",\"item\":\"https:\/\/www.imobiliare.ro\/imoexpert\/ghid-imobiliar\/home-deco\/\"},{\"@type\":\"ListItem\",\"position\":5,\"name\":\"The new luxury era? \u00centr-o zon\u0103 exclusivist\u0103 precum Kiseleff-Aviatorilor, o amenajare cu adev\u0103rat \u201ede lux\u201d poate ajunge la \u00eenc\u0103 o dat\u0103 pre\u021bul apartamentului\"}]},{\"@type\":\"WebSite\",\"@id\":\"https:\/\/www.imobiliare.ro\/imoexpert\/#website\",\"url\":\"https:\/\/www.imobiliare.ro\/imoexpert\/\",\"name\":\"ImoExpert\",\"description\":\"cele mai importante \u015ftiri din domeniul imobiliar\",\"publisher\":{\"@id\":\"https:\/\/www.imobiliare.ro\/imoexpert\/#organization\"},\"inLanguage\":\"en\"},{\"@type\":\"Organization\",\"@id\":\"https:\/\/www.imobiliare.ro\/imoexpert\/#organization\",\"name\":\"Imobiliare.ro\",\"alternateName\":\"Realmedia Network SA\",\"url\":\"https:\/\/www.imobiliare.ro\/imoexpert\/\",\"logo\":{\"@type\":\"ImageObject\",\"inLanguage\":\"en\",\"@id\":\"https:\/\/www.imobiliare.ro\/imoexpert\/#\/schema\/logo\/image\/\",\"url\":\"https:\/\/www.imobiliare.ro\/imoexpert\/wp-content\/uploads\/2025\/05\/imobiliare_logo.png\",\"contentUrl\":\"https:\/\/www.imobiliare.ro\/imoexpert\/wp-content\/uploads\/2025\/05\/imobiliare_logo.png\",\"width\":237,\"height\":29,\"caption\":\"Imobiliare.ro\"},\"image\":{\"@id\":\"https:\/\/www.imobiliare.ro\/imoexpert\/#\/schema\/logo\/image\/\"}},{\"@type\":\"Person\",\"@id\":\"https:\/\/www.imobiliare.ro\/imoexpert\/#\/schema\/person\/8c13b0297075010b896471fabf0d7790\",\"name\":\"Adriana Dr\u0103gu\u0219in\",\"image\":{\"@type\":\"ImageObject\",\"inLanguage\":\"en\",\"@id\":\"https:\/\/www.imobiliare.ro\/imoexpert\/#\/schema\/person\/image\/\",\"url\":\"https:\/\/secure.gravatar.com\/avatar\/ba4762f7517e50e679ed7f11207102d1150120f2f5800c0da98f8a15305bf514?s=96&d=mm&r=g\",\"contentUrl\":\"https:\/\/secure.gravatar.com\/avatar\/ba4762f7517e50e679ed7f11207102d1150120f2f5800c0da98f8a15305bf514?s=96&d=mm&r=g\",\"caption\":\"Adriana Dr\u0103gu\u0219in\"},\"jobTitle\":\"Editor\",\"url\":\"https:\/\/www.imobiliare.ro\/imoexpert\/author\/adriana-dragusin\/\"}]}<\/script>\n<!-- \/ Yoast SEO Premium plugin. -->","yoast_head_json":{"title":"The new luxury era? \u00centr-o zon\u0103 exclusivist\u0103 precum Kiseleff-Aviatorilor, o amenajare cu adev\u0103rat \u201ede lux\u201d poate ajunge la \u00eenc\u0103 o dat\u0103 pre\u021bul apartamentului - Concursuri, Home &amp; Deco, \u0218tiri - ImoExpert","description":"Un studio de design recunoscut pe plan interna\u021bional intr\u0103 \u0219i pe pia\u021ba din Rom\u00e2nia, pe fondul alinierii standardelor \u00een materie de lux ale persoanelor cu","robots":{"index":"index","follow":"follow"},"canonical":"https:\/\/www.imobiliare.ro\/imoexpert\/the-new-luxury-era-intr-o-zona-exclusivista-precum-kiseleff-aviatorilor-o-amenajare-cu-adevarat-de-lux-poate-ajunge-la-inca-o-data-pretul-apartamentului_db\/","og_locale":"ro_RO","og_type":"article","og_title":"The new luxury era? \u00centr-o zon\u0103 exclusivist\u0103 precum Kiseleff-Aviatorilor, o amenajare cu adev\u0103rat \u201ede lux\u201d poate ajunge la \u00eenc\u0103 o dat\u0103 pre\u021bul apartamentului","og_description":"Un studio de design recunoscut pe plan interna\u021bional intr\u0103 \u0219i pe pia\u021ba din Rom\u00e2nia, pe fondul alinierii standardelor \u00een materie de lux ale persoanelor cu","og_url":"https:\/\/www.imobiliare.ro\/imoexpert\/the-new-luxury-era-intr-o-zona-exclusivista-precum-kiseleff-aviatorilor-o-amenajare-cu-adevarat-de-lux-poate-ajunge-la-inca-o-data-pretul-apartamentului_db\/","og_site_name":"ImoExpert","article_published_time":"2020-02-11T16:16:38+00:00","og_image":[{"width":800,"height":400,"url":"https:\/\/www.imobiliare.ro\/imoexpert\/wp-content\/uploads\/2020\/02\/The-new-luxury-era-intr-o-zona-exclusivista-precum-kiseleff-aviatorilor-o-amenajare-cu-adevarat-de-lux-poate-ajunge-la-inca-o-data-pretul-apartamentului-Hype-Project-4.jpg","type":"image\/jpeg"}],"author":"Adriana Dr\u0103gu\u0219in","twitter_card":"summary_large_image","twitter_misc":{"Written by":"Adriana Dr\u0103gu\u0219in","Est. reading time":"4 minute"},"schema":{"@context":"https:\/\/schema.org","@graph":[{"@type":"Article","@id":"https:\/\/www.imobiliare.ro\/imoexpert\/the-new-luxury-era-intr-o-zona-exclusivista-precum-kiseleff-aviatorilor-o-amenajare-cu-adevarat-de-lux-poate-ajunge-la-inca-o-data-pretul-apartamentului_db\/#article","isPartOf":{"@id":"https:\/\/www.imobiliare.ro\/imoexpert\/the-new-luxury-era-intr-o-zona-exclusivista-precum-kiseleff-aviatorilor-o-amenajare-cu-adevarat-de-lux-poate-ajunge-la-inca-o-data-pretul-apartamentului_db\/"},"author":{"name":"Adriana Dr\u0103gu\u0219in","@id":"https:\/\/www.imobiliare.ro\/imoexpert\/#\/schema\/person\/8c13b0297075010b896471fabf0d7790"},"headline":"The new luxury era? \u00centr-o zon\u0103 exclusivist\u0103 precum Kiseleff-Aviatorilor, o amenajare cu adev\u0103rat \u201ede lux\u201d poate ajunge la \u00eenc\u0103 o dat\u0103 pre\u021bul apartamentului","datePublished":"2020-02-11T16:16:38+00:00","mainEntityOfPage":{"@id":"https:\/\/www.imobiliare.ro\/imoexpert\/the-new-luxury-era-intr-o-zona-exclusivista-precum-kiseleff-aviatorilor-o-amenajare-cu-adevarat-de-lux-poate-ajunge-la-inca-o-data-pretul-apartamentului_db\/"},"wordCount":761,"commentCount":0,"publisher":{"@id":"https:\/\/www.imobiliare.ro\/imoexpert\/#organization"},"image":{"@id":"https:\/\/www.imobiliare.ro\/imoexpert\/the-new-luxury-era-intr-o-zona-exclusivista-precum-kiseleff-aviatorilor-o-amenajare-cu-adevarat-de-lux-poate-ajunge-la-inca-o-data-pretul-apartamentului_db\/#primaryimage"},"thumbnailUrl":"https:\/\/www.imobiliare.ro\/imoexpert\/wp-content\/uploads\/2020\/02\/The-new-luxury-era-intr-o-zona-exclusivista-precum-kiseleff-aviatorilor-o-amenajare-cu-adevarat-de-lux-poate-ajunge-la-inca-o-data-pretul-apartamentului-Hype-Project-4.jpg","keywords":["Ansambluri rezidentiale","design interior","Home&amp;Deco"],"articleSection":["Concursuri","Home &amp; Deco","\u0218tiri"],"inLanguage":"en","potentialAction":[{"@type":"CommentAction","name":"Comment","target":["https:\/\/www.imobiliare.ro\/imoexpert\/the-new-luxury-era-intr-o-zona-exclusivista-precum-kiseleff-aviatorilor-o-amenajare-cu-adevarat-de-lux-poate-ajunge-la-inca-o-data-pretul-apartamentului_db\/#respond"]}],"copyrightYear":"2020","copyrightHolder":{"@id":"https:\/\/www.imobiliare.ro\/imoexpert\/#organization"}},{"@type":"WebPage","@id":"https:\/\/www.imobiliare.ro\/imoexpert\/the-new-luxury-era-intr-o-zona-exclusivista-precum-kiseleff-aviatorilor-o-amenajare-cu-adevarat-de-lux-poate-ajunge-la-inca-o-data-pretul-apartamentului_db\/","url":"https:\/\/www.imobiliare.ro\/imoexpert\/the-new-luxury-era-intr-o-zona-exclusivista-precum-kiseleff-aviatorilor-o-amenajare-cu-adevarat-de-lux-poate-ajunge-la-inca-o-data-pretul-apartamentului_db\/","name":"The new luxury era? \u00centr-o zon\u0103 exclusivist\u0103 precum Kiseleff-Aviatorilor, o amenajare cu adev\u0103rat \u201ede lux\u201d poate ajunge la \u00eenc\u0103 o dat\u0103 pre\u021bul apartamentului - Concursuri, Home &amp; Deco, \u0218tiri - ImoExpert","isPartOf":{"@id":"https:\/\/www.imobiliare.ro\/imoexpert\/#website"},"primaryImageOfPage":{"@id":"https:\/\/www.imobiliare.ro\/imoexpert\/the-new-luxury-era-intr-o-zona-exclusivista-precum-kiseleff-aviatorilor-o-amenajare-cu-adevarat-de-lux-poate-ajunge-la-inca-o-data-pretul-apartamentului_db\/#primaryimage"},"image":{"@id":"https:\/\/www.imobiliare.ro\/imoexpert\/the-new-luxury-era-intr-o-zona-exclusivista-precum-kiseleff-aviatorilor-o-amenajare-cu-adevarat-de-lux-poate-ajunge-la-inca-o-data-pretul-apartamentului_db\/#primaryimage"},"thumbnailUrl":"https:\/\/www.imobiliare.ro\/imoexpert\/wp-content\/uploads\/2020\/02\/The-new-luxury-era-intr-o-zona-exclusivista-precum-kiseleff-aviatorilor-o-amenajare-cu-adevarat-de-lux-poate-ajunge-la-inca-o-data-pretul-apartamentului-Hype-Project-4.jpg","datePublished":"2020-02-11T16:16:38+00:00","description":"Un studio de design recunoscut pe plan interna\u021bional intr\u0103 \u0219i pe pia\u021ba din Rom\u00e2nia, pe fondul alinierii standardelor \u00een materie de lux ale persoanelor cu","breadcrumb":{"@id":"https:\/\/www.imobiliare.ro\/imoexpert\/the-new-luxury-era-intr-o-zona-exclusivista-precum-kiseleff-aviatorilor-o-amenajare-cu-adevarat-de-lux-poate-ajunge-la-inca-o-data-pretul-apartamentului_db\/#breadcrumb"},"inLanguage":"en","potentialAction":[{"@type":"ReadAction","target":["https:\/\/www.imobiliare.ro\/imoexpert\/the-new-luxury-era-intr-o-zona-exclusivista-precum-kiseleff-aviatorilor-o-amenajare-cu-adevarat-de-lux-poate-ajunge-la-inca-o-data-pretul-apartamentului_db\/"]}]},{"@type":"ImageObject","inLanguage":"en","@id":"https:\/\/www.imobiliare.ro\/imoexpert\/the-new-luxury-era-intr-o-zona-exclusivista-precum-kiseleff-aviatorilor-o-amenajare-cu-adevarat-de-lux-poate-ajunge-la-inca-o-data-pretul-apartamentului_db\/#primaryimage","url":"https:\/\/www.imobiliare.ro\/imoexpert\/wp-content\/uploads\/2020\/02\/The-new-luxury-era-intr-o-zona-exclusivista-precum-kiseleff-aviatorilor-o-amenajare-cu-adevarat-de-lux-poate-ajunge-la-inca-o-data-pretul-apartamentului-Hype-Project-4.jpg","contentUrl":"https:\/\/www.imobiliare.ro\/imoexpert\/wp-content\/uploads\/2020\/02\/The-new-luxury-era-intr-o-zona-exclusivista-precum-kiseleff-aviatorilor-o-amenajare-cu-adevarat-de-lux-poate-ajunge-la-inca-o-data-pretul-apartamentului-Hype-Project-4.jpg","width":800,"height":400,"caption":"Amenajarea unui penthouse din cadrul ansamblului reziden\u021bial Laguna, Bucure\u0219ti"},{"@type":"BreadcrumbList","@id":"https:\/\/www.imobiliare.ro\/imoexpert\/the-new-luxury-era-intr-o-zona-exclusivista-precum-kiseleff-aviatorilor-o-amenajare-cu-adevarat-de-lux-poate-ajunge-la-inca-o-data-pretul-apartamentului_db\/#breadcrumb","itemListElement":[{"@type":"ListItem","position":1,"name":"Imoradar24","item":"https:\/\/www.imoradar24.ro"},{"@type":"ListItem","position":2,"name":"ImoExpert","item":"https:\/\/www.imobiliare.ro\/imoexpert\/"},{"@type":"ListItem","position":3,"name":"Sfaturi","item":"https:\/\/www.imobiliare.ro\/imoexpert\/ghid-imobiliar\/"},{"@type":"ListItem","position":4,"name":"Home &amp; Deco","item":"https:\/\/www.imobiliare.ro\/imoexpert\/ghid-imobiliar\/home-deco\/"},{"@type":"ListItem","position":5,"name":"The new luxury era? \u00centr-o zon\u0103 exclusivist\u0103 precum Kiseleff-Aviatorilor, o amenajare cu adev\u0103rat \u201ede lux\u201d poate ajunge la \u00eenc\u0103 o dat\u0103 pre\u021bul apartamentului"}]},{"@type":"WebSite","@id":"https:\/\/www.imobiliare.ro\/imoexpert\/#website","url":"https:\/\/www.imobiliare.ro\/imoexpert\/","name":"ImoExpert","description":"cele mai importante \u015ftiri din domeniul imobiliar","publisher":{"@id":"https:\/\/www.imobiliare.ro\/imoexpert\/#organization"},"inLanguage":"en"},{"@type":"Organization","@id":"https:\/\/www.imobiliare.ro\/imoexpert\/#organization","name":"Imobiliare.ro","alternateName":"Realmedia Network SA","url":"https:\/\/www.imobiliare.ro\/imoexpert\/","logo":{"@type":"ImageObject","inLanguage":"en","@id":"https:\/\/www.imobiliare.ro\/imoexpert\/#\/schema\/logo\/image\/","url":"https:\/\/www.imobiliare.ro\/imoexpert\/wp-content\/uploads\/2025\/05\/imobiliare_logo.png","contentUrl":"https:\/\/www.imobiliare.ro\/imoexpert\/wp-content\/uploads\/2025\/05\/imobiliare_logo.png","width":237,"height":29,"caption":"Imobiliare.ro"},"image":{"@id":"https:\/\/www.imobiliare.ro\/imoexpert\/#\/schema\/logo\/image\/"}},{"@type":"Person","@id":"https:\/\/www.imobiliare.ro\/imoexpert\/#\/schema\/person\/8c13b0297075010b896471fabf0d7790","name":"Adriana Dr\u0103gu\u0219in","image":{"@type":"ImageObject","inLanguage":"en","@id":"https:\/\/www.imobiliare.ro\/imoexpert\/#\/schema\/person\/image\/","url":"https:\/\/secure.gravatar.com\/avatar\/ba4762f7517e50e679ed7f11207102d1150120f2f5800c0da98f8a15305bf514?s=96&d=mm&r=g","contentUrl":"https:\/\/secure.gravatar.com\/avatar\/ba4762f7517e50e679ed7f11207102d1150120f2f5800c0da98f8a15305bf514?s=96&d=mm&r=g","caption":"Adriana Dr\u0103gu\u0219in"},"jobTitle":"Editor","url":"https:\/\/www.imobiliare.ro\/imoexpert\/author\/adriana-dragusin\/"}]}},"_links":{"self":[{"href":"https:\/\/www.imobiliare.ro\/imoexpert\/wp-json\/wp\/v2\/posts\/57497","targetHints":{"allow":["GET"]}}],"collection":[{"href":"https:\/\/www.imobiliare.ro\/imoexpert\/wp-json\/wp\/v2\/posts"}],"about":[{"href":"https:\/\/www.imobiliare.ro\/imoexpert\/wp-json\/wp\/v2\/types\/post"}],"author":[{"embeddable":true,"href":"https:\/\/www.imobiliare.ro\/imoexpert\/wp-json\/wp\/v2\/users\/829"}],"replies":[{"embeddable":true,"href":"https:\/\/www.imobiliare.ro\/imoexpert\/wp-json\/wp\/v2\/comments?post=57497"}],"version-history":[{"count":0,"href":"https:\/\/www.imobiliare.ro\/imoexpert\/wp-json\/wp\/v2\/posts\/57497\/revisions"}],"wp:featuredmedia":[{"embeddable":true,"href":"https:\/\/www.imobiliare.ro\/imoexpert\/wp-json\/wp\/v2\/media\/57499"}],"wp:attachment":[{"href":"https:\/\/www.imobiliare.ro\/imoexpert\/wp-json\/wp\/v2\/media?parent=57497"}],"wp:term":[{"taxonomy":"category","embeddable":true,"href":"https:\/\/www.imobiliare.ro\/imoexpert\/wp-json\/wp\/v2\/categories?post=57497"},{"taxonomy":"post_tag","embeddable":true,"href":"https:\/\/www.imobiliare.ro\/imoexpert\/wp-json\/wp\/v2\/tags?post=57497"},{"taxonomy":"content_author","embeddable":true,"href":"https:\/\/www.imobiliare.ro\/imoexpert\/wp-json\/wp\/v2\/content_author?post=57497"}],"curies":[{"name":"wp","href":"https:\/\/api.w.org\/{rel}","templated":true}]}}