{"id":57955,"date":"2020-03-13T18:34:18","date_gmt":"2020-03-13T16:34:18","guid":{"rendered":"https:\/\/www.imobiliare.ro\/imoexpert\/?p=57955"},"modified":"2020-03-13T18:34:18","modified_gmt":"2020-03-13T16:34:18","slug":"proiectul-o-familie-o-casa-revine-in-scena-cu-ceva-modificari-a-trecut-de-camera-deputatilor-ar-urma-avizul-presedintelui","status":"publish","type":"post","link":"https:\/\/www.imobiliare.ro\/imoexpert\/proiectul-o-familie-o-casa-revine-in-scena-cu-ceva-modificari-a-trecut-de-camera-deputatilor-ar-urma-avizul-presedintelui_db\/","title":{"rendered":"Proiectul \u201eO familie, o cas\u0103\u201d revine \u00een scen\u0103, cu ceva modific\u0103ri: a trecut de Camera Deputa\u021bilor, ar urma avizul Pre\u0219edintelui"},"content":{"rendered":"<p><a class=\"article-body-links\"href=\"https:\/\/www.imobiliare.ro\/imoexpert\/wp-content\/uploads\/2020\/03\/Proiectul-O-familie-o-casa-revine-in-scena-cu-ceva-modificari-a-trecut-de-Camera-Deputatilor-ar-urma-avizul-Presedintelui-0.jpg\"><img loading=\"lazy\" decoding=\"async\" src=\"https:\/\/www.imobiliare.ro\/imoexpert\/wp-content\/uploads\/2020\/03\/Proiectul-O-familie-o-casa-revine-in-scena-cu-ceva-modificari-a-trecut-de-Camera-Deputatilor-ar-urma-avizul-Presedintelui-0.jpg\" alt=\"\" width=\"800\" height=\"478\" class=\"aligncenter size-full wp-image-57965\" srcset=\"https:\/\/www.imobiliare.ro\/imoexpert\/wp-content\/uploads\/2020\/03\/Proiectul-O-familie-o-casa-revine-in-scena-cu-ceva-modificari-a-trecut-de-Camera-Deputatilor-ar-urma-avizul-Presedintelui-0.jpg 800w, https:\/\/www.imobiliare.ro\/imoexpert\/wp-content\/uploads\/2020\/03\/Proiectul-O-familie-o-casa-revine-in-scena-cu-ceva-modificari-a-trecut-de-Camera-Deputatilor-ar-urma-avizul-Presedintelui-0-300x179.jpg 300w, https:\/\/www.imobiliare.ro\/imoexpert\/wp-content\/uploads\/2020\/03\/Proiectul-O-familie-o-casa-revine-in-scena-cu-ceva-modificari-a-trecut-de-Camera-Deputatilor-ar-urma-avizul-Presedintelui-0-768x459.jpg 768w\" sizes=\"auto, (max-width: 800px) 100vw, 800px\" \/><\/a><\/p>\n<div id=\"ez-toc-container\" class=\"ez-toc-v2_0_81 counter-hierarchy ez-toc-counter ez-toc-grey ez-toc-container-direction\">\n<p class=\"ez-toc-title\" style=\"cursor:inherit\">Table of Contents<\/p>\n<label for=\"ez-toc-cssicon-toggle-item-69f1b5d8d5667\" class=\"ez-toc-cssicon-toggle-label\"><span class=\"ez-toc-cssicon\"><span class=\"eztoc-hide\" style=\"display:none;\">Toggle<\/span><span class=\"ez-toc-icon-toggle-span\"><svg style=\"fill: #999;color:#999\" xmlns=\"http:\/\/www.w3.org\/2000\/svg\" class=\"list-377408\" width=\"20px\" height=\"20px\" viewBox=\"0 0 24 24\" fill=\"none\"><path d=\"M6 6H4v2h2V6zm14 0H8v2h12V6zM4 11h2v2H4v-2zm16 0H8v2h12v-2zM4 16h2v2H4v-2zm16 0H8v2h12v-2z\" fill=\"currentColor\"><\/path><\/svg><svg style=\"fill: #999;color:#999\" class=\"arrow-unsorted-368013\" xmlns=\"http:\/\/www.w3.org\/2000\/svg\" width=\"10px\" height=\"10px\" viewBox=\"0 0 24 24\" version=\"1.2\" baseProfile=\"tiny\"><path d=\"M18.2 9.3l-6.2-6.3-6.2 6.3c-.2.2-.3.4-.3.7s.1.5.3.7c.2.2.4.3.7.3h11c.3 0 .5-.1.7-.3.2-.2.3-.5.3-.7s-.1-.5-.3-.7zM5.8 14.7l6.2 6.3 6.2-6.3c.2-.2.3-.5.3-.7s-.1-.5-.3-.7c-.2-.2-.4-.3-.7-.3h-11c-.3 0-.5.1-.7.3-.2.2-.3.5-.3.7s.1.5.3.7z\"\/><\/svg><\/span><\/span><\/label><input type=\"checkbox\"  id=\"ez-toc-cssicon-toggle-item-69f1b5d8d5667\"  aria-label=\"Toggle\" \/><nav><ul class='ez-toc-list ez-toc-list-level-1 ' ><li class='ez-toc-page-1 ez-toc-heading-level-2'><a class=\"ez-toc-link ez-toc-heading-1\" href=\"https:\/\/www.imobiliare.ro\/imoexpert\/proiectul-o-familie-o-casa-revine-in-scena-cu-ceva-modificari-a-trecut-de-camera-deputatilor-ar-urma-avizul-presedintelui_db\/#Desi_lucrurile_pareau_sa_se_fi_linistit_la_acest_capitol_programul_Prima_Casa_se_vede_iarasi_pus_sub_semnul_intrebarii_%E2%80%93_nu_in_ceea_ce_priveste_continuitatea_sa_ci_in_privinta_conditiilor_impuse_beneficiarilor\" >De\u0219i lucrurile p\u0103reau s\u0103 se fi lini\u0219tit la acest capitol, programul Prima Cas\u0103 se vede iar\u0103\u0219i pus sub semnul \u00eentreb\u0103rii \u2013 nu \u00een ceea ce prive\u0219te continuitatea sa, ci \u00een privin\u021ba condi\u021biilor impuse beneficiarilor.<\/a><\/li><li class='ez-toc-page-1 ez-toc-heading-level-2'><a class=\"ez-toc-link ez-toc-heading-2\" href=\"https:\/\/www.imobiliare.ro\/imoexpert\/proiectul-o-familie-o-casa-revine-in-scena-cu-ceva-modificari-a-trecut-de-camera-deputatilor-ar-urma-avizul-presedintelui_db\/#Schimbari_fata_de_Prima_Casa_vechi_si_noi\" >Schimb\u0103ri fa\u021b\u0103 de Prima Cas\u0103: vechi \u0219i noi<\/a><\/li><li class='ez-toc-page-1 ez-toc-heading-level-2'><a class=\"ez-toc-link ez-toc-heading-3\" href=\"https:\/\/www.imobiliare.ro\/imoexpert\/proiectul-o-familie-o-casa-revine-in-scena-cu-ceva-modificari-a-trecut-de-camera-deputatilor-ar-urma-avizul-presedintelui_db\/#Un_proiect_considerat_%E2%80%9Eneinteresant%E2%80%9D\" >Un proiect considerat \u201eneinteresant\u201d?<\/a><\/li><li class='ez-toc-page-1 ez-toc-heading-level-2'><a class=\"ez-toc-link ez-toc-heading-4\" href=\"https:\/\/www.imobiliare.ro\/imoexpert\/proiectul-o-familie-o-casa-revine-in-scena-cu-ceva-modificari-a-trecut-de-camera-deputatilor-ar-urma-avizul-presedintelui_db\/#Mai_multe_fonduri_pentru_cei_care_nu_pot_accesa_un_credit_standard\" >Mai multe fonduri pentru cei care nu pot accesa un credit standard<\/a><\/li><\/ul><\/nav><\/div>\n<h2><span class=\"ez-toc-section\" id=\"Desi_lucrurile_pareau_sa_se_fi_linistit_la_acest_capitol_programul_Prima_Casa_se_vede_iarasi_pus_sub_semnul_intrebarii_%E2%80%93_nu_in_ceea_ce_priveste_continuitatea_sa_ci_in_privinta_conditiilor_impuse_beneficiarilor\"><\/span>De\u0219i lucrurile p\u0103reau s\u0103 se fi lini\u0219tit la acest capitol, programul Prima Cas\u0103 se vede iar\u0103\u0219i pus sub semnul \u00eentreb\u0103rii \u2013 nu \u00een ceea ce prive\u0219te continuitatea sa, ci \u00een privin\u021ba condi\u021biilor impuse beneficiarilor.<span class=\"ez-toc-section-end\"><\/span><\/h2>\n<p>De\u0219i p\u0103rea s\u0103 fi ie\u0219it definitiv din sfera de interes a conduc\u0103torilor \u021b\u0103rii, iat\u0103 c\u0103 proiectul de lege referitor la programul <strong>O familie, o cas\u0103<\/strong> revine pe scena public\u0103. R\u0103mas \u00een stand-by vreme de mai bine de patru luni, acesta a fost repus \u00een mi\u0219care s\u0103pt\u0103m\u00e2na aceasta: pe data de 10 martie, proiectul a fost adoptat de Camera Deputa\u021bilor, potrivit site-ului oficial al acesteia. Documentul urmeaz\u0103 s\u0103 fie trimis apoi c\u0103tre Pre\u0219edintele Rom\u00e2niei, pentru promulgare.<\/p>\n<p><strong>Cite\u0219te \u0219i: <a class=\"article-body-links\"href=\"https:\/\/www.imobiliare.ro\/imoexpert\/epopeea-continua-si-in-2020-sa-fie-prima-casa-dar-nu-orice-fel-de-prima-casa-la-oricine_db\/\">Epopeea continu\u0103 (\u0219i) \u00een 2020: \u201eS\u0103 fie Prima Cas\u0103 \u2013 dar nu orice fel de \u00abprim\u0103 cas\u0103\u00bb, la oricine!\u201d<\/a><\/strong><\/p>\n<h2><span class=\"ez-toc-section\" id=\"Schimbari_fata_de_Prima_Casa_vechi_si_noi\"><\/span>Schimb\u0103ri fa\u021b\u0103 de Prima Cas\u0103: vechi \u0219i noi<span class=\"ez-toc-section-end\"><\/span><\/h2>\n<p>Noul program ar urma s\u0103 ia locul longevivului Prima Cas\u0103, disting\u00e2ndu-se de acesta printr-un caracter social mai accentuat. Astfel, una dintre principalele modific\u0103ri aduse de noul program ar fi introducerea unui prag maxim de venit pentru beneficiari, anume 4.500 de lei pentru persoanele sau familiile f\u0103r\u0103 copii \u0219i, respectiv, 7.000 de lei pentru familiile cu unul sau mai mul\u0163i copii. <\/p>\n<p><strong>\u00cen plus, textul ini\u021bial al proiectului de lege a fost modificat pentru a fi mai accesibil  persoanelor care fac pare dintr-un grup vulnerabil (definit conform art. 6 din Legea nr. 292\/2011): creditele accesate de c\u0103tre persoanele incluse \u00een aceast\u0103 categorie pot fi garantate de c\u0103tre stat \u00een procent de p\u00e2n\u0103 la 100% din valoarea finan\u0163\u0103rii (except\u00e2nd dob\u00e2nzile, comisioanele \u015fi spezele bancare).<\/strong> <\/p>\n<p>O limitare intervine \u0219i la pre\u0163ul unei locuin\u0163e achizi\u021bionate prin noul program, care va fi de maximum 70.000 de euro (echivalent lei) la cursul BNR valabil la data \u00eencheierii contractului de v\u00e2nzare-cump\u0103rare, \u00een vreme ce valoarea finan\u0163\u0103rii garantate este de maximum 66.500 de euro (echivalent lei). Avansul minim pentru un credit (co)garantat de c\u0103tre stat r\u0103m\u00e2ne de 5% din pre\u0163ul de achizi\u0163ie a locuin\u0163ei. <\/p>\n<p>Proiectul de lege mai prevede \u0219i acordarea urm\u0103toarelor subven\u0163ii de dob\u00e2nd\u0103: reducerea ratei dob\u00e2nzii creditului garantat cu 0,5 puncte procentuale (pentru familiile cu un singur copil) \u0219i, respectiv, cu un punct procentual (pentru familiile cu doi sau mai mul\u0163i copii). <strong>O nou\u0103 prevedere este reducerea ratei de dob\u00e2nd\u0103 cu dou\u0103 puncte procentuale pentru persoanele care fac pare dintr-un grup vulnerabil.<\/strong> <\/p>\n<p><strong>Cite\u0219te \u0219i:<br \/>\n<a class=\"article-body-links\"href=\"https:\/\/www.imobiliare.ro\/imoexpert\/metamorfoza-primei-case-de-la-posibilitatea-ridicarii-plafonului-de-garantare-la-limitarea-veniturilor_db\/\">\u201eMetamorfoza\u201d Primei Case: de la posibilitatea ridic\u0103rii plafonului de garantare, la limitarea veniturilor<\/a><br \/>\n<a class=\"article-body-links\"href=\"https:\/\/www.imobiliare.ro\/imoexpert\/vrei-un-apartament-cu-mai-mult-de-doua-camere-vei-fi-probabil-afectat-de-noul-program-o-familie-o-casa_db\/\">Vrei un apartament cu mai mult de dou\u0103 camere? Vei fi, probabil, afectat de noul program \u201eO familie, o cas\u0103\u201d<\/a><\/strong><\/p>\n<h2><span class=\"ez-toc-section\" id=\"Un_proiect_considerat_%E2%80%9Eneinteresant%E2%80%9D\"><\/span>Un proiect considerat \u201eneinteresant\u201d?<span class=\"ez-toc-section-end\"><\/span><\/h2>\n<p>Readucerea pe masa Parlamentului a acestui proiect de lege vine \u00een contextul \u00een care, la finele anului trecut, Ministrul Finan\u021belor Florin C\u00ee\u021bu declara c\u0103 Guvernul (de factur\u0103 liberal\u0103) nu inten\u021biona s\u0103 duc\u0103 mai departe aceast\u0103 ini\u021biativ\u0103, venit\u0103 din partea Partidului Social Democrat (PSD). \u201e\u00cen trei ani de zile, am v\u0103zut toate proiectele PSD \u0219i nu cred c\u0103 a existat un proiect PSD care s\u0103-mi fi st\u00e2rnit interesul a\u0219a de mult \u00eenc\u00e2t s\u0103-l folosesc. Nici acest proiect nu va fi interesant pentru noi\u201d, ar\u0103ta acesta, citat de <strong><a class=\"article-body-links\"href=\"https:\/\/www.mediafax.ro\/\">Mediafax<\/a><\/strong>.<\/p>\n<p><strong>Cite\u0219te \u0219i: <a class=\"article-body-links\"href=\"https:\/\/www.imobiliare.ro\/imoexpert\/prima-casa-din-nou-in-cumpana-varianta-o-familie-o-casa-e-pulverizata-nu-ar-fi-interesanta-pentru-actualul-guvern_db\/\">Prima Cas\u0103, din nou \u00een cump\u0103n\u0103. Varianta \u201eO familie, o cas\u0103\u201d e pulverizat\u0103: nu ar fi \u201einteresant\u0103\u201d pentru actualul Guvern<\/a><\/strong><\/p>\n<p>Spre finele lunii ianuarie, reprezentan\u021bii Guvernului d\u0103deau, totu\u0219i, asigur\u0103ri c\u0103 programul Prima Cas\u0103 avea s\u0103 mearg\u0103 mai departe \u0219i \u00een 2020, av\u00e2nd prev\u0103zut un plafon de (circa) dou\u0103 miliarde de lei. Ace\u0219tia l\u0103sau, totu\u0219i, de \u00een\u021beles c\u0103 condi\u021biile de func\u021bionare a programului puteau fi modificate. <\/p>\n<p><strong>Cite\u0219te \u0219i: <a class=\"article-body-links\"href=\"https:\/\/www.imobiliare.ro\/imoexpert\/asigurari-pe-doua-fronturi-din-partea-guvernului-prima-casa-merge-mai-departe-plafon-de-doua-miliarde-de-lei-pentru-2020_db\/\">Asigur\u0103ri pe dou\u0103 fronturi din partea Guvernului: Prima Cas\u0103 merge mai departe. Plafon de dou\u0103 miliarde de lei pentru 2020<\/a><\/strong><\/p>\n<h2><span class=\"ez-toc-section\" id=\"Mai_multe_fonduri_pentru_cei_care_nu_pot_accesa_un_credit_standard\"><\/span>Mai multe fonduri pentru cei care nu pot accesa un credit standard <span class=\"ez-toc-section-end\"><\/span><\/h2>\n<p>Ini\u021biativa legislativ\u0103 de transformare a programului Prima Cas\u0103 \u00een <strong>O familie, o cas\u0103<\/strong> a venit \u00een septembrie 2019, din partea Ministrului Finan\u021belor de atunci, Eugen Teodorovici. \u00cen nota de fundamentare a documentului citat se ar\u0103ta c\u0103, potrivit datelor furnizate de Banca Na\u021bional\u0103 a Rom\u00e2niei, volumul \u00eemprumuturilor acordate prin Programul Prima Cas\u0103 c\u0103p\u0103tase o \u201edimensiune sistemic\u0103\u201d \u2013 acesta ajung\u00e2nd s\u0103 reprezinte 45% din stocul creditelor ipotecare (34 miliarde lei, \u00een martie 2019), respectiv 31% din fluxul de credite ipotecare noi (3,8 miliarde lei, flux cumulat pe o perioad\u0103 de 12 luni p\u00e2n\u0103 la martie 2019). \u201e\u00cen acest context, Consiliul General al Comitetului Na\u021bional pentru Supravegherea Macropruden\u021bial\u0103 (CNSM) a emis Recomandarea nr. R\/1\/2018, adresat\u0103 Guvernului Rom\u00e2niei, \u00een vederea recalibr\u0103rii programului \u00abPrima Cas\u0103\u00bb din punct de vedere social, prin revizuirea condi\u021biilor de accesare a acestui program, cu men\u021binerea unui grad de \u00eendatorare sustenabil. Conform recomand\u0103rii CNSM, este necesar\u0103 reorientarea programului c\u0103tre persoanele cu venit p\u00e2n\u0103 \u00eentr-un anumit plafon, asigur\u00e2nd astfel o disponibilitate mai mare a fondurilor pentru persoane care nu pot accesa un \u00eemprumut imobiliar standard\u201d, se ar\u0103ta \u00een document. <\/p>\n","protected":false},"excerpt":{"rendered":"<p>De\u0219i lucrurile p\u0103reau s\u0103 se fi lini\u0219tit la acest capitol, programul Prima Cas\u0103 se vede iar\u0103\u0219i pus sub semnul \u00eentreb\u0103rii \u2013 nu \u00een ceea ce prive\u0219te continuitatea sa, ci \u00een privin\u021ba condi\u021biilor impuse beneficiarilor. De\u0219i p\u0103rea s\u0103 fi ie\u0219it definitiv din sfera de interes a conduc\u0103torilor \u021b\u0103rii, iat\u0103 c\u0103 proiectul de lege referitor la programul [&hellip;]<\/p>\n","protected":false},"author":829,"featured_media":57965,"comment_status":"open","ping_status":"open","sticky":false,"template":"","format":"standard","meta":{"footnotes":""},"categories":[263,259],"tags":[294,1347,1410,1847,1548,1411,451],"content_author":[],"class_list":["post-57955","post","type-post","status-publish","format-standard","has-post-thumbnail","hentry","category-credite","category-stiri","tag-credite-2","tag-credite-ipotecare","tag-newsletter","tag-o-familie-o-casa","tag-prima-casa","tag-principal","tag-proprietar"],"yoast_head":"<!-- This site is optimized with the Yoast SEO Premium plugin v27.0 (Yoast SEO v27.0) - https:\/\/yoast.com\/product\/yoast-seo-premium-wordpress\/ -->\n<title>Proiectul \u201eO familie, o cas\u0103\u201d revine \u00een scen\u0103, cu ceva modific\u0103ri: a trecut de Camera Deputa\u021bilor, ar urma avizul Pre\u0219edintelui - Credite, \u0218tiri - ImoExpert<\/title>\n<meta name=\"description\" content=\"De\u0219i lucrurile p\u0103reau s\u0103 se fi lini\u0219tit la acest capitol, programul Prima Cas\u0103 se vede iar\u0103\u0219i pus sub semnul \u00eentreb\u0103rii \u2013 nu \u00een ceea ce prive\u0219te\" \/>\n<meta name=\"robots\" content=\"index, follow\" \/>\n<link rel=\"canonical\" href=\"https:\/\/www.imobiliare.ro\/imoexpert\/proiectul-o-familie-o-casa-revine-in-scena-cu-ceva-modificari-a-trecut-de-camera-deputatilor-ar-urma-avizul-presedintelui_db\/\" \/>\n<meta property=\"og:locale\" content=\"ro_RO\" \/>\n<meta property=\"og:type\" content=\"article\" \/>\n<meta property=\"og:title\" content=\"Proiectul \u201eO familie, o cas\u0103\u201d revine \u00een scen\u0103, cu ceva modific\u0103ri: a trecut de Camera Deputa\u021bilor, ar urma avizul Pre\u0219edintelui\" \/>\n<meta property=\"og:description\" content=\"De\u0219i lucrurile p\u0103reau s\u0103 se fi lini\u0219tit la acest capitol, programul Prima Cas\u0103 se vede iar\u0103\u0219i pus sub semnul \u00eentreb\u0103rii \u2013 nu \u00een ceea ce prive\u0219te\" \/>\n<meta property=\"og:url\" content=\"https:\/\/www.imobiliare.ro\/imoexpert\/proiectul-o-familie-o-casa-revine-in-scena-cu-ceva-modificari-a-trecut-de-camera-deputatilor-ar-urma-avizul-presedintelui_db\/\" \/>\n<meta property=\"og:site_name\" content=\"ImoExpert\" \/>\n<meta property=\"article:published_time\" content=\"2020-03-13T16:34:18+00:00\" \/>\n<meta property=\"og:image\" content=\"https:\/\/www.imobiliare.ro\/imoexpert\/wp-content\/uploads\/2020\/03\/Proiectul-O-familie-o-casa-revine-in-scena-cu-ceva-modificari-a-trecut-de-Camera-Deputatilor-ar-urma-avizul-Presedintelui-0.jpg\" \/>\n\t<meta property=\"og:image:width\" content=\"800\" \/>\n\t<meta property=\"og:image:height\" content=\"478\" \/>\n\t<meta property=\"og:image:type\" content=\"image\/jpeg\" \/>\n<meta name=\"author\" content=\"Adriana Dr\u0103gu\u0219in\" \/>\n<meta name=\"twitter:card\" content=\"summary_large_image\" \/>\n<meta name=\"twitter:label1\" content=\"Written by\" \/>\n\t<meta name=\"twitter:data1\" content=\"Adriana Dr\u0103gu\u0219in\" \/>\n\t<meta name=\"twitter:label2\" content=\"Est. reading time\" \/>\n\t<meta name=\"twitter:data2\" content=\"4 minute\" \/>\n<script type=\"application\/ld+json\" class=\"yoast-schema-graph\">{\"@context\":\"https:\/\/schema.org\",\"@graph\":[{\"@type\":\"Article\",\"@id\":\"https:\/\/www.imobiliare.ro\/imoexpert\/proiectul-o-familie-o-casa-revine-in-scena-cu-ceva-modificari-a-trecut-de-camera-deputatilor-ar-urma-avizul-presedintelui_db\/#article\",\"isPartOf\":{\"@id\":\"https:\/\/www.imobiliare.ro\/imoexpert\/proiectul-o-familie-o-casa-revine-in-scena-cu-ceva-modificari-a-trecut-de-camera-deputatilor-ar-urma-avizul-presedintelui_db\/\"},\"author\":{\"name\":\"Adriana Dr\u0103gu\u0219in\",\"@id\":\"https:\/\/www.imobiliare.ro\/imoexpert\/#\/schema\/person\/8c13b0297075010b896471fabf0d7790\"},\"headline\":\"Proiectul \u201eO familie, o cas\u0103\u201d revine \u00een scen\u0103, cu ceva modific\u0103ri: a trecut de Camera Deputa\u021bilor, ar urma avizul Pre\u0219edintelui\",\"datePublished\":\"2020-03-13T16:34:18+00:00\",\"mainEntityOfPage\":{\"@id\":\"https:\/\/www.imobiliare.ro\/imoexpert\/proiectul-o-familie-o-casa-revine-in-scena-cu-ceva-modificari-a-trecut-de-camera-deputatilor-ar-urma-avizul-presedintelui_db\/\"},\"wordCount\":888,\"commentCount\":1,\"publisher\":{\"@id\":\"https:\/\/www.imobiliare.ro\/imoexpert\/#organization\"},\"image\":{\"@id\":\"https:\/\/www.imobiliare.ro\/imoexpert\/proiectul-o-familie-o-casa-revine-in-scena-cu-ceva-modificari-a-trecut-de-camera-deputatilor-ar-urma-avizul-presedintelui_db\/#primaryimage\"},\"thumbnailUrl\":\"https:\/\/www.imobiliare.ro\/imoexpert\/wp-content\/uploads\/2020\/03\/Proiectul-O-familie-o-casa-revine-in-scena-cu-ceva-modificari-a-trecut-de-Camera-Deputatilor-ar-urma-avizul-Presedintelui-0.jpg\",\"keywords\":[\"credite\",\"credite ipotecare\",\"newsletter\",\"O familie o cas\u0103\",\"Prima Cas\u0103\",\"principal\",\"proprietar\"],\"articleSection\":[\"Credite\",\"\u0218tiri\"],\"inLanguage\":\"en\",\"potentialAction\":[{\"@type\":\"CommentAction\",\"name\":\"Comment\",\"target\":[\"https:\/\/www.imobiliare.ro\/imoexpert\/proiectul-o-familie-o-casa-revine-in-scena-cu-ceva-modificari-a-trecut-de-camera-deputatilor-ar-urma-avizul-presedintelui_db\/#respond\"]}],\"copyrightYear\":\"2020\",\"copyrightHolder\":{\"@id\":\"https:\/\/www.imobiliare.ro\/imoexpert\/#organization\"}},{\"@type\":\"WebPage\",\"@id\":\"https:\/\/www.imobiliare.ro\/imoexpert\/proiectul-o-familie-o-casa-revine-in-scena-cu-ceva-modificari-a-trecut-de-camera-deputatilor-ar-urma-avizul-presedintelui_db\/\",\"url\":\"https:\/\/www.imobiliare.ro\/imoexpert\/proiectul-o-familie-o-casa-revine-in-scena-cu-ceva-modificari-a-trecut-de-camera-deputatilor-ar-urma-avizul-presedintelui_db\/\",\"name\":\"Proiectul \u201eO familie, o cas\u0103\u201d revine \u00een scen\u0103, cu ceva modific\u0103ri: a trecut de Camera Deputa\u021bilor, ar urma avizul Pre\u0219edintelui - Credite, \u0218tiri - ImoExpert\",\"isPartOf\":{\"@id\":\"https:\/\/www.imobiliare.ro\/imoexpert\/#website\"},\"primaryImageOfPage\":{\"@id\":\"https:\/\/www.imobiliare.ro\/imoexpert\/proiectul-o-familie-o-casa-revine-in-scena-cu-ceva-modificari-a-trecut-de-camera-deputatilor-ar-urma-avizul-presedintelui_db\/#primaryimage\"},\"image\":{\"@id\":\"https:\/\/www.imobiliare.ro\/imoexpert\/proiectul-o-familie-o-casa-revine-in-scena-cu-ceva-modificari-a-trecut-de-camera-deputatilor-ar-urma-avizul-presedintelui_db\/#primaryimage\"},\"thumbnailUrl\":\"https:\/\/www.imobiliare.ro\/imoexpert\/wp-content\/uploads\/2020\/03\/Proiectul-O-familie-o-casa-revine-in-scena-cu-ceva-modificari-a-trecut-de-Camera-Deputatilor-ar-urma-avizul-Presedintelui-0.jpg\",\"datePublished\":\"2020-03-13T16:34:18+00:00\",\"description\":\"De\u0219i lucrurile p\u0103reau s\u0103 se fi lini\u0219tit la acest capitol, programul Prima Cas\u0103 se vede iar\u0103\u0219i pus sub semnul \u00eentreb\u0103rii \u2013 nu \u00een ceea ce prive\u0219te\",\"breadcrumb\":{\"@id\":\"https:\/\/www.imobiliare.ro\/imoexpert\/proiectul-o-familie-o-casa-revine-in-scena-cu-ceva-modificari-a-trecut-de-camera-deputatilor-ar-urma-avizul-presedintelui_db\/#breadcrumb\"},\"inLanguage\":\"en\",\"potentialAction\":[{\"@type\":\"ReadAction\",\"target\":[\"https:\/\/www.imobiliare.ro\/imoexpert\/proiectul-o-familie-o-casa-revine-in-scena-cu-ceva-modificari-a-trecut-de-camera-deputatilor-ar-urma-avizul-presedintelui_db\/\"]}]},{\"@type\":\"ImageObject\",\"inLanguage\":\"en\",\"@id\":\"https:\/\/www.imobiliare.ro\/imoexpert\/proiectul-o-familie-o-casa-revine-in-scena-cu-ceva-modificari-a-trecut-de-camera-deputatilor-ar-urma-avizul-presedintelui_db\/#primaryimage\",\"url\":\"https:\/\/www.imobiliare.ro\/imoexpert\/wp-content\/uploads\/2020\/03\/Proiectul-O-familie-o-casa-revine-in-scena-cu-ceva-modificari-a-trecut-de-Camera-Deputatilor-ar-urma-avizul-Presedintelui-0.jpg\",\"contentUrl\":\"https:\/\/www.imobiliare.ro\/imoexpert\/wp-content\/uploads\/2020\/03\/Proiectul-O-familie-o-casa-revine-in-scena-cu-ceva-modificari-a-trecut-de-Camera-Deputatilor-ar-urma-avizul-Presedintelui-0.jpg\",\"width\":800,\"height\":478},{\"@type\":\"BreadcrumbList\",\"@id\":\"https:\/\/www.imobiliare.ro\/imoexpert\/proiectul-o-familie-o-casa-revine-in-scena-cu-ceva-modificari-a-trecut-de-camera-deputatilor-ar-urma-avizul-presedintelui_db\/#breadcrumb\",\"itemListElement\":[{\"@type\":\"ListItem\",\"position\":1,\"name\":\"Imoradar24\",\"item\":\"https:\/\/www.imoradar24.ro\"},{\"@type\":\"ListItem\",\"position\":2,\"name\":\"ImoExpert\",\"item\":\"https:\/\/www.imobiliare.ro\/imoexpert\/\"},{\"@type\":\"ListItem\",\"position\":3,\"name\":\"\u0218tiri\",\"item\":\"https:\/\/www.imobiliare.ro\/imoexpert\/stiri\/\"},{\"@type\":\"ListItem\",\"position\":4,\"name\":\"Proiectul \u201eO familie, o cas\u0103\u201d revine \u00een scen\u0103, cu ceva modific\u0103ri: a trecut de Camera Deputa\u021bilor, ar urma avizul Pre\u0219edintelui\"}]},{\"@type\":\"WebSite\",\"@id\":\"https:\/\/www.imobiliare.ro\/imoexpert\/#website\",\"url\":\"https:\/\/www.imobiliare.ro\/imoexpert\/\",\"name\":\"ImoExpert\",\"description\":\"cele mai importante \u015ftiri din domeniul imobiliar\",\"publisher\":{\"@id\":\"https:\/\/www.imobiliare.ro\/imoexpert\/#organization\"},\"inLanguage\":\"en\"},{\"@type\":\"Organization\",\"@id\":\"https:\/\/www.imobiliare.ro\/imoexpert\/#organization\",\"name\":\"Imobiliare.ro\",\"alternateName\":\"Realmedia Network SA\",\"url\":\"https:\/\/www.imobiliare.ro\/imoexpert\/\",\"logo\":{\"@type\":\"ImageObject\",\"inLanguage\":\"en\",\"@id\":\"https:\/\/www.imobiliare.ro\/imoexpert\/#\/schema\/logo\/image\/\",\"url\":\"https:\/\/www.imobiliare.ro\/imoexpert\/wp-content\/uploads\/2025\/05\/imobiliare_logo.png\",\"contentUrl\":\"https:\/\/www.imobiliare.ro\/imoexpert\/wp-content\/uploads\/2025\/05\/imobiliare_logo.png\",\"width\":237,\"height\":29,\"caption\":\"Imobiliare.ro\"},\"image\":{\"@id\":\"https:\/\/www.imobiliare.ro\/imoexpert\/#\/schema\/logo\/image\/\"}},{\"@type\":\"Person\",\"@id\":\"https:\/\/www.imobiliare.ro\/imoexpert\/#\/schema\/person\/8c13b0297075010b896471fabf0d7790\",\"name\":\"Adriana Dr\u0103gu\u0219in\",\"image\":{\"@type\":\"ImageObject\",\"inLanguage\":\"en\",\"@id\":\"https:\/\/www.imobiliare.ro\/imoexpert\/#\/schema\/person\/image\/\",\"url\":\"https:\/\/secure.gravatar.com\/avatar\/ba4762f7517e50e679ed7f11207102d1150120f2f5800c0da98f8a15305bf514?s=96&d=mm&r=g\",\"contentUrl\":\"https:\/\/secure.gravatar.com\/avatar\/ba4762f7517e50e679ed7f11207102d1150120f2f5800c0da98f8a15305bf514?s=96&d=mm&r=g\",\"caption\":\"Adriana Dr\u0103gu\u0219in\"},\"jobTitle\":\"Editor\",\"url\":\"https:\/\/www.imobiliare.ro\/imoexpert\/author\/adriana-dragusin\/\"}]}<\/script>\n<!-- \/ Yoast SEO Premium plugin. -->","yoast_head_json":{"title":"Proiectul \u201eO familie, o cas\u0103\u201d revine \u00een scen\u0103, cu ceva modific\u0103ri: a trecut de Camera Deputa\u021bilor, ar urma avizul Pre\u0219edintelui - Credite, \u0218tiri - ImoExpert","description":"De\u0219i lucrurile p\u0103reau s\u0103 se fi lini\u0219tit la acest capitol, programul Prima Cas\u0103 se vede iar\u0103\u0219i pus sub semnul \u00eentreb\u0103rii \u2013 nu \u00een ceea ce prive\u0219te","robots":{"index":"index","follow":"follow"},"canonical":"https:\/\/www.imobiliare.ro\/imoexpert\/proiectul-o-familie-o-casa-revine-in-scena-cu-ceva-modificari-a-trecut-de-camera-deputatilor-ar-urma-avizul-presedintelui_db\/","og_locale":"ro_RO","og_type":"article","og_title":"Proiectul \u201eO familie, o cas\u0103\u201d revine \u00een scen\u0103, cu ceva modific\u0103ri: a trecut de Camera Deputa\u021bilor, ar urma avizul Pre\u0219edintelui","og_description":"De\u0219i lucrurile p\u0103reau s\u0103 se fi lini\u0219tit la acest capitol, programul Prima Cas\u0103 se vede iar\u0103\u0219i pus sub semnul \u00eentreb\u0103rii \u2013 nu \u00een ceea ce prive\u0219te","og_url":"https:\/\/www.imobiliare.ro\/imoexpert\/proiectul-o-familie-o-casa-revine-in-scena-cu-ceva-modificari-a-trecut-de-camera-deputatilor-ar-urma-avizul-presedintelui_db\/","og_site_name":"ImoExpert","article_published_time":"2020-03-13T16:34:18+00:00","og_image":[{"width":800,"height":478,"url":"https:\/\/www.imobiliare.ro\/imoexpert\/wp-content\/uploads\/2020\/03\/Proiectul-O-familie-o-casa-revine-in-scena-cu-ceva-modificari-a-trecut-de-Camera-Deputatilor-ar-urma-avizul-Presedintelui-0.jpg","type":"image\/jpeg"}],"author":"Adriana Dr\u0103gu\u0219in","twitter_card":"summary_large_image","twitter_misc":{"Written by":"Adriana Dr\u0103gu\u0219in","Est. reading time":"4 minute"},"schema":{"@context":"https:\/\/schema.org","@graph":[{"@type":"Article","@id":"https:\/\/www.imobiliare.ro\/imoexpert\/proiectul-o-familie-o-casa-revine-in-scena-cu-ceva-modificari-a-trecut-de-camera-deputatilor-ar-urma-avizul-presedintelui_db\/#article","isPartOf":{"@id":"https:\/\/www.imobiliare.ro\/imoexpert\/proiectul-o-familie-o-casa-revine-in-scena-cu-ceva-modificari-a-trecut-de-camera-deputatilor-ar-urma-avizul-presedintelui_db\/"},"author":{"name":"Adriana Dr\u0103gu\u0219in","@id":"https:\/\/www.imobiliare.ro\/imoexpert\/#\/schema\/person\/8c13b0297075010b896471fabf0d7790"},"headline":"Proiectul \u201eO familie, o cas\u0103\u201d revine \u00een scen\u0103, cu ceva modific\u0103ri: a trecut de Camera Deputa\u021bilor, ar urma avizul Pre\u0219edintelui","datePublished":"2020-03-13T16:34:18+00:00","mainEntityOfPage":{"@id":"https:\/\/www.imobiliare.ro\/imoexpert\/proiectul-o-familie-o-casa-revine-in-scena-cu-ceva-modificari-a-trecut-de-camera-deputatilor-ar-urma-avizul-presedintelui_db\/"},"wordCount":888,"commentCount":1,"publisher":{"@id":"https:\/\/www.imobiliare.ro\/imoexpert\/#organization"},"image":{"@id":"https:\/\/www.imobiliare.ro\/imoexpert\/proiectul-o-familie-o-casa-revine-in-scena-cu-ceva-modificari-a-trecut-de-camera-deputatilor-ar-urma-avizul-presedintelui_db\/#primaryimage"},"thumbnailUrl":"https:\/\/www.imobiliare.ro\/imoexpert\/wp-content\/uploads\/2020\/03\/Proiectul-O-familie-o-casa-revine-in-scena-cu-ceva-modificari-a-trecut-de-Camera-Deputatilor-ar-urma-avizul-Presedintelui-0.jpg","keywords":["credite","credite ipotecare","newsletter","O familie o cas\u0103","Prima Cas\u0103","principal","proprietar"],"articleSection":["Credite","\u0218tiri"],"inLanguage":"en","potentialAction":[{"@type":"CommentAction","name":"Comment","target":["https:\/\/www.imobiliare.ro\/imoexpert\/proiectul-o-familie-o-casa-revine-in-scena-cu-ceva-modificari-a-trecut-de-camera-deputatilor-ar-urma-avizul-presedintelui_db\/#respond"]}],"copyrightYear":"2020","copyrightHolder":{"@id":"https:\/\/www.imobiliare.ro\/imoexpert\/#organization"}},{"@type":"WebPage","@id":"https:\/\/www.imobiliare.ro\/imoexpert\/proiectul-o-familie-o-casa-revine-in-scena-cu-ceva-modificari-a-trecut-de-camera-deputatilor-ar-urma-avizul-presedintelui_db\/","url":"https:\/\/www.imobiliare.ro\/imoexpert\/proiectul-o-familie-o-casa-revine-in-scena-cu-ceva-modificari-a-trecut-de-camera-deputatilor-ar-urma-avizul-presedintelui_db\/","name":"Proiectul \u201eO familie, o cas\u0103\u201d revine \u00een scen\u0103, cu ceva modific\u0103ri: a trecut de Camera Deputa\u021bilor, ar urma avizul Pre\u0219edintelui - Credite, \u0218tiri - ImoExpert","isPartOf":{"@id":"https:\/\/www.imobiliare.ro\/imoexpert\/#website"},"primaryImageOfPage":{"@id":"https:\/\/www.imobiliare.ro\/imoexpert\/proiectul-o-familie-o-casa-revine-in-scena-cu-ceva-modificari-a-trecut-de-camera-deputatilor-ar-urma-avizul-presedintelui_db\/#primaryimage"},"image":{"@id":"https:\/\/www.imobiliare.ro\/imoexpert\/proiectul-o-familie-o-casa-revine-in-scena-cu-ceva-modificari-a-trecut-de-camera-deputatilor-ar-urma-avizul-presedintelui_db\/#primaryimage"},"thumbnailUrl":"https:\/\/www.imobiliare.ro\/imoexpert\/wp-content\/uploads\/2020\/03\/Proiectul-O-familie-o-casa-revine-in-scena-cu-ceva-modificari-a-trecut-de-Camera-Deputatilor-ar-urma-avizul-Presedintelui-0.jpg","datePublished":"2020-03-13T16:34:18+00:00","description":"De\u0219i lucrurile p\u0103reau s\u0103 se fi lini\u0219tit la acest capitol, programul Prima Cas\u0103 se vede iar\u0103\u0219i pus sub semnul \u00eentreb\u0103rii \u2013 nu \u00een ceea ce prive\u0219te","breadcrumb":{"@id":"https:\/\/www.imobiliare.ro\/imoexpert\/proiectul-o-familie-o-casa-revine-in-scena-cu-ceva-modificari-a-trecut-de-camera-deputatilor-ar-urma-avizul-presedintelui_db\/#breadcrumb"},"inLanguage":"en","potentialAction":[{"@type":"ReadAction","target":["https:\/\/www.imobiliare.ro\/imoexpert\/proiectul-o-familie-o-casa-revine-in-scena-cu-ceva-modificari-a-trecut-de-camera-deputatilor-ar-urma-avizul-presedintelui_db\/"]}]},{"@type":"ImageObject","inLanguage":"en","@id":"https:\/\/www.imobiliare.ro\/imoexpert\/proiectul-o-familie-o-casa-revine-in-scena-cu-ceva-modificari-a-trecut-de-camera-deputatilor-ar-urma-avizul-presedintelui_db\/#primaryimage","url":"https:\/\/www.imobiliare.ro\/imoexpert\/wp-content\/uploads\/2020\/03\/Proiectul-O-familie-o-casa-revine-in-scena-cu-ceva-modificari-a-trecut-de-Camera-Deputatilor-ar-urma-avizul-Presedintelui-0.jpg","contentUrl":"https:\/\/www.imobiliare.ro\/imoexpert\/wp-content\/uploads\/2020\/03\/Proiectul-O-familie-o-casa-revine-in-scena-cu-ceva-modificari-a-trecut-de-Camera-Deputatilor-ar-urma-avizul-Presedintelui-0.jpg","width":800,"height":478},{"@type":"BreadcrumbList","@id":"https:\/\/www.imobiliare.ro\/imoexpert\/proiectul-o-familie-o-casa-revine-in-scena-cu-ceva-modificari-a-trecut-de-camera-deputatilor-ar-urma-avizul-presedintelui_db\/#breadcrumb","itemListElement":[{"@type":"ListItem","position":1,"name":"Imoradar24","item":"https:\/\/www.imoradar24.ro"},{"@type":"ListItem","position":2,"name":"ImoExpert","item":"https:\/\/www.imobiliare.ro\/imoexpert\/"},{"@type":"ListItem","position":3,"name":"\u0218tiri","item":"https:\/\/www.imobiliare.ro\/imoexpert\/stiri\/"},{"@type":"ListItem","position":4,"name":"Proiectul \u201eO familie, o cas\u0103\u201d revine \u00een scen\u0103, cu ceva modific\u0103ri: a trecut de Camera Deputa\u021bilor, ar urma avizul Pre\u0219edintelui"}]},{"@type":"WebSite","@id":"https:\/\/www.imobiliare.ro\/imoexpert\/#website","url":"https:\/\/www.imobiliare.ro\/imoexpert\/","name":"ImoExpert","description":"cele mai importante \u015ftiri din domeniul imobiliar","publisher":{"@id":"https:\/\/www.imobiliare.ro\/imoexpert\/#organization"},"inLanguage":"en"},{"@type":"Organization","@id":"https:\/\/www.imobiliare.ro\/imoexpert\/#organization","name":"Imobiliare.ro","alternateName":"Realmedia Network SA","url":"https:\/\/www.imobiliare.ro\/imoexpert\/","logo":{"@type":"ImageObject","inLanguage":"en","@id":"https:\/\/www.imobiliare.ro\/imoexpert\/#\/schema\/logo\/image\/","url":"https:\/\/www.imobiliare.ro\/imoexpert\/wp-content\/uploads\/2025\/05\/imobiliare_logo.png","contentUrl":"https:\/\/www.imobiliare.ro\/imoexpert\/wp-content\/uploads\/2025\/05\/imobiliare_logo.png","width":237,"height":29,"caption":"Imobiliare.ro"},"image":{"@id":"https:\/\/www.imobiliare.ro\/imoexpert\/#\/schema\/logo\/image\/"}},{"@type":"Person","@id":"https:\/\/www.imobiliare.ro\/imoexpert\/#\/schema\/person\/8c13b0297075010b896471fabf0d7790","name":"Adriana Dr\u0103gu\u0219in","image":{"@type":"ImageObject","inLanguage":"en","@id":"https:\/\/www.imobiliare.ro\/imoexpert\/#\/schema\/person\/image\/","url":"https:\/\/secure.gravatar.com\/avatar\/ba4762f7517e50e679ed7f11207102d1150120f2f5800c0da98f8a15305bf514?s=96&d=mm&r=g","contentUrl":"https:\/\/secure.gravatar.com\/avatar\/ba4762f7517e50e679ed7f11207102d1150120f2f5800c0da98f8a15305bf514?s=96&d=mm&r=g","caption":"Adriana Dr\u0103gu\u0219in"},"jobTitle":"Editor","url":"https:\/\/www.imobiliare.ro\/imoexpert\/author\/adriana-dragusin\/"}]}},"_links":{"self":[{"href":"https:\/\/www.imobiliare.ro\/imoexpert\/wp-json\/wp\/v2\/posts\/57955","targetHints":{"allow":["GET"]}}],"collection":[{"href":"https:\/\/www.imobiliare.ro\/imoexpert\/wp-json\/wp\/v2\/posts"}],"about":[{"href":"https:\/\/www.imobiliare.ro\/imoexpert\/wp-json\/wp\/v2\/types\/post"}],"author":[{"embeddable":true,"href":"https:\/\/www.imobiliare.ro\/imoexpert\/wp-json\/wp\/v2\/users\/829"}],"replies":[{"embeddable":true,"href":"https:\/\/www.imobiliare.ro\/imoexpert\/wp-json\/wp\/v2\/comments?post=57955"}],"version-history":[{"count":0,"href":"https:\/\/www.imobiliare.ro\/imoexpert\/wp-json\/wp\/v2\/posts\/57955\/revisions"}],"wp:featuredmedia":[{"embeddable":true,"href":"https:\/\/www.imobiliare.ro\/imoexpert\/wp-json\/wp\/v2\/media\/57965"}],"wp:attachment":[{"href":"https:\/\/www.imobiliare.ro\/imoexpert\/wp-json\/wp\/v2\/media?parent=57955"}],"wp:term":[{"taxonomy":"category","embeddable":true,"href":"https:\/\/www.imobiliare.ro\/imoexpert\/wp-json\/wp\/v2\/categories?post=57955"},{"taxonomy":"post_tag","embeddable":true,"href":"https:\/\/www.imobiliare.ro\/imoexpert\/wp-json\/wp\/v2\/tags?post=57955"},{"taxonomy":"content_author","embeddable":true,"href":"https:\/\/www.imobiliare.ro\/imoexpert\/wp-json\/wp\/v2\/content_author?post=57955"}],"curies":[{"name":"wp","href":"https:\/\/api.w.org\/{rel}","templated":true}]}}