{"id":58041,"date":"2020-03-23T20:39:58","date_gmt":"2020-03-23T18:39:58","guid":{"rendered":"https:\/\/www.imobiliare.ro\/imoexpert\/?p=58041"},"modified":"2020-03-23T20:39:58","modified_gmt":"2020-03-23T18:39:58","slug":"pulsul-imobiliarelor-in-contextul-covid-19-pe-termen-mediu-si-lung-societatea-nu-poate-sa-mearga-inainte-fara-ele","status":"publish","type":"post","link":"https:\/\/www.imobiliare.ro\/imoexpert\/pulsul-imobiliarelor-in-contextul-covid-19-pe-termen-mediu-si-lung-societatea-nu-poate-sa-mearga-inainte-fara-ele_db\/","title":{"rendered":"\u201ePulsul\u201d imobiliarelor \u00een contextul COVID-19: pe termen mediu \u0219i lung, societatea nu poate s\u0103 mearg\u0103 \u00eenainte f\u0103r\u0103 ele!"},"content":{"rendered":"<p><a class=\"article-body-links\"href=\"https:\/\/www.imobiliare.ro\/imoexpert\/wp-content\/uploads\/2020\/03\/Pulsul-imobiliarelor-in-contextul-COVID-19-pe-termen-mediu-si-lung-societatea-nu-poate-merge-inainte-fara-ele.jpg\"><img loading=\"lazy\" decoding=\"async\" class=\"aligncenter size-full wp-image-58042\" src=\"https:\/\/www.imobiliare.ro\/imoexpert\/wp-content\/uploads\/2020\/03\/Pulsul-imobiliarelor-in-contextul-COVID-19-pe-termen-mediu-si-lung-societatea-nu-poate-merge-inainte-fara-ele.jpg\" alt=\"\" width=\"800\" height=\"533\" srcset=\"https:\/\/www.imobiliare.ro\/imoexpert\/wp-content\/uploads\/2020\/03\/Pulsul-imobiliarelor-in-contextul-COVID-19-pe-termen-mediu-si-lung-societatea-nu-poate-merge-inainte-fara-ele.jpg 800w, https:\/\/www.imobiliare.ro\/imoexpert\/wp-content\/uploads\/2020\/03\/Pulsul-imobiliarelor-in-contextul-COVID-19-pe-termen-mediu-si-lung-societatea-nu-poate-merge-inainte-fara-ele-300x200.jpg 300w, https:\/\/www.imobiliare.ro\/imoexpert\/wp-content\/uploads\/2020\/03\/Pulsul-imobiliarelor-in-contextul-COVID-19-pe-termen-mediu-si-lung-societatea-nu-poate-merge-inainte-fara-ele-768x512.jpg 768w\" sizes=\"auto, (max-width: 800px) 100vw, 800px\" \/><\/a><\/p>\n<div id=\"ez-toc-container\" class=\"ez-toc-v2_0_81 counter-hierarchy ez-toc-counter ez-toc-grey ez-toc-container-direction\">\n<p class=\"ez-toc-title\" style=\"cursor:inherit\">Table of Contents<\/p>\n<label for=\"ez-toc-cssicon-toggle-item-69f1f7f0d86f7\" class=\"ez-toc-cssicon-toggle-label\"><span class=\"ez-toc-cssicon\"><span class=\"eztoc-hide\" style=\"display:none;\">Toggle<\/span><span class=\"ez-toc-icon-toggle-span\"><svg style=\"fill: #999;color:#999\" xmlns=\"http:\/\/www.w3.org\/2000\/svg\" class=\"list-377408\" width=\"20px\" height=\"20px\" viewBox=\"0 0 24 24\" fill=\"none\"><path d=\"M6 6H4v2h2V6zm14 0H8v2h12V6zM4 11h2v2H4v-2zm16 0H8v2h12v-2zM4 16h2v2H4v-2zm16 0H8v2h12v-2z\" fill=\"currentColor\"><\/path><\/svg><svg style=\"fill: #999;color:#999\" class=\"arrow-unsorted-368013\" xmlns=\"http:\/\/www.w3.org\/2000\/svg\" width=\"10px\" height=\"10px\" viewBox=\"0 0 24 24\" version=\"1.2\" baseProfile=\"tiny\"><path d=\"M18.2 9.3l-6.2-6.3-6.2 6.3c-.2.2-.3.4-.3.7s.1.5.3.7c.2.2.4.3.7.3h11c.3 0 .5-.1.7-.3.2-.2.3-.5.3-.7s-.1-.5-.3-.7zM5.8 14.7l6.2 6.3 6.2-6.3c.2-.2.3-.5.3-.7s-.1-.5-.3-.7c-.2-.2-.4-.3-.7-.3h-11c-.3 0-.5.1-.7.3-.2.2-.3.5-.3.7s.1.5.3.7z\"\/><\/svg><\/span><\/span><\/label><input type=\"checkbox\"  id=\"ez-toc-cssicon-toggle-item-69f1f7f0d86f7\"  aria-label=\"Toggle\" \/><nav><ul class='ez-toc-list ez-toc-list-level-1 ' ><li class='ez-toc-page-1 ez-toc-heading-level-2'><a class=\"ez-toc-link ez-toc-heading-1\" href=\"https:\/\/www.imobiliare.ro\/imoexpert\/pulsul-imobiliarelor-in-contextul-covid-19-pe-termen-mediu-si-lung-societatea-nu-poate-sa-mearga-inainte-fara-ele_db\/#Raspandirea_coronavirusului_si_pe_teritoriul_Romaniei_laolalta_cu_masurile_impuse_de_autoritati_pentru_limitarea_acesteia_pune_in_dificultate_multe_sectoare_economice_Imobiliarele_nu_fac_desigur_exceptie\" >R\u0103sp\u00e2ndirea coronavirusului \u0219i pe teritoriul Rom\u00e2niei, laolalt\u0103 cu m\u0103surile impuse de autorit\u0103\u021bi pentru limitarea acesteia, pune \u00een dificultate multe sectoare economice. Imobiliarele nu fac, desigur, excep\u021bie.<\/a><\/li><li class='ez-toc-page-1 ez-toc-heading-level-2'><a class=\"ez-toc-link ez-toc-heading-2\" href=\"https:\/\/www.imobiliare.ro\/imoexpert\/pulsul-imobiliarelor-in-contextul-covid-19-pe-termen-mediu-si-lung-societatea-nu-poate-sa-mearga-inainte-fara-ele_db\/#Adaptare_la_interactiunea_online\" >Adaptare la interac\u021biunea online<\/a><\/li><li class='ez-toc-page-1 ez-toc-heading-level-2'><a class=\"ez-toc-link ez-toc-heading-3\" href=\"https:\/\/www.imobiliare.ro\/imoexpert\/pulsul-imobiliarelor-in-contextul-covid-19-pe-termen-mediu-si-lung-societatea-nu-poate-sa-mearga-inainte-fara-ele_db\/#Focus_pe_inchiderea_tranzactiilor_aflate_in_derulare\" >Focus pe \u00eenchiderea tranzac\u021biilor aflate \u00een derulare<\/a><\/li><li class='ez-toc-page-1 ez-toc-heading-level-2'><a class=\"ez-toc-link ez-toc-heading-4\" href=\"https:\/\/www.imobiliare.ro\/imoexpert\/pulsul-imobiliarelor-in-contextul-covid-19-pe-termen-mediu-si-lung-societatea-nu-poate-sa-mearga-inainte-fara-ele_db\/#Intalnirile_cu_anumiti_clienti_nu_au_fost_excluse\" >\u00cent\u00e2lnirile cu (anumi\u021bi) clien\u021bi nu au fost excluse!<\/a><\/li><li class='ez-toc-page-1 ez-toc-heading-level-2'><a class=\"ez-toc-link ez-toc-heading-5\" href=\"https:\/\/www.imobiliare.ro\/imoexpert\/pulsul-imobiliarelor-in-contextul-covid-19-pe-termen-mediu-si-lung-societatea-nu-poate-sa-mearga-inainte-fara-ele_db\/#Atentie_si_la_%E2%80%9Evirusul%E2%80%9D_psiho-social\" >Aten\u021bie \u0219i la \u201evirusul\u201d psiho-social!<\/a><\/li><\/ul><\/nav><\/div>\n<h2><span class=\"ez-toc-section\" id=\"Raspandirea_coronavirusului_si_pe_teritoriul_Romaniei_laolalta_cu_masurile_impuse_de_autoritati_pentru_limitarea_acesteia_pune_in_dificultate_multe_sectoare_economice_Imobiliarele_nu_fac_desigur_exceptie\"><\/span>R\u0103sp\u00e2ndirea coronavirusului \u0219i pe teritoriul Rom\u00e2niei, laolalt\u0103 cu m\u0103surile impuse de autorit\u0103\u021bi pentru limitarea acesteia, pune \u00een dificultate multe sectoare economice. Imobiliarele nu fac, desigur, excep\u021bie.<span class=\"ez-toc-section-end\"><\/span><\/h2>\n<p>Un webinar g\u0103zduit la finele s\u0103pt\u0103m\u00e2nii trecute de <strong><a class=\"article-body-links\"href=\"https:\/\/hub.imobiliare.ro\/\">Clubul Profesioni\u0219tilor \u00een Imobiliare<\/a><\/strong>, al\u0103turi de trei juc\u0103tori din domeniu, a ar\u0103tat c\u0103 pia\u021ba tranzac\u021biilor cu locuin\u021be continu\u0103 s\u0103 func\u021bioneze, chiar dac\u0103 \u00eentr-un ritm mult redus fa\u021b\u0103 de normal, \u00een aceast\u0103 perioad\u0103. Majoritatea agen\u021bilor imobiliari s-au repliat \u0219i lucreaz\u0103 de acas\u0103, \u00eencerc\u00e2nd s\u0103 se adapteze c\u00e2t mai bine cerin\u021belor mediului online, prin video-call-uri, o mai bun\u0103 prezentare online a propriet\u0103\u021bilor \u0219i chiar prin tururi virtuale. \u201eToat\u0103 lumea promoveaz\u0103 prezen\u021ba online, avem tool-urile care ne permit s\u0103 lucr\u0103m online. Instrumentele de promovare lucreaz\u0103 \u00een continuare. \u00cen ansamblu, suntem preg\u0103ti\u021bi s\u0103 schimb\u0103m modul de lucru\u201d, spune R\u0103zvan Cuc, pre\u0219edintele re\u021belei de francize RE\/MAX Romania.<\/p>\n<blockquote><p>\u201eSocietatea asta nu poate s\u0103 mearg\u0103 \u00eenainte f\u0103r\u0103 imobiliare: oricum g\u00e2nde\u0219ti, e o necesitate de baz\u0103; dup\u0103 o perioad\u0103 de \u00eenghe\u021bare, care nu \u0219tiu c\u00e2t poate s\u0103 fie, o lun\u0103, dou\u0103, nou\u0103, nu \u0219tiu, lucrurile tot o s\u0103 se reseteze \u2013 \u0219i chiar \u0219i \u00een perioada asta se vor \u00eent\u00e2mpla tranzac\u021bii, pentru c\u0103 societatea nu poate sta \u00een loc.\u201d<\/p>\n<p><strong>Broker\/Owner RE\/MAX Romania<\/strong><\/p><\/blockquote>\n<h2><span class=\"ez-toc-section\" id=\"Adaptare_la_interactiunea_online\"><\/span>Adaptare la interac\u021biunea online<span class=\"ez-toc-section-end\"><\/span><\/h2>\n<p>Daniel Tudor, fondator \u0219i CEO al THE CONCEPT Real Estate, este de p\u0103rere c\u0103, cel pu\u021bin p\u00e2n\u0103 \u00een momentul de fa\u021b\u0103, noua metod\u0103 de lucru d\u0103 rezultate. \u201eSunt \u0219i clien\u021bi care au acceptat s\u0103 fac\u0103 video-calls, sunt \u0219i \u00eent\u00e2lniri live, dar mai pu\u021bine dec\u00e2t \u00een s\u0103pt\u0103m\u00e2nile anterioare, sunt \u0219i semn\u0103ri, dar evident mult mai pu\u021bine\u201d, sublinia acesta la finele s\u0103pt\u0103m\u00e2nii trecute.<\/p>\n<p>\u00cen plus, de precizat este c\u0103, p\u00e2n\u0103 zilele acestea, au existat toate instrumentele necesare pentru a putea \u00eencheia acele tranzac\u021bii imobiliare aflate \u00een desf\u0103\u0219urare. \u201eNotariatele sunt deschise, institu\u021biile statului s\u0103 vedem c\u00e2t vor mai fi deschise pentru ob\u021binerea documentelor respective. Tot ce se \u00eent\u00e2mpl\u0103 acum e un pas \u00eenainte pentru digitalizarea Rom\u00e2niei\u201d, nota Iulian Niculae, Realtor \u0219i Broker\/Owner al agen\u021biei bucure\u0219tene Victoria Consult, \u00een cadrul evenimentului g\u0103zduit de CPI.<\/p>\n<h2><span class=\"ez-toc-section\" id=\"Focus_pe_inchiderea_tranzactiilor_aflate_in_derulare\"><\/span>Focus pe \u00eenchiderea tranzac\u021biilor aflate \u00een derulare<span class=\"ez-toc-section-end\"><\/span><\/h2>\n<p>\u00cen ciuda agita\u021biei legate de COVID-19, \u00een ultimele dou\u0103 s\u0103pt\u0103m\u00e2ni tot au mai avut loc tranzac\u021bii \u2013 chiar dac\u0103 majoritatea acestora au fost ini\u021biate anterior. \u201eMulte (dealuri, n.red.) au fost din spate, jum\u0103tate ni s-au am\u00e2nat. Ce e fain \u00eens\u0103 e c\u0103 ni s-au am\u00e2nat, nu ni s-au anulat\u201d, spune Daniel Tudor, preciz\u00e2nd, totodat\u0103, c\u0103 pia\u021ba se afl\u0103 \u00eentr-o faz\u0103 de \u201esemisupravie\u021buire\u201d.<\/p>\n<blockquote><p>\u201e\u00cen primul r\u00e2nd, focusul meu \u00een ultimele zece zile a fost pe partea de closing (\u00eenchidere, n.red.), pentru tranzac\u021biile care erau \u00een etape finale. Trebuie s\u0103 iei pulsul clientului. Am sesizat o nelini\u0219te, mai ales din partea cump\u0103r\u0103torului. El se \u00eentreab\u0103, \u0219i pe bun\u0103 dreptate: oare fac bine c\u0103 cump\u0103r acum, oare ar trebui s\u0103 mai a\u0219tept? M-am focusat pe cump\u0103r\u0103tor, m-am dus c\u0103tre el, am aflat ce-l macin\u0103 \u2013 am avut chiar situa\u021bii \u00een care am repozi\u021bionat pre\u021bul, am vorbit \u0219i cu proprietarul, am reconfirmat motiva\u021bia acestuia de v\u00e2nzare, am \u00eencercat \u00eempreun\u0103 cu proprietarul o prognoz\u0103 a ceea ce se poate \u00eent\u00e2mpla \u00een urm\u0103toarele c\u00e2teva luni. Ei bine, tranzac\u021bia se \u00eenchide, s-au reglat acolo financiar ni\u0219te lucruri. \u00cen principal, aceasta este concentrarea mea, s\u0103 \u00eenchid tranzac\u021biile care deja sunt pe rol.\u201d<\/p>\n<p><strong>Iulian Niculae, Realtor \u0219i Broker\/Owner al agen\u021biei Victoria Consult<\/strong><\/p><\/blockquote>\n<h2><span class=\"ez-toc-section\" id=\"Intalnirile_cu_anumiti_clienti_nu_au_fost_excluse\"><\/span>\u00cent\u00e2lnirile cu (anumi\u021bi) clien\u021bi nu au fost excluse!<span class=\"ez-toc-section-end\"><\/span><\/h2>\n<p>De\u0219i majoritatea cov\u00e2r\u0219itoare a interac\u021biunilor cu poten\u021bialii clien\u021bi, fie ei proprietari, fie cump\u0103r\u0103tori, au trecut \u00een online, agen\u021bii imobiliari (cel pu\u021bin unii dintre ei) nu au renun\u021bat complet, \u00een ultimele zile, la \u00eent\u00e2lnirile cu acei clien\u021bi hot\u0103r\u00e2\u021bi s\u0103 \u00eencheie tranzac\u021bii (de v\u00e2nzare, dar \u0219i de cump\u0103rare) \u2013 \u00eent\u00e2lniri care, fiind \u00een interes de serviciu, ar fi permise chiar \u0219i de <strong><a class=\"article-body-links\"href=\"https:\/\/www.imobiliare.ro\/imoexpert\/viata-sub-ordonanta-militara-nu-mai-poti-iesi-la-mall-dar-poti-merge-la-serviciu-la-cumparaturi-sau-la-o-scurta-plimbare-pe-langa-casa_db\/\">ordonan\u021ba militar\u0103 emis\u0103 weekend-ul trecut<\/a><\/strong>. \u201eNu to\u021bi oamenii din RE\/MAX, din c\u00e2te \u0219tiu eu, sunt remote (lucreaz\u0103 doar de la distan\u021b\u0103, n.red.), mai sunt care ies pe teren, cu o expunere mai mic\u0103, un num\u0103r mai mic de \u00eent\u00e2lniri, p\u0103str\u00e2nd distan\u021ba \u0219i regulile astea de securitate medical\u0103\u201d, a subliniat R\u0103zvan Cuc \u00een cadrul webinarului CPI. \u0218i Daniel Tudor accentueaz\u0103 importan\u021ba respect\u0103rii m\u0103surilor de siguran\u021b\u0103 recomandate de c\u0103tre autorit\u0103\u021bi, anume folosirea de solu\u021bii dezinfectante, p\u0103strarea distan\u021bei etc. \u201eMasc\u0103 o s\u0103 aib\u0103 toat\u0103 lumea. Pentru c\u0103 \u00een perioada asta cred c\u0103 \u00een portofoliul unui agent imobiliar trusa de igien\u0103 este un must-have\u201d, completeaz\u0103 Iulian Niculae.<\/p>\n<blockquote><p>\u201eS\u0103 nu uit\u0103m c\u0103 \u00een pia\u021b\u0103 exist\u0103 oameni cu o nevoie urgent\u0103 s\u0103 cumpere (dup\u0103 ce au v\u00e2ndut un alt imobil). \u00cen perioada urm\u0103toare, asta vom face \u2013 vom \u021bine leg\u0103tura, vom sonda, vom vedea \u00een primul r\u00e2nd noi ce se \u00eent\u00e2mpl\u0103 pe pia\u021b\u0103. Trebuie s\u0103 culegem informa\u021bie, ne inform\u0103m, ca s\u0103 putem fi preg\u0103ti\u021bi c\u00e2t mai bine.\u201d<\/p>\n<p><strong>Iulian Niculae, Realtor \u0219i Broker\/Owner al agen\u021biei Victoria Consult<\/strong><\/p><\/blockquote>\n<h2><span class=\"ez-toc-section\" id=\"Atentie_si_la_%E2%80%9Evirusul%E2%80%9D_psiho-social\"><\/span>Aten\u021bie \u0219i la \u201evirusul\u201d psiho-social!<span class=\"ez-toc-section-end\"><\/span><\/h2>\n<p>\u00cen opinia lui Daniel Tudor, doar timpul va ar\u0103ta cum vor evolua lucrurile \u00een continuare. Acesta puncteaz\u0103 c\u0103 din China vin deja semnale pozitive \u00een privin\u021ba luptei \u00eempotriva COVID-19, ceea ce d\u0103 speran\u021b\u0103 \u0219i Europei. Dup\u0103 \u00eencheierea acestei perioade dificile \u0219i pe plan local, \u201elucrurile \u00ee\u0219i pot reveni vertiginos\u201d, inclusiv \u00een imobiliare.<\/p>\n<p>Reprezentantul RE\/MAX Romania este de p\u0103rere c\u0103, dincolo de criza medical\u0103, exist\u0103 \u0219i un \u201evirus psiho-social\u201d, alimentat la nivel informa\u021bional, iar la finalul acestei perioade de criz\u0103 o s\u0103 fie mult mai multe victime din zona economic\u0103. Punct\u00e2nd c\u0103 este foarte important\u0103 atitudinea fiec\u0103ruia, recomandarea sa pentru (poten\u021bialii) clien\u021bi din imobiliare \u2013 \u0219i nu numai! \u2013 este \u201es\u0103 stea c\u00e2t se poate de relaxa\u021bi, c\u00e2t se poate de \u00abnepanica\u021bi\u00bb\u201d \u2013 asta nu \u00eenseamn\u0103 nep\u0103s\u0103tori! \u2013 \u201epentru c\u0103 o s\u0103 vin\u0103 momentul \u00een care o s\u0103 ie\u0219im din curb\u0103 \u0219i \u0103sta o s\u0103 fie momentul care o s\u0103 fac\u0103 diferen\u021ba\u201d.<\/p>\n","protected":false},"excerpt":{"rendered":"<p>R\u0103sp\u00e2ndirea coronavirusului \u0219i pe teritoriul Rom\u00e2niei, laolalt\u0103 cu m\u0103surile impuse de autorit\u0103\u021bi pentru limitarea acesteia, pune \u00een dificultate multe sectoare economice. Imobiliarele nu fac, desigur, excep\u021bie. Un webinar g\u0103zduit la finele s\u0103pt\u0103m\u00e2nii trecute de Clubul Profesioni\u0219tilor \u00een Imobiliare, al\u0103turi de trei juc\u0103tori din domeniu, a ar\u0103tat c\u0103 pia\u021ba tranzac\u021biilor cu locuin\u021be continu\u0103 s\u0103 func\u021bioneze, chiar [&hellip;]<\/p>\n","protected":false},"author":829,"featured_media":58042,"comment_status":"open","ping_status":"open","sticky":false,"template":"","format":"standard","meta":{"footnotes":""},"categories":[259,2455],"tags":[269,1902,1410,1411,451,487],"content_author":[],"class_list":["post-58041","post","type-post","status-publish","format-standard","has-post-thumbnail","hentry","category-stiri","category-video","tag-agent-imobiliar","tag-covid-19","tag-newsletter","tag-principal","tag-proprietar","tag-tranzactii-imobiliare"],"yoast_head":"<!-- This site is optimized with the Yoast SEO Premium plugin v27.0 (Yoast SEO v27.0) - https:\/\/yoast.com\/product\/yoast-seo-premium-wordpress\/ -->\n<title>\u201ePulsul\u201d imobiliarelor \u00een contextul COVID-19: pe termen mediu \u0219i lung, societatea nu poate s\u0103 mearg\u0103 \u00eenainte f\u0103r\u0103 ele! - \u0218tiri, Video - ImoExpert<\/title>\n<meta name=\"description\" content=\"R\u0103sp\u00e2ndirea coronavirusului \u0219i pe teritoriul Rom\u00e2niei, laolalt\u0103 cu m\u0103surile impuse de autorit\u0103\u021bi pentru limitarea acesteia, pune \u00een dificultate multe\" \/>\n<meta name=\"robots\" content=\"index, follow\" \/>\n<link rel=\"canonical\" href=\"https:\/\/www.imobiliare.ro\/imoexpert\/pulsul-imobiliarelor-in-contextul-covid-19-pe-termen-mediu-si-lung-societatea-nu-poate-sa-mearga-inainte-fara-ele_db\/\" \/>\n<meta property=\"og:locale\" content=\"ro_RO\" \/>\n<meta property=\"og:type\" content=\"article\" \/>\n<meta property=\"og:title\" content=\"\u201ePulsul\u201d imobiliarelor \u00een contextul COVID-19: pe termen mediu \u0219i lung, societatea nu poate s\u0103 mearg\u0103 \u00eenainte f\u0103r\u0103 ele!\" \/>\n<meta property=\"og:description\" content=\"R\u0103sp\u00e2ndirea coronavirusului \u0219i pe teritoriul Rom\u00e2niei, laolalt\u0103 cu m\u0103surile impuse de autorit\u0103\u021bi pentru limitarea acesteia, pune \u00een dificultate multe\" \/>\n<meta property=\"og:url\" content=\"https:\/\/www.imobiliare.ro\/imoexpert\/pulsul-imobiliarelor-in-contextul-covid-19-pe-termen-mediu-si-lung-societatea-nu-poate-sa-mearga-inainte-fara-ele_db\/\" \/>\n<meta property=\"og:site_name\" content=\"ImoExpert\" \/>\n<meta property=\"article:published_time\" content=\"2020-03-23T18:39:58+00:00\" \/>\n<meta property=\"og:image\" content=\"https:\/\/www.imobiliare.ro\/imoexpert\/wp-content\/uploads\/2020\/03\/Pulsul-imobiliarelor-in-contextul-COVID-19-pe-termen-mediu-si-lung-societatea-nu-poate-merge-inainte-fara-ele.jpg\" \/>\n\t<meta property=\"og:image:width\" content=\"800\" \/>\n\t<meta property=\"og:image:height\" content=\"533\" \/>\n\t<meta property=\"og:image:type\" content=\"image\/jpeg\" \/>\n<meta name=\"author\" content=\"Adriana Dr\u0103gu\u0219in\" \/>\n<meta name=\"twitter:card\" content=\"summary_large_image\" \/>\n<meta name=\"twitter:label1\" content=\"Written by\" \/>\n\t<meta name=\"twitter:data1\" content=\"Adriana Dr\u0103gu\u0219in\" \/>\n\t<meta name=\"twitter:label2\" content=\"Est. reading time\" \/>\n\t<meta name=\"twitter:data2\" content=\"5 minute\" \/>\n<script type=\"application\/ld+json\" class=\"yoast-schema-graph\">{\"@context\":\"https:\/\/schema.org\",\"@graph\":[{\"@type\":\"Article\",\"@id\":\"https:\/\/www.imobiliare.ro\/imoexpert\/pulsul-imobiliarelor-in-contextul-covid-19-pe-termen-mediu-si-lung-societatea-nu-poate-sa-mearga-inainte-fara-ele_db\/#article\",\"isPartOf\":{\"@id\":\"https:\/\/www.imobiliare.ro\/imoexpert\/pulsul-imobiliarelor-in-contextul-covid-19-pe-termen-mediu-si-lung-societatea-nu-poate-sa-mearga-inainte-fara-ele_db\/\"},\"author\":{\"name\":\"Adriana Dr\u0103gu\u0219in\",\"@id\":\"https:\/\/www.imobiliare.ro\/imoexpert\/#\/schema\/person\/8c13b0297075010b896471fabf0d7790\"},\"headline\":\"\u201ePulsul\u201d imobiliarelor \u00een contextul COVID-19: pe termen mediu \u0219i lung, societatea nu poate s\u0103 mearg\u0103 \u00eenainte f\u0103r\u0103 ele!\",\"datePublished\":\"2020-03-23T18:39:58+00:00\",\"mainEntityOfPage\":{\"@id\":\"https:\/\/www.imobiliare.ro\/imoexpert\/pulsul-imobiliarelor-in-contextul-covid-19-pe-termen-mediu-si-lung-societatea-nu-poate-sa-mearga-inainte-fara-ele_db\/\"},\"wordCount\":1125,\"commentCount\":9,\"publisher\":{\"@id\":\"https:\/\/www.imobiliare.ro\/imoexpert\/#organization\"},\"image\":{\"@id\":\"https:\/\/www.imobiliare.ro\/imoexpert\/pulsul-imobiliarelor-in-contextul-covid-19-pe-termen-mediu-si-lung-societatea-nu-poate-sa-mearga-inainte-fara-ele_db\/#primaryimage\"},\"thumbnailUrl\":\"https:\/\/www.imobiliare.ro\/imoexpert\/wp-content\/uploads\/2020\/03\/Pulsul-imobiliarelor-in-contextul-COVID-19-pe-termen-mediu-si-lung-societatea-nu-poate-merge-inainte-fara-ele.jpg\",\"keywords\":[\"agent imobiliar\",\"COVID-19\",\"newsletter\",\"principal\",\"proprietar\",\"tranzactii imobiliare\"],\"articleSection\":[\"\u0218tiri\",\"Video\"],\"inLanguage\":\"en\",\"potentialAction\":[{\"@type\":\"CommentAction\",\"name\":\"Comment\",\"target\":[\"https:\/\/www.imobiliare.ro\/imoexpert\/pulsul-imobiliarelor-in-contextul-covid-19-pe-termen-mediu-si-lung-societatea-nu-poate-sa-mearga-inainte-fara-ele_db\/#respond\"]}],\"copyrightYear\":\"2020\",\"copyrightHolder\":{\"@id\":\"https:\/\/www.imobiliare.ro\/imoexpert\/#organization\"}},{\"@type\":\"WebPage\",\"@id\":\"https:\/\/www.imobiliare.ro\/imoexpert\/pulsul-imobiliarelor-in-contextul-covid-19-pe-termen-mediu-si-lung-societatea-nu-poate-sa-mearga-inainte-fara-ele_db\/\",\"url\":\"https:\/\/www.imobiliare.ro\/imoexpert\/pulsul-imobiliarelor-in-contextul-covid-19-pe-termen-mediu-si-lung-societatea-nu-poate-sa-mearga-inainte-fara-ele_db\/\",\"name\":\"\u201ePulsul\u201d imobiliarelor \u00een contextul COVID-19: pe termen mediu \u0219i lung, societatea nu poate s\u0103 mearg\u0103 \u00eenainte f\u0103r\u0103 ele! - \u0218tiri, Video - ImoExpert\",\"isPartOf\":{\"@id\":\"https:\/\/www.imobiliare.ro\/imoexpert\/#website\"},\"primaryImageOfPage\":{\"@id\":\"https:\/\/www.imobiliare.ro\/imoexpert\/pulsul-imobiliarelor-in-contextul-covid-19-pe-termen-mediu-si-lung-societatea-nu-poate-sa-mearga-inainte-fara-ele_db\/#primaryimage\"},\"image\":{\"@id\":\"https:\/\/www.imobiliare.ro\/imoexpert\/pulsul-imobiliarelor-in-contextul-covid-19-pe-termen-mediu-si-lung-societatea-nu-poate-sa-mearga-inainte-fara-ele_db\/#primaryimage\"},\"thumbnailUrl\":\"https:\/\/www.imobiliare.ro\/imoexpert\/wp-content\/uploads\/2020\/03\/Pulsul-imobiliarelor-in-contextul-COVID-19-pe-termen-mediu-si-lung-societatea-nu-poate-merge-inainte-fara-ele.jpg\",\"datePublished\":\"2020-03-23T18:39:58+00:00\",\"description\":\"R\u0103sp\u00e2ndirea coronavirusului \u0219i pe teritoriul Rom\u00e2niei, laolalt\u0103 cu m\u0103surile impuse de autorit\u0103\u021bi pentru limitarea acesteia, pune \u00een dificultate multe\",\"breadcrumb\":{\"@id\":\"https:\/\/www.imobiliare.ro\/imoexpert\/pulsul-imobiliarelor-in-contextul-covid-19-pe-termen-mediu-si-lung-societatea-nu-poate-sa-mearga-inainte-fara-ele_db\/#breadcrumb\"},\"inLanguage\":\"en\",\"potentialAction\":[{\"@type\":\"ReadAction\",\"target\":[\"https:\/\/www.imobiliare.ro\/imoexpert\/pulsul-imobiliarelor-in-contextul-covid-19-pe-termen-mediu-si-lung-societatea-nu-poate-sa-mearga-inainte-fara-ele_db\/\"]}]},{\"@type\":\"ImageObject\",\"inLanguage\":\"en\",\"@id\":\"https:\/\/www.imobiliare.ro\/imoexpert\/pulsul-imobiliarelor-in-contextul-covid-19-pe-termen-mediu-si-lung-societatea-nu-poate-sa-mearga-inainte-fara-ele_db\/#primaryimage\",\"url\":\"https:\/\/www.imobiliare.ro\/imoexpert\/wp-content\/uploads\/2020\/03\/Pulsul-imobiliarelor-in-contextul-COVID-19-pe-termen-mediu-si-lung-societatea-nu-poate-merge-inainte-fara-ele.jpg\",\"contentUrl\":\"https:\/\/www.imobiliare.ro\/imoexpert\/wp-content\/uploads\/2020\/03\/Pulsul-imobiliarelor-in-contextul-COVID-19-pe-termen-mediu-si-lung-societatea-nu-poate-merge-inainte-fara-ele.jpg\",\"width\":800,\"height\":533},{\"@type\":\"BreadcrumbList\",\"@id\":\"https:\/\/www.imobiliare.ro\/imoexpert\/pulsul-imobiliarelor-in-contextul-covid-19-pe-termen-mediu-si-lung-societatea-nu-poate-sa-mearga-inainte-fara-ele_db\/#breadcrumb\",\"itemListElement\":[{\"@type\":\"ListItem\",\"position\":1,\"name\":\"Imoradar24\",\"item\":\"https:\/\/www.imoradar24.ro\"},{\"@type\":\"ListItem\",\"position\":2,\"name\":\"ImoExpert\",\"item\":\"https:\/\/www.imobiliare.ro\/imoexpert\/\"},{\"@type\":\"ListItem\",\"position\":3,\"name\":\"\u0218tiri\",\"item\":\"https:\/\/www.imobiliare.ro\/imoexpert\/stiri\/\"},{\"@type\":\"ListItem\",\"position\":4,\"name\":\"\u201ePulsul\u201d imobiliarelor \u00een contextul COVID-19: pe termen mediu \u0219i lung, societatea nu poate s\u0103 mearg\u0103 \u00eenainte f\u0103r\u0103 ele!\"}]},{\"@type\":\"WebSite\",\"@id\":\"https:\/\/www.imobiliare.ro\/imoexpert\/#website\",\"url\":\"https:\/\/www.imobiliare.ro\/imoexpert\/\",\"name\":\"ImoExpert\",\"description\":\"cele mai importante \u015ftiri din domeniul imobiliar\",\"publisher\":{\"@id\":\"https:\/\/www.imobiliare.ro\/imoexpert\/#organization\"},\"inLanguage\":\"en\"},{\"@type\":\"Organization\",\"@id\":\"https:\/\/www.imobiliare.ro\/imoexpert\/#organization\",\"name\":\"Imobiliare.ro\",\"alternateName\":\"Realmedia Network SA\",\"url\":\"https:\/\/www.imobiliare.ro\/imoexpert\/\",\"logo\":{\"@type\":\"ImageObject\",\"inLanguage\":\"en\",\"@id\":\"https:\/\/www.imobiliare.ro\/imoexpert\/#\/schema\/logo\/image\/\",\"url\":\"https:\/\/www.imobiliare.ro\/imoexpert\/wp-content\/uploads\/2025\/05\/imobiliare_logo.png\",\"contentUrl\":\"https:\/\/www.imobiliare.ro\/imoexpert\/wp-content\/uploads\/2025\/05\/imobiliare_logo.png\",\"width\":237,\"height\":29,\"caption\":\"Imobiliare.ro\"},\"image\":{\"@id\":\"https:\/\/www.imobiliare.ro\/imoexpert\/#\/schema\/logo\/image\/\"}},{\"@type\":\"Person\",\"@id\":\"https:\/\/www.imobiliare.ro\/imoexpert\/#\/schema\/person\/8c13b0297075010b896471fabf0d7790\",\"name\":\"Adriana Dr\u0103gu\u0219in\",\"image\":{\"@type\":\"ImageObject\",\"inLanguage\":\"en\",\"@id\":\"https:\/\/www.imobiliare.ro\/imoexpert\/#\/schema\/person\/image\/\",\"url\":\"https:\/\/secure.gravatar.com\/avatar\/ba4762f7517e50e679ed7f11207102d1150120f2f5800c0da98f8a15305bf514?s=96&d=mm&r=g\",\"contentUrl\":\"https:\/\/secure.gravatar.com\/avatar\/ba4762f7517e50e679ed7f11207102d1150120f2f5800c0da98f8a15305bf514?s=96&d=mm&r=g\",\"caption\":\"Adriana Dr\u0103gu\u0219in\"},\"jobTitle\":\"Editor\",\"url\":\"https:\/\/www.imobiliare.ro\/imoexpert\/author\/adriana-dragusin\/\"}]}<\/script>\n<!-- \/ Yoast SEO Premium plugin. -->","yoast_head_json":{"title":"\u201ePulsul\u201d imobiliarelor \u00een contextul COVID-19: pe termen mediu \u0219i lung, societatea nu poate s\u0103 mearg\u0103 \u00eenainte f\u0103r\u0103 ele! - \u0218tiri, Video - ImoExpert","description":"R\u0103sp\u00e2ndirea coronavirusului \u0219i pe teritoriul Rom\u00e2niei, laolalt\u0103 cu m\u0103surile impuse de autorit\u0103\u021bi pentru limitarea acesteia, pune \u00een dificultate multe","robots":{"index":"index","follow":"follow"},"canonical":"https:\/\/www.imobiliare.ro\/imoexpert\/pulsul-imobiliarelor-in-contextul-covid-19-pe-termen-mediu-si-lung-societatea-nu-poate-sa-mearga-inainte-fara-ele_db\/","og_locale":"ro_RO","og_type":"article","og_title":"\u201ePulsul\u201d imobiliarelor \u00een contextul COVID-19: pe termen mediu \u0219i lung, societatea nu poate s\u0103 mearg\u0103 \u00eenainte f\u0103r\u0103 ele!","og_description":"R\u0103sp\u00e2ndirea coronavirusului \u0219i pe teritoriul Rom\u00e2niei, laolalt\u0103 cu m\u0103surile impuse de autorit\u0103\u021bi pentru limitarea acesteia, pune \u00een dificultate multe","og_url":"https:\/\/www.imobiliare.ro\/imoexpert\/pulsul-imobiliarelor-in-contextul-covid-19-pe-termen-mediu-si-lung-societatea-nu-poate-sa-mearga-inainte-fara-ele_db\/","og_site_name":"ImoExpert","article_published_time":"2020-03-23T18:39:58+00:00","og_image":[{"width":800,"height":533,"url":"https:\/\/www.imobiliare.ro\/imoexpert\/wp-content\/uploads\/2020\/03\/Pulsul-imobiliarelor-in-contextul-COVID-19-pe-termen-mediu-si-lung-societatea-nu-poate-merge-inainte-fara-ele.jpg","type":"image\/jpeg"}],"author":"Adriana Dr\u0103gu\u0219in","twitter_card":"summary_large_image","twitter_misc":{"Written by":"Adriana Dr\u0103gu\u0219in","Est. reading time":"5 minute"},"schema":{"@context":"https:\/\/schema.org","@graph":[{"@type":"Article","@id":"https:\/\/www.imobiliare.ro\/imoexpert\/pulsul-imobiliarelor-in-contextul-covid-19-pe-termen-mediu-si-lung-societatea-nu-poate-sa-mearga-inainte-fara-ele_db\/#article","isPartOf":{"@id":"https:\/\/www.imobiliare.ro\/imoexpert\/pulsul-imobiliarelor-in-contextul-covid-19-pe-termen-mediu-si-lung-societatea-nu-poate-sa-mearga-inainte-fara-ele_db\/"},"author":{"name":"Adriana Dr\u0103gu\u0219in","@id":"https:\/\/www.imobiliare.ro\/imoexpert\/#\/schema\/person\/8c13b0297075010b896471fabf0d7790"},"headline":"\u201ePulsul\u201d imobiliarelor \u00een contextul COVID-19: pe termen mediu \u0219i lung, societatea nu poate s\u0103 mearg\u0103 \u00eenainte f\u0103r\u0103 ele!","datePublished":"2020-03-23T18:39:58+00:00","mainEntityOfPage":{"@id":"https:\/\/www.imobiliare.ro\/imoexpert\/pulsul-imobiliarelor-in-contextul-covid-19-pe-termen-mediu-si-lung-societatea-nu-poate-sa-mearga-inainte-fara-ele_db\/"},"wordCount":1125,"commentCount":9,"publisher":{"@id":"https:\/\/www.imobiliare.ro\/imoexpert\/#organization"},"image":{"@id":"https:\/\/www.imobiliare.ro\/imoexpert\/pulsul-imobiliarelor-in-contextul-covid-19-pe-termen-mediu-si-lung-societatea-nu-poate-sa-mearga-inainte-fara-ele_db\/#primaryimage"},"thumbnailUrl":"https:\/\/www.imobiliare.ro\/imoexpert\/wp-content\/uploads\/2020\/03\/Pulsul-imobiliarelor-in-contextul-COVID-19-pe-termen-mediu-si-lung-societatea-nu-poate-merge-inainte-fara-ele.jpg","keywords":["agent imobiliar","COVID-19","newsletter","principal","proprietar","tranzactii imobiliare"],"articleSection":["\u0218tiri","Video"],"inLanguage":"en","potentialAction":[{"@type":"CommentAction","name":"Comment","target":["https:\/\/www.imobiliare.ro\/imoexpert\/pulsul-imobiliarelor-in-contextul-covid-19-pe-termen-mediu-si-lung-societatea-nu-poate-sa-mearga-inainte-fara-ele_db\/#respond"]}],"copyrightYear":"2020","copyrightHolder":{"@id":"https:\/\/www.imobiliare.ro\/imoexpert\/#organization"}},{"@type":"WebPage","@id":"https:\/\/www.imobiliare.ro\/imoexpert\/pulsul-imobiliarelor-in-contextul-covid-19-pe-termen-mediu-si-lung-societatea-nu-poate-sa-mearga-inainte-fara-ele_db\/","url":"https:\/\/www.imobiliare.ro\/imoexpert\/pulsul-imobiliarelor-in-contextul-covid-19-pe-termen-mediu-si-lung-societatea-nu-poate-sa-mearga-inainte-fara-ele_db\/","name":"\u201ePulsul\u201d imobiliarelor \u00een contextul COVID-19: pe termen mediu \u0219i lung, societatea nu poate s\u0103 mearg\u0103 \u00eenainte f\u0103r\u0103 ele! - \u0218tiri, Video - ImoExpert","isPartOf":{"@id":"https:\/\/www.imobiliare.ro\/imoexpert\/#website"},"primaryImageOfPage":{"@id":"https:\/\/www.imobiliare.ro\/imoexpert\/pulsul-imobiliarelor-in-contextul-covid-19-pe-termen-mediu-si-lung-societatea-nu-poate-sa-mearga-inainte-fara-ele_db\/#primaryimage"},"image":{"@id":"https:\/\/www.imobiliare.ro\/imoexpert\/pulsul-imobiliarelor-in-contextul-covid-19-pe-termen-mediu-si-lung-societatea-nu-poate-sa-mearga-inainte-fara-ele_db\/#primaryimage"},"thumbnailUrl":"https:\/\/www.imobiliare.ro\/imoexpert\/wp-content\/uploads\/2020\/03\/Pulsul-imobiliarelor-in-contextul-COVID-19-pe-termen-mediu-si-lung-societatea-nu-poate-merge-inainte-fara-ele.jpg","datePublished":"2020-03-23T18:39:58+00:00","description":"R\u0103sp\u00e2ndirea coronavirusului \u0219i pe teritoriul Rom\u00e2niei, laolalt\u0103 cu m\u0103surile impuse de autorit\u0103\u021bi pentru limitarea acesteia, pune \u00een dificultate multe","breadcrumb":{"@id":"https:\/\/www.imobiliare.ro\/imoexpert\/pulsul-imobiliarelor-in-contextul-covid-19-pe-termen-mediu-si-lung-societatea-nu-poate-sa-mearga-inainte-fara-ele_db\/#breadcrumb"},"inLanguage":"en","potentialAction":[{"@type":"ReadAction","target":["https:\/\/www.imobiliare.ro\/imoexpert\/pulsul-imobiliarelor-in-contextul-covid-19-pe-termen-mediu-si-lung-societatea-nu-poate-sa-mearga-inainte-fara-ele_db\/"]}]},{"@type":"ImageObject","inLanguage":"en","@id":"https:\/\/www.imobiliare.ro\/imoexpert\/pulsul-imobiliarelor-in-contextul-covid-19-pe-termen-mediu-si-lung-societatea-nu-poate-sa-mearga-inainte-fara-ele_db\/#primaryimage","url":"https:\/\/www.imobiliare.ro\/imoexpert\/wp-content\/uploads\/2020\/03\/Pulsul-imobiliarelor-in-contextul-COVID-19-pe-termen-mediu-si-lung-societatea-nu-poate-merge-inainte-fara-ele.jpg","contentUrl":"https:\/\/www.imobiliare.ro\/imoexpert\/wp-content\/uploads\/2020\/03\/Pulsul-imobiliarelor-in-contextul-COVID-19-pe-termen-mediu-si-lung-societatea-nu-poate-merge-inainte-fara-ele.jpg","width":800,"height":533},{"@type":"BreadcrumbList","@id":"https:\/\/www.imobiliare.ro\/imoexpert\/pulsul-imobiliarelor-in-contextul-covid-19-pe-termen-mediu-si-lung-societatea-nu-poate-sa-mearga-inainte-fara-ele_db\/#breadcrumb","itemListElement":[{"@type":"ListItem","position":1,"name":"Imoradar24","item":"https:\/\/www.imoradar24.ro"},{"@type":"ListItem","position":2,"name":"ImoExpert","item":"https:\/\/www.imobiliare.ro\/imoexpert\/"},{"@type":"ListItem","position":3,"name":"\u0218tiri","item":"https:\/\/www.imobiliare.ro\/imoexpert\/stiri\/"},{"@type":"ListItem","position":4,"name":"\u201ePulsul\u201d imobiliarelor \u00een contextul COVID-19: pe termen mediu \u0219i lung, societatea nu poate s\u0103 mearg\u0103 \u00eenainte f\u0103r\u0103 ele!"}]},{"@type":"WebSite","@id":"https:\/\/www.imobiliare.ro\/imoexpert\/#website","url":"https:\/\/www.imobiliare.ro\/imoexpert\/","name":"ImoExpert","description":"cele mai importante \u015ftiri din domeniul imobiliar","publisher":{"@id":"https:\/\/www.imobiliare.ro\/imoexpert\/#organization"},"inLanguage":"en"},{"@type":"Organization","@id":"https:\/\/www.imobiliare.ro\/imoexpert\/#organization","name":"Imobiliare.ro","alternateName":"Realmedia Network SA","url":"https:\/\/www.imobiliare.ro\/imoexpert\/","logo":{"@type":"ImageObject","inLanguage":"en","@id":"https:\/\/www.imobiliare.ro\/imoexpert\/#\/schema\/logo\/image\/","url":"https:\/\/www.imobiliare.ro\/imoexpert\/wp-content\/uploads\/2025\/05\/imobiliare_logo.png","contentUrl":"https:\/\/www.imobiliare.ro\/imoexpert\/wp-content\/uploads\/2025\/05\/imobiliare_logo.png","width":237,"height":29,"caption":"Imobiliare.ro"},"image":{"@id":"https:\/\/www.imobiliare.ro\/imoexpert\/#\/schema\/logo\/image\/"}},{"@type":"Person","@id":"https:\/\/www.imobiliare.ro\/imoexpert\/#\/schema\/person\/8c13b0297075010b896471fabf0d7790","name":"Adriana Dr\u0103gu\u0219in","image":{"@type":"ImageObject","inLanguage":"en","@id":"https:\/\/www.imobiliare.ro\/imoexpert\/#\/schema\/person\/image\/","url":"https:\/\/secure.gravatar.com\/avatar\/ba4762f7517e50e679ed7f11207102d1150120f2f5800c0da98f8a15305bf514?s=96&d=mm&r=g","contentUrl":"https:\/\/secure.gravatar.com\/avatar\/ba4762f7517e50e679ed7f11207102d1150120f2f5800c0da98f8a15305bf514?s=96&d=mm&r=g","caption":"Adriana Dr\u0103gu\u0219in"},"jobTitle":"Editor","url":"https:\/\/www.imobiliare.ro\/imoexpert\/author\/adriana-dragusin\/"}]}},"_links":{"self":[{"href":"https:\/\/www.imobiliare.ro\/imoexpert\/wp-json\/wp\/v2\/posts\/58041","targetHints":{"allow":["GET"]}}],"collection":[{"href":"https:\/\/www.imobiliare.ro\/imoexpert\/wp-json\/wp\/v2\/posts"}],"about":[{"href":"https:\/\/www.imobiliare.ro\/imoexpert\/wp-json\/wp\/v2\/types\/post"}],"author":[{"embeddable":true,"href":"https:\/\/www.imobiliare.ro\/imoexpert\/wp-json\/wp\/v2\/users\/829"}],"replies":[{"embeddable":true,"href":"https:\/\/www.imobiliare.ro\/imoexpert\/wp-json\/wp\/v2\/comments?post=58041"}],"version-history":[{"count":0,"href":"https:\/\/www.imobiliare.ro\/imoexpert\/wp-json\/wp\/v2\/posts\/58041\/revisions"}],"wp:featuredmedia":[{"embeddable":true,"href":"https:\/\/www.imobiliare.ro\/imoexpert\/wp-json\/wp\/v2\/media\/58042"}],"wp:attachment":[{"href":"https:\/\/www.imobiliare.ro\/imoexpert\/wp-json\/wp\/v2\/media?parent=58041"}],"wp:term":[{"taxonomy":"category","embeddable":true,"href":"https:\/\/www.imobiliare.ro\/imoexpert\/wp-json\/wp\/v2\/categories?post=58041"},{"taxonomy":"post_tag","embeddable":true,"href":"https:\/\/www.imobiliare.ro\/imoexpert\/wp-json\/wp\/v2\/tags?post=58041"},{"taxonomy":"content_author","embeddable":true,"href":"https:\/\/www.imobiliare.ro\/imoexpert\/wp-json\/wp\/v2\/content_author?post=58041"}],"curies":[{"name":"wp","href":"https:\/\/api.w.org\/{rel}","templated":true}]}}