{"id":58079,"date":"2020-03-25T16:18:01","date_gmt":"2020-03-25T14:18:01","guid":{"rendered":"https:\/\/www.imobiliare.ro\/imoexpert\/?p=58079"},"modified":"2020-03-25T16:18:01","modified_gmt":"2020-03-25T14:18:01","slug":"colliers-impactul-covid-19-asupra-economiei-in-general-si-asupra-pietei-imobiliare-in-particular-este-extrem-de-incert","status":"publish","type":"post","link":"https:\/\/www.imobiliare.ro\/imoexpert\/colliers-impactul-covid-19-asupra-economiei-in-general-si-asupra-pietei-imobiliare-in-particular-este-extrem-de-incert_db\/","title":{"rendered":"Colliers: \u201eImpactul COVID-19 asupra economiei \u00een general \u0219i asupra pie\u021bei imobiliare \u00een particular este extrem de incert\u201d"},"content":{"rendered":"<p><a class=\"article-body-links\"href=\"https:\/\/www.imobiliare.ro\/imoexpert\/wp-content\/uploads\/2020\/03\/Colliers-Impactul-COVID-19-asupra-economiei-in-general-si-asupra-pietei-imobiliare-in-particular-este-extrem-de-incert.jpg\"><img loading=\"lazy\" decoding=\"async\" src=\"https:\/\/www.imobiliare.ro\/imoexpert\/wp-content\/uploads\/2020\/03\/Colliers-Impactul-COVID-19-asupra-economiei-in-general-si-asupra-pietei-imobiliare-in-particular-este-extrem-de-incert.jpg\" alt=\"\" width=\"800\" height=\"533\" class=\"aligncenter size-full wp-image-58080\" srcset=\"https:\/\/www.imobiliare.ro\/imoexpert\/wp-content\/uploads\/2020\/03\/Colliers-Impactul-COVID-19-asupra-economiei-in-general-si-asupra-pietei-imobiliare-in-particular-este-extrem-de-incert.jpg 800w, https:\/\/www.imobiliare.ro\/imoexpert\/wp-content\/uploads\/2020\/03\/Colliers-Impactul-COVID-19-asupra-economiei-in-general-si-asupra-pietei-imobiliare-in-particular-este-extrem-de-incert-300x200.jpg 300w, https:\/\/www.imobiliare.ro\/imoexpert\/wp-content\/uploads\/2020\/03\/Colliers-Impactul-COVID-19-asupra-economiei-in-general-si-asupra-pietei-imobiliare-in-particular-este-extrem-de-incert-768x512.jpg 768w\" sizes=\"auto, (max-width: 800px) 100vw, 800px\" \/><\/a><\/p>\n<div id=\"ez-toc-container\" class=\"ez-toc-v2_0_81 counter-hierarchy ez-toc-counter ez-toc-grey ez-toc-container-direction\">\n<p class=\"ez-toc-title\" style=\"cursor:inherit\">Table of Contents<\/p>\n<label for=\"ez-toc-cssicon-toggle-item-69ec7a64eaaa3\" class=\"ez-toc-cssicon-toggle-label\"><span class=\"ez-toc-cssicon\"><span class=\"eztoc-hide\" style=\"display:none;\">Toggle<\/span><span class=\"ez-toc-icon-toggle-span\"><svg style=\"fill: #999;color:#999\" xmlns=\"http:\/\/www.w3.org\/2000\/svg\" class=\"list-377408\" width=\"20px\" height=\"20px\" viewBox=\"0 0 24 24\" fill=\"none\"><path d=\"M6 6H4v2h2V6zm14 0H8v2h12V6zM4 11h2v2H4v-2zm16 0H8v2h12v-2zM4 16h2v2H4v-2zm16 0H8v2h12v-2z\" fill=\"currentColor\"><\/path><\/svg><svg style=\"fill: #999;color:#999\" class=\"arrow-unsorted-368013\" xmlns=\"http:\/\/www.w3.org\/2000\/svg\" width=\"10px\" height=\"10px\" viewBox=\"0 0 24 24\" version=\"1.2\" baseProfile=\"tiny\"><path d=\"M18.2 9.3l-6.2-6.3-6.2 6.3c-.2.2-.3.4-.3.7s.1.5.3.7c.2.2.4.3.7.3h11c.3 0 .5-.1.7-.3.2-.2.3-.5.3-.7s-.1-.5-.3-.7zM5.8 14.7l6.2 6.3 6.2-6.3c.2-.2.3-.5.3-.7s-.1-.5-.3-.7c-.2-.2-.4-.3-.7-.3h-11c-.3 0-.5.1-.7.3-.2.2-.3.5-.3.7s.1.5.3.7z\"\/><\/svg><\/span><\/span><\/label><input type=\"checkbox\"  id=\"ez-toc-cssicon-toggle-item-69ec7a64eaaa3\"  aria-label=\"Toggle\" \/><nav><ul class='ez-toc-list ez-toc-list-level-1 ' ><li class='ez-toc-page-1 ez-toc-heading-level-2'><a class=\"ez-toc-link ez-toc-heading-1\" href=\"https:\/\/www.imobiliare.ro\/imoexpert\/colliers-impactul-covid-19-asupra-economiei-in-general-si-asupra-pietei-imobiliare-in-particular-este-extrem-de-incert_db\/#Sectoarele_de_retail_si_de_agrement_sunt_cel_putin_pe_termen_scurt_printre_cele_mai_afectate_de_starea_de_pandemie\" >Sectoarele de retail \u0219i de agrement sunt, cel pu\u021bin pe termen scurt, printre cele mai afectate de starea de pandemie.<\/a><\/li><li class='ez-toc-page-1 ez-toc-heading-level-2'><a class=\"ez-toc-link ez-toc-heading-2\" href=\"https:\/\/www.imobiliare.ro\/imoexpert\/colliers-impactul-covid-19-asupra-economiei-in-general-si-asupra-pietei-imobiliare-in-particular-este-extrem-de-incert_db\/#Bucurestiul_destul_de_ferit_ca_piata_de_servicii\" >Bucure\u0219tiul, destul de ferit ca pia\u021b\u0103 de servicii<\/a><\/li><li class='ez-toc-page-1 ez-toc-heading-level-2'><a class=\"ez-toc-link ez-toc-heading-3\" href=\"https:\/\/www.imobiliare.ro\/imoexpert\/colliers-impactul-covid-19-asupra-economiei-in-general-si-asupra-pietei-imobiliare-in-particular-este-extrem-de-incert_db\/#Scenarii_de_evolutie\" >Scenarii de evolu\u021bie<\/a><\/li><\/ul><\/nav><\/div>\n<h2><span class=\"ez-toc-section\" id=\"Sectoarele_de_retail_si_de_agrement_sunt_cel_putin_pe_termen_scurt_printre_cele_mai_afectate_de_starea_de_pandemie\"><\/span>Sectoarele de retail \u0219i de agrement sunt, cel pu\u021bin pe termen scurt, printre cele mai afectate de starea de pandemie.<span class=\"ez-toc-section-end\"><\/span><\/h2>\n<p>Potrivit unei analize realizate de compania de consultan\u021b\u0103 imobiliar\u0103 Colliers Interna\u021bional, impactul COVID-19 asupra economiei \u00een general \u0219i asupra pie\u021bei imobiliare \u00een particular este extrem de incert \u00een momentul de fa\u021b\u0103.  \u201eIzbucnirea Coronavirus (COVID-19), declarat\u0103 de Organiza\u021bia Mondial\u0103 a S\u0103n\u0103t\u0103\u021bii drept \u00abPandemie Global\u0103\u00bb din 11 martie 2020, a avut un impact asupra activit\u0103\u021bii pie\u021bei \u00een multe sectoare, cre\u00e2nd un set de circumstan\u021be f\u0103r\u0103 precedent pe care ar putea s\u0103 se bazeze o analiz\u0103. Raportul Colliers International nu constituie \u0219i nu trebuie tratat ca recomandare pentru investi\u021bii, sau pentru evaluare \u0219i ofert\u0103 de v\u00e2nzare-cump\u0103rare de propriet\u0103\u021bi. Av\u00e2nd \u00een vedere impactul viitor necunoscut pe care COVID-19 l-ar putea avea asupra variabilelor legate de ofert\u0103, cerere \u0219i pre\u021buri pe pia\u021ba imobiliar\u0103, orice raport \u0219i analiz\u0103 sunt mult mai predispuse la incertitudinea pie\u021bei, \u00een ciuda eforturilor de a ne men\u021bine o raportare solid\u0103 \u0219i obiectiv\u0103\u201d, noteaz\u0103 reprezentan\u021bii companiei.<\/p>\n<h2><span class=\"ez-toc-section\" id=\"Bucurestiul_destul_de_ferit_ca_piata_de_servicii\"><\/span>Bucure\u0219tiul, destul de ferit ca pia\u021b\u0103 de servicii<span class=\"ez-toc-section-end\"><\/span><\/h2>\n<p>Cu toate acestea, o certitudine este c\u0103 sectoarele de retail \u0219i de agrement sunt printre cele mai afectate pe termen scurt. Asta pentru c\u0103, \u00een urma dispozi\u021biilor Guvernului din ultimele zile, centrele comerciale au fost \u00eenchise. Afectat\u0103 este, desigur, \u0219i pia\u021ba de birouri din Rom\u00e2nia, \u00een condi\u021biile \u00een care angaja\u021bii au fost \u00eendemna\u021bi s\u0103 lucreze, pe c\u00e2t posibil, de acas\u0103, iar firmele \u0219i-au \u201erecalibrat\u201d activitatea pentru a se adapta la noua situa\u021bie. <\/p>\n<p><strong>Cite\u0219te \u0219i: <a class=\"article-body-links\"href=\"https:\/\/www.imobiliare.ro\/imoexpert\/cand-teleworking-ul-devine-o-necesitate-5-sfaturi-pentru-a-te-adapta-mai-usor-lucrului-de-acasa_db\/\">C\u00e2nd teleworking-ul devine o necesitate: 5 sfaturi pentru a te adapta mai u\u0219or lucrului de acas\u0103<\/a><\/strong><\/p>\n<p>Un fapt pozitiv ar fi c\u0103, potrivit reprezentan\u021bilor Colliers, Bucure\u0219tiul este, totu\u0219i, unul dintre centrele de servicii europene cel mai ferite de efectele negative ale epidemiei de COVID-19. Acest lucru se datoreaz\u0103, \u00een mare m\u0103sur\u0103, economiei bazate pe servicii IT, \u0219tiin\u021bifice \u0219i profesionale din Capital\u0103, \u00een mod similar unor mari capitale europene precum Dublin, Paris \u0219i Londra. Un fapt demn de men\u021bionat, de\u0219i mai degrab\u0103 relevant pentru economia local\u0103 dec\u00e2t pentru pia\u021ba de birouri, este c\u0103 Bucure\u0219tiul depinde, \u00eens\u0103, foarte mult de administra\u021bia public\u0103. <\/p>\n<blockquote><p>\u201eChiar dac\u0103 pia\u021ba de birouri din Bucure\u0219ti pare s\u0103 fie un pic mai izolat\u0103 de problemele care afecteaz\u0103 economia global\u0103, acest lucru nu \u00eenseamn\u0103 c\u0103 nu am putea vedea o cre\u0219tere a ratei de neocupare a pie\u021bei de birouri sau o presiune suplimentar\u0103 pe chirii. Cu toate acestea, cifrele sugereaz\u0103 c\u0103, \u00een cazul unui scenariu negativ, cel pu\u021bin Bucure\u0219tiul ar ajunge s\u0103 sufere mult mai pu\u021bin dec\u00e2t alte pie\u021be de birouri sau \u00ee\u0219i va reveni mai repede ulterior.\u201d<\/p>\n<p><strong>Silviu Pop, Head of Research Colliers International<\/strong><\/p><\/blockquote>\n<p>&nbsp;<\/p>\n<p>Statutul Rom\u00e2niei, de economie destul de mic\u0103 \u0219i destul de deschis\u0103, \u00eenseamn\u0103 c\u0103 pie\u021bele imobiliare nu vor r\u0103m\u00e2ne imune la tendin\u021bele globale. Impactul asupra segmentului de logistic\u0103 va fi, probabil, mai serios, av\u00e2nd \u00een vedere c\u0103 produc\u021bia a fost afectat\u0103 \u00een mod semnificativ de oprirea \u00een ultimele s\u0103pt\u0103m\u00e2ni a produc\u021biei din China \u0219i, de asemenea, lu\u00e2nd \u00een considerare dependen\u021ba Rom\u00e2niei de sectorul auto. <\/p>\n<p><strong>Totul va depinde, \u00eens\u0103, foarte mult de c\u00e2t de mult va dura aceast\u0103 situa\u021bie.<\/strong> <\/p>\n<h2><span class=\"ez-toc-section\" id=\"Scenarii_de_evolutie\"><\/span>Scenarii de evolu\u021bie<span class=\"ez-toc-section-end\"><\/span><\/h2>\n<p>Potrivit analizei Colliers, la nivel global, scenariul cel mai bun ar fi o evolu\u021bie neutr\u0103 a economiei \u00een cursul anului, cu sc\u0103deri \u00een trimestrul doi \u0219i, poate, \u0219i \u00een trimestrul trei, cu \u0219ocuri imobiliare limitate \u00een principal la segmentele hotelier, retail, logistic\u0103 \u0219i produc\u021bie, care depind de m\u0103rfuri non-esen\u021biale sau de lan\u021bul de aprovizionare din China. <\/p>\n<p>\u00centr-un scenariu de impact economic moderat al pandemiei, recuperarea ar fi vizibil\u0103 cel mai devreme \u00een primul trimestru din 2021, cu un impact mai amplu asupra pie\u021belor de birouri dependente de companii dintre cele mai expuse (de exemplu, companii aeriene, operatori de turism, organizatori de evenimente, b\u0103nci, asiguratori, investitori sau companii de energie). Pie\u021bele de capital vor \u00eenregistra o stagnare a activit\u0103\u021bii, \u00eens\u0103 companiile care au la baz\u0103 activit\u0103\u021bi pe termen lung vor continua s\u0103 fac\u0103 mi\u0219c\u0103ri pe pie\u021bele mai sigure, \u00een special \u00een active din zona de retail, spa\u021bii industriale \u0219i logistice, birouri \u0219i reziden\u021biale. <\/p>\n<p>\u00cen func\u021bie de scenariu, companiile care aduc valoare ad\u0103ugat\u0103 vor opta pentru o abordare precaut\u0103, de tipul \u201ea\u0219teapt\u0103 \u0219i vezi ce se \u00eent\u00e2mpl\u0103\u201d, p\u00e2n\u0103 c\u00e2nd pre\u021bul \u0219i disponibilitatea \u0219i costul capitalului devin mai clare. Pentru investitorii transfrontalieri, volatilitatea cursului de schimb prev\u0103zut\u0103 pentru trimestrul doi \u0219i trei din acest an, precum \u0219i incapacitatea de a accesa fizic activele vor conduce la o restr\u00e2ngere  a activit\u0103\u021bii. <\/p>\n","protected":false},"excerpt":{"rendered":"<p>Sectoarele de retail \u0219i de agrement sunt, cel pu\u021bin pe termen scurt, printre cele mai afectate de starea de pandemie. Potrivit unei analize realizate de compania de consultan\u021b\u0103 imobiliar\u0103 Colliers Interna\u021bional, impactul COVID-19 asupra economiei \u00een general \u0219i asupra pie\u021bei imobiliare \u00een particular este extrem de incert \u00een momentul de fa\u021b\u0103. \u201eIzbucnirea Coronavirus (COVID-19), declarat\u0103 [&hellip;]<\/p>\n","protected":false},"author":829,"featured_media":58080,"comment_status":"open","ping_status":"open","sticky":false,"template":"","format":"standard","meta":{"footnotes":""},"categories":[259],"tags":[370,459,1902,431,369],"content_author":[],"class_list":["post-58079","post","type-post","status-publish","format-standard","has-post-thumbnail","hentry","category-stiri","tag-birouri","tag-colliers","tag-covid-19","tag-piata-imobiliara","tag-retail"],"yoast_head":"<!-- This site is optimized with the Yoast SEO Premium plugin v27.0 (Yoast SEO v27.0) - https:\/\/yoast.com\/product\/yoast-seo-premium-wordpress\/ -->\n<title>Colliers: \u201eImpactul COVID-19 asupra economiei \u00een general \u0219i asupra pie\u021bei imobiliare \u00een particular este extrem de incert\u201d - \u0218tiri - ImoExpert<\/title>\n<meta name=\"description\" content=\"Sectoarele de retail \u0219i de agrement sunt, cel pu\u021bin pe termen scurt, printre cele mai afectate de starea de pandemie. Potrivit unei analize realizate de\" \/>\n<meta name=\"robots\" content=\"index, follow\" \/>\n<link rel=\"canonical\" href=\"https:\/\/www.imobiliare.ro\/imoexpert\/colliers-impactul-covid-19-asupra-economiei-in-general-si-asupra-pietei-imobiliare-in-particular-este-extrem-de-incert_db\/\" \/>\n<meta property=\"og:locale\" content=\"ro_RO\" \/>\n<meta property=\"og:type\" content=\"article\" \/>\n<meta property=\"og:title\" content=\"Colliers: \u201eImpactul COVID-19 asupra economiei \u00een general \u0219i asupra pie\u021bei imobiliare \u00een particular este extrem de incert\u201d\" \/>\n<meta property=\"og:description\" content=\"Sectoarele de retail \u0219i de agrement sunt, cel pu\u021bin pe termen scurt, printre cele mai afectate de starea de pandemie. Potrivit unei analize realizate de\" \/>\n<meta property=\"og:url\" content=\"https:\/\/www.imobiliare.ro\/imoexpert\/colliers-impactul-covid-19-asupra-economiei-in-general-si-asupra-pietei-imobiliare-in-particular-este-extrem-de-incert_db\/\" \/>\n<meta property=\"og:site_name\" content=\"ImoExpert\" \/>\n<meta property=\"article:published_time\" content=\"2020-03-25T14:18:01+00:00\" \/>\n<meta property=\"og:image\" content=\"https:\/\/www.imobiliare.ro\/imoexpert\/wp-content\/uploads\/2020\/03\/Colliers-Impactul-COVID-19-asupra-economiei-in-general-si-asupra-pietei-imobiliare-in-particular-este-extrem-de-incert.jpg\" \/>\n\t<meta property=\"og:image:width\" content=\"800\" \/>\n\t<meta property=\"og:image:height\" content=\"533\" \/>\n\t<meta property=\"og:image:type\" content=\"image\/jpeg\" \/>\n<meta name=\"author\" content=\"Adriana Dr\u0103gu\u0219in\" \/>\n<meta name=\"twitter:card\" content=\"summary_large_image\" \/>\n<meta name=\"twitter:label1\" content=\"Written by\" \/>\n\t<meta name=\"twitter:data1\" content=\"Adriana Dr\u0103gu\u0219in\" \/>\n\t<meta name=\"twitter:label2\" content=\"Est. reading time\" \/>\n\t<meta name=\"twitter:data2\" content=\"4 minute\" \/>\n<script type=\"application\/ld+json\" class=\"yoast-schema-graph\">{\"@context\":\"https:\/\/schema.org\",\"@graph\":[{\"@type\":\"Article\",\"@id\":\"https:\/\/www.imobiliare.ro\/imoexpert\/colliers-impactul-covid-19-asupra-economiei-in-general-si-asupra-pietei-imobiliare-in-particular-este-extrem-de-incert_db\/#article\",\"isPartOf\":{\"@id\":\"https:\/\/www.imobiliare.ro\/imoexpert\/colliers-impactul-covid-19-asupra-economiei-in-general-si-asupra-pietei-imobiliare-in-particular-este-extrem-de-incert_db\/\"},\"author\":{\"name\":\"Adriana Dr\u0103gu\u0219in\",\"@id\":\"https:\/\/www.imobiliare.ro\/imoexpert\/#\/schema\/person\/8c13b0297075010b896471fabf0d7790\"},\"headline\":\"Colliers: \u201eImpactul COVID-19 asupra economiei \u00een general \u0219i asupra pie\u021bei imobiliare \u00een particular este extrem de incert\u201d\",\"datePublished\":\"2020-03-25T14:18:01+00:00\",\"mainEntityOfPage\":{\"@id\":\"https:\/\/www.imobiliare.ro\/imoexpert\/colliers-impactul-covid-19-asupra-economiei-in-general-si-asupra-pietei-imobiliare-in-particular-este-extrem-de-incert_db\/\"},\"wordCount\":840,\"commentCount\":0,\"publisher\":{\"@id\":\"https:\/\/www.imobiliare.ro\/imoexpert\/#organization\"},\"image\":{\"@id\":\"https:\/\/www.imobiliare.ro\/imoexpert\/colliers-impactul-covid-19-asupra-economiei-in-general-si-asupra-pietei-imobiliare-in-particular-este-extrem-de-incert_db\/#primaryimage\"},\"thumbnailUrl\":\"https:\/\/www.imobiliare.ro\/imoexpert\/wp-content\/uploads\/2020\/03\/Colliers-Impactul-COVID-19-asupra-economiei-in-general-si-asupra-pietei-imobiliare-in-particular-este-extrem-de-incert.jpg\",\"keywords\":[\"birouri\",\"Colliers\",\"COVID-19\",\"piata imobiliara\",\"retail\"],\"articleSection\":[\"\u0218tiri\"],\"inLanguage\":\"en\",\"potentialAction\":[{\"@type\":\"CommentAction\",\"name\":\"Comment\",\"target\":[\"https:\/\/www.imobiliare.ro\/imoexpert\/colliers-impactul-covid-19-asupra-economiei-in-general-si-asupra-pietei-imobiliare-in-particular-este-extrem-de-incert_db\/#respond\"]}],\"copyrightYear\":\"2020\",\"copyrightHolder\":{\"@id\":\"https:\/\/www.imobiliare.ro\/imoexpert\/#organization\"}},{\"@type\":\"WebPage\",\"@id\":\"https:\/\/www.imobiliare.ro\/imoexpert\/colliers-impactul-covid-19-asupra-economiei-in-general-si-asupra-pietei-imobiliare-in-particular-este-extrem-de-incert_db\/\",\"url\":\"https:\/\/www.imobiliare.ro\/imoexpert\/colliers-impactul-covid-19-asupra-economiei-in-general-si-asupra-pietei-imobiliare-in-particular-este-extrem-de-incert_db\/\",\"name\":\"Colliers: \u201eImpactul COVID-19 asupra economiei \u00een general \u0219i asupra pie\u021bei imobiliare \u00een particular este extrem de incert\u201d - \u0218tiri - ImoExpert\",\"isPartOf\":{\"@id\":\"https:\/\/www.imobiliare.ro\/imoexpert\/#website\"},\"primaryImageOfPage\":{\"@id\":\"https:\/\/www.imobiliare.ro\/imoexpert\/colliers-impactul-covid-19-asupra-economiei-in-general-si-asupra-pietei-imobiliare-in-particular-este-extrem-de-incert_db\/#primaryimage\"},\"image\":{\"@id\":\"https:\/\/www.imobiliare.ro\/imoexpert\/colliers-impactul-covid-19-asupra-economiei-in-general-si-asupra-pietei-imobiliare-in-particular-este-extrem-de-incert_db\/#primaryimage\"},\"thumbnailUrl\":\"https:\/\/www.imobiliare.ro\/imoexpert\/wp-content\/uploads\/2020\/03\/Colliers-Impactul-COVID-19-asupra-economiei-in-general-si-asupra-pietei-imobiliare-in-particular-este-extrem-de-incert.jpg\",\"datePublished\":\"2020-03-25T14:18:01+00:00\",\"description\":\"Sectoarele de retail \u0219i de agrement sunt, cel pu\u021bin pe termen scurt, printre cele mai afectate de starea de pandemie. Potrivit unei analize realizate de\",\"breadcrumb\":{\"@id\":\"https:\/\/www.imobiliare.ro\/imoexpert\/colliers-impactul-covid-19-asupra-economiei-in-general-si-asupra-pietei-imobiliare-in-particular-este-extrem-de-incert_db\/#breadcrumb\"},\"inLanguage\":\"en\",\"potentialAction\":[{\"@type\":\"ReadAction\",\"target\":[\"https:\/\/www.imobiliare.ro\/imoexpert\/colliers-impactul-covid-19-asupra-economiei-in-general-si-asupra-pietei-imobiliare-in-particular-este-extrem-de-incert_db\/\"]}]},{\"@type\":\"ImageObject\",\"inLanguage\":\"en\",\"@id\":\"https:\/\/www.imobiliare.ro\/imoexpert\/colliers-impactul-covid-19-asupra-economiei-in-general-si-asupra-pietei-imobiliare-in-particular-este-extrem-de-incert_db\/#primaryimage\",\"url\":\"https:\/\/www.imobiliare.ro\/imoexpert\/wp-content\/uploads\/2020\/03\/Colliers-Impactul-COVID-19-asupra-economiei-in-general-si-asupra-pietei-imobiliare-in-particular-este-extrem-de-incert.jpg\",\"contentUrl\":\"https:\/\/www.imobiliare.ro\/imoexpert\/wp-content\/uploads\/2020\/03\/Colliers-Impactul-COVID-19-asupra-economiei-in-general-si-asupra-pietei-imobiliare-in-particular-este-extrem-de-incert.jpg\",\"width\":800,\"height\":533},{\"@type\":\"BreadcrumbList\",\"@id\":\"https:\/\/www.imobiliare.ro\/imoexpert\/colliers-impactul-covid-19-asupra-economiei-in-general-si-asupra-pietei-imobiliare-in-particular-este-extrem-de-incert_db\/#breadcrumb\",\"itemListElement\":[{\"@type\":\"ListItem\",\"position\":1,\"name\":\"Imoradar24\",\"item\":\"https:\/\/www.imoradar24.ro\"},{\"@type\":\"ListItem\",\"position\":2,\"name\":\"ImoExpert\",\"item\":\"https:\/\/www.imobiliare.ro\/imoexpert\/\"},{\"@type\":\"ListItem\",\"position\":3,\"name\":\"\u0218tiri\",\"item\":\"https:\/\/www.imobiliare.ro\/imoexpert\/stiri\/\"},{\"@type\":\"ListItem\",\"position\":4,\"name\":\"Colliers: \u201eImpactul COVID-19 asupra economiei \u00een general \u0219i asupra pie\u021bei imobiliare \u00een particular este extrem de incert\u201d\"}]},{\"@type\":\"WebSite\",\"@id\":\"https:\/\/www.imobiliare.ro\/imoexpert\/#website\",\"url\":\"https:\/\/www.imobiliare.ro\/imoexpert\/\",\"name\":\"ImoExpert\",\"description\":\"cele mai importante \u015ftiri din domeniul imobiliar\",\"publisher\":{\"@id\":\"https:\/\/www.imobiliare.ro\/imoexpert\/#organization\"},\"inLanguage\":\"en\"},{\"@type\":\"Organization\",\"@id\":\"https:\/\/www.imobiliare.ro\/imoexpert\/#organization\",\"name\":\"Imobiliare.ro\",\"alternateName\":\"Realmedia Network SA\",\"url\":\"https:\/\/www.imobiliare.ro\/imoexpert\/\",\"logo\":{\"@type\":\"ImageObject\",\"inLanguage\":\"en\",\"@id\":\"https:\/\/www.imobiliare.ro\/imoexpert\/#\/schema\/logo\/image\/\",\"url\":\"https:\/\/www.imobiliare.ro\/imoexpert\/wp-content\/uploads\/2025\/05\/imobiliare_logo.png\",\"contentUrl\":\"https:\/\/www.imobiliare.ro\/imoexpert\/wp-content\/uploads\/2025\/05\/imobiliare_logo.png\",\"width\":237,\"height\":29,\"caption\":\"Imobiliare.ro\"},\"image\":{\"@id\":\"https:\/\/www.imobiliare.ro\/imoexpert\/#\/schema\/logo\/image\/\"}},{\"@type\":\"Person\",\"@id\":\"https:\/\/www.imobiliare.ro\/imoexpert\/#\/schema\/person\/8c13b0297075010b896471fabf0d7790\",\"name\":\"Adriana Dr\u0103gu\u0219in\",\"image\":{\"@type\":\"ImageObject\",\"inLanguage\":\"en\",\"@id\":\"https:\/\/www.imobiliare.ro\/imoexpert\/#\/schema\/person\/image\/\",\"url\":\"https:\/\/secure.gravatar.com\/avatar\/ba4762f7517e50e679ed7f11207102d1150120f2f5800c0da98f8a15305bf514?s=96&d=mm&r=g\",\"contentUrl\":\"https:\/\/secure.gravatar.com\/avatar\/ba4762f7517e50e679ed7f11207102d1150120f2f5800c0da98f8a15305bf514?s=96&d=mm&r=g\",\"caption\":\"Adriana Dr\u0103gu\u0219in\"},\"jobTitle\":\"Editor\",\"url\":\"https:\/\/www.imobiliare.ro\/imoexpert\/author\/adriana-dragusin\/\"}]}<\/script>\n<!-- \/ Yoast SEO Premium plugin. -->","yoast_head_json":{"title":"Colliers: \u201eImpactul COVID-19 asupra economiei \u00een general \u0219i asupra pie\u021bei imobiliare \u00een particular este extrem de incert\u201d - \u0218tiri - ImoExpert","description":"Sectoarele de retail \u0219i de agrement sunt, cel pu\u021bin pe termen scurt, printre cele mai afectate de starea de pandemie. Potrivit unei analize realizate de","robots":{"index":"index","follow":"follow"},"canonical":"https:\/\/www.imobiliare.ro\/imoexpert\/colliers-impactul-covid-19-asupra-economiei-in-general-si-asupra-pietei-imobiliare-in-particular-este-extrem-de-incert_db\/","og_locale":"ro_RO","og_type":"article","og_title":"Colliers: \u201eImpactul COVID-19 asupra economiei \u00een general \u0219i asupra pie\u021bei imobiliare \u00een particular este extrem de incert\u201d","og_description":"Sectoarele de retail \u0219i de agrement sunt, cel pu\u021bin pe termen scurt, printre cele mai afectate de starea de pandemie. Potrivit unei analize realizate de","og_url":"https:\/\/www.imobiliare.ro\/imoexpert\/colliers-impactul-covid-19-asupra-economiei-in-general-si-asupra-pietei-imobiliare-in-particular-este-extrem-de-incert_db\/","og_site_name":"ImoExpert","article_published_time":"2020-03-25T14:18:01+00:00","og_image":[{"width":800,"height":533,"url":"https:\/\/www.imobiliare.ro\/imoexpert\/wp-content\/uploads\/2020\/03\/Colliers-Impactul-COVID-19-asupra-economiei-in-general-si-asupra-pietei-imobiliare-in-particular-este-extrem-de-incert.jpg","type":"image\/jpeg"}],"author":"Adriana Dr\u0103gu\u0219in","twitter_card":"summary_large_image","twitter_misc":{"Written by":"Adriana Dr\u0103gu\u0219in","Est. reading time":"4 minute"},"schema":{"@context":"https:\/\/schema.org","@graph":[{"@type":"Article","@id":"https:\/\/www.imobiliare.ro\/imoexpert\/colliers-impactul-covid-19-asupra-economiei-in-general-si-asupra-pietei-imobiliare-in-particular-este-extrem-de-incert_db\/#article","isPartOf":{"@id":"https:\/\/www.imobiliare.ro\/imoexpert\/colliers-impactul-covid-19-asupra-economiei-in-general-si-asupra-pietei-imobiliare-in-particular-este-extrem-de-incert_db\/"},"author":{"name":"Adriana Dr\u0103gu\u0219in","@id":"https:\/\/www.imobiliare.ro\/imoexpert\/#\/schema\/person\/8c13b0297075010b896471fabf0d7790"},"headline":"Colliers: \u201eImpactul COVID-19 asupra economiei \u00een general \u0219i asupra pie\u021bei imobiliare \u00een particular este extrem de incert\u201d","datePublished":"2020-03-25T14:18:01+00:00","mainEntityOfPage":{"@id":"https:\/\/www.imobiliare.ro\/imoexpert\/colliers-impactul-covid-19-asupra-economiei-in-general-si-asupra-pietei-imobiliare-in-particular-este-extrem-de-incert_db\/"},"wordCount":840,"commentCount":0,"publisher":{"@id":"https:\/\/www.imobiliare.ro\/imoexpert\/#organization"},"image":{"@id":"https:\/\/www.imobiliare.ro\/imoexpert\/colliers-impactul-covid-19-asupra-economiei-in-general-si-asupra-pietei-imobiliare-in-particular-este-extrem-de-incert_db\/#primaryimage"},"thumbnailUrl":"https:\/\/www.imobiliare.ro\/imoexpert\/wp-content\/uploads\/2020\/03\/Colliers-Impactul-COVID-19-asupra-economiei-in-general-si-asupra-pietei-imobiliare-in-particular-este-extrem-de-incert.jpg","keywords":["birouri","Colliers","COVID-19","piata imobiliara","retail"],"articleSection":["\u0218tiri"],"inLanguage":"en","potentialAction":[{"@type":"CommentAction","name":"Comment","target":["https:\/\/www.imobiliare.ro\/imoexpert\/colliers-impactul-covid-19-asupra-economiei-in-general-si-asupra-pietei-imobiliare-in-particular-este-extrem-de-incert_db\/#respond"]}],"copyrightYear":"2020","copyrightHolder":{"@id":"https:\/\/www.imobiliare.ro\/imoexpert\/#organization"}},{"@type":"WebPage","@id":"https:\/\/www.imobiliare.ro\/imoexpert\/colliers-impactul-covid-19-asupra-economiei-in-general-si-asupra-pietei-imobiliare-in-particular-este-extrem-de-incert_db\/","url":"https:\/\/www.imobiliare.ro\/imoexpert\/colliers-impactul-covid-19-asupra-economiei-in-general-si-asupra-pietei-imobiliare-in-particular-este-extrem-de-incert_db\/","name":"Colliers: \u201eImpactul COVID-19 asupra economiei \u00een general \u0219i asupra pie\u021bei imobiliare \u00een particular este extrem de incert\u201d - \u0218tiri - ImoExpert","isPartOf":{"@id":"https:\/\/www.imobiliare.ro\/imoexpert\/#website"},"primaryImageOfPage":{"@id":"https:\/\/www.imobiliare.ro\/imoexpert\/colliers-impactul-covid-19-asupra-economiei-in-general-si-asupra-pietei-imobiliare-in-particular-este-extrem-de-incert_db\/#primaryimage"},"image":{"@id":"https:\/\/www.imobiliare.ro\/imoexpert\/colliers-impactul-covid-19-asupra-economiei-in-general-si-asupra-pietei-imobiliare-in-particular-este-extrem-de-incert_db\/#primaryimage"},"thumbnailUrl":"https:\/\/www.imobiliare.ro\/imoexpert\/wp-content\/uploads\/2020\/03\/Colliers-Impactul-COVID-19-asupra-economiei-in-general-si-asupra-pietei-imobiliare-in-particular-este-extrem-de-incert.jpg","datePublished":"2020-03-25T14:18:01+00:00","description":"Sectoarele de retail \u0219i de agrement sunt, cel pu\u021bin pe termen scurt, printre cele mai afectate de starea de pandemie. Potrivit unei analize realizate de","breadcrumb":{"@id":"https:\/\/www.imobiliare.ro\/imoexpert\/colliers-impactul-covid-19-asupra-economiei-in-general-si-asupra-pietei-imobiliare-in-particular-este-extrem-de-incert_db\/#breadcrumb"},"inLanguage":"en","potentialAction":[{"@type":"ReadAction","target":["https:\/\/www.imobiliare.ro\/imoexpert\/colliers-impactul-covid-19-asupra-economiei-in-general-si-asupra-pietei-imobiliare-in-particular-este-extrem-de-incert_db\/"]}]},{"@type":"ImageObject","inLanguage":"en","@id":"https:\/\/www.imobiliare.ro\/imoexpert\/colliers-impactul-covid-19-asupra-economiei-in-general-si-asupra-pietei-imobiliare-in-particular-este-extrem-de-incert_db\/#primaryimage","url":"https:\/\/www.imobiliare.ro\/imoexpert\/wp-content\/uploads\/2020\/03\/Colliers-Impactul-COVID-19-asupra-economiei-in-general-si-asupra-pietei-imobiliare-in-particular-este-extrem-de-incert.jpg","contentUrl":"https:\/\/www.imobiliare.ro\/imoexpert\/wp-content\/uploads\/2020\/03\/Colliers-Impactul-COVID-19-asupra-economiei-in-general-si-asupra-pietei-imobiliare-in-particular-este-extrem-de-incert.jpg","width":800,"height":533},{"@type":"BreadcrumbList","@id":"https:\/\/www.imobiliare.ro\/imoexpert\/colliers-impactul-covid-19-asupra-economiei-in-general-si-asupra-pietei-imobiliare-in-particular-este-extrem-de-incert_db\/#breadcrumb","itemListElement":[{"@type":"ListItem","position":1,"name":"Imoradar24","item":"https:\/\/www.imoradar24.ro"},{"@type":"ListItem","position":2,"name":"ImoExpert","item":"https:\/\/www.imobiliare.ro\/imoexpert\/"},{"@type":"ListItem","position":3,"name":"\u0218tiri","item":"https:\/\/www.imobiliare.ro\/imoexpert\/stiri\/"},{"@type":"ListItem","position":4,"name":"Colliers: \u201eImpactul COVID-19 asupra economiei \u00een general \u0219i asupra pie\u021bei imobiliare \u00een particular este extrem de incert\u201d"}]},{"@type":"WebSite","@id":"https:\/\/www.imobiliare.ro\/imoexpert\/#website","url":"https:\/\/www.imobiliare.ro\/imoexpert\/","name":"ImoExpert","description":"cele mai importante \u015ftiri din domeniul imobiliar","publisher":{"@id":"https:\/\/www.imobiliare.ro\/imoexpert\/#organization"},"inLanguage":"en"},{"@type":"Organization","@id":"https:\/\/www.imobiliare.ro\/imoexpert\/#organization","name":"Imobiliare.ro","alternateName":"Realmedia Network SA","url":"https:\/\/www.imobiliare.ro\/imoexpert\/","logo":{"@type":"ImageObject","inLanguage":"en","@id":"https:\/\/www.imobiliare.ro\/imoexpert\/#\/schema\/logo\/image\/","url":"https:\/\/www.imobiliare.ro\/imoexpert\/wp-content\/uploads\/2025\/05\/imobiliare_logo.png","contentUrl":"https:\/\/www.imobiliare.ro\/imoexpert\/wp-content\/uploads\/2025\/05\/imobiliare_logo.png","width":237,"height":29,"caption":"Imobiliare.ro"},"image":{"@id":"https:\/\/www.imobiliare.ro\/imoexpert\/#\/schema\/logo\/image\/"}},{"@type":"Person","@id":"https:\/\/www.imobiliare.ro\/imoexpert\/#\/schema\/person\/8c13b0297075010b896471fabf0d7790","name":"Adriana Dr\u0103gu\u0219in","image":{"@type":"ImageObject","inLanguage":"en","@id":"https:\/\/www.imobiliare.ro\/imoexpert\/#\/schema\/person\/image\/","url":"https:\/\/secure.gravatar.com\/avatar\/ba4762f7517e50e679ed7f11207102d1150120f2f5800c0da98f8a15305bf514?s=96&d=mm&r=g","contentUrl":"https:\/\/secure.gravatar.com\/avatar\/ba4762f7517e50e679ed7f11207102d1150120f2f5800c0da98f8a15305bf514?s=96&d=mm&r=g","caption":"Adriana Dr\u0103gu\u0219in"},"jobTitle":"Editor","url":"https:\/\/www.imobiliare.ro\/imoexpert\/author\/adriana-dragusin\/"}]}},"_links":{"self":[{"href":"https:\/\/www.imobiliare.ro\/imoexpert\/wp-json\/wp\/v2\/posts\/58079","targetHints":{"allow":["GET"]}}],"collection":[{"href":"https:\/\/www.imobiliare.ro\/imoexpert\/wp-json\/wp\/v2\/posts"}],"about":[{"href":"https:\/\/www.imobiliare.ro\/imoexpert\/wp-json\/wp\/v2\/types\/post"}],"author":[{"embeddable":true,"href":"https:\/\/www.imobiliare.ro\/imoexpert\/wp-json\/wp\/v2\/users\/829"}],"replies":[{"embeddable":true,"href":"https:\/\/www.imobiliare.ro\/imoexpert\/wp-json\/wp\/v2\/comments?post=58079"}],"version-history":[{"count":0,"href":"https:\/\/www.imobiliare.ro\/imoexpert\/wp-json\/wp\/v2\/posts\/58079\/revisions"}],"wp:featuredmedia":[{"embeddable":true,"href":"https:\/\/www.imobiliare.ro\/imoexpert\/wp-json\/wp\/v2\/media\/58080"}],"wp:attachment":[{"href":"https:\/\/www.imobiliare.ro\/imoexpert\/wp-json\/wp\/v2\/media?parent=58079"}],"wp:term":[{"taxonomy":"category","embeddable":true,"href":"https:\/\/www.imobiliare.ro\/imoexpert\/wp-json\/wp\/v2\/categories?post=58079"},{"taxonomy":"post_tag","embeddable":true,"href":"https:\/\/www.imobiliare.ro\/imoexpert\/wp-json\/wp\/v2\/tags?post=58079"},{"taxonomy":"content_author","embeddable":true,"href":"https:\/\/www.imobiliare.ro\/imoexpert\/wp-json\/wp\/v2\/content_author?post=58079"}],"curies":[{"name":"wp","href":"https:\/\/api.w.org\/{rel}","templated":true}]}}